{"id":22816,"date":"2024-01-19T09:00:00","date_gmt":"2024-01-19T08:00:00","guid":{"rendered":"https:\/\/www.movistar.es\/blog\/?p=22816"},"modified":"2024-01-26T13:31:42","modified_gmt":"2024-01-26T12:31:42","slug":"historias-telefonica-distrito-telefonica","status":"publish","type":"post","link":"https:\/\/www.movistar.es\/blog\/home\/historias-telefonica-distrito-telefonica\/","title":{"rendered":"Historias de Telef\u00f3nica: Distrito Telef\u00f3nica"},"content":{"rendered":"\n<p>En nuestro #Histor\u00edasDeTelef\u00f3nica de este mes, te contamos c\u00f3mo fue el proyecto de Distrito Telef\u00f3nica, la Sede de la compa\u00f1\u00eda en Las Tablas de Madrid, conocida como Distrito T.&nbsp;<\/p>\n\n\n\n<p>\u00bfSab\u00edas que uno de los proyectos descartados para esta sede&nbsp;consist\u00eda en un rascacielos de 350m de altura que hubiera superado en 100 metros a las Cuatro Torres de Castellana? A continuaci\u00f3n de contamos como se lleg\u00f3 al proyecto actual de nuestra sede en Madrid.&nbsp;<\/p>\n\n\n\n<h2 class=\"wp-block-heading\" id=\"h-que-es-distrito-telefonica\"><strong>\u00bfQu\u00e9 es Distrito Telef\u00f3nica?<\/strong><strong><\/strong><\/h2>\n\n\n\n<p><a href=\"https:\/\/hub.telefonica.com\/sobre-distrito\" target=\"_blank\" rel=\"noreferrer noopener\">Distrito Telef\u00f3nica<\/a> es la sede espa\u00f1ola de Telef\u00f3nica, S.A. Se encuentra en el barrio madrile\u00f1o de Las Tablas, accesible desde la A-1&nbsp;y la ronda de circunvalaci\u00f3n M-40.<\/p>\n\n\n\n<p>El proyecto, para centralizar todas las oficinas y empleados de la empresa, comenz\u00f3 a gestarse a finales de los 90. El objetivo era reunir en un solo lugar todos los recursos de la compa\u00f1\u00eda, para garantizar ahorros en la estructura de su gesti\u00f3n.<\/p>\n\n\n\n<p>El proyecto de Distrito Telef\u00f3nica fue dise\u00f1ado por el arquitecto <strong>Rafael de La-Hoz Castanys<\/strong>, quien se inspir\u00f3 en la idea de un \u00abpueblo global\u00bb.<\/p>\n\n\n\n<h2 class=\"wp-block-heading\" class=\"wp-block-heading\" id=\"el-contexto-historico-a-finales-de-los-90\"><strong>El contexto hist\u00f3rico a finales de los 90<\/strong><strong><\/strong><\/h2>\n\n\n\n<p>A finales de los noventa, Telef\u00f3nica contaba con unos 16 millones de clientes de red fija (RTB) y 9 millones en el negocio de telefon\u00eda m\u00f3vil bajo las marcas comerciales <a href=\"https:\/\/www.movistar.es\/blog\/home\/historias-telefonica-moviline\/\" target=\"_blank\" rel=\"noreferrer noopener\">Moviline<\/a> y Movistar.<\/p>\n\n\n\n<p>La empresa\u00a0contaba,por aquel entonces, con cerca de<strong> 60.000 empleados repartidos por decenas de edificios a lo largo de Espa\u00f1a<\/strong>.\u00a0Y su sede central, situada en el hist\u00f3rico edificio de Gran V\u00eda 28, donde trabajaban casi 2.000 empleados.\u00a0<\/p>\n\n\n\n<p>Bajo la presidencia de Juan Villalonga, el grupo viv\u00eda un proceso de expansi\u00f3n geogr\u00e1fica y del negocio, con operaciones como la adquisici\u00f3n de la telef\u00f3nica de S\u00e3o Paulo o la compra de la productora audiovisual Endemol.<\/p>\n\n\n\n<p>En una situaci\u00f3n, de recalentamiento de la econom\u00eda del sector de telecomunicaciones, se tom\u00f3 la decisi\u00f3n de trasladar la sede hist\u00f3rica de Gran V\u00eda, a un nuevo emplazamiento en el norte de Madrid.<\/p>\n\n\n\n<p>El anuario de la empresa correspondiente al a\u00f1o 1999, ya indicaba que el desarrollo de la Ciudad de las Comunicaciones, se encontraba en fase de redacci\u00f3n de proyecto de arquitectura.<\/p>\n\n\n\n<p>Dentro de este contexto, se fragu\u00f3 la idea de construir una sede que representara la metamorfosis Telef\u00f3nica. La operaci\u00f3n dio comienzo a finales de 1998, con la <a href=\"https:\/\/www.elmundo.es\/papel\/hemeroteca\/1998\/12\/11\/index.html\" target=\"_blank\" rel=\"noreferrer noopener\">compra del solar al Ayuntamiento de Madrid<\/a>. Su nombre original era&nbsp;<strong>\u201cCiudad de las Comunicaciones\u201d<\/strong>&nbsp;y posteriormente, se llam\u00f3 durante muchos a\u00f1os Distrito C.<\/p>\n\n\n\n<p>Con dicho objetivo, Telef\u00f3nica convoc\u00f3 un concurso de ideas restringido.<\/p>\n\n\n\n<h2 class=\"wp-block-heading\" class=\"wp-block-heading\" id=\"los-proyectos-presentados-lo-que-podria-haber-sido\"><strong>Los proyectos presentados, lo que podr\u00eda haber sido<\/strong><\/h2>\n\n\n\n<p>En 1998, Telef\u00f3nica lanz\u00f3 el concurso internacional de arquitectura para la construcci\u00f3n de la nueva sede en Las Tablas, Madrid. Este, cont\u00f3 con la participaci\u00f3n de 104 estudios de arquitectura de todo el mundo. Y ten\u00eda como objetivo, seleccionar un proyecto que reflejara la visi\u00f3n de Telef\u00f3nica para el futuro de las telecomunicaciones.<\/p>\n\n\n\n<p>En abril de 1999 se curs\u00f3 invitaci\u00f3n a diez estudios espa\u00f1oles. De los cuales presentaron proyectos arquitectos como: Antonio Lamela, Ricardo Bofill, Alberto Campo Baeza, Rafael de la-Hoz Castanys, Francisco J. S\u00e1enz de O\u00edza, Javier Carvajal, Juan Navarro Baldeweg, Jer\u00f3nimo Junquera y Miguel Oriol.&nbsp;<\/p>\n\n\n\n<p>Santiago Calatrava no lleg\u00f3 a entregar propuesta y Rafael Moneo declin\u00f3 participar por problemas de agenda.<\/p>\n\n\n\n<p>Los proyectos presentados al concurso fueron muy variados, tanto en su forma como en su contenido. Algunos se centraron en la innovaci\u00f3n tecnol\u00f3gica, proponiendo edificios inteligentes y sostenibles. Otros, en la creaci\u00f3n de un entorno urbano activo y vibrante.<\/p>\n\n\n\n<p>En el jurado, adem\u00e1s de representantes de Telef\u00f3nica y de las Administraciones P\u00fablicas, estuvieron Sverre Fehn y Peter Zumthor.<\/p>\n\n\n\n<p>Los tres primeros premios fueron&nbsp;conseguidos por los proyectos de Antonio y Carlos Lamela, Alberto Campo Baeza y Rafael de la Hoz Castanys.<\/p>\n\n\n\n<p>Entre los no seleccionados, se encontraban proyectos que, curiosamente, su propuesta ven\u00eda en forma de rascacielos de alturas enormes:&nbsp;<\/p>\n\n\n\n<h3 class=\"wp-block-heading\" id=\"h-javier-carvajal\"><strong>Javier Carvajal<\/strong><\/h3>\n\n\n\n<p><strong>La propuesta de Javier Carvajal<\/strong>&nbsp;consist\u00eda en una Torre&nbsp;de planta pareada para aumentar, en su dise\u00f1o, la inercia del conjunto, y unidas sus dos piezas, por las plantas puente que tendr\u00edan que albergar las instalaciones comunes necesarias, y los programas funcionales que lo exigieran. Situado en la base de la Torre, se proyectaban tres auditorios de vol\u00famenes cil\u00edndricos.<\/p>\n\n\n\n<figure class=\"wp-block-image aligncenter size-full is-resized\"><img loading=\"lazy\" decoding=\"async\" src=\"https:\/\/www.movistar.es\/blog\/wp-content\/uploads\/sites\/3\/2024\/01\/Distrito-T-Javier-Carvajal.png\" alt=\"Distrito telefonica Javier Carvajal\" class=\"wp-image-22822\" width=\"314\" height=\"378\" srcset=\"https:\/\/www.movistar.es\/blog\/wp-content\/uploads\/sites\/3\/2024\/01\/Distrito-T-Javier-Carvajal.png 332w, https:\/\/www.movistar.es\/blog\/wp-content\/uploads\/sites\/3\/2024\/01\/Distrito-T-Javier-Carvajal.png?resize=249,300 249w\" sizes=\"auto, (max-width: 314px) 100vw, 314px\" \/><\/figure>\n\n\n\n<h3 class=\"wp-block-heading\" id=\"h-alberto-campo-baeza\"><strong>Alberto Campo Baeza<\/strong><\/h3>\n\n\n\n<p>El&nbsp;proyecto de<strong> Alberto Campo Baeza<\/strong>&nbsp;tambi\u00e9n era un rascacielos de dimensiones grandiosas.&nbsp;<strong>Con 350 metros de altura, habr\u00eda superado en 100 a las Cuatro Torres<\/strong>&nbsp;de la Castellana, contribuyendo a reforzar el nuevo skyline de la capital por su proximidad a ese complejo que es de gestaci\u00f3n posterior.&nbsp;<\/p>\n\n\n\n<p>La torre constaba de seis cuerpos, de doce plantas cada uno, encajados en el gran paralelep\u00edpedo estructural exterior. Un s\u00e9ptimo cuerpo destinado a la direcci\u00f3n coronaba el conjunto, y sobre \u00e9l se alzaba una gran antena.<\/p>\n\n\n\n<figure class=\"wp-block-image aligncenter size-full\"><img loading=\"lazy\" decoding=\"async\" width=\"332\" height=\"400\" src=\"https:\/\/www.movistar.es\/blog\/wp-content\/uploads\/sites\/3\/2024\/01\/Distrito-T-Alberto-Campo-Baeza.png\" alt=\"Distrito telefonica Alberto Campo\" class=\"wp-image-22824\" srcset=\"https:\/\/www.movistar.es\/blog\/wp-content\/uploads\/sites\/3\/2024\/01\/Distrito-T-Alberto-Campo-Baeza.png 332w, https:\/\/www.movistar.es\/blog\/wp-content\/uploads\/sites\/3\/2024\/01\/Distrito-T-Alberto-Campo-Baeza.png?resize=249,300 249w\" sizes=\"auto, (max-width: 332px) 100vw, 332px\" \/><\/figure>\n\n\n\n<h3 class=\"wp-block-heading\" id=\"h-ricardo-bofill\"><strong>Ricardo Bofill<\/strong><\/h3>\n\n\n\n<p>El&nbsp;<strong>proyecto de Ricardo Bofill<\/strong>&nbsp;consist\u00eda, como en los dos anteriores, en una torre de m\u00e1s de 300 metros&nbsp;<strong>y 57 plantas<\/strong>, conformando una T invertida, marca de la compa\u00f1\u00eda.<\/p>\n\n\n\n<p>Bofill ide\u00f3 una torre de cristal y una estructura horizontal (o calle tecnol\u00f3gica), donde ubicar&nbsp;<strong>dos edificios complementarios<\/strong>&nbsp;con forma de cubo y&nbsp;<em>rat\u00f3n<\/em>, dispuestos sobre un jard\u00edn.<\/p>\n\n\n\n<p>La torre, con espacios flexibles y adaptables a los futuros cambios organizativos, estaba dise\u00f1ada para acoger la oficina en s\u00ed, con despachos individuales, para equipos, salas de reuni\u00f3n, \u00e1reas de formaci\u00f3n&#8230; Y el&nbsp;<em>rat\u00f3n<\/em>&nbsp;y el cubo albergaban un restaurante y una cafeter\u00eda, una sala de prensa, un auditorio, salas m\u00faltiples, un hotel residencia, una cl\u00ednica asistencial, una sala UVI, una piscina, un gimnasio o espacio para exposiciones temporales.<\/p>\n\n\n\n<figure class=\"wp-block-image aligncenter size-large\"><img loading=\"lazy\" decoding=\"async\" height=\"640\" width=\"1024\" src=\"https:\/\/www.movistar.es\/blog\/wp-content\/uploads\/sites\/3\/2024\/01\/Distrito-Telefonica-Ricardo-Bofill_b38444.png?w=1024\" alt=\"Distrito telefonica Ricardo Bifill\" class=\"wp-image-22826\" srcset=\"https:\/\/www.movistar.es\/blog\/wp-content\/uploads\/sites\/3\/2024\/01\/Distrito-Telefonica-Ricardo-Bofill_b38444.png 1040w, https:\/\/www.movistar.es\/blog\/wp-content\/uploads\/sites\/3\/2024\/01\/Distrito-Telefonica-Ricardo-Bofill_b38444.png?resize=300,188 300w, https:\/\/www.movistar.es\/blog\/wp-content\/uploads\/sites\/3\/2024\/01\/Distrito-Telefonica-Ricardo-Bofill_b38444.png?resize=768,480 768w, https:\/\/www.movistar.es\/blog\/wp-content\/uploads\/sites\/3\/2024\/01\/Distrito-Telefonica-Ricardo-Bofill_b38444.png?resize=1024,640 1024w\" sizes=\"auto, (max-width: 1024px) 100vw, 1024px\" \/><\/figure>\n\n\n\n<h3 class=\"wp-block-heading\" id=\"h-jeronimo-junquera\"><strong>Jer\u00f3nimo Junquera<\/strong><\/h3>\n\n\n\n<p>Por su parte, el estudio del arquitecto&nbsp;<strong>Jer\u00f3nimo Junquera <\/strong>que previamente hab\u00eda colaborado&nbsp;con Telefonica proyectando dos centrales, en Cuenca y M\u00e9rida (Badajoz), present\u00f3 un proyecto consistente en una superficie de&nbsp;200.000m2 construida.<\/p>\n\n\n\n<p>Con su propuesta, quer\u00edan transmitir hacia el exterior la imagen de una corporaci\u00f3n compacta, s\u00f3lida, unitaria, formalizada en nuestras ciudades mediterr\u00e1neas.<\/p>\n\n\n\n<p>Se presentaban recintos cerrados al exterior y abiertos al interior en los que el sonido del agua en fuentes y estanques, el \u00e1rbol, y el arbusto arom\u00e1tico recordaran a La Alhambra que sirvi\u00f3 de inspiraci\u00f3n.&nbsp;<\/p>\n\n\n\n<p>En su proyecto ten\u00eda calles interiores, patios, plazas, \u00e1reas de trabajo y \u00e1reas de descanso\u2026 enhebradas por un gran jard\u00edn que, a modo de alfombra vegetal continua, introducir\u00eda la ambig\u00fcedad en los l\u00edmites de los espacios interiores y exteriores.<\/p>\n\n\n\n<p>El jard\u00edn, sus calles y sus edificios se envolv\u00edan con una piel, ret\u00edcula de piedra y vidrio, que proteg\u00eda la Ciudad y que produc\u00eda emocionantes contrastes de luces y sombras.<\/p>\n\n\n\n<figure class=\"wp-block-image size-large\"><img loading=\"lazy\" decoding=\"async\" height=\"640\" width=\"1024\" src=\"https:\/\/www.movistar.es\/blog\/wp-content\/uploads\/sites\/3\/2024\/01\/Distrito-T-Distrito-T-Jeronimo-Junquera.png?w=1024\" alt=\"Distrito telefonica Joaquin Junquera\" class=\"wp-image-22827\" srcset=\"https:\/\/www.movistar.es\/blog\/wp-content\/uploads\/sites\/3\/2024\/01\/Distrito-T-Distrito-T-Jeronimo-Junquera.png 1040w, https:\/\/www.movistar.es\/blog\/wp-content\/uploads\/sites\/3\/2024\/01\/Distrito-T-Distrito-T-Jeronimo-Junquera.png?resize=300,188 300w, https:\/\/www.movistar.es\/blog\/wp-content\/uploads\/sites\/3\/2024\/01\/Distrito-T-Distrito-T-Jeronimo-Junquera.png?resize=768,480 768w, https:\/\/www.movistar.es\/blog\/wp-content\/uploads\/sites\/3\/2024\/01\/Distrito-T-Distrito-T-Jeronimo-Junquera.png?resize=1024,640 1024w\" sizes=\"auto, (max-width: 1024px) 100vw, 1024px\" \/><\/figure>\n\n\n\n<h3 class=\"wp-block-heading\" id=\"h-miguel-orio\"><strong>Miguel Orio<\/strong><\/h3>\n\n\n\n<p>Otro proyecto descartado fue el&nbsp;del estudio de <strong>Miguel Orio<\/strong>, quienes dise\u00f1aron la&nbsp;<strong>Torre Europa, <\/strong>en el&nbsp;Paseo de la Castellana de Madrid.<\/p>\n\n\n\n<p>Su propuesta se concretaba un dise\u00f1o bastante funcional, y en parte, parecido al que result\u00f3 finalmente ganador de Rafael de la Hoz. Planteaba edificios de 4 plantas de altura, con parking subterr\u00e1neo y zonas verdes entres los mismos.<\/p>\n\n\n\n<p>Los edificios se encontraban conectados entre s\u00ed, de manera perimetral e interna, dejando espacios interiores usados para jardines y zonas verdes.<\/p>\n\n\n\n<figure class=\"wp-block-image aligncenter size-full\"><img loading=\"lazy\" decoding=\"async\" width=\"332\" height=\"400\" src=\"https:\/\/www.movistar.es\/blog\/wp-content\/uploads\/sites\/3\/2024\/01\/Distrito-T-Miguel-Orio.png\" alt=\"Distrito telefonica Miguel Orio\" class=\"wp-image-22828\" srcset=\"https:\/\/www.movistar.es\/blog\/wp-content\/uploads\/sites\/3\/2024\/01\/Distrito-T-Miguel-Orio.png 332w, https:\/\/www.movistar.es\/blog\/wp-content\/uploads\/sites\/3\/2024\/01\/Distrito-T-Miguel-Orio.png?resize=249,300 249w\" sizes=\"auto, (max-width: 332px) 100vw, 332px\" \/><\/figure>\n\n\n\n<h3 class=\"wp-block-heading\" id=\"h-estudio-lamela\"><strong>Estudio Lamela<\/strong><\/h3>\n\n\n\n<p>El proyecto triunfador, en un primer momento, fue el del<strong> estudio Lamela<\/strong>, un grande de la arquitectura madrile\u00f1a. A su favor jugaba su experiencia contrastada en proyectos de gran envergadura. Desde el alarde t\u00e9cnico de las Torres de Col\u00f3n (Torres de Jerez en su origen, 1967-1976), a la ampliaci\u00f3n del Estadio Santiago Bernabeu en 1988 (habr\u00eda otra posterior en 2003). O la nueva terminal del Aeropuerto de Madrid-Barajas. <\/p>\n\n\n\n<p>La propuesta para Telef\u00f3nica era una espectacular edificaci\u00f3n sobre pilares, sobre casi dos kil\u00f3metros de longitud, que se enroscaba sobre s\u00ed misma.<\/p>\n\n\n\n<figure class=\"wp-block-image size-large\"><img loading=\"lazy\" decoding=\"async\" height=\"640\" width=\"1024\" src=\"https:\/\/www.movistar.es\/blog\/wp-content\/uploads\/sites\/3\/2024\/01\/Distrito-T-Lamela.png?w=1024\" alt=\"Distrito telefonica Lamela\" class=\"wp-image-22829\" srcset=\"https:\/\/www.movistar.es\/blog\/wp-content\/uploads\/sites\/3\/2024\/01\/Distrito-T-Lamela.png 1040w, https:\/\/www.movistar.es\/blog\/wp-content\/uploads\/sites\/3\/2024\/01\/Distrito-T-Lamela.png?resize=300,188 300w, https:\/\/www.movistar.es\/blog\/wp-content\/uploads\/sites\/3\/2024\/01\/Distrito-T-Lamela.png?resize=768,480 768w, https:\/\/www.movistar.es\/blog\/wp-content\/uploads\/sites\/3\/2024\/01\/Distrito-T-Lamela.png?resize=1024,640 1024w\" sizes=\"auto, (max-width: 1024px) 100vw, 1024px\" \/><\/figure>\n\n\n\n<h3 class=\"wp-block-heading\" id=\"h-rafael-de-la-hoz\"><strong>Rafael de La-Hoz<\/strong><\/h3>\n\n\n\n<p>Por \u00faltimo, el proyecto de<strong> Rafael de La-Hoz <\/strong>era&nbsp;un complejo de edificios conectados entre s\u00ed, por un sistema de pasarelas y puentes. El proyecto se inspir\u00f3 en la idea de un \u00abpueblo global\u00bb, donde las personas y las ideas pudieran fluir libremente.<\/p>\n\n\n\n<p>Su proyecto&nbsp;contaba con un complejo de 22 edificios en torno a un espacio abierto y flexible. Con un sistema de control automatizado y tecnolog\u00edas de eficiencia energ\u00e9tica.<\/p>\n\n\n\n<p>El complejo presentaba zonas de ocio y entretenimiento, que lo convert\u00edan en un espacio atractivo para los empleados y para la comunidad.<\/p>\n\n\n\n<p>El proyecto de La-Hoz era un ejemplo de c\u00f3mo la arquitectura pod\u00eda contribuir a la creaci\u00f3n de espacios de trabajo innovadores y sostenibles.<\/p>\n\n\n\n<p>En un primer momento,&nbsp;el proyecto ganador result\u00f3 ser el del <a href=\"https:\/\/elpais.com\/diario\/1999\/11\/20\/cultura\/943052404_850215.html\">estudio Lamela<\/a>, pero debido a cambios en la presidencia y el complicado entorno econ\u00f3mico (crisis de las puntocom), se decidi\u00f3 repensar el proyecto.&nbsp;<\/p>\n\n\n\n<p>El 30 de mayo de 2001 Telef\u00f3nica public\u00f3 una nota oficial informando de la adopci\u00f3n de un \u201cnuevo dise\u00f1o\u201d. La Junta de Accionistas, convocada para el d\u00eda 15 de junio, estaba muy cercana.&nbsp;El contrato con el estudio Lamela se resolvi\u00f3 de manera amistosa en el aspecto econ\u00f3mico.<\/p>\n\n\n\n<p>El jurado del nuevo concurso, presidido por el arquitecto espa\u00f1ol Rafael Moneo, eligi\u00f3 el proyecto de Rafael de La-Hoz como ganador. El cual fue elogiado por su originalidad, su sostenibilidad y capacidad para crear un entorno urbano din\u00e1mico y flexible.<\/p>\n\n\n\n<p>La construcci\u00f3n de la nueva sede de Telef\u00f3nica en Las Tablas comenz\u00f3 en 2003 y finaliz\u00f3 en 2006. El complejo, conocido como Distrito Telef\u00f3nica, es hoy en d\u00eda uno de los espacios de trabajo m\u00e1s innovadores y sostenibles de Espa\u00f1a.<\/p>\n\n\n\n<h2 class=\"wp-block-heading\" class=\"wp-block-heading\" id=\"la-estacion-de-metro-de-ronda-de-la-comunicacion\"><strong>La estaci\u00f3n de Metro de Ronda de la Comunicaci\u00f3n<\/strong><strong><\/strong><\/h2>\n\n\n\n<p>La estaci\u00f3n de Ronda de la Comunicaci\u00f3n es una de las m\u00e1s recientes de la l\u00ednea 10 del metro de Madrid. Fue inaugurada el 26 de marzo de 2007, junto con otras cuatro estaciones de la misma l\u00ednea, como parte del proyecto MetroNorte.<\/p>\n\n\n\n<p>La construcci\u00f3n de la estaci\u00f3n fue financiada por Telef\u00f3nica, de hecho, el nombre de la estaci\u00f3n hace referencia a este distrito.<\/p>\n\n\n\n<p>La estaci\u00f3n se encuentra a 40 metros de profundidad. El vest\u00edbulo, al que se accede desde la Calle Maestro Mateo,&nbsp;est\u00e1 decorado con un mural de 400 metros cuadrados, obra del artista Aitor Ortiz. El mural representa im\u00e1genes de los edificios del Distrito Telef\u00f3nica, as\u00ed como de la ciudad de Madrid.<\/p>\n\n\n\n<figure class=\"wp-block-image size-large\"><img loading=\"lazy\" decoding=\"async\" height=\"640\" width=\"1024\" src=\"https:\/\/www.movistar.es\/blog\/wp-content\/uploads\/sites\/3\/2024\/01\/metro-ronda-de-la-comunicacion.png?w=1024\" alt=\"metro ronda de la comunicacion\" class=\"wp-image-22830\" srcset=\"https:\/\/www.movistar.es\/blog\/wp-content\/uploads\/sites\/3\/2024\/01\/metro-ronda-de-la-comunicacion.png 1040w, https:\/\/www.movistar.es\/blog\/wp-content\/uploads\/sites\/3\/2024\/01\/metro-ronda-de-la-comunicacion.png?resize=300,188 300w, https:\/\/www.movistar.es\/blog\/wp-content\/uploads\/sites\/3\/2024\/01\/metro-ronda-de-la-comunicacion.png?resize=768,480 768w, https:\/\/www.movistar.es\/blog\/wp-content\/uploads\/sites\/3\/2024\/01\/metro-ronda-de-la-comunicacion.png?resize=1024,640 1024w\" sizes=\"auto, (max-width: 1024px) 100vw, 1024px\" \/><\/figure>\n\n\n\n<p>La estaci\u00f3n de Ronda de la Comunicaci\u00f3n ha supuesto un hito en la historia del Metro de Madrid, ya que es la primera estaci\u00f3n construida en colaboraci\u00f3n con una empresa privada. Adem\u00e1s, contribuy\u00f3 a mejorar la conectividad del Distrito Telef\u00f3nica, donde diariamente trabajan miles de personas, con el resto de la ciudad.<\/p>\n\n\n\n<p>Seg\u00fan los datos de Metro de Madrid, la estaci\u00f3n de Ronda de la Comunicaci\u00f3n registr\u00f3 un total de 14,8 millones de viajeros en 2022. Esto supone un aumento del 6,5% respecto al a\u00f1o anterior.<\/p>\n\n\n\n<p>La estaci\u00f3n es la 24\u00aa m\u00e1s transitada de la red de Metro de Madrid, y la 10\u00aa m\u00e1s transitada de la l\u00ednea 10. El 70% de los viajeros son usuarios habituales, mientras que el 30% son viajeros ocasionales.<\/p>\n\n\n\n<h2 class=\"wp-block-heading\" class=\"wp-block-heading\" id=\"distrito-telefonica-hoy-sede-de-la-innovacion-y-el-talento\"><strong>Distrito Telef\u00f3nica Hoy: Sede de la innovaci\u00f3n y el talento<\/strong><strong><\/strong><\/h2>\n\n\n\n<p>En la actualidad, Distrito Telef\u00f3nica, tras casi 20 a\u00f1os de historia, es un importante centro de innovaci\u00f3n y desarrollo tecnol\u00f3gico.<\/p>\n\n\n\n<figure class=\"wp-block-image size-large\"><img loading=\"lazy\" decoding=\"async\" height=\"416\" width=\"1024\" src=\"https:\/\/www.movistar.es\/blog\/wp-content\/uploads\/sites\/3\/2024\/01\/universitas-telefonica.png?w=1024\" alt=\"Universitas telefonica\" class=\"wp-image-22831\" srcset=\"https:\/\/www.movistar.es\/blog\/wp-content\/uploads\/sites\/3\/2024\/01\/universitas-telefonica.png 1040w, https:\/\/www.movistar.es\/blog\/wp-content\/uploads\/sites\/3\/2024\/01\/universitas-telefonica.png?resize=300,122 300w, https:\/\/www.movistar.es\/blog\/wp-content\/uploads\/sites\/3\/2024\/01\/universitas-telefonica.png?resize=768,312 768w, https:\/\/www.movistar.es\/blog\/wp-content\/uploads\/sites\/3\/2024\/01\/universitas-telefonica.png?resize=1024,416 1024w\" sizes=\"auto, (max-width: 1024px) 100vw, 1024px\" \/><\/figure>\n\n\n\n<p>La empresa cuenta con un hub de innovaci\u00f3n, en el que se desarrollan nuevas soluciones en materia de 5G, IoT, edge computing, inteligencia artificial, realidad virtual y aumentada, TV, etc.<\/p>\n\n\n\n<p>El hub est\u00e1 abierto a empresas externas, lo que lo convierte en un espacio de colaboraci\u00f3n y cocreaci\u00f3n.<\/p>\n\n\n\n<p>Distrito Telef\u00f3nica tambi\u00e9n es un importante foco de atracci\u00f3n de talento. La compa\u00f1\u00eda ofrece a sus empleados un entorno de trabajo moderno y flexible, que fomenta la innovaci\u00f3n y el desarrollo profesional.<\/p>\n\n\n\n<p>Distrito Telef\u00f3nica es as\u00ed mismo un referente de la arquitectura sostenible, ya que el complejo cuenta con un sistema de energ\u00eda solar fotovoltaica, que genera el 25% de su consumo energ\u00e9tico. Adem\u00e1s, utiliza materiales de construcci\u00f3n reciclados y cuenta con un sistema de gesti\u00f3n de residuos.<\/p>\n\n\n\n<p>El complejo tambi\u00e9n es un espacio abierto a la comunidad con un centro comercial que alberga una amplia oferta de tiendas, restaurantes y servicios, y el parque central es un lugar ideal para pasear, relajarse o hacer deporte.<\/p>\n\n\n\n<p>Distrito Telef\u00f3nica es, en resumen, un&nbsp;<strong>s\u00edmbolo del compromiso de Telef\u00f3nica con la innovaci\u00f3n y el talento<\/strong>.&nbsp;Un espacio din\u00e1mico y sostenible que impulsa la transformaci\u00f3n digital de la sociedad.<\/p>\n","protected":false},"excerpt":{"rendered":"<p>En nuestro #Histor\u00edasDeTelef\u00f3nica de este mes, te contamos c\u00f3mo fue el proyecto de Distrito Telef\u00f3nica, la Sede de la compa\u00f1\u00eda en Las Tablas de Madrid, conocida como Distrito T.&nbsp; \u00bfSab\u00edas que uno de los proyectos [&hellip;]<\/p>\n","protected":false},"author":202,"featured_media":22820,"comment_status":"closed","ping_status":"closed","sticky":false,"template":"","format":"standard","meta":{"site-sidebar-layout":"default","site-content-layout":"","ast-site-content-layout":"","site-content-style":"default","site-sidebar-style":"default","ast-global-header-display":"","ast-banner-title-visibility":"","ast-main-header-display":"","ast-hfb-above-header-display":"","ast-hfb-below-header-display":"","ast-hfb-mobile-header-display":"","site-post-title":"","ast-breadcrumbs-content":"","ast-featured-img":"","footer-sml-layout":"","theme-transparent-header-meta":"","adv-header-id-meta":"","stick-header-meta":"","header-above-stick-meta":"","header-main-stick-meta":"","header-below-stick-meta":"","astra-migrate-meta-layouts":"default","ast-page-background-enabled":"default","ast-page-background-meta":{"desktop":{"background-color":"var(--ast-global-color-4)","background-image":"","background-repeat":"repeat","background-position":"center center","background-size":"auto","background-attachment":"scroll","background-type":"","background-media":"","overlay-type":"","overlay-color":"","overlay-opacity":"","overlay-gradient":""},"tablet":{"background-color":"","background-image":"","background-repeat":"repeat","background-position":"center center","background-size":"auto","background-attachment":"scroll","background-type":"","background-media":"","overlay-type":"","overlay-color":"","overlay-opacity":"","overlay-gradient":""},"mobile":{"background-color":"","background-image":"","background-repeat":"repeat","background-position":"center center","background-size":"auto","background-attachment":"scroll","background-type":"","background-media":"","overlay-type":"","overlay-color":"","overlay-opacity":"","overlay-gradient":""}},"ast-content-background-meta":{"desktop":{"background-color":"var(--ast-global-color-5)","background-image":"","background-repeat":"repeat","background-position":"center center","background-size":"auto","background-attachment":"scroll","background-type":"","background-media":"","overlay-type":"","overlay-color":"","overlay-opacity":"","overlay-gradient":""},"tablet":{"background-color":"var(--ast-global-color-5)","background-image":"","background-repeat":"repeat","background-position":"center center","background-size":"auto","background-attachment":"scroll","background-type":"","background-media":"","overlay-type":"","overlay-color":"","overlay-opacity":"","overlay-gradient":""},"mobile":{"background-color":"var(--ast-global-color-5)","background-image":"","background-repeat":"repeat","background-position":"center center","background-size":"auto","background-attachment":"scroll","background-type":"","background-media":"","overlay-type":"","overlay-color":"","overlay-opacity":"","overlay-gradient":""}},"_jetpack_memberships_contains_paid_content":false,"footnotes":""},"categories":[1],"tags":[],"area":[190],"cluster":[8],"linea_editorial":[],"coauthors":[579],"class_list":["post-22816","post","type-post","status-publish","format-standard","has-post-thumbnail","hentry","category-sin-categoria","area-content-movistar","cluster-home"],"yoast_head":"<!-- This site is optimized with the Yoast SEO Premium plugin v25.5 (Yoast SEO v25.5) - https:\/\/yoast.com\/wordpress\/plugins\/seo\/ -->\n<title>Historias de Telef\u00f3nica: Distrito Telef\u00f3nica - Movistar blog<\/title>\n<meta name=\"description\" content=\"Te contamos c\u00f3mo fue el proyecto de Distrito Telef\u00f3nica, la Sede de la compa\u00f1\u00eda en Las Tablas de Madrid, conocida como Distrito T\" \/>\n<meta name=\"robots\" content=\"index, follow, max-snippet:-1, max-image-preview:large, max-video-preview:-1\" \/>\n<link rel=\"canonical\" href=\"https:\/\/www.movistar.es\/blog\/home\/historias-telefonica-distrito-telefonica\/\" \/>\n<meta property=\"og:locale\" content=\"es_ES\" \/>\n<meta property=\"og:type\" content=\"article\" \/>\n<meta property=\"og:title\" content=\"Historias de Telef\u00f3nica: Distrito Telef\u00f3nica\" \/>\n<meta property=\"og:description\" content=\"Te contamos c\u00f3mo fue el proyecto de Distrito Telef\u00f3nica, la Sede de la compa\u00f1\u00eda en Las Tablas de Madrid, conocida como Distrito T\" \/>\n<meta property=\"og:url\" content=\"https:\/\/www.movistar.es\/blog\/home\/historias-telefonica-distrito-telefonica\/\" \/>\n<meta property=\"og:site_name\" content=\"Movistar blog\" \/>\n<meta property=\"article:published_time\" content=\"2024-01-19T08:00:00+00:00\" \/>\n<meta property=\"article:modified_time\" content=\"2024-01-26T12:31:42+00:00\" \/>\n<meta property=\"og:image\" content=\"https:\/\/www.movistar.es\/blog\/wp-content\/uploads\/sites\/3\/2024\/01\/Distrito-Telefonica.png\" \/>\n\t<meta property=\"og:image:width\" content=\"1040\" \/>\n\t<meta property=\"og:image:height\" content=\"400\" \/>\n\t<meta property=\"og:image:type\" content=\"image\/png\" \/>\n<meta name=\"author\" content=\"Emilio Rodr\u00edguez\" \/>\n<meta name=\"twitter:card\" content=\"summary_large_image\" \/>\n<meta name=\"twitter:label1\" content=\"Written by\" \/>\n\t<meta name=\"twitter:data1\" content=\"Emilio Rodr\u00edguez\" \/>\n\t<meta name=\"twitter:label2\" content=\"Est. reading time\" \/>\n\t<meta name=\"twitter:data2\" content=\"11 minutos\" \/>\n<script type=\"application\/ld+json\" class=\"yoast-schema-graph\">{\"@context\":\"https:\/\/schema.org\",\"@graph\":[{\"@type\":\"Article\",\"@id\":\"https:\/\/www.movistar.es\/blog\/home\/historias-telefonica-distrito-telefonica\/#article\",\"isPartOf\":{\"@id\":\"https:\/\/www.movistar.es\/blog\/home\/historias-telefonica-distrito-telefonica\/\"},\"author\":{\"name\":\"Emilio Rodr\u00edguez\",\"@id\":\"https:\/\/www.movistar.es\/blog\/#\/schema\/person\/7f09a25205e74e2009f96dba3bba4f30\"},\"headline\":\"Historias de Telef\u00f3nica: Distrito Telef\u00f3nica\",\"datePublished\":\"2024-01-19T08:00:00+00:00\",\"dateModified\":\"2024-01-26T12:31:42+00:00\",\"mainEntityOfPage\":{\"@id\":\"https:\/\/www.movistar.es\/blog\/home\/historias-telefonica-distrito-telefonica\/\"},\"wordCount\":2199,\"publisher\":{\"@id\":\"https:\/\/www.movistar.es\/blog\/#organization\"},\"image\":{\"@id\":\"https:\/\/www.movistar.es\/blog\/home\/historias-telefonica-distrito-telefonica\/#primaryimage\"},\"thumbnailUrl\":\"https:\/\/www.movistar.es\/blog\/wp-content\/uploads\/sites\/3\/2024\/01\/Distrito-Telefonica.png\",\"inLanguage\":\"es\"},{\"@type\":\"WebPage\",\"@id\":\"https:\/\/www.movistar.es\/blog\/home\/historias-telefonica-distrito-telefonica\/\",\"url\":\"https:\/\/www.movistar.es\/blog\/home\/historias-telefonica-distrito-telefonica\/\",\"name\":\"Historias de Telef\u00f3nica: Distrito Telef\u00f3nica - Movistar blog\",\"isPartOf\":{\"@id\":\"https:\/\/www.movistar.es\/blog\/#website\"},\"primaryImageOfPage\":{\"@id\":\"https:\/\/www.movistar.es\/blog\/home\/historias-telefonica-distrito-telefonica\/#primaryimage\"},\"image\":{\"@id\":\"https:\/\/www.movistar.es\/blog\/home\/historias-telefonica-distrito-telefonica\/#primaryimage\"},\"thumbnailUrl\":\"https:\/\/www.movistar.es\/blog\/wp-content\/uploads\/sites\/3\/2024\/01\/Distrito-Telefonica.png\",\"datePublished\":\"2024-01-19T08:00:00+00:00\",\"dateModified\":\"2024-01-26T12:31:42+00:00\",\"description\":\"Te contamos c\u00f3mo fue el proyecto de Distrito Telef\u00f3nica, la Sede de la compa\u00f1\u00eda en Las Tablas de Madrid, conocida como Distrito T\",\"breadcrumb\":{\"@id\":\"https:\/\/www.movistar.es\/blog\/home\/historias-telefonica-distrito-telefonica\/#breadcrumb\"},\"inLanguage\":\"es\",\"potentialAction\":[{\"@type\":\"ReadAction\",\"target\":[\"https:\/\/www.movistar.es\/blog\/home\/historias-telefonica-distrito-telefonica\/\"]}]},{\"@type\":\"ImageObject\",\"inLanguage\":\"es\",\"@id\":\"https:\/\/www.movistar.es\/blog\/home\/historias-telefonica-distrito-telefonica\/#primaryimage\",\"url\":\"https:\/\/www.movistar.es\/blog\/wp-content\/uploads\/sites\/3\/2024\/01\/Distrito-Telefonica.png\",\"contentUrl\":\"https:\/\/www.movistar.es\/blog\/wp-content\/uploads\/sites\/3\/2024\/01\/Distrito-Telefonica.png\",\"width\":1040,\"height\":400},{\"@type\":\"BreadcrumbList\",\"@id\":\"https:\/\/www.movistar.es\/blog\/home\/historias-telefonica-distrito-telefonica\/#breadcrumb\",\"itemListElement\":[{\"@type\":\"ListItem\",\"position\":1,\"name\":\"Home\",\"item\":\"https:\/\/www.movistar.es\/blog\/\"},{\"@type\":\"ListItem\",\"position\":2,\"name\":\"Historias de Telef\u00f3nica: Distrito Telef\u00f3nica\"}]},{\"@type\":\"WebSite\",\"@id\":\"https:\/\/www.movistar.es\/blog\/#website\",\"url\":\"https:\/\/www.movistar.es\/blog\/\",\"name\":\"Movistar blog\",\"description\":\"Movistar Blog. Informaci\u00f3n y m\u00e1s sobre los productos y servicios de Movistar\",\"publisher\":{\"@id\":\"https:\/\/www.movistar.es\/blog\/#organization\"},\"potentialAction\":[{\"@type\":\"SearchAction\",\"target\":{\"@type\":\"EntryPoint\",\"urlTemplate\":\"https:\/\/www.movistar.es\/blog\/?s={search_term_string}\"},\"query-input\":{\"@type\":\"PropertyValueSpecification\",\"valueRequired\":true,\"valueName\":\"search_term_string\"}}],\"inLanguage\":\"es\"},{\"@type\":\"Organization\",\"@id\":\"https:\/\/www.movistar.es\/blog\/#organization\",\"name\":\"Movistar blog\",\"url\":\"https:\/\/www.movistar.es\/blog\/\",\"logo\":{\"@type\":\"ImageObject\",\"inLanguage\":\"es\",\"@id\":\"https:\/\/www.movistar.es\/blog\/#\/schema\/logo\/image\/\",\"url\":\"https:\/\/www.movistar.es\/blog\/wp-content\/uploads\/sites\/3\/2022\/05\/logo_movistar-1.svg\",\"contentUrl\":\"https:\/\/www.movistar.es\/blog\/wp-content\/uploads\/sites\/3\/2022\/05\/logo_movistar-1.svg\",\"width\":369,\"height\":272,\"caption\":\"Movistar blog\"},\"image\":{\"@id\":\"https:\/\/www.movistar.es\/blog\/#\/schema\/logo\/image\/\"}},{\"@type\":\"Person\",\"@id\":\"https:\/\/www.movistar.es\/blog\/#\/schema\/person\/7f09a25205e74e2009f96dba3bba4f30\",\"name\":\"Emilio Rodr\u00edguez\",\"image\":{\"@type\":\"ImageObject\",\"inLanguage\":\"es\",\"@id\":\"https:\/\/www.movistar.es\/blog\/#\/schema\/person\/image\/8f3747647a2d3e69815221284d708ff5\",\"url\":\"https:\/\/secure.gravatar.com\/avatar\/c55c049d3550e4aa36b25fc91011843c69bd91d48ffa44755cec59b1853fe363\",\"contentUrl\":\"https:\/\/secure.gravatar.com\/avatar\/c55c049d3550e4aa36b25fc91011843c69bd91d48ffa44755cec59b1853fe363\",\"caption\":\"Emilio Rodr\u00edguez\"},\"url\":\"https:\/\/www.movistar.es\/blog\/author\/emilio\/\"}]}<\/script>\n<!-- \/ Yoast SEO Premium plugin. -->","yoast_head_json":{"title":"Historias de Telef\u00f3nica: Distrito Telef\u00f3nica - Movistar blog","description":"Te contamos c\u00f3mo fue el proyecto de Distrito Telef\u00f3nica, la Sede de la compa\u00f1\u00eda en Las Tablas de Madrid, conocida como Distrito T","robots":{"index":"index","follow":"follow","max-snippet":"max-snippet:-1","max-image-preview":"max-image-preview:large","max-video-preview":"max-video-preview:-1"},"canonical":"https:\/\/www.movistar.es\/blog\/home\/historias-telefonica-distrito-telefonica\/","og_locale":"es_ES","og_type":"article","og_title":"Historias de Telef\u00f3nica: Distrito Telef\u00f3nica","og_description":"Te contamos c\u00f3mo fue el proyecto de Distrito Telef\u00f3nica, la Sede de la compa\u00f1\u00eda en Las Tablas de Madrid, conocida como Distrito T","og_url":"https:\/\/www.movistar.es\/blog\/home\/historias-telefonica-distrito-telefonica\/","og_site_name":"Movistar blog","article_published_time":"2024-01-19T08:00:00+00:00","article_modified_time":"2024-01-26T12:31:42+00:00","og_image":[{"width":1040,"height":400,"url":"https:\/\/www.movistar.es\/blog\/wp-content\/uploads\/sites\/3\/2024\/01\/Distrito-Telefonica.png","type":"image\/png"}],"author":"Emilio Rodr\u00edguez","twitter_card":"summary_large_image","twitter_misc":{"Written by":"Emilio Rodr\u00edguez","Est. reading time":"11 minutos"},"schema":{"@context":"https:\/\/schema.org","@graph":[{"@type":"Article","@id":"https:\/\/www.movistar.es\/blog\/home\/historias-telefonica-distrito-telefonica\/#article","isPartOf":{"@id":"https:\/\/www.movistar.es\/blog\/home\/historias-telefonica-distrito-telefonica\/"},"author":{"name":"Emilio Rodr\u00edguez","@id":"https:\/\/www.movistar.es\/blog\/#\/schema\/person\/7f09a25205e74e2009f96dba3bba4f30"},"headline":"Historias de Telef\u00f3nica: Distrito Telef\u00f3nica","datePublished":"2024-01-19T08:00:00+00:00","dateModified":"2024-01-26T12:31:42+00:00","mainEntityOfPage":{"@id":"https:\/\/www.movistar.es\/blog\/home\/historias-telefonica-distrito-telefonica\/"},"wordCount":2199,"publisher":{"@id":"https:\/\/www.movistar.es\/blog\/#organization"},"image":{"@id":"https:\/\/www.movistar.es\/blog\/home\/historias-telefonica-distrito-telefonica\/#primaryimage"},"thumbnailUrl":"https:\/\/www.movistar.es\/blog\/wp-content\/uploads\/sites\/3\/2024\/01\/Distrito-Telefonica.png","inLanguage":"es"},{"@type":"WebPage","@id":"https:\/\/www.movistar.es\/blog\/home\/historias-telefonica-distrito-telefonica\/","url":"https:\/\/www.movistar.es\/blog\/home\/historias-telefonica-distrito-telefonica\/","name":"Historias de Telef\u00f3nica: Distrito Telef\u00f3nica - Movistar blog","isPartOf":{"@id":"https:\/\/www.movistar.es\/blog\/#website"},"primaryImageOfPage":{"@id":"https:\/\/www.movistar.es\/blog\/home\/historias-telefonica-distrito-telefonica\/#primaryimage"},"image":{"@id":"https:\/\/www.movistar.es\/blog\/home\/historias-telefonica-distrito-telefonica\/#primaryimage"},"thumbnailUrl":"https:\/\/www.movistar.es\/blog\/wp-content\/uploads\/sites\/3\/2024\/01\/Distrito-Telefonica.png","datePublished":"2024-01-19T08:00:00+00:00","dateModified":"2024-01-26T12:31:42+00:00","description":"Te contamos c\u00f3mo fue el proyecto de Distrito Telef\u00f3nica, la Sede de la compa\u00f1\u00eda en Las Tablas de Madrid, conocida como Distrito T","breadcrumb":{"@id":"https:\/\/www.movistar.es\/blog\/home\/historias-telefonica-distrito-telefonica\/#breadcrumb"},"inLanguage":"es","potentialAction":[{"@type":"ReadAction","target":["https:\/\/www.movistar.es\/blog\/home\/historias-telefonica-distrito-telefonica\/"]}]},{"@type":"ImageObject","inLanguage":"es","@id":"https:\/\/www.movistar.es\/blog\/home\/historias-telefonica-distrito-telefonica\/#primaryimage","url":"https:\/\/www.movistar.es\/blog\/wp-content\/uploads\/sites\/3\/2024\/01\/Distrito-Telefonica.png","contentUrl":"https:\/\/www.movistar.es\/blog\/wp-content\/uploads\/sites\/3\/2024\/01\/Distrito-Telefonica.png","width":1040,"height":400},{"@type":"BreadcrumbList","@id":"https:\/\/www.movistar.es\/blog\/home\/historias-telefonica-distrito-telefonica\/#breadcrumb","itemListElement":[{"@type":"ListItem","position":1,"name":"Home","item":"https:\/\/www.movistar.es\/blog\/"},{"@type":"ListItem","position":2,"name":"Historias de Telef\u00f3nica: Distrito Telef\u00f3nica"}]},{"@type":"WebSite","@id":"https:\/\/www.movistar.es\/blog\/#website","url":"https:\/\/www.movistar.es\/blog\/","name":"Movistar blog","description":"Movistar Blog. Informaci\u00f3n y m\u00e1s sobre los productos y servicios de Movistar","publisher":{"@id":"https:\/\/www.movistar.es\/blog\/#organization"},"potentialAction":[{"@type":"SearchAction","target":{"@type":"EntryPoint","urlTemplate":"https:\/\/www.movistar.es\/blog\/?s={search_term_string}"},"query-input":{"@type":"PropertyValueSpecification","valueRequired":true,"valueName":"search_term_string"}}],"inLanguage":"es"},{"@type":"Organization","@id":"https:\/\/www.movistar.es\/blog\/#organization","name":"Movistar blog","url":"https:\/\/www.movistar.es\/blog\/","logo":{"@type":"ImageObject","inLanguage":"es","@id":"https:\/\/www.movistar.es\/blog\/#\/schema\/logo\/image\/","url":"https:\/\/www.movistar.es\/blog\/wp-content\/uploads\/sites\/3\/2022\/05\/logo_movistar-1.svg","contentUrl":"https:\/\/www.movistar.es\/blog\/wp-content\/uploads\/sites\/3\/2022\/05\/logo_movistar-1.svg","width":369,"height":272,"caption":"Movistar blog"},"image":{"@id":"https:\/\/www.movistar.es\/blog\/#\/schema\/logo\/image\/"}},{"@type":"Person","@id":"https:\/\/www.movistar.es\/blog\/#\/schema\/person\/7f09a25205e74e2009f96dba3bba4f30","name":"Emilio Rodr\u00edguez","image":{"@type":"ImageObject","inLanguage":"es","@id":"https:\/\/www.movistar.es\/blog\/#\/schema\/person\/image\/8f3747647a2d3e69815221284d708ff5","url":"https:\/\/secure.gravatar.com\/avatar\/c55c049d3550e4aa36b25fc91011843c69bd91d48ffa44755cec59b1853fe363","contentUrl":"https:\/\/secure.gravatar.com\/avatar\/c55c049d3550e4aa36b25fc91011843c69bd91d48ffa44755cec59b1853fe363","caption":"Emilio Rodr\u00edguez"},"url":"https:\/\/www.movistar.es\/blog\/author\/emilio\/"}]}},"jetpack_featured_media_url":"https:\/\/www.movistar.es\/blog\/wp-content\/uploads\/sites\/3\/2024\/01\/Distrito-Telefonica.png","jetpack_sharing_enabled":true,"_links":{"self":[{"href":"https:\/\/www.movistar.es\/blog\/wp-json\/wp\/v2\/posts\/22816","targetHints":{"allow":["GET"]}}],"collection":[{"href":"https:\/\/www.movistar.es\/blog\/wp-json\/wp\/v2\/posts"}],"about":[{"href":"https:\/\/www.movistar.es\/blog\/wp-json\/wp\/v2\/types\/post"}],"author":[{"embeddable":true,"href":"https:\/\/www.movistar.es\/blog\/wp-json\/wp\/v2\/users\/202"}],"replies":[{"embeddable":true,"href":"https:\/\/www.movistar.es\/blog\/wp-json\/wp\/v2\/comments?post=22816"}],"version-history":[{"count":4,"href":"https:\/\/www.movistar.es\/blog\/wp-json\/wp\/v2\/posts\/22816\/revisions"}],"predecessor-version":[{"id":23140,"href":"https:\/\/www.movistar.es\/blog\/wp-json\/wp\/v2\/posts\/22816\/revisions\/23140"}],"wp:featuredmedia":[{"embeddable":true,"href":"https:\/\/www.movistar.es\/blog\/wp-json\/wp\/v2\/media\/22820"}],"wp:attachment":[{"href":"https:\/\/www.movistar.es\/blog\/wp-json\/wp\/v2\/media?parent=22816"}],"wp:term":[{"taxonomy":"category","embeddable":true,"href":"https:\/\/www.movistar.es\/blog\/wp-json\/wp\/v2\/categories?post=22816"},{"taxonomy":"post_tag","embeddable":true,"href":"https:\/\/www.movistar.es\/blog\/wp-json\/wp\/v2\/tags?post=22816"},{"taxonomy":"area","embeddable":true,"href":"https:\/\/www.movistar.es\/blog\/wp-json\/wp\/v2\/area?post=22816"},{"taxonomy":"cluster","embeddable":true,"href":"https:\/\/www.movistar.es\/blog\/wp-json\/wp\/v2\/cluster?post=22816"},{"taxonomy":"linea_editorial","embeddable":true,"href":"https:\/\/www.movistar.es\/blog\/wp-json\/wp\/v2\/linea_editorial?post=22816"},{"taxonomy":"author","embeddable":true,"href":"https:\/\/www.movistar.es\/blog\/wp-json\/wp\/v2\/coauthors?post=22816"}],"curies":[{"name":"wp","href":"https:\/\/api.w.org\/{rel}","templated":true}]}}