{"id":22491,"date":"2023-09-19T15:52:00","date_gmt":"2023-09-19T13:52:00","guid":{"rendered":"https:\/\/www.movistar.es\/blog\/?p=22491"},"modified":"2024-01-11T16:48:05","modified_gmt":"2024-01-11T15:48:05","slug":"historias-telefonica-iberpac","status":"publish","type":"post","link":"https:\/\/www.movistar.es\/blog\/home\/historias-telefonica-iberpac\/","title":{"rendered":"Historias de Telef\u00f3nica: IBERPAC, la Red Especial de Transmisi\u00f3n de Datos"},"content":{"rendered":"\n<p>\u00bfSab\u00edas que\u00a0la primera\u00a0<strong>red p\u00fablica de datos<\/strong>\u00a0del mundo fue la\u00a0<strong>Red Especial de Transmisi\u00f3n de Datos de Telef\u00f3nica (RETD)<\/strong>?\u00a0 Pues s\u00ed, Telef\u00f3nica durante los a\u00f1os 70 fue pionera mundial en el campo de la\u00a0conmutaci\u00f3n de paquetes a nivel p\u00fablico, por lo tanto, en dar los primeros pasos, de lo que d\u00e9cadas\u00a0despu\u00e9s termin\u00f3 convirti\u00e9ndose\u00a0en Internet.\u00a0En el\u00a0<strong>#HistoriasDeTelef\u00f3nica<\/strong>\u00a0de este mes, te hablamos de los comienzos de la transmisi\u00f3n\u00a0de datos y de internet en nuestro pa\u00eds de la mano de la RETD.<\/p>\n\n\n\n<h2 class=\"wp-block-heading\" id=\"h-los-inicios-de-retd\">Los inicios de RETD<\/h2>\n\n\n\n<p>En la actualidad, vivimos sin duda una \u00e9poca de esplendor con la transmisi\u00f3n de datos. Una era en la que el mundo se encuentra interconectado a trav\u00e9s de redes de alta velocidad, sin embargo, en los a\u00f1os 60 las transmisiones de datos y la que fue&nbsp;mayores revoluciones de la sociedad moderna, la llegada de Internet tal como lo conocemos hoy en d\u00eda, era todav\u00eda una utop\u00eda.<\/p>\n\n\n\n<p>A finales de los a\u00f1os 60, en pleno apogeo de La Guerra Fr\u00eda entre EEUU y la Uni\u00f3n Sovi\u00e9tica,&nbsp;naci\u00f3 internet como una herramienta para&nbsp;<strong>garantizar las comunicaciones<\/strong>&nbsp;estatales en caso de amenaza nuclear. Una red mucho m\u00e1s rudimentaria y completamente distinta a lo que hoy conocemos. Su creaci\u00f3n fue obra de&nbsp;<strong>ARPA<\/strong>, la&nbsp;<strong>Red de la Agencia de Proyectos de Investigaci\u00f3n Avanzada<\/strong>&nbsp;a cargo del&nbsp;<strong>Departamento de Defensa de Norteam\u00e9rica<\/strong>, cuya misi\u00f3n era acompa\u00f1ar el desarrollo de nuevas tecnolog\u00edas con fines militares.<\/p>\n\n\n\n<p>Tras varios a\u00f1os de investigaciones, con la meta de establecer una&nbsp;<strong>red de comunicaci\u00f3n segura<\/strong>&nbsp;para transferir documentos o datos&nbsp;entre los diferentes sistemas, en 1965, una computadora ubicada en el Estado de Massachusetts, al este de EE. UU. logr\u00f3 enlazar con otra situada en California, en el extremo oeste del pa\u00eds, mediante los protocolos conocidos como&nbsp;<strong>\u201cconmutaci\u00f3n de paquetes\u201d<\/strong>.<\/p>\n\n\n\n<p><strong>1969\u00a0<\/strong>fue la fecha que los historiadores consensuaron\u00a0para establecer el\u00a0<strong>nacimiento de internet<\/strong>, ya que fue entonces cuando se\u00a0cre\u00f3\u00a0<strong>ARPAnet\u00a0<\/strong>(Advanced Research Projects Agency Network), una red inform\u00e1tica que permiti\u00f3 conectar a diversas universidades norteamericanas.\u00a0<\/p>\n\n\n\n<h2 class=\"wp-block-heading\" class=\"wp-block-heading\" id=\"el-nacimiento-de-redt\">El nacimiento\u00a0de REDT<\/h2>\n\n\n\n<p>En este contexto internacional, el 22 de diciembre 1970, se promulg\u00f3 un decreto por el que&nbsp;<a href=\"https:\/\/www.telefonica.com\/es\/\" target=\"_blank\" rel=\"noreferrer noopener\">Telef\u00f3nica<\/a>&nbsp;quedaba encargada de construir&nbsp;una red de datos p\u00fablica. Ese mismo a\u00f1o, un grupo de ingenieros de Telef\u00f3nica viaj\u00f3 a Estados Unidos. All\u00ed conocieron una soluci\u00f3n de&nbsp;<strong>UNIVAC<\/strong>&nbsp;basada en conmutaci\u00f3n de paquetes, que dicha compa\u00f1\u00eda hab\u00eda desarrollado para un consorcio bancario.&nbsp;<\/p>\n\n\n\n<p>A partir de ese viaje, usando los equipos de UNIVAC y desarrollando el software necesario para convertir esa soluci\u00f3n de empresa privada en una red p\u00fablica, naci\u00f3 la RETD (Red Especial de Transmisi\u00f3n de Datos).<\/p>\n\n\n\n<p>Fue la primera red p\u00fablica comercial de conmutaci\u00f3n de paquetes del mundo y su primer nodo entr\u00f3 en servicio en noviembre de 1971, en la central madrile\u00f1a \u00abVel\u00e1zquez\u00bb. La CTNE se adelant\u00f3, al resto de pa\u00edses de Europa, en el despliegue de redes de conmutaci\u00f3n de datos p\u00fablica.\u00a0<\/p>\n\n\n\n<figure class=\"wp-block-image size-full\"><img decoding=\"async\" src=\"https:\/\/www.movistar.es\/blog\/wp-content\/uploads\/sites\/3\/2024\/01\/IBERPAC-1-1.png\" alt=\"\" class=\"wp-image-22494\"\/><\/figure>\n\n\n\n<p>El 30 de Julio de&nbsp;<strong>1971 se inaugur\u00f3 la primera red p\u00fablica de conmutaci\u00f3n de paquetes<\/strong>&nbsp;<strong>del mundo&nbsp;<\/strong>en la central madrile\u00f1a de Vel\u00e1zquez. En este acto, el entonces ministro de la Gobernaci\u00f3n, antes de pulsar el bot\u00f3n de puesta en funcionamiento del sistema, pronunci\u00f3, no sin cierta inocencia, las siguientes palabras haciendo historia:<\/p>\n\n\n\n<p><em>\u201cYo no s\u00e9 muy bien qu\u00e9 es esto, pero si es para el bien de los espa\u00f1oles, \u00a1queda inaugurado\u00bb<\/em><\/p>\n\n\n\n<p>La red contaba con otros dos centros adem\u00e1s del de Madrid, en Barcelona y Bilbao, con ordenadores duplicados en ambos centros que iniciaban su andadura con servicios.&nbsp;Era una red de conmutaci\u00f3n de paquetes. Esta comunicaci\u00f3n as\u00edncrona permit\u00eda una mejor utilizaci\u00f3n de los recursos de la red, ya que se ocupaban solo en los momentos en los que realmente hab\u00eda tr\u00e1fico. Originalmente estaba compuesta por dos niveles:&nbsp;<strong>red de acceso y red de transporte<\/strong>.<\/p>\n\n\n\n<p>En 1975&nbsp;se produjo un hecho clave en la transmisi\u00f3n de datos, la&nbsp;<strong>Uni\u00f3n Internacional de Telecomunicaciones (ITU)<\/strong>&nbsp;aprob\u00f3 la recomendaci\u00f3n para normalizar la interfaz entre una estaci\u00f3n y una red de conmutaci\u00f3n de paquetes, y se public\u00f3 la&nbsp;<strong>norma X.25<\/strong>&nbsp;para redes p\u00fablicas, basadas en conmutaci\u00f3n de paquetes, en cuyo desarrollo, Telef\u00f3nica desempe\u00f1\u00f3 un papel de liderazgo.&nbsp;<\/p>\n\n\n\n<p>1976 fue el a\u00f1o en el que se inici\u00f3 el despliegue real, as\u00ed como del impulso definitivo e imparable hasta la actualidad, de las redes p\u00fablicas de conmutaci\u00f3n de paquetes. El desarrollo y despliegue de las redes basadas en X.25 se produjo especialmente en la d\u00e9cada de los ochenta.\u00a0Esta tecnolog\u00eda se a\u00f1adi\u00f3 a la RETD en 1980.\u00a0<\/p>\n\n\n\n<h2 class=\"wp-block-heading\" class=\"wp-block-heading\" id=\"el-sistema-tesys\">El sistema TESYS<\/h2>\n\n\n\n<p>A mediados de los 70, los equipos de la RETD se hab\u00edan actualizado desde los primeros\u00a0<strong>UNIVAC<\/strong>, pero a mediados de los setenta el tr\u00e1fico de la red hab\u00eda crecido tanto, que exig\u00eda la instalaci\u00f3n de hardwares especialmente dise\u00f1ados como conmutadores de paquetes.<\/p>\n\n\n\n<p>As\u00ed que,&nbsp;al igual que hab\u00eda pasado en 1971, de nuevo Telef\u00f3nica fue pionera al decidir construir un&nbsp;<strong>sistema propio de conmutaci\u00f3n de paquetes<\/strong>&nbsp;en 1977 denominado&nbsp;<strong>TESYS<\/strong>. El af\u00e1n de de la compa\u00f1\u00eda por evolucionar los servicios,&nbsp;fue el origen de los equipos TESYS, dise\u00f1ados en colaboraci\u00f3n con las empresas participadas&nbsp;<strong>SECOINSA<\/strong>&nbsp;y&nbsp;<strong>SITRE<\/strong>&nbsp;(TESYS era el acr\u00f3nimo de las tres empresas).&nbsp;<\/p>\n\n\n\n<p>TESYS naci\u00f3 como respuesta al crecimiento de la RETD y a una demanda creciente en Telef\u00f3nica, primero por una necesidad interna y por otro lado, por presi\u00f3n de los propios clientes, como bancos, que quer\u00edan unas transmisiones de datos apropiadas para ellos.&nbsp;No exist\u00eda en aquel momento en el mundo nada parecido, ni en t\u00e9rminos t\u00e9cnicos ni de explotaci\u00f3n. Hubo por tanto que buscar soluciones nuevas y no las hab\u00eda y de ah\u00ed surgi\u00f3 TESYS.&nbsp;<\/p>\n\n\n\n<p>Los equipos TESYS entraron en servicio en 1982, y se exportaron a diversos pa\u00edses como Noruega, Argentina, Canad\u00e1, Grecia, T\u00fanez&#8230;\u00a0 Ese mismo a\u00f1o,\u00a0la RETD evolucion\u00f3 a\u00a0<strong>X25<\/strong>\u00a0y fue renombrada como\u00a0<strong>IBERPAC<\/strong>. Las sucursales bancarias y los servicios financieros conformaron la principal base de usuarios. IBERPAC permiti\u00f3 nuevos servicios de\u00a0<strong><a href=\"https:\/\/comunidad.movistar.es\/t5\/Blog-Movisfera\/Historias-de-Telef%C3%B3nica-el-Videotex\/ba-p\/4911582\" target=\"_blank\" rel=\"noreferrer noopener\">videotex<\/a><\/strong>\u00a0y\u00a0<strong>teletexto<\/strong>, aunque la adopci\u00f3n fue muy inferior a la popularidad de servicios similares en otros pa\u00edses, como el\u00a0<strong>Minitel franc\u00e9s<\/strong>.\u00a0<\/p>\n\n\n\n<figure class=\"wp-block-embed is-type-video is-provider-youtube wp-block-embed-youtube wp-embed-aspect-16-9 wp-has-aspect-ratio\"><div class=\"wp-block-embed__wrapper\">\n<div class=\"wp-block-embed__wrapper\"><div class=\"ast-oembed-container \" style=\"height: 100%;\"><iframe loading=\"lazy\" title=\"Experiencias: el sistema Tesys\" width=\"1040\" height=\"585\" src=\"https:\/\/www.youtube.com\/embed\/KfPSGDuSGmY?feature=oembed\" frameborder=\"0\" allow=\"accelerometer; autoplay; clipboard-write; encrypted-media; gyroscope; picture-in-picture; web-share\" referrerpolicy=\"strict-origin-when-cross-origin\" allowfullscreen><\/iframe><\/div><\/div>\n<\/div><\/figure>\n\n\n\n<p>Simult\u00e1neamente a esta necesidad tecnol\u00f3gica, se produjeron varios hechos como la creaci\u00f3n de&nbsp;<strong>Telef\u00f3nica I+D<\/strong>&nbsp;o la desaparici\u00f3n de organizaciones como la&nbsp;<strong>Divisi\u00f3n de Inform\u00e1tica de Telef\u00f3nica<\/strong>, responsable, hasta ese momento, del contacto con el cliente y del mantenimiento y evoluci\u00f3n de la red, integr\u00e1ndose el personal comercial en la unidad correspondiente de la compa\u00f1\u00eda.&nbsp;<\/p>\n\n\n\n<p>En 1988&nbsp;<strong>Telef\u00f3nica Investigaci\u00f3n y Desarrollo (TI+D)<\/strong>&nbsp;recibi\u00f3 el encargo de dise\u00f1ar una nueva generaci\u00f3n de equipos TESYS, llamada&nbsp;<strong>TESYS-B<\/strong>. No llegaron a desplegarse de forma masiva porque a mediados de los&nbsp;a\u00f1os noventa las condiciones del mercado cambiaron de forma radical con internet. La red p\u00fablica de datos se renombr\u00f3 como&nbsp;<strong>Red UNO<\/strong>&nbsp;y se dot\u00f3 con equipos de la&nbsp;<strong>canadiense Nortel<\/strong>, que incorporaban nuevas tecnolog\u00edas.<\/p>\n\n\n\n<p>Los clientes de esta red eran grandes empresas como bancos,\u00a0<strong>RENFE<\/strong>,\u00a0<strong>Iberia<\/strong>, las\u00a0<strong>compa\u00f1\u00edas el\u00e9ctricas<\/strong>, etc. Antes de la revoluci\u00f3n de Internet, los servicios de datos, m\u00e1s all\u00e1 de la pura conectividad, eran muy escasos si los comparamos con la oferta actual.\u00a0<\/p>\n\n\n\n<p>El servicio IBERPAC internacional creci\u00f3 hasta llegar a 204 redes en 95 pa\u00edses, a la vez que se ofrecieron nuevas instalaciones, tales como los&nbsp;<strong>circuitos permanentes virtuales<\/strong>&nbsp;(CVP) internacionales y el&nbsp;<strong>grupo&nbsp;cerrado de usuarios<\/strong>, que totalizaron un consumo de 2,2 millones de kilo-segmentos, con incremento del 11,5 %.<\/p>\n\n\n\n<p><strong>La red de videoconferencia internacional<\/strong>, a velocidad de 2 Mbps y 768 kbps,&nbsp;<strong>daba servicio a veinticuatro pa\u00edses<\/strong>.&nbsp;a todas las operadoras europeas e incluso al gigante norteamericano&nbsp;<strong>AT&amp;T<\/strong>.<\/p>\n\n\n\n<p>La red IBERPAC fue renombrada nuevamente como &#8216;Red UNO&#8217; en la d\u00e9cada de los 90, antes de la desaparici\u00f3n\u00a0del servicio en 1996 dado el auge de Internet y a la aparici\u00f3n de servicios como\u00a0<strong><a href=\"https:\/\/www.movistar.es\/blog\/home\/historias-telefonica-infovia\/\" target=\"_blank\" rel=\"noreferrer noopener\">Infov\u00eda<\/a><\/strong>\u00a0de la propia Telef\u00f3nica.\u00a0<\/p>\n","protected":false},"excerpt":{"rendered":"<p>\u00bfSab\u00edas que\u00a0la primera\u00a0red p\u00fablica de datos\u00a0del mundo fue la\u00a0Red Especial de Transmisi\u00f3n de Datos de Telef\u00f3nica (RETD)?\u00a0 Pues s\u00ed, Telef\u00f3nica durante los a\u00f1os 70 fue pionera mundial en el campo de la\u00a0conmutaci\u00f3n de paquetes a [&hellip;]<\/p>\n","protected":false},"author":202,"featured_media":22494,"comment_status":"closed","ping_status":"closed","sticky":false,"template":"","format":"standard","meta":{"site-sidebar-layout":"default","site-content-layout":"","ast-site-content-layout":"","site-content-style":"default","site-sidebar-style":"default","ast-global-header-display":"","ast-banner-title-visibility":"","ast-main-header-display":"","ast-hfb-above-header-display":"","ast-hfb-below-header-display":"","ast-hfb-mobile-header-display":"","site-post-title":"","ast-breadcrumbs-content":"","ast-featured-img":"","footer-sml-layout":"","theme-transparent-header-meta":"","adv-header-id-meta":"","stick-header-meta":"","header-above-stick-meta":"","header-main-stick-meta":"","header-below-stick-meta":"","astra-migrate-meta-layouts":"default","ast-page-background-enabled":"default","ast-page-background-meta":{"desktop":{"background-color":"var(--ast-global-color-4)","background-image":"","background-repeat":"repeat","background-position":"center center","background-size":"auto","background-attachment":"scroll","background-type":"","background-media":"","overlay-type":"","overlay-color":"","overlay-opacity":"","overlay-gradient":""},"tablet":{"background-color":"","background-image":"","background-repeat":"repeat","background-position":"center center","background-size":"auto","background-attachment":"scroll","background-type":"","background-media":"","overlay-type":"","overlay-color":"","overlay-opacity":"","overlay-gradient":""},"mobile":{"background-color":"","background-image":"","background-repeat":"repeat","background-position":"center center","background-size":"auto","background-attachment":"scroll","background-type":"","background-media":"","overlay-type":"","overlay-color":"","overlay-opacity":"","overlay-gradient":""}},"ast-content-background-meta":{"desktop":{"background-color":"var(--ast-global-color-5)","background-image":"","background-repeat":"repeat","background-position":"center center","background-size":"auto","background-attachment":"scroll","background-type":"","background-media":"","overlay-type":"","overlay-color":"","overlay-opacity":"","overlay-gradient":""},"tablet":{"background-color":"var(--ast-global-color-5)","background-image":"","background-repeat":"repeat","background-position":"center center","background-size":"auto","background-attachment":"scroll","background-type":"","background-media":"","overlay-type":"","overlay-color":"","overlay-opacity":"","overlay-gradient":""},"mobile":{"background-color":"var(--ast-global-color-5)","background-image":"","background-repeat":"repeat","background-position":"center center","background-size":"auto","background-attachment":"scroll","background-type":"","background-media":"","overlay-type":"","overlay-color":"","overlay-opacity":"","overlay-gradient":""}},"_jetpack_memberships_contains_paid_content":false,"footnotes":""},"categories":[1],"tags":[],"area":[190],"cluster":[8],"linea_editorial":[],"coauthors":[579],"class_list":["post-22491","post","type-post","status-publish","format-standard","has-post-thumbnail","hentry","category-sin-categoria","area-content-movistar","cluster-home"],"yoast_head":"<!-- This site is optimized with the Yoast SEO Premium plugin v25.5 (Yoast SEO v25.5) - https:\/\/yoast.com\/wordpress\/plugins\/seo\/ -->\n<title>IBERPAC, la Red Especial de Transmisi\u00f3n de Datos<\/title>\n<meta name=\"description\" content=\"Telef\u00f3nica lider\u00f3 la innovaci\u00f3n mundial en conmutaci\u00f3n de paquetes con la REDT, marcando los inicios de lo que ser\u00eda Internet.\" \/>\n<meta name=\"robots\" content=\"index, follow, max-snippet:-1, max-image-preview:large, max-video-preview:-1\" \/>\n<link rel=\"canonical\" href=\"https:\/\/www.movistar.es\/blog\/home\/historias-telefonica-iberpac\/\" \/>\n<meta property=\"og:locale\" content=\"es_ES\" \/>\n<meta property=\"og:type\" content=\"article\" \/>\n<meta property=\"og:title\" content=\"Historias de Telef\u00f3nica: IBERPAC, la Red Especial de Transmisi\u00f3n de Datos\" \/>\n<meta property=\"og:description\" content=\"Telef\u00f3nica lider\u00f3 la innovaci\u00f3n mundial en conmutaci\u00f3n de paquetes con la REDT, marcando los inicios de lo que ser\u00eda Internet.\" \/>\n<meta property=\"og:url\" content=\"https:\/\/www.movistar.es\/blog\/home\/historias-telefonica-iberpac\/\" \/>\n<meta property=\"og:site_name\" content=\"Movistar blog\" \/>\n<meta property=\"article:published_time\" content=\"2023-09-19T13:52:00+00:00\" \/>\n<meta property=\"article:modified_time\" content=\"2024-01-11T15:48:05+00:00\" \/>\n<meta property=\"og:image\" content=\"https:\/\/www.movistar.es\/blog\/wp-content\/uploads\/sites\/3\/2024\/01\/IBERPAC-1-1-e1704988040444.png\" \/>\n\t<meta property=\"og:image:width\" content=\"876\" \/>\n\t<meta property=\"og:image:height\" content=\"356\" \/>\n\t<meta property=\"og:image:type\" content=\"image\/png\" \/>\n<meta name=\"author\" content=\"Emilio Rodr\u00edguez\" \/>\n<meta name=\"twitter:card\" content=\"summary_large_image\" \/>\n<meta name=\"twitter:label1\" content=\"Written by\" \/>\n\t<meta name=\"twitter:data1\" content=\"Emilio Rodr\u00edguez\" \/>\n\t<meta name=\"twitter:label2\" content=\"Est. reading time\" \/>\n\t<meta name=\"twitter:data2\" content=\"7 minutos\" \/>\n<script type=\"application\/ld+json\" class=\"yoast-schema-graph\">{\"@context\":\"https:\/\/schema.org\",\"@graph\":[{\"@type\":\"Article\",\"@id\":\"https:\/\/www.movistar.es\/blog\/home\/historias-telefonica-iberpac\/#article\",\"isPartOf\":{\"@id\":\"https:\/\/www.movistar.es\/blog\/home\/historias-telefonica-iberpac\/\"},\"author\":{\"name\":\"Emilio Rodr\u00edguez\",\"@id\":\"https:\/\/www.movistar.es\/blog\/#\/schema\/person\/7f09a25205e74e2009f96dba3bba4f30\"},\"headline\":\"Historias de Telef\u00f3nica: IBERPAC, la Red Especial de Transmisi\u00f3n de Datos\",\"datePublished\":\"2023-09-19T13:52:00+00:00\",\"dateModified\":\"2024-01-11T15:48:05+00:00\",\"mainEntityOfPage\":{\"@id\":\"https:\/\/www.movistar.es\/blog\/home\/historias-telefonica-iberpac\/\"},\"wordCount\":1482,\"publisher\":{\"@id\":\"https:\/\/www.movistar.es\/blog\/#organization\"},\"image\":{\"@id\":\"https:\/\/www.movistar.es\/blog\/home\/historias-telefonica-iberpac\/#primaryimage\"},\"thumbnailUrl\":\"https:\/\/www.movistar.es\/blog\/wp-content\/uploads\/sites\/3\/2024\/01\/IBERPAC-1-1-e1704988040444.png\",\"inLanguage\":\"es\"},{\"@type\":\"WebPage\",\"@id\":\"https:\/\/www.movistar.es\/blog\/home\/historias-telefonica-iberpac\/\",\"url\":\"https:\/\/www.movistar.es\/blog\/home\/historias-telefonica-iberpac\/\",\"name\":\"IBERPAC, la Red Especial de Transmisi\u00f3n de Datos\",\"isPartOf\":{\"@id\":\"https:\/\/www.movistar.es\/blog\/#website\"},\"primaryImageOfPage\":{\"@id\":\"https:\/\/www.movistar.es\/blog\/home\/historias-telefonica-iberpac\/#primaryimage\"},\"image\":{\"@id\":\"https:\/\/www.movistar.es\/blog\/home\/historias-telefonica-iberpac\/#primaryimage\"},\"thumbnailUrl\":\"https:\/\/www.movistar.es\/blog\/wp-content\/uploads\/sites\/3\/2024\/01\/IBERPAC-1-1-e1704988040444.png\",\"datePublished\":\"2023-09-19T13:52:00+00:00\",\"dateModified\":\"2024-01-11T15:48:05+00:00\",\"description\":\"Telef\u00f3nica lider\u00f3 la innovaci\u00f3n mundial en conmutaci\u00f3n de paquetes con la REDT, marcando los inicios de lo que ser\u00eda Internet.\",\"breadcrumb\":{\"@id\":\"https:\/\/www.movistar.es\/blog\/home\/historias-telefonica-iberpac\/#breadcrumb\"},\"inLanguage\":\"es\",\"potentialAction\":[{\"@type\":\"ReadAction\",\"target\":[\"https:\/\/www.movistar.es\/blog\/home\/historias-telefonica-iberpac\/\"]}]},{\"@type\":\"ImageObject\",\"inLanguage\":\"es\",\"@id\":\"https:\/\/www.movistar.es\/blog\/home\/historias-telefonica-iberpac\/#primaryimage\",\"url\":\"https:\/\/www.movistar.es\/blog\/wp-content\/uploads\/sites\/3\/2024\/01\/IBERPAC-1-1-e1704988040444.png\",\"contentUrl\":\"https:\/\/www.movistar.es\/blog\/wp-content\/uploads\/sites\/3\/2024\/01\/IBERPAC-1-1-e1704988040444.png\",\"width\":876,\"height\":356},{\"@type\":\"BreadcrumbList\",\"@id\":\"https:\/\/www.movistar.es\/blog\/home\/historias-telefonica-iberpac\/#breadcrumb\",\"itemListElement\":[{\"@type\":\"ListItem\",\"position\":1,\"name\":\"Home\",\"item\":\"https:\/\/www.movistar.es\/blog\/\"},{\"@type\":\"ListItem\",\"position\":2,\"name\":\"Historias de Telef\u00f3nica: IBERPAC, la Red Especial de Transmisi\u00f3n de Datos\"}]},{\"@type\":\"WebSite\",\"@id\":\"https:\/\/www.movistar.es\/blog\/#website\",\"url\":\"https:\/\/www.movistar.es\/blog\/\",\"name\":\"Movistar blog\",\"description\":\"Movistar Blog. Informaci\u00f3n y m\u00e1s sobre los productos y servicios de Movistar\",\"publisher\":{\"@id\":\"https:\/\/www.movistar.es\/blog\/#organization\"},\"potentialAction\":[{\"@type\":\"SearchAction\",\"target\":{\"@type\":\"EntryPoint\",\"urlTemplate\":\"https:\/\/www.movistar.es\/blog\/?s={search_term_string}\"},\"query-input\":{\"@type\":\"PropertyValueSpecification\",\"valueRequired\":true,\"valueName\":\"search_term_string\"}}],\"inLanguage\":\"es\"},{\"@type\":\"Organization\",\"@id\":\"https:\/\/www.movistar.es\/blog\/#organization\",\"name\":\"Movistar blog\",\"url\":\"https:\/\/www.movistar.es\/blog\/\",\"logo\":{\"@type\":\"ImageObject\",\"inLanguage\":\"es\",\"@id\":\"https:\/\/www.movistar.es\/blog\/#\/schema\/logo\/image\/\",\"url\":\"https:\/\/www.movistar.es\/blog\/wp-content\/uploads\/sites\/3\/2022\/05\/logo_movistar-1.svg\",\"contentUrl\":\"https:\/\/www.movistar.es\/blog\/wp-content\/uploads\/sites\/3\/2022\/05\/logo_movistar-1.svg\",\"width\":369,\"height\":272,\"caption\":\"Movistar blog\"},\"image\":{\"@id\":\"https:\/\/www.movistar.es\/blog\/#\/schema\/logo\/image\/\"}},{\"@type\":\"Person\",\"@id\":\"https:\/\/www.movistar.es\/blog\/#\/schema\/person\/7f09a25205e74e2009f96dba3bba4f30\",\"name\":\"Emilio Rodr\u00edguez\",\"image\":{\"@type\":\"ImageObject\",\"inLanguage\":\"es\",\"@id\":\"https:\/\/www.movistar.es\/blog\/#\/schema\/person\/image\/8f3747647a2d3e69815221284d708ff5\",\"url\":\"https:\/\/secure.gravatar.com\/avatar\/c55c049d3550e4aa36b25fc91011843c69bd91d48ffa44755cec59b1853fe363\",\"contentUrl\":\"https:\/\/secure.gravatar.com\/avatar\/c55c049d3550e4aa36b25fc91011843c69bd91d48ffa44755cec59b1853fe363\",\"caption\":\"Emilio Rodr\u00edguez\"},\"url\":\"https:\/\/www.movistar.es\/blog\/author\/emilio\/\"}]}<\/script>\n<!-- \/ Yoast SEO Premium plugin. -->","yoast_head_json":{"title":"IBERPAC, la Red Especial de Transmisi\u00f3n de Datos","description":"Telef\u00f3nica lider\u00f3 la innovaci\u00f3n mundial en conmutaci\u00f3n de paquetes con la REDT, marcando los inicios de lo que ser\u00eda Internet.","robots":{"index":"index","follow":"follow","max-snippet":"max-snippet:-1","max-image-preview":"max-image-preview:large","max-video-preview":"max-video-preview:-1"},"canonical":"https:\/\/www.movistar.es\/blog\/home\/historias-telefonica-iberpac\/","og_locale":"es_ES","og_type":"article","og_title":"Historias de Telef\u00f3nica: IBERPAC, la Red Especial de Transmisi\u00f3n de Datos","og_description":"Telef\u00f3nica lider\u00f3 la innovaci\u00f3n mundial en conmutaci\u00f3n de paquetes con la REDT, marcando los inicios de lo que ser\u00eda Internet.","og_url":"https:\/\/www.movistar.es\/blog\/home\/historias-telefonica-iberpac\/","og_site_name":"Movistar blog","article_published_time":"2023-09-19T13:52:00+00:00","article_modified_time":"2024-01-11T15:48:05+00:00","og_image":[{"width":876,"height":356,"url":"https:\/\/www.movistar.es\/blog\/wp-content\/uploads\/sites\/3\/2024\/01\/IBERPAC-1-1-e1704988040444.png","type":"image\/png"}],"author":"Emilio Rodr\u00edguez","twitter_card":"summary_large_image","twitter_misc":{"Written by":"Emilio Rodr\u00edguez","Est. reading time":"7 minutos"},"schema":{"@context":"https:\/\/schema.org","@graph":[{"@type":"Article","@id":"https:\/\/www.movistar.es\/blog\/home\/historias-telefonica-iberpac\/#article","isPartOf":{"@id":"https:\/\/www.movistar.es\/blog\/home\/historias-telefonica-iberpac\/"},"author":{"name":"Emilio Rodr\u00edguez","@id":"https:\/\/www.movistar.es\/blog\/#\/schema\/person\/7f09a25205e74e2009f96dba3bba4f30"},"headline":"Historias de Telef\u00f3nica: IBERPAC, la Red Especial de Transmisi\u00f3n de Datos","datePublished":"2023-09-19T13:52:00+00:00","dateModified":"2024-01-11T15:48:05+00:00","mainEntityOfPage":{"@id":"https:\/\/www.movistar.es\/blog\/home\/historias-telefonica-iberpac\/"},"wordCount":1482,"publisher":{"@id":"https:\/\/www.movistar.es\/blog\/#organization"},"image":{"@id":"https:\/\/www.movistar.es\/blog\/home\/historias-telefonica-iberpac\/#primaryimage"},"thumbnailUrl":"https:\/\/www.movistar.es\/blog\/wp-content\/uploads\/sites\/3\/2024\/01\/IBERPAC-1-1-e1704988040444.png","inLanguage":"es"},{"@type":"WebPage","@id":"https:\/\/www.movistar.es\/blog\/home\/historias-telefonica-iberpac\/","url":"https:\/\/www.movistar.es\/blog\/home\/historias-telefonica-iberpac\/","name":"IBERPAC, la Red Especial de Transmisi\u00f3n de Datos","isPartOf":{"@id":"https:\/\/www.movistar.es\/blog\/#website"},"primaryImageOfPage":{"@id":"https:\/\/www.movistar.es\/blog\/home\/historias-telefonica-iberpac\/#primaryimage"},"image":{"@id":"https:\/\/www.movistar.es\/blog\/home\/historias-telefonica-iberpac\/#primaryimage"},"thumbnailUrl":"https:\/\/www.movistar.es\/blog\/wp-content\/uploads\/sites\/3\/2024\/01\/IBERPAC-1-1-e1704988040444.png","datePublished":"2023-09-19T13:52:00+00:00","dateModified":"2024-01-11T15:48:05+00:00","description":"Telef\u00f3nica lider\u00f3 la innovaci\u00f3n mundial en conmutaci\u00f3n de paquetes con la REDT, marcando los inicios de lo que ser\u00eda Internet.","breadcrumb":{"@id":"https:\/\/www.movistar.es\/blog\/home\/historias-telefonica-iberpac\/#breadcrumb"},"inLanguage":"es","potentialAction":[{"@type":"ReadAction","target":["https:\/\/www.movistar.es\/blog\/home\/historias-telefonica-iberpac\/"]}]},{"@type":"ImageObject","inLanguage":"es","@id":"https:\/\/www.movistar.es\/blog\/home\/historias-telefonica-iberpac\/#primaryimage","url":"https:\/\/www.movistar.es\/blog\/wp-content\/uploads\/sites\/3\/2024\/01\/IBERPAC-1-1-e1704988040444.png","contentUrl":"https:\/\/www.movistar.es\/blog\/wp-content\/uploads\/sites\/3\/2024\/01\/IBERPAC-1-1-e1704988040444.png","width":876,"height":356},{"@type":"BreadcrumbList","@id":"https:\/\/www.movistar.es\/blog\/home\/historias-telefonica-iberpac\/#breadcrumb","itemListElement":[{"@type":"ListItem","position":1,"name":"Home","item":"https:\/\/www.movistar.es\/blog\/"},{"@type":"ListItem","position":2,"name":"Historias de Telef\u00f3nica: IBERPAC, la Red Especial de Transmisi\u00f3n de Datos"}]},{"@type":"WebSite","@id":"https:\/\/www.movistar.es\/blog\/#website","url":"https:\/\/www.movistar.es\/blog\/","name":"Movistar blog","description":"Movistar Blog. Informaci\u00f3n y m\u00e1s sobre los productos y servicios de Movistar","publisher":{"@id":"https:\/\/www.movistar.es\/blog\/#organization"},"potentialAction":[{"@type":"SearchAction","target":{"@type":"EntryPoint","urlTemplate":"https:\/\/www.movistar.es\/blog\/?s={search_term_string}"},"query-input":{"@type":"PropertyValueSpecification","valueRequired":true,"valueName":"search_term_string"}}],"inLanguage":"es"},{"@type":"Organization","@id":"https:\/\/www.movistar.es\/blog\/#organization","name":"Movistar blog","url":"https:\/\/www.movistar.es\/blog\/","logo":{"@type":"ImageObject","inLanguage":"es","@id":"https:\/\/www.movistar.es\/blog\/#\/schema\/logo\/image\/","url":"https:\/\/www.movistar.es\/blog\/wp-content\/uploads\/sites\/3\/2022\/05\/logo_movistar-1.svg","contentUrl":"https:\/\/www.movistar.es\/blog\/wp-content\/uploads\/sites\/3\/2022\/05\/logo_movistar-1.svg","width":369,"height":272,"caption":"Movistar blog"},"image":{"@id":"https:\/\/www.movistar.es\/blog\/#\/schema\/logo\/image\/"}},{"@type":"Person","@id":"https:\/\/www.movistar.es\/blog\/#\/schema\/person\/7f09a25205e74e2009f96dba3bba4f30","name":"Emilio Rodr\u00edguez","image":{"@type":"ImageObject","inLanguage":"es","@id":"https:\/\/www.movistar.es\/blog\/#\/schema\/person\/image\/8f3747647a2d3e69815221284d708ff5","url":"https:\/\/secure.gravatar.com\/avatar\/c55c049d3550e4aa36b25fc91011843c69bd91d48ffa44755cec59b1853fe363","contentUrl":"https:\/\/secure.gravatar.com\/avatar\/c55c049d3550e4aa36b25fc91011843c69bd91d48ffa44755cec59b1853fe363","caption":"Emilio Rodr\u00edguez"},"url":"https:\/\/www.movistar.es\/blog\/author\/emilio\/"}]}},"jetpack_featured_media_url":"https:\/\/www.movistar.es\/blog\/wp-content\/uploads\/sites\/3\/2024\/01\/IBERPAC-1-1-e1704988040444.png","jetpack_sharing_enabled":true,"_links":{"self":[{"href":"https:\/\/www.movistar.es\/blog\/wp-json\/wp\/v2\/posts\/22491","targetHints":{"allow":["GET"]}}],"collection":[{"href":"https:\/\/www.movistar.es\/blog\/wp-json\/wp\/v2\/posts"}],"about":[{"href":"https:\/\/www.movistar.es\/blog\/wp-json\/wp\/v2\/types\/post"}],"author":[{"embeddable":true,"href":"https:\/\/www.movistar.es\/blog\/wp-json\/wp\/v2\/users\/202"}],"replies":[{"embeddable":true,"href":"https:\/\/www.movistar.es\/blog\/wp-json\/wp\/v2\/comments?post=22491"}],"version-history":[{"count":1,"href":"https:\/\/www.movistar.es\/blog\/wp-json\/wp\/v2\/posts\/22491\/revisions"}],"predecessor-version":[{"id":22501,"href":"https:\/\/www.movistar.es\/blog\/wp-json\/wp\/v2\/posts\/22491\/revisions\/22501"}],"wp:featuredmedia":[{"embeddable":true,"href":"https:\/\/www.movistar.es\/blog\/wp-json\/wp\/v2\/media\/22494"}],"wp:attachment":[{"href":"https:\/\/www.movistar.es\/blog\/wp-json\/wp\/v2\/media?parent=22491"}],"wp:term":[{"taxonomy":"category","embeddable":true,"href":"https:\/\/www.movistar.es\/blog\/wp-json\/wp\/v2\/categories?post=22491"},{"taxonomy":"post_tag","embeddable":true,"href":"https:\/\/www.movistar.es\/blog\/wp-json\/wp\/v2\/tags?post=22491"},{"taxonomy":"area","embeddable":true,"href":"https:\/\/www.movistar.es\/blog\/wp-json\/wp\/v2\/area?post=22491"},{"taxonomy":"cluster","embeddable":true,"href":"https:\/\/www.movistar.es\/blog\/wp-json\/wp\/v2\/cluster?post=22491"},{"taxonomy":"linea_editorial","embeddable":true,"href":"https:\/\/www.movistar.es\/blog\/wp-json\/wp\/v2\/linea_editorial?post=22491"},{"taxonomy":"author","embeddable":true,"href":"https:\/\/www.movistar.es\/blog\/wp-json\/wp\/v2\/coauthors?post=22491"}],"curies":[{"name":"wp","href":"https:\/\/api.w.org\/{rel}","templated":true}]}}