{"id":22271,"date":"2024-01-09T12:15:51","date_gmt":"2024-01-09T11:15:51","guid":{"rendered":"https:\/\/www.movistar.es\/blog\/?p=22271"},"modified":"2024-03-27T17:33:13","modified_gmt":"2024-03-27T16:33:13","slug":"75o-edicion-premios-emmy-cuando-son-donde-ver-nominados","status":"publish","type":"post","link":"https:\/\/www.movistar.es\/blog\/movistar-plus\/75o-edicion-premios-emmy-cuando-son-donde-ver-nominados\/","title":{"rendered":"75\u00ba edici\u00f3n de los Premios Emmy: cu\u00e1ndo son, d\u00f3nde ver y nominados"},"content":{"rendered":"\n<p>Los <strong>Premios Emmy<\/strong>, una de las celebraciones m\u00e1s destacadas en el mundo de la televisi\u00f3n, est\u00e1n a punto de desplegar su <strong>75\u00ba edici\u00f3n<\/strong>. Sin duda, se trata de la noche m\u00e1s especial dentro del universo de la industria televisiva y esta gala tiene todos los ingredientes para convertirse en una que los espectadores no podr\u00e1n olvidar.<\/p>\n\n\n\n<p>En este art\u00edculo, exploraremos los detalles m\u00e1s importantes sobre la gala, desde su historia hasta las series m\u00e1s destacadas que compiten este a\u00f1o. Adem\u00e1s, te proporcionaremos informaci\u00f3n sobre d\u00f3nde puedes sintonizar esta glamurosa noche y disfrutar de la excelencia televisiva de los Premios Emmy. \u00a1Comencemos!<\/p>\n\n\n\n<blockquote class=\"wp-block-quote is-layout-flow wp-block-quote-is-layout-flow\"><p>El 15 de enero, no te pierdas la gala de los Premios Emmy en Movistar Plus+<\/p><\/blockquote>\n\n\n\n<h2 class=\"wp-block-heading\" id=\"h-que-son-los-premios-emmy-y-cuando-son\">Qu\u00e9 son los Premios Emmy y cu\u00e1ndo son <\/h2>\n\n\n\n<p>La ceremonia de los Premios Emmy se ha convertido en un evento anual <strong>desde 1949<\/strong>, honrando las producciones televisivas m\u00e1s destacadas con premios otorgados por la Academia de Artes y Ciencias de la Televisi\u00f3n. Aunque a lo largo del a\u00f1o se premian categor\u00edas m\u00e1s t\u00e9cnicas, los Premios Emmy son el epicentro que atrae a las mayores celebridades televisivas. <\/p>\n\n\n\n<p>La 75\u00aa edici\u00f3n, originalmente programada para septiembre de 2023, se celebrar\u00e1 el <strong>15 de enero<\/strong> de 2024, tras un aplazamiento debido a la huelga de guionistas. Este a\u00f1o, entre las nominaciones, nos encontramos con series absolutamente imperdibles y actores y actrices de primer\u00edsimo nivel. \u00bfQuieres conocer todas las nominaciones de los Premios Emmy 2023? Entonces, \u00a1sigue leyendo!<\/p>\n\n\n\n<h2 class=\"wp-block-heading\" class=\"wp-block-heading\" id=\"nominaciones-de-los-premios-emmy-2023\">Nominaciones de los Premios Emmy 2023<\/h2>\n\n\n\n<p>El 12 de julio, se revelaron los nombres de los afortunados que competir\u00e1n por los codiciados galardones. <strong>HBO<\/strong> lidera con un total de 127 nominaciones, destacando t\u00edtulos como <strong><a href=\"https:\/\/www.bbc.com\/mundo\/noticias-65749861\" target=\"_blank\" rel=\"noreferrer noopener\">&#8216;Succession&#8217;<\/a><\/strong>, <strong>&#8216;The White Lotus&#8217; y &#8216;The Last Of Us&#8217;<\/strong>. Le sigue de cerca <strong>Apple TV+ <\/strong>con <strong>&#8216;Ted Lasso&#8217; <\/strong>acumulando <strong>21 nominaciones<\/strong>. En <strong>Movistar Plus+<\/strong>, comprometido siempre con contenidos televisivos de calidad, cuenta en su cat\u00e1logo con series como nominadas como <strong>&#8216;Yellowjackets&#8217;, &#8216;Last Week Tonight with Jon Oliver&#8217;, &#8216;Better Call Saul&#8217;, &#8216;Saturday Night Live&#8217; y &#8216;Weird: The AI Yankovic Story&#8217;<\/strong>.<\/p>\n\n\n\n<p>Algunas de las nominaciones m\u00e1s importantes son las siguientes:<\/p>\n\n\n\n<h3 class=\"wp-block-heading\" class=\"wp-block-heading\" id=\"mejor-serie-de-drama\">Mejor serie de drama<\/h3>\n\n\n\n<ul class=\"wp-block-list\"><li>&#8216;Succession&#8217;<\/li><li>&#8216;The White Lotus&#8217;<\/li><li>&#8216;The Crown&#8217;<\/li><li>&#8216;La Casa del Drag\u00f3n&#8217;<\/li><li>&#8216;The Last of Us&#8217;<\/li><li>&#8216;Andor&#8217;<\/li><li>&#8216;Better Call Saul&#8217;<\/li><li>&#8216;Yellowjackets&#8217;<\/li><\/ul>\n\n\n\n<figure class=\"wp-block-image size-large\"><img loading=\"lazy\" decoding=\"async\" height=\"576\" width=\"1024\" src=\"https:\/\/www.movistar.es\/blog\/wp-content\/uploads\/sites\/3\/2024\/01\/hbo-series-succession.jpg?w=1024\" alt=\"\" class=\"wp-image-22277\" srcset=\"https:\/\/www.movistar.es\/blog\/wp-content\/uploads\/sites\/3\/2024\/01\/hbo-series-succession.jpg 1920w, https:\/\/www.movistar.es\/blog\/wp-content\/uploads\/sites\/3\/2024\/01\/hbo-series-succession.jpg?resize=300,169 300w, https:\/\/www.movistar.es\/blog\/wp-content\/uploads\/sites\/3\/2024\/01\/hbo-series-succession.jpg?resize=768,432 768w, https:\/\/www.movistar.es\/blog\/wp-content\/uploads\/sites\/3\/2024\/01\/hbo-series-succession.jpg?resize=1024,576 1024w, https:\/\/www.movistar.es\/blog\/wp-content\/uploads\/sites\/3\/2024\/01\/hbo-series-succession.jpg?resize=1536,864 1536w\" sizes=\"auto, (max-width: 1024px) 100vw, 1024px\" \/><\/figure>\n\n\n\n<h3 class=\"wp-block-heading\" class=\"wp-block-heading\" id=\"mejor-serie-de-comedia\">Mejor serie de comedia<\/h3>\n\n\n\n<ul class=\"wp-block-list\"><li>&#8216;Abbott Elementary&#8217;<\/li><li>&#8216;Barry&#8217;<\/li><li>&#8216;Mi\u00e9rcoles&#8217;<\/li><li>&#8216;The Bear&#8217;<\/li><li>&#8216;Jury Duty&#8217;<\/li><li>&#8216;La maravillosa Se\u00f1ora Maisel&#8217;<\/li><li>&#8216;Solo asesinatos en el edificio&#8217;<\/li><li>&#8216;Ted Lasso&#8217;<\/li><\/ul>\n\n\n\n<h3 class=\"wp-block-heading\" class=\"wp-block-heading\" id=\"mejor-miniserie-o-serie-antologica\">Mejor miniserie o serie antol\u00f3gica<\/h3>\n\n\n\n<ul class=\"wp-block-list\"><li>&#8216;Beef&#8217;<\/li><li>&#8216;Monstruo: la historia de Jeffrey Dahmer&#8217;<\/li><li>&#8216;Todos quieren a Daisy Jones&#8217;<\/li><li>&#8216;Fleishman est\u00e1 en apuros&#8217;<\/li><li>&#8216;Obi-Wan Kenobi&#8217;<\/li><\/ul>\n\n\n\n<h3 class=\"wp-block-heading\" class=\"wp-block-heading\" id=\"mejor-actor-protagonista-de-drama\">Mejor actor protagonista de drama<\/h3>\n\n\n\n<ul class=\"wp-block-list\"><li>Jeff Bridges (&#8216;The Old Man&#8217;)<\/li><li>Brian Cox (&#8216;Succession&#8217;)<\/li><li>Kieran Culkin (&#8216;Succession&#8217;)<\/li><li>Bob Odenkirk (&#8216;Better Call Saul&#8217;)<\/li><li>Pedro Pascal (&#8216;The Last of Us&#8217;)<\/li><li>Jeremy Strong (&#8216;Succession&#8217;)<\/li><\/ul>\n\n\n\n<h3 class=\"wp-block-heading\" class=\"wp-block-heading\" id=\"mejor-actriz-protagonista-de-drama\">Mejor actriz protagonista de drama<\/h3>\n\n\n\n<ul class=\"wp-block-list\"><li>Sharon Horgan (&#8216;Bad Sisters&#8217;)<\/li><li>Melanie Lynskey (&#8216;Yellowjackets&#8217;)<\/li><li>Elisabeth Moss (&#8216;El Cuento de la Criada&#8217;)<\/li><li>Bella Ramsey (&#8216;The Last of Us&#8217;)<\/li><li>Keri Russell (&#8216;La diplom\u00e1tica&#8217;)<\/li><li>Sarah Snook (&#8216;Succession&#8217;)<\/li><\/ul>\n\n\n\n<figure class=\"wp-block-image size-large\"><img loading=\"lazy\" decoding=\"async\" height=\"576\" width=\"1024\" src=\"https:\/\/www.movistar.es\/blog\/wp-content\/uploads\/sites\/3\/2024\/01\/the-last-of-us-bella-ramsey-isnt-afraid-of-backlash-over-lgb_f5h8.jpg?w=1024\" alt=\"premios emmy\" class=\"wp-image-22278\" srcset=\"https:\/\/www.movistar.es\/blog\/wp-content\/uploads\/sites\/3\/2024\/01\/the-last-of-us-bella-ramsey-isnt-afraid-of-backlash-over-lgb_f5h8.jpg 1280w, https:\/\/www.movistar.es\/blog\/wp-content\/uploads\/sites\/3\/2024\/01\/the-last-of-us-bella-ramsey-isnt-afraid-of-backlash-over-lgb_f5h8.jpg?resize=300,169 300w, https:\/\/www.movistar.es\/blog\/wp-content\/uploads\/sites\/3\/2024\/01\/the-last-of-us-bella-ramsey-isnt-afraid-of-backlash-over-lgb_f5h8.jpg?resize=768,432 768w, https:\/\/www.movistar.es\/blog\/wp-content\/uploads\/sites\/3\/2024\/01\/the-last-of-us-bella-ramsey-isnt-afraid-of-backlash-over-lgb_f5h8.jpg?resize=1024,576 1024w\" sizes=\"auto, (max-width: 1024px) 100vw, 1024px\" \/><\/figure>\n\n\n\n<h3 class=\"wp-block-heading\" class=\"wp-block-heading\" id=\"mejor-actor-protagonista-de-comedia\">Mejor actor protagonista de comedia<\/h3>\n\n\n\n<ul class=\"wp-block-list\"><li>Bill Hader (&#8216;Barry&#8217;)<\/li><li>Martin Short (&#8216;Solo asesinatos en el edificio&#8217;)<\/li><li>Jason Segel (&#8216;Terapia sin filtro&#8217;)<\/li><li>Jason Sudeikis (&#8216;Ted Lasso&#8217;)<\/li><li>Jeremy Allen White (&#8216;The Bear&#8217;)<\/li><\/ul>\n\n\n\n<h3 class=\"wp-block-heading\" class=\"wp-block-heading\" id=\"mejor-actriz-protagonista-de-comedia\">Mejor actriz protagonista de comedia<\/h3>\n\n\n\n<ul class=\"wp-block-list\"><li>Christina Applegate (&#8216;Dead to Me&#8217;)<\/li><li>Rachel Brosnahan (&#8216;La maravillosa Se\u00f1ora Maisel&#8217;)<\/li><li>Quinta Brunson (&#8216;Colegio Abbott&#8217;)<\/li><li>Natasha Lyonne (&#8216;Poker Face&#8217;)<\/li><li>Jenna Ortega (&#8216;Mi\u00e9rcoles&#8217;)<\/li><\/ul>\n\n\n\n<h3 class=\"wp-block-heading\" class=\"wp-block-heading\" id=\"mejor-actor-protagonista-de-miniserie-o-pelicula-para-television\">Mejor actor protagonista de miniserie o pel\u00edcula para televisi\u00f3n<\/h3>\n\n\n\n<ul class=\"wp-block-list\"><li>Taron Egerton (&#8216;Black Bird&#8217;)<\/li><li>Kumail Nanjiani (&#8216;Bienvenidos a Chippendales&#8217;)<\/li><li>Evan Peters (&#8216;Monstruo: la historia de Jeffrey Dahmer&#8217;)<\/li><li>Daniel Radcliffe (&#8216;Weird: La historia de Al Yankovic&#8217;)<\/li><li>Michael Shannon (&#8216;George &amp; Tammy&#8217;)<\/li><li>Steven Yeun (&#8216;Beef&#8217;)<\/li><\/ul>\n\n\n\n<h3 class=\"wp-block-heading\" class=\"wp-block-heading\" id=\"mejor-actriz-protagonista-de-miniserie-o-pelicula-para-television\">Mejor actriz protagonista de miniserie o pel\u00edcula para televisi\u00f3n<\/h3>\n\n\n\n<ul class=\"wp-block-list\"><li>Ali Wong (&#8216;Beef&#8217;)<\/li><li>Dominique Fishback (&#8216;Swarm&#8217;)<\/li><li>Jessica Chastain (&#8216;George &amp; Tammy&#8217;)<\/li><li>Kathryn Hahn (&#8216;Tiny Beautiful Things&#8217;)<\/li><li>Lizzy Caplan (&#8216;Fleishman est\u00e1 en apuros&#8217;)<\/li><li>Riley Keough (&#8216;Todos quieren a Daisy Jones&#8217;)<\/li><\/ul>\n\n\n\n<h3 class=\"wp-block-heading\" class=\"wp-block-heading\" id=\"mejor-actor-secundario-de-drama\">Mejor actor secundario de drama<\/h3>\n\n\n\n<ul class=\"wp-block-list\"><li>F. Murray Abraham (&#8216;The White Lotus&#8217;)<\/li><li>Nicholas Braun (&#8216;Succession&#8217;)<\/li><li>Michael Imperioli (&#8216;The White Lotus&#8217;)<\/li><li>Theo James (&#8216;The White Lotus&#8217;)<\/li><li>Matthew Macfadyen (&#8216;Succession&#8217;)<\/li><li>Alan Ruck (&#8216;Succession&#8217;)<\/li><li>Will Sharpe (&#8216;The White Lotus&#8217;)<\/li><li>Alexander Skarsg\u00e5rd (&#8216;Succession&#8217;)<\/li><\/ul>\n\n\n\n<figure class=\"wp-block-image size-large\"><img loading=\"lazy\" decoding=\"async\" height=\"576\" width=\"1024\" src=\"https:\/\/www.movistar.es\/blog\/wp-content\/uploads\/sites\/3\/2024\/01\/6399919b4bc8d.r_d.600-400-10000.jpeg?w=1024\" alt=\"premios emmy\" class=\"wp-image-22279\" srcset=\"https:\/\/www.movistar.es\/blog\/wp-content\/uploads\/sites\/3\/2024\/01\/6399919b4bc8d.r_d.600-400-10000.jpeg 1200w, https:\/\/www.movistar.es\/blog\/wp-content\/uploads\/sites\/3\/2024\/01\/6399919b4bc8d.r_d.600-400-10000.jpeg?resize=300,169 300w, https:\/\/www.movistar.es\/blog\/wp-content\/uploads\/sites\/3\/2024\/01\/6399919b4bc8d.r_d.600-400-10000.jpeg?resize=768,432 768w, https:\/\/www.movistar.es\/blog\/wp-content\/uploads\/sites\/3\/2024\/01\/6399919b4bc8d.r_d.600-400-10000.jpeg?resize=1024,576 1024w\" sizes=\"auto, (max-width: 1024px) 100vw, 1024px\" \/><\/figure>\n\n\n\n<h2 class=\"wp-block-heading\" class=\"wp-block-heading\" id=\"mejor-actriz-secundaria-de-drama\">Mejor actriz secundaria de drama<\/h2>\n\n\n\n<ul class=\"wp-block-list\"><li>Jennifer Coolidge (&#8216;The White Lotus&#8217;)<\/li><li>Elizabeth Debicki (&#8216;The Crown&#8217;)<\/li><li>Meghann Fahy (&#8216;The White Lotus&#8217;)<\/li><li>Sabrina Impacciatore (&#8216;The White Lotus&#8217;)<\/li><li>Aubrey Plaza (&#8216;The White Lotus&#8217;)<\/li><li>Rhea Seehorn (&#8216;Better Call Saul&#8217;)<\/li><li>J. Smith-Cameron (&#8216;Succession&#8217;)<\/li><li>Simona Tabasco (&#8216;The White Lotus&#8217;)<\/li><\/ul>\n\n\n\n<h3 class=\"wp-block-heading\" class=\"wp-block-heading\" id=\"mejor-actor-secundario-de-comedia\">Mejor actor secundario de comedia<\/h3>\n\n\n\n<ul class=\"wp-block-list\"><li>Anthony Carrigan (&#8216;Barry&#8217;)<\/li><li>Phil Dunster (&#8216;Ted Lasso&#8217;)<\/li><li>Brett Goldstein (&#8216;Ted Lasso&#8217;)<\/li><li>James Marsden (&#8216;Jury Duty&#8217;)<\/li><li>Ebon Moss-Bachrach (&#8216;The Bear&#8217;)<\/li><li>Tyler James Williams (&#8216;Colegio Abbott&#8217;)<\/li><li>Henry Winkler (&#8216;Barry&#8217;)<\/li><\/ul>\n\n\n\n<h3 class=\"wp-block-heading\" class=\"wp-block-heading\" id=\"mejor-actriz-secundaria-de-comedia\">Mejor actriz secundaria de comedia<\/h3>\n\n\n\n<ul class=\"wp-block-list\"><li>Alex Borstein (&#8216;La maravillosa Se\u00f1ora Maisel&#8217;)<\/li><li>Ayo Edebiri (&#8216;The Bear&#8217;)<\/li><li>Janelle James (&#8216;Colegio Abbott&#8217;)<\/li><li>Sheryl Lee Ralph (&#8216;Colegio Abbott&#8217;)<\/li><li>Juno Temple (&#8216;Ted Lasso&#8217;)<\/li><li>Hannah Waddingham (&#8216;Ted Lasso&#8217;)<\/li><li>Jessica Williams (&#8216;Terapia sin filtro&#8217;)<\/li><\/ul>\n\n\n\n<h3 class=\"wp-block-heading\" class=\"wp-block-heading\" id=\"mejor-actor-secundario-en-una-miniserie-o-pelicula-para-television\">Mejor actor secundario en una miniserie o pel\u00edcula para televisi\u00f3n<\/h3>\n\n\n\n<ul class=\"wp-block-list\"><li>Paul Walter Hauser (&#8216;Black Bird&#8217;)<\/li><li>Richard Jenkins (&#8216;Monstruo: la historia de Jeffrey Dahmer&#8217;)<\/li><li>Ray Liotta (&#8216;Black Bird&#8217;)<\/li><li>Jesse Plemons (&#8216;Love &amp; Death&#8217;)<\/li><li>Domhnall Gleeson (&#8216;El paciente&#8217;)<\/li><li>Justin Theroux (&#8216;White House Plumbers&#8217;)<\/li><li>Murray Bartlett (&#8216;Bienvenidos a Chippendales&#8217;)<\/li><\/ul>\n\n\n\n<h3 class=\"wp-block-heading\" class=\"wp-block-heading\" id=\"mejor-actriz-secundaria-en-una-miniserie-o-pelicula-para-television\">Mejor actriz secundaria en una miniserie o pel\u00edcula para televisi\u00f3n<\/h3>\n\n\n\n<ul class=\"wp-block-list\"><li>Niecy Nash (&#8216;Monstruo: la historia de Jeffrey Dahmer&#8217;)<\/li><li>Claire Danes (&#8216;Fleishman is in Trouble&#8217;)<\/li><li>Michael Learned (&#8216;Monstruo: la historia de Jeffrey Dahmer&#8217;)<\/li><li>Olivia Colman (&#8216;Grandes esperanzas&#8217;)<\/li><li>Maria Bello (&#8216;Beef&#8217;)<\/li><li>Merritt Wever (&#8216;Tiny Beautiful Things&#8217;)<\/li><li>Lena Headey (&#8216;White House Plumbers&#8217;)<\/li><\/ul>\n\n\n\n<h2 class=\"wp-block-heading\" class=\"wp-block-heading\" id=\"donde-puedes-ver-la-gala-de-los-premios-emmy-2023\">\u00bfD\u00f3nde puedes ver la gala de los Premios Emmy 2023?<\/h2>\n\n\n\n<p>Si deseas disfrutar de los <strong>Premios Emmy 2023<\/strong>, la gala m\u00e1s destacada de la industria televisiva, as\u00ed como de eventos clave como los <strong>Premios Oscar <\/strong>o los <strong>BAFTA<\/strong>, <strong>Movistar Plus+<\/strong> es tu aliado perfecto. Y es que este a\u00f1o podr\u00e1s disfrutar all\u00ed los <strong><a href=\"https:\/\/www.movistar.es\/blog\/movistar-plus\/premios-cine-movistar-plus\/\" target=\"_blank\" rel=\"noreferrer noopener\">principales premios<\/a><\/strong> dedicados a la industria cinematogr\u00e1fica, adem\u00e1s de las mejores pel\u00edculas, series, documentales, programas, deportes y mucho m\u00e1s. \u00bfCu\u00e1l es la mejor forma de disfrutar todo este contenido? La respuesta es haci\u00e9ndote cliente de <strong>miMovistar<\/strong>.<\/p>\n\n\n\n<p>Al hacerte cliente de miMovistar, no solo acceder\u00e1s a una <strong>amplia variedad de contenidos<\/strong>, como pel\u00edculas, documentales, programas y deportes, sino que tambi\u00e9n disfrutar\u00e1s de <strong>TV Premium con Internet, L\u00ednea M\u00f3vil y Dispositivo<\/strong>, todo en un \u00fanico paquete.<\/p>\n\n\n\n<p>Si eres un amante de la ficci\u00f3n, el paquete <strong>Ficci\u00f3n Total<\/strong> te brindar\u00e1 acceso al mejor y m\u00e1s completo contenido, ya que Movistar ha a\u00f1adido recientemente a su cat\u00e1logo las producciones de <strong>HBO Max y SkyShowtime<\/strong>.<\/p>\n\n\n\n<p>En resumen, si deseas disfrutar de los Premios Emmy 2023 y mucho m\u00e1s, <strong><a href=\"https:\/\/www.movistar.es\/particulares\/mimovistar\/\" target=\"_blank\" rel=\"noreferrer noopener\">convi\u00e9rtete en cliente de Movistar<\/a><\/strong> y encuentra todo lo que siempre quisiste aqu\u00ed.<\/p>\n","protected":false},"excerpt":{"rendered":"<p>Los Premios Emmy, una de las celebraciones m\u00e1s destacadas en el mundo de la televisi\u00f3n, est\u00e1n a punto de desplegar su 75\u00ba edici\u00f3n. Sin duda, se trata de la noche m\u00e1s especial dentro del universo [&hellip;]<\/p>\n","protected":false},"author":82,"featured_media":22275,"comment_status":"closed","ping_status":"closed","sticky":false,"template":"","format":"standard","meta":{"site-sidebar-layout":"default","site-content-layout":"","ast-site-content-layout":"","site-content-style":"default","site-sidebar-style":"default","ast-global-header-display":"","ast-banner-title-visibility":"","ast-main-header-display":"","ast-hfb-above-header-display":"","ast-hfb-below-header-display":"","ast-hfb-mobile-header-display":"","site-post-title":"","ast-breadcrumbs-content":"","ast-featured-img":"","footer-sml-layout":"","theme-transparent-header-meta":"","adv-header-id-meta":"","stick-header-meta":"","header-above-stick-meta":"","header-main-stick-meta":"","header-below-stick-meta":"","astra-migrate-meta-layouts":"default","ast-page-background-enabled":"default","ast-page-background-meta":{"desktop":{"background-color":"var(--ast-global-color-4)","background-image":"","background-repeat":"repeat","background-position":"center center","background-size":"auto","background-attachment":"scroll","background-type":"","background-media":"","overlay-type":"","overlay-color":"","overlay-opacity":"","overlay-gradient":""},"tablet":{"background-color":"","background-image":"","background-repeat":"repeat","background-position":"center center","background-size":"auto","background-attachment":"scroll","background-type":"","background-media":"","overlay-type":"","overlay-color":"","overlay-opacity":"","overlay-gradient":""},"mobile":{"background-color":"","background-image":"","background-repeat":"repeat","background-position":"center center","background-size":"auto","background-attachment":"scroll","background-type":"","background-media":"","overlay-type":"","overlay-color":"","overlay-opacity":"","overlay-gradient":""}},"ast-content-background-meta":{"desktop":{"background-color":"var(--ast-global-color-5)","background-image":"","background-repeat":"repeat","background-position":"center center","background-size":"auto","background-attachment":"scroll","background-type":"","background-media":"","overlay-type":"","overlay-color":"","overlay-opacity":"","overlay-gradient":""},"tablet":{"background-color":"var(--ast-global-color-5)","background-image":"","background-repeat":"repeat","background-position":"center center","background-size":"auto","background-attachment":"scroll","background-type":"","background-media":"","overlay-type":"","overlay-color":"","overlay-opacity":"","overlay-gradient":""},"mobile":{"background-color":"var(--ast-global-color-5)","background-image":"","background-repeat":"repeat","background-position":"center center","background-size":"auto","background-attachment":"scroll","background-type":"","background-media":"","overlay-type":"","overlay-color":"","overlay-opacity":"","overlay-gradient":""}},"_jetpack_memberships_contains_paid_content":false,"footnotes":""},"categories":[1],"tags":[],"area":[427],"cluster":[45],"linea_editorial":[],"coauthors":[411],"class_list":["post-22271","post","type-post","status-publish","format-standard","has-post-thumbnail","hentry","category-sin-categoria","area-gametv","cluster-movistar-plus"],"yoast_head":"<!-- This site is optimized with the Yoast SEO Premium plugin v25.5 (Yoast SEO v25.5) - https:\/\/yoast.com\/wordpress\/plugins\/seo\/ -->\n<title>75\u00ba edici\u00f3n de los Premios Emmy: cu\u00e1ndo son, d\u00f3nde ver y nominados<\/title>\n<meta name=\"description\" content=\"Te contamos todo lo que necesitas saber sobre las 75\u00ba edici\u00f3n de los Premios Emmy que podr\u00e1s ver en Movistar Plus+.\" \/>\n<meta name=\"robots\" content=\"index, follow, max-snippet:-1, max-image-preview:large, max-video-preview:-1\" \/>\n<link rel=\"canonical\" href=\"https:\/\/www.movistar.es\/blog\/movistar-plus\/75o-edicion-premios-emmy-cuando-son-donde-ver-nominados\/\" \/>\n<meta property=\"og:locale\" content=\"es_ES\" \/>\n<meta property=\"og:type\" content=\"article\" \/>\n<meta property=\"og:title\" content=\"75\u00ba edici\u00f3n de los Premios Emmy: cu\u00e1ndo son, d\u00f3nde ver y nominados\" \/>\n<meta property=\"og:description\" content=\"Te contamos todo lo que necesitas saber sobre las 75\u00ba edici\u00f3n de los Premios Emmy que podr\u00e1s ver en Movistar Plus+.\" \/>\n<meta property=\"og:url\" content=\"https:\/\/www.movistar.es\/blog\/movistar-plus\/75o-edicion-premios-emmy-cuando-son-donde-ver-nominados\/\" \/>\n<meta property=\"og:site_name\" content=\"Movistar blog\" \/>\n<meta property=\"article:published_time\" content=\"2024-01-09T11:15:51+00:00\" \/>\n<meta property=\"article:modified_time\" content=\"2024-03-27T16:33:13+00:00\" \/>\n<meta property=\"og:image\" content=\"https:\/\/www.movistar.es\/blog\/wp-content\/uploads\/sites\/3\/2024\/01\/63201d2c132a7.jpg\" \/>\n\t<meta property=\"og:image:width\" content=\"1920\" \/>\n\t<meta property=\"og:image:height\" content=\"1080\" \/>\n\t<meta property=\"og:image:type\" content=\"image\/jpeg\" \/>\n<meta name=\"author\" content=\"Juan Carrasco\" \/>\n<meta name=\"twitter:card\" content=\"summary_large_image\" \/>\n<meta name=\"twitter:creator\" content=\"@juan_villain\" \/>\n<meta name=\"twitter:label1\" content=\"Written by\" \/>\n\t<meta name=\"twitter:data1\" content=\"Juan Carrasco\" \/>\n\t<meta name=\"twitter:label2\" content=\"Est. reading time\" \/>\n\t<meta name=\"twitter:data2\" content=\"6 minutos\" \/>\n<script type=\"application\/ld+json\" class=\"yoast-schema-graph\">{\"@context\":\"https:\/\/schema.org\",\"@graph\":[{\"@type\":\"Article\",\"@id\":\"https:\/\/www.movistar.es\/blog\/movistar-plus\/75o-edicion-premios-emmy-cuando-son-donde-ver-nominados\/#article\",\"isPartOf\":{\"@id\":\"https:\/\/www.movistar.es\/blog\/movistar-plus\/75o-edicion-premios-emmy-cuando-son-donde-ver-nominados\/\"},\"author\":{\"name\":\"Juan Carrasco\",\"@id\":\"https:\/\/www.movistar.es\/blog\/#\/schema\/person\/aa90a598b429d06707d7bbdcc4ac52bf\"},\"headline\":\"75\u00ba edici\u00f3n de los Premios Emmy: cu\u00e1ndo son, d\u00f3nde ver y nominados\",\"datePublished\":\"2024-01-09T11:15:51+00:00\",\"dateModified\":\"2024-03-27T16:33:13+00:00\",\"mainEntityOfPage\":{\"@id\":\"https:\/\/www.movistar.es\/blog\/movistar-plus\/75o-edicion-premios-emmy-cuando-son-donde-ver-nominados\/\"},\"wordCount\":1108,\"publisher\":{\"@id\":\"https:\/\/www.movistar.es\/blog\/#organization\"},\"image\":{\"@id\":\"https:\/\/www.movistar.es\/blog\/movistar-plus\/75o-edicion-premios-emmy-cuando-son-donde-ver-nominados\/#primaryimage\"},\"thumbnailUrl\":\"https:\/\/www.movistar.es\/blog\/wp-content\/uploads\/sites\/3\/2024\/01\/63201d2c132a7.jpg\",\"inLanguage\":\"es\"},{\"@type\":\"WebPage\",\"@id\":\"https:\/\/www.movistar.es\/blog\/movistar-plus\/75o-edicion-premios-emmy-cuando-son-donde-ver-nominados\/\",\"url\":\"https:\/\/www.movistar.es\/blog\/movistar-plus\/75o-edicion-premios-emmy-cuando-son-donde-ver-nominados\/\",\"name\":\"75\u00ba edici\u00f3n de los Premios Emmy: cu\u00e1ndo son, d\u00f3nde ver y nominados\",\"isPartOf\":{\"@id\":\"https:\/\/www.movistar.es\/blog\/#website\"},\"primaryImageOfPage\":{\"@id\":\"https:\/\/www.movistar.es\/blog\/movistar-plus\/75o-edicion-premios-emmy-cuando-son-donde-ver-nominados\/#primaryimage\"},\"image\":{\"@id\":\"https:\/\/www.movistar.es\/blog\/movistar-plus\/75o-edicion-premios-emmy-cuando-son-donde-ver-nominados\/#primaryimage\"},\"thumbnailUrl\":\"https:\/\/www.movistar.es\/blog\/wp-content\/uploads\/sites\/3\/2024\/01\/63201d2c132a7.jpg\",\"datePublished\":\"2024-01-09T11:15:51+00:00\",\"dateModified\":\"2024-03-27T16:33:13+00:00\",\"description\":\"Te contamos todo lo que necesitas saber sobre las 75\u00ba edici\u00f3n de los Premios Emmy que podr\u00e1s ver en Movistar Plus+.\",\"breadcrumb\":{\"@id\":\"https:\/\/www.movistar.es\/blog\/movistar-plus\/75o-edicion-premios-emmy-cuando-son-donde-ver-nominados\/#breadcrumb\"},\"inLanguage\":\"es\",\"potentialAction\":[{\"@type\":\"ReadAction\",\"target\":[\"https:\/\/www.movistar.es\/blog\/movistar-plus\/75o-edicion-premios-emmy-cuando-son-donde-ver-nominados\/\"]}]},{\"@type\":\"ImageObject\",\"inLanguage\":\"es\",\"@id\":\"https:\/\/www.movistar.es\/blog\/movistar-plus\/75o-edicion-premios-emmy-cuando-son-donde-ver-nominados\/#primaryimage\",\"url\":\"https:\/\/www.movistar.es\/blog\/wp-content\/uploads\/sites\/3\/2024\/01\/63201d2c132a7.jpg\",\"contentUrl\":\"https:\/\/www.movistar.es\/blog\/wp-content\/uploads\/sites\/3\/2024\/01\/63201d2c132a7.jpg\",\"width\":1920,\"height\":1080,\"caption\":\"premios emmy\"},{\"@type\":\"BreadcrumbList\",\"@id\":\"https:\/\/www.movistar.es\/blog\/movistar-plus\/75o-edicion-premios-emmy-cuando-son-donde-ver-nominados\/#breadcrumb\",\"itemListElement\":[{\"@type\":\"ListItem\",\"position\":1,\"name\":\"Home\",\"item\":\"https:\/\/www.movistar.es\/blog\/\"},{\"@type\":\"ListItem\",\"position\":2,\"name\":\"75\u00ba edici\u00f3n de los Premios Emmy: cu\u00e1ndo son, d\u00f3nde ver y nominados\"}]},{\"@type\":\"WebSite\",\"@id\":\"https:\/\/www.movistar.es\/blog\/#website\",\"url\":\"https:\/\/www.movistar.es\/blog\/\",\"name\":\"Movistar blog\",\"description\":\"Movistar Blog. Informaci\u00f3n y m\u00e1s sobre los productos y servicios de Movistar\",\"publisher\":{\"@id\":\"https:\/\/www.movistar.es\/blog\/#organization\"},\"potentialAction\":[{\"@type\":\"SearchAction\",\"target\":{\"@type\":\"EntryPoint\",\"urlTemplate\":\"https:\/\/www.movistar.es\/blog\/?s={search_term_string}\"},\"query-input\":{\"@type\":\"PropertyValueSpecification\",\"valueRequired\":true,\"valueName\":\"search_term_string\"}}],\"inLanguage\":\"es\"},{\"@type\":\"Organization\",\"@id\":\"https:\/\/www.movistar.es\/blog\/#organization\",\"name\":\"Movistar blog\",\"url\":\"https:\/\/www.movistar.es\/blog\/\",\"logo\":{\"@type\":\"ImageObject\",\"inLanguage\":\"es\",\"@id\":\"https:\/\/www.movistar.es\/blog\/#\/schema\/logo\/image\/\",\"url\":\"https:\/\/www.movistar.es\/blog\/wp-content\/uploads\/sites\/3\/2022\/05\/logo_movistar-1.svg\",\"contentUrl\":\"https:\/\/www.movistar.es\/blog\/wp-content\/uploads\/sites\/3\/2022\/05\/logo_movistar-1.svg\",\"width\":369,\"height\":272,\"caption\":\"Movistar blog\"},\"image\":{\"@id\":\"https:\/\/www.movistar.es\/blog\/#\/schema\/logo\/image\/\"}},{\"@type\":\"Person\",\"@id\":\"https:\/\/www.movistar.es\/blog\/#\/schema\/person\/aa90a598b429d06707d7bbdcc4ac52bf\",\"name\":\"Juan Carrasco\",\"image\":{\"@type\":\"ImageObject\",\"inLanguage\":\"es\",\"@id\":\"https:\/\/www.movistar.es\/blog\/#\/schema\/person\/image\/7421c948a853e8c530a92c2fadaedff4\",\"url\":\"https:\/\/secure.gravatar.com\/avatar\/6429585a3827db718673dd63fffad1d627420ccb06536b49762c4345a5b61954\",\"contentUrl\":\"https:\/\/secure.gravatar.com\/avatar\/6429585a3827db718673dd63fffad1d627420ccb06536b49762c4345a5b61954\",\"caption\":\"Juan Carrasco\"},\"description\":\"Juan Carrasco cuenta con un grado universitario en Literatura General y Comparada y un m\u00e1ster en Cr\u00edtica y Comunicaci\u00f3n Cultural. Actualmente, forma parte del equipo de redacci\u00f3n de Movistar eSports, medio referente de gaming, esports y entretenimiento digital. Desde que agarr\u00f3 una Game Boy por primera vez, no ha podido dejar de ver el mundo en 8 bits.\",\"sameAs\":[\"https:\/\/x.com\/juan_villain\"],\"knowsAbout\":[\"gaming\",\"consolas\",\"videojuegos\",\"streaming\"],\"url\":\"https:\/\/www.movistar.es\/blog\/author\/jasensio\/\"}]}<\/script>\n<!-- \/ Yoast SEO Premium plugin. -->","yoast_head_json":{"title":"75\u00ba edici\u00f3n de los Premios Emmy: cu\u00e1ndo son, d\u00f3nde ver y nominados","description":"Te contamos todo lo que necesitas saber sobre las 75\u00ba edici\u00f3n de los Premios Emmy que podr\u00e1s ver en Movistar Plus+.","robots":{"index":"index","follow":"follow","max-snippet":"max-snippet:-1","max-image-preview":"max-image-preview:large","max-video-preview":"max-video-preview:-1"},"canonical":"https:\/\/www.movistar.es\/blog\/movistar-plus\/75o-edicion-premios-emmy-cuando-son-donde-ver-nominados\/","og_locale":"es_ES","og_type":"article","og_title":"75\u00ba edici\u00f3n de los Premios Emmy: cu\u00e1ndo son, d\u00f3nde ver y nominados","og_description":"Te contamos todo lo que necesitas saber sobre las 75\u00ba edici\u00f3n de los Premios Emmy que podr\u00e1s ver en Movistar Plus+.","og_url":"https:\/\/www.movistar.es\/blog\/movistar-plus\/75o-edicion-premios-emmy-cuando-son-donde-ver-nominados\/","og_site_name":"Movistar blog","article_published_time":"2024-01-09T11:15:51+00:00","article_modified_time":"2024-03-27T16:33:13+00:00","og_image":[{"width":1920,"height":1080,"url":"https:\/\/www.movistar.es\/blog\/wp-content\/uploads\/sites\/3\/2024\/01\/63201d2c132a7.jpg","type":"image\/jpeg"}],"author":"Juan Carrasco","twitter_card":"summary_large_image","twitter_creator":"@juan_villain","twitter_misc":{"Written by":"Juan Carrasco","Est. reading time":"6 minutos"},"schema":{"@context":"https:\/\/schema.org","@graph":[{"@type":"Article","@id":"https:\/\/www.movistar.es\/blog\/movistar-plus\/75o-edicion-premios-emmy-cuando-son-donde-ver-nominados\/#article","isPartOf":{"@id":"https:\/\/www.movistar.es\/blog\/movistar-plus\/75o-edicion-premios-emmy-cuando-son-donde-ver-nominados\/"},"author":{"name":"Juan Carrasco","@id":"https:\/\/www.movistar.es\/blog\/#\/schema\/person\/aa90a598b429d06707d7bbdcc4ac52bf"},"headline":"75\u00ba edici\u00f3n de los Premios Emmy: cu\u00e1ndo son, d\u00f3nde ver y nominados","datePublished":"2024-01-09T11:15:51+00:00","dateModified":"2024-03-27T16:33:13+00:00","mainEntityOfPage":{"@id":"https:\/\/www.movistar.es\/blog\/movistar-plus\/75o-edicion-premios-emmy-cuando-son-donde-ver-nominados\/"},"wordCount":1108,"publisher":{"@id":"https:\/\/www.movistar.es\/blog\/#organization"},"image":{"@id":"https:\/\/www.movistar.es\/blog\/movistar-plus\/75o-edicion-premios-emmy-cuando-son-donde-ver-nominados\/#primaryimage"},"thumbnailUrl":"https:\/\/www.movistar.es\/blog\/wp-content\/uploads\/sites\/3\/2024\/01\/63201d2c132a7.jpg","inLanguage":"es"},{"@type":"WebPage","@id":"https:\/\/www.movistar.es\/blog\/movistar-plus\/75o-edicion-premios-emmy-cuando-son-donde-ver-nominados\/","url":"https:\/\/www.movistar.es\/blog\/movistar-plus\/75o-edicion-premios-emmy-cuando-son-donde-ver-nominados\/","name":"75\u00ba edici\u00f3n de los Premios Emmy: cu\u00e1ndo son, d\u00f3nde ver y nominados","isPartOf":{"@id":"https:\/\/www.movistar.es\/blog\/#website"},"primaryImageOfPage":{"@id":"https:\/\/www.movistar.es\/blog\/movistar-plus\/75o-edicion-premios-emmy-cuando-son-donde-ver-nominados\/#primaryimage"},"image":{"@id":"https:\/\/www.movistar.es\/blog\/movistar-plus\/75o-edicion-premios-emmy-cuando-son-donde-ver-nominados\/#primaryimage"},"thumbnailUrl":"https:\/\/www.movistar.es\/blog\/wp-content\/uploads\/sites\/3\/2024\/01\/63201d2c132a7.jpg","datePublished":"2024-01-09T11:15:51+00:00","dateModified":"2024-03-27T16:33:13+00:00","description":"Te contamos todo lo que necesitas saber sobre las 75\u00ba edici\u00f3n de los Premios Emmy que podr\u00e1s ver en Movistar Plus+.","breadcrumb":{"@id":"https:\/\/www.movistar.es\/blog\/movistar-plus\/75o-edicion-premios-emmy-cuando-son-donde-ver-nominados\/#breadcrumb"},"inLanguage":"es","potentialAction":[{"@type":"ReadAction","target":["https:\/\/www.movistar.es\/blog\/movistar-plus\/75o-edicion-premios-emmy-cuando-son-donde-ver-nominados\/"]}]},{"@type":"ImageObject","inLanguage":"es","@id":"https:\/\/www.movistar.es\/blog\/movistar-plus\/75o-edicion-premios-emmy-cuando-son-donde-ver-nominados\/#primaryimage","url":"https:\/\/www.movistar.es\/blog\/wp-content\/uploads\/sites\/3\/2024\/01\/63201d2c132a7.jpg","contentUrl":"https:\/\/www.movistar.es\/blog\/wp-content\/uploads\/sites\/3\/2024\/01\/63201d2c132a7.jpg","width":1920,"height":1080,"caption":"premios emmy"},{"@type":"BreadcrumbList","@id":"https:\/\/www.movistar.es\/blog\/movistar-plus\/75o-edicion-premios-emmy-cuando-son-donde-ver-nominados\/#breadcrumb","itemListElement":[{"@type":"ListItem","position":1,"name":"Home","item":"https:\/\/www.movistar.es\/blog\/"},{"@type":"ListItem","position":2,"name":"75\u00ba edici\u00f3n de los Premios Emmy: cu\u00e1ndo son, d\u00f3nde ver y nominados"}]},{"@type":"WebSite","@id":"https:\/\/www.movistar.es\/blog\/#website","url":"https:\/\/www.movistar.es\/blog\/","name":"Movistar blog","description":"Movistar Blog. Informaci\u00f3n y m\u00e1s sobre los productos y servicios de Movistar","publisher":{"@id":"https:\/\/www.movistar.es\/blog\/#organization"},"potentialAction":[{"@type":"SearchAction","target":{"@type":"EntryPoint","urlTemplate":"https:\/\/www.movistar.es\/blog\/?s={search_term_string}"},"query-input":{"@type":"PropertyValueSpecification","valueRequired":true,"valueName":"search_term_string"}}],"inLanguage":"es"},{"@type":"Organization","@id":"https:\/\/www.movistar.es\/blog\/#organization","name":"Movistar blog","url":"https:\/\/www.movistar.es\/blog\/","logo":{"@type":"ImageObject","inLanguage":"es","@id":"https:\/\/www.movistar.es\/blog\/#\/schema\/logo\/image\/","url":"https:\/\/www.movistar.es\/blog\/wp-content\/uploads\/sites\/3\/2022\/05\/logo_movistar-1.svg","contentUrl":"https:\/\/www.movistar.es\/blog\/wp-content\/uploads\/sites\/3\/2022\/05\/logo_movistar-1.svg","width":369,"height":272,"caption":"Movistar blog"},"image":{"@id":"https:\/\/www.movistar.es\/blog\/#\/schema\/logo\/image\/"}},{"@type":"Person","@id":"https:\/\/www.movistar.es\/blog\/#\/schema\/person\/aa90a598b429d06707d7bbdcc4ac52bf","name":"Juan Carrasco","image":{"@type":"ImageObject","inLanguage":"es","@id":"https:\/\/www.movistar.es\/blog\/#\/schema\/person\/image\/7421c948a853e8c530a92c2fadaedff4","url":"https:\/\/secure.gravatar.com\/avatar\/6429585a3827db718673dd63fffad1d627420ccb06536b49762c4345a5b61954","contentUrl":"https:\/\/secure.gravatar.com\/avatar\/6429585a3827db718673dd63fffad1d627420ccb06536b49762c4345a5b61954","caption":"Juan Carrasco"},"description":"Juan Carrasco cuenta con un grado universitario en Literatura General y Comparada y un m\u00e1ster en Cr\u00edtica y Comunicaci\u00f3n Cultural. Actualmente, forma parte del equipo de redacci\u00f3n de Movistar eSports, medio referente de gaming, esports y entretenimiento digital. Desde que agarr\u00f3 una Game Boy por primera vez, no ha podido dejar de ver el mundo en 8 bits.","sameAs":["https:\/\/x.com\/juan_villain"],"knowsAbout":["gaming","consolas","videojuegos","streaming"],"url":"https:\/\/www.movistar.es\/blog\/author\/jasensio\/"}]}},"jetpack_featured_media_url":"https:\/\/www.movistar.es\/blog\/wp-content\/uploads\/sites\/3\/2024\/01\/63201d2c132a7.jpg","jetpack_sharing_enabled":true,"_links":{"self":[{"href":"https:\/\/www.movistar.es\/blog\/wp-json\/wp\/v2\/posts\/22271","targetHints":{"allow":["GET"]}}],"collection":[{"href":"https:\/\/www.movistar.es\/blog\/wp-json\/wp\/v2\/posts"}],"about":[{"href":"https:\/\/www.movistar.es\/blog\/wp-json\/wp\/v2\/types\/post"}],"author":[{"embeddable":true,"href":"https:\/\/www.movistar.es\/blog\/wp-json\/wp\/v2\/users\/82"}],"replies":[{"embeddable":true,"href":"https:\/\/www.movistar.es\/blog\/wp-json\/wp\/v2\/comments?post=22271"}],"version-history":[{"count":4,"href":"https:\/\/www.movistar.es\/blog\/wp-json\/wp\/v2\/posts\/22271\/revisions"}],"predecessor-version":[{"id":25006,"href":"https:\/\/www.movistar.es\/blog\/wp-json\/wp\/v2\/posts\/22271\/revisions\/25006"}],"wp:featuredmedia":[{"embeddable":true,"href":"https:\/\/www.movistar.es\/blog\/wp-json\/wp\/v2\/media\/22275"}],"wp:attachment":[{"href":"https:\/\/www.movistar.es\/blog\/wp-json\/wp\/v2\/media?parent=22271"}],"wp:term":[{"taxonomy":"category","embeddable":true,"href":"https:\/\/www.movistar.es\/blog\/wp-json\/wp\/v2\/categories?post=22271"},{"taxonomy":"post_tag","embeddable":true,"href":"https:\/\/www.movistar.es\/blog\/wp-json\/wp\/v2\/tags?post=22271"},{"taxonomy":"area","embeddable":true,"href":"https:\/\/www.movistar.es\/blog\/wp-json\/wp\/v2\/area?post=22271"},{"taxonomy":"cluster","embeddable":true,"href":"https:\/\/www.movistar.es\/blog\/wp-json\/wp\/v2\/cluster?post=22271"},{"taxonomy":"linea_editorial","embeddable":true,"href":"https:\/\/www.movistar.es\/blog\/wp-json\/wp\/v2\/linea_editorial?post=22271"},{"taxonomy":"author","embeddable":true,"href":"https:\/\/www.movistar.es\/blog\/wp-json\/wp\/v2\/coauthors?post=22271"}],"curies":[{"name":"wp","href":"https:\/\/api.w.org\/{rel}","templated":true}]}}