{"id":21865,"date":"2024-01-02T10:42:49","date_gmt":"2024-01-02T09:42:49","guid":{"rendered":"https:\/\/www.movistar.es\/blog\/?p=21865"},"modified":"2024-01-02T10:44:08","modified_gmt":"2024-01-02T09:44:08","slug":"programar-movil-encendido-y-apagado","status":"publish","type":"post","link":"https:\/\/www.movistar.es\/blog\/dispositivos\/programar-movil-encendido-y-apagado\/","title":{"rendered":"C\u00f3mo programar el encendido y apagado del m\u00f3vil"},"content":{"rendered":"\n<p>Hoy os traemos un peque\u00f1o truco, consiste en una funci\u00f3n disponible en dispositivos Android, que permite&nbsp;<strong>programar el apagado y encendido en un m\u00f3vil&nbsp;<\/strong>y que sea totalmente autom\u00e1tico.<\/p>\n\n\n\n<p>En otros art\u00edculos, os hemos hablado de formas para optimizar el rendimiento de los equipos sabiendo <a href=\"https:\/\/www.movistar.es\/blog\/dispositivos\/cargar-bateria-movil\/\" target=\"_blank\" rel=\"noreferrer noopener\"><strong>cu\u00e1ndo es el mejor momento para cargar el m\u00f3vil<\/strong><\/a> o\u00a0<strong><a href=\"https:\/\/comunidad.movistar.es\/t5\/Blog-Movisfera\/Truco-de-la-semana-c%C3%B3mo-alargar-la-vida-del-m%C3%B3vil\/ba-p\/4699960\" target=\"_blank\" rel=\"noreferrer noopener\">c\u00f3mo alargar su vida<\/a><\/strong>, y, en uno de ellos, os coment\u00e1bamos que una de las opciones era\u00a0<strong>apagar el smartphone para disipar el calor<\/strong>\u00a0que este emite y que adem\u00e1s\u00a0<strong>ayuda a corregir errores<\/strong>.<\/p>\n\n\n\n<p>A continuaci\u00f3n, os explicamos los pasos.<\/p>\n\n\n\n<h2 class=\"wp-block-heading\" id=\"h-pasos-para-programar-el-apagado-y-encendido-en-un-android\"><strong>Pasos para programar el apagado y encendido en un Android<\/strong><\/h2>\n\n\n\n<figure class=\"wp-block-embed is-type-video is-provider-youtube wp-block-embed-youtube wp-embed-aspect-16-9 wp-has-aspect-ratio\"><div class=\"wp-block-embed__wrapper\">\n<div class=\"wp-block-embed__wrapper\"><div class=\"ast-oembed-container \" style=\"height: 100%;\"><iframe loading=\"lazy\" title=\"MOVISTAR: C\u00f3mo programar el encendido y apagado del m\u00f3vil\" width=\"1040\" height=\"585\" src=\"https:\/\/www.youtube.com\/embed\/7ioUp1BPSEQ?feature=oembed\" frameborder=\"0\" allow=\"accelerometer; autoplay; clipboard-write; encrypted-media; gyroscope; picture-in-picture; web-share\" referrerpolicy=\"strict-origin-when-cross-origin\" allowfullscreen><\/iframe><\/div><\/div>\n<\/div><\/figure>\n\n\n\n<p>Para activar el apagado y encendido autom\u00e1tico de un m\u00f3vil con sistema operativo Android, sigue estos sencillos pasos:<\/p>\n\n\n\n<ul class=\"wp-block-list\"><li>Ve a ajustes y entra en la<strong>&nbsp;opci\u00f3n de bater\u00eda<\/strong>.<\/li><li>Una vez aqu\u00ed, selecciona&nbsp;<strong>Bater\u00eda y rendimiento<\/strong>,&nbsp;En este punto, podr\u00e1s programar la activaci\u00f3n y desactivaci\u00f3n del dispositivo m\u00f3vil pudiendo elegir una hora concreta de apagado y a qu\u00e9 hora quieres que se vuelva a encender.<\/li><\/ul>\n\n\n\n<p>Recuerda que esta opci\u00f3n puede variar seg\u00fan la marca y modelo del tel\u00e9fono y\/o fabricante. En caso de no encontrarla dentro de la opci\u00f3n \u00abbater\u00eda\u00bb, puedes buscarlo de la siguiente manera:<\/p>\n\n\n\n<ul class=\"wp-block-list\"><li>Ve a ajustes de nuevo.<\/li><li>En la parte superior te aparecer\u00e1 un&nbsp;<strong>buscador de ajustes<\/strong>.<\/li><li>Pon una&nbsp;<strong>palabra clave<\/strong>&nbsp;de lo que quieres buscar, por ejemplo,&nbsp;<strong>programar encendido<\/strong>&nbsp;o&nbsp;<strong>apagar<\/strong>.<\/li><li>En la parte inferior aparecer\u00e1 la opci\u00f3n para poder activarla.<\/li><\/ul>\n\n\n\n<p>Con este sencillo truco ya no tendr\u00e1s que estar pendiente de acordarte de encender y apagar el m\u00f3vil cada cierto tiempo. Recuerda que es una forma de alargar la vida de tu dispositivo y optimizar su rendimiento.<\/p>\n\n\n\n<p>Tambi\u00e9n te puede interesar otros contenidos como <a href=\"https:\/\/www.movistar.es\/blog\/dispositivos\/carga-rapida-moviles\/\" target=\"_blank\" rel=\"noreferrer noopener\">la carga r\u00e1pida del m\u00f3vil<\/a> donde te explicamos qu\u00e9 es y c\u00f3mo funciona esta funci\u00f3n disponible en los smartphones de \u00faltima generaci\u00f3n.<\/p>\n","protected":false},"excerpt":{"rendered":"<p>Hoy os traemos un peque\u00f1o truco, consiste en una funci\u00f3n disponible en dispositivos Android, que permite&nbsp;programar el apagado y encendido en un m\u00f3vil&nbsp;y que sea totalmente autom\u00e1tico. En otros art\u00edculos, os hemos hablado de formas [&hellip;]<\/p>\n","protected":false},"author":80,"featured_media":21869,"comment_status":"closed","ping_status":"closed","sticky":false,"template":"","format":"standard","meta":{"site-sidebar-layout":"default","site-content-layout":"","ast-site-content-layout":"","site-content-style":"default","site-sidebar-style":"default","ast-global-header-display":"","ast-banner-title-visibility":"","ast-main-header-display":"","ast-hfb-above-header-display":"","ast-hfb-below-header-display":"","ast-hfb-mobile-header-display":"","site-post-title":"","ast-breadcrumbs-content":"","ast-featured-img":"","footer-sml-layout":"","theme-transparent-header-meta":"","adv-header-id-meta":"","stick-header-meta":"","header-above-stick-meta":"","header-main-stick-meta":"","header-below-stick-meta":"","astra-migrate-meta-layouts":"default","ast-page-background-enabled":"default","ast-page-background-meta":{"desktop":{"background-color":"var(--ast-global-color-4)","background-image":"","background-repeat":"repeat","background-position":"center center","background-size":"auto","background-attachment":"scroll","background-type":"","background-media":"","overlay-type":"","overlay-color":"","overlay-opacity":"","overlay-gradient":""},"tablet":{"background-color":"","background-image":"","background-repeat":"repeat","background-position":"center center","background-size":"auto","background-attachment":"scroll","background-type":"","background-media":"","overlay-type":"","overlay-color":"","overlay-opacity":"","overlay-gradient":""},"mobile":{"background-color":"","background-image":"","background-repeat":"repeat","background-position":"center center","background-size":"auto","background-attachment":"scroll","background-type":"","background-media":"","overlay-type":"","overlay-color":"","overlay-opacity":"","overlay-gradient":""}},"ast-content-background-meta":{"desktop":{"background-color":"var(--ast-global-color-5)","background-image":"","background-repeat":"repeat","background-position":"center center","background-size":"auto","background-attachment":"scroll","background-type":"","background-media":"","overlay-type":"","overlay-color":"","overlay-opacity":"","overlay-gradient":""},"tablet":{"background-color":"var(--ast-global-color-5)","background-image":"","background-repeat":"repeat","background-position":"center center","background-size":"auto","background-attachment":"scroll","background-type":"","background-media":"","overlay-type":"","overlay-color":"","overlay-opacity":"","overlay-gradient":""},"mobile":{"background-color":"var(--ast-global-color-5)","background-image":"","background-repeat":"repeat","background-position":"center center","background-size":"auto","background-attachment":"scroll","background-type":"","background-media":"","overlay-type":"","overlay-color":"","overlay-opacity":"","overlay-gradient":""}},"_jetpack_memberships_contains_paid_content":false,"footnotes":""},"categories":[1],"tags":[],"area":[190],"cluster":[445],"linea_editorial":[],"coauthors":[379],"class_list":["post-21865","post","type-post","status-publish","format-standard","has-post-thumbnail","hentry","category-sin-categoria","area-content-movistar","cluster-dispositivos"],"yoast_head":"<!-- This site is optimized with the Yoast SEO Premium plugin v25.5 (Yoast SEO v25.5) - https:\/\/yoast.com\/wordpress\/plugins\/seo\/ -->\n<title>C\u00f3mo programar el encendido y apagado del m\u00f3vil<\/title>\n<meta name=\"description\" content=\"C\u00f3mo programar el encendido y apagado del m\u00f3vil para que sea autom\u00e1tico y de este modo alargar la vida del smartphone.\" \/>\n<meta name=\"robots\" content=\"index, follow, max-snippet:-1, max-image-preview:large, max-video-preview:-1\" \/>\n<link rel=\"canonical\" href=\"https:\/\/www.movistar.es\/blog\/dispositivos\/programar-movil-encendido-y-apagado\/\" \/>\n<meta property=\"og:locale\" content=\"es_ES\" \/>\n<meta property=\"og:type\" content=\"article\" \/>\n<meta property=\"og:title\" content=\"C\u00f3mo programar el encendido y apagado del m\u00f3vil\" \/>\n<meta property=\"og:description\" content=\"C\u00f3mo programar el encendido y apagado del m\u00f3vil para que sea autom\u00e1tico y de este modo alargar la vida del smartphone.\" \/>\n<meta property=\"og:url\" content=\"https:\/\/www.movistar.es\/blog\/dispositivos\/programar-movil-encendido-y-apagado\/\" \/>\n<meta property=\"og:site_name\" content=\"Movistar blog\" \/>\n<meta property=\"article:published_time\" content=\"2024-01-02T09:42:49+00:00\" \/>\n<meta property=\"article:modified_time\" content=\"2024-01-02T09:44:08+00:00\" \/>\n<meta property=\"og:image\" content=\"https:\/\/www.movistar.es\/blog\/wp-content\/uploads\/sites\/3\/2024\/01\/Progamar-movil.png\" \/>\n\t<meta property=\"og:image:width\" content=\"1040\" \/>\n\t<meta property=\"og:image:height\" content=\"650\" \/>\n\t<meta property=\"og:image:type\" content=\"image\/png\" \/>\n<meta name=\"author\" content=\"Sonia Babani\" \/>\n<meta name=\"twitter:card\" content=\"summary_large_image\" \/>\n<meta name=\"twitter:label1\" content=\"Written by\" \/>\n\t<meta name=\"twitter:data1\" content=\"Sonia Babani\" \/>\n\t<meta name=\"twitter:label2\" content=\"Est. reading time\" \/>\n\t<meta name=\"twitter:data2\" content=\"2 minutos\" \/>\n<script type=\"application\/ld+json\" class=\"yoast-schema-graph\">{\"@context\":\"https:\/\/schema.org\",\"@graph\":[{\"@type\":\"Article\",\"@id\":\"https:\/\/www.movistar.es\/blog\/dispositivos\/programar-movil-encendido-y-apagado\/#article\",\"isPartOf\":{\"@id\":\"https:\/\/www.movistar.es\/blog\/dispositivos\/programar-movil-encendido-y-apagado\/\"},\"author\":{\"name\":\"Sonia Babani\",\"@id\":\"https:\/\/www.movistar.es\/blog\/#\/schema\/person\/6794601d749d2208ce9955c8c67352e3\"},\"headline\":\"C\u00f3mo programar el encendido y apagado del m\u00f3vil\",\"datePublished\":\"2024-01-02T09:42:49+00:00\",\"dateModified\":\"2024-01-02T09:44:08+00:00\",\"mainEntityOfPage\":{\"@id\":\"https:\/\/www.movistar.es\/blog\/dispositivos\/programar-movil-encendido-y-apagado\/\"},\"wordCount\":367,\"publisher\":{\"@id\":\"https:\/\/www.movistar.es\/blog\/#organization\"},\"image\":{\"@id\":\"https:\/\/www.movistar.es\/blog\/dispositivos\/programar-movil-encendido-y-apagado\/#primaryimage\"},\"thumbnailUrl\":\"https:\/\/www.movistar.es\/blog\/wp-content\/uploads\/sites\/3\/2024\/01\/Progamar-movil.png\",\"inLanguage\":\"es\"},{\"@type\":\"WebPage\",\"@id\":\"https:\/\/www.movistar.es\/blog\/dispositivos\/programar-movil-encendido-y-apagado\/\",\"url\":\"https:\/\/www.movistar.es\/blog\/dispositivos\/programar-movil-encendido-y-apagado\/\",\"name\":\"C\u00f3mo programar el encendido y apagado del m\u00f3vil\",\"isPartOf\":{\"@id\":\"https:\/\/www.movistar.es\/blog\/#website\"},\"primaryImageOfPage\":{\"@id\":\"https:\/\/www.movistar.es\/blog\/dispositivos\/programar-movil-encendido-y-apagado\/#primaryimage\"},\"image\":{\"@id\":\"https:\/\/www.movistar.es\/blog\/dispositivos\/programar-movil-encendido-y-apagado\/#primaryimage\"},\"thumbnailUrl\":\"https:\/\/www.movistar.es\/blog\/wp-content\/uploads\/sites\/3\/2024\/01\/Progamar-movil.png\",\"datePublished\":\"2024-01-02T09:42:49+00:00\",\"dateModified\":\"2024-01-02T09:44:08+00:00\",\"description\":\"C\u00f3mo programar el encendido y apagado del m\u00f3vil para que sea autom\u00e1tico y de este modo alargar la vida del smartphone.\",\"breadcrumb\":{\"@id\":\"https:\/\/www.movistar.es\/blog\/dispositivos\/programar-movil-encendido-y-apagado\/#breadcrumb\"},\"inLanguage\":\"es\",\"potentialAction\":[{\"@type\":\"ReadAction\",\"target\":[\"https:\/\/www.movistar.es\/blog\/dispositivos\/programar-movil-encendido-y-apagado\/\"]}]},{\"@type\":\"ImageObject\",\"inLanguage\":\"es\",\"@id\":\"https:\/\/www.movistar.es\/blog\/dispositivos\/programar-movil-encendido-y-apagado\/#primaryimage\",\"url\":\"https:\/\/www.movistar.es\/blog\/wp-content\/uploads\/sites\/3\/2024\/01\/Progamar-movil.png\",\"contentUrl\":\"https:\/\/www.movistar.es\/blog\/wp-content\/uploads\/sites\/3\/2024\/01\/Progamar-movil.png\",\"width\":1040,\"height\":650,\"caption\":\"programar movil\"},{\"@type\":\"BreadcrumbList\",\"@id\":\"https:\/\/www.movistar.es\/blog\/dispositivos\/programar-movil-encendido-y-apagado\/#breadcrumb\",\"itemListElement\":[{\"@type\":\"ListItem\",\"position\":1,\"name\":\"Home\",\"item\":\"https:\/\/www.movistar.es\/blog\/\"},{\"@type\":\"ListItem\",\"position\":2,\"name\":\"C\u00f3mo programar el encendido y apagado del m\u00f3vil\"}]},{\"@type\":\"WebSite\",\"@id\":\"https:\/\/www.movistar.es\/blog\/#website\",\"url\":\"https:\/\/www.movistar.es\/blog\/\",\"name\":\"Movistar blog\",\"description\":\"Movistar Blog. Informaci\u00f3n y m\u00e1s sobre los productos y servicios de Movistar\",\"publisher\":{\"@id\":\"https:\/\/www.movistar.es\/blog\/#organization\"},\"potentialAction\":[{\"@type\":\"SearchAction\",\"target\":{\"@type\":\"EntryPoint\",\"urlTemplate\":\"https:\/\/www.movistar.es\/blog\/?s={search_term_string}\"},\"query-input\":{\"@type\":\"PropertyValueSpecification\",\"valueRequired\":true,\"valueName\":\"search_term_string\"}}],\"inLanguage\":\"es\"},{\"@type\":\"Organization\",\"@id\":\"https:\/\/www.movistar.es\/blog\/#organization\",\"name\":\"Movistar blog\",\"url\":\"https:\/\/www.movistar.es\/blog\/\",\"logo\":{\"@type\":\"ImageObject\",\"inLanguage\":\"es\",\"@id\":\"https:\/\/www.movistar.es\/blog\/#\/schema\/logo\/image\/\",\"url\":\"https:\/\/www.movistar.es\/blog\/wp-content\/uploads\/sites\/3\/2022\/05\/logo_movistar-1.svg\",\"contentUrl\":\"https:\/\/www.movistar.es\/blog\/wp-content\/uploads\/sites\/3\/2022\/05\/logo_movistar-1.svg\",\"width\":369,\"height\":272,\"caption\":\"Movistar blog\"},\"image\":{\"@id\":\"https:\/\/www.movistar.es\/blog\/#\/schema\/logo\/image\/\"}},{\"@type\":\"Person\",\"@id\":\"https:\/\/www.movistar.es\/blog\/#\/schema\/person\/6794601d749d2208ce9955c8c67352e3\",\"name\":\"Sonia Babani\",\"image\":{\"@type\":\"ImageObject\",\"inLanguage\":\"es\",\"@id\":\"https:\/\/www.movistar.es\/blog\/#\/schema\/person\/image\/7ef6f03cbfff01826d287105a7cc0d82\",\"url\":\"https:\/\/secure.gravatar.com\/avatar\/56613be75a9300510ae019a60f1b5bac692690e6fc5d41e1972198561304a225\",\"contentUrl\":\"https:\/\/secure.gravatar.com\/avatar\/56613be75a9300510ae019a60f1b5bac692690e6fc5d41e1972198561304a225\",\"caption\":\"Sonia Babani\"},\"url\":\"https:\/\/www.movistar.es\/blog\/author\/soniababani\/\"}]}<\/script>\n<!-- \/ Yoast SEO Premium plugin. -->","yoast_head_json":{"title":"C\u00f3mo programar el encendido y apagado del m\u00f3vil","description":"C\u00f3mo programar el encendido y apagado del m\u00f3vil para que sea autom\u00e1tico y de este modo alargar la vida del smartphone.","robots":{"index":"index","follow":"follow","max-snippet":"max-snippet:-1","max-image-preview":"max-image-preview:large","max-video-preview":"max-video-preview:-1"},"canonical":"https:\/\/www.movistar.es\/blog\/dispositivos\/programar-movil-encendido-y-apagado\/","og_locale":"es_ES","og_type":"article","og_title":"C\u00f3mo programar el encendido y apagado del m\u00f3vil","og_description":"C\u00f3mo programar el encendido y apagado del m\u00f3vil para que sea autom\u00e1tico y de este modo alargar la vida del smartphone.","og_url":"https:\/\/www.movistar.es\/blog\/dispositivos\/programar-movil-encendido-y-apagado\/","og_site_name":"Movistar blog","article_published_time":"2024-01-02T09:42:49+00:00","article_modified_time":"2024-01-02T09:44:08+00:00","og_image":[{"width":1040,"height":650,"url":"https:\/\/www.movistar.es\/blog\/wp-content\/uploads\/sites\/3\/2024\/01\/Progamar-movil.png","type":"image\/png"}],"author":"Sonia Babani","twitter_card":"summary_large_image","twitter_misc":{"Written by":"Sonia Babani","Est. reading time":"2 minutos"},"schema":{"@context":"https:\/\/schema.org","@graph":[{"@type":"Article","@id":"https:\/\/www.movistar.es\/blog\/dispositivos\/programar-movil-encendido-y-apagado\/#article","isPartOf":{"@id":"https:\/\/www.movistar.es\/blog\/dispositivos\/programar-movil-encendido-y-apagado\/"},"author":{"name":"Sonia Babani","@id":"https:\/\/www.movistar.es\/blog\/#\/schema\/person\/6794601d749d2208ce9955c8c67352e3"},"headline":"C\u00f3mo programar el encendido y apagado del m\u00f3vil","datePublished":"2024-01-02T09:42:49+00:00","dateModified":"2024-01-02T09:44:08+00:00","mainEntityOfPage":{"@id":"https:\/\/www.movistar.es\/blog\/dispositivos\/programar-movil-encendido-y-apagado\/"},"wordCount":367,"publisher":{"@id":"https:\/\/www.movistar.es\/blog\/#organization"},"image":{"@id":"https:\/\/www.movistar.es\/blog\/dispositivos\/programar-movil-encendido-y-apagado\/#primaryimage"},"thumbnailUrl":"https:\/\/www.movistar.es\/blog\/wp-content\/uploads\/sites\/3\/2024\/01\/Progamar-movil.png","inLanguage":"es"},{"@type":"WebPage","@id":"https:\/\/www.movistar.es\/blog\/dispositivos\/programar-movil-encendido-y-apagado\/","url":"https:\/\/www.movistar.es\/blog\/dispositivos\/programar-movil-encendido-y-apagado\/","name":"C\u00f3mo programar el encendido y apagado del m\u00f3vil","isPartOf":{"@id":"https:\/\/www.movistar.es\/blog\/#website"},"primaryImageOfPage":{"@id":"https:\/\/www.movistar.es\/blog\/dispositivos\/programar-movil-encendido-y-apagado\/#primaryimage"},"image":{"@id":"https:\/\/www.movistar.es\/blog\/dispositivos\/programar-movil-encendido-y-apagado\/#primaryimage"},"thumbnailUrl":"https:\/\/www.movistar.es\/blog\/wp-content\/uploads\/sites\/3\/2024\/01\/Progamar-movil.png","datePublished":"2024-01-02T09:42:49+00:00","dateModified":"2024-01-02T09:44:08+00:00","description":"C\u00f3mo programar el encendido y apagado del m\u00f3vil para que sea autom\u00e1tico y de este modo alargar la vida del smartphone.","breadcrumb":{"@id":"https:\/\/www.movistar.es\/blog\/dispositivos\/programar-movil-encendido-y-apagado\/#breadcrumb"},"inLanguage":"es","potentialAction":[{"@type":"ReadAction","target":["https:\/\/www.movistar.es\/blog\/dispositivos\/programar-movil-encendido-y-apagado\/"]}]},{"@type":"ImageObject","inLanguage":"es","@id":"https:\/\/www.movistar.es\/blog\/dispositivos\/programar-movil-encendido-y-apagado\/#primaryimage","url":"https:\/\/www.movistar.es\/blog\/wp-content\/uploads\/sites\/3\/2024\/01\/Progamar-movil.png","contentUrl":"https:\/\/www.movistar.es\/blog\/wp-content\/uploads\/sites\/3\/2024\/01\/Progamar-movil.png","width":1040,"height":650,"caption":"programar movil"},{"@type":"BreadcrumbList","@id":"https:\/\/www.movistar.es\/blog\/dispositivos\/programar-movil-encendido-y-apagado\/#breadcrumb","itemListElement":[{"@type":"ListItem","position":1,"name":"Home","item":"https:\/\/www.movistar.es\/blog\/"},{"@type":"ListItem","position":2,"name":"C\u00f3mo programar el encendido y apagado del m\u00f3vil"}]},{"@type":"WebSite","@id":"https:\/\/www.movistar.es\/blog\/#website","url":"https:\/\/www.movistar.es\/blog\/","name":"Movistar blog","description":"Movistar Blog. Informaci\u00f3n y m\u00e1s sobre los productos y servicios de Movistar","publisher":{"@id":"https:\/\/www.movistar.es\/blog\/#organization"},"potentialAction":[{"@type":"SearchAction","target":{"@type":"EntryPoint","urlTemplate":"https:\/\/www.movistar.es\/blog\/?s={search_term_string}"},"query-input":{"@type":"PropertyValueSpecification","valueRequired":true,"valueName":"search_term_string"}}],"inLanguage":"es"},{"@type":"Organization","@id":"https:\/\/www.movistar.es\/blog\/#organization","name":"Movistar blog","url":"https:\/\/www.movistar.es\/blog\/","logo":{"@type":"ImageObject","inLanguage":"es","@id":"https:\/\/www.movistar.es\/blog\/#\/schema\/logo\/image\/","url":"https:\/\/www.movistar.es\/blog\/wp-content\/uploads\/sites\/3\/2022\/05\/logo_movistar-1.svg","contentUrl":"https:\/\/www.movistar.es\/blog\/wp-content\/uploads\/sites\/3\/2022\/05\/logo_movistar-1.svg","width":369,"height":272,"caption":"Movistar blog"},"image":{"@id":"https:\/\/www.movistar.es\/blog\/#\/schema\/logo\/image\/"}},{"@type":"Person","@id":"https:\/\/www.movistar.es\/blog\/#\/schema\/person\/6794601d749d2208ce9955c8c67352e3","name":"Sonia Babani","image":{"@type":"ImageObject","inLanguage":"es","@id":"https:\/\/www.movistar.es\/blog\/#\/schema\/person\/image\/7ef6f03cbfff01826d287105a7cc0d82","url":"https:\/\/secure.gravatar.com\/avatar\/56613be75a9300510ae019a60f1b5bac692690e6fc5d41e1972198561304a225","contentUrl":"https:\/\/secure.gravatar.com\/avatar\/56613be75a9300510ae019a60f1b5bac692690e6fc5d41e1972198561304a225","caption":"Sonia Babani"},"url":"https:\/\/www.movistar.es\/blog\/author\/soniababani\/"}]}},"jetpack_featured_media_url":"https:\/\/www.movistar.es\/blog\/wp-content\/uploads\/sites\/3\/2024\/01\/Progamar-movil.png","jetpack_sharing_enabled":true,"_links":{"self":[{"href":"https:\/\/www.movistar.es\/blog\/wp-json\/wp\/v2\/posts\/21865","targetHints":{"allow":["GET"]}}],"collection":[{"href":"https:\/\/www.movistar.es\/blog\/wp-json\/wp\/v2\/posts"}],"about":[{"href":"https:\/\/www.movistar.es\/blog\/wp-json\/wp\/v2\/types\/post"}],"author":[{"embeddable":true,"href":"https:\/\/www.movistar.es\/blog\/wp-json\/wp\/v2\/users\/80"}],"replies":[{"embeddable":true,"href":"https:\/\/www.movistar.es\/blog\/wp-json\/wp\/v2\/comments?post=21865"}],"version-history":[{"count":2,"href":"https:\/\/www.movistar.es\/blog\/wp-json\/wp\/v2\/posts\/21865\/revisions"}],"predecessor-version":[{"id":21876,"href":"https:\/\/www.movistar.es\/blog\/wp-json\/wp\/v2\/posts\/21865\/revisions\/21876"}],"wp:featuredmedia":[{"embeddable":true,"href":"https:\/\/www.movistar.es\/blog\/wp-json\/wp\/v2\/media\/21869"}],"wp:attachment":[{"href":"https:\/\/www.movistar.es\/blog\/wp-json\/wp\/v2\/media?parent=21865"}],"wp:term":[{"taxonomy":"category","embeddable":true,"href":"https:\/\/www.movistar.es\/blog\/wp-json\/wp\/v2\/categories?post=21865"},{"taxonomy":"post_tag","embeddable":true,"href":"https:\/\/www.movistar.es\/blog\/wp-json\/wp\/v2\/tags?post=21865"},{"taxonomy":"area","embeddable":true,"href":"https:\/\/www.movistar.es\/blog\/wp-json\/wp\/v2\/area?post=21865"},{"taxonomy":"cluster","embeddable":true,"href":"https:\/\/www.movistar.es\/blog\/wp-json\/wp\/v2\/cluster?post=21865"},{"taxonomy":"linea_editorial","embeddable":true,"href":"https:\/\/www.movistar.es\/blog\/wp-json\/wp\/v2\/linea_editorial?post=21865"},{"taxonomy":"author","embeddable":true,"href":"https:\/\/www.movistar.es\/blog\/wp-json\/wp\/v2\/coauthors?post=21865"}],"curies":[{"name":"wp","href":"https:\/\/api.w.org\/{rel}","templated":true}]}}