{"id":21788,"date":"2023-12-29T14:50:06","date_gmt":"2023-12-29T13:50:06","guid":{"rendered":"https:\/\/www.movistar.es\/blog\/?p=21788"},"modified":"2024-01-09T12:16:40","modified_gmt":"2024-01-09T11:16:40","slug":"premios-cine-movistar-plus","status":"publish","type":"post","link":"https:\/\/www.movistar.es\/blog\/movistar-plus\/premios-cine-movistar-plus\/","title":{"rendered":"Comienza la temporada de premios en Movistar: d\u00f3nde ver los m\u00e1s importantes"},"content":{"rendered":"\n<p>Los <strong>premios cinematogr\u00e1ficos<\/strong> protagonizan los primeros meses de cada a\u00f1o. Son muchas las academias que han creado sus propios galardones para premiar a las mejores obras cinematogr\u00e1ficas y televisivas internacionales y algunas de estas galas cuentan con gran prestigio.<\/p>\n\n\n\n<p>Si eres <strong>cin\u00e9filo <\/strong>y disfrutas tanto de ver premiadas tus pel\u00edculas favoritas, como de descubrir otras nuevas, probablemente no quieras perderte ninguna de estas galas. Tenemos una buena noticia para ti: las galas de premios de cine y televisi\u00f3n de <strong>Hollywood<\/strong> se ven en <strong>Movistar Plus+<\/strong>.<\/p>\n\n\n\n<h2 class=\"wp-block-heading\" id=\"h-las-galas-de-premios-que-puedes-ver-en-exclusiva-en-movistar-plus\">Las galas de premios que puedes ver en exclusiva en Movistar Plus+<\/h2>\n\n\n\n<h3 class=\"wp-block-heading\" class=\"wp-block-heading\" id=\"globos-de-oro-7-de-enero\">Globos de Oro \u2013 7 de enero<\/h3>\n\n\n\n<p>Para la primera gala del a\u00f1o no tendremos que esperar mucho, ya que en la madrugada del <strong>7 al 8 de enero<\/strong> podr\u00e1s disfrutar de los <strong><a href=\"https:\/\/goldenglobes.com\/nominations\/2024\">Globos de Oro<\/a><\/strong>. Estos premios los otorga la <strong>Asociaci\u00f3n de Prensa Extranjera de Hollywood<\/strong> y reconocen a las mejores series y pel\u00edculas de 2023.<\/p>\n\n\n\n<p>Entre sus nominadas hay muchas que puedes ver en Movistar Plus+. Es el caso de \u2018<strong>Super Mario Bros.: la pel\u00edcula<\/strong>\u2019, \u2018<strong>Fargo<\/strong>\u2019, \u2018<strong>Yellowjackets<\/strong>\u2019 y \u2018<strong>Spider-Man: Cruzando el multiverso<\/strong>\u2019, que <a href=\"https:\/\/www.movistar.es\/blog\/movistar-plus\/spider-man-cruzando-el-multiverso-movistar-plus\/\">lleg\u00f3 recientemente<\/a>. Adem\u00e1s, a partir del 12 de enero podr\u00e1s disfrutar tambi\u00e9n de \u2018Sin malos rollos\u2019<\/p>\n\n\n\n<p>En la edici\u00f3n de este a\u00f1o, la 81\u00aa, se han introducido dos nuevas categor\u00edas: Una para el mayor \u00e9xito de taquilla del a\u00f1o y otra para mejor mon\u00f3logo de comedia. <\/p>\n\n\n\n<p>Pasada ya la entrega de los premios, la lista de ganadores es amplia por las muchas categor\u00edas que hay. La gran ganadora de la noche,  sin lugar a dudas, ha sido la pel\u00edcula Oppenheimer, con los premios a mejor pel\u00edcula (drama), mejor director, mejor actor (Cilian Murphy), mejor actor de reparto (Robert Downey Jr.) y mejor banda sonora original.<\/p>\n\n\n\n<p>Otro premiados han sido:<\/p>\n\n\n\n<ul class=\"wp-block-list\"><li>Cine: las pel\u00edculas <em>Oppenheimer<\/em>,&nbsp;<em>Pobres criaturas<\/em>&nbsp;y&nbsp;<em>Anatom\u00eda de una ca\u00edda<\/em> y el <em>Chico y la garza<\/em><\/li><li>Mejor Director: Chistopher Nolan por <em>Oppenheimer<\/em>.<\/li><li>Televisi\u00f3n: La \u00faltima temporada de <em>Succession<\/em>,&nbsp;<em>The Bear<\/em>&nbsp;o la miniserie&nbsp;<em>Bronca<\/em>.<\/li><\/ul>\n\n\n\n<figure class=\"wp-block-image size-large\"><img loading=\"lazy\" decoding=\"async\" height=\"768\" width=\"1024\" src=\"https:\/\/www.movistar.es\/blog\/wp-content\/uploads\/sites\/3\/2023\/12\/gg-default-darker-bg-1-1.jpg?w=1024\" alt=\"Los premios Globos de Oro son los primeros del a\u00f1o\" class=\"wp-image-21790\" srcset=\"https:\/\/www.movistar.es\/blog\/wp-content\/uploads\/sites\/3\/2023\/12\/gg-default-darker-bg-1-1.jpg 1536w, https:\/\/www.movistar.es\/blog\/wp-content\/uploads\/sites\/3\/2023\/12\/gg-default-darker-bg-1-1.jpg?resize=300,225 300w, https:\/\/www.movistar.es\/blog\/wp-content\/uploads\/sites\/3\/2023\/12\/gg-default-darker-bg-1-1.jpg?resize=768,576 768w, https:\/\/www.movistar.es\/blog\/wp-content\/uploads\/sites\/3\/2023\/12\/gg-default-darker-bg-1-1.jpg?resize=1024,768 1024w, https:\/\/www.movistar.es\/blog\/wp-content\/uploads\/sites\/3\/2023\/12\/gg-default-darker-bg-1-1.jpg?resize=320,240 320w\" sizes=\"auto, (max-width: 1024px) 100vw, 1024px\" \/><\/figure>\n\n\n\n<h3 class=\"wp-block-heading\" class=\"wp-block-heading\" id=\"critics-choice-awards-14-de-enero\">Critics Choice Awards \u2013 14 de enero<\/h3>\n\n\n\n<p>Una semana m\u00e1s tarde ser\u00e1 el turno de los <strong><a href=\"https:\/\/www.criticschoice.com\/\" target=\"_blank\" rel=\"noreferrer noopener\">Critics Choice Awards<\/a><\/strong>, premios al cine y televisi\u00f3n concedidos por la <strong>Broadcast Film Critics Association<\/strong>. Su edici\u00f3n de este a\u00f1o contar\u00e1 con la c\u00f3mica y presentadora Chelsea Handler como maestra de ceremonias.<\/p>\n\n\n\n<p>La lista de nominadas de las que ya puedes disfrutar en Movistar Plus+ es pr\u00e1cticamente id\u00e9ntica a la de los Globos de Oro, pero en este caso se suma tambi\u00e9n a la lista \u2018<strong>Last Week Tonight with Jon Oliver<\/strong>\u2019.<\/p>\n\n\n\n<h3 class=\"wp-block-heading\" class=\"wp-block-heading\" id=\"premios-emmy-15-de-enero\">Premios Emmy \u2013 15 de enero<\/h3>\n\n\n\n<p>Los <strong><a href=\"https:\/\/www.movistar.es\/blog\/movistar-plus\/75o-edicion-premios-emmy-cuando-son-donde-ver-nominados\/\" target=\"_blank\" rel=\"noreferrer noopener\">Premios Emmy<\/a><\/strong> son referencia de la industria de la televisi\u00f3n, otorgados por la <strong>Academia de Televisi\u00f3n de Estados Unidos<\/strong>, viven una edici\u00f3n especial. No solo es su septuag\u00e9sima quinta edici\u00f3n, sino que este a\u00f1o ha tenido que ser aplazada por la huelga de guionista, ya que se iban a otorgar en septiembre de 2023.<\/p>\n\n\n\n<p>Tambi\u00e9n Movistar Plus+, en su apuesta por los mejores contenidos televisivos, cuenta con algunas de las series y de los programas nominados este a\u00f1o en su cat\u00e1logo. A los ya mencionados \u2018Yellowjackets\u2019 y \u2018Last Week Tonight with Jon Oliver\u2019 podemos sumar \u2018<strong>Better Call Saul<\/strong>\u2019, \u2018<strong>Saturday Night Live<\/strong>\u2019 y \u2018<strong>Weird: The AI Yankovic Story<\/strong>\u2019.<\/p>\n\n\n\n<h3 class=\"wp-block-heading\" class=\"wp-block-heading\" id=\"premios-oscar-11-de-marzo-de-2024\">Premios Oscar \u2013 11 de marzo de 2024<\/h3>\n\n\n\n<p>Es imposible hablar de premios sin pensar en los <strong><a href=\"https:\/\/www.oscars.org\/\" target=\"_blank\" rel=\"noreferrer noopener\">Oscar<\/a><\/strong>. Son los mayores premios de la industria del cine y su entrega tendr\u00e1 lugar en la madrugada <strong>del 11 al 12 de marzo<\/strong>. Acumulan ya 96 ediciones y casi seguro que nos dejar\u00e1n otra gala para el recuerdo.<\/p>\n\n\n\n<p>Ser\u00e1n unos dos meses m\u00e1s tarde que el resto de los premios, por lo que, al menos por el momento, todav\u00eda no conocemos qu\u00e9 pel\u00edculas estar\u00e1n nominadas. Lo que s\u00ed sabemos es que Jimmy Kimmel repetir\u00e1 como maestro de ceremonias.<\/p>\n\n\n\n<figure class=\"wp-block-image size-large\"><img loading=\"lazy\" decoding=\"async\" height=\"576\" width=\"1024\" src=\"https:\/\/www.movistar.es\/blog\/wp-content\/uploads\/sites\/3\/2023\/12\/16420830054305.jpg?w=1024\" alt=\"Premios Oscar\" class=\"wp-image-21792\" srcset=\"https:\/\/www.movistar.es\/blog\/wp-content\/uploads\/sites\/3\/2023\/12\/16420830054305.jpg 1228w, https:\/\/www.movistar.es\/blog\/wp-content\/uploads\/sites\/3\/2023\/12\/16420830054305.jpg?resize=300,169 300w, https:\/\/www.movistar.es\/blog\/wp-content\/uploads\/sites\/3\/2023\/12\/16420830054305.jpg?resize=768,432 768w, https:\/\/www.movistar.es\/blog\/wp-content\/uploads\/sites\/3\/2023\/12\/16420830054305.jpg?resize=1024,576 1024w\" sizes=\"auto, (max-width: 1024px) 100vw, 1024px\" \/><\/figure>\n\n\n\n<h3 class=\"wp-block-heading\" class=\"wp-block-heading\" id=\"disfruta-de-los-bafta-en-tu-descodificador-uhd\">Disfruta de los BAFTA en tu descodificador UHD<\/h3>\n\n\n\n<p>No todos los premios son estadounidenses y en el panorama internacional unos que brillas con luz propia son los <strong><a href=\"https:\/\/www.bafta.org\/\" target=\"_blank\" rel=\"noreferrer noopener\">BAFTA<\/a><\/strong>, los premios entregados por la <strong>Academia Brit\u00e1nica de las Artes Cinematogr\u00e1ficas y de la Televisi\u00f3n<\/strong>. Los nominados se anunciar\u00e1n el 18 de enero y un mes despu\u00e9s tendr\u00e1 lugar la gala.<\/p>\n\n\n\n<p>El 18 de febrero podr\u00e1s seguir la gala al completo tambi\u00e9n en tu descodificador UHD de Movistar Plus+, ya que se emitir\u00e1n \u00edntegramente a trav\u00e9s del canal TCM, situado en el dial 30.<\/p>\n\n\n\n<h2 class=\"wp-block-heading\" class=\"wp-block-heading\" id=\"los-premios-y-las-mejores-series-y-peliculas-en-movistar-plus\">Los premios y las mejores series y pel\u00edculas en Movistar Plus+<\/h2>\n\n\n\n<p>Si quieres disfrutar de lo mejor de la industria televisiva y cinematogr\u00e1fica, desde galas de premios hasta las <strong>mejores obras<\/strong> tanto de ficci\u00f3n como de no ficci\u00f3n, en Movistar Plus+ tienes un aliado inmejorable.<\/p>\n\n\n\n<p>Puedes contratar \u00fanicamente el <strong>paquete de televisi\u00f3n<\/strong> y disfrutar en cualquier parte de su amplio cat\u00e1logo. Pero si quieres garantizarte la mayor calidad, con <strong>los paquetes MiMovistar<\/strong> tendr\u00e1n tanto la televisi\u00f3n como la mejor conectividad y el acceso al descodificador UHD. <a href=\"https:\/\/www.movistar.es\/tv\/\" target=\"_blank\" rel=\"noreferrer noopener\">Contr\u00e1talo<\/a> y no te pierdas los premios.<\/p>\n","protected":false},"excerpt":{"rendered":"<p>Los premios cinematogr\u00e1ficos protagonizan los primeros meses de cada a\u00f1o. Son muchas las academias que han creado sus propios galardones para premiar a las mejores obras cinematogr\u00e1ficas y televisivas internacionales y algunas de estas galas [&hellip;]<\/p>\n","protected":false},"author":81,"featured_media":21797,"comment_status":"closed","ping_status":"closed","sticky":false,"template":"","format":"standard","meta":{"site-sidebar-layout":"default","site-content-layout":"","ast-site-content-layout":"","site-content-style":"default","site-sidebar-style":"default","ast-global-header-display":"","ast-banner-title-visibility":"","ast-main-header-display":"","ast-hfb-above-header-display":"","ast-hfb-below-header-display":"","ast-hfb-mobile-header-display":"","site-post-title":"","ast-breadcrumbs-content":"","ast-featured-img":"","footer-sml-layout":"","theme-transparent-header-meta":"","adv-header-id-meta":"","stick-header-meta":"","header-above-stick-meta":"","header-main-stick-meta":"","header-below-stick-meta":"","astra-migrate-meta-layouts":"default","ast-page-background-enabled":"default","ast-page-background-meta":{"desktop":{"background-color":"var(--ast-global-color-4)","background-image":"","background-repeat":"repeat","background-position":"center center","background-size":"auto","background-attachment":"scroll","background-type":"","background-media":"","overlay-type":"","overlay-color":"","overlay-opacity":"","overlay-gradient":""},"tablet":{"background-color":"","background-image":"","background-repeat":"repeat","background-position":"center center","background-size":"auto","background-attachment":"scroll","background-type":"","background-media":"","overlay-type":"","overlay-color":"","overlay-opacity":"","overlay-gradient":""},"mobile":{"background-color":"","background-image":"","background-repeat":"repeat","background-position":"center center","background-size":"auto","background-attachment":"scroll","background-type":"","background-media":"","overlay-type":"","overlay-color":"","overlay-opacity":"","overlay-gradient":""}},"ast-content-background-meta":{"desktop":{"background-color":"var(--ast-global-color-5)","background-image":"","background-repeat":"repeat","background-position":"center center","background-size":"auto","background-attachment":"scroll","background-type":"","background-media":"","overlay-type":"","overlay-color":"","overlay-opacity":"","overlay-gradient":""},"tablet":{"background-color":"var(--ast-global-color-5)","background-image":"","background-repeat":"repeat","background-position":"center center","background-size":"auto","background-attachment":"scroll","background-type":"","background-media":"","overlay-type":"","overlay-color":"","overlay-opacity":"","overlay-gradient":""},"mobile":{"background-color":"var(--ast-global-color-5)","background-image":"","background-repeat":"repeat","background-position":"center center","background-size":"auto","background-attachment":"scroll","background-type":"","background-media":"","overlay-type":"","overlay-color":"","overlay-opacity":"","overlay-gradient":""}},"_jetpack_memberships_contains_paid_content":false,"footnotes":""},"categories":[1],"tags":[],"area":[427],"cluster":[45],"linea_editorial":[],"coauthors":[409],"class_list":["post-21788","post","type-post","status-publish","format-standard","has-post-thumbnail","hentry","category-sin-categoria","area-gametv","cluster-movistar-plus"],"yoast_head":"<!-- This site is optimized with the Yoast SEO Premium plugin v25.5 (Yoast SEO v25.5) - https:\/\/yoast.com\/wordpress\/plugins\/seo\/ -->\n<title>D\u00f3nde ver los principales premios de cine con Movistar<\/title>\n<meta name=\"description\" content=\"Desde los Globos de Oro hasta los \u00d3scar: el arranque de a\u00f1o est\u00e1 marcado por los premios de cine y en Movistar queremos que los veas todos.\" \/>\n<meta name=\"robots\" content=\"index, follow, max-snippet:-1, max-image-preview:large, max-video-preview:-1\" \/>\n<link rel=\"canonical\" href=\"https:\/\/www.movistar.es\/blog\/movistar-plus\/premios-cine-movistar-plus\/\" \/>\n<meta property=\"og:locale\" content=\"es_ES\" \/>\n<meta property=\"og:type\" content=\"article\" \/>\n<meta property=\"og:title\" content=\"Comienza la temporada de premios en Movistar: d\u00f3nde ver los m\u00e1s importantes\" \/>\n<meta property=\"og:description\" content=\"Desde los Globos de Oro hasta los \u00d3scar: el arranque de a\u00f1o est\u00e1 marcado por los premios de cine y en Movistar queremos que los veas todos.\" \/>\n<meta property=\"og:url\" content=\"https:\/\/www.movistar.es\/blog\/movistar-plus\/premios-cine-movistar-plus\/\" \/>\n<meta property=\"og:site_name\" content=\"Movistar blog\" \/>\n<meta property=\"article:published_time\" content=\"2023-12-29T13:50:06+00:00\" \/>\n<meta property=\"article:modified_time\" content=\"2024-01-09T11:16:40+00:00\" \/>\n<meta property=\"og:image\" content=\"https:\/\/www.movistar.es\/blog\/wp-content\/uploads\/sites\/3\/2023\/12\/785681922_235286712_1706x960.jpg\" \/>\n\t<meta property=\"og:image:width\" content=\"1706\" \/>\n\t<meta property=\"og:image:height\" content=\"960\" \/>\n\t<meta property=\"og:image:type\" content=\"image\/jpeg\" \/>\n<meta name=\"author\" content=\"\u00c1lvaro Gui\u00f1\u00f3n\" \/>\n<meta name=\"twitter:card\" content=\"summary_large_image\" \/>\n<meta name=\"twitter:label1\" content=\"Written by\" \/>\n\t<meta name=\"twitter:data1\" content=\"\u00c1lvaro Gui\u00f1\u00f3n\" \/>\n\t<meta name=\"twitter:label2\" content=\"Est. reading time\" \/>\n\t<meta name=\"twitter:data2\" content=\"5 minutos\" \/>\n<script type=\"application\/ld+json\" class=\"yoast-schema-graph\">{\"@context\":\"https:\/\/schema.org\",\"@graph\":[{\"@type\":\"Article\",\"@id\":\"https:\/\/www.movistar.es\/blog\/movistar-plus\/premios-cine-movistar-plus\/#article\",\"isPartOf\":{\"@id\":\"https:\/\/www.movistar.es\/blog\/movistar-plus\/premios-cine-movistar-plus\/\"},\"author\":{\"name\":\"\u00c1lvaro Gui\u00f1\u00f3n\",\"@id\":\"https:\/\/www.movistar.es\/blog\/#\/schema\/person\/c08164bba32a416ae0908ffcff27cda4\"},\"headline\":\"Comienza la temporada de premios en Movistar: d\u00f3nde ver los m\u00e1s importantes\",\"datePublished\":\"2023-12-29T13:50:06+00:00\",\"dateModified\":\"2024-01-09T11:16:40+00:00\",\"mainEntityOfPage\":{\"@id\":\"https:\/\/www.movistar.es\/blog\/movistar-plus\/premios-cine-movistar-plus\/\"},\"wordCount\":874,\"publisher\":{\"@id\":\"https:\/\/www.movistar.es\/blog\/#organization\"},\"image\":{\"@id\":\"https:\/\/www.movistar.es\/blog\/movistar-plus\/premios-cine-movistar-plus\/#primaryimage\"},\"thumbnailUrl\":\"https:\/\/www.movistar.es\/blog\/wp-content\/uploads\/sites\/3\/2023\/12\/785681922_235286712_1706x960.jpg\",\"inLanguage\":\"es\"},{\"@type\":\"WebPage\",\"@id\":\"https:\/\/www.movistar.es\/blog\/movistar-plus\/premios-cine-movistar-plus\/\",\"url\":\"https:\/\/www.movistar.es\/blog\/movistar-plus\/premios-cine-movistar-plus\/\",\"name\":\"D\u00f3nde ver los principales premios de cine con Movistar\",\"isPartOf\":{\"@id\":\"https:\/\/www.movistar.es\/blog\/#website\"},\"primaryImageOfPage\":{\"@id\":\"https:\/\/www.movistar.es\/blog\/movistar-plus\/premios-cine-movistar-plus\/#primaryimage\"},\"image\":{\"@id\":\"https:\/\/www.movistar.es\/blog\/movistar-plus\/premios-cine-movistar-plus\/#primaryimage\"},\"thumbnailUrl\":\"https:\/\/www.movistar.es\/blog\/wp-content\/uploads\/sites\/3\/2023\/12\/785681922_235286712_1706x960.jpg\",\"datePublished\":\"2023-12-29T13:50:06+00:00\",\"dateModified\":\"2024-01-09T11:16:40+00:00\",\"description\":\"Desde los Globos de Oro hasta los \u00d3scar: el arranque de a\u00f1o est\u00e1 marcado por los premios de cine y en Movistar queremos que los veas todos.\",\"breadcrumb\":{\"@id\":\"https:\/\/www.movistar.es\/blog\/movistar-plus\/premios-cine-movistar-plus\/#breadcrumb\"},\"inLanguage\":\"es\",\"potentialAction\":[{\"@type\":\"ReadAction\",\"target\":[\"https:\/\/www.movistar.es\/blog\/movistar-plus\/premios-cine-movistar-plus\/\"]}]},{\"@type\":\"ImageObject\",\"inLanguage\":\"es\",\"@id\":\"https:\/\/www.movistar.es\/blog\/movistar-plus\/premios-cine-movistar-plus\/#primaryimage\",\"url\":\"https:\/\/www.movistar.es\/blog\/wp-content\/uploads\/sites\/3\/2023\/12\/785681922_235286712_1706x960.jpg\",\"contentUrl\":\"https:\/\/www.movistar.es\/blog\/wp-content\/uploads\/sites\/3\/2023\/12\/785681922_235286712_1706x960.jpg\",\"width\":1706,\"height\":960,\"caption\":\"Premios Emmy\"},{\"@type\":\"BreadcrumbList\",\"@id\":\"https:\/\/www.movistar.es\/blog\/movistar-plus\/premios-cine-movistar-plus\/#breadcrumb\",\"itemListElement\":[{\"@type\":\"ListItem\",\"position\":1,\"name\":\"Home\",\"item\":\"https:\/\/www.movistar.es\/blog\/\"},{\"@type\":\"ListItem\",\"position\":2,\"name\":\"Comienza la temporada de premios en Movistar: d\u00f3nde ver los m\u00e1s importantes\"}]},{\"@type\":\"WebSite\",\"@id\":\"https:\/\/www.movistar.es\/blog\/#website\",\"url\":\"https:\/\/www.movistar.es\/blog\/\",\"name\":\"Movistar blog\",\"description\":\"Movistar Blog. Informaci\u00f3n y m\u00e1s sobre los productos y servicios de Movistar\",\"publisher\":{\"@id\":\"https:\/\/www.movistar.es\/blog\/#organization\"},\"potentialAction\":[{\"@type\":\"SearchAction\",\"target\":{\"@type\":\"EntryPoint\",\"urlTemplate\":\"https:\/\/www.movistar.es\/blog\/?s={search_term_string}\"},\"query-input\":{\"@type\":\"PropertyValueSpecification\",\"valueRequired\":true,\"valueName\":\"search_term_string\"}}],\"inLanguage\":\"es\"},{\"@type\":\"Organization\",\"@id\":\"https:\/\/www.movistar.es\/blog\/#organization\",\"name\":\"Movistar blog\",\"url\":\"https:\/\/www.movistar.es\/blog\/\",\"logo\":{\"@type\":\"ImageObject\",\"inLanguage\":\"es\",\"@id\":\"https:\/\/www.movistar.es\/blog\/#\/schema\/logo\/image\/\",\"url\":\"https:\/\/www.movistar.es\/blog\/wp-content\/uploads\/sites\/3\/2022\/05\/logo_movistar-1.svg\",\"contentUrl\":\"https:\/\/www.movistar.es\/blog\/wp-content\/uploads\/sites\/3\/2022\/05\/logo_movistar-1.svg\",\"width\":369,\"height\":272,\"caption\":\"Movistar blog\"},\"image\":{\"@id\":\"https:\/\/www.movistar.es\/blog\/#\/schema\/logo\/image\/\"}},{\"@type\":\"Person\",\"@id\":\"https:\/\/www.movistar.es\/blog\/#\/schema\/person\/c08164bba32a416ae0908ffcff27cda4\",\"name\":\"\u00c1lvaro Gui\u00f1\u00f3n\",\"image\":{\"@type\":\"ImageObject\",\"inLanguage\":\"es\",\"@id\":\"https:\/\/www.movistar.es\/blog\/#\/schema\/person\/image\/51671b6030de77c3bb9885814b71de60\",\"url\":\"https:\/\/secure.gravatar.com\/avatar\/2d8b4c1902b4a46e6f14e75ce5ae7a81cb04b5a4eb83dc660f881e7cad9c07b6\",\"contentUrl\":\"https:\/\/secure.gravatar.com\/avatar\/2d8b4c1902b4a46e6f14e75ce5ae7a81cb04b5a4eb83dc660f881e7cad9c07b6\",\"caption\":\"\u00c1lvaro Gui\u00f1\u00f3n\"},\"description\":\"\u00c1lvaro Gui\u00f1\u00f3n es periodista y est\u00e1 especializado en gaming, aunque le apasionan tanto el deporte como la tecnolog\u00eda. Forma parte de la redacci\u00f3n de Movistar eSports, medio referente en el entretenimiento digital.\",\"url\":\"https:\/\/www.movistar.es\/blog\/author\/agrinon\/\"}]}<\/script>\n<!-- \/ Yoast SEO Premium plugin. -->","yoast_head_json":{"title":"D\u00f3nde ver los principales premios de cine con Movistar","description":"Desde los Globos de Oro hasta los \u00d3scar: el arranque de a\u00f1o est\u00e1 marcado por los premios de cine y en Movistar queremos que los veas todos.","robots":{"index":"index","follow":"follow","max-snippet":"max-snippet:-1","max-image-preview":"max-image-preview:large","max-video-preview":"max-video-preview:-1"},"canonical":"https:\/\/www.movistar.es\/blog\/movistar-plus\/premios-cine-movistar-plus\/","og_locale":"es_ES","og_type":"article","og_title":"Comienza la temporada de premios en Movistar: d\u00f3nde ver los m\u00e1s importantes","og_description":"Desde los Globos de Oro hasta los \u00d3scar: el arranque de a\u00f1o est\u00e1 marcado por los premios de cine y en Movistar queremos que los veas todos.","og_url":"https:\/\/www.movistar.es\/blog\/movistar-plus\/premios-cine-movistar-plus\/","og_site_name":"Movistar blog","article_published_time":"2023-12-29T13:50:06+00:00","article_modified_time":"2024-01-09T11:16:40+00:00","og_image":[{"width":1706,"height":960,"url":"https:\/\/www.movistar.es\/blog\/wp-content\/uploads\/sites\/3\/2023\/12\/785681922_235286712_1706x960.jpg","type":"image\/jpeg"}],"author":"\u00c1lvaro Gui\u00f1\u00f3n","twitter_card":"summary_large_image","twitter_misc":{"Written by":"\u00c1lvaro Gui\u00f1\u00f3n","Est. reading time":"5 minutos"},"schema":{"@context":"https:\/\/schema.org","@graph":[{"@type":"Article","@id":"https:\/\/www.movistar.es\/blog\/movistar-plus\/premios-cine-movistar-plus\/#article","isPartOf":{"@id":"https:\/\/www.movistar.es\/blog\/movistar-plus\/premios-cine-movistar-plus\/"},"author":{"name":"\u00c1lvaro Gui\u00f1\u00f3n","@id":"https:\/\/www.movistar.es\/blog\/#\/schema\/person\/c08164bba32a416ae0908ffcff27cda4"},"headline":"Comienza la temporada de premios en Movistar: d\u00f3nde ver los m\u00e1s importantes","datePublished":"2023-12-29T13:50:06+00:00","dateModified":"2024-01-09T11:16:40+00:00","mainEntityOfPage":{"@id":"https:\/\/www.movistar.es\/blog\/movistar-plus\/premios-cine-movistar-plus\/"},"wordCount":874,"publisher":{"@id":"https:\/\/www.movistar.es\/blog\/#organization"},"image":{"@id":"https:\/\/www.movistar.es\/blog\/movistar-plus\/premios-cine-movistar-plus\/#primaryimage"},"thumbnailUrl":"https:\/\/www.movistar.es\/blog\/wp-content\/uploads\/sites\/3\/2023\/12\/785681922_235286712_1706x960.jpg","inLanguage":"es"},{"@type":"WebPage","@id":"https:\/\/www.movistar.es\/blog\/movistar-plus\/premios-cine-movistar-plus\/","url":"https:\/\/www.movistar.es\/blog\/movistar-plus\/premios-cine-movistar-plus\/","name":"D\u00f3nde ver los principales premios de cine con Movistar","isPartOf":{"@id":"https:\/\/www.movistar.es\/blog\/#website"},"primaryImageOfPage":{"@id":"https:\/\/www.movistar.es\/blog\/movistar-plus\/premios-cine-movistar-plus\/#primaryimage"},"image":{"@id":"https:\/\/www.movistar.es\/blog\/movistar-plus\/premios-cine-movistar-plus\/#primaryimage"},"thumbnailUrl":"https:\/\/www.movistar.es\/blog\/wp-content\/uploads\/sites\/3\/2023\/12\/785681922_235286712_1706x960.jpg","datePublished":"2023-12-29T13:50:06+00:00","dateModified":"2024-01-09T11:16:40+00:00","description":"Desde los Globos de Oro hasta los \u00d3scar: el arranque de a\u00f1o est\u00e1 marcado por los premios de cine y en Movistar queremos que los veas todos.","breadcrumb":{"@id":"https:\/\/www.movistar.es\/blog\/movistar-plus\/premios-cine-movistar-plus\/#breadcrumb"},"inLanguage":"es","potentialAction":[{"@type":"ReadAction","target":["https:\/\/www.movistar.es\/blog\/movistar-plus\/premios-cine-movistar-plus\/"]}]},{"@type":"ImageObject","inLanguage":"es","@id":"https:\/\/www.movistar.es\/blog\/movistar-plus\/premios-cine-movistar-plus\/#primaryimage","url":"https:\/\/www.movistar.es\/blog\/wp-content\/uploads\/sites\/3\/2023\/12\/785681922_235286712_1706x960.jpg","contentUrl":"https:\/\/www.movistar.es\/blog\/wp-content\/uploads\/sites\/3\/2023\/12\/785681922_235286712_1706x960.jpg","width":1706,"height":960,"caption":"Premios Emmy"},{"@type":"BreadcrumbList","@id":"https:\/\/www.movistar.es\/blog\/movistar-plus\/premios-cine-movistar-plus\/#breadcrumb","itemListElement":[{"@type":"ListItem","position":1,"name":"Home","item":"https:\/\/www.movistar.es\/blog\/"},{"@type":"ListItem","position":2,"name":"Comienza la temporada de premios en Movistar: d\u00f3nde ver los m\u00e1s importantes"}]},{"@type":"WebSite","@id":"https:\/\/www.movistar.es\/blog\/#website","url":"https:\/\/www.movistar.es\/blog\/","name":"Movistar blog","description":"Movistar Blog. Informaci\u00f3n y m\u00e1s sobre los productos y servicios de Movistar","publisher":{"@id":"https:\/\/www.movistar.es\/blog\/#organization"},"potentialAction":[{"@type":"SearchAction","target":{"@type":"EntryPoint","urlTemplate":"https:\/\/www.movistar.es\/blog\/?s={search_term_string}"},"query-input":{"@type":"PropertyValueSpecification","valueRequired":true,"valueName":"search_term_string"}}],"inLanguage":"es"},{"@type":"Organization","@id":"https:\/\/www.movistar.es\/blog\/#organization","name":"Movistar blog","url":"https:\/\/www.movistar.es\/blog\/","logo":{"@type":"ImageObject","inLanguage":"es","@id":"https:\/\/www.movistar.es\/blog\/#\/schema\/logo\/image\/","url":"https:\/\/www.movistar.es\/blog\/wp-content\/uploads\/sites\/3\/2022\/05\/logo_movistar-1.svg","contentUrl":"https:\/\/www.movistar.es\/blog\/wp-content\/uploads\/sites\/3\/2022\/05\/logo_movistar-1.svg","width":369,"height":272,"caption":"Movistar blog"},"image":{"@id":"https:\/\/www.movistar.es\/blog\/#\/schema\/logo\/image\/"}},{"@type":"Person","@id":"https:\/\/www.movistar.es\/blog\/#\/schema\/person\/c08164bba32a416ae0908ffcff27cda4","name":"\u00c1lvaro Gui\u00f1\u00f3n","image":{"@type":"ImageObject","inLanguage":"es","@id":"https:\/\/www.movistar.es\/blog\/#\/schema\/person\/image\/51671b6030de77c3bb9885814b71de60","url":"https:\/\/secure.gravatar.com\/avatar\/2d8b4c1902b4a46e6f14e75ce5ae7a81cb04b5a4eb83dc660f881e7cad9c07b6","contentUrl":"https:\/\/secure.gravatar.com\/avatar\/2d8b4c1902b4a46e6f14e75ce5ae7a81cb04b5a4eb83dc660f881e7cad9c07b6","caption":"\u00c1lvaro Gui\u00f1\u00f3n"},"description":"\u00c1lvaro Gui\u00f1\u00f3n es periodista y est\u00e1 especializado en gaming, aunque le apasionan tanto el deporte como la tecnolog\u00eda. Forma parte de la redacci\u00f3n de Movistar eSports, medio referente en el entretenimiento digital.","url":"https:\/\/www.movistar.es\/blog\/author\/agrinon\/"}]}},"jetpack_featured_media_url":"https:\/\/www.movistar.es\/blog\/wp-content\/uploads\/sites\/3\/2023\/12\/785681922_235286712_1706x960.jpg","jetpack_sharing_enabled":true,"_links":{"self":[{"href":"https:\/\/www.movistar.es\/blog\/wp-json\/wp\/v2\/posts\/21788","targetHints":{"allow":["GET"]}}],"collection":[{"href":"https:\/\/www.movistar.es\/blog\/wp-json\/wp\/v2\/posts"}],"about":[{"href":"https:\/\/www.movistar.es\/blog\/wp-json\/wp\/v2\/types\/post"}],"author":[{"embeddable":true,"href":"https:\/\/www.movistar.es\/blog\/wp-json\/wp\/v2\/users\/81"}],"replies":[{"embeddable":true,"href":"https:\/\/www.movistar.es\/blog\/wp-json\/wp\/v2\/comments?post=21788"}],"version-history":[{"count":8,"href":"https:\/\/www.movistar.es\/blog\/wp-json\/wp\/v2\/posts\/21788\/revisions"}],"predecessor-version":[{"id":22291,"href":"https:\/\/www.movistar.es\/blog\/wp-json\/wp\/v2\/posts\/21788\/revisions\/22291"}],"wp:featuredmedia":[{"embeddable":true,"href":"https:\/\/www.movistar.es\/blog\/wp-json\/wp\/v2\/media\/21797"}],"wp:attachment":[{"href":"https:\/\/www.movistar.es\/blog\/wp-json\/wp\/v2\/media?parent=21788"}],"wp:term":[{"taxonomy":"category","embeddable":true,"href":"https:\/\/www.movistar.es\/blog\/wp-json\/wp\/v2\/categories?post=21788"},{"taxonomy":"post_tag","embeddable":true,"href":"https:\/\/www.movistar.es\/blog\/wp-json\/wp\/v2\/tags?post=21788"},{"taxonomy":"area","embeddable":true,"href":"https:\/\/www.movistar.es\/blog\/wp-json\/wp\/v2\/area?post=21788"},{"taxonomy":"cluster","embeddable":true,"href":"https:\/\/www.movistar.es\/blog\/wp-json\/wp\/v2\/cluster?post=21788"},{"taxonomy":"linea_editorial","embeddable":true,"href":"https:\/\/www.movistar.es\/blog\/wp-json\/wp\/v2\/linea_editorial?post=21788"},{"taxonomy":"author","embeddable":true,"href":"https:\/\/www.movistar.es\/blog\/wp-json\/wp\/v2\/coauthors?post=21788"}],"curies":[{"name":"wp","href":"https:\/\/api.w.org\/{rel}","templated":true}]}}