{"id":21773,"date":"2023-12-29T13:45:00","date_gmt":"2023-12-29T12:45:00","guid":{"rendered":"https:\/\/www.movistar.es\/blog\/?p=21773"},"modified":"2024-01-18T14:27:31","modified_gmt":"2024-01-18T13:27:31","slug":"galgos-serie-movistar","status":"publish","type":"post","link":"https:\/\/www.movistar.es\/blog\/movistar-plus\/galgos-serie-movistar\/","title":{"rendered":"Disfruta de Galgos, la nueva serie original de Movistar Plus+ que llega en enero"},"content":{"rendered":"\n<p>A\u00f1o nuevo, estrenos nuevos. El mes de enero supondr\u00e1 el inicio de 2024 y <strong>Movistar Plus+<\/strong> ya est\u00e1 lista para los grandes debuts que tendr\u00e1n lugar durante el a\u00f1o en la plataforma. Y no habr\u00e1 que esperar mucho para tener una nueva serie original, ya que el <strong>18 de enero<\/strong> ser\u00e1 el turno de \u2018<strong>Galgos<\/strong>\u2019.<\/p>\n\n\n\n<p>\u2018Galgos\u2019 es una <strong>serie original<\/strong> Movistar Plus+ que ha sido producida por <strong>Buend\u00eda Estudios<\/strong> y que est\u00e1 dirigida por F\u00e9lix Viscarret y Nely Reguera. Se trata de un drama empresarial y familiar que nos pondr\u00e1 en la piel de la familia Somarriba.<\/p>\n\n\n\n<h2 class=\"wp-block-heading\" id=\"h-una-nueva-serie-espanola-de-movistar-plus\">Una nueva serie espa\u00f1ola de Movistar Plus+<\/h2>\n\n\n\n<p>Esta producci\u00f3n, que constar\u00e1 de <strong>seis episodios<\/strong>, tendr\u00e1 como protagonista al <strong>Grupo Galgo<\/strong>, un gigante alimenticio que ha visto crecer a tres generaciones de su familia propietaria, los Somarriba. Ahora, no obstante, se enfrentar\u00e1n a dificultades que pondr\u00e1n su vida patas arriba.<\/p>\n\n\n\n<p>La crisis del sector, la corrupci\u00f3n interna, la presi\u00f3n de las marcas blancas, la amenaza que suponen para su empresa las nuevas normativas en pos de una alimentaci\u00f3n m\u00e1s saludable y el posible cierre de su f\u00e1brica m\u00e1s antigua har\u00e1n temblar los pilares de los Somarriba.<\/p>\n\n\n\n<figure class=\"wp-block-image size-large\"><img loading=\"lazy\" decoding=\"async\" height=\"576\" width=\"1024\" src=\"https:\/\/www.movistar.es\/blog\/wp-content\/uploads\/sites\/3\/2023\/12\/Foto-cuerpo-texto1.jpg?w=1024\" alt=\"La serie Galgos\" class=\"wp-image-21774\" srcset=\"https:\/\/www.movistar.es\/blog\/wp-content\/uploads\/sites\/3\/2023\/12\/Foto-cuerpo-texto1.jpg 2560w, https:\/\/www.movistar.es\/blog\/wp-content\/uploads\/sites\/3\/2023\/12\/Foto-cuerpo-texto1.jpg?resize=300,169 300w, https:\/\/www.movistar.es\/blog\/wp-content\/uploads\/sites\/3\/2023\/12\/Foto-cuerpo-texto1.jpg?resize=768,432 768w, https:\/\/www.movistar.es\/blog\/wp-content\/uploads\/sites\/3\/2023\/12\/Foto-cuerpo-texto1.jpg?resize=1024,576 1024w, https:\/\/www.movistar.es\/blog\/wp-content\/uploads\/sites\/3\/2023\/12\/Foto-cuerpo-texto1.jpg?resize=1536,864 1536w, https:\/\/www.movistar.es\/blog\/wp-content\/uploads\/sites\/3\/2023\/12\/Foto-cuerpo-texto1.jpg?resize=2048,1152 2048w\" sizes=\"auto, (max-width: 1024px) 100vw, 1024px\" \/><\/figure>\n\n\n\n<p>A partir de aqu\u00ed, en la serie \u2018Galgos\u2019 no solo tendr\u00e1n que luchar por salvar la empresa familiar, sino que a la par buscar\u00e1n mantener su nivel de vida y los v\u00ednculos afectivos que los unen, lo que hace que sea toda una gran lucha por poder mantener el control de sus vidas.<\/p>\n\n\n\n<p>La acci\u00f3n de la serie partir\u00e1 desde las figuras de Carmina (<strong>Adriana Ozores<\/strong>) y Emilio (<strong>Luis Bermejo<\/strong>), los herederos del Grupo Galgo. Gonzalo D\u00edaz <strong>(Oscar Mart\u00ednez),<\/strong> marido de Carmina, despu\u00e9s de muchos a\u00f1os trabajando al lado de Emilio tiene sus propios planes para la empresa, pero una decisi\u00f3n repentina e inesperada de Carmina provoca un terremoto familiar y empresarial que afectar\u00e1 tambi\u00e9n a sus hijos. La lucha por el poder les ir\u00e1 separando, y Carmina tendr\u00e1 que elegir entre salvar la empresa o su familia.<\/p>\n\n\n\n<h2 class=\"wp-block-heading\" class=\"wp-block-heading\" id=\"galgos-una-serie-con-un-reparto-de-lujo\">\u2018Galgos, una serie con un reparto de lujo<\/h2>\n\n\n\n<p>Las series espa\u00f1olas de Movistar Plus+ se han caracterizado por contar con los mejores actores y actrices del panorama espa\u00f1ol y no ser\u00e1 distinto con \u2018Galgos\u2019. A los ya mencionados Adriana Ozores y Emilio Somarriba, se unen otra serie de actores de primer nivel.<\/p>\n\n\n\n<p>La generaci\u00f3n posterior estar\u00e1 representada por <strong>Patricia L\u00f3pez Arnaiz, Marcel Borr\u00e0s, Mar\u00eda Pedraza y Jorge Us\u00f3n<\/strong>. A ellos se unen <strong>Francesco Carril<\/strong> y <strong>Daniela Estay<\/strong>.<\/p>\n\n\n\n<p>Pero tambi\u00e9n sobra talento tras las c\u00e1maras. Para hacer la serie, \u2018Galgos\u2019 ha contado con la direcci\u00f3n de <strong>F\u00e9lix Viscarret<\/strong> (\u2018Una vida no tan simple\u2019, \u2018No mires a los ojos\u2019, \u2018Patria\u2019) y <strong>Nely Reguera<\/strong> (\u2018La Voluntaria\u2019, \u2018Mar\u00eda (y los dem\u00e1s)\u2019) y con el guion de <strong>Clara Roquet, Francisco Kosterlitz, Pablo Rem\u00f3n y Luc\u00eda Carballal<\/strong>. Todo el equipo ha trabajado en localizaciones de Cantabria, Madrid y Bruselas para dar vida a este producto.<\/p>\n\n\n\n<p>Adem\u00e1s, hemos hablado con el reparto de &#8216;<strong>Galgos<\/strong>&#8216; para ponerles a prueba y preguntarles qui\u00e9n es m\u00e1s probable que haga algunas acciones relacionadas con la serie.<\/p>\n\n\n\n<figure class=\"wp-block-video wp-block-embed is-type-video is-provider-videopress\"><div class=\"wp-block-embed__wrapper\" style=\"max-width:303.993px;margin:auto\">\n<div class=\"wp-block-embed__wrapper\"><div class=\"ast-oembed-container \" style=\"height: 100%;\"><iframe title=\"VideoPress Video Player\" aria-label='VideoPress Video Player' width='562' height='1000' src='https:\/\/videopress.com\/embed\/7lWN8uUh?cover=1&amp;preloadContent=metadata&amp;useAverageColor=1&amp;hd=0' frameborder='0' allowfullscreen data-resize-to-parent=\"true\" allow='clipboard-write'><\/iframe><script src='https:\/\/v0.wordpress.com\/js\/next\/videopress-iframe.js?m=1770107250'><\/script><\/div><\/div>\n<\/div><\/figure>\n\n\n\n<h2 class=\"wp-block-heading\" class=\"wp-block-heading\" id=\"disfruta-de-la-serie-galgos-en-movistar-plus\">Disfruta de la serie \u2018Galgos\u2019 en Movistar Plus+<\/h2>\n\n\n\n<p>Si esta propuesta te resulta atractiva, podr\u00e1s disfrutar de ella a partir del 18 de enero en Movistar Plus+. &#8216;Galgos&#8217; contar\u00e1 con seis episodios de unos <strong>45 minutos de duraci\u00f3n<\/strong> cada uno. Todos ellos podr\u00e1s verlos tanto a trav\u00e9s de tu descodificador UHD como en <a href=\"https:\/\/ver.movistarplus.es\/\" target=\"_blank\" rel=\"noreferrer noopener\">dispositivos<\/a>.<\/p>\n\n\n\n<p>Ahora, adem\u00e1s, puedes contratar Movistar Plus+ de forma independiente desde <strong>14\u20ac al mes<\/strong> y disfrutar de una gran oferta de ficci\u00f3n, no ficci\u00f3n y <a href=\"https:\/\/www.movistar.es\/blog\/movistar-plus\/la-programacion-de-todo-el-deporte-en-movistar-plus\/\">deportes<\/a>, incluyendo todas las series originales de Movistar Plus+ como &#8216;Galgos&#8217; y <a href=\"https:\/\/www.movistar.es\/blog\/movistar-plus\/estrenos-mes-movistar-plus\/\">muchos estrenos<\/a> m\u00e1s.<\/p>\n\n\n\n<p>No obstante, Movistar es mucho m\u00e1s que televisi\u00f3n y esta oferta inmejorable puedes acompa\u00f1arla tambi\u00e9n de la mejor conectividad. <strong><a href=\"https:\/\/www.movistar.es\/tv\/\" target=\"_blank\" rel=\"noreferrer noopener\">Contrata ya<\/a><\/strong> y no te pierdas las mejores series del panorama televisivo espa\u00f1ol, comenzando 2024 con &#8216;Galgos&#8217;.<\/p>\n","protected":false},"excerpt":{"rendered":"<p>A\u00f1o nuevo, estrenos nuevos. El mes de enero supondr\u00e1 el inicio de 2024 y Movistar Plus+ ya est\u00e1 lista para los grandes debuts que tendr\u00e1n lugar durante el a\u00f1o en la plataforma. Y no habr\u00e1 [&hellip;]<\/p>\n","protected":false},"author":81,"featured_media":21776,"comment_status":"closed","ping_status":"closed","sticky":false,"template":"","format":"standard","meta":{"site-sidebar-layout":"default","site-content-layout":"","ast-site-content-layout":"","site-content-style":"default","site-sidebar-style":"default","ast-global-header-display":"","ast-banner-title-visibility":"","ast-main-header-display":"","ast-hfb-above-header-display":"","ast-hfb-below-header-display":"","ast-hfb-mobile-header-display":"","site-post-title":"","ast-breadcrumbs-content":"","ast-featured-img":"","footer-sml-layout":"","theme-transparent-header-meta":"","adv-header-id-meta":"","stick-header-meta":"","header-above-stick-meta":"","header-main-stick-meta":"","header-below-stick-meta":"","astra-migrate-meta-layouts":"default","ast-page-background-enabled":"default","ast-page-background-meta":{"desktop":{"background-color":"var(--ast-global-color-4)","background-image":"","background-repeat":"repeat","background-position":"center center","background-size":"auto","background-attachment":"scroll","background-type":"","background-media":"","overlay-type":"","overlay-color":"","overlay-opacity":"","overlay-gradient":""},"tablet":{"background-color":"","background-image":"","background-repeat":"repeat","background-position":"center center","background-size":"auto","background-attachment":"scroll","background-type":"","background-media":"","overlay-type":"","overlay-color":"","overlay-opacity":"","overlay-gradient":""},"mobile":{"background-color":"","background-image":"","background-repeat":"repeat","background-position":"center center","background-size":"auto","background-attachment":"scroll","background-type":"","background-media":"","overlay-type":"","overlay-color":"","overlay-opacity":"","overlay-gradient":""}},"ast-content-background-meta":{"desktop":{"background-color":"var(--ast-global-color-5)","background-image":"","background-repeat":"repeat","background-position":"center center","background-size":"auto","background-attachment":"scroll","background-type":"","background-media":"","overlay-type":"","overlay-color":"","overlay-opacity":"","overlay-gradient":""},"tablet":{"background-color":"var(--ast-global-color-5)","background-image":"","background-repeat":"repeat","background-position":"center center","background-size":"auto","background-attachment":"scroll","background-type":"","background-media":"","overlay-type":"","overlay-color":"","overlay-opacity":"","overlay-gradient":""},"mobile":{"background-color":"var(--ast-global-color-5)","background-image":"","background-repeat":"repeat","background-position":"center center","background-size":"auto","background-attachment":"scroll","background-type":"","background-media":"","overlay-type":"","overlay-color":"","overlay-opacity":"","overlay-gradient":""}},"_jetpack_memberships_contains_paid_content":false,"footnotes":""},"categories":[1],"tags":[],"area":[427],"cluster":[45],"linea_editorial":[],"coauthors":[409],"class_list":["post-21773","post","type-post","status-publish","format-standard","has-post-thumbnail","hentry","category-sin-categoria","area-gametv","cluster-movistar-plus"],"yoast_head":"<!-- This site is optimized with the Yoast SEO Premium plugin v25.5 (Yoast SEO v25.5) - https:\/\/yoast.com\/wordpress\/plugins\/seo\/ -->\n<title>Disfruta de Galgos, la nueva serie de Movistar Plus+ que llega en enero<\/title>\n<meta name=\"description\" content=\"Los aficionados a los dramas familiares empresariales tienen en Galgos su pr\u00f3xima serie favorita. Disfruta de esta producci\u00f3n de Movistar.\" \/>\n<meta name=\"robots\" content=\"index, follow, max-snippet:-1, max-image-preview:large, max-video-preview:-1\" \/>\n<link rel=\"canonical\" href=\"https:\/\/www.movistar.es\/blog\/movistar-plus\/galgos-serie-movistar\/\" \/>\n<meta property=\"og:locale\" content=\"es_ES\" \/>\n<meta property=\"og:type\" content=\"article\" \/>\n<meta property=\"og:title\" content=\"Disfruta de Galgos, la nueva serie original de Movistar Plus+ que llega en enero\" \/>\n<meta property=\"og:description\" content=\"Los aficionados a los dramas familiares empresariales tienen en Galgos su pr\u00f3xima serie favorita. Disfruta de esta producci\u00f3n de Movistar.\" \/>\n<meta property=\"og:url\" content=\"https:\/\/www.movistar.es\/blog\/movistar-plus\/galgos-serie-movistar\/\" \/>\n<meta property=\"og:site_name\" content=\"Movistar blog\" \/>\n<meta property=\"article:published_time\" content=\"2023-12-29T12:45:00+00:00\" \/>\n<meta property=\"article:modified_time\" content=\"2024-01-18T13:27:31+00:00\" \/>\n<meta property=\"og:image\" content=\"https:\/\/www.movistar.es\/blog\/wp-content\/uploads\/sites\/3\/2023\/12\/Foto-portada-e1703845144861.jpg\" \/>\n\t<meta property=\"og:image:width\" content=\"2560\" \/>\n\t<meta property=\"og:image:height\" content=\"1145\" \/>\n\t<meta property=\"og:image:type\" content=\"image\/jpeg\" \/>\n<meta name=\"author\" content=\"\u00c1lvaro Gui\u00f1\u00f3n\" \/>\n<meta name=\"twitter:card\" content=\"summary_large_image\" \/>\n<meta name=\"twitter:label1\" content=\"Written by\" \/>\n\t<meta name=\"twitter:data1\" content=\"\u00c1lvaro Gui\u00f1\u00f3n\" \/>\n\t<meta name=\"twitter:label2\" content=\"Est. reading time\" \/>\n\t<meta name=\"twitter:data2\" content=\"4 minutos\" \/>\n<script type=\"application\/ld+json\" class=\"yoast-schema-graph\">{\"@context\":\"https:\/\/schema.org\",\"@graph\":[{\"@type\":\"Article\",\"@id\":\"https:\/\/www.movistar.es\/blog\/movistar-plus\/galgos-serie-movistar\/#article\",\"isPartOf\":{\"@id\":\"https:\/\/www.movistar.es\/blog\/movistar-plus\/galgos-serie-movistar\/\"},\"author\":{\"name\":\"\u00c1lvaro Gui\u00f1\u00f3n\",\"@id\":\"https:\/\/www.movistar.es\/blog\/#\/schema\/person\/c08164bba32a416ae0908ffcff27cda4\"},\"headline\":\"Disfruta de Galgos, la nueva serie original de Movistar Plus+ que llega en enero\",\"datePublished\":\"2023-12-29T12:45:00+00:00\",\"dateModified\":\"2024-01-18T13:27:31+00:00\",\"mainEntityOfPage\":{\"@id\":\"https:\/\/www.movistar.es\/blog\/movistar-plus\/galgos-serie-movistar\/\"},\"wordCount\":716,\"publisher\":{\"@id\":\"https:\/\/www.movistar.es\/blog\/#organization\"},\"image\":{\"@id\":\"https:\/\/www.movistar.es\/blog\/movistar-plus\/galgos-serie-movistar\/#primaryimage\"},\"thumbnailUrl\":\"https:\/\/www.movistar.es\/blog\/wp-content\/uploads\/sites\/3\/2023\/12\/Foto-portada-e1703845144861.jpg\",\"inLanguage\":\"es\"},{\"@type\":\"WebPage\",\"@id\":\"https:\/\/www.movistar.es\/blog\/movistar-plus\/galgos-serie-movistar\/\",\"url\":\"https:\/\/www.movistar.es\/blog\/movistar-plus\/galgos-serie-movistar\/\",\"name\":\"Disfruta de Galgos, la nueva serie de Movistar Plus+ que llega en enero\",\"isPartOf\":{\"@id\":\"https:\/\/www.movistar.es\/blog\/#website\"},\"primaryImageOfPage\":{\"@id\":\"https:\/\/www.movistar.es\/blog\/movistar-plus\/galgos-serie-movistar\/#primaryimage\"},\"image\":{\"@id\":\"https:\/\/www.movistar.es\/blog\/movistar-plus\/galgos-serie-movistar\/#primaryimage\"},\"thumbnailUrl\":\"https:\/\/www.movistar.es\/blog\/wp-content\/uploads\/sites\/3\/2023\/12\/Foto-portada-e1703845144861.jpg\",\"datePublished\":\"2023-12-29T12:45:00+00:00\",\"dateModified\":\"2024-01-18T13:27:31+00:00\",\"description\":\"Los aficionados a los dramas familiares empresariales tienen en Galgos su pr\u00f3xima serie favorita. Disfruta de esta producci\u00f3n de Movistar.\",\"breadcrumb\":{\"@id\":\"https:\/\/www.movistar.es\/blog\/movistar-plus\/galgos-serie-movistar\/#breadcrumb\"},\"inLanguage\":\"es\",\"potentialAction\":[{\"@type\":\"ReadAction\",\"target\":[\"https:\/\/www.movistar.es\/blog\/movistar-plus\/galgos-serie-movistar\/\"]}]},{\"@type\":\"ImageObject\",\"inLanguage\":\"es\",\"@id\":\"https:\/\/www.movistar.es\/blog\/movistar-plus\/galgos-serie-movistar\/#primaryimage\",\"url\":\"https:\/\/www.movistar.es\/blog\/wp-content\/uploads\/sites\/3\/2023\/12\/Foto-portada-e1703845144861.jpg\",\"contentUrl\":\"https:\/\/www.movistar.es\/blog\/wp-content\/uploads\/sites\/3\/2023\/12\/Foto-portada-e1703845144861.jpg\",\"width\":2560,\"height\":1145,\"caption\":\"Galgos\"},{\"@type\":\"BreadcrumbList\",\"@id\":\"https:\/\/www.movistar.es\/blog\/movistar-plus\/galgos-serie-movistar\/#breadcrumb\",\"itemListElement\":[{\"@type\":\"ListItem\",\"position\":1,\"name\":\"Home\",\"item\":\"https:\/\/www.movistar.es\/blog\/\"},{\"@type\":\"ListItem\",\"position\":2,\"name\":\"Disfruta de Galgos, la nueva serie original de Movistar Plus+ que llega en enero\"}]},{\"@type\":\"WebSite\",\"@id\":\"https:\/\/www.movistar.es\/blog\/#website\",\"url\":\"https:\/\/www.movistar.es\/blog\/\",\"name\":\"Movistar blog\",\"description\":\"Movistar Blog. Informaci\u00f3n y m\u00e1s sobre los productos y servicios de Movistar\",\"publisher\":{\"@id\":\"https:\/\/www.movistar.es\/blog\/#organization\"},\"potentialAction\":[{\"@type\":\"SearchAction\",\"target\":{\"@type\":\"EntryPoint\",\"urlTemplate\":\"https:\/\/www.movistar.es\/blog\/?s={search_term_string}\"},\"query-input\":{\"@type\":\"PropertyValueSpecification\",\"valueRequired\":true,\"valueName\":\"search_term_string\"}}],\"inLanguage\":\"es\"},{\"@type\":\"Organization\",\"@id\":\"https:\/\/www.movistar.es\/blog\/#organization\",\"name\":\"Movistar blog\",\"url\":\"https:\/\/www.movistar.es\/blog\/\",\"logo\":{\"@type\":\"ImageObject\",\"inLanguage\":\"es\",\"@id\":\"https:\/\/www.movistar.es\/blog\/#\/schema\/logo\/image\/\",\"url\":\"https:\/\/www.movistar.es\/blog\/wp-content\/uploads\/sites\/3\/2022\/05\/logo_movistar-1.svg\",\"contentUrl\":\"https:\/\/www.movistar.es\/blog\/wp-content\/uploads\/sites\/3\/2022\/05\/logo_movistar-1.svg\",\"width\":369,\"height\":272,\"caption\":\"Movistar blog\"},\"image\":{\"@id\":\"https:\/\/www.movistar.es\/blog\/#\/schema\/logo\/image\/\"}},{\"@type\":\"Person\",\"@id\":\"https:\/\/www.movistar.es\/blog\/#\/schema\/person\/c08164bba32a416ae0908ffcff27cda4\",\"name\":\"\u00c1lvaro Gui\u00f1\u00f3n\",\"image\":{\"@type\":\"ImageObject\",\"inLanguage\":\"es\",\"@id\":\"https:\/\/www.movistar.es\/blog\/#\/schema\/person\/image\/51671b6030de77c3bb9885814b71de60\",\"url\":\"https:\/\/secure.gravatar.com\/avatar\/2d8b4c1902b4a46e6f14e75ce5ae7a81cb04b5a4eb83dc660f881e7cad9c07b6\",\"contentUrl\":\"https:\/\/secure.gravatar.com\/avatar\/2d8b4c1902b4a46e6f14e75ce5ae7a81cb04b5a4eb83dc660f881e7cad9c07b6\",\"caption\":\"\u00c1lvaro Gui\u00f1\u00f3n\"},\"description\":\"\u00c1lvaro Gui\u00f1\u00f3n es periodista y est\u00e1 especializado en gaming, aunque le apasionan tanto el deporte como la tecnolog\u00eda. Forma parte de la redacci\u00f3n de Movistar eSports, medio referente en el entretenimiento digital.\",\"url\":\"https:\/\/www.movistar.es\/blog\/author\/agrinon\/\"}]}<\/script>\n<!-- \/ Yoast SEO Premium plugin. -->","yoast_head_json":{"title":"Disfruta de Galgos, la nueva serie de Movistar Plus+ que llega en enero","description":"Los aficionados a los dramas familiares empresariales tienen en Galgos su pr\u00f3xima serie favorita. Disfruta de esta producci\u00f3n de Movistar.","robots":{"index":"index","follow":"follow","max-snippet":"max-snippet:-1","max-image-preview":"max-image-preview:large","max-video-preview":"max-video-preview:-1"},"canonical":"https:\/\/www.movistar.es\/blog\/movistar-plus\/galgos-serie-movistar\/","og_locale":"es_ES","og_type":"article","og_title":"Disfruta de Galgos, la nueva serie original de Movistar Plus+ que llega en enero","og_description":"Los aficionados a los dramas familiares empresariales tienen en Galgos su pr\u00f3xima serie favorita. Disfruta de esta producci\u00f3n de Movistar.","og_url":"https:\/\/www.movistar.es\/blog\/movistar-plus\/galgos-serie-movistar\/","og_site_name":"Movistar blog","article_published_time":"2023-12-29T12:45:00+00:00","article_modified_time":"2024-01-18T13:27:31+00:00","og_image":[{"width":2560,"height":1145,"url":"https:\/\/www.movistar.es\/blog\/wp-content\/uploads\/sites\/3\/2023\/12\/Foto-portada-e1703845144861.jpg","type":"image\/jpeg"}],"author":"\u00c1lvaro Gui\u00f1\u00f3n","twitter_card":"summary_large_image","twitter_misc":{"Written by":"\u00c1lvaro Gui\u00f1\u00f3n","Est. reading time":"4 minutos"},"schema":{"@context":"https:\/\/schema.org","@graph":[{"@type":"Article","@id":"https:\/\/www.movistar.es\/blog\/movistar-plus\/galgos-serie-movistar\/#article","isPartOf":{"@id":"https:\/\/www.movistar.es\/blog\/movistar-plus\/galgos-serie-movistar\/"},"author":{"name":"\u00c1lvaro Gui\u00f1\u00f3n","@id":"https:\/\/www.movistar.es\/blog\/#\/schema\/person\/c08164bba32a416ae0908ffcff27cda4"},"headline":"Disfruta de Galgos, la nueva serie original de Movistar Plus+ que llega en enero","datePublished":"2023-12-29T12:45:00+00:00","dateModified":"2024-01-18T13:27:31+00:00","mainEntityOfPage":{"@id":"https:\/\/www.movistar.es\/blog\/movistar-plus\/galgos-serie-movistar\/"},"wordCount":716,"publisher":{"@id":"https:\/\/www.movistar.es\/blog\/#organization"},"image":{"@id":"https:\/\/www.movistar.es\/blog\/movistar-plus\/galgos-serie-movistar\/#primaryimage"},"thumbnailUrl":"https:\/\/www.movistar.es\/blog\/wp-content\/uploads\/sites\/3\/2023\/12\/Foto-portada-e1703845144861.jpg","inLanguage":"es"},{"@type":"WebPage","@id":"https:\/\/www.movistar.es\/blog\/movistar-plus\/galgos-serie-movistar\/","url":"https:\/\/www.movistar.es\/blog\/movistar-plus\/galgos-serie-movistar\/","name":"Disfruta de Galgos, la nueva serie de Movistar Plus+ que llega en enero","isPartOf":{"@id":"https:\/\/www.movistar.es\/blog\/#website"},"primaryImageOfPage":{"@id":"https:\/\/www.movistar.es\/blog\/movistar-plus\/galgos-serie-movistar\/#primaryimage"},"image":{"@id":"https:\/\/www.movistar.es\/blog\/movistar-plus\/galgos-serie-movistar\/#primaryimage"},"thumbnailUrl":"https:\/\/www.movistar.es\/blog\/wp-content\/uploads\/sites\/3\/2023\/12\/Foto-portada-e1703845144861.jpg","datePublished":"2023-12-29T12:45:00+00:00","dateModified":"2024-01-18T13:27:31+00:00","description":"Los aficionados a los dramas familiares empresariales tienen en Galgos su pr\u00f3xima serie favorita. Disfruta de esta producci\u00f3n de Movistar.","breadcrumb":{"@id":"https:\/\/www.movistar.es\/blog\/movistar-plus\/galgos-serie-movistar\/#breadcrumb"},"inLanguage":"es","potentialAction":[{"@type":"ReadAction","target":["https:\/\/www.movistar.es\/blog\/movistar-plus\/galgos-serie-movistar\/"]}]},{"@type":"ImageObject","inLanguage":"es","@id":"https:\/\/www.movistar.es\/blog\/movistar-plus\/galgos-serie-movistar\/#primaryimage","url":"https:\/\/www.movistar.es\/blog\/wp-content\/uploads\/sites\/3\/2023\/12\/Foto-portada-e1703845144861.jpg","contentUrl":"https:\/\/www.movistar.es\/blog\/wp-content\/uploads\/sites\/3\/2023\/12\/Foto-portada-e1703845144861.jpg","width":2560,"height":1145,"caption":"Galgos"},{"@type":"BreadcrumbList","@id":"https:\/\/www.movistar.es\/blog\/movistar-plus\/galgos-serie-movistar\/#breadcrumb","itemListElement":[{"@type":"ListItem","position":1,"name":"Home","item":"https:\/\/www.movistar.es\/blog\/"},{"@type":"ListItem","position":2,"name":"Disfruta de Galgos, la nueva serie original de Movistar Plus+ que llega en enero"}]},{"@type":"WebSite","@id":"https:\/\/www.movistar.es\/blog\/#website","url":"https:\/\/www.movistar.es\/blog\/","name":"Movistar blog","description":"Movistar Blog. Informaci\u00f3n y m\u00e1s sobre los productos y servicios de Movistar","publisher":{"@id":"https:\/\/www.movistar.es\/blog\/#organization"},"potentialAction":[{"@type":"SearchAction","target":{"@type":"EntryPoint","urlTemplate":"https:\/\/www.movistar.es\/blog\/?s={search_term_string}"},"query-input":{"@type":"PropertyValueSpecification","valueRequired":true,"valueName":"search_term_string"}}],"inLanguage":"es"},{"@type":"Organization","@id":"https:\/\/www.movistar.es\/blog\/#organization","name":"Movistar blog","url":"https:\/\/www.movistar.es\/blog\/","logo":{"@type":"ImageObject","inLanguage":"es","@id":"https:\/\/www.movistar.es\/blog\/#\/schema\/logo\/image\/","url":"https:\/\/www.movistar.es\/blog\/wp-content\/uploads\/sites\/3\/2022\/05\/logo_movistar-1.svg","contentUrl":"https:\/\/www.movistar.es\/blog\/wp-content\/uploads\/sites\/3\/2022\/05\/logo_movistar-1.svg","width":369,"height":272,"caption":"Movistar blog"},"image":{"@id":"https:\/\/www.movistar.es\/blog\/#\/schema\/logo\/image\/"}},{"@type":"Person","@id":"https:\/\/www.movistar.es\/blog\/#\/schema\/person\/c08164bba32a416ae0908ffcff27cda4","name":"\u00c1lvaro Gui\u00f1\u00f3n","image":{"@type":"ImageObject","inLanguage":"es","@id":"https:\/\/www.movistar.es\/blog\/#\/schema\/person\/image\/51671b6030de77c3bb9885814b71de60","url":"https:\/\/secure.gravatar.com\/avatar\/2d8b4c1902b4a46e6f14e75ce5ae7a81cb04b5a4eb83dc660f881e7cad9c07b6","contentUrl":"https:\/\/secure.gravatar.com\/avatar\/2d8b4c1902b4a46e6f14e75ce5ae7a81cb04b5a4eb83dc660f881e7cad9c07b6","caption":"\u00c1lvaro Gui\u00f1\u00f3n"},"description":"\u00c1lvaro Gui\u00f1\u00f3n es periodista y est\u00e1 especializado en gaming, aunque le apasionan tanto el deporte como la tecnolog\u00eda. Forma parte de la redacci\u00f3n de Movistar eSports, medio referente en el entretenimiento digital.","url":"https:\/\/www.movistar.es\/blog\/author\/agrinon\/"}]}},"jetpack_featured_media_url":"https:\/\/www.movistar.es\/blog\/wp-content\/uploads\/sites\/3\/2023\/12\/Foto-portada-e1703845144861.jpg","jetpack_sharing_enabled":true,"_links":{"self":[{"href":"https:\/\/www.movistar.es\/blog\/wp-json\/wp\/v2\/posts\/21773","targetHints":{"allow":["GET"]}}],"collection":[{"href":"https:\/\/www.movistar.es\/blog\/wp-json\/wp\/v2\/posts"}],"about":[{"href":"https:\/\/www.movistar.es\/blog\/wp-json\/wp\/v2\/types\/post"}],"author":[{"embeddable":true,"href":"https:\/\/www.movistar.es\/blog\/wp-json\/wp\/v2\/users\/81"}],"replies":[{"embeddable":true,"href":"https:\/\/www.movistar.es\/blog\/wp-json\/wp\/v2\/comments?post=21773"}],"version-history":[{"count":6,"href":"https:\/\/www.movistar.es\/blog\/wp-json\/wp\/v2\/posts\/21773\/revisions"}],"predecessor-version":[{"id":22838,"href":"https:\/\/www.movistar.es\/blog\/wp-json\/wp\/v2\/posts\/21773\/revisions\/22838"}],"wp:featuredmedia":[{"embeddable":true,"href":"https:\/\/www.movistar.es\/blog\/wp-json\/wp\/v2\/media\/21776"}],"wp:attachment":[{"href":"https:\/\/www.movistar.es\/blog\/wp-json\/wp\/v2\/media?parent=21773"}],"wp:term":[{"taxonomy":"category","embeddable":true,"href":"https:\/\/www.movistar.es\/blog\/wp-json\/wp\/v2\/categories?post=21773"},{"taxonomy":"post_tag","embeddable":true,"href":"https:\/\/www.movistar.es\/blog\/wp-json\/wp\/v2\/tags?post=21773"},{"taxonomy":"area","embeddable":true,"href":"https:\/\/www.movistar.es\/blog\/wp-json\/wp\/v2\/area?post=21773"},{"taxonomy":"cluster","embeddable":true,"href":"https:\/\/www.movistar.es\/blog\/wp-json\/wp\/v2\/cluster?post=21773"},{"taxonomy":"linea_editorial","embeddable":true,"href":"https:\/\/www.movistar.es\/blog\/wp-json\/wp\/v2\/linea_editorial?post=21773"},{"taxonomy":"author","embeddable":true,"href":"https:\/\/www.movistar.es\/blog\/wp-json\/wp\/v2\/coauthors?post=21773"}],"curies":[{"name":"wp","href":"https:\/\/api.w.org\/{rel}","templated":true}]}}