{"id":21685,"date":"2023-07-19T14:05:00","date_gmt":"2023-07-19T12:05:00","guid":{"rendered":"https:\/\/www.movistar.es\/blog\/?p=21685"},"modified":"2023-12-28T14:06:20","modified_gmt":"2023-12-28T13:06:20","slug":"historias-telefonica-moviline","status":"publish","type":"post","link":"https:\/\/www.movistar.es\/blog\/home\/historias-telefonica-moviline\/","title":{"rendered":"Historias de Telef\u00f3nica: MoviLine"},"content":{"rendered":"\n<p>En un cap\u00edtulo anterior de\u00a0<strong>#HistoriasDeTelef\u00f3nica<\/strong>\u00a0te hablamos del sistema de\u00a0<strong><a href=\"https:\/\/comunidad.movistar.es\/t5\/Blog-Movisfera\/Historias-de-Telef%C3%B3nica-el-sistema-TAV-de-telefon%C3%ADa-m%C3%B3vil\/ba-p\/4859676\" target=\"_blank\" rel=\"noreferrer noopener\">Telefon\u00eda Autom\u00e1tica en Veh\u00edculos (TAV)<\/a><\/strong>. Este sistema fue un precursor de la telefon\u00eda m\u00f3vil que tuvo su despegue en los a\u00f1os 90 y de una de las marcas ic\u00f3nicas en el nacimiento de los m\u00f3viles en nuestro pa\u00eds,\u00a0<em><strong>MoviLine<\/strong><\/em>.\u00a0<\/p>\n\n\n\n<h2 class=\"wp-block-heading\" id=\"toc-hId-1481781066\">La telefon\u00eda m\u00f3vil a finales del siglo XX&nbsp;<\/h2>\n\n\n\n<p>A finales del pasado siglo, la telefon\u00eda m\u00f3vil se encontraba en un estado embrionario. Espa\u00f1a contaba con un \u00fanico servicio de telefon\u00eda m\u00f3vil&nbsp;(TAV) que ya llevaba a\u00f1os operando. Este estaba destinado \u00fanicamente para veh\u00edculos y con cobertura s\u00f3lo en Madrid y Barcelona. Lo que supon\u00eda una penetraci\u00f3n limitada a unos miles de clientes. Supuso el boom de la telefon\u00eda m\u00f3vil en nuestro pa\u00eds a finales del siglo XX.&nbsp;<\/p>\n\n\n\n<h3 class=\"wp-block-heading\" class=\"wp-block-heading\" id=\"sistema-nmt\">Sistema NMT<\/h3>\n\n\n\n<p>En 1981 fue la aparici\u00f3n comercial del sistema&nbsp;<strong>NMT&nbsp;<\/strong>(Nordic Mobile Telephone) en los cuatro pa\u00edses n\u00f3rdicos europeos.<\/p>\n\n\n\n<p>Se trataba de un est\u00e1ndar de comunicaciones m\u00f3viles anal\u00f3gicas. Exist\u00edan dos versiones&nbsp;<strong>NMT-450<\/strong>&nbsp;y&nbsp;<strong>NMT-900<\/strong>, los cuales difer\u00edan, principalmente, en la banda de frecuencia que utilizan&nbsp;<strong>(450 MHz y 900 MHz respectivamente)<\/strong>.&nbsp;El \u00faltimo permit\u00eda un mayor n\u00famero de canales.&nbsp;<\/p>\n\n\n\n<p><strong>NMT&nbsp;<\/strong>fue la primera red anal\u00f3gica automatizada del mundo, con un est\u00e1ndar abierto y compatible con el&nbsp;<a href=\"https:\/\/www.movistar.es\/blog\/mi-movistar\/roaming-activado-movistar\/\" target=\"_blank\" rel=\"noreferrer noopener\"><em><strong>roaming<\/strong><\/em><\/a>. En su lanzamiento inicial, se utiliz\u00f3 el equipamiento desarrollado por&nbsp;<strong>Ericsson<\/strong>.<\/p>\n\n\n\n<figure class=\"wp-block-image size-full\"><img loading=\"lazy\" decoding=\"async\" width=\"609\" height=\"480\" src=\"https:\/\/www.movistar.es\/blog\/wp-content\/uploads\/sites\/3\/2023\/12\/NMT.jpg\" alt=\"\" class=\"wp-image-21705\" srcset=\"https:\/\/www.movistar.es\/blog\/wp-content\/uploads\/sites\/3\/2023\/12\/NMT.jpg 609w, https:\/\/www.movistar.es\/blog\/wp-content\/uploads\/sites\/3\/2023\/12\/NMT.jpg?resize=300,236 300w\" sizes=\"auto, (max-width: 609px) 100vw, 609px\" \/><\/figure>\n\n\n\n<h3 class=\"wp-block-heading\" class=\"wp-block-heading\" id=\"telefonia-movil-automatica-tma\">Telefon\u00eda m\u00f3vil autom\u00e1tica (TMA)<\/h3>\n\n\n\n<p>En Espa\u00f1a, la&nbsp;adopci\u00f3n de dicha tecnolog\u00eda denominada&nbsp;<strong>\u201ctelefon\u00eda m\u00f3vil autom\u00e1tica\u201d o TMA<\/strong>, tuvo lugar en el a\u00f1o 1982. A\u00f1o de la&nbsp;<strong>Copa Mundial de F\u00fatbol<\/strong>&nbsp;que se celebr\u00f3 en nuestro pa\u00eds, tomando como referencia el modelo n\u00f3rdico NMT en la modalidad de 900 MHz.&nbsp;<\/p>\n\n\n\n<p>Fue la&nbsp;<strong>primera red m\u00f3vil con alcance nacional<\/strong>. Pese a que algunos terminales, del tama\u00f1o de un malet\u00edn, pod\u00edan extraerse del veh\u00edculo y llevarse a reuniones de trabajo, segu\u00eda siendo una red pensada principalmente para autom\u00f3viles.<\/p>\n\n\n\n<p>Sin embargo, con el paso del tiempo,&nbsp;los terminales acabaron por parecerse a lo que hoy entendemos por un tel\u00e9fono m\u00f3vil.<\/p>\n\n\n\n<p>Seg\u00fan la memoria del ejercicio de 1988, hab\u00eda&nbsp;<strong>treinta y dos mil usuarios<\/strong>&nbsp;del servicio TMA.&nbsp;Un nuevo salto se produjo en 1989, con la introducci\u00f3n de la red evolucionada TMA-900, pues con&nbsp;<strong>TMA-450<\/strong>,&nbsp;el servicio s\u00f3lo estaba disponible en grandes ciudades.<\/p>\n\n\n\n<p>Gracias al aumento de la frecuencia que ten\u00eda TMA-900, se disminuy\u00f3 el tama\u00f1o de las c\u00e9lulas, con la consiguiente reducci\u00f3n de la&nbsp;potencia radiada, la longitud de onda y el tama\u00f1o de los componentes.<\/p>\n\n\n\n<p>A ra\u00edz de esta evoluci\u00f3n,&nbsp;<strong>se&nbsp;dispuso de terminales m\u00e1s peque\u00f1os&nbsp;<\/strong>y m\u00e1s atractivos para el usuario,<strong>&nbsp;lo que trajo&nbsp;consigo un aumento de la demanda<\/strong>&nbsp;y una disminuci\u00f3n del precio de&nbsp;los terminales que contribuy\u00f3, a su vez, a incrementar la demanda todav\u00eda m\u00e1s.&nbsp;<\/p>\n\n\n\n<p>Pese a que el sistema&nbsp;alcanz\u00f3 gran popularidad en otras regiones de Europa Central y del Este, as\u00ed como Oriente Medio y Asia, en Espa\u00f1a, a\u00fan siendo&nbsp;el antecedente necesario a lo que estaba por venir, no termin\u00f3 de despegar.<\/p>\n\n\n\n<h2 class=\"wp-block-heading\" class=\"wp-block-heading\" id=\"cuando-surgio-moviline\">Cu\u00e1ndo surgi\u00f3 MoviLine<\/h2>\n\n\n\n<p>As\u00ed que, tras varios a\u00f1os despu\u00e9s del lanzamiento de ese primer sistema de telefon\u00eda m\u00f3vil basado en el est\u00e1ndar&nbsp;n\u00f3rdico NMT, en&nbsp;<strong>1993<\/strong>, cuando<strong>&nbsp;<a href=\"https:\/\/www.telefonica.com\/es\/wp-content\/uploads\/sites\/4\/2021\/07\/1993_hechos_significativos.pdf\" target=\"_blank\" rel=\"noreferrer noopener\">Telef\u00f3nica alcanzaba 14 millones de l\u00edneas fijas<\/a><\/strong>, la compa\u00f1\u00eda lanz\u00f3, en todo el territorio nacional,&nbsp;<strong><em>MoviLine<\/em><\/strong>,&nbsp;la primera y \u00fanica&nbsp;<strong>red 1G<\/strong>&nbsp;de Espa\u00f1a, con mascota incluida.<\/p>\n\n\n\n<p>El primer servicio de telefon\u00eda m\u00f3vil en Espa\u00f1a que no estaba destinado a tel\u00e9fonos en coches, y que por primera vez permiti\u00f3 disponer de&nbsp;tel\u00e9fonos que cab\u00edan en el bolsillo.<\/p>\n\n\n\n<p>El nombre comercial&nbsp;<em>MoviLine<\/em>&nbsp;fue utilizado para popularizar el servicio con un nombre comercial con m\u00e1s gancho, que ocultara al usuario final sus siglas t\u00e9cnicas TMA-900A (Telefon\u00eda M\u00f3vil Autom\u00e1tica operando en la frecuencia de 900 MHz-Anal\u00f3gico). Y es que, pese a que el servicio de telefon\u00eda m\u00f3vil anal\u00f3gica fue lanzado al mercado en 1990, la marca comercial&nbsp;<em>MoviLine<\/em>&nbsp;no se introdujo hasta 1993&nbsp;con el objetivo de dar servicio a una demanda creciente y resolver&nbsp;los problemas de congesti\u00f3n del espectro del sistema vigente, el TMA-450.<\/p>\n\n\n\n<figure class=\"wp-block-image size-large is-resized\"><img loading=\"lazy\" decoding=\"async\" src=\"https:\/\/www.movistar.es\/blog\/wp-content\/uploads\/sites\/3\/2023\/12\/Moviline-1.jpg?w=725\" alt=\"\" class=\"wp-image-21686\" width=\"725\" height=\"1024\" srcset=\"https:\/\/www.movistar.es\/blog\/wp-content\/uploads\/sites\/3\/2023\/12\/Moviline-1.jpg 807w, https:\/\/www.movistar.es\/blog\/wp-content\/uploads\/sites\/3\/2023\/12\/Moviline-1.jpg?resize=212,300 212w, https:\/\/www.movistar.es\/blog\/wp-content\/uploads\/sites\/3\/2023\/12\/Moviline-1.jpg?resize=768,1085 768w, https:\/\/www.movistar.es\/blog\/wp-content\/uploads\/sites\/3\/2023\/12\/Moviline-1.jpg?resize=725,1024 725w\" sizes=\"auto, (max-width: 725px) 100vw, 725px\" \/><\/figure>\n\n\n\n<p>Durante su historia, el sistema anal\u00f3gico permiti\u00f3 ofrecer una cobertura mayor a la digital, en especial en zonas rurales y costeras. Ello lo hizo especialmente atractivo para cubrir zonas alejadas de los&nbsp;n\u00facleos urbanos y dar servicio a embarcaciones. Por otro lado, la calidad del sonido era peor, la transmisi\u00f3n de datos era lenta y las comunicaciones eran susceptibles de captaci\u00f3n mediante esc\u00e1neres de frecuencia.<\/p>\n\n\n\n<p>El crecimiento m\u00e1s r\u00e1pido de clientes ocurri\u00f3 desde principios de 1995 hasta enero de 1996. Se pas\u00f3 de los 400.000 hasta los 900.000 usuarios, rozando su l\u00edmite t\u00e9cnico, estimado en un mill\u00f3n.<\/p>\n\n\n\n<p>Las frecuencias en la banda de los 900 MHz&nbsp;utilizadas por el servicio, se quedaron durante un tiempo para la&nbsp;<a href=\"https:\/\/es.wikipedia.org\/wiki\/Telefon%C3%ADa_Rural_por_Acceso_Celular\" target=\"_blank\" rel=\"noreferrer noopener\"><strong>Telefon\u00eda Rural por Acceso Celular<\/strong>&nbsp;<\/a>(TRAC). Posteriormente, esas frecuencias fueron asignadas por la&nbsp;<strong>CMT<\/strong>&nbsp;a los operadores&nbsp;<strong>Telef\u00f3nica M\u00f3viles&nbsp;<\/strong>(que lo us\u00f3 para su servicio digital, bajo la marca&nbsp;<strong>Movistar<\/strong>) y&nbsp;Amena, la cual no ten\u00eda presencia en la banda 900.<\/p>\n\n\n\n<h3 class=\"wp-block-heading\" class=\"wp-block-heading\" id=\"tarifas-de-moviline\">Tarifas de MoviLine<\/h3>\n\n\n\n<p>Los&nbsp;precios&nbsp;de los tel\u00e9fonos&nbsp;m\u00f3viles&nbsp;de&nbsp;<em>MoviLine<\/em>, se situaban entre 79.000 y 99.000 pesetas (teniendo en cuenta la inflaci\u00f3n,&nbsp;entre 860\u20ac y 1000\u20ac de hoy o&nbsp;lo que cuesta un smartphone de gama alta). Exist\u00eda adem\u00e1s, una cuota de alta&nbsp;de 25.000 pesetas de entonces, unos 295\u20ac de 2022. Y, por \u00faltimo, tambi\u00e9n hab\u00eda que pagar una cuota mensual para mantener el servicio, la cual oscilaba entre las 4.500 a 18.000 pesetas (53\u20ac a 212\u20ac de hoy).<\/p>\n\n\n\n<figure class=\"wp-block-image size-large\"><img loading=\"lazy\" decoding=\"async\" height=\"319\" width=\"1024\" src=\"https:\/\/www.movistar.es\/blog\/wp-content\/uploads\/sites\/3\/2023\/12\/tarifas-movilene-1993-1-1.jpg?w=1024\" alt=\"precios moviline\" class=\"wp-image-21693\" srcset=\"https:\/\/www.movistar.es\/blog\/wp-content\/uploads\/sites\/3\/2023\/12\/tarifas-movilene-1993-1-1.jpg 1200w, https:\/\/www.movistar.es\/blog\/wp-content\/uploads\/sites\/3\/2023\/12\/tarifas-movilene-1993-1-1.jpg?resize=300,94 300w, https:\/\/www.movistar.es\/blog\/wp-content\/uploads\/sites\/3\/2023\/12\/tarifas-movilene-1993-1-1.jpg?resize=768,239 768w, https:\/\/www.movistar.es\/blog\/wp-content\/uploads\/sites\/3\/2023\/12\/tarifas-movilene-1993-1-1.jpg?resize=1024,319 1024w\" sizes=\"auto, (max-width: 1024px) 100vw, 1024px\" \/><\/figure>\n\n\n\n<p>El primer paso hacia las&nbsp;<strong>comunicaciones m\u00f3viles digitales (2G)<\/strong>, que termin\u00f3 desplazando al 1G, se dio en 1982 al constituirse en el seno del CEPT (Conf\u00e9rence Europ\u00e9enne des Administrations des Postes et T\u00e9l\u00e9communications), el&nbsp; grupo de trabajo&nbsp;<strong>GSM<\/strong>&nbsp;(Groupe Sp\u00e9ciale Mobile,) dedicado al desarrollo de un nuevo est\u00e1ndar de telefon\u00eda m\u00f3vil digital de \u00e1mbito europeo, de gran capacidad para operar en la banda de 900 MHz utilizando se\u00f1alizaci\u00f3n digital.<\/p>\n\n\n\n<p>Este hecho garantiz\u00f3 el secreto de las comunicaciones y un uso m\u00e1s eficiente del espectro radioel\u00e9ctrico al emplear las t\u00e9cnicas de acceso m\u00faltiple por divisi\u00f3n en el tiempo (TDMA) como sistema de acceso al medio.<\/p>\n\n\n\n<p>Un a\u00f1o despu\u00e9s de la creaci\u00f3n, por parte de la Uni\u00f3n Europea en 1988, del&nbsp;<strong>European Telecommunications Standards Institute<\/strong>&nbsp;(ETSI), los trabajos del grupo GSM se trasladaron a esta instituci\u00f3n. Este nuevo est\u00e1ndar&nbsp;digital conocido como&nbsp;<strong>2G o GSM<\/strong>&nbsp;tuvo su lanzamiento en Espa\u00f1a con&nbsp;<strong>Movistar en 1995<\/strong>&nbsp;que durante varios a\u00f1os convivi\u00f3 con&nbsp;<em>MoviLine<\/em>.&nbsp;<\/p>\n\n\n\n<p>Entre 1998 y 1999, en su cenit,&nbsp;<em>MoviLine<\/em>&nbsp;lleg\u00f3 a&nbsp;<strong>superar el mill\u00f3n de clientes<\/strong>, el m\u00e1ximo que permit\u00edan sus redes, pero los SMS, los terminales con juegos y las nuevas tecnolog\u00edas que aportaba GMS, fueron seduciendo a la mayor\u00eda de sus usuarios.<\/p>\n\n\n\n<figure class=\"wp-block-image size-large\"><img loading=\"lazy\" decoding=\"async\" height=\"346\" width=\"1024\" src=\"https:\/\/www.movistar.es\/blog\/wp-content\/uploads\/sites\/3\/2023\/12\/auge-telefonia-movil-1.png?w=1024\" alt=\"moviline\" class=\"wp-image-21688\" srcset=\"https:\/\/www.movistar.es\/blog\/wp-content\/uploads\/sites\/3\/2023\/12\/auge-telefonia-movil-1.png 1200w, https:\/\/www.movistar.es\/blog\/wp-content\/uploads\/sites\/3\/2023\/12\/auge-telefonia-movil-1.png?resize=300,102 300w, https:\/\/www.movistar.es\/blog\/wp-content\/uploads\/sites\/3\/2023\/12\/auge-telefonia-movil-1.png?resize=768,260 768w, https:\/\/www.movistar.es\/blog\/wp-content\/uploads\/sites\/3\/2023\/12\/auge-telefonia-movil-1.png?resize=1024,346 1024w\" sizes=\"auto, (max-width: 1024px) 100vw, 1024px\" \/><\/figure>\n\n\n\n<h2 class=\"wp-block-heading\" class=\"wp-block-heading\" id=\"como-funcionaba-la-red-celular-analogica-de-moviline\">\u00bfC\u00f3mo funcionaba la red celular anal\u00f3gica de&nbsp;<em>MoviLine<\/em>?&nbsp;<\/h2>\n\n\n\n<p>La&nbsp;<strong>red&nbsp;1G<\/strong>&nbsp;de la que formaba parte&nbsp;<em>MoviLine<\/em>, se denomin\u00f3 \u201ccelular\u201d ya que se divid\u00eda en&nbsp;celdas hexagonales. Esta red&nbsp;utilizaba canales de comunicaci\u00f3n anal\u00f3gicos y serv\u00eda&nbsp;<strong>exclusivamente para transmitir<\/strong>&nbsp;<strong>voz<\/strong>.<\/p>\n\n\n\n<p>La red 1G contaba con limitaciones como la reducida capacidad de la transferencia (handover) entre las celdas, lo cual limitaba de forma considerable la cantidad de usuarios que pod\u00edan entablar conversaci\u00f3n al mismo tiempo dentro de una misma red. As\u00ed mismo, la velocidad de conexi\u00f3n y transferencia de datos era sumamente limitada e inconsistente, algo que se deb\u00eda principalmente al uso de tecnolog\u00eda anal\u00f3gica en lugar de digital.&nbsp;<\/p>\n\n\n\n<p>Las redes de telefon\u00eda m\u00f3vil de primera generaci\u00f3n anal\u00f3gicas contaban con&nbsp;tres familias gen\u00e9ricas o est\u00e1ndares. Por un lado&nbsp;<strong>NMT<\/strong>&nbsp;que ya hemos visto previamente como antecesor de&nbsp;<em>MoviLine<\/em>&nbsp;y operado en Espa\u00f1a con la denominaci\u00f3n de TMA,&nbsp;<strong>AMPS y ETACS<\/strong>, que fue la que se implement\u00f3 en Espa\u00f1a.&nbsp;<\/p>\n\n\n\n<h3 class=\"wp-block-heading\" class=\"wp-block-heading\" id=\"tecnologia-etacs\">Tecnolog\u00eda ETACS<\/h3>\n\n\n\n<p><strong>ETACS<\/strong>&nbsp;(<em>Extended Total Access Communications System)&nbsp;<\/em>o en espa\u00f1ol (Sistema de Acceso Total Extendido a la Comunicaci\u00f3n), era una variante de la AMPS, implementada originalmente en el Reino Unido y que<strong>&nbsp;utilizaba una banda de frecuencia de 900 MHz<\/strong>, la cual&nbsp;permit\u00eda disponer de 1.320 canales d\u00faplex de 25 kHz de ancho de banda para voz anal\u00f3gica. Frente a la frecuencia 450 MHz usada en&nbsp;<strong>NMT\/TMA<\/strong>, conllevaba diversos cambios tecnol\u00f3gicos:<\/p>\n\n\n\n<ul class=\"wp-block-list\"><li>Por una parte, la reducci\u00f3n del tama\u00f1o de la celda \u2014ya que, a igualdad de potencia de transmisi\u00f3n, el alcance se reduc\u00eda, con lo que era necesario poner un mayor n\u00famero de estaciones base\u2014.<\/li><li>Por otra parte, el tama\u00f1o de las&nbsp;antenas, tanto de los terminales m\u00f3viles como de las estaciones base, se reduc\u00eda y por consiguiente se obten\u00edan terminales de menor tama\u00f1o.<\/li><\/ul>\n\n\n\n<p>En lo que se refiere a sus diferencias con el GSM, la mayor diferencia entre el 1G y el&nbsp;2G (Movistar)era que el<strong>&nbsp;1G era anal\u00f3gico y el 2G era digital<\/strong>; aunque los dos sistemas usaban sistemas digitales para conectar las Estaciones Base al resto del sistema telef\u00f3nico, la llamada solo cifraba cuando se usaba 2G.&nbsp;<\/p>\n\n\n\n<h2 class=\"wp-block-heading\" class=\"wp-block-heading\" id=\"el-relevo-de-moviline-a-movistar\">El relevo de MoviLine a Movistar<\/h2>\n\n\n\n<p>Pese a que Telef\u00f3nica M\u00f3viles ten\u00eda licencia para seguir operando&nbsp;<em>MoviLine<\/em>&nbsp;hasta el 1 de enero de 2007, en el 2003<em>&nbsp;MoviLine<\/em>&nbsp;\u00abecho el cierre\u00bb empujado por la incipiente telefon\u00eda m\u00f3vil&nbsp;digital (Movistar) con capacidades muy superiores a&nbsp;<em>MoviLine<\/em>&nbsp;(anal\u00f3gica) y tel\u00e9fonos de tama\u00f1o mucho menos voluminoso.<\/p>\n\n\n\n<figure class=\"wp-block-image size-full\"><img loading=\"lazy\" decoding=\"async\" width=\"415\" height=\"445\" src=\"https:\/\/www.movistar.es\/blog\/wp-content\/uploads\/sites\/3\/2023\/12\/Captura-de-pantalla-2023-05-18-a-las-11.53.26-1.png\" alt=\"moviline\" class=\"wp-image-21690\" srcset=\"https:\/\/www.movistar.es\/blog\/wp-content\/uploads\/sites\/3\/2023\/12\/Captura-de-pantalla-2023-05-18-a-las-11.53.26-1.png 415w, https:\/\/www.movistar.es\/blog\/wp-content\/uploads\/sites\/3\/2023\/12\/Captura-de-pantalla-2023-05-18-a-las-11.53.26-1.png?resize=280,300 280w\" sizes=\"auto, (max-width: 415px) 100vw, 415px\" \/><\/figure>\n\n\n\n<p>Toda esta evoluci\u00f3n ayud\u00f3 a que se acelerara el cierre de la marca comercial bajo la que Telef\u00f3nica estuvo operando desde 1993, un broche a 10 a\u00f1os de historia de las telecomunicaciones en nuestro pa\u00eds aprobado mediante un&nbsp;<strong><a href=\"https:\/\/www.boe.es\/boe\/dias\/2003\/12\/30\/\" target=\"_blank\" rel=\"noreferrer noopener\">decreto del gobierno<\/a><\/strong>.&nbsp;<\/p>\n\n\n\n<p>Los 38.000 clientes que quedaban, cuando en 2003 ces\u00f3 sus operaciones, pasaron a\u00a0<strong>Movistar<\/strong>\u00a0tras un ligero cambio en la numeraci\u00f3n. Por suerte, quienes llamaban al n\u00famero original de\u00a0<em>MoviLine<\/em>, pudieron escuchar una locuci\u00f3n durante seis meses que informaba del nuevo n\u00famero (casi id\u00e9ntico, ya que s\u00f3lo cambiaba el segundo d\u00edgito).<\/p>\n\n\n\n<p><em>Foto de portada: El Espa\u00f1ol<\/em><\/p>\n","protected":false},"excerpt":{"rendered":"<p>En un cap\u00edtulo anterior de\u00a0#HistoriasDeTelef\u00f3nica\u00a0te hablamos del sistema de\u00a0Telefon\u00eda Autom\u00e1tica en Veh\u00edculos (TAV). Este sistema fue un precursor de la telefon\u00eda m\u00f3vil que tuvo su despegue en los a\u00f1os 90 y de una de las [&hellip;]<\/p>\n","protected":false},"author":202,"featured_media":21758,"comment_status":"closed","ping_status":"closed","sticky":false,"template":"","format":"standard","meta":{"site-sidebar-layout":"default","site-content-layout":"","ast-site-content-layout":"","site-content-style":"default","site-sidebar-style":"default","ast-global-header-display":"","ast-banner-title-visibility":"","ast-main-header-display":"","ast-hfb-above-header-display":"","ast-hfb-below-header-display":"","ast-hfb-mobile-header-display":"","site-post-title":"","ast-breadcrumbs-content":"","ast-featured-img":"","footer-sml-layout":"","theme-transparent-header-meta":"","adv-header-id-meta":"","stick-header-meta":"","header-above-stick-meta":"","header-main-stick-meta":"","header-below-stick-meta":"","astra-migrate-meta-layouts":"default","ast-page-background-enabled":"default","ast-page-background-meta":{"desktop":{"background-color":"var(--ast-global-color-4)","background-image":"","background-repeat":"repeat","background-position":"center center","background-size":"auto","background-attachment":"scroll","background-type":"","background-media":"","overlay-type":"","overlay-color":"","overlay-opacity":"","overlay-gradient":""},"tablet":{"background-color":"","background-image":"","background-repeat":"repeat","background-position":"center center","background-size":"auto","background-attachment":"scroll","background-type":"","background-media":"","overlay-type":"","overlay-color":"","overlay-opacity":"","overlay-gradient":""},"mobile":{"background-color":"","background-image":"","background-repeat":"repeat","background-position":"center center","background-size":"auto","background-attachment":"scroll","background-type":"","background-media":"","overlay-type":"","overlay-color":"","overlay-opacity":"","overlay-gradient":""}},"ast-content-background-meta":{"desktop":{"background-color":"var(--ast-global-color-5)","background-image":"","background-repeat":"repeat","background-position":"center center","background-size":"auto","background-attachment":"scroll","background-type":"","background-media":"","overlay-type":"","overlay-color":"","overlay-opacity":"","overlay-gradient":""},"tablet":{"background-color":"var(--ast-global-color-5)","background-image":"","background-repeat":"repeat","background-position":"center center","background-size":"auto","background-attachment":"scroll","background-type":"","background-media":"","overlay-type":"","overlay-color":"","overlay-opacity":"","overlay-gradient":""},"mobile":{"background-color":"var(--ast-global-color-5)","background-image":"","background-repeat":"repeat","background-position":"center center","background-size":"auto","background-attachment":"scroll","background-type":"","background-media":"","overlay-type":"","overlay-color":"","overlay-opacity":"","overlay-gradient":""}},"_jetpack_memberships_contains_paid_content":false,"footnotes":""},"categories":[1],"tags":[],"area":[190],"cluster":[8],"linea_editorial":[],"coauthors":[579],"class_list":["post-21685","post","type-post","status-publish","format-standard","has-post-thumbnail","hentry","category-sin-categoria","area-content-movistar","cluster-home"],"yoast_head":"<!-- This site is optimized with the Yoast SEO Premium plugin v25.5 (Yoast SEO v25.5) - https:\/\/yoast.com\/wordpress\/plugins\/seo\/ -->\n<title>MoviLine: sus or\u00edgenes y su evoluci\u00f3n hasta Movistar<\/title>\n<meta name=\"description\" content=\"En 1993 Telef\u00f3nica lanz\u00f3 MoviLine la primera y \u00fanica red 1G de Espa\u00f1a y entre 1998 y 1999, MoviLine lleg\u00f3 a superar el mill\u00f3n de clientes.\" \/>\n<meta name=\"robots\" content=\"index, follow, max-snippet:-1, max-image-preview:large, max-video-preview:-1\" \/>\n<link rel=\"canonical\" href=\"https:\/\/www.movistar.es\/blog\/home\/historias-telefonica-moviline\/\" \/>\n<meta property=\"og:locale\" content=\"es_ES\" \/>\n<meta property=\"og:type\" content=\"article\" \/>\n<meta property=\"og:title\" content=\"Historias de Telef\u00f3nica: MoviLine\" \/>\n<meta property=\"og:description\" content=\"En 1993 Telef\u00f3nica lanz\u00f3 MoviLine la primera y \u00fanica red 1G de Espa\u00f1a y entre 1998 y 1999, MoviLine lleg\u00f3 a superar el mill\u00f3n de clientes.\" \/>\n<meta property=\"og:url\" content=\"https:\/\/www.movistar.es\/blog\/home\/historias-telefonica-moviline\/\" \/>\n<meta property=\"og:site_name\" content=\"Movistar blog\" \/>\n<meta property=\"article:published_time\" content=\"2023-07-19T12:05:00+00:00\" \/>\n<meta property=\"article:modified_time\" content=\"2023-12-28T13:06:20+00:00\" \/>\n<meta property=\"og:image\" content=\"https:\/\/www.movistar.es\/blog\/wp-content\/uploads\/sites\/3\/2023\/12\/Moviline-1-1-e1703768647828.jpg\" \/>\n\t<meta property=\"og:image:width\" content=\"1705\" \/>\n\t<meta property=\"og:image:height\" content=\"712\" \/>\n\t<meta property=\"og:image:type\" content=\"image\/jpeg\" \/>\n<meta name=\"author\" content=\"Emilio Rodr\u00edguez\" \/>\n<meta name=\"twitter:card\" content=\"summary_large_image\" \/>\n<meta name=\"twitter:label1\" content=\"Written by\" \/>\n\t<meta name=\"twitter:data1\" content=\"Emilio Rodr\u00edguez\" \/>\n\t<meta name=\"twitter:label2\" content=\"Est. reading time\" \/>\n\t<meta name=\"twitter:data2\" content=\"9 minutos\" \/>\n<script type=\"application\/ld+json\" class=\"yoast-schema-graph\">{\"@context\":\"https:\/\/schema.org\",\"@graph\":[{\"@type\":\"Article\",\"@id\":\"https:\/\/www.movistar.es\/blog\/home\/historias-telefonica-moviline\/#article\",\"isPartOf\":{\"@id\":\"https:\/\/www.movistar.es\/blog\/home\/historias-telefonica-moviline\/\"},\"author\":{\"name\":\"Emilio Rodr\u00edguez\",\"@id\":\"https:\/\/www.movistar.es\/blog\/#\/schema\/person\/7f09a25205e74e2009f96dba3bba4f30\"},\"headline\":\"Historias de Telef\u00f3nica: MoviLine\",\"datePublished\":\"2023-07-19T12:05:00+00:00\",\"dateModified\":\"2023-12-28T13:06:20+00:00\",\"mainEntityOfPage\":{\"@id\":\"https:\/\/www.movistar.es\/blog\/home\/historias-telefonica-moviline\/\"},\"wordCount\":1891,\"publisher\":{\"@id\":\"https:\/\/www.movistar.es\/blog\/#organization\"},\"image\":{\"@id\":\"https:\/\/www.movistar.es\/blog\/home\/historias-telefonica-moviline\/#primaryimage\"},\"thumbnailUrl\":\"https:\/\/www.movistar.es\/blog\/wp-content\/uploads\/sites\/3\/2023\/12\/Moviline-1-1-e1703768647828.jpg\",\"inLanguage\":\"es\"},{\"@type\":\"WebPage\",\"@id\":\"https:\/\/www.movistar.es\/blog\/home\/historias-telefonica-moviline\/\",\"url\":\"https:\/\/www.movistar.es\/blog\/home\/historias-telefonica-moviline\/\",\"name\":\"MoviLine: sus or\u00edgenes y su evoluci\u00f3n hasta Movistar\",\"isPartOf\":{\"@id\":\"https:\/\/www.movistar.es\/blog\/#website\"},\"primaryImageOfPage\":{\"@id\":\"https:\/\/www.movistar.es\/blog\/home\/historias-telefonica-moviline\/#primaryimage\"},\"image\":{\"@id\":\"https:\/\/www.movistar.es\/blog\/home\/historias-telefonica-moviline\/#primaryimage\"},\"thumbnailUrl\":\"https:\/\/www.movistar.es\/blog\/wp-content\/uploads\/sites\/3\/2023\/12\/Moviline-1-1-e1703768647828.jpg\",\"datePublished\":\"2023-07-19T12:05:00+00:00\",\"dateModified\":\"2023-12-28T13:06:20+00:00\",\"description\":\"En 1993 Telef\u00f3nica lanz\u00f3 MoviLine la primera y \u00fanica red 1G de Espa\u00f1a y entre 1998 y 1999, MoviLine lleg\u00f3 a superar el mill\u00f3n de clientes.\",\"breadcrumb\":{\"@id\":\"https:\/\/www.movistar.es\/blog\/home\/historias-telefonica-moviline\/#breadcrumb\"},\"inLanguage\":\"es\",\"potentialAction\":[{\"@type\":\"ReadAction\",\"target\":[\"https:\/\/www.movistar.es\/blog\/home\/historias-telefonica-moviline\/\"]}]},{\"@type\":\"ImageObject\",\"inLanguage\":\"es\",\"@id\":\"https:\/\/www.movistar.es\/blog\/home\/historias-telefonica-moviline\/#primaryimage\",\"url\":\"https:\/\/www.movistar.es\/blog\/wp-content\/uploads\/sites\/3\/2023\/12\/Moviline-1-1-e1703768647828.jpg\",\"contentUrl\":\"https:\/\/www.movistar.es\/blog\/wp-content\/uploads\/sites\/3\/2023\/12\/Moviline-1-1-e1703768647828.jpg\",\"width\":1705,\"height\":712,\"caption\":\"MoviLine\"},{\"@type\":\"BreadcrumbList\",\"@id\":\"https:\/\/www.movistar.es\/blog\/home\/historias-telefonica-moviline\/#breadcrumb\",\"itemListElement\":[{\"@type\":\"ListItem\",\"position\":1,\"name\":\"Home\",\"item\":\"https:\/\/www.movistar.es\/blog\/\"},{\"@type\":\"ListItem\",\"position\":2,\"name\":\"Historias de Telef\u00f3nica: MoviLine\"}]},{\"@type\":\"WebSite\",\"@id\":\"https:\/\/www.movistar.es\/blog\/#website\",\"url\":\"https:\/\/www.movistar.es\/blog\/\",\"name\":\"Movistar blog\",\"description\":\"Movistar Blog. Informaci\u00f3n y m\u00e1s sobre los productos y servicios de Movistar\",\"publisher\":{\"@id\":\"https:\/\/www.movistar.es\/blog\/#organization\"},\"potentialAction\":[{\"@type\":\"SearchAction\",\"target\":{\"@type\":\"EntryPoint\",\"urlTemplate\":\"https:\/\/www.movistar.es\/blog\/?s={search_term_string}\"},\"query-input\":{\"@type\":\"PropertyValueSpecification\",\"valueRequired\":true,\"valueName\":\"search_term_string\"}}],\"inLanguage\":\"es\"},{\"@type\":\"Organization\",\"@id\":\"https:\/\/www.movistar.es\/blog\/#organization\",\"name\":\"Movistar blog\",\"url\":\"https:\/\/www.movistar.es\/blog\/\",\"logo\":{\"@type\":\"ImageObject\",\"inLanguage\":\"es\",\"@id\":\"https:\/\/www.movistar.es\/blog\/#\/schema\/logo\/image\/\",\"url\":\"https:\/\/www.movistar.es\/blog\/wp-content\/uploads\/sites\/3\/2022\/05\/logo_movistar-1.svg\",\"contentUrl\":\"https:\/\/www.movistar.es\/blog\/wp-content\/uploads\/sites\/3\/2022\/05\/logo_movistar-1.svg\",\"width\":369,\"height\":272,\"caption\":\"Movistar blog\"},\"image\":{\"@id\":\"https:\/\/www.movistar.es\/blog\/#\/schema\/logo\/image\/\"}},{\"@type\":\"Person\",\"@id\":\"https:\/\/www.movistar.es\/blog\/#\/schema\/person\/7f09a25205e74e2009f96dba3bba4f30\",\"name\":\"Emilio Rodr\u00edguez\",\"image\":{\"@type\":\"ImageObject\",\"inLanguage\":\"es\",\"@id\":\"https:\/\/www.movistar.es\/blog\/#\/schema\/person\/image\/8f3747647a2d3e69815221284d708ff5\",\"url\":\"https:\/\/secure.gravatar.com\/avatar\/c55c049d3550e4aa36b25fc91011843c69bd91d48ffa44755cec59b1853fe363\",\"contentUrl\":\"https:\/\/secure.gravatar.com\/avatar\/c55c049d3550e4aa36b25fc91011843c69bd91d48ffa44755cec59b1853fe363\",\"caption\":\"Emilio Rodr\u00edguez\"},\"url\":\"https:\/\/www.movistar.es\/blog\/author\/emilio\/\"}]}<\/script>\n<!-- \/ Yoast SEO Premium plugin. -->","yoast_head_json":{"title":"MoviLine: sus or\u00edgenes y su evoluci\u00f3n hasta Movistar","description":"En 1993 Telef\u00f3nica lanz\u00f3 MoviLine la primera y \u00fanica red 1G de Espa\u00f1a y entre 1998 y 1999, MoviLine lleg\u00f3 a superar el mill\u00f3n de clientes.","robots":{"index":"index","follow":"follow","max-snippet":"max-snippet:-1","max-image-preview":"max-image-preview:large","max-video-preview":"max-video-preview:-1"},"canonical":"https:\/\/www.movistar.es\/blog\/home\/historias-telefonica-moviline\/","og_locale":"es_ES","og_type":"article","og_title":"Historias de Telef\u00f3nica: MoviLine","og_description":"En 1993 Telef\u00f3nica lanz\u00f3 MoviLine la primera y \u00fanica red 1G de Espa\u00f1a y entre 1998 y 1999, MoviLine lleg\u00f3 a superar el mill\u00f3n de clientes.","og_url":"https:\/\/www.movistar.es\/blog\/home\/historias-telefonica-moviline\/","og_site_name":"Movistar blog","article_published_time":"2023-07-19T12:05:00+00:00","article_modified_time":"2023-12-28T13:06:20+00:00","og_image":[{"width":1705,"height":712,"url":"https:\/\/www.movistar.es\/blog\/wp-content\/uploads\/sites\/3\/2023\/12\/Moviline-1-1-e1703768647828.jpg","type":"image\/jpeg"}],"author":"Emilio Rodr\u00edguez","twitter_card":"summary_large_image","twitter_misc":{"Written by":"Emilio Rodr\u00edguez","Est. reading time":"9 minutos"},"schema":{"@context":"https:\/\/schema.org","@graph":[{"@type":"Article","@id":"https:\/\/www.movistar.es\/blog\/home\/historias-telefonica-moviline\/#article","isPartOf":{"@id":"https:\/\/www.movistar.es\/blog\/home\/historias-telefonica-moviline\/"},"author":{"name":"Emilio Rodr\u00edguez","@id":"https:\/\/www.movistar.es\/blog\/#\/schema\/person\/7f09a25205e74e2009f96dba3bba4f30"},"headline":"Historias de Telef\u00f3nica: MoviLine","datePublished":"2023-07-19T12:05:00+00:00","dateModified":"2023-12-28T13:06:20+00:00","mainEntityOfPage":{"@id":"https:\/\/www.movistar.es\/blog\/home\/historias-telefonica-moviline\/"},"wordCount":1891,"publisher":{"@id":"https:\/\/www.movistar.es\/blog\/#organization"},"image":{"@id":"https:\/\/www.movistar.es\/blog\/home\/historias-telefonica-moviline\/#primaryimage"},"thumbnailUrl":"https:\/\/www.movistar.es\/blog\/wp-content\/uploads\/sites\/3\/2023\/12\/Moviline-1-1-e1703768647828.jpg","inLanguage":"es"},{"@type":"WebPage","@id":"https:\/\/www.movistar.es\/blog\/home\/historias-telefonica-moviline\/","url":"https:\/\/www.movistar.es\/blog\/home\/historias-telefonica-moviline\/","name":"MoviLine: sus or\u00edgenes y su evoluci\u00f3n hasta Movistar","isPartOf":{"@id":"https:\/\/www.movistar.es\/blog\/#website"},"primaryImageOfPage":{"@id":"https:\/\/www.movistar.es\/blog\/home\/historias-telefonica-moviline\/#primaryimage"},"image":{"@id":"https:\/\/www.movistar.es\/blog\/home\/historias-telefonica-moviline\/#primaryimage"},"thumbnailUrl":"https:\/\/www.movistar.es\/blog\/wp-content\/uploads\/sites\/3\/2023\/12\/Moviline-1-1-e1703768647828.jpg","datePublished":"2023-07-19T12:05:00+00:00","dateModified":"2023-12-28T13:06:20+00:00","description":"En 1993 Telef\u00f3nica lanz\u00f3 MoviLine la primera y \u00fanica red 1G de Espa\u00f1a y entre 1998 y 1999, MoviLine lleg\u00f3 a superar el mill\u00f3n de clientes.","breadcrumb":{"@id":"https:\/\/www.movistar.es\/blog\/home\/historias-telefonica-moviline\/#breadcrumb"},"inLanguage":"es","potentialAction":[{"@type":"ReadAction","target":["https:\/\/www.movistar.es\/blog\/home\/historias-telefonica-moviline\/"]}]},{"@type":"ImageObject","inLanguage":"es","@id":"https:\/\/www.movistar.es\/blog\/home\/historias-telefonica-moviline\/#primaryimage","url":"https:\/\/www.movistar.es\/blog\/wp-content\/uploads\/sites\/3\/2023\/12\/Moviline-1-1-e1703768647828.jpg","contentUrl":"https:\/\/www.movistar.es\/blog\/wp-content\/uploads\/sites\/3\/2023\/12\/Moviline-1-1-e1703768647828.jpg","width":1705,"height":712,"caption":"MoviLine"},{"@type":"BreadcrumbList","@id":"https:\/\/www.movistar.es\/blog\/home\/historias-telefonica-moviline\/#breadcrumb","itemListElement":[{"@type":"ListItem","position":1,"name":"Home","item":"https:\/\/www.movistar.es\/blog\/"},{"@type":"ListItem","position":2,"name":"Historias de Telef\u00f3nica: MoviLine"}]},{"@type":"WebSite","@id":"https:\/\/www.movistar.es\/blog\/#website","url":"https:\/\/www.movistar.es\/blog\/","name":"Movistar blog","description":"Movistar Blog. Informaci\u00f3n y m\u00e1s sobre los productos y servicios de Movistar","publisher":{"@id":"https:\/\/www.movistar.es\/blog\/#organization"},"potentialAction":[{"@type":"SearchAction","target":{"@type":"EntryPoint","urlTemplate":"https:\/\/www.movistar.es\/blog\/?s={search_term_string}"},"query-input":{"@type":"PropertyValueSpecification","valueRequired":true,"valueName":"search_term_string"}}],"inLanguage":"es"},{"@type":"Organization","@id":"https:\/\/www.movistar.es\/blog\/#organization","name":"Movistar blog","url":"https:\/\/www.movistar.es\/blog\/","logo":{"@type":"ImageObject","inLanguage":"es","@id":"https:\/\/www.movistar.es\/blog\/#\/schema\/logo\/image\/","url":"https:\/\/www.movistar.es\/blog\/wp-content\/uploads\/sites\/3\/2022\/05\/logo_movistar-1.svg","contentUrl":"https:\/\/www.movistar.es\/blog\/wp-content\/uploads\/sites\/3\/2022\/05\/logo_movistar-1.svg","width":369,"height":272,"caption":"Movistar blog"},"image":{"@id":"https:\/\/www.movistar.es\/blog\/#\/schema\/logo\/image\/"}},{"@type":"Person","@id":"https:\/\/www.movistar.es\/blog\/#\/schema\/person\/7f09a25205e74e2009f96dba3bba4f30","name":"Emilio Rodr\u00edguez","image":{"@type":"ImageObject","inLanguage":"es","@id":"https:\/\/www.movistar.es\/blog\/#\/schema\/person\/image\/8f3747647a2d3e69815221284d708ff5","url":"https:\/\/secure.gravatar.com\/avatar\/c55c049d3550e4aa36b25fc91011843c69bd91d48ffa44755cec59b1853fe363","contentUrl":"https:\/\/secure.gravatar.com\/avatar\/c55c049d3550e4aa36b25fc91011843c69bd91d48ffa44755cec59b1853fe363","caption":"Emilio Rodr\u00edguez"},"url":"https:\/\/www.movistar.es\/blog\/author\/emilio\/"}]}},"jetpack_featured_media_url":"https:\/\/www.movistar.es\/blog\/wp-content\/uploads\/sites\/3\/2023\/12\/Moviline-1-1-e1703768647828.jpg","jetpack_sharing_enabled":true,"_links":{"self":[{"href":"https:\/\/www.movistar.es\/blog\/wp-json\/wp\/v2\/posts\/21685","targetHints":{"allow":["GET"]}}],"collection":[{"href":"https:\/\/www.movistar.es\/blog\/wp-json\/wp\/v2\/posts"}],"about":[{"href":"https:\/\/www.movistar.es\/blog\/wp-json\/wp\/v2\/types\/post"}],"author":[{"embeddable":true,"href":"https:\/\/www.movistar.es\/blog\/wp-json\/wp\/v2\/users\/202"}],"replies":[{"embeddable":true,"href":"https:\/\/www.movistar.es\/blog\/wp-json\/wp\/v2\/comments?post=21685"}],"version-history":[{"count":11,"href":"https:\/\/www.movistar.es\/blog\/wp-json\/wp\/v2\/posts\/21685\/revisions"}],"predecessor-version":[{"id":21762,"href":"https:\/\/www.movistar.es\/blog\/wp-json\/wp\/v2\/posts\/21685\/revisions\/21762"}],"wp:featuredmedia":[{"embeddable":true,"href":"https:\/\/www.movistar.es\/blog\/wp-json\/wp\/v2\/media\/21758"}],"wp:attachment":[{"href":"https:\/\/www.movistar.es\/blog\/wp-json\/wp\/v2\/media?parent=21685"}],"wp:term":[{"taxonomy":"category","embeddable":true,"href":"https:\/\/www.movistar.es\/blog\/wp-json\/wp\/v2\/categories?post=21685"},{"taxonomy":"post_tag","embeddable":true,"href":"https:\/\/www.movistar.es\/blog\/wp-json\/wp\/v2\/tags?post=21685"},{"taxonomy":"area","embeddable":true,"href":"https:\/\/www.movistar.es\/blog\/wp-json\/wp\/v2\/area?post=21685"},{"taxonomy":"cluster","embeddable":true,"href":"https:\/\/www.movistar.es\/blog\/wp-json\/wp\/v2\/cluster?post=21685"},{"taxonomy":"linea_editorial","embeddable":true,"href":"https:\/\/www.movistar.es\/blog\/wp-json\/wp\/v2\/linea_editorial?post=21685"},{"taxonomy":"author","embeddable":true,"href":"https:\/\/www.movistar.es\/blog\/wp-json\/wp\/v2\/coauthors?post=21685"}],"curies":[{"name":"wp","href":"https:\/\/api.w.org\/{rel}","templated":true}]}}