{"id":20957,"date":"2024-04-05T09:09:11","date_gmt":"2024-04-05T07:09:11","guid":{"rendered":"https:\/\/www.movistar.es\/blog\/?p=20957"},"modified":"2024-04-05T09:09:12","modified_gmt":"2024-04-05T07:09:12","slug":"brecha-digital-ventajas-tecnologia-mayores","status":"publish","type":"post","link":"https:\/\/www.movistar.es\/blog\/dispositivos\/brecha-digital-ventajas-tecnologia-mayores\/","title":{"rendered":"\u00bfQu\u00e9 es la brecha digital y qu\u00e9 ventajas ofrece la tecnolog\u00eda a los m\u00e1s mayores?"},"content":{"rendered":"\n<p>En la era digital, la tecnolog\u00eda se ha convertido en una herramienta fundamental para la vida cotidiana. Sin embargo, un sector de la poblaci\u00f3n que a menudo se encuentra al margen de estas innovaciones son las personas mayores. La <strong>brecha digital<\/strong> en este grupo demogr\u00e1fico se manifiesta a trav\u00e9s de obst\u00e1culos como el desconocimiento, el miedo a la tecnolog\u00eda o la falta de acceso a dispositivos.<\/p>\n\n\n\n<p>en este art\u00edculo exploramos las razones detr\u00e1s de la brecha digital en los adultos mayores y c\u00f3mo superar estas barreras puede proporcionar beneficios significativos.<\/p>\n\n\n\n<h2 class=\"wp-block-heading\" id=\"h-que-es-la-brecha-digital\">\u00bfQu\u00e9 es la brecha digital?<\/h2>\n\n\n\n<p>La brecha digital en el contexto de las personas mayores es la dificultad que este grupo manifiesta en el acceso, conocimiento y apropiaci\u00f3n de la tecnolog\u00eda. A medida que la sociedad avanza hacia la <strong>digitalizaci\u00f3n<\/strong>, aquellos que quedan rezagados encuentran  limitaciones significativas para participar plenamente en la vida moderna.<\/p>\n\n\n\n<p>Muchas personas mayores no han tenido la oportunidad de familiarizarse con dispositivos digitales o plataformas en l\u00ednea. Esto provoca una brecha de conocimiento que se profundiza con el tiempo. El <strong>miedo a lo desconocido<\/strong> act\u00faa como una barrera adicional, generando reticencias para explorar nuevas herramientas tecnol\u00f3gicas. Adem\u00e1s, la <strong>falta de acceso a dispositivos<\/strong> y conexiones confiables agrava la situaci\u00f3n. Por lo que se acaban limitando las oportunidades de aprendizaje y participaci\u00f3n en la red.<\/p>\n\n\n\n<p>La brecha digital tambi\u00e9n se manifiesta en la ausencia de habilidades digitales necesarias para navegar eficazmente en internet. Buscar informaci\u00f3n, comunicarse en l\u00ednea y utilizar aplicaciones espec\u00edficas se convierte en un desaf\u00edo para ellos. Como resultado, se ven excluidos de <strong>beneficios esenciales<\/strong>, como servicios de salud en l\u00ednea, tr\u00e1mites electr\u00f3nicos y oportunidades educativas.<\/p>\n\n\n\n<p>Superar la brecha digital en personas mayores no solo implica proporcionar acceso a la tecnolog\u00eda. Tambi\u00e9n supone abordar estos desaf\u00edos subyacentes. Programas de alfabetizaci\u00f3n digital adaptados a sus necesidades, clases y cursos como lo que ofrece la <a href=\"https:\/\/www.fundaciontelefonica.com\/voluntarios\/reconectados\/cursos-online\/\" target=\"_blank\" rel=\"noreferrer noopener\"><strong>Fundaci\u00f3n Telef\u00f3nica<\/strong><\/a>, y recursos espec\u00edficamente dise\u00f1ados para este grupo demogr\u00e1fico emergen como herramientas esenciales para cerrar esta brecha. As\u00ed, no solo se fomenta la&nbsp;<a href=\"https:\/\/www.telefonica.com\/es\/sala-comunicacion\/blog\/que-es-la-inclusion-digital-y-cuales-son-sus-beneficios\/\" target=\"_blank\" rel=\"noreferrer noopener\"><strong>inclusi\u00f3n digital<\/strong><\/a>, sino que se potencia la capacidad de las personas mayores para aprovechar los beneficios de la tecnolog\u00eda. Ya que esta puede ofrecer ventajas en t\u00e9rminos de conectividad, informaci\u00f3n y participaci\u00f3n activa en la sociedad.<\/p>\n\n\n\n<figure class=\"wp-block-image size-large is-resized\"><img loading=\"lazy\" decoding=\"async\" src=\"https:\/\/www.movistar.es\/blog\/wp-content\/uploads\/sites\/3\/2023\/12\/brecha-digital-1.jpg?w=1024\" alt=\"brecha digital\" class=\"wp-image-20963\" width=\"1024\" height=\"683\" srcset=\"https:\/\/www.movistar.es\/blog\/wp-content\/uploads\/sites\/3\/2023\/12\/brecha-digital-1.jpg 1200w, https:\/\/www.movistar.es\/blog\/wp-content\/uploads\/sites\/3\/2023\/12\/brecha-digital-1.jpg?resize=300,200 300w, https:\/\/www.movistar.es\/blog\/wp-content\/uploads\/sites\/3\/2023\/12\/brecha-digital-1.jpg?resize=768,512 768w, https:\/\/www.movistar.es\/blog\/wp-content\/uploads\/sites\/3\/2023\/12\/brecha-digital-1.jpg?resize=1024,683 1024w\" sizes=\"auto, (max-width: 1024px) 100vw, 1024px\" \/><\/figure>\n\n\n\n<h2 class=\"wp-block-heading\" id=\"h-ventajas-de-la-tecnologia-en-personas-mayores\">Ventajas de la tecnolog\u00eda en personas mayores<\/h2>\n\n\n\n<p>Superar la brecha digital puede marcar la diferencia en la vida de las personas mayores. La tecnolog\u00eda no solo ofrece herramientas para la conexi\u00f3n social, sino que tambi\u00e9n promueve la autonom\u00eda y la seguridad. Ejemplificando este avance, el Reloj p<a href=\"https:\/\/www.movistar.es\/blog\/salud\/nuevo-reloj-tecuida-reloj-para-personas-mayores\/\" target=\"_blank\" rel=\"noreferrer noopener\"><strong>ara personas mayores TeCuida de Movistar<\/strong><\/a> se erige como un aliado invaluable.<\/p>\n\n\n\n<p>Con su enfoque centrado en<strong> la teleasistencia y la seguridad<\/strong>, llevar puesto el Reloj TeCuida facilita la adaptaci\u00f3n de las personas mayores a estilos de vida cada vez m\u00e1s activos prestando ayuda cuando y donde la necesiten, con asistencia tanto dentro como fuera de casa. Desde la <strong>detecci\u00f3n \u00abautom\u00e1tica\u00bb de ca\u00eddas<\/strong> y <strong>notificaci\u00f3n de alertas a servicios de emergencias y a familiares o cuidadores<\/strong>, este dispositivo se convierte en un compa\u00f1ero de confianza para aquellos que buscan mantener su independencia.<\/p>\n\n\n\n<p>La inclusi\u00f3n de un <strong>GPS<\/strong> en el Reloj TeCuida no solo facilita el seguimiento de la ubicaci\u00f3n, sino que tambi\u00e9n brinda tranquilidad a familiares y cuidadores de saber donde se encuentran en caso de emergencia, para poder enviarles ayuda si la necesitan. Y es que con tan solo pulsar el bot\u00f3n azul del reloj, conectado las 24 horas a la central de&nbsp;<strong>Movistar Prosegur Alarmas<\/strong>, podr\u00e1 recibir asistencia. Porque en caso de emergencia, un especialista de<strong> Movistar Prosegur Alarmas<\/strong> llamar\u00e1 al reloj para, a trav\u00e9s del propio dispositivo hablar con el usuario y saber c\u00f3mo se encuentra y enviarle si es necesario ayuda avisando a los servicios de emergencia. <\/p>\n\n\n\n<p>En \u00faltima instancia, superar la brecha digital en personas mayores mediante la adopci\u00f3n de tecnolog\u00edas como el Reloj TeCuida contribuye no solo a la inclusi\u00f3n digital, sino tambi\u00e9n a una vida m\u00e1s segura, aut\u00f3noma y conectada.<\/p>\n\n\n\n<p>Por tanto, la ruptura de la brecha digital puede ayudar a nuestros mayores a beneficiarse de la tecnolog\u00eda. De esta forma, ganar\u00e1n autonom\u00eda en multitud de labores cotidianas, podr\u00e1n manejar y buscar informaci\u00f3n y, tambi\u00e9n, estar m\u00e1s conectados con su entorno social.<\/p>\n\n\n\n<h2 class=\"wp-block-heading\" id=\"h-consigue-el-reloj-tecuida-con-movistar\">Consigue el Reloj TeCuida con Movistar<\/h2>\n\n\n\n<p>Como has visto, el <a href=\"https:\/\/www.movistar.es\/particulares\/salud\/reloj-personas-mayores\" target=\"_blank\" rel=\"noreferrer noopener\"><\/a><strong><strong><a href=\"https:\/\/movistar.es\/relojtecuida\" target=\"_blank\" rel=\"noreferrer noopener\">Reloj para personas mayores <\/a><\/strong>TeCuida <\/strong>de Movistar no solo ayuda a los mayores a romper la brecha digital, sino que les proporciona una multitud de ventajas. Adem\u00e1s, es m\u00e1s f\u00e1cil que nunca conseguirlo ya que est\u00e1 disponible, tanto para clientes como para no clientes de Movistar. Podr\u00e1s adquirirlo en alguna de las m\u00e1s de&nbsp;<strong>800 tiendas<\/strong>&nbsp;Movistar repartidas por Espa\u00f1a, de manera online en&nbsp;<a href=\"https:\/\/www.movistar.es\/\" target=\"_blank\" rel=\"noreferrer noopener\"><strong>movistar.es<\/strong><\/a>&nbsp;y por tel\u00e9fono en el&nbsp;<strong>900 600 616.<\/strong><\/p>\n\n\n\n<p>No esperes m\u00e1s y ayuda a tus mayores a superar la brecha digital, aport\u00e1ndoles una mayor calidad de vida. \u00a1El Reloj TeCuida es un dispositivo imprescindible!<\/p>\n","protected":false},"excerpt":{"rendered":"<p>En la era digital, la tecnolog\u00eda se ha convertido en una herramienta fundamental para la vida cotidiana. Sin embargo, un sector de la poblaci\u00f3n que a menudo se encuentra al margen de estas innovaciones son [&hellip;]<\/p>\n","protected":false},"author":93,"featured_media":20959,"comment_status":"closed","ping_status":"closed","sticky":false,"template":"","format":"standard","meta":{"site-sidebar-layout":"default","site-content-layout":"","ast-site-content-layout":"","site-content-style":"default","site-sidebar-style":"default","ast-global-header-display":"","ast-banner-title-visibility":"","ast-main-header-display":"","ast-hfb-above-header-display":"","ast-hfb-below-header-display":"","ast-hfb-mobile-header-display":"","site-post-title":"","ast-breadcrumbs-content":"","ast-featured-img":"","footer-sml-layout":"","theme-transparent-header-meta":"","adv-header-id-meta":"","stick-header-meta":"","header-above-stick-meta":"","header-main-stick-meta":"","header-below-stick-meta":"","astra-migrate-meta-layouts":"default","ast-page-background-enabled":"default","ast-page-background-meta":{"desktop":{"background-color":"var(--ast-global-color-4)","background-image":"","background-repeat":"repeat","background-position":"center center","background-size":"auto","background-attachment":"scroll","background-type":"","background-media":"","overlay-type":"","overlay-color":"","overlay-opacity":"","overlay-gradient":""},"tablet":{"background-color":"","background-image":"","background-repeat":"repeat","background-position":"center center","background-size":"auto","background-attachment":"scroll","background-type":"","background-media":"","overlay-type":"","overlay-color":"","overlay-opacity":"","overlay-gradient":""},"mobile":{"background-color":"","background-image":"","background-repeat":"repeat","background-position":"center center","background-size":"auto","background-attachment":"scroll","background-type":"","background-media":"","overlay-type":"","overlay-color":"","overlay-opacity":"","overlay-gradient":""}},"ast-content-background-meta":{"desktop":{"background-color":"var(--ast-global-color-5)","background-image":"","background-repeat":"repeat","background-position":"center center","background-size":"auto","background-attachment":"scroll","background-type":"","background-media":"","overlay-type":"","overlay-color":"","overlay-opacity":"","overlay-gradient":""},"tablet":{"background-color":"var(--ast-global-color-5)","background-image":"","background-repeat":"repeat","background-position":"center center","background-size":"auto","background-attachment":"scroll","background-type":"","background-media":"","overlay-type":"","overlay-color":"","overlay-opacity":"","overlay-gradient":""},"mobile":{"background-color":"var(--ast-global-color-5)","background-image":"","background-repeat":"repeat","background-position":"center center","background-size":"auto","background-attachment":"scroll","background-type":"","background-media":"","overlay-type":"","overlay-color":"","overlay-opacity":"","overlay-gradient":""}},"_jetpack_memberships_contains_paid_content":false,"footnotes":""},"categories":[1],"tags":[],"area":[427],"cluster":[445],"linea_editorial":[],"coauthors":[467],"class_list":["post-20957","post","type-post","status-publish","format-standard","has-post-thumbnail","hentry","category-sin-categoria","area-gametv","cluster-dispositivos"],"yoast_head":"<!-- This site is optimized with the Yoast SEO Premium plugin v25.5 (Yoast SEO v25.5) - https:\/\/yoast.com\/wordpress\/plugins\/seo\/ -->\n<title>\u00bfQu\u00e9 es la brecha digital y c\u00f3mo superarla?<\/title>\n<meta name=\"description\" content=\"Te contamos qu\u00e9 es la brecha digital y qu\u00e9 ventajas pueden disfrutar las personas mayores gracias a la tecnolog\u00eda.\" \/>\n<meta name=\"robots\" content=\"index, follow, max-snippet:-1, max-image-preview:large, max-video-preview:-1\" \/>\n<link rel=\"canonical\" href=\"https:\/\/www.movistar.es\/blog\/dispositivos\/brecha-digital-ventajas-tecnologia-mayores\/\" \/>\n<meta property=\"og:locale\" content=\"es_ES\" \/>\n<meta property=\"og:type\" content=\"article\" \/>\n<meta property=\"og:title\" content=\"\u00bfQu\u00e9 es la brecha digital y qu\u00e9 ventajas ofrece la tecnolog\u00eda a los m\u00e1s mayores?\" \/>\n<meta property=\"og:description\" content=\"Te contamos qu\u00e9 es la brecha digital y qu\u00e9 ventajas pueden disfrutar las personas mayores gracias a la tecnolog\u00eda.\" \/>\n<meta property=\"og:url\" content=\"https:\/\/www.movistar.es\/blog\/dispositivos\/brecha-digital-ventajas-tecnologia-mayores\/\" \/>\n<meta property=\"og:site_name\" content=\"Movistar blog\" \/>\n<meta property=\"article:author\" content=\"movistar.es\/\" \/>\n<meta property=\"article:published_time\" content=\"2024-04-05T07:09:11+00:00\" \/>\n<meta property=\"article:modified_time\" content=\"2024-04-05T07:09:12+00:00\" \/>\n<meta property=\"og:image\" content=\"https:\/\/www.movistar.es\/blog\/wp-content\/uploads\/sites\/3\/2023\/12\/11-scaled-1.jpg\" \/>\n\t<meta property=\"og:image:width\" content=\"2560\" \/>\n\t<meta property=\"og:image:height\" content=\"1707\" \/>\n\t<meta property=\"og:image:type\" content=\"image\/jpeg\" \/>\n<meta name=\"author\" content=\"Equipo de Redacci\u00f3n\" \/>\n<meta name=\"twitter:card\" content=\"summary_large_image\" \/>\n<meta name=\"twitter:creator\" content=\"@movistar_es\" \/>\n<meta name=\"twitter:label1\" content=\"Written by\" \/>\n\t<meta name=\"twitter:data1\" content=\"Equipo de Redacci\u00f3n\" \/>\n\t<meta name=\"twitter:label2\" content=\"Est. reading time\" \/>\n\t<meta name=\"twitter:data2\" content=\"5 minutos\" \/>\n<script type=\"application\/ld+json\" class=\"yoast-schema-graph\">{\"@context\":\"https:\/\/schema.org\",\"@graph\":[{\"@type\":\"Article\",\"@id\":\"https:\/\/www.movistar.es\/blog\/dispositivos\/brecha-digital-ventajas-tecnologia-mayores\/#article\",\"isPartOf\":{\"@id\":\"https:\/\/www.movistar.es\/blog\/dispositivos\/brecha-digital-ventajas-tecnologia-mayores\/\"},\"author\":{\"name\":\"Equipo de Redacci\u00f3n\",\"@id\":\"https:\/\/www.movistar.es\/blog\/#\/schema\/person\/6184006f5def4638e52e2d0ff98bd55a\"},\"headline\":\"\u00bfQu\u00e9 es la brecha digital y qu\u00e9 ventajas ofrece la tecnolog\u00eda a los m\u00e1s mayores?\",\"datePublished\":\"2024-04-05T07:09:11+00:00\",\"dateModified\":\"2024-04-05T07:09:12+00:00\",\"mainEntityOfPage\":{\"@id\":\"https:\/\/www.movistar.es\/blog\/dispositivos\/brecha-digital-ventajas-tecnologia-mayores\/\"},\"wordCount\":903,\"publisher\":{\"@id\":\"https:\/\/www.movistar.es\/blog\/#organization\"},\"image\":{\"@id\":\"https:\/\/www.movistar.es\/blog\/dispositivos\/brecha-digital-ventajas-tecnologia-mayores\/#primaryimage\"},\"thumbnailUrl\":\"https:\/\/www.movistar.es\/blog\/wp-content\/uploads\/sites\/3\/2023\/12\/11-scaled-1.jpg\",\"inLanguage\":\"es\"},{\"@type\":\"WebPage\",\"@id\":\"https:\/\/www.movistar.es\/blog\/dispositivos\/brecha-digital-ventajas-tecnologia-mayores\/\",\"url\":\"https:\/\/www.movistar.es\/blog\/dispositivos\/brecha-digital-ventajas-tecnologia-mayores\/\",\"name\":\"\u00bfQu\u00e9 es la brecha digital y c\u00f3mo superarla?\",\"isPartOf\":{\"@id\":\"https:\/\/www.movistar.es\/blog\/#website\"},\"primaryImageOfPage\":{\"@id\":\"https:\/\/www.movistar.es\/blog\/dispositivos\/brecha-digital-ventajas-tecnologia-mayores\/#primaryimage\"},\"image\":{\"@id\":\"https:\/\/www.movistar.es\/blog\/dispositivos\/brecha-digital-ventajas-tecnologia-mayores\/#primaryimage\"},\"thumbnailUrl\":\"https:\/\/www.movistar.es\/blog\/wp-content\/uploads\/sites\/3\/2023\/12\/11-scaled-1.jpg\",\"datePublished\":\"2024-04-05T07:09:11+00:00\",\"dateModified\":\"2024-04-05T07:09:12+00:00\",\"description\":\"Te contamos qu\u00e9 es la brecha digital y qu\u00e9 ventajas pueden disfrutar las personas mayores gracias a la tecnolog\u00eda.\",\"breadcrumb\":{\"@id\":\"https:\/\/www.movistar.es\/blog\/dispositivos\/brecha-digital-ventajas-tecnologia-mayores\/#breadcrumb\"},\"inLanguage\":\"es\",\"potentialAction\":[{\"@type\":\"ReadAction\",\"target\":[\"https:\/\/www.movistar.es\/blog\/dispositivos\/brecha-digital-ventajas-tecnologia-mayores\/\"]}]},{\"@type\":\"ImageObject\",\"inLanguage\":\"es\",\"@id\":\"https:\/\/www.movistar.es\/blog\/dispositivos\/brecha-digital-ventajas-tecnologia-mayores\/#primaryimage\",\"url\":\"https:\/\/www.movistar.es\/blog\/wp-content\/uploads\/sites\/3\/2023\/12\/11-scaled-1.jpg\",\"contentUrl\":\"https:\/\/www.movistar.es\/blog\/wp-content\/uploads\/sites\/3\/2023\/12\/11-scaled-1.jpg\",\"width\":2560,\"height\":1707,\"caption\":\"Senior couple using digital tablet in living room\"},{\"@type\":\"BreadcrumbList\",\"@id\":\"https:\/\/www.movistar.es\/blog\/dispositivos\/brecha-digital-ventajas-tecnologia-mayores\/#breadcrumb\",\"itemListElement\":[{\"@type\":\"ListItem\",\"position\":1,\"name\":\"Home\",\"item\":\"https:\/\/www.movistar.es\/blog\/\"},{\"@type\":\"ListItem\",\"position\":2,\"name\":\"\u00bfQu\u00e9 es la brecha digital y qu\u00e9 ventajas ofrece la tecnolog\u00eda a los m\u00e1s mayores?\"}]},{\"@type\":\"WebSite\",\"@id\":\"https:\/\/www.movistar.es\/blog\/#website\",\"url\":\"https:\/\/www.movistar.es\/blog\/\",\"name\":\"Movistar blog\",\"description\":\"Movistar Blog. Informaci\u00f3n y m\u00e1s sobre los productos y servicios de Movistar\",\"publisher\":{\"@id\":\"https:\/\/www.movistar.es\/blog\/#organization\"},\"potentialAction\":[{\"@type\":\"SearchAction\",\"target\":{\"@type\":\"EntryPoint\",\"urlTemplate\":\"https:\/\/www.movistar.es\/blog\/?s={search_term_string}\"},\"query-input\":{\"@type\":\"PropertyValueSpecification\",\"valueRequired\":true,\"valueName\":\"search_term_string\"}}],\"inLanguage\":\"es\"},{\"@type\":\"Organization\",\"@id\":\"https:\/\/www.movistar.es\/blog\/#organization\",\"name\":\"Movistar blog\",\"url\":\"https:\/\/www.movistar.es\/blog\/\",\"logo\":{\"@type\":\"ImageObject\",\"inLanguage\":\"es\",\"@id\":\"https:\/\/www.movistar.es\/blog\/#\/schema\/logo\/image\/\",\"url\":\"https:\/\/www.movistar.es\/blog\/wp-content\/uploads\/sites\/3\/2022\/05\/logo_movistar-1.svg\",\"contentUrl\":\"https:\/\/www.movistar.es\/blog\/wp-content\/uploads\/sites\/3\/2022\/05\/logo_movistar-1.svg\",\"width\":369,\"height\":272,\"caption\":\"Movistar blog\"},\"image\":{\"@id\":\"https:\/\/www.movistar.es\/blog\/#\/schema\/logo\/image\/\"}},{\"@type\":\"Person\",\"@id\":\"https:\/\/www.movistar.es\/blog\/#\/schema\/person\/6184006f5def4638e52e2d0ff98bd55a\",\"name\":\"Equipo de Redacci\u00f3n\",\"image\":{\"@type\":\"ImageObject\",\"inLanguage\":\"es\",\"@id\":\"https:\/\/www.movistar.es\/blog\/#\/schema\/person\/image\/8dbf7dc767c23aa5f974d575dda930c5\",\"url\":\"https:\/\/secure.gravatar.com\/avatar\/ce5aadad84c2aeb36c9813c46e41a53b0c9cc1d57205e8cde4bdf0ed790b3c97\",\"contentUrl\":\"https:\/\/secure.gravatar.com\/avatar\/ce5aadad84c2aeb36c9813c46e41a53b0c9cc1d57205e8cde4bdf0ed790b3c97\",\"caption\":\"Equipo de Redacci\u00f3n\"},\"description\":\"Buscamos temas de tu inter\u00e9s. Te contamos c\u00f3mo pueden ayudarte en tu d\u00eda a d\u00eda los productos y servicios de Movistar. No queremos venderte nada. Queremos descubrirte cosas para hacerte la vida m\u00e1s f\u00e1cil.\",\"sameAs\":[\"https:\/\/www.movistar.es\/\",\"movistar.es\/\",\"https:\/\/www.instagram.com\/movistar_es\/?hl=es\",\"https:\/\/x.com\/movistar_es\"],\"knowsAbout\":[\"smartphones\",\"conectividad\",\"hogar digital\",\"ciberseguridad\"],\"url\":\"https:\/\/www.movistar.es\/blog\/author\/contentmovistar\/\"}]}<\/script>\n<!-- \/ Yoast SEO Premium plugin. -->","yoast_head_json":{"title":"\u00bfQu\u00e9 es la brecha digital y c\u00f3mo superarla?","description":"Te contamos qu\u00e9 es la brecha digital y qu\u00e9 ventajas pueden disfrutar las personas mayores gracias a la tecnolog\u00eda.","robots":{"index":"index","follow":"follow","max-snippet":"max-snippet:-1","max-image-preview":"max-image-preview:large","max-video-preview":"max-video-preview:-1"},"canonical":"https:\/\/www.movistar.es\/blog\/dispositivos\/brecha-digital-ventajas-tecnologia-mayores\/","og_locale":"es_ES","og_type":"article","og_title":"\u00bfQu\u00e9 es la brecha digital y qu\u00e9 ventajas ofrece la tecnolog\u00eda a los m\u00e1s mayores?","og_description":"Te contamos qu\u00e9 es la brecha digital y qu\u00e9 ventajas pueden disfrutar las personas mayores gracias a la tecnolog\u00eda.","og_url":"https:\/\/www.movistar.es\/blog\/dispositivos\/brecha-digital-ventajas-tecnologia-mayores\/","og_site_name":"Movistar blog","article_author":"movistar.es\/","article_published_time":"2024-04-05T07:09:11+00:00","article_modified_time":"2024-04-05T07:09:12+00:00","og_image":[{"width":2560,"height":1707,"url":"https:\/\/www.movistar.es\/blog\/wp-content\/uploads\/sites\/3\/2023\/12\/11-scaled-1.jpg","type":"image\/jpeg"}],"author":"Equipo de Redacci\u00f3n","twitter_card":"summary_large_image","twitter_creator":"@movistar_es","twitter_misc":{"Written by":"Equipo de Redacci\u00f3n","Est. reading time":"5 minutos"},"schema":{"@context":"https:\/\/schema.org","@graph":[{"@type":"Article","@id":"https:\/\/www.movistar.es\/blog\/dispositivos\/brecha-digital-ventajas-tecnologia-mayores\/#article","isPartOf":{"@id":"https:\/\/www.movistar.es\/blog\/dispositivos\/brecha-digital-ventajas-tecnologia-mayores\/"},"author":{"name":"Equipo de Redacci\u00f3n","@id":"https:\/\/www.movistar.es\/blog\/#\/schema\/person\/6184006f5def4638e52e2d0ff98bd55a"},"headline":"\u00bfQu\u00e9 es la brecha digital y qu\u00e9 ventajas ofrece la tecnolog\u00eda a los m\u00e1s mayores?","datePublished":"2024-04-05T07:09:11+00:00","dateModified":"2024-04-05T07:09:12+00:00","mainEntityOfPage":{"@id":"https:\/\/www.movistar.es\/blog\/dispositivos\/brecha-digital-ventajas-tecnologia-mayores\/"},"wordCount":903,"publisher":{"@id":"https:\/\/www.movistar.es\/blog\/#organization"},"image":{"@id":"https:\/\/www.movistar.es\/blog\/dispositivos\/brecha-digital-ventajas-tecnologia-mayores\/#primaryimage"},"thumbnailUrl":"https:\/\/www.movistar.es\/blog\/wp-content\/uploads\/sites\/3\/2023\/12\/11-scaled-1.jpg","inLanguage":"es"},{"@type":"WebPage","@id":"https:\/\/www.movistar.es\/blog\/dispositivos\/brecha-digital-ventajas-tecnologia-mayores\/","url":"https:\/\/www.movistar.es\/blog\/dispositivos\/brecha-digital-ventajas-tecnologia-mayores\/","name":"\u00bfQu\u00e9 es la brecha digital y c\u00f3mo superarla?","isPartOf":{"@id":"https:\/\/www.movistar.es\/blog\/#website"},"primaryImageOfPage":{"@id":"https:\/\/www.movistar.es\/blog\/dispositivos\/brecha-digital-ventajas-tecnologia-mayores\/#primaryimage"},"image":{"@id":"https:\/\/www.movistar.es\/blog\/dispositivos\/brecha-digital-ventajas-tecnologia-mayores\/#primaryimage"},"thumbnailUrl":"https:\/\/www.movistar.es\/blog\/wp-content\/uploads\/sites\/3\/2023\/12\/11-scaled-1.jpg","datePublished":"2024-04-05T07:09:11+00:00","dateModified":"2024-04-05T07:09:12+00:00","description":"Te contamos qu\u00e9 es la brecha digital y qu\u00e9 ventajas pueden disfrutar las personas mayores gracias a la tecnolog\u00eda.","breadcrumb":{"@id":"https:\/\/www.movistar.es\/blog\/dispositivos\/brecha-digital-ventajas-tecnologia-mayores\/#breadcrumb"},"inLanguage":"es","potentialAction":[{"@type":"ReadAction","target":["https:\/\/www.movistar.es\/blog\/dispositivos\/brecha-digital-ventajas-tecnologia-mayores\/"]}]},{"@type":"ImageObject","inLanguage":"es","@id":"https:\/\/www.movistar.es\/blog\/dispositivos\/brecha-digital-ventajas-tecnologia-mayores\/#primaryimage","url":"https:\/\/www.movistar.es\/blog\/wp-content\/uploads\/sites\/3\/2023\/12\/11-scaled-1.jpg","contentUrl":"https:\/\/www.movistar.es\/blog\/wp-content\/uploads\/sites\/3\/2023\/12\/11-scaled-1.jpg","width":2560,"height":1707,"caption":"Senior couple using digital tablet in living room"},{"@type":"BreadcrumbList","@id":"https:\/\/www.movistar.es\/blog\/dispositivos\/brecha-digital-ventajas-tecnologia-mayores\/#breadcrumb","itemListElement":[{"@type":"ListItem","position":1,"name":"Home","item":"https:\/\/www.movistar.es\/blog\/"},{"@type":"ListItem","position":2,"name":"\u00bfQu\u00e9 es la brecha digital y qu\u00e9 ventajas ofrece la tecnolog\u00eda a los m\u00e1s mayores?"}]},{"@type":"WebSite","@id":"https:\/\/www.movistar.es\/blog\/#website","url":"https:\/\/www.movistar.es\/blog\/","name":"Movistar blog","description":"Movistar Blog. Informaci\u00f3n y m\u00e1s sobre los productos y servicios de Movistar","publisher":{"@id":"https:\/\/www.movistar.es\/blog\/#organization"},"potentialAction":[{"@type":"SearchAction","target":{"@type":"EntryPoint","urlTemplate":"https:\/\/www.movistar.es\/blog\/?s={search_term_string}"},"query-input":{"@type":"PropertyValueSpecification","valueRequired":true,"valueName":"search_term_string"}}],"inLanguage":"es"},{"@type":"Organization","@id":"https:\/\/www.movistar.es\/blog\/#organization","name":"Movistar blog","url":"https:\/\/www.movistar.es\/blog\/","logo":{"@type":"ImageObject","inLanguage":"es","@id":"https:\/\/www.movistar.es\/blog\/#\/schema\/logo\/image\/","url":"https:\/\/www.movistar.es\/blog\/wp-content\/uploads\/sites\/3\/2022\/05\/logo_movistar-1.svg","contentUrl":"https:\/\/www.movistar.es\/blog\/wp-content\/uploads\/sites\/3\/2022\/05\/logo_movistar-1.svg","width":369,"height":272,"caption":"Movistar blog"},"image":{"@id":"https:\/\/www.movistar.es\/blog\/#\/schema\/logo\/image\/"}},{"@type":"Person","@id":"https:\/\/www.movistar.es\/blog\/#\/schema\/person\/6184006f5def4638e52e2d0ff98bd55a","name":"Equipo de Redacci\u00f3n","image":{"@type":"ImageObject","inLanguage":"es","@id":"https:\/\/www.movistar.es\/blog\/#\/schema\/person\/image\/8dbf7dc767c23aa5f974d575dda930c5","url":"https:\/\/secure.gravatar.com\/avatar\/ce5aadad84c2aeb36c9813c46e41a53b0c9cc1d57205e8cde4bdf0ed790b3c97","contentUrl":"https:\/\/secure.gravatar.com\/avatar\/ce5aadad84c2aeb36c9813c46e41a53b0c9cc1d57205e8cde4bdf0ed790b3c97","caption":"Equipo de Redacci\u00f3n"},"description":"Buscamos temas de tu inter\u00e9s. Te contamos c\u00f3mo pueden ayudarte en tu d\u00eda a d\u00eda los productos y servicios de Movistar. No queremos venderte nada. Queremos descubrirte cosas para hacerte la vida m\u00e1s f\u00e1cil.","sameAs":["https:\/\/www.movistar.es\/","movistar.es\/","https:\/\/www.instagram.com\/movistar_es\/?hl=es","https:\/\/x.com\/movistar_es"],"knowsAbout":["smartphones","conectividad","hogar digital","ciberseguridad"],"url":"https:\/\/www.movistar.es\/blog\/author\/contentmovistar\/"}]}},"jetpack_featured_media_url":"https:\/\/www.movistar.es\/blog\/wp-content\/uploads\/sites\/3\/2023\/12\/11-scaled-1.jpg","jetpack_sharing_enabled":true,"_links":{"self":[{"href":"https:\/\/www.movistar.es\/blog\/wp-json\/wp\/v2\/posts\/20957","targetHints":{"allow":["GET"]}}],"collection":[{"href":"https:\/\/www.movistar.es\/blog\/wp-json\/wp\/v2\/posts"}],"about":[{"href":"https:\/\/www.movistar.es\/blog\/wp-json\/wp\/v2\/types\/post"}],"author":[{"embeddable":true,"href":"https:\/\/www.movistar.es\/blog\/wp-json\/wp\/v2\/users\/93"}],"replies":[{"embeddable":true,"href":"https:\/\/www.movistar.es\/blog\/wp-json\/wp\/v2\/comments?post=20957"}],"version-history":[{"count":6,"href":"https:\/\/www.movistar.es\/blog\/wp-json\/wp\/v2\/posts\/20957\/revisions"}],"predecessor-version":[{"id":25182,"href":"https:\/\/www.movistar.es\/blog\/wp-json\/wp\/v2\/posts\/20957\/revisions\/25182"}],"wp:featuredmedia":[{"embeddable":true,"href":"https:\/\/www.movistar.es\/blog\/wp-json\/wp\/v2\/media\/20959"}],"wp:attachment":[{"href":"https:\/\/www.movistar.es\/blog\/wp-json\/wp\/v2\/media?parent=20957"}],"wp:term":[{"taxonomy":"category","embeddable":true,"href":"https:\/\/www.movistar.es\/blog\/wp-json\/wp\/v2\/categories?post=20957"},{"taxonomy":"post_tag","embeddable":true,"href":"https:\/\/www.movistar.es\/blog\/wp-json\/wp\/v2\/tags?post=20957"},{"taxonomy":"area","embeddable":true,"href":"https:\/\/www.movistar.es\/blog\/wp-json\/wp\/v2\/area?post=20957"},{"taxonomy":"cluster","embeddable":true,"href":"https:\/\/www.movistar.es\/blog\/wp-json\/wp\/v2\/cluster?post=20957"},{"taxonomy":"linea_editorial","embeddable":true,"href":"https:\/\/www.movistar.es\/blog\/wp-json\/wp\/v2\/linea_editorial?post=20957"},{"taxonomy":"author","embeddable":true,"href":"https:\/\/www.movistar.es\/blog\/wp-json\/wp\/v2\/coauthors?post=20957"}],"curies":[{"name":"wp","href":"https:\/\/api.w.org\/{rel}","templated":true}]}}