{"id":20935,"date":"2023-12-15T12:31:29","date_gmt":"2023-12-15T11:31:29","guid":{"rendered":"https:\/\/www.movistar.es\/blog\/?p=20935"},"modified":"2023-12-15T12:31:30","modified_gmt":"2023-12-15T11:31:30","slug":"telefonica-celebra-centenario","status":"publish","type":"post","link":"https:\/\/www.movistar.es\/blog\/sostenibilidad\/telefonica-celebra-centenario\/","title":{"rendered":"100 a\u00f1os creando historia"},"content":{"rendered":"\n<p>En 2024, <strong>Telef\u00f3nica celebra su centenario<\/strong>. Todo un siglo de historia que ha puesto en valor algo esencial para la compa\u00f1\u00eda: <strong>conectar la vida de las personas, porque eso es lo que nos hace especiales<\/strong>. Un compromiso con la sociedad que queremos seguir manteniendo, facilitando todas las herramientas para que, juntos, podamos imaginar <strong>un futuro mejor<\/strong>.<\/p>\n\n\n\n<p>Queremos empezar este 2024 rememorando precisamente lo mejor de nuestra historia. Una que tendremos presente durante todo el pr\u00f3ximo a\u00f1o, en el que celebraremos juntos los logros de ayer, hoy y ma\u00f1ana. Por eso, os quiero presentar <a href=\"https:\/\/www.telefonica.com\/es\/\" target=\"_blank\" rel=\"noreferrer noopener\">nuestra campa\u00f1a<\/a> que da inicio al a\u00f1o de nuestro centenario, y que representa muy bien lo que nos define: la <strong>vocaci\u00f3n<\/strong> <strong>de conectar para estar cerca de nuestros seres queridos<\/strong>.<\/p>\n\n\n\n<figure class=\"wp-block-image size-large\"><img loading=\"lazy\" decoding=\"async\" height=\"455\" width=\"1024\" src=\"https:\/\/www.movistar.es\/blog\/wp-content\/uploads\/sites\/3\/2023\/12\/Telefonica_100_Besos_4.jpg?w=1024\" alt=\"\" class=\"wp-image-20945\" srcset=\"https:\/\/www.movistar.es\/blog\/wp-content\/uploads\/sites\/3\/2023\/12\/Telefonica_100_Besos_4.jpg 1920w, https:\/\/www.movistar.es\/blog\/wp-content\/uploads\/sites\/3\/2023\/12\/Telefonica_100_Besos_4.jpg?resize=300,133 300w, https:\/\/www.movistar.es\/blog\/wp-content\/uploads\/sites\/3\/2023\/12\/Telefonica_100_Besos_4.jpg?resize=768,341 768w, https:\/\/www.movistar.es\/blog\/wp-content\/uploads\/sites\/3\/2023\/12\/Telefonica_100_Besos_4.jpg?resize=1024,455 1024w, https:\/\/www.movistar.es\/blog\/wp-content\/uploads\/sites\/3\/2023\/12\/Telefonica_100_Besos_4.jpg?resize=1536,682 1536w\" sizes=\"auto, (max-width: 1024px) 100vw, 1024px\" \/><\/figure>\n\n\n\n<blockquote class=\"wp-block-quote is-layout-flow wp-block-quote-is-layout-flow\"><p><em>\u201cSi la tecnolog\u00eda nos ha permitido conectar como nunca la vida de las personas, imagin\u00e9monos todo lo que seremos capaces de hacer en los pr\u00f3ximos 100\u201d<\/em><\/p><\/blockquote>\n\n\n\n<h2 class=\"wp-block-heading\" id=\"h-la-tecnologia-el-motor-del-cambio\"><strong>La tecnolog\u00eda, el motor del cambio<\/strong><\/h2>\n\n\n\n<p><strong>La tecnolog\u00eda<\/strong>, en estos 100 a\u00f1os, <strong>nos ha permitido llegar m\u00e1s lejos que nunca<\/strong>. Un tiempo que nos ha regalado el papel de protagonistas y art\u00edfices de la magia que reside detr\u00e1s y delante de las telecomunicaciones.<\/p>\n\n\n\n<figure class=\"wp-block-image size-large\"><img loading=\"lazy\" decoding=\"async\" height=\"455\" width=\"1024\" src=\"https:\/\/www.movistar.es\/blog\/wp-content\/uploads\/sites\/3\/2023\/12\/Telefonica_100_Besos_2.jpg?w=1024\" alt=\"\" class=\"wp-image-20946\" srcset=\"https:\/\/www.movistar.es\/blog\/wp-content\/uploads\/sites\/3\/2023\/12\/Telefonica_100_Besos_2.jpg 1920w, https:\/\/www.movistar.es\/blog\/wp-content\/uploads\/sites\/3\/2023\/12\/Telefonica_100_Besos_2.jpg?resize=300,133 300w, https:\/\/www.movistar.es\/blog\/wp-content\/uploads\/sites\/3\/2023\/12\/Telefonica_100_Besos_2.jpg?resize=768,341 768w, https:\/\/www.movistar.es\/blog\/wp-content\/uploads\/sites\/3\/2023\/12\/Telefonica_100_Besos_2.jpg?resize=1024,455 1024w, https:\/\/www.movistar.es\/blog\/wp-content\/uploads\/sites\/3\/2023\/12\/Telefonica_100_Besos_2.jpg?resize=1536,682 1536w\" sizes=\"auto, (max-width: 1024px) 100vw, 1024px\" \/><\/figure>\n\n\n\n<p>Como ra\u00edz de nuestra historia, hemos sido testigos de los primeros cables de cobre que pusieron voz y conectaron los hogares espa\u00f1oles y que dejan de operar a un a\u00f1o del centenario; signo de nuestro papel como pioneros de las comunicaciones, pero firmemente <strong>convencidos de que la innovaci\u00f3n forma parte de nuestro ADN<\/strong>.<\/p>\n\n\n\n<p>Supimos ver el papel de la banda ancha <strong>anticip\u00e1ndonos al impacto que la llegada de la telefon\u00eda m\u00f3vil e internet tuvieron<\/strong> en nuestro presente y, especialmente, en nuestro futuro. En nuestra forma de comunicarnos, de expresarnos, relacionarnos, trabajar y, por lo tanto, de existir.<\/p>\n\n\n\n<p>Aseguramos la conexi\u00f3n de las personas cuando verse fue casi imposible, cumpliendo y <strong>demostrando nuestro papel de servicio esencial para la sociedad<\/strong> de la que formamos parte.<\/p>\n\n\n\n<p>Transformamos las redes en servicios de entretenimiento, <strong>adelant\u00e1ndonos con nuestra visi\u00f3n de futuro. <\/strong><strong><\/strong><\/p>\n\n\n\n<blockquote class=\"wp-block-quote is-layout-flow wp-block-quote-is-layout-flow\"><p><em>\u201cA lo largo de estos a\u00f1os, hemos desplegado fibra, 3G, 4G, 5G, y ahora la fibra FFTTR porque tenemos un gran deseo: que las personas puedan cumplir sus sue\u00f1os y alcanzar sus metas de la mejor forma posible\u201d.<\/em><\/p><\/blockquote>\n\n\n\n<h2 class=\"wp-block-heading\" class=\"wp-block-heading\" id=\"un-pasado-que-nos-abre-la-puerta-al-futuro\"><strong>Un pasado que nos abre la puerta al futuro<\/strong><\/h2>\n\n\n\n<p>Pocos son los que llegan a cumplir un siglo de vida y muchas menos las empresas que llegan a este punto. Y aunque 100 es solo un n\u00famero, queremos celebrarlo con <strong>la legitimidad que la historia nos ha dado<\/strong>, porque si hemos llegado a este punto, es que hemos sabido transformarnos. Pero esta celebraci\u00f3n es un motivo para poner un compromiso para los pr\u00f3ximos 100: situar la mirada en el futuro aprendiendo con optimismo del pasado. Y juntos, sobre todo juntos.<\/p>\n\n\n\n<figure class=\"wp-block-image size-large\"><img loading=\"lazy\" decoding=\"async\" height=\"455\" width=\"1024\" src=\"https:\/\/www.movistar.es\/blog\/wp-content\/uploads\/sites\/3\/2023\/12\/Telefonica_100_Besos_6.jpg?w=1024\" alt=\"\" class=\"wp-image-20947\" srcset=\"https:\/\/www.movistar.es\/blog\/wp-content\/uploads\/sites\/3\/2023\/12\/Telefonica_100_Besos_6.jpg 1920w, https:\/\/www.movistar.es\/blog\/wp-content\/uploads\/sites\/3\/2023\/12\/Telefonica_100_Besos_6.jpg?resize=300,133 300w, https:\/\/www.movistar.es\/blog\/wp-content\/uploads\/sites\/3\/2023\/12\/Telefonica_100_Besos_6.jpg?resize=768,341 768w, https:\/\/www.movistar.es\/blog\/wp-content\/uploads\/sites\/3\/2023\/12\/Telefonica_100_Besos_6.jpg?resize=1024,455 1024w, https:\/\/www.movistar.es\/blog\/wp-content\/uploads\/sites\/3\/2023\/12\/Telefonica_100_Besos_6.jpg?resize=1536,682 1536w\" sizes=\"auto, (max-width: 1024px) 100vw, 1024px\" \/><\/figure>\n\n\n\n<p>Nuestro origen es el de las telecomunicaciones, pero durante nuestro centenario podremos decir que <strong>somos una compa\u00f1\u00eda tecnol\u00f3gica centrada en nuestros clientes ofreciendo todos los servicios digitales para el hogar<\/strong>. Y manifestando <strong>nuestra m\u00e1xima vocaci\u00f3n social, <\/strong>volcada en el progreso, para devolver todas las oportunidades que nos han dado durante este siglo de vida con iniciativas como Wayra, o todo lo que hacemos desde Fundaci\u00f3n Telef\u00f3nica.<\/p>\n\n\n\n<blockquote class=\"wp-block-quote is-layout-flow wp-block-quote-is-layout-flow\"><p><em>\u201cEstamos firmemente convencidos de que nuestro mejor legado es todo lo que est\u00e1 por llegar\u201d.<\/em><\/p><\/blockquote>\n\n\n\n<p>Vertebrando la sociedad desde las telecomunicaciones y servicios digitales, seguiremos estando aqu\u00ed para todo lo que se necesite de nosotros. Creando momentos que queden marcados en nuestra historia.<\/p>\n\n\n\n<h2 class=\"wp-block-heading\" class=\"wp-block-heading\" id=\"imaginemonos-juntos\"><strong>Imagin\u00e9monos juntos <\/strong><\/h2>\n\n\n\n<p>Solo las personas podemos imaginar y en Telef\u00f3nica tenemos un sue\u00f1o: <strong>imagin\u00e9monos juntos las infinitas posibilidades que se nos presentan<\/strong>. Es una oportunidad \u00fanica de, conociendo nuestra experiencia, afrontar lo que est\u00e1 por llegar con la mayor de las inspiraciones. Aprendiendo, avanzando, progresando, construyendo, mejor y m\u00e1s lejos.<\/p>\n\n\n\n<figure class=\"wp-block-image size-large\"><img loading=\"lazy\" decoding=\"async\" height=\"455\" width=\"1024\" src=\"https:\/\/www.movistar.es\/blog\/wp-content\/uploads\/sites\/3\/2023\/12\/Telefonica_100_Besos_11.jpg?w=1024\" alt=\"\" class=\"wp-image-20948\" srcset=\"https:\/\/www.movistar.es\/blog\/wp-content\/uploads\/sites\/3\/2023\/12\/Telefonica_100_Besos_11.jpg 1920w, https:\/\/www.movistar.es\/blog\/wp-content\/uploads\/sites\/3\/2023\/12\/Telefonica_100_Besos_11.jpg?resize=300,133 300w, https:\/\/www.movistar.es\/blog\/wp-content\/uploads\/sites\/3\/2023\/12\/Telefonica_100_Besos_11.jpg?resize=768,341 768w, https:\/\/www.movistar.es\/blog\/wp-content\/uploads\/sites\/3\/2023\/12\/Telefonica_100_Besos_11.jpg?resize=1024,455 1024w, https:\/\/www.movistar.es\/blog\/wp-content\/uploads\/sites\/3\/2023\/12\/Telefonica_100_Besos_11.jpg?resize=1536,682 1536w\" sizes=\"auto, (max-width: 1024px) 100vw, 1024px\" \/><\/figure>\n\n\n\n<p>En un mundo en el que todo se ha vuelto muy exigente, nuestra misi\u00f3n es obligada: <strong>dar lo mejor de nosotros mismos, con las personas y nuestros clientes como elemento central.<\/strong> Porque nada de lo que hemos hecho y lo que queremos hacer, hubiese sido posible sin el esfuerzo, la entrega y el compromiso de nuestros equipos. Un <strong>orgullo de pertenencia<\/strong> que demuestra que estamos a la altura de nuestro legado.<\/p>\n\n\n\n<p>Pero tampoco hubiese sido posible sin la confianza de todos vosotros, nuestros clientes.<\/p>\n\n\n\n<p>Os deseo a todos unas felices fiestas con vuestros seres queridos.<\/p>\n\n\n\n<p>Emilio Gayo<\/p>\n\n\n\n<figure class=\"wp-block-embed is-type-video is-provider-youtube wp-block-embed-youtube wp-embed-aspect-16-9 wp-has-aspect-ratio\"><div class=\"wp-block-embed__wrapper\">\n<div class=\"wp-block-embed__wrapper\"><div class=\"ast-oembed-container \" style=\"height: 100%;\"><iframe loading=\"lazy\" title=\"Cien a\u00f1os conectando la vida de las personas\" width=\"1040\" height=\"585\" src=\"https:\/\/www.youtube.com\/embed\/U_kbixNB3tU?feature=oembed\" frameborder=\"0\" allow=\"accelerometer; autoplay; clipboard-write; encrypted-media; gyroscope; picture-in-picture; web-share\" referrerpolicy=\"strict-origin-when-cross-origin\" allowfullscreen><\/iframe><\/div><\/div>\n<\/div><\/figure>\n","protected":false},"excerpt":{"rendered":"<p>En 2024, Telef\u00f3nica celebra su centenario. Todo un siglo de historia que ha puesto en valor algo esencial para la compa\u00f1\u00eda: conectar la vida de las personas, porque eso es lo que nos hace especiales. [&hellip;]<\/p>\n","protected":false},"author":212,"featured_media":21038,"comment_status":"closed","ping_status":"closed","sticky":false,"template":"","format":"standard","meta":{"site-sidebar-layout":"default","site-content-layout":"","ast-site-content-layout":"","site-content-style":"default","site-sidebar-style":"default","ast-global-header-display":"","ast-banner-title-visibility":"","ast-main-header-display":"","ast-hfb-above-header-display":"","ast-hfb-below-header-display":"","ast-hfb-mobile-header-display":"","site-post-title":"","ast-breadcrumbs-content":"","ast-featured-img":"","footer-sml-layout":"","theme-transparent-header-meta":"","adv-header-id-meta":"","stick-header-meta":"","header-above-stick-meta":"","header-main-stick-meta":"","header-below-stick-meta":"","astra-migrate-meta-layouts":"default","ast-page-background-enabled":"default","ast-page-background-meta":{"desktop":{"background-color":"var(--ast-global-color-4)","background-image":"","background-repeat":"repeat","background-position":"center center","background-size":"auto","background-attachment":"scroll","background-type":"","background-media":"","overlay-type":"","overlay-color":"","overlay-opacity":"","overlay-gradient":""},"tablet":{"background-color":"","background-image":"","background-repeat":"repeat","background-position":"center center","background-size":"auto","background-attachment":"scroll","background-type":"","background-media":"","overlay-type":"","overlay-color":"","overlay-opacity":"","overlay-gradient":""},"mobile":{"background-color":"","background-image":"","background-repeat":"repeat","background-position":"center center","background-size":"auto","background-attachment":"scroll","background-type":"","background-media":"","overlay-type":"","overlay-color":"","overlay-opacity":"","overlay-gradient":""}},"ast-content-background-meta":{"desktop":{"background-color":"var(--ast-global-color-5)","background-image":"","background-repeat":"repeat","background-position":"center center","background-size":"auto","background-attachment":"scroll","background-type":"","background-media":"","overlay-type":"","overlay-color":"","overlay-opacity":"","overlay-gradient":""},"tablet":{"background-color":"var(--ast-global-color-5)","background-image":"","background-repeat":"repeat","background-position":"center center","background-size":"auto","background-attachment":"scroll","background-type":"","background-media":"","overlay-type":"","overlay-color":"","overlay-opacity":"","overlay-gradient":""},"mobile":{"background-color":"var(--ast-global-color-5)","background-image":"","background-repeat":"repeat","background-position":"center center","background-size":"auto","background-attachment":"scroll","background-type":"","background-media":"","overlay-type":"","overlay-color":"","overlay-opacity":"","overlay-gradient":""}},"_jetpack_memberships_contains_paid_content":false,"footnotes":""},"categories":[1],"tags":[],"area":[],"cluster":[562],"linea_editorial":[],"coauthors":[588],"class_list":["post-20935","post","type-post","status-publish","format-standard","has-post-thumbnail","hentry","category-sin-categoria","cluster-sostenibilidad"],"yoast_head":"<!-- This site is optimized with the Yoast SEO Premium plugin v25.5 (Yoast SEO v25.5) - https:\/\/yoast.com\/wordpress\/plugins\/seo\/ -->\n<title>Telef\u00f3nica, 100 a\u00f1os creando historia<\/title>\n<meta name=\"description\" content=\"Telef\u00f3nica celebra su centenario, un siglo de historia conectando a las personas y haciendo su vida mejor. \u00a1Cel\u00e9bralo con nosotros!\" \/>\n<meta name=\"robots\" content=\"index, follow, max-snippet:-1, max-image-preview:large, max-video-preview:-1\" \/>\n<link rel=\"canonical\" href=\"https:\/\/www.movistar.es\/blog\/sostenibilidad\/telefonica-celebra-centenario\/\" \/>\n<meta property=\"og:locale\" content=\"es_ES\" \/>\n<meta property=\"og:type\" content=\"article\" \/>\n<meta property=\"og:title\" content=\"100 a\u00f1os creando historia\" \/>\n<meta property=\"og:description\" content=\"Telef\u00f3nica celebra su centenario, un siglo de historia conectando a las personas y haciendo su vida mejor. \u00a1Cel\u00e9bralo con nosotros!\" \/>\n<meta property=\"og:url\" content=\"https:\/\/www.movistar.es\/blog\/sostenibilidad\/telefonica-celebra-centenario\/\" \/>\n<meta property=\"og:site_name\" content=\"Movistar blog\" \/>\n<meta property=\"article:published_time\" content=\"2023-12-15T11:31:29+00:00\" \/>\n<meta property=\"article:modified_time\" content=\"2023-12-15T11:31:30+00:00\" \/>\n<meta property=\"og:image\" content=\"https:\/\/www.movistar.es\/blog\/wp-content\/uploads\/sites\/3\/2023\/12\/MicrosoftTeams-image-63.jpg\" \/>\n\t<meta property=\"og:image:width\" content=\"1191\" \/>\n\t<meta property=\"og:image:height\" content=\"842\" \/>\n\t<meta property=\"og:image:type\" content=\"image\/jpeg\" \/>\n<meta name=\"author\" content=\"Emilio Gayo\" \/>\n<meta name=\"twitter:card\" content=\"summary_large_image\" \/>\n<meta name=\"twitter:label1\" content=\"Written by\" \/>\n\t<meta name=\"twitter:data1\" content=\"Emilio Gayo\" \/>\n\t<meta name=\"twitter:label2\" content=\"Est. reading time\" \/>\n\t<meta name=\"twitter:data2\" content=\"5 minutos\" \/>\n<script type=\"application\/ld+json\" class=\"yoast-schema-graph\">{\"@context\":\"https:\/\/schema.org\",\"@graph\":[{\"@type\":\"Article\",\"@id\":\"https:\/\/www.movistar.es\/blog\/sostenibilidad\/telefonica-celebra-centenario\/#article\",\"isPartOf\":{\"@id\":\"https:\/\/www.movistar.es\/blog\/sostenibilidad\/telefonica-celebra-centenario\/\"},\"author\":{\"name\":\"Emilio Gayo\",\"@id\":\"https:\/\/www.movistar.es\/blog\/#\/schema\/person\/6025149347cc0e00cea2f4019f7b1294\"},\"headline\":\"100 a\u00f1os creando historia\",\"datePublished\":\"2023-12-15T11:31:29+00:00\",\"dateModified\":\"2023-12-15T11:31:30+00:00\",\"mainEntityOfPage\":{\"@id\":\"https:\/\/www.movistar.es\/blog\/sostenibilidad\/telefonica-celebra-centenario\/\"},\"wordCount\":765,\"publisher\":{\"@id\":\"https:\/\/www.movistar.es\/blog\/#organization\"},\"image\":{\"@id\":\"https:\/\/www.movistar.es\/blog\/sostenibilidad\/telefonica-celebra-centenario\/#primaryimage\"},\"thumbnailUrl\":\"https:\/\/www.movistar.es\/blog\/wp-content\/uploads\/sites\/3\/2023\/12\/MicrosoftTeams-image-63.jpg\",\"inLanguage\":\"es\"},{\"@type\":\"WebPage\",\"@id\":\"https:\/\/www.movistar.es\/blog\/sostenibilidad\/telefonica-celebra-centenario\/\",\"url\":\"https:\/\/www.movistar.es\/blog\/sostenibilidad\/telefonica-celebra-centenario\/\",\"name\":\"Telef\u00f3nica, 100 a\u00f1os creando historia\",\"isPartOf\":{\"@id\":\"https:\/\/www.movistar.es\/blog\/#website\"},\"primaryImageOfPage\":{\"@id\":\"https:\/\/www.movistar.es\/blog\/sostenibilidad\/telefonica-celebra-centenario\/#primaryimage\"},\"image\":{\"@id\":\"https:\/\/www.movistar.es\/blog\/sostenibilidad\/telefonica-celebra-centenario\/#primaryimage\"},\"thumbnailUrl\":\"https:\/\/www.movistar.es\/blog\/wp-content\/uploads\/sites\/3\/2023\/12\/MicrosoftTeams-image-63.jpg\",\"datePublished\":\"2023-12-15T11:31:29+00:00\",\"dateModified\":\"2023-12-15T11:31:30+00:00\",\"description\":\"Telef\u00f3nica celebra su centenario, un siglo de historia conectando a las personas y haciendo su vida mejor. \u00a1Cel\u00e9bralo con nosotros!\",\"breadcrumb\":{\"@id\":\"https:\/\/www.movistar.es\/blog\/sostenibilidad\/telefonica-celebra-centenario\/#breadcrumb\"},\"inLanguage\":\"es\",\"potentialAction\":[{\"@type\":\"ReadAction\",\"target\":[\"https:\/\/www.movistar.es\/blog\/sostenibilidad\/telefonica-celebra-centenario\/\"]}]},{\"@type\":\"ImageObject\",\"inLanguage\":\"es\",\"@id\":\"https:\/\/www.movistar.es\/blog\/sostenibilidad\/telefonica-celebra-centenario\/#primaryimage\",\"url\":\"https:\/\/www.movistar.es\/blog\/wp-content\/uploads\/sites\/3\/2023\/12\/MicrosoftTeams-image-63.jpg\",\"contentUrl\":\"https:\/\/www.movistar.es\/blog\/wp-content\/uploads\/sites\/3\/2023\/12\/MicrosoftTeams-image-63.jpg\",\"width\":1191,\"height\":842},{\"@type\":\"BreadcrumbList\",\"@id\":\"https:\/\/www.movistar.es\/blog\/sostenibilidad\/telefonica-celebra-centenario\/#breadcrumb\",\"itemListElement\":[{\"@type\":\"ListItem\",\"position\":1,\"name\":\"Home\",\"item\":\"https:\/\/www.movistar.es\/blog\/\"},{\"@type\":\"ListItem\",\"position\":2,\"name\":\"100 a\u00f1os creando historia\"}]},{\"@type\":\"WebSite\",\"@id\":\"https:\/\/www.movistar.es\/blog\/#website\",\"url\":\"https:\/\/www.movistar.es\/blog\/\",\"name\":\"Movistar blog\",\"description\":\"Movistar Blog. Informaci\u00f3n y m\u00e1s sobre los productos y servicios de Movistar\",\"publisher\":{\"@id\":\"https:\/\/www.movistar.es\/blog\/#organization\"},\"potentialAction\":[{\"@type\":\"SearchAction\",\"target\":{\"@type\":\"EntryPoint\",\"urlTemplate\":\"https:\/\/www.movistar.es\/blog\/?s={search_term_string}\"},\"query-input\":{\"@type\":\"PropertyValueSpecification\",\"valueRequired\":true,\"valueName\":\"search_term_string\"}}],\"inLanguage\":\"es\"},{\"@type\":\"Organization\",\"@id\":\"https:\/\/www.movistar.es\/blog\/#organization\",\"name\":\"Movistar blog\",\"url\":\"https:\/\/www.movistar.es\/blog\/\",\"logo\":{\"@type\":\"ImageObject\",\"inLanguage\":\"es\",\"@id\":\"https:\/\/www.movistar.es\/blog\/#\/schema\/logo\/image\/\",\"url\":\"https:\/\/www.movistar.es\/blog\/wp-content\/uploads\/sites\/3\/2022\/05\/logo_movistar-1.svg\",\"contentUrl\":\"https:\/\/www.movistar.es\/blog\/wp-content\/uploads\/sites\/3\/2022\/05\/logo_movistar-1.svg\",\"width\":369,\"height\":272,\"caption\":\"Movistar blog\"},\"image\":{\"@id\":\"https:\/\/www.movistar.es\/blog\/#\/schema\/logo\/image\/\"}},{\"@type\":\"Person\",\"@id\":\"https:\/\/www.movistar.es\/blog\/#\/schema\/person\/6025149347cc0e00cea2f4019f7b1294\",\"name\":\"Emilio Gayo\",\"image\":{\"@type\":\"ImageObject\",\"inLanguage\":\"es\",\"@id\":\"https:\/\/www.movistar.es\/blog\/#\/schema\/person\/image\/765e3300673fb25f2a2dc2fda081280a\",\"url\":\"https:\/\/secure.gravatar.com\/avatar\/379f1eaa9fbe4972fa55bb11a27bc5ccd51a33958b4f5570d8415155e6ccc0de\",\"contentUrl\":\"https:\/\/secure.gravatar.com\/avatar\/379f1eaa9fbe4972fa55bb11a27bc5ccd51a33958b4f5570d8415155e6ccc0de\",\"caption\":\"Emilio Gayo\"},\"description\":\"Presidente de Telef\u00f3nica Espa\u00f1a\",\"url\":\"https:\/\/www.movistar.es\/blog\/author\/emiliogayo\/\"}]}<\/script>\n<!-- \/ Yoast SEO Premium plugin. -->","yoast_head_json":{"title":"Telef\u00f3nica, 100 a\u00f1os creando historia","description":"Telef\u00f3nica celebra su centenario, un siglo de historia conectando a las personas y haciendo su vida mejor. \u00a1Cel\u00e9bralo con nosotros!","robots":{"index":"index","follow":"follow","max-snippet":"max-snippet:-1","max-image-preview":"max-image-preview:large","max-video-preview":"max-video-preview:-1"},"canonical":"https:\/\/www.movistar.es\/blog\/sostenibilidad\/telefonica-celebra-centenario\/","og_locale":"es_ES","og_type":"article","og_title":"100 a\u00f1os creando historia","og_description":"Telef\u00f3nica celebra su centenario, un siglo de historia conectando a las personas y haciendo su vida mejor. \u00a1Cel\u00e9bralo con nosotros!","og_url":"https:\/\/www.movistar.es\/blog\/sostenibilidad\/telefonica-celebra-centenario\/","og_site_name":"Movistar blog","article_published_time":"2023-12-15T11:31:29+00:00","article_modified_time":"2023-12-15T11:31:30+00:00","og_image":[{"width":1191,"height":842,"url":"https:\/\/www.movistar.es\/blog\/wp-content\/uploads\/sites\/3\/2023\/12\/MicrosoftTeams-image-63.jpg","type":"image\/jpeg"}],"author":"Emilio Gayo","twitter_card":"summary_large_image","twitter_misc":{"Written by":"Emilio Gayo","Est. reading time":"5 minutos"},"schema":{"@context":"https:\/\/schema.org","@graph":[{"@type":"Article","@id":"https:\/\/www.movistar.es\/blog\/sostenibilidad\/telefonica-celebra-centenario\/#article","isPartOf":{"@id":"https:\/\/www.movistar.es\/blog\/sostenibilidad\/telefonica-celebra-centenario\/"},"author":{"name":"Emilio Gayo","@id":"https:\/\/www.movistar.es\/blog\/#\/schema\/person\/6025149347cc0e00cea2f4019f7b1294"},"headline":"100 a\u00f1os creando historia","datePublished":"2023-12-15T11:31:29+00:00","dateModified":"2023-12-15T11:31:30+00:00","mainEntityOfPage":{"@id":"https:\/\/www.movistar.es\/blog\/sostenibilidad\/telefonica-celebra-centenario\/"},"wordCount":765,"publisher":{"@id":"https:\/\/www.movistar.es\/blog\/#organization"},"image":{"@id":"https:\/\/www.movistar.es\/blog\/sostenibilidad\/telefonica-celebra-centenario\/#primaryimage"},"thumbnailUrl":"https:\/\/www.movistar.es\/blog\/wp-content\/uploads\/sites\/3\/2023\/12\/MicrosoftTeams-image-63.jpg","inLanguage":"es"},{"@type":"WebPage","@id":"https:\/\/www.movistar.es\/blog\/sostenibilidad\/telefonica-celebra-centenario\/","url":"https:\/\/www.movistar.es\/blog\/sostenibilidad\/telefonica-celebra-centenario\/","name":"Telef\u00f3nica, 100 a\u00f1os creando historia","isPartOf":{"@id":"https:\/\/www.movistar.es\/blog\/#website"},"primaryImageOfPage":{"@id":"https:\/\/www.movistar.es\/blog\/sostenibilidad\/telefonica-celebra-centenario\/#primaryimage"},"image":{"@id":"https:\/\/www.movistar.es\/blog\/sostenibilidad\/telefonica-celebra-centenario\/#primaryimage"},"thumbnailUrl":"https:\/\/www.movistar.es\/blog\/wp-content\/uploads\/sites\/3\/2023\/12\/MicrosoftTeams-image-63.jpg","datePublished":"2023-12-15T11:31:29+00:00","dateModified":"2023-12-15T11:31:30+00:00","description":"Telef\u00f3nica celebra su centenario, un siglo de historia conectando a las personas y haciendo su vida mejor. \u00a1Cel\u00e9bralo con nosotros!","breadcrumb":{"@id":"https:\/\/www.movistar.es\/blog\/sostenibilidad\/telefonica-celebra-centenario\/#breadcrumb"},"inLanguage":"es","potentialAction":[{"@type":"ReadAction","target":["https:\/\/www.movistar.es\/blog\/sostenibilidad\/telefonica-celebra-centenario\/"]}]},{"@type":"ImageObject","inLanguage":"es","@id":"https:\/\/www.movistar.es\/blog\/sostenibilidad\/telefonica-celebra-centenario\/#primaryimage","url":"https:\/\/www.movistar.es\/blog\/wp-content\/uploads\/sites\/3\/2023\/12\/MicrosoftTeams-image-63.jpg","contentUrl":"https:\/\/www.movistar.es\/blog\/wp-content\/uploads\/sites\/3\/2023\/12\/MicrosoftTeams-image-63.jpg","width":1191,"height":842},{"@type":"BreadcrumbList","@id":"https:\/\/www.movistar.es\/blog\/sostenibilidad\/telefonica-celebra-centenario\/#breadcrumb","itemListElement":[{"@type":"ListItem","position":1,"name":"Home","item":"https:\/\/www.movistar.es\/blog\/"},{"@type":"ListItem","position":2,"name":"100 a\u00f1os creando historia"}]},{"@type":"WebSite","@id":"https:\/\/www.movistar.es\/blog\/#website","url":"https:\/\/www.movistar.es\/blog\/","name":"Movistar blog","description":"Movistar Blog. Informaci\u00f3n y m\u00e1s sobre los productos y servicios de Movistar","publisher":{"@id":"https:\/\/www.movistar.es\/blog\/#organization"},"potentialAction":[{"@type":"SearchAction","target":{"@type":"EntryPoint","urlTemplate":"https:\/\/www.movistar.es\/blog\/?s={search_term_string}"},"query-input":{"@type":"PropertyValueSpecification","valueRequired":true,"valueName":"search_term_string"}}],"inLanguage":"es"},{"@type":"Organization","@id":"https:\/\/www.movistar.es\/blog\/#organization","name":"Movistar blog","url":"https:\/\/www.movistar.es\/blog\/","logo":{"@type":"ImageObject","inLanguage":"es","@id":"https:\/\/www.movistar.es\/blog\/#\/schema\/logo\/image\/","url":"https:\/\/www.movistar.es\/blog\/wp-content\/uploads\/sites\/3\/2022\/05\/logo_movistar-1.svg","contentUrl":"https:\/\/www.movistar.es\/blog\/wp-content\/uploads\/sites\/3\/2022\/05\/logo_movistar-1.svg","width":369,"height":272,"caption":"Movistar blog"},"image":{"@id":"https:\/\/www.movistar.es\/blog\/#\/schema\/logo\/image\/"}},{"@type":"Person","@id":"https:\/\/www.movistar.es\/blog\/#\/schema\/person\/6025149347cc0e00cea2f4019f7b1294","name":"Emilio Gayo","image":{"@type":"ImageObject","inLanguage":"es","@id":"https:\/\/www.movistar.es\/blog\/#\/schema\/person\/image\/765e3300673fb25f2a2dc2fda081280a","url":"https:\/\/secure.gravatar.com\/avatar\/379f1eaa9fbe4972fa55bb11a27bc5ccd51a33958b4f5570d8415155e6ccc0de","contentUrl":"https:\/\/secure.gravatar.com\/avatar\/379f1eaa9fbe4972fa55bb11a27bc5ccd51a33958b4f5570d8415155e6ccc0de","caption":"Emilio Gayo"},"description":"Presidente de Telef\u00f3nica Espa\u00f1a","url":"https:\/\/www.movistar.es\/blog\/author\/emiliogayo\/"}]}},"jetpack_featured_media_url":"https:\/\/www.movistar.es\/blog\/wp-content\/uploads\/sites\/3\/2023\/12\/MicrosoftTeams-image-63.jpg","jetpack_sharing_enabled":true,"_links":{"self":[{"href":"https:\/\/www.movistar.es\/blog\/wp-json\/wp\/v2\/posts\/20935","targetHints":{"allow":["GET"]}}],"collection":[{"href":"https:\/\/www.movistar.es\/blog\/wp-json\/wp\/v2\/posts"}],"about":[{"href":"https:\/\/www.movistar.es\/blog\/wp-json\/wp\/v2\/types\/post"}],"author":[{"embeddable":true,"href":"https:\/\/www.movistar.es\/blog\/wp-json\/wp\/v2\/users\/212"}],"replies":[{"embeddable":true,"href":"https:\/\/www.movistar.es\/blog\/wp-json\/wp\/v2\/comments?post=20935"}],"version-history":[{"count":4,"href":"https:\/\/www.movistar.es\/blog\/wp-json\/wp\/v2\/posts\/20935\/revisions"}],"predecessor-version":[{"id":20999,"href":"https:\/\/www.movistar.es\/blog\/wp-json\/wp\/v2\/posts\/20935\/revisions\/20999"}],"wp:featuredmedia":[{"embeddable":true,"href":"https:\/\/www.movistar.es\/blog\/wp-json\/wp\/v2\/media\/21038"}],"wp:attachment":[{"href":"https:\/\/www.movistar.es\/blog\/wp-json\/wp\/v2\/media?parent=20935"}],"wp:term":[{"taxonomy":"category","embeddable":true,"href":"https:\/\/www.movistar.es\/blog\/wp-json\/wp\/v2\/categories?post=20935"},{"taxonomy":"post_tag","embeddable":true,"href":"https:\/\/www.movistar.es\/blog\/wp-json\/wp\/v2\/tags?post=20935"},{"taxonomy":"area","embeddable":true,"href":"https:\/\/www.movistar.es\/blog\/wp-json\/wp\/v2\/area?post=20935"},{"taxonomy":"cluster","embeddable":true,"href":"https:\/\/www.movistar.es\/blog\/wp-json\/wp\/v2\/cluster?post=20935"},{"taxonomy":"linea_editorial","embeddable":true,"href":"https:\/\/www.movistar.es\/blog\/wp-json\/wp\/v2\/linea_editorial?post=20935"},{"taxonomy":"author","embeddable":true,"href":"https:\/\/www.movistar.es\/blog\/wp-json\/wp\/v2\/coauthors?post=20935"}],"curies":[{"name":"wp","href":"https:\/\/api.w.org\/{rel}","templated":true}]}}