{"id":20748,"date":"2023-12-07T17:11:37","date_gmt":"2023-12-07T16:11:37","guid":{"rendered":"https:\/\/www.movistar.es\/blog\/?p=20748"},"modified":"2023-12-07T17:11:38","modified_gmt":"2023-12-07T16:11:38","slug":"historias-telefonica-portal-terra","status":"publish","type":"post","link":"https:\/\/www.movistar.es\/blog\/home\/historias-telefonica-portal-terra\/","title":{"rendered":"Historias de Telef\u00f3nica: el portal Terra"},"content":{"rendered":"\n<p>En esta nueva entrega de\u00a0<strong>Historias De Telef\u00f3nica<\/strong>\u00a0os vamos a hablar de una de las marcas m\u00e1s emblem\u00e1ticas, el portal web Terra. Este fue protagonista a principios de siglo en la conocida \u00e9poca del boom de las puntocom e internet. Ponte c\u00f3modo o c\u00f3moda, que te contamos toda su <strong>historia<\/strong>.<\/p>\n\n\n\n<h2 class=\"wp-block-heading\" id=\"toc-hId-1483482868\">Los or\u00edgenes del portal Terra<\/h2>\n\n\n\n<p>A finales de siglo pasado, Internet era todav\u00eda un fen\u00f3meno incipiente en nuestro pa\u00eds. En el a\u00f1o\u00a01995, el n\u00famero\u00a0<strong>de usuarios en Espa\u00f1a era de apenas\u00a050.000 personas<\/strong>. Una cifra rid\u00edcula comparada con los\u00a0<strong>45 millones de usuarios actuales<\/strong>. Por aquel entonces,\u00a0la mayor\u00eda de conexiones se efectuaban a trav\u00e9s de rudimentarios\u00a0<strong>m\u00f3dems<\/strong>\u00a0y <strong>se pagaba por minutos<\/strong>\u00a0para acceder a Internet.<\/p>\n\n\n\n<p>No hab\u00eda\u00a0<strong>redes sociales<\/strong>, ni servicios de\u00a0<strong>mensajer\u00eda instant\u00e1nea<\/strong>\u00a0y\u00a0<strong>Google<\/strong>\u00a0y\u00a0<strong>YouTube<\/strong>\u00a0acababan de nacer. El portal de b\u00fasqueda de aquella \u00e9poca era\u00a0<strong>Yahoo<\/strong>.\u00a0\u00a0<\/p>\n\n\n\n<p>A finales de la d\u00e9cada, la aparici\u00f3n\u00a0del\u00a0<strong>ADSL<\/strong>\u00a0supuso un punto de inflexi\u00f3n, y con esto, se sobrepas\u00f3 la cifra del mill\u00f3n de usuarios. Sus usuarios eran, en su mayor\u00eda, gente joven, y la actividad m\u00e1s frecuente era la\u00a0<strong>consulta del correo electr\u00f3nico<\/strong>.\u00a0<\/p>\n\n\n\n<p>En este contexto, para encontrar los or\u00edgenes de Terra tenemos que remontarnos a diciembre de 1998. En este momento, Telef\u00f3nica cre\u00f3\u00a0<strong>Telef\u00f3nica Interactiva<\/strong>, una nueva filial que permiti\u00f3 centralizar todos sus\u00a0<strong>negocios online<\/strong>\u00a0en una \u00fanica compa\u00f1\u00eda. Meses despu\u00e9s se fusion\u00f3 con el\u00a0<strong>buscador espa\u00f1ol\u00a0Ol\u00e9\u00a0<\/strong>por 12 millones de euros. Por aquel entonces era el m\u00e1s popular en nuestro pa\u00eds.\u00a0<\/p>\n\n\n\n<figure class=\"wp-block-image aligncenter size-full\"><img loading=\"lazy\" decoding=\"async\" width=\"800\" height=\"600\" src=\"https:\/\/www.movistar.es\/blog\/wp-content\/uploads\/sites\/3\/2023\/12\/ole-buscador.jpg\" alt=\"Buscador Ol\u00e9\" class=\"wp-image-20801\" title=\"Bolsa Terra.jpeg\" srcset=\"https:\/\/www.movistar.es\/blog\/wp-content\/uploads\/sites\/3\/2023\/12\/ole-buscador.jpg 800w, https:\/\/www.movistar.es\/blog\/wp-content\/uploads\/sites\/3\/2023\/12\/ole-buscador.jpg?resize=300,225 300w, https:\/\/www.movistar.es\/blog\/wp-content\/uploads\/sites\/3\/2023\/12\/ole-buscador.jpg?resize=768,576 768w, https:\/\/www.movistar.es\/blog\/wp-content\/uploads\/sites\/3\/2023\/12\/ole-buscador.jpg?resize=320,240 320w\" sizes=\"auto, (max-width: 800px) 100vw, 800px\" \/><\/figure>\n\n\n\n<h3 class=\"wp-block-heading\" id=\"h-como-terra-se-unio-al-grupo-telefonica\">C\u00f3mo Terra se uni\u00f3 al grupo Telef\u00f3nica<\/h3>\n\n\n\n<p>En octubre de 1999, Telef\u00f3nica Interactiva anunci\u00f3 su nuevo nombre:\u00a0<strong>Terra Networks, S.A.<\/strong>\u00a0m\u00e1s conocido como Terra, que era su nombre comercial. Su salida a bolsa se produjo tan solo un mes despu\u00e9s.\u00a0Durante este a\u00f1o y de la mano de Telef\u00f3nica,\u00a0el portal Terra comenz\u00f3 una campa\u00f1a de adquisici\u00f3n de los negocios de Internet que Telef\u00f3nica dispon\u00eda en sus filiales. As\u00ed como de otras compa\u00f1\u00edas l\u00edderes en las \u00e1reas de la provisi\u00f3n de acceso y portal, en Espa\u00f1a y Latinoam\u00e9rica.<\/p>\n\n\n\n<p>De esta manera, se adquirieron por un lado grupos privados como Ol. (el mayor portal en Espa\u00f1a), ZAZ (la segunda mayor compa\u00f1\u00eda de Internet en Brasil), Infov\u00eda (Guatemala) e Infosel (una de las dos mayores compa\u00f1\u00edas de Internet en M\u00e9xico). Por otro, proveniente de las filiales de Telef\u00f3nica en Latinoam\u00e9rica, CTC Internet (Chile) y los activos de Internet de Telefonica del Per\u00fa.<\/p>\n\n\n\n<p>Todas esas compras, fusiones&#8230; confluyeron en una compa\u00f1\u00eda multinacional. Una enorme oportunidad de mercado, por el potencial de crecimiento de la penetraci\u00f3n de Internet en la zona.<\/p>\n\n\n\n<p>Ya en el a\u00f1o 2000, el portal Terra contaba con 1,3 millones de suscriptores en sus servicios de acceso y 434 millones de p\u00e1ginas vistas cada mes en sus portales. Convirti\u00e9ndose as\u00ed en la web m\u00e1s visitada de nuestro pa\u00eds.\u00a0<\/p>\n\n\n\n<figure class=\"wp-block-image\"><img decoding=\"async\" src=\"https:\/\/comunidad.movistar.es\/t5\/image\/serverpage\/image-id\/232064iB21D16096C0F72EE\/image-size\/large?v=v2&amp;px=999\" alt=\"evoluci\u00f3n-Terra.jpg\" title=\"evoluci\u00f3n-Terra.jpg\" \/><\/figure>\n\n\n\n<p>\u00a0A mediados de 2004, Terra Networks, en su junta de accionistas, decidi\u00f3 integrar a todos sus activos y filiales dentro del grupo Telef\u00f3nica. Y es as\u00ed como en 2005, <a href=\"https:\/\/www.xataka.com\/especiales\/requiem-por-terra-vida-gloria-y-muerte-del-primer-gigante-de-internet-en-espana\" target=\"_blank\" rel=\"noreferrer noopener\">Terra pas\u00f3 a formar parte del grupo Telef\u00f3nica<\/a>, como una marca de la\u00a0<strong>Unidad de Negocios Digitales de Telef\u00f3nica<\/strong>. Entre las cuales tambi\u00e9n estaban\u00a0<strong>TPI p\u00e1ginas amarillas<\/strong>,\u00a0<strong>Wayra<\/strong>,\u00a0<strong>GiffGaff<\/strong>,\u00a0<strong>Tu|Go<\/strong>\u00a0y\u00a0<strong>Tuenti<\/strong>, entre otras.<\/p>\n\n\n\n<p>En cuanto a los ingresos, el modelo de negocio del portal Terra depend\u00eda de dos actividades principales: <strong>La provisi\u00f3n de acceso<\/strong>\u00a0y<strong>\u00a0los portales<\/strong>.\u00a0\u00a0<\/p>\n\n\n\n<h3 class=\"wp-block-heading\" id=\"toc-hId--323971595\">La compra de Lycos<\/h3>\n\n\n\n<p>En mayo del a\u00f1o 2000, y con la presidencia de\u00a0<strong>Juan Villalonga<\/strong>, Terra compra\u00a0<strong>Lycos<\/strong>, a trav\u00e9s de una OPA, por 12.500 millones de d\u00f3lares. Un buscador y portal web fundado en 1994 en EEUU,\u00a0que ten\u00eda varios servicios como: correo electr\u00f3nico y hosting web entre otros. Fue el primero de los buscadores web, hasta que aparecieron Yahoo a\u00f1os m\u00e1s tarde y Google.<\/p>\n\n\n\n<p>Era uno de los sitios web m\u00e1s visitados de internet, adem\u00e1s del tercer portal m\u00e1s visitado en los Estados Unidos, con m\u00e1s de 100 millones de visitas mensuales. Gracias a su adquisici\u00f3n, Terra logr\u00f3 el mismo alcance que\u00a0AOL o MSN.\u00a0<\/p>\n\n\n\n<p>Durante 4 a\u00f1os, el portal Terra pas\u00f3 a llamarse Terra-Lycos. Hasta que, en 2004, Terra vendi\u00f3 Lycos al portal coreano Daum y dio por finalizada la integraci\u00f3n de ambos portales.\u00a0<\/p>\n\n\n\n<figure class=\"wp-block-image\"><img decoding=\"async\" src=\"https:\/\/comunidad.movistar.es\/t5\/image\/serverpage\/image-id\/232065i4A42EEAD682EE5C1\/image-size\/large?v=v2&amp;px=999\" alt=\"Lycos.jpg\" title=\"Lycos.jpg\" \/><\/figure>\n\n\n\n<h2 class=\"wp-block-heading\" id=\"toc-hId--2131426058\">El chat del portal Terra<\/h2>\n\n\n\n<p>Durante sus 18 a\u00f1os de historia, Terra se convirti\u00f3 en un portal web diferencial. Y es que si hab\u00eda un elemento que hac\u00eda diferente a Terra y fue un verdadero fen\u00f3meno entre sus usuarios, ese era el famoso chat.\u00a0<\/p>\n\n\n\n<p>Si tienes m\u00e1s de 30 a\u00f1os, seguramente usaste ese chat en m\u00e1s de una ocasi\u00f3n. Si no lo has conocido, para ponerte en contexto, era usado como ahora WhatsApp.<\/p>\n\n\n\n<p>C\u00f3mo hemos visto al principio del post, en una \u00e9poca en la que no exist\u00edan todav\u00eda las redes sociales. Por lo que, el\u00a0<strong>chat de Terra se convirti\u00f3 en un verdadero fen\u00f3meno de masas<\/strong>\u00a0y en un \u00e9xito de la web. Recordemos que en los 90, la forma de comunicaci\u00f3n entre usuarios m\u00e1s com\u00fan eran los SMS, con su limitaci\u00f3n de 160 caracteres y que adem\u00e1s ten\u00eda un coste asociado. <\/p>\n\n\n\n<p>As\u00ed que,\u00a0el poder escribir sin l\u00edmites a trav\u00e9s de un ordenador a otra persona, y ver que te contestaba en directo y de manera simult\u00e1nea era poco menos que ciencia ficci\u00f3n.<\/p>\n\n\n\n<figure class=\"wp-block-image\"><img decoding=\"async\" src=\"https:\/\/comunidad.movistar.es\/t5\/image\/serverpage\/image-id\/232066i7908EADAF76FDAFE\/image-size\/large?v=v2&amp;px=999\" alt=\"Chat del portal Terra\" title=\"chat-Terra.jpg\" \/><\/figure>\n\n\n\n<p>\u2003<\/p>\n\n\n\n<p>Para poder chatear, se ten\u00eda que elegir salas tem\u00e1ticas, divididas\u00a0por grupos de edad o por zonas geogr\u00e1ficas. Seguidamente, se eleg\u00eda un nick (nombre de usuario) con el que identificarse.\u00a0Despu\u00e9s, se produc\u00eda la presentaci\u00f3n inicial\u00a0saludando a toda la sala, que era fundamental para generar inter\u00e9s.\u00a0<\/p>\n\n\n\n<p>La aparici\u00f3n del famoso sistema de mensajer\u00eda instant\u00e1nea\u00a0<strong>MSN Messenger\u00a0de Microsoft<\/strong>, y su integraci\u00f3n en Windows, a principios del siglo XXI, fue una revoluci\u00f3n en el mundo de las comunicaciones personales en Internet. Esto provoc\u00f3 que los portales de conversaci\u00f3n y los chats fueran perdiendo relevancia y peso en internet.\u00a0La era de los chats lleg\u00f3 a su fin.<\/p>\n\n\n\n<p>La historia del portal Terra es un ejemplo de los altibajos del sector de las telecomunicaciones de principios de siglo (la famosa \u00e9poca de las puntocom). Sin embargo, Terra dej\u00f3 su huella en la historia de Internet, y su legado sigue vivo en los servicios que ofrece hoy d\u00eda Telef\u00f3nica.<\/p>\n","protected":false},"excerpt":{"rendered":"<p>En esta nueva entrega de\u00a0Historias De Telef\u00f3nica\u00a0os vamos a hablar de una de las marcas m\u00e1s emblem\u00e1ticas, el portal web Terra. Este fue protagonista a principios de siglo en la conocida \u00e9poca del boom de [&hellip;]<\/p>\n","protected":false},"author":202,"featured_media":20771,"comment_status":"closed","ping_status":"closed","sticky":false,"template":"","format":"standard","meta":{"site-sidebar-layout":"default","site-content-layout":"","ast-site-content-layout":"","site-content-style":"default","site-sidebar-style":"default","ast-global-header-display":"","ast-banner-title-visibility":"","ast-main-header-display":"","ast-hfb-above-header-display":"","ast-hfb-below-header-display":"","ast-hfb-mobile-header-display":"","site-post-title":"","ast-breadcrumbs-content":"","ast-featured-img":"","footer-sml-layout":"","theme-transparent-header-meta":"","adv-header-id-meta":"","stick-header-meta":"","header-above-stick-meta":"","header-main-stick-meta":"","header-below-stick-meta":"","astra-migrate-meta-layouts":"default","ast-page-background-enabled":"default","ast-page-background-meta":{"desktop":{"background-color":"var(--ast-global-color-4)","background-image":"","background-repeat":"repeat","background-position":"center center","background-size":"auto","background-attachment":"scroll","background-type":"","background-media":"","overlay-type":"","overlay-color":"","overlay-opacity":"","overlay-gradient":""},"tablet":{"background-color":"","background-image":"","background-repeat":"repeat","background-position":"center center","background-size":"auto","background-attachment":"scroll","background-type":"","background-media":"","overlay-type":"","overlay-color":"","overlay-opacity":"","overlay-gradient":""},"mobile":{"background-color":"","background-image":"","background-repeat":"repeat","background-position":"center center","background-size":"auto","background-attachment":"scroll","background-type":"","background-media":"","overlay-type":"","overlay-color":"","overlay-opacity":"","overlay-gradient":""}},"ast-content-background-meta":{"desktop":{"background-color":"var(--ast-global-color-5)","background-image":"","background-repeat":"repeat","background-position":"center center","background-size":"auto","background-attachment":"scroll","background-type":"","background-media":"","overlay-type":"","overlay-color":"","overlay-opacity":"","overlay-gradient":""},"tablet":{"background-color":"var(--ast-global-color-5)","background-image":"","background-repeat":"repeat","background-position":"center center","background-size":"auto","background-attachment":"scroll","background-type":"","background-media":"","overlay-type":"","overlay-color":"","overlay-opacity":"","overlay-gradient":""},"mobile":{"background-color":"var(--ast-global-color-5)","background-image":"","background-repeat":"repeat","background-position":"center center","background-size":"auto","background-attachment":"scroll","background-type":"","background-media":"","overlay-type":"","overlay-color":"","overlay-opacity":"","overlay-gradient":""}},"_jetpack_memberships_contains_paid_content":false,"footnotes":""},"categories":[1],"tags":[],"area":[],"cluster":[8],"linea_editorial":[],"coauthors":[579],"class_list":["post-20748","post","type-post","status-publish","format-standard","has-post-thumbnail","hentry","category-sin-categoria","cluster-home"],"yoast_head":"<!-- This site is optimized with the Yoast SEO Premium plugin v25.5 (Yoast SEO v25.5) - https:\/\/yoast.com\/wordpress\/plugins\/seo\/ -->\n<title>Historias Telef\u00f3nica: Portal Terra<\/title>\n<meta name=\"description\" content=\"En esta entrega de\u00a0Historias De Telef\u00f3nica\u00a0os hablaremos de Terra, un\u00a0portal web\u00a0que fue protagonista a principios de siglo. \u00bfLo conoc\u00edas?\" \/>\n<meta name=\"robots\" content=\"index, follow, max-snippet:-1, max-image-preview:large, max-video-preview:-1\" \/>\n<link rel=\"canonical\" href=\"https:\/\/www.movistar.es\/blog\/home\/historias-telefonica-portal-terra\/\" \/>\n<meta property=\"og:locale\" content=\"es_ES\" \/>\n<meta property=\"og:type\" content=\"article\" \/>\n<meta property=\"og:title\" content=\"Historias de Telef\u00f3nica: el portal Terra\" \/>\n<meta property=\"og:description\" content=\"En esta entrega de\u00a0Historias De Telef\u00f3nica\u00a0os hablaremos de Terra, un\u00a0portal web\u00a0que fue protagonista a principios de siglo. \u00bfLo conoc\u00edas?\" \/>\n<meta property=\"og:url\" content=\"https:\/\/www.movistar.es\/blog\/home\/historias-telefonica-portal-terra\/\" \/>\n<meta property=\"og:site_name\" content=\"Movistar blog\" \/>\n<meta property=\"article:published_time\" content=\"2023-12-07T16:11:37+00:00\" \/>\n<meta property=\"article:modified_time\" content=\"2023-12-07T16:11:38+00:00\" \/>\n<meta name=\"author\" content=\"Emilio Rodr\u00edguez\" \/>\n<meta name=\"twitter:card\" content=\"summary_large_image\" \/>\n<meta name=\"twitter:image\" content=\"https:\/\/www.movistar.es\/blog\/wp-content\/uploads\/sites\/3\/2023\/12\/Disenadora-concentrada-en-la-pantalla-del-ordenador-mirando-el-resultado-de-su-trabajo-Designer-concentrated-on-computer-screen-looking-at-the-result-of-her-work.jpg\" \/>\n<meta name=\"twitter:label1\" content=\"Written by\" \/>\n\t<meta name=\"twitter:data1\" content=\"Emilio Rodr\u00edguez\" \/>\n\t<meta name=\"twitter:label2\" content=\"Est. reading time\" \/>\n\t<meta name=\"twitter:data2\" content=\"6 minutos\" \/>\n<script type=\"application\/ld+json\" class=\"yoast-schema-graph\">{\"@context\":\"https:\/\/schema.org\",\"@graph\":[{\"@type\":\"Article\",\"@id\":\"https:\/\/www.movistar.es\/blog\/home\/historias-telefonica-portal-terra\/#article\",\"isPartOf\":{\"@id\":\"https:\/\/www.movistar.es\/blog\/home\/historias-telefonica-portal-terra\/\"},\"author\":{\"name\":\"Emilio Rodr\u00edguez\",\"@id\":\"https:\/\/www.movistar.es\/blog\/#\/schema\/person\/7f09a25205e74e2009f96dba3bba4f30\"},\"headline\":\"Historias de Telef\u00f3nica: el portal Terra\",\"datePublished\":\"2023-12-07T16:11:37+00:00\",\"dateModified\":\"2023-12-07T16:11:38+00:00\",\"mainEntityOfPage\":{\"@id\":\"https:\/\/www.movistar.es\/blog\/home\/historias-telefonica-portal-terra\/\"},\"wordCount\":1135,\"publisher\":{\"@id\":\"https:\/\/www.movistar.es\/blog\/#organization\"},\"image\":{\"@id\":\"https:\/\/www.movistar.es\/blog\/home\/historias-telefonica-portal-terra\/#primaryimage\"},\"thumbnailUrl\":\"https:\/\/www.movistar.es\/blog\/wp-content\/uploads\/sites\/3\/2023\/12\/Disenadora-concentrada-en-la-pantalla-del-ordenador-mirando-el-resultado-de-su-trabajo-Designer-concentrated-on-computer-screen-looking-at-the-result-of-her-work.jpg\",\"inLanguage\":\"es\"},{\"@type\":\"WebPage\",\"@id\":\"https:\/\/www.movistar.es\/blog\/home\/historias-telefonica-portal-terra\/\",\"url\":\"https:\/\/www.movistar.es\/blog\/home\/historias-telefonica-portal-terra\/\",\"name\":\"Historias Telef\u00f3nica: Portal Terra\",\"isPartOf\":{\"@id\":\"https:\/\/www.movistar.es\/blog\/#website\"},\"primaryImageOfPage\":{\"@id\":\"https:\/\/www.movistar.es\/blog\/home\/historias-telefonica-portal-terra\/#primaryimage\"},\"image\":{\"@id\":\"https:\/\/www.movistar.es\/blog\/home\/historias-telefonica-portal-terra\/#primaryimage\"},\"thumbnailUrl\":\"https:\/\/www.movistar.es\/blog\/wp-content\/uploads\/sites\/3\/2023\/12\/Disenadora-concentrada-en-la-pantalla-del-ordenador-mirando-el-resultado-de-su-trabajo-Designer-concentrated-on-computer-screen-looking-at-the-result-of-her-work.jpg\",\"datePublished\":\"2023-12-07T16:11:37+00:00\",\"dateModified\":\"2023-12-07T16:11:38+00:00\",\"description\":\"En esta entrega de\u00a0Historias De Telef\u00f3nica\u00a0os hablaremos de Terra, un\u00a0portal web\u00a0que fue protagonista a principios de siglo. \u00bfLo conoc\u00edas?\",\"breadcrumb\":{\"@id\":\"https:\/\/www.movistar.es\/blog\/home\/historias-telefonica-portal-terra\/#breadcrumb\"},\"inLanguage\":\"es\",\"potentialAction\":[{\"@type\":\"ReadAction\",\"target\":[\"https:\/\/www.movistar.es\/blog\/home\/historias-telefonica-portal-terra\/\"]}]},{\"@type\":\"ImageObject\",\"inLanguage\":\"es\",\"@id\":\"https:\/\/www.movistar.es\/blog\/home\/historias-telefonica-portal-terra\/#primaryimage\",\"url\":\"https:\/\/www.movistar.es\/blog\/wp-content\/uploads\/sites\/3\/2023\/12\/Disenadora-concentrada-en-la-pantalla-del-ordenador-mirando-el-resultado-de-su-trabajo-Designer-concentrated-on-computer-screen-looking-at-the-result-of-her-work.jpg\",\"contentUrl\":\"https:\/\/www.movistar.es\/blog\/wp-content\/uploads\/sites\/3\/2023\/12\/Disenadora-concentrada-en-la-pantalla-del-ordenador-mirando-el-resultado-de-su-trabajo-Designer-concentrated-on-computer-screen-looking-at-the-result-of-her-work.jpg\",\"width\":5760,\"height\":3840},{\"@type\":\"BreadcrumbList\",\"@id\":\"https:\/\/www.movistar.es\/blog\/home\/historias-telefonica-portal-terra\/#breadcrumb\",\"itemListElement\":[{\"@type\":\"ListItem\",\"position\":1,\"name\":\"Home\",\"item\":\"https:\/\/www.movistar.es\/blog\/\"},{\"@type\":\"ListItem\",\"position\":2,\"name\":\"Historias de Telef\u00f3nica: el portal Terra\"}]},{\"@type\":\"WebSite\",\"@id\":\"https:\/\/www.movistar.es\/blog\/#website\",\"url\":\"https:\/\/www.movistar.es\/blog\/\",\"name\":\"Movistar blog\",\"description\":\"Movistar Blog. Informaci\u00f3n y m\u00e1s sobre los productos y servicios de Movistar\",\"publisher\":{\"@id\":\"https:\/\/www.movistar.es\/blog\/#organization\"},\"potentialAction\":[{\"@type\":\"SearchAction\",\"target\":{\"@type\":\"EntryPoint\",\"urlTemplate\":\"https:\/\/www.movistar.es\/blog\/?s={search_term_string}\"},\"query-input\":{\"@type\":\"PropertyValueSpecification\",\"valueRequired\":true,\"valueName\":\"search_term_string\"}}],\"inLanguage\":\"es\"},{\"@type\":\"Organization\",\"@id\":\"https:\/\/www.movistar.es\/blog\/#organization\",\"name\":\"Movistar blog\",\"url\":\"https:\/\/www.movistar.es\/blog\/\",\"logo\":{\"@type\":\"ImageObject\",\"inLanguage\":\"es\",\"@id\":\"https:\/\/www.movistar.es\/blog\/#\/schema\/logo\/image\/\",\"url\":\"https:\/\/www.movistar.es\/blog\/wp-content\/uploads\/sites\/3\/2022\/05\/logo_movistar-1.svg\",\"contentUrl\":\"https:\/\/www.movistar.es\/blog\/wp-content\/uploads\/sites\/3\/2022\/05\/logo_movistar-1.svg\",\"width\":369,\"height\":272,\"caption\":\"Movistar blog\"},\"image\":{\"@id\":\"https:\/\/www.movistar.es\/blog\/#\/schema\/logo\/image\/\"}},{\"@type\":\"Person\",\"@id\":\"https:\/\/www.movistar.es\/blog\/#\/schema\/person\/7f09a25205e74e2009f96dba3bba4f30\",\"name\":\"Emilio Rodr\u00edguez\",\"image\":{\"@type\":\"ImageObject\",\"inLanguage\":\"es\",\"@id\":\"https:\/\/www.movistar.es\/blog\/#\/schema\/person\/image\/8f3747647a2d3e69815221284d708ff5\",\"url\":\"https:\/\/secure.gravatar.com\/avatar\/c55c049d3550e4aa36b25fc91011843c69bd91d48ffa44755cec59b1853fe363\",\"contentUrl\":\"https:\/\/secure.gravatar.com\/avatar\/c55c049d3550e4aa36b25fc91011843c69bd91d48ffa44755cec59b1853fe363\",\"caption\":\"Emilio Rodr\u00edguez\"},\"url\":\"https:\/\/www.movistar.es\/blog\/author\/emilio\/\"}]}<\/script>\n<!-- \/ Yoast SEO Premium plugin. -->","yoast_head_json":{"title":"Historias Telef\u00f3nica: Portal Terra","description":"En esta entrega de\u00a0Historias De Telef\u00f3nica\u00a0os hablaremos de Terra, un\u00a0portal web\u00a0que fue protagonista a principios de siglo. \u00bfLo conoc\u00edas?","robots":{"index":"index","follow":"follow","max-snippet":"max-snippet:-1","max-image-preview":"max-image-preview:large","max-video-preview":"max-video-preview:-1"},"canonical":"https:\/\/www.movistar.es\/blog\/home\/historias-telefonica-portal-terra\/","og_locale":"es_ES","og_type":"article","og_title":"Historias de Telef\u00f3nica: el portal Terra","og_description":"En esta entrega de\u00a0Historias De Telef\u00f3nica\u00a0os hablaremos de Terra, un\u00a0portal web\u00a0que fue protagonista a principios de siglo. \u00bfLo conoc\u00edas?","og_url":"https:\/\/www.movistar.es\/blog\/home\/historias-telefonica-portal-terra\/","og_site_name":"Movistar blog","article_published_time":"2023-12-07T16:11:37+00:00","article_modified_time":"2023-12-07T16:11:38+00:00","author":"Emilio Rodr\u00edguez","twitter_card":"summary_large_image","twitter_image":"https:\/\/www.movistar.es\/blog\/wp-content\/uploads\/sites\/3\/2023\/12\/Disenadora-concentrada-en-la-pantalla-del-ordenador-mirando-el-resultado-de-su-trabajo-Designer-concentrated-on-computer-screen-looking-at-the-result-of-her-work.jpg","twitter_misc":{"Written by":"Emilio Rodr\u00edguez","Est. reading time":"6 minutos"},"schema":{"@context":"https:\/\/schema.org","@graph":[{"@type":"Article","@id":"https:\/\/www.movistar.es\/blog\/home\/historias-telefonica-portal-terra\/#article","isPartOf":{"@id":"https:\/\/www.movistar.es\/blog\/home\/historias-telefonica-portal-terra\/"},"author":{"name":"Emilio Rodr\u00edguez","@id":"https:\/\/www.movistar.es\/blog\/#\/schema\/person\/7f09a25205e74e2009f96dba3bba4f30"},"headline":"Historias de Telef\u00f3nica: el portal Terra","datePublished":"2023-12-07T16:11:37+00:00","dateModified":"2023-12-07T16:11:38+00:00","mainEntityOfPage":{"@id":"https:\/\/www.movistar.es\/blog\/home\/historias-telefonica-portal-terra\/"},"wordCount":1135,"publisher":{"@id":"https:\/\/www.movistar.es\/blog\/#organization"},"image":{"@id":"https:\/\/www.movistar.es\/blog\/home\/historias-telefonica-portal-terra\/#primaryimage"},"thumbnailUrl":"https:\/\/www.movistar.es\/blog\/wp-content\/uploads\/sites\/3\/2023\/12\/Disenadora-concentrada-en-la-pantalla-del-ordenador-mirando-el-resultado-de-su-trabajo-Designer-concentrated-on-computer-screen-looking-at-the-result-of-her-work.jpg","inLanguage":"es"},{"@type":"WebPage","@id":"https:\/\/www.movistar.es\/blog\/home\/historias-telefonica-portal-terra\/","url":"https:\/\/www.movistar.es\/blog\/home\/historias-telefonica-portal-terra\/","name":"Historias Telef\u00f3nica: Portal Terra","isPartOf":{"@id":"https:\/\/www.movistar.es\/blog\/#website"},"primaryImageOfPage":{"@id":"https:\/\/www.movistar.es\/blog\/home\/historias-telefonica-portal-terra\/#primaryimage"},"image":{"@id":"https:\/\/www.movistar.es\/blog\/home\/historias-telefonica-portal-terra\/#primaryimage"},"thumbnailUrl":"https:\/\/www.movistar.es\/blog\/wp-content\/uploads\/sites\/3\/2023\/12\/Disenadora-concentrada-en-la-pantalla-del-ordenador-mirando-el-resultado-de-su-trabajo-Designer-concentrated-on-computer-screen-looking-at-the-result-of-her-work.jpg","datePublished":"2023-12-07T16:11:37+00:00","dateModified":"2023-12-07T16:11:38+00:00","description":"En esta entrega de\u00a0Historias De Telef\u00f3nica\u00a0os hablaremos de Terra, un\u00a0portal web\u00a0que fue protagonista a principios de siglo. \u00bfLo conoc\u00edas?","breadcrumb":{"@id":"https:\/\/www.movistar.es\/blog\/home\/historias-telefonica-portal-terra\/#breadcrumb"},"inLanguage":"es","potentialAction":[{"@type":"ReadAction","target":["https:\/\/www.movistar.es\/blog\/home\/historias-telefonica-portal-terra\/"]}]},{"@type":"ImageObject","inLanguage":"es","@id":"https:\/\/www.movistar.es\/blog\/home\/historias-telefonica-portal-terra\/#primaryimage","url":"https:\/\/www.movistar.es\/blog\/wp-content\/uploads\/sites\/3\/2023\/12\/Disenadora-concentrada-en-la-pantalla-del-ordenador-mirando-el-resultado-de-su-trabajo-Designer-concentrated-on-computer-screen-looking-at-the-result-of-her-work.jpg","contentUrl":"https:\/\/www.movistar.es\/blog\/wp-content\/uploads\/sites\/3\/2023\/12\/Disenadora-concentrada-en-la-pantalla-del-ordenador-mirando-el-resultado-de-su-trabajo-Designer-concentrated-on-computer-screen-looking-at-the-result-of-her-work.jpg","width":5760,"height":3840},{"@type":"BreadcrumbList","@id":"https:\/\/www.movistar.es\/blog\/home\/historias-telefonica-portal-terra\/#breadcrumb","itemListElement":[{"@type":"ListItem","position":1,"name":"Home","item":"https:\/\/www.movistar.es\/blog\/"},{"@type":"ListItem","position":2,"name":"Historias de Telef\u00f3nica: el portal Terra"}]},{"@type":"WebSite","@id":"https:\/\/www.movistar.es\/blog\/#website","url":"https:\/\/www.movistar.es\/blog\/","name":"Movistar blog","description":"Movistar Blog. Informaci\u00f3n y m\u00e1s sobre los productos y servicios de Movistar","publisher":{"@id":"https:\/\/www.movistar.es\/blog\/#organization"},"potentialAction":[{"@type":"SearchAction","target":{"@type":"EntryPoint","urlTemplate":"https:\/\/www.movistar.es\/blog\/?s={search_term_string}"},"query-input":{"@type":"PropertyValueSpecification","valueRequired":true,"valueName":"search_term_string"}}],"inLanguage":"es"},{"@type":"Organization","@id":"https:\/\/www.movistar.es\/blog\/#organization","name":"Movistar blog","url":"https:\/\/www.movistar.es\/blog\/","logo":{"@type":"ImageObject","inLanguage":"es","@id":"https:\/\/www.movistar.es\/blog\/#\/schema\/logo\/image\/","url":"https:\/\/www.movistar.es\/blog\/wp-content\/uploads\/sites\/3\/2022\/05\/logo_movistar-1.svg","contentUrl":"https:\/\/www.movistar.es\/blog\/wp-content\/uploads\/sites\/3\/2022\/05\/logo_movistar-1.svg","width":369,"height":272,"caption":"Movistar blog"},"image":{"@id":"https:\/\/www.movistar.es\/blog\/#\/schema\/logo\/image\/"}},{"@type":"Person","@id":"https:\/\/www.movistar.es\/blog\/#\/schema\/person\/7f09a25205e74e2009f96dba3bba4f30","name":"Emilio Rodr\u00edguez","image":{"@type":"ImageObject","inLanguage":"es","@id":"https:\/\/www.movistar.es\/blog\/#\/schema\/person\/image\/8f3747647a2d3e69815221284d708ff5","url":"https:\/\/secure.gravatar.com\/avatar\/c55c049d3550e4aa36b25fc91011843c69bd91d48ffa44755cec59b1853fe363","contentUrl":"https:\/\/secure.gravatar.com\/avatar\/c55c049d3550e4aa36b25fc91011843c69bd91d48ffa44755cec59b1853fe363","caption":"Emilio Rodr\u00edguez"},"url":"https:\/\/www.movistar.es\/blog\/author\/emilio\/"}]}},"jetpack_featured_media_url":"https:\/\/www.movistar.es\/blog\/wp-content\/uploads\/sites\/3\/2023\/12\/Disenadora-concentrada-en-la-pantalla-del-ordenador-mirando-el-resultado-de-su-trabajo-Designer-concentrated-on-computer-screen-looking-at-the-result-of-her-work.jpg","jetpack_sharing_enabled":true,"_links":{"self":[{"href":"https:\/\/www.movistar.es\/blog\/wp-json\/wp\/v2\/posts\/20748","targetHints":{"allow":["GET"]}}],"collection":[{"href":"https:\/\/www.movistar.es\/blog\/wp-json\/wp\/v2\/posts"}],"about":[{"href":"https:\/\/www.movistar.es\/blog\/wp-json\/wp\/v2\/types\/post"}],"author":[{"embeddable":true,"href":"https:\/\/www.movistar.es\/blog\/wp-json\/wp\/v2\/users\/202"}],"replies":[{"embeddable":true,"href":"https:\/\/www.movistar.es\/blog\/wp-json\/wp\/v2\/comments?post=20748"}],"version-history":[{"count":43,"href":"https:\/\/www.movistar.es\/blog\/wp-json\/wp\/v2\/posts\/20748\/revisions"}],"predecessor-version":[{"id":20839,"href":"https:\/\/www.movistar.es\/blog\/wp-json\/wp\/v2\/posts\/20748\/revisions\/20839"}],"wp:featuredmedia":[{"embeddable":true,"href":"https:\/\/www.movistar.es\/blog\/wp-json\/wp\/v2\/media\/20771"}],"wp:attachment":[{"href":"https:\/\/www.movistar.es\/blog\/wp-json\/wp\/v2\/media?parent=20748"}],"wp:term":[{"taxonomy":"category","embeddable":true,"href":"https:\/\/www.movistar.es\/blog\/wp-json\/wp\/v2\/categories?post=20748"},{"taxonomy":"post_tag","embeddable":true,"href":"https:\/\/www.movistar.es\/blog\/wp-json\/wp\/v2\/tags?post=20748"},{"taxonomy":"area","embeddable":true,"href":"https:\/\/www.movistar.es\/blog\/wp-json\/wp\/v2\/area?post=20748"},{"taxonomy":"cluster","embeddable":true,"href":"https:\/\/www.movistar.es\/blog\/wp-json\/wp\/v2\/cluster?post=20748"},{"taxonomy":"linea_editorial","embeddable":true,"href":"https:\/\/www.movistar.es\/blog\/wp-json\/wp\/v2\/linea_editorial?post=20748"},{"taxonomy":"author","embeddable":true,"href":"https:\/\/www.movistar.es\/blog\/wp-json\/wp\/v2\/coauthors?post=20748"}],"curies":[{"name":"wp","href":"https:\/\/api.w.org\/{rel}","templated":true}]}}