{"id":20554,"date":"2023-12-05T09:00:00","date_gmt":"2023-12-05T08:00:00","guid":{"rendered":"https:\/\/www.movistar.es\/blog\/?p=20554"},"modified":"2023-12-05T09:37:33","modified_gmt":"2023-12-05T08:37:33","slug":"carga-rapida-moviles","status":"publish","type":"post","link":"https:\/\/www.movistar.es\/blog\/dispositivos\/carga-rapida-moviles\/","title":{"rendered":"La carga r\u00e1pida en m\u00f3viles: qu\u00e9 es y c\u00f3mo funciona"},"content":{"rendered":"\n<p>Recon\u00f3celo, el&nbsp;<strong>nivel de bater\u00eda del m\u00f3vil<\/strong>&nbsp;es una de las preocupaciones recurrentes a lo largo del d\u00eda. Y es que esta ya no es la \u00e9poca en la que las bater\u00edas duraban 4-5 d\u00edas sin despeinarse. \u00bfAlguien dijo Nokia 5110? Esta necesidad de estar \u00ab<strong><em>always on<\/em><\/strong>\u00bb ha generado&nbsp;<strong>malos h\u00e1bitos de uso con el m\u00f3vil<\/strong>, que se traducen en situaciones cotidianas en las que es necesario&nbsp;<strong>cargar el m\u00f3vil de manera r\u00e1pida,<\/strong>&nbsp;ya que no estamos dispuestos a esperar 2 horas para que esta se complete. Motivo por el cual la&nbsp;<strong>carga r\u00e1pida<\/strong>&nbsp;<strong>en los m\u00f3viles<\/strong>&nbsp;se ha convertido en una de las caracter\u00edsticas m\u00e1s demandadas por los usuarios a la hora de adquirir un smartphone.<\/p>\n\n\n\n<p>Sigue leyendo porque te vamos a contar&nbsp;<strong>c\u00f3mo funciona el sistema de carga r\u00e1pida<\/strong>&nbsp;y c\u00f3mo saber si el m\u00f3vil es compatible con dicha funcionalidad.<\/p>\n\n\n\n<figure class=\"wp-block-image size-large\"><img loading=\"lazy\" decoding=\"async\" height=\"538\" width=\"1024\" src=\"https:\/\/www.movistar.es\/blog\/wp-content\/uploads\/sites\/3\/2023\/12\/Carga-rapida-en-moviles-1-1.png?w=1024\" alt=\"carga rapida moviles\" class=\"wp-image-20576\" srcset=\"https:\/\/www.movistar.es\/blog\/wp-content\/uploads\/sites\/3\/2023\/12\/Carga-rapida-en-moviles-1-1.png 1200w, https:\/\/www.movistar.es\/blog\/wp-content\/uploads\/sites\/3\/2023\/12\/Carga-rapida-en-moviles-1-1.png?resize=300,158 300w, https:\/\/www.movistar.es\/blog\/wp-content\/uploads\/sites\/3\/2023\/12\/Carga-rapida-en-moviles-1-1.png?resize=768,403 768w, https:\/\/www.movistar.es\/blog\/wp-content\/uploads\/sites\/3\/2023\/12\/Carga-rapida-en-moviles-1-1.png?resize=1024,538 1024w\" sizes=\"auto, (max-width: 1024px) 100vw, 1024px\" \/><\/figure>\n\n\n\n<h2 class=\"wp-block-heading\" id=\"h-como-funciona-la-carga-rapida\"><strong>\u00bfC\u00f3mo funciona la carga r\u00e1pida?&nbsp;<\/strong><strong><\/strong><\/h2>\n\n\n\n<p>La carga r\u00e1pida es una&nbsp;<strong>tecnolog\u00eda patentada<\/strong>&nbsp;que permite la&nbsp;<strong>carga de dispositivos alimentados por bater\u00eda<\/strong>. Principalmente funciona en tel\u00e9fonos m\u00f3viles, y lo hace&nbsp;<strong>a niveles superiores a 5 voltios y 2 amperios<\/strong>, que la mayor\u00eda de los est\u00e1ndares USB permiten. Adem\u00e1s,&nbsp;<strong>reduce los tiempos de carga&nbsp;<\/strong>de estos equipos de manera significativa.&nbsp;&nbsp;<\/p>\n\n\n\n<p>Este sistema data del a\u00f1o 2013, cuando&nbsp;<strong>fueron lanzados por el fabricante Qualcomm<\/strong>. Desde entonces, el resto de fabricantes, lo han ido incorporando de manera progresiva.&nbsp;<\/p>\n\n\n\n<p>De manera resumida, hay que explicar, que los fabricantes tienen dos formas para hacer que un dispositivo se cargue m\u00e1s r\u00e1pido, <strong>Aumentando el amperaje&nbsp;<\/strong>o<strong>&nbsp;variando el voltaje&nbsp;<\/strong>para aumentar la cantidad de energ\u00eda que se suministra al m\u00f3vil durante el proceso de carga.&nbsp;La mayor\u00eda de los est\u00e1ndares de carga r\u00e1pida suelen variar el voltaje en lugar de aumentar el amperaje.&nbsp;<\/p>\n\n\n\n<p>Antes de que existiera la carga r\u00e1pida, la velocidad de carga est\u00e1ndar para los cargadores de tel\u00e9fonos&nbsp;m\u00f3viles era de 5 vatios o 5W, por tanto, para lograr reducir el tiempo, los fabricantes han&nbsp;<strong>aumentado el voltaje de 5 V a 9 V o 12, incluso a 20<\/strong>, o&nbsp;<strong>aumentan el amperaje a 3 A o m\u00e1s<\/strong>.&nbsp;<\/p>\n\n\n\n<figure class=\"wp-block-image size-full\"><img loading=\"lazy\" decoding=\"async\" width=\"998\" height=\"524\" src=\"https:\/\/www.movistar.es\/blog\/wp-content\/uploads\/sites\/3\/2023\/12\/Proceso-Carga-Bateria.png\" alt=\"Proceso carga rapida\" class=\"wp-image-20565\" srcset=\"https:\/\/www.movistar.es\/blog\/wp-content\/uploads\/sites\/3\/2023\/12\/Proceso-Carga-Bateria.png 998w, https:\/\/www.movistar.es\/blog\/wp-content\/uploads\/sites\/3\/2023\/12\/Proceso-Carga-Bateria.png?resize=300,158 300w, https:\/\/www.movistar.es\/blog\/wp-content\/uploads\/sites\/3\/2023\/12\/Proceso-Carga-Bateria.png?resize=768,403 768w\" sizes=\"auto, (max-width: 998px) 100vw, 998px\" \/><\/figure>\n\n\n\n<p>El proceso de&nbsp;<strong>recarga tiene tres fases diferentes<\/strong>, en donde el m\u00f3vil se carga a diferente velocidad como se puede ver en la siguiente gr\u00e1fica:<\/p>\n\n\n\n<p>C\u00f3mo hemos se\u00f1alado previamente, los cargadores de carga r\u00e1pida usan un&nbsp;<strong>alto voltaje, que acelera la carga<\/strong>. Dado \u00e9sta se produce en dos fases, los cargadores r\u00e1pidos&nbsp;incrementan la tasa de carga en la primera con un mayor voltaje.<\/p>\n\n\n\n<p>Estos cargadores sacan partido de esta fase para&nbsp;<strong>aumentar el flujo de corriente<\/strong>. Una vez que la bater\u00eda se ha cargado casi al completo, el cargador disminuir\u00e1 el voltaje para prevenir los sobre calentamientos o las sobrecargas. Esto garantiza la seguridad tanto del smartphone como del cargador mismo.<\/p>\n\n\n\n<p>Este proceso, que se produce en la primera fase, es la que permite<strong>&nbsp;recargar el m\u00f3vil m\u00e1s r\u00e1pido sin estropear la bater\u00eda<\/strong>.<\/p>\n\n\n\n<h2 class=\"wp-block-heading\" class=\"wp-block-heading\" id=\"cuanto-tiempo-ahorra-la-carga-rapida\"><strong>\u00bfCu\u00e1nto tiempo ahorra la carga r\u00e1pida?<\/strong><strong><\/strong><\/h2>\n\n\n\n<p>Todo lo que hemos explicado est\u00e1 muy bien, pero seguramente te est\u00e9s preguntando&nbsp;<strong>\u00bfcu\u00e1nto tiempo me voy a poder ahorrar cargando mi m\u00f3vil con este sistema?&nbsp;<\/strong>o<strong>&nbsp;\u00bfcu\u00e1nto tarda en cargar con carga r\u00e1pida?<\/strong><\/p>\n\n\n\n<p>El tiempo de carga depende de los distintos fabricantes y puede variar dependiendo de diversos factores. En todo caso, esta es la estimaci\u00f3n de tiempos de carga por fabricante,&nbsp;para que te puedas hacer una idea aproximada del ahorro de tiempo que te va a suponer:&nbsp;<\/p>\n\n\n\n<p><strong>USB Power Delivery (dispositivos iPhone, Android y de Google)<\/strong><strong><\/strong><\/p>\n\n\n\n<ul class=\"wp-block-list\"><li>iPhone 8 o posterior se cargar\u00e1 de 0 al 50 % en 30 minutos*.<\/li><li>iPad Pro se carga de 0 al 50 % en 60 minutos*.<\/li><li>Pixel 2, 2 XL, 3 y 3XL se recargan de 0 al 50 % en 37 minutos*<\/li><\/ul>\n\n\n\n<p><strong>Qualcomm Quick Charge (smartphones y tabletas de Samsung, LG y otros fabricantes)<\/strong><strong><\/strong><\/p>\n\n\n\n<ul class=\"wp-block-list\"><li>Dispositivos compatibles con Quick Charge 3.0 se cargan de 0 a 80 % en tan solo 35 minutos*.<\/li><li>Dispositivos compatibles con Quick Charge 4.0 se cargan de 0 a 50% en tan solo 15 minutos*.<\/li><\/ul>\n\n\n\n<h2 class=\"wp-block-heading\" class=\"wp-block-heading\" id=\"como-saber-si-el-movil-funciona-con-carga-rapida\"><strong>\u00bfC\u00f3mo saber si el m\u00f3vil funciona con carga r\u00e1pida?&nbsp;<\/strong><strong><\/strong><\/h2>\n\n\n\n<p>Ahora que te hemos contado c\u00f3mo funciona la carga r\u00e1pida, seguramente te est\u00e9s preguntando si tu m\u00f3vil soporta dicho sistema para poder aprovechar esos reducidos tiempos de espera.&nbsp;<\/p>\n\n\n\n<p>En primer lugar, ten en cuenta que&nbsp;<strong>no todos los smartphones,&nbsp;<\/strong>que se venden actualmente,&nbsp;<strong>son compatibles<\/strong>. Y por otro lado, hay que tener presente que,&nbsp;<strong>aunque tu m\u00f3vil sea compatible<\/strong>&nbsp;con dicha funcionalidad, para poder usarla tienes que&nbsp;<strong>disponer de un cargador y un cable compatible<\/strong>.<\/p>\n\n\n\n<p>Es decir, que la carga r\u00e1pida no se va a producir si el cargador es de otro fabricante\/modelo que no sea de carga r\u00e1pida.&nbsp;Por tanto, aseg\u00farate de que tu cable sea compatible (es mejor que uses el que viene con el tel\u00e9fono).<\/p>\n\n\n\n<p>A continuaci\u00f3n, te contamos las principales formas para saber si tu smartphone puede ser cargado de manera \u00abr\u00e1pida\u00bb:<\/p>\n\n\n\n<ul class=\"wp-block-list\"><li>En las versiones modernas de Android o iOS, cuando el m\u00f3vil est\u00e1 usando la carga r\u00e1pida&nbsp;<strong>aparece un mensaje o un icono especial que lo indica<\/strong>.<\/li><\/ul>\n\n\n\n<ul class=\"wp-block-list\"><li>Por otro lado, en la opci\u00f3n de&nbsp;<strong><em>Ajustes<\/em><\/strong>, dentro del apartado&nbsp;<strong>Bater\u00eda<\/strong>, algunas marcas de m\u00f3viles tambi\u00e9n lo indican.&nbsp;De esta forma&nbsp;<strong>podr\u00e1s ver el voltaje, el nivel de energ\u00eda <\/strong>que te servir\u00e1 para saber si el m\u00f3vil es compatible con la carga r\u00e1pida. Incluso es posible que pueda ser visible en la informaci\u00f3n donde se indique qu\u00e9 tecnolog\u00eda usa.&nbsp;<\/li><\/ul>\n\n\n\n<ul class=\"wp-block-list\"><li>Otra alternativa es conectar el tel\u00e9fono al cargador. Normalmente, al hacerlo&nbsp;<strong>ofrecer\u00e1 una indicaci\u00f3n visual en pantalla o audible<\/strong>&nbsp;de que se est\u00e1 produciendo una \u00abcarga r\u00e1pida\u00bb&nbsp;<\/li><\/ul>\n\n\n\n<ul class=\"wp-block-list\"><li>Tambi\u00e9n puedes mirar la etiqueta del propio cargador. Si indica 2A\/5V, son 10W y no ser\u00eda una carga r\u00e1pida. Pero si pone 2A\/9V, son 18W, que ya es carga r\u00e1pida.<\/li><\/ul>\n\n\n\n<ul class=\"wp-block-list\"><li>La aplicaci\u00f3n&nbsp;<strong>Ampere<\/strong>&nbsp;para&nbsp;<strong><a href=\"https:\/\/play.google.com\/store\/apps\/details?id=com.gombosdev.ampere\">Android<\/a><\/strong>&nbsp;e&nbsp;<strong><a href=\"https:\/\/apps.apple.com\/ar\/app\/ampere-informaci%C3%B3n-de-bateria\/id1245475416\" target=\"_blank\" rel=\"noreferrer noopener\">iOS<\/a><\/strong>&nbsp;mide la corriente y el voltaje de carga entrantes que puedes usar para calcular la potencia, y de esta forma, saber si tu smartphone es compatible.&nbsp;<\/li><\/ul>\n\n\n\n<ul class=\"wp-block-list\"><li>Una \u00faltima forma m\u00e1s evidente, es revisar&nbsp;<strong>la informaci\u00f3n de tu m\u00f3vil en las instrucciones del mismo<\/strong>&nbsp;o en la&nbsp;<strong>web del fabricante<\/strong>. O en \u00faltimo caso, ponerte en contacto con ellos para confirmar la informaci\u00f3n.<\/li><\/ul>\n\n\n\n<h2 class=\"wp-block-heading\" class=\"wp-block-heading\" id=\"es-segura-la-carga-rapida\"><strong>\u00bfEs segura la carga r\u00e1pida?<\/strong><strong><\/strong><\/h2>\n\n\n\n<p>Debido a que estas tecnolog\u00edas permiten al smartphone cargarse m\u00e1s r\u00e1pido que con las velocidades est\u00e1ndar,&nbsp;<strong>es posible que tanto el tel\u00e9fono como el cargador se calienten<\/strong>&nbsp;durante el proceso. Sin embargo, si este ha sido fabricado por una marca de confianza y cuenta con una certificaci\u00f3n de compatibilidad, no tienes nada de qu\u00e9 preocuparte.<\/p>\n\n\n\n<p>Por tanto, nuestra recomendaci\u00f3n es que, para garantizar la seguridad de la carga,<strong>&nbsp;utilices siempre cargadores y cables de calidad garantizada<\/strong>,&nbsp;que incluyan todas las certificaciones pertinentes. A poder ser, los oficiales de cada fabricante.<\/p>\n\n\n\n<p>Si usas accesorios con certificaci\u00f3n completa, la carga r\u00e1pida es igual de segura que la est\u00e1ndar.<\/p>\n\n\n\n<h2 class=\"wp-block-heading\" class=\"wp-block-heading\" id=\"como-saber-cuan-rapido-se-esta-cargando-el-telefono\"><strong>C\u00f3mo saber cuan r\u00e1pido se est\u00e1 cargando el tel\u00e9fono<\/strong><strong><\/strong><\/h2>\n\n\n\n<div class=\"wp-block-media-text alignwide has-media-on-the-right is-stacked-on-mobile\" style=\"grid-template-columns:auto 19%\"><figure class=\"wp-block-media-text__media\"><img loading=\"lazy\" decoding=\"async\" width=\"200\" height=\"261\" src=\"https:\/\/www.movistar.es\/blog\/wp-content\/uploads\/sites\/3\/2023\/12\/indicador-carga-rapida-movil.png\" alt=\"indicador carga rapida\" class=\"wp-image-20566 size-full\" \/><\/figure><div class=\"wp-block-media-text__content\">\n<p>Hay un par de maneras de hacer esto.&nbsp;Algunos tel\u00e9fonos lo hacen m\u00e1s f\u00e1cil que otros, ya que muestran&nbsp;<strong>\u00abCargando r\u00e1pidamente\u00bb<\/strong>&nbsp;o&nbsp;<strong>\u00abCarga r\u00e1pida\u00bb<\/strong>&nbsp;en la pantalla de bloqueo.<\/p>\n\n\n\n<p>Fabricantes, como Huawei o Xiaomi, muestran el porcentaje de carga con dos decimales, para ilustrar la velocidad con que se est\u00e1n cargando.<\/p>\n\n\n\n<p>Los iPhone de Apple emiten un sonido de \u00abding\u00bb, dos veces, para indicar una carga r\u00e1pida, a diferencia del sonido \u00fanico habitual cuando conectas un cargador.<\/p>\n<\/div><\/div>\n\n\n\n<p>En nuestra <a href=\"https:\/\/www.movistar.es\/dispositivos\/\" target=\"_blank\" rel=\"noreferrer noopener\">tienda Movistar<\/a>, encontrar\u00e1s una gran gama de dispositivos que cuenta con esta funci\u00f3n de carga r\u00e1pida.<\/p>\n","protected":false},"excerpt":{"rendered":"<p>Recon\u00f3celo, el&nbsp;nivel de bater\u00eda del m\u00f3vil&nbsp;es una de las preocupaciones recurrentes a lo largo del d\u00eda. Y es que esta ya no es la \u00e9poca en la que las bater\u00edas duraban 4-5 d\u00edas sin despeinarse. [&hellip;]<\/p>\n","protected":false},"author":202,"featured_media":20564,"comment_status":"closed","ping_status":"closed","sticky":false,"template":"","format":"standard","meta":{"site-sidebar-layout":"default","site-content-layout":"","ast-site-content-layout":"","site-content-style":"default","site-sidebar-style":"default","ast-global-header-display":"","ast-banner-title-visibility":"","ast-main-header-display":"","ast-hfb-above-header-display":"","ast-hfb-below-header-display":"","ast-hfb-mobile-header-display":"","site-post-title":"","ast-breadcrumbs-content":"","ast-featured-img":"","footer-sml-layout":"","theme-transparent-header-meta":"","adv-header-id-meta":"","stick-header-meta":"","header-above-stick-meta":"","header-main-stick-meta":"","header-below-stick-meta":"","astra-migrate-meta-layouts":"default","ast-page-background-enabled":"default","ast-page-background-meta":{"desktop":{"background-color":"var(--ast-global-color-4)","background-image":"","background-repeat":"repeat","background-position":"center center","background-size":"auto","background-attachment":"scroll","background-type":"","background-media":"","overlay-type":"","overlay-color":"","overlay-opacity":"","overlay-gradient":""},"tablet":{"background-color":"","background-image":"","background-repeat":"repeat","background-position":"center center","background-size":"auto","background-attachment":"scroll","background-type":"","background-media":"","overlay-type":"","overlay-color":"","overlay-opacity":"","overlay-gradient":""},"mobile":{"background-color":"","background-image":"","background-repeat":"repeat","background-position":"center center","background-size":"auto","background-attachment":"scroll","background-type":"","background-media":"","overlay-type":"","overlay-color":"","overlay-opacity":"","overlay-gradient":""}},"ast-content-background-meta":{"desktop":{"background-color":"var(--ast-global-color-5)","background-image":"","background-repeat":"repeat","background-position":"center center","background-size":"auto","background-attachment":"scroll","background-type":"","background-media":"","overlay-type":"","overlay-color":"","overlay-opacity":"","overlay-gradient":""},"tablet":{"background-color":"var(--ast-global-color-5)","background-image":"","background-repeat":"repeat","background-position":"center center","background-size":"auto","background-attachment":"scroll","background-type":"","background-media":"","overlay-type":"","overlay-color":"","overlay-opacity":"","overlay-gradient":""},"mobile":{"background-color":"var(--ast-global-color-5)","background-image":"","background-repeat":"repeat","background-position":"center center","background-size":"auto","background-attachment":"scroll","background-type":"","background-media":"","overlay-type":"","overlay-color":"","overlay-opacity":"","overlay-gradient":""}},"_jetpack_memberships_contains_paid_content":false,"footnotes":""},"categories":[1],"tags":[],"area":[190],"cluster":[445],"linea_editorial":[],"coauthors":[579],"class_list":["post-20554","post","type-post","status-publish","format-standard","has-post-thumbnail","hentry","category-sin-categoria","area-content-movistar","cluster-dispositivos"],"yoast_head":"<!-- This site is optimized with the Yoast SEO Premium plugin v25.5 (Yoast SEO v25.5) - https:\/\/yoast.com\/wordpress\/plugins\/seo\/ -->\n<title>La carga r\u00e1pida en m\u00f3viles: qu\u00e9 es y c\u00f3mo funciona<\/title>\n<meta name=\"description\" content=\"C\u00f3mo funciona el sistema de carga r\u00e1pida en m\u00f3viles y c\u00f3mo saber si tu tel\u00e9fono es compatible con dicha funcionalidad.\" \/>\n<meta name=\"robots\" content=\"index, follow, max-snippet:-1, max-image-preview:large, max-video-preview:-1\" \/>\n<link rel=\"canonical\" href=\"https:\/\/www.movistar.es\/blog\/dispositivos\/carga-rapida-moviles\/\" \/>\n<meta property=\"og:locale\" content=\"es_ES\" \/>\n<meta property=\"og:type\" content=\"article\" \/>\n<meta property=\"og:title\" content=\"La carga r\u00e1pida en m\u00f3viles: qu\u00e9 es y c\u00f3mo funciona\" \/>\n<meta property=\"og:description\" content=\"C\u00f3mo funciona el sistema de carga r\u00e1pida en m\u00f3viles y c\u00f3mo saber si tu tel\u00e9fono es compatible con dicha funcionalidad.\" \/>\n<meta property=\"og:url\" content=\"https:\/\/www.movistar.es\/blog\/dispositivos\/carga-rapida-moviles\/\" \/>\n<meta property=\"og:site_name\" content=\"Movistar blog\" \/>\n<meta property=\"article:published_time\" content=\"2023-12-05T08:00:00+00:00\" \/>\n<meta property=\"article:modified_time\" content=\"2023-12-05T08:37:33+00:00\" \/>\n<meta property=\"og:image\" content=\"https:\/\/www.movistar.es\/blog\/wp-content\/uploads\/sites\/3\/2023\/12\/Carga-Rapida-moviles.jpg\" \/>\n\t<meta property=\"og:image:width\" content=\"998\" \/>\n\t<meta property=\"og:image:height\" content=\"524\" \/>\n\t<meta property=\"og:image:type\" content=\"image\/jpeg\" \/>\n<meta name=\"author\" content=\"Emilio Rodr\u00edguez\" \/>\n<meta name=\"twitter:card\" content=\"summary_large_image\" \/>\n<meta name=\"twitter:label1\" content=\"Written by\" \/>\n\t<meta name=\"twitter:data1\" content=\"Emilio Rodr\u00edguez\" \/>\n\t<meta name=\"twitter:label2\" content=\"Est. reading time\" \/>\n\t<meta name=\"twitter:data2\" content=\"7 minutos\" \/>\n<script type=\"application\/ld+json\" class=\"yoast-schema-graph\">{\"@context\":\"https:\/\/schema.org\",\"@graph\":[{\"@type\":\"Article\",\"@id\":\"https:\/\/www.movistar.es\/blog\/dispositivos\/carga-rapida-moviles\/#article\",\"isPartOf\":{\"@id\":\"https:\/\/www.movistar.es\/blog\/dispositivos\/carga-rapida-moviles\/\"},\"author\":{\"name\":\"Emilio Rodr\u00edguez\",\"@id\":\"https:\/\/www.movistar.es\/blog\/#\/schema\/person\/7f09a25205e74e2009f96dba3bba4f30\"},\"headline\":\"La carga r\u00e1pida en m\u00f3viles: qu\u00e9 es y c\u00f3mo funciona\",\"datePublished\":\"2023-12-05T08:00:00+00:00\",\"dateModified\":\"2023-12-05T08:37:33+00:00\",\"mainEntityOfPage\":{\"@id\":\"https:\/\/www.movistar.es\/blog\/dispositivos\/carga-rapida-moviles\/\"},\"wordCount\":1415,\"publisher\":{\"@id\":\"https:\/\/www.movistar.es\/blog\/#organization\"},\"image\":{\"@id\":\"https:\/\/www.movistar.es\/blog\/dispositivos\/carga-rapida-moviles\/#primaryimage\"},\"thumbnailUrl\":\"https:\/\/www.movistar.es\/blog\/wp-content\/uploads\/sites\/3\/2023\/12\/Carga-Rapida-moviles.jpg\",\"inLanguage\":\"es\"},{\"@type\":\"WebPage\",\"@id\":\"https:\/\/www.movistar.es\/blog\/dispositivos\/carga-rapida-moviles\/\",\"url\":\"https:\/\/www.movistar.es\/blog\/dispositivos\/carga-rapida-moviles\/\",\"name\":\"La carga r\u00e1pida en m\u00f3viles: qu\u00e9 es y c\u00f3mo funciona\",\"isPartOf\":{\"@id\":\"https:\/\/www.movistar.es\/blog\/#website\"},\"primaryImageOfPage\":{\"@id\":\"https:\/\/www.movistar.es\/blog\/dispositivos\/carga-rapida-moviles\/#primaryimage\"},\"image\":{\"@id\":\"https:\/\/www.movistar.es\/blog\/dispositivos\/carga-rapida-moviles\/#primaryimage\"},\"thumbnailUrl\":\"https:\/\/www.movistar.es\/blog\/wp-content\/uploads\/sites\/3\/2023\/12\/Carga-Rapida-moviles.jpg\",\"datePublished\":\"2023-12-05T08:00:00+00:00\",\"dateModified\":\"2023-12-05T08:37:33+00:00\",\"description\":\"C\u00f3mo funciona el sistema de carga r\u00e1pida en m\u00f3viles y c\u00f3mo saber si tu tel\u00e9fono es compatible con dicha funcionalidad.\",\"breadcrumb\":{\"@id\":\"https:\/\/www.movistar.es\/blog\/dispositivos\/carga-rapida-moviles\/#breadcrumb\"},\"inLanguage\":\"es\",\"potentialAction\":[{\"@type\":\"ReadAction\",\"target\":[\"https:\/\/www.movistar.es\/blog\/dispositivos\/carga-rapida-moviles\/\"]}]},{\"@type\":\"ImageObject\",\"inLanguage\":\"es\",\"@id\":\"https:\/\/www.movistar.es\/blog\/dispositivos\/carga-rapida-moviles\/#primaryimage\",\"url\":\"https:\/\/www.movistar.es\/blog\/wp-content\/uploads\/sites\/3\/2023\/12\/Carga-Rapida-moviles.jpg\",\"contentUrl\":\"https:\/\/www.movistar.es\/blog\/wp-content\/uploads\/sites\/3\/2023\/12\/Carga-Rapida-moviles.jpg\",\"width\":998,\"height\":524},{\"@type\":\"BreadcrumbList\",\"@id\":\"https:\/\/www.movistar.es\/blog\/dispositivos\/carga-rapida-moviles\/#breadcrumb\",\"itemListElement\":[{\"@type\":\"ListItem\",\"position\":1,\"name\":\"Home\",\"item\":\"https:\/\/www.movistar.es\/blog\/\"},{\"@type\":\"ListItem\",\"position\":2,\"name\":\"La carga r\u00e1pida en m\u00f3viles: qu\u00e9 es y c\u00f3mo funciona\"}]},{\"@type\":\"WebSite\",\"@id\":\"https:\/\/www.movistar.es\/blog\/#website\",\"url\":\"https:\/\/www.movistar.es\/blog\/\",\"name\":\"Movistar blog\",\"description\":\"Movistar Blog. Informaci\u00f3n y m\u00e1s sobre los productos y servicios de Movistar\",\"publisher\":{\"@id\":\"https:\/\/www.movistar.es\/blog\/#organization\"},\"potentialAction\":[{\"@type\":\"SearchAction\",\"target\":{\"@type\":\"EntryPoint\",\"urlTemplate\":\"https:\/\/www.movistar.es\/blog\/?s={search_term_string}\"},\"query-input\":{\"@type\":\"PropertyValueSpecification\",\"valueRequired\":true,\"valueName\":\"search_term_string\"}}],\"inLanguage\":\"es\"},{\"@type\":\"Organization\",\"@id\":\"https:\/\/www.movistar.es\/blog\/#organization\",\"name\":\"Movistar blog\",\"url\":\"https:\/\/www.movistar.es\/blog\/\",\"logo\":{\"@type\":\"ImageObject\",\"inLanguage\":\"es\",\"@id\":\"https:\/\/www.movistar.es\/blog\/#\/schema\/logo\/image\/\",\"url\":\"https:\/\/www.movistar.es\/blog\/wp-content\/uploads\/sites\/3\/2022\/05\/logo_movistar-1.svg\",\"contentUrl\":\"https:\/\/www.movistar.es\/blog\/wp-content\/uploads\/sites\/3\/2022\/05\/logo_movistar-1.svg\",\"width\":369,\"height\":272,\"caption\":\"Movistar blog\"},\"image\":{\"@id\":\"https:\/\/www.movistar.es\/blog\/#\/schema\/logo\/image\/\"}},{\"@type\":\"Person\",\"@id\":\"https:\/\/www.movistar.es\/blog\/#\/schema\/person\/7f09a25205e74e2009f96dba3bba4f30\",\"name\":\"Emilio Rodr\u00edguez\",\"image\":{\"@type\":\"ImageObject\",\"inLanguage\":\"es\",\"@id\":\"https:\/\/www.movistar.es\/blog\/#\/schema\/person\/image\/8f3747647a2d3e69815221284d708ff5\",\"url\":\"https:\/\/secure.gravatar.com\/avatar\/c55c049d3550e4aa36b25fc91011843c69bd91d48ffa44755cec59b1853fe363\",\"contentUrl\":\"https:\/\/secure.gravatar.com\/avatar\/c55c049d3550e4aa36b25fc91011843c69bd91d48ffa44755cec59b1853fe363\",\"caption\":\"Emilio Rodr\u00edguez\"},\"url\":\"https:\/\/www.movistar.es\/blog\/author\/emilio\/\"}]}<\/script>\n<!-- \/ Yoast SEO Premium plugin. -->","yoast_head_json":{"title":"La carga r\u00e1pida en m\u00f3viles: qu\u00e9 es y c\u00f3mo funciona","description":"C\u00f3mo funciona el sistema de carga r\u00e1pida en m\u00f3viles y c\u00f3mo saber si tu tel\u00e9fono es compatible con dicha funcionalidad.","robots":{"index":"index","follow":"follow","max-snippet":"max-snippet:-1","max-image-preview":"max-image-preview:large","max-video-preview":"max-video-preview:-1"},"canonical":"https:\/\/www.movistar.es\/blog\/dispositivos\/carga-rapida-moviles\/","og_locale":"es_ES","og_type":"article","og_title":"La carga r\u00e1pida en m\u00f3viles: qu\u00e9 es y c\u00f3mo funciona","og_description":"C\u00f3mo funciona el sistema de carga r\u00e1pida en m\u00f3viles y c\u00f3mo saber si tu tel\u00e9fono es compatible con dicha funcionalidad.","og_url":"https:\/\/www.movistar.es\/blog\/dispositivos\/carga-rapida-moviles\/","og_site_name":"Movistar blog","article_published_time":"2023-12-05T08:00:00+00:00","article_modified_time":"2023-12-05T08:37:33+00:00","og_image":[{"width":998,"height":524,"url":"https:\/\/www.movistar.es\/blog\/wp-content\/uploads\/sites\/3\/2023\/12\/Carga-Rapida-moviles.jpg","type":"image\/jpeg"}],"author":"Emilio Rodr\u00edguez","twitter_card":"summary_large_image","twitter_misc":{"Written by":"Emilio Rodr\u00edguez","Est. reading time":"7 minutos"},"schema":{"@context":"https:\/\/schema.org","@graph":[{"@type":"Article","@id":"https:\/\/www.movistar.es\/blog\/dispositivos\/carga-rapida-moviles\/#article","isPartOf":{"@id":"https:\/\/www.movistar.es\/blog\/dispositivos\/carga-rapida-moviles\/"},"author":{"name":"Emilio Rodr\u00edguez","@id":"https:\/\/www.movistar.es\/blog\/#\/schema\/person\/7f09a25205e74e2009f96dba3bba4f30"},"headline":"La carga r\u00e1pida en m\u00f3viles: qu\u00e9 es y c\u00f3mo funciona","datePublished":"2023-12-05T08:00:00+00:00","dateModified":"2023-12-05T08:37:33+00:00","mainEntityOfPage":{"@id":"https:\/\/www.movistar.es\/blog\/dispositivos\/carga-rapida-moviles\/"},"wordCount":1415,"publisher":{"@id":"https:\/\/www.movistar.es\/blog\/#organization"},"image":{"@id":"https:\/\/www.movistar.es\/blog\/dispositivos\/carga-rapida-moviles\/#primaryimage"},"thumbnailUrl":"https:\/\/www.movistar.es\/blog\/wp-content\/uploads\/sites\/3\/2023\/12\/Carga-Rapida-moviles.jpg","inLanguage":"es"},{"@type":"WebPage","@id":"https:\/\/www.movistar.es\/blog\/dispositivos\/carga-rapida-moviles\/","url":"https:\/\/www.movistar.es\/blog\/dispositivos\/carga-rapida-moviles\/","name":"La carga r\u00e1pida en m\u00f3viles: qu\u00e9 es y c\u00f3mo funciona","isPartOf":{"@id":"https:\/\/www.movistar.es\/blog\/#website"},"primaryImageOfPage":{"@id":"https:\/\/www.movistar.es\/blog\/dispositivos\/carga-rapida-moviles\/#primaryimage"},"image":{"@id":"https:\/\/www.movistar.es\/blog\/dispositivos\/carga-rapida-moviles\/#primaryimage"},"thumbnailUrl":"https:\/\/www.movistar.es\/blog\/wp-content\/uploads\/sites\/3\/2023\/12\/Carga-Rapida-moviles.jpg","datePublished":"2023-12-05T08:00:00+00:00","dateModified":"2023-12-05T08:37:33+00:00","description":"C\u00f3mo funciona el sistema de carga r\u00e1pida en m\u00f3viles y c\u00f3mo saber si tu tel\u00e9fono es compatible con dicha funcionalidad.","breadcrumb":{"@id":"https:\/\/www.movistar.es\/blog\/dispositivos\/carga-rapida-moviles\/#breadcrumb"},"inLanguage":"es","potentialAction":[{"@type":"ReadAction","target":["https:\/\/www.movistar.es\/blog\/dispositivos\/carga-rapida-moviles\/"]}]},{"@type":"ImageObject","inLanguage":"es","@id":"https:\/\/www.movistar.es\/blog\/dispositivos\/carga-rapida-moviles\/#primaryimage","url":"https:\/\/www.movistar.es\/blog\/wp-content\/uploads\/sites\/3\/2023\/12\/Carga-Rapida-moviles.jpg","contentUrl":"https:\/\/www.movistar.es\/blog\/wp-content\/uploads\/sites\/3\/2023\/12\/Carga-Rapida-moviles.jpg","width":998,"height":524},{"@type":"BreadcrumbList","@id":"https:\/\/www.movistar.es\/blog\/dispositivos\/carga-rapida-moviles\/#breadcrumb","itemListElement":[{"@type":"ListItem","position":1,"name":"Home","item":"https:\/\/www.movistar.es\/blog\/"},{"@type":"ListItem","position":2,"name":"La carga r\u00e1pida en m\u00f3viles: qu\u00e9 es y c\u00f3mo funciona"}]},{"@type":"WebSite","@id":"https:\/\/www.movistar.es\/blog\/#website","url":"https:\/\/www.movistar.es\/blog\/","name":"Movistar blog","description":"Movistar Blog. Informaci\u00f3n y m\u00e1s sobre los productos y servicios de Movistar","publisher":{"@id":"https:\/\/www.movistar.es\/blog\/#organization"},"potentialAction":[{"@type":"SearchAction","target":{"@type":"EntryPoint","urlTemplate":"https:\/\/www.movistar.es\/blog\/?s={search_term_string}"},"query-input":{"@type":"PropertyValueSpecification","valueRequired":true,"valueName":"search_term_string"}}],"inLanguage":"es"},{"@type":"Organization","@id":"https:\/\/www.movistar.es\/blog\/#organization","name":"Movistar blog","url":"https:\/\/www.movistar.es\/blog\/","logo":{"@type":"ImageObject","inLanguage":"es","@id":"https:\/\/www.movistar.es\/blog\/#\/schema\/logo\/image\/","url":"https:\/\/www.movistar.es\/blog\/wp-content\/uploads\/sites\/3\/2022\/05\/logo_movistar-1.svg","contentUrl":"https:\/\/www.movistar.es\/blog\/wp-content\/uploads\/sites\/3\/2022\/05\/logo_movistar-1.svg","width":369,"height":272,"caption":"Movistar blog"},"image":{"@id":"https:\/\/www.movistar.es\/blog\/#\/schema\/logo\/image\/"}},{"@type":"Person","@id":"https:\/\/www.movistar.es\/blog\/#\/schema\/person\/7f09a25205e74e2009f96dba3bba4f30","name":"Emilio Rodr\u00edguez","image":{"@type":"ImageObject","inLanguage":"es","@id":"https:\/\/www.movistar.es\/blog\/#\/schema\/person\/image\/8f3747647a2d3e69815221284d708ff5","url":"https:\/\/secure.gravatar.com\/avatar\/c55c049d3550e4aa36b25fc91011843c69bd91d48ffa44755cec59b1853fe363","contentUrl":"https:\/\/secure.gravatar.com\/avatar\/c55c049d3550e4aa36b25fc91011843c69bd91d48ffa44755cec59b1853fe363","caption":"Emilio Rodr\u00edguez"},"url":"https:\/\/www.movistar.es\/blog\/author\/emilio\/"}]}},"jetpack_featured_media_url":"https:\/\/www.movistar.es\/blog\/wp-content\/uploads\/sites\/3\/2023\/12\/Carga-Rapida-moviles.jpg","jetpack_sharing_enabled":true,"_links":{"self":[{"href":"https:\/\/www.movistar.es\/blog\/wp-json\/wp\/v2\/posts\/20554","targetHints":{"allow":["GET"]}}],"collection":[{"href":"https:\/\/www.movistar.es\/blog\/wp-json\/wp\/v2\/posts"}],"about":[{"href":"https:\/\/www.movistar.es\/blog\/wp-json\/wp\/v2\/types\/post"}],"author":[{"embeddable":true,"href":"https:\/\/www.movistar.es\/blog\/wp-json\/wp\/v2\/users\/202"}],"replies":[{"embeddable":true,"href":"https:\/\/www.movistar.es\/blog\/wp-json\/wp\/v2\/comments?post=20554"}],"version-history":[{"count":6,"href":"https:\/\/www.movistar.es\/blog\/wp-json\/wp\/v2\/posts\/20554\/revisions"}],"predecessor-version":[{"id":20579,"href":"https:\/\/www.movistar.es\/blog\/wp-json\/wp\/v2\/posts\/20554\/revisions\/20579"}],"wp:featuredmedia":[{"embeddable":true,"href":"https:\/\/www.movistar.es\/blog\/wp-json\/wp\/v2\/media\/20564"}],"wp:attachment":[{"href":"https:\/\/www.movistar.es\/blog\/wp-json\/wp\/v2\/media?parent=20554"}],"wp:term":[{"taxonomy":"category","embeddable":true,"href":"https:\/\/www.movistar.es\/blog\/wp-json\/wp\/v2\/categories?post=20554"},{"taxonomy":"post_tag","embeddable":true,"href":"https:\/\/www.movistar.es\/blog\/wp-json\/wp\/v2\/tags?post=20554"},{"taxonomy":"area","embeddable":true,"href":"https:\/\/www.movistar.es\/blog\/wp-json\/wp\/v2\/area?post=20554"},{"taxonomy":"cluster","embeddable":true,"href":"https:\/\/www.movistar.es\/blog\/wp-json\/wp\/v2\/cluster?post=20554"},{"taxonomy":"linea_editorial","embeddable":true,"href":"https:\/\/www.movistar.es\/blog\/wp-json\/wp\/v2\/linea_editorial?post=20554"},{"taxonomy":"author","embeddable":true,"href":"https:\/\/www.movistar.es\/blog\/wp-json\/wp\/v2\/coauthors?post=20554"}],"curies":[{"name":"wp","href":"https:\/\/api.w.org\/{rel}","templated":true}]}}