{"id":20488,"date":"2023-12-05T18:30:24","date_gmt":"2023-12-05T17:30:24","guid":{"rendered":"https:\/\/www.movistar.es\/blog\/?p=20488"},"modified":"2024-03-19T17:54:48","modified_gmt":"2024-03-19T16:54:48","slug":"vacaciones-movistar-prosegur-alarmas","status":"publish","type":"post","link":"https:\/\/www.movistar.es\/blog\/alarmas\/vacaciones-movistar-prosegur-alarmas\/","title":{"rendered":"As\u00ed es c\u00f3mo Movistar Prosegur Alarmas te protege en tus vacaciones"},"content":{"rendered":"\n<p>La <strong>Navidad <\/strong>es una \u00e9poca maravillosa en la que es habitual trasladarse a una segunda residencia o visitar a la familia. Por lo que, habitualmente, dejamos vac\u00edo nuestro hogar con el riesgo que eso conlleva. <\/p>\n\n\n\n<p>Esto no tiene por qu\u00e9 ser un problema con <strong>Movistar Prosegur Alarmas<\/strong>. Qu\u00e9date con nosotros para <strong>descubrir las ventajas<\/strong> de contratar tu alarma con Movistar si tienes pensado dejar vac\u00eda tu casa durante un per\u00edodo de tiempo.<\/p>\n\n\n\n<h2 class=\"wp-block-heading\" class=\"wp-block-heading\" id=\"por-que-debes-instalar-una-alarma-en-tu-casa-en-navidad\">\u00bfPor qu\u00e9 debes instalar una alarma en tu casa en Navidad?<\/h2>\n\n\n\n<p>Si viajas durante Navidad, posiblemente sea para reunirte con tus amigos o familia y pasar un buen tiempo en compa\u00f1\u00eda. Pero los <strong><a href=\"https:\/\/blog.prosegur.es\/por-que-robos-en-navidad\/\" target=\"_blank\" rel=\"noreferrer noopener\">riesgos <\/a><\/strong>de dejar tu vivienda vac\u00eda pueden llegar a jugarte una mala pasada. Por eso, estas son algunas razones por las que es necesario contar con una alarma en tu casa:<\/p>\n\n\n\n<ul class=\"wp-block-list\"><li>Un sistema de alarma puede <strong>disuadir a los ladrones u ocupas<\/strong> y alertar de cualquier problema de forma r\u00e1pida y eficiente. Adem\u00e1s, algunas compa\u00f1\u00edas de seguros ofrecen descuentos en las primas de seguro de hogar si se dispone de una alarma instalada.<\/li><li>Con <strong>Movistar Prosegur Alarmas <\/strong>tu casa estar\u00e1 protegida <strong>24 horas al d\u00eda<\/strong> con todos los sistemas necesarios, comenzando por la <strong>sirena y la placa<\/strong>, que aportan el esencial efecto disuasorio para ladrones. Adem\u00e1s, tienes conexi\u00f3n permanente con la <strong>Central Receptora de Alarmas (CRA) <\/strong>y ante cualquier ataque o intrusi\u00f3n habr\u00e1 respuesta en menos de <strong>29 segundos<\/strong> y aviso a la polic\u00eda.<\/li><li><strong>Movistar Prosegur Alarmas <\/strong>cuenta tambi\u00e9n con triple sistema de seguridad: <strong>Anti-intrusi\u00f3n<\/strong>, detectando anticipadamente antes de que se produzca el robo; <strong>anti-sabotaje<\/strong>, ocultando la alarma y mandando aviso inmediato si se manipula o se arranca; y <strong>anti-inhibici\u00f3n<\/strong>, protegi\u00e9ndola de cualquier se\u00f1al de interferencia.<\/li><\/ul>\n\n\n\n<figure class=\"wp-block-image size-large\"><img loading=\"lazy\" decoding=\"async\" height=\"683\" width=\"1024\" src=\"https:\/\/www.movistar.es\/blog\/wp-content\/uploads\/sites\/3\/2023\/12\/Depositphotos_89296660_L.jpg?w=1024\" alt=\"Movistar Prosegur Alarmas\" class=\"wp-image-20676\" srcset=\"https:\/\/www.movistar.es\/blog\/wp-content\/uploads\/sites\/3\/2023\/12\/Depositphotos_89296660_L.jpg 1999w, https:\/\/www.movistar.es\/blog\/wp-content\/uploads\/sites\/3\/2023\/12\/Depositphotos_89296660_L.jpg?resize=300,200 300w, https:\/\/www.movistar.es\/blog\/wp-content\/uploads\/sites\/3\/2023\/12\/Depositphotos_89296660_L.jpg?resize=768,512 768w, https:\/\/www.movistar.es\/blog\/wp-content\/uploads\/sites\/3\/2023\/12\/Depositphotos_89296660_L.jpg?resize=1024,683 1024w, https:\/\/www.movistar.es\/blog\/wp-content\/uploads\/sites\/3\/2023\/12\/Depositphotos_89296660_L.jpg?resize=1536,1024 1536w\" sizes=\"auto, (max-width: 1024px) 100vw, 1024px\" \/><\/figure>\n\n\n\n<h3 class=\"wp-block-heading\" class=\"wp-block-heading\" id=\"consejos-para-que-tu-casa-este-protegida-estas-fiestas\">Consejos para que tu casa est\u00e9 protegida estas fiestas<\/h3>\n\n\n\n<p>Aunque con <strong>Movistar Prosegur Alarmas <\/strong>puedes estar totalmente tranquilo por la seguridad de tu hogar durante las vacaciones, no est\u00e1 de m\u00e1s que tomes algunas precauciones en estas fechas. Estas son algunas recomendaciones generales que tambi\u00e9n puedes seguir, incluso aunque est\u00e9s en casa:<\/p>\n\n\n\n<ul class=\"wp-block-list\"><li>Cuidado con las <strong>luces<\/strong>: La&nbsp;<strong>decoraci\u00f3n navide\u00f1a<\/strong>&nbsp;es el comienzo de las fiestas y da un toque muy caracter\u00edstico a tu hogar. Pero debes tener en cuenta que, mantener las luces apagadas en tu ausencia puede dar pistas a los ladrones. Una buena alternativa es contar con un dispositivo que programe el apagado y encendido para as\u00ed demostrar cotidianidad.<\/li><li>Cierra p<strong>uertas y ventanas<\/strong>: Las puertas y las ventanas son los puntos de entrada a tu domicilio y sobra decir que deben estar bien cerradas. Pero en cuanto a las segundas, ten cuidado con las persianas, ya que si las dejas totalmente bajadas est\u00e1s dando a entender que no est\u00e1s en casa durante un tiempo.<\/li><li>Atenci\u00f3n a los <strong>detalles<\/strong>: Un exceso de cartas en el buz\u00f3n, el timbre desactivado&#8230; cualquier elemento puede dar a entender que te has ido. Si entran, <strong>Movistar Prosegur Alarmas <\/strong>te ayudar\u00e1, pero la prevenci\u00f3n es una parte muy importante para evitar problemas.<\/li><li>Vigila tu actividad en las <strong>redes sociales<\/strong>: Evita <strong>publicar en redes sociales<\/strong>&nbsp;que est\u00e1s de vacaciones o el tiempo que permaneces fuera de casa.<\/li><\/ul>\n\n\n\n<h2 class=\"wp-block-heading\" id=\"h-tranquilidad-personalizada-en-tu-hogar-con-movistar-prosegur-alarmas\">Tranquilidad personalizada en tu hogar con Movistar Prosegur Alarmas<\/h2>\n\n\n\n<p>As\u00ed, Movistar Prosegur Alarmas te ofrece un sistema de seguridad adaptado a las <strong>necesidades espec\u00edficas<\/strong> de tu hogar durante estas fiestas, reduciendo el precio en caso de que no necesites todas sus prestaciones. Te contamos lo que ofrecen sus tres paquetes:<\/p>\n\n\n\n<ul class=\"wp-block-list\"><li><strong>Alarma Esencial<\/strong>: Ideal para pisos entreplantas que tengan solo un punto de acceso. Cuenta con panel de comunicaci\u00f3n, placas disuasorias, teclado y sirena, 5 llaves inteligentes, 2 detectores con c\u00e1mara, detector magn\u00e9tico y tres usuarios para el <a href=\"https:\/\/www.movistar.es\/blog\/alarmas\/protegete-tambien-fuera-de-casa-gracias-a-contigo\/\">servicio ContiGo<\/a>. Adem\u00e1s, lleva incluido el Sistema de Alimentaci\u00f3n Ininterrumpida (SAI), que permite mantener las comunicaciones encendidas en caso de corte el\u00e9ctrico.<\/li><li><strong>Alarma Avanzada<\/strong>: Es un pack un poco m\u00e1s completo pensado para casi cualquier tipo de viviendas. No solo pisos entreplantas, tambi\u00e9n \u00e1ticos y chalets. Adem\u00e1s de todo lo anterior, tiene un detector con c\u00e1mara extra, dos usuarios ContiGo m\u00e1s, un <a href=\"https:\/\/www.movistar.es\/blog\/alarmas\/contar-con-un-detector-de-humo-para-viviendas-con-chimenea-y-estufa\/\">detector de humo<\/a> y una c\u00e1mara m\u00f3vil 360\u00ba con reconocimiento inteligente.<\/li><li><strong>Alarma Avanzada Plus<\/strong>: Si tienes una vivienda con espacios exteriores, Movistar Prosegur Alarmas tiene este paquete para ti. No solo incluye todo lo anterior, son que dos detectores magn\u00e9ticos inerciales, otro usuario ContiGo m\u00e1s, un mando y un detector exterior con c\u00e1mara.<\/li><\/ul>\n\n\n\n<figure class=\"wp-block-image size-large\"><img loading=\"lazy\" decoding=\"async\" height=\"684\" width=\"1024\" src=\"https:\/\/www.movistar.es\/blog\/wp-content\/uploads\/sites\/3\/2023\/12\/Depositphotos_161282982_L.jpg?w=1024\" alt=\"Movistar Prosegur Alarmas\" class=\"wp-image-20677\" srcset=\"https:\/\/www.movistar.es\/blog\/wp-content\/uploads\/sites\/3\/2023\/12\/Depositphotos_161282982_L.jpg 2000w, https:\/\/www.movistar.es\/blog\/wp-content\/uploads\/sites\/3\/2023\/12\/Depositphotos_161282982_L.jpg?resize=300,200 300w, https:\/\/www.movistar.es\/blog\/wp-content\/uploads\/sites\/3\/2023\/12\/Depositphotos_161282982_L.jpg?resize=768,513 768w, https:\/\/www.movistar.es\/blog\/wp-content\/uploads\/sites\/3\/2023\/12\/Depositphotos_161282982_L.jpg?resize=1024,684 1024w, https:\/\/www.movistar.es\/blog\/wp-content\/uploads\/sites\/3\/2023\/12\/Depositphotos_161282982_L.jpg?resize=1536,1025 1536w\" sizes=\"auto, (max-width: 1024px) 100vw, 1024px\" \/><\/figure>\n\n\n\n<h2 class=\"wp-block-heading\" class=\"wp-block-heading\" id=\"contrata-movistar-prosegur-alarmas\">Contrata Movistar Prosegur Alarmas<\/h2>\n\n\n\n<p>En cualquier caso, puedes estar tranquilo: la calidad de Movistar Prosegur Alarmas es total. Adem\u00e1s, ahora tienes una <strong>promoci\u00f3n<\/strong> por tiempo limitado y durante un a\u00f1o en la que <strong>solo pagar\u00e1s 34,90 \u20ac al mes en los dos primeros casos y 41,90 \u20ac al mes en el m\u00e1s completo y avanzado.<\/strong> \u00a1<strong><a href=\"https:\/\/www.movistar.es\/particulares\/movistar-prosegur-alarmas\" target=\"_blank\" rel=\"noreferrer noopener\">Contrata ya<\/a><\/strong> tu sistema de alarma y disfruta de la Navidad sabiendo que tu casa est\u00e1 completamente protegida!<\/p>\n","protected":false},"excerpt":{"rendered":"<p>La Navidad es una \u00e9poca maravillosa en la que es habitual trasladarse a una segunda residencia o visitar a la familia. Por lo que, habitualmente, dejamos vac\u00edo nuestro hogar con el riesgo que eso conlleva. [&hellip;]<\/p>\n","protected":false},"author":81,"featured_media":20675,"comment_status":"closed","ping_status":"closed","sticky":false,"template":"","format":"standard","meta":{"site-sidebar-layout":"default","site-content-layout":"","ast-site-content-layout":"","site-content-style":"default","site-sidebar-style":"default","ast-global-header-display":"","ast-banner-title-visibility":"","ast-main-header-display":"","ast-hfb-above-header-display":"","ast-hfb-below-header-display":"","ast-hfb-mobile-header-display":"","site-post-title":"","ast-breadcrumbs-content":"","ast-featured-img":"","footer-sml-layout":"","theme-transparent-header-meta":"","adv-header-id-meta":"","stick-header-meta":"","header-above-stick-meta":"","header-main-stick-meta":"","header-below-stick-meta":"","astra-migrate-meta-layouts":"default","ast-page-background-enabled":"default","ast-page-background-meta":{"desktop":{"background-color":"var(--ast-global-color-4)","background-image":"","background-repeat":"repeat","background-position":"center center","background-size":"auto","background-attachment":"scroll","background-type":"","background-media":"","overlay-type":"","overlay-color":"","overlay-opacity":"","overlay-gradient":""},"tablet":{"background-color":"","background-image":"","background-repeat":"repeat","background-position":"center center","background-size":"auto","background-attachment":"scroll","background-type":"","background-media":"","overlay-type":"","overlay-color":"","overlay-opacity":"","overlay-gradient":""},"mobile":{"background-color":"","background-image":"","background-repeat":"repeat","background-position":"center center","background-size":"auto","background-attachment":"scroll","background-type":"","background-media":"","overlay-type":"","overlay-color":"","overlay-opacity":"","overlay-gradient":""}},"ast-content-background-meta":{"desktop":{"background-color":"var(--ast-global-color-5)","background-image":"","background-repeat":"repeat","background-position":"center center","background-size":"auto","background-attachment":"scroll","background-type":"","background-media":"","overlay-type":"","overlay-color":"","overlay-opacity":"","overlay-gradient":""},"tablet":{"background-color":"var(--ast-global-color-5)","background-image":"","background-repeat":"repeat","background-position":"center center","background-size":"auto","background-attachment":"scroll","background-type":"","background-media":"","overlay-type":"","overlay-color":"","overlay-opacity":"","overlay-gradient":""},"mobile":{"background-color":"var(--ast-global-color-5)","background-image":"","background-repeat":"repeat","background-position":"center center","background-size":"auto","background-attachment":"scroll","background-type":"","background-media":"","overlay-type":"","overlay-color":"","overlay-opacity":"","overlay-gradient":""}},"_jetpack_memberships_contains_paid_content":false,"footnotes":""},"categories":[1],"tags":[],"area":[427],"cluster":[341],"linea_editorial":[],"coauthors":[409],"class_list":["post-20488","post","type-post","status-publish","format-standard","has-post-thumbnail","hentry","category-sin-categoria","area-gametv","cluster-alarmas"],"yoast_head":"<!-- This site is optimized with the Yoast SEO Premium plugin v25.5 (Yoast SEO v25.5) - https:\/\/yoast.com\/wordpress\/plugins\/seo\/ -->\n<title>As\u00ed es c\u00f3mo Movistar Prosegur Alarmas te protege en tus vacaciones<\/title>\n<meta name=\"description\" content=\"\u00bfPlaneas irte estas Navidades? Contrata Movistar Prosegur Alarmas en tus vacaciones y disfruta de la m\u00e1xima tranquilidad en tu hogar.\" \/>\n<meta name=\"robots\" content=\"index, follow, max-snippet:-1, max-image-preview:large, max-video-preview:-1\" \/>\n<link rel=\"canonical\" href=\"https:\/\/www.movistar.es\/blog\/alarmas\/vacaciones-movistar-prosegur-alarmas\/\" \/>\n<meta property=\"og:locale\" content=\"es_ES\" \/>\n<meta property=\"og:type\" content=\"article\" \/>\n<meta property=\"og:title\" content=\"As\u00ed es c\u00f3mo Movistar Prosegur Alarmas te protege en tus vacaciones\" \/>\n<meta property=\"og:description\" content=\"\u00bfPlaneas irte estas Navidades? Contrata Movistar Prosegur Alarmas en tus vacaciones y disfruta de la m\u00e1xima tranquilidad en tu hogar.\" \/>\n<meta property=\"og:url\" content=\"https:\/\/www.movistar.es\/blog\/alarmas\/vacaciones-movistar-prosegur-alarmas\/\" \/>\n<meta property=\"og:site_name\" content=\"Movistar blog\" \/>\n<meta property=\"article:published_time\" content=\"2023-12-05T17:30:24+00:00\" \/>\n<meta property=\"article:modified_time\" content=\"2024-03-19T16:54:48+00:00\" \/>\n<meta name=\"author\" content=\"\u00c1lvaro Gui\u00f1\u00f3n\" \/>\n<meta name=\"twitter:card\" content=\"summary_large_image\" \/>\n<meta name=\"twitter:image\" content=\"https:\/\/www.movistar.es\/blog\/wp-content\/uploads\/sites\/3\/2023\/12\/Depositphotos_312700678_L.jpg\" \/>\n<meta name=\"twitter:label1\" content=\"Written by\" \/>\n\t<meta name=\"twitter:data1\" content=\"\u00c1lvaro Gui\u00f1\u00f3n\" \/>\n\t<meta name=\"twitter:label2\" content=\"Est. reading time\" \/>\n\t<meta name=\"twitter:data2\" content=\"5 minutos\" \/>\n<script type=\"application\/ld+json\" class=\"yoast-schema-graph\">{\"@context\":\"https:\/\/schema.org\",\"@graph\":[{\"@type\":\"Article\",\"@id\":\"https:\/\/www.movistar.es\/blog\/alarmas\/vacaciones-movistar-prosegur-alarmas\/#article\",\"isPartOf\":{\"@id\":\"https:\/\/www.movistar.es\/blog\/alarmas\/vacaciones-movistar-prosegur-alarmas\/\"},\"author\":{\"name\":\"\u00c1lvaro Gui\u00f1\u00f3n\",\"@id\":\"https:\/\/www.movistar.es\/blog\/#\/schema\/person\/c08164bba32a416ae0908ffcff27cda4\"},\"headline\":\"As\u00ed es c\u00f3mo Movistar Prosegur Alarmas te protege en tus vacaciones\",\"datePublished\":\"2023-12-05T17:30:24+00:00\",\"dateModified\":\"2024-03-19T16:54:48+00:00\",\"mainEntityOfPage\":{\"@id\":\"https:\/\/www.movistar.es\/blog\/alarmas\/vacaciones-movistar-prosegur-alarmas\/\"},\"wordCount\":847,\"publisher\":{\"@id\":\"https:\/\/www.movistar.es\/blog\/#organization\"},\"image\":{\"@id\":\"https:\/\/www.movistar.es\/blog\/alarmas\/vacaciones-movistar-prosegur-alarmas\/#primaryimage\"},\"thumbnailUrl\":\"https:\/\/www.movistar.es\/blog\/wp-content\/uploads\/sites\/3\/2023\/12\/Depositphotos_312700678_L.jpg\",\"inLanguage\":\"es\"},{\"@type\":\"WebPage\",\"@id\":\"https:\/\/www.movistar.es\/blog\/alarmas\/vacaciones-movistar-prosegur-alarmas\/\",\"url\":\"https:\/\/www.movistar.es\/blog\/alarmas\/vacaciones-movistar-prosegur-alarmas\/\",\"name\":\"As\u00ed es c\u00f3mo Movistar Prosegur Alarmas te protege en tus vacaciones\",\"isPartOf\":{\"@id\":\"https:\/\/www.movistar.es\/blog\/#website\"},\"primaryImageOfPage\":{\"@id\":\"https:\/\/www.movistar.es\/blog\/alarmas\/vacaciones-movistar-prosegur-alarmas\/#primaryimage\"},\"image\":{\"@id\":\"https:\/\/www.movistar.es\/blog\/alarmas\/vacaciones-movistar-prosegur-alarmas\/#primaryimage\"},\"thumbnailUrl\":\"https:\/\/www.movistar.es\/blog\/wp-content\/uploads\/sites\/3\/2023\/12\/Depositphotos_312700678_L.jpg\",\"datePublished\":\"2023-12-05T17:30:24+00:00\",\"dateModified\":\"2024-03-19T16:54:48+00:00\",\"description\":\"\u00bfPlaneas irte estas Navidades? Contrata Movistar Prosegur Alarmas en tus vacaciones y disfruta de la m\u00e1xima tranquilidad en tu hogar.\",\"breadcrumb\":{\"@id\":\"https:\/\/www.movistar.es\/blog\/alarmas\/vacaciones-movistar-prosegur-alarmas\/#breadcrumb\"},\"inLanguage\":\"es\",\"potentialAction\":[{\"@type\":\"ReadAction\",\"target\":[\"https:\/\/www.movistar.es\/blog\/alarmas\/vacaciones-movistar-prosegur-alarmas\/\"]}]},{\"@type\":\"ImageObject\",\"inLanguage\":\"es\",\"@id\":\"https:\/\/www.movistar.es\/blog\/alarmas\/vacaciones-movistar-prosegur-alarmas\/#primaryimage\",\"url\":\"https:\/\/www.movistar.es\/blog\/wp-content\/uploads\/sites\/3\/2023\/12\/Depositphotos_312700678_L.jpg\",\"contentUrl\":\"https:\/\/www.movistar.es\/blog\/wp-content\/uploads\/sites\/3\/2023\/12\/Depositphotos_312700678_L.jpg\",\"width\":2000,\"height\":1333},{\"@type\":\"BreadcrumbList\",\"@id\":\"https:\/\/www.movistar.es\/blog\/alarmas\/vacaciones-movistar-prosegur-alarmas\/#breadcrumb\",\"itemListElement\":[{\"@type\":\"ListItem\",\"position\":1,\"name\":\"Home\",\"item\":\"https:\/\/www.movistar.es\/blog\/\"},{\"@type\":\"ListItem\",\"position\":2,\"name\":\"As\u00ed es c\u00f3mo Movistar Prosegur Alarmas te protege en tus vacaciones\"}]},{\"@type\":\"WebSite\",\"@id\":\"https:\/\/www.movistar.es\/blog\/#website\",\"url\":\"https:\/\/www.movistar.es\/blog\/\",\"name\":\"Movistar blog\",\"description\":\"Movistar Blog. Informaci\u00f3n y m\u00e1s sobre los productos y servicios de Movistar\",\"publisher\":{\"@id\":\"https:\/\/www.movistar.es\/blog\/#organization\"},\"potentialAction\":[{\"@type\":\"SearchAction\",\"target\":{\"@type\":\"EntryPoint\",\"urlTemplate\":\"https:\/\/www.movistar.es\/blog\/?s={search_term_string}\"},\"query-input\":{\"@type\":\"PropertyValueSpecification\",\"valueRequired\":true,\"valueName\":\"search_term_string\"}}],\"inLanguage\":\"es\"},{\"@type\":\"Organization\",\"@id\":\"https:\/\/www.movistar.es\/blog\/#organization\",\"name\":\"Movistar blog\",\"url\":\"https:\/\/www.movistar.es\/blog\/\",\"logo\":{\"@type\":\"ImageObject\",\"inLanguage\":\"es\",\"@id\":\"https:\/\/www.movistar.es\/blog\/#\/schema\/logo\/image\/\",\"url\":\"https:\/\/www.movistar.es\/blog\/wp-content\/uploads\/sites\/3\/2022\/05\/logo_movistar-1.svg\",\"contentUrl\":\"https:\/\/www.movistar.es\/blog\/wp-content\/uploads\/sites\/3\/2022\/05\/logo_movistar-1.svg\",\"width\":369,\"height\":272,\"caption\":\"Movistar blog\"},\"image\":{\"@id\":\"https:\/\/www.movistar.es\/blog\/#\/schema\/logo\/image\/\"}},{\"@type\":\"Person\",\"@id\":\"https:\/\/www.movistar.es\/blog\/#\/schema\/person\/c08164bba32a416ae0908ffcff27cda4\",\"name\":\"\u00c1lvaro Gui\u00f1\u00f3n\",\"image\":{\"@type\":\"ImageObject\",\"inLanguage\":\"es\",\"@id\":\"https:\/\/www.movistar.es\/blog\/#\/schema\/person\/image\/51671b6030de77c3bb9885814b71de60\",\"url\":\"https:\/\/secure.gravatar.com\/avatar\/2d8b4c1902b4a46e6f14e75ce5ae7a81cb04b5a4eb83dc660f881e7cad9c07b6\",\"contentUrl\":\"https:\/\/secure.gravatar.com\/avatar\/2d8b4c1902b4a46e6f14e75ce5ae7a81cb04b5a4eb83dc660f881e7cad9c07b6\",\"caption\":\"\u00c1lvaro Gui\u00f1\u00f3n\"},\"description\":\"\u00c1lvaro Gui\u00f1\u00f3n es periodista y est\u00e1 especializado en gaming, aunque le apasionan tanto el deporte como la tecnolog\u00eda. Forma parte de la redacci\u00f3n de Movistar eSports, medio referente en el entretenimiento digital.\",\"url\":\"https:\/\/www.movistar.es\/blog\/author\/agrinon\/\"}]}<\/script>\n<!-- \/ Yoast SEO Premium plugin. -->","yoast_head_json":{"title":"As\u00ed es c\u00f3mo Movistar Prosegur Alarmas te protege en tus vacaciones","description":"\u00bfPlaneas irte estas Navidades? Contrata Movistar Prosegur Alarmas en tus vacaciones y disfruta de la m\u00e1xima tranquilidad en tu hogar.","robots":{"index":"index","follow":"follow","max-snippet":"max-snippet:-1","max-image-preview":"max-image-preview:large","max-video-preview":"max-video-preview:-1"},"canonical":"https:\/\/www.movistar.es\/blog\/alarmas\/vacaciones-movistar-prosegur-alarmas\/","og_locale":"es_ES","og_type":"article","og_title":"As\u00ed es c\u00f3mo Movistar Prosegur Alarmas te protege en tus vacaciones","og_description":"\u00bfPlaneas irte estas Navidades? Contrata Movistar Prosegur Alarmas en tus vacaciones y disfruta de la m\u00e1xima tranquilidad en tu hogar.","og_url":"https:\/\/www.movistar.es\/blog\/alarmas\/vacaciones-movistar-prosegur-alarmas\/","og_site_name":"Movistar blog","article_published_time":"2023-12-05T17:30:24+00:00","article_modified_time":"2024-03-19T16:54:48+00:00","author":"\u00c1lvaro Gui\u00f1\u00f3n","twitter_card":"summary_large_image","twitter_image":"https:\/\/www.movistar.es\/blog\/wp-content\/uploads\/sites\/3\/2023\/12\/Depositphotos_312700678_L.jpg","twitter_misc":{"Written by":"\u00c1lvaro Gui\u00f1\u00f3n","Est. reading time":"5 minutos"},"schema":{"@context":"https:\/\/schema.org","@graph":[{"@type":"Article","@id":"https:\/\/www.movistar.es\/blog\/alarmas\/vacaciones-movistar-prosegur-alarmas\/#article","isPartOf":{"@id":"https:\/\/www.movistar.es\/blog\/alarmas\/vacaciones-movistar-prosegur-alarmas\/"},"author":{"name":"\u00c1lvaro Gui\u00f1\u00f3n","@id":"https:\/\/www.movistar.es\/blog\/#\/schema\/person\/c08164bba32a416ae0908ffcff27cda4"},"headline":"As\u00ed es c\u00f3mo Movistar Prosegur Alarmas te protege en tus vacaciones","datePublished":"2023-12-05T17:30:24+00:00","dateModified":"2024-03-19T16:54:48+00:00","mainEntityOfPage":{"@id":"https:\/\/www.movistar.es\/blog\/alarmas\/vacaciones-movistar-prosegur-alarmas\/"},"wordCount":847,"publisher":{"@id":"https:\/\/www.movistar.es\/blog\/#organization"},"image":{"@id":"https:\/\/www.movistar.es\/blog\/alarmas\/vacaciones-movistar-prosegur-alarmas\/#primaryimage"},"thumbnailUrl":"https:\/\/www.movistar.es\/blog\/wp-content\/uploads\/sites\/3\/2023\/12\/Depositphotos_312700678_L.jpg","inLanguage":"es"},{"@type":"WebPage","@id":"https:\/\/www.movistar.es\/blog\/alarmas\/vacaciones-movistar-prosegur-alarmas\/","url":"https:\/\/www.movistar.es\/blog\/alarmas\/vacaciones-movistar-prosegur-alarmas\/","name":"As\u00ed es c\u00f3mo Movistar Prosegur Alarmas te protege en tus vacaciones","isPartOf":{"@id":"https:\/\/www.movistar.es\/blog\/#website"},"primaryImageOfPage":{"@id":"https:\/\/www.movistar.es\/blog\/alarmas\/vacaciones-movistar-prosegur-alarmas\/#primaryimage"},"image":{"@id":"https:\/\/www.movistar.es\/blog\/alarmas\/vacaciones-movistar-prosegur-alarmas\/#primaryimage"},"thumbnailUrl":"https:\/\/www.movistar.es\/blog\/wp-content\/uploads\/sites\/3\/2023\/12\/Depositphotos_312700678_L.jpg","datePublished":"2023-12-05T17:30:24+00:00","dateModified":"2024-03-19T16:54:48+00:00","description":"\u00bfPlaneas irte estas Navidades? Contrata Movistar Prosegur Alarmas en tus vacaciones y disfruta de la m\u00e1xima tranquilidad en tu hogar.","breadcrumb":{"@id":"https:\/\/www.movistar.es\/blog\/alarmas\/vacaciones-movistar-prosegur-alarmas\/#breadcrumb"},"inLanguage":"es","potentialAction":[{"@type":"ReadAction","target":["https:\/\/www.movistar.es\/blog\/alarmas\/vacaciones-movistar-prosegur-alarmas\/"]}]},{"@type":"ImageObject","inLanguage":"es","@id":"https:\/\/www.movistar.es\/blog\/alarmas\/vacaciones-movistar-prosegur-alarmas\/#primaryimage","url":"https:\/\/www.movistar.es\/blog\/wp-content\/uploads\/sites\/3\/2023\/12\/Depositphotos_312700678_L.jpg","contentUrl":"https:\/\/www.movistar.es\/blog\/wp-content\/uploads\/sites\/3\/2023\/12\/Depositphotos_312700678_L.jpg","width":2000,"height":1333},{"@type":"BreadcrumbList","@id":"https:\/\/www.movistar.es\/blog\/alarmas\/vacaciones-movistar-prosegur-alarmas\/#breadcrumb","itemListElement":[{"@type":"ListItem","position":1,"name":"Home","item":"https:\/\/www.movistar.es\/blog\/"},{"@type":"ListItem","position":2,"name":"As\u00ed es c\u00f3mo Movistar Prosegur Alarmas te protege en tus vacaciones"}]},{"@type":"WebSite","@id":"https:\/\/www.movistar.es\/blog\/#website","url":"https:\/\/www.movistar.es\/blog\/","name":"Movistar blog","description":"Movistar Blog. Informaci\u00f3n y m\u00e1s sobre los productos y servicios de Movistar","publisher":{"@id":"https:\/\/www.movistar.es\/blog\/#organization"},"potentialAction":[{"@type":"SearchAction","target":{"@type":"EntryPoint","urlTemplate":"https:\/\/www.movistar.es\/blog\/?s={search_term_string}"},"query-input":{"@type":"PropertyValueSpecification","valueRequired":true,"valueName":"search_term_string"}}],"inLanguage":"es"},{"@type":"Organization","@id":"https:\/\/www.movistar.es\/blog\/#organization","name":"Movistar blog","url":"https:\/\/www.movistar.es\/blog\/","logo":{"@type":"ImageObject","inLanguage":"es","@id":"https:\/\/www.movistar.es\/blog\/#\/schema\/logo\/image\/","url":"https:\/\/www.movistar.es\/blog\/wp-content\/uploads\/sites\/3\/2022\/05\/logo_movistar-1.svg","contentUrl":"https:\/\/www.movistar.es\/blog\/wp-content\/uploads\/sites\/3\/2022\/05\/logo_movistar-1.svg","width":369,"height":272,"caption":"Movistar blog"},"image":{"@id":"https:\/\/www.movistar.es\/blog\/#\/schema\/logo\/image\/"}},{"@type":"Person","@id":"https:\/\/www.movistar.es\/blog\/#\/schema\/person\/c08164bba32a416ae0908ffcff27cda4","name":"\u00c1lvaro Gui\u00f1\u00f3n","image":{"@type":"ImageObject","inLanguage":"es","@id":"https:\/\/www.movistar.es\/blog\/#\/schema\/person\/image\/51671b6030de77c3bb9885814b71de60","url":"https:\/\/secure.gravatar.com\/avatar\/2d8b4c1902b4a46e6f14e75ce5ae7a81cb04b5a4eb83dc660f881e7cad9c07b6","contentUrl":"https:\/\/secure.gravatar.com\/avatar\/2d8b4c1902b4a46e6f14e75ce5ae7a81cb04b5a4eb83dc660f881e7cad9c07b6","caption":"\u00c1lvaro Gui\u00f1\u00f3n"},"description":"\u00c1lvaro Gui\u00f1\u00f3n es periodista y est\u00e1 especializado en gaming, aunque le apasionan tanto el deporte como la tecnolog\u00eda. Forma parte de la redacci\u00f3n de Movistar eSports, medio referente en el entretenimiento digital.","url":"https:\/\/www.movistar.es\/blog\/author\/agrinon\/"}]}},"jetpack_featured_media_url":"https:\/\/www.movistar.es\/blog\/wp-content\/uploads\/sites\/3\/2023\/12\/Depositphotos_312700678_L.jpg","jetpack_sharing_enabled":true,"_links":{"self":[{"href":"https:\/\/www.movistar.es\/blog\/wp-json\/wp\/v2\/posts\/20488","targetHints":{"allow":["GET"]}}],"collection":[{"href":"https:\/\/www.movistar.es\/blog\/wp-json\/wp\/v2\/posts"}],"about":[{"href":"https:\/\/www.movistar.es\/blog\/wp-json\/wp\/v2\/types\/post"}],"author":[{"embeddable":true,"href":"https:\/\/www.movistar.es\/blog\/wp-json\/wp\/v2\/users\/81"}],"replies":[{"embeddable":true,"href":"https:\/\/www.movistar.es\/blog\/wp-json\/wp\/v2\/comments?post=20488"}],"version-history":[{"count":26,"href":"https:\/\/www.movistar.es\/blog\/wp-json\/wp\/v2\/posts\/20488\/revisions"}],"predecessor-version":[{"id":24845,"href":"https:\/\/www.movistar.es\/blog\/wp-json\/wp\/v2\/posts\/20488\/revisions\/24845"}],"wp:featuredmedia":[{"embeddable":true,"href":"https:\/\/www.movistar.es\/blog\/wp-json\/wp\/v2\/media\/20675"}],"wp:attachment":[{"href":"https:\/\/www.movistar.es\/blog\/wp-json\/wp\/v2\/media?parent=20488"}],"wp:term":[{"taxonomy":"category","embeddable":true,"href":"https:\/\/www.movistar.es\/blog\/wp-json\/wp\/v2\/categories?post=20488"},{"taxonomy":"post_tag","embeddable":true,"href":"https:\/\/www.movistar.es\/blog\/wp-json\/wp\/v2\/tags?post=20488"},{"taxonomy":"area","embeddable":true,"href":"https:\/\/www.movistar.es\/blog\/wp-json\/wp\/v2\/area?post=20488"},{"taxonomy":"cluster","embeddable":true,"href":"https:\/\/www.movistar.es\/blog\/wp-json\/wp\/v2\/cluster?post=20488"},{"taxonomy":"linea_editorial","embeddable":true,"href":"https:\/\/www.movistar.es\/blog\/wp-json\/wp\/v2\/linea_editorial?post=20488"},{"taxonomy":"author","embeddable":true,"href":"https:\/\/www.movistar.es\/blog\/wp-json\/wp\/v2\/coauthors?post=20488"}],"curies":[{"name":"wp","href":"https:\/\/api.w.org\/{rel}","templated":true}]}}