{"id":19890,"date":"2023-11-23T15:37:12","date_gmt":"2023-11-23T14:37:12","guid":{"rendered":"https:\/\/www.movistar.es\/blog\/?p=19890"},"modified":"2023-11-29T15:34:13","modified_gmt":"2023-11-29T14:34:13","slug":"nuevo-movistar-plus-abierto-7-dias","status":"publish","type":"post","link":"https:\/\/www.movistar.es\/blog\/movistar-plus\/nuevo-movistar-plus-abierto-7-dias\/","title":{"rendered":"El nuevo Movistar Plus+ se abre para todo el mundo durante 7 d\u00edas"},"content":{"rendered":"\n<p>Por primera vez, la nueva plataforma de streaming de Movistar Plus+, que ve\u00eda la luz el pasado 1 de agosto, hace posible <strong>disfrutar de todos sus contenidos<\/strong> <strong>de manera abierta durante siete d\u00edas<\/strong> para los que se registren <strong>entre el 23 y el 29 de noviembre<\/strong>.<\/p>\n\n\n\n<p>Toda una semana para disfrutar del f\u00fatbol con partidazos de<strong> La Champions y LaLiga<\/strong>, encuentros de la <strong>Liga Endesa, Euroliga y NBA<\/strong> de baloncesto, estrenos de <strong>pel\u00edculas o series<\/strong> y <strong>producciones originales<\/strong>, sin importar tu compa\u00f1\u00eda de internet o m\u00f3vil. \u00bfQuieres saber todo lo que te ofrece y c\u00f3mo poder disfrutarlo? \u00a1Sigue leyendo!<\/p>\n\n\n\n<h2 class=\"wp-block-heading\" id=\"h-que-contenidos-del-nuevo-movistar-plus-podras-ver-en-abierto\">Qu\u00e9 contenidos del nuevo Movistar Plus+ podr\u00e1s ver en abierto<\/h2>\n\n\n\n<p>El cat\u00e1logo del nuevo Movistar Plus+ incluye una amplia selecci\u00f3n de contenidos, con un estreno de cine al d\u00eda, grandes series originales e internacionales, lo mejor del deporte y programas como \u2018La Resistencia\u2019. Esto es todo lo que no puedes perderte.<\/p>\n\n\n\n<h3 class=\"wp-block-heading\" id=\"h-la-oferta-deportiva-mas-completa\">La oferta deportiva m\u00e1s completa<\/h3>\n\n\n\n<p>Respecto al <strong>f\u00fatbol<\/strong>, el nuevo Movistar Plus+ ofrece el <strong>mejor partido de Champions de cada jornada<\/strong>. Es el caso del pr\u00f3ximo partidazo <strong>Real Madrid vs. N\u00e1poles<\/strong> el 29 de noviembre a las 21.00, que corresponde a la quinta jornada de la fase de grupos de la UEFA Champions League. Sin duda, uno de los partidos de la Champions m\u00e1s emocionantes, donde el equipo blanco buscar\u00e1 asegurar la primera posici\u00f3n de su grupo. \u00bf<strong>D\u00f3nde puedes<\/strong> ver el pr\u00f3ximo <strong>partido del Madrid en la Champions<\/strong> que no puedes perderte? Lo tienes en <strong>Movistar Plus+<\/strong>.<\/p>\n\n\n\n<p>Ante este encuentro contra el Napoli, el Real Madrid llega despu\u00e9s de ganar contra el C\u00e1diz, ocupando la primera posici\u00f3n de su grupo con 12 puntos. Por su lado, el Napoli llega al partido de Champions tras ganar contra el Atalanta, en la cuarta posici\u00f3n de la serie A con 24 puntos. Sin duda, un duelo \u00e9pico que podr\u00e1s ver en Movistar Plus+ ahora en abierto.<\/p>\n\n\n\n<p>Adem\u00e1s de un partido de <strong>LaLiga EA Sports <\/strong>por cada jornada, como el Atl\u00e9tico de Madrid &#8211; Mallorca el 25 de noviembre y los <strong>dos mejores partidos de la Liga Hypermotion (2\u00aa divisi\u00f3n)<\/strong>, entre otras muchas competiciones. <\/p>\n\n\n\n<p>Para los fan\u00e1ticos del <strong>baloncesto<\/strong>, Movistar Plus+ es imprescindible. Con <strong>dos partidos de La Liga Endesa cada jornada<\/strong>, incluyendo el Real Madrid &#8211; Morabanc Andorra y Dreamland Gran Canaria &#8211; Lenovo Tenerife el 26 de noviembre; <strong>dos partidos de Euroliga por jornada<\/strong> con el enfrentamiento Real Madrid &#8211; Alba Berl\u00edn el d\u00eda 23 y el Baskonia &#8211; M\u00f3naco el 24; y los <strong>3 mejores partidos de la NBA cada semana<\/strong>.<\/p>\n\n\n\n<p>Por si esto fuera poco, la plataforma tambi\u00e9n cubre otros <a href=\"https:\/\/www.movistarplus.es\/programacion\/deportes\" target=\"_blank\" rel=\"noreferrer noopener\">deportes m\u00e1s importantes del calendario<\/a>. Desde el mejor partido de cada jornada de lo mejor <strong>del tenis<\/strong>, como los partidazos de la<strong> semifinal y final de la Copa Davis <\/strong>de este fin de semana, <strong>golf, rugby y p\u00e1del<\/strong>, hasta <strong>dos partidos de NFL<\/strong>.<\/p>\n\n\n\n<figure class=\"wp-block-image size-full\"><img loading=\"lazy\" decoding=\"async\" width=\"1024\" height=\"576\" src=\"https:\/\/www.movistar.es\/blog\/wp-content\/uploads\/sites\/3\/2023\/11\/a4d8acdd-dcd8-35de-e766-c043617b269c.jpg\" alt=\"Ver plataforma Movistar Plus+ en abierto\" class=\"wp-image-19931\" srcset=\"https:\/\/www.movistar.es\/blog\/wp-content\/uploads\/sites\/3\/2023\/11\/a4d8acdd-dcd8-35de-e766-c043617b269c.jpg 1024w, https:\/\/www.movistar.es\/blog\/wp-content\/uploads\/sites\/3\/2023\/11\/a4d8acdd-dcd8-35de-e766-c043617b269c.jpg?resize=300,169 300w, https:\/\/www.movistar.es\/blog\/wp-content\/uploads\/sites\/3\/2023\/11\/a4d8acdd-dcd8-35de-e766-c043617b269c.jpg?resize=768,432 768w\" sizes=\"auto, (max-width: 1024px) 100vw, 1024px\" \/><\/figure>\n\n\n\n<h3 class=\"wp-block-heading\" id=\"h-peliculas-series-y-documentales\">Pel\u00edculas, series y documentales<\/h3>\n\n\n\n<p>Por otro lado, gracias a la nueva plataforma de streaming de Movistar Plus+, tambi\u00e9n se podr\u00e1 disfrutar de los <strong>t\u00edtulos m\u00e1s destacados del mes<\/strong> como &#8216;Super Mario Bros.: la pel\u00edcula&#8217;, el \u2018true crime\u2019 de Carles Porta <a href=\"https:\/\/www.movistar.es\/blog\/movistar-plus\/donde-ver-luz-en-la-oscuridad-series-de-crimenes\/\" target=\"_blank\" rel=\"noreferrer noopener\">&#8216;Luz en la oscuridad&#8217;<\/a> o el documental &#8216;Air Cocaine&#8217;. Adem\u00e1s de <strong>producciones originales <\/strong>como <a href=\"https:\/\/www.movistar.es\/blog\/movistar-plus\/la-mesias-nueva-serie-movistar-plus\/\" target=\"_blank\" rel=\"noreferrer noopener\">&#8216;La Mes\u00edas&#8217;<\/a> al completo y la reci\u00e9n llegada &#8216;El otro lado&#8217;. <\/p>\n\n\n\n<p>La amplia oferta del cat\u00e1logo Movistar incluye adem\u00e1s <strong>una pel\u00edcula de estreno cada d\u00eda y los t\u00edtulos m\u00e1s destacados de 2023<\/strong> como &#8216;As Bestas&#8217;, &#8216;Jurassic World: Dominion&#8217;, &#8216;Como Dios manda&#8217; o &#8216;Los Fabelman&#8217;.<\/p>\n\n\n\n<p>En el caso de los amantes de las <strong>series<\/strong>, podr\u00e1s disfrutar de <strong>originales<\/strong> como &#8216;Antidisturbios&#8217;, &#8216;Poquita fe&#8217;, &#8216;La unidad&#8217; o &#8216;Rapa&#8217;, <strong>series internacionales<\/strong>&nbsp;de la talla de &#8216;Billions&#8217;, &#8216;The Good Fight&#8217;, &#8216;Happy Valley&#8217; o &#8216;Yellowjackets&#8217;, <strong>originales de no ficci\u00f3n<\/strong>&nbsp;como &#8216;Bos\u00e9 Renacido&#8217; o &#8216;Supergarc\u00eda&#8217;, <strong>documentales <\/strong>como &#8216;Bisbal&#8217; y &#8216;Oppenheimer,&nbsp;<strong>producciones de naturaleza de BBC Earth, lo mejor del \u2018true crime\u2019, historia y ciencia.<\/strong><\/p>\n\n\n\n<p>Por \u00faltimo, <strong>programas de entretenimiento<\/strong> como  &#8216;La Resistencia&#8217;, &#8216;Ilustres Ignorantes&#8217; o &#8216;That&#8217;s My Jam&#8217;, y mucha m\u00fasica, con \u2018El camerino\u2019, conciertos y grandes festivales, que cierran esta incre\u00edble selecci\u00f3n de contenidos.&nbsp;<\/p>\n\n\n\n<h3 class=\"wp-block-heading\" class=\"wp-block-heading\" id=\"como-empezar-a-disfrutar-ya-del-nuevo-movistar-plus\">C\u00f3mo empezar a disfrutar ya del nuevo Movistar Plus+<\/h3>\n\n\n\n<p>As\u00ed, desde el <strong>23 de noviembre y hasta el 29 de noviembre<\/strong>, podr\u00e1s registrarte <a href=\"https:\/\/www.movistarplus.es\/\" target=\"_blank\" rel=\"noreferrer noopener\">en Movistar Plus<\/a> con tu correo electr\u00f3nico para ver <strong>todos los contenidos de la plataforma durante 7 d\u00edas completos<\/strong>. Esta demo contar\u00e1 desde el mismo d\u00eda que el usuario se apunte a la prueba. No hay que introducir datos de pago ni existe compromiso posterior ni permanencia, pudiendo acceder todo el mundo sin importar con qui\u00e9n tenga contratado internet o m\u00f3vil.<\/p>\n\n\n\n<p>Es tan sencillo que, cuando terminen los 7 d\u00edas de prueba, quien lo desee podr\u00e1 <strong>suscribirse por 14 euros al mes<\/strong>. \u00bfA qu\u00e9 esperas para apuntarte?<\/p>\n","protected":false},"excerpt":{"rendered":"<p>Por primera vez, la nueva plataforma de streaming de Movistar Plus+, que ve\u00eda la luz el pasado 1 de agosto, hace posible disfrutar de todos sus contenidos de manera abierta durante siete d\u00edas para los [&hellip;]<\/p>\n","protected":false},"author":118,"featured_media":19936,"comment_status":"closed","ping_status":"closed","sticky":false,"template":"","format":"standard","meta":{"site-sidebar-layout":"default","site-content-layout":"","ast-site-content-layout":"","site-content-style":"default","site-sidebar-style":"default","ast-global-header-display":"","ast-banner-title-visibility":"","ast-main-header-display":"","ast-hfb-above-header-display":"","ast-hfb-below-header-display":"","ast-hfb-mobile-header-display":"","site-post-title":"","ast-breadcrumbs-content":"","ast-featured-img":"","footer-sml-layout":"","theme-transparent-header-meta":"","adv-header-id-meta":"","stick-header-meta":"","header-above-stick-meta":"","header-main-stick-meta":"","header-below-stick-meta":"","astra-migrate-meta-layouts":"default","ast-page-background-enabled":"default","ast-page-background-meta":{"desktop":{"background-color":"var(--ast-global-color-4)","background-image":"","background-repeat":"repeat","background-position":"center center","background-size":"auto","background-attachment":"scroll","background-type":"","background-media":"","overlay-type":"","overlay-color":"","overlay-opacity":"","overlay-gradient":""},"tablet":{"background-color":"","background-image":"","background-repeat":"repeat","background-position":"center center","background-size":"auto","background-attachment":"scroll","background-type":"","background-media":"","overlay-type":"","overlay-color":"","overlay-opacity":"","overlay-gradient":""},"mobile":{"background-color":"","background-image":"","background-repeat":"repeat","background-position":"center center","background-size":"auto","background-attachment":"scroll","background-type":"","background-media":"","overlay-type":"","overlay-color":"","overlay-opacity":"","overlay-gradient":""}},"ast-content-background-meta":{"desktop":{"background-color":"var(--ast-global-color-5)","background-image":"","background-repeat":"repeat","background-position":"center center","background-size":"auto","background-attachment":"scroll","background-type":"","background-media":"","overlay-type":"","overlay-color":"","overlay-opacity":"","overlay-gradient":""},"tablet":{"background-color":"var(--ast-global-color-5)","background-image":"","background-repeat":"repeat","background-position":"center center","background-size":"auto","background-attachment":"scroll","background-type":"","background-media":"","overlay-type":"","overlay-color":"","overlay-opacity":"","overlay-gradient":""},"mobile":{"background-color":"var(--ast-global-color-5)","background-image":"","background-repeat":"repeat","background-position":"center center","background-size":"auto","background-attachment":"scroll","background-type":"","background-media":"","overlay-type":"","overlay-color":"","overlay-opacity":"","overlay-gradient":""}},"_jetpack_memberships_contains_paid_content":false,"footnotes":""},"categories":[1],"tags":[],"area":[],"cluster":[45],"linea_editorial":[],"coauthors":[513],"class_list":["post-19890","post","type-post","status-publish","format-standard","has-post-thumbnail","hentry","category-sin-categoria","cluster-movistar-plus"],"yoast_head":"<!-- This site is optimized with the Yoast SEO Premium plugin v25.5 (Yoast SEO v25.5) - https:\/\/yoast.com\/wordpress\/plugins\/seo\/ -->\n<title>As\u00ed puedes ver el nuevo Movistar Plus+ en abierto durante 7 d\u00edas<\/title>\n<meta name=\"description\" content=\"As\u00ed es como puedes ver por primera vez en abierto el nuevo Movistar Plus+ entre el 23 y el 29 de noviembre.\" \/>\n<meta name=\"robots\" content=\"index, follow, max-snippet:-1, max-image-preview:large, max-video-preview:-1\" \/>\n<link rel=\"canonical\" href=\"https:\/\/www.movistar.es\/blog\/movistar-plus\/nuevo-movistar-plus-abierto-7-dias\/\" \/>\n<meta property=\"og:locale\" content=\"es_ES\" \/>\n<meta property=\"og:type\" content=\"article\" \/>\n<meta property=\"og:title\" content=\"El nuevo Movistar Plus+ se abre para todo el mundo durante 7 d\u00edas\" \/>\n<meta property=\"og:description\" content=\"As\u00ed es como puedes ver por primera vez en abierto el nuevo Movistar Plus+ entre el 23 y el 29 de noviembre.\" \/>\n<meta property=\"og:url\" content=\"https:\/\/www.movistar.es\/blog\/movistar-plus\/nuevo-movistar-plus-abierto-7-dias\/\" \/>\n<meta property=\"og:site_name\" content=\"Movistar blog\" \/>\n<meta property=\"article:published_time\" content=\"2023-11-23T14:37:12+00:00\" \/>\n<meta property=\"article:modified_time\" content=\"2023-11-29T14:34:13+00:00\" \/>\n<meta name=\"author\" content=\"M Herencia\" \/>\n<meta name=\"twitter:card\" content=\"summary_large_image\" \/>\n<meta name=\"twitter:image\" content=\"https:\/\/www.movistar.es\/blog\/wp-content\/uploads\/sites\/3\/2023\/11\/Familia-frente-a-la-television-celebrando-Family-celebrating-in-front-of-the-tv.jpg\" \/>\n<meta name=\"twitter:label1\" content=\"Written by\" \/>\n\t<meta name=\"twitter:data1\" content=\"M Herencia\" \/>\n\t<meta name=\"twitter:label2\" content=\"Est. reading time\" \/>\n\t<meta name=\"twitter:data2\" content=\"4 minutos\" \/>\n<script type=\"application\/ld+json\" class=\"yoast-schema-graph\">{\"@context\":\"https:\/\/schema.org\",\"@graph\":[{\"@type\":\"Article\",\"@id\":\"https:\/\/www.movistar.es\/blog\/movistar-plus\/nuevo-movistar-plus-abierto-7-dias\/#article\",\"isPartOf\":{\"@id\":\"https:\/\/www.movistar.es\/blog\/movistar-plus\/nuevo-movistar-plus-abierto-7-dias\/\"},\"author\":{\"name\":\"M Herencia\",\"@id\":\"https:\/\/www.movistar.es\/blog\/#\/schema\/person\/b21de7ac2b784b8609251dae33ce905e\"},\"headline\":\"El nuevo Movistar Plus+ se abre para todo el mundo durante 7 d\u00edas\",\"datePublished\":\"2023-11-23T14:37:12+00:00\",\"dateModified\":\"2023-11-29T14:34:13+00:00\",\"mainEntityOfPage\":{\"@id\":\"https:\/\/www.movistar.es\/blog\/movistar-plus\/nuevo-movistar-plus-abierto-7-dias\/\"},\"wordCount\":836,\"publisher\":{\"@id\":\"https:\/\/www.movistar.es\/blog\/#organization\"},\"image\":{\"@id\":\"https:\/\/www.movistar.es\/blog\/movistar-plus\/nuevo-movistar-plus-abierto-7-dias\/#primaryimage\"},\"thumbnailUrl\":\"https:\/\/www.movistar.es\/blog\/wp-content\/uploads\/sites\/3\/2023\/11\/Familia-frente-a-la-television-celebrando-Family-celebrating-in-front-of-the-tv.jpg\",\"inLanguage\":\"es\"},{\"@type\":\"WebPage\",\"@id\":\"https:\/\/www.movistar.es\/blog\/movistar-plus\/nuevo-movistar-plus-abierto-7-dias\/\",\"url\":\"https:\/\/www.movistar.es\/blog\/movistar-plus\/nuevo-movistar-plus-abierto-7-dias\/\",\"name\":\"As\u00ed puedes ver el nuevo Movistar Plus+ en abierto durante 7 d\u00edas\",\"isPartOf\":{\"@id\":\"https:\/\/www.movistar.es\/blog\/#website\"},\"primaryImageOfPage\":{\"@id\":\"https:\/\/www.movistar.es\/blog\/movistar-plus\/nuevo-movistar-plus-abierto-7-dias\/#primaryimage\"},\"image\":{\"@id\":\"https:\/\/www.movistar.es\/blog\/movistar-plus\/nuevo-movistar-plus-abierto-7-dias\/#primaryimage\"},\"thumbnailUrl\":\"https:\/\/www.movistar.es\/blog\/wp-content\/uploads\/sites\/3\/2023\/11\/Familia-frente-a-la-television-celebrando-Family-celebrating-in-front-of-the-tv.jpg\",\"datePublished\":\"2023-11-23T14:37:12+00:00\",\"dateModified\":\"2023-11-29T14:34:13+00:00\",\"description\":\"As\u00ed es como puedes ver por primera vez en abierto el nuevo Movistar Plus+ entre el 23 y el 29 de noviembre.\",\"breadcrumb\":{\"@id\":\"https:\/\/www.movistar.es\/blog\/movistar-plus\/nuevo-movistar-plus-abierto-7-dias\/#breadcrumb\"},\"inLanguage\":\"es\",\"potentialAction\":[{\"@type\":\"ReadAction\",\"target\":[\"https:\/\/www.movistar.es\/blog\/movistar-plus\/nuevo-movistar-plus-abierto-7-dias\/\"]}]},{\"@type\":\"ImageObject\",\"inLanguage\":\"es\",\"@id\":\"https:\/\/www.movistar.es\/blog\/movistar-plus\/nuevo-movistar-plus-abierto-7-dias\/#primaryimage\",\"url\":\"https:\/\/www.movistar.es\/blog\/wp-content\/uploads\/sites\/3\/2023\/11\/Familia-frente-a-la-television-celebrando-Family-celebrating-in-front-of-the-tv.jpg\",\"contentUrl\":\"https:\/\/www.movistar.es\/blog\/wp-content\/uploads\/sites\/3\/2023\/11\/Familia-frente-a-la-television-celebrando-Family-celebrating-in-front-of-the-tv.jpg\",\"width\":5119,\"height\":3413},{\"@type\":\"BreadcrumbList\",\"@id\":\"https:\/\/www.movistar.es\/blog\/movistar-plus\/nuevo-movistar-plus-abierto-7-dias\/#breadcrumb\",\"itemListElement\":[{\"@type\":\"ListItem\",\"position\":1,\"name\":\"Home\",\"item\":\"https:\/\/www.movistar.es\/blog\/\"},{\"@type\":\"ListItem\",\"position\":2,\"name\":\"El nuevo Movistar Plus+ se abre para todo el mundo durante 7 d\u00edas\"}]},{\"@type\":\"WebSite\",\"@id\":\"https:\/\/www.movistar.es\/blog\/#website\",\"url\":\"https:\/\/www.movistar.es\/blog\/\",\"name\":\"Movistar blog\",\"description\":\"Movistar Blog. Informaci\u00f3n y m\u00e1s sobre los productos y servicios de Movistar\",\"publisher\":{\"@id\":\"https:\/\/www.movistar.es\/blog\/#organization\"},\"potentialAction\":[{\"@type\":\"SearchAction\",\"target\":{\"@type\":\"EntryPoint\",\"urlTemplate\":\"https:\/\/www.movistar.es\/blog\/?s={search_term_string}\"},\"query-input\":{\"@type\":\"PropertyValueSpecification\",\"valueRequired\":true,\"valueName\":\"search_term_string\"}}],\"inLanguage\":\"es\"},{\"@type\":\"Organization\",\"@id\":\"https:\/\/www.movistar.es\/blog\/#organization\",\"name\":\"Movistar blog\",\"url\":\"https:\/\/www.movistar.es\/blog\/\",\"logo\":{\"@type\":\"ImageObject\",\"inLanguage\":\"es\",\"@id\":\"https:\/\/www.movistar.es\/blog\/#\/schema\/logo\/image\/\",\"url\":\"https:\/\/www.movistar.es\/blog\/wp-content\/uploads\/sites\/3\/2022\/05\/logo_movistar-1.svg\",\"contentUrl\":\"https:\/\/www.movistar.es\/blog\/wp-content\/uploads\/sites\/3\/2022\/05\/logo_movistar-1.svg\",\"width\":369,\"height\":272,\"caption\":\"Movistar blog\"},\"image\":{\"@id\":\"https:\/\/www.movistar.es\/blog\/#\/schema\/logo\/image\/\"}},{\"@type\":\"Person\",\"@id\":\"https:\/\/www.movistar.es\/blog\/#\/schema\/person\/b21de7ac2b784b8609251dae33ce905e\",\"name\":\"M Herencia\",\"image\":{\"@type\":\"ImageObject\",\"inLanguage\":\"es\",\"@id\":\"https:\/\/www.movistar.es\/blog\/#\/schema\/person\/image\/70aa92e4c3760e6117169f96a2f4ed19\",\"url\":\"https:\/\/secure.gravatar.com\/avatar\/fbfe3d7ad39a224974690568534e4ee98340a305b7faaa6d612d1014af1b7718\",\"contentUrl\":\"https:\/\/secure.gravatar.com\/avatar\/fbfe3d7ad39a224974690568534e4ee98340a305b7faaa6d612d1014af1b7718\",\"caption\":\"M Herencia\"},\"url\":\"https:\/\/www.movistar.es\/blog\/author\/mjherencia\/\"}]}<\/script>\n<!-- \/ Yoast SEO Premium plugin. -->","yoast_head_json":{"title":"As\u00ed puedes ver el nuevo Movistar Plus+ en abierto durante 7 d\u00edas","description":"As\u00ed es como puedes ver por primera vez en abierto el nuevo Movistar Plus+ entre el 23 y el 29 de noviembre.","robots":{"index":"index","follow":"follow","max-snippet":"max-snippet:-1","max-image-preview":"max-image-preview:large","max-video-preview":"max-video-preview:-1"},"canonical":"https:\/\/www.movistar.es\/blog\/movistar-plus\/nuevo-movistar-plus-abierto-7-dias\/","og_locale":"es_ES","og_type":"article","og_title":"El nuevo Movistar Plus+ se abre para todo el mundo durante 7 d\u00edas","og_description":"As\u00ed es como puedes ver por primera vez en abierto el nuevo Movistar Plus+ entre el 23 y el 29 de noviembre.","og_url":"https:\/\/www.movistar.es\/blog\/movistar-plus\/nuevo-movistar-plus-abierto-7-dias\/","og_site_name":"Movistar blog","article_published_time":"2023-11-23T14:37:12+00:00","article_modified_time":"2023-11-29T14:34:13+00:00","author":"M Herencia","twitter_card":"summary_large_image","twitter_image":"https:\/\/www.movistar.es\/blog\/wp-content\/uploads\/sites\/3\/2023\/11\/Familia-frente-a-la-television-celebrando-Family-celebrating-in-front-of-the-tv.jpg","twitter_misc":{"Written by":"M Herencia","Est. reading time":"4 minutos"},"schema":{"@context":"https:\/\/schema.org","@graph":[{"@type":"Article","@id":"https:\/\/www.movistar.es\/blog\/movistar-plus\/nuevo-movistar-plus-abierto-7-dias\/#article","isPartOf":{"@id":"https:\/\/www.movistar.es\/blog\/movistar-plus\/nuevo-movistar-plus-abierto-7-dias\/"},"author":{"name":"M Herencia","@id":"https:\/\/www.movistar.es\/blog\/#\/schema\/person\/b21de7ac2b784b8609251dae33ce905e"},"headline":"El nuevo Movistar Plus+ se abre para todo el mundo durante 7 d\u00edas","datePublished":"2023-11-23T14:37:12+00:00","dateModified":"2023-11-29T14:34:13+00:00","mainEntityOfPage":{"@id":"https:\/\/www.movistar.es\/blog\/movistar-plus\/nuevo-movistar-plus-abierto-7-dias\/"},"wordCount":836,"publisher":{"@id":"https:\/\/www.movistar.es\/blog\/#organization"},"image":{"@id":"https:\/\/www.movistar.es\/blog\/movistar-plus\/nuevo-movistar-plus-abierto-7-dias\/#primaryimage"},"thumbnailUrl":"https:\/\/www.movistar.es\/blog\/wp-content\/uploads\/sites\/3\/2023\/11\/Familia-frente-a-la-television-celebrando-Family-celebrating-in-front-of-the-tv.jpg","inLanguage":"es"},{"@type":"WebPage","@id":"https:\/\/www.movistar.es\/blog\/movistar-plus\/nuevo-movistar-plus-abierto-7-dias\/","url":"https:\/\/www.movistar.es\/blog\/movistar-plus\/nuevo-movistar-plus-abierto-7-dias\/","name":"As\u00ed puedes ver el nuevo Movistar Plus+ en abierto durante 7 d\u00edas","isPartOf":{"@id":"https:\/\/www.movistar.es\/blog\/#website"},"primaryImageOfPage":{"@id":"https:\/\/www.movistar.es\/blog\/movistar-plus\/nuevo-movistar-plus-abierto-7-dias\/#primaryimage"},"image":{"@id":"https:\/\/www.movistar.es\/blog\/movistar-plus\/nuevo-movistar-plus-abierto-7-dias\/#primaryimage"},"thumbnailUrl":"https:\/\/www.movistar.es\/blog\/wp-content\/uploads\/sites\/3\/2023\/11\/Familia-frente-a-la-television-celebrando-Family-celebrating-in-front-of-the-tv.jpg","datePublished":"2023-11-23T14:37:12+00:00","dateModified":"2023-11-29T14:34:13+00:00","description":"As\u00ed es como puedes ver por primera vez en abierto el nuevo Movistar Plus+ entre el 23 y el 29 de noviembre.","breadcrumb":{"@id":"https:\/\/www.movistar.es\/blog\/movistar-plus\/nuevo-movistar-plus-abierto-7-dias\/#breadcrumb"},"inLanguage":"es","potentialAction":[{"@type":"ReadAction","target":["https:\/\/www.movistar.es\/blog\/movistar-plus\/nuevo-movistar-plus-abierto-7-dias\/"]}]},{"@type":"ImageObject","inLanguage":"es","@id":"https:\/\/www.movistar.es\/blog\/movistar-plus\/nuevo-movistar-plus-abierto-7-dias\/#primaryimage","url":"https:\/\/www.movistar.es\/blog\/wp-content\/uploads\/sites\/3\/2023\/11\/Familia-frente-a-la-television-celebrando-Family-celebrating-in-front-of-the-tv.jpg","contentUrl":"https:\/\/www.movistar.es\/blog\/wp-content\/uploads\/sites\/3\/2023\/11\/Familia-frente-a-la-television-celebrando-Family-celebrating-in-front-of-the-tv.jpg","width":5119,"height":3413},{"@type":"BreadcrumbList","@id":"https:\/\/www.movistar.es\/blog\/movistar-plus\/nuevo-movistar-plus-abierto-7-dias\/#breadcrumb","itemListElement":[{"@type":"ListItem","position":1,"name":"Home","item":"https:\/\/www.movistar.es\/blog\/"},{"@type":"ListItem","position":2,"name":"El nuevo Movistar Plus+ se abre para todo el mundo durante 7 d\u00edas"}]},{"@type":"WebSite","@id":"https:\/\/www.movistar.es\/blog\/#website","url":"https:\/\/www.movistar.es\/blog\/","name":"Movistar blog","description":"Movistar Blog. Informaci\u00f3n y m\u00e1s sobre los productos y servicios de Movistar","publisher":{"@id":"https:\/\/www.movistar.es\/blog\/#organization"},"potentialAction":[{"@type":"SearchAction","target":{"@type":"EntryPoint","urlTemplate":"https:\/\/www.movistar.es\/blog\/?s={search_term_string}"},"query-input":{"@type":"PropertyValueSpecification","valueRequired":true,"valueName":"search_term_string"}}],"inLanguage":"es"},{"@type":"Organization","@id":"https:\/\/www.movistar.es\/blog\/#organization","name":"Movistar blog","url":"https:\/\/www.movistar.es\/blog\/","logo":{"@type":"ImageObject","inLanguage":"es","@id":"https:\/\/www.movistar.es\/blog\/#\/schema\/logo\/image\/","url":"https:\/\/www.movistar.es\/blog\/wp-content\/uploads\/sites\/3\/2022\/05\/logo_movistar-1.svg","contentUrl":"https:\/\/www.movistar.es\/blog\/wp-content\/uploads\/sites\/3\/2022\/05\/logo_movistar-1.svg","width":369,"height":272,"caption":"Movistar blog"},"image":{"@id":"https:\/\/www.movistar.es\/blog\/#\/schema\/logo\/image\/"}},{"@type":"Person","@id":"https:\/\/www.movistar.es\/blog\/#\/schema\/person\/b21de7ac2b784b8609251dae33ce905e","name":"M Herencia","image":{"@type":"ImageObject","inLanguage":"es","@id":"https:\/\/www.movistar.es\/blog\/#\/schema\/person\/image\/70aa92e4c3760e6117169f96a2f4ed19","url":"https:\/\/secure.gravatar.com\/avatar\/fbfe3d7ad39a224974690568534e4ee98340a305b7faaa6d612d1014af1b7718","contentUrl":"https:\/\/secure.gravatar.com\/avatar\/fbfe3d7ad39a224974690568534e4ee98340a305b7faaa6d612d1014af1b7718","caption":"M Herencia"},"url":"https:\/\/www.movistar.es\/blog\/author\/mjherencia\/"}]}},"jetpack_featured_media_url":"https:\/\/www.movistar.es\/blog\/wp-content\/uploads\/sites\/3\/2023\/11\/Familia-frente-a-la-television-celebrando-Family-celebrating-in-front-of-the-tv.jpg","jetpack_sharing_enabled":true,"_links":{"self":[{"href":"https:\/\/www.movistar.es\/blog\/wp-json\/wp\/v2\/posts\/19890","targetHints":{"allow":["GET"]}}],"collection":[{"href":"https:\/\/www.movistar.es\/blog\/wp-json\/wp\/v2\/posts"}],"about":[{"href":"https:\/\/www.movistar.es\/blog\/wp-json\/wp\/v2\/types\/post"}],"author":[{"embeddable":true,"href":"https:\/\/www.movistar.es\/blog\/wp-json\/wp\/v2\/users\/118"}],"replies":[{"embeddable":true,"href":"https:\/\/www.movistar.es\/blog\/wp-json\/wp\/v2\/comments?post=19890"}],"version-history":[{"count":76,"href":"https:\/\/www.movistar.es\/blog\/wp-json\/wp\/v2\/posts\/19890\/revisions"}],"predecessor-version":[{"id":20300,"href":"https:\/\/www.movistar.es\/blog\/wp-json\/wp\/v2\/posts\/19890\/revisions\/20300"}],"wp:featuredmedia":[{"embeddable":true,"href":"https:\/\/www.movistar.es\/blog\/wp-json\/wp\/v2\/media\/19936"}],"wp:attachment":[{"href":"https:\/\/www.movistar.es\/blog\/wp-json\/wp\/v2\/media?parent=19890"}],"wp:term":[{"taxonomy":"category","embeddable":true,"href":"https:\/\/www.movistar.es\/blog\/wp-json\/wp\/v2\/categories?post=19890"},{"taxonomy":"post_tag","embeddable":true,"href":"https:\/\/www.movistar.es\/blog\/wp-json\/wp\/v2\/tags?post=19890"},{"taxonomy":"area","embeddable":true,"href":"https:\/\/www.movistar.es\/blog\/wp-json\/wp\/v2\/area?post=19890"},{"taxonomy":"cluster","embeddable":true,"href":"https:\/\/www.movistar.es\/blog\/wp-json\/wp\/v2\/cluster?post=19890"},{"taxonomy":"linea_editorial","embeddable":true,"href":"https:\/\/www.movistar.es\/blog\/wp-json\/wp\/v2\/linea_editorial?post=19890"},{"taxonomy":"author","embeddable":true,"href":"https:\/\/www.movistar.es\/blog\/wp-json\/wp\/v2\/coauthors?post=19890"}],"curies":[{"name":"wp","href":"https:\/\/api.w.org\/{rel}","templated":true}]}}