{"id":19819,"date":"2023-11-27T10:28:11","date_gmt":"2023-11-27T09:28:11","guid":{"rendered":"https:\/\/www.movistar.es\/blog\/?p=19819"},"modified":"2023-11-27T10:28:12","modified_gmt":"2023-11-27T09:28:12","slug":"hablemos-de-accesibilidad-digital","status":"publish","type":"post","link":"https:\/\/www.movistar.es\/blog\/sostenibilidad\/hablemos-de-accesibilidad-digital\/","title":{"rendered":"Hablemos de la accesibilidad digital"},"content":{"rendered":"\n<p>Si hace 25 a\u00f1os me hubiesen dicho que cada d\u00eda podr\u00eda consultar decenas de peri\u00f3dicos por m\u00ed misma, que leer\u00eda documentos en papel desde cualquier lugar y sin ayuda y muchas otras cosas, me habr\u00eda parecido ciencia ficci\u00f3n, aunque para todo el mundo sea algo cotidiano.<\/p>\n\n\n\n<p>Estudi\u00e9 periodismo en la universidad. Era una carrera que, teniendo discapacidad visual, presentaba ciertos retos. Despu\u00e9s eleg\u00ed el camino de la accesibilidad digital y estudi\u00e9 un m\u00e1ster para poder dedicarme a ello.<\/p>\n\n\n\n<p>Hoy, soy consultora de accesibilidad digital y me dedico a intentar que <strong>las webs y las apps sean accesibles para todo el mundo<\/strong>, incluyendo a las personas con discapacidad, a las personas mayores, personas en riesgo de exclusi\u00f3n digital, etc.<\/p>\n\n\n\n<figure class=\"wp-block-image size-large\"><img loading=\"lazy\" decoding=\"async\" height=\"514\" width=\"1024\" src=\"https:\/\/www.movistar.es\/blog\/wp-content\/uploads\/sites\/3\/2023\/11\/hablando-telefono.jpg?w=1024\" alt=\"\" class=\"wp-image-19821\" srcset=\"https:\/\/www.movistar.es\/blog\/wp-content\/uploads\/sites\/3\/2023\/11\/hablando-telefono.jpg 2379w, https:\/\/www.movistar.es\/blog\/wp-content\/uploads\/sites\/3\/2023\/11\/hablando-telefono.jpg?resize=300,150 300w, https:\/\/www.movistar.es\/blog\/wp-content\/uploads\/sites\/3\/2023\/11\/hablando-telefono.jpg?resize=768,385 768w, https:\/\/www.movistar.es\/blog\/wp-content\/uploads\/sites\/3\/2023\/11\/hablando-telefono.jpg?resize=1024,514 1024w, https:\/\/www.movistar.es\/blog\/wp-content\/uploads\/sites\/3\/2023\/11\/hablando-telefono.jpg?resize=1536,770 1536w, https:\/\/www.movistar.es\/blog\/wp-content\/uploads\/sites\/3\/2023\/11\/hablando-telefono.jpg?resize=2048,1027 2048w\" sizes=\"auto, (max-width: 1024px) 100vw, 1024px\" \/><\/figure>\n\n\n\n<h2 class=\"wp-block-heading\" id=\"h-y-que-es-eso-de-la-accesibilidad\"><strong>\u00bfY qu\u00e9 es eso de la accesibilidad?<\/strong><\/h2>\n\n\n\n<p>\u00bfHas intentado leer la pantalla de tu m\u00f3vil bajo el sol alguna vez y has tenido dificultades? Eso les sucede habitualmente a las personas con baja visi\u00f3n o a las personas mayores que van perdiendo vista. &nbsp;Se solucionar\u00eda si, en el <strong>proceso de dise\u00f1o<\/strong>, se tuviesen en cuenta cuestiones como el contraste del color del texto con el del fondo o el tama\u00f1o de la letra, los botones, etc.<\/p>\n\n\n\n<p>Si est\u00e1s en un entorno ruidoso o demasiado silencioso como una biblioteca no podr\u00e1s escuchar los videos y necesitar\u00e1s <strong>subt\u00edtulos<\/strong> como las personas sordas.<\/p>\n\n\n\n<p>Estos son algunos ejemplos en los que se comprende perfectamente porque las apps, las webs y sus contenidos deben estar dise\u00f1ados para todos.<\/p>\n\n\n\n<p>No todo el mundo navega de la misma forma. \u00bfTodos usamos el rat\u00f3n? La respuesta es no.<\/p>\n\n\n\n<p>Hay personas con discapacidad motriz que <strong><a href=\"https:\/\/www.movistar.es\/blog\/home\/dispositivos-movistar-de-voz\/\" target=\"_blank\" rel=\"noreferrer noopener\">navegan solo con la voz<\/a><\/strong>, otras que, por temblores en sus extremidades (con Parkinson o similar) <strong>no pueden usar un rat\u00f3n<\/strong>, tampoco las personas ciegas y, quiz\u00e1s t\u00fa te has encontrado en la misma situaci\u00f3n si te has roto una mano.<\/p>\n\n\n\n<figure class=\"wp-block-image size-large\"><img loading=\"lazy\" decoding=\"async\" height=\"550\" width=\"1024\" src=\"https:\/\/www.movistar.es\/blog\/wp-content\/uploads\/sites\/3\/2023\/11\/mujer-trabajando-silla-ruedas.jpg?w=1024\" alt=\"\" class=\"wp-image-19822\" srcset=\"https:\/\/www.movistar.es\/blog\/wp-content\/uploads\/sites\/3\/2023\/11\/mujer-trabajando-silla-ruedas.jpg 2379w, https:\/\/www.movistar.es\/blog\/wp-content\/uploads\/sites\/3\/2023\/11\/mujer-trabajando-silla-ruedas.jpg?resize=300,161 300w, https:\/\/www.movistar.es\/blog\/wp-content\/uploads\/sites\/3\/2023\/11\/mujer-trabajando-silla-ruedas.jpg?resize=768,412 768w, https:\/\/www.movistar.es\/blog\/wp-content\/uploads\/sites\/3\/2023\/11\/mujer-trabajando-silla-ruedas.jpg?resize=1024,550 1024w, https:\/\/www.movistar.es\/blog\/wp-content\/uploads\/sites\/3\/2023\/11\/mujer-trabajando-silla-ruedas.jpg?resize=1536,824 1536w, https:\/\/www.movistar.es\/blog\/wp-content\/uploads\/sites\/3\/2023\/11\/mujer-trabajando-silla-ruedas.jpg?resize=2048,1099 2048w\" sizes=\"auto, (max-width: 1024px) 100vw, 1024px\" \/><\/figure>\n\n\n\n<h2 class=\"wp-block-heading\" class=\"wp-block-heading\" id=\"como-se-garantiza-la-accesibilidad-digital\"><strong>\u00bfC\u00f3mo se garantiza la accesibilidad digital?<\/strong><\/h2>\n\n\n\n<p>Existen normativas y pautas t\u00e9cnicas para lograrlo, y profesionales que asesoramos en estos procesos para garantizar la accesibilidad en webs y aplicaciones m\u00f3viles.<\/p>\n\n\n\n<p>La accesibilidad se ha convertido, tambi\u00e9n, en una opci\u00f3n de integraci\u00f3n laboral para muchas personas con discapacidad visual. Nos podemos formar en programaci\u00f3n, auditor\u00edas digitales, etc. Y desempe\u00f1ar nuestro trabajo sin problemas.<\/p>\n\n\n\n<figure class=\"wp-block-image size-large\"><img loading=\"lazy\" decoding=\"async\" height=\"507\" width=\"1024\" src=\"https:\/\/www.movistar.es\/blog\/wp-content\/uploads\/sites\/3\/2023\/11\/parque-chica-con-perro.jpg?w=1024\" alt=\"\" class=\"wp-image-19823\" srcset=\"https:\/\/www.movistar.es\/blog\/wp-content\/uploads\/sites\/3\/2023\/11\/parque-chica-con-perro.jpg 1675w, https:\/\/www.movistar.es\/blog\/wp-content\/uploads\/sites\/3\/2023\/11\/parque-chica-con-perro.jpg?resize=300,148 300w, https:\/\/www.movistar.es\/blog\/wp-content\/uploads\/sites\/3\/2023\/11\/parque-chica-con-perro.jpg?resize=768,380 768w, https:\/\/www.movistar.es\/blog\/wp-content\/uploads\/sites\/3\/2023\/11\/parque-chica-con-perro.jpg?resize=1024,507 1024w, https:\/\/www.movistar.es\/blog\/wp-content\/uploads\/sites\/3\/2023\/11\/parque-chica-con-perro.jpg?resize=1536,760 1536w\" sizes=\"auto, (max-width: 1024px) 100vw, 1024px\" \/><\/figure>\n\n\n\n<h2 class=\"wp-block-heading\" class=\"wp-block-heading\" id=\"el-papel-de-las-empresas\"><strong>El papel de las empresas<\/strong><\/h2>\n\n\n\n<p><strong>Las empresas deben garantizar que todos podamos usar sus productos y servicios<\/strong>. Si no puedo consultar mis cuentas elegir\u00e9 otro banco, si no puedo comprar en el supermercado on-line lo har\u00e9 en otro y si la aplicaci\u00f3n del termostato de la calefacci\u00f3n es inaccesible no adquirir\u00e9 ese modelo.<\/p>\n\n\n\n<p>En definitiva, <strong>se perder\u00e1n clientes y la imagen de la empresa que no tenga en cuenta la accesibilidad ser\u00e1 mucho peor<\/strong>. Es una cuesti\u00f3n de responsabilidad social, de respetar los derechos de todos, y de procurar que todos podamos disfrutar de los bienes y servicios disponibles.<\/p>\n\n\n\n<p>Actualmente, a priori, las personas ciegas podemos leer libros digitales el d\u00eda que salen a la venta, comprar regalos en plataformas on-line, chatear con nuestros amigos, consultar el tiempo, reservar un vuelo\u2026 O no, dependiendo de la accesibilidad de la APP o la web.<\/p>\n\n\n\n<p>La aplicaci\u00f3n del colegio de mi hija, la red social de moda, la APP de chat\u2026 son herramientas que nos incluyen o excluyen de la vida social. <strong>Nos permiten formar parte de muchas cosas siendo uno m\u00e1s o nos dejan de lado si la accesibilidad se ha ignorado<\/strong> en el proceso de creaci\u00f3n del servicio.<\/p>\n\n\n\n<figure class=\"wp-block-image size-large\"><img loading=\"lazy\" decoding=\"async\" height=\"500\" width=\"1024\" src=\"https:\/\/www.movistar.es\/blog\/wp-content\/uploads\/sites\/3\/2023\/11\/chicos-lenguaje-signos.jpg?w=1024\" alt=\"\" class=\"wp-image-19824\" srcset=\"https:\/\/www.movistar.es\/blog\/wp-content\/uploads\/sites\/3\/2023\/11\/chicos-lenguaje-signos.jpg 2395w, https:\/\/www.movistar.es\/blog\/wp-content\/uploads\/sites\/3\/2023\/11\/chicos-lenguaje-signos.jpg?resize=300,146 300w, https:\/\/www.movistar.es\/blog\/wp-content\/uploads\/sites\/3\/2023\/11\/chicos-lenguaje-signos.jpg?resize=768,375 768w, https:\/\/www.movistar.es\/blog\/wp-content\/uploads\/sites\/3\/2023\/11\/chicos-lenguaje-signos.jpg?resize=1024,500 1024w, https:\/\/www.movistar.es\/blog\/wp-content\/uploads\/sites\/3\/2023\/11\/chicos-lenguaje-signos.jpg?resize=1536,750 1536w, https:\/\/www.movistar.es\/blog\/wp-content\/uploads\/sites\/3\/2023\/11\/chicos-lenguaje-signos.jpg?resize=2048,1000 2048w, https:\/\/www.movistar.es\/blog\/wp-content\/uploads\/sites\/3\/2023\/11\/chicos-lenguaje-signos.jpg?resize=450,220 450w\" sizes=\"auto, (max-width: 1024px) 100vw, 1024px\" \/><\/figure>\n\n\n\n<h2 class=\"wp-block-heading\" class=\"wp-block-heading\" id=\"todos-podemos-aportar-nuestro-granito-de-arena\"><strong>Todos podemos aportar nuestro granito de arena<\/strong><\/h2>\n\n\n\n<p>Si quieres ser inclusivo con todo el mundo porque has entendido la importancia de la accesibilidad puedes aportar tu grano de arena.<\/p>\n\n\n\n<p>Las personas con discapacidad tambi\u00e9n usamos las redes sociales. Por eso, si tienes un negocio e indicas en tu Instagram, Twitter u otras redes sociales las ofertas, actividades, etc. solo en im\u00e1genes, esto provocar\u00e1 que personas como yo no podamos acceder a esta informaci\u00f3n y por lo tanto no nos atraigan tus productos o servicios. Deber\u00edas incluir lo que se llama un texto alternativo, que ahora la mayor\u00eda de las redes sociales permiten; un breve texto que describa lo que dice la imagen.<\/p>\n\n\n\n<p>Y si tienes una web, ser\u00eda recomendable que profesionales cualificados analicen si es accesible o no, para eliminar las barreras que, a diario, personas como yo, nos encontramos en las cosas m\u00e1s cotidianas.<\/p>\n\n\n\n<p>De esta forma, contribuimos a hacer <strong>un mundo digital <a href=\"https:\/\/www.telefonica.com\/es\/sala-comunicacion\/blog\/el-camino-de-telefonica-hacia-la-inclusion-de-las-personas-con-discapacidad\/\" target=\"_blank\" rel=\"noreferrer noopener\">m\u00e1s accesible e inclusivo<\/a> para todos<\/strong>.<\/p>\n\n\n\n<p>\u00bfTe sumas a ello?&nbsp;<\/p>\n","protected":false},"excerpt":{"rendered":"<p>Si hace 25 a\u00f1os me hubiesen dicho que cada d\u00eda podr\u00eda consultar decenas de peri\u00f3dicos por m\u00ed misma, que leer\u00eda documentos en papel desde cualquier lugar y sin ayuda y muchas otras cosas, me habr\u00eda [&hellip;]<\/p>\n","protected":false},"author":209,"featured_media":19862,"comment_status":"closed","ping_status":"closed","sticky":false,"template":"","format":"standard","meta":{"site-sidebar-layout":"default","site-content-layout":"","ast-site-content-layout":"","site-content-style":"default","site-sidebar-style":"default","ast-global-header-display":"","ast-banner-title-visibility":"","ast-main-header-display":"","ast-hfb-above-header-display":"","ast-hfb-below-header-display":"","ast-hfb-mobile-header-display":"","site-post-title":"","ast-breadcrumbs-content":"","ast-featured-img":"","footer-sml-layout":"","theme-transparent-header-meta":"","adv-header-id-meta":"","stick-header-meta":"","header-above-stick-meta":"","header-main-stick-meta":"","header-below-stick-meta":"","astra-migrate-meta-layouts":"default","ast-page-background-enabled":"default","ast-page-background-meta":{"desktop":{"background-color":"var(--ast-global-color-4)","background-image":"","background-repeat":"repeat","background-position":"center center","background-size":"auto","background-attachment":"scroll","background-type":"","background-media":"","overlay-type":"","overlay-color":"","overlay-opacity":"","overlay-gradient":""},"tablet":{"background-color":"","background-image":"","background-repeat":"repeat","background-position":"center center","background-size":"auto","background-attachment":"scroll","background-type":"","background-media":"","overlay-type":"","overlay-color":"","overlay-opacity":"","overlay-gradient":""},"mobile":{"background-color":"","background-image":"","background-repeat":"repeat","background-position":"center center","background-size":"auto","background-attachment":"scroll","background-type":"","background-media":"","overlay-type":"","overlay-color":"","overlay-opacity":"","overlay-gradient":""}},"ast-content-background-meta":{"desktop":{"background-color":"var(--ast-global-color-5)","background-image":"","background-repeat":"repeat","background-position":"center center","background-size":"auto","background-attachment":"scroll","background-type":"","background-media":"","overlay-type":"","overlay-color":"","overlay-opacity":"","overlay-gradient":""},"tablet":{"background-color":"var(--ast-global-color-5)","background-image":"","background-repeat":"repeat","background-position":"center center","background-size":"auto","background-attachment":"scroll","background-type":"","background-media":"","overlay-type":"","overlay-color":"","overlay-opacity":"","overlay-gradient":""},"mobile":{"background-color":"var(--ast-global-color-5)","background-image":"","background-repeat":"repeat","background-position":"center center","background-size":"auto","background-attachment":"scroll","background-type":"","background-media":"","overlay-type":"","overlay-color":"","overlay-opacity":"","overlay-gradient":""}},"_jetpack_memberships_contains_paid_content":false,"footnotes":""},"categories":[1],"tags":[],"area":[],"cluster":[562],"linea_editorial":[],"coauthors":[585],"class_list":["post-19819","post","type-post","status-publish","format-standard","has-post-thumbnail","hentry","category-sin-categoria","cluster-sostenibilidad"],"yoast_head":"<!-- This site is optimized with the Yoast SEO Premium plugin v25.5 (Yoast SEO v25.5) - https:\/\/yoast.com\/wordpress\/plugins\/seo\/ -->\n<title>Hablemos de accesibilidad digital<\/title>\n<meta name=\"description\" content=\"La accesibilidad digital es responsabilidad de todos para que las personas con discapacidad puedan integrarse laboralmente.\" \/>\n<meta name=\"robots\" content=\"index, follow, max-snippet:-1, max-image-preview:large, max-video-preview:-1\" \/>\n<link rel=\"canonical\" href=\"https:\/\/www.movistar.es\/blog\/sostenibilidad\/hablemos-de-accesibilidad-digital\/\" \/>\n<meta property=\"og:locale\" content=\"es_ES\" \/>\n<meta property=\"og:type\" content=\"article\" \/>\n<meta property=\"og:title\" content=\"Hablemos de la accesibilidad digital\" \/>\n<meta property=\"og:description\" content=\"La accesibilidad digital es responsabilidad de todos para que las personas con discapacidad puedan integrarse laboralmente.\" \/>\n<meta property=\"og:url\" content=\"https:\/\/www.movistar.es\/blog\/sostenibilidad\/hablemos-de-accesibilidad-digital\/\" \/>\n<meta property=\"og:site_name\" content=\"Movistar blog\" \/>\n<meta property=\"article:published_time\" content=\"2023-11-27T09:28:11+00:00\" \/>\n<meta property=\"article:modified_time\" content=\"2023-11-27T09:28:12+00:00\" \/>\n<meta property=\"og:image\" content=\"https:\/\/www.movistar.es\/blog\/wp-content\/uploads\/sites\/3\/2023\/11\/hombre-tecnologia-lengua-signos.jpg\" \/>\n\t<meta property=\"og:image:width\" content=\"2395\" \/>\n\t<meta property=\"og:image:height\" content=\"1217\" \/>\n\t<meta property=\"og:image:type\" content=\"image\/jpeg\" \/>\n<meta name=\"author\" content=\"Meritxell Aymerich\" \/>\n<meta name=\"twitter:card\" content=\"summary_large_image\" \/>\n<meta name=\"twitter:label1\" content=\"Written by\" \/>\n\t<meta name=\"twitter:data1\" content=\"Meritxell Aymerich\" \/>\n\t<meta name=\"twitter:label2\" content=\"Est. reading time\" \/>\n\t<meta name=\"twitter:data2\" content=\"5 minutos\" \/>\n<script type=\"application\/ld+json\" class=\"yoast-schema-graph\">{\"@context\":\"https:\/\/schema.org\",\"@graph\":[{\"@type\":\"Article\",\"@id\":\"https:\/\/www.movistar.es\/blog\/sostenibilidad\/hablemos-de-accesibilidad-digital\/#article\",\"isPartOf\":{\"@id\":\"https:\/\/www.movistar.es\/blog\/sostenibilidad\/hablemos-de-accesibilidad-digital\/\"},\"author\":{\"name\":\"Meritxell Aymerich\",\"@id\":\"https:\/\/www.movistar.es\/blog\/#\/schema\/person\/79f91cab0f6a9b1c43366b5d3cf4ac2d\"},\"headline\":\"Hablemos de la accesibilidad digital\",\"datePublished\":\"2023-11-27T09:28:11+00:00\",\"dateModified\":\"2023-11-27T09:28:12+00:00\",\"mainEntityOfPage\":{\"@id\":\"https:\/\/www.movistar.es\/blog\/sostenibilidad\/hablemos-de-accesibilidad-digital\/\"},\"wordCount\":783,\"publisher\":{\"@id\":\"https:\/\/www.movistar.es\/blog\/#organization\"},\"image\":{\"@id\":\"https:\/\/www.movistar.es\/blog\/sostenibilidad\/hablemos-de-accesibilidad-digital\/#primaryimage\"},\"thumbnailUrl\":\"https:\/\/www.movistar.es\/blog\/wp-content\/uploads\/sites\/3\/2023\/11\/hombre-tecnologia-lengua-signos.jpg\",\"inLanguage\":\"es\"},{\"@type\":\"WebPage\",\"@id\":\"https:\/\/www.movistar.es\/blog\/sostenibilidad\/hablemos-de-accesibilidad-digital\/\",\"url\":\"https:\/\/www.movistar.es\/blog\/sostenibilidad\/hablemos-de-accesibilidad-digital\/\",\"name\":\"Hablemos de accesibilidad digital\",\"isPartOf\":{\"@id\":\"https:\/\/www.movistar.es\/blog\/#website\"},\"primaryImageOfPage\":{\"@id\":\"https:\/\/www.movistar.es\/blog\/sostenibilidad\/hablemos-de-accesibilidad-digital\/#primaryimage\"},\"image\":{\"@id\":\"https:\/\/www.movistar.es\/blog\/sostenibilidad\/hablemos-de-accesibilidad-digital\/#primaryimage\"},\"thumbnailUrl\":\"https:\/\/www.movistar.es\/blog\/wp-content\/uploads\/sites\/3\/2023\/11\/hombre-tecnologia-lengua-signos.jpg\",\"datePublished\":\"2023-11-27T09:28:11+00:00\",\"dateModified\":\"2023-11-27T09:28:12+00:00\",\"description\":\"La accesibilidad digital es responsabilidad de todos para que las personas con discapacidad puedan integrarse laboralmente.\",\"breadcrumb\":{\"@id\":\"https:\/\/www.movistar.es\/blog\/sostenibilidad\/hablemos-de-accesibilidad-digital\/#breadcrumb\"},\"inLanguage\":\"es\",\"potentialAction\":[{\"@type\":\"ReadAction\",\"target\":[\"https:\/\/www.movistar.es\/blog\/sostenibilidad\/hablemos-de-accesibilidad-digital\/\"]}]},{\"@type\":\"ImageObject\",\"inLanguage\":\"es\",\"@id\":\"https:\/\/www.movistar.es\/blog\/sostenibilidad\/hablemos-de-accesibilidad-digital\/#primaryimage\",\"url\":\"https:\/\/www.movistar.es\/blog\/wp-content\/uploads\/sites\/3\/2023\/11\/hombre-tecnologia-lengua-signos.jpg\",\"contentUrl\":\"https:\/\/www.movistar.es\/blog\/wp-content\/uploads\/sites\/3\/2023\/11\/hombre-tecnologia-lengua-signos.jpg\",\"width\":2395,\"height\":1217},{\"@type\":\"BreadcrumbList\",\"@id\":\"https:\/\/www.movistar.es\/blog\/sostenibilidad\/hablemos-de-accesibilidad-digital\/#breadcrumb\",\"itemListElement\":[{\"@type\":\"ListItem\",\"position\":1,\"name\":\"Home\",\"item\":\"https:\/\/www.movistar.es\/blog\/\"},{\"@type\":\"ListItem\",\"position\":2,\"name\":\"Hablemos de la accesibilidad digital\"}]},{\"@type\":\"WebSite\",\"@id\":\"https:\/\/www.movistar.es\/blog\/#website\",\"url\":\"https:\/\/www.movistar.es\/blog\/\",\"name\":\"Movistar blog\",\"description\":\"Movistar Blog. Informaci\u00f3n y m\u00e1s sobre los productos y servicios de Movistar\",\"publisher\":{\"@id\":\"https:\/\/www.movistar.es\/blog\/#organization\"},\"potentialAction\":[{\"@type\":\"SearchAction\",\"target\":{\"@type\":\"EntryPoint\",\"urlTemplate\":\"https:\/\/www.movistar.es\/blog\/?s={search_term_string}\"},\"query-input\":{\"@type\":\"PropertyValueSpecification\",\"valueRequired\":true,\"valueName\":\"search_term_string\"}}],\"inLanguage\":\"es\"},{\"@type\":\"Organization\",\"@id\":\"https:\/\/www.movistar.es\/blog\/#organization\",\"name\":\"Movistar blog\",\"url\":\"https:\/\/www.movistar.es\/blog\/\",\"logo\":{\"@type\":\"ImageObject\",\"inLanguage\":\"es\",\"@id\":\"https:\/\/www.movistar.es\/blog\/#\/schema\/logo\/image\/\",\"url\":\"https:\/\/www.movistar.es\/blog\/wp-content\/uploads\/sites\/3\/2022\/05\/logo_movistar-1.svg\",\"contentUrl\":\"https:\/\/www.movistar.es\/blog\/wp-content\/uploads\/sites\/3\/2022\/05\/logo_movistar-1.svg\",\"width\":369,\"height\":272,\"caption\":\"Movistar blog\"},\"image\":{\"@id\":\"https:\/\/www.movistar.es\/blog\/#\/schema\/logo\/image\/\"}},{\"@type\":\"Person\",\"@id\":\"https:\/\/www.movistar.es\/blog\/#\/schema\/person\/79f91cab0f6a9b1c43366b5d3cf4ac2d\",\"name\":\"Meritxell Aymerich\",\"image\":{\"@type\":\"ImageObject\",\"inLanguage\":\"es\",\"@id\":\"https:\/\/www.movistar.es\/blog\/#\/schema\/person\/image\/ffe847632c7e408e023c65cd15efc223\",\"url\":\"https:\/\/secure.gravatar.com\/avatar\/c95b1f86831a91034ba25ddbe98a7f861099bd27163a8acde4af12e4ca12c073\",\"contentUrl\":\"https:\/\/secure.gravatar.com\/avatar\/c95b1f86831a91034ba25ddbe98a7f861099bd27163a8acde4af12e4ca12c073\",\"caption\":\"Meritxell Aymerich\"},\"description\":\"Invidente, periodista y consultora en tecnolog\u00edas accesibles en THOTHOMweb.\",\"url\":\"https:\/\/www.movistar.es\/blog\/author\/meritxellaymerich\/\"}]}<\/script>\n<!-- \/ Yoast SEO Premium plugin. -->","yoast_head_json":{"title":"Hablemos de accesibilidad digital","description":"La accesibilidad digital es responsabilidad de todos para que las personas con discapacidad puedan integrarse laboralmente.","robots":{"index":"index","follow":"follow","max-snippet":"max-snippet:-1","max-image-preview":"max-image-preview:large","max-video-preview":"max-video-preview:-1"},"canonical":"https:\/\/www.movistar.es\/blog\/sostenibilidad\/hablemos-de-accesibilidad-digital\/","og_locale":"es_ES","og_type":"article","og_title":"Hablemos de la accesibilidad digital","og_description":"La accesibilidad digital es responsabilidad de todos para que las personas con discapacidad puedan integrarse laboralmente.","og_url":"https:\/\/www.movistar.es\/blog\/sostenibilidad\/hablemos-de-accesibilidad-digital\/","og_site_name":"Movistar blog","article_published_time":"2023-11-27T09:28:11+00:00","article_modified_time":"2023-11-27T09:28:12+00:00","og_image":[{"width":2395,"height":1217,"url":"https:\/\/www.movistar.es\/blog\/wp-content\/uploads\/sites\/3\/2023\/11\/hombre-tecnologia-lengua-signos.jpg","type":"image\/jpeg"}],"author":"Meritxell Aymerich","twitter_card":"summary_large_image","twitter_misc":{"Written by":"Meritxell Aymerich","Est. reading time":"5 minutos"},"schema":{"@context":"https:\/\/schema.org","@graph":[{"@type":"Article","@id":"https:\/\/www.movistar.es\/blog\/sostenibilidad\/hablemos-de-accesibilidad-digital\/#article","isPartOf":{"@id":"https:\/\/www.movistar.es\/blog\/sostenibilidad\/hablemos-de-accesibilidad-digital\/"},"author":{"name":"Meritxell Aymerich","@id":"https:\/\/www.movistar.es\/blog\/#\/schema\/person\/79f91cab0f6a9b1c43366b5d3cf4ac2d"},"headline":"Hablemos de la accesibilidad digital","datePublished":"2023-11-27T09:28:11+00:00","dateModified":"2023-11-27T09:28:12+00:00","mainEntityOfPage":{"@id":"https:\/\/www.movistar.es\/blog\/sostenibilidad\/hablemos-de-accesibilidad-digital\/"},"wordCount":783,"publisher":{"@id":"https:\/\/www.movistar.es\/blog\/#organization"},"image":{"@id":"https:\/\/www.movistar.es\/blog\/sostenibilidad\/hablemos-de-accesibilidad-digital\/#primaryimage"},"thumbnailUrl":"https:\/\/www.movistar.es\/blog\/wp-content\/uploads\/sites\/3\/2023\/11\/hombre-tecnologia-lengua-signos.jpg","inLanguage":"es"},{"@type":"WebPage","@id":"https:\/\/www.movistar.es\/blog\/sostenibilidad\/hablemos-de-accesibilidad-digital\/","url":"https:\/\/www.movistar.es\/blog\/sostenibilidad\/hablemos-de-accesibilidad-digital\/","name":"Hablemos de accesibilidad digital","isPartOf":{"@id":"https:\/\/www.movistar.es\/blog\/#website"},"primaryImageOfPage":{"@id":"https:\/\/www.movistar.es\/blog\/sostenibilidad\/hablemos-de-accesibilidad-digital\/#primaryimage"},"image":{"@id":"https:\/\/www.movistar.es\/blog\/sostenibilidad\/hablemos-de-accesibilidad-digital\/#primaryimage"},"thumbnailUrl":"https:\/\/www.movistar.es\/blog\/wp-content\/uploads\/sites\/3\/2023\/11\/hombre-tecnologia-lengua-signos.jpg","datePublished":"2023-11-27T09:28:11+00:00","dateModified":"2023-11-27T09:28:12+00:00","description":"La accesibilidad digital es responsabilidad de todos para que las personas con discapacidad puedan integrarse laboralmente.","breadcrumb":{"@id":"https:\/\/www.movistar.es\/blog\/sostenibilidad\/hablemos-de-accesibilidad-digital\/#breadcrumb"},"inLanguage":"es","potentialAction":[{"@type":"ReadAction","target":["https:\/\/www.movistar.es\/blog\/sostenibilidad\/hablemos-de-accesibilidad-digital\/"]}]},{"@type":"ImageObject","inLanguage":"es","@id":"https:\/\/www.movistar.es\/blog\/sostenibilidad\/hablemos-de-accesibilidad-digital\/#primaryimage","url":"https:\/\/www.movistar.es\/blog\/wp-content\/uploads\/sites\/3\/2023\/11\/hombre-tecnologia-lengua-signos.jpg","contentUrl":"https:\/\/www.movistar.es\/blog\/wp-content\/uploads\/sites\/3\/2023\/11\/hombre-tecnologia-lengua-signos.jpg","width":2395,"height":1217},{"@type":"BreadcrumbList","@id":"https:\/\/www.movistar.es\/blog\/sostenibilidad\/hablemos-de-accesibilidad-digital\/#breadcrumb","itemListElement":[{"@type":"ListItem","position":1,"name":"Home","item":"https:\/\/www.movistar.es\/blog\/"},{"@type":"ListItem","position":2,"name":"Hablemos de la accesibilidad digital"}]},{"@type":"WebSite","@id":"https:\/\/www.movistar.es\/blog\/#website","url":"https:\/\/www.movistar.es\/blog\/","name":"Movistar blog","description":"Movistar Blog. Informaci\u00f3n y m\u00e1s sobre los productos y servicios de Movistar","publisher":{"@id":"https:\/\/www.movistar.es\/blog\/#organization"},"potentialAction":[{"@type":"SearchAction","target":{"@type":"EntryPoint","urlTemplate":"https:\/\/www.movistar.es\/blog\/?s={search_term_string}"},"query-input":{"@type":"PropertyValueSpecification","valueRequired":true,"valueName":"search_term_string"}}],"inLanguage":"es"},{"@type":"Organization","@id":"https:\/\/www.movistar.es\/blog\/#organization","name":"Movistar blog","url":"https:\/\/www.movistar.es\/blog\/","logo":{"@type":"ImageObject","inLanguage":"es","@id":"https:\/\/www.movistar.es\/blog\/#\/schema\/logo\/image\/","url":"https:\/\/www.movistar.es\/blog\/wp-content\/uploads\/sites\/3\/2022\/05\/logo_movistar-1.svg","contentUrl":"https:\/\/www.movistar.es\/blog\/wp-content\/uploads\/sites\/3\/2022\/05\/logo_movistar-1.svg","width":369,"height":272,"caption":"Movistar blog"},"image":{"@id":"https:\/\/www.movistar.es\/blog\/#\/schema\/logo\/image\/"}},{"@type":"Person","@id":"https:\/\/www.movistar.es\/blog\/#\/schema\/person\/79f91cab0f6a9b1c43366b5d3cf4ac2d","name":"Meritxell Aymerich","image":{"@type":"ImageObject","inLanguage":"es","@id":"https:\/\/www.movistar.es\/blog\/#\/schema\/person\/image\/ffe847632c7e408e023c65cd15efc223","url":"https:\/\/secure.gravatar.com\/avatar\/c95b1f86831a91034ba25ddbe98a7f861099bd27163a8acde4af12e4ca12c073","contentUrl":"https:\/\/secure.gravatar.com\/avatar\/c95b1f86831a91034ba25ddbe98a7f861099bd27163a8acde4af12e4ca12c073","caption":"Meritxell Aymerich"},"description":"Invidente, periodista y consultora en tecnolog\u00edas accesibles en THOTHOMweb.","url":"https:\/\/www.movistar.es\/blog\/author\/meritxellaymerich\/"}]}},"jetpack_featured_media_url":"https:\/\/www.movistar.es\/blog\/wp-content\/uploads\/sites\/3\/2023\/11\/hombre-tecnologia-lengua-signos.jpg","jetpack_sharing_enabled":true,"_links":{"self":[{"href":"https:\/\/www.movistar.es\/blog\/wp-json\/wp\/v2\/posts\/19819","targetHints":{"allow":["GET"]}}],"collection":[{"href":"https:\/\/www.movistar.es\/blog\/wp-json\/wp\/v2\/posts"}],"about":[{"href":"https:\/\/www.movistar.es\/blog\/wp-json\/wp\/v2\/types\/post"}],"author":[{"embeddable":true,"href":"https:\/\/www.movistar.es\/blog\/wp-json\/wp\/v2\/users\/209"}],"replies":[{"embeddable":true,"href":"https:\/\/www.movistar.es\/blog\/wp-json\/wp\/v2\/comments?post=19819"}],"version-history":[{"count":5,"href":"https:\/\/www.movistar.es\/blog\/wp-json\/wp\/v2\/posts\/19819\/revisions"}],"predecessor-version":[{"id":19880,"href":"https:\/\/www.movistar.es\/blog\/wp-json\/wp\/v2\/posts\/19819\/revisions\/19880"}],"wp:featuredmedia":[{"embeddable":true,"href":"https:\/\/www.movistar.es\/blog\/wp-json\/wp\/v2\/media\/19862"}],"wp:attachment":[{"href":"https:\/\/www.movistar.es\/blog\/wp-json\/wp\/v2\/media?parent=19819"}],"wp:term":[{"taxonomy":"category","embeddable":true,"href":"https:\/\/www.movistar.es\/blog\/wp-json\/wp\/v2\/categories?post=19819"},{"taxonomy":"post_tag","embeddable":true,"href":"https:\/\/www.movistar.es\/blog\/wp-json\/wp\/v2\/tags?post=19819"},{"taxonomy":"area","embeddable":true,"href":"https:\/\/www.movistar.es\/blog\/wp-json\/wp\/v2\/area?post=19819"},{"taxonomy":"cluster","embeddable":true,"href":"https:\/\/www.movistar.es\/blog\/wp-json\/wp\/v2\/cluster?post=19819"},{"taxonomy":"linea_editorial","embeddable":true,"href":"https:\/\/www.movistar.es\/blog\/wp-json\/wp\/v2\/linea_editorial?post=19819"},{"taxonomy":"author","embeddable":true,"href":"https:\/\/www.movistar.es\/blog\/wp-json\/wp\/v2\/coauthors?post=19819"}],"curies":[{"name":"wp","href":"https:\/\/api.w.org\/{rel}","templated":true}]}}