{"id":18970,"date":"2023-11-07T12:25:35","date_gmt":"2023-11-07T11:25:35","guid":{"rendered":"https:\/\/www.movistar.es\/blog\/?p=18970"},"modified":"2023-11-28T08:56:45","modified_gmt":"2023-11-28T07:56:45","slug":"green-friday","status":"publish","type":"post","link":"https:\/\/www.movistar.es\/blog\/sostenibilidad\/green-friday\/","title":{"rendered":"Green Friday: qu\u00e9 es y en qu\u00e9 se diferencia del Black Friday"},"content":{"rendered":"\n<p>Seguro que todos los que est\u00e1is leyendo este art\u00edculo hab\u00e9is escuchado alguna vez los t\u00e9rminos <strong>Black Friday y Cyber Monday<\/strong>, esa \u00e9poca del a\u00f1o en la que podemos disfrutar de ofertar inigualables. Sin embargo, es probable que, para el p\u00fablico general, el<strong> Green Friday<\/strong> sea m\u00e1s desconocido.<\/p>\n\n\n\n<p>Hoy vamos a hablar sobre qu\u00e9 es, cu\u00e1ndo se celebra y en qu\u00e9 se diferencia con el Black Friday. Si no quieres quedarte con la duda, \u00a1sigue leyendo!<\/p>\n\n\n\n<h2 class=\"wp-block-heading\" id=\"h-que-es-el-green-friday-y-cuando-se-celebra\">Qu\u00e9 es el Green Friday y cu\u00e1ndo se celebra<\/h2>\n\n\n\n<p>En resumidas cuentas el Green Friday es<strong> una alternativa consciente <\/strong>al frenes\u00ed consumista del <a href=\"https:\/\/www.movistar.es\/blog\/dispositivos\/origen-black-friday\/\" target=\"_blank\" rel=\"noreferrer noopener\">Black Friday<\/a> y del Cyber Monday. Este d\u00eda nace con la intenci\u00f3n de transformar la manera en que concebimos nuestras compras. Iniciado como una respuesta al consumo desmedido, el Green Friday propone un enfoque basado en la <strong>responsabilidad<\/strong> y la <strong>sostenibilidad<\/strong>. <\/p>\n\n\n\n<p>Este movimiento, que comenz\u00f3 en 2015, ha logrado una expansi\u00f3n global, apostando por una forma de consumo respetuoso con el medio ambiente. Comerciantes especializados en productos ecol\u00f3gicos y sostenibles han visto en esta celebraci\u00f3n una oportunidad \u00fanica para reflexionar sobre nuestras decisiones de compra y su impacto en el entorno.<\/p>\n\n\n\n<p>El Green Friday va m\u00e1s all\u00e1 de la mera promoci\u00f3n de productos ecol\u00f3gicos. Tambi\u00e9n fomenta el <strong>apoyo al peque\u00f1o comercio<\/strong>, la adquisici\u00f3n de art\u00edculos de segunda mano y la compra de bienes que verdaderamente necesitamos. Su esencia se centra en la toma de conciencia respecto al impacto medioambiental de nuestras compras, motivando a los consumidores a reflexionar antes de adquirir algo impulsivamente. <\/p>\n\n\n\n<p>Cabe destacar que el Green Friday se celebra anualmente el \u00faltimo viernes de noviembre, coincidiendo con el Black Friday. Esta elecci\u00f3n de fecha se hizo de manera estrat\u00e9gica para ofrecer a los consumidores una alternativa consciente y sostenible para sus compras. En 2023, se llevar\u00e1 a cabo el <strong>24 de noviembre<\/strong>.<\/p>\n\n\n\n<figure class=\"wp-block-image size-large\"><img loading=\"lazy\" decoding=\"async\" height=\"683\" width=\"1024\" src=\"https:\/\/www.movistar.es\/blog\/wp-content\/uploads\/sites\/3\/2023\/11\/1669301940798.jpg?w=1024\" alt=\"green friday\" class=\"wp-image-18974\" srcset=\"https:\/\/www.movistar.es\/blog\/wp-content\/uploads\/sites\/3\/2023\/11\/1669301940798.jpg 1080w, https:\/\/www.movistar.es\/blog\/wp-content\/uploads\/sites\/3\/2023\/11\/1669301940798.jpg?resize=300,200 300w, https:\/\/www.movistar.es\/blog\/wp-content\/uploads\/sites\/3\/2023\/11\/1669301940798.jpg?resize=768,512 768w, https:\/\/www.movistar.es\/blog\/wp-content\/uploads\/sites\/3\/2023\/11\/1669301940798.jpg?resize=1024,683 1024w\" sizes=\"auto, (max-width: 1024px) 100vw, 1024px\" \/><\/figure>\n\n\n\n<h2 class=\"wp-block-heading\" id=\"h-en-que-se-diferencia-del-black-friday\">En qu\u00e9 se diferencia del Black Friday<\/h2>\n\n\n\n<p>Como ya hab\u00e9is podido intuir, la diferencia clave entre el Green Friday y el <a href=\"https:\/\/www.movistar.es\/blog\/dispositivos\/cuando-empieza-black-friday-fecha-hasta-cuando-dura\/\" target=\"_blank\" rel=\"noreferrer noopener\">Black Friday<\/a> radica en las filosof\u00edas que respaldan cada una de estas celebraciones. Mientras el Black Friday y el Cyber Monday se enfocan en promover el consumo a trav\u00e9s de sustanciosos descuentos y ofertas tentadoras, el Green Friday se propone como un motor de reflexi\u00f3n sobre la aut\u00e9ntica necesidad de nuestras compras y la vida \u00fatil de los productos.<\/p>\n\n\n\n<p>En el Green Friday, los descuentos y las ofertas no ocupan el centro del escenario. Las tiendas que participan en esta iniciativa, como parte de un modelo de negocio responsable y sostenible, suelen ofrecer precios justos durante todo el a\u00f1o, respetando la cadena de producci\u00f3n y el entorno. <\/p>\n\n\n\n<p>Por lo tanto, las rebajas en este d\u00eda no suelen ser tan agresivas como las del Black Friday. Esta diferencia fundamental se debe a que el objetivo del Green Friday no es meramente vender, sino<strong> educar y fomentar<\/strong> pr\u00e1cticas de <a href=\"https:\/\/www.movistar.es\/blog\/sostenibilidad\/economia-circular-consumidores\/\" target=\"_blank\" rel=\"noreferrer noopener\">compra m\u00e1s responsables y sostenibles<\/a>. As\u00ed pues, podemos decir que el Green Friday busca empoderar a los consumidores para que tomen decisiones m\u00e1s conscientes, considerando el impacto de sus acciones en el mundo que les rodea.<\/p>\n","protected":false},"excerpt":{"rendered":"<p>Seguro que todos los que est\u00e1is leyendo este art\u00edculo hab\u00e9is escuchado alguna vez los t\u00e9rminos Black Friday y Cyber Monday, esa \u00e9poca del a\u00f1o en la que podemos disfrutar de ofertar inigualables. Sin embargo, es [&hellip;]<\/p>\n","protected":false},"author":82,"featured_media":18979,"comment_status":"closed","ping_status":"closed","sticky":false,"template":"","format":"standard","meta":{"site-sidebar-layout":"default","site-content-layout":"","ast-site-content-layout":"","site-content-style":"default","site-sidebar-style":"default","ast-global-header-display":"","ast-banner-title-visibility":"","ast-main-header-display":"","ast-hfb-above-header-display":"","ast-hfb-below-header-display":"","ast-hfb-mobile-header-display":"","site-post-title":"","ast-breadcrumbs-content":"","ast-featured-img":"","footer-sml-layout":"","theme-transparent-header-meta":"","adv-header-id-meta":"","stick-header-meta":"","header-above-stick-meta":"","header-main-stick-meta":"","header-below-stick-meta":"","astra-migrate-meta-layouts":"default","ast-page-background-enabled":"default","ast-page-background-meta":{"desktop":{"background-color":"var(--ast-global-color-4)","background-image":"","background-repeat":"repeat","background-position":"center center","background-size":"auto","background-attachment":"scroll","background-type":"","background-media":"","overlay-type":"","overlay-color":"","overlay-opacity":"","overlay-gradient":""},"tablet":{"background-color":"","background-image":"","background-repeat":"repeat","background-position":"center center","background-size":"auto","background-attachment":"scroll","background-type":"","background-media":"","overlay-type":"","overlay-color":"","overlay-opacity":"","overlay-gradient":""},"mobile":{"background-color":"","background-image":"","background-repeat":"repeat","background-position":"center center","background-size":"auto","background-attachment":"scroll","background-type":"","background-media":"","overlay-type":"","overlay-color":"","overlay-opacity":"","overlay-gradient":""}},"ast-content-background-meta":{"desktop":{"background-color":"var(--ast-global-color-5)","background-image":"","background-repeat":"repeat","background-position":"center center","background-size":"auto","background-attachment":"scroll","background-type":"","background-media":"","overlay-type":"","overlay-color":"","overlay-opacity":"","overlay-gradient":""},"tablet":{"background-color":"var(--ast-global-color-5)","background-image":"","background-repeat":"repeat","background-position":"center center","background-size":"auto","background-attachment":"scroll","background-type":"","background-media":"","overlay-type":"","overlay-color":"","overlay-opacity":"","overlay-gradient":""},"mobile":{"background-color":"var(--ast-global-color-5)","background-image":"","background-repeat":"repeat","background-position":"center center","background-size":"auto","background-attachment":"scroll","background-type":"","background-media":"","overlay-type":"","overlay-color":"","overlay-opacity":"","overlay-gradient":""}},"_jetpack_memberships_contains_paid_content":false,"footnotes":""},"categories":[1],"tags":[],"area":[427],"cluster":[562],"linea_editorial":[],"coauthors":[411],"class_list":["post-18970","post","type-post","status-publish","format-standard","has-post-thumbnail","hentry","category-sin-categoria","area-gametv","cluster-sostenibilidad"],"yoast_head":"<!-- This site is optimized with the Yoast SEO Premium plugin v25.5 (Yoast SEO v25.5) - https:\/\/yoast.com\/wordpress\/plugins\/seo\/ -->\n<title>Green Friday: qu\u00e9 es y en qu\u00e9 se diferencia del Black Friday<\/title>\n<meta name=\"description\" content=\"Te contamos qu\u00e9 es y cu\u00e1ndo se celebra el Green Friday, la alternativa sostenible al Black Friday y al Cyber Monday.\" \/>\n<meta name=\"robots\" content=\"index, follow, max-snippet:-1, max-image-preview:large, max-video-preview:-1\" \/>\n<link rel=\"canonical\" href=\"https:\/\/www.movistar.es\/blog\/sostenibilidad\/green-friday\/\" \/>\n<meta property=\"og:locale\" content=\"es_ES\" \/>\n<meta property=\"og:type\" content=\"article\" \/>\n<meta property=\"og:title\" content=\"Green Friday: qu\u00e9 es y en qu\u00e9 se diferencia del Black Friday\" \/>\n<meta property=\"og:description\" content=\"Te contamos qu\u00e9 es y cu\u00e1ndo se celebra el Green Friday, la alternativa sostenible al Black Friday y al Cyber Monday.\" \/>\n<meta property=\"og:url\" content=\"https:\/\/www.movistar.es\/blog\/sostenibilidad\/green-friday\/\" \/>\n<meta property=\"og:site_name\" content=\"Movistar blog\" \/>\n<meta property=\"article:published_time\" content=\"2023-11-07T11:25:35+00:00\" \/>\n<meta property=\"article:modified_time\" content=\"2023-11-28T07:56:45+00:00\" \/>\n<meta property=\"og:image\" content=\"https:\/\/www.movistar.es\/blog\/wp-content\/uploads\/sites\/3\/2023\/11\/eco-1024x586-1.jpg\" \/>\n\t<meta property=\"og:image:width\" content=\"1024\" \/>\n\t<meta property=\"og:image:height\" content=\"586\" \/>\n\t<meta property=\"og:image:type\" content=\"image\/jpeg\" \/>\n<meta name=\"author\" content=\"Juan Carrasco\" \/>\n<meta name=\"twitter:card\" content=\"summary_large_image\" \/>\n<meta name=\"twitter:creator\" content=\"@juan_villain\" \/>\n<meta name=\"twitter:label1\" content=\"Written by\" \/>\n\t<meta name=\"twitter:data1\" content=\"Juan Carrasco\" \/>\n\t<meta name=\"twitter:label2\" content=\"Est. reading time\" \/>\n\t<meta name=\"twitter:data2\" content=\"4 minutos\" \/>\n<script type=\"application\/ld+json\" class=\"yoast-schema-graph\">{\"@context\":\"https:\/\/schema.org\",\"@graph\":[{\"@type\":\"Article\",\"@id\":\"https:\/\/www.movistar.es\/blog\/sostenibilidad\/green-friday\/#article\",\"isPartOf\":{\"@id\":\"https:\/\/www.movistar.es\/blog\/sostenibilidad\/green-friday\/\"},\"author\":{\"name\":\"Juan Carrasco\",\"@id\":\"https:\/\/www.movistar.es\/blog\/#\/schema\/person\/aa90a598b429d06707d7bbdcc4ac52bf\"},\"headline\":\"Green Friday: qu\u00e9 es y en qu\u00e9 se diferencia del Black Friday\",\"datePublished\":\"2023-11-07T11:25:35+00:00\",\"dateModified\":\"2023-11-28T07:56:45+00:00\",\"mainEntityOfPage\":{\"@id\":\"https:\/\/www.movistar.es\/blog\/sostenibilidad\/green-friday\/\"},\"wordCount\":549,\"publisher\":{\"@id\":\"https:\/\/www.movistar.es\/blog\/#organization\"},\"image\":{\"@id\":\"https:\/\/www.movistar.es\/blog\/sostenibilidad\/green-friday\/#primaryimage\"},\"thumbnailUrl\":\"https:\/\/www.movistar.es\/blog\/wp-content\/uploads\/sites\/3\/2023\/11\/eco-1024x586-1.jpg\",\"inLanguage\":\"es\"},{\"@type\":\"WebPage\",\"@id\":\"https:\/\/www.movistar.es\/blog\/sostenibilidad\/green-friday\/\",\"url\":\"https:\/\/www.movistar.es\/blog\/sostenibilidad\/green-friday\/\",\"name\":\"Green Friday: qu\u00e9 es y en qu\u00e9 se diferencia del Black Friday\",\"isPartOf\":{\"@id\":\"https:\/\/www.movistar.es\/blog\/#website\"},\"primaryImageOfPage\":{\"@id\":\"https:\/\/www.movistar.es\/blog\/sostenibilidad\/green-friday\/#primaryimage\"},\"image\":{\"@id\":\"https:\/\/www.movistar.es\/blog\/sostenibilidad\/green-friday\/#primaryimage\"},\"thumbnailUrl\":\"https:\/\/www.movistar.es\/blog\/wp-content\/uploads\/sites\/3\/2023\/11\/eco-1024x586-1.jpg\",\"datePublished\":\"2023-11-07T11:25:35+00:00\",\"dateModified\":\"2023-11-28T07:56:45+00:00\",\"description\":\"Te contamos qu\u00e9 es y cu\u00e1ndo se celebra el Green Friday, la alternativa sostenible al Black Friday y al Cyber Monday.\",\"breadcrumb\":{\"@id\":\"https:\/\/www.movistar.es\/blog\/sostenibilidad\/green-friday\/#breadcrumb\"},\"inLanguage\":\"es\",\"potentialAction\":[{\"@type\":\"ReadAction\",\"target\":[\"https:\/\/www.movistar.es\/blog\/sostenibilidad\/green-friday\/\"]}]},{\"@type\":\"ImageObject\",\"inLanguage\":\"es\",\"@id\":\"https:\/\/www.movistar.es\/blog\/sostenibilidad\/green-friday\/#primaryimage\",\"url\":\"https:\/\/www.movistar.es\/blog\/wp-content\/uploads\/sites\/3\/2023\/11\/eco-1024x586-1.jpg\",\"contentUrl\":\"https:\/\/www.movistar.es\/blog\/wp-content\/uploads\/sites\/3\/2023\/11\/eco-1024x586-1.jpg\",\"width\":1024,\"height\":586,\"caption\":\"green friday\"},{\"@type\":\"BreadcrumbList\",\"@id\":\"https:\/\/www.movistar.es\/blog\/sostenibilidad\/green-friday\/#breadcrumb\",\"itemListElement\":[{\"@type\":\"ListItem\",\"position\":1,\"name\":\"Home\",\"item\":\"https:\/\/www.movistar.es\/blog\/\"},{\"@type\":\"ListItem\",\"position\":2,\"name\":\"Green Friday: qu\u00e9 es y en qu\u00e9 se diferencia del Black Friday\"}]},{\"@type\":\"WebSite\",\"@id\":\"https:\/\/www.movistar.es\/blog\/#website\",\"url\":\"https:\/\/www.movistar.es\/blog\/\",\"name\":\"Movistar blog\",\"description\":\"Movistar Blog. Informaci\u00f3n y m\u00e1s sobre los productos y servicios de Movistar\",\"publisher\":{\"@id\":\"https:\/\/www.movistar.es\/blog\/#organization\"},\"potentialAction\":[{\"@type\":\"SearchAction\",\"target\":{\"@type\":\"EntryPoint\",\"urlTemplate\":\"https:\/\/www.movistar.es\/blog\/?s={search_term_string}\"},\"query-input\":{\"@type\":\"PropertyValueSpecification\",\"valueRequired\":true,\"valueName\":\"search_term_string\"}}],\"inLanguage\":\"es\"},{\"@type\":\"Organization\",\"@id\":\"https:\/\/www.movistar.es\/blog\/#organization\",\"name\":\"Movistar blog\",\"url\":\"https:\/\/www.movistar.es\/blog\/\",\"logo\":{\"@type\":\"ImageObject\",\"inLanguage\":\"es\",\"@id\":\"https:\/\/www.movistar.es\/blog\/#\/schema\/logo\/image\/\",\"url\":\"https:\/\/www.movistar.es\/blog\/wp-content\/uploads\/sites\/3\/2022\/05\/logo_movistar-1.svg\",\"contentUrl\":\"https:\/\/www.movistar.es\/blog\/wp-content\/uploads\/sites\/3\/2022\/05\/logo_movistar-1.svg\",\"width\":369,\"height\":272,\"caption\":\"Movistar blog\"},\"image\":{\"@id\":\"https:\/\/www.movistar.es\/blog\/#\/schema\/logo\/image\/\"}},{\"@type\":\"Person\",\"@id\":\"https:\/\/www.movistar.es\/blog\/#\/schema\/person\/aa90a598b429d06707d7bbdcc4ac52bf\",\"name\":\"Juan Carrasco\",\"image\":{\"@type\":\"ImageObject\",\"inLanguage\":\"es\",\"@id\":\"https:\/\/www.movistar.es\/blog\/#\/schema\/person\/image\/7421c948a853e8c530a92c2fadaedff4\",\"url\":\"https:\/\/secure.gravatar.com\/avatar\/6429585a3827db718673dd63fffad1d627420ccb06536b49762c4345a5b61954\",\"contentUrl\":\"https:\/\/secure.gravatar.com\/avatar\/6429585a3827db718673dd63fffad1d627420ccb06536b49762c4345a5b61954\",\"caption\":\"Juan Carrasco\"},\"description\":\"Juan Carrasco cuenta con un grado universitario en Literatura General y Comparada y un m\u00e1ster en Cr\u00edtica y Comunicaci\u00f3n Cultural. Actualmente, forma parte del equipo de redacci\u00f3n de Movistar eSports, medio referente de gaming, esports y entretenimiento digital. Desde que agarr\u00f3 una Game Boy por primera vez, no ha podido dejar de ver el mundo en 8 bits.\",\"sameAs\":[\"https:\/\/x.com\/juan_villain\"],\"knowsAbout\":[\"gaming\",\"consolas\",\"videojuegos\",\"streaming\"],\"url\":\"https:\/\/www.movistar.es\/blog\/author\/jasensio\/\"}]}<\/script>\n<!-- \/ Yoast SEO Premium plugin. -->","yoast_head_json":{"title":"Green Friday: qu\u00e9 es y en qu\u00e9 se diferencia del Black Friday","description":"Te contamos qu\u00e9 es y cu\u00e1ndo se celebra el Green Friday, la alternativa sostenible al Black Friday y al Cyber Monday.","robots":{"index":"index","follow":"follow","max-snippet":"max-snippet:-1","max-image-preview":"max-image-preview:large","max-video-preview":"max-video-preview:-1"},"canonical":"https:\/\/www.movistar.es\/blog\/sostenibilidad\/green-friday\/","og_locale":"es_ES","og_type":"article","og_title":"Green Friday: qu\u00e9 es y en qu\u00e9 se diferencia del Black Friday","og_description":"Te contamos qu\u00e9 es y cu\u00e1ndo se celebra el Green Friday, la alternativa sostenible al Black Friday y al Cyber Monday.","og_url":"https:\/\/www.movistar.es\/blog\/sostenibilidad\/green-friday\/","og_site_name":"Movistar blog","article_published_time":"2023-11-07T11:25:35+00:00","article_modified_time":"2023-11-28T07:56:45+00:00","og_image":[{"width":1024,"height":586,"url":"https:\/\/www.movistar.es\/blog\/wp-content\/uploads\/sites\/3\/2023\/11\/eco-1024x586-1.jpg","type":"image\/jpeg"}],"author":"Juan Carrasco","twitter_card":"summary_large_image","twitter_creator":"@juan_villain","twitter_misc":{"Written by":"Juan Carrasco","Est. reading time":"4 minutos"},"schema":{"@context":"https:\/\/schema.org","@graph":[{"@type":"Article","@id":"https:\/\/www.movistar.es\/blog\/sostenibilidad\/green-friday\/#article","isPartOf":{"@id":"https:\/\/www.movistar.es\/blog\/sostenibilidad\/green-friday\/"},"author":{"name":"Juan Carrasco","@id":"https:\/\/www.movistar.es\/blog\/#\/schema\/person\/aa90a598b429d06707d7bbdcc4ac52bf"},"headline":"Green Friday: qu\u00e9 es y en qu\u00e9 se diferencia del Black Friday","datePublished":"2023-11-07T11:25:35+00:00","dateModified":"2023-11-28T07:56:45+00:00","mainEntityOfPage":{"@id":"https:\/\/www.movistar.es\/blog\/sostenibilidad\/green-friday\/"},"wordCount":549,"publisher":{"@id":"https:\/\/www.movistar.es\/blog\/#organization"},"image":{"@id":"https:\/\/www.movistar.es\/blog\/sostenibilidad\/green-friday\/#primaryimage"},"thumbnailUrl":"https:\/\/www.movistar.es\/blog\/wp-content\/uploads\/sites\/3\/2023\/11\/eco-1024x586-1.jpg","inLanguage":"es"},{"@type":"WebPage","@id":"https:\/\/www.movistar.es\/blog\/sostenibilidad\/green-friday\/","url":"https:\/\/www.movistar.es\/blog\/sostenibilidad\/green-friday\/","name":"Green Friday: qu\u00e9 es y en qu\u00e9 se diferencia del Black Friday","isPartOf":{"@id":"https:\/\/www.movistar.es\/blog\/#website"},"primaryImageOfPage":{"@id":"https:\/\/www.movistar.es\/blog\/sostenibilidad\/green-friday\/#primaryimage"},"image":{"@id":"https:\/\/www.movistar.es\/blog\/sostenibilidad\/green-friday\/#primaryimage"},"thumbnailUrl":"https:\/\/www.movistar.es\/blog\/wp-content\/uploads\/sites\/3\/2023\/11\/eco-1024x586-1.jpg","datePublished":"2023-11-07T11:25:35+00:00","dateModified":"2023-11-28T07:56:45+00:00","description":"Te contamos qu\u00e9 es y cu\u00e1ndo se celebra el Green Friday, la alternativa sostenible al Black Friday y al Cyber Monday.","breadcrumb":{"@id":"https:\/\/www.movistar.es\/blog\/sostenibilidad\/green-friday\/#breadcrumb"},"inLanguage":"es","potentialAction":[{"@type":"ReadAction","target":["https:\/\/www.movistar.es\/blog\/sostenibilidad\/green-friday\/"]}]},{"@type":"ImageObject","inLanguage":"es","@id":"https:\/\/www.movistar.es\/blog\/sostenibilidad\/green-friday\/#primaryimage","url":"https:\/\/www.movistar.es\/blog\/wp-content\/uploads\/sites\/3\/2023\/11\/eco-1024x586-1.jpg","contentUrl":"https:\/\/www.movistar.es\/blog\/wp-content\/uploads\/sites\/3\/2023\/11\/eco-1024x586-1.jpg","width":1024,"height":586,"caption":"green friday"},{"@type":"BreadcrumbList","@id":"https:\/\/www.movistar.es\/blog\/sostenibilidad\/green-friday\/#breadcrumb","itemListElement":[{"@type":"ListItem","position":1,"name":"Home","item":"https:\/\/www.movistar.es\/blog\/"},{"@type":"ListItem","position":2,"name":"Green Friday: qu\u00e9 es y en qu\u00e9 se diferencia del Black Friday"}]},{"@type":"WebSite","@id":"https:\/\/www.movistar.es\/blog\/#website","url":"https:\/\/www.movistar.es\/blog\/","name":"Movistar blog","description":"Movistar Blog. Informaci\u00f3n y m\u00e1s sobre los productos y servicios de Movistar","publisher":{"@id":"https:\/\/www.movistar.es\/blog\/#organization"},"potentialAction":[{"@type":"SearchAction","target":{"@type":"EntryPoint","urlTemplate":"https:\/\/www.movistar.es\/blog\/?s={search_term_string}"},"query-input":{"@type":"PropertyValueSpecification","valueRequired":true,"valueName":"search_term_string"}}],"inLanguage":"es"},{"@type":"Organization","@id":"https:\/\/www.movistar.es\/blog\/#organization","name":"Movistar blog","url":"https:\/\/www.movistar.es\/blog\/","logo":{"@type":"ImageObject","inLanguage":"es","@id":"https:\/\/www.movistar.es\/blog\/#\/schema\/logo\/image\/","url":"https:\/\/www.movistar.es\/blog\/wp-content\/uploads\/sites\/3\/2022\/05\/logo_movistar-1.svg","contentUrl":"https:\/\/www.movistar.es\/blog\/wp-content\/uploads\/sites\/3\/2022\/05\/logo_movistar-1.svg","width":369,"height":272,"caption":"Movistar blog"},"image":{"@id":"https:\/\/www.movistar.es\/blog\/#\/schema\/logo\/image\/"}},{"@type":"Person","@id":"https:\/\/www.movistar.es\/blog\/#\/schema\/person\/aa90a598b429d06707d7bbdcc4ac52bf","name":"Juan Carrasco","image":{"@type":"ImageObject","inLanguage":"es","@id":"https:\/\/www.movistar.es\/blog\/#\/schema\/person\/image\/7421c948a853e8c530a92c2fadaedff4","url":"https:\/\/secure.gravatar.com\/avatar\/6429585a3827db718673dd63fffad1d627420ccb06536b49762c4345a5b61954","contentUrl":"https:\/\/secure.gravatar.com\/avatar\/6429585a3827db718673dd63fffad1d627420ccb06536b49762c4345a5b61954","caption":"Juan Carrasco"},"description":"Juan Carrasco cuenta con un grado universitario en Literatura General y Comparada y un m\u00e1ster en Cr\u00edtica y Comunicaci\u00f3n Cultural. Actualmente, forma parte del equipo de redacci\u00f3n de Movistar eSports, medio referente de gaming, esports y entretenimiento digital. Desde que agarr\u00f3 una Game Boy por primera vez, no ha podido dejar de ver el mundo en 8 bits.","sameAs":["https:\/\/x.com\/juan_villain"],"knowsAbout":["gaming","consolas","videojuegos","streaming"],"url":"https:\/\/www.movistar.es\/blog\/author\/jasensio\/"}]}},"jetpack_featured_media_url":"https:\/\/www.movistar.es\/blog\/wp-content\/uploads\/sites\/3\/2023\/11\/eco-1024x586-1.jpg","jetpack_sharing_enabled":true,"_links":{"self":[{"href":"https:\/\/www.movistar.es\/blog\/wp-json\/wp\/v2\/posts\/18970","targetHints":{"allow":["GET"]}}],"collection":[{"href":"https:\/\/www.movistar.es\/blog\/wp-json\/wp\/v2\/posts"}],"about":[{"href":"https:\/\/www.movistar.es\/blog\/wp-json\/wp\/v2\/types\/post"}],"author":[{"embeddable":true,"href":"https:\/\/www.movistar.es\/blog\/wp-json\/wp\/v2\/users\/82"}],"replies":[{"embeddable":true,"href":"https:\/\/www.movistar.es\/blog\/wp-json\/wp\/v2\/comments?post=18970"}],"version-history":[{"count":8,"href":"https:\/\/www.movistar.es\/blog\/wp-json\/wp\/v2\/posts\/18970\/revisions"}],"predecessor-version":[{"id":20195,"href":"https:\/\/www.movistar.es\/blog\/wp-json\/wp\/v2\/posts\/18970\/revisions\/20195"}],"wp:featuredmedia":[{"embeddable":true,"href":"https:\/\/www.movistar.es\/blog\/wp-json\/wp\/v2\/media\/18979"}],"wp:attachment":[{"href":"https:\/\/www.movistar.es\/blog\/wp-json\/wp\/v2\/media?parent=18970"}],"wp:term":[{"taxonomy":"category","embeddable":true,"href":"https:\/\/www.movistar.es\/blog\/wp-json\/wp\/v2\/categories?post=18970"},{"taxonomy":"post_tag","embeddable":true,"href":"https:\/\/www.movistar.es\/blog\/wp-json\/wp\/v2\/tags?post=18970"},{"taxonomy":"area","embeddable":true,"href":"https:\/\/www.movistar.es\/blog\/wp-json\/wp\/v2\/area?post=18970"},{"taxonomy":"cluster","embeddable":true,"href":"https:\/\/www.movistar.es\/blog\/wp-json\/wp\/v2\/cluster?post=18970"},{"taxonomy":"linea_editorial","embeddable":true,"href":"https:\/\/www.movistar.es\/blog\/wp-json\/wp\/v2\/linea_editorial?post=18970"},{"taxonomy":"author","embeddable":true,"href":"https:\/\/www.movistar.es\/blog\/wp-json\/wp\/v2\/coauthors?post=18970"}],"curies":[{"name":"wp","href":"https:\/\/api.w.org\/{rel}","templated":true}]}}