{"id":18959,"date":"2023-11-07T12:02:17","date_gmt":"2023-11-07T11:02:17","guid":{"rendered":"https:\/\/www.movistar.es\/blog\/?p=18959"},"modified":"2023-11-08T09:54:55","modified_gmt":"2023-11-08T08:54:55","slug":"origen-black-friday","status":"publish","type":"post","link":"https:\/\/www.movistar.es\/blog\/dispositivos\/origen-black-friday\/","title":{"rendered":"Cu\u00e1l es el origen del Black Friday"},"content":{"rendered":"\n<p>El fin del a\u00f1o se acerca, y con \u00e9l uno de los eventos m\u00e1s esperados por los&nbsp;<strong>buscadores de \u00abgangas\u00bb<\/strong>, una de esas fechas marcadas en rojo en el calendario de muchas personas, ni&nbsp;m\u00e1s ni menos que el cada vez m\u00e1s popular<strong>&nbsp;Black Friday<\/strong>.&nbsp;Pero, \u00bfsabes cu\u00e1l es el origen del Black Friday? Te lo contamos a continuaci\u00f3n.<\/p>\n\n\n\n<figure class=\"wp-block-image size-large\"><img loading=\"lazy\" decoding=\"async\" height=\"640\" width=\"1024\" src=\"https:\/\/www.movistar.es\/blog\/wp-content\/uploads\/sites\/3\/2023\/11\/origen-Black-Friday-.png?w=1024\" alt=\"Black Friday\" class=\"wp-image-18968\" srcset=\"https:\/\/www.movistar.es\/blog\/wp-content\/uploads\/sites\/3\/2023\/11\/origen-Black-Friday-.png 1040w, https:\/\/www.movistar.es\/blog\/wp-content\/uploads\/sites\/3\/2023\/11\/origen-Black-Friday-.png?resize=300,188 300w, https:\/\/www.movistar.es\/blog\/wp-content\/uploads\/sites\/3\/2023\/11\/origen-Black-Friday-.png?resize=768,480 768w, https:\/\/www.movistar.es\/blog\/wp-content\/uploads\/sites\/3\/2023\/11\/origen-Black-Friday-.png?resize=1024,640 1024w\" sizes=\"auto, (max-width: 1024px) 100vw, 1024px\" \/><\/figure>\n\n\n\n<h2 class=\"wp-block-heading\" id=\"h-que-es-black-friday\"><strong>Qu\u00e9 es Black Friday<\/strong><\/h2>\n\n\n\n<p>El&nbsp;<strong>Black Friday<\/strong>&nbsp;o&nbsp;<strong>Viernes Negro<\/strong>, es sin duda uno de los eventos m\u00e1s populares de&nbsp;<strong>descuentos de compras<\/strong>&nbsp;que se celebra a lo largo del a\u00f1o en el mundo. Tiene su&nbsp;<strong>origen en Estados Unidos<\/strong>, y se celebra el&nbsp;<strong>primer viernes despu\u00e9s del d\u00eda de Acci\u00f3n de Gracias<\/strong>&nbsp;que suele coincidir con el&nbsp;<strong>\u00faltimo viernes de Noviembre<\/strong>&nbsp;(<strong>este a\u00f1o 2023 ser\u00e1 el 24 de noviembre<\/strong>).<br><br>Con el Viernes Negro se da el pistoletazo de salida a&nbsp;la&nbsp;<strong>temporada de compras de Navidad<\/strong>, y es cierto que cada vez son m\u00e1s los compradores que adelantan sus compras navide\u00f1as en noviembre, coincidiendo con el Black Friday.&nbsp;<br><br>Durante estos d\u00edas, las tiendas online y f\u00edsicas,&nbsp;sobre todo de tecnolog\u00eda e inform\u00e1tica, ofrecen grandes descuentos y&nbsp;<strong>ofertas incre\u00edbles por tiempo limitado<\/strong>.<\/p>\n\n\n\n<p>Y es que es tal la popularidad de este d\u00eda, que un informe de&nbsp;<strong>Deloitte<\/strong>&nbsp;resalta la&nbsp;importancia del mes de noviembre, donde se centra una gran parte de la planificaci\u00f3n de las compras navide\u00f1as.<\/p>\n\n\n\n<p>Seg\u00fan sus estudios, durante este mes, se realizan el 35% de las compras navide\u00f1as, de las cuales casi el 10% se concentrar\u00e1n en el&nbsp;<strong>Black Friday <\/strong><strong>y el<\/strong><strong> Cyber Monday<\/strong>.<\/p>\n\n\n\n<p>Su impacto en el incremento de&nbsp;<strong>ventas online<\/strong>&nbsp;es igualmente gigantesco,&nbsp;con hasta un aumento de alrededor del 700% de ventas en Espa\u00f1a respecto a un d\u00eda normal.&nbsp;<\/p>\n\n\n\n<p>Pese a que el Black Friday 2023 se \u00abcelebra\u00bb el viernes&nbsp;<strong>24 de noviembre<\/strong>,&nbsp;en <a href=\"https:\/\/www.movistar.es\/dispositivos\/\" target=\"_blank\" rel=\"noreferrer noopener\">Movistar<\/a> tendremos ofertas antes para as\u00ed tener toda una semana de oportunidades atractivas que ir\u00e1n variando cada d\u00eda.<\/p>\n\n\n\n<h2 class=\"wp-block-heading\" class=\"wp-block-heading\" id=\"origen-del-black-friday\"><strong>Origen del Black Friday<\/strong><\/h2>\n\n\n\n<p>Pese a que existen varias teor\u00edas respecto al origen de esta tradici\u00f3n, hay cierto consenso en situar su nacimiento en&nbsp;<strong>Filadelfia<\/strong>&nbsp;a mediados del siglo pasado,&nbsp;concretamente en la&nbsp;<strong>d\u00e9cada de los 50.<\/strong> <\/p>\n\n\n\n<p>Seg\u00fan recoge el diario&nbsp;<strong>Telegraph&nbsp;de Filadelfia,<\/strong><em>&nbsp;el viernes posterior&nbsp;a celebrar la festividad de Acci\u00f3n de Gracias (25 de noviembre), tan tradicional en Estados Unidos<\/em><strong>,&nbsp;<\/strong>a la ciudad retornaban&nbsp;miles de coches de familias&nbsp;que viv\u00edan fuera en los pueblos de alrededor, e iban al centro para aprovechar las ofertas y hacer las compras prenavide\u00f1as. Esto, provocaba una avalancha de tr\u00e1fico, ante la cantidad de personas que llegaban para hacer sus compras de cara a las venideras fiestas de Navidad.&nbsp;<\/p>\n\n\n\n<figure class=\"wp-block-image size-large\"><img loading=\"lazy\" decoding=\"async\" height=\"569\" width=\"1024\" src=\"https:\/\/www.movistar.es\/blog\/wp-content\/uploads\/sites\/3\/2023\/11\/Black-Friday-atascos.png?w=1024\" alt=\"Black Friday tr\u00e1fico\" class=\"wp-image-18981\" srcset=\"https:\/\/www.movistar.es\/blog\/wp-content\/uploads\/sites\/3\/2023\/11\/Black-Friday-atascos.png 1040w, https:\/\/www.movistar.es\/blog\/wp-content\/uploads\/sites\/3\/2023\/11\/Black-Friday-atascos.png?resize=300,167 300w, https:\/\/www.movistar.es\/blog\/wp-content\/uploads\/sites\/3\/2023\/11\/Black-Friday-atascos.png?resize=768,427 768w, https:\/\/www.movistar.es\/blog\/wp-content\/uploads\/sites\/3\/2023\/11\/Black-Friday-atascos.png?resize=1024,569 1024w\" sizes=\"auto, (max-width: 1024px) 100vw, 1024px\" \/><\/figure>\n\n\n\n<p>La iniciativa tuvo \u00e9xito, y pronto&nbsp;los comerciantes de Filadelfia empezaron a usar ese t\u00e9rmino para describir a las hordas de personas que se daban cita en las tiendas de la ciudad el d\u00eda despu\u00e9s de Acci\u00f3n de Gracias.<\/p>\n\n\n\n<p>Otra posible (aunque menos plausible) teor\u00eda, sit\u00faa el origen del t\u00e9rmino Black Friday para referirse al&nbsp;<strong>super\u00e1vit<\/strong>&nbsp;que registraban las cuentas el viernes posterior a la celebraci\u00f3n de Acci\u00f3n de Gracias, pues&nbsp;<strong>los n\u00fameros rojos se \u00abte\u00f1\u00edan de negro\u201d gracias al gran consumo por parte de la poblaci\u00f3n<\/strong>.<\/p>\n\n\n\n<h2 class=\"wp-block-heading\" id=\"h-por-que-se-llama-black-friday\"><strong>Por qu\u00e9 se llama Black Friday<\/strong><\/h2>\n\n\n\n<p>Por todos estos motivos expuestos previamente, sobre el origen de esta fecha,&nbsp;<strong>la polic\u00eda de Philadelphia<\/strong>,<strong>&nbsp;en 1966<\/strong>,&nbsp;comenz\u00f3 a llamar&nbsp;al viernes despu\u00e9s de Acci\u00f3n de Gracias \u00abBlack Friday\u201d, ya que&nbsp;ning\u00fan agente de la ciudad pod\u00eda tomarse el d\u00eda libre en dichas fechas y&nbsp;ten\u00edan que trabajar largas jornadas de doce horas para controlar a las multitudes que abarrotaban la ciudad. As\u00ed qued\u00f3&nbsp;bautizado con el nombre de \u00abViernes Negro\u00bb.&nbsp;<\/p>\n\n\n\n<p>La idea detr\u00e1s del t\u00e9rmino era desmoralizar a la gente y que se quedasen en casa, y de esa manera, hacer un poco m\u00e1s llevadero el caos de tr\u00e1fico y gente en las calles. Sin embargo, el resultado&nbsp;acab\u00f3 siendo diametralmente opuesto.<\/p>\n\n\n\n<h2 class=\"wp-block-heading\" id=\"h-cuando-llega-el-black-friday-a-espana\"><strong>Cu\u00e1ndo llega el Black Friday a Espa\u00f1a<\/strong><\/h2>\n\n\n\n<p>En&nbsp;Espa\u00f1a, esta fecha no tuvo apenas transcendencia durante d\u00e9cadas, sin embargo, con el&nbsp;<strong>boom del comercio electr\u00f3nico,<\/strong>&nbsp;a principios del siglo XXI, empez\u00f3 a implantarse en nuestro pa\u00eds. Y no solo durante un d\u00eda, sino de jueves a Domingo.&nbsp;<\/p>\n\n\n\n<p>El verdadero boom&nbsp;del Black Friday lleg\u00f3 en 2012 de la mano de la cadena alemana&nbsp;<strong>MediaMarkt<\/strong>. Pese a que al principio la acogida no fue muy entusiasta, en 2013 grandes empresas como&nbsp;<strong>El Corte Ingl\u00e9s<\/strong>,&nbsp;<strong>Movistar<\/strong>&nbsp;o&nbsp;<strong>Amazon<\/strong><strong>,<\/strong>&nbsp;se sumaron tambi\u00e9n a esta moda convertida en tradici\u00f3n.<\/p>\n\n\n\n<p>En Latinoam\u00e9rica, la tradici\u00f3n tiene algo m\u00e1s de recorrido hist\u00f3rico, y all\u00e1 por 2010, Movistar ya se sumaba al evento con ofertas para sus clientes durante dichas fechas.&nbsp;<\/p>\n\n\n\n<h2 class=\"wp-block-heading\" id=\"h-que-es-el-cyber-monday\"><strong>Qu\u00e9 es el Cyber Monday<\/strong><\/h2>\n\n\n\n<figure class=\"wp-block-image size-large\"><img loading=\"lazy\" decoding=\"async\" height=\"394\" width=\"1024\" src=\"https:\/\/www.movistar.es\/blog\/wp-content\/uploads\/sites\/3\/2023\/11\/Cyber-Monday.png?w=1024\" alt=\"Cyber Monday\" class=\"wp-image-18975\" srcset=\"https:\/\/www.movistar.es\/blog\/wp-content\/uploads\/sites\/3\/2023\/11\/Cyber-Monday.png 1040w, https:\/\/www.movistar.es\/blog\/wp-content\/uploads\/sites\/3\/2023\/11\/Cyber-Monday.png?resize=300,115 300w, https:\/\/www.movistar.es\/blog\/wp-content\/uploads\/sites\/3\/2023\/11\/Cyber-Monday.png?resize=768,295 768w, https:\/\/www.movistar.es\/blog\/wp-content\/uploads\/sites\/3\/2023\/11\/Cyber-Monday.png?resize=1024,394 1024w\" sizes=\"auto, (max-width: 1024px) 100vw, 1024px\" \/><\/figure>\n\n\n\n<p>El&nbsp;<strong>Cyber Monday<\/strong>&nbsp;o&nbsp;<strong>Lunes Cibern\u00e9tico,<\/strong>&nbsp;que en 2023 se celebrar\u00e1 el&nbsp;<strong>lunes<\/strong>&nbsp;<strong>27 de noviembre,&nbsp;<\/strong>es un per\u00edodo de rebajas especiales&nbsp;y surgi\u00f3 tambi\u00e9n en Estados Unidos con la&nbsp;<strong>aparici\u00f3n de Internet y las tiendas digitales<\/strong>&nbsp;a comienzos de este del siglo XXI. Se celebra el&nbsp;<strong>lunes siguiente del Black Friday<\/strong>.<br><br>El Cyber Monday, al contrario que el Black Friday, es un evento dedicado&nbsp;<strong>exclusivamente a las compras online<\/strong>. Se empez\u00f3 a promocionar este d\u00eda con descuentos especiales exclusivamente online y en<strong>&nbsp;2005 se acu\u00f1\u00f3 el t\u00e9rmino de Cyber Monday<\/strong>.<br><br>En Espa\u00f1a, este d\u00eda no lleg\u00f3 hasta&nbsp;2012, pero en los \u00faltimos a\u00f1os, se ha convertido en&nbsp;<strong>uno de los d\u00edas m\u00e1s esperados por los consumidores espa\u00f1oles<\/strong>.<\/p>\n\n\n\n<p>El crecimiento del Cyber Monday en Espa\u00f1a est\u00e1 siendo espectacular obteniendo resultados parecidos a los de otros pa\u00edses con m\u00e1s tradici\u00f3n como&nbsp;Italia, Francia, Alemania o Inglaterra. Cuando empez\u00f3 el Cyber Monday, los descuentos \u00fanicamente se aplicaban a&nbsp;<strong>productos tecnol\u00f3gicos<\/strong>&nbsp;como ordenadores, smartphone o c\u00e1maras de fotos. Hoy en d\u00eda, las ofertas de ese lunes,&nbsp;<strong>llegan a muchos m\u00e1s art\u00edculos<\/strong>&nbsp;como ropa, calzado, muebles, perfumes\u2026<\/p>\n\n\n\n<p>Ahora que sabes cu\u00e1les son los or\u00edgenes, es importante que a la hora de comprar por internet estos d\u00edas <a href=\"https:\/\/www.movistar.es\/blog\/seguridad\/comprar-por-internet-black-friday\/\" target=\"_blank\" rel=\"noreferrer noopener\">lo hagas de forma segura<\/a> para evitar posibles enga\u00f1os.<\/p>\n\n\n\n<p>Y si eres de las personas que prefiere una compra m\u00e1s consciente y sostenible, conoce el <a href=\"https:\/\/www.movistar.es\/blog\/sostenibilidad\/green-friday\/\" target=\"_blank\" rel=\"noreferrer noopener\"><strong>Green Friday<\/strong><\/a>, que tambi\u00e9n se celebra el 24 de noviembre, en contraposici\u00f3n del concepto Black Friday.<\/p>\n","protected":false},"excerpt":{"rendered":"<p>El fin del a\u00f1o se acerca, y con \u00e9l uno de los eventos m\u00e1s esperados por los&nbsp;buscadores de \u00abgangas\u00bb, una de esas fechas marcadas en rojo en el calendario de muchas personas, ni&nbsp;m\u00e1s ni menos [&hellip;]<\/p>\n","protected":false},"author":202,"featured_media":18972,"comment_status":"closed","ping_status":"closed","sticky":false,"template":"","format":"standard","meta":{"site-sidebar-layout":"default","site-content-layout":"","ast-site-content-layout":"","site-content-style":"default","site-sidebar-style":"default","ast-global-header-display":"","ast-banner-title-visibility":"","ast-main-header-display":"","ast-hfb-above-header-display":"","ast-hfb-below-header-display":"","ast-hfb-mobile-header-display":"","site-post-title":"","ast-breadcrumbs-content":"","ast-featured-img":"","footer-sml-layout":"","theme-transparent-header-meta":"","adv-header-id-meta":"","stick-header-meta":"","header-above-stick-meta":"","header-main-stick-meta":"","header-below-stick-meta":"","astra-migrate-meta-layouts":"default","ast-page-background-enabled":"default","ast-page-background-meta":{"desktop":{"background-color":"var(--ast-global-color-4)","background-image":"","background-repeat":"repeat","background-position":"center center","background-size":"auto","background-attachment":"scroll","background-type":"","background-media":"","overlay-type":"","overlay-color":"","overlay-opacity":"","overlay-gradient":""},"tablet":{"background-color":"","background-image":"","background-repeat":"repeat","background-position":"center center","background-size":"auto","background-attachment":"scroll","background-type":"","background-media":"","overlay-type":"","overlay-color":"","overlay-opacity":"","overlay-gradient":""},"mobile":{"background-color":"","background-image":"","background-repeat":"repeat","background-position":"center center","background-size":"auto","background-attachment":"scroll","background-type":"","background-media":"","overlay-type":"","overlay-color":"","overlay-opacity":"","overlay-gradient":""}},"ast-content-background-meta":{"desktop":{"background-color":"var(--ast-global-color-5)","background-image":"","background-repeat":"repeat","background-position":"center center","background-size":"auto","background-attachment":"scroll","background-type":"","background-media":"","overlay-type":"","overlay-color":"","overlay-opacity":"","overlay-gradient":""},"tablet":{"background-color":"var(--ast-global-color-5)","background-image":"","background-repeat":"repeat","background-position":"center center","background-size":"auto","background-attachment":"scroll","background-type":"","background-media":"","overlay-type":"","overlay-color":"","overlay-opacity":"","overlay-gradient":""},"mobile":{"background-color":"var(--ast-global-color-5)","background-image":"","background-repeat":"repeat","background-position":"center center","background-size":"auto","background-attachment":"scroll","background-type":"","background-media":"","overlay-type":"","overlay-color":"","overlay-opacity":"","overlay-gradient":""}},"_jetpack_memberships_contains_paid_content":false,"footnotes":""},"categories":[1],"tags":[],"area":[190],"cluster":[445],"linea_editorial":[],"coauthors":[579],"class_list":["post-18959","post","type-post","status-publish","format-standard","has-post-thumbnail","hentry","category-sin-categoria","area-content-movistar","cluster-dispositivos"],"yoast_head":"<!-- This site is optimized with the Yoast SEO Premium plugin v25.5 (Yoast SEO v25.5) - https:\/\/yoast.com\/wordpress\/plugins\/seo\/ -->\n<title>origen Black Friday<\/title>\n<meta name=\"description\" content=\"Sabes cu\u00e1l es el significado y origen del Back Friday o Viernes Negro, y del Cyber Monday... te contamos todos los detalles\" \/>\n<meta name=\"robots\" content=\"index, follow, max-snippet:-1, max-image-preview:large, max-video-preview:-1\" \/>\n<link rel=\"canonical\" href=\"https:\/\/www.movistar.es\/blog\/dispositivos\/origen-black-friday\/\" \/>\n<meta property=\"og:locale\" content=\"es_ES\" \/>\n<meta property=\"og:type\" content=\"article\" \/>\n<meta property=\"og:title\" content=\"Cu\u00e1l es el origen del Black Friday\" \/>\n<meta property=\"og:description\" content=\"Sabes cu\u00e1l es el significado y origen del Back Friday o Viernes Negro, y del Cyber Monday... te contamos todos los detalles\" \/>\n<meta property=\"og:url\" content=\"https:\/\/www.movistar.es\/blog\/dispositivos\/origen-black-friday\/\" \/>\n<meta property=\"og:site_name\" content=\"Movistar blog\" \/>\n<meta property=\"article:published_time\" content=\"2023-11-07T11:02:17+00:00\" \/>\n<meta property=\"article:modified_time\" content=\"2023-11-08T08:54:55+00:00\" \/>\n<meta property=\"og:image\" content=\"https:\/\/www.movistar.es\/blog\/wp-content\/uploads\/sites\/3\/2023\/11\/origen-Black-Friday.png\" \/>\n\t<meta property=\"og:image:width\" content=\"1040\" \/>\n\t<meta property=\"og:image:height\" content=\"400\" \/>\n\t<meta property=\"og:image:type\" content=\"image\/png\" \/>\n<meta name=\"author\" content=\"Emilio Rodr\u00edguez\" \/>\n<meta name=\"twitter:card\" content=\"summary_large_image\" \/>\n<meta name=\"twitter:label1\" content=\"Written by\" \/>\n\t<meta name=\"twitter:data1\" content=\"Emilio Rodr\u00edguez\" \/>\n\t<meta name=\"twitter:label2\" content=\"Est. reading time\" \/>\n\t<meta name=\"twitter:data2\" content=\"6 minutos\" \/>\n<script type=\"application\/ld+json\" class=\"yoast-schema-graph\">{\"@context\":\"https:\/\/schema.org\",\"@graph\":[{\"@type\":\"Article\",\"@id\":\"https:\/\/www.movistar.es\/blog\/dispositivos\/origen-black-friday\/#article\",\"isPartOf\":{\"@id\":\"https:\/\/www.movistar.es\/blog\/dispositivos\/origen-black-friday\/\"},\"author\":{\"name\":\"Emilio Rodr\u00edguez\",\"@id\":\"https:\/\/www.movistar.es\/blog\/#\/schema\/person\/7f09a25205e74e2009f96dba3bba4f30\"},\"headline\":\"Cu\u00e1l es el origen del Black Friday\",\"datePublished\":\"2023-11-07T11:02:17+00:00\",\"dateModified\":\"2023-11-08T08:54:55+00:00\",\"mainEntityOfPage\":{\"@id\":\"https:\/\/www.movistar.es\/blog\/dispositivos\/origen-black-friday\/\"},\"wordCount\":1192,\"publisher\":{\"@id\":\"https:\/\/www.movistar.es\/blog\/#organization\"},\"image\":{\"@id\":\"https:\/\/www.movistar.es\/blog\/dispositivos\/origen-black-friday\/#primaryimage\"},\"thumbnailUrl\":\"https:\/\/www.movistar.es\/blog\/wp-content\/uploads\/sites\/3\/2023\/11\/origen-Black-Friday.png\",\"inLanguage\":\"es\"},{\"@type\":\"WebPage\",\"@id\":\"https:\/\/www.movistar.es\/blog\/dispositivos\/origen-black-friday\/\",\"url\":\"https:\/\/www.movistar.es\/blog\/dispositivos\/origen-black-friday\/\",\"name\":\"origen Black Friday\",\"isPartOf\":{\"@id\":\"https:\/\/www.movistar.es\/blog\/#website\"},\"primaryImageOfPage\":{\"@id\":\"https:\/\/www.movistar.es\/blog\/dispositivos\/origen-black-friday\/#primaryimage\"},\"image\":{\"@id\":\"https:\/\/www.movistar.es\/blog\/dispositivos\/origen-black-friday\/#primaryimage\"},\"thumbnailUrl\":\"https:\/\/www.movistar.es\/blog\/wp-content\/uploads\/sites\/3\/2023\/11\/origen-Black-Friday.png\",\"datePublished\":\"2023-11-07T11:02:17+00:00\",\"dateModified\":\"2023-11-08T08:54:55+00:00\",\"description\":\"Sabes cu\u00e1l es el significado y origen del Back Friday o Viernes Negro, y del Cyber Monday... te contamos todos los detalles\",\"breadcrumb\":{\"@id\":\"https:\/\/www.movistar.es\/blog\/dispositivos\/origen-black-friday\/#breadcrumb\"},\"inLanguage\":\"es\",\"potentialAction\":[{\"@type\":\"ReadAction\",\"target\":[\"https:\/\/www.movistar.es\/blog\/dispositivos\/origen-black-friday\/\"]}]},{\"@type\":\"ImageObject\",\"inLanguage\":\"es\",\"@id\":\"https:\/\/www.movistar.es\/blog\/dispositivos\/origen-black-friday\/#primaryimage\",\"url\":\"https:\/\/www.movistar.es\/blog\/wp-content\/uploads\/sites\/3\/2023\/11\/origen-Black-Friday.png\",\"contentUrl\":\"https:\/\/www.movistar.es\/blog\/wp-content\/uploads\/sites\/3\/2023\/11\/origen-Black-Friday.png\",\"width\":1040,\"height\":400},{\"@type\":\"BreadcrumbList\",\"@id\":\"https:\/\/www.movistar.es\/blog\/dispositivos\/origen-black-friday\/#breadcrumb\",\"itemListElement\":[{\"@type\":\"ListItem\",\"position\":1,\"name\":\"Home\",\"item\":\"https:\/\/www.movistar.es\/blog\/\"},{\"@type\":\"ListItem\",\"position\":2,\"name\":\"Cu\u00e1l es el origen del Black Friday\"}]},{\"@type\":\"WebSite\",\"@id\":\"https:\/\/www.movistar.es\/blog\/#website\",\"url\":\"https:\/\/www.movistar.es\/blog\/\",\"name\":\"Movistar blog\",\"description\":\"Movistar Blog. Informaci\u00f3n y m\u00e1s sobre los productos y servicios de Movistar\",\"publisher\":{\"@id\":\"https:\/\/www.movistar.es\/blog\/#organization\"},\"potentialAction\":[{\"@type\":\"SearchAction\",\"target\":{\"@type\":\"EntryPoint\",\"urlTemplate\":\"https:\/\/www.movistar.es\/blog\/?s={search_term_string}\"},\"query-input\":{\"@type\":\"PropertyValueSpecification\",\"valueRequired\":true,\"valueName\":\"search_term_string\"}}],\"inLanguage\":\"es\"},{\"@type\":\"Organization\",\"@id\":\"https:\/\/www.movistar.es\/blog\/#organization\",\"name\":\"Movistar blog\",\"url\":\"https:\/\/www.movistar.es\/blog\/\",\"logo\":{\"@type\":\"ImageObject\",\"inLanguage\":\"es\",\"@id\":\"https:\/\/www.movistar.es\/blog\/#\/schema\/logo\/image\/\",\"url\":\"https:\/\/www.movistar.es\/blog\/wp-content\/uploads\/sites\/3\/2022\/05\/logo_movistar-1.svg\",\"contentUrl\":\"https:\/\/www.movistar.es\/blog\/wp-content\/uploads\/sites\/3\/2022\/05\/logo_movistar-1.svg\",\"width\":369,\"height\":272,\"caption\":\"Movistar blog\"},\"image\":{\"@id\":\"https:\/\/www.movistar.es\/blog\/#\/schema\/logo\/image\/\"}},{\"@type\":\"Person\",\"@id\":\"https:\/\/www.movistar.es\/blog\/#\/schema\/person\/7f09a25205e74e2009f96dba3bba4f30\",\"name\":\"Emilio Rodr\u00edguez\",\"image\":{\"@type\":\"ImageObject\",\"inLanguage\":\"es\",\"@id\":\"https:\/\/www.movistar.es\/blog\/#\/schema\/person\/image\/8f3747647a2d3e69815221284d708ff5\",\"url\":\"https:\/\/secure.gravatar.com\/avatar\/c55c049d3550e4aa36b25fc91011843c69bd91d48ffa44755cec59b1853fe363\",\"contentUrl\":\"https:\/\/secure.gravatar.com\/avatar\/c55c049d3550e4aa36b25fc91011843c69bd91d48ffa44755cec59b1853fe363\",\"caption\":\"Emilio Rodr\u00edguez\"},\"url\":\"https:\/\/www.movistar.es\/blog\/author\/emilio\/\"}]}<\/script>\n<!-- \/ Yoast SEO Premium plugin. -->","yoast_head_json":{"title":"origen Black Friday","description":"Sabes cu\u00e1l es el significado y origen del Back Friday o Viernes Negro, y del Cyber Monday... te contamos todos los detalles","robots":{"index":"index","follow":"follow","max-snippet":"max-snippet:-1","max-image-preview":"max-image-preview:large","max-video-preview":"max-video-preview:-1"},"canonical":"https:\/\/www.movistar.es\/blog\/dispositivos\/origen-black-friday\/","og_locale":"es_ES","og_type":"article","og_title":"Cu\u00e1l es el origen del Black Friday","og_description":"Sabes cu\u00e1l es el significado y origen del Back Friday o Viernes Negro, y del Cyber Monday... te contamos todos los detalles","og_url":"https:\/\/www.movistar.es\/blog\/dispositivos\/origen-black-friday\/","og_site_name":"Movistar blog","article_published_time":"2023-11-07T11:02:17+00:00","article_modified_time":"2023-11-08T08:54:55+00:00","og_image":[{"width":1040,"height":400,"url":"https:\/\/www.movistar.es\/blog\/wp-content\/uploads\/sites\/3\/2023\/11\/origen-Black-Friday.png","type":"image\/png"}],"author":"Emilio Rodr\u00edguez","twitter_card":"summary_large_image","twitter_misc":{"Written by":"Emilio Rodr\u00edguez","Est. reading time":"6 minutos"},"schema":{"@context":"https:\/\/schema.org","@graph":[{"@type":"Article","@id":"https:\/\/www.movistar.es\/blog\/dispositivos\/origen-black-friday\/#article","isPartOf":{"@id":"https:\/\/www.movistar.es\/blog\/dispositivos\/origen-black-friday\/"},"author":{"name":"Emilio Rodr\u00edguez","@id":"https:\/\/www.movistar.es\/blog\/#\/schema\/person\/7f09a25205e74e2009f96dba3bba4f30"},"headline":"Cu\u00e1l es el origen del Black Friday","datePublished":"2023-11-07T11:02:17+00:00","dateModified":"2023-11-08T08:54:55+00:00","mainEntityOfPage":{"@id":"https:\/\/www.movistar.es\/blog\/dispositivos\/origen-black-friday\/"},"wordCount":1192,"publisher":{"@id":"https:\/\/www.movistar.es\/blog\/#organization"},"image":{"@id":"https:\/\/www.movistar.es\/blog\/dispositivos\/origen-black-friday\/#primaryimage"},"thumbnailUrl":"https:\/\/www.movistar.es\/blog\/wp-content\/uploads\/sites\/3\/2023\/11\/origen-Black-Friday.png","inLanguage":"es"},{"@type":"WebPage","@id":"https:\/\/www.movistar.es\/blog\/dispositivos\/origen-black-friday\/","url":"https:\/\/www.movistar.es\/blog\/dispositivos\/origen-black-friday\/","name":"origen Black Friday","isPartOf":{"@id":"https:\/\/www.movistar.es\/blog\/#website"},"primaryImageOfPage":{"@id":"https:\/\/www.movistar.es\/blog\/dispositivos\/origen-black-friday\/#primaryimage"},"image":{"@id":"https:\/\/www.movistar.es\/blog\/dispositivos\/origen-black-friday\/#primaryimage"},"thumbnailUrl":"https:\/\/www.movistar.es\/blog\/wp-content\/uploads\/sites\/3\/2023\/11\/origen-Black-Friday.png","datePublished":"2023-11-07T11:02:17+00:00","dateModified":"2023-11-08T08:54:55+00:00","description":"Sabes cu\u00e1l es el significado y origen del Back Friday o Viernes Negro, y del Cyber Monday... te contamos todos los detalles","breadcrumb":{"@id":"https:\/\/www.movistar.es\/blog\/dispositivos\/origen-black-friday\/#breadcrumb"},"inLanguage":"es","potentialAction":[{"@type":"ReadAction","target":["https:\/\/www.movistar.es\/blog\/dispositivos\/origen-black-friday\/"]}]},{"@type":"ImageObject","inLanguage":"es","@id":"https:\/\/www.movistar.es\/blog\/dispositivos\/origen-black-friday\/#primaryimage","url":"https:\/\/www.movistar.es\/blog\/wp-content\/uploads\/sites\/3\/2023\/11\/origen-Black-Friday.png","contentUrl":"https:\/\/www.movistar.es\/blog\/wp-content\/uploads\/sites\/3\/2023\/11\/origen-Black-Friday.png","width":1040,"height":400},{"@type":"BreadcrumbList","@id":"https:\/\/www.movistar.es\/blog\/dispositivos\/origen-black-friday\/#breadcrumb","itemListElement":[{"@type":"ListItem","position":1,"name":"Home","item":"https:\/\/www.movistar.es\/blog\/"},{"@type":"ListItem","position":2,"name":"Cu\u00e1l es el origen del Black Friday"}]},{"@type":"WebSite","@id":"https:\/\/www.movistar.es\/blog\/#website","url":"https:\/\/www.movistar.es\/blog\/","name":"Movistar blog","description":"Movistar Blog. Informaci\u00f3n y m\u00e1s sobre los productos y servicios de Movistar","publisher":{"@id":"https:\/\/www.movistar.es\/blog\/#organization"},"potentialAction":[{"@type":"SearchAction","target":{"@type":"EntryPoint","urlTemplate":"https:\/\/www.movistar.es\/blog\/?s={search_term_string}"},"query-input":{"@type":"PropertyValueSpecification","valueRequired":true,"valueName":"search_term_string"}}],"inLanguage":"es"},{"@type":"Organization","@id":"https:\/\/www.movistar.es\/blog\/#organization","name":"Movistar blog","url":"https:\/\/www.movistar.es\/blog\/","logo":{"@type":"ImageObject","inLanguage":"es","@id":"https:\/\/www.movistar.es\/blog\/#\/schema\/logo\/image\/","url":"https:\/\/www.movistar.es\/blog\/wp-content\/uploads\/sites\/3\/2022\/05\/logo_movistar-1.svg","contentUrl":"https:\/\/www.movistar.es\/blog\/wp-content\/uploads\/sites\/3\/2022\/05\/logo_movistar-1.svg","width":369,"height":272,"caption":"Movistar blog"},"image":{"@id":"https:\/\/www.movistar.es\/blog\/#\/schema\/logo\/image\/"}},{"@type":"Person","@id":"https:\/\/www.movistar.es\/blog\/#\/schema\/person\/7f09a25205e74e2009f96dba3bba4f30","name":"Emilio Rodr\u00edguez","image":{"@type":"ImageObject","inLanguage":"es","@id":"https:\/\/www.movistar.es\/blog\/#\/schema\/person\/image\/8f3747647a2d3e69815221284d708ff5","url":"https:\/\/secure.gravatar.com\/avatar\/c55c049d3550e4aa36b25fc91011843c69bd91d48ffa44755cec59b1853fe363","contentUrl":"https:\/\/secure.gravatar.com\/avatar\/c55c049d3550e4aa36b25fc91011843c69bd91d48ffa44755cec59b1853fe363","caption":"Emilio Rodr\u00edguez"},"url":"https:\/\/www.movistar.es\/blog\/author\/emilio\/"}]}},"jetpack_featured_media_url":"https:\/\/www.movistar.es\/blog\/wp-content\/uploads\/sites\/3\/2023\/11\/origen-Black-Friday.png","jetpack_sharing_enabled":true,"_links":{"self":[{"href":"https:\/\/www.movistar.es\/blog\/wp-json\/wp\/v2\/posts\/18959","targetHints":{"allow":["GET"]}}],"collection":[{"href":"https:\/\/www.movistar.es\/blog\/wp-json\/wp\/v2\/posts"}],"about":[{"href":"https:\/\/www.movistar.es\/blog\/wp-json\/wp\/v2\/types\/post"}],"author":[{"embeddable":true,"href":"https:\/\/www.movistar.es\/blog\/wp-json\/wp\/v2\/users\/202"}],"replies":[{"embeddable":true,"href":"https:\/\/www.movistar.es\/blog\/wp-json\/wp\/v2\/comments?post=18959"}],"version-history":[{"count":5,"href":"https:\/\/www.movistar.es\/blog\/wp-json\/wp\/v2\/posts\/18959\/revisions"}],"predecessor-version":[{"id":18997,"href":"https:\/\/www.movistar.es\/blog\/wp-json\/wp\/v2\/posts\/18959\/revisions\/18997"}],"wp:featuredmedia":[{"embeddable":true,"href":"https:\/\/www.movistar.es\/blog\/wp-json\/wp\/v2\/media\/18972"}],"wp:attachment":[{"href":"https:\/\/www.movistar.es\/blog\/wp-json\/wp\/v2\/media?parent=18959"}],"wp:term":[{"taxonomy":"category","embeddable":true,"href":"https:\/\/www.movistar.es\/blog\/wp-json\/wp\/v2\/categories?post=18959"},{"taxonomy":"post_tag","embeddable":true,"href":"https:\/\/www.movistar.es\/blog\/wp-json\/wp\/v2\/tags?post=18959"},{"taxonomy":"area","embeddable":true,"href":"https:\/\/www.movistar.es\/blog\/wp-json\/wp\/v2\/area?post=18959"},{"taxonomy":"cluster","embeddable":true,"href":"https:\/\/www.movistar.es\/blog\/wp-json\/wp\/v2\/cluster?post=18959"},{"taxonomy":"linea_editorial","embeddable":true,"href":"https:\/\/www.movistar.es\/blog\/wp-json\/wp\/v2\/linea_editorial?post=18959"},{"taxonomy":"author","embeddable":true,"href":"https:\/\/www.movistar.es\/blog\/wp-json\/wp\/v2\/coauthors?post=18959"}],"curies":[{"name":"wp","href":"https:\/\/api.w.org\/{rel}","templated":true}]}}