{"id":18863,"date":"2023-11-02T10:55:40","date_gmt":"2023-11-02T09:55:40","guid":{"rendered":"https:\/\/www.movistar.es\/blog\/?p=18863"},"modified":"2024-06-24T09:55:05","modified_gmt":"2024-06-24T07:55:05","slug":"configurar-mando-vocal-movistar-plus","status":"publish","type":"post","link":"https:\/\/www.movistar.es\/blog\/dispositivos\/configurar-mando-vocal-movistar-plus\/","title":{"rendered":"C\u00f3mo configurar el mando vocal de Movistar Plus+"},"content":{"rendered":"\n<p>Conocer c\u00f3mo utilizar adecuadamente la configuraci\u00f3n del mando vocal de Movistar Plus+ es fundamental para una experiencia \u00f3ptima de usuario. Este conocimiento te permitir\u00e1 controlar tu experiencia de visualizaci\u00f3n de una manera m\u00e1s fluida y accesible. Al comprender c\u00f3mo funciona este sistema, podr\u00e1s navegar por la interfaz de Movistar Plus+, buscar contenido espec\u00edfico y acceder a funciones avanzadas utilizando comandos de voz simples.&nbsp;&nbsp;<\/p>\n\n\n\n<p>La correcta configuraci\u00f3n del mando vocal tambi\u00e9n mejora la accesibilidad para personas con discapacidades visuales o motoras, facilitando la interacci\u00f3n con la plataforma de streaming. Adem\u00e1s, <strong>esta funci\u00f3n puede agilizar la experiencia de b\u00fasqueda y navegaci\u00f3n, ahorrando tiempo y esfuerzo<\/strong> al eliminar la necesidad de navegar manualmente a trav\u00e9s de men\u00fas y opciones.&nbsp;&nbsp;<\/p>\n\n\n\n<p>En resumen, familiarizarse con la configuraci\u00f3n del mando vocal de Movistar Plus+ mejora la comodidad y la eficiencia, proporcion\u00e1ndote un mayor control y disfrute de tu contenido preferido.&nbsp;<\/p>\n\n\n\n<figure class=\"wp-block-image size-large\"><img loading=\"lazy\" decoding=\"async\" height=\"577\" width=\"1024\" src=\"https:\/\/www.movistar.es\/blog\/wp-content\/uploads\/sites\/3\/2023\/11\/movistar-es-inpost-1-configuracion-mando-vocal.jpg?w=1024\" alt=\"\" class=\"wp-image-18864\" srcset=\"https:\/\/www.movistar.es\/blog\/wp-content\/uploads\/sites\/3\/2023\/11\/movistar-es-inpost-1-configuracion-mando-vocal.jpg 1040w, https:\/\/www.movistar.es\/blog\/wp-content\/uploads\/sites\/3\/2023\/11\/movistar-es-inpost-1-configuracion-mando-vocal.jpg?resize=300,169 300w, https:\/\/www.movistar.es\/blog\/wp-content\/uploads\/sites\/3\/2023\/11\/movistar-es-inpost-1-configuracion-mando-vocal.jpg?resize=768,433 768w, https:\/\/www.movistar.es\/blog\/wp-content\/uploads\/sites\/3\/2023\/11\/movistar-es-inpost-1-configuracion-mando-vocal.jpg?resize=1024,577 1024w\" sizes=\"auto, (max-width: 1024px) 100vw, 1024px\" \/><\/figure>\n\n\n\n<h2 class=\"wp-block-heading\" id=\"h-optimiza-tu-experiencia-de-entretenimiento\"><strong>Optimiza tu experiencia de entretenimiento<\/strong>&nbsp;&nbsp;<\/h2>\n\n\n\n<p>\u00bfAlguna vez te has preguntado para qu\u00e9 sirven todos esos botones en el mando vocal de Movistar Plus+? Este dispositivo no solo te permite controlar tu experiencia de entretenimiento de manera m\u00e1s eficaz, sino que tambi\u00e9n ofrece una serie de <a href=\"https:\/\/www.movistar.es\/blog\/movistar-plus\/como-funciona-mando-vocal-movistar-plus\/\" target=\"_blank\" rel=\"noreferrer noopener\">funciones inteligentes<\/a> que pueden mejorar tu experiencia de visualizaci\u00f3n. Aqu\u00ed tienes una gu\u00eda detallada sobre c\u00f3mo sacar el m\u00e1ximo provecho de tu mando vocal de Movistar Plus+.&nbsp;<\/p>\n\n\n\n<h3 class=\"wp-block-heading\" class=\"wp-block-heading\" id=\"funciones-clave-del-boton-de-aura\"><strong>Funciones clave del bot\u00f3n de Aura<\/strong>&nbsp;<\/h3>\n\n\n\n<p>El mando vocal de Movistar Plus+ ofrece una gama de botones que te permiten acceder r\u00e1pidamente a diversas funciones. Los botones como \u00abGu\u00eda\u00bb, \u00abMen\u00fa\u00bb y \u00abbot\u00f3n Aura\u201d son un claro ejemplo de ello. Con ellos podr\u00e1s interactuar y navegar f\u00e1cilmente por la interfaz de usuario y tambi\u00e9n acceder tus programas y contenidos favoritos.&nbsp;<\/p>\n\n\n\n<p>Con el <strong>bot\u00f3n de Aura<\/strong> podr\u00e1s realizar la simulaci\u00f3n de teclas del mando, controlar la navegaci\u00f3n y reproducci\u00f3n de tu contenido, realizar el cambio de audio y subt\u00edtulos de una pel\u00edcula y mucho m\u00e1s solo con el uso de tu voz.\u00a0Solo tienes que pulsar el bot\u00f3n de Aura y decir el comando que quieras para empezar a disfrutar de la magia.<\/p>\n\n\n\n<h3 class=\"wp-block-heading\" class=\"wp-block-heading\" id=\"resetear-el-mando-vocal\"><strong>Resetear el Mando Vocal&nbsp;<\/strong>&nbsp;<\/h3>\n\n\n\n<p>Si experimentas problemas t\u00e9cnicos o dificultades con el mando vocal de Movistar Plus+, puedes restablecerlo f\u00e1cilmente manteniendo presionado el bot\u00f3n \u00abReset\u00bb durante unos segundos. Este bot\u00f3n lo encontrar\u00e1s retirando la tapa posterior, en el mismo lugar donde se encuentran las pilas. Esto restablecer\u00e1 la configuraci\u00f3n predeterminada y te permitir\u00e1 solucionar la mayor\u00eda de los problemas t\u00e9cnicos menores que puedas encontrar.&nbsp;<\/p>\n\n\n\n<h3 class=\"wp-block-heading\" class=\"wp-block-heading\" id=\"configurar-como-mando-universal\"><strong>Configurar como Mando Universal<\/strong>&nbsp;<\/h3>\n\n\n\n<p>Para poder utilizar la funci\u00f3n de Mando Universal de Movistar Plus+, se requiere disponer del Descodificador UHD o el Descodificador UHD Smart WiFi, junto con el Mando Vocal. Aseg\u00farate de que tu televisor cuenta con tecnolog\u00eda infrarroja.&nbsp;<\/p>\n\n\n\n<p>Puedes activar esta funci\u00f3n de dos maneras:&nbsp;<\/p>\n\n\n\n<p>Vinculando el mando por Bluetooth. Al presionar el bot\u00f3n de Aura por primera vez, acceder\u00e1s al proceso de vinculaci\u00f3n por Bluetooth del Mando Vocal. Esto te permitir\u00e1 configurar la funci\u00f3n de Mando Universal de forma sencilla.&nbsp;<\/p>\n\n\n\n<p>Accediendo a la secci\u00f3n de Ajustes en el Descodificador. Si ya has vinculado el Mando Vocal por Bluetooth, dir\u00edgete a la secci\u00f3n de \u00abAjustes del Descodificador\u00bb y elige la opci\u00f3n \u00abMando Universal\u00bb. Despu\u00e9s de esto, simplemente presiona atr\u00e1s para iniciar el asistente de configuraci\u00f3n.&nbsp;<\/p>\n\n\n\n<h3 class=\"wp-block-heading\" class=\"wp-block-heading\" id=\"cambiar-las-pilas\"><strong>Cambiar las pilas&nbsp;<\/strong>&nbsp;<\/h3>\n\n\n\n<p>Cuando las pilas del mando vocal est\u00e9n agotadas, simplemente abre la tapa en la parte posterior del mando, retira las pilas antiguas y reempl\u00e1zalas por pilas nuevas del mismo tipo. Aseg\u00farate de colocar las pilas correctamente para evitar problemas de conexi\u00f3n y garantizar un rendimiento \u00f3ptimo del mando vocal.&nbsp;<\/p>\n\n\n\n<figure class=\"wp-block-image size-large\"><img loading=\"lazy\" decoding=\"async\" height=\"577\" width=\"1024\" src=\"https:\/\/www.movistar.es\/blog\/wp-content\/uploads\/sites\/3\/2023\/11\/movistar-es-inpost-2-configuracion-mando-vocal.jpg?w=1024\" alt=\"\" class=\"wp-image-18865\" srcset=\"https:\/\/www.movistar.es\/blog\/wp-content\/uploads\/sites\/3\/2023\/11\/movistar-es-inpost-2-configuracion-mando-vocal.jpg 1040w, https:\/\/www.movistar.es\/blog\/wp-content\/uploads\/sites\/3\/2023\/11\/movistar-es-inpost-2-configuracion-mando-vocal.jpg?resize=300,169 300w, https:\/\/www.movistar.es\/blog\/wp-content\/uploads\/sites\/3\/2023\/11\/movistar-es-inpost-2-configuracion-mando-vocal.jpg?resize=768,433 768w, https:\/\/www.movistar.es\/blog\/wp-content\/uploads\/sites\/3\/2023\/11\/movistar-es-inpost-2-configuracion-mando-vocal.jpg?resize=1024,577 1024w\" sizes=\"auto, (max-width: 1024px) 100vw, 1024px\" \/><\/figure>\n\n\n\n<p>En resumen, el <a href=\"https:\/\/www.movistar.es\/particulares\/movil\/moviles\/mando-a-distancia-vocal\/\" target=\"_blank\" rel=\"noreferrer noopener\">Mando Vocal de Movistar Plus+<\/a> no solo simplifica la forma en que interact\u00faas con tu contenido favorito, sino que tambi\u00e9n ofrece una amplia gama de funciones y caracter\u00edsticas que pueden mejorar tu experiencia general de entretenimiento.&nbsp;&nbsp;<\/p>\n","protected":false},"excerpt":{"rendered":"<p>Conocer c\u00f3mo utilizar adecuadamente la configuraci\u00f3n del mando vocal de Movistar Plus+ es fundamental para una experiencia \u00f3ptima de usuario. Este conocimiento te permitir\u00e1 controlar tu experiencia de visualizaci\u00f3n de una manera m\u00e1s fluida y [&hellip;]<\/p>\n","protected":false},"author":141,"featured_media":18866,"comment_status":"closed","ping_status":"closed","sticky":false,"template":"","format":"standard","meta":{"site-sidebar-layout":"default","site-content-layout":"","ast-site-content-layout":"","site-content-style":"default","site-sidebar-style":"default","ast-global-header-display":"","ast-banner-title-visibility":"","ast-main-header-display":"","ast-hfb-above-header-display":"","ast-hfb-below-header-display":"","ast-hfb-mobile-header-display":"","site-post-title":"","ast-breadcrumbs-content":"","ast-featured-img":"","footer-sml-layout":"","theme-transparent-header-meta":"","adv-header-id-meta":"","stick-header-meta":"","header-above-stick-meta":"","header-main-stick-meta":"","header-below-stick-meta":"","astra-migrate-meta-layouts":"default","ast-page-background-enabled":"default","ast-page-background-meta":{"desktop":{"background-color":"var(--ast-global-color-4)","background-image":"","background-repeat":"repeat","background-position":"center center","background-size":"auto","background-attachment":"scroll","background-type":"","background-media":"","overlay-type":"","overlay-color":"","overlay-opacity":"","overlay-gradient":""},"tablet":{"background-color":"","background-image":"","background-repeat":"repeat","background-position":"center center","background-size":"auto","background-attachment":"scroll","background-type":"","background-media":"","overlay-type":"","overlay-color":"","overlay-opacity":"","overlay-gradient":""},"mobile":{"background-color":"","background-image":"","background-repeat":"repeat","background-position":"center center","background-size":"auto","background-attachment":"scroll","background-type":"","background-media":"","overlay-type":"","overlay-color":"","overlay-opacity":"","overlay-gradient":""}},"ast-content-background-meta":{"desktop":{"background-color":"var(--ast-global-color-5)","background-image":"","background-repeat":"repeat","background-position":"center center","background-size":"auto","background-attachment":"scroll","background-type":"","background-media":"","overlay-type":"","overlay-color":"","overlay-opacity":"","overlay-gradient":""},"tablet":{"background-color":"var(--ast-global-color-5)","background-image":"","background-repeat":"repeat","background-position":"center center","background-size":"auto","background-attachment":"scroll","background-type":"","background-media":"","overlay-type":"","overlay-color":"","overlay-opacity":"","overlay-gradient":""},"mobile":{"background-color":"var(--ast-global-color-5)","background-image":"","background-repeat":"repeat","background-position":"center center","background-size":"auto","background-attachment":"scroll","background-type":"","background-media":"","overlay-type":"","overlay-color":"","overlay-opacity":"","overlay-gradient":""}},"_jetpack_memberships_contains_paid_content":false,"footnotes":""},"categories":[1],"tags":[32,36,12],"area":[7],"cluster":[445],"linea_editorial":[],"coauthors":[537],"class_list":["post-18863","post","type-post","status-publish","format-standard","has-post-thumbnail","hentry","category-sin-categoria","tag-destacado","tag-mando-vocal-movistar","tag-movistar","area-digital-client","cluster-dispositivos"],"yoast_head":"<!-- This site is optimized with the Yoast SEO Premium plugin v25.5 (Yoast SEO v25.5) - https:\/\/yoast.com\/wordpress\/plugins\/seo\/ -->\n<title>C\u00f3mo configurar el Mando Vocal de Movistar Plus+<\/title>\n<meta name=\"description\" content=\"Descubre como cambiar el idioma y audio de tu Mando Vocal de Movistar Plus+, o incluso config\u00faralo c\u00f3mo Mando Universal \u00a1Esto y m\u00e1s aqu\u00ed!\u00a0\" \/>\n<meta name=\"robots\" content=\"index, follow, max-snippet:-1, max-image-preview:large, max-video-preview:-1\" \/>\n<link rel=\"canonical\" href=\"https:\/\/www.movistar.es\/blog\/dispositivos\/configurar-mando-vocal-movistar-plus\/\" \/>\n<meta property=\"og:locale\" content=\"es_ES\" \/>\n<meta property=\"og:type\" content=\"article\" \/>\n<meta property=\"og:title\" content=\"C\u00f3mo configurar el mando vocal de Movistar Plus+\" \/>\n<meta property=\"og:description\" content=\"Descubre como cambiar el idioma y audio de tu Mando Vocal de Movistar Plus+, o incluso config\u00faralo c\u00f3mo Mando Universal \u00a1Esto y m\u00e1s aqu\u00ed!\u00a0\" \/>\n<meta property=\"og:url\" content=\"https:\/\/www.movistar.es\/blog\/dispositivos\/configurar-mando-vocal-movistar-plus\/\" \/>\n<meta property=\"og:site_name\" content=\"Movistar blog\" \/>\n<meta property=\"article:author\" content=\"telefonica\" \/>\n<meta property=\"article:published_time\" content=\"2023-11-02T09:55:40+00:00\" \/>\n<meta property=\"article:modified_time\" content=\"2024-06-24T07:55:05+00:00\" \/>\n<meta property=\"og:image\" content=\"https:\/\/www.movistar.es\/blog\/wp-content\/uploads\/sites\/3\/2023\/11\/movistar-es-cabecera-configuracion-mando-vocal.jpg\" \/>\n\t<meta property=\"og:image:width\" content=\"1040\" \/>\n\t<meta property=\"og:image:height\" content=\"586\" \/>\n\t<meta property=\"og:image:type\" content=\"image\/jpeg\" \/>\n<meta name=\"author\" content=\"Equipo Digital Home de Telef\u00f3nica\" \/>\n<meta name=\"twitter:card\" content=\"summary_large_image\" \/>\n<meta name=\"twitter:creator\" content=\"@telefonica\" \/>\n<meta name=\"twitter:label1\" content=\"Written by\" \/>\n\t<meta name=\"twitter:data1\" content=\"Equipo Digital Home de Telef\u00f3nica\" \/>\n\t<meta name=\"twitter:label2\" content=\"Est. reading time\" \/>\n\t<meta name=\"twitter:data2\" content=\"4 minutos\" \/>\n<script type=\"application\/ld+json\" class=\"yoast-schema-graph\">{\"@context\":\"https:\/\/schema.org\",\"@graph\":[{\"@type\":\"Article\",\"@id\":\"https:\/\/www.movistar.es\/blog\/dispositivos\/configurar-mando-vocal-movistar-plus\/#article\",\"isPartOf\":{\"@id\":\"https:\/\/www.movistar.es\/blog\/dispositivos\/configurar-mando-vocal-movistar-plus\/\"},\"author\":{\"name\":\"Equipo Digital Home de Telef\u00f3nica\",\"@id\":\"https:\/\/www.movistar.es\/blog\/#\/schema\/person\/017db1b90e8802ac5dfd3618d922a394\"},\"headline\":\"C\u00f3mo configurar el mando vocal de Movistar Plus+\",\"datePublished\":\"2023-11-02T09:55:40+00:00\",\"dateModified\":\"2024-06-24T07:55:05+00:00\",\"mainEntityOfPage\":{\"@id\":\"https:\/\/www.movistar.es\/blog\/dispositivos\/configurar-mando-vocal-movistar-plus\/\"},\"wordCount\":722,\"publisher\":{\"@id\":\"https:\/\/www.movistar.es\/blog\/#organization\"},\"image\":{\"@id\":\"https:\/\/www.movistar.es\/blog\/dispositivos\/configurar-mando-vocal-movistar-plus\/#primaryimage\"},\"thumbnailUrl\":\"https:\/\/www.movistar.es\/blog\/wp-content\/uploads\/sites\/3\/2023\/11\/movistar-es-cabecera-configuracion-mando-vocal.jpg\",\"keywords\":[\"destacado\",\"Mando Vocal Movistar+\",\"Movistar\"],\"inLanguage\":\"es\"},{\"@type\":\"WebPage\",\"@id\":\"https:\/\/www.movistar.es\/blog\/dispositivos\/configurar-mando-vocal-movistar-plus\/\",\"url\":\"https:\/\/www.movistar.es\/blog\/dispositivos\/configurar-mando-vocal-movistar-plus\/\",\"name\":\"C\u00f3mo configurar el Mando Vocal de Movistar Plus+\",\"isPartOf\":{\"@id\":\"https:\/\/www.movistar.es\/blog\/#website\"},\"primaryImageOfPage\":{\"@id\":\"https:\/\/www.movistar.es\/blog\/dispositivos\/configurar-mando-vocal-movistar-plus\/#primaryimage\"},\"image\":{\"@id\":\"https:\/\/www.movistar.es\/blog\/dispositivos\/configurar-mando-vocal-movistar-plus\/#primaryimage\"},\"thumbnailUrl\":\"https:\/\/www.movistar.es\/blog\/wp-content\/uploads\/sites\/3\/2023\/11\/movistar-es-cabecera-configuracion-mando-vocal.jpg\",\"datePublished\":\"2023-11-02T09:55:40+00:00\",\"dateModified\":\"2024-06-24T07:55:05+00:00\",\"description\":\"Descubre como cambiar el idioma y audio de tu Mando Vocal de Movistar Plus+, o incluso config\u00faralo c\u00f3mo Mando Universal \u00a1Esto y m\u00e1s aqu\u00ed!\u00a0\",\"breadcrumb\":{\"@id\":\"https:\/\/www.movistar.es\/blog\/dispositivos\/configurar-mando-vocal-movistar-plus\/#breadcrumb\"},\"inLanguage\":\"es\",\"potentialAction\":[{\"@type\":\"ReadAction\",\"target\":[\"https:\/\/www.movistar.es\/blog\/dispositivos\/configurar-mando-vocal-movistar-plus\/\"]}]},{\"@type\":\"ImageObject\",\"inLanguage\":\"es\",\"@id\":\"https:\/\/www.movistar.es\/blog\/dispositivos\/configurar-mando-vocal-movistar-plus\/#primaryimage\",\"url\":\"https:\/\/www.movistar.es\/blog\/wp-content\/uploads\/sites\/3\/2023\/11\/movistar-es-cabecera-configuracion-mando-vocal.jpg\",\"contentUrl\":\"https:\/\/www.movistar.es\/blog\/wp-content\/uploads\/sites\/3\/2023\/11\/movistar-es-cabecera-configuracion-mando-vocal.jpg\",\"width\":1040,\"height\":586},{\"@type\":\"BreadcrumbList\",\"@id\":\"https:\/\/www.movistar.es\/blog\/dispositivos\/configurar-mando-vocal-movistar-plus\/#breadcrumb\",\"itemListElement\":[{\"@type\":\"ListItem\",\"position\":1,\"name\":\"Home\",\"item\":\"https:\/\/www.movistar.es\/blog\/\"},{\"@type\":\"ListItem\",\"position\":2,\"name\":\"C\u00f3mo configurar el mando vocal de Movistar Plus+\"}]},{\"@type\":\"WebSite\",\"@id\":\"https:\/\/www.movistar.es\/blog\/#website\",\"url\":\"https:\/\/www.movistar.es\/blog\/\",\"name\":\"Movistar blog\",\"description\":\"Movistar Blog. Informaci\u00f3n y m\u00e1s sobre los productos y servicios de Movistar\",\"publisher\":{\"@id\":\"https:\/\/www.movistar.es\/blog\/#organization\"},\"potentialAction\":[{\"@type\":\"SearchAction\",\"target\":{\"@type\":\"EntryPoint\",\"urlTemplate\":\"https:\/\/www.movistar.es\/blog\/?s={search_term_string}\"},\"query-input\":{\"@type\":\"PropertyValueSpecification\",\"valueRequired\":true,\"valueName\":\"search_term_string\"}}],\"inLanguage\":\"es\"},{\"@type\":\"Organization\",\"@id\":\"https:\/\/www.movistar.es\/blog\/#organization\",\"name\":\"Movistar blog\",\"url\":\"https:\/\/www.movistar.es\/blog\/\",\"logo\":{\"@type\":\"ImageObject\",\"inLanguage\":\"es\",\"@id\":\"https:\/\/www.movistar.es\/blog\/#\/schema\/logo\/image\/\",\"url\":\"https:\/\/www.movistar.es\/blog\/wp-content\/uploads\/sites\/3\/2022\/05\/logo_movistar-1.svg\",\"contentUrl\":\"https:\/\/www.movistar.es\/blog\/wp-content\/uploads\/sites\/3\/2022\/05\/logo_movistar-1.svg\",\"width\":369,\"height\":272,\"caption\":\"Movistar blog\"},\"image\":{\"@id\":\"https:\/\/www.movistar.es\/blog\/#\/schema\/logo\/image\/\"}},{\"@type\":\"Person\",\"@id\":\"https:\/\/www.movistar.es\/blog\/#\/schema\/person\/017db1b90e8802ac5dfd3618d922a394\",\"name\":\"Equipo Digital Home de Telef\u00f3nica\",\"image\":{\"@type\":\"ImageObject\",\"inLanguage\":\"es\",\"@id\":\"https:\/\/www.movistar.es\/blog\/#\/schema\/person\/image\/e6431db462646a778ad8d8ec435ad57e\",\"url\":\"https:\/\/secure.gravatar.com\/avatar\/bd5d081bad86885415e3c00f9694e72a561b53c12628d54d9a8b054807e947a7\",\"contentUrl\":\"https:\/\/secure.gravatar.com\/avatar\/bd5d081bad86885415e3c00f9694e72a561b53c12628d54d9a8b054807e947a7\",\"caption\":\"Equipo Digital Home de Telef\u00f3nica\"},\"description\":\"En el equipo de Hogar Digital de Telef\u00f3nica somos expertos en conectividad, tecnolog\u00eda e innovaci\u00f3n. Dise\u00f1amos productos y dispositivos inteligentes pensados para el hogar. En este blog te contamos las caracter\u00edsticas y como sacar partido a tu hogar conectado. Desde un asistente de voz (AURA) hasta living apps para disfrutar en Movistar Plus+.\",\"sameAs\":[\"https:\/\/www.telefonica.com\/es\/\",\"telefonica\",\"https:\/\/www.instagram.com\/telefonica\",\"https:\/\/www.linkedin.com\/company\/telefonica\",\"https:\/\/x.com\/telefonica\",\"https:\/\/www.youtube.com\/channel\/UC7LZo_P6m0W7SDDA8h3CLvg\",\"https:\/\/es.wikipedia.org\/wiki\/Telefnica\"],\"knowsAbout\":[\"innovaci\u00f3n\",\"tecnolog\u00eda\",\"hogar digital\",\"hogar inteligente\"],\"worksFor\":\"Telef\u00f3nica\",\"url\":\"https:\/\/www.movistar.es\/blog\/author\/digitalhome\/\"}]}<\/script>\n<!-- \/ Yoast SEO Premium plugin. -->","yoast_head_json":{"title":"C\u00f3mo configurar el Mando Vocal de Movistar Plus+","description":"Descubre como cambiar el idioma y audio de tu Mando Vocal de Movistar Plus+, o incluso config\u00faralo c\u00f3mo Mando Universal \u00a1Esto y m\u00e1s aqu\u00ed!\u00a0","robots":{"index":"index","follow":"follow","max-snippet":"max-snippet:-1","max-image-preview":"max-image-preview:large","max-video-preview":"max-video-preview:-1"},"canonical":"https:\/\/www.movistar.es\/blog\/dispositivos\/configurar-mando-vocal-movistar-plus\/","og_locale":"es_ES","og_type":"article","og_title":"C\u00f3mo configurar el mando vocal de Movistar Plus+","og_description":"Descubre como cambiar el idioma y audio de tu Mando Vocal de Movistar Plus+, o incluso config\u00faralo c\u00f3mo Mando Universal \u00a1Esto y m\u00e1s aqu\u00ed!\u00a0","og_url":"https:\/\/www.movistar.es\/blog\/dispositivos\/configurar-mando-vocal-movistar-plus\/","og_site_name":"Movistar blog","article_author":"telefonica","article_published_time":"2023-11-02T09:55:40+00:00","article_modified_time":"2024-06-24T07:55:05+00:00","og_image":[{"width":1040,"height":586,"url":"https:\/\/www.movistar.es\/blog\/wp-content\/uploads\/sites\/3\/2023\/11\/movistar-es-cabecera-configuracion-mando-vocal.jpg","type":"image\/jpeg"}],"author":"Equipo Digital Home de Telef\u00f3nica","twitter_card":"summary_large_image","twitter_creator":"@telefonica","twitter_misc":{"Written by":"Equipo Digital Home de Telef\u00f3nica","Est. reading time":"4 minutos"},"schema":{"@context":"https:\/\/schema.org","@graph":[{"@type":"Article","@id":"https:\/\/www.movistar.es\/blog\/dispositivos\/configurar-mando-vocal-movistar-plus\/#article","isPartOf":{"@id":"https:\/\/www.movistar.es\/blog\/dispositivos\/configurar-mando-vocal-movistar-plus\/"},"author":{"name":"Equipo Digital Home de Telef\u00f3nica","@id":"https:\/\/www.movistar.es\/blog\/#\/schema\/person\/017db1b90e8802ac5dfd3618d922a394"},"headline":"C\u00f3mo configurar el mando vocal de Movistar Plus+","datePublished":"2023-11-02T09:55:40+00:00","dateModified":"2024-06-24T07:55:05+00:00","mainEntityOfPage":{"@id":"https:\/\/www.movistar.es\/blog\/dispositivos\/configurar-mando-vocal-movistar-plus\/"},"wordCount":722,"publisher":{"@id":"https:\/\/www.movistar.es\/blog\/#organization"},"image":{"@id":"https:\/\/www.movistar.es\/blog\/dispositivos\/configurar-mando-vocal-movistar-plus\/#primaryimage"},"thumbnailUrl":"https:\/\/www.movistar.es\/blog\/wp-content\/uploads\/sites\/3\/2023\/11\/movistar-es-cabecera-configuracion-mando-vocal.jpg","keywords":["destacado","Mando Vocal Movistar+","Movistar"],"inLanguage":"es"},{"@type":"WebPage","@id":"https:\/\/www.movistar.es\/blog\/dispositivos\/configurar-mando-vocal-movistar-plus\/","url":"https:\/\/www.movistar.es\/blog\/dispositivos\/configurar-mando-vocal-movistar-plus\/","name":"C\u00f3mo configurar el Mando Vocal de Movistar Plus+","isPartOf":{"@id":"https:\/\/www.movistar.es\/blog\/#website"},"primaryImageOfPage":{"@id":"https:\/\/www.movistar.es\/blog\/dispositivos\/configurar-mando-vocal-movistar-plus\/#primaryimage"},"image":{"@id":"https:\/\/www.movistar.es\/blog\/dispositivos\/configurar-mando-vocal-movistar-plus\/#primaryimage"},"thumbnailUrl":"https:\/\/www.movistar.es\/blog\/wp-content\/uploads\/sites\/3\/2023\/11\/movistar-es-cabecera-configuracion-mando-vocal.jpg","datePublished":"2023-11-02T09:55:40+00:00","dateModified":"2024-06-24T07:55:05+00:00","description":"Descubre como cambiar el idioma y audio de tu Mando Vocal de Movistar Plus+, o incluso config\u00faralo c\u00f3mo Mando Universal \u00a1Esto y m\u00e1s aqu\u00ed!\u00a0","breadcrumb":{"@id":"https:\/\/www.movistar.es\/blog\/dispositivos\/configurar-mando-vocal-movistar-plus\/#breadcrumb"},"inLanguage":"es","potentialAction":[{"@type":"ReadAction","target":["https:\/\/www.movistar.es\/blog\/dispositivos\/configurar-mando-vocal-movistar-plus\/"]}]},{"@type":"ImageObject","inLanguage":"es","@id":"https:\/\/www.movistar.es\/blog\/dispositivos\/configurar-mando-vocal-movistar-plus\/#primaryimage","url":"https:\/\/www.movistar.es\/blog\/wp-content\/uploads\/sites\/3\/2023\/11\/movistar-es-cabecera-configuracion-mando-vocal.jpg","contentUrl":"https:\/\/www.movistar.es\/blog\/wp-content\/uploads\/sites\/3\/2023\/11\/movistar-es-cabecera-configuracion-mando-vocal.jpg","width":1040,"height":586},{"@type":"BreadcrumbList","@id":"https:\/\/www.movistar.es\/blog\/dispositivos\/configurar-mando-vocal-movistar-plus\/#breadcrumb","itemListElement":[{"@type":"ListItem","position":1,"name":"Home","item":"https:\/\/www.movistar.es\/blog\/"},{"@type":"ListItem","position":2,"name":"C\u00f3mo configurar el mando vocal de Movistar Plus+"}]},{"@type":"WebSite","@id":"https:\/\/www.movistar.es\/blog\/#website","url":"https:\/\/www.movistar.es\/blog\/","name":"Movistar blog","description":"Movistar Blog. Informaci\u00f3n y m\u00e1s sobre los productos y servicios de Movistar","publisher":{"@id":"https:\/\/www.movistar.es\/blog\/#organization"},"potentialAction":[{"@type":"SearchAction","target":{"@type":"EntryPoint","urlTemplate":"https:\/\/www.movistar.es\/blog\/?s={search_term_string}"},"query-input":{"@type":"PropertyValueSpecification","valueRequired":true,"valueName":"search_term_string"}}],"inLanguage":"es"},{"@type":"Organization","@id":"https:\/\/www.movistar.es\/blog\/#organization","name":"Movistar blog","url":"https:\/\/www.movistar.es\/blog\/","logo":{"@type":"ImageObject","inLanguage":"es","@id":"https:\/\/www.movistar.es\/blog\/#\/schema\/logo\/image\/","url":"https:\/\/www.movistar.es\/blog\/wp-content\/uploads\/sites\/3\/2022\/05\/logo_movistar-1.svg","contentUrl":"https:\/\/www.movistar.es\/blog\/wp-content\/uploads\/sites\/3\/2022\/05\/logo_movistar-1.svg","width":369,"height":272,"caption":"Movistar blog"},"image":{"@id":"https:\/\/www.movistar.es\/blog\/#\/schema\/logo\/image\/"}},{"@type":"Person","@id":"https:\/\/www.movistar.es\/blog\/#\/schema\/person\/017db1b90e8802ac5dfd3618d922a394","name":"Equipo Digital Home de Telef\u00f3nica","image":{"@type":"ImageObject","inLanguage":"es","@id":"https:\/\/www.movistar.es\/blog\/#\/schema\/person\/image\/e6431db462646a778ad8d8ec435ad57e","url":"https:\/\/secure.gravatar.com\/avatar\/bd5d081bad86885415e3c00f9694e72a561b53c12628d54d9a8b054807e947a7","contentUrl":"https:\/\/secure.gravatar.com\/avatar\/bd5d081bad86885415e3c00f9694e72a561b53c12628d54d9a8b054807e947a7","caption":"Equipo Digital Home de Telef\u00f3nica"},"description":"En el equipo de Hogar Digital de Telef\u00f3nica somos expertos en conectividad, tecnolog\u00eda e innovaci\u00f3n. Dise\u00f1amos productos y dispositivos inteligentes pensados para el hogar. En este blog te contamos las caracter\u00edsticas y como sacar partido a tu hogar conectado. Desde un asistente de voz (AURA) hasta living apps para disfrutar en Movistar Plus+.","sameAs":["https:\/\/www.telefonica.com\/es\/","telefonica","https:\/\/www.instagram.com\/telefonica","https:\/\/www.linkedin.com\/company\/telefonica","https:\/\/x.com\/telefonica","https:\/\/www.youtube.com\/channel\/UC7LZo_P6m0W7SDDA8h3CLvg","https:\/\/es.wikipedia.org\/wiki\/Telefnica"],"knowsAbout":["innovaci\u00f3n","tecnolog\u00eda","hogar digital","hogar inteligente"],"worksFor":"Telef\u00f3nica","url":"https:\/\/www.movistar.es\/blog\/author\/digitalhome\/"}]}},"jetpack_featured_media_url":"https:\/\/www.movistar.es\/blog\/wp-content\/uploads\/sites\/3\/2023\/11\/movistar-es-cabecera-configuracion-mando-vocal.jpg","jetpack_sharing_enabled":true,"_links":{"self":[{"href":"https:\/\/www.movistar.es\/blog\/wp-json\/wp\/v2\/posts\/18863","targetHints":{"allow":["GET"]}}],"collection":[{"href":"https:\/\/www.movistar.es\/blog\/wp-json\/wp\/v2\/posts"}],"about":[{"href":"https:\/\/www.movistar.es\/blog\/wp-json\/wp\/v2\/types\/post"}],"author":[{"embeddable":true,"href":"https:\/\/www.movistar.es\/blog\/wp-json\/wp\/v2\/users\/141"}],"replies":[{"embeddable":true,"href":"https:\/\/www.movistar.es\/blog\/wp-json\/wp\/v2\/comments?post=18863"}],"version-history":[{"count":5,"href":"https:\/\/www.movistar.es\/blog\/wp-json\/wp\/v2\/posts\/18863\/revisions"}],"predecessor-version":[{"id":26381,"href":"https:\/\/www.movistar.es\/blog\/wp-json\/wp\/v2\/posts\/18863\/revisions\/26381"}],"wp:featuredmedia":[{"embeddable":true,"href":"https:\/\/www.movistar.es\/blog\/wp-json\/wp\/v2\/media\/18866"}],"wp:attachment":[{"href":"https:\/\/www.movistar.es\/blog\/wp-json\/wp\/v2\/media?parent=18863"}],"wp:term":[{"taxonomy":"category","embeddable":true,"href":"https:\/\/www.movistar.es\/blog\/wp-json\/wp\/v2\/categories?post=18863"},{"taxonomy":"post_tag","embeddable":true,"href":"https:\/\/www.movistar.es\/blog\/wp-json\/wp\/v2\/tags?post=18863"},{"taxonomy":"area","embeddable":true,"href":"https:\/\/www.movistar.es\/blog\/wp-json\/wp\/v2\/area?post=18863"},{"taxonomy":"cluster","embeddable":true,"href":"https:\/\/www.movistar.es\/blog\/wp-json\/wp\/v2\/cluster?post=18863"},{"taxonomy":"linea_editorial","embeddable":true,"href":"https:\/\/www.movistar.es\/blog\/wp-json\/wp\/v2\/linea_editorial?post=18863"},{"taxonomy":"author","embeddable":true,"href":"https:\/\/www.movistar.es\/blog\/wp-json\/wp\/v2\/coauthors?post=18863"}],"curies":[{"name":"wp","href":"https:\/\/api.w.org\/{rel}","templated":true}]}}