{"id":18824,"date":"2023-11-03T12:19:27","date_gmt":"2023-11-03T11:19:27","guid":{"rendered":"https:\/\/www.movistar.es\/blog\/?p=18824"},"modified":"2023-11-03T12:19:28","modified_gmt":"2023-11-03T11:19:28","slug":"cuando-empieza-black-friday-fecha-hasta-cuando-dura","status":"publish","type":"post","link":"https:\/\/www.movistar.es\/blog\/dispositivos\/cuando-empieza-black-friday-fecha-hasta-cuando-dura\/","title":{"rendered":"\u00bfCu\u00e1ndo empieza el Black Friday? Fecha y hasta cu\u00e1ndo dura"},"content":{"rendered":"\n<p>Lo escuchas? \u00a1Es el sonido del <strong>Black Friday <\/strong>acerc\u00e1ndose! Esta fecha tan especial, marcada por muchos en rojo en el calendario, ya est\u00e1 casi aqu\u00ed, por lo que hoy vamos a despejar algunas inc\u00f3gnitas. La primera y m\u00e1s importante es \u00bfcu\u00e1ndo empieza el Black Friday? Pero tambi\u00e9n hablaremos sobre sus or\u00edgenes, daremos algunos consejos que ayudaran a la hora de comprar. As\u00ed que, sin m\u00e1s dilaci\u00f3n, \u00a1preparados, listos, compras!<\/p>\n\n\n\n<h2 class=\"wp-block-heading\" id=\"h-que-es-y-cuando-empieza-el-black-friday\">Qu\u00e9 es y cu\u00e1ndo empieza el Black Friday<\/h2>\n\n\n\n<p>Antes de desvelar cu\u00e1ndo empieza el Black Friday, pongamos un poco de contexto y hablemos brevemente sobre su historia. El fen\u00f3meno del Black Friday, tambi\u00e9n conocido como el <strong>Viernes Negro<\/strong>, tiene sus ra\u00edces en Estados Unidos y tiene lugar el primer viernes despu\u00e9s de la fiesta de Acci\u00f3n de Gracias. Aunque hay varia teor\u00edas al respecto, se origin\u00f3 en la d\u00e9cada de los <strong>a\u00f1os 60<\/strong>, cuando los comerciantes estadounidenses buscaban impulsar sus ventas durante la temporada festiva. Sin embargo, la denominaci\u00f3n \u00abBlack Friday\u00bb adquiri\u00f3 su significado actual en 1961 en la ciudad de Filadelfia. Fue en ese momento cuando un comunicado p\u00fablico alert\u00f3 sobre el caos que se desat\u00f3 en las calles debido a las impresionantes rebajas que se ofrecieron el d\u00eda siguiente a Acci\u00f3n de Gracias.<\/p>\n\n\n\n<figure class=\"wp-block-image size-large\"><img loading=\"lazy\" decoding=\"async\" height=\"467\" width=\"1024\" src=\"https:\/\/www.movistar.es\/blog\/wp-content\/uploads\/sites\/3\/2023\/10\/Pareja-comprando-1500x684-1.png?w=1024\" alt=\"cu\u00e1ndo empieza el black friday\" class=\"wp-image-18827\" srcset=\"https:\/\/www.movistar.es\/blog\/wp-content\/uploads\/sites\/3\/2023\/10\/Pareja-comprando-1500x684-1.png 6250w, https:\/\/www.movistar.es\/blog\/wp-content\/uploads\/sites\/3\/2023\/10\/Pareja-comprando-1500x684-1.png?resize=300,137 300w, https:\/\/www.movistar.es\/blog\/wp-content\/uploads\/sites\/3\/2023\/10\/Pareja-comprando-1500x684-1.png?resize=768,350 768w, https:\/\/www.movistar.es\/blog\/wp-content\/uploads\/sites\/3\/2023\/10\/Pareja-comprando-1500x684-1.png?resize=1024,467 1024w, https:\/\/www.movistar.es\/blog\/wp-content\/uploads\/sites\/3\/2023\/10\/Pareja-comprando-1500x684-1.png?resize=1536,700 1536w, https:\/\/www.movistar.es\/blog\/wp-content\/uploads\/sites\/3\/2023\/10\/Pareja-comprando-1500x684-1.png?resize=2048,934 2048w\" sizes=\"auto, (max-width: 1024px) 100vw, 1024px\" \/><\/figure>\n\n\n\n<p>Y ahora hablemos sobre cu\u00e1ndo empieza el Black Friday. Este a\u00f1o, el Black Friday se llevar\u00e1 a cabo el viernes <strong>24 de noviembre<\/strong>, aunque es importante destacar que esta \u00abfestividad\u00bb ha evolucionado. Si bien antes duraba un solo d\u00eda, en la era del comercio online, la emoci\u00f3n se extiende durante toda la semana, populariz\u00e1ndose la \u00abSemana del Black Friday\u00bb. Aun as\u00ed, no se puede afirmar con exactitud cuando termina, ya que cada negocio fija sus propias fechas.<\/p>\n\n\n\n<p><\/p>\n\n\n\n<h2 class=\"wp-block-heading\" id=\"h-consejos-para-comprar-en-el-black-friday\">Consejos para comprar en el Black Friday<\/h2>\n\n\n\n<p>Aprovechar al m\u00e1ximo el Black Friday requiere de un plan s\u00f3lido. Por eso aqu\u00ed te ofrecemos algunos <a href=\"https:\/\/www.movistar.es\/blog\/mi-movistar\/consejos-para-comprar-mejor-durante-el-black-friday\/\" target=\"_blank\" rel=\"noreferrer noopener\">consejos clave<\/a>:<\/p>\n\n\n\n<ul class=\"wp-block-list\"><li><strong>Comparar es ahorrar:<\/strong> No subestimes la importancia de comparar precios. Puedes encontrar el mismo producto a precios muy diferentes y, a menudo, una opci\u00f3n mejor en t\u00e9rminos de relaci\u00f3n calidad-precio.<\/li><li><strong>Echa un ojo a productos caros<\/strong>: El Black Friday es una oportunidad perfecta para adquirir productos m\u00e1s caros. \u00bfEl motivo? F\u00e1cil, al tener precio m\u00e1s elevados, el descuento que se aplica hace que la rebaja de precio se bastante significativa.<\/li><li><strong>Guarda el recibo de compra:<\/strong> No pierdas el tique o la factura. Son esenciales para cualquier reclamaci\u00f3n o devoluci\u00f3n y nunca se sabe cu\u00e1ndo lo vamos a necesitar.<\/li><li><strong>Adelanta las compras de Navidad<\/strong>: El Black Friday es el momento id\u00f3neo para comprar algunos regalos de Navidad a mejores precios que en semanas posteriores. \u00a1No pierdas la oportunidad!<\/li><li><strong>Evita las compras impulsivas:<\/strong> Haz una lista de lo que necesitas y c\u00ed\u00f1ete a ella. La reflexi\u00f3n y la comparaci\u00f3n te ayudar\u00e1n a tomar decisiones m\u00e1s acertadas.<\/li><li><strong>Seguridad ante todo<\/strong>: Durante el Black Friday suelen surgir muchas webs nuevas de dudosa seguridad. Por eso mismo, es importante que, antes de realizar cualquier compra, te asegures de que est\u00e1s comprando a trav\u00e9s de webs seguras y oficiales.<\/li><\/ul>\n\n\n\n<figure class=\"wp-block-image size-large\"><img loading=\"lazy\" decoding=\"async\" height=\"683\" width=\"1024\" src=\"https:\/\/www.movistar.es\/blog\/wp-content\/uploads\/sites\/3\/2023\/10\/tienda-online-1.jpg?w=1024\" alt=\"cu\u00e1ndo empieza el black friday\" class=\"wp-image-18828\" srcset=\"https:\/\/www.movistar.es\/blog\/wp-content\/uploads\/sites\/3\/2023\/10\/tienda-online-1.jpg 1080w, https:\/\/www.movistar.es\/blog\/wp-content\/uploads\/sites\/3\/2023\/10\/tienda-online-1.jpg?resize=300,200 300w, https:\/\/www.movistar.es\/blog\/wp-content\/uploads\/sites\/3\/2023\/10\/tienda-online-1.jpg?resize=768,512 768w, https:\/\/www.movistar.es\/blog\/wp-content\/uploads\/sites\/3\/2023\/10\/tienda-online-1.jpg?resize=1024,683 1024w\" sizes=\"auto, (max-width: 1024px) 100vw, 1024px\" \/><\/figure>\n\n\n\n<h2 class=\"wp-block-heading\" id=\"h-disfruta-de-esta-fecha-con-movistar\">Disfruta de esta fecha con Movistar<\/h2>\n\n\n\n<p>Despu\u00e9s de este art\u00edculo, seguro que ya ten\u00e9is claro cu\u00e1ndo empieza el Black Friday y qu\u00e9 consejos tener en cuenta para comprar mejor. Pero, \u00bfcon qui\u00e9n pod\u00e9is vivir mejor que nunca el Black Friday?<\/p>\n\n\n\n<p>En a\u00f1os anteriores, <strong><a href=\"https:\/\/www.movistar.es\/dispositivos\/\" target=\"_blank\" rel=\"noreferrer noopener\">Movistar<\/a><\/strong> ha sido el aliado perfecto para los amantes de la tecnolog\u00eda y las ofertas en el Black Friday. Nuestros clientes han podido gozar de ofertas exclusivas a precios \u00fanicos en productos de todo tipo: desde smartphones y tablets, hasta smartwatches, televisores o consolas. Todo es posible en Movistar y nuestras ofertas durante las anteriores ediciones del Black Friday dan buena cuenta de ello.<\/p>\n\n\n\n<p>Este a\u00f1o, adem\u00e1s, no ser\u00e1 la excepci\u00f3n. Porque  desde el 1 de noviembre y hasta el 10 de enero podr\u00e9is disfrutar de los gastos de env\u00edo gratis en dispositivos. As\u00ed que, ya sabes, mantente atento a las ofertas que est\u00e1n por llegar porque estamos seguros de que te van a interesar. \u00a1Prep\u00e1rate para vivir el Black Friday m\u00e1s especial junto a Movistar! Luego no dig\u00e1is que no os lo advertimos.<\/p>\n","protected":false},"excerpt":{"rendered":"<p>Lo escuchas? \u00a1Es el sonido del Black Friday acerc\u00e1ndose! Esta fecha tan especial, marcada por muchos en rojo en el calendario, ya est\u00e1 casi aqu\u00ed, por lo que hoy vamos a despejar algunas inc\u00f3gnitas. La [&hellip;]<\/p>\n","protected":false},"author":82,"featured_media":18825,"comment_status":"closed","ping_status":"closed","sticky":false,"template":"","format":"standard","meta":{"site-sidebar-layout":"default","site-content-layout":"","ast-site-content-layout":"","site-content-style":"default","site-sidebar-style":"default","ast-global-header-display":"","ast-banner-title-visibility":"","ast-main-header-display":"","ast-hfb-above-header-display":"","ast-hfb-below-header-display":"","ast-hfb-mobile-header-display":"","site-post-title":"","ast-breadcrumbs-content":"","ast-featured-img":"","footer-sml-layout":"","theme-transparent-header-meta":"","adv-header-id-meta":"","stick-header-meta":"","header-above-stick-meta":"","header-main-stick-meta":"","header-below-stick-meta":"","astra-migrate-meta-layouts":"default","ast-page-background-enabled":"default","ast-page-background-meta":{"desktop":{"background-color":"var(--ast-global-color-4)","background-image":"","background-repeat":"repeat","background-position":"center center","background-size":"auto","background-attachment":"scroll","background-type":"","background-media":"","overlay-type":"","overlay-color":"","overlay-opacity":"","overlay-gradient":""},"tablet":{"background-color":"","background-image":"","background-repeat":"repeat","background-position":"center center","background-size":"auto","background-attachment":"scroll","background-type":"","background-media":"","overlay-type":"","overlay-color":"","overlay-opacity":"","overlay-gradient":""},"mobile":{"background-color":"","background-image":"","background-repeat":"repeat","background-position":"center center","background-size":"auto","background-attachment":"scroll","background-type":"","background-media":"","overlay-type":"","overlay-color":"","overlay-opacity":"","overlay-gradient":""}},"ast-content-background-meta":{"desktop":{"background-color":"var(--ast-global-color-5)","background-image":"","background-repeat":"repeat","background-position":"center center","background-size":"auto","background-attachment":"scroll","background-type":"","background-media":"","overlay-type":"","overlay-color":"","overlay-opacity":"","overlay-gradient":""},"tablet":{"background-color":"var(--ast-global-color-5)","background-image":"","background-repeat":"repeat","background-position":"center center","background-size":"auto","background-attachment":"scroll","background-type":"","background-media":"","overlay-type":"","overlay-color":"","overlay-opacity":"","overlay-gradient":""},"mobile":{"background-color":"var(--ast-global-color-5)","background-image":"","background-repeat":"repeat","background-position":"center center","background-size":"auto","background-attachment":"scroll","background-type":"","background-media":"","overlay-type":"","overlay-color":"","overlay-opacity":"","overlay-gradient":""}},"_jetpack_memberships_contains_paid_content":false,"footnotes":""},"categories":[1],"tags":[],"area":[427],"cluster":[445],"linea_editorial":[],"coauthors":[411],"class_list":["post-18824","post","type-post","status-publish","format-standard","has-post-thumbnail","hentry","category-sin-categoria","area-gametv","cluster-dispositivos"],"yoast_head":"<!-- This site is optimized with the Yoast SEO Premium plugin v25.5 (Yoast SEO v25.5) - https:\/\/yoast.com\/wordpress\/plugins\/seo\/ -->\n<title>\u00bfCu\u00e1ndo empieza el Black Friday? Fecha y hasta cu\u00e1ndo dura<\/title>\n<meta name=\"description\" content=\"Te contamos cu\u00e1ndo empieza el Black Friday y todo lo que necesitas saber para aprovechar al m\u00e1ximo esta fecha.\" \/>\n<meta name=\"robots\" content=\"index, follow, max-snippet:-1, max-image-preview:large, max-video-preview:-1\" \/>\n<link rel=\"canonical\" href=\"https:\/\/www.movistar.es\/blog\/dispositivos\/cuando-empieza-black-friday-fecha-hasta-cuando-dura\/\" \/>\n<meta property=\"og:locale\" content=\"es_ES\" \/>\n<meta property=\"og:type\" content=\"article\" \/>\n<meta property=\"og:title\" content=\"\u00bfCu\u00e1ndo empieza el Black Friday? Fecha y hasta cu\u00e1ndo dura\" \/>\n<meta property=\"og:description\" content=\"Te contamos cu\u00e1ndo empieza el Black Friday y todo lo que necesitas saber para aprovechar al m\u00e1ximo esta fecha.\" \/>\n<meta property=\"og:url\" content=\"https:\/\/www.movistar.es\/blog\/dispositivos\/cuando-empieza-black-friday-fecha-hasta-cuando-dura\/\" \/>\n<meta property=\"og:site_name\" content=\"Movistar blog\" \/>\n<meta property=\"article:published_time\" content=\"2023-11-03T11:19:27+00:00\" \/>\n<meta property=\"article:modified_time\" content=\"2023-11-03T11:19:28+00:00\" \/>\n<meta property=\"og:image\" content=\"https:\/\/www.movistar.es\/blog\/wp-content\/uploads\/sites\/3\/2023\/10\/pequeno-comercio-blackfriday-wp.jpeg\" \/>\n\t<meta property=\"og:image:width\" content=\"1996\" \/>\n\t<meta property=\"og:image:height\" content=\"1206\" \/>\n\t<meta property=\"og:image:type\" content=\"image\/jpeg\" \/>\n<meta name=\"author\" content=\"Juan Carrasco\" \/>\n<meta name=\"twitter:card\" content=\"summary_large_image\" \/>\n<meta name=\"twitter:creator\" content=\"@juan_villain\" \/>\n<meta name=\"twitter:label1\" content=\"Written by\" \/>\n\t<meta name=\"twitter:data1\" content=\"Juan Carrasco\" \/>\n\t<meta name=\"twitter:label2\" content=\"Est. reading time\" \/>\n\t<meta name=\"twitter:data2\" content=\"4 minutos\" \/>\n<script type=\"application\/ld+json\" class=\"yoast-schema-graph\">{\"@context\":\"https:\/\/schema.org\",\"@graph\":[{\"@type\":\"Article\",\"@id\":\"https:\/\/www.movistar.es\/blog\/dispositivos\/cuando-empieza-black-friday-fecha-hasta-cuando-dura\/#article\",\"isPartOf\":{\"@id\":\"https:\/\/www.movistar.es\/blog\/dispositivos\/cuando-empieza-black-friday-fecha-hasta-cuando-dura\/\"},\"author\":{\"name\":\"Juan Carrasco\",\"@id\":\"https:\/\/www.movistar.es\/blog\/#\/schema\/person\/aa90a598b429d06707d7bbdcc4ac52bf\"},\"headline\":\"\u00bfCu\u00e1ndo empieza el Black Friday? Fecha y hasta cu\u00e1ndo dura\",\"datePublished\":\"2023-11-03T11:19:27+00:00\",\"dateModified\":\"2023-11-03T11:19:28+00:00\",\"mainEntityOfPage\":{\"@id\":\"https:\/\/www.movistar.es\/blog\/dispositivos\/cuando-empieza-black-friday-fecha-hasta-cuando-dura\/\"},\"wordCount\":747,\"publisher\":{\"@id\":\"https:\/\/www.movistar.es\/blog\/#organization\"},\"image\":{\"@id\":\"https:\/\/www.movistar.es\/blog\/dispositivos\/cuando-empieza-black-friday-fecha-hasta-cuando-dura\/#primaryimage\"},\"thumbnailUrl\":\"https:\/\/www.movistar.es\/blog\/wp-content\/uploads\/sites\/3\/2023\/10\/pequeno-comercio-blackfriday-wp.jpeg\",\"inLanguage\":\"es\"},{\"@type\":\"WebPage\",\"@id\":\"https:\/\/www.movistar.es\/blog\/dispositivos\/cuando-empieza-black-friday-fecha-hasta-cuando-dura\/\",\"url\":\"https:\/\/www.movistar.es\/blog\/dispositivos\/cuando-empieza-black-friday-fecha-hasta-cuando-dura\/\",\"name\":\"\u00bfCu\u00e1ndo empieza el Black Friday? Fecha y hasta cu\u00e1ndo dura\",\"isPartOf\":{\"@id\":\"https:\/\/www.movistar.es\/blog\/#website\"},\"primaryImageOfPage\":{\"@id\":\"https:\/\/www.movistar.es\/blog\/dispositivos\/cuando-empieza-black-friday-fecha-hasta-cuando-dura\/#primaryimage\"},\"image\":{\"@id\":\"https:\/\/www.movistar.es\/blog\/dispositivos\/cuando-empieza-black-friday-fecha-hasta-cuando-dura\/#primaryimage\"},\"thumbnailUrl\":\"https:\/\/www.movistar.es\/blog\/wp-content\/uploads\/sites\/3\/2023\/10\/pequeno-comercio-blackfriday-wp.jpeg\",\"datePublished\":\"2023-11-03T11:19:27+00:00\",\"dateModified\":\"2023-11-03T11:19:28+00:00\",\"description\":\"Te contamos cu\u00e1ndo empieza el Black Friday y todo lo que necesitas saber para aprovechar al m\u00e1ximo esta fecha.\",\"breadcrumb\":{\"@id\":\"https:\/\/www.movistar.es\/blog\/dispositivos\/cuando-empieza-black-friday-fecha-hasta-cuando-dura\/#breadcrumb\"},\"inLanguage\":\"es\",\"potentialAction\":[{\"@type\":\"ReadAction\",\"target\":[\"https:\/\/www.movistar.es\/blog\/dispositivos\/cuando-empieza-black-friday-fecha-hasta-cuando-dura\/\"]}]},{\"@type\":\"ImageObject\",\"inLanguage\":\"es\",\"@id\":\"https:\/\/www.movistar.es\/blog\/dispositivos\/cuando-empieza-black-friday-fecha-hasta-cuando-dura\/#primaryimage\",\"url\":\"https:\/\/www.movistar.es\/blog\/wp-content\/uploads\/sites\/3\/2023\/10\/pequeno-comercio-blackfriday-wp.jpeg\",\"contentUrl\":\"https:\/\/www.movistar.es\/blog\/wp-content\/uploads\/sites\/3\/2023\/10\/pequeno-comercio-blackfriday-wp.jpeg\",\"width\":1996,\"height\":1206,\"caption\":\"SSUCv3H4sIAAAAAAAACpxTy27dIBDdV+o\/WKyDBDZ+ZZkv6L7qYoDhGoVrrgxuFUX592Js35Ao6qI75gxzzpkZeP3+raqIhGAVeaxetyjF1rk1xAWi9XOC2cOBLzhrXEoEtY1+seBKUEJU0wxXTOC8OrfBbzlJQoS4Bgyb2AEpiHhJHDt4p9gd\/dzj6kzkZKpIKUIeCiysMmMntJP\/V+V++HV2Axec1cu7tw1ycH0p3VWfOHUrdV8DUjUyRkWvRyrrsaEauRmVHpjg413wVNratpcQvXq+TT76TwI\/0N8cfpB5WoOdMYSvqPSCcA3R5i2UPJx3H0j6\/qvyMK0x4pLd\/KtT3rxX74c8v2O3CzqEfd0HAzFi4KIHRRmajgoJIwXNDEUwnKXxpHN9KpBu5NDVLdKat4IKND0dMM2x100aZdf19cCy\/u6cPP9Jnq\/l64JVW188rN9egdsuNIXN22KVnS9FmY9TfuhnmfLrHJdt5\/f2ifP+BjKt5LEyiRNPfIIQ0nV94oWQSt\/KXwud2cc8nYOV6PQZtpA3NW96xpuhqxlv21ocF\/YPNNnEk+2cRHlRVpet280BEdIo1M1AO0jvUcgG6MgNp3qQrJXCdCB0GuHbXwAAAP\/\/AwAC18FtCgQAAA==\"},{\"@type\":\"BreadcrumbList\",\"@id\":\"https:\/\/www.movistar.es\/blog\/dispositivos\/cuando-empieza-black-friday-fecha-hasta-cuando-dura\/#breadcrumb\",\"itemListElement\":[{\"@type\":\"ListItem\",\"position\":1,\"name\":\"Home\",\"item\":\"https:\/\/www.movistar.es\/blog\/\"},{\"@type\":\"ListItem\",\"position\":2,\"name\":\"\u00bfCu\u00e1ndo empieza el Black Friday? Fecha y hasta cu\u00e1ndo dura\"}]},{\"@type\":\"WebSite\",\"@id\":\"https:\/\/www.movistar.es\/blog\/#website\",\"url\":\"https:\/\/www.movistar.es\/blog\/\",\"name\":\"Movistar blog\",\"description\":\"Movistar Blog. Informaci\u00f3n y m\u00e1s sobre los productos y servicios de Movistar\",\"publisher\":{\"@id\":\"https:\/\/www.movistar.es\/blog\/#organization\"},\"potentialAction\":[{\"@type\":\"SearchAction\",\"target\":{\"@type\":\"EntryPoint\",\"urlTemplate\":\"https:\/\/www.movistar.es\/blog\/?s={search_term_string}\"},\"query-input\":{\"@type\":\"PropertyValueSpecification\",\"valueRequired\":true,\"valueName\":\"search_term_string\"}}],\"inLanguage\":\"es\"},{\"@type\":\"Organization\",\"@id\":\"https:\/\/www.movistar.es\/blog\/#organization\",\"name\":\"Movistar blog\",\"url\":\"https:\/\/www.movistar.es\/blog\/\",\"logo\":{\"@type\":\"ImageObject\",\"inLanguage\":\"es\",\"@id\":\"https:\/\/www.movistar.es\/blog\/#\/schema\/logo\/image\/\",\"url\":\"https:\/\/www.movistar.es\/blog\/wp-content\/uploads\/sites\/3\/2022\/05\/logo_movistar-1.svg\",\"contentUrl\":\"https:\/\/www.movistar.es\/blog\/wp-content\/uploads\/sites\/3\/2022\/05\/logo_movistar-1.svg\",\"width\":369,\"height\":272,\"caption\":\"Movistar blog\"},\"image\":{\"@id\":\"https:\/\/www.movistar.es\/blog\/#\/schema\/logo\/image\/\"}},{\"@type\":\"Person\",\"@id\":\"https:\/\/www.movistar.es\/blog\/#\/schema\/person\/aa90a598b429d06707d7bbdcc4ac52bf\",\"name\":\"Juan Carrasco\",\"image\":{\"@type\":\"ImageObject\",\"inLanguage\":\"es\",\"@id\":\"https:\/\/www.movistar.es\/blog\/#\/schema\/person\/image\/7421c948a853e8c530a92c2fadaedff4\",\"url\":\"https:\/\/secure.gravatar.com\/avatar\/6429585a3827db718673dd63fffad1d627420ccb06536b49762c4345a5b61954\",\"contentUrl\":\"https:\/\/secure.gravatar.com\/avatar\/6429585a3827db718673dd63fffad1d627420ccb06536b49762c4345a5b61954\",\"caption\":\"Juan Carrasco\"},\"description\":\"Juan Carrasco cuenta con un grado universitario en Literatura General y Comparada y un m\u00e1ster en Cr\u00edtica y Comunicaci\u00f3n Cultural. Actualmente, forma parte del equipo de redacci\u00f3n de Movistar eSports, medio referente de gaming, esports y entretenimiento digital. Desde que agarr\u00f3 una Game Boy por primera vez, no ha podido dejar de ver el mundo en 8 bits.\",\"sameAs\":[\"https:\/\/x.com\/juan_villain\"],\"knowsAbout\":[\"gaming\",\"consolas\",\"videojuegos\",\"streaming\"],\"url\":\"https:\/\/www.movistar.es\/blog\/author\/jasensio\/\"}]}<\/script>\n<!-- \/ Yoast SEO Premium plugin. -->","yoast_head_json":{"title":"\u00bfCu\u00e1ndo empieza el Black Friday? Fecha y hasta cu\u00e1ndo dura","description":"Te contamos cu\u00e1ndo empieza el Black Friday y todo lo que necesitas saber para aprovechar al m\u00e1ximo esta fecha.","robots":{"index":"index","follow":"follow","max-snippet":"max-snippet:-1","max-image-preview":"max-image-preview:large","max-video-preview":"max-video-preview:-1"},"canonical":"https:\/\/www.movistar.es\/blog\/dispositivos\/cuando-empieza-black-friday-fecha-hasta-cuando-dura\/","og_locale":"es_ES","og_type":"article","og_title":"\u00bfCu\u00e1ndo empieza el Black Friday? Fecha y hasta cu\u00e1ndo dura","og_description":"Te contamos cu\u00e1ndo empieza el Black Friday y todo lo que necesitas saber para aprovechar al m\u00e1ximo esta fecha.","og_url":"https:\/\/www.movistar.es\/blog\/dispositivos\/cuando-empieza-black-friday-fecha-hasta-cuando-dura\/","og_site_name":"Movistar blog","article_published_time":"2023-11-03T11:19:27+00:00","article_modified_time":"2023-11-03T11:19:28+00:00","og_image":[{"width":1996,"height":1206,"url":"https:\/\/www.movistar.es\/blog\/wp-content\/uploads\/sites\/3\/2023\/10\/pequeno-comercio-blackfriday-wp.jpeg","type":"image\/jpeg"}],"author":"Juan Carrasco","twitter_card":"summary_large_image","twitter_creator":"@juan_villain","twitter_misc":{"Written by":"Juan Carrasco","Est. reading time":"4 minutos"},"schema":{"@context":"https:\/\/schema.org","@graph":[{"@type":"Article","@id":"https:\/\/www.movistar.es\/blog\/dispositivos\/cuando-empieza-black-friday-fecha-hasta-cuando-dura\/#article","isPartOf":{"@id":"https:\/\/www.movistar.es\/blog\/dispositivos\/cuando-empieza-black-friday-fecha-hasta-cuando-dura\/"},"author":{"name":"Juan Carrasco","@id":"https:\/\/www.movistar.es\/blog\/#\/schema\/person\/aa90a598b429d06707d7bbdcc4ac52bf"},"headline":"\u00bfCu\u00e1ndo empieza el Black Friday? Fecha y hasta cu\u00e1ndo dura","datePublished":"2023-11-03T11:19:27+00:00","dateModified":"2023-11-03T11:19:28+00:00","mainEntityOfPage":{"@id":"https:\/\/www.movistar.es\/blog\/dispositivos\/cuando-empieza-black-friday-fecha-hasta-cuando-dura\/"},"wordCount":747,"publisher":{"@id":"https:\/\/www.movistar.es\/blog\/#organization"},"image":{"@id":"https:\/\/www.movistar.es\/blog\/dispositivos\/cuando-empieza-black-friday-fecha-hasta-cuando-dura\/#primaryimage"},"thumbnailUrl":"https:\/\/www.movistar.es\/blog\/wp-content\/uploads\/sites\/3\/2023\/10\/pequeno-comercio-blackfriday-wp.jpeg","inLanguage":"es"},{"@type":"WebPage","@id":"https:\/\/www.movistar.es\/blog\/dispositivos\/cuando-empieza-black-friday-fecha-hasta-cuando-dura\/","url":"https:\/\/www.movistar.es\/blog\/dispositivos\/cuando-empieza-black-friday-fecha-hasta-cuando-dura\/","name":"\u00bfCu\u00e1ndo empieza el Black Friday? Fecha y hasta cu\u00e1ndo dura","isPartOf":{"@id":"https:\/\/www.movistar.es\/blog\/#website"},"primaryImageOfPage":{"@id":"https:\/\/www.movistar.es\/blog\/dispositivos\/cuando-empieza-black-friday-fecha-hasta-cuando-dura\/#primaryimage"},"image":{"@id":"https:\/\/www.movistar.es\/blog\/dispositivos\/cuando-empieza-black-friday-fecha-hasta-cuando-dura\/#primaryimage"},"thumbnailUrl":"https:\/\/www.movistar.es\/blog\/wp-content\/uploads\/sites\/3\/2023\/10\/pequeno-comercio-blackfriday-wp.jpeg","datePublished":"2023-11-03T11:19:27+00:00","dateModified":"2023-11-03T11:19:28+00:00","description":"Te contamos cu\u00e1ndo empieza el Black Friday y todo lo que necesitas saber para aprovechar al m\u00e1ximo esta fecha.","breadcrumb":{"@id":"https:\/\/www.movistar.es\/blog\/dispositivos\/cuando-empieza-black-friday-fecha-hasta-cuando-dura\/#breadcrumb"},"inLanguage":"es","potentialAction":[{"@type":"ReadAction","target":["https:\/\/www.movistar.es\/blog\/dispositivos\/cuando-empieza-black-friday-fecha-hasta-cuando-dura\/"]}]},{"@type":"ImageObject","inLanguage":"es","@id":"https:\/\/www.movistar.es\/blog\/dispositivos\/cuando-empieza-black-friday-fecha-hasta-cuando-dura\/#primaryimage","url":"https:\/\/www.movistar.es\/blog\/wp-content\/uploads\/sites\/3\/2023\/10\/pequeno-comercio-blackfriday-wp.jpeg","contentUrl":"https:\/\/www.movistar.es\/blog\/wp-content\/uploads\/sites\/3\/2023\/10\/pequeno-comercio-blackfriday-wp.jpeg","width":1996,"height":1206,"caption":"SSUCv3H4sIAAAAAAAACpxTy27dIBDdV+o\/WKyDBDZ+ZZkv6L7qYoDhGoVrrgxuFUX592Js35Ao6qI75gxzzpkZeP3+raqIhGAVeaxetyjF1rk1xAWi9XOC2cOBLzhrXEoEtY1+seBKUEJU0wxXTOC8OrfBbzlJQoS4Bgyb2AEpiHhJHDt4p9gd\/dzj6kzkZKpIKUIeCiysMmMntJP\/V+V++HV2Axec1cu7tw1ycH0p3VWfOHUrdV8DUjUyRkWvRyrrsaEauRmVHpjg413wVNratpcQvXq+TT76TwI\/0N8cfpB5WoOdMYSvqPSCcA3R5i2UPJx3H0j6\/qvyMK0x4pLd\/KtT3rxX74c8v2O3CzqEfd0HAzFi4KIHRRmajgoJIwXNDEUwnKXxpHN9KpBu5NDVLdKat4IKND0dMM2x100aZdf19cCy\/u6cPP9Jnq\/l64JVW188rN9egdsuNIXN22KVnS9FmY9TfuhnmfLrHJdt5\/f2ifP+BjKt5LEyiRNPfIIQ0nV94oWQSt\/KXwud2cc8nYOV6PQZtpA3NW96xpuhqxlv21ocF\/YPNNnEk+2cRHlRVpet280BEdIo1M1AO0jvUcgG6MgNp3qQrJXCdCB0GuHbXwAAAP\/\/AwAC18FtCgQAAA=="},{"@type":"BreadcrumbList","@id":"https:\/\/www.movistar.es\/blog\/dispositivos\/cuando-empieza-black-friday-fecha-hasta-cuando-dura\/#breadcrumb","itemListElement":[{"@type":"ListItem","position":1,"name":"Home","item":"https:\/\/www.movistar.es\/blog\/"},{"@type":"ListItem","position":2,"name":"\u00bfCu\u00e1ndo empieza el Black Friday? Fecha y hasta cu\u00e1ndo dura"}]},{"@type":"WebSite","@id":"https:\/\/www.movistar.es\/blog\/#website","url":"https:\/\/www.movistar.es\/blog\/","name":"Movistar blog","description":"Movistar Blog. Informaci\u00f3n y m\u00e1s sobre los productos y servicios de Movistar","publisher":{"@id":"https:\/\/www.movistar.es\/blog\/#organization"},"potentialAction":[{"@type":"SearchAction","target":{"@type":"EntryPoint","urlTemplate":"https:\/\/www.movistar.es\/blog\/?s={search_term_string}"},"query-input":{"@type":"PropertyValueSpecification","valueRequired":true,"valueName":"search_term_string"}}],"inLanguage":"es"},{"@type":"Organization","@id":"https:\/\/www.movistar.es\/blog\/#organization","name":"Movistar blog","url":"https:\/\/www.movistar.es\/blog\/","logo":{"@type":"ImageObject","inLanguage":"es","@id":"https:\/\/www.movistar.es\/blog\/#\/schema\/logo\/image\/","url":"https:\/\/www.movistar.es\/blog\/wp-content\/uploads\/sites\/3\/2022\/05\/logo_movistar-1.svg","contentUrl":"https:\/\/www.movistar.es\/blog\/wp-content\/uploads\/sites\/3\/2022\/05\/logo_movistar-1.svg","width":369,"height":272,"caption":"Movistar blog"},"image":{"@id":"https:\/\/www.movistar.es\/blog\/#\/schema\/logo\/image\/"}},{"@type":"Person","@id":"https:\/\/www.movistar.es\/blog\/#\/schema\/person\/aa90a598b429d06707d7bbdcc4ac52bf","name":"Juan Carrasco","image":{"@type":"ImageObject","inLanguage":"es","@id":"https:\/\/www.movistar.es\/blog\/#\/schema\/person\/image\/7421c948a853e8c530a92c2fadaedff4","url":"https:\/\/secure.gravatar.com\/avatar\/6429585a3827db718673dd63fffad1d627420ccb06536b49762c4345a5b61954","contentUrl":"https:\/\/secure.gravatar.com\/avatar\/6429585a3827db718673dd63fffad1d627420ccb06536b49762c4345a5b61954","caption":"Juan Carrasco"},"description":"Juan Carrasco cuenta con un grado universitario en Literatura General y Comparada y un m\u00e1ster en Cr\u00edtica y Comunicaci\u00f3n Cultural. Actualmente, forma parte del equipo de redacci\u00f3n de Movistar eSports, medio referente de gaming, esports y entretenimiento digital. Desde que agarr\u00f3 una Game Boy por primera vez, no ha podido dejar de ver el mundo en 8 bits.","sameAs":["https:\/\/x.com\/juan_villain"],"knowsAbout":["gaming","consolas","videojuegos","streaming"],"url":"https:\/\/www.movistar.es\/blog\/author\/jasensio\/"}]}},"jetpack_featured_media_url":"https:\/\/www.movistar.es\/blog\/wp-content\/uploads\/sites\/3\/2023\/10\/pequeno-comercio-blackfriday-wp.jpeg","jetpack_sharing_enabled":true,"_links":{"self":[{"href":"https:\/\/www.movistar.es\/blog\/wp-json\/wp\/v2\/posts\/18824","targetHints":{"allow":["GET"]}}],"collection":[{"href":"https:\/\/www.movistar.es\/blog\/wp-json\/wp\/v2\/posts"}],"about":[{"href":"https:\/\/www.movistar.es\/blog\/wp-json\/wp\/v2\/types\/post"}],"author":[{"embeddable":true,"href":"https:\/\/www.movistar.es\/blog\/wp-json\/wp\/v2\/users\/82"}],"replies":[{"embeddable":true,"href":"https:\/\/www.movistar.es\/blog\/wp-json\/wp\/v2\/comments?post=18824"}],"version-history":[{"count":7,"href":"https:\/\/www.movistar.es\/blog\/wp-json\/wp\/v2\/posts\/18824\/revisions"}],"predecessor-version":[{"id":18898,"href":"https:\/\/www.movistar.es\/blog\/wp-json\/wp\/v2\/posts\/18824\/revisions\/18898"}],"wp:featuredmedia":[{"embeddable":true,"href":"https:\/\/www.movistar.es\/blog\/wp-json\/wp\/v2\/media\/18825"}],"wp:attachment":[{"href":"https:\/\/www.movistar.es\/blog\/wp-json\/wp\/v2\/media?parent=18824"}],"wp:term":[{"taxonomy":"category","embeddable":true,"href":"https:\/\/www.movistar.es\/blog\/wp-json\/wp\/v2\/categories?post=18824"},{"taxonomy":"post_tag","embeddable":true,"href":"https:\/\/www.movistar.es\/blog\/wp-json\/wp\/v2\/tags?post=18824"},{"taxonomy":"area","embeddable":true,"href":"https:\/\/www.movistar.es\/blog\/wp-json\/wp\/v2\/area?post=18824"},{"taxonomy":"cluster","embeddable":true,"href":"https:\/\/www.movistar.es\/blog\/wp-json\/wp\/v2\/cluster?post=18824"},{"taxonomy":"linea_editorial","embeddable":true,"href":"https:\/\/www.movistar.es\/blog\/wp-json\/wp\/v2\/linea_editorial?post=18824"},{"taxonomy":"author","embeddable":true,"href":"https:\/\/www.movistar.es\/blog\/wp-json\/wp\/v2\/coauthors?post=18824"}],"curies":[{"name":"wp","href":"https:\/\/api.w.org\/{rel}","templated":true}]}}