{"id":18545,"date":"2023-10-26T10:58:07","date_gmt":"2023-10-26T08:58:07","guid":{"rendered":"https:\/\/www.movistar.es\/blog\/?p=18545"},"modified":"2023-11-15T11:08:31","modified_gmt":"2023-11-15T10:08:31","slug":"donde-ver-luz-en-la-oscuridad-series-de-crimenes","status":"publish","type":"post","link":"https:\/\/www.movistar.es\/blog\/movistar-plus\/donde-ver-luz-en-la-oscuridad-series-de-crimenes\/","title":{"rendered":"D\u00f3nde ver &#8216;Luz en la oscuridad&#8217;, la nueva serie de cr\u00edmenes de Carles Porta"},"content":{"rendered":"\n<p>Cuando se trata de true crimes y series de cr\u00edmenes, Carles Porta es un nombre que resuena con autoridad. Ahora, con su nuevo proyecto, &#8216;Luz en la oscuridad&#8217;, este aclamado director y documentalista nos lleva a un escalofriante viaje a trav\u00e9s de dos inquietantes casos criminales. \u00bfEst\u00e1s listo para sumergirte en la oscuridad?<\/p>\n\n\n\n<p>A continuaci\u00f3n, te contamos algunos de los detalles que rodean a uno de los documentales originales de Movistar Plus+ que m\u00e1s expectaci\u00f3n genera y, por supuesto, tambi\u00e9n te desvelamos d\u00f3nde ver &#8216;Luz en la oscuridad&#8217;.<\/p>\n\n\n\n<blockquote class=\"wp-block-quote is-layout-flow wp-block-quote-is-layout-flow\"><p>Carles Porta regresa a Movistar Plus+ el 31 de octubre con &#8216;Luz en la oscuridad&#8217;, uno de los mejores true crimes del a\u00f1o.<\/p><\/blockquote>\n\n\n\n<h2 class=\"wp-block-heading\" id=\"h-luz-en-la-oscuridad-una-de-las-series-de-crimenes-mas-esperadas-de-movistar-plus\">&#8216;Luz en la oscuridad&#8217;, una de las series de cr\u00edmenes m\u00e1s esperadas de Movistar Plus+<\/h2>\n\n\n\n<p>Desde el <strong>martes 31 de octubre<\/strong>\u00a0podemos disfrutar del esperado regreso de Carles Porta a Movistar Plus+ con \u2018Luz en la oscuridad\u2019. Una de las series de cr\u00edmenes m\u00e1s esperadas, que redefine el g\u00e9nero true crime con su premisa impactante: \u00abparece una pel\u00edcula, pero es real\u00bb. Despu\u00e9s de los \u00e9xitos previos de Porta,<strong>\u00a0\u2018El crimen de la Guardia Urbana\u2019\u00a0<\/strong>y\u00a0<strong>\u2018Cr\u00edmenes\u2019<\/strong>, esta nueva serie nos trae dos historias reales que nos mantendr\u00e1n en vilo.<\/p>\n\n\n\n<p>De hecho, lo que hace que &#8216;Luz en la oscuridad&#8217; sea excepcional y una de las series de cr\u00edmenes con m\u00e1s <em>hype<\/em>, es el realismo que transmite. Algo que logra con la participaci\u00f3n de los protagonistas reales de cada caso: v\u00edctimas, agentes de la ley, abogados y periodistas. Esto le da una autenticidad \u00fanica a la serie, al permitirnos explorar los escalofriantes cr\u00edmenes desde m\u00faltiples perspectivas. Adem\u00e1s, los escenarios en los que se film\u00f3 la serie son los mismos lugares donde ocurrieron los hechos. Esto a\u00f1ade un nivel de detalle y realismo que te sumergir\u00e1 por completo en estas historias perturbadoras.<\/p>\n\n\n\n<p><\/p>\n\n\n\n<figure class=\"wp-block-video wp-block-embed is-type-video is-provider-videopress\"><div class=\"wp-block-embed__wrapper\">\n<div class=\"wp-block-embed__wrapper\"><div class=\"ast-oembed-container \" style=\"height: 100%;\"><iframe title=\"VideoPress Video Player\" aria-label='VideoPress Video Player' width='1040' height='585' src='https:\/\/videopress.com\/embed\/IrV374sS?cover=1&amp;preloadContent=metadata&amp;useAverageColor=1&amp;hd=0' frameborder='0' allowfullscreen data-resize-to-parent=\"true\" allow='clipboard-write'><\/iframe><script src='https:\/\/v0.wordpress.com\/js\/next\/videopress-iframe.js?m=1770107250'><\/script><\/div><\/div>\n<\/div><\/figure>\n\n\n\n<h3 class=\"wp-block-heading\" id=\"h-que-puedes-esperar-de-la-serie-dos-casos-escalofriantes-que-te-atraparan\">Qu\u00e9 puedes esperar de la serie: dos casos escalofriantes que te atrapar\u00e1n<\/h3>\n\n\n\n<p>Las series de cr\u00edmenes basados en hechos reales necesitan, claro, inspirarse en casos que llamen nuestra atenci\u00f3n. Este es uno de los puntos fuertes de \u2018Luz en la oscuridad\u2019, ya que los dos casos en los que se basan sus cap\u00edtulos no podr\u00edan ser m\u00e1s escalofriantes.<\/p>\n\n\n\n<p>Por un lado, <strong>&#8216;Daniela, Dulce y Bella&#8217;<\/strong>, el primero de los episodios de &#8216;Luz en la oscuridad&#8217;, nos transporta al verano de 2019. Tres hombres, atra\u00eddos por una chica que han conocido por internet, se aventuran a un pueblo perdido en la Ribera Alta del Ebro. Pero las apariencias enga\u00f1an y lo que comienza como una promesa de diversi\u00f3n se convierte en un escalofriante secuestro, con extorsi\u00f3n y grandes dosis de violencia. En medio de estos acontecimientos, Josetxu, un inform\u00e1tico vasco, desaparece en misteriosas circunstancias. La Guardia Civil y la Ertzaintza se ven forzadas a coordinar sus esfuerzos en una carrera contrarreloj para encontrarlo.<\/p>\n\n\n\n<p>Por otro lado, <strong>&#8216;El ni\u00f1o pintor&#8217;<\/strong> nos transporta a un oscuro misterio de hace casi 40 a\u00f1os. En 1987, David Guerrero, un ni\u00f1o prodigio de la pintura de tan solo 13 a\u00f1os, desaparece en M\u00e1laga. Ese d\u00eda, un periodista lo espera en la galer\u00eda donde expuso su primera obra. Sin embargo, David nunca aparece. Casi cuatro d\u00e9cadas despu\u00e9s, la pregunta de c\u00f3mo un ni\u00f1o puede desaparecer sin dejar rastro sigue sin respuesta. La polic\u00eda mantiene la investigaci\u00f3n abierta, y la familia de David espera el regreso de su hijo con el paso de los a\u00f1os.<\/p>\n\n\n\n<p>Con estas premisas, podemos imaginar por qu\u00e9 la nueva obra de Carles Porta es una de las series de cr\u00edmenes m\u00e1s esperadas, \u00bfverdad? Y, ahora, si quieres saber d\u00f3nde ver &#8216;Luz en la oscuridad&#8217;, \u00a1sigue leyendo!<\/p>\n\n\n\n<figure class=\"wp-block-image size-large\"><img loading=\"lazy\" decoding=\"async\" height=\"486\" width=\"1024\" src=\"https:\/\/www.movistar.es\/blog\/wp-content\/uploads\/sites\/3\/2023\/10\/files_2023-10-25_08_34_03.png?w=1024\" alt=\"series de cr\u00edmenes\" class=\"wp-image-18551\" srcset=\"https:\/\/www.movistar.es\/blog\/wp-content\/uploads\/sites\/3\/2023\/10\/files_2023-10-25_08_34_03.png 7518w, https:\/\/www.movistar.es\/blog\/wp-content\/uploads\/sites\/3\/2023\/10\/files_2023-10-25_08_34_03.png?resize=300,142 300w, https:\/\/www.movistar.es\/blog\/wp-content\/uploads\/sites\/3\/2023\/10\/files_2023-10-25_08_34_03.png?resize=768,365 768w, https:\/\/www.movistar.es\/blog\/wp-content\/uploads\/sites\/3\/2023\/10\/files_2023-10-25_08_34_03.png?resize=1024,486 1024w, https:\/\/www.movistar.es\/blog\/wp-content\/uploads\/sites\/3\/2023\/10\/files_2023-10-25_08_34_03.png?resize=1536,730 1536w, https:\/\/www.movistar.es\/blog\/wp-content\/uploads\/sites\/3\/2023\/10\/files_2023-10-25_08_34_03.png?resize=2048,973 2048w\" sizes=\"auto, (max-width: 1024px) 100vw, 1024px\" \/><\/figure>\n\n\n\n<h2 class=\"wp-block-heading\" id=\"h-donde-ver-luz-en-la-oscuridad\">D\u00f3nde ver &#8216;Luz en la oscuridad&#8217;<\/h2>\n\n\n\n<p>Si est\u00e1s ansioso por sumergirte en \u2018Luz en la oscuridad\u2019, y descubrir los misterios detr\u00e1s de \u2018Daniela, Dulce y Bella\u2019 y \u2018El ni\u00f1o pintor\u2019, est\u00e1s de suerte. La serie est\u00e1 disponible en\u00a0<a href=\"https:\/\/www.movistar.es\/tv\/movistar-plus\" target=\"_blank\" rel=\"noreferrer noopener\"><strong>Movistar Plus+<\/strong><\/a><strong><u>,<\/u><\/strong> donde ya puedes ver los dos episodios del primer caso, <strong>\u2018Daniela, Dulce y Bella\u2019.<\/strong><\/p>\n\n\n\n<p>El segundo caso, <strong>&#8216;El ni\u00f1o pintor&#8217;<\/strong> que consta tambi\u00e9n de dos episodios, se estrenar\u00e1 el martes 21 de noviembre<strong> <\/strong>con la proyecci\u00f3n del primer episodio y el martes 28 de noviembre el segundo y \u00faltimo.<\/p>\n\n\n\n<p>Y para aquellos que se quedaron fascinados con el trabajo previo de Carles Porta, tanto &#8216;Cr\u00edmenes&#8217; como &#8216;El crimen de la Guardia Urbana&#8217;, est\u00e1n disponibles en su totalidad en Movistar Plus+. Ahora, gracias al nuevo Movistar Plus+, la buena noticia es que puedes disfrutar de estas apasionantes series de cr\u00edmenes, otros <a href=\"https:\/\/www.movistar.es\/blog\/movistar-plus\/mejores-documentales-movistar-plus\/\" target=\"_blank\" rel=\"noreferrer noopener\">magn\u00edficos documentales<\/a> y las mejores series policiacas sin importar tu operador. As\u00ed que, si eres amante de la no-ficci\u00f3n, la mejor experiencia te espera en Movistar. \u00a1No te pierdas &#8216;Luz en la oscuridad&#8217; y descubre la verdad detr\u00e1s de estos inquietantes cr\u00edmenes!<\/p>\n","protected":false},"excerpt":{"rendered":"<p>Cuando se trata de true crimes y series de cr\u00edmenes, Carles Porta es un nombre que resuena con autoridad. Ahora, con su nuevo proyecto, &#8216;Luz en la oscuridad&#8217;, este aclamado director y documentalista nos lleva [&hellip;]<\/p>\n","protected":false},"author":82,"featured_media":18677,"comment_status":"closed","ping_status":"closed","sticky":false,"template":"","format":"standard","meta":{"site-sidebar-layout":"default","site-content-layout":"","ast-site-content-layout":"","site-content-style":"default","site-sidebar-style":"default","ast-global-header-display":"","ast-banner-title-visibility":"","ast-main-header-display":"","ast-hfb-above-header-display":"","ast-hfb-below-header-display":"","ast-hfb-mobile-header-display":"","site-post-title":"","ast-breadcrumbs-content":"","ast-featured-img":"","footer-sml-layout":"","theme-transparent-header-meta":"","adv-header-id-meta":"","stick-header-meta":"","header-above-stick-meta":"","header-main-stick-meta":"","header-below-stick-meta":"","astra-migrate-meta-layouts":"default","ast-page-background-enabled":"default","ast-page-background-meta":{"desktop":{"background-color":"var(--ast-global-color-4)","background-image":"","background-repeat":"repeat","background-position":"center center","background-size":"auto","background-attachment":"scroll","background-type":"","background-media":"","overlay-type":"","overlay-color":"","overlay-opacity":"","overlay-gradient":""},"tablet":{"background-color":"","background-image":"","background-repeat":"repeat","background-position":"center center","background-size":"auto","background-attachment":"scroll","background-type":"","background-media":"","overlay-type":"","overlay-color":"","overlay-opacity":"","overlay-gradient":""},"mobile":{"background-color":"","background-image":"","background-repeat":"repeat","background-position":"center center","background-size":"auto","background-attachment":"scroll","background-type":"","background-media":"","overlay-type":"","overlay-color":"","overlay-opacity":"","overlay-gradient":""}},"ast-content-background-meta":{"desktop":{"background-color":"var(--ast-global-color-5)","background-image":"","background-repeat":"repeat","background-position":"center center","background-size":"auto","background-attachment":"scroll","background-type":"","background-media":"","overlay-type":"","overlay-color":"","overlay-opacity":"","overlay-gradient":""},"tablet":{"background-color":"var(--ast-global-color-5)","background-image":"","background-repeat":"repeat","background-position":"center center","background-size":"auto","background-attachment":"scroll","background-type":"","background-media":"","overlay-type":"","overlay-color":"","overlay-opacity":"","overlay-gradient":""},"mobile":{"background-color":"var(--ast-global-color-5)","background-image":"","background-repeat":"repeat","background-position":"center center","background-size":"auto","background-attachment":"scroll","background-type":"","background-media":"","overlay-type":"","overlay-color":"","overlay-opacity":"","overlay-gradient":""}},"_jetpack_memberships_contains_paid_content":false,"footnotes":""},"categories":[1],"tags":[],"area":[427],"cluster":[45],"linea_editorial":[],"coauthors":[411],"class_list":["post-18545","post","type-post","status-publish","format-standard","has-post-thumbnail","hentry","category-sin-categoria","area-gametv","cluster-movistar-plus"],"yoast_head":"<!-- This site is optimized with the Yoast SEO Premium plugin v25.5 (Yoast SEO v25.5) - https:\/\/yoast.com\/wordpress\/plugins\/seo\/ -->\n<title>D\u00f3nde ver &#039;Luz en la oscuridad&#039;, la serie de cr\u00edmenes de Carles Porta<\/title>\n<meta name=\"description\" content=\"Te contamos todo lo que necesitas saber sobre &#039;Luz en la oscuridad&#039;, una de las series de cr\u00edmenes m\u00e1s esperadas de Movistar Plus+\" \/>\n<meta name=\"robots\" content=\"index, follow, max-snippet:-1, max-image-preview:large, max-video-preview:-1\" \/>\n<link rel=\"canonical\" href=\"https:\/\/www.movistar.es\/blog\/movistar-plus\/donde-ver-luz-en-la-oscuridad-series-de-crimenes\/\" \/>\n<meta property=\"og:locale\" content=\"es_ES\" \/>\n<meta property=\"og:type\" content=\"article\" \/>\n<meta property=\"og:title\" content=\"D\u00f3nde ver &#039;Luz en la oscuridad&#039;, la nueva serie de cr\u00edmenes de Carles Porta\" \/>\n<meta property=\"og:description\" content=\"Te contamos todo lo que necesitas saber sobre &#039;Luz en la oscuridad&#039;, una de las series de cr\u00edmenes m\u00e1s esperadas de Movistar Plus+\" \/>\n<meta property=\"og:url\" content=\"https:\/\/www.movistar.es\/blog\/movistar-plus\/donde-ver-luz-en-la-oscuridad-series-de-crimenes\/\" \/>\n<meta property=\"og:site_name\" content=\"Movistar blog\" \/>\n<meta property=\"article:published_time\" content=\"2023-10-26T08:58:07+00:00\" \/>\n<meta property=\"article:modified_time\" content=\"2023-11-15T10:08:31+00:00\" \/>\n<meta name=\"author\" content=\"Juan Carrasco\" \/>\n<meta name=\"twitter:card\" content=\"summary_large_image\" \/>\n<meta name=\"twitter:image\" content=\"https:\/\/www.movistar.es\/blog\/wp-content\/uploads\/sites\/3\/2023\/10\/files_2023-10-26_09_10_41-e1698311579301.png\" \/>\n<meta name=\"twitter:creator\" content=\"@juan_villain\" \/>\n<meta name=\"twitter:label1\" content=\"Written by\" \/>\n\t<meta name=\"twitter:data1\" content=\"Juan Carrasco\" \/>\n\t<meta name=\"twitter:label2\" content=\"Est. reading time\" \/>\n\t<meta name=\"twitter:data2\" content=\"4 minutos\" \/>\n<script type=\"application\/ld+json\" class=\"yoast-schema-graph\">{\"@context\":\"https:\/\/schema.org\",\"@graph\":[{\"@type\":\"Article\",\"@id\":\"https:\/\/www.movistar.es\/blog\/movistar-plus\/donde-ver-luz-en-la-oscuridad-series-de-crimenes\/#article\",\"isPartOf\":{\"@id\":\"https:\/\/www.movistar.es\/blog\/movistar-plus\/donde-ver-luz-en-la-oscuridad-series-de-crimenes\/\"},\"author\":{\"name\":\"Juan Carrasco\",\"@id\":\"https:\/\/www.movistar.es\/blog\/#\/schema\/person\/aa90a598b429d06707d7bbdcc4ac52bf\"},\"headline\":\"D\u00f3nde ver &#8216;Luz en la oscuridad&#8217;, la nueva serie de cr\u00edmenes de Carles Porta\",\"datePublished\":\"2023-10-26T08:58:07+00:00\",\"dateModified\":\"2023-11-15T10:08:31+00:00\",\"mainEntityOfPage\":{\"@id\":\"https:\/\/www.movistar.es\/blog\/movistar-plus\/donde-ver-luz-en-la-oscuridad-series-de-crimenes\/\"},\"wordCount\":870,\"publisher\":{\"@id\":\"https:\/\/www.movistar.es\/blog\/#organization\"},\"image\":{\"@id\":\"https:\/\/www.movistar.es\/blog\/movistar-plus\/donde-ver-luz-en-la-oscuridad-series-de-crimenes\/#primaryimage\"},\"thumbnailUrl\":\"https:\/\/www.movistar.es\/blog\/wp-content\/uploads\/sites\/3\/2023\/10\/files_2023-10-26_09_10_41-e1698311579301.png\",\"inLanguage\":\"es\"},{\"@type\":\"WebPage\",\"@id\":\"https:\/\/www.movistar.es\/blog\/movistar-plus\/donde-ver-luz-en-la-oscuridad-series-de-crimenes\/\",\"url\":\"https:\/\/www.movistar.es\/blog\/movistar-plus\/donde-ver-luz-en-la-oscuridad-series-de-crimenes\/\",\"name\":\"D\u00f3nde ver 'Luz en la oscuridad', la serie de cr\u00edmenes de Carles Porta\",\"isPartOf\":{\"@id\":\"https:\/\/www.movistar.es\/blog\/#website\"},\"primaryImageOfPage\":{\"@id\":\"https:\/\/www.movistar.es\/blog\/movistar-plus\/donde-ver-luz-en-la-oscuridad-series-de-crimenes\/#primaryimage\"},\"image\":{\"@id\":\"https:\/\/www.movistar.es\/blog\/movistar-plus\/donde-ver-luz-en-la-oscuridad-series-de-crimenes\/#primaryimage\"},\"thumbnailUrl\":\"https:\/\/www.movistar.es\/blog\/wp-content\/uploads\/sites\/3\/2023\/10\/files_2023-10-26_09_10_41-e1698311579301.png\",\"datePublished\":\"2023-10-26T08:58:07+00:00\",\"dateModified\":\"2023-11-15T10:08:31+00:00\",\"description\":\"Te contamos todo lo que necesitas saber sobre 'Luz en la oscuridad', una de las series de cr\u00edmenes m\u00e1s esperadas de Movistar Plus+\",\"breadcrumb\":{\"@id\":\"https:\/\/www.movistar.es\/blog\/movistar-plus\/donde-ver-luz-en-la-oscuridad-series-de-crimenes\/#breadcrumb\"},\"inLanguage\":\"es\",\"potentialAction\":[{\"@type\":\"ReadAction\",\"target\":[\"https:\/\/www.movistar.es\/blog\/movistar-plus\/donde-ver-luz-en-la-oscuridad-series-de-crimenes\/\"]}]},{\"@type\":\"ImageObject\",\"inLanguage\":\"es\",\"@id\":\"https:\/\/www.movistar.es\/blog\/movistar-plus\/donde-ver-luz-en-la-oscuridad-series-de-crimenes\/#primaryimage\",\"url\":\"https:\/\/www.movistar.es\/blog\/wp-content\/uploads\/sites\/3\/2023\/10\/files_2023-10-26_09_10_41-e1698311579301.png\",\"contentUrl\":\"https:\/\/www.movistar.es\/blog\/wp-content\/uploads\/sites\/3\/2023\/10\/files_2023-10-26_09_10_41-e1698311579301.png\",\"width\":7210,\"height\":3305,\"caption\":\"series de cr\u00edmenes\"},{\"@type\":\"BreadcrumbList\",\"@id\":\"https:\/\/www.movistar.es\/blog\/movistar-plus\/donde-ver-luz-en-la-oscuridad-series-de-crimenes\/#breadcrumb\",\"itemListElement\":[{\"@type\":\"ListItem\",\"position\":1,\"name\":\"Home\",\"item\":\"https:\/\/www.movistar.es\/blog\/\"},{\"@type\":\"ListItem\",\"position\":2,\"name\":\"D\u00f3nde ver &#8216;Luz en la oscuridad&#8217;, la nueva serie de cr\u00edmenes de Carles Porta\"}]},{\"@type\":\"WebSite\",\"@id\":\"https:\/\/www.movistar.es\/blog\/#website\",\"url\":\"https:\/\/www.movistar.es\/blog\/\",\"name\":\"Movistar blog\",\"description\":\"Movistar Blog. Informaci\u00f3n y m\u00e1s sobre los productos y servicios de Movistar\",\"publisher\":{\"@id\":\"https:\/\/www.movistar.es\/blog\/#organization\"},\"potentialAction\":[{\"@type\":\"SearchAction\",\"target\":{\"@type\":\"EntryPoint\",\"urlTemplate\":\"https:\/\/www.movistar.es\/blog\/?s={search_term_string}\"},\"query-input\":{\"@type\":\"PropertyValueSpecification\",\"valueRequired\":true,\"valueName\":\"search_term_string\"}}],\"inLanguage\":\"es\"},{\"@type\":\"Organization\",\"@id\":\"https:\/\/www.movistar.es\/blog\/#organization\",\"name\":\"Movistar blog\",\"url\":\"https:\/\/www.movistar.es\/blog\/\",\"logo\":{\"@type\":\"ImageObject\",\"inLanguage\":\"es\",\"@id\":\"https:\/\/www.movistar.es\/blog\/#\/schema\/logo\/image\/\",\"url\":\"https:\/\/www.movistar.es\/blog\/wp-content\/uploads\/sites\/3\/2022\/05\/logo_movistar-1.svg\",\"contentUrl\":\"https:\/\/www.movistar.es\/blog\/wp-content\/uploads\/sites\/3\/2022\/05\/logo_movistar-1.svg\",\"width\":369,\"height\":272,\"caption\":\"Movistar blog\"},\"image\":{\"@id\":\"https:\/\/www.movistar.es\/blog\/#\/schema\/logo\/image\/\"}},{\"@type\":\"Person\",\"@id\":\"https:\/\/www.movistar.es\/blog\/#\/schema\/person\/aa90a598b429d06707d7bbdcc4ac52bf\",\"name\":\"Juan Carrasco\",\"image\":{\"@type\":\"ImageObject\",\"inLanguage\":\"es\",\"@id\":\"https:\/\/www.movistar.es\/blog\/#\/schema\/person\/image\/7421c948a853e8c530a92c2fadaedff4\",\"url\":\"https:\/\/secure.gravatar.com\/avatar\/6429585a3827db718673dd63fffad1d627420ccb06536b49762c4345a5b61954\",\"contentUrl\":\"https:\/\/secure.gravatar.com\/avatar\/6429585a3827db718673dd63fffad1d627420ccb06536b49762c4345a5b61954\",\"caption\":\"Juan Carrasco\"},\"description\":\"Juan Carrasco cuenta con un grado universitario en Literatura General y Comparada y un m\u00e1ster en Cr\u00edtica y Comunicaci\u00f3n Cultural. Actualmente, forma parte del equipo de redacci\u00f3n de Movistar eSports, medio referente de gaming, esports y entretenimiento digital. Desde que agarr\u00f3 una Game Boy por primera vez, no ha podido dejar de ver el mundo en 8 bits.\",\"sameAs\":[\"https:\/\/x.com\/juan_villain\"],\"knowsAbout\":[\"gaming\",\"consolas\",\"videojuegos\",\"streaming\"],\"url\":\"https:\/\/www.movistar.es\/blog\/author\/jasensio\/\"}]}<\/script>\n<!-- \/ Yoast SEO Premium plugin. -->","yoast_head_json":{"title":"D\u00f3nde ver 'Luz en la oscuridad', la serie de cr\u00edmenes de Carles Porta","description":"Te contamos todo lo que necesitas saber sobre 'Luz en la oscuridad', una de las series de cr\u00edmenes m\u00e1s esperadas de Movistar Plus+","robots":{"index":"index","follow":"follow","max-snippet":"max-snippet:-1","max-image-preview":"max-image-preview:large","max-video-preview":"max-video-preview:-1"},"canonical":"https:\/\/www.movistar.es\/blog\/movistar-plus\/donde-ver-luz-en-la-oscuridad-series-de-crimenes\/","og_locale":"es_ES","og_type":"article","og_title":"D\u00f3nde ver 'Luz en la oscuridad', la nueva serie de cr\u00edmenes de Carles Porta","og_description":"Te contamos todo lo que necesitas saber sobre 'Luz en la oscuridad', una de las series de cr\u00edmenes m\u00e1s esperadas de Movistar Plus+","og_url":"https:\/\/www.movistar.es\/blog\/movistar-plus\/donde-ver-luz-en-la-oscuridad-series-de-crimenes\/","og_site_name":"Movistar blog","article_published_time":"2023-10-26T08:58:07+00:00","article_modified_time":"2023-11-15T10:08:31+00:00","author":"Juan Carrasco","twitter_card":"summary_large_image","twitter_image":"https:\/\/www.movistar.es\/blog\/wp-content\/uploads\/sites\/3\/2023\/10\/files_2023-10-26_09_10_41-e1698311579301.png","twitter_creator":"@juan_villain","twitter_misc":{"Written by":"Juan Carrasco","Est. reading time":"4 minutos"},"schema":{"@context":"https:\/\/schema.org","@graph":[{"@type":"Article","@id":"https:\/\/www.movistar.es\/blog\/movistar-plus\/donde-ver-luz-en-la-oscuridad-series-de-crimenes\/#article","isPartOf":{"@id":"https:\/\/www.movistar.es\/blog\/movistar-plus\/donde-ver-luz-en-la-oscuridad-series-de-crimenes\/"},"author":{"name":"Juan Carrasco","@id":"https:\/\/www.movistar.es\/blog\/#\/schema\/person\/aa90a598b429d06707d7bbdcc4ac52bf"},"headline":"D\u00f3nde ver &#8216;Luz en la oscuridad&#8217;, la nueva serie de cr\u00edmenes de Carles Porta","datePublished":"2023-10-26T08:58:07+00:00","dateModified":"2023-11-15T10:08:31+00:00","mainEntityOfPage":{"@id":"https:\/\/www.movistar.es\/blog\/movistar-plus\/donde-ver-luz-en-la-oscuridad-series-de-crimenes\/"},"wordCount":870,"publisher":{"@id":"https:\/\/www.movistar.es\/blog\/#organization"},"image":{"@id":"https:\/\/www.movistar.es\/blog\/movistar-plus\/donde-ver-luz-en-la-oscuridad-series-de-crimenes\/#primaryimage"},"thumbnailUrl":"https:\/\/www.movistar.es\/blog\/wp-content\/uploads\/sites\/3\/2023\/10\/files_2023-10-26_09_10_41-e1698311579301.png","inLanguage":"es"},{"@type":"WebPage","@id":"https:\/\/www.movistar.es\/blog\/movistar-plus\/donde-ver-luz-en-la-oscuridad-series-de-crimenes\/","url":"https:\/\/www.movistar.es\/blog\/movistar-plus\/donde-ver-luz-en-la-oscuridad-series-de-crimenes\/","name":"D\u00f3nde ver 'Luz en la oscuridad', la serie de cr\u00edmenes de Carles Porta","isPartOf":{"@id":"https:\/\/www.movistar.es\/blog\/#website"},"primaryImageOfPage":{"@id":"https:\/\/www.movistar.es\/blog\/movistar-plus\/donde-ver-luz-en-la-oscuridad-series-de-crimenes\/#primaryimage"},"image":{"@id":"https:\/\/www.movistar.es\/blog\/movistar-plus\/donde-ver-luz-en-la-oscuridad-series-de-crimenes\/#primaryimage"},"thumbnailUrl":"https:\/\/www.movistar.es\/blog\/wp-content\/uploads\/sites\/3\/2023\/10\/files_2023-10-26_09_10_41-e1698311579301.png","datePublished":"2023-10-26T08:58:07+00:00","dateModified":"2023-11-15T10:08:31+00:00","description":"Te contamos todo lo que necesitas saber sobre 'Luz en la oscuridad', una de las series de cr\u00edmenes m\u00e1s esperadas de Movistar Plus+","breadcrumb":{"@id":"https:\/\/www.movistar.es\/blog\/movistar-plus\/donde-ver-luz-en-la-oscuridad-series-de-crimenes\/#breadcrumb"},"inLanguage":"es","potentialAction":[{"@type":"ReadAction","target":["https:\/\/www.movistar.es\/blog\/movistar-plus\/donde-ver-luz-en-la-oscuridad-series-de-crimenes\/"]}]},{"@type":"ImageObject","inLanguage":"es","@id":"https:\/\/www.movistar.es\/blog\/movistar-plus\/donde-ver-luz-en-la-oscuridad-series-de-crimenes\/#primaryimage","url":"https:\/\/www.movistar.es\/blog\/wp-content\/uploads\/sites\/3\/2023\/10\/files_2023-10-26_09_10_41-e1698311579301.png","contentUrl":"https:\/\/www.movistar.es\/blog\/wp-content\/uploads\/sites\/3\/2023\/10\/files_2023-10-26_09_10_41-e1698311579301.png","width":7210,"height":3305,"caption":"series de cr\u00edmenes"},{"@type":"BreadcrumbList","@id":"https:\/\/www.movistar.es\/blog\/movistar-plus\/donde-ver-luz-en-la-oscuridad-series-de-crimenes\/#breadcrumb","itemListElement":[{"@type":"ListItem","position":1,"name":"Home","item":"https:\/\/www.movistar.es\/blog\/"},{"@type":"ListItem","position":2,"name":"D\u00f3nde ver &#8216;Luz en la oscuridad&#8217;, la nueva serie de cr\u00edmenes de Carles Porta"}]},{"@type":"WebSite","@id":"https:\/\/www.movistar.es\/blog\/#website","url":"https:\/\/www.movistar.es\/blog\/","name":"Movistar blog","description":"Movistar Blog. Informaci\u00f3n y m\u00e1s sobre los productos y servicios de Movistar","publisher":{"@id":"https:\/\/www.movistar.es\/blog\/#organization"},"potentialAction":[{"@type":"SearchAction","target":{"@type":"EntryPoint","urlTemplate":"https:\/\/www.movistar.es\/blog\/?s={search_term_string}"},"query-input":{"@type":"PropertyValueSpecification","valueRequired":true,"valueName":"search_term_string"}}],"inLanguage":"es"},{"@type":"Organization","@id":"https:\/\/www.movistar.es\/blog\/#organization","name":"Movistar blog","url":"https:\/\/www.movistar.es\/blog\/","logo":{"@type":"ImageObject","inLanguage":"es","@id":"https:\/\/www.movistar.es\/blog\/#\/schema\/logo\/image\/","url":"https:\/\/www.movistar.es\/blog\/wp-content\/uploads\/sites\/3\/2022\/05\/logo_movistar-1.svg","contentUrl":"https:\/\/www.movistar.es\/blog\/wp-content\/uploads\/sites\/3\/2022\/05\/logo_movistar-1.svg","width":369,"height":272,"caption":"Movistar blog"},"image":{"@id":"https:\/\/www.movistar.es\/blog\/#\/schema\/logo\/image\/"}},{"@type":"Person","@id":"https:\/\/www.movistar.es\/blog\/#\/schema\/person\/aa90a598b429d06707d7bbdcc4ac52bf","name":"Juan Carrasco","image":{"@type":"ImageObject","inLanguage":"es","@id":"https:\/\/www.movistar.es\/blog\/#\/schema\/person\/image\/7421c948a853e8c530a92c2fadaedff4","url":"https:\/\/secure.gravatar.com\/avatar\/6429585a3827db718673dd63fffad1d627420ccb06536b49762c4345a5b61954","contentUrl":"https:\/\/secure.gravatar.com\/avatar\/6429585a3827db718673dd63fffad1d627420ccb06536b49762c4345a5b61954","caption":"Juan Carrasco"},"description":"Juan Carrasco cuenta con un grado universitario en Literatura General y Comparada y un m\u00e1ster en Cr\u00edtica y Comunicaci\u00f3n Cultural. Actualmente, forma parte del equipo de redacci\u00f3n de Movistar eSports, medio referente de gaming, esports y entretenimiento digital. Desde que agarr\u00f3 una Game Boy por primera vez, no ha podido dejar de ver el mundo en 8 bits.","sameAs":["https:\/\/x.com\/juan_villain"],"knowsAbout":["gaming","consolas","videojuegos","streaming"],"url":"https:\/\/www.movistar.es\/blog\/author\/jasensio\/"}]}},"jetpack_featured_media_url":"https:\/\/www.movistar.es\/blog\/wp-content\/uploads\/sites\/3\/2023\/10\/files_2023-10-26_09_10_41-e1698311579301.png","jetpack_sharing_enabled":true,"_links":{"self":[{"href":"https:\/\/www.movistar.es\/blog\/wp-json\/wp\/v2\/posts\/18545","targetHints":{"allow":["GET"]}}],"collection":[{"href":"https:\/\/www.movistar.es\/blog\/wp-json\/wp\/v2\/posts"}],"about":[{"href":"https:\/\/www.movistar.es\/blog\/wp-json\/wp\/v2\/types\/post"}],"author":[{"embeddable":true,"href":"https:\/\/www.movistar.es\/blog\/wp-json\/wp\/v2\/users\/82"}],"replies":[{"embeddable":true,"href":"https:\/\/www.movistar.es\/blog\/wp-json\/wp\/v2\/comments?post=18545"}],"version-history":[{"count":16,"href":"https:\/\/www.movistar.es\/blog\/wp-json\/wp\/v2\/posts\/18545\/revisions"}],"predecessor-version":[{"id":19380,"href":"https:\/\/www.movistar.es\/blog\/wp-json\/wp\/v2\/posts\/18545\/revisions\/19380"}],"wp:featuredmedia":[{"embeddable":true,"href":"https:\/\/www.movistar.es\/blog\/wp-json\/wp\/v2\/media\/18677"}],"wp:attachment":[{"href":"https:\/\/www.movistar.es\/blog\/wp-json\/wp\/v2\/media?parent=18545"}],"wp:term":[{"taxonomy":"category","embeddable":true,"href":"https:\/\/www.movistar.es\/blog\/wp-json\/wp\/v2\/categories?post=18545"},{"taxonomy":"post_tag","embeddable":true,"href":"https:\/\/www.movistar.es\/blog\/wp-json\/wp\/v2\/tags?post=18545"},{"taxonomy":"area","embeddable":true,"href":"https:\/\/www.movistar.es\/blog\/wp-json\/wp\/v2\/area?post=18545"},{"taxonomy":"cluster","embeddable":true,"href":"https:\/\/www.movistar.es\/blog\/wp-json\/wp\/v2\/cluster?post=18545"},{"taxonomy":"linea_editorial","embeddable":true,"href":"https:\/\/www.movistar.es\/blog\/wp-json\/wp\/v2\/linea_editorial?post=18545"},{"taxonomy":"author","embeddable":true,"href":"https:\/\/www.movistar.es\/blog\/wp-json\/wp\/v2\/coauthors?post=18545"}],"curies":[{"name":"wp","href":"https:\/\/api.w.org\/{rel}","templated":true}]}}