{"id":18511,"date":"2024-04-30T08:17:34","date_gmt":"2024-04-30T06:17:34","guid":{"rendered":"https:\/\/www.movistar.es\/blog\/?p=18511"},"modified":"2024-04-30T08:17:35","modified_gmt":"2024-04-30T06:17:35","slug":"estrenos-mes-movistar-plus","status":"publish","type":"post","link":"https:\/\/www.movistar.es\/blog\/movistar-plus\/estrenos-mes-movistar-plus\/","title":{"rendered":"Estrenos de mayo en Movistar Plus+: Marbella, The Equalizer 3, N\u00fa\u00f1ez&#8230;"},"content":{"rendered":"\n<p>Movistar Plus+ es\u00a0<strong>la plataforma l\u00edder de entretenimiento<\/strong>, con la mayor oferta de contenidos y propuestas para\u00a0<strong>disfrutarlas donde, como y cuando quieras<\/strong>. Desde cine, series, documentales y programas del panorama nacional e internacional hasta el <strong><strong><a href=\"https:\/\/www.movistar.es\/blog\/movistar-plus\/la-programacion-de-todo-el-deporte-en-movistar-plus\/\">deporte <\/a><\/strong><\/strong>mas completo como el futbol nacional, competiciones internacionales, baloncesto con la\u00a0<strong>NBA<\/strong>, la\u00a0<strong>Liga Endesa<\/strong>\u00a0y la\u00a0<strong>Euroliga<\/strong>, Tenis, Golf, P\u00e1del, Motor\u2026 Y a esto se suma la\u00a0<strong>Integraci\u00f3n de las principales plataformas de televisi\u00f3n de pago<\/strong>\u00a0como\u00a0<strong><strong><a href=\"https:\/\/www.movistar.es\/blog\/movistar-plus\/como-ver-skyshowtime-en-movistar\/\">SkyShowtime<\/a><\/strong>,\u00a0<a href=\"https:\/\/www.movistar.es\/blog\/movistar-plus\/movistar-incorpora-hbo-max\/\">HBO Max<\/a><\/strong><a href=\"https:\/\/www.movistar.es\/blog\/movistar-plus\/movistar-incorpora-hbo-max\/\">,<\/a>\u00a0<strong>Amazon Prime\u00a0<\/strong>y muchas m\u00e1s. Y si quieres m\u00e1s tienes la posibilidad de contratar\u00a0<strong>Netflix y Disney Plus+<\/strong>.<\/p>\n\n\n\n<p>Por eso, para ayudarte a elegir que ver, te traemos los estrenos del mes de Mayo en&nbsp;<strong>Movistar Plus+<\/strong>, <strong>Netflix<\/strong>,&nbsp;<strong>Disney+,<\/strong>&nbsp;<strong>HBO Max<\/strong>,<strong> SkyShowtime<\/strong>, y <strong>Prime Video<\/strong> y que podr\u00e1s ver sin salir de Movistar Plus+.&nbsp;<\/p>\n\n\n\n<h2 class=\"wp-block-heading\" class=\"wp-block-heading\" id=\"movistar-plus\">Movistar Plus+<\/h2>\n\n\n\n<h3 class=\"wp-block-heading\" class=\"wp-block-heading\" id=\"cine\">Cine<\/h3>\n\n\n\n<figure class=\"wp-block-image size-large\"><img loading=\"lazy\" decoding=\"async\" height=\"503\" width=\"1024\" src=\"https:\/\/www.movistar.es\/blog\/wp-content\/uploads\/sites\/3\/2024\/04\/Estrenos-cine-mayo-Movistar-Plus.jpg?w=1024\" alt=\"\" class=\"wp-image-25888\" srcset=\"https:\/\/www.movistar.es\/blog\/wp-content\/uploads\/sites\/3\/2024\/04\/Estrenos-cine-mayo-Movistar-Plus.jpg 3264w, https:\/\/www.movistar.es\/blog\/wp-content\/uploads\/sites\/3\/2024\/04\/Estrenos-cine-mayo-Movistar-Plus.jpg?resize=300,147 300w, https:\/\/www.movistar.es\/blog\/wp-content\/uploads\/sites\/3\/2024\/04\/Estrenos-cine-mayo-Movistar-Plus.jpg?resize=768,377 768w, https:\/\/www.movistar.es\/blog\/wp-content\/uploads\/sites\/3\/2024\/04\/Estrenos-cine-mayo-Movistar-Plus.jpg?resize=1024,503 1024w, https:\/\/www.movistar.es\/blog\/wp-content\/uploads\/sites\/3\/2024\/04\/Estrenos-cine-mayo-Movistar-Plus.jpg?resize=1536,754 1536w, https:\/\/www.movistar.es\/blog\/wp-content\/uploads\/sites\/3\/2024\/04\/Estrenos-cine-mayo-Movistar-Plus.jpg?resize=2048,1006 2048w, https:\/\/www.movistar.es\/blog\/wp-content\/uploads\/sites\/3\/2024\/04\/Estrenos-cine-mayo-Movistar-Plus.jpg?resize=450,220 450w\" sizes=\"auto, (max-width: 1024px) 100vw, 1024px\" \/><\/figure>\n\n\n\n<p>En Movistar Plus+ tenemos el Cine dentro. Un mes m\u00e1s, las pel\u00edculas de estreno que llegan a la plataforma son de lo m\u00e1s variado, de todos los g\u00e9neros y para todos los p\u00fablicos. <\/p>\n\n\n\n<ul class=\"wp-block-list\"><li><strong><strong><strong>The Equalizer <\/strong>3. Desde el viernes 3 de mayo<\/strong><\/strong> en Movistar Plus+ (dial 7). Denzel Washington vuelve a dar vida al mort\u00edfero justiciero Robert McCall en esta tercera pel\u00edcula de la saga &#8216;The Equalizer&#8217; coprotagonizada por Dakota Fanning. Basada en la serie de televisi\u00f3n &#8216;The Equalizer&#8217; -creada por Richard Lindheim y Michael Sloan en la d\u00e9cada de 1980-, esta tercera entrega de la franquicia es una tensa y violenta cinta de acci\u00f3n en la que la presi\u00f3n de la mafia sobre los habitantes de un bello pueblecito italiano conduce a una \u00e9pica y sangrienta lucha entre el bien y el mal.<\/li><li><strong>La zona de inter\u00e9s. Desde el viernes 10<\/strong> <strong>en Movistar Plus+ (dial 7)<\/strong>. Este <em>thriller<\/em> psicol\u00f3gico transcurre casi \u00edntegramente en el interior y los alrededores de la c\u00f3moda e id\u00edlica casa del comandante de Auschwitz Rudolf H\u00f6ss y de su esposa Hedwig, quienes se esfuerzan en construir una vida de ensue\u00f1o para su familia en esta vivienda situada en las inmediaciones del campo de concentraci\u00f3n.<\/li><li><strong>La Navidad en sus manos. Desde el viernes 17 en Movistar Plus+ (dial 7)<\/strong>. \u00bfY si Pap\u00e1 Noel no pudiera acudir a su cita de Nochebuena con los ni\u00f1os del mundo? Pues eso es lo que ocurre en esta tierna y divertida comedia familiar en la que Santiago Segura da vida a Santa y Ernesto Sevilla a su improbable sustituto.La pel\u00edcula comienza unos d\u00edas antes de Navidad. Mientras hace un vuelo de prueba con su trineo, Pap\u00e1 Noel se mete en una nube de contaminaci\u00f3n y se estrella en pleno Madrid. Imposibilitado para cumplir su misi\u00f3n anual de repartir regalos, su \u00fanica esperanza para salvar la Navidad es que lo sustituya Salva, un buscavidas sin oficio ni beneficio al que, sin embargo, su hijo adora.<\/li><li><strong>El correo. Desde el viernes 24 en Movistar Plus+ (dial 7). <\/strong>Daniel Calparsoro (&#8216;Cien a\u00f1os de perd\u00f3n&#8217;, &#8216;El silencio de la ciudad blanca&#8217;) dirige este fren\u00e9tico <em>thriller<\/em>, con toques de comedia negra, ambientado en la \u00e9poca de la cultura del pelotazo y la llegada del euro. &#8216;El correo&#8217;, protagonizada por Mar\u00eda Pedraza, Ar\u00f3n Piper y Luis Tosar, es un retrato realista de la Marbella de la especulaci\u00f3n inmobiliaria, una \u00e9poca marcada por la corrupci\u00f3n y el exceso (sexo, drogas y, sobre todo, mucha ambici\u00f3n).<\/li><li><strong>Blue Beetle. Desde el viernes 31 en Movistar Plus+ (dial 7). <\/strong>Divertida, amable, llena de acci\u00f3n y de orgullo latino, &#8216;Blue Beetle&#8217; presenta a un nuevo tipo de superh\u00e9roe que no busca la soledad y hasta se atreve con la cr\u00edtica social.<\/li><\/ul>\n\n\n\n<p>Otros t\u00edtulos de estreno durante el mes:<\/p>\n\n\n\n<ul class=\"wp-block-list\"><li><strong>La monja II. Desde el domingo 5.<\/strong><\/li><li><strong>Un gran equipo. Desde el lunes 6.<\/strong><\/li><li><strong>Sound of freedom. Desde el viernes 10.<\/strong><\/li><li><strong>Femme. Desde el lunes 20.<\/strong><\/li><li><strong>El reino animal. Desde el mi\u00e9rcoles 22.<\/strong><\/li><li><strong>Mars Express. Desde el mi\u00e9rcoles 22.<\/strong><\/li><li><strong>Lluvia \u00e1cida. Desde el lunes 27.<\/strong><\/li><li><strong>Un cielo de pl\u00e1stico. Desde el lunes 27.<\/strong><\/li><\/ul>\n\n\n\n<p>Todas las pel\u00edculas que se estrenan durante el mes, estar\u00e1n disponibles en<strong>\u00a0v\u00eddeo bajo demanda<\/strong>.\u00a0<\/p>\n\n\n\n<h3 class=\"wp-block-heading\" class=\"wp-block-heading\" id=\"series\">Series<\/h3>\n\n\n\n<figure class=\"wp-block-image size-full\"><img loading=\"lazy\" decoding=\"async\" width=\"1000\" height=\"702\" src=\"https:\/\/www.movistar.es\/blog\/wp-content\/uploads\/sites\/3\/2024\/04\/Estrenos-series-Mayo-Movistar-Plus.jpg\" alt=\"\" class=\"wp-image-25938\" srcset=\"https:\/\/www.movistar.es\/blog\/wp-content\/uploads\/sites\/3\/2024\/04\/Estrenos-series-Mayo-Movistar-Plus.jpg 1000w, https:\/\/www.movistar.es\/blog\/wp-content\/uploads\/sites\/3\/2024\/04\/Estrenos-series-Mayo-Movistar-Plus.jpg?resize=300,211 300w, https:\/\/www.movistar.es\/blog\/wp-content\/uploads\/sites\/3\/2024\/04\/Estrenos-series-Mayo-Movistar-Plus.jpg?resize=768,539 768w\" sizes=\"auto, (max-width: 1000px) 100vw, 1000px\" \/><\/figure>\n\n\n\n<p>Movistar Plus+ sigue apostando por las series internacionales de calidad con cinco estrenos en mayo, adem\u00e1s de las producciones originales.<\/p>\n\n\n\n<ul class=\"wp-block-list\"><li><strong>Marbella<\/strong>. <strong>Desde el jueves 2 de mayo en Movistar Plus+ (dial 7)<\/strong>. \u00abMarbella\u00bb se acerca a una intricada red de bandas criminales que operan en la&nbsp;Costa del Sol, un entramado complejo en el que se mezclan m\u00faltiples&nbsp;nacionalidades, delitos tradicionales y cibern\u00e9ticos, capos de la&nbsp;vieja escuela y&nbsp;j\u00f3venes que llegan para imponer nuevas normas.\u200b Hugo Silva&nbsp;encabeza el elenco interpretando a C\u00e9sar, un ambicioso y seductor&nbsp;abogado que sabe c\u00f3mo retorcer la ley para lograr todos sus objetivos. <\/li><li><strong>Agatha Christie: Matar es f\u00e1cil&nbsp;\u2013 Desde el mi\u00e9rcoles 8 de mayo en Movistar Plus+ (dial 7).&nbsp;<\/strong>Nada es lo que parece en el aparentemente tranquilo pueblo ingl\u00e9s de Wychwood donde llega el nigeriano Luke Fitzwilliam (David Jonsson, &#8216;Industry&#8217;) dispuesto a desentra\u00f1ar el misterio de varias muertes.<\/li><li><strong>Killing It \u2013&nbsp;<strong>Desde el S\u00e1bado 11 de mayo en Movistar Plus+<\/strong> (dial 7)<\/strong>. es una comedia sobre la clase social, el capitalismo y la b\u00fasqueda de un hombre por alcanzar el sue\u00f1o americano. Esta serie se estrenar\u00e1 en doble episodio el s\u00e1bado 11 de mayo y cada s\u00e1bado, dos nuevos episodios hasta completar los 10.<\/li><li><strong>Blue Lights T2 \u2013&nbsp;<strong>Desde el mi\u00e9rcoles 15 de mayo en Movistar Plus+<\/strong> (dial 7)<\/strong>. La aclamada serie policial brit\u00e1nica regresa a Movistar Plus+, con sus tres protagonistas al frente (Grace, Annie y Toomy) y nuevos casos en el d\u00eda a d\u00eda de una comisar\u00eda de la polic\u00eda de Belfast. Cada mi\u00e9rcoles, un nuevo episodio hasta completar los seis y si quieres ponerte al d\u00eda, la primera temporada est\u00e1 disponible en Movistar Plus+.<\/li><li><strong>Mr. Bates contra Correos&nbsp;\u2013 <strong>Desde el martes 21 de mayo en Movistar Plus+<\/strong><\/strong> <strong>(dial 7)<\/strong>. Emocionante miniserie basada en hechos reales sobre el sonado esc\u00e1ndalo de la Oficina de Correos brit\u00e1nica, que conden\u00f3 injustamente a centenares de ciudadanos honrados y marc\u00f3 sus vidas personales de forma irreversible.&nbsp;<\/li><li><strong>El caso del&nbsp;Sambre \u2013 <strong>Desde el lunes 27 de mayo en Movistar Plus+<\/strong><\/strong> <strong>(dial 7<\/strong>). &#8216;True crime\u2019 que cuenta la historia real del depredador sexual m\u00e1s medi\u00e1tico de la historia de Francia. Un caso real de machismo sist\u00e9mico que trascendi\u00f3 a la opini\u00f3n p\u00fablica y conecta con el debate actual. &nbsp;Cada lunes, un nuevo episodio hasta completar los seis.&nbsp;<\/li><\/ul>\n\n\n\n<p>Adem\u00e1s ya estar\u00e1n disponibles completas:<\/p>\n\n\n\n<p><strong>The Capture<\/strong> &#8211; completa desde el viernes 31 de mayo en Movistar Plus+.<\/p>\n\n\n\n<p>Todas las&nbsp;series estrenadas durante el mes estar\u00e1n disponibles en<strong>&nbsp;v\u00eddeo bajo demanda<\/strong>.<\/p>\n\n\n\n<h3 class=\"wp-block-heading\" class=\"wp-block-heading\" id=\"documentales\">Documentales<\/h3>\n\n\n\n<figure class=\"wp-block-image size-large\"><img loading=\"lazy\" decoding=\"async\" height=\"507\" width=\"1024\" src=\"https:\/\/www.movistar.es\/blog\/wp-content\/uploads\/sites\/3\/2024\/04\/Estrenos-documentales-mayo-Movistar-Plus.jpg?w=1024\" alt=\"\" class=\"wp-image-25945\" srcset=\"https:\/\/www.movistar.es\/blog\/wp-content\/uploads\/sites\/3\/2024\/04\/Estrenos-documentales-mayo-Movistar-Plus.jpg 2438w, https:\/\/www.movistar.es\/blog\/wp-content\/uploads\/sites\/3\/2024\/04\/Estrenos-documentales-mayo-Movistar-Plus.jpg?resize=300,149 300w, https:\/\/www.movistar.es\/blog\/wp-content\/uploads\/sites\/3\/2024\/04\/Estrenos-documentales-mayo-Movistar-Plus.jpg?resize=768,381 768w, https:\/\/www.movistar.es\/blog\/wp-content\/uploads\/sites\/3\/2024\/04\/Estrenos-documentales-mayo-Movistar-Plus.jpg?resize=1024,507 1024w, https:\/\/www.movistar.es\/blog\/wp-content\/uploads\/sites\/3\/2024\/04\/Estrenos-documentales-mayo-Movistar-Plus.jpg?resize=1536,761 1536w, https:\/\/www.movistar.es\/blog\/wp-content\/uploads\/sites\/3\/2024\/04\/Estrenos-documentales-mayo-Movistar-Plus.jpg?resize=2048,1015 2048w\" sizes=\"auto, (max-width: 1024px) 100vw, 1024px\" \/><\/figure>\n\n\n\n<p>En mayo apostamos por las grandes historias y otros muchos temas con casi una veintena de estrenos que llegan a Movistar Plus+ en formato documental. <strong>&nbsp;<\/strong><\/p>\n\n\n\n<ul class=\"wp-block-list\"><li><strong><strong><strong>La memoria infinita<\/strong><\/strong> &#8211; <strong>Desde el viernes 3 de mayo en Movistar Plus+ (dial 7).&nbsp;<\/strong><\/strong>Este laureado documental nominado al Oscar y ganador del Goya a&nbsp;Mejor Pel\u00edcula Iberoamericana narra la historia de amor de&nbsp;Augusto y Paulina, una pareja que se enfrenta&nbsp;a las consecuencias&nbsp;del diagn\u00f3stico de Alzheimer de Augusto. Y a la inevitable&nbsp;evoluci\u00f3n de su relaci\u00f3n.<\/li><li><strong><strong><strong>Matthew Perry: \u00faltimas confesiones<\/strong><\/strong><\/strong>. <strong>Desde el lunes 6 de mayo en Movistar Plus+ (dial 7).&nbsp;<\/strong>Un a\u00f1o antes de su fallecimiento, el actor de \u2018Friends\u2019 Matthew Perry es&nbsp;entrevistado por la presentadora de la televisi\u00f3n estadounidense Diane Sawyer&nbsp;para hablar sobre su vida actual, el \u00e9xito de la serie y su dura batalla contra las&nbsp;adicciones al alcohol y a las drogas. En la entrevista al programa de Sawyer en&nbsp;ABC, Perry habla sobre sus memorias \u201cFriends,&nbsp;Lovers, and&nbsp;the&nbsp;Big Terrible&nbsp;Thing\u201d y se sincera sobre c\u00f3mo fue la reacci\u00f3n del resto del reparto cuando&nbsp;fueron conociendo las adicciones por las que pas\u00f3, primero con el alcohol y&nbsp;despu\u00e9s con los opi\u00e1ceos.\u200b<\/li><li><strong>Utop\u00eda. Escapando de la secta &#8211; Desde el lunes 13 de mayo en Movistar Plus+ (dial 7)<\/strong>. Gloriavale&nbsp;es la comunidad religiosa m\u00e1s extremista de Nueva Zelanda.&nbsp;Esta serie documental de tres episodios nos ense\u00f1a, desde dentro,&nbsp;sus&nbsp;or\u00edgenes y c\u00f3mo es vivir all\u00ed a trav\u00e9s de los testimonios de&nbsp;miembros de la comunidad que han logrado escapar.&nbsp;\u200bEstreno completo bajo demanda.<\/li><li><strong><strong><strong>El Barrio: un reino sin corona<\/strong><\/strong><\/strong>. <strong>Desde el mi\u00e9rcoles 15 de mayo en Movistar Plus+ (dial 7<\/strong>).&nbsp;Jose&nbsp;Luis Figuereo Franco, mejor conocido como El Barrio, es el artista que m\u00e1s veces ha llenado el&nbsp;WiZink&nbsp;Center. En este&nbsp;documental\/concierto asistimos a sus&nbsp;\u00faltimos directos all\u00ed y conocemos su manera de ver la vida y su trayectoria encima de los escenarios.\u200b El 22 y 23 de diciembre de 2023, El Barrio volvi\u00f3 a llenar el&nbsp;WiZink&nbsp;Center. <\/li><li><strong><strong><strong>Concierto Telef\u00f3nica 100 Live<\/strong><\/strong><\/strong>. El s\u00e1bado 18 de mayo en Movistar Plus+ (dial 7). En mayo contin\u00faan las celebraciones por el centenario de Telef\u00f3nica con la emisi\u00f3n&nbsp; de&nbsp;\u200bun gran concierto en el estadio Santiago Bernab\u00e9u que contar\u00e1 con Alejandro Sanz, Hombres G y Ana Mena como cabeza de cart\u00e9l.&nbsp;\u200b&nbsp;<\/li><li><strong>Nu\u00f1ez <\/strong>&#8211; <strong>Estreno el lunes 20 de mayo en Movistar Plus+ (dial 7). <\/strong>Una serie&nbsp;documental de cuatro episodios que muestra la vida&nbsp;de una de las figuras m\u00e1s relevantes del Bar\u00e7a: el expresidente&nbsp;Josep Llu\u00eds N\u00fa\u00f1ez, a trav\u00e9s del testimonio de m\u00e1s de 50&nbsp;entrevistados: directivos, periodistas, familiares, amigos y&nbsp;enemigos.<\/li><\/ul>\n\n\n\n<p>Otros t\u00edtulos de estreno durante el mes:<\/p>\n\n\n\n<ul class=\"wp-block-list\"><li><strong><strong><strong>Proximity: salto base extremo<\/strong><\/strong><\/strong>.<strong> <\/strong>Estreno el viernes 3 de mayo en Vamos por M+ (dial 53).&nbsp;<\/li><li><strong><strong><strong>Historia de las sitcoms<\/strong><\/strong><\/strong>. Desde el martes 7 de mayo en Documentales por M+ (dial 17). Ocho episodios <\/li><li><strong><strong><strong>La historia del chocolate<\/strong><\/strong><\/strong>. Estreno el s\u00e1bado 11 de mayo en Documentales por M+ (dial 17).<\/li><li><strong><strong><strong>El alpinista<\/strong><\/strong><\/strong>. Estreno el lunes 13 de mayo en Vamos por + (dial 53).<\/li><li><strong><strong><strong>Sir Alex Ferguson, un sue\u00f1o hecho realidad<\/strong><\/strong><\/strong>. Estreno el lunes 20 de mayo en Vamos por M+ (dial 53).<\/li><li><strong><strong><strong>Mary Bear: emperadores romanos<\/strong><\/strong><\/strong>. Desde el jueves 16 de mayo en Documentales por M+ (dial 17).&nbsp;<\/li><li><strong><strong><strong>La revoluci\u00f3n del sue\u00f1o<\/strong><\/strong><\/strong>. Desde el martes 21 de mayo en Documentales por M+ (dial 17) Tres episodios.&nbsp;<\/li><li><strong><strong><strong>Pompeya: nuevas excavaciones<\/strong><\/strong><\/strong>. Desde el jueves 23 de mayo en Documentales por M+ (dial 17). Tres episodios.<\/li><li><strong><strong><strong>Chava. El ciclista del pueblo<\/strong><\/strong><\/strong>. Estreno el jueves 23 de mayo en Vamos por M+ (dial 53).&nbsp;<\/li><li><strong><strong><strong>Vida y muertes&nbsp;de Christopher Lee<\/strong><\/strong><\/strong>. Estreno el s\u00e1bado 25 de mayo en Documentales por M+ (dial 17).&nbsp;<\/li><\/ul>\n\n\n\n<p>Todos los documentales estar\u00e1n&nbsp;<strong>disponibles<\/strong>&nbsp;en su&nbsp;<strong>versi\u00f3n bajo demanda en Movistar Plus+<\/strong>.&nbsp;<\/p>\n\n\n\n<h3 class=\"wp-block-heading\" class=\"wp-block-heading\" id=\"programas\">Programas <\/h3>\n\n\n\n<figure class=\"wp-block-image size-full\"><img loading=\"lazy\" decoding=\"async\" width=\"1000\" height=\"510\" src=\"https:\/\/www.movistar.es\/blog\/wp-content\/uploads\/sites\/3\/2024\/04\/Programa-El-consultorio-de-Berto.jpg\" alt=\"\" class=\"wp-image-25942\" srcset=\"https:\/\/www.movistar.es\/blog\/wp-content\/uploads\/sites\/3\/2024\/04\/Programa-El-consultorio-de-Berto.jpg 1000w, https:\/\/www.movistar.es\/blog\/wp-content\/uploads\/sites\/3\/2024\/04\/Programa-El-consultorio-de-Berto.jpg?resize=300,153 300w, https:\/\/www.movistar.es\/blog\/wp-content\/uploads\/sites\/3\/2024\/04\/Programa-El-consultorio-de-Berto.jpg?resize=768,392 768w\" sizes=\"auto, (max-width: 1000px) 100vw, 1000px\" \/><\/figure>\n\n\n\n<p>El mejor entretenimiento, humor y las mejores entrevistas est\u00e1n en Movistar Plus+, en directo y disponibles bajo demanda tanto las temporadas en curso como las anteriores.<\/p>\n\n\n\n<ul class=\"wp-block-list\"><li><strong>El Consultorio de Berto<\/strong>. Estreno el 20 de mayo cuando Berto Romero reabre las puertas de su consultorio para responder&nbsp;a todas esas preguntas que te haces y para las que casi nunca encuentras respuesta.&nbsp;<strong>&#8216;<\/strong>El consultorio de Berto&#8217; es una producci\u00f3n original Movistar Plus+ en colaboraci\u00f3n con El Terrat (The Mediapro Studio).<\/li><li>\u200b<strong>La Resistencia<\/strong>.&nbsp;Temporada 7. De lunes a jueves.<\/li><li><strong>Showriano<\/strong>. Temporada 2. Los lunes.<\/li><li><strong>Ilustres Ignorantes<\/strong>. Temporada 17. Los martes.<\/li><li><strong>Los del Plus.&nbsp;<\/strong>Temporada 1. Los mi\u00e9rcoles.<\/li><li><strong>Saturday Night Live<\/strong>. Los s\u00e1bados.<\/li><\/ul>\n\n\n\n<h2 class=\"wp-block-heading\" class=\"wp-block-heading\" id=\"netflix\">Netflix&nbsp;<\/h2>\n\n\n\n<h3 class=\"wp-block-heading\" class=\"wp-block-heading\" id=\"series\">Series<\/h3>\n\n\n\n<ul class=\"wp-block-list\"><li><strong>Los Bridgerton -16 de mayo<\/strong>. Estreno de la temporada 3, primera parte. En esta entrega,&nbsp;Penelope&nbsp;Featherington&nbsp;ha abandonado su&nbsp;sue\u00f1o de conquistar a Colin&nbsp;Bridgerton&nbsp;despu\u00e9s de o\u00edr lo&nbsp;que&nbsp;dijo de ella en la temporada anterior. Ahora que eso qued\u00f3&nbsp;atr\u00e1s,&nbsp;Penelope&nbsp;decide que es hora de casarse, preferentemente&nbsp;con alguien que le ofrezca la&nbsp;independencia que necesita para&nbsp;seguir siendo lady&nbsp;Whistledown.\u200b<\/li><li><strong>Ni una m\u00e1s &#8211; 31 de mayo. <\/strong><\/li><\/ul>\n\n\n\n<h3 class=\"wp-block-heading\" class=\"wp-block-heading\" id=\"cine\">Cine<\/h3>\n\n\n\n<ul class=\"wp-block-list\"><li><strong>Te llevo en el Alma &#8211; 2 de mayo.<\/strong><\/li><li><strong>Unfrosted &#8211; 3 de mayo.<\/strong><\/li><li><strong>Atlas\u200b &#8211; 24 de mayo<\/strong>. Jennifer L\u00f3pez protagoniza este thriller de ciencia ficci\u00f3n lleno de acci\u00f3n. Atlas es una brillante analista antiterrorista que desconf\u00eda&nbsp;profundamente de la inteligencia artificial. Atlas descubre que la IA podr\u00eda ser su \u00fanica esperanza para acabar con un robot que desaf\u00eda el orden&nbsp;establecido.\u200b<\/li><\/ul>\n\n\n\n<h2 class=\"wp-block-heading\" class=\"wp-block-heading\" id=\"disney\">Disney+<\/h2>\n\n\n\n<h3 class=\"wp-block-heading\" class=\"wp-block-heading\" id=\"series\">Series<\/h3>\n\n\n\n<ul class=\"wp-block-list\"><li><strong>Shardlake &#8211; 1 de mayo.<\/strong><\/li><li><strong>Star Wars. Cr\u00f3nicas del Imperio &#8211; 4 de mayo.<\/strong><\/li><li><strong>Las largas sombras\u200b &#8211; 10 de mayo. <\/strong>Un grupo de mujeres cuyas estables vidas de \u00e9xito se ven sacudidas&nbsp;repentinamente por la aparici\u00f3n de los restos mortales de una de sus&nbsp;compa\u00f1eras de instituto, desaparecida durante el viaje de fin de curso a&nbsp;Mallorca veinticinco&nbsp;a\u00f1os&nbsp;antes.&nbsp;<\/li><li><strong>Doctor Who (temporada 3\u200b) &#8211; 11 de mayo.<\/strong> En esta nueva temporada,&nbsp;El Doctor y su compa\u00f1era Ruby&nbsp;Sunday&nbsp;viajan a trav\u00e9s del tiempo y el espacio viviendo aventuras desde la&nbsp;era de la Regencia en Inglaterra hasta mundos futuros devastados&nbsp;por la guerra.\u200b<\/li><li><strong>Las Kardashian T5 &#8211; 23 de mayo.<\/strong><\/li><\/ul>\n\n\n\n<h3 class=\"wp-block-heading\" class=\"wp-block-heading\" id=\"cine\">Cine<\/h3>\n\n\n\n<h2 class=\"wp-block-heading\" id=\"h-hbo-max\">HBO Max<\/h2>\n\n\n\n<h3 class=\"wp-block-heading\" class=\"wp-block-heading\" id=\"cine\">Cine<\/h3>\n\n\n\n<ul class=\"wp-block-list\"><li><strong>Dune\u00a0Parte Dos<\/strong> &#8211; <strong>21 de mayo<\/strong>.  Explorar\u00e1 el m\u00edtico viaje de Paul\u00a0Atreides\u00a0mientras se une a\u00a0Chani\u00a0y a los\u00a0Fremen\u00a0en un camino de venganza contra los conspiradores\u00a0que destruyeron a su familia. <\/li><\/ul>\n\n\n\n<h3 class=\"wp-block-heading\" class=\"wp-block-heading\" id=\"series\">Series<\/h3>\n\n\n\n<ul class=\"wp-block-list\"><li><strong>Hacks (temporada 3)\u200b &#8211; 2 de mayo<\/strong>. La comedia ganadora del Emmy<strong>\u00a0<\/strong>regresa con\u00a0una nueva temporada.\u00a0Un a\u00f1o despu\u00e9s de su separaci\u00f3n, Deborah Vance (Jean Smart)\u00a0est\u00e1 en la cresta de la ola por el \u00e9xito de su especial de mon\u00f3logos, mientras que\u00a0Ava\u00a0(Hannah\u00a0Einbinder) busca nuevas\u00a0oportunidades en Los \u00c1ngeles.\u200b<\/li><li><strong>Peque\u00f1as mentirosas pecado original &#8211; 9 de mayo <\/strong><\/li><li><strong>La Familia Stallone (temporada 2) &#8211; 16 de mayo. <\/strong><\/li><li><strong>Naked Attraction &#8211; 21 de mayo<\/strong><\/li><\/ul>\n\n\n\n<h2 class=\"wp-block-heading\" class=\"wp-block-heading\" id=\"skyshowtime\">SkyShowtime<\/h2>\n\n\n\n<h3 class=\"wp-block-heading\" class=\"wp-block-heading\" id=\"cine\">Cine <\/h3>\n\n\n\n<ul class=\"wp-block-list\"><li><strong>El Exorcista: Creyente &#8211; 9 de mayo<\/strong>. Leslie Odom Jr. protagoniza esta secuela directa de la primera pel\u00edcula, junto a\u00a0la estrella de El Exorcista original, Ellen\u00a0Burstyn, que retoma el papel de Chris\u00a0MacNeil. <\/li><li><strong>The Pod Generation &#8211; 11 de mayo.<\/strong><\/li><li><strong>Esperando a Dal\u00ed &#8211; 23 de mayo<\/strong>. Los hermanos Fernando y Alberto son cocineros en un restaurante franc\u00e9s de Barcelona. Las\u00a0implicaciones pol\u00edticas de Alberto les obligan a huir a Cadaqu\u00e9s de la mano de Fran\u00e7ois, un\u00a0hippie franc\u00e9s que vive en el pueblo costero.<\/li><\/ul>\n\n\n\n<h2 class=\"wp-block-heading\" class=\"wp-block-heading\" id=\"prime-video\">Prime Video<\/h2>\n\n\n\n<h3 class=\"wp-block-heading\" class=\"wp-block-heading\" id=\"cine\">Cine <\/h3>\n\n\n\n<ul class=\"wp-block-list\"><li><strong>La idea de tenerte &#8211; 2 de mayo.<\/strong> Sol\u00e8ne\u00a0(Anne Hathaway), una madre soltera de 40 a\u00f1os que comienza un romance\u00a0inesperado con Hayes Campbell (Nicholas\u00a0Galitzine), de 24 a\u00f1os,\u00a0cantante de August\u00a0Moon, la banda de chicos m\u00e1s sexy del planeta. <\/li><li><strong>Ferrari &#8211; 17 de mayo<\/strong>. Adam Driver y Pen\u00e9lope Cruz protagonizan el\u00a0biopic\u00a0de Enzo Ferrari. Verano de 1957. El expiloto de carreras Enzo Ferrari est\u00e1 en crisis y en esta crucial etapa, Ferrari tomar\u00e1 decisiones arriesgadas apost\u00e1ndolo todo en una \u00fanica carrera que atraviesa\u00a01.000 millas a lo largo de toda Italia: la\u00a0Mille\u00a0Miglia.\u200b<\/li><\/ul>\n\n\n\n<p>Recuerda que seas del operador que seas, tienes acceso a una oferta inigualable donde disfrutar de\u00a0<strong>las series, los programas, un estreno de cine al d\u00eda<\/strong>,\u00a0<strong>un partidazo de cada semana<\/strong>\u00a0de\u00a0Movistar Plus+ de\u00a0<strong>LALIGA<\/strong>, de la\u00a0<strong>UEFA Champions League<\/strong>, encuentros de\u00a0<strong>LALIGA HYPERMOTION<\/strong>, de la\u00a0<strong>Bundesliga<\/strong>, de la\u00a0<strong>Serie A<\/strong>\u00a0adem\u00e1s de\u00a0<strong>baloncesto, tenis, rugby, p\u00e1del, NFL<\/strong>&#8230;\u00a0<strong>todo por\u00a0<a href=\"https:\/\/www.movistar.es\/particulares\/movistar-plus-lite?\">14\u20ac al mes<\/a><\/strong>.\u00a0<\/p>\n\n\n\n<p>Todo esto y m\u00e1s&nbsp;<strong>sin salir de Movistar Plus+<\/strong>. Disfruta de estos&nbsp;contenidos destacados,&nbsp;as\u00ed como de todos los dem\u00e1s contenidos de Movistar Plus+ en tu PC, Tablet, Smart TV, y Smartphone con&nbsp;&nbsp;<strong><a href=\"https:\/\/comunidad.movistar.es\/t5\/Blog-Movisfera\/Funcionalidad-Movistar-activa-gratis-Movistar-en-dispositivos\/ba-p\/3321846\" target=\"_blank\" rel=\"noreferrer noopener\">Movistar Plus+ en tus dispositivos<\/a><\/strong>&nbsp;,&nbsp;excepto los contenidos de Netflix y Disney+ que se disfrutan en las apps de Netflix y Disney+<\/p>\n\n\n\n<p>Adem\u00e1s, desl\u00fambrate ahora tambi\u00e9n&nbsp;disfrutando&nbsp;<strong>contenidos en calidad 4K<\/strong>&nbsp;con el&nbsp;&nbsp;<strong>Descodificador UHD<\/strong>&nbsp;de&nbsp;<strong>Movistar<\/strong>.&nbsp;S<strong>i ya eres cliente<\/strong>&nbsp;&nbsp;de Movistar Plus+, puedes adquirir tu&nbsp;<strong>Descodificador UHD<\/strong>&nbsp;por<strong>&nbsp;40\u20ac<\/strong>&nbsp;(IVA incluido).<\/p>\n\n\n\n<p><\/p>\n","protected":false},"excerpt":{"rendered":"<p>Movistar Plus+ es\u00a0la plataforma l\u00edder de entretenimiento, con la mayor oferta de contenidos y propuestas para\u00a0disfrutarlas donde, como y cuando quieras. Desde cine, series, documentales y programas del panorama nacional e internacional hasta el deporte [&hellip;]<\/p>\n","protected":false},"author":80,"featured_media":25953,"comment_status":"closed","ping_status":"closed","sticky":false,"template":"","format":"standard","meta":{"site-sidebar-layout":"default","site-content-layout":"","ast-site-content-layout":"","site-content-style":"default","site-sidebar-style":"default","ast-global-header-display":"","ast-banner-title-visibility":"","ast-main-header-display":"","ast-hfb-above-header-display":"","ast-hfb-below-header-display":"","ast-hfb-mobile-header-display":"","site-post-title":"","ast-breadcrumbs-content":"","ast-featured-img":"","footer-sml-layout":"","theme-transparent-header-meta":"","adv-header-id-meta":"","stick-header-meta":"","header-above-stick-meta":"","header-main-stick-meta":"","header-below-stick-meta":"","astra-migrate-meta-layouts":"default","ast-page-background-enabled":"default","ast-page-background-meta":{"desktop":{"background-color":"var(--ast-global-color-4)","background-image":"","background-repeat":"repeat","background-position":"center center","background-size":"auto","background-attachment":"scroll","background-type":"","background-media":"","overlay-type":"","overlay-color":"","overlay-opacity":"","overlay-gradient":""},"tablet":{"background-color":"","background-image":"","background-repeat":"repeat","background-position":"center center","background-size":"auto","background-attachment":"scroll","background-type":"","background-media":"","overlay-type":"","overlay-color":"","overlay-opacity":"","overlay-gradient":""},"mobile":{"background-color":"","background-image":"","background-repeat":"repeat","background-position":"center center","background-size":"auto","background-attachment":"scroll","background-type":"","background-media":"","overlay-type":"","overlay-color":"","overlay-opacity":"","overlay-gradient":""}},"ast-content-background-meta":{"desktop":{"background-color":"var(--ast-global-color-5)","background-image":"","background-repeat":"repeat","background-position":"center center","background-size":"auto","background-attachment":"scroll","background-type":"","background-media":"","overlay-type":"","overlay-color":"","overlay-opacity":"","overlay-gradient":""},"tablet":{"background-color":"var(--ast-global-color-5)","background-image":"","background-repeat":"repeat","background-position":"center center","background-size":"auto","background-attachment":"scroll","background-type":"","background-media":"","overlay-type":"","overlay-color":"","overlay-opacity":"","overlay-gradient":""},"mobile":{"background-color":"var(--ast-global-color-5)","background-image":"","background-repeat":"repeat","background-position":"center center","background-size":"auto","background-attachment":"scroll","background-type":"","background-media":"","overlay-type":"","overlay-color":"","overlay-opacity":"","overlay-gradient":""}},"_jetpack_memberships_contains_paid_content":false,"footnotes":""},"categories":[1],"tags":[],"area":[190],"cluster":[45],"linea_editorial":[],"coauthors":[379],"class_list":["post-18511","post","type-post","status-publish","format-standard","has-post-thumbnail","hentry","category-sin-categoria","area-content-movistar","cluster-movistar-plus"],"yoast_head":"<!-- This site is optimized with the Yoast SEO Premium plugin v25.5 (Yoast SEO v25.5) - https:\/\/yoast.com\/wordpress\/plugins\/seo\/ -->\n<title>Estrenos Movistar Plus+ del mes de febrero<\/title>\n<meta name=\"description\" content=\"Estrenos del mes en Movistar Plus+,\u00a0Netflix, Disney+ y Prime Video. Los contenidos m\u00e1s destacados de cada mes\u00a0en Cine, Series y Documentales.\" \/>\n<meta name=\"robots\" content=\"index, follow, max-snippet:-1, max-image-preview:large, max-video-preview:-1\" \/>\n<link rel=\"canonical\" href=\"https:\/\/www.movistar.es\/blog\/movistar-plus\/estrenos-mes-movistar-plus\/\" \/>\n<meta property=\"og:locale\" content=\"es_ES\" \/>\n<meta property=\"og:type\" content=\"article\" \/>\n<meta property=\"og:title\" content=\"Estrenos de mayo en Movistar Plus+: Marbella, The Equalizer 3, N\u00fa\u00f1ez...\" \/>\n<meta property=\"og:description\" content=\"Estrenos del mes en Movistar Plus+,\u00a0Netflix, Disney+ y Prime Video. Los contenidos m\u00e1s destacados de cada mes\u00a0en Cine, Series y Documentales.\" \/>\n<meta property=\"og:url\" content=\"https:\/\/www.movistar.es\/blog\/movistar-plus\/estrenos-mes-movistar-plus\/\" \/>\n<meta property=\"og:site_name\" content=\"Movistar blog\" \/>\n<meta property=\"article:published_time\" content=\"2024-04-30T06:17:34+00:00\" \/>\n<meta property=\"article:modified_time\" content=\"2024-04-30T06:17:35+00:00\" \/>\n<meta property=\"og:image\" content=\"https:\/\/www.movistar.es\/blog\/wp-content\/uploads\/sites\/3\/2024\/04\/Marbella-serie-original-Movistar-Plus.jpg\" \/>\n\t<meta property=\"og:image:width\" content=\"711\" \/>\n\t<meta property=\"og:image:height\" content=\"349\" \/>\n\t<meta property=\"og:image:type\" content=\"image\/jpeg\" \/>\n<meta name=\"author\" content=\"Sonia Babani\" \/>\n<meta name=\"twitter:card\" content=\"summary_large_image\" \/>\n<meta name=\"twitter:label1\" content=\"Written by\" \/>\n\t<meta name=\"twitter:data1\" content=\"Sonia Babani\" \/>\n\t<meta name=\"twitter:label2\" content=\"Est. reading time\" \/>\n\t<meta name=\"twitter:data2\" content=\"13 minutos\" \/>\n<script type=\"application\/ld+json\" class=\"yoast-schema-graph\">{\"@context\":\"https:\/\/schema.org\",\"@graph\":[{\"@type\":\"Article\",\"@id\":\"https:\/\/www.movistar.es\/blog\/movistar-plus\/estrenos-mes-movistar-plus\/#article\",\"isPartOf\":{\"@id\":\"https:\/\/www.movistar.es\/blog\/movistar-plus\/estrenos-mes-movistar-plus\/\"},\"author\":{\"name\":\"Sonia Babani\",\"@id\":\"https:\/\/www.movistar.es\/blog\/#\/schema\/person\/6794601d749d2208ce9955c8c67352e3\"},\"headline\":\"Estrenos de mayo en Movistar Plus+: Marbella, The Equalizer 3, N\u00fa\u00f1ez&#8230;\",\"datePublished\":\"2024-04-30T06:17:34+00:00\",\"dateModified\":\"2024-04-30T06:17:35+00:00\",\"mainEntityOfPage\":{\"@id\":\"https:\/\/www.movistar.es\/blog\/movistar-plus\/estrenos-mes-movistar-plus\/\"},\"wordCount\":2723,\"publisher\":{\"@id\":\"https:\/\/www.movistar.es\/blog\/#organization\"},\"image\":{\"@id\":\"https:\/\/www.movistar.es\/blog\/movistar-plus\/estrenos-mes-movistar-plus\/#primaryimage\"},\"thumbnailUrl\":\"https:\/\/www.movistar.es\/blog\/wp-content\/uploads\/sites\/3\/2024\/04\/Marbella-serie-original-Movistar-Plus.jpg\",\"inLanguage\":\"es\"},{\"@type\":\"WebPage\",\"@id\":\"https:\/\/www.movistar.es\/blog\/movistar-plus\/estrenos-mes-movistar-plus\/\",\"url\":\"https:\/\/www.movistar.es\/blog\/movistar-plus\/estrenos-mes-movistar-plus\/\",\"name\":\"Estrenos Movistar Plus+ del mes de febrero\",\"isPartOf\":{\"@id\":\"https:\/\/www.movistar.es\/blog\/#website\"},\"primaryImageOfPage\":{\"@id\":\"https:\/\/www.movistar.es\/blog\/movistar-plus\/estrenos-mes-movistar-plus\/#primaryimage\"},\"image\":{\"@id\":\"https:\/\/www.movistar.es\/blog\/movistar-plus\/estrenos-mes-movistar-plus\/#primaryimage\"},\"thumbnailUrl\":\"https:\/\/www.movistar.es\/blog\/wp-content\/uploads\/sites\/3\/2024\/04\/Marbella-serie-original-Movistar-Plus.jpg\",\"datePublished\":\"2024-04-30T06:17:34+00:00\",\"dateModified\":\"2024-04-30T06:17:35+00:00\",\"description\":\"Estrenos del mes en Movistar Plus+,\u00a0Netflix, Disney+ y Prime Video. Los contenidos m\u00e1s destacados de cada mes\u00a0en Cine, Series y Documentales.\",\"breadcrumb\":{\"@id\":\"https:\/\/www.movistar.es\/blog\/movistar-plus\/estrenos-mes-movistar-plus\/#breadcrumb\"},\"inLanguage\":\"es\",\"potentialAction\":[{\"@type\":\"ReadAction\",\"target\":[\"https:\/\/www.movistar.es\/blog\/movistar-plus\/estrenos-mes-movistar-plus\/\"]}]},{\"@type\":\"ImageObject\",\"inLanguage\":\"es\",\"@id\":\"https:\/\/www.movistar.es\/blog\/movistar-plus\/estrenos-mes-movistar-plus\/#primaryimage\",\"url\":\"https:\/\/www.movistar.es\/blog\/wp-content\/uploads\/sites\/3\/2024\/04\/Marbella-serie-original-Movistar-Plus.jpg\",\"contentUrl\":\"https:\/\/www.movistar.es\/blog\/wp-content\/uploads\/sites\/3\/2024\/04\/Marbella-serie-original-Movistar-Plus.jpg\",\"width\":711,\"height\":349},{\"@type\":\"BreadcrumbList\",\"@id\":\"https:\/\/www.movistar.es\/blog\/movistar-plus\/estrenos-mes-movistar-plus\/#breadcrumb\",\"itemListElement\":[{\"@type\":\"ListItem\",\"position\":1,\"name\":\"Home\",\"item\":\"https:\/\/www.movistar.es\/blog\/\"},{\"@type\":\"ListItem\",\"position\":2,\"name\":\"Estrenos de mayo en Movistar Plus+: Marbella, The Equalizer 3, N\u00fa\u00f1ez&#8230;\"}]},{\"@type\":\"WebSite\",\"@id\":\"https:\/\/www.movistar.es\/blog\/#website\",\"url\":\"https:\/\/www.movistar.es\/blog\/\",\"name\":\"Movistar blog\",\"description\":\"Movistar Blog. Informaci\u00f3n y m\u00e1s sobre los productos y servicios de Movistar\",\"publisher\":{\"@id\":\"https:\/\/www.movistar.es\/blog\/#organization\"},\"potentialAction\":[{\"@type\":\"SearchAction\",\"target\":{\"@type\":\"EntryPoint\",\"urlTemplate\":\"https:\/\/www.movistar.es\/blog\/?s={search_term_string}\"},\"query-input\":{\"@type\":\"PropertyValueSpecification\",\"valueRequired\":true,\"valueName\":\"search_term_string\"}}],\"inLanguage\":\"es\"},{\"@type\":\"Organization\",\"@id\":\"https:\/\/www.movistar.es\/blog\/#organization\",\"name\":\"Movistar blog\",\"url\":\"https:\/\/www.movistar.es\/blog\/\",\"logo\":{\"@type\":\"ImageObject\",\"inLanguage\":\"es\",\"@id\":\"https:\/\/www.movistar.es\/blog\/#\/schema\/logo\/image\/\",\"url\":\"https:\/\/www.movistar.es\/blog\/wp-content\/uploads\/sites\/3\/2022\/05\/logo_movistar-1.svg\",\"contentUrl\":\"https:\/\/www.movistar.es\/blog\/wp-content\/uploads\/sites\/3\/2022\/05\/logo_movistar-1.svg\",\"width\":369,\"height\":272,\"caption\":\"Movistar blog\"},\"image\":{\"@id\":\"https:\/\/www.movistar.es\/blog\/#\/schema\/logo\/image\/\"}},{\"@type\":\"Person\",\"@id\":\"https:\/\/www.movistar.es\/blog\/#\/schema\/person\/6794601d749d2208ce9955c8c67352e3\",\"name\":\"Sonia Babani\",\"image\":{\"@type\":\"ImageObject\",\"inLanguage\":\"es\",\"@id\":\"https:\/\/www.movistar.es\/blog\/#\/schema\/person\/image\/7ef6f03cbfff01826d287105a7cc0d82\",\"url\":\"https:\/\/secure.gravatar.com\/avatar\/56613be75a9300510ae019a60f1b5bac692690e6fc5d41e1972198561304a225\",\"contentUrl\":\"https:\/\/secure.gravatar.com\/avatar\/56613be75a9300510ae019a60f1b5bac692690e6fc5d41e1972198561304a225\",\"caption\":\"Sonia Babani\"},\"url\":\"https:\/\/www.movistar.es\/blog\/author\/soniababani\/\"}]}<\/script>\n<!-- \/ Yoast SEO Premium plugin. -->","yoast_head_json":{"title":"Estrenos Movistar Plus+ del mes de febrero","description":"Estrenos del mes en Movistar Plus+,\u00a0Netflix, Disney+ y Prime Video. Los contenidos m\u00e1s destacados de cada mes\u00a0en Cine, Series y Documentales.","robots":{"index":"index","follow":"follow","max-snippet":"max-snippet:-1","max-image-preview":"max-image-preview:large","max-video-preview":"max-video-preview:-1"},"canonical":"https:\/\/www.movistar.es\/blog\/movistar-plus\/estrenos-mes-movistar-plus\/","og_locale":"es_ES","og_type":"article","og_title":"Estrenos de mayo en Movistar Plus+: Marbella, The Equalizer 3, N\u00fa\u00f1ez...","og_description":"Estrenos del mes en Movistar Plus+,\u00a0Netflix, Disney+ y Prime Video. Los contenidos m\u00e1s destacados de cada mes\u00a0en Cine, Series y Documentales.","og_url":"https:\/\/www.movistar.es\/blog\/movistar-plus\/estrenos-mes-movistar-plus\/","og_site_name":"Movistar blog","article_published_time":"2024-04-30T06:17:34+00:00","article_modified_time":"2024-04-30T06:17:35+00:00","og_image":[{"width":711,"height":349,"url":"https:\/\/www.movistar.es\/blog\/wp-content\/uploads\/sites\/3\/2024\/04\/Marbella-serie-original-Movistar-Plus.jpg","type":"image\/jpeg"}],"author":"Sonia Babani","twitter_card":"summary_large_image","twitter_misc":{"Written by":"Sonia Babani","Est. reading time":"13 minutos"},"schema":{"@context":"https:\/\/schema.org","@graph":[{"@type":"Article","@id":"https:\/\/www.movistar.es\/blog\/movistar-plus\/estrenos-mes-movistar-plus\/#article","isPartOf":{"@id":"https:\/\/www.movistar.es\/blog\/movistar-plus\/estrenos-mes-movistar-plus\/"},"author":{"name":"Sonia Babani","@id":"https:\/\/www.movistar.es\/blog\/#\/schema\/person\/6794601d749d2208ce9955c8c67352e3"},"headline":"Estrenos de mayo en Movistar Plus+: Marbella, The Equalizer 3, N\u00fa\u00f1ez&#8230;","datePublished":"2024-04-30T06:17:34+00:00","dateModified":"2024-04-30T06:17:35+00:00","mainEntityOfPage":{"@id":"https:\/\/www.movistar.es\/blog\/movistar-plus\/estrenos-mes-movistar-plus\/"},"wordCount":2723,"publisher":{"@id":"https:\/\/www.movistar.es\/blog\/#organization"},"image":{"@id":"https:\/\/www.movistar.es\/blog\/movistar-plus\/estrenos-mes-movistar-plus\/#primaryimage"},"thumbnailUrl":"https:\/\/www.movistar.es\/blog\/wp-content\/uploads\/sites\/3\/2024\/04\/Marbella-serie-original-Movistar-Plus.jpg","inLanguage":"es"},{"@type":"WebPage","@id":"https:\/\/www.movistar.es\/blog\/movistar-plus\/estrenos-mes-movistar-plus\/","url":"https:\/\/www.movistar.es\/blog\/movistar-plus\/estrenos-mes-movistar-plus\/","name":"Estrenos Movistar Plus+ del mes de febrero","isPartOf":{"@id":"https:\/\/www.movistar.es\/blog\/#website"},"primaryImageOfPage":{"@id":"https:\/\/www.movistar.es\/blog\/movistar-plus\/estrenos-mes-movistar-plus\/#primaryimage"},"image":{"@id":"https:\/\/www.movistar.es\/blog\/movistar-plus\/estrenos-mes-movistar-plus\/#primaryimage"},"thumbnailUrl":"https:\/\/www.movistar.es\/blog\/wp-content\/uploads\/sites\/3\/2024\/04\/Marbella-serie-original-Movistar-Plus.jpg","datePublished":"2024-04-30T06:17:34+00:00","dateModified":"2024-04-30T06:17:35+00:00","description":"Estrenos del mes en Movistar Plus+,\u00a0Netflix, Disney+ y Prime Video. Los contenidos m\u00e1s destacados de cada mes\u00a0en Cine, Series y Documentales.","breadcrumb":{"@id":"https:\/\/www.movistar.es\/blog\/movistar-plus\/estrenos-mes-movistar-plus\/#breadcrumb"},"inLanguage":"es","potentialAction":[{"@type":"ReadAction","target":["https:\/\/www.movistar.es\/blog\/movistar-plus\/estrenos-mes-movistar-plus\/"]}]},{"@type":"ImageObject","inLanguage":"es","@id":"https:\/\/www.movistar.es\/blog\/movistar-plus\/estrenos-mes-movistar-plus\/#primaryimage","url":"https:\/\/www.movistar.es\/blog\/wp-content\/uploads\/sites\/3\/2024\/04\/Marbella-serie-original-Movistar-Plus.jpg","contentUrl":"https:\/\/www.movistar.es\/blog\/wp-content\/uploads\/sites\/3\/2024\/04\/Marbella-serie-original-Movistar-Plus.jpg","width":711,"height":349},{"@type":"BreadcrumbList","@id":"https:\/\/www.movistar.es\/blog\/movistar-plus\/estrenos-mes-movistar-plus\/#breadcrumb","itemListElement":[{"@type":"ListItem","position":1,"name":"Home","item":"https:\/\/www.movistar.es\/blog\/"},{"@type":"ListItem","position":2,"name":"Estrenos de mayo en Movistar Plus+: Marbella, The Equalizer 3, N\u00fa\u00f1ez&#8230;"}]},{"@type":"WebSite","@id":"https:\/\/www.movistar.es\/blog\/#website","url":"https:\/\/www.movistar.es\/blog\/","name":"Movistar blog","description":"Movistar Blog. Informaci\u00f3n y m\u00e1s sobre los productos y servicios de Movistar","publisher":{"@id":"https:\/\/www.movistar.es\/blog\/#organization"},"potentialAction":[{"@type":"SearchAction","target":{"@type":"EntryPoint","urlTemplate":"https:\/\/www.movistar.es\/blog\/?s={search_term_string}"},"query-input":{"@type":"PropertyValueSpecification","valueRequired":true,"valueName":"search_term_string"}}],"inLanguage":"es"},{"@type":"Organization","@id":"https:\/\/www.movistar.es\/blog\/#organization","name":"Movistar blog","url":"https:\/\/www.movistar.es\/blog\/","logo":{"@type":"ImageObject","inLanguage":"es","@id":"https:\/\/www.movistar.es\/blog\/#\/schema\/logo\/image\/","url":"https:\/\/www.movistar.es\/blog\/wp-content\/uploads\/sites\/3\/2022\/05\/logo_movistar-1.svg","contentUrl":"https:\/\/www.movistar.es\/blog\/wp-content\/uploads\/sites\/3\/2022\/05\/logo_movistar-1.svg","width":369,"height":272,"caption":"Movistar blog"},"image":{"@id":"https:\/\/www.movistar.es\/blog\/#\/schema\/logo\/image\/"}},{"@type":"Person","@id":"https:\/\/www.movistar.es\/blog\/#\/schema\/person\/6794601d749d2208ce9955c8c67352e3","name":"Sonia Babani","image":{"@type":"ImageObject","inLanguage":"es","@id":"https:\/\/www.movistar.es\/blog\/#\/schema\/person\/image\/7ef6f03cbfff01826d287105a7cc0d82","url":"https:\/\/secure.gravatar.com\/avatar\/56613be75a9300510ae019a60f1b5bac692690e6fc5d41e1972198561304a225","contentUrl":"https:\/\/secure.gravatar.com\/avatar\/56613be75a9300510ae019a60f1b5bac692690e6fc5d41e1972198561304a225","caption":"Sonia Babani"},"url":"https:\/\/www.movistar.es\/blog\/author\/soniababani\/"}]}},"jetpack_featured_media_url":"https:\/\/www.movistar.es\/blog\/wp-content\/uploads\/sites\/3\/2024\/04\/Marbella-serie-original-Movistar-Plus.jpg","jetpack_sharing_enabled":true,"_links":{"self":[{"href":"https:\/\/www.movistar.es\/blog\/wp-json\/wp\/v2\/posts\/18511","targetHints":{"allow":["GET"]}}],"collection":[{"href":"https:\/\/www.movistar.es\/blog\/wp-json\/wp\/v2\/posts"}],"about":[{"href":"https:\/\/www.movistar.es\/blog\/wp-json\/wp\/v2\/types\/post"}],"author":[{"embeddable":true,"href":"https:\/\/www.movistar.es\/blog\/wp-json\/wp\/v2\/users\/80"}],"replies":[{"embeddable":true,"href":"https:\/\/www.movistar.es\/blog\/wp-json\/wp\/v2\/comments?post=18511"}],"version-history":[{"count":75,"href":"https:\/\/www.movistar.es\/blog\/wp-json\/wp\/v2\/posts\/18511\/revisions"}],"predecessor-version":[{"id":25956,"href":"https:\/\/www.movistar.es\/blog\/wp-json\/wp\/v2\/posts\/18511\/revisions\/25956"}],"wp:featuredmedia":[{"embeddable":true,"href":"https:\/\/www.movistar.es\/blog\/wp-json\/wp\/v2\/media\/25953"}],"wp:attachment":[{"href":"https:\/\/www.movistar.es\/blog\/wp-json\/wp\/v2\/media?parent=18511"}],"wp:term":[{"taxonomy":"category","embeddable":true,"href":"https:\/\/www.movistar.es\/blog\/wp-json\/wp\/v2\/categories?post=18511"},{"taxonomy":"post_tag","embeddable":true,"href":"https:\/\/www.movistar.es\/blog\/wp-json\/wp\/v2\/tags?post=18511"},{"taxonomy":"area","embeddable":true,"href":"https:\/\/www.movistar.es\/blog\/wp-json\/wp\/v2\/area?post=18511"},{"taxonomy":"cluster","embeddable":true,"href":"https:\/\/www.movistar.es\/blog\/wp-json\/wp\/v2\/cluster?post=18511"},{"taxonomy":"linea_editorial","embeddable":true,"href":"https:\/\/www.movistar.es\/blog\/wp-json\/wp\/v2\/linea_editorial?post=18511"},{"taxonomy":"author","embeddable":true,"href":"https:\/\/www.movistar.es\/blog\/wp-json\/wp\/v2\/coauthors?post=18511"}],"curies":[{"name":"wp","href":"https:\/\/api.w.org\/{rel}","templated":true}]}}