{"id":18155,"date":"2023-10-16T11:39:14","date_gmt":"2023-10-16T09:39:14","guid":{"rendered":"https:\/\/www.movistar.es\/blog\/?p=18155"},"modified":"2023-10-16T11:39:15","modified_gmt":"2023-10-16T09:39:15","slug":"renueva-tu-fondo-de-armario-con-living-apps","status":"publish","type":"post","link":"https:\/\/www.movistar.es\/blog\/movistar-plus\/renueva-tu-fondo-de-armario-con-living-apps\/","title":{"rendered":"C\u00f3mo renovar tu fondo de armario este oto\u00f1o e invierno con la Living App de Adolfo Dom\u00ednguez"},"content":{"rendered":"\n<p>Renovar el fondo de armario en oto\u00f1o e invierno puede ser un desaf\u00edo emocionante. El principal reto radica en equilibrar estilo y funcionalidad. Con la llegada del fr\u00edo, es crucial mantenernos abrigados sin sacrificar nuestro sentido de la moda. Esto implica elegir prendas vers\u00e1tiles que puedan superar las fluctuantes temperaturas de la temporada.&nbsp;&nbsp;<\/p>\n\n\n\n<p>Adem\u00e1s, debemos considerar la inversi\u00f3n en piezas atemporales que no pasen de moda y que se puedan combinar f\u00e1cilmente. Tambi\u00e9n es importante ser conscientes de la calidad de las prendas para garantizar durabilidad. En resumen, renovar el armario en oto\u00f1o e invierno es un desaf\u00edo que requiere planificaci\u00f3n y selecci\u00f3n cuidadosa, pero con las decisiones adecuadas, podemos lucir a la moda y sentirnos c\u00f3modos durante todo el a\u00f1o.&nbsp;<\/p>\n\n\n\n<p>Por ello, insp\u00edrate con la <strong>Living App de Adolfo Dom\u00ednguez<\/strong> de <strong>Movistar Plus+ <\/strong>en donde encontrar\u00e1s consejos \u00fatiles para llevar a cabo la renovaci\u00f3n de tu fondo de armario.&nbsp;&nbsp;<\/p>\n\n\n\n<p>\u00a1Pero antes d\u00e9janos darte algunos tips!\u00a0\u00a0<\/p>\n\n\n\n<h2 class=\"wp-block-heading\" class=\"wp-block-heading\" id=\"por-que-renovar-tu-fondo-de-armario\"><strong>Por qu\u00e9 renovar tu fondo de armario<\/strong>\u00a0<\/h2>\n\n\n\n<p>El cambio de estaci\u00f3n siempre trae consigo una emocionante oportunidad para renovar nuestro fondo de armario. El oto\u00f1o e invierno son \u00e9pocas del a\u00f1o en las que podemos lucir estilos elegantes, acogedores y llenos de personalidad. Para estar a la moda y sentirnos fabulosos durante estos meses, es esencial estar al tanto de las \u00faltimas tendencias. A continuaci\u00f3n, exploraremos la importancia de renovar tu guardarropa con las tendencias de oto\u00f1o e invierno m\u00e1s actuales.&nbsp;<\/p>\n\n\n\n<figure class=\"wp-block-image size-large\"><img loading=\"lazy\" decoding=\"async\" height=\"576\" width=\"1024\" src=\"https:\/\/www.movistar.es\/blog\/wp-content\/uploads\/sites\/3\/2023\/10\/Movistar-Blog-Living-App-Adolfo-Dominguez-inpost-02.jpg?w=1024\" alt=\"\" class=\"wp-image-18156\" srcset=\"https:\/\/www.movistar.es\/blog\/wp-content\/uploads\/sites\/3\/2023\/10\/Movistar-Blog-Living-App-Adolfo-Dominguez-inpost-02.jpg 1920w, https:\/\/www.movistar.es\/blog\/wp-content\/uploads\/sites\/3\/2023\/10\/Movistar-Blog-Living-App-Adolfo-Dominguez-inpost-02.jpg?resize=300,169 300w, https:\/\/www.movistar.es\/blog\/wp-content\/uploads\/sites\/3\/2023\/10\/Movistar-Blog-Living-App-Adolfo-Dominguez-inpost-02.jpg?resize=768,432 768w, https:\/\/www.movistar.es\/blog\/wp-content\/uploads\/sites\/3\/2023\/10\/Movistar-Blog-Living-App-Adolfo-Dominguez-inpost-02.jpg?resize=1024,576 1024w, https:\/\/www.movistar.es\/blog\/wp-content\/uploads\/sites\/3\/2023\/10\/Movistar-Blog-Living-App-Adolfo-Dominguez-inpost-02.jpg?resize=1536,864 1536w\" sizes=\"auto, (max-width: 1024px) 100vw, 1024px\" \/><\/figure>\n\n\n\n<h3 class=\"wp-block-heading\" class=\"wp-block-heading\" id=\"estilo-y-confianza\"><strong>Estilo y Confianza<\/strong>\u00a0\u00a0<\/h3>\n\n\n\n<p>La moda no es solo cuesti\u00f3n de apariencia; tambi\u00e9n influye en c\u00f3mo nos sentimos. Renovar tu fondo de armario con las \u00faltimas tendencias te permitir\u00e1 expresarte y aumentar tu confianza. Cuando te sientes bien con lo que llevas puesto, tu autoestima se eleva, lo que se refleja en tu actitud y en c\u00f3mo te relacionas con los dem\u00e1s.&nbsp;<\/p>\n\n\n\n<h3 class=\"wp-block-heading\" class=\"wp-block-heading\" id=\"adaptacion-al-clima\"><strong>Adaptaci\u00f3n al Clima<\/strong>\u00a0<\/h3>\n\n\n\n<p>El oto\u00f1o e invierno traen consigo bajas temperaturas y condiciones clim\u00e1ticas variables. Mantener tu armario actualizado con prendas dise\u00f1adas espec\u00edficamente para estas estaciones te ayudar\u00e1 a mantenerte abrigado y c\u00f3modo sin sacrificar el estilo. Abrigos de lana, bufandas de moda y botas a la \u00faltima son elementos esenciales para enfrentar el fr\u00edo con elegancia.\u00a0<\/p>\n\n\n\n<h3 class=\"wp-block-heading\" class=\"wp-block-heading\" id=\"variedad-de-opciones\"><strong>Variedad de Opciones<\/strong>\u00a0<\/h3>\n\n\n\n<p>Renovar tu fondo de armario con las tendencias de oto\u00f1o e invierno te brinda una amplia gama de opciones para elegir. Desde colores c\u00e1lidos y tonos tierra hasta estampados de cuadros y tejidos de punto, estas estaciones ofrecen una variedad de estilos que se adaptan a diferentes gustos y preferencias.&nbsp;&nbsp;<\/p>\n\n\n\n<h3 class=\"wp-block-heading\" class=\"wp-block-heading\" id=\"manten-tu-estilo-personal\"><strong>Mant\u00e9n tu estilo personal<\/strong>\u00a0<\/h3>\n\n\n\n<p>Si bien es importante estar al tanto de las tendencias actuales, no olvides que tu estilo personal es lo que te hace \u00fanico. Puedes incorporar las tendencias de moda de oto\u00f1o e invierno de una manera que se adapte a tu estilo y personalidad. Combina prendas cl\u00e1sicas con elementos de moda para crear un look que sea completamente tuyo.&nbsp;<\/p>\n\n\n\n<h3 class=\"wp-block-heading\" class=\"wp-block-heading\" id=\"sostenibilidad\"><strong>Sostenibilidad<\/strong>\u00a0<\/h3>\n\n\n\n<p>Al renovar tu guardarropa, considera la sostenibilidad. Opta por prendas de alta calidad que duren varias temporadas en lugar de seguir las tendencias ef\u00edmeras. Adem\u00e1s, puedes buscar opciones \u00e9ticas y sostenibles que respeten el medio ambiente y los derechos laborales.<\/p>\n\n\n\n<figure class=\"wp-block-image size-large\"><img loading=\"lazy\" decoding=\"async\" height=\"576\" width=\"1024\" src=\"https:\/\/www.movistar.es\/blog\/wp-content\/uploads\/sites\/3\/2023\/10\/Movistar-Blog-Living-App-Adolfo-Dominguez-inpost-01.jpg?w=1024\" alt=\"\" class=\"wp-image-18157\" srcset=\"https:\/\/www.movistar.es\/blog\/wp-content\/uploads\/sites\/3\/2023\/10\/Movistar-Blog-Living-App-Adolfo-Dominguez-inpost-01.jpg 1920w, https:\/\/www.movistar.es\/blog\/wp-content\/uploads\/sites\/3\/2023\/10\/Movistar-Blog-Living-App-Adolfo-Dominguez-inpost-01.jpg?resize=300,169 300w, https:\/\/www.movistar.es\/blog\/wp-content\/uploads\/sites\/3\/2023\/10\/Movistar-Blog-Living-App-Adolfo-Dominguez-inpost-01.jpg?resize=768,432 768w, https:\/\/www.movistar.es\/blog\/wp-content\/uploads\/sites\/3\/2023\/10\/Movistar-Blog-Living-App-Adolfo-Dominguez-inpost-01.jpg?resize=1024,576 1024w, https:\/\/www.movistar.es\/blog\/wp-content\/uploads\/sites\/3\/2023\/10\/Movistar-Blog-Living-App-Adolfo-Dominguez-inpost-01.jpg?resize=1536,864 1536w\" sizes=\"auto, (max-width: 1024px) 100vw, 1024px\" \/><\/figure>\n\n\n\n<h2 class=\"wp-block-heading\" class=\"wp-block-heading\" id=\"descubre-la-living-app-de-adolfo-dominguez\"><strong>Descubre la Living App de Adolfo Dom\u00ednguez\u202f<\/strong>\u202f\u00a0<\/h2>\n\n\n\n<p>Desde la Living App de Adolfo Dom\u00ednguez puedes sumergirte en el mundo de la moda con im\u00e1genes de sus coleccione, acceder a desfiles, campa\u00f1as y cautivadoras historias. Esto es solo un peque\u00f1o adelanto de las numerosas funcionalidades que ofrece. \u00bfEres un apasionado de la moda? \u00a1Est\u00e1s de enhorabuena! La Living App de Adolfo Dom\u00ednguez te permite disfrutar de tus contenidos favoritos y descubrir c\u00f3mo llevar tu consumo de ropa hacia uno m\u00e1s consciente y responsable.&nbsp;<\/p>\n\n\n\n<p>Con acceso a v\u00eddeos que presentan interesantes conversaciones con cient\u00edficos, fil\u00f3sofos y bi\u00f3logos, quienes transmitir\u00e1n los valores m\u00e1s sostenibles de esta\u00a0marca espa\u00f1ola de renombre. Adem\u00e1s, puedes ver los eventos de <strong>Social Live<\/strong> <strong>Shopping<\/strong> poco despu\u00e9s de su retransmisi\u00f3n y mantenerte informado sobre los\u00a0pr\u00f3ximos eventos.<\/p>\n\n\n\n<p>Esto te dar\u00e1 acceso a todos los productos destacados, as\u00ed\u00a0como a los detalles de las prendas y accesorios que te llamen la atenci\u00f3n. Y si\u00a0lo deseas, podr\u00e1s adquirirlos directamente desde el sitio web de Adolfo\u00a0Dom\u00ednguez. \u00a1Una experiencia \u00fanica que no querr\u00e1s dejar de explorar!\u00a0productos comentados, a los detalles de la prenda o accesorios que te hayan interesado y, si lo deseas, a comprarlos\u202fdesde la web de Adolfo Dom\u00ednguez.\u202f\u00a0<\/p>\n\n\n\n<h2 class=\"wp-block-heading\" id=\"h-como-acceder-a-la-living-app-de-adolfo-dominguez\"><strong>C\u00f3mo acceder a la Living App de Adolfo Dom\u00ednguez\u202f<\/strong>\u00a0<\/h2>\n\n\n\n<p>Es posible que te est\u00e9s preguntando d\u00f3nde encontrar la Living App de Adolfo Dom\u00ednguez en este momento. No te preocupes, es bastante sencillo. Solo necesitas relajarte en tu sof\u00e1 y seguir leyendo, porque te mostraremos c\u00f3mo disfrutar de sus caracter\u00edsticas en la pantalla grande.&nbsp;<\/p>\n\n\n\n<p>\u00bfTienes un <a href=\"https:\/\/www.movistar.es\/particulares\/movil\/moviles\/descodificador-uhd\/?utm_source=src--btb&amp;utm_medium=mdm--referral-organic&amp;utm_campaign=dg_brd--home_cnt--es_cmp--desco-uhd-btb_adg--adgroup-adq_ad--btb__tt--adquisition_sgm--abierto\" target=\"_blank\" rel=\"noreferrer noopener\"><strong>Descodificador UHD<\/strong><\/a>\u202fo un <a href=\"https:\/\/www.movistar.es\/particulares\/movil\/moviles\/smart-wifi\/?utm_source=src--btb&amp;utm_medium=mdm--referral-organic&amp;utm_campaign=dg_brd--smartwifi_cnt--es_cmp--btb_adg--adgroup-adq_ad--btb__tt--adquisition_sgm--abierto\" target=\"_blank\" rel=\"noreferrer noopener\"><strong>Descodificador UHD Smart WiFi<\/strong><\/a>? \u00a1Genial! De esta manera, podr\u00e1s ingresar a <a href=\"http:\/\/ver.movistarplus.es\/?utm_source=src--btb&amp;utm_medium=mdm--referral-organic&amp;utm_campaign=dg_brd--home_cnt--es_cmp--servicios-movistar-btb_adg--adgroup-adq_ad--btb__tt--adquisition_sgm--abierto\" target=\"_blank\" rel=\"noreferrer noopener\"><strong>Movistar Plus+<\/strong><\/a>y explorar su men\u00fa principal hasta llegar a la secci\u00f3n de \u00abApps\u00bb. Luego, simplemente selecciona la categor\u00eda \u00abEstilo de vida\u00bb para descubrir todos los detalles de la nueva Living App. Adem\u00e1s, si cuentas con el <a href=\"https:\/\/www.movistar.es\/particulares\/movil\/moviles\/mando-a-distancia-vocal\/?utm_source=src--btb&amp;utm_medium=mdm--referral-organic&amp;utm_campaign=dg_brd--home_cnt--es_cmp--mando-vocal-btb_adg--adgroup-adq_ad--btb__tt--adquisition_sgm--abierto\" target=\"_blank\" rel=\"noreferrer noopener\"><strong>Mando Vocal Movistar Plus+<\/strong><\/a>, puedes acceder con solo presionar el bot\u00f3n \u00ab<a href=\"https:\/\/www.movistar.es\/particulares\/Aura?utm_source=src--btb&amp;utm_medium=mdm--referral-organic&amp;utm_campaign=dg_brd--home_cnt--es_cmp--aura-btb_adg--adgroup-adq_ad--btb__tt--adquisition_sgm--abierto\" target=\"_blank\" rel=\"noreferrer noopener\"><strong>Aura<\/strong><\/a>\u00bb y diciendo \u201cabrir Adolfo Dom\u00ednguez\u00bb.&nbsp;<\/p>\n\n\n\n<p><strong>\u00bfA qu\u00e9 est\u00e1s esperando? Accede a trav\u00e9s de tu televisor en casa y prep\u00e1rate para disfrutar de la m\u00e1xima comodidad con estilo.<\/strong>&nbsp;<\/p>\n","protected":false},"excerpt":{"rendered":"<p>Renovar el fondo de armario en oto\u00f1o e invierno puede ser un desaf\u00edo emocionante. El principal reto radica en equilibrar estilo y funcionalidad. Con la llegada del fr\u00edo, es crucial mantenernos abrigados sin sacrificar nuestro [&hellip;]<\/p>\n","protected":false},"author":141,"featured_media":18158,"comment_status":"closed","ping_status":"closed","sticky":false,"template":"","format":"standard","meta":{"site-sidebar-layout":"default","site-content-layout":"","ast-site-content-layout":"","site-content-style":"default","site-sidebar-style":"default","ast-global-header-display":"","ast-banner-title-visibility":"","ast-main-header-display":"","ast-hfb-above-header-display":"","ast-hfb-below-header-display":"","ast-hfb-mobile-header-display":"","site-post-title":"","ast-breadcrumbs-content":"","ast-featured-img":"","footer-sml-layout":"","theme-transparent-header-meta":"","adv-header-id-meta":"","stick-header-meta":"","header-above-stick-meta":"","header-main-stick-meta":"","header-below-stick-meta":"","astra-migrate-meta-layouts":"default","ast-page-background-enabled":"default","ast-page-background-meta":{"desktop":{"background-color":"var(--ast-global-color-4)","background-image":"","background-repeat":"repeat","background-position":"center center","background-size":"auto","background-attachment":"scroll","background-type":"","background-media":"","overlay-type":"","overlay-color":"","overlay-opacity":"","overlay-gradient":""},"tablet":{"background-color":"","background-image":"","background-repeat":"repeat","background-position":"center center","background-size":"auto","background-attachment":"scroll","background-type":"","background-media":"","overlay-type":"","overlay-color":"","overlay-opacity":"","overlay-gradient":""},"mobile":{"background-color":"","background-image":"","background-repeat":"repeat","background-position":"center center","background-size":"auto","background-attachment":"scroll","background-type":"","background-media":"","overlay-type":"","overlay-color":"","overlay-opacity":"","overlay-gradient":""}},"ast-content-background-meta":{"desktop":{"background-color":"var(--ast-global-color-5)","background-image":"","background-repeat":"repeat","background-position":"center center","background-size":"auto","background-attachment":"scroll","background-type":"","background-media":"","overlay-type":"","overlay-color":"","overlay-opacity":"","overlay-gradient":""},"tablet":{"background-color":"var(--ast-global-color-5)","background-image":"","background-repeat":"repeat","background-position":"center center","background-size":"auto","background-attachment":"scroll","background-type":"","background-media":"","overlay-type":"","overlay-color":"","overlay-opacity":"","overlay-gradient":""},"mobile":{"background-color":"var(--ast-global-color-5)","background-image":"","background-repeat":"repeat","background-position":"center center","background-size":"auto","background-attachment":"scroll","background-type":"","background-media":"","overlay-type":"","overlay-color":"","overlay-opacity":"","overlay-gradient":""}},"_jetpack_memberships_contains_paid_content":false,"footnotes":""},"categories":[1],"tags":[32,12],"area":[7],"cluster":[45],"linea_editorial":[],"coauthors":[537],"class_list":["post-18155","post","type-post","status-publish","format-standard","has-post-thumbnail","hentry","category-sin-categoria","tag-destacado","tag-movistar","area-digital-client","cluster-movistar-plus"],"yoast_head":"<!-- This site is optimized with the Yoast SEO Premium plugin v25.5 (Yoast SEO v25.5) - https:\/\/yoast.com\/wordpress\/plugins\/seo\/ -->\n<title>C\u00f3mo renovar tu fondo de armario este oto\u00f1o e invierno<\/title>\n<meta name=\"description\" content=\"Descubre las tendencias para este oto\u00f1o e invierno que te trae la Living App de Adolfo Dom\u00ednguez en Movistar Plus+ \u00a1No te las pierdas!\" \/>\n<meta name=\"robots\" content=\"index, follow, max-snippet:-1, max-image-preview:large, max-video-preview:-1\" \/>\n<link rel=\"canonical\" href=\"https:\/\/www.movistar.es\/blog\/movistar-plus\/renueva-tu-fondo-de-armario-con-living-apps\/\" \/>\n<meta property=\"og:locale\" content=\"es_ES\" \/>\n<meta property=\"og:type\" content=\"article\" \/>\n<meta property=\"og:title\" content=\"C\u00f3mo renovar tu fondo de armario este oto\u00f1o e invierno con la Living App de Adolfo Dom\u00ednguez\" \/>\n<meta property=\"og:description\" content=\"Descubre las tendencias para este oto\u00f1o e invierno que te trae la Living App de Adolfo Dom\u00ednguez en Movistar Plus+ \u00a1No te las pierdas!\" \/>\n<meta property=\"og:url\" content=\"https:\/\/www.movistar.es\/blog\/movistar-plus\/renueva-tu-fondo-de-armario-con-living-apps\/\" \/>\n<meta property=\"og:site_name\" content=\"Movistar blog\" \/>\n<meta property=\"article:author\" content=\"telefonica\" \/>\n<meta property=\"article:published_time\" content=\"2023-10-16T09:39:14+00:00\" \/>\n<meta property=\"article:modified_time\" content=\"2023-10-16T09:39:15+00:00\" \/>\n<meta property=\"og:image\" content=\"https:\/\/www.movistar.es\/blog\/wp-content\/uploads\/sites\/3\/2023\/10\/MovistarBlog-LivingApp-AdolfoDominguez-cabecera.jpg\" \/>\n\t<meta property=\"og:image:width\" content=\"1040\" \/>\n\t<meta property=\"og:image:height\" content=\"400\" \/>\n\t<meta property=\"og:image:type\" content=\"image\/jpeg\" \/>\n<meta name=\"author\" content=\"Equipo Digital Home de Telef\u00f3nica\" \/>\n<meta name=\"twitter:card\" content=\"summary_large_image\" \/>\n<meta name=\"twitter:creator\" content=\"@telefonica\" \/>\n<meta name=\"twitter:label1\" content=\"Written by\" \/>\n\t<meta name=\"twitter:data1\" content=\"Equipo Digital Home de Telef\u00f3nica\" \/>\n\t<meta name=\"twitter:label2\" content=\"Est. reading time\" \/>\n\t<meta name=\"twitter:data2\" content=\"5 minutos\" \/>\n<script type=\"application\/ld+json\" class=\"yoast-schema-graph\">{\"@context\":\"https:\/\/schema.org\",\"@graph\":[{\"@type\":\"Article\",\"@id\":\"https:\/\/www.movistar.es\/blog\/movistar-plus\/renueva-tu-fondo-de-armario-con-living-apps\/#article\",\"isPartOf\":{\"@id\":\"https:\/\/www.movistar.es\/blog\/movistar-plus\/renueva-tu-fondo-de-armario-con-living-apps\/\"},\"author\":{\"name\":\"Equipo Digital Home de Telef\u00f3nica\",\"@id\":\"https:\/\/www.movistar.es\/blog\/#\/schema\/person\/017db1b90e8802ac5dfd3618d922a394\"},\"headline\":\"C\u00f3mo renovar tu fondo de armario este oto\u00f1o e invierno con la Living App de Adolfo Dom\u00ednguez\",\"datePublished\":\"2023-10-16T09:39:14+00:00\",\"dateModified\":\"2023-10-16T09:39:15+00:00\",\"mainEntityOfPage\":{\"@id\":\"https:\/\/www.movistar.es\/blog\/movistar-plus\/renueva-tu-fondo-de-armario-con-living-apps\/\"},\"wordCount\":979,\"publisher\":{\"@id\":\"https:\/\/www.movistar.es\/blog\/#organization\"},\"image\":{\"@id\":\"https:\/\/www.movistar.es\/blog\/movistar-plus\/renueva-tu-fondo-de-armario-con-living-apps\/#primaryimage\"},\"thumbnailUrl\":\"https:\/\/www.movistar.es\/blog\/wp-content\/uploads\/sites\/3\/2023\/10\/MovistarBlog-LivingApp-AdolfoDominguez-cabecera.jpg\",\"keywords\":[\"destacado\",\"Movistar\"],\"inLanguage\":\"es\"},{\"@type\":\"WebPage\",\"@id\":\"https:\/\/www.movistar.es\/blog\/movistar-plus\/renueva-tu-fondo-de-armario-con-living-apps\/\",\"url\":\"https:\/\/www.movistar.es\/blog\/movistar-plus\/renueva-tu-fondo-de-armario-con-living-apps\/\",\"name\":\"C\u00f3mo renovar tu fondo de armario este oto\u00f1o e invierno\",\"isPartOf\":{\"@id\":\"https:\/\/www.movistar.es\/blog\/#website\"},\"primaryImageOfPage\":{\"@id\":\"https:\/\/www.movistar.es\/blog\/movistar-plus\/renueva-tu-fondo-de-armario-con-living-apps\/#primaryimage\"},\"image\":{\"@id\":\"https:\/\/www.movistar.es\/blog\/movistar-plus\/renueva-tu-fondo-de-armario-con-living-apps\/#primaryimage\"},\"thumbnailUrl\":\"https:\/\/www.movistar.es\/blog\/wp-content\/uploads\/sites\/3\/2023\/10\/MovistarBlog-LivingApp-AdolfoDominguez-cabecera.jpg\",\"datePublished\":\"2023-10-16T09:39:14+00:00\",\"dateModified\":\"2023-10-16T09:39:15+00:00\",\"description\":\"Descubre las tendencias para este oto\u00f1o e invierno que te trae la Living App de Adolfo Dom\u00ednguez en Movistar Plus+ \u00a1No te las pierdas!\",\"breadcrumb\":{\"@id\":\"https:\/\/www.movistar.es\/blog\/movistar-plus\/renueva-tu-fondo-de-armario-con-living-apps\/#breadcrumb\"},\"inLanguage\":\"es\",\"potentialAction\":[{\"@type\":\"ReadAction\",\"target\":[\"https:\/\/www.movistar.es\/blog\/movistar-plus\/renueva-tu-fondo-de-armario-con-living-apps\/\"]}]},{\"@type\":\"ImageObject\",\"inLanguage\":\"es\",\"@id\":\"https:\/\/www.movistar.es\/blog\/movistar-plus\/renueva-tu-fondo-de-armario-con-living-apps\/#primaryimage\",\"url\":\"https:\/\/www.movistar.es\/blog\/wp-content\/uploads\/sites\/3\/2023\/10\/MovistarBlog-LivingApp-AdolfoDominguez-cabecera.jpg\",\"contentUrl\":\"https:\/\/www.movistar.es\/blog\/wp-content\/uploads\/sites\/3\/2023\/10\/MovistarBlog-LivingApp-AdolfoDominguez-cabecera.jpg\",\"width\":1040,\"height\":400,\"caption\":\"Televisor en el sal\u00f3n con la Living App de Adolfo Dom\u00ednguez\"},{\"@type\":\"BreadcrumbList\",\"@id\":\"https:\/\/www.movistar.es\/blog\/movistar-plus\/renueva-tu-fondo-de-armario-con-living-apps\/#breadcrumb\",\"itemListElement\":[{\"@type\":\"ListItem\",\"position\":1,\"name\":\"Home\",\"item\":\"https:\/\/www.movistar.es\/blog\/\"},{\"@type\":\"ListItem\",\"position\":2,\"name\":\"C\u00f3mo renovar tu fondo de armario este oto\u00f1o e invierno con la Living App de Adolfo Dom\u00ednguez\"}]},{\"@type\":\"WebSite\",\"@id\":\"https:\/\/www.movistar.es\/blog\/#website\",\"url\":\"https:\/\/www.movistar.es\/blog\/\",\"name\":\"Movistar blog\",\"description\":\"Movistar Blog. Informaci\u00f3n y m\u00e1s sobre los productos y servicios de Movistar\",\"publisher\":{\"@id\":\"https:\/\/www.movistar.es\/blog\/#organization\"},\"potentialAction\":[{\"@type\":\"SearchAction\",\"target\":{\"@type\":\"EntryPoint\",\"urlTemplate\":\"https:\/\/www.movistar.es\/blog\/?s={search_term_string}\"},\"query-input\":{\"@type\":\"PropertyValueSpecification\",\"valueRequired\":true,\"valueName\":\"search_term_string\"}}],\"inLanguage\":\"es\"},{\"@type\":\"Organization\",\"@id\":\"https:\/\/www.movistar.es\/blog\/#organization\",\"name\":\"Movistar blog\",\"url\":\"https:\/\/www.movistar.es\/blog\/\",\"logo\":{\"@type\":\"ImageObject\",\"inLanguage\":\"es\",\"@id\":\"https:\/\/www.movistar.es\/blog\/#\/schema\/logo\/image\/\",\"url\":\"https:\/\/www.movistar.es\/blog\/wp-content\/uploads\/sites\/3\/2022\/05\/logo_movistar-1.svg\",\"contentUrl\":\"https:\/\/www.movistar.es\/blog\/wp-content\/uploads\/sites\/3\/2022\/05\/logo_movistar-1.svg\",\"width\":369,\"height\":272,\"caption\":\"Movistar blog\"},\"image\":{\"@id\":\"https:\/\/www.movistar.es\/blog\/#\/schema\/logo\/image\/\"}},{\"@type\":\"Person\",\"@id\":\"https:\/\/www.movistar.es\/blog\/#\/schema\/person\/017db1b90e8802ac5dfd3618d922a394\",\"name\":\"Equipo Digital Home de Telef\u00f3nica\",\"image\":{\"@type\":\"ImageObject\",\"inLanguage\":\"es\",\"@id\":\"https:\/\/www.movistar.es\/blog\/#\/schema\/person\/image\/e6431db462646a778ad8d8ec435ad57e\",\"url\":\"https:\/\/secure.gravatar.com\/avatar\/bd5d081bad86885415e3c00f9694e72a561b53c12628d54d9a8b054807e947a7\",\"contentUrl\":\"https:\/\/secure.gravatar.com\/avatar\/bd5d081bad86885415e3c00f9694e72a561b53c12628d54d9a8b054807e947a7\",\"caption\":\"Equipo Digital Home de Telef\u00f3nica\"},\"description\":\"En el equipo de Hogar Digital de Telef\u00f3nica somos expertos en conectividad, tecnolog\u00eda e innovaci\u00f3n. Dise\u00f1amos productos y dispositivos inteligentes pensados para el hogar. En este blog te contamos las caracter\u00edsticas y como sacar partido a tu hogar conectado. Desde un asistente de voz (AURA) hasta living apps para disfrutar en Movistar Plus+.\",\"sameAs\":[\"https:\/\/www.telefonica.com\/es\/\",\"telefonica\",\"https:\/\/www.instagram.com\/telefonica\",\"https:\/\/www.linkedin.com\/company\/telefonica\",\"https:\/\/x.com\/telefonica\",\"https:\/\/www.youtube.com\/channel\/UC7LZo_P6m0W7SDDA8h3CLvg\",\"https:\/\/es.wikipedia.org\/wiki\/Telefnica\"],\"knowsAbout\":[\"innovaci\u00f3n\",\"tecnolog\u00eda\",\"hogar digital\",\"hogar inteligente\"],\"worksFor\":\"Telef\u00f3nica\",\"url\":\"https:\/\/www.movistar.es\/blog\/author\/digitalhome\/\"}]}<\/script>\n<!-- \/ Yoast SEO Premium plugin. -->","yoast_head_json":{"title":"C\u00f3mo renovar tu fondo de armario este oto\u00f1o e invierno","description":"Descubre las tendencias para este oto\u00f1o e invierno que te trae la Living App de Adolfo Dom\u00ednguez en Movistar Plus+ \u00a1No te las pierdas!","robots":{"index":"index","follow":"follow","max-snippet":"max-snippet:-1","max-image-preview":"max-image-preview:large","max-video-preview":"max-video-preview:-1"},"canonical":"https:\/\/www.movistar.es\/blog\/movistar-plus\/renueva-tu-fondo-de-armario-con-living-apps\/","og_locale":"es_ES","og_type":"article","og_title":"C\u00f3mo renovar tu fondo de armario este oto\u00f1o e invierno con la Living App de Adolfo Dom\u00ednguez","og_description":"Descubre las tendencias para este oto\u00f1o e invierno que te trae la Living App de Adolfo Dom\u00ednguez en Movistar Plus+ \u00a1No te las pierdas!","og_url":"https:\/\/www.movistar.es\/blog\/movistar-plus\/renueva-tu-fondo-de-armario-con-living-apps\/","og_site_name":"Movistar blog","article_author":"telefonica","article_published_time":"2023-10-16T09:39:14+00:00","article_modified_time":"2023-10-16T09:39:15+00:00","og_image":[{"width":1040,"height":400,"url":"https:\/\/www.movistar.es\/blog\/wp-content\/uploads\/sites\/3\/2023\/10\/MovistarBlog-LivingApp-AdolfoDominguez-cabecera.jpg","type":"image\/jpeg"}],"author":"Equipo Digital Home de Telef\u00f3nica","twitter_card":"summary_large_image","twitter_creator":"@telefonica","twitter_misc":{"Written by":"Equipo Digital Home de Telef\u00f3nica","Est. reading time":"5 minutos"},"schema":{"@context":"https:\/\/schema.org","@graph":[{"@type":"Article","@id":"https:\/\/www.movistar.es\/blog\/movistar-plus\/renueva-tu-fondo-de-armario-con-living-apps\/#article","isPartOf":{"@id":"https:\/\/www.movistar.es\/blog\/movistar-plus\/renueva-tu-fondo-de-armario-con-living-apps\/"},"author":{"name":"Equipo Digital Home de Telef\u00f3nica","@id":"https:\/\/www.movistar.es\/blog\/#\/schema\/person\/017db1b90e8802ac5dfd3618d922a394"},"headline":"C\u00f3mo renovar tu fondo de armario este oto\u00f1o e invierno con la Living App de Adolfo Dom\u00ednguez","datePublished":"2023-10-16T09:39:14+00:00","dateModified":"2023-10-16T09:39:15+00:00","mainEntityOfPage":{"@id":"https:\/\/www.movistar.es\/blog\/movistar-plus\/renueva-tu-fondo-de-armario-con-living-apps\/"},"wordCount":979,"publisher":{"@id":"https:\/\/www.movistar.es\/blog\/#organization"},"image":{"@id":"https:\/\/www.movistar.es\/blog\/movistar-plus\/renueva-tu-fondo-de-armario-con-living-apps\/#primaryimage"},"thumbnailUrl":"https:\/\/www.movistar.es\/blog\/wp-content\/uploads\/sites\/3\/2023\/10\/MovistarBlog-LivingApp-AdolfoDominguez-cabecera.jpg","keywords":["destacado","Movistar"],"inLanguage":"es"},{"@type":"WebPage","@id":"https:\/\/www.movistar.es\/blog\/movistar-plus\/renueva-tu-fondo-de-armario-con-living-apps\/","url":"https:\/\/www.movistar.es\/blog\/movistar-plus\/renueva-tu-fondo-de-armario-con-living-apps\/","name":"C\u00f3mo renovar tu fondo de armario este oto\u00f1o e invierno","isPartOf":{"@id":"https:\/\/www.movistar.es\/blog\/#website"},"primaryImageOfPage":{"@id":"https:\/\/www.movistar.es\/blog\/movistar-plus\/renueva-tu-fondo-de-armario-con-living-apps\/#primaryimage"},"image":{"@id":"https:\/\/www.movistar.es\/blog\/movistar-plus\/renueva-tu-fondo-de-armario-con-living-apps\/#primaryimage"},"thumbnailUrl":"https:\/\/www.movistar.es\/blog\/wp-content\/uploads\/sites\/3\/2023\/10\/MovistarBlog-LivingApp-AdolfoDominguez-cabecera.jpg","datePublished":"2023-10-16T09:39:14+00:00","dateModified":"2023-10-16T09:39:15+00:00","description":"Descubre las tendencias para este oto\u00f1o e invierno que te trae la Living App de Adolfo Dom\u00ednguez en Movistar Plus+ \u00a1No te las pierdas!","breadcrumb":{"@id":"https:\/\/www.movistar.es\/blog\/movistar-plus\/renueva-tu-fondo-de-armario-con-living-apps\/#breadcrumb"},"inLanguage":"es","potentialAction":[{"@type":"ReadAction","target":["https:\/\/www.movistar.es\/blog\/movistar-plus\/renueva-tu-fondo-de-armario-con-living-apps\/"]}]},{"@type":"ImageObject","inLanguage":"es","@id":"https:\/\/www.movistar.es\/blog\/movistar-plus\/renueva-tu-fondo-de-armario-con-living-apps\/#primaryimage","url":"https:\/\/www.movistar.es\/blog\/wp-content\/uploads\/sites\/3\/2023\/10\/MovistarBlog-LivingApp-AdolfoDominguez-cabecera.jpg","contentUrl":"https:\/\/www.movistar.es\/blog\/wp-content\/uploads\/sites\/3\/2023\/10\/MovistarBlog-LivingApp-AdolfoDominguez-cabecera.jpg","width":1040,"height":400,"caption":"Televisor en el sal\u00f3n con la Living App de Adolfo Dom\u00ednguez"},{"@type":"BreadcrumbList","@id":"https:\/\/www.movistar.es\/blog\/movistar-plus\/renueva-tu-fondo-de-armario-con-living-apps\/#breadcrumb","itemListElement":[{"@type":"ListItem","position":1,"name":"Home","item":"https:\/\/www.movistar.es\/blog\/"},{"@type":"ListItem","position":2,"name":"C\u00f3mo renovar tu fondo de armario este oto\u00f1o e invierno con la Living App de Adolfo Dom\u00ednguez"}]},{"@type":"WebSite","@id":"https:\/\/www.movistar.es\/blog\/#website","url":"https:\/\/www.movistar.es\/blog\/","name":"Movistar blog","description":"Movistar Blog. Informaci\u00f3n y m\u00e1s sobre los productos y servicios de Movistar","publisher":{"@id":"https:\/\/www.movistar.es\/blog\/#organization"},"potentialAction":[{"@type":"SearchAction","target":{"@type":"EntryPoint","urlTemplate":"https:\/\/www.movistar.es\/blog\/?s={search_term_string}"},"query-input":{"@type":"PropertyValueSpecification","valueRequired":true,"valueName":"search_term_string"}}],"inLanguage":"es"},{"@type":"Organization","@id":"https:\/\/www.movistar.es\/blog\/#organization","name":"Movistar blog","url":"https:\/\/www.movistar.es\/blog\/","logo":{"@type":"ImageObject","inLanguage":"es","@id":"https:\/\/www.movistar.es\/blog\/#\/schema\/logo\/image\/","url":"https:\/\/www.movistar.es\/blog\/wp-content\/uploads\/sites\/3\/2022\/05\/logo_movistar-1.svg","contentUrl":"https:\/\/www.movistar.es\/blog\/wp-content\/uploads\/sites\/3\/2022\/05\/logo_movistar-1.svg","width":369,"height":272,"caption":"Movistar blog"},"image":{"@id":"https:\/\/www.movistar.es\/blog\/#\/schema\/logo\/image\/"}},{"@type":"Person","@id":"https:\/\/www.movistar.es\/blog\/#\/schema\/person\/017db1b90e8802ac5dfd3618d922a394","name":"Equipo Digital Home de Telef\u00f3nica","image":{"@type":"ImageObject","inLanguage":"es","@id":"https:\/\/www.movistar.es\/blog\/#\/schema\/person\/image\/e6431db462646a778ad8d8ec435ad57e","url":"https:\/\/secure.gravatar.com\/avatar\/bd5d081bad86885415e3c00f9694e72a561b53c12628d54d9a8b054807e947a7","contentUrl":"https:\/\/secure.gravatar.com\/avatar\/bd5d081bad86885415e3c00f9694e72a561b53c12628d54d9a8b054807e947a7","caption":"Equipo Digital Home de Telef\u00f3nica"},"description":"En el equipo de Hogar Digital de Telef\u00f3nica somos expertos en conectividad, tecnolog\u00eda e innovaci\u00f3n. Dise\u00f1amos productos y dispositivos inteligentes pensados para el hogar. En este blog te contamos las caracter\u00edsticas y como sacar partido a tu hogar conectado. Desde un asistente de voz (AURA) hasta living apps para disfrutar en Movistar Plus+.","sameAs":["https:\/\/www.telefonica.com\/es\/","telefonica","https:\/\/www.instagram.com\/telefonica","https:\/\/www.linkedin.com\/company\/telefonica","https:\/\/x.com\/telefonica","https:\/\/www.youtube.com\/channel\/UC7LZo_P6m0W7SDDA8h3CLvg","https:\/\/es.wikipedia.org\/wiki\/Telefnica"],"knowsAbout":["innovaci\u00f3n","tecnolog\u00eda","hogar digital","hogar inteligente"],"worksFor":"Telef\u00f3nica","url":"https:\/\/www.movistar.es\/blog\/author\/digitalhome\/"}]}},"jetpack_featured_media_url":"https:\/\/www.movistar.es\/blog\/wp-content\/uploads\/sites\/3\/2023\/10\/MovistarBlog-LivingApp-AdolfoDominguez-cabecera.jpg","jetpack_sharing_enabled":true,"_links":{"self":[{"href":"https:\/\/www.movistar.es\/blog\/wp-json\/wp\/v2\/posts\/18155","targetHints":{"allow":["GET"]}}],"collection":[{"href":"https:\/\/www.movistar.es\/blog\/wp-json\/wp\/v2\/posts"}],"about":[{"href":"https:\/\/www.movistar.es\/blog\/wp-json\/wp\/v2\/types\/post"}],"author":[{"embeddable":true,"href":"https:\/\/www.movistar.es\/blog\/wp-json\/wp\/v2\/users\/141"}],"replies":[{"embeddable":true,"href":"https:\/\/www.movistar.es\/blog\/wp-json\/wp\/v2\/comments?post=18155"}],"version-history":[{"count":1,"href":"https:\/\/www.movistar.es\/blog\/wp-json\/wp\/v2\/posts\/18155\/revisions"}],"predecessor-version":[{"id":18159,"href":"https:\/\/www.movistar.es\/blog\/wp-json\/wp\/v2\/posts\/18155\/revisions\/18159"}],"wp:featuredmedia":[{"embeddable":true,"href":"https:\/\/www.movistar.es\/blog\/wp-json\/wp\/v2\/media\/18158"}],"wp:attachment":[{"href":"https:\/\/www.movistar.es\/blog\/wp-json\/wp\/v2\/media?parent=18155"}],"wp:term":[{"taxonomy":"category","embeddable":true,"href":"https:\/\/www.movistar.es\/blog\/wp-json\/wp\/v2\/categories?post=18155"},{"taxonomy":"post_tag","embeddable":true,"href":"https:\/\/www.movistar.es\/blog\/wp-json\/wp\/v2\/tags?post=18155"},{"taxonomy":"area","embeddable":true,"href":"https:\/\/www.movistar.es\/blog\/wp-json\/wp\/v2\/area?post=18155"},{"taxonomy":"cluster","embeddable":true,"href":"https:\/\/www.movistar.es\/blog\/wp-json\/wp\/v2\/cluster?post=18155"},{"taxonomy":"linea_editorial","embeddable":true,"href":"https:\/\/www.movistar.es\/blog\/wp-json\/wp\/v2\/linea_editorial?post=18155"},{"taxonomy":"author","embeddable":true,"href":"https:\/\/www.movistar.es\/blog\/wp-json\/wp\/v2\/coauthors?post=18155"}],"curies":[{"name":"wp","href":"https:\/\/api.w.org\/{rel}","templated":true}]}}