{"id":17940,"date":"2024-03-27T11:10:11","date_gmt":"2024-03-27T10:10:11","guid":{"rendered":"https:\/\/www.movistar.es\/blog\/?p=17940"},"modified":"2024-03-27T15:09:46","modified_gmt":"2024-03-27T14:09:46","slug":"cambio-hora","status":"publish","type":"post","link":"https:\/\/www.movistar.es\/blog\/home\/cambio-hora\/","title":{"rendered":"Cu\u00e1ndo es el cambio de hora de marzo 2024"},"content":{"rendered":"\n<p>La&nbsp;madrugada del<strong>&nbsp;s\u00e1bado 30 al domingo 31 de marzo<\/strong>,<strong>&nbsp;se realizar\u00e1 el cambio de hora de verano, es decir, cuando sean las&nbsp;02:00 el reloj&nbsp;se&nbsp;adelantar\u00e1&nbsp;una hora hasta las 03:00<\/strong>. Una horita menos de sue\u00f1o para descansar el domingo, pero todo tiene su parte positiva, ya que anochecer\u00e1 m\u00e1s tarde todav\u00eda y los d\u00edas parecer\u00e1n m\u00e1s largos.<\/p>\n\n\n\n<figure class=\"wp-block-image size-large\"><img loading=\"lazy\" decoding=\"async\" height=\"538\" width=\"1024\" src=\"https:\/\/www.movistar.es\/blog\/wp-content\/uploads\/sites\/3\/2024\/03\/cambio-de-hora-marzo-2024.jpg?w=1024\" alt=\"cambio hora marzo\" class=\"wp-image-24969\" srcset=\"https:\/\/www.movistar.es\/blog\/wp-content\/uploads\/sites\/3\/2024\/03\/cambio-de-hora-marzo-2024.jpg 1040w, https:\/\/www.movistar.es\/blog\/wp-content\/uploads\/sites\/3\/2024\/03\/cambio-de-hora-marzo-2024.jpg?resize=300,158 300w, https:\/\/www.movistar.es\/blog\/wp-content\/uploads\/sites\/3\/2024\/03\/cambio-de-hora-marzo-2024.jpg?resize=768,403 768w, https:\/\/www.movistar.es\/blog\/wp-content\/uploads\/sites\/3\/2024\/03\/cambio-de-hora-marzo-2024.jpg?resize=1024,538 1024w\" sizes=\"auto, (max-width: 1024px) 100vw, 1024px\" \/><\/figure>\n\n\n\n<p>Pasamos al horario de verano,&nbsp;una medida introducida en algunos pa\u00edses en el a\u00f1o 1974 coincidiendo con la gran crisis mundial del petr\u00f3leo.&nbsp;Los pa\u00edses europeos siguen realizando estos cambios de hora, dos veces al a\u00f1o, en oto\u00f1o y en primavera, con el fin de ahorrar energ\u00eda, un cambio que&nbsp;se rige por la Directiva 2000\/84\/CE, que establece que todos los estados que pertenecen a la Uni\u00f3n Europea deban aplicar el<strong>&nbsp;horario de verano<\/strong>&nbsp;en el \u00faltimo domingo de marzo y volver al de invierno el \u00faltimo domingo de octubre.&nbsp;<\/p>\n\n\n\n<h2 class=\"wp-block-heading\" class=\"wp-block-heading\" id=\"pero-cuanto-tiempo-mas-vamos-a-estar-con-el-cambio-de-hora\"><strong>Pero \u00bfCu\u00e1nto tiempo m\u00e1s vamos a estar con el cambio de hora?<\/strong><\/h2>\n\n\n\n<p>Hace a\u00f1os, que se viene debatiendo si realmente ese&nbsp;<strong>ahorro energ\u00e9tico<\/strong>&nbsp;por el cual se justifica el cambio de horario es real o no y, sobre todo, c\u00f3mo afecta a las personas y a sus biorritmos, teniendo en cuenta que el horario actual que tiene Espa\u00f1a no es el que le corresponde estando situada en el mismo meridiano de Greenwich que el Reino Unido.<\/p>\n\n\n\n<p>Tras una encuesta popular realizada hace unos a\u00f1os en los pa\u00edses de la UE, donde el 80% de los participantes votaron a favor de dejar de cambiar la hora cada 6 meses, el&nbsp;<strong>Parlamento Europeo<\/strong>&nbsp;decidi\u00f3 que a&nbsp;<strong>partir de&nbsp;2021<\/strong>&nbsp;no habr\u00eda m\u00e1s cambios de hora en la Uni\u00f3n Europea, pero estamos en 2024 y estos cambios se siguen haciendo.<\/p>\n\n\n\n<p>El motivo de que no haya avanzado la propuesta es el siguiente debate que se generaba \u00bfcon qu\u00e9 horario quedarse?, los pa\u00edses miembros de la UE dispon\u00edan de dos a\u00f1os para decidir con qu\u00e9 huso horario se quer\u00edan quedar, de forma que el \u00faltimo cambio se deb\u00eda aplicar en&nbsp;<strong>marzo de 2021 en el caso de elegir el horario de verano<\/strong>, o en&nbsp;<strong>octubre de 2021 si se optaba por&nbsp;el&nbsp;de invierno<\/strong>.<\/p>\n\n\n\n<p>Espa\u00f1a, hasta cre\u00f3 una&nbsp;<strong>Comisi\u00f3n de expertos<\/strong>&nbsp;para el estudio del cambio de hora, que abord\u00f3 entre otras cuestiones, la conveniencia de mantener a nuestro pa\u00eds con el mismo horario de Europa Central.&nbsp;Pero, a la vista est\u00e1, que no se ha llegado a un consenso y para cumplir con el&nbsp;<strong><a href=\"https:\/\/www.boe.es\/boe\/dias\/2002\/03\/02\/pdfs\/A08617-08619.pdf\" target=\"_blank\" rel=\"noreferrer noopener\">Art\u00edculo 5 del Real Decreto 236\/2002<\/a><\/strong>, el cual especifica que cada cinco a\u00f1os se tiene que publicar un calendario concreto con las fechas de cambio de horario de invierno y verano, en Espa\u00f1a, desde 2022, est\u00e1n publicados en el BOE los cambios de hora hasta 2026.<\/p>\n\n\n\n<h3 class=\"wp-block-heading\" id=\"h-proximos-cambios-de-hora\">Pr\u00f3ximos cambios de hora<\/h3>\n\n\n\n<p>Todos los cambios de hora se realizan la madrugada del s\u00e1bado al domingo. Estas son las fechas de los pr\u00f3ximos a\u00f1os:<\/p>\n\n\n\n<h4 class=\"wp-block-heading\" class=\"wp-block-heading\" id=\"cambios-horario-de-verano\"><strong>Cambios horario de verano<\/strong><\/h4>\n\n\n\n<ul class=\"wp-block-list\"><li>31 de marzo de 2024<\/li><li>30 de marzo de 2025<\/li><li>29 de marzo de 2026<\/li><\/ul>\n\n\n\n<h4 class=\"wp-block-heading\" class=\"wp-block-heading\" id=\"cambios-horario-de-invierno\"><strong>Cambios horario de invierno<\/strong><\/h4>\n\n\n\n<ul class=\"wp-block-list\" id=\"block-7168e42d-8354-4a7b-ae6a-079293128d85\"><li>27 de octubre de 2024<\/li><li>26 de octubre de 2025<\/li><li>25 de octubre de 2026<\/li><\/ul>\n\n\n\n<h2 class=\"wp-block-heading\" class=\"wp-block-heading\" id=\"cual-seria-el-escenario-en-funcion-del-horario-que-se-adoptase\"><strong>\u00bfCu\u00e1l ser\u00eda el escenario en funci\u00f3n del horario que se adoptase?<\/strong><strong><\/strong><\/h2>\n\n\n\n<p>Si alg\u00fan d\u00eda este tema se llega a llevar a acabo, los escenarios que nos podremos encontrar ser\u00e1n los siguientes<\/p>\n\n\n\n<h3 class=\"wp-block-heading\" class=\"wp-block-heading\" id=\"horario-de-invierno\">Horario de invierno:<\/h3>\n\n\n\n<p>En invierno, ser\u00eda igual que ahora. Amanecer\u00eda entre las 8:00 y las 8:30 de la ma\u00f1ana y anochecer\u00eda entre las 17:30 y las 18:00 de la tarde seg\u00fan en que parte de la pen\u00ednsula nos encontr\u00e1ramos. Este horario es aproximado en el centro del pa\u00eds.<\/p>\n\n\n\n<p>En verano es donde notar\u00edamos el cambio, puesto que de marzo a octubre amanecer\u00eda entre las 5:30 y las 6:00 de la ma\u00f1ana y anochecer\u00eda entre las 20:30 y las 21:30 de la tarde.<\/p>\n\n\n\n<h3 class=\"wp-block-heading\" class=\"wp-block-heading\" id=\"horario-de-verano\">Horario de verano:<\/h3>\n\n\n\n<p>En este caso, de marzo a octubre no habr\u00eda cambios, amanecer\u00eda entre las 6:30 y las 7:00 de la ma\u00f1ana y anochecer\u00eda entre las 21:30 y las 22:00 de la noche.<\/p>\n\n\n\n<p>En invierno es donde se producir\u00eda el cambio, porque de octubre a marzo amanecer\u00eda entre las 9:00 y las 9:30 de la ma\u00f1ana y anochecer\u00eda entre las 18:30 y las 19:00 de la tarde.<\/p>\n\n\n\n<h3 class=\"wp-block-heading\" class=\"wp-block-heading\" id=\"y-tu-que-horario-prefieres\"><strong>Y t\u00fa \u00bfQu\u00e9 horario prefieres?<\/strong><strong><\/strong><\/h3>\n\n\n\n<p>Mientras seguimos con este debate abierto, te preguntar\u00e1s,&nbsp;\u00bfC\u00f3mo afecta este cambio de hora a los dispositivos? \u00bfCambian todos autom\u00e1ticamente? \u00bfY a las grabaciones? Te damos respuesta a estas preguntas.<\/p>\n\n\n\n<h2 class=\"wp-block-heading\" class=\"wp-block-heading\" id=\"hay-que-hacer-algo-en-los-moviles-tablets-u-ordenadores\"><strong>\u00bfHay que hacer algo en los m\u00f3viles, tablets u ordenadores?&nbsp;<\/strong><strong><\/strong><\/h2>\n\n\n\n<figure class=\"wp-block-image aligncenter size-large\"><img loading=\"lazy\" decoding=\"async\" width=\"664\" height=\"578\" src=\"https:\/\/www.movistar.es\/blog\/wp-content\/uploads\/sites\/3\/2023\/10\/Ajuste-Hora-Android.jpg?w=664\" alt=\"\" class=\"wp-image-17947\" srcset=\"https:\/\/www.movistar.es\/blog\/wp-content\/uploads\/sites\/3\/2023\/10\/Ajuste-Hora-Android.jpg 664w, https:\/\/www.movistar.es\/blog\/wp-content\/uploads\/sites\/3\/2023\/10\/Ajuste-Hora-Android.jpg?resize=300,261 300w\" sizes=\"auto, (max-width: 664px) 100vw, 664px\" \/><\/figure>\n\n\n\n<p>En los&nbsp;<strong>tel\u00e9fonos m\u00f3viles<\/strong>, el cambio horario viene activado por defecto y se realiza de forma autom\u00e1tica. En todo caso, si vas a usar el&nbsp;m\u00f3vil como alarma para despertarte el domingo por alguna raz\u00f3n, conviene que revises que dicha&nbsp;opci\u00f3n est\u00e1 activada y evites sorpresas. Para&nbsp;ello en los smartphones Android tienes que acceder a&nbsp;<strong>Ajustes &gt; Fecha y hora &gt; Zona horaria autom\u00e1tica.&nbsp;<\/strong><\/p>\n\n\n\n<p>De esta forma el m\u00f3vil realizar\u00e1 el cambio v\u00eda GSM gracias a la informaci\u00f3n proporcionada por la red telef\u00f3nica sincronizada con la estaci\u00f3n central.&nbsp;<\/p>\n\n\n\n<p>En el caso de que tengas un iPhone\/iPad (iOS)&nbsp;habr\u00e1 que activar, en&nbsp;<strong>Ajustes &gt; General &gt; Fecha y hora,&nbsp;<\/strong>la opci\u00f3n de&nbsp;<strong>\u00abAjustar fecha y hora autom\u00e1ticamente\u00bb<\/strong><\/p>\n\n\n\n<h2 class=\"wp-block-heading\" class=\"wp-block-heading\" id=\"por-que-algunos-dispositivos-electronicos-no-actualizan-la-hora\"><strong>\u00bfPor qu\u00e9 algunos dispositivos&nbsp;electr\u00f3nicos no actualizan la hora?&nbsp;<\/strong><strong><\/strong><\/h2>\n\n\n\n<p>Se&nbsp;debe a un&nbsp;protocolo de red llamado Network Time Protocol, NTP, que sincroniza los relojes de sistemas inform\u00e1ticos a trav\u00e9s de una red de datos con latencia (suma de retardos temporales) variable.&nbsp;Por lo general, el operador m\u00f3vil tiene la hora configurada de manera autom\u00e1tica por la v\u00eda GSM, que es el sistema global para las comunicaciones m\u00f3viles. No obstante, todos los dispositivos, independientemente de sus sistemas&nbsp;operativos, tambi\u00e9n permiten la posibilidad de cambiar la hora de modo manual. Basta con acceder a &#8216;Ajustes&#8217; y a continuaci\u00f3n entrar en &#8216;Fecha y hora&#8217; para mantener la zona horaria autom\u00e1tica o bien desactivar esta opci\u00f3n.<\/p>\n\n\n\n<h2 class=\"wp-block-heading\" class=\"wp-block-heading\" id=\"como-afecta-el-cambio-de-hora-a-la-guia-y-grabaciones-de-movistar-plus\"><strong>\u00bfC\u00f3mo afecta el cambio de hora a la Gu\u00eda y grabaciones de Movistar Plus+?\u00a0<\/strong><\/h2>\n\n\n\n<p>Si tienes programada alguna grabaci\u00f3n en la madrugada del domingo,&nbsp;<strong>no te preocupes<\/strong>&nbsp;por el cambio de hora ya que&nbsp;<strong>dicho cambio est\u00e1 automatizado<\/strong>&nbsp;en la&nbsp;gu\u00eda de programaci\u00f3n y por tanto tus grabaciones no se&nbsp;ver\u00e1n afectadas.&nbsp;Este cambio de hora se hace de madrugada coincidiendo con el cambio de hora real (tambi\u00e9n la hora del desco se actualiza autom\u00e1ticamente).&nbsp;<\/p>\n","protected":false},"excerpt":{"rendered":"<p>La&nbsp;madrugada del&nbsp;s\u00e1bado 30 al domingo 31 de marzo,&nbsp;se realizar\u00e1 el cambio de hora de verano, es decir, cuando sean las&nbsp;02:00 el reloj&nbsp;se&nbsp;adelantar\u00e1&nbsp;una hora hasta las 03:00. Una horita menos de sue\u00f1o para descansar el domingo, [&hellip;]<\/p>\n","protected":false},"author":80,"featured_media":24974,"comment_status":"closed","ping_status":"closed","sticky":false,"template":"","format":"standard","meta":{"site-sidebar-layout":"default","site-content-layout":"","ast-site-content-layout":"","site-content-style":"default","site-sidebar-style":"default","ast-global-header-display":"","ast-banner-title-visibility":"","ast-main-header-display":"","ast-hfb-above-header-display":"","ast-hfb-below-header-display":"","ast-hfb-mobile-header-display":"","site-post-title":"","ast-breadcrumbs-content":"","ast-featured-img":"","footer-sml-layout":"","theme-transparent-header-meta":"","adv-header-id-meta":"","stick-header-meta":"","header-above-stick-meta":"","header-main-stick-meta":"","header-below-stick-meta":"","astra-migrate-meta-layouts":"default","ast-page-background-enabled":"default","ast-page-background-meta":{"desktop":{"background-color":"var(--ast-global-color-4)","background-image":"","background-repeat":"repeat","background-position":"center center","background-size":"auto","background-attachment":"scroll","background-type":"","background-media":"","overlay-type":"","overlay-color":"","overlay-opacity":"","overlay-gradient":""},"tablet":{"background-color":"","background-image":"","background-repeat":"repeat","background-position":"center center","background-size":"auto","background-attachment":"scroll","background-type":"","background-media":"","overlay-type":"","overlay-color":"","overlay-opacity":"","overlay-gradient":""},"mobile":{"background-color":"","background-image":"","background-repeat":"repeat","background-position":"center center","background-size":"auto","background-attachment":"scroll","background-type":"","background-media":"","overlay-type":"","overlay-color":"","overlay-opacity":"","overlay-gradient":""}},"ast-content-background-meta":{"desktop":{"background-color":"var(--ast-global-color-5)","background-image":"","background-repeat":"repeat","background-position":"center center","background-size":"auto","background-attachment":"scroll","background-type":"","background-media":"","overlay-type":"","overlay-color":"","overlay-opacity":"","overlay-gradient":""},"tablet":{"background-color":"var(--ast-global-color-5)","background-image":"","background-repeat":"repeat","background-position":"center center","background-size":"auto","background-attachment":"scroll","background-type":"","background-media":"","overlay-type":"","overlay-color":"","overlay-opacity":"","overlay-gradient":""},"mobile":{"background-color":"var(--ast-global-color-5)","background-image":"","background-repeat":"repeat","background-position":"center center","background-size":"auto","background-attachment":"scroll","background-type":"","background-media":"","overlay-type":"","overlay-color":"","overlay-opacity":"","overlay-gradient":""}},"_jetpack_memberships_contains_paid_content":false,"footnotes":""},"categories":[1],"tags":[],"area":[190],"cluster":[8],"linea_editorial":[],"coauthors":[379],"class_list":["post-17940","post","type-post","status-publish","format-standard","has-post-thumbnail","hentry","category-sin-categoria","area-content-movistar","cluster-home"],"yoast_head":"<!-- This site is optimized with the Yoast SEO Premium plugin v25.5 (Yoast SEO v25.5) - https:\/\/yoast.com\/wordpress\/plugins\/seo\/ -->\n<title>Cu\u00e1ndo es el cambio de hora de marzo 2024<\/title>\n<meta name=\"description\" content=\"\u00bfCu\u00e1ndo es el cambio de hora de marzo? \u00bfCu\u00e1ndo es cambio de hora de invierno? son las preguntas t\u00edpicas que nos hacemos dos veces al a\u00f1o.\" \/>\n<meta name=\"robots\" content=\"index, follow, max-snippet:-1, max-image-preview:large, max-video-preview:-1\" \/>\n<link rel=\"canonical\" href=\"https:\/\/www.movistar.es\/blog\/home\/cambio-hora\/\" \/>\n<meta property=\"og:locale\" content=\"es_ES\" \/>\n<meta property=\"og:type\" content=\"article\" \/>\n<meta property=\"og:title\" content=\"Cu\u00e1ndo es el cambio de hora de marzo 2024\" \/>\n<meta property=\"og:description\" content=\"\u00bfCu\u00e1ndo es el cambio de hora de marzo? \u00bfCu\u00e1ndo es cambio de hora de invierno? son las preguntas t\u00edpicas que nos hacemos dos veces al a\u00f1o.\" \/>\n<meta property=\"og:url\" content=\"https:\/\/www.movistar.es\/blog\/home\/cambio-hora\/\" \/>\n<meta property=\"og:site_name\" content=\"Movistar blog\" \/>\n<meta property=\"article:published_time\" content=\"2024-03-27T10:10:11+00:00\" \/>\n<meta property=\"article:modified_time\" content=\"2024-03-27T14:09:46+00:00\" \/>\n<meta property=\"og:image\" content=\"https:\/\/www.movistar.es\/blog\/wp-content\/uploads\/sites\/3\/2023\/10\/cambio-hora-mazo-2024.jpg\" \/>\n\t<meta property=\"og:image:width\" content=\"1040\" \/>\n\t<meta property=\"og:image:height\" content=\"650\" \/>\n\t<meta property=\"og:image:type\" content=\"image\/jpeg\" \/>\n<meta name=\"author\" content=\"Sonia Babani\" \/>\n<meta name=\"twitter:card\" content=\"summary_large_image\" \/>\n<meta name=\"twitter:label1\" content=\"Written by\" \/>\n\t<meta name=\"twitter:data1\" content=\"Sonia Babani\" \/>\n\t<meta name=\"twitter:label2\" content=\"Est. reading time\" \/>\n\t<meta name=\"twitter:data2\" content=\"6 minutos\" \/>\n<script type=\"application\/ld+json\" class=\"yoast-schema-graph\">{\"@context\":\"https:\/\/schema.org\",\"@graph\":[{\"@type\":\"Article\",\"@id\":\"https:\/\/www.movistar.es\/blog\/home\/cambio-hora\/#article\",\"isPartOf\":{\"@id\":\"https:\/\/www.movistar.es\/blog\/home\/cambio-hora\/\"},\"author\":{\"name\":\"Sonia Babani\",\"@id\":\"https:\/\/www.movistar.es\/blog\/#\/schema\/person\/6794601d749d2208ce9955c8c67352e3\"},\"headline\":\"Cu\u00e1ndo es el cambio de hora de marzo 2024\",\"datePublished\":\"2024-03-27T10:10:11+00:00\",\"dateModified\":\"2024-03-27T14:09:46+00:00\",\"mainEntityOfPage\":{\"@id\":\"https:\/\/www.movistar.es\/blog\/home\/cambio-hora\/\"},\"wordCount\":1178,\"publisher\":{\"@id\":\"https:\/\/www.movistar.es\/blog\/#organization\"},\"image\":{\"@id\":\"https:\/\/www.movistar.es\/blog\/home\/cambio-hora\/#primaryimage\"},\"thumbnailUrl\":\"https:\/\/www.movistar.es\/blog\/wp-content\/uploads\/sites\/3\/2023\/10\/cambio-hora-mazo-2024.jpg\",\"inLanguage\":\"es\"},{\"@type\":\"WebPage\",\"@id\":\"https:\/\/www.movistar.es\/blog\/home\/cambio-hora\/\",\"url\":\"https:\/\/www.movistar.es\/blog\/home\/cambio-hora\/\",\"name\":\"Cu\u00e1ndo es el cambio de hora de marzo 2024\",\"isPartOf\":{\"@id\":\"https:\/\/www.movistar.es\/blog\/#website\"},\"primaryImageOfPage\":{\"@id\":\"https:\/\/www.movistar.es\/blog\/home\/cambio-hora\/#primaryimage\"},\"image\":{\"@id\":\"https:\/\/www.movistar.es\/blog\/home\/cambio-hora\/#primaryimage\"},\"thumbnailUrl\":\"https:\/\/www.movistar.es\/blog\/wp-content\/uploads\/sites\/3\/2023\/10\/cambio-hora-mazo-2024.jpg\",\"datePublished\":\"2024-03-27T10:10:11+00:00\",\"dateModified\":\"2024-03-27T14:09:46+00:00\",\"description\":\"\u00bfCu\u00e1ndo es el cambio de hora de marzo? \u00bfCu\u00e1ndo es cambio de hora de invierno? son las preguntas t\u00edpicas que nos hacemos dos veces al a\u00f1o.\",\"breadcrumb\":{\"@id\":\"https:\/\/www.movistar.es\/blog\/home\/cambio-hora\/#breadcrumb\"},\"inLanguage\":\"es\",\"potentialAction\":[{\"@type\":\"ReadAction\",\"target\":[\"https:\/\/www.movistar.es\/blog\/home\/cambio-hora\/\"]}]},{\"@type\":\"ImageObject\",\"inLanguage\":\"es\",\"@id\":\"https:\/\/www.movistar.es\/blog\/home\/cambio-hora\/#primaryimage\",\"url\":\"https:\/\/www.movistar.es\/blog\/wp-content\/uploads\/sites\/3\/2023\/10\/cambio-hora-mazo-2024.jpg\",\"contentUrl\":\"https:\/\/www.movistar.es\/blog\/wp-content\/uploads\/sites\/3\/2023\/10\/cambio-hora-mazo-2024.jpg\",\"width\":1040,\"height\":650},{\"@type\":\"BreadcrumbList\",\"@id\":\"https:\/\/www.movistar.es\/blog\/home\/cambio-hora\/#breadcrumb\",\"itemListElement\":[{\"@type\":\"ListItem\",\"position\":1,\"name\":\"Home\",\"item\":\"https:\/\/www.movistar.es\/blog\/\"},{\"@type\":\"ListItem\",\"position\":2,\"name\":\"Cu\u00e1ndo es el cambio de hora de marzo 2024\"}]},{\"@type\":\"WebSite\",\"@id\":\"https:\/\/www.movistar.es\/blog\/#website\",\"url\":\"https:\/\/www.movistar.es\/blog\/\",\"name\":\"Movistar blog\",\"description\":\"Movistar Blog. Informaci\u00f3n y m\u00e1s sobre los productos y servicios de Movistar\",\"publisher\":{\"@id\":\"https:\/\/www.movistar.es\/blog\/#organization\"},\"potentialAction\":[{\"@type\":\"SearchAction\",\"target\":{\"@type\":\"EntryPoint\",\"urlTemplate\":\"https:\/\/www.movistar.es\/blog\/?s={search_term_string}\"},\"query-input\":{\"@type\":\"PropertyValueSpecification\",\"valueRequired\":true,\"valueName\":\"search_term_string\"}}],\"inLanguage\":\"es\"},{\"@type\":\"Organization\",\"@id\":\"https:\/\/www.movistar.es\/blog\/#organization\",\"name\":\"Movistar blog\",\"url\":\"https:\/\/www.movistar.es\/blog\/\",\"logo\":{\"@type\":\"ImageObject\",\"inLanguage\":\"es\",\"@id\":\"https:\/\/www.movistar.es\/blog\/#\/schema\/logo\/image\/\",\"url\":\"https:\/\/www.movistar.es\/blog\/wp-content\/uploads\/sites\/3\/2022\/05\/logo_movistar-1.svg\",\"contentUrl\":\"https:\/\/www.movistar.es\/blog\/wp-content\/uploads\/sites\/3\/2022\/05\/logo_movistar-1.svg\",\"width\":369,\"height\":272,\"caption\":\"Movistar blog\"},\"image\":{\"@id\":\"https:\/\/www.movistar.es\/blog\/#\/schema\/logo\/image\/\"}},{\"@type\":\"Person\",\"@id\":\"https:\/\/www.movistar.es\/blog\/#\/schema\/person\/6794601d749d2208ce9955c8c67352e3\",\"name\":\"Sonia Babani\",\"image\":{\"@type\":\"ImageObject\",\"inLanguage\":\"es\",\"@id\":\"https:\/\/www.movistar.es\/blog\/#\/schema\/person\/image\/7ef6f03cbfff01826d287105a7cc0d82\",\"url\":\"https:\/\/secure.gravatar.com\/avatar\/56613be75a9300510ae019a60f1b5bac692690e6fc5d41e1972198561304a225\",\"contentUrl\":\"https:\/\/secure.gravatar.com\/avatar\/56613be75a9300510ae019a60f1b5bac692690e6fc5d41e1972198561304a225\",\"caption\":\"Sonia Babani\"},\"url\":\"https:\/\/www.movistar.es\/blog\/author\/soniababani\/\"}]}<\/script>\n<!-- \/ Yoast SEO Premium plugin. -->","yoast_head_json":{"title":"Cu\u00e1ndo es el cambio de hora de marzo 2024","description":"\u00bfCu\u00e1ndo es el cambio de hora de marzo? \u00bfCu\u00e1ndo es cambio de hora de invierno? son las preguntas t\u00edpicas que nos hacemos dos veces al a\u00f1o.","robots":{"index":"index","follow":"follow","max-snippet":"max-snippet:-1","max-image-preview":"max-image-preview:large","max-video-preview":"max-video-preview:-1"},"canonical":"https:\/\/www.movistar.es\/blog\/home\/cambio-hora\/","og_locale":"es_ES","og_type":"article","og_title":"Cu\u00e1ndo es el cambio de hora de marzo 2024","og_description":"\u00bfCu\u00e1ndo es el cambio de hora de marzo? \u00bfCu\u00e1ndo es cambio de hora de invierno? son las preguntas t\u00edpicas que nos hacemos dos veces al a\u00f1o.","og_url":"https:\/\/www.movistar.es\/blog\/home\/cambio-hora\/","og_site_name":"Movistar blog","article_published_time":"2024-03-27T10:10:11+00:00","article_modified_time":"2024-03-27T14:09:46+00:00","og_image":[{"width":1040,"height":650,"url":"https:\/\/www.movistar.es\/blog\/wp-content\/uploads\/sites\/3\/2023\/10\/cambio-hora-mazo-2024.jpg","type":"image\/jpeg"}],"author":"Sonia Babani","twitter_card":"summary_large_image","twitter_misc":{"Written by":"Sonia Babani","Est. reading time":"6 minutos"},"schema":{"@context":"https:\/\/schema.org","@graph":[{"@type":"Article","@id":"https:\/\/www.movistar.es\/blog\/home\/cambio-hora\/#article","isPartOf":{"@id":"https:\/\/www.movistar.es\/blog\/home\/cambio-hora\/"},"author":{"name":"Sonia Babani","@id":"https:\/\/www.movistar.es\/blog\/#\/schema\/person\/6794601d749d2208ce9955c8c67352e3"},"headline":"Cu\u00e1ndo es el cambio de hora de marzo 2024","datePublished":"2024-03-27T10:10:11+00:00","dateModified":"2024-03-27T14:09:46+00:00","mainEntityOfPage":{"@id":"https:\/\/www.movistar.es\/blog\/home\/cambio-hora\/"},"wordCount":1178,"publisher":{"@id":"https:\/\/www.movistar.es\/blog\/#organization"},"image":{"@id":"https:\/\/www.movistar.es\/blog\/home\/cambio-hora\/#primaryimage"},"thumbnailUrl":"https:\/\/www.movistar.es\/blog\/wp-content\/uploads\/sites\/3\/2023\/10\/cambio-hora-mazo-2024.jpg","inLanguage":"es"},{"@type":"WebPage","@id":"https:\/\/www.movistar.es\/blog\/home\/cambio-hora\/","url":"https:\/\/www.movistar.es\/blog\/home\/cambio-hora\/","name":"Cu\u00e1ndo es el cambio de hora de marzo 2024","isPartOf":{"@id":"https:\/\/www.movistar.es\/blog\/#website"},"primaryImageOfPage":{"@id":"https:\/\/www.movistar.es\/blog\/home\/cambio-hora\/#primaryimage"},"image":{"@id":"https:\/\/www.movistar.es\/blog\/home\/cambio-hora\/#primaryimage"},"thumbnailUrl":"https:\/\/www.movistar.es\/blog\/wp-content\/uploads\/sites\/3\/2023\/10\/cambio-hora-mazo-2024.jpg","datePublished":"2024-03-27T10:10:11+00:00","dateModified":"2024-03-27T14:09:46+00:00","description":"\u00bfCu\u00e1ndo es el cambio de hora de marzo? \u00bfCu\u00e1ndo es cambio de hora de invierno? son las preguntas t\u00edpicas que nos hacemos dos veces al a\u00f1o.","breadcrumb":{"@id":"https:\/\/www.movistar.es\/blog\/home\/cambio-hora\/#breadcrumb"},"inLanguage":"es","potentialAction":[{"@type":"ReadAction","target":["https:\/\/www.movistar.es\/blog\/home\/cambio-hora\/"]}]},{"@type":"ImageObject","inLanguage":"es","@id":"https:\/\/www.movistar.es\/blog\/home\/cambio-hora\/#primaryimage","url":"https:\/\/www.movistar.es\/blog\/wp-content\/uploads\/sites\/3\/2023\/10\/cambio-hora-mazo-2024.jpg","contentUrl":"https:\/\/www.movistar.es\/blog\/wp-content\/uploads\/sites\/3\/2023\/10\/cambio-hora-mazo-2024.jpg","width":1040,"height":650},{"@type":"BreadcrumbList","@id":"https:\/\/www.movistar.es\/blog\/home\/cambio-hora\/#breadcrumb","itemListElement":[{"@type":"ListItem","position":1,"name":"Home","item":"https:\/\/www.movistar.es\/blog\/"},{"@type":"ListItem","position":2,"name":"Cu\u00e1ndo es el cambio de hora de marzo 2024"}]},{"@type":"WebSite","@id":"https:\/\/www.movistar.es\/blog\/#website","url":"https:\/\/www.movistar.es\/blog\/","name":"Movistar blog","description":"Movistar Blog. Informaci\u00f3n y m\u00e1s sobre los productos y servicios de Movistar","publisher":{"@id":"https:\/\/www.movistar.es\/blog\/#organization"},"potentialAction":[{"@type":"SearchAction","target":{"@type":"EntryPoint","urlTemplate":"https:\/\/www.movistar.es\/blog\/?s={search_term_string}"},"query-input":{"@type":"PropertyValueSpecification","valueRequired":true,"valueName":"search_term_string"}}],"inLanguage":"es"},{"@type":"Organization","@id":"https:\/\/www.movistar.es\/blog\/#organization","name":"Movistar blog","url":"https:\/\/www.movistar.es\/blog\/","logo":{"@type":"ImageObject","inLanguage":"es","@id":"https:\/\/www.movistar.es\/blog\/#\/schema\/logo\/image\/","url":"https:\/\/www.movistar.es\/blog\/wp-content\/uploads\/sites\/3\/2022\/05\/logo_movistar-1.svg","contentUrl":"https:\/\/www.movistar.es\/blog\/wp-content\/uploads\/sites\/3\/2022\/05\/logo_movistar-1.svg","width":369,"height":272,"caption":"Movistar blog"},"image":{"@id":"https:\/\/www.movistar.es\/blog\/#\/schema\/logo\/image\/"}},{"@type":"Person","@id":"https:\/\/www.movistar.es\/blog\/#\/schema\/person\/6794601d749d2208ce9955c8c67352e3","name":"Sonia Babani","image":{"@type":"ImageObject","inLanguage":"es","@id":"https:\/\/www.movistar.es\/blog\/#\/schema\/person\/image\/7ef6f03cbfff01826d287105a7cc0d82","url":"https:\/\/secure.gravatar.com\/avatar\/56613be75a9300510ae019a60f1b5bac692690e6fc5d41e1972198561304a225","contentUrl":"https:\/\/secure.gravatar.com\/avatar\/56613be75a9300510ae019a60f1b5bac692690e6fc5d41e1972198561304a225","caption":"Sonia Babani"},"url":"https:\/\/www.movistar.es\/blog\/author\/soniababani\/"}]}},"jetpack_featured_media_url":"https:\/\/www.movistar.es\/blog\/wp-content\/uploads\/sites\/3\/2023\/10\/cambio-hora-mazo-2024.jpg","jetpack_sharing_enabled":true,"_links":{"self":[{"href":"https:\/\/www.movistar.es\/blog\/wp-json\/wp\/v2\/posts\/17940","targetHints":{"allow":["GET"]}}],"collection":[{"href":"https:\/\/www.movistar.es\/blog\/wp-json\/wp\/v2\/posts"}],"about":[{"href":"https:\/\/www.movistar.es\/blog\/wp-json\/wp\/v2\/types\/post"}],"author":[{"embeddable":true,"href":"https:\/\/www.movistar.es\/blog\/wp-json\/wp\/v2\/users\/80"}],"replies":[{"embeddable":true,"href":"https:\/\/www.movistar.es\/blog\/wp-json\/wp\/v2\/comments?post=17940"}],"version-history":[{"count":8,"href":"https:\/\/www.movistar.es\/blog\/wp-json\/wp\/v2\/posts\/17940\/revisions"}],"predecessor-version":[{"id":24981,"href":"https:\/\/www.movistar.es\/blog\/wp-json\/wp\/v2\/posts\/17940\/revisions\/24981"}],"wp:featuredmedia":[{"embeddable":true,"href":"https:\/\/www.movistar.es\/blog\/wp-json\/wp\/v2\/media\/24974"}],"wp:attachment":[{"href":"https:\/\/www.movistar.es\/blog\/wp-json\/wp\/v2\/media?parent=17940"}],"wp:term":[{"taxonomy":"category","embeddable":true,"href":"https:\/\/www.movistar.es\/blog\/wp-json\/wp\/v2\/categories?post=17940"},{"taxonomy":"post_tag","embeddable":true,"href":"https:\/\/www.movistar.es\/blog\/wp-json\/wp\/v2\/tags?post=17940"},{"taxonomy":"area","embeddable":true,"href":"https:\/\/www.movistar.es\/blog\/wp-json\/wp\/v2\/area?post=17940"},{"taxonomy":"cluster","embeddable":true,"href":"https:\/\/www.movistar.es\/blog\/wp-json\/wp\/v2\/cluster?post=17940"},{"taxonomy":"linea_editorial","embeddable":true,"href":"https:\/\/www.movistar.es\/blog\/wp-json\/wp\/v2\/linea_editorial?post=17940"},{"taxonomy":"author","embeddable":true,"href":"https:\/\/www.movistar.es\/blog\/wp-json\/wp\/v2\/coauthors?post=17940"}],"curies":[{"name":"wp","href":"https:\/\/api.w.org\/{rel}","templated":true}]}}