{"id":17817,"date":"2023-10-04T08:39:32","date_gmt":"2023-10-04T06:39:32","guid":{"rendered":"https:\/\/www.movistar.es\/blog\/?p=17817"},"modified":"2023-10-04T08:39:33","modified_gmt":"2023-10-04T06:39:33","slug":"betis-europa-league","status":"publish","type":"post","link":"https:\/\/www.movistar.es\/blog\/movistar-plus\/betis-europa-league\/","title":{"rendered":"\u00bfCu\u00e1ndo juega el Betis en la UEFA Europa League?"},"content":{"rendered":"\n<p>El <strong>Real Betis Balompi\u00e9<\/strong> es uno de los equipos espa\u00f1oles que juegan durante la <strong>temporada 2023\/24<\/strong> la <a href=\"https:\/\/www.movistar.es\/blog\/movistar-plus\/calendario-europa-league-2023-2024-fechas-partidos-equipos\/\" target=\"_blank\" rel=\"noreferrer noopener\"><strong>UEFA Europa League<\/strong><\/a>, la segunda gran competici\u00f3n del f\u00fatbol europeo. Su <strong>sexto puesto en LALIGA EASPORTS<\/strong> la pasada temporada le permiti\u00f3 su clasificaci\u00f3n para este torneo.<\/p>\n\n\n\n<p>No es la primera vez que el equipo sevillano juega este torneo. De hecho, es la <strong>tercera vez consecutiva<\/strong> que lo hace y tambi\u00e9n la disput\u00f3 en la 2013\/14 y en la 2018\/19. Antes de eso, el Betis jug\u00f3 la predecesora de la UEFA Europa League, la Copa UEFA, hasta en seis ocasiones distintas.<\/p>\n\n\n\n<p>Todas estas participaciones est\u00e1n convirtiendo al Betis en un cl\u00e1sico de la Europea League. Y esta temporada buscar\u00e1 superar su mejor resultado: los <strong>octavos de final <\/strong>que han alcanzado en tres de sus cuatro participaciones con la actual denominaci\u00f3n.<\/p>\n\n\n\n<h2 class=\"wp-block-heading\" id=\"h-el-grupo-del-betis-en-la-uefa-europa-league\">El grupo del Betis en la UEFA Europa League<\/h2>\n\n\n\n<p>Como sexto clasificado de LALIGA la pasada temporada, el Betis part\u00eda directamente clasificado para la <strong>fase de grupos<\/strong>, evitando as\u00ed las rondas previas de la Europa League. Sus recientes actuaciones europeas le hicieron estar en el bombo 2, quedando encuadrado con el <strong>Rangers de Glasgow<\/strong> escoc\u00e9s, el <strong>Sparta Paga<\/strong> checo y el <strong>Aris Limassol<\/strong> chipriota.<\/p>\n\n\n\n<figure class=\"wp-block-image size-large\"><img loading=\"lazy\" decoding=\"async\" height=\"576\" width=\"1024\" src=\"https:\/\/www.movistar.es\/blog\/wp-content\/uploads\/sites\/3\/2023\/10\/uefa_europa_league_2023_24_group_stage_draw.jpg?w=1024\" alt=\"El Betis est\u00e1 en el grupo C de la Europa League\" class=\"wp-image-17823\" srcset=\"https:\/\/www.movistar.es\/blog\/wp-content\/uploads\/sites\/3\/2023\/10\/uefa_europa_league_2023_24_group_stage_draw.jpg 2048w, https:\/\/www.movistar.es\/blog\/wp-content\/uploads\/sites\/3\/2023\/10\/uefa_europa_league_2023_24_group_stage_draw.jpg?resize=300,169 300w, https:\/\/www.movistar.es\/blog\/wp-content\/uploads\/sites\/3\/2023\/10\/uefa_europa_league_2023_24_group_stage_draw.jpg?resize=768,432 768w, https:\/\/www.movistar.es\/blog\/wp-content\/uploads\/sites\/3\/2023\/10\/uefa_europa_league_2023_24_group_stage_draw.jpg?resize=1024,576 1024w, https:\/\/www.movistar.es\/blog\/wp-content\/uploads\/sites\/3\/2023\/10\/uefa_europa_league_2023_24_group_stage_draw.jpg?resize=1536,864 1536w\" sizes=\"auto, (max-width: 1024px) 100vw, 1024px\" \/><\/figure>\n\n\n\n<p>En el primer partido del grupo tuvo que viajar hasta <strong>Glasgow <\/strong>para jugar en casa del cabeza de serie. Fue un partido muy igualado, en el que el solitario gol de Sima en el minuto 67 supuso la victoria para el Rangers.<\/p>\n\n\n\n<p>El Betis se encuentra actualmente empatado en la \u00faltima posici\u00f3n del <strong>grupo C <\/strong>de la UEFA Europa League con el Aris Limassol, aunque todav\u00eda queda por delante pr\u00e1cticamente toda la fase de grupos y el resto de enfrentamientos deber\u00edan ser m\u00e1s sencillos.<\/p>\n\n\n\n<h2 class=\"wp-block-heading\" class=\"wp-block-heading\" id=\"el-proximo-partido-del-betis\">El pr\u00f3ximo partido del Betis<\/h2>\n\n\n\n<p>El Betis continuar\u00e1 su aventura en el grupo C de la Europa League este <strong>jueves, 5 de octubre<\/strong>, contra su otro gran rival: el <strong>Sparta Praga<\/strong>. Espa\u00f1oles y checos se ver\u00e1n las caras en el <strong>Estadio Benito Villamar\u00edn de <\/strong>Sevilla, donde el Betis tendr\u00e1 que sumar un buen resultado para afrontar con mayor tranquilidad lo que resta de fase de grupos.<\/p>\n\n\n\n<p>El partido se jugar\u00e1 en el primero de los dos turnos de la tarde, a las <strong>18:45<\/strong>. Si quieres ver el duelo entre Betis y el Sparta Praga podr\u00e1s hacerlo a trav\u00e9s de <strong>Liga de Campeones por M+, en el <a href=\"https:\/\/www.movistar.es\/blog\/movistar-plus\/como-ver-futbol-movistar-plus\/\">dial 60<\/a> <\/strong>de tu descodificador.<\/p>\n\n\n\n<h2 class=\"wp-block-heading\" class=\"wp-block-heading\" id=\"asi-sera-el-resto-de-la-uefa-europa-league-para-el-betis\">As\u00ed ser\u00e1 el resto de la UEFA Europa League para el Betis<\/h2>\n\n\n\n<p>Pase lo que pase en Sevilla el jueves 5 de octubre, la trayectoria del Betis en Europa League no concluir\u00e1 ah\u00ed, ya que todav\u00eda le restan <strong>otros cuatro partidos<\/strong> por delante en los que todo puede pasar. Los b\u00e9ticos aspiran a, al menos, avanzar a la siguiente fase, aunque un <strong>primer puesto<\/strong> ser\u00eda importante para evitar los dieciseisavos. El Rangers ser\u00e1 su gran rival para ello.<\/p>\n\n\n\n<figure class=\"wp-block-image size-large\"><img loading=\"lazy\" decoding=\"async\" height=\"667\" width=\"1024\" src=\"https:\/\/www.movistar.es\/blog\/wp-content\/uploads\/sites\/3\/2023\/10\/rangers_fc_v_real_betis_group_c_-_uefa_europa_league_2023_24.jpg?w=1024\" alt=\"El Rangers se impuso al Betis y ser\u00e1 su gran rival por el primer puesto.\" class=\"wp-image-17825\" srcset=\"https:\/\/www.movistar.es\/blog\/wp-content\/uploads\/sites\/3\/2023\/10\/rangers_fc_v_real_betis_group_c_-_uefa_europa_league_2023_24.jpg 2048w, https:\/\/www.movistar.es\/blog\/wp-content\/uploads\/sites\/3\/2023\/10\/rangers_fc_v_real_betis_group_c_-_uefa_europa_league_2023_24.jpg?resize=300,195 300w, https:\/\/www.movistar.es\/blog\/wp-content\/uploads\/sites\/3\/2023\/10\/rangers_fc_v_real_betis_group_c_-_uefa_europa_league_2023_24.jpg?resize=768,500 768w, https:\/\/www.movistar.es\/blog\/wp-content\/uploads\/sites\/3\/2023\/10\/rangers_fc_v_real_betis_group_c_-_uefa_europa_league_2023_24.jpg?resize=1024,667 1024w, https:\/\/www.movistar.es\/blog\/wp-content\/uploads\/sites\/3\/2023\/10\/rangers_fc_v_real_betis_group_c_-_uefa_europa_league_2023_24.jpg?resize=1536,1000 1536w\" sizes=\"auto, (max-width: 1024px) 100vw, 1024px\" \/><\/figure>\n\n\n\n<p>Su siguiente partido, que ser\u00e1 el <strong>jueves 26 de octubre<\/strong> y tambi\u00e9n a las 18:45, deber\u00eda ser el m\u00e1s asequible de todos, ya que se ver\u00e1 las caras contra el <strong>Aris Limassol<\/strong>. Los chipriotas son la <strong>cenicienta del grupo<\/strong> y a priori uno de los equipos m\u00e1s d\u00e9biles de la Europa League, pero el Sparta Praga sufri\u00f3 para ganar en Limassol y el Betis no puede confiarse.<\/p>\n\n\n\n<p>Puedes ver <strong><a href=\"https:\/\/www.movistarplus.es\/europa-league\/calendario-europa-league\" target=\"_blank\" rel=\"noreferrer noopener\">toda la UEFA Europa League<\/a><\/strong> de la mano de Movistar Plus+. Si quieres ver toda la competici\u00f3n puedes contratar el <strong>paquete Champions y Europa League<\/strong> por 21\u20ac al mes o el <strong>paquete con <a href=\"https:\/\/www.movistar.es\/blog\/movistar-plus\/cuanto-cuesta-ver-el-futbol\/\">todo el f\u00fatbol<\/a><\/strong>. Pero tambi\u00e9n tenemos para ti otro producto muy interesante, ya que por <strong>14\u20ac al mes<\/strong> \u201411\u20ac si eres cliente Movistar\u2014 puedes disfrutar de <a href=\"https:\/\/www.movistar.es\/particulares\/tv\/movistar-plus\"><strong>Movistar Plus+<\/strong>,<\/a> donde adem\u00e1s de la mejor ficci\u00f3n tendr\u00e1s cada jornada un partido de LALIGA EA SPORTS, dos de LALIGA HYPERMOTION y otro de la Champions League. &nbsp;<\/p>\n","protected":false},"excerpt":{"rendered":"<p>El Real Betis Balompi\u00e9 es uno de los equipos espa\u00f1oles que juegan durante la temporada 2023\/24 la UEFA Europa League, la segunda gran competici\u00f3n del f\u00fatbol europeo. Su sexto puesto en LALIGA EASPORTS la pasada [&hellip;]<\/p>\n","protected":false},"author":81,"featured_media":17830,"comment_status":"closed","ping_status":"closed","sticky":false,"template":"","format":"standard","meta":{"site-sidebar-layout":"default","site-content-layout":"","ast-site-content-layout":"","site-content-style":"default","site-sidebar-style":"default","ast-global-header-display":"","ast-banner-title-visibility":"","ast-main-header-display":"","ast-hfb-above-header-display":"","ast-hfb-below-header-display":"","ast-hfb-mobile-header-display":"","site-post-title":"","ast-breadcrumbs-content":"","ast-featured-img":"","footer-sml-layout":"","theme-transparent-header-meta":"","adv-header-id-meta":"","stick-header-meta":"","header-above-stick-meta":"","header-main-stick-meta":"","header-below-stick-meta":"","astra-migrate-meta-layouts":"default","ast-page-background-enabled":"default","ast-page-background-meta":{"desktop":{"background-color":"var(--ast-global-color-4)","background-image":"","background-repeat":"repeat","background-position":"center center","background-size":"auto","background-attachment":"scroll","background-type":"","background-media":"","overlay-type":"","overlay-color":"","overlay-opacity":"","overlay-gradient":""},"tablet":{"background-color":"","background-image":"","background-repeat":"repeat","background-position":"center center","background-size":"auto","background-attachment":"scroll","background-type":"","background-media":"","overlay-type":"","overlay-color":"","overlay-opacity":"","overlay-gradient":""},"mobile":{"background-color":"","background-image":"","background-repeat":"repeat","background-position":"center center","background-size":"auto","background-attachment":"scroll","background-type":"","background-media":"","overlay-type":"","overlay-color":"","overlay-opacity":"","overlay-gradient":""}},"ast-content-background-meta":{"desktop":{"background-color":"var(--ast-global-color-5)","background-image":"","background-repeat":"repeat","background-position":"center center","background-size":"auto","background-attachment":"scroll","background-type":"","background-media":"","overlay-type":"","overlay-color":"","overlay-opacity":"","overlay-gradient":""},"tablet":{"background-color":"var(--ast-global-color-5)","background-image":"","background-repeat":"repeat","background-position":"center center","background-size":"auto","background-attachment":"scroll","background-type":"","background-media":"","overlay-type":"","overlay-color":"","overlay-opacity":"","overlay-gradient":""},"mobile":{"background-color":"var(--ast-global-color-5)","background-image":"","background-repeat":"repeat","background-position":"center center","background-size":"auto","background-attachment":"scroll","background-type":"","background-media":"","overlay-type":"","overlay-color":"","overlay-opacity":"","overlay-gradient":""}},"_jetpack_memberships_contains_paid_content":false,"footnotes":""},"categories":[1],"tags":[],"area":[427],"cluster":[45],"linea_editorial":[],"coauthors":[409],"class_list":["post-17817","post","type-post","status-publish","format-standard","has-post-thumbnail","hentry","category-sin-categoria","area-gametv","cluster-movistar-plus"],"yoast_head":"<!-- This site is optimized with the Yoast SEO Premium plugin v25.5 (Yoast SEO v25.5) - https:\/\/yoast.com\/wordpress\/plugins\/seo\/ -->\n<title>\u00bfCu\u00e1ndo juega el Betis en la UEFA Europa League?<\/title>\n<meta name=\"description\" content=\"El Betis juega en la UEFA Europa League buscando mejorar sus octavos de final del a\u00f1o pasado. Descubre cu\u00e1ndo es su pr\u00f3ximo partido.\" \/>\n<meta name=\"robots\" content=\"index, follow, max-snippet:-1, max-image-preview:large, max-video-preview:-1\" \/>\n<link rel=\"canonical\" href=\"https:\/\/www.movistar.es\/blog\/movistar-plus\/betis-europa-league\/\" \/>\n<meta property=\"og:locale\" content=\"es_ES\" \/>\n<meta property=\"og:type\" content=\"article\" \/>\n<meta property=\"og:title\" content=\"\u00bfCu\u00e1ndo juega el Betis en la UEFA Europa League?\" \/>\n<meta property=\"og:description\" content=\"El Betis juega en la UEFA Europa League buscando mejorar sus octavos de final del a\u00f1o pasado. Descubre cu\u00e1ndo es su pr\u00f3ximo partido.\" \/>\n<meta property=\"og:url\" content=\"https:\/\/www.movistar.es\/blog\/movistar-plus\/betis-europa-league\/\" \/>\n<meta property=\"og:site_name\" content=\"Movistar blog\" \/>\n<meta property=\"article:published_time\" content=\"2023-10-04T06:39:32+00:00\" \/>\n<meta property=\"article:modified_time\" content=\"2023-10-04T06:39:33+00:00\" \/>\n<meta name=\"author\" content=\"\u00c1lvaro Gui\u00f1\u00f3n\" \/>\n<meta name=\"twitter:card\" content=\"summary_large_image\" \/>\n<meta name=\"twitter:image\" content=\"https:\/\/www.movistar.es\/blog\/wp-content\/uploads\/sites\/3\/2023\/10\/F7JC15BW4AAm9Q0-e1696329092994.jpeg\" \/>\n<meta name=\"twitter:label1\" content=\"Written by\" \/>\n\t<meta name=\"twitter:data1\" content=\"\u00c1lvaro Gui\u00f1\u00f3n\" \/>\n\t<meta name=\"twitter:label2\" content=\"Est. reading time\" \/>\n\t<meta name=\"twitter:data2\" content=\"4 minutos\" \/>\n<script type=\"application\/ld+json\" class=\"yoast-schema-graph\">{\"@context\":\"https:\/\/schema.org\",\"@graph\":[{\"@type\":\"Article\",\"@id\":\"https:\/\/www.movistar.es\/blog\/movistar-plus\/betis-europa-league\/#article\",\"isPartOf\":{\"@id\":\"https:\/\/www.movistar.es\/blog\/movistar-plus\/betis-europa-league\/\"},\"author\":{\"name\":\"\u00c1lvaro Gui\u00f1\u00f3n\",\"@id\":\"https:\/\/www.movistar.es\/blog\/#\/schema\/person\/c08164bba32a416ae0908ffcff27cda4\"},\"headline\":\"\u00bfCu\u00e1ndo juega el Betis en la UEFA Europa League?\",\"datePublished\":\"2023-10-04T06:39:32+00:00\",\"dateModified\":\"2023-10-04T06:39:33+00:00\",\"mainEntityOfPage\":{\"@id\":\"https:\/\/www.movistar.es\/blog\/movistar-plus\/betis-europa-league\/\"},\"wordCount\":660,\"publisher\":{\"@id\":\"https:\/\/www.movistar.es\/blog\/#organization\"},\"image\":{\"@id\":\"https:\/\/www.movistar.es\/blog\/movistar-plus\/betis-europa-league\/#primaryimage\"},\"thumbnailUrl\":\"https:\/\/www.movistar.es\/blog\/wp-content\/uploads\/sites\/3\/2023\/10\/F7JC15BW4AAm9Q0-e1696329092994.jpeg\",\"inLanguage\":\"es\"},{\"@type\":\"WebPage\",\"@id\":\"https:\/\/www.movistar.es\/blog\/movistar-plus\/betis-europa-league\/\",\"url\":\"https:\/\/www.movistar.es\/blog\/movistar-plus\/betis-europa-league\/\",\"name\":\"\u00bfCu\u00e1ndo juega el Betis en la UEFA Europa League?\",\"isPartOf\":{\"@id\":\"https:\/\/www.movistar.es\/blog\/#website\"},\"primaryImageOfPage\":{\"@id\":\"https:\/\/www.movistar.es\/blog\/movistar-plus\/betis-europa-league\/#primaryimage\"},\"image\":{\"@id\":\"https:\/\/www.movistar.es\/blog\/movistar-plus\/betis-europa-league\/#primaryimage\"},\"thumbnailUrl\":\"https:\/\/www.movistar.es\/blog\/wp-content\/uploads\/sites\/3\/2023\/10\/F7JC15BW4AAm9Q0-e1696329092994.jpeg\",\"datePublished\":\"2023-10-04T06:39:32+00:00\",\"dateModified\":\"2023-10-04T06:39:33+00:00\",\"description\":\"El Betis juega en la UEFA Europa League buscando mejorar sus octavos de final del a\u00f1o pasado. Descubre cu\u00e1ndo es su pr\u00f3ximo partido.\",\"breadcrumb\":{\"@id\":\"https:\/\/www.movistar.es\/blog\/movistar-plus\/betis-europa-league\/#breadcrumb\"},\"inLanguage\":\"es\",\"potentialAction\":[{\"@type\":\"ReadAction\",\"target\":[\"https:\/\/www.movistar.es\/blog\/movistar-plus\/betis-europa-league\/\"]}]},{\"@type\":\"ImageObject\",\"inLanguage\":\"es\",\"@id\":\"https:\/\/www.movistar.es\/blog\/movistar-plus\/betis-europa-league\/#primaryimage\",\"url\":\"https:\/\/www.movistar.es\/blog\/wp-content\/uploads\/sites\/3\/2023\/10\/F7JC15BW4AAm9Q0-e1696329092994.jpeg\",\"contentUrl\":\"https:\/\/www.movistar.es\/blog\/wp-content\/uploads\/sites\/3\/2023\/10\/F7JC15BW4AAm9Q0-e1696329092994.jpeg\",\"width\":3453,\"height\":1484,\"caption\":\"Real Betis\"},{\"@type\":\"BreadcrumbList\",\"@id\":\"https:\/\/www.movistar.es\/blog\/movistar-plus\/betis-europa-league\/#breadcrumb\",\"itemListElement\":[{\"@type\":\"ListItem\",\"position\":1,\"name\":\"Home\",\"item\":\"https:\/\/www.movistar.es\/blog\/\"},{\"@type\":\"ListItem\",\"position\":2,\"name\":\"\u00bfCu\u00e1ndo juega el Betis en la UEFA Europa League?\"}]},{\"@type\":\"WebSite\",\"@id\":\"https:\/\/www.movistar.es\/blog\/#website\",\"url\":\"https:\/\/www.movistar.es\/blog\/\",\"name\":\"Movistar blog\",\"description\":\"Movistar Blog. Informaci\u00f3n y m\u00e1s sobre los productos y servicios de Movistar\",\"publisher\":{\"@id\":\"https:\/\/www.movistar.es\/blog\/#organization\"},\"potentialAction\":[{\"@type\":\"SearchAction\",\"target\":{\"@type\":\"EntryPoint\",\"urlTemplate\":\"https:\/\/www.movistar.es\/blog\/?s={search_term_string}\"},\"query-input\":{\"@type\":\"PropertyValueSpecification\",\"valueRequired\":true,\"valueName\":\"search_term_string\"}}],\"inLanguage\":\"es\"},{\"@type\":\"Organization\",\"@id\":\"https:\/\/www.movistar.es\/blog\/#organization\",\"name\":\"Movistar blog\",\"url\":\"https:\/\/www.movistar.es\/blog\/\",\"logo\":{\"@type\":\"ImageObject\",\"inLanguage\":\"es\",\"@id\":\"https:\/\/www.movistar.es\/blog\/#\/schema\/logo\/image\/\",\"url\":\"https:\/\/www.movistar.es\/blog\/wp-content\/uploads\/sites\/3\/2022\/05\/logo_movistar-1.svg\",\"contentUrl\":\"https:\/\/www.movistar.es\/blog\/wp-content\/uploads\/sites\/3\/2022\/05\/logo_movistar-1.svg\",\"width\":369,\"height\":272,\"caption\":\"Movistar blog\"},\"image\":{\"@id\":\"https:\/\/www.movistar.es\/blog\/#\/schema\/logo\/image\/\"}},{\"@type\":\"Person\",\"@id\":\"https:\/\/www.movistar.es\/blog\/#\/schema\/person\/c08164bba32a416ae0908ffcff27cda4\",\"name\":\"\u00c1lvaro Gui\u00f1\u00f3n\",\"image\":{\"@type\":\"ImageObject\",\"inLanguage\":\"es\",\"@id\":\"https:\/\/www.movistar.es\/blog\/#\/schema\/person\/image\/51671b6030de77c3bb9885814b71de60\",\"url\":\"https:\/\/secure.gravatar.com\/avatar\/2d8b4c1902b4a46e6f14e75ce5ae7a81cb04b5a4eb83dc660f881e7cad9c07b6\",\"contentUrl\":\"https:\/\/secure.gravatar.com\/avatar\/2d8b4c1902b4a46e6f14e75ce5ae7a81cb04b5a4eb83dc660f881e7cad9c07b6\",\"caption\":\"\u00c1lvaro Gui\u00f1\u00f3n\"},\"description\":\"\u00c1lvaro Gui\u00f1\u00f3n es periodista y est\u00e1 especializado en gaming, aunque le apasionan tanto el deporte como la tecnolog\u00eda. Forma parte de la redacci\u00f3n de Movistar eSports, medio referente en el entretenimiento digital.\",\"url\":\"https:\/\/www.movistar.es\/blog\/author\/agrinon\/\"}]}<\/script>\n<!-- \/ Yoast SEO Premium plugin. -->","yoast_head_json":{"title":"\u00bfCu\u00e1ndo juega el Betis en la UEFA Europa League?","description":"El Betis juega en la UEFA Europa League buscando mejorar sus octavos de final del a\u00f1o pasado. Descubre cu\u00e1ndo es su pr\u00f3ximo partido.","robots":{"index":"index","follow":"follow","max-snippet":"max-snippet:-1","max-image-preview":"max-image-preview:large","max-video-preview":"max-video-preview:-1"},"canonical":"https:\/\/www.movistar.es\/blog\/movistar-plus\/betis-europa-league\/","og_locale":"es_ES","og_type":"article","og_title":"\u00bfCu\u00e1ndo juega el Betis en la UEFA Europa League?","og_description":"El Betis juega en la UEFA Europa League buscando mejorar sus octavos de final del a\u00f1o pasado. Descubre cu\u00e1ndo es su pr\u00f3ximo partido.","og_url":"https:\/\/www.movistar.es\/blog\/movistar-plus\/betis-europa-league\/","og_site_name":"Movistar blog","article_published_time":"2023-10-04T06:39:32+00:00","article_modified_time":"2023-10-04T06:39:33+00:00","author":"\u00c1lvaro Gui\u00f1\u00f3n","twitter_card":"summary_large_image","twitter_image":"https:\/\/www.movistar.es\/blog\/wp-content\/uploads\/sites\/3\/2023\/10\/F7JC15BW4AAm9Q0-e1696329092994.jpeg","twitter_misc":{"Written by":"\u00c1lvaro Gui\u00f1\u00f3n","Est. reading time":"4 minutos"},"schema":{"@context":"https:\/\/schema.org","@graph":[{"@type":"Article","@id":"https:\/\/www.movistar.es\/blog\/movistar-plus\/betis-europa-league\/#article","isPartOf":{"@id":"https:\/\/www.movistar.es\/blog\/movistar-plus\/betis-europa-league\/"},"author":{"name":"\u00c1lvaro Gui\u00f1\u00f3n","@id":"https:\/\/www.movistar.es\/blog\/#\/schema\/person\/c08164bba32a416ae0908ffcff27cda4"},"headline":"\u00bfCu\u00e1ndo juega el Betis en la UEFA Europa League?","datePublished":"2023-10-04T06:39:32+00:00","dateModified":"2023-10-04T06:39:33+00:00","mainEntityOfPage":{"@id":"https:\/\/www.movistar.es\/blog\/movistar-plus\/betis-europa-league\/"},"wordCount":660,"publisher":{"@id":"https:\/\/www.movistar.es\/blog\/#organization"},"image":{"@id":"https:\/\/www.movistar.es\/blog\/movistar-plus\/betis-europa-league\/#primaryimage"},"thumbnailUrl":"https:\/\/www.movistar.es\/blog\/wp-content\/uploads\/sites\/3\/2023\/10\/F7JC15BW4AAm9Q0-e1696329092994.jpeg","inLanguage":"es"},{"@type":"WebPage","@id":"https:\/\/www.movistar.es\/blog\/movistar-plus\/betis-europa-league\/","url":"https:\/\/www.movistar.es\/blog\/movistar-plus\/betis-europa-league\/","name":"\u00bfCu\u00e1ndo juega el Betis en la UEFA Europa League?","isPartOf":{"@id":"https:\/\/www.movistar.es\/blog\/#website"},"primaryImageOfPage":{"@id":"https:\/\/www.movistar.es\/blog\/movistar-plus\/betis-europa-league\/#primaryimage"},"image":{"@id":"https:\/\/www.movistar.es\/blog\/movistar-plus\/betis-europa-league\/#primaryimage"},"thumbnailUrl":"https:\/\/www.movistar.es\/blog\/wp-content\/uploads\/sites\/3\/2023\/10\/F7JC15BW4AAm9Q0-e1696329092994.jpeg","datePublished":"2023-10-04T06:39:32+00:00","dateModified":"2023-10-04T06:39:33+00:00","description":"El Betis juega en la UEFA Europa League buscando mejorar sus octavos de final del a\u00f1o pasado. Descubre cu\u00e1ndo es su pr\u00f3ximo partido.","breadcrumb":{"@id":"https:\/\/www.movistar.es\/blog\/movistar-plus\/betis-europa-league\/#breadcrumb"},"inLanguage":"es","potentialAction":[{"@type":"ReadAction","target":["https:\/\/www.movistar.es\/blog\/movistar-plus\/betis-europa-league\/"]}]},{"@type":"ImageObject","inLanguage":"es","@id":"https:\/\/www.movistar.es\/blog\/movistar-plus\/betis-europa-league\/#primaryimage","url":"https:\/\/www.movistar.es\/blog\/wp-content\/uploads\/sites\/3\/2023\/10\/F7JC15BW4AAm9Q0-e1696329092994.jpeg","contentUrl":"https:\/\/www.movistar.es\/blog\/wp-content\/uploads\/sites\/3\/2023\/10\/F7JC15BW4AAm9Q0-e1696329092994.jpeg","width":3453,"height":1484,"caption":"Real Betis"},{"@type":"BreadcrumbList","@id":"https:\/\/www.movistar.es\/blog\/movistar-plus\/betis-europa-league\/#breadcrumb","itemListElement":[{"@type":"ListItem","position":1,"name":"Home","item":"https:\/\/www.movistar.es\/blog\/"},{"@type":"ListItem","position":2,"name":"\u00bfCu\u00e1ndo juega el Betis en la UEFA Europa League?"}]},{"@type":"WebSite","@id":"https:\/\/www.movistar.es\/blog\/#website","url":"https:\/\/www.movistar.es\/blog\/","name":"Movistar blog","description":"Movistar Blog. Informaci\u00f3n y m\u00e1s sobre los productos y servicios de Movistar","publisher":{"@id":"https:\/\/www.movistar.es\/blog\/#organization"},"potentialAction":[{"@type":"SearchAction","target":{"@type":"EntryPoint","urlTemplate":"https:\/\/www.movistar.es\/blog\/?s={search_term_string}"},"query-input":{"@type":"PropertyValueSpecification","valueRequired":true,"valueName":"search_term_string"}}],"inLanguage":"es"},{"@type":"Organization","@id":"https:\/\/www.movistar.es\/blog\/#organization","name":"Movistar blog","url":"https:\/\/www.movistar.es\/blog\/","logo":{"@type":"ImageObject","inLanguage":"es","@id":"https:\/\/www.movistar.es\/blog\/#\/schema\/logo\/image\/","url":"https:\/\/www.movistar.es\/blog\/wp-content\/uploads\/sites\/3\/2022\/05\/logo_movistar-1.svg","contentUrl":"https:\/\/www.movistar.es\/blog\/wp-content\/uploads\/sites\/3\/2022\/05\/logo_movistar-1.svg","width":369,"height":272,"caption":"Movistar blog"},"image":{"@id":"https:\/\/www.movistar.es\/blog\/#\/schema\/logo\/image\/"}},{"@type":"Person","@id":"https:\/\/www.movistar.es\/blog\/#\/schema\/person\/c08164bba32a416ae0908ffcff27cda4","name":"\u00c1lvaro Gui\u00f1\u00f3n","image":{"@type":"ImageObject","inLanguage":"es","@id":"https:\/\/www.movistar.es\/blog\/#\/schema\/person\/image\/51671b6030de77c3bb9885814b71de60","url":"https:\/\/secure.gravatar.com\/avatar\/2d8b4c1902b4a46e6f14e75ce5ae7a81cb04b5a4eb83dc660f881e7cad9c07b6","contentUrl":"https:\/\/secure.gravatar.com\/avatar\/2d8b4c1902b4a46e6f14e75ce5ae7a81cb04b5a4eb83dc660f881e7cad9c07b6","caption":"\u00c1lvaro Gui\u00f1\u00f3n"},"description":"\u00c1lvaro Gui\u00f1\u00f3n es periodista y est\u00e1 especializado en gaming, aunque le apasionan tanto el deporte como la tecnolog\u00eda. Forma parte de la redacci\u00f3n de Movistar eSports, medio referente en el entretenimiento digital.","url":"https:\/\/www.movistar.es\/blog\/author\/agrinon\/"}]}},"jetpack_featured_media_url":"https:\/\/www.movistar.es\/blog\/wp-content\/uploads\/sites\/3\/2023\/10\/F7JC15BW4AAm9Q0-e1696329092994.jpeg","jetpack_sharing_enabled":true,"_links":{"self":[{"href":"https:\/\/www.movistar.es\/blog\/wp-json\/wp\/v2\/posts\/17817","targetHints":{"allow":["GET"]}}],"collection":[{"href":"https:\/\/www.movistar.es\/blog\/wp-json\/wp\/v2\/posts"}],"about":[{"href":"https:\/\/www.movistar.es\/blog\/wp-json\/wp\/v2\/types\/post"}],"author":[{"embeddable":true,"href":"https:\/\/www.movistar.es\/blog\/wp-json\/wp\/v2\/users\/81"}],"replies":[{"embeddable":true,"href":"https:\/\/www.movistar.es\/blog\/wp-json\/wp\/v2\/comments?post=17817"}],"version-history":[{"count":9,"href":"https:\/\/www.movistar.es\/blog\/wp-json\/wp\/v2\/posts\/17817\/revisions"}],"predecessor-version":[{"id":17852,"href":"https:\/\/www.movistar.es\/blog\/wp-json\/wp\/v2\/posts\/17817\/revisions\/17852"}],"wp:featuredmedia":[{"embeddable":true,"href":"https:\/\/www.movistar.es\/blog\/wp-json\/wp\/v2\/media\/17830"}],"wp:attachment":[{"href":"https:\/\/www.movistar.es\/blog\/wp-json\/wp\/v2\/media?parent=17817"}],"wp:term":[{"taxonomy":"category","embeddable":true,"href":"https:\/\/www.movistar.es\/blog\/wp-json\/wp\/v2\/categories?post=17817"},{"taxonomy":"post_tag","embeddable":true,"href":"https:\/\/www.movistar.es\/blog\/wp-json\/wp\/v2\/tags?post=17817"},{"taxonomy":"area","embeddable":true,"href":"https:\/\/www.movistar.es\/blog\/wp-json\/wp\/v2\/area?post=17817"},{"taxonomy":"cluster","embeddable":true,"href":"https:\/\/www.movistar.es\/blog\/wp-json\/wp\/v2\/cluster?post=17817"},{"taxonomy":"linea_editorial","embeddable":true,"href":"https:\/\/www.movistar.es\/blog\/wp-json\/wp\/v2\/linea_editorial?post=17817"},{"taxonomy":"author","embeddable":true,"href":"https:\/\/www.movistar.es\/blog\/wp-json\/wp\/v2\/coauthors?post=17817"}],"curies":[{"name":"wp","href":"https:\/\/api.w.org\/{rel}","templated":true}]}}