{"id":17505,"date":"2023-09-27T08:26:37","date_gmt":"2023-09-27T06:26:37","guid":{"rendered":"https:\/\/www.movistar.es\/blog\/?p=17505"},"modified":"2024-09-30T16:28:47","modified_gmt":"2024-09-30T14:28:47","slug":"celebra-dia-internacional-personas-edad-movistar","status":"publish","type":"post","link":"https:\/\/www.movistar.es\/blog\/mi-movistar\/celebra-dia-internacional-personas-edad-movistar\/","title":{"rendered":"Celebra el D\u00eda Internacional de las Personas de Edad con Movistar"},"content":{"rendered":"\n<p>El envejecimiento es una etapa de la vida llena de experiencias y sabidur\u00eda. Por eso, cada <strong>1 de octubre <\/strong>se celebra el <strong>D\u00eda Internacional de las Personas Mayores,<\/strong> para reconocer y honrar a nuestros mayores. En esta fecha especial, queremos destacar c\u00f3mo en <strong>Movistar<\/strong> nos preocupamos por su comodidad y seguridad, ofreciendo servicios de nuevas tecnolog\u00edas para hacer m\u00e1s f\u00e1ciles y tranquilas las vidas de las personas mayores.<\/p>\n\n\n\n<p>En este art\u00edculo, exploraremos c\u00f3mo puedes celebrar este d\u00eda junto a tus seres queridos y c\u00f3mo nuestros servicios, como el<strong> Reloj TeCuida<\/strong>, <strong>Conexi\u00f3n Segura<\/strong> y el <strong>Mando Vocal,<\/strong> pueden marcar la diferencia en sus vidas.<\/p>\n\n\n\n<h2 class=\"wp-block-heading\" id=\"h-cuando-se-celebra-el-dia-internacional-de-las-personas-de-edad\">Cu\u00e1ndo se celebra el D\u00eda Internacional de las Personas de Edad<\/h2>\n\n\n\n<p>El 1 de octubre es una fecha significativa en el calendario internacional, ya que se celebra el<strong> <a href=\"https:\/\/www.un.org\/es\/observances\/older-persons-day\" target=\"_blank\" rel=\"noreferrer noopener\">D\u00eda Internacional de las Personas de Edad<\/a><\/strong>. Esta conmemoraci\u00f3n fue establecida por la<strong> Asamblea General de las Naciones Unidas<\/strong> el 14 de diciembre de 1990, a trav\u00e9s de la resoluci\u00f3n 45\/106. La iniciativa se basa en el reconocimiento de la importancia de promover una sociedad inclusiva y respetuosa con las personas mayores, garantizando as\u00ed sus derechos humanos.<\/p>\n\n\n\n<p>Antes de esta designaci\u00f3n, se llevaron a cabo varios eventos y resoluciones importantes relacionados con el envejecimiento. En 1982, se adopt\u00f3 el<strong> Plan de Acci\u00f3n Internacional de Viena sobre el Envejecimiento<\/strong>. Ese mismo a\u00f1o, la Asamblea General de las Naciones Unidas lo aprob\u00f3. En 1991, se adoptaron los Principios de las Naciones Unidas para las personas mayores. Y, por \u00faltimo, en 2002, se estableci\u00f3 el <strong>Plan de Acci\u00f3n Internacional de Madrid sobre el Envejecimiento<\/strong>.<\/p>\n\n\n\n<p>El objetivo principal de este d\u00eda es <strong>aumentar la conciencia global<\/strong> sobre los derechos humanos de las personas mayores y fomentar el compromiso de todas las partes interesadas para proteger esos derechos en todo el mundo. Tambi\u00e9n se busca promover modelos intergeneracionales de protecci\u00f3n de los derechos humanos. As\u00ed que celebremos este d\u00eda honrando y cuidando a nuestros mayores. A continuaci\u00f3n te mostramos <strong>tres servicios de Movistar<\/strong> para que lo hagas de la mejor manera. Y es que las nuevas tecnolog\u00edas pueden ser grandes aliadas en la vida de las personas mayores.<\/p>\n\n\n\n<h2 class=\"wp-block-heading\" id=\"h-3-servicios-de-movistar-para-festejar-el-dia-internacional-de-las-personas-de-edad\">3 servicios de Movistar para festejar el D\u00eda Internacional de las Personas de Edad<\/h2>\n\n\n\n<h3 class=\"wp-block-heading\" id=\"h-protege-a-tus-mayores-con-el-reloj-tecuida-de-movistar\">Protege a tus mayores con el Reloj TeCuida de Movistar<\/h3>\n\n\n\n<p>Uno de los productos ideales para celebrar el<strong> D\u00eda Internacional de las Personas de Edad<\/strong> es el <strong><a href=\"https:\/\/www.movistar.es\/particulares\/salud\/reloj-personas-mayores\" target=\"_blank\" rel=\"noreferrer noopener\">Reloj TeCuida<\/a><\/strong> de Movistar, un innovador smartwatch dise\u00f1ado especialmente para mejorar la calidad de vida de las personas mayores, tanto dentro como fuera de casa, y brindar tranquilidad a sus familiares y cuidadores. Este dispositivo ofrece una amplia gama de funciones, entre las que se destaca su <strong><a href=\"https:\/\/www.movistar.es\/blog\/salud\/boton-de-emergencias-teleasistencia\/\" target=\"_blank\" rel=\"noreferrer noopener\">asistencia de emergencias<\/a><\/strong> disponible las 24 horas del d\u00eda, los 7 d\u00edas de la semana.<\/p>\n\n\n\n<p>Cuando se presenta una situaci\u00f3n de emergencia, basta con pulsar el bot\u00f3n de emergencias en el Reloj TeCuida para conectarse instant\u00e1neamente con la central receptora, gracias al respaldo de<strong> Movistar Prosegur Alarmas<\/strong>. En cuesti\u00f3n de segundos, un agente de la central se comunicar\u00e1 con el usuario para verificar su estado y coordinar la asistencia necesaria. En caso de no poder contactar al usuario, el agente se comunicar\u00e1 con los contactos de emergencia para gestionar la situaci\u00f3n.<\/p>\n\n\n\n<p>Adem\u00e1s de la asistencia de emergencia, el Reloj TeCuida cuenta con un <strong>detector de ca\u00eddas <\/strong>que, al detectar una ca\u00edda, enviar\u00e1 autom\u00e1ticamente una alerta al centro de atenci\u00f3n para que se brinde la ayuda adecuada de manera inmediata.<\/p>\n\n\n\n<p>Este smartwatch tambi\u00e9n incluye un <strong>GPS integrado<\/strong>, lo que resulta especialmente \u00fatil tanto para las personas mayores como para sus familiares. Adem\u00e1s de rastrear la ubicaci\u00f3n del usuario, el Reloj TeCuida monitorea otros <strong>par\u00e1metros vitales<\/strong>, como el ritmo card\u00edaco, el nivel de ox\u00edgeno en sangre y el n\u00famero de pasos diarios. Tambi\u00e9n notifica las llegadas y salidas del usuario, de los lugares registrados como habituales, y su ubicaci\u00f3n. Con el Reloj TeCuida, puedes tener la seguridad de que tus seres queridos est\u00e1n cuidados y protegidos en todo momento. Un dispositivo para personas mayores imprescindible en este<strong> D\u00eda Internacional de las Personas de Edad<\/strong>.<\/p>\n\n\n\n<figure class=\"wp-block-embed is-type-video is-provider-youtube wp-block-embed-youtube wp-embed-aspect-16-9 wp-has-aspect-ratio\"><div class=\"wp-block-embed__wrapper\">\n<div class=\"wp-block-embed__wrapper\"><div class=\"ast-oembed-container \" style=\"height: 100%;\"><iframe loading=\"lazy\" title=\"MOVISTAR: Descubre el servicio Reloj TeCuida\" width=\"1040\" height=\"585\" src=\"https:\/\/www.youtube.com\/embed\/BE_L0OYe2Ag?feature=oembed\" frameborder=\"0\" allow=\"accelerometer; autoplay; clipboard-write; encrypted-media; gyroscope; picture-in-picture; web-share\" referrerpolicy=\"strict-origin-when-cross-origin\" allowfullscreen><\/iframe><\/div><\/div>\n<\/div><\/figure>\n\n\n\n<h3 class=\"wp-block-heading\" id=\"h-conexion-segura-de-movistar-navega-por-internet-sin-peligros\">Conexi\u00f3n Segura de Movistar: Navega por Internet sin Peligros<\/h3>\n\n\n\n<p>La seguridad en l\u00ednea es esencial, y en Movistar comprendemos la importancia de proteger a las personas mayores mientras navegan por Internet. Con el servicio de <strong><a href=\"https:\/\/www.movistar.es\/particulares\/conexion-segura\/\" target=\"_blank\" rel=\"noreferrer noopener\">Conexi\u00f3n Segura de Movistar<\/a><\/strong>, puedes garantizar una experiencia de navegaci\u00f3n libre de riesgos y qu\u00e9 mejor que empezar a utilizarlo en el<strong> D\u00eda Internacional de las Personas de Edad<\/strong>.<\/p>\n\n\n\n<p>Este servicio bloquea de manera instant\u00e1nea cualquier amenaza de<strong>&nbsp;phishing o&nbsp;<\/strong><a href=\"https:\/\/www.movistar.es\/blog\/router\/instalar-antivirus-movil\/\" target=\"_blank\" rel=\"noreferrer noopener\"><strong>malware<\/strong><\/a>&nbsp;que pueda surgir mientras <strong>navegas por internet<\/strong>, sin necesidad de instalaciones complicadas. Adem\u00e1s, te alerta sobre sitios web potencialmente peligrosos y te mantiene informado sobre actividades en l\u00ednea que puedan suponer un riesgo<\/p>\n\n\n\n<p>Lo mejor de todo es que Conexi\u00f3n Segura protege tanto dentro como fuera del hogar. Esto significa que tu <strong>red WiFi <\/strong>de Movistar y tus l\u00edneas m\u00f3viles incluidas en tu contrato compatible estar\u00e1n resguardadas en todo momento. Si eres cliente de<strong> miMovistar<\/strong>,<strong> Fusi\u00f3n<\/strong> o tienes tarifas de contrato m\u00f3vil, podr\u00e1s activar Conexi\u00f3n Segura de forma totalmente gratuita. Porque cuando se trata de navegar por Internet, la seguridad no tiene precio.<\/p>\n\n\n\n<h3 class=\"wp-block-heading\" id=\"h-controla-la-tv-con-voz-gracias-al-mando-vocal-de-movistar\">Controla la TV con Voz gracias al Mando Vocal de Movistar<\/h3>\n\n\n\n<p>El&nbsp;<a href=\"https:\/\/www.movistar.es\/particulares\/movil\/moviles\/mando-a-distancia-vocal\/?utm_source=VentasCOL&amp;utm_medium=email&amp;utm_content=VentasCOL-emailmandovocalfsdesco260320-26022020&amp;utm_campaign=emailmandovocalfsdesco260320&amp;segmento=particulares\" target=\"_blank\" rel=\"noreferrer noopener\"><strong>Mando Vocal Movistar Plus+<\/strong><\/a>&nbsp;es un dispositivo dom\u00e9stico que te permite tomar el control total de tu televisor y gestionar todo el contenido de Movistar Plus+ de manera r\u00e1pida y sencilla. Este mando se destaca por su integraci\u00f3n con&nbsp;<a href=\"https:\/\/aura.telefonica.com\/es\/\" target=\"_blank\" rel=\"noreferrer noopener\"><strong>Aura<\/strong><\/a>, el asistente virtual de la compa\u00f1\u00eda, lo que te permite acceder a los contenidos de forma muy f\u00e1cil utilizando la voz.<\/p>\n\n\n\n<figure class=\"wp-block-image size-large\"><img loading=\"lazy\" decoding=\"async\" height=\"394\" width=\"1024\" src=\"https:\/\/www.movistar.es\/blog\/wp-content\/uploads\/sites\/3\/2023\/09\/movistar-es-mando-vocal-movistar-plus-plus-2.jpg?w=1024\" alt=\"d\u00eda de las personas de edad\" class=\"wp-image-17508\" srcset=\"https:\/\/www.movistar.es\/blog\/wp-content\/uploads\/sites\/3\/2023\/09\/movistar-es-mando-vocal-movistar-plus-plus-2.jpg 1040w, https:\/\/www.movistar.es\/blog\/wp-content\/uploads\/sites\/3\/2023\/09\/movistar-es-mando-vocal-movistar-plus-plus-2.jpg?resize=300,115 300w, https:\/\/www.movistar.es\/blog\/wp-content\/uploads\/sites\/3\/2023\/09\/movistar-es-mando-vocal-movistar-plus-plus-2.jpg?resize=768,295 768w, https:\/\/www.movistar.es\/blog\/wp-content\/uploads\/sites\/3\/2023\/09\/movistar-es-mando-vocal-movistar-plus-plus-2.jpg?resize=1024,394 1024w\" sizes=\"auto, (max-width: 1024px) 100vw, 1024px\" \/><\/figure>\n\n\n\n<p>El Mando Vocal tiene varias funciones que facilitan el control de tu televisi\u00f3n. Con la voz puedes <a href=\"https:\/\/www.movistar.es\/estaticos\/pdfs\/comandos-voz-mando-vocal-movistar.pdf\">hacer muchas cosas<\/a> como cambiar de canal, realizar b\u00fasquedas espec\u00edficas de t\u00edtulos o actores, solicitar recomendaciones por g\u00e9nero o acceder a las&nbsp;<strong>Living Apps<\/strong>&nbsp;de Movistar Plus+ donde puedes aprender, comprar o divertirte. &nbsp;Este mando cuenta tambi\u00e9n conla funci\u00f3n de Mando Universal, lo que permite encender\/apagar o el gestionar el volumen toda la televisi\u00f3n con este dispositivo. Tan solo necesitas contar con el&nbsp;<a href=\"https:\/\/www.movistar.es\/particulares\/movil\/moviles\/descodificador-uhd\/\" target=\"_blank\" rel=\"noreferrer noopener\"><strong>Descodificador UHD<\/strong><\/a>&nbsp;o el&nbsp;<a href=\"https:\/\/www.movistar.es\/particulares\/movil\/moviles\/smart-wifi\/\" target=\"_blank\" rel=\"noreferrer noopener\"><strong>Descodificador UHD Smart WiFi<\/strong><\/a>&nbsp;y el Mando Vocal de Movistar Plus+.<\/p>\n\n\n\n<p>Adem\u00e1s, se ilumina cuando la habitaci\u00f3n est\u00e1 oscura y gracias al Bluetooth no es necesario que apuntes al descodificador para que funcione, \u00a1puedes cambiar de canal o subir volumen desde distintos puntos de la casa!<\/p>\n\n\n\n<p>En resumen, el Mando Vocal Movistar Plus+ simplifica tu vida diaria en el hogar y viene incluido con la compra de cualquier Descodificador Movistar. No esperes m\u00e1s y celebra el<strong> D\u00eda Internacional de las Personas de Edad<\/strong> con las ventajas que ofrecen las nuevas tecnolog\u00edas.<\/p>\n\n\n\n<p>En este D\u00eda Internacional de las Personas de Edad, celebremos a nuestros mayores y demostremos nuestro aprecio brind\u00e1ndoles servicios que mejoren su calidad de vida y seguridad. En Movistar estamos comprometidos a cuidar de quienes m\u00e1s queremos, y estos servicios son un ejemplo de ello. \u00a1Feliz D\u00eda de las Personas Mayores!<\/p>\n","protected":false},"excerpt":{"rendered":"<p>El envejecimiento es una etapa de la vida llena de experiencias y sabidur\u00eda. Por eso, cada 1 de octubre se celebra el D\u00eda Internacional de las Personas Mayores, para reconocer y honrar a nuestros mayores. [&hellip;]<\/p>\n","protected":false},"author":82,"featured_media":17509,"comment_status":"closed","ping_status":"closed","sticky":false,"template":"","format":"standard","meta":{"site-sidebar-layout":"default","site-content-layout":"","ast-site-content-layout":"default","site-content-style":"default","site-sidebar-style":"default","ast-global-header-display":"","ast-banner-title-visibility":"","ast-main-header-display":"","ast-hfb-above-header-display":"","ast-hfb-below-header-display":"","ast-hfb-mobile-header-display":"","site-post-title":"","ast-breadcrumbs-content":"","ast-featured-img":"","footer-sml-layout":"","theme-transparent-header-meta":"","adv-header-id-meta":"","stick-header-meta":"","header-above-stick-meta":"","header-main-stick-meta":"","header-below-stick-meta":"","astra-migrate-meta-layouts":"set","ast-page-background-enabled":"default","ast-page-background-meta":{"desktop":{"background-color":"var(--ast-global-color-4)","background-image":"","background-repeat":"repeat","background-position":"center center","background-size":"auto","background-attachment":"scroll","background-type":"","background-media":"","overlay-type":"","overlay-color":"","overlay-opacity":"","overlay-gradient":""},"tablet":{"background-color":"","background-image":"","background-repeat":"repeat","background-position":"center center","background-size":"auto","background-attachment":"scroll","background-type":"","background-media":"","overlay-type":"","overlay-color":"","overlay-opacity":"","overlay-gradient":""},"mobile":{"background-color":"","background-image":"","background-repeat":"repeat","background-position":"center center","background-size":"auto","background-attachment":"scroll","background-type":"","background-media":"","overlay-type":"","overlay-color":"","overlay-opacity":"","overlay-gradient":""}},"ast-content-background-meta":{"desktop":{"background-color":"var(--ast-global-color-5)","background-image":"","background-repeat":"repeat","background-position":"center center","background-size":"auto","background-attachment":"scroll","background-type":"","background-media":"","overlay-type":"","overlay-color":"","overlay-opacity":"","overlay-gradient":""},"tablet":{"background-color":"var(--ast-global-color-5)","background-image":"","background-repeat":"repeat","background-position":"center center","background-size":"auto","background-attachment":"scroll","background-type":"","background-media":"","overlay-type":"","overlay-color":"","overlay-opacity":"","overlay-gradient":""},"mobile":{"background-color":"var(--ast-global-color-5)","background-image":"","background-repeat":"repeat","background-position":"center center","background-size":"auto","background-attachment":"scroll","background-type":"","background-media":"","overlay-type":"","overlay-color":"","overlay-opacity":"","overlay-gradient":""}},"_jetpack_memberships_contains_paid_content":false,"footnotes":""},"categories":[1],"tags":[],"area":[427],"cluster":[345],"linea_editorial":[],"coauthors":[411],"class_list":["post-17505","post","type-post","status-publish","format-standard","has-post-thumbnail","hentry","category-sin-categoria","area-gametv","cluster-mi-movistar"],"yoast_head":"<!-- This site is optimized with the Yoast SEO Premium plugin v25.5 (Yoast SEO v25.5) - https:\/\/yoast.com\/wordpress\/plugins\/seo\/ -->\n<title>Celebra el D\u00eda Internacional de las Personas de Edad con Movistar<\/title>\n<meta name=\"description\" content=\"Te contamos como puedes celebrar el D\u00eda Internacional de las Personas de Edad con algunos servicios de Movistar\" \/>\n<meta name=\"robots\" content=\"index, follow, max-snippet:-1, max-image-preview:large, max-video-preview:-1\" \/>\n<link rel=\"canonical\" href=\"https:\/\/www.movistar.es\/blog\/mi-movistar\/celebra-dia-internacional-personas-edad-movistar\/\" \/>\n<meta property=\"og:locale\" content=\"es_ES\" \/>\n<meta property=\"og:type\" content=\"article\" \/>\n<meta property=\"og:title\" content=\"Celebra el D\u00eda Internacional de las Personas de Edad con Movistar\" \/>\n<meta property=\"og:description\" content=\"Te contamos como puedes celebrar el D\u00eda Internacional de las Personas de Edad con algunos servicios de Movistar\" \/>\n<meta property=\"og:url\" content=\"https:\/\/www.movistar.es\/blog\/mi-movistar\/celebra-dia-internacional-personas-edad-movistar\/\" \/>\n<meta property=\"og:site_name\" content=\"Movistar blog\" \/>\n<meta property=\"article:published_time\" content=\"2023-09-27T06:26:37+00:00\" \/>\n<meta property=\"article:modified_time\" content=\"2024-09-30T14:28:47+00:00\" \/>\n<meta property=\"og:image\" content=\"https:\/\/www.movistar.es\/blog\/wp-content\/uploads\/sites\/3\/2023\/09\/abuelos_NoticiaAmpliada.jpg\" \/>\n\t<meta property=\"og:image:width\" content=\"768\" \/>\n\t<meta property=\"og:image:height\" content=\"512\" \/>\n\t<meta property=\"og:image:type\" content=\"image\/jpeg\" \/>\n<meta name=\"author\" content=\"Juan Carrasco\" \/>\n<meta name=\"twitter:card\" content=\"summary_large_image\" \/>\n<meta name=\"twitter:creator\" content=\"@juan_villain\" \/>\n<meta name=\"twitter:label1\" content=\"Written by\" \/>\n\t<meta name=\"twitter:data1\" content=\"Juan Carrasco\" \/>\n\t<meta name=\"twitter:label2\" content=\"Est. reading time\" \/>\n\t<meta name=\"twitter:data2\" content=\"6 minutos\" \/>\n<script type=\"application\/ld+json\" class=\"yoast-schema-graph\">{\"@context\":\"https:\/\/schema.org\",\"@graph\":[{\"@type\":\"Article\",\"@id\":\"https:\/\/www.movistar.es\/blog\/mi-movistar\/celebra-dia-internacional-personas-edad-movistar\/#article\",\"isPartOf\":{\"@id\":\"https:\/\/www.movistar.es\/blog\/mi-movistar\/celebra-dia-internacional-personas-edad-movistar\/\"},\"author\":{\"name\":\"Juan Carrasco\",\"@id\":\"https:\/\/www.movistar.es\/blog\/#\/schema\/person\/aa90a598b429d06707d7bbdcc4ac52bf\"},\"headline\":\"Celebra el D\u00eda Internacional de las Personas de Edad con Movistar\",\"datePublished\":\"2023-09-27T06:26:37+00:00\",\"dateModified\":\"2024-09-30T14:28:47+00:00\",\"mainEntityOfPage\":{\"@id\":\"https:\/\/www.movistar.es\/blog\/mi-movistar\/celebra-dia-internacional-personas-edad-movistar\/\"},\"wordCount\":1275,\"publisher\":{\"@id\":\"https:\/\/www.movistar.es\/blog\/#organization\"},\"image\":{\"@id\":\"https:\/\/www.movistar.es\/blog\/mi-movistar\/celebra-dia-internacional-personas-edad-movistar\/#primaryimage\"},\"thumbnailUrl\":\"https:\/\/www.movistar.es\/blog\/wp-content\/uploads\/sites\/3\/2023\/09\/abuelos_NoticiaAmpliada.jpg\",\"inLanguage\":\"es\"},{\"@type\":\"WebPage\",\"@id\":\"https:\/\/www.movistar.es\/blog\/mi-movistar\/celebra-dia-internacional-personas-edad-movistar\/\",\"url\":\"https:\/\/www.movistar.es\/blog\/mi-movistar\/celebra-dia-internacional-personas-edad-movistar\/\",\"name\":\"Celebra el D\u00eda Internacional de las Personas de Edad con Movistar\",\"isPartOf\":{\"@id\":\"https:\/\/www.movistar.es\/blog\/#website\"},\"primaryImageOfPage\":{\"@id\":\"https:\/\/www.movistar.es\/blog\/mi-movistar\/celebra-dia-internacional-personas-edad-movistar\/#primaryimage\"},\"image\":{\"@id\":\"https:\/\/www.movistar.es\/blog\/mi-movistar\/celebra-dia-internacional-personas-edad-movistar\/#primaryimage\"},\"thumbnailUrl\":\"https:\/\/www.movistar.es\/blog\/wp-content\/uploads\/sites\/3\/2023\/09\/abuelos_NoticiaAmpliada.jpg\",\"datePublished\":\"2023-09-27T06:26:37+00:00\",\"dateModified\":\"2024-09-30T14:28:47+00:00\",\"description\":\"Te contamos como puedes celebrar el D\u00eda Internacional de las Personas de Edad con algunos servicios de Movistar\",\"breadcrumb\":{\"@id\":\"https:\/\/www.movistar.es\/blog\/mi-movistar\/celebra-dia-internacional-personas-edad-movistar\/#breadcrumb\"},\"inLanguage\":\"es\",\"potentialAction\":[{\"@type\":\"ReadAction\",\"target\":[\"https:\/\/www.movistar.es\/blog\/mi-movistar\/celebra-dia-internacional-personas-edad-movistar\/\"]}]},{\"@type\":\"ImageObject\",\"inLanguage\":\"es\",\"@id\":\"https:\/\/www.movistar.es\/blog\/mi-movistar\/celebra-dia-internacional-personas-edad-movistar\/#primaryimage\",\"url\":\"https:\/\/www.movistar.es\/blog\/wp-content\/uploads\/sites\/3\/2023\/09\/abuelos_NoticiaAmpliada.jpg\",\"contentUrl\":\"https:\/\/www.movistar.es\/blog\/wp-content\/uploads\/sites\/3\/2023\/09\/abuelos_NoticiaAmpliada.jpg\",\"width\":768,\"height\":512,\"caption\":\"d\u00eda de las personas de edad\"},{\"@type\":\"BreadcrumbList\",\"@id\":\"https:\/\/www.movistar.es\/blog\/mi-movistar\/celebra-dia-internacional-personas-edad-movistar\/#breadcrumb\",\"itemListElement\":[{\"@type\":\"ListItem\",\"position\":1,\"name\":\"Home\",\"item\":\"https:\/\/www.movistar.es\/blog\/\"},{\"@type\":\"ListItem\",\"position\":2,\"name\":\"Celebra el D\u00eda Internacional de las Personas de Edad con Movistar\"}]},{\"@type\":\"WebSite\",\"@id\":\"https:\/\/www.movistar.es\/blog\/#website\",\"url\":\"https:\/\/www.movistar.es\/blog\/\",\"name\":\"Movistar blog\",\"description\":\"Movistar Blog. Informaci\u00f3n y m\u00e1s sobre los productos y servicios de Movistar\",\"publisher\":{\"@id\":\"https:\/\/www.movistar.es\/blog\/#organization\"},\"potentialAction\":[{\"@type\":\"SearchAction\",\"target\":{\"@type\":\"EntryPoint\",\"urlTemplate\":\"https:\/\/www.movistar.es\/blog\/?s={search_term_string}\"},\"query-input\":{\"@type\":\"PropertyValueSpecification\",\"valueRequired\":true,\"valueName\":\"search_term_string\"}}],\"inLanguage\":\"es\"},{\"@type\":\"Organization\",\"@id\":\"https:\/\/www.movistar.es\/blog\/#organization\",\"name\":\"Movistar blog\",\"url\":\"https:\/\/www.movistar.es\/blog\/\",\"logo\":{\"@type\":\"ImageObject\",\"inLanguage\":\"es\",\"@id\":\"https:\/\/www.movistar.es\/blog\/#\/schema\/logo\/image\/\",\"url\":\"https:\/\/www.movistar.es\/blog\/wp-content\/uploads\/sites\/3\/2022\/05\/logo_movistar-1.svg\",\"contentUrl\":\"https:\/\/www.movistar.es\/blog\/wp-content\/uploads\/sites\/3\/2022\/05\/logo_movistar-1.svg\",\"width\":369,\"height\":272,\"caption\":\"Movistar blog\"},\"image\":{\"@id\":\"https:\/\/www.movistar.es\/blog\/#\/schema\/logo\/image\/\"}},{\"@type\":\"Person\",\"@id\":\"https:\/\/www.movistar.es\/blog\/#\/schema\/person\/aa90a598b429d06707d7bbdcc4ac52bf\",\"name\":\"Juan Carrasco\",\"image\":{\"@type\":\"ImageObject\",\"inLanguage\":\"es\",\"@id\":\"https:\/\/www.movistar.es\/blog\/#\/schema\/person\/image\/7421c948a853e8c530a92c2fadaedff4\",\"url\":\"https:\/\/secure.gravatar.com\/avatar\/6429585a3827db718673dd63fffad1d627420ccb06536b49762c4345a5b61954\",\"contentUrl\":\"https:\/\/secure.gravatar.com\/avatar\/6429585a3827db718673dd63fffad1d627420ccb06536b49762c4345a5b61954\",\"caption\":\"Juan Carrasco\"},\"description\":\"Juan Carrasco cuenta con un grado universitario en Literatura General y Comparada y un m\u00e1ster en Cr\u00edtica y Comunicaci\u00f3n Cultural. Actualmente, forma parte del equipo de redacci\u00f3n de Movistar eSports, medio referente de gaming, esports y entretenimiento digital. Desde que agarr\u00f3 una Game Boy por primera vez, no ha podido dejar de ver el mundo en 8 bits.\",\"sameAs\":[\"https:\/\/x.com\/juan_villain\"],\"knowsAbout\":[\"gaming\",\"consolas\",\"videojuegos\",\"streaming\"],\"url\":\"https:\/\/www.movistar.es\/blog\/author\/jasensio\/\"}]}<\/script>\n<!-- \/ Yoast SEO Premium plugin. -->","yoast_head_json":{"title":"Celebra el D\u00eda Internacional de las Personas de Edad con Movistar","description":"Te contamos como puedes celebrar el D\u00eda Internacional de las Personas de Edad con algunos servicios de Movistar","robots":{"index":"index","follow":"follow","max-snippet":"max-snippet:-1","max-image-preview":"max-image-preview:large","max-video-preview":"max-video-preview:-1"},"canonical":"https:\/\/www.movistar.es\/blog\/mi-movistar\/celebra-dia-internacional-personas-edad-movistar\/","og_locale":"es_ES","og_type":"article","og_title":"Celebra el D\u00eda Internacional de las Personas de Edad con Movistar","og_description":"Te contamos como puedes celebrar el D\u00eda Internacional de las Personas de Edad con algunos servicios de Movistar","og_url":"https:\/\/www.movistar.es\/blog\/mi-movistar\/celebra-dia-internacional-personas-edad-movistar\/","og_site_name":"Movistar blog","article_published_time":"2023-09-27T06:26:37+00:00","article_modified_time":"2024-09-30T14:28:47+00:00","og_image":[{"width":768,"height":512,"url":"https:\/\/www.movistar.es\/blog\/wp-content\/uploads\/sites\/3\/2023\/09\/abuelos_NoticiaAmpliada.jpg","type":"image\/jpeg"}],"author":"Juan Carrasco","twitter_card":"summary_large_image","twitter_creator":"@juan_villain","twitter_misc":{"Written by":"Juan Carrasco","Est. reading time":"6 minutos"},"schema":{"@context":"https:\/\/schema.org","@graph":[{"@type":"Article","@id":"https:\/\/www.movistar.es\/blog\/mi-movistar\/celebra-dia-internacional-personas-edad-movistar\/#article","isPartOf":{"@id":"https:\/\/www.movistar.es\/blog\/mi-movistar\/celebra-dia-internacional-personas-edad-movistar\/"},"author":{"name":"Juan Carrasco","@id":"https:\/\/www.movistar.es\/blog\/#\/schema\/person\/aa90a598b429d06707d7bbdcc4ac52bf"},"headline":"Celebra el D\u00eda Internacional de las Personas de Edad con Movistar","datePublished":"2023-09-27T06:26:37+00:00","dateModified":"2024-09-30T14:28:47+00:00","mainEntityOfPage":{"@id":"https:\/\/www.movistar.es\/blog\/mi-movistar\/celebra-dia-internacional-personas-edad-movistar\/"},"wordCount":1275,"publisher":{"@id":"https:\/\/www.movistar.es\/blog\/#organization"},"image":{"@id":"https:\/\/www.movistar.es\/blog\/mi-movistar\/celebra-dia-internacional-personas-edad-movistar\/#primaryimage"},"thumbnailUrl":"https:\/\/www.movistar.es\/blog\/wp-content\/uploads\/sites\/3\/2023\/09\/abuelos_NoticiaAmpliada.jpg","inLanguage":"es"},{"@type":"WebPage","@id":"https:\/\/www.movistar.es\/blog\/mi-movistar\/celebra-dia-internacional-personas-edad-movistar\/","url":"https:\/\/www.movistar.es\/blog\/mi-movistar\/celebra-dia-internacional-personas-edad-movistar\/","name":"Celebra el D\u00eda Internacional de las Personas de Edad con Movistar","isPartOf":{"@id":"https:\/\/www.movistar.es\/blog\/#website"},"primaryImageOfPage":{"@id":"https:\/\/www.movistar.es\/blog\/mi-movistar\/celebra-dia-internacional-personas-edad-movistar\/#primaryimage"},"image":{"@id":"https:\/\/www.movistar.es\/blog\/mi-movistar\/celebra-dia-internacional-personas-edad-movistar\/#primaryimage"},"thumbnailUrl":"https:\/\/www.movistar.es\/blog\/wp-content\/uploads\/sites\/3\/2023\/09\/abuelos_NoticiaAmpliada.jpg","datePublished":"2023-09-27T06:26:37+00:00","dateModified":"2024-09-30T14:28:47+00:00","description":"Te contamos como puedes celebrar el D\u00eda Internacional de las Personas de Edad con algunos servicios de Movistar","breadcrumb":{"@id":"https:\/\/www.movistar.es\/blog\/mi-movistar\/celebra-dia-internacional-personas-edad-movistar\/#breadcrumb"},"inLanguage":"es","potentialAction":[{"@type":"ReadAction","target":["https:\/\/www.movistar.es\/blog\/mi-movistar\/celebra-dia-internacional-personas-edad-movistar\/"]}]},{"@type":"ImageObject","inLanguage":"es","@id":"https:\/\/www.movistar.es\/blog\/mi-movistar\/celebra-dia-internacional-personas-edad-movistar\/#primaryimage","url":"https:\/\/www.movistar.es\/blog\/wp-content\/uploads\/sites\/3\/2023\/09\/abuelos_NoticiaAmpliada.jpg","contentUrl":"https:\/\/www.movistar.es\/blog\/wp-content\/uploads\/sites\/3\/2023\/09\/abuelos_NoticiaAmpliada.jpg","width":768,"height":512,"caption":"d\u00eda de las personas de edad"},{"@type":"BreadcrumbList","@id":"https:\/\/www.movistar.es\/blog\/mi-movistar\/celebra-dia-internacional-personas-edad-movistar\/#breadcrumb","itemListElement":[{"@type":"ListItem","position":1,"name":"Home","item":"https:\/\/www.movistar.es\/blog\/"},{"@type":"ListItem","position":2,"name":"Celebra el D\u00eda Internacional de las Personas de Edad con Movistar"}]},{"@type":"WebSite","@id":"https:\/\/www.movistar.es\/blog\/#website","url":"https:\/\/www.movistar.es\/blog\/","name":"Movistar blog","description":"Movistar Blog. Informaci\u00f3n y m\u00e1s sobre los productos y servicios de Movistar","publisher":{"@id":"https:\/\/www.movistar.es\/blog\/#organization"},"potentialAction":[{"@type":"SearchAction","target":{"@type":"EntryPoint","urlTemplate":"https:\/\/www.movistar.es\/blog\/?s={search_term_string}"},"query-input":{"@type":"PropertyValueSpecification","valueRequired":true,"valueName":"search_term_string"}}],"inLanguage":"es"},{"@type":"Organization","@id":"https:\/\/www.movistar.es\/blog\/#organization","name":"Movistar blog","url":"https:\/\/www.movistar.es\/blog\/","logo":{"@type":"ImageObject","inLanguage":"es","@id":"https:\/\/www.movistar.es\/blog\/#\/schema\/logo\/image\/","url":"https:\/\/www.movistar.es\/blog\/wp-content\/uploads\/sites\/3\/2022\/05\/logo_movistar-1.svg","contentUrl":"https:\/\/www.movistar.es\/blog\/wp-content\/uploads\/sites\/3\/2022\/05\/logo_movistar-1.svg","width":369,"height":272,"caption":"Movistar blog"},"image":{"@id":"https:\/\/www.movistar.es\/blog\/#\/schema\/logo\/image\/"}},{"@type":"Person","@id":"https:\/\/www.movistar.es\/blog\/#\/schema\/person\/aa90a598b429d06707d7bbdcc4ac52bf","name":"Juan Carrasco","image":{"@type":"ImageObject","inLanguage":"es","@id":"https:\/\/www.movistar.es\/blog\/#\/schema\/person\/image\/7421c948a853e8c530a92c2fadaedff4","url":"https:\/\/secure.gravatar.com\/avatar\/6429585a3827db718673dd63fffad1d627420ccb06536b49762c4345a5b61954","contentUrl":"https:\/\/secure.gravatar.com\/avatar\/6429585a3827db718673dd63fffad1d627420ccb06536b49762c4345a5b61954","caption":"Juan Carrasco"},"description":"Juan Carrasco cuenta con un grado universitario en Literatura General y Comparada y un m\u00e1ster en Cr\u00edtica y Comunicaci\u00f3n Cultural. Actualmente, forma parte del equipo de redacci\u00f3n de Movistar eSports, medio referente de gaming, esports y entretenimiento digital. Desde que agarr\u00f3 una Game Boy por primera vez, no ha podido dejar de ver el mundo en 8 bits.","sameAs":["https:\/\/x.com\/juan_villain"],"knowsAbout":["gaming","consolas","videojuegos","streaming"],"url":"https:\/\/www.movistar.es\/blog\/author\/jasensio\/"}]}},"jetpack_featured_media_url":"https:\/\/www.movistar.es\/blog\/wp-content\/uploads\/sites\/3\/2023\/09\/abuelos_NoticiaAmpliada.jpg","jetpack_sharing_enabled":true,"_links":{"self":[{"href":"https:\/\/www.movistar.es\/blog\/wp-json\/wp\/v2\/posts\/17505","targetHints":{"allow":["GET"]}}],"collection":[{"href":"https:\/\/www.movistar.es\/blog\/wp-json\/wp\/v2\/posts"}],"about":[{"href":"https:\/\/www.movistar.es\/blog\/wp-json\/wp\/v2\/types\/post"}],"author":[{"embeddable":true,"href":"https:\/\/www.movistar.es\/blog\/wp-json\/wp\/v2\/users\/82"}],"replies":[{"embeddable":true,"href":"https:\/\/www.movistar.es\/blog\/wp-json\/wp\/v2\/comments?post=17505"}],"version-history":[{"count":15,"href":"https:\/\/www.movistar.es\/blog\/wp-json\/wp\/v2\/posts\/17505\/revisions"}],"predecessor-version":[{"id":26546,"href":"https:\/\/www.movistar.es\/blog\/wp-json\/wp\/v2\/posts\/17505\/revisions\/26546"}],"wp:featuredmedia":[{"embeddable":true,"href":"https:\/\/www.movistar.es\/blog\/wp-json\/wp\/v2\/media\/17509"}],"wp:attachment":[{"href":"https:\/\/www.movistar.es\/blog\/wp-json\/wp\/v2\/media?parent=17505"}],"wp:term":[{"taxonomy":"category","embeddable":true,"href":"https:\/\/www.movistar.es\/blog\/wp-json\/wp\/v2\/categories?post=17505"},{"taxonomy":"post_tag","embeddable":true,"href":"https:\/\/www.movistar.es\/blog\/wp-json\/wp\/v2\/tags?post=17505"},{"taxonomy":"area","embeddable":true,"href":"https:\/\/www.movistar.es\/blog\/wp-json\/wp\/v2\/area?post=17505"},{"taxonomy":"cluster","embeddable":true,"href":"https:\/\/www.movistar.es\/blog\/wp-json\/wp\/v2\/cluster?post=17505"},{"taxonomy":"linea_editorial","embeddable":true,"href":"https:\/\/www.movistar.es\/blog\/wp-json\/wp\/v2\/linea_editorial?post=17505"},{"taxonomy":"author","embeddable":true,"href":"https:\/\/www.movistar.es\/blog\/wp-json\/wp\/v2\/coauthors?post=17505"}],"curies":[{"name":"wp","href":"https:\/\/api.w.org\/{rel}","templated":true}]}}