{"id":17176,"date":"2023-09-14T12:21:00","date_gmt":"2023-09-14T10:21:00","guid":{"rendered":"https:\/\/www.movistar.es\/blog\/?p=17176"},"modified":"2023-09-14T12:21:01","modified_gmt":"2023-09-14T10:21:01","slug":"los-fabelman-ultima-pelicula-spielberg-movistar-plus","status":"publish","type":"post","link":"https:\/\/www.movistar.es\/blog\/movistar-plus\/los-fabelman-ultima-pelicula-spielberg-movistar-plus\/","title":{"rendered":"&#8216;Los Fabelman&#8217;, la \u00faltima pel\u00edcula de Spielberg, llega a Movistar Plus+"},"content":{"rendered":"\n<p>Si eres un amante del s\u00e9ptimo arte, est\u00e1s de suerte. La espera ha concluido y la m\u00e1s reciente obra del ic\u00f3nico director <strong><a href=\"https:\/\/www.sensacine.com\/actores\/actor-471\/filmografia\/\" target=\"_blank\" rel=\"noreferrer noopener\">Steven Spielberg<\/a><\/strong>, <strong>&#8216;Los Fabelman&#8217;<\/strong>, aterrizar\u00e1 en <strong><a href=\"https:\/\/www.movistar.es\/particulares\/tv\/movistar-plus\" target=\"_blank\" rel=\"noreferrer noopener\">Movistar Plus+<\/a><\/strong> el pr\u00f3ximo d\u00eda<strong> 22 de septiembre<\/strong>. En este art\u00edculo, te sumergiremos en el universo de &#8216;Los Fabelman&#8217; y te proporcionaremos algunos detalles fundamentales acerca del filme. As\u00ed que prep\u00e1rate para deleitarte con una pel\u00edcula que promete conmovernos y cautivarnos. Sin m\u00e1s dilaci\u00f3n, comencemos.<\/p>\n\n\n\n<h2 class=\"wp-block-heading\" id=\"h-sinopsis-de-los-fabelman\">Sinopsis de &#8216;Los Fabelman&#8217;<\/h2>\n\n\n\n<p>A finales de la d\u00e9cada de los 50, y principios de los a\u00f1os 60, <strong>Sammy Fabelman<\/strong>, un ni\u00f1o nacido en Arizona, descubre un terrible secreto familiar. A partir de ese momento, ser\u00e1 consciente de c\u00f3mo el poder de las pel\u00edculas puede ayudarlo a contar historias y a forjar su propia identidad. <\/p>\n\n\n\n<p>El personaje del joven Sammy Fabelman le servir\u00e1 a Spielberg para relatar de forma semiautobiogr\u00e1fica su universo familiar y el nacimiento de su pasi\u00f3n por el s\u00e9ptimo arte. Y es que, al final, el cine le sirvi\u00f3 al director para descubrir y construir su propia identidad, adem\u00e1s de para superar algunas de las curvas m\u00e1s oscuras de la vida. <\/p>\n\n\n\n<p>Nominada al <strong><a href=\"https:\/\/www.movistar.es\/blog\/movistar-plus\/donde-ver-peliculas-nominadas-oscar\/\" target=\"_blank\" rel=\"noreferrer noopener\">Oscar<\/a> a la mejor pel\u00edcula<\/strong> en 2023, &#8216;Los Fabelman&#8217; es una verdadera carta de amor al cine con la que Steven Spielberg rememora su primeros d\u00edas y narra c\u00f3mo se convirti\u00f3 en el icono del cine que hoy en d\u00eda es para el todo el mundo.<\/p>\n\n\n\n<figure class=\"wp-block-embed is-type-video is-provider-youtube wp-block-embed-youtube wp-embed-aspect-16-9 wp-has-aspect-ratio\"><div class=\"wp-block-embed__wrapper\">\n<div class=\"wp-block-embed__wrapper\"><div class=\"ast-oembed-container \" style=\"height: 100%;\"><iframe loading=\"lazy\" title=\"LOS FABELMAN - Tr\u00e1iler Oficial (Universal Pictures) HD\" width=\"1040\" height=\"585\" src=\"https:\/\/www.youtube.com\/embed\/aPPS3gs_wHE?start=50&#038;feature=oembed\" frameborder=\"0\" allow=\"accelerometer; autoplay; clipboard-write; encrypted-media; gyroscope; picture-in-picture; web-share\" referrerpolicy=\"strict-origin-when-cross-origin\" allowfullscreen><\/iframe><\/div><\/div>\n<\/div><\/figure>\n\n\n\n<h2 class=\"wp-block-heading\" id=\"h-curiosidades-de-los-fabelman\">Curiosidades de Los Fabelman<\/h2>\n\n\n\n<p>Como buena pel\u00edcula de Spielberg, el rodaje de <strong><a href=\"https:\/\/www.espinof.com\/criticas\/fabelman-steven-spielberg-se-mira-al-espejo-encuentra-necesidad-contar-historias-pelicula-mejor-rodada-triste-ano\" target=\"_blank\" rel=\"noreferrer noopener\">&#8216;Los Fabelman&#8217;<\/a><\/strong> est\u00e1 plagado de an\u00e9cdotas y de curiosidades. Por ejemplo, seg\u00fan apunta The New York Times, Spielberg tuvo esta idea en 1999. En aquel a\u00f1o, el director ya ten\u00eda en mente algunos detalles sobre esta pel\u00edcula. Adem\u00e1s, tal y como coment\u00f3 en una entrevista, ten\u00eda miedo de que a sus padres no les gustase la pel\u00edcula y pensasen que era un insulto, al tratar de temas familiares tan profundos y ocultos.<\/p>\n\n\n\n<p>Por otro lado, con &#8216;Los Fabelman&#8217; el legendario compositor <strong>John Williams<\/strong> realiza su colaboraci\u00f3n cinematogr\u00e1fica n\u00famero 29 con Spielberg. El m\u00fasico y el director han colaborado juntos en pel\u00edculas tan ic\u00f3nicas como las de <strong>&#8216;Indiana Jones&#8217;, &#8216;La lista de Schindler&#8217; o &#8216;E.T., el extraterrestre&#8217;<\/strong>, entre otras.<\/p>\n\n\n\n<p>Antes hemos comentado que &#8216;Los Fabelman&#8217; tuvo una nominaci\u00f3n al <strong>Oscar a la mejor pel\u00edcula<\/strong>. Pero el \u00e9xito de la cinta ha sido tal que tambi\u00e9n cuenta con seis nominaciones al Oscar m\u00e1s,<strong> dos Globos de Oro<\/strong> y una nominaci\u00f3n a los<strong> BAFTA<\/strong>, demostrando que el cine de Steven Spielberg est\u00e1 m\u00e1s en forma que nunca.<\/p>\n\n\n\n<h2 class=\"wp-block-heading\" id=\"h-disfruta-de-la-ultima-pelicula-de-spielberg-en-movistar-plus\">Disfruta de la \u00faltima pel\u00edcula de Spielberg en Movistar Plus+<\/h2>\n\n\n\n<p>Como ya hemos mencionado, el pr\u00f3ximo viernes 22 de septiembre aterriza en <strong><a href=\"https:\/\/www.movistar.es\/particulares\/tv\/movistar-plus\" target=\"_blank\" rel=\"noreferrer noopener\">Movistar Plus+<\/a><\/strong> &#8216;Los Fabelman&#8217;. En Movistar Plus+ no solo podr\u00e1s disfrutar el estreno de &#8216;Los Fabelman&#8217;, sino tambi\u00e9n de un sinf\u00edn de pel\u00edculas que, cada mes, entran al cat\u00e1logo de la plataforma. Disfrutar\u00e1s de m\u00e1s de 80 canales en los que cabe de todo: programas de humor, de cocina, <a href=\"https:\/\/www.movistar.es\/blog\/movistar-plus\/mejores-documentales-movistar-plus\/\" target=\"_blank\" rel=\"noreferrer noopener\">documentales<\/a>, <a href=\"https:\/\/www.movistar.es\/blog\/movistar-plus\/proximos-estrenos-series-movistar-plus\/\" target=\"_blank\" rel=\"noreferrer noopener\">series<\/a> y mucho, mucho m\u00e1s.<\/p>\n\n\n\n<p>Y es que con lo que Movistar Plus+ te ofrece, no te perder\u00e1s absolutamente nada y tendr\u00e1s a tu alcance en todo momento el contenido que m\u00e1s te gusta a ti y a los tuyos. No te conformes con imaginarlo, \u00a1disfr\u00fatalo!<\/p>\n","protected":false},"excerpt":{"rendered":"<p>Si eres un amante del s\u00e9ptimo arte, est\u00e1s de suerte. La espera ha concluido y la m\u00e1s reciente obra del ic\u00f3nico director Steven Spielberg, &#8216;Los Fabelman&#8217;, aterrizar\u00e1 en Movistar Plus+ el pr\u00f3ximo d\u00eda 22 de [&hellip;]<\/p>\n","protected":false},"author":82,"featured_media":17177,"comment_status":"closed","ping_status":"closed","sticky":false,"template":"","format":"standard","meta":{"site-sidebar-layout":"default","site-content-layout":"","ast-site-content-layout":"","site-content-style":"default","site-sidebar-style":"default","ast-global-header-display":"","ast-banner-title-visibility":"","ast-main-header-display":"","ast-hfb-above-header-display":"","ast-hfb-below-header-display":"","ast-hfb-mobile-header-display":"","site-post-title":"","ast-breadcrumbs-content":"","ast-featured-img":"","footer-sml-layout":"","theme-transparent-header-meta":"","adv-header-id-meta":"","stick-header-meta":"","header-above-stick-meta":"","header-main-stick-meta":"","header-below-stick-meta":"","astra-migrate-meta-layouts":"default","ast-page-background-enabled":"default","ast-page-background-meta":{"desktop":{"background-color":"var(--ast-global-color-4)","background-image":"","background-repeat":"repeat","background-position":"center center","background-size":"auto","background-attachment":"scroll","background-type":"","background-media":"","overlay-type":"","overlay-color":"","overlay-opacity":"","overlay-gradient":""},"tablet":{"background-color":"","background-image":"","background-repeat":"repeat","background-position":"center center","background-size":"auto","background-attachment":"scroll","background-type":"","background-media":"","overlay-type":"","overlay-color":"","overlay-opacity":"","overlay-gradient":""},"mobile":{"background-color":"","background-image":"","background-repeat":"repeat","background-position":"center center","background-size":"auto","background-attachment":"scroll","background-type":"","background-media":"","overlay-type":"","overlay-color":"","overlay-opacity":"","overlay-gradient":""}},"ast-content-background-meta":{"desktop":{"background-color":"var(--ast-global-color-5)","background-image":"","background-repeat":"repeat","background-position":"center center","background-size":"auto","background-attachment":"scroll","background-type":"","background-media":"","overlay-type":"","overlay-color":"","overlay-opacity":"","overlay-gradient":""},"tablet":{"background-color":"var(--ast-global-color-5)","background-image":"","background-repeat":"repeat","background-position":"center center","background-size":"auto","background-attachment":"scroll","background-type":"","background-media":"","overlay-type":"","overlay-color":"","overlay-opacity":"","overlay-gradient":""},"mobile":{"background-color":"var(--ast-global-color-5)","background-image":"","background-repeat":"repeat","background-position":"center center","background-size":"auto","background-attachment":"scroll","background-type":"","background-media":"","overlay-type":"","overlay-color":"","overlay-opacity":"","overlay-gradient":""}},"_jetpack_memberships_contains_paid_content":false,"footnotes":""},"categories":[1],"tags":[],"area":[427],"cluster":[45],"linea_editorial":[],"coauthors":[411],"class_list":["post-17176","post","type-post","status-publish","format-standard","has-post-thumbnail","hentry","category-sin-categoria","area-gametv","cluster-movistar-plus"],"yoast_head":"<!-- This site is optimized with the Yoast SEO Premium plugin v25.5 (Yoast SEO v25.5) - https:\/\/yoast.com\/wordpress\/plugins\/seo\/ -->\n<title>Disfruta de &#039;Los Fabelman&#039; en Movistar Plus+<\/title>\n<meta name=\"description\" content=\"Te contamos todo lo que tienes que saber acerca de &#039;Los Fabelman&#039;, la \u00faltima pel\u00edcula de Spielberg que podr\u00e1s disfrutar en Movistar Plus+.\" \/>\n<meta name=\"robots\" content=\"index, follow, max-snippet:-1, max-image-preview:large, max-video-preview:-1\" \/>\n<link rel=\"canonical\" href=\"https:\/\/www.movistar.es\/blog\/movistar-plus\/los-fabelman-ultima-pelicula-spielberg-movistar-plus\/\" \/>\n<meta property=\"og:locale\" content=\"es_ES\" \/>\n<meta property=\"og:type\" content=\"article\" \/>\n<meta property=\"og:title\" content=\"&#039;Los Fabelman&#039;, la \u00faltima pel\u00edcula de Spielberg, llega a Movistar Plus+\" \/>\n<meta property=\"og:description\" content=\"Te contamos todo lo que tienes que saber acerca de &#039;Los Fabelman&#039;, la \u00faltima pel\u00edcula de Spielberg que podr\u00e1s disfrutar en Movistar Plus+.\" \/>\n<meta property=\"og:url\" content=\"https:\/\/www.movistar.es\/blog\/movistar-plus\/los-fabelman-ultima-pelicula-spielberg-movistar-plus\/\" \/>\n<meta property=\"og:site_name\" content=\"Movistar blog\" \/>\n<meta property=\"article:published_time\" content=\"2023-09-14T10:21:00+00:00\" \/>\n<meta property=\"article:modified_time\" content=\"2023-09-14T10:21:01+00:00\" \/>\n<meta property=\"og:image\" content=\"https:\/\/www.movistar.es\/blog\/wp-content\/uploads\/sites\/3\/2023\/09\/fabelmans-spielberg-1663063842-1.jpg\" \/>\n\t<meta property=\"og:image:width\" content=\"855\" \/>\n\t<meta property=\"og:image:height\" content=\"481\" \/>\n\t<meta property=\"og:image:type\" content=\"image\/jpeg\" \/>\n<meta name=\"author\" content=\"Juan Carrasco\" \/>\n<meta name=\"twitter:card\" content=\"summary_large_image\" \/>\n<meta name=\"twitter:creator\" content=\"@juan_villain\" \/>\n<meta name=\"twitter:label1\" content=\"Written by\" \/>\n\t<meta name=\"twitter:data1\" content=\"Juan Carrasco\" \/>\n\t<meta name=\"twitter:label2\" content=\"Est. reading time\" \/>\n\t<meta name=\"twitter:data2\" content=\"3 minutos\" \/>\n<script type=\"application\/ld+json\" class=\"yoast-schema-graph\">{\"@context\":\"https:\/\/schema.org\",\"@graph\":[{\"@type\":\"Article\",\"@id\":\"https:\/\/www.movistar.es\/blog\/movistar-plus\/los-fabelman-ultima-pelicula-spielberg-movistar-plus\/#article\",\"isPartOf\":{\"@id\":\"https:\/\/www.movistar.es\/blog\/movistar-plus\/los-fabelman-ultima-pelicula-spielberg-movistar-plus\/\"},\"author\":{\"name\":\"Juan Carrasco\",\"@id\":\"https:\/\/www.movistar.es\/blog\/#\/schema\/person\/aa90a598b429d06707d7bbdcc4ac52bf\"},\"headline\":\"&#8216;Los Fabelman&#8217;, la \u00faltima pel\u00edcula de Spielberg, llega a Movistar Plus+\",\"datePublished\":\"2023-09-14T10:21:00+00:00\",\"dateModified\":\"2023-09-14T10:21:01+00:00\",\"mainEntityOfPage\":{\"@id\":\"https:\/\/www.movistar.es\/blog\/movistar-plus\/los-fabelman-ultima-pelicula-spielberg-movistar-plus\/\"},\"wordCount\":621,\"publisher\":{\"@id\":\"https:\/\/www.movistar.es\/blog\/#organization\"},\"image\":{\"@id\":\"https:\/\/www.movistar.es\/blog\/movistar-plus\/los-fabelman-ultima-pelicula-spielberg-movistar-plus\/#primaryimage\"},\"thumbnailUrl\":\"https:\/\/www.movistar.es\/blog\/wp-content\/uploads\/sites\/3\/2023\/09\/fabelmans-spielberg-1663063842-1.jpg\",\"inLanguage\":\"es\"},{\"@type\":\"WebPage\",\"@id\":\"https:\/\/www.movistar.es\/blog\/movistar-plus\/los-fabelman-ultima-pelicula-spielberg-movistar-plus\/\",\"url\":\"https:\/\/www.movistar.es\/blog\/movistar-plus\/los-fabelman-ultima-pelicula-spielberg-movistar-plus\/\",\"name\":\"Disfruta de 'Los Fabelman' en Movistar Plus+\",\"isPartOf\":{\"@id\":\"https:\/\/www.movistar.es\/blog\/#website\"},\"primaryImageOfPage\":{\"@id\":\"https:\/\/www.movistar.es\/blog\/movistar-plus\/los-fabelman-ultima-pelicula-spielberg-movistar-plus\/#primaryimage\"},\"image\":{\"@id\":\"https:\/\/www.movistar.es\/blog\/movistar-plus\/los-fabelman-ultima-pelicula-spielberg-movistar-plus\/#primaryimage\"},\"thumbnailUrl\":\"https:\/\/www.movistar.es\/blog\/wp-content\/uploads\/sites\/3\/2023\/09\/fabelmans-spielberg-1663063842-1.jpg\",\"datePublished\":\"2023-09-14T10:21:00+00:00\",\"dateModified\":\"2023-09-14T10:21:01+00:00\",\"description\":\"Te contamos todo lo que tienes que saber acerca de 'Los Fabelman', la \u00faltima pel\u00edcula de Spielberg que podr\u00e1s disfrutar en Movistar Plus+.\",\"breadcrumb\":{\"@id\":\"https:\/\/www.movistar.es\/blog\/movistar-plus\/los-fabelman-ultima-pelicula-spielberg-movistar-plus\/#breadcrumb\"},\"inLanguage\":\"es\",\"potentialAction\":[{\"@type\":\"ReadAction\",\"target\":[\"https:\/\/www.movistar.es\/blog\/movistar-plus\/los-fabelman-ultima-pelicula-spielberg-movistar-plus\/\"]}]},{\"@type\":\"ImageObject\",\"inLanguage\":\"es\",\"@id\":\"https:\/\/www.movistar.es\/blog\/movistar-plus\/los-fabelman-ultima-pelicula-spielberg-movistar-plus\/#primaryimage\",\"url\":\"https:\/\/www.movistar.es\/blog\/wp-content\/uploads\/sites\/3\/2023\/09\/fabelmans-spielberg-1663063842-1.jpg\",\"contentUrl\":\"https:\/\/www.movistar.es\/blog\/wp-content\/uploads\/sites\/3\/2023\/09\/fabelmans-spielberg-1663063842-1.jpg\",\"width\":855,\"height\":481,\"caption\":\"los fabelman\"},{\"@type\":\"BreadcrumbList\",\"@id\":\"https:\/\/www.movistar.es\/blog\/movistar-plus\/los-fabelman-ultima-pelicula-spielberg-movistar-plus\/#breadcrumb\",\"itemListElement\":[{\"@type\":\"ListItem\",\"position\":1,\"name\":\"Home\",\"item\":\"https:\/\/www.movistar.es\/blog\/\"},{\"@type\":\"ListItem\",\"position\":2,\"name\":\"&#8216;Los Fabelman&#8217;, la \u00faltima pel\u00edcula de Spielberg, llega a Movistar Plus+\"}]},{\"@type\":\"WebSite\",\"@id\":\"https:\/\/www.movistar.es\/blog\/#website\",\"url\":\"https:\/\/www.movistar.es\/blog\/\",\"name\":\"Movistar blog\",\"description\":\"Movistar Blog. Informaci\u00f3n y m\u00e1s sobre los productos y servicios de Movistar\",\"publisher\":{\"@id\":\"https:\/\/www.movistar.es\/blog\/#organization\"},\"potentialAction\":[{\"@type\":\"SearchAction\",\"target\":{\"@type\":\"EntryPoint\",\"urlTemplate\":\"https:\/\/www.movistar.es\/blog\/?s={search_term_string}\"},\"query-input\":{\"@type\":\"PropertyValueSpecification\",\"valueRequired\":true,\"valueName\":\"search_term_string\"}}],\"inLanguage\":\"es\"},{\"@type\":\"Organization\",\"@id\":\"https:\/\/www.movistar.es\/blog\/#organization\",\"name\":\"Movistar blog\",\"url\":\"https:\/\/www.movistar.es\/blog\/\",\"logo\":{\"@type\":\"ImageObject\",\"inLanguage\":\"es\",\"@id\":\"https:\/\/www.movistar.es\/blog\/#\/schema\/logo\/image\/\",\"url\":\"https:\/\/www.movistar.es\/blog\/wp-content\/uploads\/sites\/3\/2022\/05\/logo_movistar-1.svg\",\"contentUrl\":\"https:\/\/www.movistar.es\/blog\/wp-content\/uploads\/sites\/3\/2022\/05\/logo_movistar-1.svg\",\"width\":369,\"height\":272,\"caption\":\"Movistar blog\"},\"image\":{\"@id\":\"https:\/\/www.movistar.es\/blog\/#\/schema\/logo\/image\/\"}},{\"@type\":\"Person\",\"@id\":\"https:\/\/www.movistar.es\/blog\/#\/schema\/person\/aa90a598b429d06707d7bbdcc4ac52bf\",\"name\":\"Juan Carrasco\",\"image\":{\"@type\":\"ImageObject\",\"inLanguage\":\"es\",\"@id\":\"https:\/\/www.movistar.es\/blog\/#\/schema\/person\/image\/7421c948a853e8c530a92c2fadaedff4\",\"url\":\"https:\/\/secure.gravatar.com\/avatar\/6429585a3827db718673dd63fffad1d627420ccb06536b49762c4345a5b61954\",\"contentUrl\":\"https:\/\/secure.gravatar.com\/avatar\/6429585a3827db718673dd63fffad1d627420ccb06536b49762c4345a5b61954\",\"caption\":\"Juan Carrasco\"},\"description\":\"Juan Carrasco cuenta con un grado universitario en Literatura General y Comparada y un m\u00e1ster en Cr\u00edtica y Comunicaci\u00f3n Cultural. Actualmente, forma parte del equipo de redacci\u00f3n de Movistar eSports, medio referente de gaming, esports y entretenimiento digital. Desde que agarr\u00f3 una Game Boy por primera vez, no ha podido dejar de ver el mundo en 8 bits.\",\"sameAs\":[\"https:\/\/x.com\/juan_villain\"],\"knowsAbout\":[\"gaming\",\"consolas\",\"videojuegos\",\"streaming\"],\"url\":\"https:\/\/www.movistar.es\/blog\/author\/jasensio\/\"}]}<\/script>\n<!-- \/ Yoast SEO Premium plugin. -->","yoast_head_json":{"title":"Disfruta de 'Los Fabelman' en Movistar Plus+","description":"Te contamos todo lo que tienes que saber acerca de 'Los Fabelman', la \u00faltima pel\u00edcula de Spielberg que podr\u00e1s disfrutar en Movistar Plus+.","robots":{"index":"index","follow":"follow","max-snippet":"max-snippet:-1","max-image-preview":"max-image-preview:large","max-video-preview":"max-video-preview:-1"},"canonical":"https:\/\/www.movistar.es\/blog\/movistar-plus\/los-fabelman-ultima-pelicula-spielberg-movistar-plus\/","og_locale":"es_ES","og_type":"article","og_title":"'Los Fabelman', la \u00faltima pel\u00edcula de Spielberg, llega a Movistar Plus+","og_description":"Te contamos todo lo que tienes que saber acerca de 'Los Fabelman', la \u00faltima pel\u00edcula de Spielberg que podr\u00e1s disfrutar en Movistar Plus+.","og_url":"https:\/\/www.movistar.es\/blog\/movistar-plus\/los-fabelman-ultima-pelicula-spielberg-movistar-plus\/","og_site_name":"Movistar blog","article_published_time":"2023-09-14T10:21:00+00:00","article_modified_time":"2023-09-14T10:21:01+00:00","og_image":[{"width":855,"height":481,"url":"https:\/\/www.movistar.es\/blog\/wp-content\/uploads\/sites\/3\/2023\/09\/fabelmans-spielberg-1663063842-1.jpg","type":"image\/jpeg"}],"author":"Juan Carrasco","twitter_card":"summary_large_image","twitter_creator":"@juan_villain","twitter_misc":{"Written by":"Juan Carrasco","Est. reading time":"3 minutos"},"schema":{"@context":"https:\/\/schema.org","@graph":[{"@type":"Article","@id":"https:\/\/www.movistar.es\/blog\/movistar-plus\/los-fabelman-ultima-pelicula-spielberg-movistar-plus\/#article","isPartOf":{"@id":"https:\/\/www.movistar.es\/blog\/movistar-plus\/los-fabelman-ultima-pelicula-spielberg-movistar-plus\/"},"author":{"name":"Juan Carrasco","@id":"https:\/\/www.movistar.es\/blog\/#\/schema\/person\/aa90a598b429d06707d7bbdcc4ac52bf"},"headline":"&#8216;Los Fabelman&#8217;, la \u00faltima pel\u00edcula de Spielberg, llega a Movistar Plus+","datePublished":"2023-09-14T10:21:00+00:00","dateModified":"2023-09-14T10:21:01+00:00","mainEntityOfPage":{"@id":"https:\/\/www.movistar.es\/blog\/movistar-plus\/los-fabelman-ultima-pelicula-spielberg-movistar-plus\/"},"wordCount":621,"publisher":{"@id":"https:\/\/www.movistar.es\/blog\/#organization"},"image":{"@id":"https:\/\/www.movistar.es\/blog\/movistar-plus\/los-fabelman-ultima-pelicula-spielberg-movistar-plus\/#primaryimage"},"thumbnailUrl":"https:\/\/www.movistar.es\/blog\/wp-content\/uploads\/sites\/3\/2023\/09\/fabelmans-spielberg-1663063842-1.jpg","inLanguage":"es"},{"@type":"WebPage","@id":"https:\/\/www.movistar.es\/blog\/movistar-plus\/los-fabelman-ultima-pelicula-spielberg-movistar-plus\/","url":"https:\/\/www.movistar.es\/blog\/movistar-plus\/los-fabelman-ultima-pelicula-spielberg-movistar-plus\/","name":"Disfruta de 'Los Fabelman' en Movistar Plus+","isPartOf":{"@id":"https:\/\/www.movistar.es\/blog\/#website"},"primaryImageOfPage":{"@id":"https:\/\/www.movistar.es\/blog\/movistar-plus\/los-fabelman-ultima-pelicula-spielberg-movistar-plus\/#primaryimage"},"image":{"@id":"https:\/\/www.movistar.es\/blog\/movistar-plus\/los-fabelman-ultima-pelicula-spielberg-movistar-plus\/#primaryimage"},"thumbnailUrl":"https:\/\/www.movistar.es\/blog\/wp-content\/uploads\/sites\/3\/2023\/09\/fabelmans-spielberg-1663063842-1.jpg","datePublished":"2023-09-14T10:21:00+00:00","dateModified":"2023-09-14T10:21:01+00:00","description":"Te contamos todo lo que tienes que saber acerca de 'Los Fabelman', la \u00faltima pel\u00edcula de Spielberg que podr\u00e1s disfrutar en Movistar Plus+.","breadcrumb":{"@id":"https:\/\/www.movistar.es\/blog\/movistar-plus\/los-fabelman-ultima-pelicula-spielberg-movistar-plus\/#breadcrumb"},"inLanguage":"es","potentialAction":[{"@type":"ReadAction","target":["https:\/\/www.movistar.es\/blog\/movistar-plus\/los-fabelman-ultima-pelicula-spielberg-movistar-plus\/"]}]},{"@type":"ImageObject","inLanguage":"es","@id":"https:\/\/www.movistar.es\/blog\/movistar-plus\/los-fabelman-ultima-pelicula-spielberg-movistar-plus\/#primaryimage","url":"https:\/\/www.movistar.es\/blog\/wp-content\/uploads\/sites\/3\/2023\/09\/fabelmans-spielberg-1663063842-1.jpg","contentUrl":"https:\/\/www.movistar.es\/blog\/wp-content\/uploads\/sites\/3\/2023\/09\/fabelmans-spielberg-1663063842-1.jpg","width":855,"height":481,"caption":"los fabelman"},{"@type":"BreadcrumbList","@id":"https:\/\/www.movistar.es\/blog\/movistar-plus\/los-fabelman-ultima-pelicula-spielberg-movistar-plus\/#breadcrumb","itemListElement":[{"@type":"ListItem","position":1,"name":"Home","item":"https:\/\/www.movistar.es\/blog\/"},{"@type":"ListItem","position":2,"name":"&#8216;Los Fabelman&#8217;, la \u00faltima pel\u00edcula de Spielberg, llega a Movistar Plus+"}]},{"@type":"WebSite","@id":"https:\/\/www.movistar.es\/blog\/#website","url":"https:\/\/www.movistar.es\/blog\/","name":"Movistar blog","description":"Movistar Blog. Informaci\u00f3n y m\u00e1s sobre los productos y servicios de Movistar","publisher":{"@id":"https:\/\/www.movistar.es\/blog\/#organization"},"potentialAction":[{"@type":"SearchAction","target":{"@type":"EntryPoint","urlTemplate":"https:\/\/www.movistar.es\/blog\/?s={search_term_string}"},"query-input":{"@type":"PropertyValueSpecification","valueRequired":true,"valueName":"search_term_string"}}],"inLanguage":"es"},{"@type":"Organization","@id":"https:\/\/www.movistar.es\/blog\/#organization","name":"Movistar blog","url":"https:\/\/www.movistar.es\/blog\/","logo":{"@type":"ImageObject","inLanguage":"es","@id":"https:\/\/www.movistar.es\/blog\/#\/schema\/logo\/image\/","url":"https:\/\/www.movistar.es\/blog\/wp-content\/uploads\/sites\/3\/2022\/05\/logo_movistar-1.svg","contentUrl":"https:\/\/www.movistar.es\/blog\/wp-content\/uploads\/sites\/3\/2022\/05\/logo_movistar-1.svg","width":369,"height":272,"caption":"Movistar blog"},"image":{"@id":"https:\/\/www.movistar.es\/blog\/#\/schema\/logo\/image\/"}},{"@type":"Person","@id":"https:\/\/www.movistar.es\/blog\/#\/schema\/person\/aa90a598b429d06707d7bbdcc4ac52bf","name":"Juan Carrasco","image":{"@type":"ImageObject","inLanguage":"es","@id":"https:\/\/www.movistar.es\/blog\/#\/schema\/person\/image\/7421c948a853e8c530a92c2fadaedff4","url":"https:\/\/secure.gravatar.com\/avatar\/6429585a3827db718673dd63fffad1d627420ccb06536b49762c4345a5b61954","contentUrl":"https:\/\/secure.gravatar.com\/avatar\/6429585a3827db718673dd63fffad1d627420ccb06536b49762c4345a5b61954","caption":"Juan Carrasco"},"description":"Juan Carrasco cuenta con un grado universitario en Literatura General y Comparada y un m\u00e1ster en Cr\u00edtica y Comunicaci\u00f3n Cultural. Actualmente, forma parte del equipo de redacci\u00f3n de Movistar eSports, medio referente de gaming, esports y entretenimiento digital. Desde que agarr\u00f3 una Game Boy por primera vez, no ha podido dejar de ver el mundo en 8 bits.","sameAs":["https:\/\/x.com\/juan_villain"],"knowsAbout":["gaming","consolas","videojuegos","streaming"],"url":"https:\/\/www.movistar.es\/blog\/author\/jasensio\/"}]}},"jetpack_featured_media_url":"https:\/\/www.movistar.es\/blog\/wp-content\/uploads\/sites\/3\/2023\/09\/fabelmans-spielberg-1663063842-1.jpg","jetpack_sharing_enabled":true,"_links":{"self":[{"href":"https:\/\/www.movistar.es\/blog\/wp-json\/wp\/v2\/posts\/17176","targetHints":{"allow":["GET"]}}],"collection":[{"href":"https:\/\/www.movistar.es\/blog\/wp-json\/wp\/v2\/posts"}],"about":[{"href":"https:\/\/www.movistar.es\/blog\/wp-json\/wp\/v2\/types\/post"}],"author":[{"embeddable":true,"href":"https:\/\/www.movistar.es\/blog\/wp-json\/wp\/v2\/users\/82"}],"replies":[{"embeddable":true,"href":"https:\/\/www.movistar.es\/blog\/wp-json\/wp\/v2\/comments?post=17176"}],"version-history":[{"count":5,"href":"https:\/\/www.movistar.es\/blog\/wp-json\/wp\/v2\/posts\/17176\/revisions"}],"predecessor-version":[{"id":17188,"href":"https:\/\/www.movistar.es\/blog\/wp-json\/wp\/v2\/posts\/17176\/revisions\/17188"}],"wp:featuredmedia":[{"embeddable":true,"href":"https:\/\/www.movistar.es\/blog\/wp-json\/wp\/v2\/media\/17177"}],"wp:attachment":[{"href":"https:\/\/www.movistar.es\/blog\/wp-json\/wp\/v2\/media?parent=17176"}],"wp:term":[{"taxonomy":"category","embeddable":true,"href":"https:\/\/www.movistar.es\/blog\/wp-json\/wp\/v2\/categories?post=17176"},{"taxonomy":"post_tag","embeddable":true,"href":"https:\/\/www.movistar.es\/blog\/wp-json\/wp\/v2\/tags?post=17176"},{"taxonomy":"area","embeddable":true,"href":"https:\/\/www.movistar.es\/blog\/wp-json\/wp\/v2\/area?post=17176"},{"taxonomy":"cluster","embeddable":true,"href":"https:\/\/www.movistar.es\/blog\/wp-json\/wp\/v2\/cluster?post=17176"},{"taxonomy":"linea_editorial","embeddable":true,"href":"https:\/\/www.movistar.es\/blog\/wp-json\/wp\/v2\/linea_editorial?post=17176"},{"taxonomy":"author","embeddable":true,"href":"https:\/\/www.movistar.es\/blog\/wp-json\/wp\/v2\/coauthors?post=17176"}],"curies":[{"name":"wp","href":"https:\/\/api.w.org\/{rel}","templated":true}]}}