{"id":17010,"date":"2023-09-09T09:00:00","date_gmt":"2023-09-09T07:00:00","guid":{"rendered":"https:\/\/www.movistar.es\/blog\/?p=17010"},"modified":"2024-04-29T15:02:16","modified_gmt":"2024-04-29T13:02:16","slug":"calendario-champions-2023","status":"publish","type":"post","link":"https:\/\/www.movistar.es\/blog\/movistar-plus\/calendario-champions-2023\/","title":{"rendered":"Prep\u00e1rate para la nueva temporada con el calendario Champions League 2023\/24"},"content":{"rendered":"\n<p>Tras la victoria del <strong>Manchester City<\/strong> ante el <strong>Inter de Mil\u00e1n<\/strong> en la final de Estambul, el calendario de la <strong>Champions League 2023 <\/strong>ya est\u00e1 listo y preparado para empezar a tachar fechas. La 2023\/24 ser\u00e1 la 69\u00aa edici\u00f3n de la Liga de Campeones, en la que el conjunto de Pep Guardiola tratar\u00e1 de revalidar el t\u00edtulo. Adem\u00e1s, este a\u00f1o contamos con la presencia de un total de cinco equipos espa\u00f1oles, por lo que estaremos m\u00e1s pendientes que nunca.<\/p>\n\n\n\n<p>Si quieres saber todo sobre la Champions League 2023 y quieres saber c\u00f3mo puedes ver la competici\u00f3n gracias a <strong><a href=\"https:\/\/www.movistar.es\/particulares\/movistarplus\/tv-futbol\" target=\"_blank\" rel=\"noreferrer noopener\">Movistar Plus+<\/a><\/strong>, te recomendamos que sigas leyendo para no perderte nada.<\/p>\n\n\n\n<h2 class=\"wp-block-heading\" id=\"h-calendario-champions-league-2023\">Calendario Champions League 2023<\/h2>\n\n\n\n<p>Con septiembre reci\u00e9n comenzado, ya conocemos cu\u00e1l ser\u00e1 el calendario de la Champions League 2023. Como ya es tradici\u00f3n, los partidos de la Champions 2023\/2024 volver\u00e1n a ser a las <strong>21:00 horas<\/strong>, aunque dos partidos martes y mi\u00e9rcoles ser\u00e1n a las <strong>18:45 horas<\/strong>.<\/p>\n\n\n\n<p>Las fechas de cada ronda en la pr\u00f3xima Liga de Campeones 2023\/2024 son las siguientes:<\/p>\n\n\n\n<p><strong>Rondas previas de clasificaci\u00f3n<\/strong><\/p>\n\n\n\n<ul class=\"wp-block-list\"><li>Semifinales ronda preliminar: 27 de junio de 2023<\/li><li>Final ronda preliminar: 30 de junio de 2023<\/li><li>Primera ronda de clasificaci\u00f3n: 11\/12 y 18\/19 de julio de 2023<\/li><li>Segunda ronda de clasificaci\u00f3n: 25\/26 y 1\/2 de agosto de 2023<\/li><li>Tercera ronda de clasificaci\u00f3n: 8\/9 y 15 de agosto de 2023<\/li><li>Play-offs: 22\/23 y 29\/30 de agosto de 2023<\/li><\/ul>\n\n\n\n<p><strong>Fechas de las jornadas de la fase de grupos de la Champions League 23\/24<\/strong><\/p>\n\n\n\n<ul class=\"wp-block-list\"><li>Sorteo: 31 de agosto de 2023<\/li><li>Jornada 1: 19\/20 de septiembre de 2023<\/li><li>J2: 3\/4 de octubre de 2023<\/li><li>J3: 24\/25 de octubre de 2023<\/li><li>J4: 7\/8 de noviembre de 2023<\/li><li>J5: 28\/29 de noviembre de 2023<\/li><li>J6: 12\u201313 de diciembre de 2023<\/li><\/ul>\n\n\n\n<p><strong>Fechas de los octavos de final<\/strong><\/p>\n\n\n\n<ul class=\"wp-block-list\"><li>Sorteo: 18 de diciembre de 2023<\/li><\/ul>\n\n\n\n<p><strong>Partidos de ida: 13\/14 y 20\/21 de febrero de 2024<\/strong><\/p>\n\n\n\n<ul class=\"wp-block-list\"><li><strong>13 de febrero<\/strong><\/li><li>Copenhague &#8211; Manchester City<\/li><li>Leipzig &#8211; Real Madrid<\/li><\/ul>\n\n\n\n<ul class=\"wp-block-list\"><li><strong>14 de febrero<\/strong><\/li><li>Paris Saint Germain &#8211; Real Sociedad<\/li><li>Lazio Roma &#8211; Bayern<\/li><\/ul>\n\n\n\n<ul class=\"wp-block-list\"><li><strong>20 de febrero<\/strong><\/li><li>Inter Mil\u00e1n &#8211; Atl\u00e9tico de Madrid<\/li><li>PSV Eindhoven &#8211; Borussia Dortmund<\/li><\/ul>\n\n\n\n<ul class=\"wp-block-list\"><li><strong>21 de febrero<\/strong><\/li><li>Oporto &#8211; Arsenal<\/li><li>N\u00e1poles &#8211; Barcelona<\/li><\/ul>\n\n\n\n<p><strong>Partidos de vuelta: 5\/6 y 12\/13 de marzo de 2024<\/strong><\/p>\n\n\n\n<ul class=\"wp-block-list\"><li><strong>5 de marzo<\/strong><\/li><li>Real Sociedad &#8211; Par\u00eds Saint Germain<\/li><li>Bayern &#8211; Lazio Roma<\/li><\/ul>\n\n\n\n<ul class=\"wp-block-list\"><li><strong>6 de marzo<\/strong><\/li><li>Manchester City &#8211; Copenhague<\/li><li>Real Madrid &#8211; Leipzig<\/li><\/ul>\n\n\n\n<ul class=\"wp-block-list\"><li><strong>12 de marzo<\/strong><\/li><li>Arsenal  &#8211; Oporto<\/li><li>Barcelona &#8211; N\u00e1poles<\/li><\/ul>\n\n\n\n<ul class=\"wp-block-list\"><li><strong>13 de marzo<\/strong><\/li><li>Atl\u00e9tico de Madrid &#8211; Inter de Mil\u00e1n<\/li><li>Borussia Dortmund &#8211; PSV Eindhoven<\/li><\/ul>\n\n\n\n<p><strong>Fechas de los cuartos de final<\/strong><\/p>\n\n\n\n<p><strong>Jornada 9<\/strong> <strong>&#8211; partidos de ida 9 y 10 de abril de 2024<\/strong><\/p>\n\n\n\n<ul class=\"wp-block-list\"><li>Arsenal &#8211; Bayern M\u00fanich &#8211; 9 abril a las 21:00<\/li><li>Real Madrid &#8211;  Manchester City &#8211; 9 abril a las 21:00h<\/li><li>Atl\u00e9tico de Madrid &#8211; Borussia Dortmund &#8211; 10 abril a las 21:00h<\/li><li>PSG &#8211; Barcelona &#8211; 10 abril a las 21:00h<\/li><\/ul>\n\n\n\n<p><strong>Jornada 10 &#8211; partidos de vuelta: 16 y 17 de abril de 2024<\/strong><\/p>\n\n\n\n<ul class=\"wp-block-list\"><li>Barcelona &#8211; PSG &#8211; 16 abril a las 21:00<\/li><li>Borussia Dortmund &#8211; Atl\u00e9tico &#8211; 16 abril a las 21:00h<\/li><li>Bayern M\u00fanich &#8211; Arsenal &#8211; 17 abril a las 21:00h<\/li><li>Manchester City &#8211; Real Madrid &#8211; 17 abril a las 21:00h<\/li><\/ul>\n\n\n\n<p><strong>Fechas de las semifinales<\/strong><\/p>\n\n\n\n<p>Partidos de ida:<\/p>\n\n\n\n<ul class=\"wp-block-list\"><li><strong>Bayern de M\u00fanich \u2013 Real Madrid<\/strong>. Martes 30 de abril a las 21:00h.<\/li><li><strong>Borussia Dortmund \u2013 PSG<\/strong>. Mi\u00e9rcoles 1 de mayo a las 21:00h.<\/li><\/ul>\n\n\n\n<p>Partidos de vuelta: <\/p>\n\n\n\n<ul class=\"wp-block-list\"><li>PSG &#8211; Borussia Dortmund. Martes 7 de mayo a las 21:00h.<\/li><li>Real Madrid &#8211; Bayern de M\u00fanich- Mi\u00e9rcoles 8 de mayo a las 21:00h.<\/li><\/ul>\n\n\n\n<p><strong>Final<\/strong><\/p>\n\n\n\n<ul class=\"wp-block-list\"><li>S\u00e1bado 1 de junio de 2024 &#8211; Wembley<\/li><\/ul>\n\n\n\n<figure class=\"wp-block-image size-large\"><img loading=\"lazy\" decoding=\"async\" height=\"576\" width=\"1024\" src=\"https:\/\/www.movistar.es\/blog\/wp-content\/uploads\/sites\/3\/2023\/09\/cea4eb0b-08a3-43e1-8eb2-7896aa7c861c_alta-libre-aspect-ratio_default_0.jpg?w=1024\" alt=\"calendario champions 2023\" class=\"wp-image-17015\" srcset=\"https:\/\/www.movistar.es\/blog\/wp-content\/uploads\/sites\/3\/2023\/09\/cea4eb0b-08a3-43e1-8eb2-7896aa7c861c_alta-libre-aspect-ratio_default_0.jpg 1200w, https:\/\/www.movistar.es\/blog\/wp-content\/uploads\/sites\/3\/2023\/09\/cea4eb0b-08a3-43e1-8eb2-7896aa7c861c_alta-libre-aspect-ratio_default_0.jpg?resize=300,169 300w, https:\/\/www.movistar.es\/blog\/wp-content\/uploads\/sites\/3\/2023\/09\/cea4eb0b-08a3-43e1-8eb2-7896aa7c861c_alta-libre-aspect-ratio_default_0.jpg?resize=768,432 768w, https:\/\/www.movistar.es\/blog\/wp-content\/uploads\/sites\/3\/2023\/09\/cea4eb0b-08a3-43e1-8eb2-7896aa7c861c_alta-libre-aspect-ratio_default_0.jpg?resize=1024,576 1024w\" sizes=\"auto, (max-width: 1024px) 100vw, 1024px\" \/><\/figure>\n\n\n\n<h2 class=\"wp-block-heading\" id=\"h-los-equipos-espanoles-de-la-champions-league-2023\">Los equipos espa\u00f1oles de la Champions League 2023<\/h2>\n\n\n\n<p>La participaci\u00f3n de equipos espa\u00f1oles en la Champions League es realmente abundante. Y es que, en esta ocasi\u00f3n, nos encontramos con un total de 5 equipos espa\u00f1oles que buscar\u00e1n dejar su huella en el calendario de Champions 2023. <\/p>\n\n\n\n<p>Por un lado, tenemos al cl\u00e1sico entre los cl\u00e1sicos. Estamos hablando, claro, del <strong><a href=\"https:\/\/www.movistar.es\/blog\/movistar-plus\/real-madrid-fc-barcelona-primer-clasico\/\" target=\"_blank\" rel=\"noreferrer noopener\">Real Madrid<\/a><\/strong>, uno de los clubes m\u00e1s laureados en la historia de la Champions League con el doble de Champions que el predecesor, que competir\u00e1 una vez m\u00e1s por el t\u00edtulo. Tras una temporada en la que quedaron en segundo lugar en LALIGA EA SPORTS, los blancos est\u00e1n ansiosos por recuperar su dominio europeo.<\/p>\n\n\n\n<p>Por otro lado, el <strong>FC Barcelona<\/strong>, como vigente campe\u00f3n de LALIGA EA SPORTS, buscar\u00e1 extender su \u00e9xito a nivel continental. Los cul\u00e9s siempre son un equipo a tener en cuenta en la Champions League, y este a\u00f1o tratar\u00e1n de alzarse con la gloria europea. Tambi\u00e9n est\u00e1 ansioso por demostrar que puede competir al m\u00e1s alto nivel en Europa el <strong><a href=\"https:\/\/www.movistar.es\/blog\/movistar-plus\/sevilla-manchester-city-movistar-plus\/\" target=\"_blank\" rel=\"noreferrer noopener\">Sevilla<\/a><\/strong>, actual campe\u00f3n de la <a href=\"https:\/\/www.movistar.es\/blog\/movistar-plus\/calendario-europa-league-2023-2024-fechas-partidos-equipos\/\" target=\"_blank\" rel=\"noreferrer noopener\">Europa League<\/a>.<\/p>\n\n\n\n<p>Para finalizar, nos encontramos con el <strong>Atl\u00e9tico de Madrid<\/strong> y la <strong>Real Sociedad<\/strong>, dos equipos que aseguraron su puesto en Champions tras quedar tercero y cuarto, respectivamente, en LALIGA EA SPORTS. <\/p>\n\n\n\n<p>Con la rica historia y el talento que estos equipos espa\u00f1oles aportan al calendario de la Champions League 2023, los aficionados al <a href=\"https:\/\/www.movistar.es\/blog\/movistar-plus\/laliga-ver-todo-el-futbol-movistar\/\" target=\"_blank\" rel=\"noreferrer noopener\">f\u00fatbol<\/a> pueden esperar emocionantes encuentros y momentos memorables en esta competici\u00f3n. Sin duda, este a\u00f1o apunta a ser memorable para nuestro pa\u00eds en t\u00e9rminos futbol\u00edsticos. Las noches europeas prometen no decepcionar a nadie.<\/p>\n\n\n\n<h2 class=\"wp-block-heading\" id=\"h-grupos-de-la-competicion\">Grupos de la competici\u00f3n<\/h2>\n\n\n\n<p>No solo conocemos el calendario de la Champions 2023, sino tambi\u00e9n los grupos que componen la primera fase de la competici\u00f3n. Son los siguientes:<\/p>\n\n\n\n<p><strong>Grupo A<\/strong><\/p>\n\n\n\n<ul class=\"wp-block-list\"><li>Bayern Munich (ALE)<\/li><li>Manchester United (ING)<\/li><li>Copenhague (DIN)<\/li><li>Galatasaray (TUR)<\/li><\/ul>\n\n\n\n<p><strong>Grupo B<\/strong><\/p>\n\n\n\n<ul class=\"wp-block-list\"><li>Sevilla (ESP)<\/li><li>Arsenal (ING)<\/li><li>PSV Eindhoven (NED)<\/li><li>Lens (FRA)<\/li><\/ul>\n\n\n\n<p><strong>Grupo C<\/strong><\/p>\n\n\n\n<ul class=\"wp-block-list\"><li>Napoli (ITA)<\/li><li>Real Madrid (ESP)<\/li><li>Sporting Braga (POR)<\/li><li>Uni\u00f3n Berl\u00edn (ALE)<\/li><\/ul>\n\n\n\n<p><strong>Grupo D<\/strong><\/p>\n\n\n\n<ul class=\"wp-block-list\"><li>Benfica (POR)<\/li><li>Inter de Mil\u00e1n (ITA)<\/li><li>FC Salzburgo (AUS)<\/li><li>Real Sociedad (ESP)<\/li><\/ul>\n\n\n\n<p><strong>Grupo E<\/strong><\/p>\n\n\n\n<ul class=\"wp-block-list\"><li>Feyenoord (NED)<\/li><li>Atl\u00e9tico de Madrid (ESP)<\/li><li>Lazio (ITA)<\/li><li>Celtic (ESC)<\/li><\/ul>\n\n\n\n<p><strong>Grupo F<\/strong><\/p>\n\n\n\n<ul class=\"wp-block-list\"><li>PSG (FRA)<\/li><li>Borussia Dortmund (ALE)<\/li><li>AC Milan (ITA)<\/li><li>Newcastle (ING)<\/li><\/ul>\n\n\n\n<p><strong>Grupo G<\/strong><\/p>\n\n\n\n<ul class=\"wp-block-list\"><li>Manchester City (ING)<\/li><li>RB Leipzig (ALE)<\/li><li>Estrella Roja (SER)<\/li><li>Young Boys (SUI)<\/li><\/ul>\n\n\n\n<p><strong>Grupo H<\/strong><\/p>\n\n\n\n<ul class=\"wp-block-list\"><li>Barcelona (ESP)<\/li><li>Porto (POR)<\/li><li>Shakhtar Donetsk (UCR)<\/li><li>Royal Antwerp (BEL)<\/li><\/ul>\n\n\n\n<figure class=\"wp-block-image size-large\"><img loading=\"lazy\" decoding=\"async\" height=\"683\" width=\"1024\" src=\"https:\/\/www.movistar.es\/blog\/wp-content\/uploads\/sites\/3\/2023\/09\/ccbc4cc4-50cc-4169-b363-868825fdef27_alta-libre-aspect-ratio_default_0.jpg?w=1024\" alt=\"calendario champions 2023\" class=\"wp-image-17016\" srcset=\"https:\/\/www.movistar.es\/blog\/wp-content\/uploads\/sites\/3\/2023\/09\/ccbc4cc4-50cc-4169-b363-868825fdef27_alta-libre-aspect-ratio_default_0.jpg 1200w, https:\/\/www.movistar.es\/blog\/wp-content\/uploads\/sites\/3\/2023\/09\/ccbc4cc4-50cc-4169-b363-868825fdef27_alta-libre-aspect-ratio_default_0.jpg?resize=300,200 300w, https:\/\/www.movistar.es\/blog\/wp-content\/uploads\/sites\/3\/2023\/09\/ccbc4cc4-50cc-4169-b363-868825fdef27_alta-libre-aspect-ratio_default_0.jpg?resize=768,512 768w, https:\/\/www.movistar.es\/blog\/wp-content\/uploads\/sites\/3\/2023\/09\/ccbc4cc4-50cc-4169-b363-868825fdef27_alta-libre-aspect-ratio_default_0.jpg?resize=1024,683 1024w\" sizes=\"auto, (max-width: 1024px) 100vw, 1024px\" \/><\/figure>\n\n\n\n<h2 class=\"wp-block-heading\" id=\"h-donde-ver-el-futbol-europeo-con-movistar-plus\">D\u00f3nde ver el f\u00fatbol europeo con Movistar Plus+<\/h2>\n\n\n\n<p>Si deseas disfrutar de todos los emocionantes momentos que est\u00e1n por venir en el calendario de la Champions League 2023, Movistar Plus+ es tu destino definitivo. Con m\u00e1s de 30 a\u00f1os de experiencia, <strong>Movistar Plus+<\/strong> ofrece una amplia cobertura del f\u00fatbol, brind\u00e1ndote acceso a los mejores programas y comentaristas en<a href=\"https:\/\/www.movistarplus.es\/casadelfutbol?_ga=2.105247747.1030584684.1693809175-1962045326.1685691595\" target=\"_blank\" rel=\"noreferrer noopener\"><strong> #LaCasaDelF\u00fatbol<\/strong><\/a>.<\/p>\n\n\n\n<p><strong>Si eres cliente de miMovistar <\/strong>puedes disfrutar de LALIGA con todos los partidos de <strong>LALIGA EA SPORTS y LALIGA HYPERMOTION<\/strong>, contratando el paquete <a href=\"https:\/\/www.movistar.es\/tv\/\"><strong>Futbol total<\/strong>.<\/a> Simplemente tendr\u00e1s que sintonizar el canal correspondiente en Movistar Plus+ para acceder a la cobertura completa. Adem\u00e1s, con la opci\u00f3n<strong> UEFA Champions League y UEFA Europa League<\/strong>, puedes experimentar la emoci\u00f3n de las competiciones de UEFA de primer nivel, incluyendo, tambi\u00e9n, la<strong> Conference League<\/strong>.<\/p>\n\n\n\n<p>Como puedes comprobar, si eres un amante del f\u00fatbol, <strong><a href=\"https:\/\/www.movistar.es\/particulares\/mimovistar\/\" target=\"_blank\" rel=\"noreferrer noopener\">Movistar Plus+ <\/a><\/strong>es tu plataforma para no perderte ni un solo momento de la acci\u00f3n en Europa. \u00a1Prep\u00e1rate para una temporada inolvidable!<\/p>\n\n\n\n<p>Adem\u00e1s si te gusta el baloncesto, el golf, el cine, las series&#8230;.en Movistar tienes&nbsp;<strong>todo el deporte<\/strong>&nbsp;y el mejor&nbsp;<strong>entretenimiento<\/strong>. Podr\u00e1s elegir el pack que mejor se adapte a tus necesidades como, por ejemplo, el paquete&nbsp;<strong>Deportes Total<\/strong>, que incluye todo el deporte.<\/p>\n","protected":false},"excerpt":{"rendered":"<p>Tras la victoria del Manchester City ante el Inter de Mil\u00e1n en la final de Estambul, el calendario de la Champions League 2023 ya est\u00e1 listo y preparado para empezar a tachar fechas. La 2023\/24 [&hellip;]<\/p>\n","protected":false},"author":82,"featured_media":17014,"comment_status":"closed","ping_status":"closed","sticky":false,"template":"","format":"standard","meta":{"site-sidebar-layout":"default","site-content-layout":"","ast-site-content-layout":"","site-content-style":"default","site-sidebar-style":"default","ast-global-header-display":"","ast-banner-title-visibility":"","ast-main-header-display":"","ast-hfb-above-header-display":"","ast-hfb-below-header-display":"","ast-hfb-mobile-header-display":"","site-post-title":"","ast-breadcrumbs-content":"","ast-featured-img":"","footer-sml-layout":"","theme-transparent-header-meta":"","adv-header-id-meta":"","stick-header-meta":"","header-above-stick-meta":"","header-main-stick-meta":"","header-below-stick-meta":"","astra-migrate-meta-layouts":"default","ast-page-background-enabled":"default","ast-page-background-meta":{"desktop":{"background-color":"var(--ast-global-color-4)","background-image":"","background-repeat":"repeat","background-position":"center center","background-size":"auto","background-attachment":"scroll","background-type":"","background-media":"","overlay-type":"","overlay-color":"","overlay-opacity":"","overlay-gradient":""},"tablet":{"background-color":"","background-image":"","background-repeat":"repeat","background-position":"center center","background-size":"auto","background-attachment":"scroll","background-type":"","background-media":"","overlay-type":"","overlay-color":"","overlay-opacity":"","overlay-gradient":""},"mobile":{"background-color":"","background-image":"","background-repeat":"repeat","background-position":"center center","background-size":"auto","background-attachment":"scroll","background-type":"","background-media":"","overlay-type":"","overlay-color":"","overlay-opacity":"","overlay-gradient":""}},"ast-content-background-meta":{"desktop":{"background-color":"var(--ast-global-color-5)","background-image":"","background-repeat":"repeat","background-position":"center center","background-size":"auto","background-attachment":"scroll","background-type":"","background-media":"","overlay-type":"","overlay-color":"","overlay-opacity":"","overlay-gradient":""},"tablet":{"background-color":"var(--ast-global-color-5)","background-image":"","background-repeat":"repeat","background-position":"center center","background-size":"auto","background-attachment":"scroll","background-type":"","background-media":"","overlay-type":"","overlay-color":"","overlay-opacity":"","overlay-gradient":""},"mobile":{"background-color":"var(--ast-global-color-5)","background-image":"","background-repeat":"repeat","background-position":"center center","background-size":"auto","background-attachment":"scroll","background-type":"","background-media":"","overlay-type":"","overlay-color":"","overlay-opacity":"","overlay-gradient":""}},"_jetpack_memberships_contains_paid_content":false,"footnotes":""},"categories":[1],"tags":[],"area":[427],"cluster":[45],"linea_editorial":[],"coauthors":[411],"class_list":["post-17010","post","type-post","status-publish","format-standard","has-post-thumbnail","hentry","category-sin-categoria","area-gametv","cluster-movistar-plus"],"yoast_head":"<!-- This site is optimized with the Yoast SEO Premium plugin v25.5 (Yoast SEO v25.5) - https:\/\/yoast.com\/wordpress\/plugins\/seo\/ -->\n<title>Calendario UEFA Champions League 2023\/24: equipos, grupos y fechas<\/title>\n<meta name=\"description\" content=\"Te contamos todo acerca del calendario Champions 2023 y c\u00f3mo puedes disfrutar de la competici\u00f3n gracias a Movistar Plus+.\" \/>\n<meta name=\"robots\" content=\"index, follow, max-snippet:-1, max-image-preview:large, max-video-preview:-1\" \/>\n<link rel=\"canonical\" href=\"https:\/\/www.movistar.es\/blog\/movistar-plus\/calendario-champions-2023\/\" \/>\n<meta property=\"og:locale\" content=\"es_ES\" \/>\n<meta property=\"og:type\" content=\"article\" \/>\n<meta property=\"og:title\" content=\"Prep\u00e1rate para la nueva temporada con el calendario Champions League 2023\/24\" \/>\n<meta property=\"og:description\" content=\"Te contamos todo acerca del calendario Champions 2023 y c\u00f3mo puedes disfrutar de la competici\u00f3n gracias a Movistar Plus+.\" \/>\n<meta property=\"og:url\" content=\"https:\/\/www.movistar.es\/blog\/movistar-plus\/calendario-champions-2023\/\" \/>\n<meta property=\"og:site_name\" content=\"Movistar blog\" \/>\n<meta property=\"article:published_time\" content=\"2023-09-09T07:00:00+00:00\" \/>\n<meta property=\"article:modified_time\" content=\"2024-04-29T13:02:16+00:00\" \/>\n<meta property=\"og:image\" content=\"https:\/\/www.movistar.es\/blog\/wp-content\/uploads\/sites\/3\/2023\/09\/f.elconfidencial.com_original_332_c91_ac7_332c91ac7417eb411c66313a86d92e33.jpg\" \/>\n\t<meta property=\"og:image:width\" content=\"1338\" \/>\n\t<meta property=\"og:image:height\" content=\"752\" \/>\n\t<meta property=\"og:image:type\" content=\"image\/jpeg\" \/>\n<meta name=\"author\" content=\"Juan Carrasco\" \/>\n<meta name=\"twitter:card\" content=\"summary_large_image\" \/>\n<meta name=\"twitter:creator\" content=\"@juan_villain\" \/>\n<meta name=\"twitter:label1\" content=\"Written by\" \/>\n\t<meta name=\"twitter:data1\" content=\"Juan Carrasco\" \/>\n\t<meta name=\"twitter:label2\" content=\"Est. reading time\" \/>\n\t<meta name=\"twitter:data2\" content=\"6 minutos\" \/>\n<script type=\"application\/ld+json\" class=\"yoast-schema-graph\">{\"@context\":\"https:\/\/schema.org\",\"@graph\":[{\"@type\":\"Article\",\"@id\":\"https:\/\/www.movistar.es\/blog\/movistar-plus\/calendario-champions-2023\/#article\",\"isPartOf\":{\"@id\":\"https:\/\/www.movistar.es\/blog\/movistar-plus\/calendario-champions-2023\/\"},\"author\":{\"name\":\"Juan Carrasco\",\"@id\":\"https:\/\/www.movistar.es\/blog\/#\/schema\/person\/aa90a598b429d06707d7bbdcc4ac52bf\"},\"headline\":\"Prep\u00e1rate para la nueva temporada con el calendario Champions League 2023\/24\",\"datePublished\":\"2023-09-09T07:00:00+00:00\",\"dateModified\":\"2024-04-29T13:02:16+00:00\",\"mainEntityOfPage\":{\"@id\":\"https:\/\/www.movistar.es\/blog\/movistar-plus\/calendario-champions-2023\/\"},\"wordCount\":1206,\"publisher\":{\"@id\":\"https:\/\/www.movistar.es\/blog\/#organization\"},\"image\":{\"@id\":\"https:\/\/www.movistar.es\/blog\/movistar-plus\/calendario-champions-2023\/#primaryimage\"},\"thumbnailUrl\":\"https:\/\/www.movistar.es\/blog\/wp-content\/uploads\/sites\/3\/2023\/09\/f.elconfidencial.com_original_332_c91_ac7_332c91ac7417eb411c66313a86d92e33.jpg\",\"inLanguage\":\"es\"},{\"@type\":\"WebPage\",\"@id\":\"https:\/\/www.movistar.es\/blog\/movistar-plus\/calendario-champions-2023\/\",\"url\":\"https:\/\/www.movistar.es\/blog\/movistar-plus\/calendario-champions-2023\/\",\"name\":\"Calendario UEFA Champions League 2023\/24: equipos, grupos y fechas\",\"isPartOf\":{\"@id\":\"https:\/\/www.movistar.es\/blog\/#website\"},\"primaryImageOfPage\":{\"@id\":\"https:\/\/www.movistar.es\/blog\/movistar-plus\/calendario-champions-2023\/#primaryimage\"},\"image\":{\"@id\":\"https:\/\/www.movistar.es\/blog\/movistar-plus\/calendario-champions-2023\/#primaryimage\"},\"thumbnailUrl\":\"https:\/\/www.movistar.es\/blog\/wp-content\/uploads\/sites\/3\/2023\/09\/f.elconfidencial.com_original_332_c91_ac7_332c91ac7417eb411c66313a86d92e33.jpg\",\"datePublished\":\"2023-09-09T07:00:00+00:00\",\"dateModified\":\"2024-04-29T13:02:16+00:00\",\"description\":\"Te contamos todo acerca del calendario Champions 2023 y c\u00f3mo puedes disfrutar de la competici\u00f3n gracias a Movistar Plus+.\",\"breadcrumb\":{\"@id\":\"https:\/\/www.movistar.es\/blog\/movistar-plus\/calendario-champions-2023\/#breadcrumb\"},\"inLanguage\":\"es\",\"potentialAction\":[{\"@type\":\"ReadAction\",\"target\":[\"https:\/\/www.movistar.es\/blog\/movistar-plus\/calendario-champions-2023\/\"]}]},{\"@type\":\"ImageObject\",\"inLanguage\":\"es\",\"@id\":\"https:\/\/www.movistar.es\/blog\/movistar-plus\/calendario-champions-2023\/#primaryimage\",\"url\":\"https:\/\/www.movistar.es\/blog\/wp-content\/uploads\/sites\/3\/2023\/09\/f.elconfidencial.com_original_332_c91_ac7_332c91ac7417eb411c66313a86d92e33.jpg\",\"contentUrl\":\"https:\/\/www.movistar.es\/blog\/wp-content\/uploads\/sites\/3\/2023\/09\/f.elconfidencial.com_original_332_c91_ac7_332c91ac7417eb411c66313a86d92e33.jpg\",\"width\":1338,\"height\":752,\"caption\":\"calendario champions 2023\"},{\"@type\":\"BreadcrumbList\",\"@id\":\"https:\/\/www.movistar.es\/blog\/movistar-plus\/calendario-champions-2023\/#breadcrumb\",\"itemListElement\":[{\"@type\":\"ListItem\",\"position\":1,\"name\":\"Home\",\"item\":\"https:\/\/www.movistar.es\/blog\/\"},{\"@type\":\"ListItem\",\"position\":2,\"name\":\"Prep\u00e1rate para la nueva temporada con el calendario Champions League 2023\/24\"}]},{\"@type\":\"WebSite\",\"@id\":\"https:\/\/www.movistar.es\/blog\/#website\",\"url\":\"https:\/\/www.movistar.es\/blog\/\",\"name\":\"Movistar blog\",\"description\":\"Movistar Blog. Informaci\u00f3n y m\u00e1s sobre los productos y servicios de Movistar\",\"publisher\":{\"@id\":\"https:\/\/www.movistar.es\/blog\/#organization\"},\"potentialAction\":[{\"@type\":\"SearchAction\",\"target\":{\"@type\":\"EntryPoint\",\"urlTemplate\":\"https:\/\/www.movistar.es\/blog\/?s={search_term_string}\"},\"query-input\":{\"@type\":\"PropertyValueSpecification\",\"valueRequired\":true,\"valueName\":\"search_term_string\"}}],\"inLanguage\":\"es\"},{\"@type\":\"Organization\",\"@id\":\"https:\/\/www.movistar.es\/blog\/#organization\",\"name\":\"Movistar blog\",\"url\":\"https:\/\/www.movistar.es\/blog\/\",\"logo\":{\"@type\":\"ImageObject\",\"inLanguage\":\"es\",\"@id\":\"https:\/\/www.movistar.es\/blog\/#\/schema\/logo\/image\/\",\"url\":\"https:\/\/www.movistar.es\/blog\/wp-content\/uploads\/sites\/3\/2022\/05\/logo_movistar-1.svg\",\"contentUrl\":\"https:\/\/www.movistar.es\/blog\/wp-content\/uploads\/sites\/3\/2022\/05\/logo_movistar-1.svg\",\"width\":369,\"height\":272,\"caption\":\"Movistar blog\"},\"image\":{\"@id\":\"https:\/\/www.movistar.es\/blog\/#\/schema\/logo\/image\/\"}},{\"@type\":\"Person\",\"@id\":\"https:\/\/www.movistar.es\/blog\/#\/schema\/person\/aa90a598b429d06707d7bbdcc4ac52bf\",\"name\":\"Juan Carrasco\",\"image\":{\"@type\":\"ImageObject\",\"inLanguage\":\"es\",\"@id\":\"https:\/\/www.movistar.es\/blog\/#\/schema\/person\/image\/7421c948a853e8c530a92c2fadaedff4\",\"url\":\"https:\/\/secure.gravatar.com\/avatar\/6429585a3827db718673dd63fffad1d627420ccb06536b49762c4345a5b61954\",\"contentUrl\":\"https:\/\/secure.gravatar.com\/avatar\/6429585a3827db718673dd63fffad1d627420ccb06536b49762c4345a5b61954\",\"caption\":\"Juan Carrasco\"},\"description\":\"Juan Carrasco cuenta con un grado universitario en Literatura General y Comparada y un m\u00e1ster en Cr\u00edtica y Comunicaci\u00f3n Cultural. Actualmente, forma parte del equipo de redacci\u00f3n de Movistar eSports, medio referente de gaming, esports y entretenimiento digital. Desde que agarr\u00f3 una Game Boy por primera vez, no ha podido dejar de ver el mundo en 8 bits.\",\"sameAs\":[\"https:\/\/x.com\/juan_villain\"],\"knowsAbout\":[\"gaming\",\"consolas\",\"videojuegos\",\"streaming\"],\"url\":\"https:\/\/www.movistar.es\/blog\/author\/jasensio\/\"}]}<\/script>\n<!-- \/ Yoast SEO Premium plugin. -->","yoast_head_json":{"title":"Calendario UEFA Champions League 2023\/24: equipos, grupos y fechas","description":"Te contamos todo acerca del calendario Champions 2023 y c\u00f3mo puedes disfrutar de la competici\u00f3n gracias a Movistar Plus+.","robots":{"index":"index","follow":"follow","max-snippet":"max-snippet:-1","max-image-preview":"max-image-preview:large","max-video-preview":"max-video-preview:-1"},"canonical":"https:\/\/www.movistar.es\/blog\/movistar-plus\/calendario-champions-2023\/","og_locale":"es_ES","og_type":"article","og_title":"Prep\u00e1rate para la nueva temporada con el calendario Champions League 2023\/24","og_description":"Te contamos todo acerca del calendario Champions 2023 y c\u00f3mo puedes disfrutar de la competici\u00f3n gracias a Movistar Plus+.","og_url":"https:\/\/www.movistar.es\/blog\/movistar-plus\/calendario-champions-2023\/","og_site_name":"Movistar blog","article_published_time":"2023-09-09T07:00:00+00:00","article_modified_time":"2024-04-29T13:02:16+00:00","og_image":[{"width":1338,"height":752,"url":"https:\/\/www.movistar.es\/blog\/wp-content\/uploads\/sites\/3\/2023\/09\/f.elconfidencial.com_original_332_c91_ac7_332c91ac7417eb411c66313a86d92e33.jpg","type":"image\/jpeg"}],"author":"Juan Carrasco","twitter_card":"summary_large_image","twitter_creator":"@juan_villain","twitter_misc":{"Written by":"Juan Carrasco","Est. reading time":"6 minutos"},"schema":{"@context":"https:\/\/schema.org","@graph":[{"@type":"Article","@id":"https:\/\/www.movistar.es\/blog\/movistar-plus\/calendario-champions-2023\/#article","isPartOf":{"@id":"https:\/\/www.movistar.es\/blog\/movistar-plus\/calendario-champions-2023\/"},"author":{"name":"Juan Carrasco","@id":"https:\/\/www.movistar.es\/blog\/#\/schema\/person\/aa90a598b429d06707d7bbdcc4ac52bf"},"headline":"Prep\u00e1rate para la nueva temporada con el calendario Champions League 2023\/24","datePublished":"2023-09-09T07:00:00+00:00","dateModified":"2024-04-29T13:02:16+00:00","mainEntityOfPage":{"@id":"https:\/\/www.movistar.es\/blog\/movistar-plus\/calendario-champions-2023\/"},"wordCount":1206,"publisher":{"@id":"https:\/\/www.movistar.es\/blog\/#organization"},"image":{"@id":"https:\/\/www.movistar.es\/blog\/movistar-plus\/calendario-champions-2023\/#primaryimage"},"thumbnailUrl":"https:\/\/www.movistar.es\/blog\/wp-content\/uploads\/sites\/3\/2023\/09\/f.elconfidencial.com_original_332_c91_ac7_332c91ac7417eb411c66313a86d92e33.jpg","inLanguage":"es"},{"@type":"WebPage","@id":"https:\/\/www.movistar.es\/blog\/movistar-plus\/calendario-champions-2023\/","url":"https:\/\/www.movistar.es\/blog\/movistar-plus\/calendario-champions-2023\/","name":"Calendario UEFA Champions League 2023\/24: equipos, grupos y fechas","isPartOf":{"@id":"https:\/\/www.movistar.es\/blog\/#website"},"primaryImageOfPage":{"@id":"https:\/\/www.movistar.es\/blog\/movistar-plus\/calendario-champions-2023\/#primaryimage"},"image":{"@id":"https:\/\/www.movistar.es\/blog\/movistar-plus\/calendario-champions-2023\/#primaryimage"},"thumbnailUrl":"https:\/\/www.movistar.es\/blog\/wp-content\/uploads\/sites\/3\/2023\/09\/f.elconfidencial.com_original_332_c91_ac7_332c91ac7417eb411c66313a86d92e33.jpg","datePublished":"2023-09-09T07:00:00+00:00","dateModified":"2024-04-29T13:02:16+00:00","description":"Te contamos todo acerca del calendario Champions 2023 y c\u00f3mo puedes disfrutar de la competici\u00f3n gracias a Movistar Plus+.","breadcrumb":{"@id":"https:\/\/www.movistar.es\/blog\/movistar-plus\/calendario-champions-2023\/#breadcrumb"},"inLanguage":"es","potentialAction":[{"@type":"ReadAction","target":["https:\/\/www.movistar.es\/blog\/movistar-plus\/calendario-champions-2023\/"]}]},{"@type":"ImageObject","inLanguage":"es","@id":"https:\/\/www.movistar.es\/blog\/movistar-plus\/calendario-champions-2023\/#primaryimage","url":"https:\/\/www.movistar.es\/blog\/wp-content\/uploads\/sites\/3\/2023\/09\/f.elconfidencial.com_original_332_c91_ac7_332c91ac7417eb411c66313a86d92e33.jpg","contentUrl":"https:\/\/www.movistar.es\/blog\/wp-content\/uploads\/sites\/3\/2023\/09\/f.elconfidencial.com_original_332_c91_ac7_332c91ac7417eb411c66313a86d92e33.jpg","width":1338,"height":752,"caption":"calendario champions 2023"},{"@type":"BreadcrumbList","@id":"https:\/\/www.movistar.es\/blog\/movistar-plus\/calendario-champions-2023\/#breadcrumb","itemListElement":[{"@type":"ListItem","position":1,"name":"Home","item":"https:\/\/www.movistar.es\/blog\/"},{"@type":"ListItem","position":2,"name":"Prep\u00e1rate para la nueva temporada con el calendario Champions League 2023\/24"}]},{"@type":"WebSite","@id":"https:\/\/www.movistar.es\/blog\/#website","url":"https:\/\/www.movistar.es\/blog\/","name":"Movistar blog","description":"Movistar Blog. Informaci\u00f3n y m\u00e1s sobre los productos y servicios de Movistar","publisher":{"@id":"https:\/\/www.movistar.es\/blog\/#organization"},"potentialAction":[{"@type":"SearchAction","target":{"@type":"EntryPoint","urlTemplate":"https:\/\/www.movistar.es\/blog\/?s={search_term_string}"},"query-input":{"@type":"PropertyValueSpecification","valueRequired":true,"valueName":"search_term_string"}}],"inLanguage":"es"},{"@type":"Organization","@id":"https:\/\/www.movistar.es\/blog\/#organization","name":"Movistar blog","url":"https:\/\/www.movistar.es\/blog\/","logo":{"@type":"ImageObject","inLanguage":"es","@id":"https:\/\/www.movistar.es\/blog\/#\/schema\/logo\/image\/","url":"https:\/\/www.movistar.es\/blog\/wp-content\/uploads\/sites\/3\/2022\/05\/logo_movistar-1.svg","contentUrl":"https:\/\/www.movistar.es\/blog\/wp-content\/uploads\/sites\/3\/2022\/05\/logo_movistar-1.svg","width":369,"height":272,"caption":"Movistar blog"},"image":{"@id":"https:\/\/www.movistar.es\/blog\/#\/schema\/logo\/image\/"}},{"@type":"Person","@id":"https:\/\/www.movistar.es\/blog\/#\/schema\/person\/aa90a598b429d06707d7bbdcc4ac52bf","name":"Juan Carrasco","image":{"@type":"ImageObject","inLanguage":"es","@id":"https:\/\/www.movistar.es\/blog\/#\/schema\/person\/image\/7421c948a853e8c530a92c2fadaedff4","url":"https:\/\/secure.gravatar.com\/avatar\/6429585a3827db718673dd63fffad1d627420ccb06536b49762c4345a5b61954","contentUrl":"https:\/\/secure.gravatar.com\/avatar\/6429585a3827db718673dd63fffad1d627420ccb06536b49762c4345a5b61954","caption":"Juan Carrasco"},"description":"Juan Carrasco cuenta con un grado universitario en Literatura General y Comparada y un m\u00e1ster en Cr\u00edtica y Comunicaci\u00f3n Cultural. Actualmente, forma parte del equipo de redacci\u00f3n de Movistar eSports, medio referente de gaming, esports y entretenimiento digital. Desde que agarr\u00f3 una Game Boy por primera vez, no ha podido dejar de ver el mundo en 8 bits.","sameAs":["https:\/\/x.com\/juan_villain"],"knowsAbout":["gaming","consolas","videojuegos","streaming"],"url":"https:\/\/www.movistar.es\/blog\/author\/jasensio\/"}]}},"jetpack_featured_media_url":"https:\/\/www.movistar.es\/blog\/wp-content\/uploads\/sites\/3\/2023\/09\/f.elconfidencial.com_original_332_c91_ac7_332c91ac7417eb411c66313a86d92e33.jpg","jetpack_sharing_enabled":true,"_links":{"self":[{"href":"https:\/\/www.movistar.es\/blog\/wp-json\/wp\/v2\/posts\/17010","targetHints":{"allow":["GET"]}}],"collection":[{"href":"https:\/\/www.movistar.es\/blog\/wp-json\/wp\/v2\/posts"}],"about":[{"href":"https:\/\/www.movistar.es\/blog\/wp-json\/wp\/v2\/types\/post"}],"author":[{"embeddable":true,"href":"https:\/\/www.movistar.es\/blog\/wp-json\/wp\/v2\/users\/82"}],"replies":[{"embeddable":true,"href":"https:\/\/www.movistar.es\/blog\/wp-json\/wp\/v2\/comments?post=17010"}],"version-history":[{"count":13,"href":"https:\/\/www.movistar.es\/blog\/wp-json\/wp\/v2\/posts\/17010\/revisions"}],"predecessor-version":[{"id":25951,"href":"https:\/\/www.movistar.es\/blog\/wp-json\/wp\/v2\/posts\/17010\/revisions\/25951"}],"wp:featuredmedia":[{"embeddable":true,"href":"https:\/\/www.movistar.es\/blog\/wp-json\/wp\/v2\/media\/17014"}],"wp:attachment":[{"href":"https:\/\/www.movistar.es\/blog\/wp-json\/wp\/v2\/media?parent=17010"}],"wp:term":[{"taxonomy":"category","embeddable":true,"href":"https:\/\/www.movistar.es\/blog\/wp-json\/wp\/v2\/categories?post=17010"},{"taxonomy":"post_tag","embeddable":true,"href":"https:\/\/www.movistar.es\/blog\/wp-json\/wp\/v2\/tags?post=17010"},{"taxonomy":"area","embeddable":true,"href":"https:\/\/www.movistar.es\/blog\/wp-json\/wp\/v2\/area?post=17010"},{"taxonomy":"cluster","embeddable":true,"href":"https:\/\/www.movistar.es\/blog\/wp-json\/wp\/v2\/cluster?post=17010"},{"taxonomy":"linea_editorial","embeddable":true,"href":"https:\/\/www.movistar.es\/blog\/wp-json\/wp\/v2\/linea_editorial?post=17010"},{"taxonomy":"author","embeddable":true,"href":"https:\/\/www.movistar.es\/blog\/wp-json\/wp\/v2\/coauthors?post=17010"}],"curies":[{"name":"wp","href":"https:\/\/api.w.org\/{rel}","templated":true}]}}