{"id":16271,"date":"2023-08-16T17:30:58","date_gmt":"2023-08-16T15:30:58","guid":{"rendered":"https:\/\/www.movistar.es\/blog\/?p=16271"},"modified":"2024-04-30T11:50:19","modified_gmt":"2024-04-30T09:50:19","slug":"calendario-liga-futbol","status":"publish","type":"post","link":"https:\/\/www.movistar.es\/blog\/movistar-plus\/calendario-liga-futbol\/","title":{"rendered":"Sigue el calendario de Liga con Movistar y no te pierdas nada"},"content":{"rendered":"\n<p><strong>LaLiga EA Sports<\/strong> arranca su temporada 2023-24 cargada de emoci\u00f3n en todas las zonas de la tabla. La lucha por el t\u00edtulo, la pugna por los puestos europeos y tambi\u00e9n por la salvaci\u00f3n son algunos de los grandes atractivos del calendario de LaLiga. As\u00ed pues, ser\u00e1 una de las competiciones m\u00e1s apasionantes de Europa. <\/p>\n\n\n\n<p>De hecho, estamos ante una temporada en la que se estrena patrocinador y una serie de grafismos que entusiasmar\u00e1n al p\u00fablico m\u00e1s joven. El <strong>FC Barcelona<\/strong> defiende el t\u00edtulo como vigente campe\u00f3n, mientras que otros equipos como <strong>Real Madrid<\/strong> y <strong>Atl\u00e9tico de Madrid<\/strong> se han reforzado muy bien y nos dar\u00e1n un calendario de liga apasionante.<\/p>\n\n\n\n<p>Todo ello sin olvidar clubes siempre competitivos como <strong>Sevilla<\/strong>, <strong>Betis <\/strong>o <strong>Real Sociedad<\/strong>, que buscar\u00e1 repetir su buena actuaci\u00f3n la temporada pasada compaginando LaLiga con la Champions. Adem\u00e1s, veinte clubes \u2014todos ellos apasionantes\u2014 nos dejar\u00e1n un calendario de liga que no te permitir\u00e1 despegarte del televisor. Si te preguntas d\u00f3nde ver LaLiga y cu\u00e1ndo empieza la liga espa\u00f1ola, qu\u00e9date con nosotros.<\/p>\n\n\n\n<figure class=\"wp-block-image size-large\"><img loading=\"lazy\" decoding=\"async\" height=\"642\" width=\"1024\" src=\"https:\/\/www.movistar.es\/blog\/wp-content\/uploads\/sites\/3\/2023\/10\/16917436625301.jpg?w=1024\" alt=\"calendario de liga\" class=\"wp-image-18500\" srcset=\"https:\/\/www.movistar.es\/blog\/wp-content\/uploads\/sites\/3\/2023\/10\/16917436625301.jpg 1200w, https:\/\/www.movistar.es\/blog\/wp-content\/uploads\/sites\/3\/2023\/10\/16917436625301.jpg?resize=300,188 300w, https:\/\/www.movistar.es\/blog\/wp-content\/uploads\/sites\/3\/2023\/10\/16917436625301.jpg?resize=768,481 768w, https:\/\/www.movistar.es\/blog\/wp-content\/uploads\/sites\/3\/2023\/10\/16917436625301.jpg?resize=1024,642 1024w\" sizes=\"auto, (max-width: 1024px) 100vw, 1024px\" \/><\/figure>\n\n\n\n<h2 class=\"wp-block-heading\" id=\"h-calendario-de-los-partidos-de-laliga\">Calendario de los partidos de LaLiga<\/h2>\n\n\n\n<p>Antes de contarte d\u00f3nde y c\u00f3mo ver LaLiga, vamos a adentrarnos en su calendario. El calendario de liga contar\u00e1 con <strong><a href=\"https:\/\/www.movistar.es\/blog\/movistar-plus\/la-programacion-de-todo-el-deporte-en-movistar-plus\/\" target=\"_blank\" rel=\"noreferrer noopener\">38 jornadas<\/a><\/strong> que se alargar\u00e1n hasta el pr\u00f3ximo mes de mayo. Los horarios de los partidos de LaLiga se ir\u00e1n confirmando conforme se acerque la fecha, pero s\u00ed sabemos los encuentros de la competici\u00f3n. Aqu\u00ed tienes los de la <strong>pr\u00f3ximas  jornadas<\/strong> de LaLiga, que se acerca ya a su fin.<\/p>\n\n\n\n<p><strong>Jornada 34 del calendario de liga (5 de mayo)<\/strong><\/p>\n\n\n\n<ul class=\"wp-block-list\"><li>Mallorca &#8211; Atl\u00e9tico<\/li><li>Girona &#8211; Barcelona<\/li><li>Rayo &#8211; Almer\u00eda<\/li><li>Osasuna &#8211; Betis<\/li><li>Real Madrid  &#8211; C\u00e1diz<\/li><li>Sevilla &#8211; Granada<\/li><li>Valencia &#8211; Alav\u00e9s<\/li><li>Getafe &#8211; Athletic<\/li><li>Celta &#8211; Villareal<\/li><li>R. Sociedad &#8211; Las palmas<\/li><\/ul>\n\n\n\n<p><strong>Jornada 35 del calendario de la liga (12 de mayo)<\/strong><\/p>\n\n\n\n<ul class=\"wp-block-list\"><li>Deportivo Alav\u00e9s &#8211; Girona FC<\/li><li>RCD Mallorca &#8211; Las Palmas<\/li><li>Villareal CF &#8211; Sevilla FC<\/li><li>Granada CF &#8211; Real Madrid CF<\/li><li>Athletic de Bilbao &#8211; CA Osasuna<\/li><li>C\u00e1diz CF &#8211; Getafe CF<\/li><li>Atl\u00e9tico de Madrid &#8211; RC Celta de Vigo<\/li><li>Valencia CF &#8211; Rayo Vallecano<\/li><li>Real Betis Balompi\u00e9 &#8211; UD Almer\u00eda<\/li><li>FC Barcelona &#8211; Real Sociedad<\/li><\/ul>\n\n\n\n<p><strong>Jornada 36 del calendario de la liga (14 de mayo)<\/strong><\/p>\n\n\n\n<ul class=\"wp-block-list\"><li>CA Osasuna &#8211; RCD Mallorca<\/li><li>Real Madrid CF &#8211; Deportivo Alav\u00e9s<\/li><li>Girona FC &#8211; Villareal CF<\/li><li>Rayo Vallecano &#8211; Granada CF<\/li><li>Sevilla FC- C\u00e1diz CF<\/li><li>RC Celta de Vigo &#8211; Athletic de Bilbao <\/li><li>Getafe CF &#8211; Atl\u00e9tico de Madrid<\/li><li>Las Palmas &#8211; Real Betis Balompi\u00e9<\/li><li>UD Almer\u00eda &#8211; FC Barcelona<\/li><li>Real Sociedad &#8211; Valencia CF<\/li><\/ul>\n\n\n\n<p><strong>Jornada 37 del calendario de la liga (19 de mayo)<\/strong><\/p>\n\n\n\n<ul class=\"wp-block-list\"><li>Real Betis Balompi\u00e9 &#8211; Real Sociedad<\/li><li>RDC Mallorca &#8211; UD Almer\u00eda<\/li><li>Atl\u00e9tico de Madrid &#8211; CA Osasuna<\/li><li>C\u00e1diz CF &#8211; Las Palmas<\/li><li>Granada CF &#8211; RC Celta de Vigo <\/li><li>Athletic de Bilbao &#8211; Sevilla FC<\/li><li>Deportivo Alav\u00e9s &#8211; Getafe CF <\/li><li>FC Barcelona &#8211; Rayo Vallecano<\/li><li>Villareal CF &#8211; Real Madrid CF<\/li><li>Valencia CF &#8211; Girona FC<\/li><\/ul>\n\n\n\n<p><strong>Jornada 38 de calendario de la liga (26 de mayo)<\/strong><\/p>\n\n\n\n<ul class=\"wp-block-list\"><li>Getafe CF &#8211; RCD Mallorca<\/li><li>UD Almer\u00eda &#8211; C\u00e1diz CF<\/li><li>Rayo Vallecano &#8211; Athletic de Bilbao<\/li><li>Sevilla FC &#8211; FC Barcelona<\/li><li>Real Sociedad &#8211; Atl\u00e9tico de Madrid <\/li><li>Girona FC &#8211; Granada CF<\/li><li>Las Palmas &#8211; Deportivo Alav\u00e9s<\/li><li>Real Madrid CF &#8211; Real Betis Balompie<\/li><li>CA Osasuna &#8211; Villareal CF<\/li><li>RC Celta de Vigo &#8211; Valencia CF<\/li><\/ul>\n\n\n\n<figure class=\"wp-block-image size-large\"><img loading=\"lazy\" decoding=\"async\" width=\"800\" height=\"400\" src=\"https:\/\/www.movistar.es\/blog\/wp-content\/uploads\/sites\/3\/2023\/08\/todo-el-futbol-Movistar.png?w=800\" alt=\"Calendario de liga\" class=\"wp-image-16217\" srcset=\"https:\/\/www.movistar.es\/blog\/wp-content\/uploads\/sites\/3\/2023\/08\/todo-el-futbol-Movistar.png 800w, https:\/\/www.movistar.es\/blog\/wp-content\/uploads\/sites\/3\/2023\/08\/todo-el-futbol-Movistar.png?resize=300,150 300w, https:\/\/www.movistar.es\/blog\/wp-content\/uploads\/sites\/3\/2023\/08\/todo-el-futbol-Movistar.png?resize=768,384 768w\" sizes=\"auto, (max-width: 800px) 100vw, 800px\" \/><\/figure>\n\n\n\n<h2 class=\"wp-block-heading\" class=\"wp-block-heading\" id=\"donde-ver-laliga-disfruta-de-todo-el-futbol-con-movistar\">D\u00f3nde ver LaLiga: disfruta de todo el f\u00fatbol con Movistar<\/h2>\n\n\n\n<p>Si eres un apasionado del f\u00fatbol, puedes disfrutar del calendario de liga cada jornada con <strong>10 apasionantes partidos de LaLiga EA Sports<\/strong>. Aunque los podr\u00e1s ver a trav\u00e9s de distintos canales, a todos ellos podr\u00e1s acceder si <a href=\"https:\/\/www.movistar.es\/tv\/\" target=\"_blank\" rel=\"noreferrer noopener\">contratas el f\u00fatbol<\/a> en Movistar.<\/p>\n\n\n\n<p>Por lo tanto, d\u00f3nde ver la liga seguir\u00e1 una t\u00f3nica habitual: cinco partidos por jornada se retransmitir\u00e1n a trav\u00e9s de <strong>LALIGA TV por M+<\/strong> y otros cinco por <strong>DAZN LALIGA<\/strong>. Adem\u00e1s, un partido de cada jornada se emitir\u00e1 tambi\u00e9n por el nuevo canal Movistar Plus+.<\/p>\n\n\n\n<p>As\u00ed pues, si tienes inter\u00e9s en ver el mejor f\u00fatbol, Movistar tiene la mejor oferta para ti. Adem\u00e1s del f\u00fatbol, tambi\u00e9n contar\u00e1s con Fibra 1 Gb, dos l\u00edneas m\u00f3viles, la televisi\u00f3n con Movistar+ Esencial y m\u00e1s de 60 canales y un dispositivo incluido. <a href=\"https:\/\/www.movistar.es\/tv\/l\" target=\"_blank\" rel=\"noreferrer noopener\">Contrata ya<\/a> y vive LaLiga EA Sports como nunca antes.<\/p>\n","protected":false},"excerpt":{"rendered":"<p>LaLiga EA Sports arranca su temporada 2023-24 cargada de emoci\u00f3n en todas las zonas de la tabla. La lucha por el t\u00edtulo, la pugna por los puestos europeos y tambi\u00e9n por la salvaci\u00f3n son algunos [&hellip;]<\/p>\n","protected":false},"author":81,"featured_media":15226,"comment_status":"closed","ping_status":"closed","sticky":false,"template":"","format":"standard","meta":{"site-sidebar-layout":"default","site-content-layout":"","ast-site-content-layout":"","site-content-style":"default","site-sidebar-style":"default","ast-global-header-display":"","ast-banner-title-visibility":"","ast-main-header-display":"","ast-hfb-above-header-display":"","ast-hfb-below-header-display":"","ast-hfb-mobile-header-display":"","site-post-title":"","ast-breadcrumbs-content":"","ast-featured-img":"","footer-sml-layout":"","theme-transparent-header-meta":"","adv-header-id-meta":"","stick-header-meta":"","header-above-stick-meta":"","header-main-stick-meta":"","header-below-stick-meta":"","astra-migrate-meta-layouts":"default","ast-page-background-enabled":"default","ast-page-background-meta":{"desktop":{"background-color":"var(--ast-global-color-4)","background-image":"","background-repeat":"repeat","background-position":"center center","background-size":"auto","background-attachment":"scroll","background-type":"","background-media":"","overlay-type":"","overlay-color":"","overlay-opacity":"","overlay-gradient":""},"tablet":{"background-color":"","background-image":"","background-repeat":"repeat","background-position":"center center","background-size":"auto","background-attachment":"scroll","background-type":"","background-media":"","overlay-type":"","overlay-color":"","overlay-opacity":"","overlay-gradient":""},"mobile":{"background-color":"","background-image":"","background-repeat":"repeat","background-position":"center center","background-size":"auto","background-attachment":"scroll","background-type":"","background-media":"","overlay-type":"","overlay-color":"","overlay-opacity":"","overlay-gradient":""}},"ast-content-background-meta":{"desktop":{"background-color":"var(--ast-global-color-5)","background-image":"","background-repeat":"repeat","background-position":"center center","background-size":"auto","background-attachment":"scroll","background-type":"","background-media":"","overlay-type":"","overlay-color":"","overlay-opacity":"","overlay-gradient":""},"tablet":{"background-color":"var(--ast-global-color-5)","background-image":"","background-repeat":"repeat","background-position":"center center","background-size":"auto","background-attachment":"scroll","background-type":"","background-media":"","overlay-type":"","overlay-color":"","overlay-opacity":"","overlay-gradient":""},"mobile":{"background-color":"var(--ast-global-color-5)","background-image":"","background-repeat":"repeat","background-position":"center center","background-size":"auto","background-attachment":"scroll","background-type":"","background-media":"","overlay-type":"","overlay-color":"","overlay-opacity":"","overlay-gradient":""}},"_jetpack_memberships_contains_paid_content":false,"footnotes":""},"categories":[1],"tags":[],"area":[427],"cluster":[45],"linea_editorial":[],"coauthors":[409],"class_list":["post-16271","post","type-post","status-publish","format-standard","has-post-thumbnail","hentry","category-sin-categoria","area-gametv","cluster-movistar-plus"],"yoast_head":"<!-- This site is optimized with the Yoast SEO Premium plugin v25.5 (Yoast SEO v25.5) - https:\/\/yoast.com\/wordpress\/plugins\/seo\/ -->\n<title>Sigue el calendario de Liga con Movistar y no te pierdas nada<\/title>\n<meta name=\"description\" content=\"El calendario de liga nos trae una temporada 23\/34 apasionante en la que la lucha por el t\u00edtulo, por Europa y por el descenso ser\u00e1 vibrante.\" \/>\n<meta name=\"robots\" content=\"index, follow, max-snippet:-1, max-image-preview:large, max-video-preview:-1\" \/>\n<link rel=\"canonical\" href=\"https:\/\/www.movistar.es\/blog\/movistar-plus\/calendario-liga-futbol\/\" \/>\n<meta property=\"og:locale\" content=\"es_ES\" \/>\n<meta property=\"og:type\" content=\"article\" \/>\n<meta property=\"og:title\" content=\"Sigue el calendario de Liga con Movistar y no te pierdas nada\" \/>\n<meta property=\"og:description\" content=\"El calendario de liga nos trae una temporada 23\/34 apasionante en la que la lucha por el t\u00edtulo, por Europa y por el descenso ser\u00e1 vibrante.\" \/>\n<meta property=\"og:url\" content=\"https:\/\/www.movistar.es\/blog\/movistar-plus\/calendario-liga-futbol\/\" \/>\n<meta property=\"og:site_name\" content=\"Movistar blog\" \/>\n<meta property=\"article:published_time\" content=\"2023-08-16T15:30:58+00:00\" \/>\n<meta property=\"article:modified_time\" content=\"2024-04-30T09:50:19+00:00\" \/>\n<meta property=\"og:image\" content=\"https:\/\/www.movistar.es\/blog\/wp-content\/uploads\/sites\/3\/2023\/07\/fc-barcelona-campeon-de-liga.jpeg\" \/>\n\t<meta property=\"og:image:width\" content=\"1900\" \/>\n\t<meta property=\"og:image:height\" content=\"1069\" \/>\n\t<meta property=\"og:image:type\" content=\"image\/jpeg\" \/>\n<meta name=\"author\" content=\"\u00c1lvaro Gui\u00f1\u00f3n\" \/>\n<meta name=\"twitter:card\" content=\"summary_large_image\" \/>\n<meta name=\"twitter:label1\" content=\"Written by\" \/>\n\t<meta name=\"twitter:data1\" content=\"\u00c1lvaro Gui\u00f1\u00f3n\" \/>\n\t<meta name=\"twitter:label2\" content=\"Est. reading time\" \/>\n\t<meta name=\"twitter:data2\" content=\"4 minutos\" \/>\n<script type=\"application\/ld+json\" class=\"yoast-schema-graph\">{\"@context\":\"https:\/\/schema.org\",\"@graph\":[{\"@type\":\"Article\",\"@id\":\"https:\/\/www.movistar.es\/blog\/movistar-plus\/calendario-liga-futbol\/#article\",\"isPartOf\":{\"@id\":\"https:\/\/www.movistar.es\/blog\/movistar-plus\/calendario-liga-futbol\/\"},\"author\":{\"name\":\"\u00c1lvaro Gui\u00f1\u00f3n\",\"@id\":\"https:\/\/www.movistar.es\/blog\/#\/schema\/person\/c08164bba32a416ae0908ffcff27cda4\"},\"headline\":\"Sigue el calendario de Liga con Movistar y no te pierdas nada\",\"datePublished\":\"2023-08-16T15:30:58+00:00\",\"dateModified\":\"2024-04-30T09:50:19+00:00\",\"mainEntityOfPage\":{\"@id\":\"https:\/\/www.movistar.es\/blog\/movistar-plus\/calendario-liga-futbol\/\"},\"wordCount\":769,\"publisher\":{\"@id\":\"https:\/\/www.movistar.es\/blog\/#organization\"},\"image\":{\"@id\":\"https:\/\/www.movistar.es\/blog\/movistar-plus\/calendario-liga-futbol\/#primaryimage\"},\"thumbnailUrl\":\"https:\/\/www.movistar.es\/blog\/wp-content\/uploads\/sites\/3\/2023\/07\/fc-barcelona-campeon-de-liga.jpeg\",\"inLanguage\":\"es\"},{\"@type\":\"WebPage\",\"@id\":\"https:\/\/www.movistar.es\/blog\/movistar-plus\/calendario-liga-futbol\/\",\"url\":\"https:\/\/www.movistar.es\/blog\/movistar-plus\/calendario-liga-futbol\/\",\"name\":\"Sigue el calendario de Liga con Movistar y no te pierdas nada\",\"isPartOf\":{\"@id\":\"https:\/\/www.movistar.es\/blog\/#website\"},\"primaryImageOfPage\":{\"@id\":\"https:\/\/www.movistar.es\/blog\/movistar-plus\/calendario-liga-futbol\/#primaryimage\"},\"image\":{\"@id\":\"https:\/\/www.movistar.es\/blog\/movistar-plus\/calendario-liga-futbol\/#primaryimage\"},\"thumbnailUrl\":\"https:\/\/www.movistar.es\/blog\/wp-content\/uploads\/sites\/3\/2023\/07\/fc-barcelona-campeon-de-liga.jpeg\",\"datePublished\":\"2023-08-16T15:30:58+00:00\",\"dateModified\":\"2024-04-30T09:50:19+00:00\",\"description\":\"El calendario de liga nos trae una temporada 23\/34 apasionante en la que la lucha por el t\u00edtulo, por Europa y por el descenso ser\u00e1 vibrante.\",\"breadcrumb\":{\"@id\":\"https:\/\/www.movistar.es\/blog\/movistar-plus\/calendario-liga-futbol\/#breadcrumb\"},\"inLanguage\":\"es\",\"potentialAction\":[{\"@type\":\"ReadAction\",\"target\":[\"https:\/\/www.movistar.es\/blog\/movistar-plus\/calendario-liga-futbol\/\"]}]},{\"@type\":\"ImageObject\",\"inLanguage\":\"es\",\"@id\":\"https:\/\/www.movistar.es\/blog\/movistar-plus\/calendario-liga-futbol\/#primaryimage\",\"url\":\"https:\/\/www.movistar.es\/blog\/wp-content\/uploads\/sites\/3\/2023\/07\/fc-barcelona-campeon-de-liga.jpeg\",\"contentUrl\":\"https:\/\/www.movistar.es\/blog\/wp-content\/uploads\/sites\/3\/2023\/07\/fc-barcelona-campeon-de-liga.jpeg\",\"width\":1900,\"height\":1069,\"caption\":\"El Bar\u00e7a es el vigente campe\u00f3n de liga\"},{\"@type\":\"BreadcrumbList\",\"@id\":\"https:\/\/www.movistar.es\/blog\/movistar-plus\/calendario-liga-futbol\/#breadcrumb\",\"itemListElement\":[{\"@type\":\"ListItem\",\"position\":1,\"name\":\"Home\",\"item\":\"https:\/\/www.movistar.es\/blog\/\"},{\"@type\":\"ListItem\",\"position\":2,\"name\":\"Sigue el calendario de Liga con Movistar y no te pierdas nada\"}]},{\"@type\":\"WebSite\",\"@id\":\"https:\/\/www.movistar.es\/blog\/#website\",\"url\":\"https:\/\/www.movistar.es\/blog\/\",\"name\":\"Movistar blog\",\"description\":\"Movistar Blog. Informaci\u00f3n y m\u00e1s sobre los productos y servicios de Movistar\",\"publisher\":{\"@id\":\"https:\/\/www.movistar.es\/blog\/#organization\"},\"potentialAction\":[{\"@type\":\"SearchAction\",\"target\":{\"@type\":\"EntryPoint\",\"urlTemplate\":\"https:\/\/www.movistar.es\/blog\/?s={search_term_string}\"},\"query-input\":{\"@type\":\"PropertyValueSpecification\",\"valueRequired\":true,\"valueName\":\"search_term_string\"}}],\"inLanguage\":\"es\"},{\"@type\":\"Organization\",\"@id\":\"https:\/\/www.movistar.es\/blog\/#organization\",\"name\":\"Movistar blog\",\"url\":\"https:\/\/www.movistar.es\/blog\/\",\"logo\":{\"@type\":\"ImageObject\",\"inLanguage\":\"es\",\"@id\":\"https:\/\/www.movistar.es\/blog\/#\/schema\/logo\/image\/\",\"url\":\"https:\/\/www.movistar.es\/blog\/wp-content\/uploads\/sites\/3\/2022\/05\/logo_movistar-1.svg\",\"contentUrl\":\"https:\/\/www.movistar.es\/blog\/wp-content\/uploads\/sites\/3\/2022\/05\/logo_movistar-1.svg\",\"width\":369,\"height\":272,\"caption\":\"Movistar blog\"},\"image\":{\"@id\":\"https:\/\/www.movistar.es\/blog\/#\/schema\/logo\/image\/\"}},{\"@type\":\"Person\",\"@id\":\"https:\/\/www.movistar.es\/blog\/#\/schema\/person\/c08164bba32a416ae0908ffcff27cda4\",\"name\":\"\u00c1lvaro Gui\u00f1\u00f3n\",\"image\":{\"@type\":\"ImageObject\",\"inLanguage\":\"es\",\"@id\":\"https:\/\/www.movistar.es\/blog\/#\/schema\/person\/image\/51671b6030de77c3bb9885814b71de60\",\"url\":\"https:\/\/secure.gravatar.com\/avatar\/2d8b4c1902b4a46e6f14e75ce5ae7a81cb04b5a4eb83dc660f881e7cad9c07b6\",\"contentUrl\":\"https:\/\/secure.gravatar.com\/avatar\/2d8b4c1902b4a46e6f14e75ce5ae7a81cb04b5a4eb83dc660f881e7cad9c07b6\",\"caption\":\"\u00c1lvaro Gui\u00f1\u00f3n\"},\"description\":\"\u00c1lvaro Gui\u00f1\u00f3n es periodista y est\u00e1 especializado en gaming, aunque le apasionan tanto el deporte como la tecnolog\u00eda. Forma parte de la redacci\u00f3n de Movistar eSports, medio referente en el entretenimiento digital.\",\"url\":\"https:\/\/www.movistar.es\/blog\/author\/agrinon\/\"}]}<\/script>\n<!-- \/ Yoast SEO Premium plugin. -->","yoast_head_json":{"title":"Sigue el calendario de Liga con Movistar y no te pierdas nada","description":"El calendario de liga nos trae una temporada 23\/34 apasionante en la que la lucha por el t\u00edtulo, por Europa y por el descenso ser\u00e1 vibrante.","robots":{"index":"index","follow":"follow","max-snippet":"max-snippet:-1","max-image-preview":"max-image-preview:large","max-video-preview":"max-video-preview:-1"},"canonical":"https:\/\/www.movistar.es\/blog\/movistar-plus\/calendario-liga-futbol\/","og_locale":"es_ES","og_type":"article","og_title":"Sigue el calendario de Liga con Movistar y no te pierdas nada","og_description":"El calendario de liga nos trae una temporada 23\/34 apasionante en la que la lucha por el t\u00edtulo, por Europa y por el descenso ser\u00e1 vibrante.","og_url":"https:\/\/www.movistar.es\/blog\/movistar-plus\/calendario-liga-futbol\/","og_site_name":"Movistar blog","article_published_time":"2023-08-16T15:30:58+00:00","article_modified_time":"2024-04-30T09:50:19+00:00","og_image":[{"width":1900,"height":1069,"url":"https:\/\/www.movistar.es\/blog\/wp-content\/uploads\/sites\/3\/2023\/07\/fc-barcelona-campeon-de-liga.jpeg","type":"image\/jpeg"}],"author":"\u00c1lvaro Gui\u00f1\u00f3n","twitter_card":"summary_large_image","twitter_misc":{"Written by":"\u00c1lvaro Gui\u00f1\u00f3n","Est. reading time":"4 minutos"},"schema":{"@context":"https:\/\/schema.org","@graph":[{"@type":"Article","@id":"https:\/\/www.movistar.es\/blog\/movistar-plus\/calendario-liga-futbol\/#article","isPartOf":{"@id":"https:\/\/www.movistar.es\/blog\/movistar-plus\/calendario-liga-futbol\/"},"author":{"name":"\u00c1lvaro Gui\u00f1\u00f3n","@id":"https:\/\/www.movistar.es\/blog\/#\/schema\/person\/c08164bba32a416ae0908ffcff27cda4"},"headline":"Sigue el calendario de Liga con Movistar y no te pierdas nada","datePublished":"2023-08-16T15:30:58+00:00","dateModified":"2024-04-30T09:50:19+00:00","mainEntityOfPage":{"@id":"https:\/\/www.movistar.es\/blog\/movistar-plus\/calendario-liga-futbol\/"},"wordCount":769,"publisher":{"@id":"https:\/\/www.movistar.es\/blog\/#organization"},"image":{"@id":"https:\/\/www.movistar.es\/blog\/movistar-plus\/calendario-liga-futbol\/#primaryimage"},"thumbnailUrl":"https:\/\/www.movistar.es\/blog\/wp-content\/uploads\/sites\/3\/2023\/07\/fc-barcelona-campeon-de-liga.jpeg","inLanguage":"es"},{"@type":"WebPage","@id":"https:\/\/www.movistar.es\/blog\/movistar-plus\/calendario-liga-futbol\/","url":"https:\/\/www.movistar.es\/blog\/movistar-plus\/calendario-liga-futbol\/","name":"Sigue el calendario de Liga con Movistar y no te pierdas nada","isPartOf":{"@id":"https:\/\/www.movistar.es\/blog\/#website"},"primaryImageOfPage":{"@id":"https:\/\/www.movistar.es\/blog\/movistar-plus\/calendario-liga-futbol\/#primaryimage"},"image":{"@id":"https:\/\/www.movistar.es\/blog\/movistar-plus\/calendario-liga-futbol\/#primaryimage"},"thumbnailUrl":"https:\/\/www.movistar.es\/blog\/wp-content\/uploads\/sites\/3\/2023\/07\/fc-barcelona-campeon-de-liga.jpeg","datePublished":"2023-08-16T15:30:58+00:00","dateModified":"2024-04-30T09:50:19+00:00","description":"El calendario de liga nos trae una temporada 23\/34 apasionante en la que la lucha por el t\u00edtulo, por Europa y por el descenso ser\u00e1 vibrante.","breadcrumb":{"@id":"https:\/\/www.movistar.es\/blog\/movistar-plus\/calendario-liga-futbol\/#breadcrumb"},"inLanguage":"es","potentialAction":[{"@type":"ReadAction","target":["https:\/\/www.movistar.es\/blog\/movistar-plus\/calendario-liga-futbol\/"]}]},{"@type":"ImageObject","inLanguage":"es","@id":"https:\/\/www.movistar.es\/blog\/movistar-plus\/calendario-liga-futbol\/#primaryimage","url":"https:\/\/www.movistar.es\/blog\/wp-content\/uploads\/sites\/3\/2023\/07\/fc-barcelona-campeon-de-liga.jpeg","contentUrl":"https:\/\/www.movistar.es\/blog\/wp-content\/uploads\/sites\/3\/2023\/07\/fc-barcelona-campeon-de-liga.jpeg","width":1900,"height":1069,"caption":"El Bar\u00e7a es el vigente campe\u00f3n de liga"},{"@type":"BreadcrumbList","@id":"https:\/\/www.movistar.es\/blog\/movistar-plus\/calendario-liga-futbol\/#breadcrumb","itemListElement":[{"@type":"ListItem","position":1,"name":"Home","item":"https:\/\/www.movistar.es\/blog\/"},{"@type":"ListItem","position":2,"name":"Sigue el calendario de Liga con Movistar y no te pierdas nada"}]},{"@type":"WebSite","@id":"https:\/\/www.movistar.es\/blog\/#website","url":"https:\/\/www.movistar.es\/blog\/","name":"Movistar blog","description":"Movistar Blog. Informaci\u00f3n y m\u00e1s sobre los productos y servicios de Movistar","publisher":{"@id":"https:\/\/www.movistar.es\/blog\/#organization"},"potentialAction":[{"@type":"SearchAction","target":{"@type":"EntryPoint","urlTemplate":"https:\/\/www.movistar.es\/blog\/?s={search_term_string}"},"query-input":{"@type":"PropertyValueSpecification","valueRequired":true,"valueName":"search_term_string"}}],"inLanguage":"es"},{"@type":"Organization","@id":"https:\/\/www.movistar.es\/blog\/#organization","name":"Movistar blog","url":"https:\/\/www.movistar.es\/blog\/","logo":{"@type":"ImageObject","inLanguage":"es","@id":"https:\/\/www.movistar.es\/blog\/#\/schema\/logo\/image\/","url":"https:\/\/www.movistar.es\/blog\/wp-content\/uploads\/sites\/3\/2022\/05\/logo_movistar-1.svg","contentUrl":"https:\/\/www.movistar.es\/blog\/wp-content\/uploads\/sites\/3\/2022\/05\/logo_movistar-1.svg","width":369,"height":272,"caption":"Movistar blog"},"image":{"@id":"https:\/\/www.movistar.es\/blog\/#\/schema\/logo\/image\/"}},{"@type":"Person","@id":"https:\/\/www.movistar.es\/blog\/#\/schema\/person\/c08164bba32a416ae0908ffcff27cda4","name":"\u00c1lvaro Gui\u00f1\u00f3n","image":{"@type":"ImageObject","inLanguage":"es","@id":"https:\/\/www.movistar.es\/blog\/#\/schema\/person\/image\/51671b6030de77c3bb9885814b71de60","url":"https:\/\/secure.gravatar.com\/avatar\/2d8b4c1902b4a46e6f14e75ce5ae7a81cb04b5a4eb83dc660f881e7cad9c07b6","contentUrl":"https:\/\/secure.gravatar.com\/avatar\/2d8b4c1902b4a46e6f14e75ce5ae7a81cb04b5a4eb83dc660f881e7cad9c07b6","caption":"\u00c1lvaro Gui\u00f1\u00f3n"},"description":"\u00c1lvaro Gui\u00f1\u00f3n es periodista y est\u00e1 especializado en gaming, aunque le apasionan tanto el deporte como la tecnolog\u00eda. Forma parte de la redacci\u00f3n de Movistar eSports, medio referente en el entretenimiento digital.","url":"https:\/\/www.movistar.es\/blog\/author\/agrinon\/"}]}},"jetpack_featured_media_url":"https:\/\/www.movistar.es\/blog\/wp-content\/uploads\/sites\/3\/2023\/07\/fc-barcelona-campeon-de-liga.jpeg","jetpack_sharing_enabled":true,"_links":{"self":[{"href":"https:\/\/www.movistar.es\/blog\/wp-json\/wp\/v2\/posts\/16271","targetHints":{"allow":["GET"]}}],"collection":[{"href":"https:\/\/www.movistar.es\/blog\/wp-json\/wp\/v2\/posts"}],"about":[{"href":"https:\/\/www.movistar.es\/blog\/wp-json\/wp\/v2\/types\/post"}],"author":[{"embeddable":true,"href":"https:\/\/www.movistar.es\/blog\/wp-json\/wp\/v2\/users\/81"}],"replies":[{"embeddable":true,"href":"https:\/\/www.movistar.es\/blog\/wp-json\/wp\/v2\/comments?post=16271"}],"version-history":[{"count":31,"href":"https:\/\/www.movistar.es\/blog\/wp-json\/wp\/v2\/posts\/16271\/revisions"}],"predecessor-version":[{"id":25967,"href":"https:\/\/www.movistar.es\/blog\/wp-json\/wp\/v2\/posts\/16271\/revisions\/25967"}],"wp:featuredmedia":[{"embeddable":true,"href":"https:\/\/www.movistar.es\/blog\/wp-json\/wp\/v2\/media\/15226"}],"wp:attachment":[{"href":"https:\/\/www.movistar.es\/blog\/wp-json\/wp\/v2\/media?parent=16271"}],"wp:term":[{"taxonomy":"category","embeddable":true,"href":"https:\/\/www.movistar.es\/blog\/wp-json\/wp\/v2\/categories?post=16271"},{"taxonomy":"post_tag","embeddable":true,"href":"https:\/\/www.movistar.es\/blog\/wp-json\/wp\/v2\/tags?post=16271"},{"taxonomy":"area","embeddable":true,"href":"https:\/\/www.movistar.es\/blog\/wp-json\/wp\/v2\/area?post=16271"},{"taxonomy":"cluster","embeddable":true,"href":"https:\/\/www.movistar.es\/blog\/wp-json\/wp\/v2\/cluster?post=16271"},{"taxonomy":"linea_editorial","embeddable":true,"href":"https:\/\/www.movistar.es\/blog\/wp-json\/wp\/v2\/linea_editorial?post=16271"},{"taxonomy":"author","embeddable":true,"href":"https:\/\/www.movistar.es\/blog\/wp-json\/wp\/v2\/coauthors?post=16271"}],"curies":[{"name":"wp","href":"https:\/\/api.w.org\/{rel}","templated":true}]}}