{"id":16267,"date":"2023-08-16T14:29:34","date_gmt":"2023-08-16T12:29:34","guid":{"rendered":"https:\/\/www.movistar.es\/blog\/?p=16267"},"modified":"2023-08-16T14:29:35","modified_gmt":"2023-08-16T12:29:35","slug":"mundial-atletismo-budapest","status":"publish","type":"post","link":"https:\/\/www.movistar.es\/blog\/movistar-plus\/mundial-atletismo-budapest\/","title":{"rendered":"Llega el Mundial de Atletismo 2023 a Budapest"},"content":{"rendered":"\n<p>El <strong>Campeonato Mundial de Atletismo<\/strong> arranca en la ciudad h\u00fangara de <strong>Budapest <\/strong>el d\u00eda 19 de agosto y durar\u00e1 hasta el domingo 27. As\u00ed, vuelve a Europa 6 a\u00f1os despu\u00e9s de su edici\u00f3n en Londres en 2017 y ser\u00e1 la \u00faltima antes de los <strong>Juegos Ol\u00edmpicos<\/strong> <strong>de Par\u00eds 2024.<\/strong><\/p>\n\n\n\n<p>La capital de Hungr\u00eda ser\u00e1 el centro mundial del atletismo durante <strong>ocho d\u00edas<\/strong> en los que m\u00e1s de 2000 atletas se dar\u00e1n cita para competir en alguna de las <strong>49 pruebas<\/strong>. Hungr\u00eda tiene la misma hora que la Espa\u00f1a peninsular, por lo que los espectadores nacionales podr\u00e1n disfrutar de todas las pruebas sin preocuparse por los horarios.<\/p>\n\n\n\n<p>Aunque hay algunas excepciones, casi todos los d\u00edas tendremos pruebas tanto por la ma\u00f1ana como por la tarde. La hora de inicio puede variar en funci\u00f3n de la prueba, pero ninguna arrancar\u00e1 antes de las 7, hora a la que comienzan las modalidades de mayor duraci\u00f3n.<\/p>\n\n\n\n<h2 class=\"wp-block-heading\" id=\"h-la-participacion-de-espana-en-el-mundial-de-atletismo\">La participaci\u00f3n de Espa\u00f1a en el Mundial de Atletismo<\/h2>\n\n\n\n<p>En esta competici\u00f3n, los aficionados espa\u00f1oles podr\u00e1n disfrutar de la participaci\u00f3n de multitud de deportistas nacionales. Con <strong>58 atletas<\/strong>, ser\u00e1 la tercera mayor representaci\u00f3n de la historia de Espa\u00f1a en un Mundial de Atletismo. Destaca especialmente en categor\u00eda femenina, donde hay hasta 31 atletas.<\/p>\n\n\n\n<p>En el \u00faltimo Mundial, celebrado el a\u00f1o pasado en Estados Unidos, los representantes espa\u00f1oles cosecharon <strong>dos medallas de bronce<\/strong>. <strong><a href=\"https:\/\/olympics.com\/es\/atletas\/mohamed-katir\" target=\"_blank\" rel=\"noreferrer noopener\">Mohamed Katir<\/a><\/strong> lo hizo en 1500 metros y <strong>Asier Mart\u00ednez<\/strong> en los 110 metros vallas.<\/p>\n\n\n\n<p>Aunque el segundo se va a perder la cita por una lesi\u00f3n, s\u00ed estar\u00e1 Katir, que es una de las opciones m\u00e1s solidas de medalla para Espa\u00f1a. Participar\u00e1, de nuevo, en <strong>1500 metros<\/strong> y tambi\u00e9n en <strong>5000 metros<\/strong>. Con estas dos pruebas tendr\u00e1 un Mundial intenso en el que, en caso de llegar a ambas finales, competir\u00e1 pr\u00e1cticamente todos los d\u00edas. Estos ser\u00e1n los horarios.<\/p>\n\n\n\n<ul class=\"wp-block-list\"><li><strong>1.500 masculinos &#8211; Series clasificatorias<\/strong>: s\u00e1bado 19 de agosto a las 19:02.<\/li><li><strong>1.500 masculinos &#8211; Semifinales<\/strong>: domingo 20 de agosto a las 17:35.<\/li><li><strong>1.500 masculinos &#8211; Final<\/strong>: mi\u00e9rcoles 23 de agosto a las 21:15.<\/li><li><strong>5.000 masculinos &#8211; Series clasificatorias<\/strong>: jueves 24 de agosto a las 19:00.<\/li><li><strong>5.000 masculinos &#8211; Final<\/strong>: domingo 27 de agosto a las 20:10.<\/li><\/ul>\n\n\n\n<figure class=\"wp-block-image size-large\"><img loading=\"lazy\" decoding=\"async\" height=\"683\" width=\"1024\" src=\"https:\/\/www.movistar.es\/blog\/wp-content\/uploads\/sites\/3\/2023\/08\/mariacieza.jpg?w=1024\" alt=\"Mar\u00eda P\u00e9rez es una de las grandes opciones de medalla en el Mundial de Atletismo.\" class=\"wp-image-16268\" srcset=\"https:\/\/www.movistar.es\/blog\/wp-content\/uploads\/sites\/3\/2023\/08\/mariacieza.jpg 2048w, https:\/\/www.movistar.es\/blog\/wp-content\/uploads\/sites\/3\/2023\/08\/mariacieza.jpg?resize=300,200 300w, https:\/\/www.movistar.es\/blog\/wp-content\/uploads\/sites\/3\/2023\/08\/mariacieza.jpg?resize=768,512 768w, https:\/\/www.movistar.es\/blog\/wp-content\/uploads\/sites\/3\/2023\/08\/mariacieza.jpg?resize=1024,683 1024w, https:\/\/www.movistar.es\/blog\/wp-content\/uploads\/sites\/3\/2023\/08\/mariacieza.jpg?resize=1536,1025 1536w\" sizes=\"auto, (max-width: 1024px) 100vw, 1024px\" \/><\/figure>\n\n\n\n<p>Otra opci\u00f3n de medalla ser\u00e1 la marchadora <strong><a href=\"https:\/\/olympics.com\/es\/atletas\/maria-perez-x7722\" target=\"_blank\" rel=\"noreferrer noopener\">Mar\u00eda P\u00e9rez<\/a><\/strong>. En mayo bati\u00f3 el r\u00e9cord del mundo en los <strong>35 kil\u00f3metros marcha<\/strong> y competir\u00e1 en esta prueba. Al igual que Katir, tambi\u00e9n doblar\u00e1. En su caso la otra prueba son los <strong>20 kil\u00f3metros marcha<\/strong>, donde acarici\u00f3 medalla en los Juegos Ol\u00edmpicos de Tokio. Las pruebas de marcha son mucho m\u00e1s largas, por lo que se juega la medalla en una \u00fanica carrera. El horario de las dos pruebas ser\u00e1 el siguiente.<\/p>\n\n\n\n<ul class=\"wp-block-list\"><li><strong>20 km marcha femeninos<\/strong>: domingo 20 de agosto a las 7:15.<\/li><li><strong>35 km marcha femeninos<\/strong>: jueves 24 de agosto a las 7:00.<\/li><\/ul>\n\n\n\n<h2 class=\"wp-block-heading\" class=\"wp-block-heading\" id=\"las-pruebas-en-las-que-competiran-espanoles\">Las pruebas en las que competir\u00e1n espa\u00f1oles<\/h2>\n\n\n\n<p>Adem\u00e1s de los mencionados Katir y P\u00e9rez, otros atletas participar\u00e1n en varias pruebas en el Mundial de Atletismo. <strong>Mar\u00eda Vicente<\/strong> competir\u00e1 en salto de longitud y triple salto y <strong>\u00c1lvaro Mart\u00edn<\/strong>, como Mar\u00eda P\u00e9rez, en 20 y 35 kil\u00f3metros marcha. <strong>Ja\u00ebl-Sakura Bestu\u00e9<\/strong>, por su parte, estar\u00e1 hasta en tres: 100 y 200 metros y relevo 4&#215;100.<\/p>\n\n\n\n<p>En la categor\u00eda femenina, podremos encontrar espa\u00f1olas en <strong>100, 200, 800 y 1500 metros<\/strong>, as\u00ed como en la <strong>Marat\u00f3n <\/strong>y en los <strong>3000 obst\u00e1culos<\/strong>. Dentro del salto estar\u00e1n presentes en el <strong>triple salto<\/strong> y en el <strong>salto de longitud<\/strong>. Tambi\u00e9n habr\u00e1 <strong>lanzamiento de martillo<\/strong> y, adem\u00e1s de las dos pruebas de marcha, en los <strong>relevos de 100 y 400 metros<\/strong>.<\/p>\n\n\n\n<figure class=\"wp-block-image aligncenter size-large\"><img loading=\"lazy\" decoding=\"async\" height=\"282\" width=\"1024\" src=\"https:\/\/www.movistar.es\/blog\/wp-content\/uploads\/sites\/3\/2023\/08\/WorldAthletics2023-1.jpg?w=1024\" alt=\"Logo del Mundial de Atletismo\" class=\"wp-image-16314\" srcset=\"https:\/\/www.movistar.es\/blog\/wp-content\/uploads\/sites\/3\/2023\/08\/WorldAthletics2023-1.jpg 1200w, https:\/\/www.movistar.es\/blog\/wp-content\/uploads\/sites\/3\/2023\/08\/WorldAthletics2023-1.jpg?resize=300,83 300w, https:\/\/www.movistar.es\/blog\/wp-content\/uploads\/sites\/3\/2023\/08\/WorldAthletics2023-1.jpg?resize=768,211 768w, https:\/\/www.movistar.es\/blog\/wp-content\/uploads\/sites\/3\/2023\/08\/WorldAthletics2023-1.jpg?resize=1024,282 1024w\" sizes=\"auto, (max-width: 1024px) 100vw, 1024px\" \/><\/figure>\n\n\n\n<p>Ligeramente distintas son las pruebas masculinas con espa\u00f1oles en el Mundial de Atletismo. S\u00ed tendremos tambi\u00e9n atletas nacionales en 800, 1500, Marat\u00f3n, 3000m obst\u00e1culos, salto de longitud, marcha y el relevo de 400, pero no en el resto. Por el contrario, s\u00ed los habr\u00e1 en <strong>5000 metros<\/strong>, <strong>110 y 400 vallas<\/strong> y <strong>lanzamiento de disco<\/strong>.<\/p>\n\n\n\n<h2 class=\"wp-block-heading\" class=\"wp-block-heading\" id=\"como-ver-el-mundial-de-atletismo\">C\u00f3mo ver el Mundial de Atletismo<\/h2>\n\n\n\n<p>El Mundial de Atletismo ser\u00e1 televisado y podr\u00e1s verlo al completo gracias a Movistar Plus+. En Espa\u00f1a se podr\u00e1 ver tanto a trav\u00e9s de los canales de RTVE, que podr\u00e1s encontrar en los <strong>diales 1 (La 1)<\/strong> y <strong>70 (Teledeporte)<\/strong>, como por <strong>Eurosport<\/strong>, en los <strong>diales 66 y 67<\/strong>.<\/p>\n\n\n\n<p>Y es que en la completa oferta deportiva de Movistar Plus+ puedes encontrar tanto los grandes deportes colectivos como los individuales. As\u00ed, podr\u00e1s encontrar todo el <strong><a href=\"https:\/\/www.movistar.es\/blog\/movistar-plus\/laliga-ver-todo-el-futbol-movistar\/\">f\u00fatbol<\/a><\/strong>, el mejor <strong>baloncesto <\/strong>y otros deportes como el <strong>rugby <\/strong>y el<strong> f\u00fatbol americano <\/strong>y tambi\u00e9n los principales torneos de <strong><a href=\"https:\/\/www.movistar.es\/blog\/movistar-plus\/calendario-atp-2023-tenis-movistar\/\">tenis<\/a><\/strong>, de <strong>golf <\/strong>o el mejor <strong>motor<\/strong>.<\/p>\n\n\n\n<p><a href=\"https:\/\/www.movistar.es\/particulares\/tv\/movistar-plus\" target=\"_blank\" rel=\"noreferrer noopener\">Contrata ya<\/a> y disfruta tanto del Mundial de Atletismo como del mejor deporte. Si por las vacaciones no est\u00e1s en casa pero quieres verlo, no te preocupes, ya que puedes hacerlo a trav\u00e9s de <strong>Movistar Plus+ desde cualquier parte<\/strong>. <\/p>\n","protected":false},"excerpt":{"rendered":"<p>El Campeonato Mundial de Atletismo arranca en la ciudad h\u00fangara de Budapest el d\u00eda 19 de agosto y durar\u00e1 hasta el domingo 27. As\u00ed, vuelve a Europa 6 a\u00f1os despu\u00e9s de su edici\u00f3n en Londres [&hellip;]<\/p>\n","protected":false},"author":81,"featured_media":16270,"comment_status":"closed","ping_status":"closed","sticky":false,"template":"","format":"standard","meta":{"site-sidebar-layout":"default","site-content-layout":"","ast-site-content-layout":"","site-content-style":"default","site-sidebar-style":"default","ast-global-header-display":"","ast-banner-title-visibility":"","ast-main-header-display":"","ast-hfb-above-header-display":"","ast-hfb-below-header-display":"","ast-hfb-mobile-header-display":"","site-post-title":"","ast-breadcrumbs-content":"","ast-featured-img":"","footer-sml-layout":"","theme-transparent-header-meta":"","adv-header-id-meta":"","stick-header-meta":"","header-above-stick-meta":"","header-main-stick-meta":"","header-below-stick-meta":"","astra-migrate-meta-layouts":"default","ast-page-background-enabled":"default","ast-page-background-meta":{"desktop":{"background-color":"var(--ast-global-color-4)","background-image":"","background-repeat":"repeat","background-position":"center center","background-size":"auto","background-attachment":"scroll","background-type":"","background-media":"","overlay-type":"","overlay-color":"","overlay-opacity":"","overlay-gradient":""},"tablet":{"background-color":"","background-image":"","background-repeat":"repeat","background-position":"center center","background-size":"auto","background-attachment":"scroll","background-type":"","background-media":"","overlay-type":"","overlay-color":"","overlay-opacity":"","overlay-gradient":""},"mobile":{"background-color":"","background-image":"","background-repeat":"repeat","background-position":"center center","background-size":"auto","background-attachment":"scroll","background-type":"","background-media":"","overlay-type":"","overlay-color":"","overlay-opacity":"","overlay-gradient":""}},"ast-content-background-meta":{"desktop":{"background-color":"var(--ast-global-color-5)","background-image":"","background-repeat":"repeat","background-position":"center center","background-size":"auto","background-attachment":"scroll","background-type":"","background-media":"","overlay-type":"","overlay-color":"","overlay-opacity":"","overlay-gradient":""},"tablet":{"background-color":"var(--ast-global-color-5)","background-image":"","background-repeat":"repeat","background-position":"center center","background-size":"auto","background-attachment":"scroll","background-type":"","background-media":"","overlay-type":"","overlay-color":"","overlay-opacity":"","overlay-gradient":""},"mobile":{"background-color":"var(--ast-global-color-5)","background-image":"","background-repeat":"repeat","background-position":"center center","background-size":"auto","background-attachment":"scroll","background-type":"","background-media":"","overlay-type":"","overlay-color":"","overlay-opacity":"","overlay-gradient":""}},"_jetpack_memberships_contains_paid_content":false,"footnotes":""},"categories":[1],"tags":[],"area":[427],"cluster":[45],"linea_editorial":[],"coauthors":[409],"class_list":["post-16267","post","type-post","status-publish","format-standard","has-post-thumbnail","hentry","category-sin-categoria","area-gametv","cluster-movistar-plus"],"yoast_head":"<!-- This site is optimized with the Yoast SEO Premium plugin v25.5 (Yoast SEO v25.5) - https:\/\/yoast.com\/wordpress\/plugins\/seo\/ -->\n<title>Mundial Atletismo 2023 llega a Budapest con Movistar<\/title>\n<meta name=\"description\" content=\"El Mundial de Atletismo se disputar\u00e1 en Hungr\u00eda con 58 atletas espa\u00f1oles buscando la medalla en distintas pruebas de varias modalidades.\" \/>\n<meta name=\"robots\" content=\"index, follow, max-snippet:-1, max-image-preview:large, max-video-preview:-1\" \/>\n<link rel=\"canonical\" href=\"https:\/\/www.movistar.es\/blog\/movistar-plus\/mundial-atletismo-budapest\/\" \/>\n<meta property=\"og:locale\" content=\"es_ES\" \/>\n<meta property=\"og:type\" content=\"article\" \/>\n<meta property=\"og:title\" content=\"Llega el Mundial de Atletismo 2023 a Budapest\" \/>\n<meta property=\"og:description\" content=\"El Mundial de Atletismo se disputar\u00e1 en Hungr\u00eda con 58 atletas espa\u00f1oles buscando la medalla en distintas pruebas de varias modalidades.\" \/>\n<meta property=\"og:url\" content=\"https:\/\/www.movistar.es\/blog\/movistar-plus\/mundial-atletismo-budapest\/\" \/>\n<meta property=\"og:site_name\" content=\"Movistar blog\" \/>\n<meta property=\"article:published_time\" content=\"2023-08-16T12:29:34+00:00\" \/>\n<meta property=\"article:modified_time\" content=\"2023-08-16T12:29:35+00:00\" \/>\n<meta name=\"author\" content=\"\u00c1lvaro Gui\u00f1\u00f3n\" \/>\n<meta name=\"twitter:card\" content=\"summary_large_image\" \/>\n<meta name=\"twitter:image\" content=\"https:\/\/www.movistar.es\/blog\/wp-content\/uploads\/sites\/3\/2023\/08\/64491f92bd45c11b16ee60a9.png\" \/>\n<meta name=\"twitter:label1\" content=\"Written by\" \/>\n\t<meta name=\"twitter:data1\" content=\"\u00c1lvaro Gui\u00f1\u00f3n\" \/>\n\t<meta name=\"twitter:label2\" content=\"Est. reading time\" \/>\n\t<meta name=\"twitter:data2\" content=\"4 minutos\" \/>\n<script type=\"application\/ld+json\" class=\"yoast-schema-graph\">{\"@context\":\"https:\/\/schema.org\",\"@graph\":[{\"@type\":\"Article\",\"@id\":\"https:\/\/www.movistar.es\/blog\/movistar-plus\/mundial-atletismo-budapest\/#article\",\"isPartOf\":{\"@id\":\"https:\/\/www.movistar.es\/blog\/movistar-plus\/mundial-atletismo-budapest\/\"},\"author\":{\"name\":\"\u00c1lvaro Gui\u00f1\u00f3n\",\"@id\":\"https:\/\/www.movistar.es\/blog\/#\/schema\/person\/c08164bba32a416ae0908ffcff27cda4\"},\"headline\":\"Llega el Mundial de Atletismo 2023 a Budapest\",\"datePublished\":\"2023-08-16T12:29:34+00:00\",\"dateModified\":\"2023-08-16T12:29:35+00:00\",\"mainEntityOfPage\":{\"@id\":\"https:\/\/www.movistar.es\/blog\/movistar-plus\/mundial-atletismo-budapest\/\"},\"wordCount\":817,\"publisher\":{\"@id\":\"https:\/\/www.movistar.es\/blog\/#organization\"},\"image\":{\"@id\":\"https:\/\/www.movistar.es\/blog\/movistar-plus\/mundial-atletismo-budapest\/#primaryimage\"},\"thumbnailUrl\":\"https:\/\/www.movistar.es\/blog\/wp-content\/uploads\/sites\/3\/2023\/08\/64491f92bd45c11b16ee60a9.png\",\"inLanguage\":\"es\"},{\"@type\":\"WebPage\",\"@id\":\"https:\/\/www.movistar.es\/blog\/movistar-plus\/mundial-atletismo-budapest\/\",\"url\":\"https:\/\/www.movistar.es\/blog\/movistar-plus\/mundial-atletismo-budapest\/\",\"name\":\"Mundial Atletismo 2023 llega a Budapest con Movistar\",\"isPartOf\":{\"@id\":\"https:\/\/www.movistar.es\/blog\/#website\"},\"primaryImageOfPage\":{\"@id\":\"https:\/\/www.movistar.es\/blog\/movistar-plus\/mundial-atletismo-budapest\/#primaryimage\"},\"image\":{\"@id\":\"https:\/\/www.movistar.es\/blog\/movistar-plus\/mundial-atletismo-budapest\/#primaryimage\"},\"thumbnailUrl\":\"https:\/\/www.movistar.es\/blog\/wp-content\/uploads\/sites\/3\/2023\/08\/64491f92bd45c11b16ee60a9.png\",\"datePublished\":\"2023-08-16T12:29:34+00:00\",\"dateModified\":\"2023-08-16T12:29:35+00:00\",\"description\":\"El Mundial de Atletismo se disputar\u00e1 en Hungr\u00eda con 58 atletas espa\u00f1oles buscando la medalla en distintas pruebas de varias modalidades.\",\"breadcrumb\":{\"@id\":\"https:\/\/www.movistar.es\/blog\/movistar-plus\/mundial-atletismo-budapest\/#breadcrumb\"},\"inLanguage\":\"es\",\"potentialAction\":[{\"@type\":\"ReadAction\",\"target\":[\"https:\/\/www.movistar.es\/blog\/movistar-plus\/mundial-atletismo-budapest\/\"]}]},{\"@type\":\"ImageObject\",\"inLanguage\":\"es\",\"@id\":\"https:\/\/www.movistar.es\/blog\/movistar-plus\/mundial-atletismo-budapest\/#primaryimage\",\"url\":\"https:\/\/www.movistar.es\/blog\/wp-content\/uploads\/sites\/3\/2023\/08\/64491f92bd45c11b16ee60a9.png\",\"contentUrl\":\"https:\/\/www.movistar.es\/blog\/wp-content\/uploads\/sites\/3\/2023\/08\/64491f92bd45c11b16ee60a9.png\",\"width\":1920,\"height\":768,\"caption\":\"Estadio principal del Mundial de Atletismo\"},{\"@type\":\"BreadcrumbList\",\"@id\":\"https:\/\/www.movistar.es\/blog\/movistar-plus\/mundial-atletismo-budapest\/#breadcrumb\",\"itemListElement\":[{\"@type\":\"ListItem\",\"position\":1,\"name\":\"Home\",\"item\":\"https:\/\/www.movistar.es\/blog\/\"},{\"@type\":\"ListItem\",\"position\":2,\"name\":\"Llega el Mundial de Atletismo 2023 a Budapest\"}]},{\"@type\":\"WebSite\",\"@id\":\"https:\/\/www.movistar.es\/blog\/#website\",\"url\":\"https:\/\/www.movistar.es\/blog\/\",\"name\":\"Movistar blog\",\"description\":\"Movistar Blog. Informaci\u00f3n y m\u00e1s sobre los productos y servicios de Movistar\",\"publisher\":{\"@id\":\"https:\/\/www.movistar.es\/blog\/#organization\"},\"potentialAction\":[{\"@type\":\"SearchAction\",\"target\":{\"@type\":\"EntryPoint\",\"urlTemplate\":\"https:\/\/www.movistar.es\/blog\/?s={search_term_string}\"},\"query-input\":{\"@type\":\"PropertyValueSpecification\",\"valueRequired\":true,\"valueName\":\"search_term_string\"}}],\"inLanguage\":\"es\"},{\"@type\":\"Organization\",\"@id\":\"https:\/\/www.movistar.es\/blog\/#organization\",\"name\":\"Movistar blog\",\"url\":\"https:\/\/www.movistar.es\/blog\/\",\"logo\":{\"@type\":\"ImageObject\",\"inLanguage\":\"es\",\"@id\":\"https:\/\/www.movistar.es\/blog\/#\/schema\/logo\/image\/\",\"url\":\"https:\/\/www.movistar.es\/blog\/wp-content\/uploads\/sites\/3\/2022\/05\/logo_movistar-1.svg\",\"contentUrl\":\"https:\/\/www.movistar.es\/blog\/wp-content\/uploads\/sites\/3\/2022\/05\/logo_movistar-1.svg\",\"width\":369,\"height\":272,\"caption\":\"Movistar blog\"},\"image\":{\"@id\":\"https:\/\/www.movistar.es\/blog\/#\/schema\/logo\/image\/\"}},{\"@type\":\"Person\",\"@id\":\"https:\/\/www.movistar.es\/blog\/#\/schema\/person\/c08164bba32a416ae0908ffcff27cda4\",\"name\":\"\u00c1lvaro Gui\u00f1\u00f3n\",\"image\":{\"@type\":\"ImageObject\",\"inLanguage\":\"es\",\"@id\":\"https:\/\/www.movistar.es\/blog\/#\/schema\/person\/image\/51671b6030de77c3bb9885814b71de60\",\"url\":\"https:\/\/secure.gravatar.com\/avatar\/2d8b4c1902b4a46e6f14e75ce5ae7a81cb04b5a4eb83dc660f881e7cad9c07b6\",\"contentUrl\":\"https:\/\/secure.gravatar.com\/avatar\/2d8b4c1902b4a46e6f14e75ce5ae7a81cb04b5a4eb83dc660f881e7cad9c07b6\",\"caption\":\"\u00c1lvaro Gui\u00f1\u00f3n\"},\"description\":\"\u00c1lvaro Gui\u00f1\u00f3n es periodista y est\u00e1 especializado en gaming, aunque le apasionan tanto el deporte como la tecnolog\u00eda. Forma parte de la redacci\u00f3n de Movistar eSports, medio referente en el entretenimiento digital.\",\"url\":\"https:\/\/www.movistar.es\/blog\/author\/agrinon\/\"}]}<\/script>\n<!-- \/ Yoast SEO Premium plugin. -->","yoast_head_json":{"title":"Mundial Atletismo 2023 llega a Budapest con Movistar","description":"El Mundial de Atletismo se disputar\u00e1 en Hungr\u00eda con 58 atletas espa\u00f1oles buscando la medalla en distintas pruebas de varias modalidades.","robots":{"index":"index","follow":"follow","max-snippet":"max-snippet:-1","max-image-preview":"max-image-preview:large","max-video-preview":"max-video-preview:-1"},"canonical":"https:\/\/www.movistar.es\/blog\/movistar-plus\/mundial-atletismo-budapest\/","og_locale":"es_ES","og_type":"article","og_title":"Llega el Mundial de Atletismo 2023 a Budapest","og_description":"El Mundial de Atletismo se disputar\u00e1 en Hungr\u00eda con 58 atletas espa\u00f1oles buscando la medalla en distintas pruebas de varias modalidades.","og_url":"https:\/\/www.movistar.es\/blog\/movistar-plus\/mundial-atletismo-budapest\/","og_site_name":"Movistar blog","article_published_time":"2023-08-16T12:29:34+00:00","article_modified_time":"2023-08-16T12:29:35+00:00","author":"\u00c1lvaro Gui\u00f1\u00f3n","twitter_card":"summary_large_image","twitter_image":"https:\/\/www.movistar.es\/blog\/wp-content\/uploads\/sites\/3\/2023\/08\/64491f92bd45c11b16ee60a9.png","twitter_misc":{"Written by":"\u00c1lvaro Gui\u00f1\u00f3n","Est. reading time":"4 minutos"},"schema":{"@context":"https:\/\/schema.org","@graph":[{"@type":"Article","@id":"https:\/\/www.movistar.es\/blog\/movistar-plus\/mundial-atletismo-budapest\/#article","isPartOf":{"@id":"https:\/\/www.movistar.es\/blog\/movistar-plus\/mundial-atletismo-budapest\/"},"author":{"name":"\u00c1lvaro Gui\u00f1\u00f3n","@id":"https:\/\/www.movistar.es\/blog\/#\/schema\/person\/c08164bba32a416ae0908ffcff27cda4"},"headline":"Llega el Mundial de Atletismo 2023 a Budapest","datePublished":"2023-08-16T12:29:34+00:00","dateModified":"2023-08-16T12:29:35+00:00","mainEntityOfPage":{"@id":"https:\/\/www.movistar.es\/blog\/movistar-plus\/mundial-atletismo-budapest\/"},"wordCount":817,"publisher":{"@id":"https:\/\/www.movistar.es\/blog\/#organization"},"image":{"@id":"https:\/\/www.movistar.es\/blog\/movistar-plus\/mundial-atletismo-budapest\/#primaryimage"},"thumbnailUrl":"https:\/\/www.movistar.es\/blog\/wp-content\/uploads\/sites\/3\/2023\/08\/64491f92bd45c11b16ee60a9.png","inLanguage":"es"},{"@type":"WebPage","@id":"https:\/\/www.movistar.es\/blog\/movistar-plus\/mundial-atletismo-budapest\/","url":"https:\/\/www.movistar.es\/blog\/movistar-plus\/mundial-atletismo-budapest\/","name":"Mundial Atletismo 2023 llega a Budapest con Movistar","isPartOf":{"@id":"https:\/\/www.movistar.es\/blog\/#website"},"primaryImageOfPage":{"@id":"https:\/\/www.movistar.es\/blog\/movistar-plus\/mundial-atletismo-budapest\/#primaryimage"},"image":{"@id":"https:\/\/www.movistar.es\/blog\/movistar-plus\/mundial-atletismo-budapest\/#primaryimage"},"thumbnailUrl":"https:\/\/www.movistar.es\/blog\/wp-content\/uploads\/sites\/3\/2023\/08\/64491f92bd45c11b16ee60a9.png","datePublished":"2023-08-16T12:29:34+00:00","dateModified":"2023-08-16T12:29:35+00:00","description":"El Mundial de Atletismo se disputar\u00e1 en Hungr\u00eda con 58 atletas espa\u00f1oles buscando la medalla en distintas pruebas de varias modalidades.","breadcrumb":{"@id":"https:\/\/www.movistar.es\/blog\/movistar-plus\/mundial-atletismo-budapest\/#breadcrumb"},"inLanguage":"es","potentialAction":[{"@type":"ReadAction","target":["https:\/\/www.movistar.es\/blog\/movistar-plus\/mundial-atletismo-budapest\/"]}]},{"@type":"ImageObject","inLanguage":"es","@id":"https:\/\/www.movistar.es\/blog\/movistar-plus\/mundial-atletismo-budapest\/#primaryimage","url":"https:\/\/www.movistar.es\/blog\/wp-content\/uploads\/sites\/3\/2023\/08\/64491f92bd45c11b16ee60a9.png","contentUrl":"https:\/\/www.movistar.es\/blog\/wp-content\/uploads\/sites\/3\/2023\/08\/64491f92bd45c11b16ee60a9.png","width":1920,"height":768,"caption":"Estadio principal del Mundial de Atletismo"},{"@type":"BreadcrumbList","@id":"https:\/\/www.movistar.es\/blog\/movistar-plus\/mundial-atletismo-budapest\/#breadcrumb","itemListElement":[{"@type":"ListItem","position":1,"name":"Home","item":"https:\/\/www.movistar.es\/blog\/"},{"@type":"ListItem","position":2,"name":"Llega el Mundial de Atletismo 2023 a Budapest"}]},{"@type":"WebSite","@id":"https:\/\/www.movistar.es\/blog\/#website","url":"https:\/\/www.movistar.es\/blog\/","name":"Movistar blog","description":"Movistar Blog. Informaci\u00f3n y m\u00e1s sobre los productos y servicios de Movistar","publisher":{"@id":"https:\/\/www.movistar.es\/blog\/#organization"},"potentialAction":[{"@type":"SearchAction","target":{"@type":"EntryPoint","urlTemplate":"https:\/\/www.movistar.es\/blog\/?s={search_term_string}"},"query-input":{"@type":"PropertyValueSpecification","valueRequired":true,"valueName":"search_term_string"}}],"inLanguage":"es"},{"@type":"Organization","@id":"https:\/\/www.movistar.es\/blog\/#organization","name":"Movistar blog","url":"https:\/\/www.movistar.es\/blog\/","logo":{"@type":"ImageObject","inLanguage":"es","@id":"https:\/\/www.movistar.es\/blog\/#\/schema\/logo\/image\/","url":"https:\/\/www.movistar.es\/blog\/wp-content\/uploads\/sites\/3\/2022\/05\/logo_movistar-1.svg","contentUrl":"https:\/\/www.movistar.es\/blog\/wp-content\/uploads\/sites\/3\/2022\/05\/logo_movistar-1.svg","width":369,"height":272,"caption":"Movistar blog"},"image":{"@id":"https:\/\/www.movistar.es\/blog\/#\/schema\/logo\/image\/"}},{"@type":"Person","@id":"https:\/\/www.movistar.es\/blog\/#\/schema\/person\/c08164bba32a416ae0908ffcff27cda4","name":"\u00c1lvaro Gui\u00f1\u00f3n","image":{"@type":"ImageObject","inLanguage":"es","@id":"https:\/\/www.movistar.es\/blog\/#\/schema\/person\/image\/51671b6030de77c3bb9885814b71de60","url":"https:\/\/secure.gravatar.com\/avatar\/2d8b4c1902b4a46e6f14e75ce5ae7a81cb04b5a4eb83dc660f881e7cad9c07b6","contentUrl":"https:\/\/secure.gravatar.com\/avatar\/2d8b4c1902b4a46e6f14e75ce5ae7a81cb04b5a4eb83dc660f881e7cad9c07b6","caption":"\u00c1lvaro Gui\u00f1\u00f3n"},"description":"\u00c1lvaro Gui\u00f1\u00f3n es periodista y est\u00e1 especializado en gaming, aunque le apasionan tanto el deporte como la tecnolog\u00eda. Forma parte de la redacci\u00f3n de Movistar eSports, medio referente en el entretenimiento digital.","url":"https:\/\/www.movistar.es\/blog\/author\/agrinon\/"}]}},"jetpack_featured_media_url":"https:\/\/www.movistar.es\/blog\/wp-content\/uploads\/sites\/3\/2023\/08\/64491f92bd45c11b16ee60a9.png","jetpack_sharing_enabled":true,"_links":{"self":[{"href":"https:\/\/www.movistar.es\/blog\/wp-json\/wp\/v2\/posts\/16267","targetHints":{"allow":["GET"]}}],"collection":[{"href":"https:\/\/www.movistar.es\/blog\/wp-json\/wp\/v2\/posts"}],"about":[{"href":"https:\/\/www.movistar.es\/blog\/wp-json\/wp\/v2\/types\/post"}],"author":[{"embeddable":true,"href":"https:\/\/www.movistar.es\/blog\/wp-json\/wp\/v2\/users\/81"}],"replies":[{"embeddable":true,"href":"https:\/\/www.movistar.es\/blog\/wp-json\/wp\/v2\/comments?post=16267"}],"version-history":[{"count":16,"href":"https:\/\/www.movistar.es\/blog\/wp-json\/wp\/v2\/posts\/16267\/revisions"}],"predecessor-version":[{"id":16315,"href":"https:\/\/www.movistar.es\/blog\/wp-json\/wp\/v2\/posts\/16267\/revisions\/16315"}],"wp:featuredmedia":[{"embeddable":true,"href":"https:\/\/www.movistar.es\/blog\/wp-json\/wp\/v2\/media\/16270"}],"wp:attachment":[{"href":"https:\/\/www.movistar.es\/blog\/wp-json\/wp\/v2\/media?parent=16267"}],"wp:term":[{"taxonomy":"category","embeddable":true,"href":"https:\/\/www.movistar.es\/blog\/wp-json\/wp\/v2\/categories?post=16267"},{"taxonomy":"post_tag","embeddable":true,"href":"https:\/\/www.movistar.es\/blog\/wp-json\/wp\/v2\/tags?post=16267"},{"taxonomy":"area","embeddable":true,"href":"https:\/\/www.movistar.es\/blog\/wp-json\/wp\/v2\/area?post=16267"},{"taxonomy":"cluster","embeddable":true,"href":"https:\/\/www.movistar.es\/blog\/wp-json\/wp\/v2\/cluster?post=16267"},{"taxonomy":"linea_editorial","embeddable":true,"href":"https:\/\/www.movistar.es\/blog\/wp-json\/wp\/v2\/linea_editorial?post=16267"},{"taxonomy":"author","embeddable":true,"href":"https:\/\/www.movistar.es\/blog\/wp-json\/wp\/v2\/coauthors?post=16267"}],"curies":[{"name":"wp","href":"https:\/\/api.w.org\/{rel}","templated":true}]}}