{"id":16189,"date":"2023-08-11T15:01:21","date_gmt":"2023-08-11T13:01:21","guid":{"rendered":"https:\/\/www.movistar.es\/blog\/?p=16189"},"modified":"2023-10-19T10:08:46","modified_gmt":"2023-10-19T08:08:46","slug":"mejores-documentales-movistar-plus","status":"publish","type":"post","link":"https:\/\/www.movistar.es\/blog\/movistar-plus\/mejores-documentales-movistar-plus\/","title":{"rendered":"Los mejores documentales de estreno en Movistar Plus+"},"content":{"rendered":"\n<p><strong>Movistar Plus+ <\/strong>cuenta con una amplia oferta de entretenimiento. Va m\u00e1s all\u00e1 de la ficci\u00f3n, donde tiene un amplio cat\u00e1logo con <a href=\"https:\/\/www.movistar.es\/blog\/movistar-plus\/proximos-estrenos-mas-esperados\" target=\"_blank\" rel=\"noreferrer noopener\">series<\/a> y pel\u00edculas, y tambi\u00e9n incluye una amplia selecci\u00f3n de los <strong>mejores documentales<\/strong> de todo tipo.<\/p>\n\n\n\n<p>Si eres fan de la no ficci\u00f3n, Movistar Plus+ es el lugar ideal para ti. No solo cuenta con una amplia selecci\u00f3n de grandes documentales, sino que cada mes tienes documentales interesantes de <strong>estreno.<\/strong><\/p>\n\n\n\n<p>Te guste el campo que te guste, teniendo en cuenta la variedad que puedes encontrar en <a href=\"https:\/\/ver.movistarplus.es\/\" target=\"_blank\" rel=\"noreferrer noopener\">Movistar Plus+<\/a> es muy raro que no haya uno para ti. Si quieres saber m\u00e1s, qu\u00e9date con nosotros porque te vamos a contar todo sobre los mejores documentales que se estrenar\u00e1n en octubre.<\/p>\n\n\n\n<h2 class=\"wp-block-heading\" class=\"wp-block-heading\" id=\"movistar-plus-los-mejores-documentales-que-no-te-puedes-perder\">Movistar Plus+: los mejores documentales que no te puedes perder<\/h2>\n\n\n\n<h3 class=\"wp-block-heading\" id=\"h-la-tragedia-de-los-andes\">&#8216;La tragedia de los Andes&#8217;<\/h3>\n\n\n\n<p>La historia es conocida por todos: el <strong>13 de octubre de 1972<\/strong>, un avi\u00f3n que llevaba a un grupo de jugadores de rugby uruguayos se estrell\u00f3 en la <strong>cordillera de los Andes<\/strong>. En extremas condiciones de congelaci\u00f3n y hambre, los sobrevivientes del vuelo tuvieron que recurrir a la antropofagia, es decir, consumir los restos de sus compa\u00f1eros fallecidos. Despu\u00e9s de dos meses y medio, dos de ellos iniciaron una traves\u00eda a pie por las monta\u00f1as, tratando desesperadamente de encontrar ayuda.<\/p>\n\n\n\n<p>Ahora, medio siglo despu\u00e9s de uno de los mayores desaf\u00edos de supervivencia en la historia, el relato al completo es contando a trav\u00e9s de los protagonistas que lograron sobrevivir en el documental <strong>&#8216;La tragedia de los Andes&#8217;<\/strong>. Disponible en <strong>Movistar Plus+<\/strong> a partir del viernes <strong>13 de octubre<\/strong>, coincidiendo con el 50 aniversario de la tragedia.<\/p>\n\n\n\n<figure class=\"wp-block-image size-full\"><img loading=\"lazy\" decoding=\"async\" width=\"889\" height=\"500\" src=\"https:\/\/www.movistar.es\/blog\/wp-content\/uploads\/sites\/3\/2023\/10\/F4132161.jpg\" alt=\"\" class=\"wp-image-17983\" srcset=\"https:\/\/www.movistar.es\/blog\/wp-content\/uploads\/sites\/3\/2023\/10\/F4132161.jpg 889w, https:\/\/www.movistar.es\/blog\/wp-content\/uploads\/sites\/3\/2023\/10\/F4132161.jpg?resize=300,169 300w, https:\/\/www.movistar.es\/blog\/wp-content\/uploads\/sites\/3\/2023\/10\/F4132161.jpg?resize=768,432 768w\" sizes=\"auto, (max-width: 889px) 100vw, 889px\" \/><\/figure>\n\n\n\n<h3 class=\"wp-block-heading\" id=\"h-antiguas-civilizaciones\">&#8216;Antiguas civilizaciones&#8217;<\/h3>\n\n\n\n<p>A trav\u00e9s de una novedosa perspectiva, <strong>&#8216;Antiguas civilizaciones<\/strong>&#8216;, la destacada serie documental de la <strong>BBC<\/strong>, vincula el desarrollo de cinco de las m\u00e1s influyentes civilizaciones de nuestra historia: <strong>Egipto, China, Grecia, Roma y la India<\/strong>. A trav\u00e9s de un relato que entrelaza las narrativas de oriente y occidente, se exploran los desaf\u00edos sociales, tecnol\u00f3gicos y f\u00edsicos que estas sociedades afrontaron en su b\u00fasqueda de la hegemon\u00eda en el mundo antiguo.<\/p>\n\n\n\n<p>Esta serie documental tendr\u00e1 seis episodios, a lo largo de los cuales se desvelar\u00e1 un mundo interconectado mediante el comercio, la guerra y la transmisi\u00f3n de ideas. Si eres fan de la historia, no puedes perderte uno de los mejores documentales a partir de <strong>24 de octubre en Movistar Plus+<\/strong>.<\/p>\n\n\n\n<figure class=\"wp-block-image size-full\"><img loading=\"lazy\" decoding=\"async\" width=\"889\" height=\"500\" src=\"https:\/\/www.movistar.es\/blog\/wp-content\/uploads\/sites\/3\/2023\/10\/F4132837.jpg\" alt=\"\" class=\"wp-image-17984\" srcset=\"https:\/\/www.movistar.es\/blog\/wp-content\/uploads\/sites\/3\/2023\/10\/F4132837.jpg 889w, https:\/\/www.movistar.es\/blog\/wp-content\/uploads\/sites\/3\/2023\/10\/F4132837.jpg?resize=300,169 300w, https:\/\/www.movistar.es\/blog\/wp-content\/uploads\/sites\/3\/2023\/10\/F4132837.jpg?resize=768,432 768w\" sizes=\"auto, (max-width: 889px) 100vw, 889px\" \/><\/figure>\n\n\n\n<h3 class=\"wp-block-heading\" class=\"wp-block-heading\" id=\"luz-en-la-oscuridad\">&#8216;Luz en la oscuridad&#8217;<\/h3>\n\n\n\n<p><strong>&#8216;Luz en la oscuridad&#8217; <\/strong>es la \u00faltima <a href=\"https:\/\/originales.movistarplus.es\/\" target=\"_blank\" rel=\"noreferrer noopener\">producci\u00f3n original<\/a> true crime de <strong>Movistar Plus +<\/strong>, realizada en colaboraci\u00f3n con Goroka. Si disfrutas de este g\u00e9nero, sin duda esta serie documental est\u00e1 hecha a tu medida, porque representa un notorio paso adelante en las producciones de este tipo realizadas en nuestro pa\u00eds. <\/p>\n\n\n\n<p>Esta serie documental combina la vasta experiencia de <strong>Carles Porta<\/strong> con una narrativa elegante y sutil, respaldada por una meticulosa direcci\u00f3n de fotograf\u00eda y un montaje exquisito. &#8216;Luz en la Oscuridad&#8217; no es solo el t\u00edtulo de la serie, sino tambi\u00e9n el hilo conductor que da forma a cada uno de sus cautivadores episodios. No te pierdas su estreno el martes <strong>31 de octubre<\/strong> en el canal Movistar Plus +.<\/p>\n\n\n\n<h3 class=\"wp-block-heading\" class=\"wp-block-heading\" id=\"bisbal\">&#8216;Bisbal&#8217;<\/h3>\n\n\n\n<p><strong>David Bisbal<\/strong>, quien celebra dos d\u00e9cadas de exitosa carrera art\u00edstica, ha decidido conmemorar este hito en Almer\u00eda, su ciudad natal, con un emocionante concierto que reunir\u00e1 a sus seres queridos. En <strong>&#8216;Bisbal&#8217;<\/strong>, las c\u00e1maras se adhieren a su figura, lo siguen de cerca y lo acompa\u00f1an en los d\u00edas previos a lo que promete ser el concierto m\u00e1s conmovedor de su vida. <strong>\u00bfD\u00f3nde puedes ver el documental de Bisbal?<\/strong> La respuesta es, <strong>en Movistar Plus+<\/strong>. Y es que, en medio de esta vor\u00e1gine, con el mar y el impresionante desierto de Almer\u00eda como tel\u00f3n de fondo, David se sumerge en sus recuerdos, reflexionando sobre qui\u00e9n es y de d\u00f3nde proviene. <\/p>\n\n\n\n<p>Desde sus humildes inicios cantando en ferias locales, hasta su paso por una orquesta donde ya anhelaba el escenario m\u00e1s grande, y su destacada participaci\u00f3n en un concurso de talentos musicales que marc\u00f3 un antes y un despu\u00e9s en su camino hacia la fama. David Bisbal compartir\u00e1 su viaje personal y art\u00edstico en este emotivo documental que <strong>podr\u00e1s ver en Movistar Plus+<\/strong>.<\/p>\n\n\n\n<p>No te pierdas el estreno de este documental tan especial a partir del martes <strong>17 de octubre<\/strong>. Una oportunidad \u00fanica para conocer la trayectoria y los momentos m\u00e1s \u00edntimos de uno de los artistas m\u00e1s queridos de Espa\u00f1a. Ya sabes, \u00bfd\u00f3nde puedes ver el documental m\u00e1s esperado de Bisbal? \u00a1Ya est\u00e1 disponible en <strong>Movistar Plus+<\/strong>!<\/p>\n\n\n\n<figure class=\"wp-block-embed is-type-video is-provider-youtube wp-block-embed-youtube wp-embed-aspect-16-9 wp-has-aspect-ratio\"><div class=\"wp-block-embed__wrapper\">\n<div class=\"wp-block-embed__wrapper\"><div class=\"ast-oembed-container \" style=\"height: 100%;\"><iframe loading=\"lazy\" title=\"Avance exclusivo \u2018BISBAL\u2019 | Movistar Plus+\" width=\"1040\" height=\"585\" src=\"https:\/\/www.youtube.com\/embed\/u3-DHDxBA1w?feature=oembed\" frameborder=\"0\" allow=\"accelerometer; autoplay; clipboard-write; encrypted-media; gyroscope; picture-in-picture; web-share\" referrerpolicy=\"strict-origin-when-cross-origin\" allowfullscreen><\/iframe><\/div><\/div>\n<\/div><\/figure>\n\n\n\n<h3 class=\"wp-block-heading\" class=\"wp-block-heading\" id=\"bbc-earth-planeta-tierra-iii\">&#8216;BBC Earth: Planeta Tierra III&#8217;<\/h3>\n\n\n\n<p><strong>BBC Earth<\/strong> presenta su producci\u00f3n m\u00e1s ambiciosa hasta la fecha:<strong> &#8216;Planeta Tierra III&#8217;<\/strong>. Esta serie documental completa la trilog\u00eda que ha cosechado seis premios Emmy en sus entregas anteriores. En esta nueva entrega, \u00abPlaneta Tierra III\u00bb se adentra en los majestuosos h\u00e1bitats de nuestro planeta y en las fascinantes criaturas que los pueblan, con la voz del legendario<strong> Sir David Attenborough<\/strong> como narrador una vez m\u00e1s.<\/p>\n\n\n\n<p>Con ocho episodios llenos de im\u00e1genes sorprendentes, esta serie celebra la grandiosidad de la naturaleza, mostrando lugares y criaturas de todo tipo. &#8216;Planeta Tierra III&#8217; nos lleva a los \u00faltimos rincones salvajes de nuestro planeta: desde las profundidades insondables del oc\u00e9ano hasta las selvas m\u00e1s remotas, Adem\u00e1s, nos revela las incre\u00edbles estrategias que los animales han desarrollado para sobrevivir en estos entornos desafiantes. Cada episodio se centra en un h\u00e1bitat distinto y deslumbrante, que incluye pastizales y desiertos, densos bosques, h\u00e1bitats de agua dulce y cautivadoras costas. <\/p>\n\n\n\n<p>&#8216;Planeta Tierra III&#8217; promete ser un viaje \u00e9pico a trav\u00e9s de la naturaleza que no querr\u00e1s perderte. Disponible en Movistar Plus+ a partir del <strong>4 de noviembre<\/strong>.<\/p>\n\n\n\n<h2 class=\"wp-block-heading\" class=\"wp-block-heading\" id=\"otros-documentales-de-estreno-en-movistar-plus-en-octubre\">Otros documentales de estreno en Movistar Plus+ en octubre<\/h2>\n\n\n\n<ul class=\"wp-block-list\"><li><strong>&#8216;Irlanda del Norte: 30 a\u00f1os del conflicto&#8217; <\/strong>(3 de octubre)<\/li><li><strong>&#8216;La evacuaci\u00f3n de Afganist\u00e1n&#8217;<\/strong> (31 de octubre)<\/li><li><strong>&#8216;Merkel&#8217; <\/strong>(15 de octubre)<\/li><li><strong>&#8216;Carlos Vives y amigos&#8217; <\/strong>(14 de octubre)<\/li><li><strong>&#8216;Ilegales 82&#8217;<\/strong> (28 de octubre)<\/li><li><strong>&#8216;Iv\u00e1n Ferreiro. Confesiones de un artista de mierda&#8217;<\/strong> (14 de octubre)<\/li><li><strong>&#8216;Todo sobre Almod\u00f3var&#8217; <\/strong>(19 de octubre)<\/li><li><strong>&#8216;Magic Mart\u00ednez. El \u00faltimo galope&#8217;<\/strong> (11 de octubre)<\/li><li><strong>&#8216;Los guardianes del planeta&#8217;<\/strong> (28 de octubre)<\/li><li><strong>&#8216;Hellen Mirren, desafiante y majestuosa&#8217;<\/strong> (11 de octubre)<\/li><li><strong>&#8216;The Movies&#8217; <\/strong>(4 de octubre)<\/li><li><strong>&#8216;El algoritmo contra el crimen&#8217; <\/strong>(31 de octubre)<\/li><li>&#8216;<strong>Antiguo Egipto en tren&#8217; <\/strong>(22 de octubre)<\/li><li><strong>&#8216;Eric Clapton: The Lady in the Balcony&#8217;<\/strong> (7 de octubre)<\/li><\/ul>\n\n\n\n<h2 class=\"wp-block-heading\" class=\"wp-block-heading\" id=\"los-mejores-documentales-estrenados-en-septiembre\">Los mejores documentales estrenados en septiembre<\/h2>\n\n\n\n<h3 class=\"wp-block-heading\" class=\"wp-block-heading\" id=\"bose-renacido\">&#8216;Bos\u00e9 renacido&#8217;<\/h3>\n\n\n\n<p>A pesar de que se cree que la historia de <strong>Miguel Bos\u00e9<\/strong> es conocida por todos, nunca la hab\u00eda compartido antes. Desde su nacimiento, Miguel Bos\u00e9 vivi\u00f3 bajo los focos y rodeado de la fama, siendo objeto de deseo, admiraci\u00f3n, envidia y cr\u00edticas tanto de los medios como del p\u00fablico. Desde el principio, estaba destinado a desafiar las normas, construyendo una carrera llena de \u00e9xitos.<\/p>\n\n\n\n<p>Sin embargo, en <strong>&#8216;Bos\u00e9 Renacido&#8217;<\/strong>, el artista finalmente se revela por completo de una manera que nunca antes hab\u00eda hecho. Expone los momentos m\u00e1s cruciales, as\u00ed como los m\u00e1s desafiantes, de una historia verdaderamente extraordinaria. A lo largo de una vida fascinante llena de altibajos, Bos\u00e9 siempre encuentra la manera de renacer. Este documental, uno de los lanzamientos m\u00e1s esperados de Movistar Plus+, est\u00e1 disponible en la plataforma desde el el <strong>5 de septiembre<\/strong>. Adem\u00e1s, merece la pena destacar que es una <strong>producci\u00f3n <a href=\"https:\/\/originales.movistarplus.es\/\" target=\"_blank\" rel=\"noreferrer noopener\">original<\/a> de Movistar Plus+<\/strong>. Puedes consultar el resto de estrenos recientes de producciones originales <a href=\"https:\/\/comunidad.movistar.es\/t5\/Blog-Movisfera\/Originales-Movistar-Plus\/ba-p\/4671503\" target=\"_blank\" rel=\"noreferrer noopener\">aqu\u00ed<\/a>.<\/p>\n\n\n\n<figure class=\"wp-block-embed is-type-video is-provider-youtube wp-block-embed-youtube wp-embed-aspect-16-9 wp-has-aspect-ratio\"><div class=\"wp-block-embed__wrapper\">\n<div class=\"wp-block-embed__wrapper\"><div class=\"ast-oembed-container \" style=\"height: 100%;\"><iframe loading=\"lazy\" title=\"Bos\u00e9 Renacido: Tr\u00e1iler Oficial | Movistar Plus+\" width=\"1040\" height=\"585\" src=\"https:\/\/www.youtube.com\/embed\/pLvUvXsSE94?start=3&#038;feature=oembed\" frameborder=\"0\" allow=\"accelerometer; autoplay; clipboard-write; encrypted-media; gyroscope; picture-in-picture; web-share\" referrerpolicy=\"strict-origin-when-cross-origin\" allowfullscreen><\/iframe><\/div><\/div>\n<\/div><\/figure>\n\n\n\n<h3 class=\"wp-block-heading\" class=\"wp-block-heading\" id=\"isabel-ii-una-vida-en-fotos\">&#8216;Isabel II: una vida en fotos&#8217;<\/h3>\n\n\n\n<p><strong>&#8216;Isabel II: una vida en fotos&#8217;<\/strong> es uno de los mejores documentales que Movistar Plus+ tiene en su hoja de ruta de septiembre. Esta miniserie documental consta de dos episodios y ofrece un acceso exclusivo a un archivo de fotograf\u00edas de la reina Isabel II, lo que arroja luz sobre su vida de una manera nunca antes vista. Ofrece una perspectiva \u00fanica de los primeros a\u00f1os de la monarca, los cuales influyeron en su personalidad y la condujeron a convertirse en la destacada soberana que lleg\u00f3 a ser. Este documental se estren\u00f3 en Movistar Plus+ el<strong> 5 de septiembre<\/strong> y la acogida no ha podido ser mejor.<\/p>\n\n\n\n<figure class=\"wp-block-image size-large\"><img loading=\"lazy\" decoding=\"async\" height=\"576\" width=\"1024\" src=\"https:\/\/www.movistar.es\/blog\/wp-content\/uploads\/sites\/3\/2023\/09\/f.elconfidencial.com_original_99f_d3b_e6a_99fd3be6a19fbe4dc8824c40f25ad714.jpg?w=1024\" alt=\"mejores documentales\" class=\"wp-image-16988\" srcset=\"https:\/\/www.movistar.es\/blog\/wp-content\/uploads\/sites\/3\/2023\/09\/f.elconfidencial.com_original_99f_d3b_e6a_99fd3be6a19fbe4dc8824c40f25ad714.jpg 1338w, https:\/\/www.movistar.es\/blog\/wp-content\/uploads\/sites\/3\/2023\/09\/f.elconfidencial.com_original_99f_d3b_e6a_99fd3be6a19fbe4dc8824c40f25ad714.jpg?resize=300,169 300w, https:\/\/www.movistar.es\/blog\/wp-content\/uploads\/sites\/3\/2023\/09\/f.elconfidencial.com_original_99f_d3b_e6a_99fd3be6a19fbe4dc8824c40f25ad714.jpg?resize=768,432 768w, https:\/\/www.movistar.es\/blog\/wp-content\/uploads\/sites\/3\/2023\/09\/f.elconfidencial.com_original_99f_d3b_e6a_99fd3be6a19fbe4dc8824c40f25ad714.jpg?resize=1024,576 1024w\" sizes=\"auto, (max-width: 1024px) 100vw, 1024px\" \/><\/figure>\n\n\n\n<h3 class=\"wp-block-heading\" class=\"wp-block-heading\" id=\"bbc-earth-la-tierra\">&#8216;BBC Earth: La Tierra&#8217;<\/h3>\n\n\n\n<p>El 5 de septiembre llegar\u00e1 a Movistar Plus+<strong> &#8216;BBC Earth&#8217;<\/strong> un fascinante relato que narra la historia de nuestro planeta, un viaje a lo largo de los cuatro mil millones de a\u00f1os que han moldeado nuestro hogar. Desde los primeros momentos en que las primeras gotas de lluvia transformaron a la Tierra en un mundo cubierto de agua, hasta la llegada de sus habitantes m\u00e1s excepcionales: los seres humanos.<\/p>\n\n\n\n<figure class=\"wp-block-embed is-type-video is-provider-youtube wp-block-embed-youtube wp-embed-aspect-16-9 wp-has-aspect-ratio\"><div class=\"wp-block-embed__wrapper\">\n<div class=\"wp-block-embed__wrapper\"><div class=\"ast-oembed-container \" style=\"height: 100%;\"><iframe loading=\"lazy\" title=\"Earth | Official Trailer | BBC Studios\" width=\"1040\" height=\"585\" src=\"https:\/\/www.youtube.com\/embed\/GR8Hv28TQRQ?feature=oembed\" frameborder=\"0\" allow=\"accelerometer; autoplay; clipboard-write; encrypted-media; gyroscope; picture-in-picture; web-share\" referrerpolicy=\"strict-origin-when-cross-origin\" allowfullscreen><\/iframe><\/div><\/div>\n<\/div><\/figure>\n\n\n\n<h3 class=\"wp-block-heading\" class=\"wp-block-heading\" id=\"wagner-el-ascenso-de-los-mercenarios\">&#8216;Wagner: el ascenso de los mercenarios&#8217;<\/h3>\n\n\n\n<p><strong>&#8216;Wagner: el auge de los mercenarios&#8217;<\/strong> es un absorbente documental de suspense que sigue a un equipo de periodistas rusos, en colaboraci\u00f3n con investigadores internacionales, mientras buscan descubrir la verdad detr\u00e1s de las muertes de civiles en Siria y Centro\u00e1frica. En esta peligrosa misi\u00f3n, se sumergen en la oscura milicia clandestina vinculada al Kremlin, conocida como el grupo Wagner, responsables de operaciones externas muy siniestras. La narrativa sigue la trayectoria ascendente de esta fuerza paramilitar y su influyente l\u00edder, <strong>Yevgueni Prigozhin<\/strong>, quien falleci\u00f3 en agosto de 2023 en un enigm\u00e1tico accidente a\u00e9reo despu\u00e9s de liderar una rebeli\u00f3n contra el Kremlin algunos meses antes. Este documental se estren\u00f3 en Movistar Plus+ el <strong>12 de septiembre<\/strong>.<\/p>\n\n\n\n<figure class=\"wp-block-image size-large\"><img loading=\"lazy\" decoding=\"async\" height=\"576\" width=\"1024\" src=\"https:\/\/www.movistar.es\/blog\/wp-content\/uploads\/sites\/3\/2023\/09\/Wagner-el-ascenso-de-los-mercenarios.jpg?w=1024\" alt=\"mejores documentales\" class=\"wp-image-16989\" srcset=\"https:\/\/www.movistar.es\/blog\/wp-content\/uploads\/sites\/3\/2023\/09\/Wagner-el-ascenso-de-los-mercenarios.jpg 1280w, https:\/\/www.movistar.es\/blog\/wp-content\/uploads\/sites\/3\/2023\/09\/Wagner-el-ascenso-de-los-mercenarios.jpg?resize=300,169 300w, https:\/\/www.movistar.es\/blog\/wp-content\/uploads\/sites\/3\/2023\/09\/Wagner-el-ascenso-de-los-mercenarios.jpg?resize=768,432 768w, https:\/\/www.movistar.es\/blog\/wp-content\/uploads\/sites\/3\/2023\/09\/Wagner-el-ascenso-de-los-mercenarios.jpg?resize=1024,576 1024w\" sizes=\"auto, (max-width: 1024px) 100vw, 1024px\" \/><\/figure>\n\n\n\n<h2 class=\"wp-block-heading\" class=\"wp-block-heading\" id=\"otros-documentales-de-estreno-en-movistar-plus-en-septiembre\">Otros documentales de estreno en Movistar Plus+ en septiembre<\/h2>\n\n\n\n<ul class=\"wp-block-list\"><li><strong>&#8216;Bonnie: la cazatalentos de Hollywood&#8217; <\/strong>(2 de septiembre)<\/li><li><strong>&#8217;11S: El d\u00eda que cambi\u00f3 el mundo&#8217;<\/strong> (10 de septiembre)<\/li><li><strong>&#8217;80 a\u00f1os de la Mostra de Venecia&#8217;<\/strong> (10 de septiembre)<\/li><li><strong>&#8216;BBC Earth: Planeta en peligro II&#8217;<\/strong> (17 de septiembre)<\/li><li><strong>&#8216;La vida secreta de las mascotas&#8217;<\/strong> (17 de septiembre)<\/li><li><strong>&#8216;La gran aventura de David Attenborough&#8217; <\/strong>(17 de septiembre)<\/li><li><strong>&#8216;Reinas del Antiguo Egipto&#8217;<\/strong> (20 de septiembre)<\/li><li><strong>&#8216;Vetusta Morla. Bailando hasta el apag\u00f3n&#8217;<\/strong> (22 de septiembre)<\/li><li><strong>&#8216;El poder del dinero con Brian Cox&#8217; <\/strong>(23 de septiembre)<\/li><li><strong>&#8216;Cleopatra: el misterio de la mano momificada&#8217;<\/strong> (27 de septiembre)<\/li><li><strong>&#8216;Kathryn Bigelow: Hollywood en acci\u00f3n&#8217; <\/strong>(28 de septiembre)<\/li><li><strong>&#8216;Pussy Riot: en lucha contra Putin&#8217;<\/strong> (28 de septiembre)<\/li><li><strong>&#8216;De 0 a infinito: la revoluci\u00f3n de las matem\u00e1ticas&#8217;<\/strong> (30 de septiembre)<\/li><li><strong>&#8217;40 a\u00f1os sin ABBA&#8217; <\/strong>(30 de septiembre)<\/li><li><strong>&#8216;Venus y Serena: revoluci\u00f3n en la pista&#8217; <\/strong>(pendiente de fecha)<\/li><\/ul>\n\n\n\n<h2 class=\"wp-block-heading\" id=\"h-los-mejores-documentales-estrenados-en-agosto\">Los mejores documentales estrenados en agosto<\/h2>\n\n\n\n<h3 class=\"wp-block-heading\" id=\"h-bbc-earth-espiando-en-el-oceano\">BBC Earth: &#8216;Espiando en el oc\u00e9ano&#8217;<\/h3>\n\n\n\n<p>El s\u00e1bado 5 de agosto se estren\u00f3 en Movistar Plus+ &#8216;<strong>Espiando en el oc\u00e9ano<\/strong>&#8216;. \u00bfQu\u00e9 mejor forma para combatir el calor que darse un paseo por debajo del agua? Se trata de un documental en el que los <strong>animatronics<\/strong>, los robots con c\u00e1maras de BBC Earth, exploran el oc\u00e9ano.<\/p>\n\n\n\n<p>Adem\u00e1s, si eres fan de esta tem\u00e1tica, tenemos m\u00e1s buenas noticias para ti. Y es que no solo es uno de los mejores documentales, sino que se va a ir estrenando a lo largo de todo el mes de agosto. En total son <strong>cuatro cap\u00edtulos<\/strong> en los que podr\u00e1s ver mucho sobre el comportamiento de los animales.<\/p>\n\n\n\n<figure class=\"wp-block-image size-large\"><img loading=\"lazy\" decoding=\"async\" height=\"576\" width=\"1024\" src=\"https:\/\/www.movistar.es\/blog\/wp-content\/uploads\/sites\/3\/2023\/08\/p0ft7zbp.jpg?w=1024\" alt=\"Espiando en el oc\u00e9ano es uno de los mejores documentales si quieres saber m\u00e1s sobre el fondo marino.\" class=\"wp-image-16190\" srcset=\"https:\/\/www.movistar.es\/blog\/wp-content\/uploads\/sites\/3\/2023\/08\/p0ft7zbp.jpg 1200w, https:\/\/www.movistar.es\/blog\/wp-content\/uploads\/sites\/3\/2023\/08\/p0ft7zbp.jpg?resize=300,169 300w, https:\/\/www.movistar.es\/blog\/wp-content\/uploads\/sites\/3\/2023\/08\/p0ft7zbp.jpg?resize=768,432 768w, https:\/\/www.movistar.es\/blog\/wp-content\/uploads\/sites\/3\/2023\/08\/p0ft7zbp.jpg?resize=1024,576 1024w\" sizes=\"auto, (max-width: 1024px) 100vw, 1024px\" \/><\/figure>\n\n\n\n<p>Una de sus particularidades y atractivos que lo convierten en uno de los mejores documentales es que usan <strong>robots esp\u00eda<\/strong> que recrean perfectamente a los animales a los que se van a acercar. Como curiosidad, esta vez usan el mayor creado hasta la fecha: uno con forma de una cr\u00eda de <strong>ballena<\/strong>.<\/p>\n\n\n\n<p>Es un documental muy divertido que permite ver m\u00e1s de cerca los comportamientos habituales en los animales marinos. No solo la ballena, tambi\u00e9n nos pondremos en la piel de la <strong>langosta<\/strong>, el <strong>arenque <\/strong>y el <strong>pez globo<\/strong>.<\/p>\n\n\n\n<h3 class=\"wp-block-heading\" class=\"wp-block-heading\" id=\"vuelo-jk5022-la-tragedia-de-spanair\">&#8216;Vuelo JK5022. La tragedia de Spanair&#8217;<\/h3>\n\n\n\n<p>El martes 15 de agosto se estren\u00f3 &#8216;Vuelo JK5022. La tragedia de Spanair&#8217;. La fecha no es casual: solo 5 d\u00edas despu\u00e9s se cumplir\u00e1n <strong>15 a\u00f1os del accidente<\/strong> de dicho vuelo. Se estrell\u00f3 segundos despu\u00e9s causando la muerte de 154 personas con solo 18 pasajeros supervivientes.<\/p>\n\n\n\n<p>El problema, parece, es que el avi\u00f3n no estaba listo para despegar y la alarma que deber\u00eda haber avisado de esta circunstancia no son\u00f3. Ha pasado una d\u00e9cada y media y se han hecho <strong>dos investigaciones<\/strong>, pero no se han esclarecido los responsables del desastre.<\/p>\n\n\n\n<p>Es uno de los mejores documentales que puedes ver este verano si te gusta este tipo de producci\u00f3n. Adem\u00e1s, es una producci\u00f3n espa\u00f1ola centrada en la <strong>mayor tragedia a\u00e9rea<\/strong> de nuestro pa\u00eds en 30 a\u00f1os y que cuestiona la seguridad a\u00e9rea.<\/p>\n\n\n\n<figure class=\"wp-block-embed is-type-video is-provider-youtube wp-block-embed-youtube wp-embed-aspect-16-9 wp-has-aspect-ratio\"><div class=\"wp-block-embed__wrapper\">\n<div class=\"wp-block-embed__wrapper\"><div class=\"ast-oembed-container \" style=\"height: 100%;\"><iframe loading=\"lazy\" title=\"VUELO JK5022. LA TRAGEDIA DE SPANAIR - TR\u00c1ILER OFICIAL (HD)\" width=\"1040\" height=\"585\" src=\"https:\/\/www.youtube.com\/embed\/RFxZtk0d9JY?feature=oembed\" frameborder=\"0\" allow=\"accelerometer; autoplay; clipboard-write; encrypted-media; gyroscope; picture-in-picture; web-share\" referrerpolicy=\"strict-origin-when-cross-origin\" allowfullscreen><\/iframe><\/div><\/div>\n<\/div><\/figure>\n\n\n\n<h3 class=\"wp-block-heading\" class=\"wp-block-heading\" id=\"planet-sex-con-cara-delevigne\">&#8216;Planet Sex con Cara Delevigne&#8217;<\/h3>\n\n\n\n<p>No todos los documentales se centran en tragedias o en la naturaleza. Tambi\u00e9n encontramos grandes producciones que se centran en las <strong>relaciones humanas<\/strong> y &#8216;Planet Sex con Cara Delevigne&#8217; es un magn\u00edfico exponente.<\/p>\n\n\n\n<p>El primer episodio se estren\u00f3 el 5 de agosto y habr\u00e1 un total de seis. Se trata de uno de los mejores documentales para explorar la <strong>identidad sexual<\/strong> y los distintos tipos <strong>expresi\u00f3n y atracci\u00f3n<\/strong> sexual.<\/p>\n\n\n\n<p>Y para hacerlo no hay mejor acompa\u00f1ante que <strong>Cara Delevingne<\/strong>, una conocida modelo, actriz y activista brit\u00e1nica. Junto a ella viajaremos por el mundo para poder percibir una nueva visi\u00f3n del g\u00e9nero, el deseo y la orientaci\u00f3n sexual.<\/p>\n\n\n\n<p>A lo largo de los episodios veremos situaciones tan distintas como los hoteles rom\u00e1nticos de la ciudad de M\u00e9xico o los barrios rojos de Tokio. Tambi\u00e9n conoceremos m\u00e1s sobre la pornograf\u00eda feminista que se est\u00e1 haciendo en Barcelona y de las comunidades sexualmente fluidas en Sud\u00e1frica. Todo profundizando en historias humanas \u00fanicas y fascinantes.<\/p>\n\n\n\n<figure class=\"wp-block-embed is-type-video is-provider-youtube wp-block-embed-youtube wp-embed-aspect-16-9 wp-has-aspect-ratio\"><div class=\"wp-block-embed__wrapper\">\n<div class=\"wp-block-embed__wrapper\"><div class=\"ast-oembed-container \" style=\"height: 100%;\"><iframe loading=\"lazy\" title=\"Planet Sex with Cara Delevingne | Trailer\" width=\"1040\" height=\"585\" src=\"https:\/\/www.youtube.com\/embed\/j03Q3oyv5KU?feature=oembed\" frameborder=\"0\" allow=\"accelerometer; autoplay; clipboard-write; encrypted-media; gyroscope; picture-in-picture; web-share\" referrerpolicy=\"strict-origin-when-cross-origin\" allowfullscreen><\/iframe><\/div><\/div>\n<\/div><\/figure>\n\n\n\n<p> Otros documentales estrenados en agosto en Movistar Plus+ fueron:<\/p>\n\n\n\n<ul class=\"wp-block-list\"><li>&#8216;<strong>Los constructores de la Alhambra<\/strong>&#8216; \u2013 23 de agosto.<\/li><li>&#8216;<strong>Los pasillos del poder<\/strong>&#8216; \u2013 12 de agosto.<\/li><li>&#8216;<strong>Nicole Kidman, en primera persona<\/strong>&#8216; \u2013 5 de agosto.<\/li><li>&#8216;<strong>Val<\/strong>&#8216; \u2013 19 de agosto.<\/li><li>&#8216;<strong>Nam June Paik: el padre del videoarte<\/strong>&#8216; \u2013 26 de agosto.<\/li><li>&#8216;<strong>Secretos de los dinosaurios jur\u00e1sicos<\/strong>&#8216; \u2013 1 de agosto.<\/li><li>&#8216;<strong>Descubriendo a los dinosaurios<\/strong>&#8216; \u2013 8 de agosto.<\/li><li>&#8216;<strong>Dentro de las pir\u00e1mides<\/strong>&#8216; \u2013 2 de agosto.<\/li><li>&#8216;<strong>El misterio del desierto de Nazca<\/strong>&#8216; \u2013 30 de agosto.<\/li><li>&#8216;<strong>Dioses del tenis<\/strong>&#8216; \u2013 1 de agosto.<\/li><li>&#8216;<strong>La historia de Kiss<\/strong>&#8216; \u2013 26 de agosto.<\/li><li>&#8216;<strong>Tubular Bells. 50 aniversario<\/strong>&#8216; \u2013 19 de agosto.<\/li><li>&#8216;<strong>Manuel Carrasco. Hay noches que duran toda la vida<\/strong>&#8216; \u2013 5 de agosto.<\/li><\/ul>\n\n\n\n<p>Si quieres disfrutar de todos estos y de los mejores documentales de la oferta de entretenimiento en Espa\u00f1a, Movistar Plus+ es tu mejor opci\u00f3n. <a href=\"https:\/\/www.movistar.es\/particulares\/movistarplus\" target=\"_blank\" rel=\"noreferrer noopener\">Contr\u00e1talo ya<\/a> y disfruta de documentales, de todo el deporte y de la <a href=\"https:\/\/www.movistar.es\/blog\/movistar-plus\/ficcion-movistar-plus\/\" target=\"_blank\" rel=\"noreferrer noopener\">mejor ficci\u00f3n<\/a>.<\/p>\n","protected":false},"excerpt":{"rendered":"<p>Movistar Plus+ cuenta con una amplia oferta de entretenimiento. Va m\u00e1s all\u00e1 de la ficci\u00f3n, donde tiene un amplio cat\u00e1logo con series y pel\u00edculas, y tambi\u00e9n incluye una amplia selecci\u00f3n de los mejores documentales de [&hellip;]<\/p>\n","protected":false},"author":81,"featured_media":17297,"comment_status":"closed","ping_status":"closed","sticky":false,"template":"","format":"standard","meta":{"site-sidebar-layout":"default","site-content-layout":"","ast-site-content-layout":"","site-content-style":"default","site-sidebar-style":"default","ast-global-header-display":"","ast-banner-title-visibility":"","ast-main-header-display":"","ast-hfb-above-header-display":"","ast-hfb-below-header-display":"","ast-hfb-mobile-header-display":"","site-post-title":"","ast-breadcrumbs-content":"","ast-featured-img":"","footer-sml-layout":"","theme-transparent-header-meta":"","adv-header-id-meta":"","stick-header-meta":"","header-above-stick-meta":"","header-main-stick-meta":"","header-below-stick-meta":"","astra-migrate-meta-layouts":"default","ast-page-background-enabled":"default","ast-page-background-meta":{"desktop":{"background-color":"var(--ast-global-color-4)","background-image":"","background-repeat":"repeat","background-position":"center center","background-size":"auto","background-attachment":"scroll","background-type":"","background-media":"","overlay-type":"","overlay-color":"","overlay-opacity":"","overlay-gradient":""},"tablet":{"background-color":"","background-image":"","background-repeat":"repeat","background-position":"center center","background-size":"auto","background-attachment":"scroll","background-type":"","background-media":"","overlay-type":"","overlay-color":"","overlay-opacity":"","overlay-gradient":""},"mobile":{"background-color":"","background-image":"","background-repeat":"repeat","background-position":"center center","background-size":"auto","background-attachment":"scroll","background-type":"","background-media":"","overlay-type":"","overlay-color":"","overlay-opacity":"","overlay-gradient":""}},"ast-content-background-meta":{"desktop":{"background-color":"var(--ast-global-color-5)","background-image":"","background-repeat":"repeat","background-position":"center center","background-size":"auto","background-attachment":"scroll","background-type":"","background-media":"","overlay-type":"","overlay-color":"","overlay-opacity":"","overlay-gradient":""},"tablet":{"background-color":"var(--ast-global-color-5)","background-image":"","background-repeat":"repeat","background-position":"center center","background-size":"auto","background-attachment":"scroll","background-type":"","background-media":"","overlay-type":"","overlay-color":"","overlay-opacity":"","overlay-gradient":""},"mobile":{"background-color":"var(--ast-global-color-5)","background-image":"","background-repeat":"repeat","background-position":"center center","background-size":"auto","background-attachment":"scroll","background-type":"","background-media":"","overlay-type":"","overlay-color":"","overlay-opacity":"","overlay-gradient":""}},"_jetpack_memberships_contains_paid_content":false,"footnotes":""},"categories":[1],"tags":[],"area":[427],"cluster":[45],"linea_editorial":[],"coauthors":[409],"class_list":["post-16189","post","type-post","status-publish","format-standard","has-post-thumbnail","hentry","category-sin-categoria","area-gametv","cluster-movistar-plus"],"yoast_head":"<!-- This site is optimized with the Yoast SEO Premium plugin v25.5 (Yoast SEO v25.5) - https:\/\/yoast.com\/wordpress\/plugins\/seo\/ -->\n<title>Los mejores documentales de estreno en Movistar Plus+<\/title>\n<meta name=\"description\" content=\"En Movistar Plus+ encontrar\u00e1 una amplia selecci\u00f3n con los mejores documentales y multitud de estrenos cada mes.\" \/>\n<meta name=\"robots\" content=\"index, follow, max-snippet:-1, max-image-preview:large, max-video-preview:-1\" \/>\n<link rel=\"canonical\" href=\"https:\/\/www.movistar.es\/blog\/movistar-plus\/mejores-documentales-movistar-plus\/\" \/>\n<meta property=\"og:locale\" content=\"es_ES\" \/>\n<meta property=\"og:type\" content=\"article\" \/>\n<meta property=\"og:title\" content=\"Los mejores documentales de estreno en Movistar Plus+\" \/>\n<meta property=\"og:description\" content=\"En Movistar Plus+ encontrar\u00e1 una amplia selecci\u00f3n con los mejores documentales y multitud de estrenos cada mes.\" \/>\n<meta property=\"og:url\" content=\"https:\/\/www.movistar.es\/blog\/movistar-plus\/mejores-documentales-movistar-plus\/\" \/>\n<meta property=\"og:site_name\" content=\"Movistar blog\" \/>\n<meta property=\"article:published_time\" content=\"2023-08-11T13:01:21+00:00\" \/>\n<meta property=\"article:modified_time\" content=\"2023-10-19T08:08:46+00:00\" \/>\n<meta property=\"og:image\" content=\"https:\/\/www.movistar.es\/blog\/wp-content\/uploads\/sites\/3\/2023\/08\/0-37.jpg\" \/>\n\t<meta property=\"og:image:width\" content=\"870\" \/>\n\t<meta property=\"og:image:height\" content=\"486\" \/>\n\t<meta property=\"og:image:type\" content=\"image\/jpeg\" \/>\n<meta name=\"author\" content=\"\u00c1lvaro Gui\u00f1\u00f3n\" \/>\n<meta name=\"twitter:card\" content=\"summary_large_image\" \/>\n<meta name=\"twitter:label1\" content=\"Written by\" \/>\n\t<meta name=\"twitter:data1\" content=\"\u00c1lvaro Gui\u00f1\u00f3n\" \/>\n\t<meta name=\"twitter:label2\" content=\"Est. reading time\" \/>\n\t<meta name=\"twitter:data2\" content=\"12 minutos\" \/>\n<script type=\"application\/ld+json\" class=\"yoast-schema-graph\">{\"@context\":\"https:\/\/schema.org\",\"@graph\":[{\"@type\":\"Article\",\"@id\":\"https:\/\/www.movistar.es\/blog\/movistar-plus\/mejores-documentales-movistar-plus\/#article\",\"isPartOf\":{\"@id\":\"https:\/\/www.movistar.es\/blog\/movistar-plus\/mejores-documentales-movistar-plus\/\"},\"author\":{\"name\":\"\u00c1lvaro Gui\u00f1\u00f3n\",\"@id\":\"https:\/\/www.movistar.es\/blog\/#\/schema\/person\/c08164bba32a416ae0908ffcff27cda4\"},\"headline\":\"Los mejores documentales de estreno en Movistar Plus+\",\"datePublished\":\"2023-08-11T13:01:21+00:00\",\"dateModified\":\"2023-10-19T08:08:46+00:00\",\"mainEntityOfPage\":{\"@id\":\"https:\/\/www.movistar.es\/blog\/movistar-plus\/mejores-documentales-movistar-plus\/\"},\"wordCount\":2491,\"publisher\":{\"@id\":\"https:\/\/www.movistar.es\/blog\/#organization\"},\"image\":{\"@id\":\"https:\/\/www.movistar.es\/blog\/movistar-plus\/mejores-documentales-movistar-plus\/#primaryimage\"},\"thumbnailUrl\":\"https:\/\/www.movistar.es\/blog\/wp-content\/uploads\/sites\/3\/2023\/08\/0-37.jpg\",\"inLanguage\":\"es\"},{\"@type\":\"WebPage\",\"@id\":\"https:\/\/www.movistar.es\/blog\/movistar-plus\/mejores-documentales-movistar-plus\/\",\"url\":\"https:\/\/www.movistar.es\/blog\/movistar-plus\/mejores-documentales-movistar-plus\/\",\"name\":\"Los mejores documentales de estreno en Movistar Plus+\",\"isPartOf\":{\"@id\":\"https:\/\/www.movistar.es\/blog\/#website\"},\"primaryImageOfPage\":{\"@id\":\"https:\/\/www.movistar.es\/blog\/movistar-plus\/mejores-documentales-movistar-plus\/#primaryimage\"},\"image\":{\"@id\":\"https:\/\/www.movistar.es\/blog\/movistar-plus\/mejores-documentales-movistar-plus\/#primaryimage\"},\"thumbnailUrl\":\"https:\/\/www.movistar.es\/blog\/wp-content\/uploads\/sites\/3\/2023\/08\/0-37.jpg\",\"datePublished\":\"2023-08-11T13:01:21+00:00\",\"dateModified\":\"2023-10-19T08:08:46+00:00\",\"description\":\"En Movistar Plus+ encontrar\u00e1 una amplia selecci\u00f3n con los mejores documentales y multitud de estrenos cada mes.\",\"breadcrumb\":{\"@id\":\"https:\/\/www.movistar.es\/blog\/movistar-plus\/mejores-documentales-movistar-plus\/#breadcrumb\"},\"inLanguage\":\"es\",\"potentialAction\":[{\"@type\":\"ReadAction\",\"target\":[\"https:\/\/www.movistar.es\/blog\/movistar-plus\/mejores-documentales-movistar-plus\/\"]}]},{\"@type\":\"ImageObject\",\"inLanguage\":\"es\",\"@id\":\"https:\/\/www.movistar.es\/blog\/movistar-plus\/mejores-documentales-movistar-plus\/#primaryimage\",\"url\":\"https:\/\/www.movistar.es\/blog\/wp-content\/uploads\/sites\/3\/2023\/08\/0-37.jpg\",\"contentUrl\":\"https:\/\/www.movistar.es\/blog\/wp-content\/uploads\/sites\/3\/2023\/08\/0-37.jpg\",\"width\":870,\"height\":486,\"caption\":\"mejores documentales\"},{\"@type\":\"BreadcrumbList\",\"@id\":\"https:\/\/www.movistar.es\/blog\/movistar-plus\/mejores-documentales-movistar-plus\/#breadcrumb\",\"itemListElement\":[{\"@type\":\"ListItem\",\"position\":1,\"name\":\"Home\",\"item\":\"https:\/\/www.movistar.es\/blog\/\"},{\"@type\":\"ListItem\",\"position\":2,\"name\":\"Los mejores documentales de estreno en Movistar Plus+\"}]},{\"@type\":\"WebSite\",\"@id\":\"https:\/\/www.movistar.es\/blog\/#website\",\"url\":\"https:\/\/www.movistar.es\/blog\/\",\"name\":\"Movistar blog\",\"description\":\"Movistar Blog. Informaci\u00f3n y m\u00e1s sobre los productos y servicios de Movistar\",\"publisher\":{\"@id\":\"https:\/\/www.movistar.es\/blog\/#organization\"},\"potentialAction\":[{\"@type\":\"SearchAction\",\"target\":{\"@type\":\"EntryPoint\",\"urlTemplate\":\"https:\/\/www.movistar.es\/blog\/?s={search_term_string}\"},\"query-input\":{\"@type\":\"PropertyValueSpecification\",\"valueRequired\":true,\"valueName\":\"search_term_string\"}}],\"inLanguage\":\"es\"},{\"@type\":\"Organization\",\"@id\":\"https:\/\/www.movistar.es\/blog\/#organization\",\"name\":\"Movistar blog\",\"url\":\"https:\/\/www.movistar.es\/blog\/\",\"logo\":{\"@type\":\"ImageObject\",\"inLanguage\":\"es\",\"@id\":\"https:\/\/www.movistar.es\/blog\/#\/schema\/logo\/image\/\",\"url\":\"https:\/\/www.movistar.es\/blog\/wp-content\/uploads\/sites\/3\/2022\/05\/logo_movistar-1.svg\",\"contentUrl\":\"https:\/\/www.movistar.es\/blog\/wp-content\/uploads\/sites\/3\/2022\/05\/logo_movistar-1.svg\",\"width\":369,\"height\":272,\"caption\":\"Movistar blog\"},\"image\":{\"@id\":\"https:\/\/www.movistar.es\/blog\/#\/schema\/logo\/image\/\"}},{\"@type\":\"Person\",\"@id\":\"https:\/\/www.movistar.es\/blog\/#\/schema\/person\/c08164bba32a416ae0908ffcff27cda4\",\"name\":\"\u00c1lvaro Gui\u00f1\u00f3n\",\"image\":{\"@type\":\"ImageObject\",\"inLanguage\":\"es\",\"@id\":\"https:\/\/www.movistar.es\/blog\/#\/schema\/person\/image\/51671b6030de77c3bb9885814b71de60\",\"url\":\"https:\/\/secure.gravatar.com\/avatar\/2d8b4c1902b4a46e6f14e75ce5ae7a81cb04b5a4eb83dc660f881e7cad9c07b6\",\"contentUrl\":\"https:\/\/secure.gravatar.com\/avatar\/2d8b4c1902b4a46e6f14e75ce5ae7a81cb04b5a4eb83dc660f881e7cad9c07b6\",\"caption\":\"\u00c1lvaro Gui\u00f1\u00f3n\"},\"description\":\"\u00c1lvaro Gui\u00f1\u00f3n es periodista y est\u00e1 especializado en gaming, aunque le apasionan tanto el deporte como la tecnolog\u00eda. Forma parte de la redacci\u00f3n de Movistar eSports, medio referente en el entretenimiento digital.\",\"url\":\"https:\/\/www.movistar.es\/blog\/author\/agrinon\/\"}]}<\/script>\n<!-- \/ Yoast SEO Premium plugin. -->","yoast_head_json":{"title":"Los mejores documentales de estreno en Movistar Plus+","description":"En Movistar Plus+ encontrar\u00e1 una amplia selecci\u00f3n con los mejores documentales y multitud de estrenos cada mes.","robots":{"index":"index","follow":"follow","max-snippet":"max-snippet:-1","max-image-preview":"max-image-preview:large","max-video-preview":"max-video-preview:-1"},"canonical":"https:\/\/www.movistar.es\/blog\/movistar-plus\/mejores-documentales-movistar-plus\/","og_locale":"es_ES","og_type":"article","og_title":"Los mejores documentales de estreno en Movistar Plus+","og_description":"En Movistar Plus+ encontrar\u00e1 una amplia selecci\u00f3n con los mejores documentales y multitud de estrenos cada mes.","og_url":"https:\/\/www.movistar.es\/blog\/movistar-plus\/mejores-documentales-movistar-plus\/","og_site_name":"Movistar blog","article_published_time":"2023-08-11T13:01:21+00:00","article_modified_time":"2023-10-19T08:08:46+00:00","og_image":[{"width":870,"height":486,"url":"https:\/\/www.movistar.es\/blog\/wp-content\/uploads\/sites\/3\/2023\/08\/0-37.jpg","type":"image\/jpeg"}],"author":"\u00c1lvaro Gui\u00f1\u00f3n","twitter_card":"summary_large_image","twitter_misc":{"Written by":"\u00c1lvaro Gui\u00f1\u00f3n","Est. reading time":"12 minutos"},"schema":{"@context":"https:\/\/schema.org","@graph":[{"@type":"Article","@id":"https:\/\/www.movistar.es\/blog\/movistar-plus\/mejores-documentales-movistar-plus\/#article","isPartOf":{"@id":"https:\/\/www.movistar.es\/blog\/movistar-plus\/mejores-documentales-movistar-plus\/"},"author":{"name":"\u00c1lvaro Gui\u00f1\u00f3n","@id":"https:\/\/www.movistar.es\/blog\/#\/schema\/person\/c08164bba32a416ae0908ffcff27cda4"},"headline":"Los mejores documentales de estreno en Movistar Plus+","datePublished":"2023-08-11T13:01:21+00:00","dateModified":"2023-10-19T08:08:46+00:00","mainEntityOfPage":{"@id":"https:\/\/www.movistar.es\/blog\/movistar-plus\/mejores-documentales-movistar-plus\/"},"wordCount":2491,"publisher":{"@id":"https:\/\/www.movistar.es\/blog\/#organization"},"image":{"@id":"https:\/\/www.movistar.es\/blog\/movistar-plus\/mejores-documentales-movistar-plus\/#primaryimage"},"thumbnailUrl":"https:\/\/www.movistar.es\/blog\/wp-content\/uploads\/sites\/3\/2023\/08\/0-37.jpg","inLanguage":"es"},{"@type":"WebPage","@id":"https:\/\/www.movistar.es\/blog\/movistar-plus\/mejores-documentales-movistar-plus\/","url":"https:\/\/www.movistar.es\/blog\/movistar-plus\/mejores-documentales-movistar-plus\/","name":"Los mejores documentales de estreno en Movistar Plus+","isPartOf":{"@id":"https:\/\/www.movistar.es\/blog\/#website"},"primaryImageOfPage":{"@id":"https:\/\/www.movistar.es\/blog\/movistar-plus\/mejores-documentales-movistar-plus\/#primaryimage"},"image":{"@id":"https:\/\/www.movistar.es\/blog\/movistar-plus\/mejores-documentales-movistar-plus\/#primaryimage"},"thumbnailUrl":"https:\/\/www.movistar.es\/blog\/wp-content\/uploads\/sites\/3\/2023\/08\/0-37.jpg","datePublished":"2023-08-11T13:01:21+00:00","dateModified":"2023-10-19T08:08:46+00:00","description":"En Movistar Plus+ encontrar\u00e1 una amplia selecci\u00f3n con los mejores documentales y multitud de estrenos cada mes.","breadcrumb":{"@id":"https:\/\/www.movistar.es\/blog\/movistar-plus\/mejores-documentales-movistar-plus\/#breadcrumb"},"inLanguage":"es","potentialAction":[{"@type":"ReadAction","target":["https:\/\/www.movistar.es\/blog\/movistar-plus\/mejores-documentales-movistar-plus\/"]}]},{"@type":"ImageObject","inLanguage":"es","@id":"https:\/\/www.movistar.es\/blog\/movistar-plus\/mejores-documentales-movistar-plus\/#primaryimage","url":"https:\/\/www.movistar.es\/blog\/wp-content\/uploads\/sites\/3\/2023\/08\/0-37.jpg","contentUrl":"https:\/\/www.movistar.es\/blog\/wp-content\/uploads\/sites\/3\/2023\/08\/0-37.jpg","width":870,"height":486,"caption":"mejores documentales"},{"@type":"BreadcrumbList","@id":"https:\/\/www.movistar.es\/blog\/movistar-plus\/mejores-documentales-movistar-plus\/#breadcrumb","itemListElement":[{"@type":"ListItem","position":1,"name":"Home","item":"https:\/\/www.movistar.es\/blog\/"},{"@type":"ListItem","position":2,"name":"Los mejores documentales de estreno en Movistar Plus+"}]},{"@type":"WebSite","@id":"https:\/\/www.movistar.es\/blog\/#website","url":"https:\/\/www.movistar.es\/blog\/","name":"Movistar blog","description":"Movistar Blog. Informaci\u00f3n y m\u00e1s sobre los productos y servicios de Movistar","publisher":{"@id":"https:\/\/www.movistar.es\/blog\/#organization"},"potentialAction":[{"@type":"SearchAction","target":{"@type":"EntryPoint","urlTemplate":"https:\/\/www.movistar.es\/blog\/?s={search_term_string}"},"query-input":{"@type":"PropertyValueSpecification","valueRequired":true,"valueName":"search_term_string"}}],"inLanguage":"es"},{"@type":"Organization","@id":"https:\/\/www.movistar.es\/blog\/#organization","name":"Movistar blog","url":"https:\/\/www.movistar.es\/blog\/","logo":{"@type":"ImageObject","inLanguage":"es","@id":"https:\/\/www.movistar.es\/blog\/#\/schema\/logo\/image\/","url":"https:\/\/www.movistar.es\/blog\/wp-content\/uploads\/sites\/3\/2022\/05\/logo_movistar-1.svg","contentUrl":"https:\/\/www.movistar.es\/blog\/wp-content\/uploads\/sites\/3\/2022\/05\/logo_movistar-1.svg","width":369,"height":272,"caption":"Movistar blog"},"image":{"@id":"https:\/\/www.movistar.es\/blog\/#\/schema\/logo\/image\/"}},{"@type":"Person","@id":"https:\/\/www.movistar.es\/blog\/#\/schema\/person\/c08164bba32a416ae0908ffcff27cda4","name":"\u00c1lvaro Gui\u00f1\u00f3n","image":{"@type":"ImageObject","inLanguage":"es","@id":"https:\/\/www.movistar.es\/blog\/#\/schema\/person\/image\/51671b6030de77c3bb9885814b71de60","url":"https:\/\/secure.gravatar.com\/avatar\/2d8b4c1902b4a46e6f14e75ce5ae7a81cb04b5a4eb83dc660f881e7cad9c07b6","contentUrl":"https:\/\/secure.gravatar.com\/avatar\/2d8b4c1902b4a46e6f14e75ce5ae7a81cb04b5a4eb83dc660f881e7cad9c07b6","caption":"\u00c1lvaro Gui\u00f1\u00f3n"},"description":"\u00c1lvaro Gui\u00f1\u00f3n es periodista y est\u00e1 especializado en gaming, aunque le apasionan tanto el deporte como la tecnolog\u00eda. Forma parte de la redacci\u00f3n de Movistar eSports, medio referente en el entretenimiento digital.","url":"https:\/\/www.movistar.es\/blog\/author\/agrinon\/"}]}},"jetpack_featured_media_url":"https:\/\/www.movistar.es\/blog\/wp-content\/uploads\/sites\/3\/2023\/08\/0-37.jpg","jetpack_sharing_enabled":true,"_links":{"self":[{"href":"https:\/\/www.movistar.es\/blog\/wp-json\/wp\/v2\/posts\/16189","targetHints":{"allow":["GET"]}}],"collection":[{"href":"https:\/\/www.movistar.es\/blog\/wp-json\/wp\/v2\/posts"}],"about":[{"href":"https:\/\/www.movistar.es\/blog\/wp-json\/wp\/v2\/types\/post"}],"author":[{"embeddable":true,"href":"https:\/\/www.movistar.es\/blog\/wp-json\/wp\/v2\/users\/81"}],"replies":[{"embeddable":true,"href":"https:\/\/www.movistar.es\/blog\/wp-json\/wp\/v2\/comments?post=16189"}],"version-history":[{"count":22,"href":"https:\/\/www.movistar.es\/blog\/wp-json\/wp\/v2\/posts\/16189\/revisions"}],"predecessor-version":[{"id":18332,"href":"https:\/\/www.movistar.es\/blog\/wp-json\/wp\/v2\/posts\/16189\/revisions\/18332"}],"wp:featuredmedia":[{"embeddable":true,"href":"https:\/\/www.movistar.es\/blog\/wp-json\/wp\/v2\/media\/17297"}],"wp:attachment":[{"href":"https:\/\/www.movistar.es\/blog\/wp-json\/wp\/v2\/media?parent=16189"}],"wp:term":[{"taxonomy":"category","embeddable":true,"href":"https:\/\/www.movistar.es\/blog\/wp-json\/wp\/v2\/categories?post=16189"},{"taxonomy":"post_tag","embeddable":true,"href":"https:\/\/www.movistar.es\/blog\/wp-json\/wp\/v2\/tags?post=16189"},{"taxonomy":"area","embeddable":true,"href":"https:\/\/www.movistar.es\/blog\/wp-json\/wp\/v2\/area?post=16189"},{"taxonomy":"cluster","embeddable":true,"href":"https:\/\/www.movistar.es\/blog\/wp-json\/wp\/v2\/cluster?post=16189"},{"taxonomy":"linea_editorial","embeddable":true,"href":"https:\/\/www.movistar.es\/blog\/wp-json\/wp\/v2\/linea_editorial?post=16189"},{"taxonomy":"author","embeddable":true,"href":"https:\/\/www.movistar.es\/blog\/wp-json\/wp\/v2\/coauthors?post=16189"}],"curies":[{"name":"wp","href":"https:\/\/api.w.org\/{rel}","templated":true}]}}