{"id":16043,"date":"2023-08-02T13:48:14","date_gmt":"2023-08-02T11:48:14","guid":{"rendered":"https:\/\/www.movistar.es\/blog\/?p=16043"},"modified":"2024-04-02T11:43:23","modified_gmt":"2024-04-02T09:43:23","slug":"ficcion-movistar-plus","status":"publish","type":"post","link":"https:\/\/www.movistar.es\/blog\/movistar-plus\/ficcion-movistar-plus\/","title":{"rendered":"Disfruta de la mejor ficci\u00f3n en Movistar Plus+"},"content":{"rendered":"\n<p>Con <a href=\"https:\/\/www.movistar.es\/tv\/ficcion\/\"><strong>Movistar Ficci\u00f3n Total<\/strong><\/a> acceder\u00e1s a una parte esencial del cat\u00e1logo de Movistar Plus+, en el que no solo puedes encontrar los mejores estrenos de series y pel\u00edculas, sino que tambi\u00e9n tienes amplio abanico de t\u00edtulos que puedes ver cuando quieras.<\/p>\n\n\n\n<p>En cuanto a lo primero, tienes ante ti una vuelta del verano intensa en la que habr\u00e1 multitud de estrenos. Entre las <a href=\"https:\/\/www.movistar.es\/blog\/movistar-plus\/peliculas-movistar-verano\/\"><strong>pel\u00edculas de ficci\u00f3n<\/strong><\/a> podemos encontrar que algunas llegaron durante las \u00faltimas semanas con t\u00edtulos como &#8216;<strong>\u00a1Vaya vacaciones!<\/strong>&#8216;,<strong> &#8216;<a href=\"https:\/\/www.movistar.es\/blog\/movistar-plus\/los-fabelman-ultima-pelicula-spielberg-movistar-plus\/\" target=\"_blank\" rel=\"noreferrer noopener\">Los Fabelman<\/a>&#8216; <\/strong>o &#8216;<strong>M3gan<\/strong>&#8216;, entre muchas otras.<\/p>\n\n\n\n<p>Tambi\u00e9n en las <a href=\"https:\/\/www.movistar.es\/blog\/movistar-plus\/series-para-ver-este-verano\/\"><strong>series<\/strong><\/a>. Y es que, si bien los estrenos pr\u00f3ximos van a estar m\u00e1s centrados en la no-ficci\u00f3n, tambi\u00e9n hay t\u00edtulos destacados en ficci\u00f3n. Es el caso, por ejemplo, de la temporada final de &#8216;Billions&#8217; o &#8216;<strong>Volver a caer<\/strong>&#8216;.<\/p>\n\n\n\n<h2 class=\"wp-block-heading\" class=\"wp-block-heading\" id=\"los-fabelman-la-nueva-pelicula-de-spielberg\">&#8216;Los Fabelman&#8217;, la nueva pel\u00edcula de Spielberg<\/h2>\n\n\n\n<p>A fines de los a\u00f1os 50 y al comienzo de la d\u00e9cada de los 60, <strong>Sammy Fabelman<\/strong>, un ni\u00f1o originario de Arizona, desvela un profundo secreto que concierne a su familia. Desde ese instante, Sammy se da cuenta de c\u00f3mo las pel\u00edculas tienen el poder de ayudarlo a relatar historias y a forjar su propia identidad.<\/p>\n\n\n\n<p>El personaje del joven Sammy Fabelman sirve como medio para que <strong>Spielberg <\/strong>comparta de manera parcialmente autobiogr\u00e1fica su experiencia familiar y el surgimiento de su pasi\u00f3n por el cine. En \u00faltima instancia, el cine desempe\u00f1a un papel fundamental en la exploraci\u00f3n y construcci\u00f3n de la identidad del director, as\u00ed como en la superaci\u00f3n de obst\u00e1culos en su vida.<\/p>\n\n\n\n<p>La pel\u00edcula <strong>&#8216;Los Fabelman&#8217;<\/strong>, nominada al premio <strong><a href=\"https:\/\/www.movistar.es\/blog\/movistar-plus\/donde-ver-peliculas-nominadas-oscar\/\" target=\"_blank\" rel=\"noreferrer noopener\">Oscar<\/a> a la mejor pel\u00edcula<\/strong> en 2023, representa una aut\u00e9ntica declaraci\u00f3n de amor al cine en la que Steven Spielberg rememora sus primeros momentos en esta industria y narra su transformaci\u00f3n en el influyente \u00edcono del cine que es en la actualidad, reconocido en todo el mundo.<\/p>\n\n\n\n<p>Seg\u00fan apunta The New York Times, Spielberg tuvo la idea de hacer esta pel\u00edcula en 1999. En aquel a\u00f1o, el director ya ten\u00eda en mente algunos detalles sobre &#8216;Los Fabelman&#8217;. Adem\u00e1s, tal y como coment\u00f3 en una entrevista, ten\u00eda miedo de que a sus padres no les gustase la pel\u00edcula y pensasen que era un insulto, al tratar de temas familiares tan profundos y ocultos.<\/p>\n\n\n\n<p>El nuevo filme del genio del cine, llega a Movistar Plus+ el <strong>22 de septiembre<\/strong>. Un estreno imprescindible para los amantes del s\u00e9ptimo arte.<\/p>\n\n\n\n<figure class=\"wp-block-embed is-type-video is-provider-youtube wp-block-embed-youtube wp-embed-aspect-16-9 wp-has-aspect-ratio\"><div class=\"wp-block-embed__wrapper\">\n<div class=\"wp-block-embed__wrapper\"><div class=\"ast-oembed-container \" style=\"height: 100%;\"><iframe loading=\"lazy\" title=\"LOS FABELMAN - Tr\u00e1iler Oficial (Universal Pictures) HD\" width=\"1040\" height=\"585\" src=\"https:\/\/www.youtube.com\/embed\/aPPS3gs_wHE?start=50&#038;feature=oembed\" frameborder=\"0\" allow=\"accelerometer; autoplay; clipboard-write; encrypted-media; gyroscope; picture-in-picture; web-share\" referrerpolicy=\"strict-origin-when-cross-origin\" allowfullscreen><\/iframe><\/div><\/div>\n<\/div><\/figure>\n\n\n\n<h2 class=\"wp-block-heading\" id=\"h-volver-a-caer-una-anna-karenina-moderna\">&#8216;Volver a caer&#8217;, una Anna Karenina moderna<\/h2>\n\n\n\n<p>El pasado 6 de agosto lleg\u00f3 a Movistar Plus+ &#8216;Volver a caer&#8217;. Se trata de una serie de ficci\u00f3n llena de estrellas que reimagina uno de los cl\u00e1sicos de la literatura internacional, &#8216;<strong>Anna Karenina<\/strong>&#8216;, del ruso Le\u00f3n Tolst\u00f3i.<\/p>\n\n\n\n<p>Protagonizada por <strong>Kate del Castillo<\/strong> (&#8216;La reina del sur&#8217;) y <strong>Maxi Iglesias<\/strong> (&#8216;Los artistas: primeros trazos&#8217;), est\u00e1 dirigida por el mexicano <strong>Hari Sama<\/strong>. Destaca la fuerte presencia femenina en su creaci\u00f3n, ya que el guion corre a cargo de las espa\u00f1olas <strong>Almudena Oca\u00f1a<\/strong> y <strong>Aurora Graci\u00e0 Tortosa<\/strong>. Estas han colaborado en grandes \u00e9xitos de la ficci\u00f3n como &#8216;\u00c9lite&#8217;, &#8216;Valeria&#8217; o &#8216;Perdida&#8217;.<\/p>\n\n\n\n<p>Esta serie se estren\u00f3 en <strong>exclusiva <\/strong>en Espa\u00f1a por Movistar Plus+ el domingo 6 de agosto. A partir de ah\u00ed, cada semana hubo un nuevo cap\u00edtulo hasta completar los seis que forman la primera y \u00fanica temporada de la serie.<\/p>\n\n\n\n<figure class=\"wp-block-embed is-type-video is-provider-youtube wp-block-embed-youtube wp-embed-aspect-16-9 wp-has-aspect-ratio\"><div class=\"wp-block-embed__wrapper\">\n<div class=\"wp-block-embed__wrapper\"><div class=\"ast-oembed-container \" style=\"height: 100%;\"><iframe loading=\"lazy\" title=\"Volver a caer: Tr\u00e1iler Oficial | Movistar Plus+\" width=\"1040\" height=\"585\" src=\"https:\/\/www.youtube.com\/embed\/_RQgwbjY3yE?feature=oembed\" frameborder=\"0\" allow=\"accelerometer; autoplay; clipboard-write; encrypted-media; gyroscope; picture-in-picture; web-share\" referrerpolicy=\"strict-origin-when-cross-origin\" allowfullscreen><\/iframe><\/div><\/div>\n<\/div><\/figure>\n\n\n\n<h2 class=\"wp-block-heading\" class=\"wp-block-heading\" id=\"outlander-la-temporada-7-llega-a-su-ecuador\">&#8216;Outlander&#8217;, la temporada 7 llega a su ecuador<\/h2>\n\n\n\n<p>En los \u00faltimos a\u00f1os en el g\u00e9nero de la ficci\u00f3n hist\u00f3rica ha habido una serie que ha brillado con luz propia: &#8216;<a href=\"https:\/\/www.movistar.es\/blog\/movistar-plus\/temporada-7-outlander-movistar-plus\/\" target=\"_blank\" rel=\"noreferrer noopener\">Outlander<\/a>&#8216;. Este drama, basado en las novelas hom\u00f3nimas de <strong>Diana Gabald\u00f3n<\/strong>, se estren\u00f3 en el a\u00f1o 2014 y ya va por su s\u00e9ptima temporada. Tanto esta s\u00e9ptima temporada como la anterior puedes encontrarlas en Movistar Plus+.<\/p>\n\n\n\n<p>Igual que sucedi\u00f3 con la primera temporada, la s\u00e9ptima es m\u00e1s larga de lo habitual con 16 episodios que se estrenan en dos tandas bien diferenciadas. La primera, consistente en 8, terminar\u00e1 con un <em>mid-season finale<\/em> que se estren\u00f3 en Movistar Plus+ el <strong>12 de agosto<\/strong>. Habr\u00e1 que esperar hasta 2024 para disfrutar de la conclusi\u00f3n de la temporada con otros 8 episodios.<\/p>\n\n\n\n<figure class=\"wp-block-embed is-type-video is-provider-youtube wp-block-embed-youtube wp-embed-aspect-16-9 wp-has-aspect-ratio\"><div class=\"wp-block-embed__wrapper\">\nhttps:\/\/www.youtube.com\/watch?v=ZuhdUTKLBLc\n<\/div><\/figure>\n\n\n\n<h2 class=\"wp-block-heading\" class=\"wp-block-heading\" id=\"men-in-kilts-de-viaje-con-los-protagonistas-de-outlander\">&#8216;Men in Kilts&#8217;, de viaje con los protagonistas de &#8216;Outlander&#8217;<\/h2>\n\n\n\n<p>Los fans de &#8216;Outlander&#8217; tendr\u00e1n que esperar para conocer la conclusi\u00f3n de la temporada, pero la buena noticia para ellos es que tienen otra serie relacionada. Lleg\u00f3 solo dos d\u00edas despu\u00e9s, el <strong>14 de agosto<\/strong>, y se trata de &#8216;<strong>Men in Kilts: Nueva Zelanda con Sam y Graham<\/strong>&#8216;. Es la segunda temporada de una serie con cierto aire a documental.<\/p>\n\n\n\n<p>Su relaci\u00f3n con &#8216;Outlander&#8217; es muy clara: sus protagonistas son dos de las estrellas de esta ficci\u00f3n hist\u00f3rica brit\u00e1nico-estadounidense. <strong>Sam Heughan<\/strong> y <strong>Graham McTavish<\/strong>, dos de los actores m\u00e1s carism\u00e1ticos de la serie, nos llevan de viaje por Nueva Zelanda para mostrarnos la relaci\u00f3n entre el pa\u00eds oce\u00e1nico y Escocia.<\/p>\n\n\n\n<figure class=\"wp-block-embed is-type-video is-provider-youtube wp-block-embed-youtube wp-embed-aspect-16-9 wp-has-aspect-ratio\"><div class=\"wp-block-embed__wrapper\">\nhttps:\/\/www.youtube.com\/watch?v=OZLamM20Gig\n<\/div><\/figure>\n\n\n\n<h2 class=\"wp-block-heading\" class=\"wp-block-heading\" id=\"vaya-vacaciones-una-comedia-espanola-para-disfrutar-en-verano\">&#8216;\u00a1Vaya vacaciones!&#8217;, una comedia espa\u00f1ola para disfrutar en verano<\/h2>\n\n\n\n<p>Si eres fan de la ficci\u00f3n, pero lo tuyo es el cine m\u00e1s que las series, est\u00e1s tambi\u00e9n de suerte. Este verano lleg\u00f3, el 25 de agosto, &#8216;\u00a1Vaya vacaciones!&#8217;, una refrescante <strong>comedia <\/strong>espa\u00f1ola. En ella participan tambi\u00e9n nombres muy conocidos del g\u00e9nero en la escena espa\u00f1ola.<\/p>\n\n\n\n<p>As\u00ed, en el papel de los abuelos aparecen <strong>Tito Valverde<\/strong> (&#8216;Sentimos las molestias&#8217;) y <strong>Gracia Olayo<\/strong> (&#8216;Hasta que la boda nos separe&#8217;). Mientras tanto, en el de los padres tenemos a <strong>Ernesto Sevilla<\/strong> (&#8216;La que se avecina&#8217;) y a <strong>Toni Acosta<\/strong> (&#8216;Padre no hay m\u00e1s que uno&#8217;).<\/p>\n\n\n\n<figure class=\"wp-block-embed is-type-video is-provider-youtube wp-block-embed-youtube wp-embed-aspect-16-9 wp-has-aspect-ratio\"><div class=\"wp-block-embed__wrapper\">\n<div class=\"wp-block-embed__wrapper\"><div class=\"ast-oembed-container \" style=\"height: 100%;\"><iframe loading=\"lazy\" title=\"\u00a1VAYA VACACIONES! - Tr\u00e1iler Oficial (Universal Studios) HD\" width=\"1040\" height=\"585\" src=\"https:\/\/www.youtube.com\/embed\/eqj6BxWKgUI?feature=oembed\" frameborder=\"0\" allow=\"accelerometer; autoplay; clipboard-write; encrypted-media; gyroscope; picture-in-picture; web-share\" referrerpolicy=\"strict-origin-when-cross-origin\" allowfullscreen><\/iframe><\/div><\/div>\n<\/div><\/figure>\n\n\n\n<h2 class=\"wp-block-heading\" class=\"wp-block-heading\" id=\"m3gan-terror-de-ciencia-ficcion\">&#8216;M3gan&#8217;, terror de ciencia ficci\u00f3n<\/h2>\n\n\n\n<p>El 18 de agosto lleg\u00f3 a Movistar Plus+ M3gan, una pel\u00edcula de <strong>terror de ciencia ficci\u00f3n<\/strong> que nos devuelve el clich\u00e9 del mu\u00f1eco diab\u00f3lico. Esta vez con un componente rob\u00f3tico, ya que versa sobre una mu\u00f1eca creada para cuidar de una ni\u00f1a.<\/p>\n\n\n\n<p>La pel\u00edcula se estren\u00f3 hace solo unos meses en cines y fue un <strong>\u00e9xito en taquilla<\/strong>. Tambi\u00e9n fue bien recibida por la <strong>cr\u00edtica<\/strong>, que destac\u00f3 el componente c\u00f3mico y divertido que tiene y lo entretenida que es.<\/p>\n\n\n\n<p>Tambi\u00e9n brilla por sus protagonistas. <strong>Allison Williams<\/strong> (&#8216;The Perfection&#8217;) est\u00e1 considerada como una de las actrices del momento en el g\u00e9nero y <strong>Violet McGraw<\/strong> (&#8216;Separation&#8217;) ya tiene amplia experiencia en este tipo de ficci\u00f3n pese a su juventud.<\/p>\n\n\n\n<figure class=\"wp-block-embed is-type-video is-provider-youtube wp-block-embed-youtube wp-embed-aspect-16-9 wp-has-aspect-ratio\"><div class=\"wp-block-embed__wrapper\">\n<div class=\"wp-block-embed__wrapper\"><div class=\"ast-oembed-container \" style=\"height: 100%;\"><iframe loading=\"lazy\" title=\"M3GAN - Tr\u00e1iler Oficial 1 (Universal Pictures) HD\" width=\"1040\" height=\"585\" src=\"https:\/\/www.youtube.com\/embed\/e_6JPqOCH3c?feature=oembed\" frameborder=\"0\" allow=\"accelerometer; autoplay; clipboard-write; encrypted-media; gyroscope; picture-in-picture; web-share\" referrerpolicy=\"strict-origin-when-cross-origin\" allowfullscreen><\/iframe><\/div><\/div>\n<\/div><\/figure>\n\n\n\n<h2 class=\"wp-block-heading\" class=\"wp-block-heading\" id=\"la-mejor-ficcion-en-movistar-plus\">La mejor ficci\u00f3n, en Movistar Plus+<\/h2>\n\n\n\n<p>Estos t\u00edtulos son solo algunos de los estrenos de Movistar Plus+ para esta vuelta de vacaciones. Pero puedes encontrar la mejor ficci\u00f3n nacional e internacional con m\u00e1s de 700 t\u00edtulos incluidos en un cat\u00e1logo de ensue\u00f1o. <\/p>\n\n\n\n<p>En lo referente a la ficci\u00f3n, tendr\u00e1s un estreno de cine al d\u00eda y las mejores series internacionales. Pero hay mucho m\u00e1s, ya que tambi\u00e9n podr\u00e1s ver un partido de LALIGA y otro de Champions por jornada, citas clave de las mejores competiciones deportivas y m\u00e1s de 90 canales.<\/p>\n\n\n\n<p>Para acceder a \u00e9l puedes hacerlo contratando Movistar Plus+, el paquete de TV para todo el mundo. De hecho, puedes contratarlo seas del operador que seas y acceder a todos los contenidos desde la web, desde la app Movistar Plus+ o desde Smart TV. <a href=\"https:\/\/www.movistar.es\/particulares\/movistarplus\" target=\"_blank\" rel=\"noreferrer noopener\">Date de alta<\/a> y disfruta de la mejor ficci\u00f3n.<\/p>\n","protected":false},"excerpt":{"rendered":"<p>Con Movistar Ficci\u00f3n Total acceder\u00e1s a una parte esencial del cat\u00e1logo de Movistar Plus+, en el que no solo puedes encontrar los mejores estrenos de series y pel\u00edculas, sino que tambi\u00e9n tienes amplio abanico de [&hellip;]<\/p>\n","protected":false},"author":93,"featured_media":16045,"comment_status":"closed","ping_status":"closed","sticky":false,"template":"","format":"standard","meta":{"site-sidebar-layout":"default","site-content-layout":"","ast-site-content-layout":"","site-content-style":"default","site-sidebar-style":"default","ast-global-header-display":"","ast-banner-title-visibility":"","ast-main-header-display":"","ast-hfb-above-header-display":"","ast-hfb-below-header-display":"","ast-hfb-mobile-header-display":"","site-post-title":"","ast-breadcrumbs-content":"","ast-featured-img":"","footer-sml-layout":"","theme-transparent-header-meta":"","adv-header-id-meta":"","stick-header-meta":"","header-above-stick-meta":"","header-main-stick-meta":"","header-below-stick-meta":"","astra-migrate-meta-layouts":"default","ast-page-background-enabled":"default","ast-page-background-meta":{"desktop":{"background-color":"var(--ast-global-color-4)","background-image":"","background-repeat":"repeat","background-position":"center center","background-size":"auto","background-attachment":"scroll","background-type":"","background-media":"","overlay-type":"","overlay-color":"","overlay-opacity":"","overlay-gradient":""},"tablet":{"background-color":"","background-image":"","background-repeat":"repeat","background-position":"center center","background-size":"auto","background-attachment":"scroll","background-type":"","background-media":"","overlay-type":"","overlay-color":"","overlay-opacity":"","overlay-gradient":""},"mobile":{"background-color":"","background-image":"","background-repeat":"repeat","background-position":"center center","background-size":"auto","background-attachment":"scroll","background-type":"","background-media":"","overlay-type":"","overlay-color":"","overlay-opacity":"","overlay-gradient":""}},"ast-content-background-meta":{"desktop":{"background-color":"var(--ast-global-color-5)","background-image":"","background-repeat":"repeat","background-position":"center center","background-size":"auto","background-attachment":"scroll","background-type":"","background-media":"","overlay-type":"","overlay-color":"","overlay-opacity":"","overlay-gradient":""},"tablet":{"background-color":"var(--ast-global-color-5)","background-image":"","background-repeat":"repeat","background-position":"center center","background-size":"auto","background-attachment":"scroll","background-type":"","background-media":"","overlay-type":"","overlay-color":"","overlay-opacity":"","overlay-gradient":""},"mobile":{"background-color":"var(--ast-global-color-5)","background-image":"","background-repeat":"repeat","background-position":"center center","background-size":"auto","background-attachment":"scroll","background-type":"","background-media":"","overlay-type":"","overlay-color":"","overlay-opacity":"","overlay-gradient":""}},"_jetpack_memberships_contains_paid_content":false,"footnotes":""},"categories":[1],"tags":[],"area":[427],"cluster":[45],"linea_editorial":[],"coauthors":[467],"class_list":["post-16043","post","type-post","status-publish","format-standard","has-post-thumbnail","hentry","category-sin-categoria","area-gametv","cluster-movistar-plus"],"yoast_head":"<!-- This site is optimized with the Yoast SEO Premium plugin v25.5 (Yoast SEO v25.5) - https:\/\/yoast.com\/wordpress\/plugins\/seo\/ -->\n<title>Disfruta de la mejor ficci\u00f3n en Movistar Plus+<\/title>\n<meta name=\"description\" content=\"Las mejores pel\u00edculas y series de ficci\u00f3n est\u00e1n en Movistar Plus+, donde podr\u00e1s disfrutar de m\u00e1s de 7000 t\u00edtulos y estrenos.\" \/>\n<meta name=\"robots\" content=\"index, follow, max-snippet:-1, max-image-preview:large, max-video-preview:-1\" \/>\n<link rel=\"canonical\" href=\"https:\/\/www.movistar.es\/blog\/movistar-plus\/ficcion-movistar-plus\/\" \/>\n<meta property=\"og:locale\" content=\"es_ES\" \/>\n<meta property=\"og:type\" content=\"article\" \/>\n<meta property=\"og:title\" content=\"Disfruta de la mejor ficci\u00f3n en Movistar Plus+\" \/>\n<meta property=\"og:description\" content=\"Las mejores pel\u00edculas y series de ficci\u00f3n est\u00e1n en Movistar Plus+, donde podr\u00e1s disfrutar de m\u00e1s de 7000 t\u00edtulos y estrenos.\" \/>\n<meta property=\"og:url\" content=\"https:\/\/www.movistar.es\/blog\/movistar-plus\/ficcion-movistar-plus\/\" \/>\n<meta property=\"og:site_name\" content=\"Movistar blog\" \/>\n<meta property=\"article:author\" content=\"movistar.es\/\" \/>\n<meta property=\"article:published_time\" content=\"2023-08-02T11:48:14+00:00\" \/>\n<meta property=\"article:modified_time\" content=\"2024-04-02T09:43:23+00:00\" \/>\n<meta property=\"og:image\" content=\"https:\/\/www.movistar.es\/blog\/wp-content\/uploads\/sites\/3\/2023\/08\/VOLVER-A-CAER-CARTEL-V1-HOR-MOVISTAR-PLUS-scaled-1.jpg\" \/>\n\t<meta property=\"og:image:width\" content=\"2560\" \/>\n\t<meta property=\"og:image:height\" content=\"1440\" \/>\n\t<meta property=\"og:image:type\" content=\"image\/jpeg\" \/>\n<meta name=\"author\" content=\"Equipo de Redacci\u00f3n\" \/>\n<meta name=\"twitter:card\" content=\"summary_large_image\" \/>\n<meta name=\"twitter:creator\" content=\"@movistar_es\" \/>\n<meta name=\"twitter:label1\" content=\"Written by\" \/>\n\t<meta name=\"twitter:data1\" content=\"Equipo de Redacci\u00f3n\" \/>\n\t<meta name=\"twitter:label2\" content=\"Est. reading time\" \/>\n\t<meta name=\"twitter:data2\" content=\"6 minutos\" \/>\n<script type=\"application\/ld+json\" class=\"yoast-schema-graph\">{\"@context\":\"https:\/\/schema.org\",\"@graph\":[{\"@type\":\"Article\",\"@id\":\"https:\/\/www.movistar.es\/blog\/movistar-plus\/ficcion-movistar-plus\/#article\",\"isPartOf\":{\"@id\":\"https:\/\/www.movistar.es\/blog\/movistar-plus\/ficcion-movistar-plus\/\"},\"author\":{\"name\":\"Equipo de Redacci\u00f3n\",\"@id\":\"https:\/\/www.movistar.es\/blog\/#\/schema\/person\/6184006f5def4638e52e2d0ff98bd55a\"},\"headline\":\"Disfruta de la mejor ficci\u00f3n en Movistar Plus+\",\"datePublished\":\"2023-08-02T11:48:14+00:00\",\"dateModified\":\"2024-04-02T09:43:23+00:00\",\"mainEntityOfPage\":{\"@id\":\"https:\/\/www.movistar.es\/blog\/movistar-plus\/ficcion-movistar-plus\/\"},\"wordCount\":1321,\"publisher\":{\"@id\":\"https:\/\/www.movistar.es\/blog\/#organization\"},\"image\":{\"@id\":\"https:\/\/www.movistar.es\/blog\/movistar-plus\/ficcion-movistar-plus\/#primaryimage\"},\"thumbnailUrl\":\"https:\/\/www.movistar.es\/blog\/wp-content\/uploads\/sites\/3\/2023\/08\/VOLVER-A-CAER-CARTEL-V1-HOR-MOVISTAR-PLUS-scaled-1.jpg\",\"inLanguage\":\"es\"},{\"@type\":\"WebPage\",\"@id\":\"https:\/\/www.movistar.es\/blog\/movistar-plus\/ficcion-movistar-plus\/\",\"url\":\"https:\/\/www.movistar.es\/blog\/movistar-plus\/ficcion-movistar-plus\/\",\"name\":\"Disfruta de la mejor ficci\u00f3n en Movistar Plus+\",\"isPartOf\":{\"@id\":\"https:\/\/www.movistar.es\/blog\/#website\"},\"primaryImageOfPage\":{\"@id\":\"https:\/\/www.movistar.es\/blog\/movistar-plus\/ficcion-movistar-plus\/#primaryimage\"},\"image\":{\"@id\":\"https:\/\/www.movistar.es\/blog\/movistar-plus\/ficcion-movistar-plus\/#primaryimage\"},\"thumbnailUrl\":\"https:\/\/www.movistar.es\/blog\/wp-content\/uploads\/sites\/3\/2023\/08\/VOLVER-A-CAER-CARTEL-V1-HOR-MOVISTAR-PLUS-scaled-1.jpg\",\"datePublished\":\"2023-08-02T11:48:14+00:00\",\"dateModified\":\"2024-04-02T09:43:23+00:00\",\"description\":\"Las mejores pel\u00edculas y series de ficci\u00f3n est\u00e1n en Movistar Plus+, donde podr\u00e1s disfrutar de m\u00e1s de 7000 t\u00edtulos y estrenos.\",\"breadcrumb\":{\"@id\":\"https:\/\/www.movistar.es\/blog\/movistar-plus\/ficcion-movistar-plus\/#breadcrumb\"},\"inLanguage\":\"es\",\"potentialAction\":[{\"@type\":\"ReadAction\",\"target\":[\"https:\/\/www.movistar.es\/blog\/movistar-plus\/ficcion-movistar-plus\/\"]}]},{\"@type\":\"ImageObject\",\"inLanguage\":\"es\",\"@id\":\"https:\/\/www.movistar.es\/blog\/movistar-plus\/ficcion-movistar-plus\/#primaryimage\",\"url\":\"https:\/\/www.movistar.es\/blog\/wp-content\/uploads\/sites\/3\/2023\/08\/VOLVER-A-CAER-CARTEL-V1-HOR-MOVISTAR-PLUS-scaled-1.jpg\",\"contentUrl\":\"https:\/\/www.movistar.es\/blog\/wp-content\/uploads\/sites\/3\/2023\/08\/VOLVER-A-CAER-CARTEL-V1-HOR-MOVISTAR-PLUS-scaled-1.jpg\",\"width\":2560,\"height\":1440,\"caption\":\"Volver a caer es una de las series de ficci\u00f3n del verano\"},{\"@type\":\"BreadcrumbList\",\"@id\":\"https:\/\/www.movistar.es\/blog\/movistar-plus\/ficcion-movistar-plus\/#breadcrumb\",\"itemListElement\":[{\"@type\":\"ListItem\",\"position\":1,\"name\":\"Home\",\"item\":\"https:\/\/www.movistar.es\/blog\/\"},{\"@type\":\"ListItem\",\"position\":2,\"name\":\"Disfruta de la mejor ficci\u00f3n en Movistar Plus+\"}]},{\"@type\":\"WebSite\",\"@id\":\"https:\/\/www.movistar.es\/blog\/#website\",\"url\":\"https:\/\/www.movistar.es\/blog\/\",\"name\":\"Movistar blog\",\"description\":\"Movistar Blog. Informaci\u00f3n y m\u00e1s sobre los productos y servicios de Movistar\",\"publisher\":{\"@id\":\"https:\/\/www.movistar.es\/blog\/#organization\"},\"potentialAction\":[{\"@type\":\"SearchAction\",\"target\":{\"@type\":\"EntryPoint\",\"urlTemplate\":\"https:\/\/www.movistar.es\/blog\/?s={search_term_string}\"},\"query-input\":{\"@type\":\"PropertyValueSpecification\",\"valueRequired\":true,\"valueName\":\"search_term_string\"}}],\"inLanguage\":\"es\"},{\"@type\":\"Organization\",\"@id\":\"https:\/\/www.movistar.es\/blog\/#organization\",\"name\":\"Movistar blog\",\"url\":\"https:\/\/www.movistar.es\/blog\/\",\"logo\":{\"@type\":\"ImageObject\",\"inLanguage\":\"es\",\"@id\":\"https:\/\/www.movistar.es\/blog\/#\/schema\/logo\/image\/\",\"url\":\"https:\/\/www.movistar.es\/blog\/wp-content\/uploads\/sites\/3\/2022\/05\/logo_movistar-1.svg\",\"contentUrl\":\"https:\/\/www.movistar.es\/blog\/wp-content\/uploads\/sites\/3\/2022\/05\/logo_movistar-1.svg\",\"width\":369,\"height\":272,\"caption\":\"Movistar blog\"},\"image\":{\"@id\":\"https:\/\/www.movistar.es\/blog\/#\/schema\/logo\/image\/\"}},{\"@type\":\"Person\",\"@id\":\"https:\/\/www.movistar.es\/blog\/#\/schema\/person\/6184006f5def4638e52e2d0ff98bd55a\",\"name\":\"Equipo de Redacci\u00f3n\",\"image\":{\"@type\":\"ImageObject\",\"inLanguage\":\"es\",\"@id\":\"https:\/\/www.movistar.es\/blog\/#\/schema\/person\/image\/8dbf7dc767c23aa5f974d575dda930c5\",\"url\":\"https:\/\/secure.gravatar.com\/avatar\/ce5aadad84c2aeb36c9813c46e41a53b0c9cc1d57205e8cde4bdf0ed790b3c97\",\"contentUrl\":\"https:\/\/secure.gravatar.com\/avatar\/ce5aadad84c2aeb36c9813c46e41a53b0c9cc1d57205e8cde4bdf0ed790b3c97\",\"caption\":\"Equipo de Redacci\u00f3n\"},\"description\":\"Buscamos temas de tu inter\u00e9s. Te contamos c\u00f3mo pueden ayudarte en tu d\u00eda a d\u00eda los productos y servicios de Movistar. No queremos venderte nada. Queremos descubrirte cosas para hacerte la vida m\u00e1s f\u00e1cil.\",\"sameAs\":[\"https:\/\/www.movistar.es\/\",\"movistar.es\/\",\"https:\/\/www.instagram.com\/movistar_es\/?hl=es\",\"https:\/\/x.com\/movistar_es\"],\"knowsAbout\":[\"smartphones\",\"conectividad\",\"hogar digital\",\"ciberseguridad\"],\"url\":\"https:\/\/www.movistar.es\/blog\/author\/contentmovistar\/\"}]}<\/script>\n<!-- \/ Yoast SEO Premium plugin. -->","yoast_head_json":{"title":"Disfruta de la mejor ficci\u00f3n en Movistar Plus+","description":"Las mejores pel\u00edculas y series de ficci\u00f3n est\u00e1n en Movistar Plus+, donde podr\u00e1s disfrutar de m\u00e1s de 7000 t\u00edtulos y estrenos.","robots":{"index":"index","follow":"follow","max-snippet":"max-snippet:-1","max-image-preview":"max-image-preview:large","max-video-preview":"max-video-preview:-1"},"canonical":"https:\/\/www.movistar.es\/blog\/movistar-plus\/ficcion-movistar-plus\/","og_locale":"es_ES","og_type":"article","og_title":"Disfruta de la mejor ficci\u00f3n en Movistar Plus+","og_description":"Las mejores pel\u00edculas y series de ficci\u00f3n est\u00e1n en Movistar Plus+, donde podr\u00e1s disfrutar de m\u00e1s de 7000 t\u00edtulos y estrenos.","og_url":"https:\/\/www.movistar.es\/blog\/movistar-plus\/ficcion-movistar-plus\/","og_site_name":"Movistar blog","article_author":"movistar.es\/","article_published_time":"2023-08-02T11:48:14+00:00","article_modified_time":"2024-04-02T09:43:23+00:00","og_image":[{"width":2560,"height":1440,"url":"https:\/\/www.movistar.es\/blog\/wp-content\/uploads\/sites\/3\/2023\/08\/VOLVER-A-CAER-CARTEL-V1-HOR-MOVISTAR-PLUS-scaled-1.jpg","type":"image\/jpeg"}],"author":"Equipo de Redacci\u00f3n","twitter_card":"summary_large_image","twitter_creator":"@movistar_es","twitter_misc":{"Written by":"Equipo de Redacci\u00f3n","Est. reading time":"6 minutos"},"schema":{"@context":"https:\/\/schema.org","@graph":[{"@type":"Article","@id":"https:\/\/www.movistar.es\/blog\/movistar-plus\/ficcion-movistar-plus\/#article","isPartOf":{"@id":"https:\/\/www.movistar.es\/blog\/movistar-plus\/ficcion-movistar-plus\/"},"author":{"name":"Equipo de Redacci\u00f3n","@id":"https:\/\/www.movistar.es\/blog\/#\/schema\/person\/6184006f5def4638e52e2d0ff98bd55a"},"headline":"Disfruta de la mejor ficci\u00f3n en Movistar Plus+","datePublished":"2023-08-02T11:48:14+00:00","dateModified":"2024-04-02T09:43:23+00:00","mainEntityOfPage":{"@id":"https:\/\/www.movistar.es\/blog\/movistar-plus\/ficcion-movistar-plus\/"},"wordCount":1321,"publisher":{"@id":"https:\/\/www.movistar.es\/blog\/#organization"},"image":{"@id":"https:\/\/www.movistar.es\/blog\/movistar-plus\/ficcion-movistar-plus\/#primaryimage"},"thumbnailUrl":"https:\/\/www.movistar.es\/blog\/wp-content\/uploads\/sites\/3\/2023\/08\/VOLVER-A-CAER-CARTEL-V1-HOR-MOVISTAR-PLUS-scaled-1.jpg","inLanguage":"es"},{"@type":"WebPage","@id":"https:\/\/www.movistar.es\/blog\/movistar-plus\/ficcion-movistar-plus\/","url":"https:\/\/www.movistar.es\/blog\/movistar-plus\/ficcion-movistar-plus\/","name":"Disfruta de la mejor ficci\u00f3n en Movistar Plus+","isPartOf":{"@id":"https:\/\/www.movistar.es\/blog\/#website"},"primaryImageOfPage":{"@id":"https:\/\/www.movistar.es\/blog\/movistar-plus\/ficcion-movistar-plus\/#primaryimage"},"image":{"@id":"https:\/\/www.movistar.es\/blog\/movistar-plus\/ficcion-movistar-plus\/#primaryimage"},"thumbnailUrl":"https:\/\/www.movistar.es\/blog\/wp-content\/uploads\/sites\/3\/2023\/08\/VOLVER-A-CAER-CARTEL-V1-HOR-MOVISTAR-PLUS-scaled-1.jpg","datePublished":"2023-08-02T11:48:14+00:00","dateModified":"2024-04-02T09:43:23+00:00","description":"Las mejores pel\u00edculas y series de ficci\u00f3n est\u00e1n en Movistar Plus+, donde podr\u00e1s disfrutar de m\u00e1s de 7000 t\u00edtulos y estrenos.","breadcrumb":{"@id":"https:\/\/www.movistar.es\/blog\/movistar-plus\/ficcion-movistar-plus\/#breadcrumb"},"inLanguage":"es","potentialAction":[{"@type":"ReadAction","target":["https:\/\/www.movistar.es\/blog\/movistar-plus\/ficcion-movistar-plus\/"]}]},{"@type":"ImageObject","inLanguage":"es","@id":"https:\/\/www.movistar.es\/blog\/movistar-plus\/ficcion-movistar-plus\/#primaryimage","url":"https:\/\/www.movistar.es\/blog\/wp-content\/uploads\/sites\/3\/2023\/08\/VOLVER-A-CAER-CARTEL-V1-HOR-MOVISTAR-PLUS-scaled-1.jpg","contentUrl":"https:\/\/www.movistar.es\/blog\/wp-content\/uploads\/sites\/3\/2023\/08\/VOLVER-A-CAER-CARTEL-V1-HOR-MOVISTAR-PLUS-scaled-1.jpg","width":2560,"height":1440,"caption":"Volver a caer es una de las series de ficci\u00f3n del verano"},{"@type":"BreadcrumbList","@id":"https:\/\/www.movistar.es\/blog\/movistar-plus\/ficcion-movistar-plus\/#breadcrumb","itemListElement":[{"@type":"ListItem","position":1,"name":"Home","item":"https:\/\/www.movistar.es\/blog\/"},{"@type":"ListItem","position":2,"name":"Disfruta de la mejor ficci\u00f3n en Movistar Plus+"}]},{"@type":"WebSite","@id":"https:\/\/www.movistar.es\/blog\/#website","url":"https:\/\/www.movistar.es\/blog\/","name":"Movistar blog","description":"Movistar Blog. Informaci\u00f3n y m\u00e1s sobre los productos y servicios de Movistar","publisher":{"@id":"https:\/\/www.movistar.es\/blog\/#organization"},"potentialAction":[{"@type":"SearchAction","target":{"@type":"EntryPoint","urlTemplate":"https:\/\/www.movistar.es\/blog\/?s={search_term_string}"},"query-input":{"@type":"PropertyValueSpecification","valueRequired":true,"valueName":"search_term_string"}}],"inLanguage":"es"},{"@type":"Organization","@id":"https:\/\/www.movistar.es\/blog\/#organization","name":"Movistar blog","url":"https:\/\/www.movistar.es\/blog\/","logo":{"@type":"ImageObject","inLanguage":"es","@id":"https:\/\/www.movistar.es\/blog\/#\/schema\/logo\/image\/","url":"https:\/\/www.movistar.es\/blog\/wp-content\/uploads\/sites\/3\/2022\/05\/logo_movistar-1.svg","contentUrl":"https:\/\/www.movistar.es\/blog\/wp-content\/uploads\/sites\/3\/2022\/05\/logo_movistar-1.svg","width":369,"height":272,"caption":"Movistar blog"},"image":{"@id":"https:\/\/www.movistar.es\/blog\/#\/schema\/logo\/image\/"}},{"@type":"Person","@id":"https:\/\/www.movistar.es\/blog\/#\/schema\/person\/6184006f5def4638e52e2d0ff98bd55a","name":"Equipo de Redacci\u00f3n","image":{"@type":"ImageObject","inLanguage":"es","@id":"https:\/\/www.movistar.es\/blog\/#\/schema\/person\/image\/8dbf7dc767c23aa5f974d575dda930c5","url":"https:\/\/secure.gravatar.com\/avatar\/ce5aadad84c2aeb36c9813c46e41a53b0c9cc1d57205e8cde4bdf0ed790b3c97","contentUrl":"https:\/\/secure.gravatar.com\/avatar\/ce5aadad84c2aeb36c9813c46e41a53b0c9cc1d57205e8cde4bdf0ed790b3c97","caption":"Equipo de Redacci\u00f3n"},"description":"Buscamos temas de tu inter\u00e9s. Te contamos c\u00f3mo pueden ayudarte en tu d\u00eda a d\u00eda los productos y servicios de Movistar. No queremos venderte nada. Queremos descubrirte cosas para hacerte la vida m\u00e1s f\u00e1cil.","sameAs":["https:\/\/www.movistar.es\/","movistar.es\/","https:\/\/www.instagram.com\/movistar_es\/?hl=es","https:\/\/x.com\/movistar_es"],"knowsAbout":["smartphones","conectividad","hogar digital","ciberseguridad"],"url":"https:\/\/www.movistar.es\/blog\/author\/contentmovistar\/"}]}},"jetpack_featured_media_url":"https:\/\/www.movistar.es\/blog\/wp-content\/uploads\/sites\/3\/2023\/08\/VOLVER-A-CAER-CARTEL-V1-HOR-MOVISTAR-PLUS-scaled-1.jpg","jetpack_sharing_enabled":true,"_links":{"self":[{"href":"https:\/\/www.movistar.es\/blog\/wp-json\/wp\/v2\/posts\/16043","targetHints":{"allow":["GET"]}}],"collection":[{"href":"https:\/\/www.movistar.es\/blog\/wp-json\/wp\/v2\/posts"}],"about":[{"href":"https:\/\/www.movistar.es\/blog\/wp-json\/wp\/v2\/types\/post"}],"author":[{"embeddable":true,"href":"https:\/\/www.movistar.es\/blog\/wp-json\/wp\/v2\/users\/93"}],"replies":[{"embeddable":true,"href":"https:\/\/www.movistar.es\/blog\/wp-json\/wp\/v2\/comments?post=16043"}],"version-history":[{"count":10,"href":"https:\/\/www.movistar.es\/blog\/wp-json\/wp\/v2\/posts\/16043\/revisions"}],"predecessor-version":[{"id":25077,"href":"https:\/\/www.movistar.es\/blog\/wp-json\/wp\/v2\/posts\/16043\/revisions\/25077"}],"wp:featuredmedia":[{"embeddable":true,"href":"https:\/\/www.movistar.es\/blog\/wp-json\/wp\/v2\/media\/16045"}],"wp:attachment":[{"href":"https:\/\/www.movistar.es\/blog\/wp-json\/wp\/v2\/media?parent=16043"}],"wp:term":[{"taxonomy":"category","embeddable":true,"href":"https:\/\/www.movistar.es\/blog\/wp-json\/wp\/v2\/categories?post=16043"},{"taxonomy":"post_tag","embeddable":true,"href":"https:\/\/www.movistar.es\/blog\/wp-json\/wp\/v2\/tags?post=16043"},{"taxonomy":"area","embeddable":true,"href":"https:\/\/www.movistar.es\/blog\/wp-json\/wp\/v2\/area?post=16043"},{"taxonomy":"cluster","embeddable":true,"href":"https:\/\/www.movistar.es\/blog\/wp-json\/wp\/v2\/cluster?post=16043"},{"taxonomy":"linea_editorial","embeddable":true,"href":"https:\/\/www.movistar.es\/blog\/wp-json\/wp\/v2\/linea_editorial?post=16043"},{"taxonomy":"author","embeddable":true,"href":"https:\/\/www.movistar.es\/blog\/wp-json\/wp\/v2\/coauthors?post=16043"}],"curies":[{"name":"wp","href":"https:\/\/api.w.org\/{rel}","templated":true}]}}