{"id":16023,"date":"2023-08-03T09:00:00","date_gmt":"2023-08-03T07:00:00","guid":{"rendered":"https:\/\/www.movistar.es\/blog\/?p=16023"},"modified":"2023-08-17T11:30:01","modified_gmt":"2023-08-17T09:30:01","slug":"sevilla-manchester-city-movistar-plus","status":"publish","type":"post","link":"https:\/\/www.movistar.es\/blog\/movistar-plus\/sevilla-manchester-city-movistar-plus\/","title":{"rendered":"Disfruta el Sevilla &#8211; Manchester City en Movistar Plus+"},"content":{"rendered":"\n<p><strong>Sevilla FC<\/strong> y <strong>Manchester City<\/strong> ser\u00e1n los grandes protagonistas del f\u00fatbol europeo en el mes de agosto. Los grandes campeones de las competiciones continentales jugar\u00e1n el mi\u00e9rcoles 16 de agosto la <a href=\"https:\/\/www.movistar.es\/blog\/movistar-plus\/supercopa-europa\/\">Supercopa de Europa<\/a>.<\/p>\n\n\n\n<p>Llegan como campeones de la <strong>UEFA Europa League<\/strong> y la <strong>UEFA Champions League<\/strong>, respectivamente. Los espa\u00f1oles vencieron a la Roma en la gran final de la segunda competici\u00f3n del Viejo Continente y los ingleses consiguieron derrotar en un ajustado partido al Inter de Mil\u00e1n.<\/p>\n\n\n\n<p>Sobre el papel, el campe\u00f3n de la Champions parte con cierto favoritismo. No en vano, desde que en el 2000 se adopt\u00f3 el formato actual la han ganado los campeones de Europa en 15 ocasiones. Pero la experiencia en estos torneos es un grado y el Sevilla tiene mucha.<\/p>\n\n\n\n<h2 class=\"wp-block-heading\" id=\"h-la-septima-supercopa-de-europa-para-los-espanoles\">La s\u00e9ptima Supercopa de Europa para los espa\u00f1oles<\/h2>\n\n\n\n<p>El Sevilla es el rey de la Europa League. La ha ganado hasta en siete ocasiones, siempre que ha llegado a la final, y, por tanto, ya <strong>ha jugado seis veces la Supercopa de Europa<\/strong>. Aunque los resultados no han acompa\u00f1ado.<\/p>\n\n\n\n<p>La mejor Supercopa de Europa para el Sevilla fue la <strong>primera que jug\u00f3<\/strong>, en el a\u00f1o 2006. Los sevillanos arrasaron y <strong>se impusieron 3-0 <\/strong>al FC Barcelona gracias a los tantos de Renato, Kanout\u00e9 y Maresca. Pero desde entonces, no han podido levantar el t\u00edtulo de nuevo.<\/p>\n\n\n\n<figure class=\"wp-block-image size-full\"><img loading=\"lazy\" decoding=\"async\" width=\"825\" height=\"550\" src=\"https:\/\/www.movistar.es\/blog\/wp-content\/uploads\/sites\/3\/2023\/08\/28_1.jpeg\" alt=\"El Sevilla tras ganar la Europa League\" class=\"wp-image-16027\" srcset=\"https:\/\/www.movistar.es\/blog\/wp-content\/uploads\/sites\/3\/2023\/08\/28_1.jpeg 825w, https:\/\/www.movistar.es\/blog\/wp-content\/uploads\/sites\/3\/2023\/08\/28_1.jpeg?resize=300,200 300w, https:\/\/www.movistar.es\/blog\/wp-content\/uploads\/sites\/3\/2023\/08\/28_1.jpeg?resize=768,512 768w\" sizes=\"auto, (max-width: 825px) 100vw, 825px\" \/><\/figure>\n\n\n\n<p>Un a\u00f1o despu\u00e9s perdieron 3-1 contra el <strong>A.C. Mil\u00e1n<\/strong> y pasaron siete a\u00f1os hasta que ganaron otra Europa League. De nuevo su rival fue un espa\u00f1ol, el <strong>Real Madrid<\/strong>, con quien perdi\u00f3 2-0. Dos a\u00f1os despu\u00e9s volvi\u00f3 a caer ante lo blancos por un ajustado 3-2 en la pr\u00f3rroga. Y en medio de esos dos partidos, jug\u00f3 contra el Bar\u00e7a una espectacular Supercopa de Europa que termin\u00f3 5-4 para los cul\u00e9s.<\/p>\n\n\n\n<p>La \u00faltima vez que el Sevilla jug\u00f3 la Supercopa fue una temporada at\u00edpica, la de la <strong>pandemia<\/strong>. Como se tuvieron que parar las competiciones, no se jugaron hasta final de verano las finales europeas. Y la Supercopa se fue a finales de septiembre. En ella el <strong>Bayern de Munich<\/strong> se impuso 2-1 en la pr\u00f3rroga a los espa\u00f1oles.<\/p>\n\n\n\n<h2 class=\"wp-block-heading\" class=\"wp-block-heading\" id=\"el-manchester-city-a-por-su-primera-supercopa\">El Manchester City, a por su primera Supercopa<\/h2>\n\n\n\n<p>Para su s\u00e9ptima final el conjunto espa\u00f1ol tendr\u00e1 un rival de altura, el <strong>Manchester City<\/strong>. Los <em>citizens <\/em>han dominado el <strong>f\u00fatbol ingl\u00e9s<\/strong> el \u00faltimo lustro, pero hasta ahora Europa se les hab\u00eda atragantado. Todo cambi\u00f3 en la 2022-23.<\/p>\n\n\n\n<p>En una temporada en la que eran m\u00e1s que nunca los grandes favoritos tras el fichaje de <strong>Haaland<\/strong>, lograron por fin proclamarse campeones de Europa. Lo hicieron venciendo al Inter en la final y eliminando por el camino a gigantes como el Real Madrid y el Bayern de Munich.<\/p>\n\n\n\n<figure class=\"wp-block-image size-large\"><img loading=\"lazy\" decoding=\"async\" height=\"576\" width=\"1024\" src=\"https:\/\/www.movistar.es\/blog\/wp-content\/uploads\/sites\/3\/2023\/08\/team-photo-prior-to-kick-off.jpg?w=1024\" alt=\"Manchester City\" class=\"wp-image-16026\" srcset=\"https:\/\/www.movistar.es\/blog\/wp-content\/uploads\/sites\/3\/2023\/08\/team-photo-prior-to-kick-off.jpg 1920w, https:\/\/www.movistar.es\/blog\/wp-content\/uploads\/sites\/3\/2023\/08\/team-photo-prior-to-kick-off.jpg?resize=300,169 300w, https:\/\/www.movistar.es\/blog\/wp-content\/uploads\/sites\/3\/2023\/08\/team-photo-prior-to-kick-off.jpg?resize=768,432 768w, https:\/\/www.movistar.es\/blog\/wp-content\/uploads\/sites\/3\/2023\/08\/team-photo-prior-to-kick-off.jpg?resize=1024,576 1024w, https:\/\/www.movistar.es\/blog\/wp-content\/uploads\/sites\/3\/2023\/08\/team-photo-prior-to-kick-off.jpg?resize=1536,864 1536w\" sizes=\"auto, (max-width: 1024px) 100vw, 1024px\" \/><\/figure>\n\n\n\n<p>Para el Manchester City, ser\u00e1 la <strong>primera vez<\/strong> que la jueguen. Su \u00fanico t\u00edtulo europeo era una <strong>Recopa <\/strong>y fue media d\u00e9cada antes de la creaci\u00f3n de la Supercopa. Son los favoritos para todo en esta temporada, pero su primera <strong>piedra de toque<\/strong> ser\u00e1 un equipo mucho m\u00e1s experimentado en este torneo.<\/p>\n\n\n\n<h2 class=\"wp-block-heading\" class=\"wp-block-heading\" id=\"vive-el-sevilla-manchester-city-con-movistar-plus\">Vive el Sevilla \u2013 Manchester City con Movistar Plus+<\/h2>\n\n\n\n<p>El 16 de agosto todo el f\u00fatbol mundial pondr\u00e1 sus ojos en la ciudad griega de <strong>El Pireo<\/strong>, donde se disputar\u00e1 este encuentro del Sevilla FC contra el Manchester City. A buen seguro ser\u00e1 un partido cargado de emoci\u00f3n en el que el Sevilla buscar\u00e1 sumar la  decimos\u00e9ptima Supercopa de Europa para el f\u00fatbol espa\u00f1ol.<\/p>\n\n\n\n<p>Si no quieres perderte nada, puedes verlo gracias a Movistar Plus+, el mi\u00e9rcoles 16 a las 21:00 horas en el canal Liga de Campeones por M+ (dial 56). Como cada temporada, podr\u00e1s disfrutar de <a href=\"https:\/\/www.movistar.es\/blog\/movistar-plus\/como-ver-futbol-movistar-plus\/\">todo el f\u00fatbol<\/a> \u2014LaLiga, las competiciones europeas y m\u00e1s\u2014 por 45\u20ac al mes. <strong><a href=\"https:\/\/web.movistar.es\/particulares\/promociones\/movistar-ilimitado-esencial-futbol\" target=\"_blank\" rel=\"noreferrer noopener\">Contrata ya<\/a> y vive el mejor f\u00fatbol<\/strong>, adem\u00e1s de disfrutar de fibra \u00f3ptica de hasta 1 Gb, 2 l\u00edneas m\u00f3viles y m\u00e1s de 60 canales de TV.<\/p>\n","protected":false},"excerpt":{"rendered":"<p>Sevilla FC y Manchester City ser\u00e1n los grandes protagonistas del f\u00fatbol europeo en el mes de agosto. Los grandes campeones de las competiciones continentales jugar\u00e1n el mi\u00e9rcoles 16 de agosto la Supercopa de Europa. Llegan [&hellip;]<\/p>\n","protected":false},"author":93,"featured_media":16021,"comment_status":"closed","ping_status":"closed","sticky":false,"template":"","format":"standard","meta":{"site-sidebar-layout":"default","site-content-layout":"","ast-site-content-layout":"","site-content-style":"default","site-sidebar-style":"default","ast-global-header-display":"","ast-banner-title-visibility":"","ast-main-header-display":"","ast-hfb-above-header-display":"","ast-hfb-below-header-display":"","ast-hfb-mobile-header-display":"","site-post-title":"","ast-breadcrumbs-content":"","ast-featured-img":"","footer-sml-layout":"","theme-transparent-header-meta":"","adv-header-id-meta":"","stick-header-meta":"","header-above-stick-meta":"","header-main-stick-meta":"","header-below-stick-meta":"","astra-migrate-meta-layouts":"default","ast-page-background-enabled":"default","ast-page-background-meta":{"desktop":{"background-color":"var(--ast-global-color-4)","background-image":"","background-repeat":"repeat","background-position":"center center","background-size":"auto","background-attachment":"scroll","background-type":"","background-media":"","overlay-type":"","overlay-color":"","overlay-opacity":"","overlay-gradient":""},"tablet":{"background-color":"","background-image":"","background-repeat":"repeat","background-position":"center center","background-size":"auto","background-attachment":"scroll","background-type":"","background-media":"","overlay-type":"","overlay-color":"","overlay-opacity":"","overlay-gradient":""},"mobile":{"background-color":"","background-image":"","background-repeat":"repeat","background-position":"center center","background-size":"auto","background-attachment":"scroll","background-type":"","background-media":"","overlay-type":"","overlay-color":"","overlay-opacity":"","overlay-gradient":""}},"ast-content-background-meta":{"desktop":{"background-color":"var(--ast-global-color-5)","background-image":"","background-repeat":"repeat","background-position":"center center","background-size":"auto","background-attachment":"scroll","background-type":"","background-media":"","overlay-type":"","overlay-color":"","overlay-opacity":"","overlay-gradient":""},"tablet":{"background-color":"var(--ast-global-color-5)","background-image":"","background-repeat":"repeat","background-position":"center center","background-size":"auto","background-attachment":"scroll","background-type":"","background-media":"","overlay-type":"","overlay-color":"","overlay-opacity":"","overlay-gradient":""},"mobile":{"background-color":"var(--ast-global-color-5)","background-image":"","background-repeat":"repeat","background-position":"center center","background-size":"auto","background-attachment":"scroll","background-type":"","background-media":"","overlay-type":"","overlay-color":"","overlay-opacity":"","overlay-gradient":""}},"_jetpack_memberships_contains_paid_content":false,"footnotes":""},"categories":[1],"tags":[],"area":[427],"cluster":[45],"linea_editorial":[],"coauthors":[467],"class_list":["post-16023","post","type-post","status-publish","format-standard","has-post-thumbnail","hentry","category-sin-categoria","area-gametv","cluster-movistar-plus"],"yoast_head":"<!-- This site is optimized with the Yoast SEO Premium plugin v25.5 (Yoast SEO v25.5) - https:\/\/yoast.com\/wordpress\/plugins\/seo\/ -->\n<title>Disfruta el Sevilla - Manchester City en Movistar Plus+<\/title>\n<meta name=\"description\" content=\"El Sevilla - Manchester City ser\u00e1 el primer gran partido del f\u00fatbol europeo esta temporada y en juego est\u00e1 la Supercopa de Europa\" \/>\n<meta name=\"robots\" content=\"index, follow, max-snippet:-1, max-image-preview:large, max-video-preview:-1\" \/>\n<link rel=\"canonical\" href=\"https:\/\/www.movistar.es\/blog\/movistar-plus\/sevilla-manchester-city-movistar-plus\/\" \/>\n<meta property=\"og:locale\" content=\"es_ES\" \/>\n<meta property=\"og:type\" content=\"article\" \/>\n<meta property=\"og:title\" content=\"Disfruta el Sevilla - Manchester City en Movistar Plus+\" \/>\n<meta property=\"og:description\" content=\"El Sevilla - Manchester City ser\u00e1 el primer gran partido del f\u00fatbol europeo esta temporada y en juego est\u00e1 la Supercopa de Europa\" \/>\n<meta property=\"og:url\" content=\"https:\/\/www.movistar.es\/blog\/movistar-plus\/sevilla-manchester-city-movistar-plus\/\" \/>\n<meta property=\"og:site_name\" content=\"Movistar blog\" \/>\n<meta property=\"article:author\" content=\"movistar.es\/\" \/>\n<meta property=\"article:published_time\" content=\"2023-08-03T07:00:00+00:00\" \/>\n<meta property=\"article:modified_time\" content=\"2023-08-17T09:30:01+00:00\" \/>\n<meta property=\"og:image\" content=\"https:\/\/www.movistar.es\/blog\/wp-content\/uploads\/sites\/3\/2023\/08\/scup_badges.jpg\" \/>\n\t<meta property=\"og:image:width\" content=\"988\" \/>\n\t<meta property=\"og:image:height\" content=\"556\" \/>\n\t<meta property=\"og:image:type\" content=\"image\/jpeg\" \/>\n<meta name=\"author\" content=\"Equipo de Redacci\u00f3n\" \/>\n<meta name=\"twitter:card\" content=\"summary_large_image\" \/>\n<meta name=\"twitter:creator\" content=\"@movistar_es\" \/>\n<meta name=\"twitter:label1\" content=\"Written by\" \/>\n\t<meta name=\"twitter:data1\" content=\"Equipo de Redacci\u00f3n\" \/>\n\t<meta name=\"twitter:label2\" content=\"Est. reading time\" \/>\n\t<meta name=\"twitter:data2\" content=\"4 minutos\" \/>\n<script type=\"application\/ld+json\" class=\"yoast-schema-graph\">{\"@context\":\"https:\/\/schema.org\",\"@graph\":[{\"@type\":\"Article\",\"@id\":\"https:\/\/www.movistar.es\/blog\/movistar-plus\/sevilla-manchester-city-movistar-plus\/#article\",\"isPartOf\":{\"@id\":\"https:\/\/www.movistar.es\/blog\/movistar-plus\/sevilla-manchester-city-movistar-plus\/\"},\"author\":{\"name\":\"Equipo de Redacci\u00f3n\",\"@id\":\"https:\/\/www.movistar.es\/blog\/#\/schema\/person\/6184006f5def4638e52e2d0ff98bd55a\"},\"headline\":\"Disfruta el Sevilla &#8211; Manchester City en Movistar Plus+\",\"datePublished\":\"2023-08-03T07:00:00+00:00\",\"dateModified\":\"2023-08-17T09:30:01+00:00\",\"mainEntityOfPage\":{\"@id\":\"https:\/\/www.movistar.es\/blog\/movistar-plus\/sevilla-manchester-city-movistar-plus\/\"},\"wordCount\":684,\"publisher\":{\"@id\":\"https:\/\/www.movistar.es\/blog\/#organization\"},\"image\":{\"@id\":\"https:\/\/www.movistar.es\/blog\/movistar-plus\/sevilla-manchester-city-movistar-plus\/#primaryimage\"},\"thumbnailUrl\":\"https:\/\/www.movistar.es\/blog\/wp-content\/uploads\/sites\/3\/2023\/08\/scup_badges.jpg\",\"inLanguage\":\"es\"},{\"@type\":\"WebPage\",\"@id\":\"https:\/\/www.movistar.es\/blog\/movistar-plus\/sevilla-manchester-city-movistar-plus\/\",\"url\":\"https:\/\/www.movistar.es\/blog\/movistar-plus\/sevilla-manchester-city-movistar-plus\/\",\"name\":\"Disfruta el Sevilla - Manchester City en Movistar Plus+\",\"isPartOf\":{\"@id\":\"https:\/\/www.movistar.es\/blog\/#website\"},\"primaryImageOfPage\":{\"@id\":\"https:\/\/www.movistar.es\/blog\/movistar-plus\/sevilla-manchester-city-movistar-plus\/#primaryimage\"},\"image\":{\"@id\":\"https:\/\/www.movistar.es\/blog\/movistar-plus\/sevilla-manchester-city-movistar-plus\/#primaryimage\"},\"thumbnailUrl\":\"https:\/\/www.movistar.es\/blog\/wp-content\/uploads\/sites\/3\/2023\/08\/scup_badges.jpg\",\"datePublished\":\"2023-08-03T07:00:00+00:00\",\"dateModified\":\"2023-08-17T09:30:01+00:00\",\"description\":\"El Sevilla - Manchester City ser\u00e1 el primer gran partido del f\u00fatbol europeo esta temporada y en juego est\u00e1 la Supercopa de Europa\",\"breadcrumb\":{\"@id\":\"https:\/\/www.movistar.es\/blog\/movistar-plus\/sevilla-manchester-city-movistar-plus\/#breadcrumb\"},\"inLanguage\":\"es\",\"potentialAction\":[{\"@type\":\"ReadAction\",\"target\":[\"https:\/\/www.movistar.es\/blog\/movistar-plus\/sevilla-manchester-city-movistar-plus\/\"]}]},{\"@type\":\"ImageObject\",\"inLanguage\":\"es\",\"@id\":\"https:\/\/www.movistar.es\/blog\/movistar-plus\/sevilla-manchester-city-movistar-plus\/#primaryimage\",\"url\":\"https:\/\/www.movistar.es\/blog\/wp-content\/uploads\/sites\/3\/2023\/08\/scup_badges.jpg\",\"contentUrl\":\"https:\/\/www.movistar.es\/blog\/wp-content\/uploads\/sites\/3\/2023\/08\/scup_badges.jpg\",\"width\":988,\"height\":556,\"caption\":\"Sevilla - Manchester City juegan la Supercopa de Europa\"},{\"@type\":\"BreadcrumbList\",\"@id\":\"https:\/\/www.movistar.es\/blog\/movistar-plus\/sevilla-manchester-city-movistar-plus\/#breadcrumb\",\"itemListElement\":[{\"@type\":\"ListItem\",\"position\":1,\"name\":\"Home\",\"item\":\"https:\/\/www.movistar.es\/blog\/\"},{\"@type\":\"ListItem\",\"position\":2,\"name\":\"Disfruta el Sevilla &#8211; Manchester City en Movistar Plus+\"}]},{\"@type\":\"WebSite\",\"@id\":\"https:\/\/www.movistar.es\/blog\/#website\",\"url\":\"https:\/\/www.movistar.es\/blog\/\",\"name\":\"Movistar blog\",\"description\":\"Movistar Blog. Informaci\u00f3n y m\u00e1s sobre los productos y servicios de Movistar\",\"publisher\":{\"@id\":\"https:\/\/www.movistar.es\/blog\/#organization\"},\"potentialAction\":[{\"@type\":\"SearchAction\",\"target\":{\"@type\":\"EntryPoint\",\"urlTemplate\":\"https:\/\/www.movistar.es\/blog\/?s={search_term_string}\"},\"query-input\":{\"@type\":\"PropertyValueSpecification\",\"valueRequired\":true,\"valueName\":\"search_term_string\"}}],\"inLanguage\":\"es\"},{\"@type\":\"Organization\",\"@id\":\"https:\/\/www.movistar.es\/blog\/#organization\",\"name\":\"Movistar blog\",\"url\":\"https:\/\/www.movistar.es\/blog\/\",\"logo\":{\"@type\":\"ImageObject\",\"inLanguage\":\"es\",\"@id\":\"https:\/\/www.movistar.es\/blog\/#\/schema\/logo\/image\/\",\"url\":\"https:\/\/www.movistar.es\/blog\/wp-content\/uploads\/sites\/3\/2022\/05\/logo_movistar-1.svg\",\"contentUrl\":\"https:\/\/www.movistar.es\/blog\/wp-content\/uploads\/sites\/3\/2022\/05\/logo_movistar-1.svg\",\"width\":369,\"height\":272,\"caption\":\"Movistar blog\"},\"image\":{\"@id\":\"https:\/\/www.movistar.es\/blog\/#\/schema\/logo\/image\/\"}},{\"@type\":\"Person\",\"@id\":\"https:\/\/www.movistar.es\/blog\/#\/schema\/person\/6184006f5def4638e52e2d0ff98bd55a\",\"name\":\"Equipo de Redacci\u00f3n\",\"image\":{\"@type\":\"ImageObject\",\"inLanguage\":\"es\",\"@id\":\"https:\/\/www.movistar.es\/blog\/#\/schema\/person\/image\/8dbf7dc767c23aa5f974d575dda930c5\",\"url\":\"https:\/\/secure.gravatar.com\/avatar\/ce5aadad84c2aeb36c9813c46e41a53b0c9cc1d57205e8cde4bdf0ed790b3c97\",\"contentUrl\":\"https:\/\/secure.gravatar.com\/avatar\/ce5aadad84c2aeb36c9813c46e41a53b0c9cc1d57205e8cde4bdf0ed790b3c97\",\"caption\":\"Equipo de Redacci\u00f3n\"},\"description\":\"Buscamos temas de tu inter\u00e9s. Te contamos c\u00f3mo pueden ayudarte en tu d\u00eda a d\u00eda los productos y servicios de Movistar. No queremos venderte nada. Queremos descubrirte cosas para hacerte la vida m\u00e1s f\u00e1cil.\",\"sameAs\":[\"https:\/\/www.movistar.es\/\",\"movistar.es\/\",\"https:\/\/www.instagram.com\/movistar_es\/?hl=es\",\"https:\/\/x.com\/movistar_es\"],\"knowsAbout\":[\"smartphones\",\"conectividad\",\"hogar digital\",\"ciberseguridad\"],\"url\":\"https:\/\/www.movistar.es\/blog\/author\/contentmovistar\/\"}]}<\/script>\n<!-- \/ Yoast SEO Premium plugin. -->","yoast_head_json":{"title":"Disfruta el Sevilla - Manchester City en Movistar Plus+","description":"El Sevilla - Manchester City ser\u00e1 el primer gran partido del f\u00fatbol europeo esta temporada y en juego est\u00e1 la Supercopa de Europa","robots":{"index":"index","follow":"follow","max-snippet":"max-snippet:-1","max-image-preview":"max-image-preview:large","max-video-preview":"max-video-preview:-1"},"canonical":"https:\/\/www.movistar.es\/blog\/movistar-plus\/sevilla-manchester-city-movistar-plus\/","og_locale":"es_ES","og_type":"article","og_title":"Disfruta el Sevilla - Manchester City en Movistar Plus+","og_description":"El Sevilla - Manchester City ser\u00e1 el primer gran partido del f\u00fatbol europeo esta temporada y en juego est\u00e1 la Supercopa de Europa","og_url":"https:\/\/www.movistar.es\/blog\/movistar-plus\/sevilla-manchester-city-movistar-plus\/","og_site_name":"Movistar blog","article_author":"movistar.es\/","article_published_time":"2023-08-03T07:00:00+00:00","article_modified_time":"2023-08-17T09:30:01+00:00","og_image":[{"width":988,"height":556,"url":"https:\/\/www.movistar.es\/blog\/wp-content\/uploads\/sites\/3\/2023\/08\/scup_badges.jpg","type":"image\/jpeg"}],"author":"Equipo de Redacci\u00f3n","twitter_card":"summary_large_image","twitter_creator":"@movistar_es","twitter_misc":{"Written by":"Equipo de Redacci\u00f3n","Est. reading time":"4 minutos"},"schema":{"@context":"https:\/\/schema.org","@graph":[{"@type":"Article","@id":"https:\/\/www.movistar.es\/blog\/movistar-plus\/sevilla-manchester-city-movistar-plus\/#article","isPartOf":{"@id":"https:\/\/www.movistar.es\/blog\/movistar-plus\/sevilla-manchester-city-movistar-plus\/"},"author":{"name":"Equipo de Redacci\u00f3n","@id":"https:\/\/www.movistar.es\/blog\/#\/schema\/person\/6184006f5def4638e52e2d0ff98bd55a"},"headline":"Disfruta el Sevilla &#8211; Manchester City en Movistar Plus+","datePublished":"2023-08-03T07:00:00+00:00","dateModified":"2023-08-17T09:30:01+00:00","mainEntityOfPage":{"@id":"https:\/\/www.movistar.es\/blog\/movistar-plus\/sevilla-manchester-city-movistar-plus\/"},"wordCount":684,"publisher":{"@id":"https:\/\/www.movistar.es\/blog\/#organization"},"image":{"@id":"https:\/\/www.movistar.es\/blog\/movistar-plus\/sevilla-manchester-city-movistar-plus\/#primaryimage"},"thumbnailUrl":"https:\/\/www.movistar.es\/blog\/wp-content\/uploads\/sites\/3\/2023\/08\/scup_badges.jpg","inLanguage":"es"},{"@type":"WebPage","@id":"https:\/\/www.movistar.es\/blog\/movistar-plus\/sevilla-manchester-city-movistar-plus\/","url":"https:\/\/www.movistar.es\/blog\/movistar-plus\/sevilla-manchester-city-movistar-plus\/","name":"Disfruta el Sevilla - Manchester City en Movistar Plus+","isPartOf":{"@id":"https:\/\/www.movistar.es\/blog\/#website"},"primaryImageOfPage":{"@id":"https:\/\/www.movistar.es\/blog\/movistar-plus\/sevilla-manchester-city-movistar-plus\/#primaryimage"},"image":{"@id":"https:\/\/www.movistar.es\/blog\/movistar-plus\/sevilla-manchester-city-movistar-plus\/#primaryimage"},"thumbnailUrl":"https:\/\/www.movistar.es\/blog\/wp-content\/uploads\/sites\/3\/2023\/08\/scup_badges.jpg","datePublished":"2023-08-03T07:00:00+00:00","dateModified":"2023-08-17T09:30:01+00:00","description":"El Sevilla - Manchester City ser\u00e1 el primer gran partido del f\u00fatbol europeo esta temporada y en juego est\u00e1 la Supercopa de Europa","breadcrumb":{"@id":"https:\/\/www.movistar.es\/blog\/movistar-plus\/sevilla-manchester-city-movistar-plus\/#breadcrumb"},"inLanguage":"es","potentialAction":[{"@type":"ReadAction","target":["https:\/\/www.movistar.es\/blog\/movistar-plus\/sevilla-manchester-city-movistar-plus\/"]}]},{"@type":"ImageObject","inLanguage":"es","@id":"https:\/\/www.movistar.es\/blog\/movistar-plus\/sevilla-manchester-city-movistar-plus\/#primaryimage","url":"https:\/\/www.movistar.es\/blog\/wp-content\/uploads\/sites\/3\/2023\/08\/scup_badges.jpg","contentUrl":"https:\/\/www.movistar.es\/blog\/wp-content\/uploads\/sites\/3\/2023\/08\/scup_badges.jpg","width":988,"height":556,"caption":"Sevilla - Manchester City juegan la Supercopa de Europa"},{"@type":"BreadcrumbList","@id":"https:\/\/www.movistar.es\/blog\/movistar-plus\/sevilla-manchester-city-movistar-plus\/#breadcrumb","itemListElement":[{"@type":"ListItem","position":1,"name":"Home","item":"https:\/\/www.movistar.es\/blog\/"},{"@type":"ListItem","position":2,"name":"Disfruta el Sevilla &#8211; Manchester City en Movistar Plus+"}]},{"@type":"WebSite","@id":"https:\/\/www.movistar.es\/blog\/#website","url":"https:\/\/www.movistar.es\/blog\/","name":"Movistar blog","description":"Movistar Blog. Informaci\u00f3n y m\u00e1s sobre los productos y servicios de Movistar","publisher":{"@id":"https:\/\/www.movistar.es\/blog\/#organization"},"potentialAction":[{"@type":"SearchAction","target":{"@type":"EntryPoint","urlTemplate":"https:\/\/www.movistar.es\/blog\/?s={search_term_string}"},"query-input":{"@type":"PropertyValueSpecification","valueRequired":true,"valueName":"search_term_string"}}],"inLanguage":"es"},{"@type":"Organization","@id":"https:\/\/www.movistar.es\/blog\/#organization","name":"Movistar blog","url":"https:\/\/www.movistar.es\/blog\/","logo":{"@type":"ImageObject","inLanguage":"es","@id":"https:\/\/www.movistar.es\/blog\/#\/schema\/logo\/image\/","url":"https:\/\/www.movistar.es\/blog\/wp-content\/uploads\/sites\/3\/2022\/05\/logo_movistar-1.svg","contentUrl":"https:\/\/www.movistar.es\/blog\/wp-content\/uploads\/sites\/3\/2022\/05\/logo_movistar-1.svg","width":369,"height":272,"caption":"Movistar blog"},"image":{"@id":"https:\/\/www.movistar.es\/blog\/#\/schema\/logo\/image\/"}},{"@type":"Person","@id":"https:\/\/www.movistar.es\/blog\/#\/schema\/person\/6184006f5def4638e52e2d0ff98bd55a","name":"Equipo de Redacci\u00f3n","image":{"@type":"ImageObject","inLanguage":"es","@id":"https:\/\/www.movistar.es\/blog\/#\/schema\/person\/image\/8dbf7dc767c23aa5f974d575dda930c5","url":"https:\/\/secure.gravatar.com\/avatar\/ce5aadad84c2aeb36c9813c46e41a53b0c9cc1d57205e8cde4bdf0ed790b3c97","contentUrl":"https:\/\/secure.gravatar.com\/avatar\/ce5aadad84c2aeb36c9813c46e41a53b0c9cc1d57205e8cde4bdf0ed790b3c97","caption":"Equipo de Redacci\u00f3n"},"description":"Buscamos temas de tu inter\u00e9s. Te contamos c\u00f3mo pueden ayudarte en tu d\u00eda a d\u00eda los productos y servicios de Movistar. No queremos venderte nada. Queremos descubrirte cosas para hacerte la vida m\u00e1s f\u00e1cil.","sameAs":["https:\/\/www.movistar.es\/","movistar.es\/","https:\/\/www.instagram.com\/movistar_es\/?hl=es","https:\/\/x.com\/movistar_es"],"knowsAbout":["smartphones","conectividad","hogar digital","ciberseguridad"],"url":"https:\/\/www.movistar.es\/blog\/author\/contentmovistar\/"}]}},"jetpack_featured_media_url":"https:\/\/www.movistar.es\/blog\/wp-content\/uploads\/sites\/3\/2023\/08\/scup_badges.jpg","jetpack_sharing_enabled":true,"_links":{"self":[{"href":"https:\/\/www.movistar.es\/blog\/wp-json\/wp\/v2\/posts\/16023","targetHints":{"allow":["GET"]}}],"collection":[{"href":"https:\/\/www.movistar.es\/blog\/wp-json\/wp\/v2\/posts"}],"about":[{"href":"https:\/\/www.movistar.es\/blog\/wp-json\/wp\/v2\/types\/post"}],"author":[{"embeddable":true,"href":"https:\/\/www.movistar.es\/blog\/wp-json\/wp\/v2\/users\/93"}],"replies":[{"embeddable":true,"href":"https:\/\/www.movistar.es\/blog\/wp-json\/wp\/v2\/comments?post=16023"}],"version-history":[{"count":11,"href":"https:\/\/www.movistar.es\/blog\/wp-json\/wp\/v2\/posts\/16023\/revisions"}],"predecessor-version":[{"id":16345,"href":"https:\/\/www.movistar.es\/blog\/wp-json\/wp\/v2\/posts\/16023\/revisions\/16345"}],"wp:featuredmedia":[{"embeddable":true,"href":"https:\/\/www.movistar.es\/blog\/wp-json\/wp\/v2\/media\/16021"}],"wp:attachment":[{"href":"https:\/\/www.movistar.es\/blog\/wp-json\/wp\/v2\/media?parent=16023"}],"wp:term":[{"taxonomy":"category","embeddable":true,"href":"https:\/\/www.movistar.es\/blog\/wp-json\/wp\/v2\/categories?post=16023"},{"taxonomy":"post_tag","embeddable":true,"href":"https:\/\/www.movistar.es\/blog\/wp-json\/wp\/v2\/tags?post=16023"},{"taxonomy":"area","embeddable":true,"href":"https:\/\/www.movistar.es\/blog\/wp-json\/wp\/v2\/area?post=16023"},{"taxonomy":"cluster","embeddable":true,"href":"https:\/\/www.movistar.es\/blog\/wp-json\/wp\/v2\/cluster?post=16023"},{"taxonomy":"linea_editorial","embeddable":true,"href":"https:\/\/www.movistar.es\/blog\/wp-json\/wp\/v2\/linea_editorial?post=16023"},{"taxonomy":"author","embeddable":true,"href":"https:\/\/www.movistar.es\/blog\/wp-json\/wp\/v2\/coauthors?post=16023"}],"curies":[{"name":"wp","href":"https:\/\/api.w.org\/{rel}","templated":true}]}}