{"id":15707,"date":"2023-07-25T08:29:05","date_gmt":"2023-07-25T06:29:05","guid":{"rendered":"https:\/\/www.movistar.es\/blog\/?p=15707"},"modified":"2023-09-01T16:05:37","modified_gmt":"2023-09-01T14:05:37","slug":"cuantas-champions-tiene-el-barca-final-wembley","status":"publish","type":"post","link":"https:\/\/www.movistar.es\/blog\/movistar-plus\/cuantas-champions-tiene-el-barca-final-wembley\/","title":{"rendered":"Cu\u00e1ntas Champions tiene el Bar\u00e7a: Repasamos su hist\u00f3rica final en Wembley"},"content":{"rendered":"\n<p>El <strong>F\u00fatbol Club Barcelona<\/strong>, uno de los clubes m\u00e1s ic\u00f3nicos y exitosos de la historia del f\u00fatbol, ha dejado una profunda huella en el panorama deportivo europeo. A lo largo de los a\u00f1os, el Bar\u00e7a ha conquistado varios t\u00edtulos, pero uno de los logros m\u00e1s destacados y recordados es su \u00e9xito en la <strong>UEFA Champions League<\/strong>. Pero, <strong>\u00bfcu\u00e1ntas <a href=\"https:\/\/www.movistar.es\/blog\/movistar-plus\/cuando-es-la-final-champions-movistar-plus\/\" target=\"_blank\" rel=\"noreferrer noopener\">Champions<\/a> tiene el Bar\u00e7a?<\/strong><\/p>\n\n\n\n<p>En este art\u00edculo, haremos un repaso a todas las Champions que el Barcelona ha ganado en su rica historia, y nos centraremos en la <strong>hist\u00f3rica final en Wembley contra la Sampdoria en 1992<\/strong>.<\/p>\n\n\n\n<h2 class=\"wp-block-heading\" class=\"wp-block-heading\" id=\"la-historica-final-de-champions-del-barca-en-wembley\">La hist\u00f3rica final de Champions del Bar\u00e7a en Wembley<\/h2>\n\n\n\n<p>Si repasamos cu\u00e1ntas Champions tiene el Bar\u00e7a, tenemos que hablar de su legendaria final en Wembley, donde el equipo consigui\u00f3 levantar su primer trofeo en la temporada 1991\/1992 frente a la<strong> Sampdoria<\/strong>. Y es que estamos hablando de un partido absolutamente hist\u00f3rico.<\/p>\n\n\n\n<p>Aquella noche llena de emociones y drama futbol\u00edstico, el F\u00fatbol Club Barcelona escribi\u00f3 una p\u00e1gina dorada en su historia al conquistar su primera UEFA Champions League. La catedral del f\u00fatbol, el m\u00edtico estadio de <strong>Wembley<\/strong> en Londres, fue el escenario donde se librar\u00eda una batalla \u00e9pica entre el Bar\u00e7a y la Sampdoria.&nbsp;<\/p>\n\n\n\n<p>El mundo entero fue testigo de una final que mantuvo a los aficionados al filo de sus asientos durante los 90 minutos reglamentarios y una ag\u00f3nica pr\u00f3rroga. La defensa de la Sampdoria, liderada por el implacable <strong>Mancini<\/strong>, hizo gala de su fortaleza y habilidad para frustrar los embates de la artiller\u00eda blaugrana. Sin embargo, el Bar\u00e7a no se dio por vencido y, liderados por el visionario<strong> Johan Cruyff <\/strong>en el banquillo, continuaron buscando el camino hacia la gloria.<\/p>\n\n\n\n<p>El talento desbordante de jugadores como<strong> Josep Guardiola, Michael Laudrup y Ronald Koeman<\/strong> tejieron una sinfon\u00eda futbol\u00edstica que hipnotiz\u00f3 a los presentes. Pero a pesar de los intentos de ambos equipos, el marcador permaneci\u00f3 imperturbable.<\/p>\n\n\n\n<h3 class=\"wp-block-heading\" id=\"h-una-tanda-de-penaltis-para-la-historia\">Una tanda de penaltis para la historia<\/h3>\n\n\n\n<p>Con el alargue llegando a su fin, se hizo evidente que solo los nervios de acero y la valent\u00eda marcar\u00edan la diferencia entre la victoria y la derrota. Y as\u00ed, las miradas se dirigieron a la fat\u00eddica tanda de penaltis.<\/p>\n\n\n\n<p>Y entonces, el momento culminante lleg\u00f3: el capit\u00e1n cul\u00e9,<strong> Josep Guardiola<\/strong>, tom\u00f3 el bal\u00f3n y marc\u00f3 con seguridad el primer gol de la tanda. La Sampdoria respondi\u00f3 con precisi\u00f3n, igualando el marcador. As\u00ed comenz\u00f3 un duelo tit\u00e1nico desde los once metros, con cada lanzador superando la presi\u00f3n con destreza y temple.<\/p>\n\n\n\n<figure class=\"wp-block-image size-large\"><img loading=\"lazy\" decoding=\"async\" height=\"639\" width=\"1024\" src=\"https:\/\/www.movistar.es\/blog\/wp-content\/uploads\/sites\/3\/2023\/07\/e66c31b6-a0e2-4283-a22a-18aa19572231_alta-libre-aspect-ratio_default_0.jpg?w=1024\" alt=\"cu\u00e1ntas champions tiene el bar\u00e7a\" class=\"wp-image-15713\" srcset=\"https:\/\/www.movistar.es\/blog\/wp-content\/uploads\/sites\/3\/2023\/07\/e66c31b6-a0e2-4283-a22a-18aa19572231_alta-libre-aspect-ratio_default_0.jpg 1200w, https:\/\/www.movistar.es\/blog\/wp-content\/uploads\/sites\/3\/2023\/07\/e66c31b6-a0e2-4283-a22a-18aa19572231_alta-libre-aspect-ratio_default_0.jpg?resize=300,187 300w, https:\/\/www.movistar.es\/blog\/wp-content\/uploads\/sites\/3\/2023\/07\/e66c31b6-a0e2-4283-a22a-18aa19572231_alta-libre-aspect-ratio_default_0.jpg?resize=768,479 768w, https:\/\/www.movistar.es\/blog\/wp-content\/uploads\/sites\/3\/2023\/07\/e66c31b6-a0e2-4283-a22a-18aa19572231_alta-libre-aspect-ratio_default_0.jpg?resize=1024,639 1024w\" sizes=\"auto, (max-width: 1024px) 100vw, 1024px\" \/><\/figure>\n\n\n\n<p>Pero fue el destino el que reserv\u00f3 un papel estelar para el arquero del Bar\u00e7a, <strong><a href=\"https:\/\/players.fcbarcelona.com\/es\/jugador\/961-zubizarreta-andoni-zubizarreta-urreta\" target=\"_blank\" rel=\"noreferrer noopener\">Andoni Zubizarreta<\/a><\/strong>. Con la gloria a un solo disparo, Zubizarreta se creci\u00f3 bajo los tres palos, atajando con reflejos felinos el penalti crucial de Roberto Mancini.<\/p>\n\n\n\n<p>La emoci\u00f3n fue incontenible mientras los jugadores blaugranas celebraban el logro de una vida, levantando la famosa \u00abOrejona\u00bb en el cielo nocturno de Londres. El Bar\u00e7a hab\u00eda escrito un cap\u00edtulo legendario en su trayectoria, dejando una huella imborrable en la historia del f\u00fatbol. La respuesta a cu\u00e1ntas Champions tiene el Bar\u00e7a no ser\u00eda la misma sin esta noche en Wembley para el recuerdo.<\/p>\n\n\n\n<h2 class=\"wp-block-heading\" class=\"wp-block-heading\" id=\"cuantas-champions-tiene-el-barca\">\u00bfCu\u00e1ntas Champions tiene el Bar\u00e7a?<\/h2>\n\n\n\n<p>Si te est\u00e1s preguntando cu\u00e1ntas Champions tiene el Bar\u00e7a, la respuesta es sencilla. Y es que el conjunto blaugrana cuenta en su palmar\u00e9s con un total de <strong>5<\/strong>. De esta forma, se convierte en el quinto equipo con m\u00e1s Champions en su haber, por detr\u00e1s de <strong><a href=\"https:\/\/www.movistar.es\/blog\/movistar-plus\/real-madrid-fc-barcelona-primer-clasico\/\" target=\"_blank\" rel=\"noreferrer noopener\">Real Madrid<\/a>, AC Milan, Liverpool y Bayern de M\u00fanich<\/strong>, en ese orden.<\/p>\n\n\n\n<p>Como hemos visto, el Barcelona gan\u00f3 su primera UEFA Champions League en la temporada <strong>1991-1992<\/strong>. En la hist\u00f3rica final disputada en el estadio de <strong><a href=\"https:\/\/londonpass.com\/es-us\/blog\/datos-curiosos-sobre-el-estadio-de-wembley\" target=\"_blank\" rel=\"noreferrer noopener\">Wembley<\/a><\/strong>, Londres, el Barcelona se enfrent\u00f3 a la <strong>Sampdoria<\/strong> de Italia. Despu\u00e9s de un empate sin goles en el tiempo reglamentario y la pr\u00f3rroga, el Barcelona se impuso 5-4 en la tanda de penaltis, con<strong> Andoni Zubizarreta<\/strong> como h\u00e9roe al detener el decisivo disparo de <strong>Roberto Mancini<\/strong>.<\/p>\n\n\n\n<p>Para ganar su siguiente Champions, el Bar\u00e7a tuvo que esperar hasta la temporada <strong>2005-2006<\/strong>. En aquella ocasi\u00f3n, el Barcelona se enfrent\u00f3 al<strong> Arsenal <\/strong>ingl\u00e9s en el Stade de France, Par\u00eds. El Arsenal se adelant\u00f3 temprano con un gol de <strong>Sol Campbell<\/strong>, pero el Barcelona empat\u00f3 gracias a <strong>Samuel Eto&#8217;o<\/strong>. A pesar de quedar con un jugador menos por la expulsi\u00f3n de Jens Lehmann en Arsenal, el Barcelona se llev\u00f3 la victoria con un gol de <strong>Belletti <\/strong>y otro de <strong>Juliano Belletti <\/strong>para ganar 2-1.<\/p>\n\n\n\n<h3 class=\"wp-block-heading\" id=\"h-cuantas-champions-tiene-el-barca-la-epoca-dorada\">Cu\u00e1ntas Champions tiene el Bar\u00e7a: la \u00e9poca dorada<\/h3>\n\n\n\n<p>En su tercera Champions, el Barcelona se midi\u00f3 al <strong>Manchester United<\/strong> en la final de la UEFA Champions League 2008-2009 en el Estadio Ol\u00edmpico de Roma.<strong> Samuel Eto&#8217;o <\/strong>abri\u00f3 el marcador para el Barcelona, y<strong> Lionel Messi <\/strong>anot\u00f3 el segundo gol. Aunque <strong>Cristiano Ronaldo<\/strong> descont\u00f3 para el Manchester United, el Barcelona se coron\u00f3 campe\u00f3n con un 2-0 final.<\/p>\n\n\n\n<p>En la final de la UEFA Champions League 2010-2011, el Barcelona y el Manchester United se enfrentaron nuevamente, esta vez en el Estadio de Wembley. <strong>Pedro Rodr\u00edguez, Lionel Messi y David Villa<\/strong> marcaron para el Barcelona, mientras que Wayne Rooney descont\u00f3 para el Manchester United. El Barcelona gan\u00f3 3-1 y se llev\u00f3 su cuarta Champions League.<\/p>\n\n\n\n<figure class=\"wp-block-image size-large\"><img loading=\"lazy\" decoding=\"async\" height=\"576\" width=\"1024\" src=\"https:\/\/www.movistar.es\/blog\/wp-content\/uploads\/sites\/3\/2023\/07\/Estos-son-todos-los-titulos-que-Lionel-Messi-gano-con-Barcelona-.jpg?w=1024\" alt=\"cu\u00e1ntas champions tiene el bar\u00e7a\" class=\"wp-image-15712\" srcset=\"https:\/\/www.movistar.es\/blog\/wp-content\/uploads\/sites\/3\/2023\/07\/Estos-son-todos-los-titulos-que-Lionel-Messi-gano-con-Barcelona-.jpg 1280w, https:\/\/www.movistar.es\/blog\/wp-content\/uploads\/sites\/3\/2023\/07\/Estos-son-todos-los-titulos-que-Lionel-Messi-gano-con-Barcelona-.jpg?resize=300,169 300w, https:\/\/www.movistar.es\/blog\/wp-content\/uploads\/sites\/3\/2023\/07\/Estos-son-todos-los-titulos-que-Lionel-Messi-gano-con-Barcelona-.jpg?resize=768,432 768w, https:\/\/www.movistar.es\/blog\/wp-content\/uploads\/sites\/3\/2023\/07\/Estos-son-todos-los-titulos-que-Lionel-Messi-gano-con-Barcelona-.jpg?resize=1024,576 1024w\" sizes=\"auto, (max-width: 1024px) 100vw, 1024px\" \/><\/figure>\n\n\n\n<p>Por \u00faltimo, para ganar su quinta Champions, el Bar\u00e7a se midi\u00f3 a la <strong>Juventus<\/strong> en el Estadio Ol\u00edmpico de Berl\u00edn en la final de la UEFA Champions League 2014-2015. Ivan Rakiti\u0107 abri\u00f3 el marcador para el Barcelona, pero Morata empat\u00f3 para la Juventus. Sin embargo, goles de <strong>Luis Su\u00e1rez y Neymar <\/strong>sellaron el 3-1 final a favor del Barcelona, que logr\u00f3 su quinta Champions League.<\/p>\n\n\n\n<p>Ahora que hemos repasado cu\u00e1ntas Champions tiene el Bar\u00e7a, ha llegado el momento de repasar su hist\u00f3rica final en Wembley contra la Sampdoria. Si quieres conocer sus detalles, sigue leyendo.<\/p>\n\n\n\n<h2 class=\"wp-block-heading\" id=\"h-vive-el-mejor-futbol-con-movistar-plus\">Vive el mejor f\u00fatbol con Movistar Plus+<\/h2>\n\n\n\n<p>Despu\u00e9s de ver cu\u00e1ntas Champions tiene el Bar\u00e7a, no nos cabe duda de que, antes o despu\u00e9s, los cul\u00e9s volver\u00e1n a levantar otra \u2018\u2019Orejona\u2019\u2019. Y para cuando esto suceda, no hay mejor lugar para verlo que <strong><a href=\"https:\/\/web.movistar.es\/particulares\/promociones\/movistar-ilimitado-esencial-futbol\" target=\"_blank\" rel=\"noreferrer noopener\">Movistar Plus+<\/a><\/strong>, la casa del f\u00fatbol y del <a href=\"https:\/\/www.movistar.es\/blog\/movistar-plus\/tour-de-francia-en-directo-movistar\/\" target=\"_blank\" rel=\"noreferrer noopener\">deporte<\/a>.<\/p>\n\n\n\n<figure class=\"wp-block-embed is-type-video is-provider-youtube wp-block-embed-youtube wp-embed-aspect-16-9 wp-has-aspect-ratio\"><div class=\"wp-block-embed__wrapper\">\nhttps:\/\/youtu.be\/P_mCAXMod-c\n<\/div><\/figure>\n\n\n\n<p>Ahora, si quieres disfrutar del mejor f\u00fatbol, Movistar Plus+ ofrece a sus clientes tres paquetes distintos: <strong>Toda LALIGA EA SPORTS <\/strong>(1\u00aa Divisi\u00f3n),<strong> Champions y Europa League<\/strong>, y <strong>Todo el F\u00fatbol<\/strong>.<\/p>\n\n\n\n<p>El paquete de LALIGA EA Sports incluye <strong>tres jornadas completas<\/strong> en exclusiva, as\u00ed como transmisiones a trav\u00e9s de los canales LALIGA y DAZN Laliga. Por otro lado, el paquete Champions y Europa League te acerca a la cobertura de la UEFA Champions League, la UEFA Europa League y las mejores ligas internacionales. Mientras que el paquete Todo el F\u00fatbol te brinda la combinaci\u00f3n perfecta con la cobertura de <strong>LALIGA EA Sports, LALIGA Hypermotion, Champions, Europa League, ligas internacionales y Copa del Rey<\/strong>.<\/p>\n\n\n\n<p>No esperes m\u00e1s y comienza a disfrutar del f\u00fatbol como te lo mereces. Con <strong><a href=\"https:\/\/web.movistar.es\/particulares\/promociones\/movistar-ilimitado-esencial-futbol\" target=\"_blank\" rel=\"noreferrer noopener\">Movistar Plus+<\/a><\/strong>, vivir\u00e1s la pasi\u00f3n del f\u00fatbol como nunca antes. Sintoniza y no te pierdas ni un solo gol.<\/p>\n","protected":false},"excerpt":{"rendered":"<p>El F\u00fatbol Club Barcelona, uno de los clubes m\u00e1s ic\u00f3nicos y exitosos de la historia del f\u00fatbol, ha dejado una profunda huella en el panorama deportivo europeo. A lo largo de los a\u00f1os, el Bar\u00e7a [&hellip;]<\/p>\n","protected":false},"author":93,"featured_media":15709,"comment_status":"closed","ping_status":"closed","sticky":false,"template":"","format":"standard","meta":{"site-sidebar-layout":"default","site-content-layout":"","ast-site-content-layout":"","site-content-style":"default","site-sidebar-style":"default","ast-global-header-display":"","ast-banner-title-visibility":"","ast-main-header-display":"","ast-hfb-above-header-display":"","ast-hfb-below-header-display":"","ast-hfb-mobile-header-display":"","site-post-title":"","ast-breadcrumbs-content":"","ast-featured-img":"","footer-sml-layout":"","theme-transparent-header-meta":"","adv-header-id-meta":"","stick-header-meta":"","header-above-stick-meta":"","header-main-stick-meta":"","header-below-stick-meta":"","astra-migrate-meta-layouts":"default","ast-page-background-enabled":"default","ast-page-background-meta":{"desktop":{"background-color":"var(--ast-global-color-4)","background-image":"","background-repeat":"repeat","background-position":"center center","background-size":"auto","background-attachment":"scroll","background-type":"","background-media":"","overlay-type":"","overlay-color":"","overlay-opacity":"","overlay-gradient":""},"tablet":{"background-color":"","background-image":"","background-repeat":"repeat","background-position":"center center","background-size":"auto","background-attachment":"scroll","background-type":"","background-media":"","overlay-type":"","overlay-color":"","overlay-opacity":"","overlay-gradient":""},"mobile":{"background-color":"","background-image":"","background-repeat":"repeat","background-position":"center center","background-size":"auto","background-attachment":"scroll","background-type":"","background-media":"","overlay-type":"","overlay-color":"","overlay-opacity":"","overlay-gradient":""}},"ast-content-background-meta":{"desktop":{"background-color":"var(--ast-global-color-5)","background-image":"","background-repeat":"repeat","background-position":"center center","background-size":"auto","background-attachment":"scroll","background-type":"","background-media":"","overlay-type":"","overlay-color":"","overlay-opacity":"","overlay-gradient":""},"tablet":{"background-color":"var(--ast-global-color-5)","background-image":"","background-repeat":"repeat","background-position":"center center","background-size":"auto","background-attachment":"scroll","background-type":"","background-media":"","overlay-type":"","overlay-color":"","overlay-opacity":"","overlay-gradient":""},"mobile":{"background-color":"var(--ast-global-color-5)","background-image":"","background-repeat":"repeat","background-position":"center center","background-size":"auto","background-attachment":"scroll","background-type":"","background-media":"","overlay-type":"","overlay-color":"","overlay-opacity":"","overlay-gradient":""}},"_jetpack_memberships_contains_paid_content":false,"footnotes":""},"categories":[1],"tags":[],"area":[427],"cluster":[45],"linea_editorial":[],"coauthors":[467],"class_list":["post-15707","post","type-post","status-publish","format-standard","has-post-thumbnail","hentry","category-sin-categoria","area-gametv","cluster-movistar-plus"],"yoast_head":"<!-- This site is optimized with the Yoast SEO Premium plugin v25.5 (Yoast SEO v25.5) - https:\/\/yoast.com\/wordpress\/plugins\/seo\/ -->\n<title>Cu\u00e1ntas Champions tiene el Bar\u00e7a: Repasamos su final en Wembley<\/title>\n<meta name=\"description\" content=\"Repasamos cu\u00e1ntas Champions tiene el Bar\u00e7a y recordamos su emblem\u00e1tica final en Wembley contra la Sampdoria.\" \/>\n<meta name=\"robots\" content=\"index, follow, max-snippet:-1, max-image-preview:large, max-video-preview:-1\" \/>\n<link rel=\"canonical\" href=\"https:\/\/www.movistar.es\/blog\/movistar-plus\/cuantas-champions-tiene-el-barca-final-wembley\/\" \/>\n<meta property=\"og:locale\" content=\"es_ES\" \/>\n<meta property=\"og:type\" content=\"article\" \/>\n<meta property=\"og:title\" content=\"Cu\u00e1ntas Champions tiene el Bar\u00e7a: Repasamos su hist\u00f3rica final en Wembley\" \/>\n<meta property=\"og:description\" content=\"Repasamos cu\u00e1ntas Champions tiene el Bar\u00e7a y recordamos su emblem\u00e1tica final en Wembley contra la Sampdoria.\" \/>\n<meta property=\"og:url\" content=\"https:\/\/www.movistar.es\/blog\/movistar-plus\/cuantas-champions-tiene-el-barca-final-wembley\/\" \/>\n<meta property=\"og:site_name\" content=\"Movistar blog\" \/>\n<meta property=\"article:author\" content=\"movistar.es\/\" \/>\n<meta property=\"article:published_time\" content=\"2023-07-25T06:29:05+00:00\" \/>\n<meta property=\"article:modified_time\" content=\"2023-09-01T14:05:37+00:00\" \/>\n<meta property=\"og:image\" content=\"https:\/\/www.movistar.es\/blog\/wp-content\/uploads\/sites\/3\/2023\/07\/fde3db24-3672-47fb-915b-81028bc9ce8d_alta-libre-aspect-ratio_default_0.jpg\" \/>\n\t<meta property=\"og:image:width\" content=\"1200\" \/>\n\t<meta property=\"og:image:height\" content=\"618\" \/>\n\t<meta property=\"og:image:type\" content=\"image\/jpeg\" \/>\n<meta name=\"author\" content=\"Equipo de Redacci\u00f3n\" \/>\n<meta name=\"twitter:card\" content=\"summary_large_image\" \/>\n<meta name=\"twitter:creator\" content=\"@movistar_es\" \/>\n<meta name=\"twitter:label1\" content=\"Written by\" \/>\n\t<meta name=\"twitter:data1\" content=\"Equipo de Redacci\u00f3n\" \/>\n\t<meta name=\"twitter:label2\" content=\"Est. reading time\" \/>\n\t<meta name=\"twitter:data2\" content=\"6 minutos\" \/>\n<script type=\"application\/ld+json\" class=\"yoast-schema-graph\">{\"@context\":\"https:\/\/schema.org\",\"@graph\":[{\"@type\":\"Article\",\"@id\":\"https:\/\/www.movistar.es\/blog\/movistar-plus\/cuantas-champions-tiene-el-barca-final-wembley\/#article\",\"isPartOf\":{\"@id\":\"https:\/\/www.movistar.es\/blog\/movistar-plus\/cuantas-champions-tiene-el-barca-final-wembley\/\"},\"author\":{\"name\":\"Equipo de Redacci\u00f3n\",\"@id\":\"https:\/\/www.movistar.es\/blog\/#\/schema\/person\/6184006f5def4638e52e2d0ff98bd55a\"},\"headline\":\"Cu\u00e1ntas Champions tiene el Bar\u00e7a: Repasamos su hist\u00f3rica final en Wembley\",\"datePublished\":\"2023-07-25T06:29:05+00:00\",\"dateModified\":\"2023-09-01T14:05:37+00:00\",\"mainEntityOfPage\":{\"@id\":\"https:\/\/www.movistar.es\/blog\/movistar-plus\/cuantas-champions-tiene-el-barca-final-wembley\/\"},\"wordCount\":1258,\"publisher\":{\"@id\":\"https:\/\/www.movistar.es\/blog\/#organization\"},\"image\":{\"@id\":\"https:\/\/www.movistar.es\/blog\/movistar-plus\/cuantas-champions-tiene-el-barca-final-wembley\/#primaryimage\"},\"thumbnailUrl\":\"https:\/\/www.movistar.es\/blog\/wp-content\/uploads\/sites\/3\/2023\/07\/fde3db24-3672-47fb-915b-81028bc9ce8d_alta-libre-aspect-ratio_default_0.jpg\",\"inLanguage\":\"es\"},{\"@type\":\"WebPage\",\"@id\":\"https:\/\/www.movistar.es\/blog\/movistar-plus\/cuantas-champions-tiene-el-barca-final-wembley\/\",\"url\":\"https:\/\/www.movistar.es\/blog\/movistar-plus\/cuantas-champions-tiene-el-barca-final-wembley\/\",\"name\":\"Cu\u00e1ntas Champions tiene el Bar\u00e7a: Repasamos su final en Wembley\",\"isPartOf\":{\"@id\":\"https:\/\/www.movistar.es\/blog\/#website\"},\"primaryImageOfPage\":{\"@id\":\"https:\/\/www.movistar.es\/blog\/movistar-plus\/cuantas-champions-tiene-el-barca-final-wembley\/#primaryimage\"},\"image\":{\"@id\":\"https:\/\/www.movistar.es\/blog\/movistar-plus\/cuantas-champions-tiene-el-barca-final-wembley\/#primaryimage\"},\"thumbnailUrl\":\"https:\/\/www.movistar.es\/blog\/wp-content\/uploads\/sites\/3\/2023\/07\/fde3db24-3672-47fb-915b-81028bc9ce8d_alta-libre-aspect-ratio_default_0.jpg\",\"datePublished\":\"2023-07-25T06:29:05+00:00\",\"dateModified\":\"2023-09-01T14:05:37+00:00\",\"description\":\"Repasamos cu\u00e1ntas Champions tiene el Bar\u00e7a y recordamos su emblem\u00e1tica final en Wembley contra la Sampdoria.\",\"breadcrumb\":{\"@id\":\"https:\/\/www.movistar.es\/blog\/movistar-plus\/cuantas-champions-tiene-el-barca-final-wembley\/#breadcrumb\"},\"inLanguage\":\"es\",\"potentialAction\":[{\"@type\":\"ReadAction\",\"target\":[\"https:\/\/www.movistar.es\/blog\/movistar-plus\/cuantas-champions-tiene-el-barca-final-wembley\/\"]}]},{\"@type\":\"ImageObject\",\"inLanguage\":\"es\",\"@id\":\"https:\/\/www.movistar.es\/blog\/movistar-plus\/cuantas-champions-tiene-el-barca-final-wembley\/#primaryimage\",\"url\":\"https:\/\/www.movistar.es\/blog\/wp-content\/uploads\/sites\/3\/2023\/07\/fde3db24-3672-47fb-915b-81028bc9ce8d_alta-libre-aspect-ratio_default_0.jpg\",\"contentUrl\":\"https:\/\/www.movistar.es\/blog\/wp-content\/uploads\/sites\/3\/2023\/07\/fde3db24-3672-47fb-915b-81028bc9ce8d_alta-libre-aspect-ratio_default_0.jpg\",\"width\":1200,\"height\":618,\"caption\":\"cu\u00e1ntas champions tiene el bar\u00e7a\"},{\"@type\":\"BreadcrumbList\",\"@id\":\"https:\/\/www.movistar.es\/blog\/movistar-plus\/cuantas-champions-tiene-el-barca-final-wembley\/#breadcrumb\",\"itemListElement\":[{\"@type\":\"ListItem\",\"position\":1,\"name\":\"Home\",\"item\":\"https:\/\/www.movistar.es\/blog\/\"},{\"@type\":\"ListItem\",\"position\":2,\"name\":\"Cu\u00e1ntas Champions tiene el Bar\u00e7a: Repasamos su hist\u00f3rica final en Wembley\"}]},{\"@type\":\"WebSite\",\"@id\":\"https:\/\/www.movistar.es\/blog\/#website\",\"url\":\"https:\/\/www.movistar.es\/blog\/\",\"name\":\"Movistar blog\",\"description\":\"Movistar Blog. Informaci\u00f3n y m\u00e1s sobre los productos y servicios de Movistar\",\"publisher\":{\"@id\":\"https:\/\/www.movistar.es\/blog\/#organization\"},\"potentialAction\":[{\"@type\":\"SearchAction\",\"target\":{\"@type\":\"EntryPoint\",\"urlTemplate\":\"https:\/\/www.movistar.es\/blog\/?s={search_term_string}\"},\"query-input\":{\"@type\":\"PropertyValueSpecification\",\"valueRequired\":true,\"valueName\":\"search_term_string\"}}],\"inLanguage\":\"es\"},{\"@type\":\"Organization\",\"@id\":\"https:\/\/www.movistar.es\/blog\/#organization\",\"name\":\"Movistar blog\",\"url\":\"https:\/\/www.movistar.es\/blog\/\",\"logo\":{\"@type\":\"ImageObject\",\"inLanguage\":\"es\",\"@id\":\"https:\/\/www.movistar.es\/blog\/#\/schema\/logo\/image\/\",\"url\":\"https:\/\/www.movistar.es\/blog\/wp-content\/uploads\/sites\/3\/2022\/05\/logo_movistar-1.svg\",\"contentUrl\":\"https:\/\/www.movistar.es\/blog\/wp-content\/uploads\/sites\/3\/2022\/05\/logo_movistar-1.svg\",\"width\":369,\"height\":272,\"caption\":\"Movistar blog\"},\"image\":{\"@id\":\"https:\/\/www.movistar.es\/blog\/#\/schema\/logo\/image\/\"}},{\"@type\":\"Person\",\"@id\":\"https:\/\/www.movistar.es\/blog\/#\/schema\/person\/6184006f5def4638e52e2d0ff98bd55a\",\"name\":\"Equipo de Redacci\u00f3n\",\"image\":{\"@type\":\"ImageObject\",\"inLanguage\":\"es\",\"@id\":\"https:\/\/www.movistar.es\/blog\/#\/schema\/person\/image\/8dbf7dc767c23aa5f974d575dda930c5\",\"url\":\"https:\/\/secure.gravatar.com\/avatar\/ce5aadad84c2aeb36c9813c46e41a53b0c9cc1d57205e8cde4bdf0ed790b3c97\",\"contentUrl\":\"https:\/\/secure.gravatar.com\/avatar\/ce5aadad84c2aeb36c9813c46e41a53b0c9cc1d57205e8cde4bdf0ed790b3c97\",\"caption\":\"Equipo de Redacci\u00f3n\"},\"description\":\"Buscamos temas de tu inter\u00e9s. Te contamos c\u00f3mo pueden ayudarte en tu d\u00eda a d\u00eda los productos y servicios de Movistar. No queremos venderte nada. Queremos descubrirte cosas para hacerte la vida m\u00e1s f\u00e1cil.\",\"sameAs\":[\"https:\/\/www.movistar.es\/\",\"movistar.es\/\",\"https:\/\/www.instagram.com\/movistar_es\/?hl=es\",\"https:\/\/x.com\/movistar_es\"],\"knowsAbout\":[\"smartphones\",\"conectividad\",\"hogar digital\",\"ciberseguridad\"],\"url\":\"https:\/\/www.movistar.es\/blog\/author\/contentmovistar\/\"}]}<\/script>\n<!-- \/ Yoast SEO Premium plugin. -->","yoast_head_json":{"title":"Cu\u00e1ntas Champions tiene el Bar\u00e7a: Repasamos su final en Wembley","description":"Repasamos cu\u00e1ntas Champions tiene el Bar\u00e7a y recordamos su emblem\u00e1tica final en Wembley contra la Sampdoria.","robots":{"index":"index","follow":"follow","max-snippet":"max-snippet:-1","max-image-preview":"max-image-preview:large","max-video-preview":"max-video-preview:-1"},"canonical":"https:\/\/www.movistar.es\/blog\/movistar-plus\/cuantas-champions-tiene-el-barca-final-wembley\/","og_locale":"es_ES","og_type":"article","og_title":"Cu\u00e1ntas Champions tiene el Bar\u00e7a: Repasamos su hist\u00f3rica final en Wembley","og_description":"Repasamos cu\u00e1ntas Champions tiene el Bar\u00e7a y recordamos su emblem\u00e1tica final en Wembley contra la Sampdoria.","og_url":"https:\/\/www.movistar.es\/blog\/movistar-plus\/cuantas-champions-tiene-el-barca-final-wembley\/","og_site_name":"Movistar blog","article_author":"movistar.es\/","article_published_time":"2023-07-25T06:29:05+00:00","article_modified_time":"2023-09-01T14:05:37+00:00","og_image":[{"width":1200,"height":618,"url":"https:\/\/www.movistar.es\/blog\/wp-content\/uploads\/sites\/3\/2023\/07\/fde3db24-3672-47fb-915b-81028bc9ce8d_alta-libre-aspect-ratio_default_0.jpg","type":"image\/jpeg"}],"author":"Equipo de Redacci\u00f3n","twitter_card":"summary_large_image","twitter_creator":"@movistar_es","twitter_misc":{"Written by":"Equipo de Redacci\u00f3n","Est. reading time":"6 minutos"},"schema":{"@context":"https:\/\/schema.org","@graph":[{"@type":"Article","@id":"https:\/\/www.movistar.es\/blog\/movistar-plus\/cuantas-champions-tiene-el-barca-final-wembley\/#article","isPartOf":{"@id":"https:\/\/www.movistar.es\/blog\/movistar-plus\/cuantas-champions-tiene-el-barca-final-wembley\/"},"author":{"name":"Equipo de Redacci\u00f3n","@id":"https:\/\/www.movistar.es\/blog\/#\/schema\/person\/6184006f5def4638e52e2d0ff98bd55a"},"headline":"Cu\u00e1ntas Champions tiene el Bar\u00e7a: Repasamos su hist\u00f3rica final en Wembley","datePublished":"2023-07-25T06:29:05+00:00","dateModified":"2023-09-01T14:05:37+00:00","mainEntityOfPage":{"@id":"https:\/\/www.movistar.es\/blog\/movistar-plus\/cuantas-champions-tiene-el-barca-final-wembley\/"},"wordCount":1258,"publisher":{"@id":"https:\/\/www.movistar.es\/blog\/#organization"},"image":{"@id":"https:\/\/www.movistar.es\/blog\/movistar-plus\/cuantas-champions-tiene-el-barca-final-wembley\/#primaryimage"},"thumbnailUrl":"https:\/\/www.movistar.es\/blog\/wp-content\/uploads\/sites\/3\/2023\/07\/fde3db24-3672-47fb-915b-81028bc9ce8d_alta-libre-aspect-ratio_default_0.jpg","inLanguage":"es"},{"@type":"WebPage","@id":"https:\/\/www.movistar.es\/blog\/movistar-plus\/cuantas-champions-tiene-el-barca-final-wembley\/","url":"https:\/\/www.movistar.es\/blog\/movistar-plus\/cuantas-champions-tiene-el-barca-final-wembley\/","name":"Cu\u00e1ntas Champions tiene el Bar\u00e7a: Repasamos su final en Wembley","isPartOf":{"@id":"https:\/\/www.movistar.es\/blog\/#website"},"primaryImageOfPage":{"@id":"https:\/\/www.movistar.es\/blog\/movistar-plus\/cuantas-champions-tiene-el-barca-final-wembley\/#primaryimage"},"image":{"@id":"https:\/\/www.movistar.es\/blog\/movistar-plus\/cuantas-champions-tiene-el-barca-final-wembley\/#primaryimage"},"thumbnailUrl":"https:\/\/www.movistar.es\/blog\/wp-content\/uploads\/sites\/3\/2023\/07\/fde3db24-3672-47fb-915b-81028bc9ce8d_alta-libre-aspect-ratio_default_0.jpg","datePublished":"2023-07-25T06:29:05+00:00","dateModified":"2023-09-01T14:05:37+00:00","description":"Repasamos cu\u00e1ntas Champions tiene el Bar\u00e7a y recordamos su emblem\u00e1tica final en Wembley contra la Sampdoria.","breadcrumb":{"@id":"https:\/\/www.movistar.es\/blog\/movistar-plus\/cuantas-champions-tiene-el-barca-final-wembley\/#breadcrumb"},"inLanguage":"es","potentialAction":[{"@type":"ReadAction","target":["https:\/\/www.movistar.es\/blog\/movistar-plus\/cuantas-champions-tiene-el-barca-final-wembley\/"]}]},{"@type":"ImageObject","inLanguage":"es","@id":"https:\/\/www.movistar.es\/blog\/movistar-plus\/cuantas-champions-tiene-el-barca-final-wembley\/#primaryimage","url":"https:\/\/www.movistar.es\/blog\/wp-content\/uploads\/sites\/3\/2023\/07\/fde3db24-3672-47fb-915b-81028bc9ce8d_alta-libre-aspect-ratio_default_0.jpg","contentUrl":"https:\/\/www.movistar.es\/blog\/wp-content\/uploads\/sites\/3\/2023\/07\/fde3db24-3672-47fb-915b-81028bc9ce8d_alta-libre-aspect-ratio_default_0.jpg","width":1200,"height":618,"caption":"cu\u00e1ntas champions tiene el bar\u00e7a"},{"@type":"BreadcrumbList","@id":"https:\/\/www.movistar.es\/blog\/movistar-plus\/cuantas-champions-tiene-el-barca-final-wembley\/#breadcrumb","itemListElement":[{"@type":"ListItem","position":1,"name":"Home","item":"https:\/\/www.movistar.es\/blog\/"},{"@type":"ListItem","position":2,"name":"Cu\u00e1ntas Champions tiene el Bar\u00e7a: Repasamos su hist\u00f3rica final en Wembley"}]},{"@type":"WebSite","@id":"https:\/\/www.movistar.es\/blog\/#website","url":"https:\/\/www.movistar.es\/blog\/","name":"Movistar blog","description":"Movistar Blog. Informaci\u00f3n y m\u00e1s sobre los productos y servicios de Movistar","publisher":{"@id":"https:\/\/www.movistar.es\/blog\/#organization"},"potentialAction":[{"@type":"SearchAction","target":{"@type":"EntryPoint","urlTemplate":"https:\/\/www.movistar.es\/blog\/?s={search_term_string}"},"query-input":{"@type":"PropertyValueSpecification","valueRequired":true,"valueName":"search_term_string"}}],"inLanguage":"es"},{"@type":"Organization","@id":"https:\/\/www.movistar.es\/blog\/#organization","name":"Movistar blog","url":"https:\/\/www.movistar.es\/blog\/","logo":{"@type":"ImageObject","inLanguage":"es","@id":"https:\/\/www.movistar.es\/blog\/#\/schema\/logo\/image\/","url":"https:\/\/www.movistar.es\/blog\/wp-content\/uploads\/sites\/3\/2022\/05\/logo_movistar-1.svg","contentUrl":"https:\/\/www.movistar.es\/blog\/wp-content\/uploads\/sites\/3\/2022\/05\/logo_movistar-1.svg","width":369,"height":272,"caption":"Movistar blog"},"image":{"@id":"https:\/\/www.movistar.es\/blog\/#\/schema\/logo\/image\/"}},{"@type":"Person","@id":"https:\/\/www.movistar.es\/blog\/#\/schema\/person\/6184006f5def4638e52e2d0ff98bd55a","name":"Equipo de Redacci\u00f3n","image":{"@type":"ImageObject","inLanguage":"es","@id":"https:\/\/www.movistar.es\/blog\/#\/schema\/person\/image\/8dbf7dc767c23aa5f974d575dda930c5","url":"https:\/\/secure.gravatar.com\/avatar\/ce5aadad84c2aeb36c9813c46e41a53b0c9cc1d57205e8cde4bdf0ed790b3c97","contentUrl":"https:\/\/secure.gravatar.com\/avatar\/ce5aadad84c2aeb36c9813c46e41a53b0c9cc1d57205e8cde4bdf0ed790b3c97","caption":"Equipo de Redacci\u00f3n"},"description":"Buscamos temas de tu inter\u00e9s. Te contamos c\u00f3mo pueden ayudarte en tu d\u00eda a d\u00eda los productos y servicios de Movistar. No queremos venderte nada. Queremos descubrirte cosas para hacerte la vida m\u00e1s f\u00e1cil.","sameAs":["https:\/\/www.movistar.es\/","movistar.es\/","https:\/\/www.instagram.com\/movistar_es\/?hl=es","https:\/\/x.com\/movistar_es"],"knowsAbout":["smartphones","conectividad","hogar digital","ciberseguridad"],"url":"https:\/\/www.movistar.es\/blog\/author\/contentmovistar\/"}]}},"jetpack_featured_media_url":"https:\/\/www.movistar.es\/blog\/wp-content\/uploads\/sites\/3\/2023\/07\/fde3db24-3672-47fb-915b-81028bc9ce8d_alta-libre-aspect-ratio_default_0.jpg","jetpack_sharing_enabled":true,"_links":{"self":[{"href":"https:\/\/www.movistar.es\/blog\/wp-json\/wp\/v2\/posts\/15707","targetHints":{"allow":["GET"]}}],"collection":[{"href":"https:\/\/www.movistar.es\/blog\/wp-json\/wp\/v2\/posts"}],"about":[{"href":"https:\/\/www.movistar.es\/blog\/wp-json\/wp\/v2\/types\/post"}],"author":[{"embeddable":true,"href":"https:\/\/www.movistar.es\/blog\/wp-json\/wp\/v2\/users\/93"}],"replies":[{"embeddable":true,"href":"https:\/\/www.movistar.es\/blog\/wp-json\/wp\/v2\/comments?post=15707"}],"version-history":[{"count":18,"href":"https:\/\/www.movistar.es\/blog\/wp-json\/wp\/v2\/posts\/15707\/revisions"}],"predecessor-version":[{"id":16912,"href":"https:\/\/www.movistar.es\/blog\/wp-json\/wp\/v2\/posts\/15707\/revisions\/16912"}],"wp:featuredmedia":[{"embeddable":true,"href":"https:\/\/www.movistar.es\/blog\/wp-json\/wp\/v2\/media\/15709"}],"wp:attachment":[{"href":"https:\/\/www.movistar.es\/blog\/wp-json\/wp\/v2\/media?parent=15707"}],"wp:term":[{"taxonomy":"category","embeddable":true,"href":"https:\/\/www.movistar.es\/blog\/wp-json\/wp\/v2\/categories?post=15707"},{"taxonomy":"post_tag","embeddable":true,"href":"https:\/\/www.movistar.es\/blog\/wp-json\/wp\/v2\/tags?post=15707"},{"taxonomy":"area","embeddable":true,"href":"https:\/\/www.movistar.es\/blog\/wp-json\/wp\/v2\/area?post=15707"},{"taxonomy":"cluster","embeddable":true,"href":"https:\/\/www.movistar.es\/blog\/wp-json\/wp\/v2\/cluster?post=15707"},{"taxonomy":"linea_editorial","embeddable":true,"href":"https:\/\/www.movistar.es\/blog\/wp-json\/wp\/v2\/linea_editorial?post=15707"},{"taxonomy":"author","embeddable":true,"href":"https:\/\/www.movistar.es\/blog\/wp-json\/wp\/v2\/coauthors?post=15707"}],"curies":[{"name":"wp","href":"https:\/\/api.w.org\/{rel}","templated":true}]}}