{"id":15446,"date":"2023-07-19T10:10:45","date_gmt":"2023-07-19T08:10:45","guid":{"rendered":"https:\/\/www.movistar.es\/blog\/?p=15446"},"modified":"2023-09-13T11:50:00","modified_gmt":"2023-09-13T09:50:00","slug":"real-madrid-fc-barcelona-primer-clasico","status":"publish","type":"post","link":"https:\/\/www.movistar.es\/blog\/movistar-plus\/real-madrid-fc-barcelona-primer-clasico\/","title":{"rendered":"El primer partido Barcelona vs Real Madrid de la temporada en Movistar"},"content":{"rendered":"\n<p>La <strong>temporada de f\u00fatbol 2023-24<\/strong> empieza en <strong>Movistar Plus+<\/strong> antes que en ning\u00fan otro sitio. La gira del Real Madrid y FC Barcelona abre el tel\u00f3n con su primer enfrentamiento de la temporada el <strong>29 de julio<\/strong> en el <strong>Soccer Champions Tour<\/strong>, un torneo que se celebra en Estados Unidos y que podr\u00e1s ver al completo en nuestra plataforma. Te contamos c\u00f3mo vivir con Movistar el <strong>primer partido del Barcelona vs. Real Madrid de la temporada<\/strong> y tambi\u00e9n todo sobre los <strong><a href=\"https:\/\/www.movistar.es\/blog\/movistar-plus\/real-madrid-vs-barcelona-hora-y-donde-verlo-con-movistar\/\" target=\"_blank\" rel=\"noreferrer noopener\">pr\u00f3ximos cl\u00e1sicos<\/a><\/strong>.<\/p>\n\n\n\n<h2 class=\"wp-block-heading\" id=\"h-gira-de-pretemporada-del-real-madrid-y-fc-barcelona\"><strong>Gira de pretemporada del Real Madrid y FC Barcelona<\/strong><\/h2>\n\n\n\n<p>Seis hist\u00f3ricos equipos, <strong>Real Madrid<\/strong>, <strong>FC Barcelona<\/strong>, Juventus, Mil\u00e1n, Manchester United y Arsenal, se enfrentar\u00e1n en ocho partidos que se decidir\u00e1n en <strong>Movistar Plus+<\/strong>, dando comienzo a la <a href=\"https:\/\/www.soccerchampionstour.com\/es\/\" target=\"_blank\" rel=\"noreferrer noopener\">Soccer Champions Tour<\/a> en Estados Unidos. Sin duda, el partido m\u00e1s esperado es el Barcelona &#8211; Real Madrid, con dos de los clubes m\u00e1s laureados de <strong>LALIGA<\/strong>.<\/p>\n\n\n\n<p>Y es que solo Movistar Plus+ ofrecer\u00e1 todos los encuentros que se disputen en suelo estadounidense para los clientes que tengan <a href=\"https:\/\/web.movistar.es\/particulares\/promociones\/movistar-ilimitado-esencial-futbol\">contratado f\u00fatbol<\/a> en su oferta. As\u00ed, podr\u00e1s disfrutar de una de las giras m\u00e1s esperadas de la pretemporada.<\/p>\n\n\n\n<p>Desde el <strong>s\u00e1bado 22 de julio y hasta el mi\u00e9rcoles 2 de agosto<\/strong>, el Real Madrid de Carlo Ancelotti y el FC Barcelona de Xavi Hern\u00e1ndez, pondr\u00e1n a punto sus equipos contra los mejores combinados de Europa.<\/p>\n\n\n\n<h2 class=\"wp-block-heading\" id=\"h-cuando-es-el-primer-barcelona-real-madrid-de-la-temporada-y-donde-verlo\"><strong>\u00bfCu\u00e1ndo es el primer Barcelona-Real Madrid de la temporada y d\u00f3nde verlo?<\/strong><\/h2>\n\n\n\n<p>El <strong>s\u00e1bado 29<\/strong> de julio es una fecha marcada en rojo, cuando viviremos el <strong>primer Madrid-Bar\u00e7a de la temporada<\/strong>. Desde Texas, en el AT&amp;T Stadium, el partido en el que <strong>Real Madrid y FC Barcelona<\/strong> se enfrentar\u00e1n a las <strong>23:00h<\/strong> en Movistar Plus+.<\/p>\n\n\n\n<p>Esta ser\u00e1 la tercera vez que los dos equipos se enfrentan en territorio norte americano, con la habitual expectaci\u00f3n que ambos generan entre los aficionados. Los anteriores encuentros fueron en 2017 y 2022, ambos con victoria blaugrana. <\/p>\n\n\n\n<h3 class=\"wp-block-heading\" class=\"wp-block-heading\" id=\"como-puedes-verlos\">\u00bfC\u00f3mo puedes verlos?<\/h3>\n\n\n\n<ul class=\"wp-block-list\"><li>Si eres <strong>cliente de Movistar <\/strong>y tienes alg\u00fan paquete de F\u00fatbol contratado como Todo el f\u00fatbol, Champions o LALIGA, <strong>toda la gira del Madrid y del Bar\u00e7a al completo est\u00e1 en Movistar<\/strong> a trav\u00e9s del canal<strong> Champions Tour por M+ que se habilitar\u00e1 el 20 de Julio en los diales 55 y 57 (<\/strong>seg\u00fan tu paquete de f\u00fatbol).<\/li><li>Por el contrario, si aun no lo eres, puedes <a href=\"https:\/\/web.movistar.es\/particulares\/promociones\/movistar-ilimitado-esencial-futbol\">contratar todo el f\u00fatbol<\/a> y disfrutar de la <strong>pretemporada<\/strong>, adem\u00e1s de otras ventajas como fibra \u00f3ptica de hasta 1GB, dos l\u00edneas m\u00f3viles y un dispositivo en oferta <a href=\"https:\/\/www.movistar.es\/particulares\/mimovistar\/dispositivos\/?_ga=2.180759535.950396070.1689669839-870669526.1689669839&amp;_gl=1*1x5e9mo*_ga*ODcwNjY5NTI2LjE2ODk2Njk4Mzk.*_ga_J1GJWFY08P*MTY4OTY5NDU0Ny43LjEuMTY4OTY5NTAzMi42MC4wLjA.\" target=\"_blank\" rel=\"noreferrer noopener\">desde 0\u20ac<\/a>.<\/li><\/ul>\n\n\n\n<p>Recuerda, en Movistar Plus+ <a href=\"https:\/\/web.movistar.es\/particulares\/promociones\/movistar-ilimitado-esencial-futbol\">est\u00e1 todo el f\u00fatbol<\/a> y con la mejor experiencia: <\/p>\n\n\n\n<ul class=\"wp-block-list\"><li>Todas las jornadas de <strong>LALIGA EA SPORTS<\/strong> (1\u00aa Divisi\u00f3n) y <strong>LALIGA HYPERMOTION<\/strong> (2\u00aa Divisi\u00f3n) al completo.<\/li><li>3 jornadas al completo en exclusiva.<\/li><li>Partidos retransmitidos a trav\u00e9s del canal LALIGA TV por Movistar Plus+ y el nuevo canal DAZN LALIGA que est\u00e1 integrado en tu descodificador. <\/li><li>Todos los partidos de la <strong>Champions League<\/strong>, la <strong>UEFA Europa League<\/strong> y las mejores ligas internacionales. <\/li><li>55 partidos de la Copa del Rey<\/li><\/ul>\n\n\n\n<p>\u00a1La oferta m\u00e1s completa!<\/p>\n\n\n\n<figure class=\"wp-block-image size-large is-resized\"><img loading=\"lazy\" decoding=\"async\" src=\"https:\/\/www.movistar.es\/blog\/wp-content\/uploads\/sites\/3\/2023\/07\/Futbol-julio_A.jpg?w=1024\" alt=\"partido barcelona real madrid\" class=\"wp-image-15492\" width=\"1024\" height=\"681\" srcset=\"https:\/\/www.movistar.es\/blog\/wp-content\/uploads\/sites\/3\/2023\/07\/Futbol-julio_A.jpg 3498w, https:\/\/www.movistar.es\/blog\/wp-content\/uploads\/sites\/3\/2023\/07\/Futbol-julio_A.jpg?resize=300,200 300w, https:\/\/www.movistar.es\/blog\/wp-content\/uploads\/sites\/3\/2023\/07\/Futbol-julio_A.jpg?resize=768,511 768w, https:\/\/www.movistar.es\/blog\/wp-content\/uploads\/sites\/3\/2023\/07\/Futbol-julio_A.jpg?resize=1024,681 1024w, https:\/\/www.movistar.es\/blog\/wp-content\/uploads\/sites\/3\/2023\/07\/Futbol-julio_A.jpg?resize=1536,1022 1536w, https:\/\/www.movistar.es\/blog\/wp-content\/uploads\/sites\/3\/2023\/07\/Futbol-julio_A.jpg?resize=2048,1363 2048w\" sizes=\"auto, (max-width: 1024px) 100vw, 1024px\" \/><\/figure>\n\n\n\n<h3 class=\"wp-block-heading\" id=\"h-eternos-rivales-revive-los-ultimos-partidos-barcelona-real-madrid\"><strong>Eternos rivales: Revive los \u00faltimos partidos Barcelona-Real Madrid <\/strong><\/h3>\n\n\n\n<p>Sin duda, los partidos entre Barcelona y Real Madrid son los encuentros m\u00e1s esperados de <strong>LALIGA <\/strong>y la temporada pasada pudimos vivirlos con toda la emoci\u00f3n de la mano de Movistar.<\/p>\n\n\n\n<p>En el enfrentamiento del pasado 19 de marzo en la jornada 26 de <strong>LALIGA<\/strong>, el gol de Kessi\u00e9 le dio al <strong>Bar\u00e7a<\/strong> la victoria. Y es que el equipo azulgrana, no ganaba en el Camp Nou desde el 2018. M\u00e1s adelante, se enfrentaron en la vuelta <strong>semifinal de la Copa del Rey<\/strong>, donde el <strong>Real Madrid <\/strong>se impuso al <strong>Barcelona <\/strong>con un 0-4. Y es que el triplete de Benzem\u00e1 junto con Vinicius, form\u00f3 una combinaci\u00f3n imparable para el Bar\u00e7a, que hizo que los blancos lograsen el pase directo a la final.<\/p>\n\n\n\n<p>Partidos como estos s\u00f3lo pueden vivirse con Movistar y su oferta de f\u00fatbol m\u00e1s completa. \u00bfEst\u00e1s preparado para la nueva temporada de <\/p>\n\n\n\n<h3 class=\"wp-block-heading\" id=\"h-cuales-son-los-otros-partidos-de-pretemporada-del-barcelona-y-real-madrid\"><strong>Cu\u00e1les son los otros partidos de pretemporada del Barcelona y Real Madrid<\/strong><\/h3>\n\n\n\n<p>Ag\u00e9ndatelo, te ofrecemos una carta de 5 estrellas con el <strong>Real Madrid<\/strong> y<strong> FC Barcelona<\/strong> como platos fuertes del men\u00fa de verano en Movistar:<\/p>\n\n\n\n<ul class=\"wp-block-list\"><li>FC Barcelona vs Juventus Turin. Noche del s\u00e1bado 22 al domingo 23 (04.30h)<\/li><li>Real Madrid vs AC Milan | Noche del domingo 23 al lunes 24 (04.00h)<\/li><li>Real Madrid vs Manchester United | Noche del mi\u00e9rcoles 26 al jueves 27 (02.30h)<\/li><li>FC Barcelona vs Arsenal | Noche del mi\u00e9rcoles 26 al jueves 27 (04.30h)&nbsp;&nbsp;<\/li><li>Juventus Turin vs AC Milan | Noche del jueves 27 al Viernes 28 (04.30h)<\/li><li>Real Madrid vs FC Barcelona | S\u00e1bado 29 (23.00h)<\/li><li>FC Barcelona vs AC Milan | Noche del martes 1 al mi\u00e9rcoles 2 (05.00h)<\/li><li>Real Madrid vs Juventus Turin | Noche del mi\u00e9rcoles 2 al jueves 3 (1.30h)<\/li><\/ul>\n\n\n\n<figure class=\"wp-block-image size-large\"><img loading=\"lazy\" decoding=\"async\" height=\"305\" width=\"1024\" src=\"https:\/\/www.movistar.es\/blog\/wp-content\/uploads\/sites\/3\/2023\/07\/Test_Calendario_Blog_RMA-FCB_1040x310_v1.jpg?w=1024\" alt=\"partido barcelona real madrid\" class=\"wp-image-15451\" srcset=\"https:\/\/www.movistar.es\/blog\/wp-content\/uploads\/sites\/3\/2023\/07\/Test_Calendario_Blog_RMA-FCB_1040x310_v1.jpg 1040w, https:\/\/www.movistar.es\/blog\/wp-content\/uploads\/sites\/3\/2023\/07\/Test_Calendario_Blog_RMA-FCB_1040x310_v1.jpg?resize=300,89 300w, https:\/\/www.movistar.es\/blog\/wp-content\/uploads\/sites\/3\/2023\/07\/Test_Calendario_Blog_RMA-FCB_1040x310_v1.jpg?resize=768,229 768w, https:\/\/www.movistar.es\/blog\/wp-content\/uploads\/sites\/3\/2023\/07\/Test_Calendario_Blog_RMA-FCB_1040x310_v1.jpg?resize=1024,305 1024w\" sizes=\"auto, (max-width: 1024px) 100vw, 1024px\" \/><\/figure>\n\n\n\n<h2 class=\"wp-block-heading\" id=\"h-toda-la-pretemporada-de-laliga-con-movistar\"><strong>Toda la pretemporada de LALIGA con Movistar<\/strong><\/h2>\n\n\n\n<p>Adem\u00e1s del partido <strong>Barcelona &#8211; Real Madrid<\/strong> del pr\u00f3ximo <strong>29 de julio<\/strong>, <strong>la pretemporada <\/strong>de f\u00fatbol de <strong>LALIGA<\/strong> arranc\u00f3 el 15 de julio. Por supuesto, Movistar ofrece los encuentros entre los conjuntos m\u00e1s importantes del planeta.<\/p>\n\n\n\n<p>Los equipos se han puesto en marcha y abren la pretemporada con una cascada apabullante de partidazos de altos vuelos ante los mejores conjuntos del panorama internacional. Atl\u00e9tico de Madrid, Manchester City, Sevilla, Betis, Monaco, Celta, Real Sociedad, Al Nassr, Valencia, Athletic, Manchester United, Villarreal, Eintratch, Newcastle, Girona\u2026 Movistar ofrece <strong>LALIGA TV<\/strong> por <strong>M+<\/strong> (dial 52), con decenas de partidos para preparar un a\u00f1o que promete ser <strong>hist\u00f3rico<\/strong>.<\/p>\n\n\n\n<p>Coge tu butaca en nuestro estadio y disfruta del mejor f\u00fatbol del mundo en Movistar, la casa del f\u00fatbol.<\/p>\n","protected":false},"excerpt":{"rendered":"<p>La temporada de f\u00fatbol 2023-24 empieza en Movistar Plus+ antes que en ning\u00fan otro sitio. La gira del Real Madrid y FC Barcelona abre el tel\u00f3n con su primer enfrentamiento de la temporada el 29 [&hellip;]<\/p>\n","protected":false},"author":80,"featured_media":15490,"comment_status":"closed","ping_status":"closed","sticky":false,"template":"","format":"standard","meta":{"site-sidebar-layout":"default","site-content-layout":"","ast-site-content-layout":"","site-content-style":"default","site-sidebar-style":"default","ast-global-header-display":"","ast-banner-title-visibility":"","ast-main-header-display":"","ast-hfb-above-header-display":"","ast-hfb-below-header-display":"","ast-hfb-mobile-header-display":"","site-post-title":"","ast-breadcrumbs-content":"","ast-featured-img":"","footer-sml-layout":"","theme-transparent-header-meta":"","adv-header-id-meta":"","stick-header-meta":"","header-above-stick-meta":"","header-main-stick-meta":"","header-below-stick-meta":"","astra-migrate-meta-layouts":"default","ast-page-background-enabled":"default","ast-page-background-meta":{"desktop":{"background-color":"var(--ast-global-color-4)","background-image":"","background-repeat":"repeat","background-position":"center center","background-size":"auto","background-attachment":"scroll","background-type":"","background-media":"","overlay-type":"","overlay-color":"","overlay-opacity":"","overlay-gradient":""},"tablet":{"background-color":"","background-image":"","background-repeat":"repeat","background-position":"center center","background-size":"auto","background-attachment":"scroll","background-type":"","background-media":"","overlay-type":"","overlay-color":"","overlay-opacity":"","overlay-gradient":""},"mobile":{"background-color":"","background-image":"","background-repeat":"repeat","background-position":"center center","background-size":"auto","background-attachment":"scroll","background-type":"","background-media":"","overlay-type":"","overlay-color":"","overlay-opacity":"","overlay-gradient":""}},"ast-content-background-meta":{"desktop":{"background-color":"var(--ast-global-color-5)","background-image":"","background-repeat":"repeat","background-position":"center center","background-size":"auto","background-attachment":"scroll","background-type":"","background-media":"","overlay-type":"","overlay-color":"","overlay-opacity":"","overlay-gradient":""},"tablet":{"background-color":"var(--ast-global-color-5)","background-image":"","background-repeat":"repeat","background-position":"center center","background-size":"auto","background-attachment":"scroll","background-type":"","background-media":"","overlay-type":"","overlay-color":"","overlay-opacity":"","overlay-gradient":""},"mobile":{"background-color":"var(--ast-global-color-5)","background-image":"","background-repeat":"repeat","background-position":"center center","background-size":"auto","background-attachment":"scroll","background-type":"","background-media":"","overlay-type":"","overlay-color":"","overlay-opacity":"","overlay-gradient":""}},"_jetpack_memberships_contains_paid_content":false,"footnotes":""},"categories":[1],"tags":[],"area":[],"cluster":[45],"linea_editorial":[],"coauthors":[379],"class_list":["post-15446","post","type-post","status-publish","format-standard","has-post-thumbnail","hentry","category-sin-categoria","cluster-movistar-plus"],"yoast_head":"<!-- This site is optimized with the Yoast SEO Premium plugin v25.5 (Yoast SEO v25.5) - https:\/\/yoast.com\/wordpress\/plugins\/seo\/ -->\n<title>El primer partido Barcelona Real Madrid en Movistar<\/title>\n<meta name=\"description\" content=\"La temporada de f\u00fatbol 2023-24 empieza en Movistar Plus+ antes que en ning\u00fan otro sitio: el primer partido entre Real Madrid y FC Barcelona\" \/>\n<meta name=\"robots\" content=\"index, follow, max-snippet:-1, max-image-preview:large, max-video-preview:-1\" \/>\n<link rel=\"canonical\" href=\"https:\/\/www.movistar.es\/blog\/movistar-plus\/real-madrid-fc-barcelona-primer-clasico\/\" \/>\n<meta property=\"og:locale\" content=\"es_ES\" \/>\n<meta property=\"og:type\" content=\"article\" \/>\n<meta property=\"og:title\" content=\"El primer partido Barcelona vs Real Madrid de la temporada en Movistar\" \/>\n<meta property=\"og:description\" content=\"La temporada de f\u00fatbol 2023-24 empieza en Movistar Plus+ antes que en ning\u00fan otro sitio: el primer partido entre Real Madrid y FC Barcelona\" \/>\n<meta property=\"og:url\" content=\"https:\/\/www.movistar.es\/blog\/movistar-plus\/real-madrid-fc-barcelona-primer-clasico\/\" \/>\n<meta property=\"og:site_name\" content=\"Movistar blog\" \/>\n<meta property=\"article:published_time\" content=\"2023-07-19T08:10:45+00:00\" \/>\n<meta property=\"article:modified_time\" content=\"2023-09-13T09:50:00+00:00\" \/>\n<meta property=\"og:image\" content=\"https:\/\/www.movistar.es\/blog\/wp-content\/uploads\/sites\/3\/2023\/07\/Futbol-julio_C.jpg\" \/>\n\t<meta property=\"og:image:width\" content=\"4011\" \/>\n\t<meta property=\"og:image:height\" content=\"2670\" \/>\n\t<meta property=\"og:image:type\" content=\"image\/jpeg\" \/>\n<meta name=\"author\" content=\"Sonia Babani\" \/>\n<meta name=\"twitter:card\" content=\"summary_large_image\" \/>\n<meta name=\"twitter:label1\" content=\"Written by\" \/>\n\t<meta name=\"twitter:data1\" content=\"Sonia Babani\" \/>\n\t<meta name=\"twitter:label2\" content=\"Est. reading time\" \/>\n\t<meta name=\"twitter:data2\" content=\"5 minutos\" \/>\n<script type=\"application\/ld+json\" class=\"yoast-schema-graph\">{\"@context\":\"https:\/\/schema.org\",\"@graph\":[{\"@type\":\"Article\",\"@id\":\"https:\/\/www.movistar.es\/blog\/movistar-plus\/real-madrid-fc-barcelona-primer-clasico\/#article\",\"isPartOf\":{\"@id\":\"https:\/\/www.movistar.es\/blog\/movistar-plus\/real-madrid-fc-barcelona-primer-clasico\/\"},\"author\":{\"name\":\"Sonia Babani\",\"@id\":\"https:\/\/www.movistar.es\/blog\/#\/schema\/person\/6794601d749d2208ce9955c8c67352e3\"},\"headline\":\"El primer partido Barcelona vs Real Madrid de la temporada en Movistar\",\"datePublished\":\"2023-07-19T08:10:45+00:00\",\"dateModified\":\"2023-09-13T09:50:00+00:00\",\"mainEntityOfPage\":{\"@id\":\"https:\/\/www.movistar.es\/blog\/movistar-plus\/real-madrid-fc-barcelona-primer-clasico\/\"},\"wordCount\":967,\"publisher\":{\"@id\":\"https:\/\/www.movistar.es\/blog\/#organization\"},\"image\":{\"@id\":\"https:\/\/www.movistar.es\/blog\/movistar-plus\/real-madrid-fc-barcelona-primer-clasico\/#primaryimage\"},\"thumbnailUrl\":\"https:\/\/www.movistar.es\/blog\/wp-content\/uploads\/sites\/3\/2023\/07\/Futbol-julio_C.jpg\",\"inLanguage\":\"es\"},{\"@type\":\"WebPage\",\"@id\":\"https:\/\/www.movistar.es\/blog\/movistar-plus\/real-madrid-fc-barcelona-primer-clasico\/\",\"url\":\"https:\/\/www.movistar.es\/blog\/movistar-plus\/real-madrid-fc-barcelona-primer-clasico\/\",\"name\":\"El primer partido Barcelona Real Madrid en Movistar\",\"isPartOf\":{\"@id\":\"https:\/\/www.movistar.es\/blog\/#website\"},\"primaryImageOfPage\":{\"@id\":\"https:\/\/www.movistar.es\/blog\/movistar-plus\/real-madrid-fc-barcelona-primer-clasico\/#primaryimage\"},\"image\":{\"@id\":\"https:\/\/www.movistar.es\/blog\/movistar-plus\/real-madrid-fc-barcelona-primer-clasico\/#primaryimage\"},\"thumbnailUrl\":\"https:\/\/www.movistar.es\/blog\/wp-content\/uploads\/sites\/3\/2023\/07\/Futbol-julio_C.jpg\",\"datePublished\":\"2023-07-19T08:10:45+00:00\",\"dateModified\":\"2023-09-13T09:50:00+00:00\",\"description\":\"La temporada de f\u00fatbol 2023-24 empieza en Movistar Plus+ antes que en ning\u00fan otro sitio: el primer partido entre Real Madrid y FC Barcelona\",\"breadcrumb\":{\"@id\":\"https:\/\/www.movistar.es\/blog\/movistar-plus\/real-madrid-fc-barcelona-primer-clasico\/#breadcrumb\"},\"inLanguage\":\"es\",\"potentialAction\":[{\"@type\":\"ReadAction\",\"target\":[\"https:\/\/www.movistar.es\/blog\/movistar-plus\/real-madrid-fc-barcelona-primer-clasico\/\"]}]},{\"@type\":\"ImageObject\",\"inLanguage\":\"es\",\"@id\":\"https:\/\/www.movistar.es\/blog\/movistar-plus\/real-madrid-fc-barcelona-primer-clasico\/#primaryimage\",\"url\":\"https:\/\/www.movistar.es\/blog\/wp-content\/uploads\/sites\/3\/2023\/07\/Futbol-julio_C.jpg\",\"contentUrl\":\"https:\/\/www.movistar.es\/blog\/wp-content\/uploads\/sites\/3\/2023\/07\/Futbol-julio_C.jpg\",\"width\":4011,\"height\":2670,\"caption\":\"Mandatory Credit: Photo by Alberto Gardin\/NurPhoto\/Shutterstock (13790690a) Federico Valverde (Real Madrid) and Gavi (Barcelona) in action during the football match between Real Madrid and Barcelona valid for the semifinal of the Copa del Rey Spanish cup celebrated in Madrid, Spain at Bernabeu stadium on Thursday 02 March 2023 Real Madrid CF v FC Barcelona: Semi Final Leg One - Copa Del Rey, Spain - 02 Mar 2023\"},{\"@type\":\"BreadcrumbList\",\"@id\":\"https:\/\/www.movistar.es\/blog\/movistar-plus\/real-madrid-fc-barcelona-primer-clasico\/#breadcrumb\",\"itemListElement\":[{\"@type\":\"ListItem\",\"position\":1,\"name\":\"Home\",\"item\":\"https:\/\/www.movistar.es\/blog\/\"},{\"@type\":\"ListItem\",\"position\":2,\"name\":\"El primer partido Barcelona vs Real Madrid de la temporada en Movistar\"}]},{\"@type\":\"WebSite\",\"@id\":\"https:\/\/www.movistar.es\/blog\/#website\",\"url\":\"https:\/\/www.movistar.es\/blog\/\",\"name\":\"Movistar blog\",\"description\":\"Movistar Blog. Informaci\u00f3n y m\u00e1s sobre los productos y servicios de Movistar\",\"publisher\":{\"@id\":\"https:\/\/www.movistar.es\/blog\/#organization\"},\"potentialAction\":[{\"@type\":\"SearchAction\",\"target\":{\"@type\":\"EntryPoint\",\"urlTemplate\":\"https:\/\/www.movistar.es\/blog\/?s={search_term_string}\"},\"query-input\":{\"@type\":\"PropertyValueSpecification\",\"valueRequired\":true,\"valueName\":\"search_term_string\"}}],\"inLanguage\":\"es\"},{\"@type\":\"Organization\",\"@id\":\"https:\/\/www.movistar.es\/blog\/#organization\",\"name\":\"Movistar blog\",\"url\":\"https:\/\/www.movistar.es\/blog\/\",\"logo\":{\"@type\":\"ImageObject\",\"inLanguage\":\"es\",\"@id\":\"https:\/\/www.movistar.es\/blog\/#\/schema\/logo\/image\/\",\"url\":\"https:\/\/www.movistar.es\/blog\/wp-content\/uploads\/sites\/3\/2022\/05\/logo_movistar-1.svg\",\"contentUrl\":\"https:\/\/www.movistar.es\/blog\/wp-content\/uploads\/sites\/3\/2022\/05\/logo_movistar-1.svg\",\"width\":369,\"height\":272,\"caption\":\"Movistar blog\"},\"image\":{\"@id\":\"https:\/\/www.movistar.es\/blog\/#\/schema\/logo\/image\/\"}},{\"@type\":\"Person\",\"@id\":\"https:\/\/www.movistar.es\/blog\/#\/schema\/person\/6794601d749d2208ce9955c8c67352e3\",\"name\":\"Sonia Babani\",\"image\":{\"@type\":\"ImageObject\",\"inLanguage\":\"es\",\"@id\":\"https:\/\/www.movistar.es\/blog\/#\/schema\/person\/image\/7ef6f03cbfff01826d287105a7cc0d82\",\"url\":\"https:\/\/secure.gravatar.com\/avatar\/56613be75a9300510ae019a60f1b5bac692690e6fc5d41e1972198561304a225\",\"contentUrl\":\"https:\/\/secure.gravatar.com\/avatar\/56613be75a9300510ae019a60f1b5bac692690e6fc5d41e1972198561304a225\",\"caption\":\"Sonia Babani\"},\"url\":\"https:\/\/www.movistar.es\/blog\/author\/soniababani\/\"}]}<\/script>\n<!-- \/ Yoast SEO Premium plugin. -->","yoast_head_json":{"title":"El primer partido Barcelona Real Madrid en Movistar","description":"La temporada de f\u00fatbol 2023-24 empieza en Movistar Plus+ antes que en ning\u00fan otro sitio: el primer partido entre Real Madrid y FC Barcelona","robots":{"index":"index","follow":"follow","max-snippet":"max-snippet:-1","max-image-preview":"max-image-preview:large","max-video-preview":"max-video-preview:-1"},"canonical":"https:\/\/www.movistar.es\/blog\/movistar-plus\/real-madrid-fc-barcelona-primer-clasico\/","og_locale":"es_ES","og_type":"article","og_title":"El primer partido Barcelona vs Real Madrid de la temporada en Movistar","og_description":"La temporada de f\u00fatbol 2023-24 empieza en Movistar Plus+ antes que en ning\u00fan otro sitio: el primer partido entre Real Madrid y FC Barcelona","og_url":"https:\/\/www.movistar.es\/blog\/movistar-plus\/real-madrid-fc-barcelona-primer-clasico\/","og_site_name":"Movistar blog","article_published_time":"2023-07-19T08:10:45+00:00","article_modified_time":"2023-09-13T09:50:00+00:00","og_image":[{"width":4011,"height":2670,"url":"https:\/\/www.movistar.es\/blog\/wp-content\/uploads\/sites\/3\/2023\/07\/Futbol-julio_C.jpg","type":"image\/jpeg"}],"author":"Sonia Babani","twitter_card":"summary_large_image","twitter_misc":{"Written by":"Sonia Babani","Est. reading time":"5 minutos"},"schema":{"@context":"https:\/\/schema.org","@graph":[{"@type":"Article","@id":"https:\/\/www.movistar.es\/blog\/movistar-plus\/real-madrid-fc-barcelona-primer-clasico\/#article","isPartOf":{"@id":"https:\/\/www.movistar.es\/blog\/movistar-plus\/real-madrid-fc-barcelona-primer-clasico\/"},"author":{"name":"Sonia Babani","@id":"https:\/\/www.movistar.es\/blog\/#\/schema\/person\/6794601d749d2208ce9955c8c67352e3"},"headline":"El primer partido Barcelona vs Real Madrid de la temporada en Movistar","datePublished":"2023-07-19T08:10:45+00:00","dateModified":"2023-09-13T09:50:00+00:00","mainEntityOfPage":{"@id":"https:\/\/www.movistar.es\/blog\/movistar-plus\/real-madrid-fc-barcelona-primer-clasico\/"},"wordCount":967,"publisher":{"@id":"https:\/\/www.movistar.es\/blog\/#organization"},"image":{"@id":"https:\/\/www.movistar.es\/blog\/movistar-plus\/real-madrid-fc-barcelona-primer-clasico\/#primaryimage"},"thumbnailUrl":"https:\/\/www.movistar.es\/blog\/wp-content\/uploads\/sites\/3\/2023\/07\/Futbol-julio_C.jpg","inLanguage":"es"},{"@type":"WebPage","@id":"https:\/\/www.movistar.es\/blog\/movistar-plus\/real-madrid-fc-barcelona-primer-clasico\/","url":"https:\/\/www.movistar.es\/blog\/movistar-plus\/real-madrid-fc-barcelona-primer-clasico\/","name":"El primer partido Barcelona Real Madrid en Movistar","isPartOf":{"@id":"https:\/\/www.movistar.es\/blog\/#website"},"primaryImageOfPage":{"@id":"https:\/\/www.movistar.es\/blog\/movistar-plus\/real-madrid-fc-barcelona-primer-clasico\/#primaryimage"},"image":{"@id":"https:\/\/www.movistar.es\/blog\/movistar-plus\/real-madrid-fc-barcelona-primer-clasico\/#primaryimage"},"thumbnailUrl":"https:\/\/www.movistar.es\/blog\/wp-content\/uploads\/sites\/3\/2023\/07\/Futbol-julio_C.jpg","datePublished":"2023-07-19T08:10:45+00:00","dateModified":"2023-09-13T09:50:00+00:00","description":"La temporada de f\u00fatbol 2023-24 empieza en Movistar Plus+ antes que en ning\u00fan otro sitio: el primer partido entre Real Madrid y FC Barcelona","breadcrumb":{"@id":"https:\/\/www.movistar.es\/blog\/movistar-plus\/real-madrid-fc-barcelona-primer-clasico\/#breadcrumb"},"inLanguage":"es","potentialAction":[{"@type":"ReadAction","target":["https:\/\/www.movistar.es\/blog\/movistar-plus\/real-madrid-fc-barcelona-primer-clasico\/"]}]},{"@type":"ImageObject","inLanguage":"es","@id":"https:\/\/www.movistar.es\/blog\/movistar-plus\/real-madrid-fc-barcelona-primer-clasico\/#primaryimage","url":"https:\/\/www.movistar.es\/blog\/wp-content\/uploads\/sites\/3\/2023\/07\/Futbol-julio_C.jpg","contentUrl":"https:\/\/www.movistar.es\/blog\/wp-content\/uploads\/sites\/3\/2023\/07\/Futbol-julio_C.jpg","width":4011,"height":2670,"caption":"Mandatory Credit: Photo by Alberto Gardin\/NurPhoto\/Shutterstock (13790690a) Federico Valverde (Real Madrid) and Gavi (Barcelona) in action during the football match between Real Madrid and Barcelona valid for the semifinal of the Copa del Rey Spanish cup celebrated in Madrid, Spain at Bernabeu stadium on Thursday 02 March 2023 Real Madrid CF v FC Barcelona: Semi Final Leg One - Copa Del Rey, Spain - 02 Mar 2023"},{"@type":"BreadcrumbList","@id":"https:\/\/www.movistar.es\/blog\/movistar-plus\/real-madrid-fc-barcelona-primer-clasico\/#breadcrumb","itemListElement":[{"@type":"ListItem","position":1,"name":"Home","item":"https:\/\/www.movistar.es\/blog\/"},{"@type":"ListItem","position":2,"name":"El primer partido Barcelona vs Real Madrid de la temporada en Movistar"}]},{"@type":"WebSite","@id":"https:\/\/www.movistar.es\/blog\/#website","url":"https:\/\/www.movistar.es\/blog\/","name":"Movistar blog","description":"Movistar Blog. Informaci\u00f3n y m\u00e1s sobre los productos y servicios de Movistar","publisher":{"@id":"https:\/\/www.movistar.es\/blog\/#organization"},"potentialAction":[{"@type":"SearchAction","target":{"@type":"EntryPoint","urlTemplate":"https:\/\/www.movistar.es\/blog\/?s={search_term_string}"},"query-input":{"@type":"PropertyValueSpecification","valueRequired":true,"valueName":"search_term_string"}}],"inLanguage":"es"},{"@type":"Organization","@id":"https:\/\/www.movistar.es\/blog\/#organization","name":"Movistar blog","url":"https:\/\/www.movistar.es\/blog\/","logo":{"@type":"ImageObject","inLanguage":"es","@id":"https:\/\/www.movistar.es\/blog\/#\/schema\/logo\/image\/","url":"https:\/\/www.movistar.es\/blog\/wp-content\/uploads\/sites\/3\/2022\/05\/logo_movistar-1.svg","contentUrl":"https:\/\/www.movistar.es\/blog\/wp-content\/uploads\/sites\/3\/2022\/05\/logo_movistar-1.svg","width":369,"height":272,"caption":"Movistar blog"},"image":{"@id":"https:\/\/www.movistar.es\/blog\/#\/schema\/logo\/image\/"}},{"@type":"Person","@id":"https:\/\/www.movistar.es\/blog\/#\/schema\/person\/6794601d749d2208ce9955c8c67352e3","name":"Sonia Babani","image":{"@type":"ImageObject","inLanguage":"es","@id":"https:\/\/www.movistar.es\/blog\/#\/schema\/person\/image\/7ef6f03cbfff01826d287105a7cc0d82","url":"https:\/\/secure.gravatar.com\/avatar\/56613be75a9300510ae019a60f1b5bac692690e6fc5d41e1972198561304a225","contentUrl":"https:\/\/secure.gravatar.com\/avatar\/56613be75a9300510ae019a60f1b5bac692690e6fc5d41e1972198561304a225","caption":"Sonia Babani"},"url":"https:\/\/www.movistar.es\/blog\/author\/soniababani\/"}]}},"jetpack_featured_media_url":"https:\/\/www.movistar.es\/blog\/wp-content\/uploads\/sites\/3\/2023\/07\/Futbol-julio_C.jpg","jetpack_sharing_enabled":true,"_links":{"self":[{"href":"https:\/\/www.movistar.es\/blog\/wp-json\/wp\/v2\/posts\/15446","targetHints":{"allow":["GET"]}}],"collection":[{"href":"https:\/\/www.movistar.es\/blog\/wp-json\/wp\/v2\/posts"}],"about":[{"href":"https:\/\/www.movistar.es\/blog\/wp-json\/wp\/v2\/types\/post"}],"author":[{"embeddable":true,"href":"https:\/\/www.movistar.es\/blog\/wp-json\/wp\/v2\/users\/80"}],"replies":[{"embeddable":true,"href":"https:\/\/www.movistar.es\/blog\/wp-json\/wp\/v2\/comments?post=15446"}],"version-history":[{"count":91,"href":"https:\/\/www.movistar.es\/blog\/wp-json\/wp\/v2\/posts\/15446\/revisions"}],"predecessor-version":[{"id":17168,"href":"https:\/\/www.movistar.es\/blog\/wp-json\/wp\/v2\/posts\/15446\/revisions\/17168"}],"wp:featuredmedia":[{"embeddable":true,"href":"https:\/\/www.movistar.es\/blog\/wp-json\/wp\/v2\/media\/15490"}],"wp:attachment":[{"href":"https:\/\/www.movistar.es\/blog\/wp-json\/wp\/v2\/media?parent=15446"}],"wp:term":[{"taxonomy":"category","embeddable":true,"href":"https:\/\/www.movistar.es\/blog\/wp-json\/wp\/v2\/categories?post=15446"},{"taxonomy":"post_tag","embeddable":true,"href":"https:\/\/www.movistar.es\/blog\/wp-json\/wp\/v2\/tags?post=15446"},{"taxonomy":"area","embeddable":true,"href":"https:\/\/www.movistar.es\/blog\/wp-json\/wp\/v2\/area?post=15446"},{"taxonomy":"cluster","embeddable":true,"href":"https:\/\/www.movistar.es\/blog\/wp-json\/wp\/v2\/cluster?post=15446"},{"taxonomy":"linea_editorial","embeddable":true,"href":"https:\/\/www.movistar.es\/blog\/wp-json\/wp\/v2\/linea_editorial?post=15446"},{"taxonomy":"author","embeddable":true,"href":"https:\/\/www.movistar.es\/blog\/wp-json\/wp\/v2\/coauthors?post=15446"}],"curies":[{"name":"wp","href":"https:\/\/api.w.org\/{rel}","templated":true}]}}