{"id":15437,"date":"2023-07-27T07:39:06","date_gmt":"2023-07-27T05:39:06","guid":{"rendered":"https:\/\/www.movistar.es\/blog\/?p=15437"},"modified":"2023-09-01T16:04:54","modified_gmt":"2023-09-01T14:04:54","slug":"momentos-mas-emocionantes-historia-del-futbol","status":"publish","type":"post","link":"https:\/\/www.movistar.es\/blog\/movistar-plus\/momentos-mas-emocionantes-historia-del-futbol\/","title":{"rendered":"Los 5 momentos m\u00e1s emocionantes en la historia del f\u00fatbol"},"content":{"rendered":"\n<p>A lo largo de la historia del f\u00fatbol, hemos podido vivir <strong>momentos inolvidables <\/strong>que quedar\u00e1n grabados para siempre en nuestra memoria. Estos eventos trascienden m\u00e1s all\u00e1 de los l\u00edmites del deporte, convirti\u00e9ndose en hitos que no solo enriquecen la historia del f\u00fatbol, sino que tambi\u00e9n consiguen despertar emociones profundas en los seguidores del deporte rey.&nbsp;<\/p>\n\n\n\n<p>En el art\u00edculo de hoy, hablaremos sobre <strong>cinco de los momentos<\/strong> que m\u00e1s nos han emocionado en t\u00e9rminos futbol\u00edsticos. Si no quieres perderte ninguno, \u00a1sigue leyendo!<\/p>\n\n\n\n<h2 class=\"wp-block-heading\" class=\"wp-block-heading\" id=\"5-momentos-para-recordar-en-la-historia-del-futbol\">5 momentos para recordar en la historia del f\u00fatbol<\/h2>\n\n\n\n<h3 class=\"wp-block-heading\" class=\"wp-block-heading\" id=\"la-septima-champions-del-real-madrid\">La s\u00e9ptima Champions del Real Madrid<\/h3>\n\n\n\n<p>Si repasamos cu\u00e1ntas Champions tiene el Madrid, la cifra nos deja con la boca abierta. Pero hay una de ellas, realmente especial. Y es que en el a\u00f1o 1998, el <strong><a href=\"https:\/\/www.movistar.es\/blog\/movistar-plus\/real-madrid-vs-barcelona-hora-y-donde-verlo-con-movistar\/\" target=\"_blank\" rel=\"noreferrer noopener\">Real Madrid<\/a><\/strong> protagoniz\u00f3 un hito legendario en la historia del f\u00fatbol al conquistar su s\u00e9ptima <strong>Liga de Campeones de Europa<\/strong>. Aquel a\u00f1o, el equipo merengue demostr\u00f3 su grandeza y dej\u00f3 una huella imborrable en la memoria de todos los aficionados. Bajo la direcci\u00f3n t\u00e9cnica de <strong>Jupp Heynckes<\/strong>, el Real Madrid se enfrent\u00f3 a la <strong>Juventus<\/strong> en la final disputada en el <strong>Amsterdam Arena<\/strong>.<\/p>\n\n\n\n<p>El partido fue un espect\u00e1culo lleno de emoci\u00f3n y tensi\u00f3n, con ambos equipos dando lo mejor de s\u00ed en busca de la gloria europea. A pesar del desempe\u00f1o de los italianos, con <strong>Alessandro Del Piero<\/strong> a la cabeza, el Real Madrid no se rindi\u00f3 y mostr\u00f3 su resiliencia caracter\u00edstica. Gracias al gol de <strong><a href=\"https:\/\/www.realmadrid.com\/sobre-el-real-madrid\/el-club\/historia\/jugadores-de-leyenda-futbol\/mijatovic\" target=\"_blank\" rel=\"noreferrer noopener\">Predrag Mijatovi\u0107<\/a> <\/strong>y una defensa s\u00f3lida, el conjunto madridista logr\u00f3 remontar el marcador y sellar una victoria memorable por 1-0.<\/p>\n\n\n\n<p>Esta <strong>s\u00e9ptima Copa de Europa<\/strong> signific\u00f3 mucho m\u00e1s que un simple trofeo para el Real Madrid. Represent\u00f3 el retorno al <strong>\u00e9xito europeo<\/strong> despu\u00e9s de un prolongado periodo de sequ\u00eda. Adem\u00e1s, consolid\u00f3 al club blanco como uno de los m\u00e1s grandes y prestigiosos en la historia del f\u00fatbol mundial. Podemos decir, incluso, que el impacto emocional de aquella victoria trascendi\u00f3 las fronteras del deporte.<\/p>\n\n\n\n<h3 class=\"wp-block-heading\" class=\"wp-block-heading\" id=\"el-betis-de-la-temporada-2005-2006-y-su-participacion-en-champions\">El Betis de la temporada 2005\/2006 y su participaci\u00f3n en Champions<\/h3>\n\n\n\n<p>En la historia del f\u00fatbol, las gestas emocionantes pueden ocurrir en cualquier momento. Tal es el caso del <strong>Real Betis Balompi\u00e9<\/strong> en la temporada <strong>2005-2006<\/strong>, una campa\u00f1a que qued\u00f3 marcada en la historia del f\u00fatbol espa\u00f1ol.<\/p>\n\n\n\n<p>Bajo la direcci\u00f3n de <strong><a href=\"https:\/\/es.besoccer.com\/entrenador\/lorenzo-serra-ferrer-3600\" target=\"_blank\" rel=\"noreferrer noopener\">Lorenzo Serra<\/a><\/strong>, el Betis vivi\u00f3 un a\u00f1o m\u00e1gico. Con un juego valiente y ofensivo, el equipo verdiblanco se gan\u00f3 el reconocimiento de propios y extra\u00f1os, y su clasificaci\u00f3n para la Liga de Campeones fue la culminaci\u00f3n de un esfuerzo arduo y una demostraci\u00f3n de que los sue\u00f1os pueden hacerse realidad en el f\u00fatbol.<\/p>\n\n\n\n<p>Aunque el Betis no logr\u00f3 avanzar m\u00e1s all\u00e1 de la fase de grupos, el mero hecho de competir en el torneo m\u00e1s prestigioso del continente fue motivo de gran emoci\u00f3n y orgullo. Sus enfrentamientos contra equipos de renombre como el<strong> Liverpool, Chelsea y Anderlecht<\/strong> son, simplemente, hist\u00f3ricos. Especialmente aquella victoria contra el Chelsea, uno de los equipos en mejor forma del mundo en aquel momento.&nbsp;<\/p>\n\n\n\n<p>La temporada 2005-2006 del Betis y su aventura en la Liga de Campeones demostraron que el f\u00fatbol es un deporte<strong> impredecible <\/strong>y lleno de sorpresas. El equipo se convirti\u00f3 en un s\u00edmbolo de valent\u00eda y superaci\u00f3n, inspirando a los aficionados a creer en lo imposible.<\/p>\n\n\n\n<figure class=\"wp-block-image size-large\"><img loading=\"lazy\" decoding=\"async\" height=\"664\" width=\"1024\" src=\"https:\/\/www.movistar.es\/blog\/wp-content\/uploads\/sites\/3\/2023\/07\/uefa-champions-league-real-betis-v-chelsea-scaled-e1678361322714.jpg?w=1024\" alt=\"historia del f\u00fatbol\" class=\"wp-image-15440\" srcset=\"https:\/\/www.movistar.es\/blog\/wp-content\/uploads\/sites\/3\/2023\/07\/uefa-champions-league-real-betis-v-chelsea-scaled-e1678361322714.jpg 1160w, https:\/\/www.movistar.es\/blog\/wp-content\/uploads\/sites\/3\/2023\/07\/uefa-champions-league-real-betis-v-chelsea-scaled-e1678361322714.jpg?resize=300,194 300w, https:\/\/www.movistar.es\/blog\/wp-content\/uploads\/sites\/3\/2023\/07\/uefa-champions-league-real-betis-v-chelsea-scaled-e1678361322714.jpg?resize=768,498 768w, https:\/\/www.movistar.es\/blog\/wp-content\/uploads\/sites\/3\/2023\/07\/uefa-champions-league-real-betis-v-chelsea-scaled-e1678361322714.jpg?resize=1024,664 1024w\" sizes=\"auto, (max-width: 1024px) 100vw, 1024px\" \/><\/figure>\n\n\n\n<h3 class=\"wp-block-heading\" class=\"wp-block-heading\" id=\"la-victoria-de-espana-en-la-eurocopa-de-2008\">La victoria de Espa\u00f1a en la Eurocopa de 2008<\/h3>\n\n\n\n<p>En el a\u00f1o 2008, la <strong>selecci\u00f3n espa\u00f1ola<\/strong> protagoniz\u00f3 otro de los momentos m\u00e1s emocionantes en la historia del f\u00fatbol al ganar la <strong>Eurocopa <\/strong>celebrada en Austria y Suiza. Dirigida por <strong>Luis Aragon\u00e9s<\/strong>, la selecci\u00f3n espa\u00f1ola deslumbr\u00f3 al mundo con su estilo de juego conocido como<strong> \u00abtiki-taka\u00bb<\/strong>, caracterizado por un toque preciso, posesi\u00f3n del bal\u00f3n y una fluidez de juego envidiable. <\/p>\n\n\n\n<p>La final contra <strong>Alemania<\/strong> fue un encuentro lleno de emoci\u00f3n y tensi\u00f3n. Ambos equipos mostraron su calidad y ofrecieron un espect\u00e1culo vibrante para los aficionados. Fue en el minuto 33 cuando<strong> <a href=\"https:\/\/www.fernando9torres.com\/\" target=\"_blank\" rel=\"noreferrer noopener\">Fernando Torres<\/a><\/strong> anot\u00f3 el gol que hizo estallar de alegr\u00eda a toda Espa\u00f1a. El pitido final desat\u00f3 una celebraci\u00f3n masiva y las calles se llenaron de una marea roja de aficionados festejando el \u00e9xito hist\u00f3rico.<\/p>\n\n\n\n<p>La victoria en la Eurocopa de 2008 fue m\u00e1s que un simple t\u00edtulo. Represent\u00f3 el renacimiento del f\u00fatbol espa\u00f1ol, un nuevo cap\u00edtulo en su historia. Espa\u00f1a demostr\u00f3 al mundo que el talento individual, el juego colectivo y la pasi\u00f3n pueden romper barreras y alcanzar la gloria.&nbsp;<\/p>\n\n\n\n<h3 class=\"wp-block-heading\" class=\"wp-block-heading\" id=\"historia-del-futbol-la-seleccion-espanola-gana-el-mundial-de-2010\">Historia del f\u00fatbol: La selecci\u00f3n espa\u00f1ola gana el Mundial de 2010<\/h3>\n\n\n\n<p>En la rica historia del f\u00fatbol, pocos momentos son tan emocionantes y trascendentales como aquel 11 de julio de 2010, cuando la selecci\u00f3n espa\u00f1ola hizo historia al coronarse campeona del mundo en el<strong> Mundial<\/strong> celebrado en<strong> Sud\u00e1frica<\/strong>. Aquella gesta \u00e9pica dej\u00f3 una marca imborrable en la memoria de un pa\u00eds y en el coraz\u00f3n de millones de aficionados.<\/p>\n\n\n\n<p>Bajo la direcci\u00f3n del estratega<strong> Vicente del Bosque<\/strong>, Espa\u00f1a despleg\u00f3 un f\u00fatbol magistral basado en el toque y la posesi\u00f3n. Con una plantilla repleta de un talento irrepetible -con algunos de los mejores jugadores de la historia del f\u00fatbol entre sus filas-, la selecci\u00f3n espa\u00f1ola cautiv\u00f3 a propios y extra\u00f1os con su estilo \u00fanico y dominante. En la final, se enfrentaron a los <strong>Pa\u00edses Bajos<\/strong>, otro equipo con una rica tradici\u00f3n futbol\u00edstica y deseoso de conquistar su primer t\u00edtulo mundial.<\/p>\n\n\n\n<p>El encuentro fue una batalla \u00e9pica, intensa y llena de emoci\u00f3n. Ambos equipos desplegaron su mejor juego y se entregaron al m\u00e1ximo en busca del anhelado trofeo. Sin embargo, fue un gol m\u00e1gico de <strong><a href=\"https:\/\/www.elconfidencial.com\/deportes\/futbol\/mundial\/2022-11-27\/espana-holanda-gol-iniesta-mundial-sudafrica-2010_3529343\/\" target=\"_blank\" rel=\"noreferrer noopener\">Andr\u00e9s Iniesta<\/a><\/strong> en la pr\u00f3rroga el que cambi\u00f3 la historia. Ese instante de pura magia, cuando la pelota se col\u00f3 en la red y el estadio estall\u00f3 en j\u00fabilo, sell\u00f3 la victoria para Espa\u00f1a y desat\u00f3 una avalancha de emociones en todo el pa\u00eds.<\/p>\n\n\n\n<figure class=\"wp-block-image size-large\"><img loading=\"lazy\" decoding=\"async\" height=\"768\" width=\"1024\" src=\"https:\/\/www.movistar.es\/blog\/wp-content\/uploads\/sites\/3\/2023\/07\/f.elconfidencial.com_original_377_793_1f5_3777931f5708fee8d58bf621876bcb3e.jpg?w=1024\" alt=\"historia del f\u00fatbol\" class=\"wp-image-15441\" srcset=\"https:\/\/www.movistar.es\/blog\/wp-content\/uploads\/sites\/3\/2023\/07\/f.elconfidencial.com_original_377_793_1f5_3777931f5708fee8d58bf621876bcb3e.jpg 1200w, https:\/\/www.movistar.es\/blog\/wp-content\/uploads\/sites\/3\/2023\/07\/f.elconfidencial.com_original_377_793_1f5_3777931f5708fee8d58bf621876bcb3e.jpg?resize=300,225 300w, https:\/\/www.movistar.es\/blog\/wp-content\/uploads\/sites\/3\/2023\/07\/f.elconfidencial.com_original_377_793_1f5_3777931f5708fee8d58bf621876bcb3e.jpg?resize=768,576 768w, https:\/\/www.movistar.es\/blog\/wp-content\/uploads\/sites\/3\/2023\/07\/f.elconfidencial.com_original_377_793_1f5_3777931f5708fee8d58bf621876bcb3e.jpg?resize=1024,768 1024w, https:\/\/www.movistar.es\/blog\/wp-content\/uploads\/sites\/3\/2023\/07\/f.elconfidencial.com_original_377_793_1f5_3777931f5708fee8d58bf621876bcb3e.jpg?resize=320,240 320w\" sizes=\"auto, (max-width: 1024px) 100vw, 1024px\" \/><\/figure>\n\n\n\n<h3 class=\"wp-block-heading\" class=\"wp-block-heading\" id=\"el-barca-vence-a-la-sampdoria-para-ganar-la-champions\">El Bar\u00e7a vence a la Sampdoria para ganar la Champions<\/h3>\n\n\n\n<p>A lo largo de la historia del f\u00fatbol, hay partidos que, simplemente, se convierten en leyendas. Uno de esos momentos inolvidables ocurri\u00f3 el 20 de mayo de 1992, cuando el <strong>FC Barcelona<\/strong> se enfrent\u00f3 a la<strong> Sampdoria<\/strong> en la final de la <strong>Liga de Campeones de la UEFA<\/strong>.&nbsp;<\/p>\n\n\n\n<p>El escenario fue el estadio de <strong>Wembley<\/strong> donde los dos equipos lucharon por el anhelado t\u00edtulo europeo. El Barcelona, bajo la direcci\u00f3n de <strong>Johan Cruyff<\/strong>, hab\u00eda construido un equipo formidable con jugadores como <strong>Ronald Koeman, <a href=\"https:\/\/www.transfermarkt.es\/pep-guardiola\/profil\/trainer\/5672\" target=\"_blank\" rel=\"noreferrer noopener\">Pep Guardiola<\/a> y Hristo Stoichkov<\/strong>. Por otro lado, la Sampdoria presentaba una dura oposici\u00f3n, liderada por su delantero estrella, <strong>Roberto Mancini<\/strong>.<\/p>\n\n\n\n<p>El partido estuvo lleno de emoci\u00f3n y tensi\u00f3n, con ambos equipos entreg\u00e1ndose por completo en busca de la victoria. Sin embargo, los 90 minutos reglamentarios y la pr\u00f3rroga no lograron romper el empate a cero goles. Fue en la <strong>tanda de penales <\/strong>cuando se escribi\u00f3 el desenlace emocionante y dram\u00e1tico. <strong>Ronald Koeman<\/strong> se convirtir\u00eda en el h\u00e9roe de la noche al anotar el gol decisivo desde el punto de penal.<\/p>\n\n\n\n<h2 class=\"wp-block-heading\" id=\"h-forma-parte-de-la-historia-del-futbol-con-movistar\">Forma parte de la historia del f\u00fatbol con Movistar<\/h2>\n\n\n\n<p>La historia del f\u00fatbol nunca se detiene. El futuro todav\u00eda esconde momentos inolvidables y llenos de emoci\u00f3n. Y no hay ning\u00fan lugar mejor para vivirlos que con <strong><a href=\"https:\/\/web.movistar.es\/particulares\/promociones\/movistar-ilimitado-esencial-futbol\" target=\"_blank\" rel=\"noreferrer noopener\">Movistar <\/a><a href=\"https:\/\/www.movistar.es\/particulares\/movistarplus\/tv-futbol\" target=\"_blank\" rel=\"noreferrer noopener\">Plus+<\/a><\/strong>, la casa del <a href=\"https:\/\/www.movistar.es\/blog\/movistar-plus\/tour-de-francia-en-directo-movistar\/\" target=\"_blank\" rel=\"noreferrer noopener\">deporte<\/a> donde tienes todo el f\u00fatbol.<\/p>\n\n\n\n<figure class=\"wp-block-embed is-type-video is-provider-youtube wp-block-embed-youtube wp-embed-aspect-16-9 wp-has-aspect-ratio\"><div class=\"wp-block-embed__wrapper\">\nhttps:\/\/youtu.be\/P_mCAXMod-c\n<\/div><\/figure>\n\n\n\n<p>Para ello, Movistar Plus+ ofrece tres paquetes diferentes a sus clientes: <strong>Toda LALIGA EA Sports (1\u00aa Divisi\u00f3n)<\/strong>, paquete <strong>Champions y Europa League<\/strong>, y <strong>Todo el F\u00fatbol<\/strong>.&nbsp;<\/p>\n\n\n\n<p>El paquete de <strong><a href=\"https:\/\/www.movistar.es\/particulares\/movistarplus\/tv-futbol\" target=\"_blank\" rel=\"noreferrer noopener\">LALIGA EA Sports<\/a><\/strong> incluye tres jornadas completas en exclusiva y transmisiones por los canales LALIGA EA SPORTS y DAZN LALIGA EA ESPORTS. Por otro lado, el paquete <strong><a href=\"https:\/\/www.movistar.es\/particulares\/movistarplus\/tv-futbol\" target=\"_blank\" rel=\"noreferrer noopener\">Champions y Europa League<\/a><\/strong> ofrece cobertura de la UEFA Champions League, la UEFA Europa League y las mejores ligas internacionales. El paquete <strong><a href=\"https:\/\/www.movistar.es\/particulares\/movistarplus\/tv-futbol\" target=\"_blank\" rel=\"noreferrer noopener\">Todo el F\u00fatbol<\/a><\/strong> combina la cobertura de la LALIGA EA Sports, LALIGA Hypermotion, Champions, Europa League, ligas internacionales y Copa del Rey.&nbsp;<\/p>\n\n\n\n<p>As\u00ed que, si no te quieres perder absolutamente nada, Movistar Plus+ es tu sitio. No esperes m\u00e1s y comienza a disfrutar del deporte rey como te mereces.<\/p>\n","protected":false},"excerpt":{"rendered":"<p>A lo largo de la historia del f\u00fatbol, hemos podido vivir momentos inolvidables que quedar\u00e1n grabados para siempre en nuestra memoria. Estos eventos trascienden m\u00e1s all\u00e1 de los l\u00edmites del deporte, convirti\u00e9ndose en hitos que [&hellip;]<\/p>\n","protected":false},"author":93,"featured_media":15771,"comment_status":"closed","ping_status":"closed","sticky":false,"template":"","format":"standard","meta":{"site-sidebar-layout":"default","site-content-layout":"","ast-site-content-layout":"","site-content-style":"default","site-sidebar-style":"default","ast-global-header-display":"","ast-banner-title-visibility":"","ast-main-header-display":"","ast-hfb-above-header-display":"","ast-hfb-below-header-display":"","ast-hfb-mobile-header-display":"","site-post-title":"","ast-breadcrumbs-content":"","ast-featured-img":"","footer-sml-layout":"","theme-transparent-header-meta":"","adv-header-id-meta":"","stick-header-meta":"","header-above-stick-meta":"","header-main-stick-meta":"","header-below-stick-meta":"","astra-migrate-meta-layouts":"default","ast-page-background-enabled":"default","ast-page-background-meta":{"desktop":{"background-color":"var(--ast-global-color-4)","background-image":"","background-repeat":"repeat","background-position":"center center","background-size":"auto","background-attachment":"scroll","background-type":"","background-media":"","overlay-type":"","overlay-color":"","overlay-opacity":"","overlay-gradient":""},"tablet":{"background-color":"","background-image":"","background-repeat":"repeat","background-position":"center center","background-size":"auto","background-attachment":"scroll","background-type":"","background-media":"","overlay-type":"","overlay-color":"","overlay-opacity":"","overlay-gradient":""},"mobile":{"background-color":"","background-image":"","background-repeat":"repeat","background-position":"center center","background-size":"auto","background-attachment":"scroll","background-type":"","background-media":"","overlay-type":"","overlay-color":"","overlay-opacity":"","overlay-gradient":""}},"ast-content-background-meta":{"desktop":{"background-color":"var(--ast-global-color-5)","background-image":"","background-repeat":"repeat","background-position":"center center","background-size":"auto","background-attachment":"scroll","background-type":"","background-media":"","overlay-type":"","overlay-color":"","overlay-opacity":"","overlay-gradient":""},"tablet":{"background-color":"var(--ast-global-color-5)","background-image":"","background-repeat":"repeat","background-position":"center center","background-size":"auto","background-attachment":"scroll","background-type":"","background-media":"","overlay-type":"","overlay-color":"","overlay-opacity":"","overlay-gradient":""},"mobile":{"background-color":"var(--ast-global-color-5)","background-image":"","background-repeat":"repeat","background-position":"center center","background-size":"auto","background-attachment":"scroll","background-type":"","background-media":"","overlay-type":"","overlay-color":"","overlay-opacity":"","overlay-gradient":""}},"_jetpack_memberships_contains_paid_content":false,"footnotes":""},"categories":[1],"tags":[],"area":[427],"cluster":[45],"linea_editorial":[],"coauthors":[467],"class_list":["post-15437","post","type-post","status-publish","format-standard","has-post-thumbnail","hentry","category-sin-categoria","area-gametv","cluster-movistar-plus"],"yoast_head":"<!-- This site is optimized with the Yoast SEO Premium plugin v25.5 (Yoast SEO v25.5) - https:\/\/yoast.com\/wordpress\/plugins\/seo\/ -->\n<title>Los 5 momentos m\u00e1s emocionantes en la historia del f\u00fatbol<\/title>\n<meta name=\"description\" content=\"Repasamos 5 de los momentos m\u00e1s emocionantes en la historia del f\u00fatbol y te explicamos las ventajas de ver el f\u00fatbol Movistar Plus+\" \/>\n<meta name=\"robots\" content=\"index, follow, max-snippet:-1, max-image-preview:large, max-video-preview:-1\" \/>\n<link rel=\"canonical\" href=\"https:\/\/www.movistar.es\/blog\/movistar-plus\/momentos-mas-emocionantes-historia-del-futbol\/\" \/>\n<meta property=\"og:locale\" content=\"es_ES\" \/>\n<meta property=\"og:type\" content=\"article\" \/>\n<meta property=\"og:title\" content=\"Los 5 momentos m\u00e1s emocionantes en la historia del f\u00fatbol\" \/>\n<meta property=\"og:description\" content=\"Repasamos 5 de los momentos m\u00e1s emocionantes en la historia del f\u00fatbol y te explicamos las ventajas de ver el f\u00fatbol Movistar Plus+\" \/>\n<meta property=\"og:url\" content=\"https:\/\/www.movistar.es\/blog\/movistar-plus\/momentos-mas-emocionantes-historia-del-futbol\/\" \/>\n<meta property=\"og:site_name\" content=\"Movistar blog\" \/>\n<meta property=\"article:author\" content=\"movistar.es\/\" \/>\n<meta property=\"article:published_time\" content=\"2023-07-27T05:39:06+00:00\" \/>\n<meta property=\"article:modified_time\" content=\"2023-09-01T14:04:54+00:00\" \/>\n<meta property=\"og:image\" content=\"https:\/\/www.movistar.es\/blog\/wp-content\/uploads\/sites\/3\/2023\/07\/copa-champions-1998.jpg\" \/>\n\t<meta property=\"og:image:width\" content=\"940\" \/>\n\t<meta property=\"og:image:height\" content=\"529\" \/>\n\t<meta property=\"og:image:type\" content=\"image\/jpeg\" \/>\n<meta name=\"author\" content=\"Equipo de Redacci\u00f3n\" \/>\n<meta name=\"twitter:card\" content=\"summary_large_image\" \/>\n<meta name=\"twitter:creator\" content=\"@movistar_es\" \/>\n<meta name=\"twitter:label1\" content=\"Written by\" \/>\n\t<meta name=\"twitter:data1\" content=\"Equipo de Redacci\u00f3n\" \/>\n\t<meta name=\"twitter:label2\" content=\"Est. reading time\" \/>\n\t<meta name=\"twitter:data2\" content=\"7 minutos\" \/>\n<script type=\"application\/ld+json\" class=\"yoast-schema-graph\">{\"@context\":\"https:\/\/schema.org\",\"@graph\":[{\"@type\":\"Article\",\"@id\":\"https:\/\/www.movistar.es\/blog\/movistar-plus\/momentos-mas-emocionantes-historia-del-futbol\/#article\",\"isPartOf\":{\"@id\":\"https:\/\/www.movistar.es\/blog\/movistar-plus\/momentos-mas-emocionantes-historia-del-futbol\/\"},\"author\":{\"name\":\"Equipo de Redacci\u00f3n\",\"@id\":\"https:\/\/www.movistar.es\/blog\/#\/schema\/person\/6184006f5def4638e52e2d0ff98bd55a\"},\"headline\":\"Los 5 momentos m\u00e1s emocionantes en la historia del f\u00fatbol\",\"datePublished\":\"2023-07-27T05:39:06+00:00\",\"dateModified\":\"2023-09-01T14:04:54+00:00\",\"mainEntityOfPage\":{\"@id\":\"https:\/\/www.movistar.es\/blog\/movistar-plus\/momentos-mas-emocionantes-historia-del-futbol\/\"},\"wordCount\":1445,\"publisher\":{\"@id\":\"https:\/\/www.movistar.es\/blog\/#organization\"},\"image\":{\"@id\":\"https:\/\/www.movistar.es\/blog\/movistar-plus\/momentos-mas-emocionantes-historia-del-futbol\/#primaryimage\"},\"thumbnailUrl\":\"https:\/\/www.movistar.es\/blog\/wp-content\/uploads\/sites\/3\/2023\/07\/copa-champions-1998.jpg\",\"inLanguage\":\"es\"},{\"@type\":\"WebPage\",\"@id\":\"https:\/\/www.movistar.es\/blog\/movistar-plus\/momentos-mas-emocionantes-historia-del-futbol\/\",\"url\":\"https:\/\/www.movistar.es\/blog\/movistar-plus\/momentos-mas-emocionantes-historia-del-futbol\/\",\"name\":\"Los 5 momentos m\u00e1s emocionantes en la historia del f\u00fatbol\",\"isPartOf\":{\"@id\":\"https:\/\/www.movistar.es\/blog\/#website\"},\"primaryImageOfPage\":{\"@id\":\"https:\/\/www.movistar.es\/blog\/movistar-plus\/momentos-mas-emocionantes-historia-del-futbol\/#primaryimage\"},\"image\":{\"@id\":\"https:\/\/www.movistar.es\/blog\/movistar-plus\/momentos-mas-emocionantes-historia-del-futbol\/#primaryimage\"},\"thumbnailUrl\":\"https:\/\/www.movistar.es\/blog\/wp-content\/uploads\/sites\/3\/2023\/07\/copa-champions-1998.jpg\",\"datePublished\":\"2023-07-27T05:39:06+00:00\",\"dateModified\":\"2023-09-01T14:04:54+00:00\",\"description\":\"Repasamos 5 de los momentos m\u00e1s emocionantes en la historia del f\u00fatbol y te explicamos las ventajas de ver el f\u00fatbol Movistar Plus+\",\"breadcrumb\":{\"@id\":\"https:\/\/www.movistar.es\/blog\/movistar-plus\/momentos-mas-emocionantes-historia-del-futbol\/#breadcrumb\"},\"inLanguage\":\"es\",\"potentialAction\":[{\"@type\":\"ReadAction\",\"target\":[\"https:\/\/www.movistar.es\/blog\/movistar-plus\/momentos-mas-emocionantes-historia-del-futbol\/\"]}]},{\"@type\":\"ImageObject\",\"inLanguage\":\"es\",\"@id\":\"https:\/\/www.movistar.es\/blog\/movistar-plus\/momentos-mas-emocionantes-historia-del-futbol\/#primaryimage\",\"url\":\"https:\/\/www.movistar.es\/blog\/wp-content\/uploads\/sites\/3\/2023\/07\/copa-champions-1998.jpg\",\"contentUrl\":\"https:\/\/www.movistar.es\/blog\/wp-content\/uploads\/sites\/3\/2023\/07\/copa-champions-1998.jpg\",\"width\":940,\"height\":529,\"caption\":\"historia del f\u00fatbol\"},{\"@type\":\"BreadcrumbList\",\"@id\":\"https:\/\/www.movistar.es\/blog\/movistar-plus\/momentos-mas-emocionantes-historia-del-futbol\/#breadcrumb\",\"itemListElement\":[{\"@type\":\"ListItem\",\"position\":1,\"name\":\"Home\",\"item\":\"https:\/\/www.movistar.es\/blog\/\"},{\"@type\":\"ListItem\",\"position\":2,\"name\":\"Los 5 momentos m\u00e1s emocionantes en la historia del f\u00fatbol\"}]},{\"@type\":\"WebSite\",\"@id\":\"https:\/\/www.movistar.es\/blog\/#website\",\"url\":\"https:\/\/www.movistar.es\/blog\/\",\"name\":\"Movistar blog\",\"description\":\"Movistar Blog. Informaci\u00f3n y m\u00e1s sobre los productos y servicios de Movistar\",\"publisher\":{\"@id\":\"https:\/\/www.movistar.es\/blog\/#organization\"},\"potentialAction\":[{\"@type\":\"SearchAction\",\"target\":{\"@type\":\"EntryPoint\",\"urlTemplate\":\"https:\/\/www.movistar.es\/blog\/?s={search_term_string}\"},\"query-input\":{\"@type\":\"PropertyValueSpecification\",\"valueRequired\":true,\"valueName\":\"search_term_string\"}}],\"inLanguage\":\"es\"},{\"@type\":\"Organization\",\"@id\":\"https:\/\/www.movistar.es\/blog\/#organization\",\"name\":\"Movistar blog\",\"url\":\"https:\/\/www.movistar.es\/blog\/\",\"logo\":{\"@type\":\"ImageObject\",\"inLanguage\":\"es\",\"@id\":\"https:\/\/www.movistar.es\/blog\/#\/schema\/logo\/image\/\",\"url\":\"https:\/\/www.movistar.es\/blog\/wp-content\/uploads\/sites\/3\/2022\/05\/logo_movistar-1.svg\",\"contentUrl\":\"https:\/\/www.movistar.es\/blog\/wp-content\/uploads\/sites\/3\/2022\/05\/logo_movistar-1.svg\",\"width\":369,\"height\":272,\"caption\":\"Movistar blog\"},\"image\":{\"@id\":\"https:\/\/www.movistar.es\/blog\/#\/schema\/logo\/image\/\"}},{\"@type\":\"Person\",\"@id\":\"https:\/\/www.movistar.es\/blog\/#\/schema\/person\/6184006f5def4638e52e2d0ff98bd55a\",\"name\":\"Equipo de Redacci\u00f3n\",\"image\":{\"@type\":\"ImageObject\",\"inLanguage\":\"es\",\"@id\":\"https:\/\/www.movistar.es\/blog\/#\/schema\/person\/image\/8dbf7dc767c23aa5f974d575dda930c5\",\"url\":\"https:\/\/secure.gravatar.com\/avatar\/ce5aadad84c2aeb36c9813c46e41a53b0c9cc1d57205e8cde4bdf0ed790b3c97\",\"contentUrl\":\"https:\/\/secure.gravatar.com\/avatar\/ce5aadad84c2aeb36c9813c46e41a53b0c9cc1d57205e8cde4bdf0ed790b3c97\",\"caption\":\"Equipo de Redacci\u00f3n\"},\"description\":\"Buscamos temas de tu inter\u00e9s. Te contamos c\u00f3mo pueden ayudarte en tu d\u00eda a d\u00eda los productos y servicios de Movistar. No queremos venderte nada. Queremos descubrirte cosas para hacerte la vida m\u00e1s f\u00e1cil.\",\"sameAs\":[\"https:\/\/www.movistar.es\/\",\"movistar.es\/\",\"https:\/\/www.instagram.com\/movistar_es\/?hl=es\",\"https:\/\/x.com\/movistar_es\"],\"knowsAbout\":[\"smartphones\",\"conectividad\",\"hogar digital\",\"ciberseguridad\"],\"url\":\"https:\/\/www.movistar.es\/blog\/author\/contentmovistar\/\"}]}<\/script>\n<!-- \/ Yoast SEO Premium plugin. -->","yoast_head_json":{"title":"Los 5 momentos m\u00e1s emocionantes en la historia del f\u00fatbol","description":"Repasamos 5 de los momentos m\u00e1s emocionantes en la historia del f\u00fatbol y te explicamos las ventajas de ver el f\u00fatbol Movistar Plus+","robots":{"index":"index","follow":"follow","max-snippet":"max-snippet:-1","max-image-preview":"max-image-preview:large","max-video-preview":"max-video-preview:-1"},"canonical":"https:\/\/www.movistar.es\/blog\/movistar-plus\/momentos-mas-emocionantes-historia-del-futbol\/","og_locale":"es_ES","og_type":"article","og_title":"Los 5 momentos m\u00e1s emocionantes en la historia del f\u00fatbol","og_description":"Repasamos 5 de los momentos m\u00e1s emocionantes en la historia del f\u00fatbol y te explicamos las ventajas de ver el f\u00fatbol Movistar Plus+","og_url":"https:\/\/www.movistar.es\/blog\/movistar-plus\/momentos-mas-emocionantes-historia-del-futbol\/","og_site_name":"Movistar blog","article_author":"movistar.es\/","article_published_time":"2023-07-27T05:39:06+00:00","article_modified_time":"2023-09-01T14:04:54+00:00","og_image":[{"width":940,"height":529,"url":"https:\/\/www.movistar.es\/blog\/wp-content\/uploads\/sites\/3\/2023\/07\/copa-champions-1998.jpg","type":"image\/jpeg"}],"author":"Equipo de Redacci\u00f3n","twitter_card":"summary_large_image","twitter_creator":"@movistar_es","twitter_misc":{"Written by":"Equipo de Redacci\u00f3n","Est. reading time":"7 minutos"},"schema":{"@context":"https:\/\/schema.org","@graph":[{"@type":"Article","@id":"https:\/\/www.movistar.es\/blog\/movistar-plus\/momentos-mas-emocionantes-historia-del-futbol\/#article","isPartOf":{"@id":"https:\/\/www.movistar.es\/blog\/movistar-plus\/momentos-mas-emocionantes-historia-del-futbol\/"},"author":{"name":"Equipo de Redacci\u00f3n","@id":"https:\/\/www.movistar.es\/blog\/#\/schema\/person\/6184006f5def4638e52e2d0ff98bd55a"},"headline":"Los 5 momentos m\u00e1s emocionantes en la historia del f\u00fatbol","datePublished":"2023-07-27T05:39:06+00:00","dateModified":"2023-09-01T14:04:54+00:00","mainEntityOfPage":{"@id":"https:\/\/www.movistar.es\/blog\/movistar-plus\/momentos-mas-emocionantes-historia-del-futbol\/"},"wordCount":1445,"publisher":{"@id":"https:\/\/www.movistar.es\/blog\/#organization"},"image":{"@id":"https:\/\/www.movistar.es\/blog\/movistar-plus\/momentos-mas-emocionantes-historia-del-futbol\/#primaryimage"},"thumbnailUrl":"https:\/\/www.movistar.es\/blog\/wp-content\/uploads\/sites\/3\/2023\/07\/copa-champions-1998.jpg","inLanguage":"es"},{"@type":"WebPage","@id":"https:\/\/www.movistar.es\/blog\/movistar-plus\/momentos-mas-emocionantes-historia-del-futbol\/","url":"https:\/\/www.movistar.es\/blog\/movistar-plus\/momentos-mas-emocionantes-historia-del-futbol\/","name":"Los 5 momentos m\u00e1s emocionantes en la historia del f\u00fatbol","isPartOf":{"@id":"https:\/\/www.movistar.es\/blog\/#website"},"primaryImageOfPage":{"@id":"https:\/\/www.movistar.es\/blog\/movistar-plus\/momentos-mas-emocionantes-historia-del-futbol\/#primaryimage"},"image":{"@id":"https:\/\/www.movistar.es\/blog\/movistar-plus\/momentos-mas-emocionantes-historia-del-futbol\/#primaryimage"},"thumbnailUrl":"https:\/\/www.movistar.es\/blog\/wp-content\/uploads\/sites\/3\/2023\/07\/copa-champions-1998.jpg","datePublished":"2023-07-27T05:39:06+00:00","dateModified":"2023-09-01T14:04:54+00:00","description":"Repasamos 5 de los momentos m\u00e1s emocionantes en la historia del f\u00fatbol y te explicamos las ventajas de ver el f\u00fatbol Movistar Plus+","breadcrumb":{"@id":"https:\/\/www.movistar.es\/blog\/movistar-plus\/momentos-mas-emocionantes-historia-del-futbol\/#breadcrumb"},"inLanguage":"es","potentialAction":[{"@type":"ReadAction","target":["https:\/\/www.movistar.es\/blog\/movistar-plus\/momentos-mas-emocionantes-historia-del-futbol\/"]}]},{"@type":"ImageObject","inLanguage":"es","@id":"https:\/\/www.movistar.es\/blog\/movistar-plus\/momentos-mas-emocionantes-historia-del-futbol\/#primaryimage","url":"https:\/\/www.movistar.es\/blog\/wp-content\/uploads\/sites\/3\/2023\/07\/copa-champions-1998.jpg","contentUrl":"https:\/\/www.movistar.es\/blog\/wp-content\/uploads\/sites\/3\/2023\/07\/copa-champions-1998.jpg","width":940,"height":529,"caption":"historia del f\u00fatbol"},{"@type":"BreadcrumbList","@id":"https:\/\/www.movistar.es\/blog\/movistar-plus\/momentos-mas-emocionantes-historia-del-futbol\/#breadcrumb","itemListElement":[{"@type":"ListItem","position":1,"name":"Home","item":"https:\/\/www.movistar.es\/blog\/"},{"@type":"ListItem","position":2,"name":"Los 5 momentos m\u00e1s emocionantes en la historia del f\u00fatbol"}]},{"@type":"WebSite","@id":"https:\/\/www.movistar.es\/blog\/#website","url":"https:\/\/www.movistar.es\/blog\/","name":"Movistar blog","description":"Movistar Blog. Informaci\u00f3n y m\u00e1s sobre los productos y servicios de Movistar","publisher":{"@id":"https:\/\/www.movistar.es\/blog\/#organization"},"potentialAction":[{"@type":"SearchAction","target":{"@type":"EntryPoint","urlTemplate":"https:\/\/www.movistar.es\/blog\/?s={search_term_string}"},"query-input":{"@type":"PropertyValueSpecification","valueRequired":true,"valueName":"search_term_string"}}],"inLanguage":"es"},{"@type":"Organization","@id":"https:\/\/www.movistar.es\/blog\/#organization","name":"Movistar blog","url":"https:\/\/www.movistar.es\/blog\/","logo":{"@type":"ImageObject","inLanguage":"es","@id":"https:\/\/www.movistar.es\/blog\/#\/schema\/logo\/image\/","url":"https:\/\/www.movistar.es\/blog\/wp-content\/uploads\/sites\/3\/2022\/05\/logo_movistar-1.svg","contentUrl":"https:\/\/www.movistar.es\/blog\/wp-content\/uploads\/sites\/3\/2022\/05\/logo_movistar-1.svg","width":369,"height":272,"caption":"Movistar blog"},"image":{"@id":"https:\/\/www.movistar.es\/blog\/#\/schema\/logo\/image\/"}},{"@type":"Person","@id":"https:\/\/www.movistar.es\/blog\/#\/schema\/person\/6184006f5def4638e52e2d0ff98bd55a","name":"Equipo de Redacci\u00f3n","image":{"@type":"ImageObject","inLanguage":"es","@id":"https:\/\/www.movistar.es\/blog\/#\/schema\/person\/image\/8dbf7dc767c23aa5f974d575dda930c5","url":"https:\/\/secure.gravatar.com\/avatar\/ce5aadad84c2aeb36c9813c46e41a53b0c9cc1d57205e8cde4bdf0ed790b3c97","contentUrl":"https:\/\/secure.gravatar.com\/avatar\/ce5aadad84c2aeb36c9813c46e41a53b0c9cc1d57205e8cde4bdf0ed790b3c97","caption":"Equipo de Redacci\u00f3n"},"description":"Buscamos temas de tu inter\u00e9s. Te contamos c\u00f3mo pueden ayudarte en tu d\u00eda a d\u00eda los productos y servicios de Movistar. No queremos venderte nada. Queremos descubrirte cosas para hacerte la vida m\u00e1s f\u00e1cil.","sameAs":["https:\/\/www.movistar.es\/","movistar.es\/","https:\/\/www.instagram.com\/movistar_es\/?hl=es","https:\/\/x.com\/movistar_es"],"knowsAbout":["smartphones","conectividad","hogar digital","ciberseguridad"],"url":"https:\/\/www.movistar.es\/blog\/author\/contentmovistar\/"}]}},"jetpack_featured_media_url":"https:\/\/www.movistar.es\/blog\/wp-content\/uploads\/sites\/3\/2023\/07\/copa-champions-1998.jpg","jetpack_sharing_enabled":true,"_links":{"self":[{"href":"https:\/\/www.movistar.es\/blog\/wp-json\/wp\/v2\/posts\/15437","targetHints":{"allow":["GET"]}}],"collection":[{"href":"https:\/\/www.movistar.es\/blog\/wp-json\/wp\/v2\/posts"}],"about":[{"href":"https:\/\/www.movistar.es\/blog\/wp-json\/wp\/v2\/types\/post"}],"author":[{"embeddable":true,"href":"https:\/\/www.movistar.es\/blog\/wp-json\/wp\/v2\/users\/93"}],"replies":[{"embeddable":true,"href":"https:\/\/www.movistar.es\/blog\/wp-json\/wp\/v2\/comments?post=15437"}],"version-history":[{"count":23,"href":"https:\/\/www.movistar.es\/blog\/wp-json\/wp\/v2\/posts\/15437\/revisions"}],"predecessor-version":[{"id":16909,"href":"https:\/\/www.movistar.es\/blog\/wp-json\/wp\/v2\/posts\/15437\/revisions\/16909"}],"wp:featuredmedia":[{"embeddable":true,"href":"https:\/\/www.movistar.es\/blog\/wp-json\/wp\/v2\/media\/15771"}],"wp:attachment":[{"href":"https:\/\/www.movistar.es\/blog\/wp-json\/wp\/v2\/media?parent=15437"}],"wp:term":[{"taxonomy":"category","embeddable":true,"href":"https:\/\/www.movistar.es\/blog\/wp-json\/wp\/v2\/categories?post=15437"},{"taxonomy":"post_tag","embeddable":true,"href":"https:\/\/www.movistar.es\/blog\/wp-json\/wp\/v2\/tags?post=15437"},{"taxonomy":"area","embeddable":true,"href":"https:\/\/www.movistar.es\/blog\/wp-json\/wp\/v2\/area?post=15437"},{"taxonomy":"cluster","embeddable":true,"href":"https:\/\/www.movistar.es\/blog\/wp-json\/wp\/v2\/cluster?post=15437"},{"taxonomy":"linea_editorial","embeddable":true,"href":"https:\/\/www.movistar.es\/blog\/wp-json\/wp\/v2\/linea_editorial?post=15437"},{"taxonomy":"author","embeddable":true,"href":"https:\/\/www.movistar.es\/blog\/wp-json\/wp\/v2\/coauthors?post=15437"}],"curies":[{"name":"wp","href":"https:\/\/api.w.org\/{rel}","templated":true}]}}