{"id":15356,"date":"2023-07-24T08:32:35","date_gmt":"2023-07-24T06:32:35","guid":{"rendered":"https:\/\/www.movistar.es\/blog\/?p=15356"},"modified":"2023-08-23T14:13:13","modified_gmt":"2023-08-23T12:13:13","slug":"cambios-diales-movistar-plus","status":"publish","type":"post","link":"https:\/\/www.movistar.es\/blog\/movistar-plus\/cambios-diales-movistar-plus\/","title":{"rendered":"Movistar Plus+: Qu\u00e9 diales cambian a partir del 23 de agosto"},"content":{"rendered":"\n<p>Desde el 1 de agosto reconfiguramos la oferta y el 23 de agosto reordenamos el contenido para facilitar y enriquecer la experiencia Movistar Plus+. Con este objetivo, ofrecemos nuevos canales exclusivos y esto implica que a partir de los d\u00edas 1 y 23 de agosto habr\u00e1 una serie de cambios en los <a href=\"https:\/\/comunidad.movistar.es\/t5\/Blog-Movisfera\/Listado-de-canales-y-diales-de-Movistar-Plus\/ba-p\/4327300\"><strong>canales<\/strong><\/a> y en los diales, que te contamos aqu\u00ed para que no te pierdas nada.<\/p>\n\n\n\n<p>El primer cambio es que concentramos lo mejor de la plataforma en un \u00fanico canal,<strong> Movistar Plus+<\/strong> <strong>(dial 7)<\/strong> que se convierte en nuestro buque insignia en la actual posici\u00f3n del canal #0. A partir del 1 de agosto, podr\u00e1s disfrutar del nuevo canal Movistar Plus+, disponible para clientes con <strong>TV Esencial<\/strong> o <strong>Fusi\u00f3n Familiar<\/strong>. Aparece tambi\u00e9n en el dial 14 el canal \u00ab<strong><a href=\"https:\/\/originales.movistarplus.es\/\" target=\"_blank\" rel=\"noreferrer noopener\">Originales por M+<\/a>\u201d<\/strong>, disponible para todos los clientes con oferta de Televisi\u00f3n, donde podr\u00e1s seguir disfrutando de todas las producciones originales de Movistar Plus+: <a href=\"https:\/\/www.movistar.es\/blog\/movistar-plus\/5-peliculas-movistar-plus-para-ver-familia\/\" target=\"_blank\" rel=\"noreferrer noopener\">pel\u00edculas<\/a>, series, documentales, programas exclusivos, etc\u00e9tera.<\/p>\n\n\n\n<h3 class=\"wp-block-heading\" class=\"wp-block-heading\" id=\"otros-cambios-de-diales-que-tienes-que-conocer\">Otros cambios de diales que tienes que conocer<\/h3>\n\n\n\n<ul class=\"wp-block-list\"><li><a href=\"https:\/\/www.movistar.es\/blog\/movistar-plus\/ver-la-resistencia-movistarplus\/\"><strong>La Resistencia<\/strong> <\/a><strong><a href=\"https:\/\/www.movistar.es\/blog\/movistar-plus\/ver-la-resistencia-movistarplus\/\">por M+<\/a>, <\/strong>el emblem\u00e1tico programa presentado por <strong>David Broncano<\/strong>, cambia del dial 21 al <strong>dial 19<\/strong>.<\/li><li>Por otro lado,&nbsp;<strong> <\/strong>Estrenos por M+ y Estrenos 2 por M+<strong> <\/strong>se unifican en el canal <strong>Cine por M+<\/strong>, situado en el <strong>dial 12<\/strong>. De igual forma, Series por M+ y Series por M+ 2 se unifican en<strong> Series por M+,<\/strong> en el <strong>dial 13<\/strong>.<\/li><\/ul>\n\n\n\n<figure class=\"wp-block-image size-full\"><img loading=\"lazy\" decoding=\"async\" width=\"1024\" height=\"600\" src=\"https:\/\/www.movistar.es\/blog\/wp-content\/uploads\/sites\/3\/2023\/07\/la-resistencia-1641812402.png\" alt=\"diales movistar plus+\" class=\"wp-image-15360\" srcset=\"https:\/\/www.movistar.es\/blog\/wp-content\/uploads\/sites\/3\/2023\/07\/la-resistencia-1641812402.png 1024w, https:\/\/www.movistar.es\/blog\/wp-content\/uploads\/sites\/3\/2023\/07\/la-resistencia-1641812402.png?resize=300,176 300w, https:\/\/www.movistar.es\/blog\/wp-content\/uploads\/sites\/3\/2023\/07\/la-resistencia-1641812402.png?resize=768,450 768w\" sizes=\"auto, (max-width: 1024px) 100vw, 1024px\" \/><\/figure>\n\n\n\n<ul class=\"wp-block-list\"><li><strong>M+ Fest <\/strong>se convierte en el nuevo canal <strong>M\u00fasica por M+<\/strong>, que ahora se podr\u00e1 encontrar en el <strong>dial 18<\/strong>. Por \u00faltimo, Clic Cine, actualmente disponible en el dial 14 en los descodificadores UHD, se convierte en el nuevo <strong>canal Multicine<\/strong> en el <strong>dial 16<\/strong>.<\/li><\/ul>\n\n\n\n<p>Por \u00faltimo, <strong>los partidos de pretemporada<\/strong> se podr\u00e1n ver en el canal LALIGA TV por M+ (dial 56). Te recordamos que la mejor forma para informarte de los diales de los canales de Movistar Plus+ es a trav\u00e9s de la <strong>gu\u00eda de tu descodificador.<\/strong> Tambi\u00e9n puedes informarte en <strong><a href=\"https:\/\/www.movistarplus.es\/diales\" target=\"_blank\" rel=\"noreferrer noopener\">movistaplus.es\/diales<\/a><\/strong>.<\/p>\n\n\n\n<h2 class=\"wp-block-heading\" id=\"h-disfruta-de-tu-contenido-favorito-en-movistar-plus\">Disfruta de tu contenido favorito en Movistar Plus+<\/h2>\n\n\n\n<p>Los diales de Movistar Plus+ cambian, pero hay algo que se mantiene inamovible: en Movistar Plus+ podr\u00e1s encontrar todo el contenido que m\u00e1s te gusta.<\/p>\n\n\n\n<p>Desde los mejores estrenos de cine y pel\u00edculas cl\u00e1sicas, hasta&nbsp;<a href=\"https:\/\/www.movistar.es\/blog\/movistar-plus\/proximos-estrenos-series-movistar-plus\/\"><strong>series<\/strong><\/a>&nbsp;y&nbsp;<a href=\"https:\/\/www.movistar.es\/blog\/movistar-plus\/coronacion-carlos-iii-movistar-plus\/\"><strong>documentales<\/strong><\/a>&nbsp;de todo tipo para ver en familia. Y, a\u00fan as\u00ed, esto no es todo. Ya que en&nbsp;<strong>Movistar Plus+<\/strong>&nbsp;encontrar\u00e1s tambi\u00e9n una extensa programaci\u00f3n de&nbsp;<strong>deportes<\/strong>&nbsp;(<a href=\"https:\/\/web.movistar.es\/particulares\/promociones\/movistar-ilimitado-esencial-futbol\"><strong>f\u00fatbol<\/strong><\/a>, baloncesto, tenis,&nbsp;<a href=\"https:\/\/www.movistar.es\/blog\/movistar-plus\/programacion-f1-dazn-verano\/\"><strong>F\u00f3rmula 1<\/strong><\/a>&nbsp;y mucho m\u00e1s), competiciones y programas.&nbsp;Sin lugar a dudas, en&nbsp;<a href=\"https:\/\/www.movistar.es\/particulares\/movistarplus\"><strong>Movistar Plus+<\/strong><\/a><strong>&nbsp;<\/strong>encontrar\u00e1s todo lo que quieras y m\u00e1s. El l\u00edmite es tu imaginaci\u00f3n.<\/p>\n","protected":false},"excerpt":{"rendered":"<p>Desde el 1 de agosto reconfiguramos la oferta y el 23 de agosto reordenamos el contenido para facilitar y enriquecer la experiencia Movistar Plus+. Con este objetivo, ofrecemos nuevos canales exclusivos y esto implica que [&hellip;]<\/p>\n","protected":false},"author":93,"featured_media":15958,"comment_status":"closed","ping_status":"closed","sticky":false,"template":"","format":"standard","meta":{"site-sidebar-layout":"default","site-content-layout":"","ast-site-content-layout":"","site-content-style":"default","site-sidebar-style":"default","ast-global-header-display":"","ast-banner-title-visibility":"","ast-main-header-display":"","ast-hfb-above-header-display":"","ast-hfb-below-header-display":"","ast-hfb-mobile-header-display":"","site-post-title":"","ast-breadcrumbs-content":"","ast-featured-img":"","footer-sml-layout":"","theme-transparent-header-meta":"","adv-header-id-meta":"","stick-header-meta":"","header-above-stick-meta":"","header-main-stick-meta":"","header-below-stick-meta":"","astra-migrate-meta-layouts":"default","ast-page-background-enabled":"default","ast-page-background-meta":{"desktop":{"background-color":"var(--ast-global-color-4)","background-image":"","background-repeat":"repeat","background-position":"center center","background-size":"auto","background-attachment":"scroll","background-type":"","background-media":"","overlay-type":"","overlay-color":"","overlay-opacity":"","overlay-gradient":""},"tablet":{"background-color":"","background-image":"","background-repeat":"repeat","background-position":"center center","background-size":"auto","background-attachment":"scroll","background-type":"","background-media":"","overlay-type":"","overlay-color":"","overlay-opacity":"","overlay-gradient":""},"mobile":{"background-color":"","background-image":"","background-repeat":"repeat","background-position":"center center","background-size":"auto","background-attachment":"scroll","background-type":"","background-media":"","overlay-type":"","overlay-color":"","overlay-opacity":"","overlay-gradient":""}},"ast-content-background-meta":{"desktop":{"background-color":"var(--ast-global-color-5)","background-image":"","background-repeat":"repeat","background-position":"center center","background-size":"auto","background-attachment":"scroll","background-type":"","background-media":"","overlay-type":"","overlay-color":"","overlay-opacity":"","overlay-gradient":""},"tablet":{"background-color":"var(--ast-global-color-5)","background-image":"","background-repeat":"repeat","background-position":"center center","background-size":"auto","background-attachment":"scroll","background-type":"","background-media":"","overlay-type":"","overlay-color":"","overlay-opacity":"","overlay-gradient":""},"mobile":{"background-color":"var(--ast-global-color-5)","background-image":"","background-repeat":"repeat","background-position":"center center","background-size":"auto","background-attachment":"scroll","background-type":"","background-media":"","overlay-type":"","overlay-color":"","overlay-opacity":"","overlay-gradient":""}},"_jetpack_memberships_contains_paid_content":false,"footnotes":""},"categories":[1],"tags":[],"area":[427],"cluster":[45],"linea_editorial":[],"coauthors":[467],"class_list":["post-15356","post","type-post","status-publish","format-standard","has-post-thumbnail","hentry","category-sin-categoria","area-gametv","cluster-movistar-plus"],"yoast_head":"<!-- This site is optimized with the Yoast SEO Premium plugin v25.5 (Yoast SEO v25.5) - https:\/\/yoast.com\/wordpress\/plugins\/seo\/ -->\n<title>Movistar Plus+: Qu\u00e9 diales cambian a partir del 23 de agosto<\/title>\n<meta name=\"description\" content=\"Te contamos todos los cambios de diales que llegar\u00e1n a Movistar Plus+ a partir del pr\u00f3ximo d\u00eda 1 de agosto.\" \/>\n<meta name=\"robots\" content=\"index, follow, max-snippet:-1, max-image-preview:large, max-video-preview:-1\" \/>\n<link rel=\"canonical\" href=\"https:\/\/www.movistar.es\/blog\/movistar-plus\/cambios-diales-movistar-plus\/\" \/>\n<meta property=\"og:locale\" content=\"es_ES\" \/>\n<meta property=\"og:type\" content=\"article\" \/>\n<meta property=\"og:title\" content=\"Movistar Plus+: Qu\u00e9 diales cambian a partir del 23 de agosto\" \/>\n<meta property=\"og:description\" content=\"Te contamos todos los cambios de diales que llegar\u00e1n a Movistar Plus+ a partir del pr\u00f3ximo d\u00eda 1 de agosto.\" \/>\n<meta property=\"og:url\" content=\"https:\/\/www.movistar.es\/blog\/movistar-plus\/cambios-diales-movistar-plus\/\" \/>\n<meta property=\"og:site_name\" content=\"Movistar blog\" \/>\n<meta property=\"article:author\" content=\"movistar.es\/\" \/>\n<meta property=\"article:published_time\" content=\"2023-07-24T06:32:35+00:00\" \/>\n<meta property=\"article:modified_time\" content=\"2023-08-23T12:13:13+00:00\" \/>\n<meta property=\"og:image\" content=\"https:\/\/www.movistar.es\/blog\/wp-content\/uploads\/sites\/3\/2023\/07\/MOVISTARPLUS1AGOST_CABECERABLOG.jpg\" \/>\n\t<meta property=\"og:image:width\" content=\"1920\" \/>\n\t<meta property=\"og:image:height\" content=\"636\" \/>\n\t<meta property=\"og:image:type\" content=\"image\/jpeg\" \/>\n<meta name=\"author\" content=\"Equipo de Redacci\u00f3n\" \/>\n<meta name=\"twitter:card\" content=\"summary_large_image\" \/>\n<meta name=\"twitter:creator\" content=\"@movistar_es\" \/>\n<meta name=\"twitter:label1\" content=\"Written by\" \/>\n\t<meta name=\"twitter:data1\" content=\"Equipo de Redacci\u00f3n\" \/>\n\t<meta name=\"twitter:label2\" content=\"Est. reading time\" \/>\n\t<meta name=\"twitter:data2\" content=\"3 minutos\" \/>\n<script type=\"application\/ld+json\" class=\"yoast-schema-graph\">{\"@context\":\"https:\/\/schema.org\",\"@graph\":[{\"@type\":\"Article\",\"@id\":\"https:\/\/www.movistar.es\/blog\/movistar-plus\/cambios-diales-movistar-plus\/#article\",\"isPartOf\":{\"@id\":\"https:\/\/www.movistar.es\/blog\/movistar-plus\/cambios-diales-movistar-plus\/\"},\"author\":{\"name\":\"Equipo de Redacci\u00f3n\",\"@id\":\"https:\/\/www.movistar.es\/blog\/#\/schema\/person\/6184006f5def4638e52e2d0ff98bd55a\"},\"headline\":\"Movistar Plus+: Qu\u00e9 diales cambian a partir del 23 de agosto\",\"datePublished\":\"2023-07-24T06:32:35+00:00\",\"dateModified\":\"2023-08-23T12:13:13+00:00\",\"mainEntityOfPage\":{\"@id\":\"https:\/\/www.movistar.es\/blog\/movistar-plus\/cambios-diales-movistar-plus\/\"},\"wordCount\":464,\"publisher\":{\"@id\":\"https:\/\/www.movistar.es\/blog\/#organization\"},\"image\":{\"@id\":\"https:\/\/www.movistar.es\/blog\/movistar-plus\/cambios-diales-movistar-plus\/#primaryimage\"},\"thumbnailUrl\":\"https:\/\/www.movistar.es\/blog\/wp-content\/uploads\/sites\/3\/2023\/07\/MOVISTARPLUS1AGOST_CABECERABLOG.jpg\",\"inLanguage\":\"es\"},{\"@type\":\"WebPage\",\"@id\":\"https:\/\/www.movistar.es\/blog\/movistar-plus\/cambios-diales-movistar-plus\/\",\"url\":\"https:\/\/www.movistar.es\/blog\/movistar-plus\/cambios-diales-movistar-plus\/\",\"name\":\"Movistar Plus+: Qu\u00e9 diales cambian a partir del 23 de agosto\",\"isPartOf\":{\"@id\":\"https:\/\/www.movistar.es\/blog\/#website\"},\"primaryImageOfPage\":{\"@id\":\"https:\/\/www.movistar.es\/blog\/movistar-plus\/cambios-diales-movistar-plus\/#primaryimage\"},\"image\":{\"@id\":\"https:\/\/www.movistar.es\/blog\/movistar-plus\/cambios-diales-movistar-plus\/#primaryimage\"},\"thumbnailUrl\":\"https:\/\/www.movistar.es\/blog\/wp-content\/uploads\/sites\/3\/2023\/07\/MOVISTARPLUS1AGOST_CABECERABLOG.jpg\",\"datePublished\":\"2023-07-24T06:32:35+00:00\",\"dateModified\":\"2023-08-23T12:13:13+00:00\",\"description\":\"Te contamos todos los cambios de diales que llegar\u00e1n a Movistar Plus+ a partir del pr\u00f3ximo d\u00eda 1 de agosto.\",\"breadcrumb\":{\"@id\":\"https:\/\/www.movistar.es\/blog\/movistar-plus\/cambios-diales-movistar-plus\/#breadcrumb\"},\"inLanguage\":\"es\",\"potentialAction\":[{\"@type\":\"ReadAction\",\"target\":[\"https:\/\/www.movistar.es\/blog\/movistar-plus\/cambios-diales-movistar-plus\/\"]}]},{\"@type\":\"ImageObject\",\"inLanguage\":\"es\",\"@id\":\"https:\/\/www.movistar.es\/blog\/movistar-plus\/cambios-diales-movistar-plus\/#primaryimage\",\"url\":\"https:\/\/www.movistar.es\/blog\/wp-content\/uploads\/sites\/3\/2023\/07\/MOVISTARPLUS1AGOST_CABECERABLOG.jpg\",\"contentUrl\":\"https:\/\/www.movistar.es\/blog\/wp-content\/uploads\/sites\/3\/2023\/07\/MOVISTARPLUS1AGOST_CABECERABLOG.jpg\",\"width\":1920,\"height\":636,\"caption\":\"cambio diales M+\"},{\"@type\":\"BreadcrumbList\",\"@id\":\"https:\/\/www.movistar.es\/blog\/movistar-plus\/cambios-diales-movistar-plus\/#breadcrumb\",\"itemListElement\":[{\"@type\":\"ListItem\",\"position\":1,\"name\":\"Home\",\"item\":\"https:\/\/www.movistar.es\/blog\/\"},{\"@type\":\"ListItem\",\"position\":2,\"name\":\"Movistar Plus+: Qu\u00e9 diales cambian a partir del 23 de agosto\"}]},{\"@type\":\"WebSite\",\"@id\":\"https:\/\/www.movistar.es\/blog\/#website\",\"url\":\"https:\/\/www.movistar.es\/blog\/\",\"name\":\"Movistar blog\",\"description\":\"Movistar Blog. Informaci\u00f3n y m\u00e1s sobre los productos y servicios de Movistar\",\"publisher\":{\"@id\":\"https:\/\/www.movistar.es\/blog\/#organization\"},\"potentialAction\":[{\"@type\":\"SearchAction\",\"target\":{\"@type\":\"EntryPoint\",\"urlTemplate\":\"https:\/\/www.movistar.es\/blog\/?s={search_term_string}\"},\"query-input\":{\"@type\":\"PropertyValueSpecification\",\"valueRequired\":true,\"valueName\":\"search_term_string\"}}],\"inLanguage\":\"es\"},{\"@type\":\"Organization\",\"@id\":\"https:\/\/www.movistar.es\/blog\/#organization\",\"name\":\"Movistar blog\",\"url\":\"https:\/\/www.movistar.es\/blog\/\",\"logo\":{\"@type\":\"ImageObject\",\"inLanguage\":\"es\",\"@id\":\"https:\/\/www.movistar.es\/blog\/#\/schema\/logo\/image\/\",\"url\":\"https:\/\/www.movistar.es\/blog\/wp-content\/uploads\/sites\/3\/2022\/05\/logo_movistar-1.svg\",\"contentUrl\":\"https:\/\/www.movistar.es\/blog\/wp-content\/uploads\/sites\/3\/2022\/05\/logo_movistar-1.svg\",\"width\":369,\"height\":272,\"caption\":\"Movistar blog\"},\"image\":{\"@id\":\"https:\/\/www.movistar.es\/blog\/#\/schema\/logo\/image\/\"}},{\"@type\":\"Person\",\"@id\":\"https:\/\/www.movistar.es\/blog\/#\/schema\/person\/6184006f5def4638e52e2d0ff98bd55a\",\"name\":\"Equipo de Redacci\u00f3n\",\"image\":{\"@type\":\"ImageObject\",\"inLanguage\":\"es\",\"@id\":\"https:\/\/www.movistar.es\/blog\/#\/schema\/person\/image\/8dbf7dc767c23aa5f974d575dda930c5\",\"url\":\"https:\/\/secure.gravatar.com\/avatar\/ce5aadad84c2aeb36c9813c46e41a53b0c9cc1d57205e8cde4bdf0ed790b3c97\",\"contentUrl\":\"https:\/\/secure.gravatar.com\/avatar\/ce5aadad84c2aeb36c9813c46e41a53b0c9cc1d57205e8cde4bdf0ed790b3c97\",\"caption\":\"Equipo de Redacci\u00f3n\"},\"description\":\"Buscamos temas de tu inter\u00e9s. Te contamos c\u00f3mo pueden ayudarte en tu d\u00eda a d\u00eda los productos y servicios de Movistar. No queremos venderte nada. Queremos descubrirte cosas para hacerte la vida m\u00e1s f\u00e1cil.\",\"sameAs\":[\"https:\/\/www.movistar.es\/\",\"movistar.es\/\",\"https:\/\/www.instagram.com\/movistar_es\/?hl=es\",\"https:\/\/x.com\/movistar_es\"],\"knowsAbout\":[\"smartphones\",\"conectividad\",\"hogar digital\",\"ciberseguridad\"],\"url\":\"https:\/\/www.movistar.es\/blog\/author\/contentmovistar\/\"}]}<\/script>\n<!-- \/ Yoast SEO Premium plugin. -->","yoast_head_json":{"title":"Movistar Plus+: Qu\u00e9 diales cambian a partir del 23 de agosto","description":"Te contamos todos los cambios de diales que llegar\u00e1n a Movistar Plus+ a partir del pr\u00f3ximo d\u00eda 1 de agosto.","robots":{"index":"index","follow":"follow","max-snippet":"max-snippet:-1","max-image-preview":"max-image-preview:large","max-video-preview":"max-video-preview:-1"},"canonical":"https:\/\/www.movistar.es\/blog\/movistar-plus\/cambios-diales-movistar-plus\/","og_locale":"es_ES","og_type":"article","og_title":"Movistar Plus+: Qu\u00e9 diales cambian a partir del 23 de agosto","og_description":"Te contamos todos los cambios de diales que llegar\u00e1n a Movistar Plus+ a partir del pr\u00f3ximo d\u00eda 1 de agosto.","og_url":"https:\/\/www.movistar.es\/blog\/movistar-plus\/cambios-diales-movistar-plus\/","og_site_name":"Movistar blog","article_author":"movistar.es\/","article_published_time":"2023-07-24T06:32:35+00:00","article_modified_time":"2023-08-23T12:13:13+00:00","og_image":[{"width":1920,"height":636,"url":"https:\/\/www.movistar.es\/blog\/wp-content\/uploads\/sites\/3\/2023\/07\/MOVISTARPLUS1AGOST_CABECERABLOG.jpg","type":"image\/jpeg"}],"author":"Equipo de Redacci\u00f3n","twitter_card":"summary_large_image","twitter_creator":"@movistar_es","twitter_misc":{"Written by":"Equipo de Redacci\u00f3n","Est. reading time":"3 minutos"},"schema":{"@context":"https:\/\/schema.org","@graph":[{"@type":"Article","@id":"https:\/\/www.movistar.es\/blog\/movistar-plus\/cambios-diales-movistar-plus\/#article","isPartOf":{"@id":"https:\/\/www.movistar.es\/blog\/movistar-plus\/cambios-diales-movistar-plus\/"},"author":{"name":"Equipo de Redacci\u00f3n","@id":"https:\/\/www.movistar.es\/blog\/#\/schema\/person\/6184006f5def4638e52e2d0ff98bd55a"},"headline":"Movistar Plus+: Qu\u00e9 diales cambian a partir del 23 de agosto","datePublished":"2023-07-24T06:32:35+00:00","dateModified":"2023-08-23T12:13:13+00:00","mainEntityOfPage":{"@id":"https:\/\/www.movistar.es\/blog\/movistar-plus\/cambios-diales-movistar-plus\/"},"wordCount":464,"publisher":{"@id":"https:\/\/www.movistar.es\/blog\/#organization"},"image":{"@id":"https:\/\/www.movistar.es\/blog\/movistar-plus\/cambios-diales-movistar-plus\/#primaryimage"},"thumbnailUrl":"https:\/\/www.movistar.es\/blog\/wp-content\/uploads\/sites\/3\/2023\/07\/MOVISTARPLUS1AGOST_CABECERABLOG.jpg","inLanguage":"es"},{"@type":"WebPage","@id":"https:\/\/www.movistar.es\/blog\/movistar-plus\/cambios-diales-movistar-plus\/","url":"https:\/\/www.movistar.es\/blog\/movistar-plus\/cambios-diales-movistar-plus\/","name":"Movistar Plus+: Qu\u00e9 diales cambian a partir del 23 de agosto","isPartOf":{"@id":"https:\/\/www.movistar.es\/blog\/#website"},"primaryImageOfPage":{"@id":"https:\/\/www.movistar.es\/blog\/movistar-plus\/cambios-diales-movistar-plus\/#primaryimage"},"image":{"@id":"https:\/\/www.movistar.es\/blog\/movistar-plus\/cambios-diales-movistar-plus\/#primaryimage"},"thumbnailUrl":"https:\/\/www.movistar.es\/blog\/wp-content\/uploads\/sites\/3\/2023\/07\/MOVISTARPLUS1AGOST_CABECERABLOG.jpg","datePublished":"2023-07-24T06:32:35+00:00","dateModified":"2023-08-23T12:13:13+00:00","description":"Te contamos todos los cambios de diales que llegar\u00e1n a Movistar Plus+ a partir del pr\u00f3ximo d\u00eda 1 de agosto.","breadcrumb":{"@id":"https:\/\/www.movistar.es\/blog\/movistar-plus\/cambios-diales-movistar-plus\/#breadcrumb"},"inLanguage":"es","potentialAction":[{"@type":"ReadAction","target":["https:\/\/www.movistar.es\/blog\/movistar-plus\/cambios-diales-movistar-plus\/"]}]},{"@type":"ImageObject","inLanguage":"es","@id":"https:\/\/www.movistar.es\/blog\/movistar-plus\/cambios-diales-movistar-plus\/#primaryimage","url":"https:\/\/www.movistar.es\/blog\/wp-content\/uploads\/sites\/3\/2023\/07\/MOVISTARPLUS1AGOST_CABECERABLOG.jpg","contentUrl":"https:\/\/www.movistar.es\/blog\/wp-content\/uploads\/sites\/3\/2023\/07\/MOVISTARPLUS1AGOST_CABECERABLOG.jpg","width":1920,"height":636,"caption":"cambio diales M+"},{"@type":"BreadcrumbList","@id":"https:\/\/www.movistar.es\/blog\/movistar-plus\/cambios-diales-movistar-plus\/#breadcrumb","itemListElement":[{"@type":"ListItem","position":1,"name":"Home","item":"https:\/\/www.movistar.es\/blog\/"},{"@type":"ListItem","position":2,"name":"Movistar Plus+: Qu\u00e9 diales cambian a partir del 23 de agosto"}]},{"@type":"WebSite","@id":"https:\/\/www.movistar.es\/blog\/#website","url":"https:\/\/www.movistar.es\/blog\/","name":"Movistar blog","description":"Movistar Blog. Informaci\u00f3n y m\u00e1s sobre los productos y servicios de Movistar","publisher":{"@id":"https:\/\/www.movistar.es\/blog\/#organization"},"potentialAction":[{"@type":"SearchAction","target":{"@type":"EntryPoint","urlTemplate":"https:\/\/www.movistar.es\/blog\/?s={search_term_string}"},"query-input":{"@type":"PropertyValueSpecification","valueRequired":true,"valueName":"search_term_string"}}],"inLanguage":"es"},{"@type":"Organization","@id":"https:\/\/www.movistar.es\/blog\/#organization","name":"Movistar blog","url":"https:\/\/www.movistar.es\/blog\/","logo":{"@type":"ImageObject","inLanguage":"es","@id":"https:\/\/www.movistar.es\/blog\/#\/schema\/logo\/image\/","url":"https:\/\/www.movistar.es\/blog\/wp-content\/uploads\/sites\/3\/2022\/05\/logo_movistar-1.svg","contentUrl":"https:\/\/www.movistar.es\/blog\/wp-content\/uploads\/sites\/3\/2022\/05\/logo_movistar-1.svg","width":369,"height":272,"caption":"Movistar blog"},"image":{"@id":"https:\/\/www.movistar.es\/blog\/#\/schema\/logo\/image\/"}},{"@type":"Person","@id":"https:\/\/www.movistar.es\/blog\/#\/schema\/person\/6184006f5def4638e52e2d0ff98bd55a","name":"Equipo de Redacci\u00f3n","image":{"@type":"ImageObject","inLanguage":"es","@id":"https:\/\/www.movistar.es\/blog\/#\/schema\/person\/image\/8dbf7dc767c23aa5f974d575dda930c5","url":"https:\/\/secure.gravatar.com\/avatar\/ce5aadad84c2aeb36c9813c46e41a53b0c9cc1d57205e8cde4bdf0ed790b3c97","contentUrl":"https:\/\/secure.gravatar.com\/avatar\/ce5aadad84c2aeb36c9813c46e41a53b0c9cc1d57205e8cde4bdf0ed790b3c97","caption":"Equipo de Redacci\u00f3n"},"description":"Buscamos temas de tu inter\u00e9s. Te contamos c\u00f3mo pueden ayudarte en tu d\u00eda a d\u00eda los productos y servicios de Movistar. No queremos venderte nada. Queremos descubrirte cosas para hacerte la vida m\u00e1s f\u00e1cil.","sameAs":["https:\/\/www.movistar.es\/","movistar.es\/","https:\/\/www.instagram.com\/movistar_es\/?hl=es","https:\/\/x.com\/movistar_es"],"knowsAbout":["smartphones","conectividad","hogar digital","ciberseguridad"],"url":"https:\/\/www.movistar.es\/blog\/author\/contentmovistar\/"}]}},"jetpack_featured_media_url":"https:\/\/www.movistar.es\/blog\/wp-content\/uploads\/sites\/3\/2023\/07\/MOVISTARPLUS1AGOST_CABECERABLOG.jpg","jetpack_sharing_enabled":true,"_links":{"self":[{"href":"https:\/\/www.movistar.es\/blog\/wp-json\/wp\/v2\/posts\/15356","targetHints":{"allow":["GET"]}}],"collection":[{"href":"https:\/\/www.movistar.es\/blog\/wp-json\/wp\/v2\/posts"}],"about":[{"href":"https:\/\/www.movistar.es\/blog\/wp-json\/wp\/v2\/types\/post"}],"author":[{"embeddable":true,"href":"https:\/\/www.movistar.es\/blog\/wp-json\/wp\/v2\/users\/93"}],"replies":[{"embeddable":true,"href":"https:\/\/www.movistar.es\/blog\/wp-json\/wp\/v2\/comments?post=15356"}],"version-history":[{"count":17,"href":"https:\/\/www.movistar.es\/blog\/wp-json\/wp\/v2\/posts\/15356\/revisions"}],"predecessor-version":[{"id":16626,"href":"https:\/\/www.movistar.es\/blog\/wp-json\/wp\/v2\/posts\/15356\/revisions\/16626"}],"wp:featuredmedia":[{"embeddable":true,"href":"https:\/\/www.movistar.es\/blog\/wp-json\/wp\/v2\/media\/15958"}],"wp:attachment":[{"href":"https:\/\/www.movistar.es\/blog\/wp-json\/wp\/v2\/media?parent=15356"}],"wp:term":[{"taxonomy":"category","embeddable":true,"href":"https:\/\/www.movistar.es\/blog\/wp-json\/wp\/v2\/categories?post=15356"},{"taxonomy":"post_tag","embeddable":true,"href":"https:\/\/www.movistar.es\/blog\/wp-json\/wp\/v2\/tags?post=15356"},{"taxonomy":"area","embeddable":true,"href":"https:\/\/www.movistar.es\/blog\/wp-json\/wp\/v2\/area?post=15356"},{"taxonomy":"cluster","embeddable":true,"href":"https:\/\/www.movistar.es\/blog\/wp-json\/wp\/v2\/cluster?post=15356"},{"taxonomy":"linea_editorial","embeddable":true,"href":"https:\/\/www.movistar.es\/blog\/wp-json\/wp\/v2\/linea_editorial?post=15356"},{"taxonomy":"author","embeddable":true,"href":"https:\/\/www.movistar.es\/blog\/wp-json\/wp\/v2\/coauthors?post=15356"}],"curies":[{"name":"wp","href":"https:\/\/api.w.org\/{rel}","templated":true}]}}