{"id":15286,"date":"2023-07-13T15:14:39","date_gmt":"2023-07-13T13:14:39","guid":{"rendered":"https:\/\/www.movistar.es\/blog\/?p=15286"},"modified":"2023-07-13T15:14:40","modified_gmt":"2023-07-13T13:14:40","slug":"tour-de-francia-en-directo-movistar","status":"publish","type":"post","link":"https:\/\/www.movistar.es\/blog\/movistar-plus\/tour-de-francia-en-directo-movistar\/","title":{"rendered":"La emoci\u00f3n del Tour de Francia se vive en directo con Movistar"},"content":{"rendered":"\n<p>La emoci\u00f3n del <strong>Tour de Francia <\/strong>est\u00e1 de vuelta y, un a\u00f1o m\u00e1s, puedes verlo en directo de la mano de Movistar. En el d\u00eda de hoy, hablaremos sobre las caracter\u00edsticas de la edici\u00f3n 2023, sus etapas m\u00e1s significativas y, por supuesto, la partici\u00f3n del <strong><a href=\"https:\/\/movistarteam.com\/\" target=\"_blank\" rel=\"noreferrer noopener\">Movistar Team<\/a><\/strong>.<\/p>\n\n\n\n<p>Adem\u00e1s, tambi\u00e9n te contaremos c\u00f3mo puedes disfrutar de todo esto y mucho m\u00e1s contenido gracias a <a href=\"https:\/\/www.movistar.es\/particulares\/movistarplus\" target=\"_blank\" rel=\"noreferrer noopener\"><strong>Movistar Plus+<\/strong><\/a>. As\u00ed que, si no quieres perderte absolutamente nada, te recomendamos que sigas leyendo.<\/p>\n\n\n\n<h2 class=\"wp-block-heading\" class=\"wp-block-heading\" id=\"tour-de-francia-en-directo-etapas-destacadas\">Tour de Francia en directo: etapas destacadas<\/h2>\n\n\n\n<p>Como cada a\u00f1o, el Tour de Francia nos permitir\u00e1 ver en vivo y en directo la intensidad de algunas de sus etapas m\u00e1s legendarias. Adem\u00e1s, esta edici\u00f3n cuenta con una particularidad: las primeras etapas se sit\u00faan en <strong>territorio espa\u00f1ol<\/strong>.<\/p>\n\n\n\n<p>El pasado 1 de julio se produjo la \u2018Gran Salida\u2019 de la competici\u00f3n estrella del ciclismo en <strong><a href=\"https:\/\/www.letour.fr\/es\/etapa-1\" target=\"_blank\" rel=\"noreferrer noopener\">Bilbao<\/a><\/strong>, celebrando los 120 a\u00f1os de existencia del Tour de Francia. La etapa, ubicada por primera vez en la capital vizca\u00edna, const\u00f3 de un total de 182 kil\u00f3metros.<\/p>\n\n\n\n<p>La segunda etapa se desarroll\u00f3 entre <strong>Vitoria Gasteiz y San Sebasti\u00e1n<\/strong>. Mientras que la tercera, la \u00faltima ubicada en Euskadi, transcurri\u00f3 a lo largo de 185 kil\u00f3metros entre <strong>Amorebieta y Bayona<\/strong>.<\/p>\n\n\n\n<figure class=\"wp-block-image size-large\"><img loading=\"lazy\" decoding=\"async\" height=\"683\" width=\"1024\" src=\"https:\/\/www.movistar.es\/blog\/wp-content\/uploads\/sites\/3\/2023\/07\/16881113369176.jpg?w=1024\" alt=\"tour de francia en directo\" class=\"wp-image-15288\" srcset=\"https:\/\/www.movistar.es\/blog\/wp-content\/uploads\/sites\/3\/2023\/07\/16881113369176.jpg 3072w, https:\/\/www.movistar.es\/blog\/wp-content\/uploads\/sites\/3\/2023\/07\/16881113369176.jpg?resize=300,200 300w, https:\/\/www.movistar.es\/blog\/wp-content\/uploads\/sites\/3\/2023\/07\/16881113369176.jpg?resize=768,512 768w, https:\/\/www.movistar.es\/blog\/wp-content\/uploads\/sites\/3\/2023\/07\/16881113369176.jpg?resize=1024,683 1024w, https:\/\/www.movistar.es\/blog\/wp-content\/uploads\/sites\/3\/2023\/07\/16881113369176.jpg?resize=1536,1024 1536w, https:\/\/www.movistar.es\/blog\/wp-content\/uploads\/sites\/3\/2023\/07\/16881113369176.jpg?resize=2048,1365 2048w\" sizes=\"auto, (max-width: 1024px) 100vw, 1024px\" \/><\/figure>\n\n\n\n<p>A partir de entonces, el Tour de Francia comenz\u00f3 su traves\u00eda a lo largo del pa\u00eds que le da nombre. Antes de llegar a <strong>Par\u00eds<\/strong> el <strong>23 de julio<\/strong>, los 176 ciclistas participantes tendr\u00e1n que pasar, como es tradici\u00f3n, por los cinco macizos monta\u00f1osos galos.<\/p>\n\n\n\n<h3 class=\"wp-block-heading\" id=\"h-las-etapas-mas-destacadas-en-el-tour-de-francia-2023\">Las etapas m\u00e1s destacadas en el Tour de Francia 2023<\/h3>\n\n\n\n<p>En la edici\u00f3n de 2023 del Tour, nos esperan etapas para el recuerdo. Por ejemplo, se vivir\u00e1 un episodio decisivo en el <strong>Puy de D\u00f4me<\/strong>, donde se disputar\u00e1 una llegada del Tour de Francia que podremos ver en directo en Movistar 35 a\u00f1os despu\u00e9s desde la \u00faltima vez que form\u00f3 parte de la hoja de ruta.<\/p>\n\n\n\n<p>Otros lugares tan emblem\u00e1ticos como el <strong>Grand Colombier<\/strong> o el <strong>Col de la Loze<\/strong> tambi\u00e9n cobrar\u00e1n gran importancia en esta edici\u00f3n. Pero no solo los escaladores tendr\u00e1n protagonismo, ya que etapas como <strong>Limoges, Moulins o Poligny<\/strong> ser\u00e1n perfectas para los sprinters.<\/p>\n\n\n\n<p>El Tour de Francia 2023 tan solo tendr\u00e1 una etapa contrarreloj. Esta tendr\u00e1 lugar a lo largo de 22 kil\u00f3metros entre <strong>Passy<\/strong> y la estaci\u00f3n de <strong>Combloux<\/strong> de Alta Saboya. La etapa reina del Tour ser\u00e1 la n\u00famero 17, la cual transcurrir\u00e1 entre<strong> Saint-Gervais Mont-Blanc y Courchevel <\/strong>con dos puertos de primera y uno de categor\u00eda especial.<\/p>\n\n\n\n<p>Como puedes ver, esta edici\u00f3n del Tour est\u00e1 plagada de sorpresas para los amantes del ciclismo. Sin duda, ver este a\u00f1o el Tour de Francia en directo es una experiencia que nadie deber\u00eda perderse.<\/p>\n\n\n\n<h2 class=\"wp-block-heading\" class=\"wp-block-heading\" id=\"como-va-la-competicion-hasta-el-momento\">C\u00f3mo va la competici\u00f3n hasta el momento<\/h2>\n\n\n\n<p>En el momento de redacci\u00f3n de este art\u00edculo, ya hemos vivido un total de <strong>10 etapas<\/strong> de este Tour de Francia en directo que pod\u00e9is ver en Movistar. Y, desde luego, est\u00e1 siendo todo un espect\u00e1culo.<\/p>\n\n\n\n<p>En la 10\u00aa etapa, un espa\u00f1ol ha vuelto a dar una victoria a nuestro pa\u00eds en el Tour de Francia 5 a\u00f1os despu\u00e9s de la \u00faltima. Estamos hablando de <strong><a href=\"https:\/\/www.marca.com\/ciclismo\/tour-francia\/2023\/07\/11\/64ad7110268e3eb9398b456f.html\" target=\"_blank\" rel=\"noreferrer noopener\">Pello Bilbao<\/a><\/strong> (Bahrain Victorious), quien ya ha inscrito su nombre en los libros de historia de este <a href=\"https:\/\/www.movistar.es\/blog\/movistar-plus\/la-programacion-de-todo-el-deporte-en-movistar-plus\/\" target=\"_blank\" rel=\"noreferrer noopener\">deporte<\/a>.<\/p>\n\n\n\n<p>Actualmente, Bilbao se encuentra en la quinta posici\u00f3n de la clasificaci\u00f3n por la lucha por el maillot amarillo, a 4:34 del primer puesto. Dicho primer puesto le pertenece a <strong>Jonas Vingegaard<\/strong> (Jumbo-Visma), ganador del Tour de Francia 2022, quien, a d\u00eda de hoy, ostenta un tiempo de 42h 33&#8242; 13\u00bb.<\/p>\n\n\n\n<p>Tras el danes, y a tan solo 17 segundos, nos encontramos con <strong>Tadej Pogacar<\/strong> (UAE Team Emirates). La tercera posici\u00f3n es para <strong>Jai Hindley<\/strong> (Bora &#8211; Hansgrohe) a 2:40 minutos, mientras que la cuarta le pertenece a otro ciclista espa\u00f1ol: <strong><a href=\"https:\/\/as.com\/ciclismo\/tour_francia\/carlos-rodriguez-asi-es-el-nuevo-hombre-tour-en-espana-n\/\" target=\"_blank\" rel=\"noreferrer noopener\">Carlos Rodr\u00edguez<\/a><\/strong> (Ineos Grenadiers), a 4:22 minutos del primer puesto.<\/p>\n\n\n\n<p>Como podemos ver, el ciclismo espa\u00f1ol est\u00e1 m\u00e1s que presente en este Tour de Francia con la presencia de Rodr\u00edguez y Bilbao, cuarta y quinta posici\u00f3n respectivamente. Por supuesto, Movistar, adem\u00e1s de ofrecer el Tour de Francia en directo, tambi\u00e9n cuenta con representaci\u00f3n en el asfalto gracias a <strong>Movistar Team<\/strong>.<\/p>\n\n\n\n<h3 class=\"wp-block-heading\" class=\"wp-block-heading\" id=\"movistar-mucho-mas-que-el-tour-de-francia-en-directo\">Movistar, mucho m\u00e1s que el Tour de Francia en directo<\/h3>\n\n\n\n<p>Si eres seguidor del ciclismo, sabr\u00e1s que Movistar siempre ha estado muy presente en la disciplina y no solo por emitir el Tour de Francia en directo. Tanto es as\u00ed que su equipo, actualmente llamado Movistar Team, ha albergado entre sus filas a grandes ciclistas.<\/p>\n\n\n\n<p>En esta edici\u00f3n, el equipo, que cumple 41 participaciones en la competici\u00f3n gala, ha incorporado a nuevos miembros para dar todo de s\u00ed en el Tour de Francia 2023.&nbsp;<\/p>\n\n\n\n<p>La escuadra de Movistar Team es dirigida por <strong>Eusebio Unzu\u00e9<\/strong>. El equipo de ocho corredores est\u00e1 compuesto por <strong>Enric Mas, Matteo Jorgenson, Nelson Oliveira, Antonio Pedrero, Ruben Guerreiro, Gregor M\u00fchlberger<\/strong> y dos ciclistas vascos, <strong>Gorka Izagirre y Alex Aranburu<\/strong>.<\/p>\n\n\n\n<p>Para esta edici\u00f3n del Tour, el equipo tambi\u00e9n ha presentado su novedosa equipaci\u00f3n \u2018<strong><a href=\"https:\/\/movistarteam.com\/2023-06-19\/kit-iceberg-tour-francia-2023\" target=\"_blank\" rel=\"noreferrer noopener\">Iceberg<\/a><\/strong>\u2019. Dicha equipaci\u00f3n, ha sido realizada con pl\u00e1stico reciclado y tiene, adem\u00e1s, fines sostenibles y solidarios.<\/p>\n\n\n\n<p>Actualmente, el Movistar Team se encuentra en la <strong>octava posici\u00f3n<\/strong> dentro de la clasificaci\u00f3n por equipos de este Tour de Francia 2023. De entre los miembros del equipo,<strong> Gorka Izagirre<\/strong> es el que ocupa una mejor posici\u00f3n general, concretamente la n\u00famero 29. Tras \u00e9l tenemos a <strong>Ruben Antonio Almeida Guerreiro<\/strong>, que ostenta la posici\u00f3n n\u00famero 33.<\/p>\n\n\n\n<figure class=\"wp-block-image size-large\"><img loading=\"lazy\" decoding=\"async\" height=\"683\" width=\"1024\" src=\"https:\/\/www.movistar.es\/blog\/wp-content\/uploads\/sites\/3\/2023\/07\/GOBIK-X-MOVISTAR-STUDIO-OK-13_retocada-scaled-1.jpg?w=1024\" alt=\"tour de francia en directo\" class=\"wp-image-15291\" srcset=\"https:\/\/www.movistar.es\/blog\/wp-content\/uploads\/sites\/3\/2023\/07\/GOBIK-X-MOVISTAR-STUDIO-OK-13_retocada-scaled-1.jpg 2560w, https:\/\/www.movistar.es\/blog\/wp-content\/uploads\/sites\/3\/2023\/07\/GOBIK-X-MOVISTAR-STUDIO-OK-13_retocada-scaled-1.jpg?resize=300,200 300w, https:\/\/www.movistar.es\/blog\/wp-content\/uploads\/sites\/3\/2023\/07\/GOBIK-X-MOVISTAR-STUDIO-OK-13_retocada-scaled-1.jpg?resize=768,512 768w, https:\/\/www.movistar.es\/blog\/wp-content\/uploads\/sites\/3\/2023\/07\/GOBIK-X-MOVISTAR-STUDIO-OK-13_retocada-scaled-1.jpg?resize=1024,683 1024w, https:\/\/www.movistar.es\/blog\/wp-content\/uploads\/sites\/3\/2023\/07\/GOBIK-X-MOVISTAR-STUDIO-OK-13_retocada-scaled-1.jpg?resize=1536,1024 1536w, https:\/\/www.movistar.es\/blog\/wp-content\/uploads\/sites\/3\/2023\/07\/GOBIK-X-MOVISTAR-STUDIO-OK-13_retocada-scaled-1.jpg?resize=2048,1366 2048w\" sizes=\"auto, (max-width: 1024px) 100vw, 1024px\" \/><\/figure>\n\n\n\n<h2 class=\"wp-block-heading\" id=\"h-como-ver-el-tour-de-francia-en-directo-con-movistar\">C\u00f3mo ver el Tour de Francia en directo con Movistar<\/h2>\n\n\n\n<p>Como ya es tradici\u00f3n, en Movistar puedes ver el Tour de Francia en directo. Y es que la edici\u00f3n de 2023 no iba a ser diferente, ya que <a href=\"https:\/\/www.movistar.es\/particulares\/movistarplus\" target=\"_blank\" rel=\"noreferrer noopener\"><strong>Movistar Plus+<\/strong><\/a> es la casa del <a href=\"https:\/\/www.movistar.es\/blog\/movistar-plus\/deporte-en-movistar-plus\/\" target=\"_blank\" rel=\"noreferrer noopener\">deporte<\/a> y, por supuesto, del ciclismo.<\/p>\n\n\n\n<p>Desde el 1 de julio hasta el 23 del mismo mes, todos los d\u00edas podr\u00e1s ver en Movistar Plus+ las diferentes etapas del Tour de Francia, con una programaci\u00f3n adicional centrada en la competici\u00f3n estrella del ciclismo.<\/p>\n\n\n\n<p>Pero en Movistar Plus+ no solo podr\u00e1s disfrutar del Tour de Francia en directo. Tambi\u00e9n encontrar\u00e9is el mejor <a href=\"https:\/\/www.movistar.es\/blog\/movistar-plus\/como-ver-futbol-movistar-plus\/\" target=\"_blank\" rel=\"noreferrer noopener\">f\u00fatbol<\/a>, baloncesto, tenis, <a href=\"https:\/\/www.movistar.es\/blog\/movistar-plus\/programacion-f1-dazn-verano\/\" target=\"_blank\" rel=\"noreferrer noopener\">F\u00f3rmula 1<\/a>, MotoGP y un sinf\u00edn de deportes m\u00e1s. Porque en Movistar,<strong> sabemos lo que quieres<\/strong>.<\/p>\n","protected":false},"excerpt":{"rendered":"<p>La emoci\u00f3n del Tour de Francia est\u00e1 de vuelta y, un a\u00f1o m\u00e1s, puedes verlo en directo de la mano de Movistar. En el d\u00eda de hoy, hablaremos sobre las caracter\u00edsticas de la edici\u00f3n 2023, [&hellip;]<\/p>\n","protected":false},"author":93,"featured_media":15289,"comment_status":"closed","ping_status":"closed","sticky":false,"template":"","format":"standard","meta":{"site-sidebar-layout":"default","site-content-layout":"","ast-site-content-layout":"","site-content-style":"default","site-sidebar-style":"default","ast-global-header-display":"","ast-banner-title-visibility":"","ast-main-header-display":"","ast-hfb-above-header-display":"","ast-hfb-below-header-display":"","ast-hfb-mobile-header-display":"","site-post-title":"","ast-breadcrumbs-content":"","ast-featured-img":"","footer-sml-layout":"","theme-transparent-header-meta":"","adv-header-id-meta":"","stick-header-meta":"","header-above-stick-meta":"","header-main-stick-meta":"","header-below-stick-meta":"","astra-migrate-meta-layouts":"default","ast-page-background-enabled":"default","ast-page-background-meta":{"desktop":{"background-color":"var(--ast-global-color-4)","background-image":"","background-repeat":"repeat","background-position":"center center","background-size":"auto","background-attachment":"scroll","background-type":"","background-media":"","overlay-type":"","overlay-color":"","overlay-opacity":"","overlay-gradient":""},"tablet":{"background-color":"","background-image":"","background-repeat":"repeat","background-position":"center center","background-size":"auto","background-attachment":"scroll","background-type":"","background-media":"","overlay-type":"","overlay-color":"","overlay-opacity":"","overlay-gradient":""},"mobile":{"background-color":"","background-image":"","background-repeat":"repeat","background-position":"center center","background-size":"auto","background-attachment":"scroll","background-type":"","background-media":"","overlay-type":"","overlay-color":"","overlay-opacity":"","overlay-gradient":""}},"ast-content-background-meta":{"desktop":{"background-color":"var(--ast-global-color-5)","background-image":"","background-repeat":"repeat","background-position":"center center","background-size":"auto","background-attachment":"scroll","background-type":"","background-media":"","overlay-type":"","overlay-color":"","overlay-opacity":"","overlay-gradient":""},"tablet":{"background-color":"var(--ast-global-color-5)","background-image":"","background-repeat":"repeat","background-position":"center center","background-size":"auto","background-attachment":"scroll","background-type":"","background-media":"","overlay-type":"","overlay-color":"","overlay-opacity":"","overlay-gradient":""},"mobile":{"background-color":"var(--ast-global-color-5)","background-image":"","background-repeat":"repeat","background-position":"center center","background-size":"auto","background-attachment":"scroll","background-type":"","background-media":"","overlay-type":"","overlay-color":"","overlay-opacity":"","overlay-gradient":""}},"_jetpack_memberships_contains_paid_content":false,"footnotes":""},"categories":[1],"tags":[],"area":[427],"cluster":[45],"linea_editorial":[],"coauthors":[467],"class_list":["post-15286","post","type-post","status-publish","format-standard","has-post-thumbnail","hentry","category-sin-categoria","area-gametv","cluster-movistar-plus"],"yoast_head":"<!-- This site is optimized with the Yoast SEO Premium plugin v25.5 (Yoast SEO v25.5) - https:\/\/yoast.com\/wordpress\/plugins\/seo\/ -->\n<title>Tour de Francia en directo: V\u00edvelo con Movistar Plus+<\/title>\n<meta name=\"description\" content=\"Te explicamos c\u00f3mo vivir el Tour de Francia en directo con Movistar y los detalles m\u00e1s importantes de la presente edici\u00f3n.\" \/>\n<meta name=\"robots\" content=\"index, follow, max-snippet:-1, max-image-preview:large, max-video-preview:-1\" \/>\n<link rel=\"canonical\" href=\"https:\/\/www.movistar.es\/blog\/movistar-plus\/tour-de-francia-en-directo-movistar\/\" \/>\n<meta property=\"og:locale\" content=\"es_ES\" \/>\n<meta property=\"og:type\" content=\"article\" \/>\n<meta property=\"og:title\" content=\"La emoci\u00f3n del Tour de Francia se vive en directo con Movistar\" \/>\n<meta property=\"og:description\" content=\"Te explicamos c\u00f3mo vivir el Tour de Francia en directo con Movistar y los detalles m\u00e1s importantes de la presente edici\u00f3n.\" \/>\n<meta property=\"og:url\" content=\"https:\/\/www.movistar.es\/blog\/movistar-plus\/tour-de-francia-en-directo-movistar\/\" \/>\n<meta property=\"og:site_name\" content=\"Movistar blog\" \/>\n<meta property=\"article:author\" content=\"movistar.es\/\" \/>\n<meta property=\"article:published_time\" content=\"2023-07-13T13:14:39+00:00\" \/>\n<meta property=\"article:modified_time\" content=\"2023-07-13T13:14:40+00:00\" \/>\n<meta property=\"og:image\" content=\"https:\/\/www.movistar.es\/blog\/wp-content\/uploads\/sites\/3\/2023\/07\/f.elconfidencial.com_original_80f_e7e_4d7_80fe7e4d7de4a4e2fa7a5423be18ee55-e1689253622433.jpg\" \/>\n\t<meta property=\"og:image:width\" content=\"1338\" \/>\n\t<meta property=\"og:image:height\" content=\"528\" \/>\n\t<meta property=\"og:image:type\" content=\"image\/jpeg\" \/>\n<meta name=\"author\" content=\"Equipo de Redacci\u00f3n\" \/>\n<meta name=\"twitter:card\" content=\"summary_large_image\" \/>\n<meta name=\"twitter:creator\" content=\"@movistar_es\" \/>\n<meta name=\"twitter:label1\" content=\"Written by\" \/>\n\t<meta name=\"twitter:data1\" content=\"Equipo de Redacci\u00f3n\" \/>\n\t<meta name=\"twitter:label2\" content=\"Est. reading time\" \/>\n\t<meta name=\"twitter:data2\" content=\"6 minutos\" \/>\n<script type=\"application\/ld+json\" class=\"yoast-schema-graph\">{\"@context\":\"https:\/\/schema.org\",\"@graph\":[{\"@type\":\"Article\",\"@id\":\"https:\/\/www.movistar.es\/blog\/movistar-plus\/tour-de-francia-en-directo-movistar\/#article\",\"isPartOf\":{\"@id\":\"https:\/\/www.movistar.es\/blog\/movistar-plus\/tour-de-francia-en-directo-movistar\/\"},\"author\":{\"name\":\"Equipo de Redacci\u00f3n\",\"@id\":\"https:\/\/www.movistar.es\/blog\/#\/schema\/person\/6184006f5def4638e52e2d0ff98bd55a\"},\"headline\":\"La emoci\u00f3n del Tour de Francia se vive en directo con Movistar\",\"datePublished\":\"2023-07-13T13:14:39+00:00\",\"dateModified\":\"2023-07-13T13:14:40+00:00\",\"mainEntityOfPage\":{\"@id\":\"https:\/\/www.movistar.es\/blog\/movistar-plus\/tour-de-francia-en-directo-movistar\/\"},\"wordCount\":1099,\"publisher\":{\"@id\":\"https:\/\/www.movistar.es\/blog\/#organization\"},\"image\":{\"@id\":\"https:\/\/www.movistar.es\/blog\/movistar-plus\/tour-de-francia-en-directo-movistar\/#primaryimage\"},\"thumbnailUrl\":\"https:\/\/www.movistar.es\/blog\/wp-content\/uploads\/sites\/3\/2023\/07\/f.elconfidencial.com_original_80f_e7e_4d7_80fe7e4d7de4a4e2fa7a5423be18ee55-e1689253622433.jpg\",\"inLanguage\":\"es\"},{\"@type\":\"WebPage\",\"@id\":\"https:\/\/www.movistar.es\/blog\/movistar-plus\/tour-de-francia-en-directo-movistar\/\",\"url\":\"https:\/\/www.movistar.es\/blog\/movistar-plus\/tour-de-francia-en-directo-movistar\/\",\"name\":\"Tour de Francia en directo: V\u00edvelo con Movistar Plus+\",\"isPartOf\":{\"@id\":\"https:\/\/www.movistar.es\/blog\/#website\"},\"primaryImageOfPage\":{\"@id\":\"https:\/\/www.movistar.es\/blog\/movistar-plus\/tour-de-francia-en-directo-movistar\/#primaryimage\"},\"image\":{\"@id\":\"https:\/\/www.movistar.es\/blog\/movistar-plus\/tour-de-francia-en-directo-movistar\/#primaryimage\"},\"thumbnailUrl\":\"https:\/\/www.movistar.es\/blog\/wp-content\/uploads\/sites\/3\/2023\/07\/f.elconfidencial.com_original_80f_e7e_4d7_80fe7e4d7de4a4e2fa7a5423be18ee55-e1689253622433.jpg\",\"datePublished\":\"2023-07-13T13:14:39+00:00\",\"dateModified\":\"2023-07-13T13:14:40+00:00\",\"description\":\"Te explicamos c\u00f3mo vivir el Tour de Francia en directo con Movistar y los detalles m\u00e1s importantes de la presente edici\u00f3n.\",\"breadcrumb\":{\"@id\":\"https:\/\/www.movistar.es\/blog\/movistar-plus\/tour-de-francia-en-directo-movistar\/#breadcrumb\"},\"inLanguage\":\"es\",\"potentialAction\":[{\"@type\":\"ReadAction\",\"target\":[\"https:\/\/www.movistar.es\/blog\/movistar-plus\/tour-de-francia-en-directo-movistar\/\"]}]},{\"@type\":\"ImageObject\",\"inLanguage\":\"es\",\"@id\":\"https:\/\/www.movistar.es\/blog\/movistar-plus\/tour-de-francia-en-directo-movistar\/#primaryimage\",\"url\":\"https:\/\/www.movistar.es\/blog\/wp-content\/uploads\/sites\/3\/2023\/07\/f.elconfidencial.com_original_80f_e7e_4d7_80fe7e4d7de4a4e2fa7a5423be18ee55-e1689253622433.jpg\",\"contentUrl\":\"https:\/\/www.movistar.es\/blog\/wp-content\/uploads\/sites\/3\/2023\/07\/f.elconfidencial.com_original_80f_e7e_4d7_80fe7e4d7de4a4e2fa7a5423be18ee55-e1689253622433.jpg\",\"width\":1338,\"height\":528,\"caption\":\"tour de francia en directo\"},{\"@type\":\"BreadcrumbList\",\"@id\":\"https:\/\/www.movistar.es\/blog\/movistar-plus\/tour-de-francia-en-directo-movistar\/#breadcrumb\",\"itemListElement\":[{\"@type\":\"ListItem\",\"position\":1,\"name\":\"Home\",\"item\":\"https:\/\/www.movistar.es\/blog\/\"},{\"@type\":\"ListItem\",\"position\":2,\"name\":\"La emoci\u00f3n del Tour de Francia se vive en directo con Movistar\"}]},{\"@type\":\"WebSite\",\"@id\":\"https:\/\/www.movistar.es\/blog\/#website\",\"url\":\"https:\/\/www.movistar.es\/blog\/\",\"name\":\"Movistar blog\",\"description\":\"Movistar Blog. Informaci\u00f3n y m\u00e1s sobre los productos y servicios de Movistar\",\"publisher\":{\"@id\":\"https:\/\/www.movistar.es\/blog\/#organization\"},\"potentialAction\":[{\"@type\":\"SearchAction\",\"target\":{\"@type\":\"EntryPoint\",\"urlTemplate\":\"https:\/\/www.movistar.es\/blog\/?s={search_term_string}\"},\"query-input\":{\"@type\":\"PropertyValueSpecification\",\"valueRequired\":true,\"valueName\":\"search_term_string\"}}],\"inLanguage\":\"es\"},{\"@type\":\"Organization\",\"@id\":\"https:\/\/www.movistar.es\/blog\/#organization\",\"name\":\"Movistar blog\",\"url\":\"https:\/\/www.movistar.es\/blog\/\",\"logo\":{\"@type\":\"ImageObject\",\"inLanguage\":\"es\",\"@id\":\"https:\/\/www.movistar.es\/blog\/#\/schema\/logo\/image\/\",\"url\":\"https:\/\/www.movistar.es\/blog\/wp-content\/uploads\/sites\/3\/2022\/05\/logo_movistar-1.svg\",\"contentUrl\":\"https:\/\/www.movistar.es\/blog\/wp-content\/uploads\/sites\/3\/2022\/05\/logo_movistar-1.svg\",\"width\":369,\"height\":272,\"caption\":\"Movistar blog\"},\"image\":{\"@id\":\"https:\/\/www.movistar.es\/blog\/#\/schema\/logo\/image\/\"}},{\"@type\":\"Person\",\"@id\":\"https:\/\/www.movistar.es\/blog\/#\/schema\/person\/6184006f5def4638e52e2d0ff98bd55a\",\"name\":\"Equipo de Redacci\u00f3n\",\"image\":{\"@type\":\"ImageObject\",\"inLanguage\":\"es\",\"@id\":\"https:\/\/www.movistar.es\/blog\/#\/schema\/person\/image\/8dbf7dc767c23aa5f974d575dda930c5\",\"url\":\"https:\/\/secure.gravatar.com\/avatar\/ce5aadad84c2aeb36c9813c46e41a53b0c9cc1d57205e8cde4bdf0ed790b3c97\",\"contentUrl\":\"https:\/\/secure.gravatar.com\/avatar\/ce5aadad84c2aeb36c9813c46e41a53b0c9cc1d57205e8cde4bdf0ed790b3c97\",\"caption\":\"Equipo de Redacci\u00f3n\"},\"description\":\"Buscamos temas de tu inter\u00e9s. Te contamos c\u00f3mo pueden ayudarte en tu d\u00eda a d\u00eda los productos y servicios de Movistar. No queremos venderte nada. Queremos descubrirte cosas para hacerte la vida m\u00e1s f\u00e1cil.\",\"sameAs\":[\"https:\/\/www.movistar.es\/\",\"movistar.es\/\",\"https:\/\/www.instagram.com\/movistar_es\/?hl=es\",\"https:\/\/x.com\/movistar_es\"],\"knowsAbout\":[\"smartphones\",\"conectividad\",\"hogar digital\",\"ciberseguridad\"],\"url\":\"https:\/\/www.movistar.es\/blog\/author\/contentmovistar\/\"}]}<\/script>\n<!-- \/ Yoast SEO Premium plugin. -->","yoast_head_json":{"title":"Tour de Francia en directo: V\u00edvelo con Movistar Plus+","description":"Te explicamos c\u00f3mo vivir el Tour de Francia en directo con Movistar y los detalles m\u00e1s importantes de la presente edici\u00f3n.","robots":{"index":"index","follow":"follow","max-snippet":"max-snippet:-1","max-image-preview":"max-image-preview:large","max-video-preview":"max-video-preview:-1"},"canonical":"https:\/\/www.movistar.es\/blog\/movistar-plus\/tour-de-francia-en-directo-movistar\/","og_locale":"es_ES","og_type":"article","og_title":"La emoci\u00f3n del Tour de Francia se vive en directo con Movistar","og_description":"Te explicamos c\u00f3mo vivir el Tour de Francia en directo con Movistar y los detalles m\u00e1s importantes de la presente edici\u00f3n.","og_url":"https:\/\/www.movistar.es\/blog\/movistar-plus\/tour-de-francia-en-directo-movistar\/","og_site_name":"Movistar blog","article_author":"movistar.es\/","article_published_time":"2023-07-13T13:14:39+00:00","article_modified_time":"2023-07-13T13:14:40+00:00","og_image":[{"width":1338,"height":528,"url":"https:\/\/www.movistar.es\/blog\/wp-content\/uploads\/sites\/3\/2023\/07\/f.elconfidencial.com_original_80f_e7e_4d7_80fe7e4d7de4a4e2fa7a5423be18ee55-e1689253622433.jpg","type":"image\/jpeg"}],"author":"Equipo de Redacci\u00f3n","twitter_card":"summary_large_image","twitter_creator":"@movistar_es","twitter_misc":{"Written by":"Equipo de Redacci\u00f3n","Est. reading time":"6 minutos"},"schema":{"@context":"https:\/\/schema.org","@graph":[{"@type":"Article","@id":"https:\/\/www.movistar.es\/blog\/movistar-plus\/tour-de-francia-en-directo-movistar\/#article","isPartOf":{"@id":"https:\/\/www.movistar.es\/blog\/movistar-plus\/tour-de-francia-en-directo-movistar\/"},"author":{"name":"Equipo de Redacci\u00f3n","@id":"https:\/\/www.movistar.es\/blog\/#\/schema\/person\/6184006f5def4638e52e2d0ff98bd55a"},"headline":"La emoci\u00f3n del Tour de Francia se vive en directo con Movistar","datePublished":"2023-07-13T13:14:39+00:00","dateModified":"2023-07-13T13:14:40+00:00","mainEntityOfPage":{"@id":"https:\/\/www.movistar.es\/blog\/movistar-plus\/tour-de-francia-en-directo-movistar\/"},"wordCount":1099,"publisher":{"@id":"https:\/\/www.movistar.es\/blog\/#organization"},"image":{"@id":"https:\/\/www.movistar.es\/blog\/movistar-plus\/tour-de-francia-en-directo-movistar\/#primaryimage"},"thumbnailUrl":"https:\/\/www.movistar.es\/blog\/wp-content\/uploads\/sites\/3\/2023\/07\/f.elconfidencial.com_original_80f_e7e_4d7_80fe7e4d7de4a4e2fa7a5423be18ee55-e1689253622433.jpg","inLanguage":"es"},{"@type":"WebPage","@id":"https:\/\/www.movistar.es\/blog\/movistar-plus\/tour-de-francia-en-directo-movistar\/","url":"https:\/\/www.movistar.es\/blog\/movistar-plus\/tour-de-francia-en-directo-movistar\/","name":"Tour de Francia en directo: V\u00edvelo con Movistar Plus+","isPartOf":{"@id":"https:\/\/www.movistar.es\/blog\/#website"},"primaryImageOfPage":{"@id":"https:\/\/www.movistar.es\/blog\/movistar-plus\/tour-de-francia-en-directo-movistar\/#primaryimage"},"image":{"@id":"https:\/\/www.movistar.es\/blog\/movistar-plus\/tour-de-francia-en-directo-movistar\/#primaryimage"},"thumbnailUrl":"https:\/\/www.movistar.es\/blog\/wp-content\/uploads\/sites\/3\/2023\/07\/f.elconfidencial.com_original_80f_e7e_4d7_80fe7e4d7de4a4e2fa7a5423be18ee55-e1689253622433.jpg","datePublished":"2023-07-13T13:14:39+00:00","dateModified":"2023-07-13T13:14:40+00:00","description":"Te explicamos c\u00f3mo vivir el Tour de Francia en directo con Movistar y los detalles m\u00e1s importantes de la presente edici\u00f3n.","breadcrumb":{"@id":"https:\/\/www.movistar.es\/blog\/movistar-plus\/tour-de-francia-en-directo-movistar\/#breadcrumb"},"inLanguage":"es","potentialAction":[{"@type":"ReadAction","target":["https:\/\/www.movistar.es\/blog\/movistar-plus\/tour-de-francia-en-directo-movistar\/"]}]},{"@type":"ImageObject","inLanguage":"es","@id":"https:\/\/www.movistar.es\/blog\/movistar-plus\/tour-de-francia-en-directo-movistar\/#primaryimage","url":"https:\/\/www.movistar.es\/blog\/wp-content\/uploads\/sites\/3\/2023\/07\/f.elconfidencial.com_original_80f_e7e_4d7_80fe7e4d7de4a4e2fa7a5423be18ee55-e1689253622433.jpg","contentUrl":"https:\/\/www.movistar.es\/blog\/wp-content\/uploads\/sites\/3\/2023\/07\/f.elconfidencial.com_original_80f_e7e_4d7_80fe7e4d7de4a4e2fa7a5423be18ee55-e1689253622433.jpg","width":1338,"height":528,"caption":"tour de francia en directo"},{"@type":"BreadcrumbList","@id":"https:\/\/www.movistar.es\/blog\/movistar-plus\/tour-de-francia-en-directo-movistar\/#breadcrumb","itemListElement":[{"@type":"ListItem","position":1,"name":"Home","item":"https:\/\/www.movistar.es\/blog\/"},{"@type":"ListItem","position":2,"name":"La emoci\u00f3n del Tour de Francia se vive en directo con Movistar"}]},{"@type":"WebSite","@id":"https:\/\/www.movistar.es\/blog\/#website","url":"https:\/\/www.movistar.es\/blog\/","name":"Movistar blog","description":"Movistar Blog. Informaci\u00f3n y m\u00e1s sobre los productos y servicios de Movistar","publisher":{"@id":"https:\/\/www.movistar.es\/blog\/#organization"},"potentialAction":[{"@type":"SearchAction","target":{"@type":"EntryPoint","urlTemplate":"https:\/\/www.movistar.es\/blog\/?s={search_term_string}"},"query-input":{"@type":"PropertyValueSpecification","valueRequired":true,"valueName":"search_term_string"}}],"inLanguage":"es"},{"@type":"Organization","@id":"https:\/\/www.movistar.es\/blog\/#organization","name":"Movistar blog","url":"https:\/\/www.movistar.es\/blog\/","logo":{"@type":"ImageObject","inLanguage":"es","@id":"https:\/\/www.movistar.es\/blog\/#\/schema\/logo\/image\/","url":"https:\/\/www.movistar.es\/blog\/wp-content\/uploads\/sites\/3\/2022\/05\/logo_movistar-1.svg","contentUrl":"https:\/\/www.movistar.es\/blog\/wp-content\/uploads\/sites\/3\/2022\/05\/logo_movistar-1.svg","width":369,"height":272,"caption":"Movistar blog"},"image":{"@id":"https:\/\/www.movistar.es\/blog\/#\/schema\/logo\/image\/"}},{"@type":"Person","@id":"https:\/\/www.movistar.es\/blog\/#\/schema\/person\/6184006f5def4638e52e2d0ff98bd55a","name":"Equipo de Redacci\u00f3n","image":{"@type":"ImageObject","inLanguage":"es","@id":"https:\/\/www.movistar.es\/blog\/#\/schema\/person\/image\/8dbf7dc767c23aa5f974d575dda930c5","url":"https:\/\/secure.gravatar.com\/avatar\/ce5aadad84c2aeb36c9813c46e41a53b0c9cc1d57205e8cde4bdf0ed790b3c97","contentUrl":"https:\/\/secure.gravatar.com\/avatar\/ce5aadad84c2aeb36c9813c46e41a53b0c9cc1d57205e8cde4bdf0ed790b3c97","caption":"Equipo de Redacci\u00f3n"},"description":"Buscamos temas de tu inter\u00e9s. Te contamos c\u00f3mo pueden ayudarte en tu d\u00eda a d\u00eda los productos y servicios de Movistar. No queremos venderte nada. Queremos descubrirte cosas para hacerte la vida m\u00e1s f\u00e1cil.","sameAs":["https:\/\/www.movistar.es\/","movistar.es\/","https:\/\/www.instagram.com\/movistar_es\/?hl=es","https:\/\/x.com\/movistar_es"],"knowsAbout":["smartphones","conectividad","hogar digital","ciberseguridad"],"url":"https:\/\/www.movistar.es\/blog\/author\/contentmovistar\/"}]}},"jetpack_featured_media_url":"https:\/\/www.movistar.es\/blog\/wp-content\/uploads\/sites\/3\/2023\/07\/f.elconfidencial.com_original_80f_e7e_4d7_80fe7e4d7de4a4e2fa7a5423be18ee55-e1689253622433.jpg","jetpack_sharing_enabled":true,"_links":{"self":[{"href":"https:\/\/www.movistar.es\/blog\/wp-json\/wp\/v2\/posts\/15286","targetHints":{"allow":["GET"]}}],"collection":[{"href":"https:\/\/www.movistar.es\/blog\/wp-json\/wp\/v2\/posts"}],"about":[{"href":"https:\/\/www.movistar.es\/blog\/wp-json\/wp\/v2\/types\/post"}],"author":[{"embeddable":true,"href":"https:\/\/www.movistar.es\/blog\/wp-json\/wp\/v2\/users\/93"}],"replies":[{"embeddable":true,"href":"https:\/\/www.movistar.es\/blog\/wp-json\/wp\/v2\/comments?post=15286"}],"version-history":[{"count":8,"href":"https:\/\/www.movistar.es\/blog\/wp-json\/wp\/v2\/posts\/15286\/revisions"}],"predecessor-version":[{"id":15344,"href":"https:\/\/www.movistar.es\/blog\/wp-json\/wp\/v2\/posts\/15286\/revisions\/15344"}],"wp:featuredmedia":[{"embeddable":true,"href":"https:\/\/www.movistar.es\/blog\/wp-json\/wp\/v2\/media\/15289"}],"wp:attachment":[{"href":"https:\/\/www.movistar.es\/blog\/wp-json\/wp\/v2\/media?parent=15286"}],"wp:term":[{"taxonomy":"category","embeddable":true,"href":"https:\/\/www.movistar.es\/blog\/wp-json\/wp\/v2\/categories?post=15286"},{"taxonomy":"post_tag","embeddable":true,"href":"https:\/\/www.movistar.es\/blog\/wp-json\/wp\/v2\/tags?post=15286"},{"taxonomy":"area","embeddable":true,"href":"https:\/\/www.movistar.es\/blog\/wp-json\/wp\/v2\/area?post=15286"},{"taxonomy":"cluster","embeddable":true,"href":"https:\/\/www.movistar.es\/blog\/wp-json\/wp\/v2\/cluster?post=15286"},{"taxonomy":"linea_editorial","embeddable":true,"href":"https:\/\/www.movistar.es\/blog\/wp-json\/wp\/v2\/linea_editorial?post=15286"},{"taxonomy":"author","embeddable":true,"href":"https:\/\/www.movistar.es\/blog\/wp-json\/wp\/v2\/coauthors?post=15286"}],"curies":[{"name":"wp","href":"https:\/\/api.w.org\/{rel}","templated":true}]}}