{"id":14927,"date":"2023-06-30T10:18:19","date_gmt":"2023-06-30T08:18:19","guid":{"rendered":"https:\/\/www.movistar.es\/blog\/?p=14927"},"modified":"2023-06-30T10:18:20","modified_gmt":"2023-06-30T08:18:20","slug":"movistar-cobertura-5g-500-municipios-espana-verano","status":"publish","type":"post","link":"https:\/\/www.movistar.es\/blog\/5g\/movistar-cobertura-5g-500-municipios-espana-verano\/","title":{"rendered":"Movistar refuerza su cobertura 5G en 500 municipios costeros de Espa\u00f1a este verano"},"content":{"rendered":"\n<p><a href=\"https:\/\/www.movistar.es\/particulares\/coberturas\/movil\/5G\/\" target=\"_blank\" rel=\"noreferrer noopener\"><strong>Movistar<\/strong><\/a> refuerza su cobertura<strong> 5G <\/strong>este verano en <strong>500 municipios costeros y del interior<\/strong> de Espa\u00f1a. Un total de 442 zonas de playa y 56 localidades tur\u00edsticas de interior contar\u00e1n con cobertura 5G este verano y la mantendr\u00e1n durante todo el a\u00f1o. Adem\u00e1s, Movistar instalar\u00e1 14 unidades temporales en varios puntos del pa\u00eds donde se espera una mayor afluencia de visitantes de lo habitual.<\/p>\n\n\n\n<h2 class=\"wp-block-heading\" class=\"wp-block-heading\" id=\"a-donde-llegara-el-5g-de-movistar-este-verano\">\u00bfA d\u00f3nde llegar\u00e1 el 5G de Movistar este verano?<\/h2>\n\n\n\n<p>Las comunidades aut\u00f3nomas donde Movistar ha desplegado m\u00e1s sitios para satisfacer las necesidades de conectividad en verano son las siguientes: <strong>Andaluc\u00eda, Baleares, Canarias, Comunidad Valenciana, Catalu\u00f1a, Galicia, Cantabria y Asturias<\/strong>. Sin embargo, el operador est\u00e1 presente en municipios de todas las regiones de <a href=\"https:\/\/www.movistar.es\/blog\/5g\/5g-espana-que-es\/\" target=\"_blank\" rel=\"noreferrer noopener\">Espa\u00f1a<\/a> para garantizar una cobertura 5G extendida. Las instalaciones de refuerzo de verano permanecer\u00e1n en los municipios una vez que termine la temporada estival.<\/p>\n\n\n\n<p>Espec\u00edficamente, el <a href=\"https:\/\/www.movistar.es\/blog\/5g\/diferencia-4g-5g\/\" target=\"_blank\" rel=\"noreferrer noopener\">5G<\/a> de Movistar llega a un total de<strong> 442 localidades costeras<\/strong>. De esta forma abarcar\u00e1 toda la costa del pa\u00eds. Desde peque\u00f1os pueblos costeros como <strong>Muxia o <a href=\"https:\/\/www.turismocudillero.com\/\" target=\"_blank\" rel=\"noreferrer noopener\">Cudillero<\/a><\/strong> hasta otros m\u00e1s grandes y tur\u00edsticos como<strong> Fuengirola o Torrevieja<\/strong>. Adem\u00e1s, 56 municipios de provincias del interior que reciben visitantes en verano ofrecen la cobertura 5G de Movistar, incluso en localidades con menos de 1.000 habitantes como <strong>Esterri d&#8217;\u00c0neu<\/strong> (L\u00e9rida), <strong>Parada del Sil <\/strong>(Orense), <strong>Enix<\/strong> (Almer\u00eda) o <strong>Villares del Saz<\/strong> (Cuenca), entre otros.<\/p>\n\n\n\n<p>Como novedad este a\u00f1o, Movistar instalar\u00e1 un total de <strong>14 unidades temporales<\/strong>. As\u00ed se satisfar\u00e1n las necesidades de conectividad en lugares con un aumento significativo de la demanda durante momentos espec\u00edficos. Por ejemplo, festivales de m\u00fasica o campings con una gran ocupaci\u00f3n en verano que disminuye considerablemente durante el resto del a\u00f1o.<\/p>\n\n\n\n<p>Estas unidades temporales se ubicar\u00e1n en varios lugares, como los puertos de <strong>J\u00e1vea y Moraira<\/strong> en Alicante, <strong>Mil Palmeras en Pilar de la Horadada <\/strong>(Alicante),<strong> Orellana<\/strong> en Badajoz, el puerto de Ibiza en <strong>Ibiza<\/strong>, <strong>Cubelles<\/strong> en Barcelona, <strong>Cabo Roche<\/strong> en Conil de la Frontera (C\u00e1diz), el <strong><a href=\"https:\/\/concertmusicfestival.com\/\" target=\"_blank\" rel=\"noreferrer noopener\">Festival Concert Music<\/a> en Chiclana<\/strong> (C\u00e1diz), <strong>Vinaroz Sur <\/strong>en Vinaroz (Castell\u00f3n), los c<strong>ampings St. Mart\u00ed y Escala <\/strong>en L&#8217;Escala (Gerona), el recinto musical <strong>Marenostrum en Fuengirola<\/strong> (M\u00e1laga) y <strong>Playa Norte en Xeraco<\/strong> (Valencia).<\/p>\n\n\n\n<figure class=\"wp-block-image size-full\"><img loading=\"lazy\" decoding=\"async\" width=\"740\" height=\"496\" src=\"https:\/\/www.movistar.es\/blog\/wp-content\/uploads\/sites\/3\/2023\/06\/mujer-que-usa-telefono-movil-concepto-playa-tecnologia-5g-conexion-inalambrica-rapida-internet_746318-839.jpg\" alt=\"movistar 5G\" class=\"wp-image-14936\" srcset=\"https:\/\/www.movistar.es\/blog\/wp-content\/uploads\/sites\/3\/2023\/06\/mujer-que-usa-telefono-movil-concepto-playa-tecnologia-5g-conexion-inalambrica-rapida-internet_746318-839.jpg 740w, https:\/\/www.movistar.es\/blog\/wp-content\/uploads\/sites\/3\/2023\/06\/mujer-que-usa-telefono-movil-concepto-playa-tecnologia-5g-conexion-inalambrica-rapida-internet_746318-839.jpg?resize=300,201 300w\" sizes=\"auto, (max-width: 740px) 100vw, 740px\" \/><\/figure>\n\n\n\n<h2 class=\"wp-block-heading\" id=\"h-movistar-renueva-su-compromiso-con-el-5g\">Movistar renueva su compromiso con el 5G<\/h2>\n\n\n\n<p>Este a\u00f1o, <a href=\"https:\/\/www.movistar.es\/particulares\/coberturas\/movil\/5G\/\" target=\"_blank\" rel=\"noreferrer noopener\">Movistar<\/a> ha desplegado su plan de verano tanto en las <a href=\"https:\/\/www.movistar.es\/blog\/5g\/frecuencias-5g-que-son-y-por-que-son-importantes\/\" target=\"_blank\" rel=\"noreferrer noopener\">bandas<\/a> de <strong>700 MHz<\/strong> como de <strong>3.500 MHz<\/strong>. La banda de 700 MHz es especialmente \u00fatil para la cobertura en interiores, como viviendas. Por otro lado, la de 3.500 MHz permite aumentar la velocidad en \u00e1reas m\u00e1s extensas.<\/p>\n\n\n\n<p>Con este despliegue de verano, en el que Movistar trabaja con varios meses de antelaci\u00f3n, el operador contin\u00faa avanzando en su cobertura 5G, que ya alcanza a m\u00e1s del 85% de la poblaci\u00f3n, cubriendo a<strong> 40 millones de habitantes<\/strong> y m\u00e1s de 2.000 municipios en toda Espa\u00f1a con la instalaci\u00f3n de nodos. Es tambi\u00e9n importante destacar el valor de la colaboraci\u00f3n p\u00fablico-privada en el impulso de la conectividad en todos los rincones del pa\u00eds.<\/p>\n\n\n\n<p>Durante el resto del a\u00f1o, Movistar seguir\u00e1 ampliando y fortaleciendo su cobertura para llegar<strong> al m\u00e1ximo de poblaci\u00f3n<\/strong> en todo el territorio. En este sentido, el operador, l\u00edder en Europa en fibra \u00f3ptica, considera fundamental la combinaci\u00f3n de la fibra y el 5G para ofrecer la mejor conectividad a los usuarios.<\/p>\n","protected":false},"excerpt":{"rendered":"<p>Movistar refuerza su cobertura 5G este verano en 500 municipios costeros y del interior de Espa\u00f1a. Un total de 442 zonas de playa y 56 localidades tur\u00edsticas de interior contar\u00e1n con cobertura 5G este verano [&hellip;]<\/p>\n","protected":false},"author":93,"featured_media":14938,"comment_status":"closed","ping_status":"closed","sticky":false,"template":"","format":"standard","meta":{"site-sidebar-layout":"default","site-content-layout":"","ast-site-content-layout":"","site-content-style":"default","site-sidebar-style":"default","ast-global-header-display":"","ast-banner-title-visibility":"","ast-main-header-display":"","ast-hfb-above-header-display":"","ast-hfb-below-header-display":"","ast-hfb-mobile-header-display":"","site-post-title":"","ast-breadcrumbs-content":"","ast-featured-img":"","footer-sml-layout":"","theme-transparent-header-meta":"","adv-header-id-meta":"","stick-header-meta":"","header-above-stick-meta":"","header-main-stick-meta":"","header-below-stick-meta":"","astra-migrate-meta-layouts":"default","ast-page-background-enabled":"default","ast-page-background-meta":{"desktop":{"background-color":"var(--ast-global-color-4)","background-image":"","background-repeat":"repeat","background-position":"center center","background-size":"auto","background-attachment":"scroll","background-type":"","background-media":"","overlay-type":"","overlay-color":"","overlay-opacity":"","overlay-gradient":""},"tablet":{"background-color":"","background-image":"","background-repeat":"repeat","background-position":"center center","background-size":"auto","background-attachment":"scroll","background-type":"","background-media":"","overlay-type":"","overlay-color":"","overlay-opacity":"","overlay-gradient":""},"mobile":{"background-color":"","background-image":"","background-repeat":"repeat","background-position":"center center","background-size":"auto","background-attachment":"scroll","background-type":"","background-media":"","overlay-type":"","overlay-color":"","overlay-opacity":"","overlay-gradient":""}},"ast-content-background-meta":{"desktop":{"background-color":"var(--ast-global-color-5)","background-image":"","background-repeat":"repeat","background-position":"center center","background-size":"auto","background-attachment":"scroll","background-type":"","background-media":"","overlay-type":"","overlay-color":"","overlay-opacity":"","overlay-gradient":""},"tablet":{"background-color":"var(--ast-global-color-5)","background-image":"","background-repeat":"repeat","background-position":"center center","background-size":"auto","background-attachment":"scroll","background-type":"","background-media":"","overlay-type":"","overlay-color":"","overlay-opacity":"","overlay-gradient":""},"mobile":{"background-color":"var(--ast-global-color-5)","background-image":"","background-repeat":"repeat","background-position":"center center","background-size":"auto","background-attachment":"scroll","background-type":"","background-media":"","overlay-type":"","overlay-color":"","overlay-opacity":"","overlay-gradient":""}},"_jetpack_memberships_contains_paid_content":false,"footnotes":""},"categories":[1],"tags":[],"area":[427],"cluster":[60],"linea_editorial":[],"coauthors":[467],"class_list":["post-14927","post","type-post","status-publish","format-standard","has-post-thumbnail","hentry","category-sin-categoria","area-gametv","cluster-5g"],"yoast_head":"<!-- This site is optimized with the Yoast SEO Premium plugin v25.5 (Yoast SEO v25.5) - https:\/\/yoast.com\/wordpress\/plugins\/seo\/ -->\n<title>Movistar refuerza su cobertura 5G en 500 municipios este verano<\/title>\n<meta name=\"description\" content=\"Te contamos c\u00f3mo Movistar refuerza su cobertura 5G en 500 municipios de Espa\u00f1a este verano y qu\u00e9 zonas se ver\u00e1n beneficiadas.\" \/>\n<meta name=\"robots\" content=\"index, follow, max-snippet:-1, max-image-preview:large, max-video-preview:-1\" \/>\n<link rel=\"canonical\" href=\"https:\/\/www.movistar.es\/blog\/5g\/movistar-cobertura-5g-500-municipios-espana-verano\/\" \/>\n<meta property=\"og:locale\" content=\"es_ES\" \/>\n<meta property=\"og:type\" content=\"article\" \/>\n<meta property=\"og:title\" content=\"Movistar refuerza su cobertura 5G en 500 municipios costeros de Espa\u00f1a este verano\" \/>\n<meta property=\"og:description\" content=\"Te contamos c\u00f3mo Movistar refuerza su cobertura 5G en 500 municipios de Espa\u00f1a este verano y qu\u00e9 zonas se ver\u00e1n beneficiadas.\" \/>\n<meta property=\"og:url\" content=\"https:\/\/www.movistar.es\/blog\/5g\/movistar-cobertura-5g-500-municipios-espana-verano\/\" \/>\n<meta property=\"og:site_name\" content=\"Movistar blog\" \/>\n<meta property=\"article:author\" content=\"movistar.es\/\" \/>\n<meta property=\"article:published_time\" content=\"2023-06-30T08:18:19+00:00\" \/>\n<meta property=\"article:modified_time\" content=\"2023-06-30T08:18:20+00:00\" \/>\n<meta property=\"og:image\" content=\"https:\/\/www.movistar.es\/blog\/wp-content\/uploads\/sites\/3\/2023\/06\/Depositphotos_64696263_S.jpg\" \/>\n\t<meta property=\"og:image:width\" content=\"1000\" \/>\n\t<meta property=\"og:image:height\" content=\"667\" \/>\n\t<meta property=\"og:image:type\" content=\"image\/jpeg\" \/>\n<meta name=\"author\" content=\"Equipo de Redacci\u00f3n\" \/>\n<meta name=\"twitter:card\" content=\"summary_large_image\" \/>\n<meta name=\"twitter:creator\" content=\"@movistar_es\" \/>\n<meta name=\"twitter:label1\" content=\"Written by\" \/>\n\t<meta name=\"twitter:data1\" content=\"Equipo de Redacci\u00f3n\" \/>\n\t<meta name=\"twitter:label2\" content=\"Est. reading time\" \/>\n\t<meta name=\"twitter:data2\" content=\"3 minutos\" \/>\n<script type=\"application\/ld+json\" class=\"yoast-schema-graph\">{\"@context\":\"https:\/\/schema.org\",\"@graph\":[{\"@type\":\"Article\",\"@id\":\"https:\/\/www.movistar.es\/blog\/5g\/movistar-cobertura-5g-500-municipios-espana-verano\/#article\",\"isPartOf\":{\"@id\":\"https:\/\/www.movistar.es\/blog\/5g\/movistar-cobertura-5g-500-municipios-espana-verano\/\"},\"author\":{\"name\":\"Equipo de Redacci\u00f3n\",\"@id\":\"https:\/\/www.movistar.es\/blog\/#\/schema\/person\/6184006f5def4638e52e2d0ff98bd55a\"},\"headline\":\"Movistar refuerza su cobertura 5G en 500 municipios costeros de Espa\u00f1a este verano\",\"datePublished\":\"2023-06-30T08:18:19+00:00\",\"dateModified\":\"2023-06-30T08:18:20+00:00\",\"mainEntityOfPage\":{\"@id\":\"https:\/\/www.movistar.es\/blog\/5g\/movistar-cobertura-5g-500-municipios-espana-verano\/\"},\"wordCount\":588,\"publisher\":{\"@id\":\"https:\/\/www.movistar.es\/blog\/#organization\"},\"image\":{\"@id\":\"https:\/\/www.movistar.es\/blog\/5g\/movistar-cobertura-5g-500-municipios-espana-verano\/#primaryimage\"},\"thumbnailUrl\":\"https:\/\/www.movistar.es\/blog\/wp-content\/uploads\/sites\/3\/2023\/06\/Depositphotos_64696263_S.jpg\",\"inLanguage\":\"es\"},{\"@type\":\"WebPage\",\"@id\":\"https:\/\/www.movistar.es\/blog\/5g\/movistar-cobertura-5g-500-municipios-espana-verano\/\",\"url\":\"https:\/\/www.movistar.es\/blog\/5g\/movistar-cobertura-5g-500-municipios-espana-verano\/\",\"name\":\"Movistar refuerza su cobertura 5G en 500 municipios este verano\",\"isPartOf\":{\"@id\":\"https:\/\/www.movistar.es\/blog\/#website\"},\"primaryImageOfPage\":{\"@id\":\"https:\/\/www.movistar.es\/blog\/5g\/movistar-cobertura-5g-500-municipios-espana-verano\/#primaryimage\"},\"image\":{\"@id\":\"https:\/\/www.movistar.es\/blog\/5g\/movistar-cobertura-5g-500-municipios-espana-verano\/#primaryimage\"},\"thumbnailUrl\":\"https:\/\/www.movistar.es\/blog\/wp-content\/uploads\/sites\/3\/2023\/06\/Depositphotos_64696263_S.jpg\",\"datePublished\":\"2023-06-30T08:18:19+00:00\",\"dateModified\":\"2023-06-30T08:18:20+00:00\",\"description\":\"Te contamos c\u00f3mo Movistar refuerza su cobertura 5G en 500 municipios de Espa\u00f1a este verano y qu\u00e9 zonas se ver\u00e1n beneficiadas.\",\"breadcrumb\":{\"@id\":\"https:\/\/www.movistar.es\/blog\/5g\/movistar-cobertura-5g-500-municipios-espana-verano\/#breadcrumb\"},\"inLanguage\":\"es\",\"potentialAction\":[{\"@type\":\"ReadAction\",\"target\":[\"https:\/\/www.movistar.es\/blog\/5g\/movistar-cobertura-5g-500-municipios-espana-verano\/\"]}]},{\"@type\":\"ImageObject\",\"inLanguage\":\"es\",\"@id\":\"https:\/\/www.movistar.es\/blog\/5g\/movistar-cobertura-5g-500-municipios-espana-verano\/#primaryimage\",\"url\":\"https:\/\/www.movistar.es\/blog\/wp-content\/uploads\/sites\/3\/2023\/06\/Depositphotos_64696263_S.jpg\",\"contentUrl\":\"https:\/\/www.movistar.es\/blog\/wp-content\/uploads\/sites\/3\/2023\/06\/Depositphotos_64696263_S.jpg\",\"width\":1000,\"height\":667,\"caption\":\"Couple in Caribbean sea taking picture of themselves\"},{\"@type\":\"BreadcrumbList\",\"@id\":\"https:\/\/www.movistar.es\/blog\/5g\/movistar-cobertura-5g-500-municipios-espana-verano\/#breadcrumb\",\"itemListElement\":[{\"@type\":\"ListItem\",\"position\":1,\"name\":\"Home\",\"item\":\"https:\/\/www.movistar.es\/blog\/\"},{\"@type\":\"ListItem\",\"position\":2,\"name\":\"Movistar refuerza su cobertura 5G en 500 municipios costeros de Espa\u00f1a este verano\"}]},{\"@type\":\"WebSite\",\"@id\":\"https:\/\/www.movistar.es\/blog\/#website\",\"url\":\"https:\/\/www.movistar.es\/blog\/\",\"name\":\"Movistar blog\",\"description\":\"Movistar Blog. Informaci\u00f3n y m\u00e1s sobre los productos y servicios de Movistar\",\"publisher\":{\"@id\":\"https:\/\/www.movistar.es\/blog\/#organization\"},\"potentialAction\":[{\"@type\":\"SearchAction\",\"target\":{\"@type\":\"EntryPoint\",\"urlTemplate\":\"https:\/\/www.movistar.es\/blog\/?s={search_term_string}\"},\"query-input\":{\"@type\":\"PropertyValueSpecification\",\"valueRequired\":true,\"valueName\":\"search_term_string\"}}],\"inLanguage\":\"es\"},{\"@type\":\"Organization\",\"@id\":\"https:\/\/www.movistar.es\/blog\/#organization\",\"name\":\"Movistar blog\",\"url\":\"https:\/\/www.movistar.es\/blog\/\",\"logo\":{\"@type\":\"ImageObject\",\"inLanguage\":\"es\",\"@id\":\"https:\/\/www.movistar.es\/blog\/#\/schema\/logo\/image\/\",\"url\":\"https:\/\/www.movistar.es\/blog\/wp-content\/uploads\/sites\/3\/2022\/05\/logo_movistar-1.svg\",\"contentUrl\":\"https:\/\/www.movistar.es\/blog\/wp-content\/uploads\/sites\/3\/2022\/05\/logo_movistar-1.svg\",\"width\":369,\"height\":272,\"caption\":\"Movistar blog\"},\"image\":{\"@id\":\"https:\/\/www.movistar.es\/blog\/#\/schema\/logo\/image\/\"}},{\"@type\":\"Person\",\"@id\":\"https:\/\/www.movistar.es\/blog\/#\/schema\/person\/6184006f5def4638e52e2d0ff98bd55a\",\"name\":\"Equipo de Redacci\u00f3n\",\"image\":{\"@type\":\"ImageObject\",\"inLanguage\":\"es\",\"@id\":\"https:\/\/www.movistar.es\/blog\/#\/schema\/person\/image\/8dbf7dc767c23aa5f974d575dda930c5\",\"url\":\"https:\/\/secure.gravatar.com\/avatar\/ce5aadad84c2aeb36c9813c46e41a53b0c9cc1d57205e8cde4bdf0ed790b3c97\",\"contentUrl\":\"https:\/\/secure.gravatar.com\/avatar\/ce5aadad84c2aeb36c9813c46e41a53b0c9cc1d57205e8cde4bdf0ed790b3c97\",\"caption\":\"Equipo de Redacci\u00f3n\"},\"description\":\"Buscamos temas de tu inter\u00e9s. Te contamos c\u00f3mo pueden ayudarte en tu d\u00eda a d\u00eda los productos y servicios de Movistar. No queremos venderte nada. Queremos descubrirte cosas para hacerte la vida m\u00e1s f\u00e1cil.\",\"sameAs\":[\"https:\/\/www.movistar.es\/\",\"movistar.es\/\",\"https:\/\/www.instagram.com\/movistar_es\/?hl=es\",\"https:\/\/x.com\/movistar_es\"],\"knowsAbout\":[\"smartphones\",\"conectividad\",\"hogar digital\",\"ciberseguridad\"],\"url\":\"https:\/\/www.movistar.es\/blog\/author\/contentmovistar\/\"}]}<\/script>\n<!-- \/ Yoast SEO Premium plugin. -->","yoast_head_json":{"title":"Movistar refuerza su cobertura 5G en 500 municipios este verano","description":"Te contamos c\u00f3mo Movistar refuerza su cobertura 5G en 500 municipios de Espa\u00f1a este verano y qu\u00e9 zonas se ver\u00e1n beneficiadas.","robots":{"index":"index","follow":"follow","max-snippet":"max-snippet:-1","max-image-preview":"max-image-preview:large","max-video-preview":"max-video-preview:-1"},"canonical":"https:\/\/www.movistar.es\/blog\/5g\/movistar-cobertura-5g-500-municipios-espana-verano\/","og_locale":"es_ES","og_type":"article","og_title":"Movistar refuerza su cobertura 5G en 500 municipios costeros de Espa\u00f1a este verano","og_description":"Te contamos c\u00f3mo Movistar refuerza su cobertura 5G en 500 municipios de Espa\u00f1a este verano y qu\u00e9 zonas se ver\u00e1n beneficiadas.","og_url":"https:\/\/www.movistar.es\/blog\/5g\/movistar-cobertura-5g-500-municipios-espana-verano\/","og_site_name":"Movistar blog","article_author":"movistar.es\/","article_published_time":"2023-06-30T08:18:19+00:00","article_modified_time":"2023-06-30T08:18:20+00:00","og_image":[{"width":1000,"height":667,"url":"https:\/\/www.movistar.es\/blog\/wp-content\/uploads\/sites\/3\/2023\/06\/Depositphotos_64696263_S.jpg","type":"image\/jpeg"}],"author":"Equipo de Redacci\u00f3n","twitter_card":"summary_large_image","twitter_creator":"@movistar_es","twitter_misc":{"Written by":"Equipo de Redacci\u00f3n","Est. reading time":"3 minutos"},"schema":{"@context":"https:\/\/schema.org","@graph":[{"@type":"Article","@id":"https:\/\/www.movistar.es\/blog\/5g\/movistar-cobertura-5g-500-municipios-espana-verano\/#article","isPartOf":{"@id":"https:\/\/www.movistar.es\/blog\/5g\/movistar-cobertura-5g-500-municipios-espana-verano\/"},"author":{"name":"Equipo de Redacci\u00f3n","@id":"https:\/\/www.movistar.es\/blog\/#\/schema\/person\/6184006f5def4638e52e2d0ff98bd55a"},"headline":"Movistar refuerza su cobertura 5G en 500 municipios costeros de Espa\u00f1a este verano","datePublished":"2023-06-30T08:18:19+00:00","dateModified":"2023-06-30T08:18:20+00:00","mainEntityOfPage":{"@id":"https:\/\/www.movistar.es\/blog\/5g\/movistar-cobertura-5g-500-municipios-espana-verano\/"},"wordCount":588,"publisher":{"@id":"https:\/\/www.movistar.es\/blog\/#organization"},"image":{"@id":"https:\/\/www.movistar.es\/blog\/5g\/movistar-cobertura-5g-500-municipios-espana-verano\/#primaryimage"},"thumbnailUrl":"https:\/\/www.movistar.es\/blog\/wp-content\/uploads\/sites\/3\/2023\/06\/Depositphotos_64696263_S.jpg","inLanguage":"es"},{"@type":"WebPage","@id":"https:\/\/www.movistar.es\/blog\/5g\/movistar-cobertura-5g-500-municipios-espana-verano\/","url":"https:\/\/www.movistar.es\/blog\/5g\/movistar-cobertura-5g-500-municipios-espana-verano\/","name":"Movistar refuerza su cobertura 5G en 500 municipios este verano","isPartOf":{"@id":"https:\/\/www.movistar.es\/blog\/#website"},"primaryImageOfPage":{"@id":"https:\/\/www.movistar.es\/blog\/5g\/movistar-cobertura-5g-500-municipios-espana-verano\/#primaryimage"},"image":{"@id":"https:\/\/www.movistar.es\/blog\/5g\/movistar-cobertura-5g-500-municipios-espana-verano\/#primaryimage"},"thumbnailUrl":"https:\/\/www.movistar.es\/blog\/wp-content\/uploads\/sites\/3\/2023\/06\/Depositphotos_64696263_S.jpg","datePublished":"2023-06-30T08:18:19+00:00","dateModified":"2023-06-30T08:18:20+00:00","description":"Te contamos c\u00f3mo Movistar refuerza su cobertura 5G en 500 municipios de Espa\u00f1a este verano y qu\u00e9 zonas se ver\u00e1n beneficiadas.","breadcrumb":{"@id":"https:\/\/www.movistar.es\/blog\/5g\/movistar-cobertura-5g-500-municipios-espana-verano\/#breadcrumb"},"inLanguage":"es","potentialAction":[{"@type":"ReadAction","target":["https:\/\/www.movistar.es\/blog\/5g\/movistar-cobertura-5g-500-municipios-espana-verano\/"]}]},{"@type":"ImageObject","inLanguage":"es","@id":"https:\/\/www.movistar.es\/blog\/5g\/movistar-cobertura-5g-500-municipios-espana-verano\/#primaryimage","url":"https:\/\/www.movistar.es\/blog\/wp-content\/uploads\/sites\/3\/2023\/06\/Depositphotos_64696263_S.jpg","contentUrl":"https:\/\/www.movistar.es\/blog\/wp-content\/uploads\/sites\/3\/2023\/06\/Depositphotos_64696263_S.jpg","width":1000,"height":667,"caption":"Couple in Caribbean sea taking picture of themselves"},{"@type":"BreadcrumbList","@id":"https:\/\/www.movistar.es\/blog\/5g\/movistar-cobertura-5g-500-municipios-espana-verano\/#breadcrumb","itemListElement":[{"@type":"ListItem","position":1,"name":"Home","item":"https:\/\/www.movistar.es\/blog\/"},{"@type":"ListItem","position":2,"name":"Movistar refuerza su cobertura 5G en 500 municipios costeros de Espa\u00f1a este verano"}]},{"@type":"WebSite","@id":"https:\/\/www.movistar.es\/blog\/#website","url":"https:\/\/www.movistar.es\/blog\/","name":"Movistar blog","description":"Movistar Blog. Informaci\u00f3n y m\u00e1s sobre los productos y servicios de Movistar","publisher":{"@id":"https:\/\/www.movistar.es\/blog\/#organization"},"potentialAction":[{"@type":"SearchAction","target":{"@type":"EntryPoint","urlTemplate":"https:\/\/www.movistar.es\/blog\/?s={search_term_string}"},"query-input":{"@type":"PropertyValueSpecification","valueRequired":true,"valueName":"search_term_string"}}],"inLanguage":"es"},{"@type":"Organization","@id":"https:\/\/www.movistar.es\/blog\/#organization","name":"Movistar blog","url":"https:\/\/www.movistar.es\/blog\/","logo":{"@type":"ImageObject","inLanguage":"es","@id":"https:\/\/www.movistar.es\/blog\/#\/schema\/logo\/image\/","url":"https:\/\/www.movistar.es\/blog\/wp-content\/uploads\/sites\/3\/2022\/05\/logo_movistar-1.svg","contentUrl":"https:\/\/www.movistar.es\/blog\/wp-content\/uploads\/sites\/3\/2022\/05\/logo_movistar-1.svg","width":369,"height":272,"caption":"Movistar blog"},"image":{"@id":"https:\/\/www.movistar.es\/blog\/#\/schema\/logo\/image\/"}},{"@type":"Person","@id":"https:\/\/www.movistar.es\/blog\/#\/schema\/person\/6184006f5def4638e52e2d0ff98bd55a","name":"Equipo de Redacci\u00f3n","image":{"@type":"ImageObject","inLanguage":"es","@id":"https:\/\/www.movistar.es\/blog\/#\/schema\/person\/image\/8dbf7dc767c23aa5f974d575dda930c5","url":"https:\/\/secure.gravatar.com\/avatar\/ce5aadad84c2aeb36c9813c46e41a53b0c9cc1d57205e8cde4bdf0ed790b3c97","contentUrl":"https:\/\/secure.gravatar.com\/avatar\/ce5aadad84c2aeb36c9813c46e41a53b0c9cc1d57205e8cde4bdf0ed790b3c97","caption":"Equipo de Redacci\u00f3n"},"description":"Buscamos temas de tu inter\u00e9s. Te contamos c\u00f3mo pueden ayudarte en tu d\u00eda a d\u00eda los productos y servicios de Movistar. No queremos venderte nada. Queremos descubrirte cosas para hacerte la vida m\u00e1s f\u00e1cil.","sameAs":["https:\/\/www.movistar.es\/","movistar.es\/","https:\/\/www.instagram.com\/movistar_es\/?hl=es","https:\/\/x.com\/movistar_es"],"knowsAbout":["smartphones","conectividad","hogar digital","ciberseguridad"],"url":"https:\/\/www.movistar.es\/blog\/author\/contentmovistar\/"}]}},"jetpack_featured_media_url":"https:\/\/www.movistar.es\/blog\/wp-content\/uploads\/sites\/3\/2023\/06\/Depositphotos_64696263_S.jpg","jetpack_sharing_enabled":true,"_links":{"self":[{"href":"https:\/\/www.movistar.es\/blog\/wp-json\/wp\/v2\/posts\/14927","targetHints":{"allow":["GET"]}}],"collection":[{"href":"https:\/\/www.movistar.es\/blog\/wp-json\/wp\/v2\/posts"}],"about":[{"href":"https:\/\/www.movistar.es\/blog\/wp-json\/wp\/v2\/types\/post"}],"author":[{"embeddable":true,"href":"https:\/\/www.movistar.es\/blog\/wp-json\/wp\/v2\/users\/93"}],"replies":[{"embeddable":true,"href":"https:\/\/www.movistar.es\/blog\/wp-json\/wp\/v2\/comments?post=14927"}],"version-history":[{"count":5,"href":"https:\/\/www.movistar.es\/blog\/wp-json\/wp\/v2\/posts\/14927\/revisions"}],"predecessor-version":[{"id":14972,"href":"https:\/\/www.movistar.es\/blog\/wp-json\/wp\/v2\/posts\/14927\/revisions\/14972"}],"wp:featuredmedia":[{"embeddable":true,"href":"https:\/\/www.movistar.es\/blog\/wp-json\/wp\/v2\/media\/14938"}],"wp:attachment":[{"href":"https:\/\/www.movistar.es\/blog\/wp-json\/wp\/v2\/media?parent=14927"}],"wp:term":[{"taxonomy":"category","embeddable":true,"href":"https:\/\/www.movistar.es\/blog\/wp-json\/wp\/v2\/categories?post=14927"},{"taxonomy":"post_tag","embeddable":true,"href":"https:\/\/www.movistar.es\/blog\/wp-json\/wp\/v2\/tags?post=14927"},{"taxonomy":"area","embeddable":true,"href":"https:\/\/www.movistar.es\/blog\/wp-json\/wp\/v2\/area?post=14927"},{"taxonomy":"cluster","embeddable":true,"href":"https:\/\/www.movistar.es\/blog\/wp-json\/wp\/v2\/cluster?post=14927"},{"taxonomy":"linea_editorial","embeddable":true,"href":"https:\/\/www.movistar.es\/blog\/wp-json\/wp\/v2\/linea_editorial?post=14927"},{"taxonomy":"author","embeddable":true,"href":"https:\/\/www.movistar.es\/blog\/wp-json\/wp\/v2\/coauthors?post=14927"}],"curies":[{"name":"wp","href":"https:\/\/api.w.org\/{rel}","templated":true}]}}