{"id":14315,"date":"2023-06-20T09:00:00","date_gmt":"2023-06-20T07:00:00","guid":{"rendered":"https:\/\/www.movistar.es\/blog\/?p=14315"},"modified":"2023-09-25T15:10:39","modified_gmt":"2023-09-25T13:10:39","slug":"detectar-sintomas-demencia-senil","status":"publish","type":"post","link":"https:\/\/www.movistar.es\/blog\/salud\/detectar-sintomas-demencia-senil\/","title":{"rendered":"C\u00f3mo detectar los s\u00edntomas de la demencia senil"},"content":{"rendered":"\n<p>La <strong>demencia senil<\/strong> es una enfermedad neurodegenerativa que afecta principalmente a las personas mayores. A medida que envejecemos, es importante estar atentos a los s\u00edntomas iniciales de la demencia, ya que un diagn\u00f3stico temprano puede permitir un mejor manejo de la enfermedad y una mejor calidad de vida para los afectados.&nbsp;<\/p>\n\n\n\n<p>En este art\u00edculo, exploraremos los s\u00edntomas principales de la demencia senil y c\u00f3mo tratarlos utilizando el Reloj TeCuida de <strong>Movistar<\/strong>.<\/p>\n\n\n\n<h2 class=\"wp-block-heading\" class=\"wp-block-heading\" id=\"que-es-la-demencia-senil\">Qu\u00e9 es la demencia senil<\/h2>\n\n\n\n<p>La demencia senil es un t\u00e9rmino utilizado para describir un conjunto de <strong>s\u00edntomas cognitivos<\/strong> y conductuales que afectan principalmente a las personas de edad avanzada. Es importante destacar que la demencia senil no es una enfermedad en s\u00ed misma, sino m\u00e1s bien un t\u00e9rmino general que engloba diversas condiciones neurodegenerativas, siendo la enfermedad de <strong><a href=\"https:\/\/www.movistar.es\/blog\/salud\/sintomas-alzheimer-reloj-tecuida\/\" target=\"_blank\" rel=\"noreferrer noopener\">Alzheimer<\/a><\/strong> la m\u00e1s com\u00fan.<\/p>\n\n\n\n<p>As\u00ed pues, la demencial senil tiene<strong> <a href=\"https:\/\/allegra.cat\/es\/demencia-senil-fases\/\" target=\"_blank\" rel=\"noreferrer noopener\">varias fases<\/a><\/strong> y se caracteriza por un deterioro gradual y progresivo de las funciones cognitivas, como la memoria, el pensamiento, el lenguaje y la capacidad para realizar actividades diarias. Estos cambios pueden interferir significativamente en la vida diaria de las personas afectadas y dificultar su capacidad para llevar a cabo tareas b\u00e1sicas.<\/p>\n\n\n\n<p>La causa exacta de la demencia senil <strong>no se conoce<\/strong> por completo, pero se cree que est\u00e1 relacionada con el da\u00f1o y la muerte de las c\u00e9lulas cerebrales. Los factores de riesgo incluyen la edad avanzada, antecedentes familiares de demencia, lesiones cerebrales, hipertensi\u00f3n, diabetes y estilo de vida poco saludable.<\/p>\n\n\n\n<p>Es importante destacar que la demencia senil no es una parte normal del envejecimiento y no todos los adultos mayores la experimentar\u00e1n. Sin embargo, el riesgo de desarrollar demencia aumenta<strong> con la edad<\/strong>. Es fundamental estar atentos a los posibles signos y s\u00edntomas para buscar una evaluaci\u00f3n m\u00e9dica temprana y acceder a un adecuado tratamiento y apoyo.<\/p>\n\n\n\n<p>Su diagn\u00f3stico se realiza a trav\u00e9s de una<strong> evaluaci\u00f3n m\u00e9dica<\/strong> completa, que puede incluir pruebas cognitivas, an\u00e1lisis de sangre, im\u00e1genes cerebrales y evaluaci\u00f3n de la historia cl\u00ednica del paciente. Un diagn\u00f3stico temprano puede permitir un mejor manejo de la enfermedad, as\u00ed como la implementaci\u00f3n de estrategias de apoyo y tratamientos adecuados para mejorar la calidad de vida del paciente y sus cuidadores.<\/p>\n\n\n\n<figure class=\"wp-block-image size-large\"><img loading=\"lazy\" decoding=\"async\" height=\"768\" width=\"1024\" src=\"https:\/\/www.movistar.es\/blog\/wp-content\/uploads\/sites\/3\/2023\/06\/Depositphotos_10392971_L.jpg?w=1024\" alt=\"demencia senil\" class=\"wp-image-14318\" srcset=\"https:\/\/www.movistar.es\/blog\/wp-content\/uploads\/sites\/3\/2023\/06\/Depositphotos_10392971_L.jpg 2000w, https:\/\/www.movistar.es\/blog\/wp-content\/uploads\/sites\/3\/2023\/06\/Depositphotos_10392971_L.jpg?resize=300,225 300w, https:\/\/www.movistar.es\/blog\/wp-content\/uploads\/sites\/3\/2023\/06\/Depositphotos_10392971_L.jpg?resize=768,576 768w, https:\/\/www.movistar.es\/blog\/wp-content\/uploads\/sites\/3\/2023\/06\/Depositphotos_10392971_L.jpg?resize=1024,768 1024w, https:\/\/www.movistar.es\/blog\/wp-content\/uploads\/sites\/3\/2023\/06\/Depositphotos_10392971_L.jpg?resize=1536,1152 1536w, https:\/\/www.movistar.es\/blog\/wp-content\/uploads\/sites\/3\/2023\/06\/Depositphotos_10392971_L.jpg?resize=320,240 320w\" sizes=\"auto, (max-width: 1024px) 100vw, 1024px\" \/><\/figure>\n\n\n\n<h2 class=\"wp-block-heading\" class=\"wp-block-heading\" id=\"sintomas-principales-de-la-demencia-senil\">S\u00edntomas principales de la demencia senil<\/h2>\n\n\n\n<p>La demencia senil se caracteriza por un deterioro progresivo de las funciones cognitivas, como la memoria, el pensamiento, el lenguaje y la capacidad para realizar actividades diarias. Estos son algunos de los s\u00edntomas principales a los que se debe prestar atenci\u00f3n:<\/p>\n\n\n\n<ul class=\"wp-block-list\"><li><strong>P\u00e9rdida de memoria<\/strong>: Uno de los primeros signos de demencia senil es la p\u00e9rdida de memoria a corto plazo. Las personas pueden olvidar eventos recientes, tener dificultad para recordar informaci\u00f3n importante o repetir las mismas preguntas una y otra vez.<\/li><li><strong>Dificultades en la comunicaci\u00f3n<\/strong>: Los afectados pueden experimentar dificultades para encontrar las palabras adecuadas, seguir una conversaci\u00f3n o expresar sus pensamientos de manera coherente. Esto puede llevar a una disminuci\u00f3n en la capacidad de comunicarse eficazmente con los dem\u00e1s.<\/li><li><strong>Desorientaci\u00f3n temporal y espacial<\/strong>: Las personas con demencia senil pueden perder la noci\u00f3n del tiempo y tener dificultades para recordar fechas, d\u00edas de la semana o incluso c\u00f3mo llegar a lugares familiares. Esto puede generar confusi\u00f3n y ansiedad.<\/li><li><strong>Cambios en el estado de \u00e1nimo y la personalidad<\/strong>: La demencia senil tambi\u00e9n puede manifestarse a trav\u00e9s de cambios repentinos en el estado de \u00e1nimo, como irritabilidad, apat\u00eda o depresi\u00f3n. Adem\u00e1s, la personalidad de la persona puede cambiar, mostrando comportamientos que antes no ten\u00edan.<\/li><\/ul>\n\n\n\n<h2 class=\"wp-block-heading\" id=\"h-como-detectar-los-sintomas-con-el-reloj-tecuida-de-movisar\">C\u00f3mo detectar los s\u00edntomas con el Reloj TeCuida de Movisar<\/h2>\n\n\n\n<p>Recientemente, Movistar ha desarrollado un smartwatch llamado <strong><a href=\"https:\/\/www.movistar.es\/particulares\/salud\/reloj-personas-mayores\" target=\"_blank\" rel=\"noreferrer noopener\">Reloj TeCuida<\/a><\/strong>, que utiliza la tecnolog\u00eda para ayudar a las personas mayores en su d\u00eda a d\u00eda. Este reloj inteligente tiene varias caracter\u00edsticas que pueden ser \u00fatiles en pacientes de demencia senil, ayud\u00e1ndonos incluso a detectarlos.<\/p>\n\n\n\n<p>Por ejemplo, el Reloj TeCuida registra la <strong>actividad diaria<\/strong> de la persona, incluyendo el n\u00famero de pasos dados y la duraci\u00f3n del sue\u00f1o. Un cambio significativo en estos patrones puede indicar posibles problemas cognitivos.<\/p>\n\n\n\n<p>Por otro lado, el reloj puede programarse para recordar eventos importantes, como tomar medicamentos o realizar ciertas actividades. Si la persona muestra dificultades para recordar o seguir estos recordatorios, podr\u00eda ser una se\u00f1al de demencia senil.<\/p>\n\n\n\n<p>El Reloj TeCuida tambi\u00e9n tiene una funci\u00f3n de <strong>geolocalizaci\u00f3n<\/strong>, lo que significa que puede rastrear la ubicaci\u00f3n de la persona en tiempo real. Esto puede ser \u00fatil en caso de que la persona se desoriente o se pierda.<\/p>\n\n\n\n<p>El <a href=\"https:\/\/www.movistar.es\/blog\/salud\/boton-del-panico-reloj\/\" target=\"_blank\" rel=\"noreferrer noopener\"><strong>bot\u00f3n de emergencia<\/strong><\/a> es otra funci\u00f3n clave del Reloj TeCuida. Al pulsar este bot\u00f3n, la central receptora, servicio prestado por <a href=\"https:\/\/www.movistar.es\/blog\/alarmas\/funciones-de-la-app-de-movistar-prosegur-alarmas-notificaciones-y-configuracion\/\" target=\"_blank\" rel=\"noreferrer noopener\">Movistar Prosegur Alarmas<\/a>, se pondr\u00e1 en contacto con el usuario. Una vez verificado el estado del usuario y en caso de ser necesario, se activar\u00e1 el protocolo de emergencias a trav\u00e9s del 112. Si el usuario no responde, Movistar Prosegur Alarmas se pondr\u00e1 en contacto con el familiar designado para activar el protocolo. Adem\u00e1s, familiares y cuidadores recibir\u00e1n en la propia app del reloj y por SMS una notificaci\u00f3n de que se ha generado una alarma. <\/p>\n\n\n\n<figure class=\"wp-block-embed is-type-video is-provider-youtube wp-block-embed-youtube wp-embed-aspect-16-9 wp-has-aspect-ratio\"><div class=\"wp-block-embed__wrapper\">\n<div class=\"wp-block-embed__wrapper\"><div class=\"ast-oembed-container \" style=\"height: 100%;\"><iframe loading=\"lazy\" title=\"MOVISTAR: Descubre el servicio Reloj TeCuida\" width=\"1040\" height=\"585\" src=\"https:\/\/www.youtube.com\/embed\/BE_L0OYe2Ag?feature=oembed\" frameborder=\"0\" allow=\"accelerometer; autoplay; clipboard-write; encrypted-media; gyroscope; picture-in-picture; web-share\" referrerpolicy=\"strict-origin-when-cross-origin\" allowfullscreen><\/iframe><\/div><\/div>\n<\/div><\/figure>\n\n\n\n<p>Ahora, si quieres disfrutar de todas las ventajas del Reloj TeCuida, puedes hacerlo gracias a Movistar. Tanto clientes como no clientes pueden adquirirlo desde el pasado 22 de mayo. Puedes hacerte con \u00e9l tanto en las 800 tiendas Movistar repartidas por Espa\u00f1a como en <strong><a href=\"https:\/\/www.movistar.es\/\" target=\"_blank\" rel=\"noreferrer noopener\">movistar.es<\/a><\/strong> y a trav\u00e9s del <a href=\"https:\/\/atencionalcliente.movistar.es\/pregunta-cliente\/1004?_ga=2.64068271.1677828429.1687170149-1962045326.1685691595&amp;_gl=1*f8utm7*_ga*MTk2MjA0NTMyNi4xNjg1NjkxNTk1*_ga_J1GJWFY08P*MTY4NzE3MDE1MC4zODMuMS4xNjg3MTcwNjU4LjMyLjAuMA..\" target=\"_blank\" rel=\"noreferrer noopener\">1004<\/a>.&nbsp;<\/p>\n\n\n\n<p>As\u00ed que ya sabes, comienza a disfrutar desde ya de las ventajas del Reloj TeCuida de Movistar. Porque mejorar la calidad de vida de nuestros mayores y apostar por nuestra tranquilidad, no tiene precio.<\/p>\n","protected":false},"excerpt":{"rendered":"<p>La demencia senil es una enfermedad neurodegenerativa que afecta principalmente a las personas mayores. A medida que envejecemos, es importante estar atentos a los s\u00edntomas iniciales de la demencia, ya que un diagn\u00f3stico temprano puede [&hellip;]<\/p>\n","protected":false},"author":93,"featured_media":14316,"comment_status":"closed","ping_status":"closed","sticky":false,"template":"","format":"standard","meta":{"site-sidebar-layout":"default","site-content-layout":"","ast-site-content-layout":"","site-content-style":"default","site-sidebar-style":"default","ast-global-header-display":"","ast-banner-title-visibility":"","ast-main-header-display":"","ast-hfb-above-header-display":"","ast-hfb-below-header-display":"","ast-hfb-mobile-header-display":"","site-post-title":"","ast-breadcrumbs-content":"","ast-featured-img":"","footer-sml-layout":"","theme-transparent-header-meta":"","adv-header-id-meta":"","stick-header-meta":"","header-above-stick-meta":"","header-main-stick-meta":"","header-below-stick-meta":"","astra-migrate-meta-layouts":"default","ast-page-background-enabled":"default","ast-page-background-meta":{"desktop":{"background-color":"var(--ast-global-color-4)","background-image":"","background-repeat":"repeat","background-position":"center center","background-size":"auto","background-attachment":"scroll","background-type":"","background-media":"","overlay-type":"","overlay-color":"","overlay-opacity":"","overlay-gradient":""},"tablet":{"background-color":"","background-image":"","background-repeat":"repeat","background-position":"center center","background-size":"auto","background-attachment":"scroll","background-type":"","background-media":"","overlay-type":"","overlay-color":"","overlay-opacity":"","overlay-gradient":""},"mobile":{"background-color":"","background-image":"","background-repeat":"repeat","background-position":"center center","background-size":"auto","background-attachment":"scroll","background-type":"","background-media":"","overlay-type":"","overlay-color":"","overlay-opacity":"","overlay-gradient":""}},"ast-content-background-meta":{"desktop":{"background-color":"var(--ast-global-color-5)","background-image":"","background-repeat":"repeat","background-position":"center center","background-size":"auto","background-attachment":"scroll","background-type":"","background-media":"","overlay-type":"","overlay-color":"","overlay-opacity":"","overlay-gradient":""},"tablet":{"background-color":"var(--ast-global-color-5)","background-image":"","background-repeat":"repeat","background-position":"center center","background-size":"auto","background-attachment":"scroll","background-type":"","background-media":"","overlay-type":"","overlay-color":"","overlay-opacity":"","overlay-gradient":""},"mobile":{"background-color":"var(--ast-global-color-5)","background-image":"","background-repeat":"repeat","background-position":"center center","background-size":"auto","background-attachment":"scroll","background-type":"","background-media":"","overlay-type":"","overlay-color":"","overlay-opacity":"","overlay-gradient":""}},"_jetpack_memberships_contains_paid_content":false,"footnotes":""},"categories":[1],"tags":[],"area":[427],"cluster":[99],"linea_editorial":[],"coauthors":[467],"class_list":["post-14315","post","type-post","status-publish","format-standard","has-post-thumbnail","hentry","category-sin-categoria","area-gametv","cluster-salud"],"yoast_head":"<!-- This site is optimized with the Yoast SEO Premium plugin v25.5 (Yoast SEO v25.5) - https:\/\/yoast.com\/wordpress\/plugins\/seo\/ -->\n<title>C\u00f3mo detectar los s\u00edntomas de la demencia senil<\/title>\n<meta name=\"description\" content=\"Te explicamos en qu\u00e9 consiste la demencia senil, cu\u00e1les son sus s\u00edntomas principales y c\u00f3mo puede ayudarte el Reloj TeCuida de Movistar.\" \/>\n<meta name=\"robots\" content=\"index, follow, max-snippet:-1, max-image-preview:large, max-video-preview:-1\" \/>\n<link rel=\"canonical\" href=\"https:\/\/www.movistar.es\/blog\/salud\/detectar-sintomas-demencia-senil\/\" \/>\n<meta property=\"og:locale\" content=\"es_ES\" \/>\n<meta property=\"og:type\" content=\"article\" \/>\n<meta property=\"og:title\" content=\"C\u00f3mo detectar los s\u00edntomas de la demencia senil\" \/>\n<meta property=\"og:description\" content=\"Te explicamos en qu\u00e9 consiste la demencia senil, cu\u00e1les son sus s\u00edntomas principales y c\u00f3mo puede ayudarte el Reloj TeCuida de Movistar.\" \/>\n<meta property=\"og:url\" content=\"https:\/\/www.movistar.es\/blog\/salud\/detectar-sintomas-demencia-senil\/\" \/>\n<meta property=\"og:site_name\" content=\"Movistar blog\" \/>\n<meta property=\"article:author\" content=\"movistar.es\/\" \/>\n<meta property=\"article:published_time\" content=\"2023-06-20T07:00:00+00:00\" \/>\n<meta property=\"article:modified_time\" content=\"2023-09-25T13:10:39+00:00\" \/>\n<meta property=\"og:image\" content=\"https:\/\/www.movistar.es\/blog\/wp-content\/uploads\/sites\/3\/2023\/06\/Depositphotos_252365176_L.jpg\" \/>\n\t<meta property=\"og:image:width\" content=\"1999\" \/>\n\t<meta property=\"og:image:height\" content=\"1356\" \/>\n\t<meta property=\"og:image:type\" content=\"image\/jpeg\" \/>\n<meta name=\"author\" content=\"Equipo de Redacci\u00f3n\" \/>\n<meta name=\"twitter:card\" content=\"summary_large_image\" \/>\n<meta name=\"twitter:creator\" content=\"@movistar_es\" \/>\n<meta name=\"twitter:label1\" content=\"Written by\" \/>\n\t<meta name=\"twitter:data1\" content=\"Equipo de Redacci\u00f3n\" \/>\n\t<meta name=\"twitter:label2\" content=\"Est. reading time\" \/>\n\t<meta name=\"twitter:data2\" content=\"5 minutos\" \/>\n<script type=\"application\/ld+json\" class=\"yoast-schema-graph\">{\"@context\":\"https:\/\/schema.org\",\"@graph\":[{\"@type\":\"Article\",\"@id\":\"https:\/\/www.movistar.es\/blog\/salud\/detectar-sintomas-demencia-senil\/#article\",\"isPartOf\":{\"@id\":\"https:\/\/www.movistar.es\/blog\/salud\/detectar-sintomas-demencia-senil\/\"},\"author\":{\"name\":\"Equipo de Redacci\u00f3n\",\"@id\":\"https:\/\/www.movistar.es\/blog\/#\/schema\/person\/6184006f5def4638e52e2d0ff98bd55a\"},\"headline\":\"C\u00f3mo detectar los s\u00edntomas de la demencia senil\",\"datePublished\":\"2023-06-20T07:00:00+00:00\",\"dateModified\":\"2023-09-25T13:10:39+00:00\",\"mainEntityOfPage\":{\"@id\":\"https:\/\/www.movistar.es\/blog\/salud\/detectar-sintomas-demencia-senil\/\"},\"wordCount\":1012,\"publisher\":{\"@id\":\"https:\/\/www.movistar.es\/blog\/#organization\"},\"image\":{\"@id\":\"https:\/\/www.movistar.es\/blog\/salud\/detectar-sintomas-demencia-senil\/#primaryimage\"},\"thumbnailUrl\":\"https:\/\/www.movistar.es\/blog\/wp-content\/uploads\/sites\/3\/2023\/06\/Depositphotos_252365176_L.jpg\",\"inLanguage\":\"es\"},{\"@type\":\"WebPage\",\"@id\":\"https:\/\/www.movistar.es\/blog\/salud\/detectar-sintomas-demencia-senil\/\",\"url\":\"https:\/\/www.movistar.es\/blog\/salud\/detectar-sintomas-demencia-senil\/\",\"name\":\"C\u00f3mo detectar los s\u00edntomas de la demencia senil\",\"isPartOf\":{\"@id\":\"https:\/\/www.movistar.es\/blog\/#website\"},\"primaryImageOfPage\":{\"@id\":\"https:\/\/www.movistar.es\/blog\/salud\/detectar-sintomas-demencia-senil\/#primaryimage\"},\"image\":{\"@id\":\"https:\/\/www.movistar.es\/blog\/salud\/detectar-sintomas-demencia-senil\/#primaryimage\"},\"thumbnailUrl\":\"https:\/\/www.movistar.es\/blog\/wp-content\/uploads\/sites\/3\/2023\/06\/Depositphotos_252365176_L.jpg\",\"datePublished\":\"2023-06-20T07:00:00+00:00\",\"dateModified\":\"2023-09-25T13:10:39+00:00\",\"description\":\"Te explicamos en qu\u00e9 consiste la demencia senil, cu\u00e1les son sus s\u00edntomas principales y c\u00f3mo puede ayudarte el Reloj TeCuida de Movistar.\",\"breadcrumb\":{\"@id\":\"https:\/\/www.movistar.es\/blog\/salud\/detectar-sintomas-demencia-senil\/#breadcrumb\"},\"inLanguage\":\"es\",\"potentialAction\":[{\"@type\":\"ReadAction\",\"target\":[\"https:\/\/www.movistar.es\/blog\/salud\/detectar-sintomas-demencia-senil\/\"]}]},{\"@type\":\"ImageObject\",\"inLanguage\":\"es\",\"@id\":\"https:\/\/www.movistar.es\/blog\/salud\/detectar-sintomas-demencia-senil\/#primaryimage\",\"url\":\"https:\/\/www.movistar.es\/blog\/wp-content\/uploads\/sites\/3\/2023\/06\/Depositphotos_252365176_L.jpg\",\"contentUrl\":\"https:\/\/www.movistar.es\/blog\/wp-content\/uploads\/sites\/3\/2023\/06\/Depositphotos_252365176_L.jpg\",\"width\":1999,\"height\":1356,\"caption\":\"Frustrated senior woman sitting at the table with notebook and pen in hands. She has difficulty with planning and organizing. Symptoms of dementia\"},{\"@type\":\"BreadcrumbList\",\"@id\":\"https:\/\/www.movistar.es\/blog\/salud\/detectar-sintomas-demencia-senil\/#breadcrumb\",\"itemListElement\":[{\"@type\":\"ListItem\",\"position\":1,\"name\":\"Home\",\"item\":\"https:\/\/www.movistar.es\/blog\/\"},{\"@type\":\"ListItem\",\"position\":2,\"name\":\"C\u00f3mo detectar los s\u00edntomas de la demencia senil\"}]},{\"@type\":\"WebSite\",\"@id\":\"https:\/\/www.movistar.es\/blog\/#website\",\"url\":\"https:\/\/www.movistar.es\/blog\/\",\"name\":\"Movistar blog\",\"description\":\"Movistar Blog. Informaci\u00f3n y m\u00e1s sobre los productos y servicios de Movistar\",\"publisher\":{\"@id\":\"https:\/\/www.movistar.es\/blog\/#organization\"},\"potentialAction\":[{\"@type\":\"SearchAction\",\"target\":{\"@type\":\"EntryPoint\",\"urlTemplate\":\"https:\/\/www.movistar.es\/blog\/?s={search_term_string}\"},\"query-input\":{\"@type\":\"PropertyValueSpecification\",\"valueRequired\":true,\"valueName\":\"search_term_string\"}}],\"inLanguage\":\"es\"},{\"@type\":\"Organization\",\"@id\":\"https:\/\/www.movistar.es\/blog\/#organization\",\"name\":\"Movistar blog\",\"url\":\"https:\/\/www.movistar.es\/blog\/\",\"logo\":{\"@type\":\"ImageObject\",\"inLanguage\":\"es\",\"@id\":\"https:\/\/www.movistar.es\/blog\/#\/schema\/logo\/image\/\",\"url\":\"https:\/\/www.movistar.es\/blog\/wp-content\/uploads\/sites\/3\/2022\/05\/logo_movistar-1.svg\",\"contentUrl\":\"https:\/\/www.movistar.es\/blog\/wp-content\/uploads\/sites\/3\/2022\/05\/logo_movistar-1.svg\",\"width\":369,\"height\":272,\"caption\":\"Movistar blog\"},\"image\":{\"@id\":\"https:\/\/www.movistar.es\/blog\/#\/schema\/logo\/image\/\"}},{\"@type\":\"Person\",\"@id\":\"https:\/\/www.movistar.es\/blog\/#\/schema\/person\/6184006f5def4638e52e2d0ff98bd55a\",\"name\":\"Equipo de Redacci\u00f3n\",\"image\":{\"@type\":\"ImageObject\",\"inLanguage\":\"es\",\"@id\":\"https:\/\/www.movistar.es\/blog\/#\/schema\/person\/image\/8dbf7dc767c23aa5f974d575dda930c5\",\"url\":\"https:\/\/secure.gravatar.com\/avatar\/ce5aadad84c2aeb36c9813c46e41a53b0c9cc1d57205e8cde4bdf0ed790b3c97\",\"contentUrl\":\"https:\/\/secure.gravatar.com\/avatar\/ce5aadad84c2aeb36c9813c46e41a53b0c9cc1d57205e8cde4bdf0ed790b3c97\",\"caption\":\"Equipo de Redacci\u00f3n\"},\"description\":\"Buscamos temas de tu inter\u00e9s. Te contamos c\u00f3mo pueden ayudarte en tu d\u00eda a d\u00eda los productos y servicios de Movistar. No queremos venderte nada. Queremos descubrirte cosas para hacerte la vida m\u00e1s f\u00e1cil.\",\"sameAs\":[\"https:\/\/www.movistar.es\/\",\"movistar.es\/\",\"https:\/\/www.instagram.com\/movistar_es\/?hl=es\",\"https:\/\/x.com\/movistar_es\"],\"knowsAbout\":[\"smartphones\",\"conectividad\",\"hogar digital\",\"ciberseguridad\"],\"url\":\"https:\/\/www.movistar.es\/blog\/author\/contentmovistar\/\"}]}<\/script>\n<!-- \/ Yoast SEO Premium plugin. -->","yoast_head_json":{"title":"C\u00f3mo detectar los s\u00edntomas de la demencia senil","description":"Te explicamos en qu\u00e9 consiste la demencia senil, cu\u00e1les son sus s\u00edntomas principales y c\u00f3mo puede ayudarte el Reloj TeCuida de Movistar.","robots":{"index":"index","follow":"follow","max-snippet":"max-snippet:-1","max-image-preview":"max-image-preview:large","max-video-preview":"max-video-preview:-1"},"canonical":"https:\/\/www.movistar.es\/blog\/salud\/detectar-sintomas-demencia-senil\/","og_locale":"es_ES","og_type":"article","og_title":"C\u00f3mo detectar los s\u00edntomas de la demencia senil","og_description":"Te explicamos en qu\u00e9 consiste la demencia senil, cu\u00e1les son sus s\u00edntomas principales y c\u00f3mo puede ayudarte el Reloj TeCuida de Movistar.","og_url":"https:\/\/www.movistar.es\/blog\/salud\/detectar-sintomas-demencia-senil\/","og_site_name":"Movistar blog","article_author":"movistar.es\/","article_published_time":"2023-06-20T07:00:00+00:00","article_modified_time":"2023-09-25T13:10:39+00:00","og_image":[{"width":1999,"height":1356,"url":"https:\/\/www.movistar.es\/blog\/wp-content\/uploads\/sites\/3\/2023\/06\/Depositphotos_252365176_L.jpg","type":"image\/jpeg"}],"author":"Equipo de Redacci\u00f3n","twitter_card":"summary_large_image","twitter_creator":"@movistar_es","twitter_misc":{"Written by":"Equipo de Redacci\u00f3n","Est. reading time":"5 minutos"},"schema":{"@context":"https:\/\/schema.org","@graph":[{"@type":"Article","@id":"https:\/\/www.movistar.es\/blog\/salud\/detectar-sintomas-demencia-senil\/#article","isPartOf":{"@id":"https:\/\/www.movistar.es\/blog\/salud\/detectar-sintomas-demencia-senil\/"},"author":{"name":"Equipo de Redacci\u00f3n","@id":"https:\/\/www.movistar.es\/blog\/#\/schema\/person\/6184006f5def4638e52e2d0ff98bd55a"},"headline":"C\u00f3mo detectar los s\u00edntomas de la demencia senil","datePublished":"2023-06-20T07:00:00+00:00","dateModified":"2023-09-25T13:10:39+00:00","mainEntityOfPage":{"@id":"https:\/\/www.movistar.es\/blog\/salud\/detectar-sintomas-demencia-senil\/"},"wordCount":1012,"publisher":{"@id":"https:\/\/www.movistar.es\/blog\/#organization"},"image":{"@id":"https:\/\/www.movistar.es\/blog\/salud\/detectar-sintomas-demencia-senil\/#primaryimage"},"thumbnailUrl":"https:\/\/www.movistar.es\/blog\/wp-content\/uploads\/sites\/3\/2023\/06\/Depositphotos_252365176_L.jpg","inLanguage":"es"},{"@type":"WebPage","@id":"https:\/\/www.movistar.es\/blog\/salud\/detectar-sintomas-demencia-senil\/","url":"https:\/\/www.movistar.es\/blog\/salud\/detectar-sintomas-demencia-senil\/","name":"C\u00f3mo detectar los s\u00edntomas de la demencia senil","isPartOf":{"@id":"https:\/\/www.movistar.es\/blog\/#website"},"primaryImageOfPage":{"@id":"https:\/\/www.movistar.es\/blog\/salud\/detectar-sintomas-demencia-senil\/#primaryimage"},"image":{"@id":"https:\/\/www.movistar.es\/blog\/salud\/detectar-sintomas-demencia-senil\/#primaryimage"},"thumbnailUrl":"https:\/\/www.movistar.es\/blog\/wp-content\/uploads\/sites\/3\/2023\/06\/Depositphotos_252365176_L.jpg","datePublished":"2023-06-20T07:00:00+00:00","dateModified":"2023-09-25T13:10:39+00:00","description":"Te explicamos en qu\u00e9 consiste la demencia senil, cu\u00e1les son sus s\u00edntomas principales y c\u00f3mo puede ayudarte el Reloj TeCuida de Movistar.","breadcrumb":{"@id":"https:\/\/www.movistar.es\/blog\/salud\/detectar-sintomas-demencia-senil\/#breadcrumb"},"inLanguage":"es","potentialAction":[{"@type":"ReadAction","target":["https:\/\/www.movistar.es\/blog\/salud\/detectar-sintomas-demencia-senil\/"]}]},{"@type":"ImageObject","inLanguage":"es","@id":"https:\/\/www.movistar.es\/blog\/salud\/detectar-sintomas-demencia-senil\/#primaryimage","url":"https:\/\/www.movistar.es\/blog\/wp-content\/uploads\/sites\/3\/2023\/06\/Depositphotos_252365176_L.jpg","contentUrl":"https:\/\/www.movistar.es\/blog\/wp-content\/uploads\/sites\/3\/2023\/06\/Depositphotos_252365176_L.jpg","width":1999,"height":1356,"caption":"Frustrated senior woman sitting at the table with notebook and pen in hands. She has difficulty with planning and organizing. Symptoms of dementia"},{"@type":"BreadcrumbList","@id":"https:\/\/www.movistar.es\/blog\/salud\/detectar-sintomas-demencia-senil\/#breadcrumb","itemListElement":[{"@type":"ListItem","position":1,"name":"Home","item":"https:\/\/www.movistar.es\/blog\/"},{"@type":"ListItem","position":2,"name":"C\u00f3mo detectar los s\u00edntomas de la demencia senil"}]},{"@type":"WebSite","@id":"https:\/\/www.movistar.es\/blog\/#website","url":"https:\/\/www.movistar.es\/blog\/","name":"Movistar blog","description":"Movistar Blog. Informaci\u00f3n y m\u00e1s sobre los productos y servicios de Movistar","publisher":{"@id":"https:\/\/www.movistar.es\/blog\/#organization"},"potentialAction":[{"@type":"SearchAction","target":{"@type":"EntryPoint","urlTemplate":"https:\/\/www.movistar.es\/blog\/?s={search_term_string}"},"query-input":{"@type":"PropertyValueSpecification","valueRequired":true,"valueName":"search_term_string"}}],"inLanguage":"es"},{"@type":"Organization","@id":"https:\/\/www.movistar.es\/blog\/#organization","name":"Movistar blog","url":"https:\/\/www.movistar.es\/blog\/","logo":{"@type":"ImageObject","inLanguage":"es","@id":"https:\/\/www.movistar.es\/blog\/#\/schema\/logo\/image\/","url":"https:\/\/www.movistar.es\/blog\/wp-content\/uploads\/sites\/3\/2022\/05\/logo_movistar-1.svg","contentUrl":"https:\/\/www.movistar.es\/blog\/wp-content\/uploads\/sites\/3\/2022\/05\/logo_movistar-1.svg","width":369,"height":272,"caption":"Movistar blog"},"image":{"@id":"https:\/\/www.movistar.es\/blog\/#\/schema\/logo\/image\/"}},{"@type":"Person","@id":"https:\/\/www.movistar.es\/blog\/#\/schema\/person\/6184006f5def4638e52e2d0ff98bd55a","name":"Equipo de Redacci\u00f3n","image":{"@type":"ImageObject","inLanguage":"es","@id":"https:\/\/www.movistar.es\/blog\/#\/schema\/person\/image\/8dbf7dc767c23aa5f974d575dda930c5","url":"https:\/\/secure.gravatar.com\/avatar\/ce5aadad84c2aeb36c9813c46e41a53b0c9cc1d57205e8cde4bdf0ed790b3c97","contentUrl":"https:\/\/secure.gravatar.com\/avatar\/ce5aadad84c2aeb36c9813c46e41a53b0c9cc1d57205e8cde4bdf0ed790b3c97","caption":"Equipo de Redacci\u00f3n"},"description":"Buscamos temas de tu inter\u00e9s. Te contamos c\u00f3mo pueden ayudarte en tu d\u00eda a d\u00eda los productos y servicios de Movistar. No queremos venderte nada. Queremos descubrirte cosas para hacerte la vida m\u00e1s f\u00e1cil.","sameAs":["https:\/\/www.movistar.es\/","movistar.es\/","https:\/\/www.instagram.com\/movistar_es\/?hl=es","https:\/\/x.com\/movistar_es"],"knowsAbout":["smartphones","conectividad","hogar digital","ciberseguridad"],"url":"https:\/\/www.movistar.es\/blog\/author\/contentmovistar\/"}]}},"jetpack_featured_media_url":"https:\/\/www.movistar.es\/blog\/wp-content\/uploads\/sites\/3\/2023\/06\/Depositphotos_252365176_L.jpg","jetpack_sharing_enabled":true,"_links":{"self":[{"href":"https:\/\/www.movistar.es\/blog\/wp-json\/wp\/v2\/posts\/14315","targetHints":{"allow":["GET"]}}],"collection":[{"href":"https:\/\/www.movistar.es\/blog\/wp-json\/wp\/v2\/posts"}],"about":[{"href":"https:\/\/www.movistar.es\/blog\/wp-json\/wp\/v2\/types\/post"}],"author":[{"embeddable":true,"href":"https:\/\/www.movistar.es\/blog\/wp-json\/wp\/v2\/users\/93"}],"replies":[{"embeddable":true,"href":"https:\/\/www.movistar.es\/blog\/wp-json\/wp\/v2\/comments?post=14315"}],"version-history":[{"count":6,"href":"https:\/\/www.movistar.es\/blog\/wp-json\/wp\/v2\/posts\/14315\/revisions"}],"predecessor-version":[{"id":17519,"href":"https:\/\/www.movistar.es\/blog\/wp-json\/wp\/v2\/posts\/14315\/revisions\/17519"}],"wp:featuredmedia":[{"embeddable":true,"href":"https:\/\/www.movistar.es\/blog\/wp-json\/wp\/v2\/media\/14316"}],"wp:attachment":[{"href":"https:\/\/www.movistar.es\/blog\/wp-json\/wp\/v2\/media?parent=14315"}],"wp:term":[{"taxonomy":"category","embeddable":true,"href":"https:\/\/www.movistar.es\/blog\/wp-json\/wp\/v2\/categories?post=14315"},{"taxonomy":"post_tag","embeddable":true,"href":"https:\/\/www.movistar.es\/blog\/wp-json\/wp\/v2\/tags?post=14315"},{"taxonomy":"area","embeddable":true,"href":"https:\/\/www.movistar.es\/blog\/wp-json\/wp\/v2\/area?post=14315"},{"taxonomy":"cluster","embeddable":true,"href":"https:\/\/www.movistar.es\/blog\/wp-json\/wp\/v2\/cluster?post=14315"},{"taxonomy":"linea_editorial","embeddable":true,"href":"https:\/\/www.movistar.es\/blog\/wp-json\/wp\/v2\/linea_editorial?post=14315"},{"taxonomy":"author","embeddable":true,"href":"https:\/\/www.movistar.es\/blog\/wp-json\/wp\/v2\/coauthors?post=14315"}],"curies":[{"name":"wp","href":"https:\/\/api.w.org\/{rel}","templated":true}]}}