{"id":14163,"date":"2023-06-15T09:28:25","date_gmt":"2023-06-15T07:28:25","guid":{"rendered":"https:\/\/www.movistar.es\/blog\/?p=14163"},"modified":"2023-06-15T09:28:26","modified_gmt":"2023-06-15T07:28:26","slug":"temporada-7-outlander-movistar-plus","status":"publish","type":"post","link":"https:\/\/www.movistar.es\/blog\/movistar-plus\/temporada-7-outlander-movistar-plus\/","title":{"rendered":"La temporada 7 de &#8216;Outlander&#8217; se estrena en Movistar Plus+"},"content":{"rendered":"\n<p>Faltan tan solo unos pocos d\u00edas para que podamos disfrutar de la <strong>temporada 7<\/strong> de <em>Outlander<\/em>. Esto, por supuesto, supone un hito para miles de seri\u00e9filos alrededor el mundo, ya que estamos hablando de una de las <a href=\"https:\/\/www.movistar.es\/blog\/movistar-plus\/proximos-estrenos-mas-esperados\/\" target=\"_blank\" rel=\"noreferrer noopener\">series<\/a> m\u00e1s laureadas de los \u00faltimos a\u00f1os.<\/p>\n\n\n\n<p>\u00bfD\u00f3nde podremos ver online la temporada 7 de<em> Outlander<\/em>? Por fortuna para los seri\u00e9filos, desembarcar\u00e1 en <strong><a href=\"https:\/\/www.movistar.es\/particulares\/movistarplus\" target=\"_blank\" rel=\"noreferrer noopener\">Movistar Plus+<\/a><\/strong> el pr\u00f3ximo <strong>17 de junio<\/strong>. A continuaci\u00f3n, te contamos qu\u00e9 puedes esperar de esta <em>season <\/em>y c\u00f3mo puedes disfrutarla con Movistar.&nbsp;<\/p>\n\n\n\n<h2 class=\"wp-block-heading\" class=\"wp-block-heading\" id=\"que-podemos-esperar-de-la-temporada-7-de-outlander\">Qu\u00e9 podemos esperar de la temporada 7 de \u2018Outlander\u2019<\/h2>\n\n\n\n<p>Desde su estreno en agosto de 2014 y a lo largo de las temporadas, <em>Outlander<\/em> se ha convertido en una de las <a href=\"https:\/\/www.movistar.es\/blog\/movistar-plus\/estrenos-movistar-plus-marzo-2022\/\" target=\"_blank\" rel=\"noreferrer noopener\">series<\/a> brit\u00e1nicas de referencia. No es de extra\u00f1ar, ya que la profundidad de los personajes y su trama nos mantienen en constante vilo, algo que se nota en la expectaci\u00f3n que est\u00e1 produciendo la temporada 7 de <em>Outlander<\/em>.<\/p>\n\n\n\n<p>Esta serie, basada en la saga de novelas escritas por <strong><a href=\"http:\/\/www.dianagabaldon.com\/\" target=\"_blank\" rel=\"noreferrer noopener\">Diana Gabaldon<\/a><\/strong>, nos cuenta la historia de <strong>Claire Beauchamp<\/strong>. Claire, quien es una enfermera de combate de la Segunda Guerra Mundial, y su esposo, <strong>Frank<\/strong>, deciden pasar su segunda luna de miel en Escocia. Durante una visita a un antiguo c\u00edrculo de piedras, Claire es misteriosamente transportada al a\u00f1o <strong>1743<\/strong>. All\u00ed, Claire conocer\u00e1 a <strong>Jamie Fraser<\/strong>, un apasionado guerrero escoc\u00e9s del que terminar\u00e1 enamor\u00e1ndose. De esta forma, se encontrar\u00e1 atrapada entre dos hombres: Jamie Fraser y Frank Randall, su esposo del siglo XX. Claire luchar\u00e1 por adaptarse a su nueva vida mientras intenta encontrar la forma de regresar a su \u00e9poca.<\/p>\n\n\n\n<figure class=\"wp-block-image size-large\"><img loading=\"lazy\" decoding=\"async\" height=\"576\" width=\"1024\" src=\"https:\/\/www.movistar.es\/blog\/wp-content\/uploads\/sites\/3\/2023\/06\/x1080.jpg?w=1024\" alt=\"outlander temporada 7\" class=\"wp-image-14164\" srcset=\"https:\/\/www.movistar.es\/blog\/wp-content\/uploads\/sites\/3\/2023\/06\/x1080.jpg 1920w, https:\/\/www.movistar.es\/blog\/wp-content\/uploads\/sites\/3\/2023\/06\/x1080.jpg?resize=300,169 300w, https:\/\/www.movistar.es\/blog\/wp-content\/uploads\/sites\/3\/2023\/06\/x1080.jpg?resize=768,432 768w, https:\/\/www.movistar.es\/blog\/wp-content\/uploads\/sites\/3\/2023\/06\/x1080.jpg?resize=1024,576 1024w, https:\/\/www.movistar.es\/blog\/wp-content\/uploads\/sites\/3\/2023\/06\/x1080.jpg?resize=1536,864 1536w\" sizes=\"auto, (max-width: 1024px) 100vw, 1024px\" \/><\/figure>\n\n\n\n<p>En la segunda temporada, Claire y Jamie viajan a <strong>Par\u00eds<\/strong> con la esperanza de cambiar el curso de la historia y evitar la rebeli\u00f3n jacobita. Sin embargo, sus acciones tienen consecuencias inesperadas y perturbadoras. En la tercera temporada, Claire regresa a su tiempo original y trata de rehacer su vida, pero el amor por Jamie sigue estando presente. Finalmente, decide <strong>regresar al pasado<\/strong> para buscar a Jamie, y juntos se embarcan en una peligrosa traves\u00eda en las colonias americanas.<\/p>\n\n\n\n<p>En las temporadas cuatro y cinco de Outlander, Claire y Jamie se enfrentan a los desaf\u00edos de construir una nueva vida en <strong>Am\u00e9rica<\/strong> y proteger a su familia en medio de los conflictos sociales que conducen a la <strong><a href=\"https:\/\/historia.nationalgeographic.com.es\/a\/guerra-independencia-estados-unidos-paso-a-paso_11686\" target=\"_blank\" rel=\"noreferrer noopener\">Guerra de Independencia<\/a><\/strong> de Estados Unidos. En la sexta temporada, la pareja se establece en Fraser&#8217;s Ridge y enfrenta amenazas tanto internas como externas mientras intentan mantener la paz y la armon\u00eda en su comunidad. As\u00ed, de esta forma, llegamos a la temporada 7 de <em>Outlander<\/em>.<\/p>\n\n\n\n<h3 class=\"wp-block-heading\" class=\"wp-block-heading\" id=\"lo-que-hemos-visto-en-los-trailers-sobre-la-septima-temporada\">Lo que hemos visto en los tr\u00e1ilers sobre la s\u00e9ptima temporada<\/h3>\n\n\n\n<p>A estas alturas y a pocos d\u00edas del estreno de la temporada 7 de <em>Outlander<\/em>, ya hemos podido ver varios adelantos de lo que podremos esperar en los nuevos episodios de la serie.<\/p>\n\n\n\n<p>Todo parece indicar que Jamie e Ian tratar\u00e1n de rescatar a Claire antes de que sea condenada injustamente por el asesinato de <strong>Malva Christie.<\/strong> No obstante, esta misi\u00f3n se les complicar\u00e1 ya que al fin estallar\u00e1 la Guerra de la Independecia de Estados Unidos.<\/p>\n\n\n\n<p>Con la llegada de la guerra y de sus sangrientas consecuencias, el hogar de los <strong>Fraser<\/strong> entrar\u00e1 en un periodo de cambio. Ellos, por supuesto, tambi\u00e9n tendr\u00e1n que adaptarse a estos nuevos tiempos, con todo lo que ello supone.&nbsp;<\/p>\n\n\n\n<p>Tambi\u00e9n hemos podido saber que la temporada 7 de <em>Outlander <\/em>ser\u00e1<strong> la m\u00e1s larga<\/strong> de la serie junto a la primera. En 2023, se estrenar\u00e1 la primera parte, que constar\u00e1 de<strong> 8 episodios<\/strong>. Ya en 2024, podremos disfrutar de la segunda parte, que tambi\u00e9n tendr\u00e1 8 episodios, sumando un total de <strong>16 cap\u00edtulos<\/strong>. <\/p>\n\n\n\n<h3 class=\"wp-block-heading\" id=\"h-outlander-temporada-7-un-reparto-irrepetible\">&#8216;Outlander&#8217; temporada 7: un reparto irrepetible<\/h3>\n\n\n\n<p>Todo ello con el incre\u00edble reparto que caracteriza a una serie como <em>Outlander<\/em>. En \u00e9l encontramos rostros como <strong>Sam Heughan<\/strong> (en el papel de Jamie), <strong>Caitriona Balfe<\/strong> (Claire), <strong>Richard Rankin<\/strong> (Roger Wakefield) o <strong>John Bell<\/strong> (Ian Murray), entre muchos otros actores y actrices de primer nivel.<\/p>\n\n\n\n<p>Una vez m\u00e1s, la mayor\u00eda de escenas se han rodado en algunos de los parajes m\u00e1s v\u00edrgenes de Escocia. Esto, tal y como ha comentado el propio Sam Heughan, ha tra\u00eddo varios problemas al equipo. Y es que al tratarse de la temporada m\u00e1s larga de la serie junto a la primera, han estado m\u00e1s tiempo expuestos a condiciones muy adversas: temperaturas bajo cero, tormentas, lluvias, etc\u00e9tera. <\/p>\n\n\n\n<p>Por otro lado, se ha confirmado que <em>Outlander<\/em> tendr\u00e1 una temporada 8. Esta marcar\u00e1 el final de la serie, m\u00e1s no de la franquicia. Y es que ya se ha anunciado que en un futuro podremos ver un<em> <\/em><strong><em><a href=\"https:\/\/vader.news\/series\/Starz-confirma-lo-que-sospechabamos-sobre-spin-off-Outlander-Sangre-de-mi-Sangre-20230119-0029.html\" target=\"_blank\" rel=\"noreferrer noopener\">spin-off<\/a><\/em><\/strong> basado en su universo.<\/p>\n\n\n\n<figure class=\"wp-block-embed is-type-video is-provider-youtube wp-block-embed-youtube wp-embed-aspect-16-9 wp-has-aspect-ratio\"><div class=\"wp-block-embed__wrapper\">\n<div class=\"wp-block-embed__wrapper\"><div class=\"ast-oembed-container \" style=\"height: 100%;\"><iframe loading=\"lazy\" title=\"Outlander | Season 7 Official Trailer | STARZ\" width=\"1040\" height=\"585\" src=\"https:\/\/www.youtube.com\/embed\/gxurD9SYbog?start=5&#038;feature=oembed\" frameborder=\"0\" allow=\"accelerometer; autoplay; clipboard-write; encrypted-media; gyroscope; picture-in-picture; web-share\" referrerpolicy=\"strict-origin-when-cross-origin\" allowfullscreen><\/iframe><\/div><\/div>\n<\/div><\/figure>\n\n\n\n<h2 class=\"wp-block-heading\" id=\"h-disfruta-de-las-mejores-series-en-movistar-plus\">Disfruta de las mejores series en Movistar Plus+<\/h2>\n\n\n\n<p>Como ya hemos mencionado, la temporada 7 de Outlander se estrenar\u00e1 el pr\u00f3ximo s\u00e1bado 17 de junio. Pero, \u00bfd\u00f3nde podremos ver Outlander online? En <strong><a href=\"https:\/\/www.movistar.es\/particulares\/movistarplus\" target=\"_blank\" rel=\"noreferrer noopener\">Movistar Plus+<\/a><\/strong>, c\u00f3mo no.<\/p>\n\n\n\n<p>Sin embargo, Movistar Plus+ es mucho m\u00e1s. En nuestra plataforma, podr\u00e1s disfrutar no solo de las mejores <a href=\"https:\/\/www.movistar.es\/blog\/movistar-plus\/estrenos-series-movistar-2022\/\" target=\"_blank\" rel=\"noreferrer noopener\">series<\/a>, sino tambi\u00e9n de estrenos destacados de pel\u00edculas, <a href=\"https:\/\/www.movistar.es\/blog\/movistar-plus\/coronacion-carlos-iii-movistar-plus\/\" target=\"_blank\" rel=\"noreferrer noopener\">documentales<\/a>, programas, <a href=\"https:\/\/www.movistar.es\/blog\/movistar-plus\/deporte-en-movistar-plus\/\" target=\"_blank\" rel=\"noreferrer noopener\">deporte<\/a> y mucho m\u00e1s.<\/p>\n\n\n\n<p>Si quieres disfrutar de todo este contenido, no lo esperes m\u00e1s y \u00fanete a Movistar Plus+. Todo lo que te puedas imaginar, est\u00e1 a tu alcance.<\/p>\n","protected":false},"excerpt":{"rendered":"<p>Faltan tan solo unos pocos d\u00edas para que podamos disfrutar de la temporada 7 de Outlander. Esto, por supuesto, supone un hito para miles de seri\u00e9filos alrededor el mundo, ya que estamos hablando de una [&hellip;]<\/p>\n","protected":false},"author":93,"featured_media":14165,"comment_status":"closed","ping_status":"closed","sticky":false,"template":"","format":"standard","meta":{"site-sidebar-layout":"default","site-content-layout":"","ast-site-content-layout":"","site-content-style":"default","site-sidebar-style":"default","ast-global-header-display":"","ast-banner-title-visibility":"","ast-main-header-display":"","ast-hfb-above-header-display":"","ast-hfb-below-header-display":"","ast-hfb-mobile-header-display":"","site-post-title":"","ast-breadcrumbs-content":"","ast-featured-img":"","footer-sml-layout":"","theme-transparent-header-meta":"","adv-header-id-meta":"","stick-header-meta":"","header-above-stick-meta":"","header-main-stick-meta":"","header-below-stick-meta":"","astra-migrate-meta-layouts":"default","ast-page-background-enabled":"default","ast-page-background-meta":{"desktop":{"background-color":"var(--ast-global-color-4)","background-image":"","background-repeat":"repeat","background-position":"center center","background-size":"auto","background-attachment":"scroll","background-type":"","background-media":"","overlay-type":"","overlay-color":"","overlay-opacity":"","overlay-gradient":""},"tablet":{"background-color":"","background-image":"","background-repeat":"repeat","background-position":"center center","background-size":"auto","background-attachment":"scroll","background-type":"","background-media":"","overlay-type":"","overlay-color":"","overlay-opacity":"","overlay-gradient":""},"mobile":{"background-color":"","background-image":"","background-repeat":"repeat","background-position":"center center","background-size":"auto","background-attachment":"scroll","background-type":"","background-media":"","overlay-type":"","overlay-color":"","overlay-opacity":"","overlay-gradient":""}},"ast-content-background-meta":{"desktop":{"background-color":"var(--ast-global-color-5)","background-image":"","background-repeat":"repeat","background-position":"center center","background-size":"auto","background-attachment":"scroll","background-type":"","background-media":"","overlay-type":"","overlay-color":"","overlay-opacity":"","overlay-gradient":""},"tablet":{"background-color":"var(--ast-global-color-5)","background-image":"","background-repeat":"repeat","background-position":"center center","background-size":"auto","background-attachment":"scroll","background-type":"","background-media":"","overlay-type":"","overlay-color":"","overlay-opacity":"","overlay-gradient":""},"mobile":{"background-color":"var(--ast-global-color-5)","background-image":"","background-repeat":"repeat","background-position":"center center","background-size":"auto","background-attachment":"scroll","background-type":"","background-media":"","overlay-type":"","overlay-color":"","overlay-opacity":"","overlay-gradient":""}},"_jetpack_memberships_contains_paid_content":false,"footnotes":""},"categories":[1],"tags":[],"area":[427],"cluster":[45],"linea_editorial":[],"coauthors":[467],"class_list":["post-14163","post","type-post","status-publish","format-standard","has-post-thumbnail","hentry","category-sin-categoria","area-gametv","cluster-movistar-plus"],"yoast_head":"<!-- This site is optimized with the Yoast SEO Premium plugin v25.5 (Yoast SEO v25.5) - https:\/\/yoast.com\/wordpress\/plugins\/seo\/ -->\n<title>Outlander temporada 7 se estrena en Movistar Plus+<\/title>\n<meta name=\"description\" content=\"Te contamos todo acerca del estreno de la temporada 7 de Outlander y c\u00f3mo puedes disfrutarla con Movistar Plus+.\" \/>\n<meta name=\"robots\" content=\"index, follow, max-snippet:-1, max-image-preview:large, max-video-preview:-1\" \/>\n<link rel=\"canonical\" href=\"https:\/\/www.movistar.es\/blog\/movistar-plus\/temporada-7-outlander-movistar-plus\/\" \/>\n<meta property=\"og:locale\" content=\"es_ES\" \/>\n<meta property=\"og:type\" content=\"article\" \/>\n<meta property=\"og:title\" content=\"La temporada 7 de &#039;Outlander&#039; se estrena en Movistar Plus+\" \/>\n<meta property=\"og:description\" content=\"Te contamos todo acerca del estreno de la temporada 7 de Outlander y c\u00f3mo puedes disfrutarla con Movistar Plus+.\" \/>\n<meta property=\"og:url\" content=\"https:\/\/www.movistar.es\/blog\/movistar-plus\/temporada-7-outlander-movistar-plus\/\" \/>\n<meta property=\"og:site_name\" content=\"Movistar blog\" \/>\n<meta property=\"article:author\" content=\"movistar.es\/\" \/>\n<meta property=\"article:published_time\" content=\"2023-06-15T07:28:25+00:00\" \/>\n<meta property=\"article:modified_time\" content=\"2023-06-15T07:28:26+00:00\" \/>\n<meta property=\"og:image\" content=\"https:\/\/www.movistar.es\/blog\/wp-content\/uploads\/sites\/3\/2023\/06\/fd3ac831-a6cf-4c5b-9b89-f807425e6d0a_16-9-aspect-ratio_default_0.jpg\" \/>\n\t<meta property=\"og:image:width\" content=\"880\" \/>\n\t<meta property=\"og:image:height\" content=\"495\" \/>\n\t<meta property=\"og:image:type\" content=\"image\/jpeg\" \/>\n<meta name=\"author\" content=\"Equipo de Redacci\u00f3n\" \/>\n<meta name=\"twitter:card\" content=\"summary_large_image\" \/>\n<meta name=\"twitter:creator\" content=\"@movistar_es\" \/>\n<meta name=\"twitter:label1\" content=\"Written by\" \/>\n\t<meta name=\"twitter:data1\" content=\"Equipo de Redacci\u00f3n\" \/>\n\t<meta name=\"twitter:label2\" content=\"Est. reading time\" \/>\n\t<meta name=\"twitter:data2\" content=\"5 minutos\" \/>\n<script type=\"application\/ld+json\" class=\"yoast-schema-graph\">{\"@context\":\"https:\/\/schema.org\",\"@graph\":[{\"@type\":\"Article\",\"@id\":\"https:\/\/www.movistar.es\/blog\/movistar-plus\/temporada-7-outlander-movistar-plus\/#article\",\"isPartOf\":{\"@id\":\"https:\/\/www.movistar.es\/blog\/movistar-plus\/temporada-7-outlander-movistar-plus\/\"},\"author\":{\"name\":\"Equipo de Redacci\u00f3n\",\"@id\":\"https:\/\/www.movistar.es\/blog\/#\/schema\/person\/6184006f5def4638e52e2d0ff98bd55a\"},\"headline\":\"La temporada 7 de &#8216;Outlander&#8217; se estrena en Movistar Plus+\",\"datePublished\":\"2023-06-15T07:28:25+00:00\",\"dateModified\":\"2023-06-15T07:28:26+00:00\",\"mainEntityOfPage\":{\"@id\":\"https:\/\/www.movistar.es\/blog\/movistar-plus\/temporada-7-outlander-movistar-plus\/\"},\"wordCount\":922,\"publisher\":{\"@id\":\"https:\/\/www.movistar.es\/blog\/#organization\"},\"image\":{\"@id\":\"https:\/\/www.movistar.es\/blog\/movistar-plus\/temporada-7-outlander-movistar-plus\/#primaryimage\"},\"thumbnailUrl\":\"https:\/\/www.movistar.es\/blog\/wp-content\/uploads\/sites\/3\/2023\/06\/fd3ac831-a6cf-4c5b-9b89-f807425e6d0a_16-9-aspect-ratio_default_0.jpg\",\"inLanguage\":\"es\"},{\"@type\":\"WebPage\",\"@id\":\"https:\/\/www.movistar.es\/blog\/movistar-plus\/temporada-7-outlander-movistar-plus\/\",\"url\":\"https:\/\/www.movistar.es\/blog\/movistar-plus\/temporada-7-outlander-movistar-plus\/\",\"name\":\"Outlander temporada 7 se estrena en Movistar Plus+\",\"isPartOf\":{\"@id\":\"https:\/\/www.movistar.es\/blog\/#website\"},\"primaryImageOfPage\":{\"@id\":\"https:\/\/www.movistar.es\/blog\/movistar-plus\/temporada-7-outlander-movistar-plus\/#primaryimage\"},\"image\":{\"@id\":\"https:\/\/www.movistar.es\/blog\/movistar-plus\/temporada-7-outlander-movistar-plus\/#primaryimage\"},\"thumbnailUrl\":\"https:\/\/www.movistar.es\/blog\/wp-content\/uploads\/sites\/3\/2023\/06\/fd3ac831-a6cf-4c5b-9b89-f807425e6d0a_16-9-aspect-ratio_default_0.jpg\",\"datePublished\":\"2023-06-15T07:28:25+00:00\",\"dateModified\":\"2023-06-15T07:28:26+00:00\",\"description\":\"Te contamos todo acerca del estreno de la temporada 7 de Outlander y c\u00f3mo puedes disfrutarla con Movistar Plus+.\",\"breadcrumb\":{\"@id\":\"https:\/\/www.movistar.es\/blog\/movistar-plus\/temporada-7-outlander-movistar-plus\/#breadcrumb\"},\"inLanguage\":\"es\",\"potentialAction\":[{\"@type\":\"ReadAction\",\"target\":[\"https:\/\/www.movistar.es\/blog\/movistar-plus\/temporada-7-outlander-movistar-plus\/\"]}]},{\"@type\":\"ImageObject\",\"inLanguage\":\"es\",\"@id\":\"https:\/\/www.movistar.es\/blog\/movistar-plus\/temporada-7-outlander-movistar-plus\/#primaryimage\",\"url\":\"https:\/\/www.movistar.es\/blog\/wp-content\/uploads\/sites\/3\/2023\/06\/fd3ac831-a6cf-4c5b-9b89-f807425e6d0a_16-9-aspect-ratio_default_0.jpg\",\"contentUrl\":\"https:\/\/www.movistar.es\/blog\/wp-content\/uploads\/sites\/3\/2023\/06\/fd3ac831-a6cf-4c5b-9b89-f807425e6d0a_16-9-aspect-ratio_default_0.jpg\",\"width\":880,\"height\":495,\"caption\":\"outlander temporada 7\"},{\"@type\":\"BreadcrumbList\",\"@id\":\"https:\/\/www.movistar.es\/blog\/movistar-plus\/temporada-7-outlander-movistar-plus\/#breadcrumb\",\"itemListElement\":[{\"@type\":\"ListItem\",\"position\":1,\"name\":\"Home\",\"item\":\"https:\/\/www.movistar.es\/blog\/\"},{\"@type\":\"ListItem\",\"position\":2,\"name\":\"La temporada 7 de &#8216;Outlander&#8217; se estrena en Movistar Plus+\"}]},{\"@type\":\"WebSite\",\"@id\":\"https:\/\/www.movistar.es\/blog\/#website\",\"url\":\"https:\/\/www.movistar.es\/blog\/\",\"name\":\"Movistar blog\",\"description\":\"Movistar Blog. Informaci\u00f3n y m\u00e1s sobre los productos y servicios de Movistar\",\"publisher\":{\"@id\":\"https:\/\/www.movistar.es\/blog\/#organization\"},\"potentialAction\":[{\"@type\":\"SearchAction\",\"target\":{\"@type\":\"EntryPoint\",\"urlTemplate\":\"https:\/\/www.movistar.es\/blog\/?s={search_term_string}\"},\"query-input\":{\"@type\":\"PropertyValueSpecification\",\"valueRequired\":true,\"valueName\":\"search_term_string\"}}],\"inLanguage\":\"es\"},{\"@type\":\"Organization\",\"@id\":\"https:\/\/www.movistar.es\/blog\/#organization\",\"name\":\"Movistar blog\",\"url\":\"https:\/\/www.movistar.es\/blog\/\",\"logo\":{\"@type\":\"ImageObject\",\"inLanguage\":\"es\",\"@id\":\"https:\/\/www.movistar.es\/blog\/#\/schema\/logo\/image\/\",\"url\":\"https:\/\/www.movistar.es\/blog\/wp-content\/uploads\/sites\/3\/2022\/05\/logo_movistar-1.svg\",\"contentUrl\":\"https:\/\/www.movistar.es\/blog\/wp-content\/uploads\/sites\/3\/2022\/05\/logo_movistar-1.svg\",\"width\":369,\"height\":272,\"caption\":\"Movistar blog\"},\"image\":{\"@id\":\"https:\/\/www.movistar.es\/blog\/#\/schema\/logo\/image\/\"}},{\"@type\":\"Person\",\"@id\":\"https:\/\/www.movistar.es\/blog\/#\/schema\/person\/6184006f5def4638e52e2d0ff98bd55a\",\"name\":\"Equipo de Redacci\u00f3n\",\"image\":{\"@type\":\"ImageObject\",\"inLanguage\":\"es\",\"@id\":\"https:\/\/www.movistar.es\/blog\/#\/schema\/person\/image\/8dbf7dc767c23aa5f974d575dda930c5\",\"url\":\"https:\/\/secure.gravatar.com\/avatar\/ce5aadad84c2aeb36c9813c46e41a53b0c9cc1d57205e8cde4bdf0ed790b3c97\",\"contentUrl\":\"https:\/\/secure.gravatar.com\/avatar\/ce5aadad84c2aeb36c9813c46e41a53b0c9cc1d57205e8cde4bdf0ed790b3c97\",\"caption\":\"Equipo de Redacci\u00f3n\"},\"description\":\"Buscamos temas de tu inter\u00e9s. Te contamos c\u00f3mo pueden ayudarte en tu d\u00eda a d\u00eda los productos y servicios de Movistar. No queremos venderte nada. Queremos descubrirte cosas para hacerte la vida m\u00e1s f\u00e1cil.\",\"sameAs\":[\"https:\/\/www.movistar.es\/\",\"movistar.es\/\",\"https:\/\/www.instagram.com\/movistar_es\/?hl=es\",\"https:\/\/x.com\/movistar_es\"],\"knowsAbout\":[\"smartphones\",\"conectividad\",\"hogar digital\",\"ciberseguridad\"],\"url\":\"https:\/\/www.movistar.es\/blog\/author\/contentmovistar\/\"}]}<\/script>\n<!-- \/ Yoast SEO Premium plugin. -->","yoast_head_json":{"title":"Outlander temporada 7 se estrena en Movistar Plus+","description":"Te contamos todo acerca del estreno de la temporada 7 de Outlander y c\u00f3mo puedes disfrutarla con Movistar Plus+.","robots":{"index":"index","follow":"follow","max-snippet":"max-snippet:-1","max-image-preview":"max-image-preview:large","max-video-preview":"max-video-preview:-1"},"canonical":"https:\/\/www.movistar.es\/blog\/movistar-plus\/temporada-7-outlander-movistar-plus\/","og_locale":"es_ES","og_type":"article","og_title":"La temporada 7 de 'Outlander' se estrena en Movistar Plus+","og_description":"Te contamos todo acerca del estreno de la temporada 7 de Outlander y c\u00f3mo puedes disfrutarla con Movistar Plus+.","og_url":"https:\/\/www.movistar.es\/blog\/movistar-plus\/temporada-7-outlander-movistar-plus\/","og_site_name":"Movistar blog","article_author":"movistar.es\/","article_published_time":"2023-06-15T07:28:25+00:00","article_modified_time":"2023-06-15T07:28:26+00:00","og_image":[{"width":880,"height":495,"url":"https:\/\/www.movistar.es\/blog\/wp-content\/uploads\/sites\/3\/2023\/06\/fd3ac831-a6cf-4c5b-9b89-f807425e6d0a_16-9-aspect-ratio_default_0.jpg","type":"image\/jpeg"}],"author":"Equipo de Redacci\u00f3n","twitter_card":"summary_large_image","twitter_creator":"@movistar_es","twitter_misc":{"Written by":"Equipo de Redacci\u00f3n","Est. reading time":"5 minutos"},"schema":{"@context":"https:\/\/schema.org","@graph":[{"@type":"Article","@id":"https:\/\/www.movistar.es\/blog\/movistar-plus\/temporada-7-outlander-movistar-plus\/#article","isPartOf":{"@id":"https:\/\/www.movistar.es\/blog\/movistar-plus\/temporada-7-outlander-movistar-plus\/"},"author":{"name":"Equipo de Redacci\u00f3n","@id":"https:\/\/www.movistar.es\/blog\/#\/schema\/person\/6184006f5def4638e52e2d0ff98bd55a"},"headline":"La temporada 7 de &#8216;Outlander&#8217; se estrena en Movistar Plus+","datePublished":"2023-06-15T07:28:25+00:00","dateModified":"2023-06-15T07:28:26+00:00","mainEntityOfPage":{"@id":"https:\/\/www.movistar.es\/blog\/movistar-plus\/temporada-7-outlander-movistar-plus\/"},"wordCount":922,"publisher":{"@id":"https:\/\/www.movistar.es\/blog\/#organization"},"image":{"@id":"https:\/\/www.movistar.es\/blog\/movistar-plus\/temporada-7-outlander-movistar-plus\/#primaryimage"},"thumbnailUrl":"https:\/\/www.movistar.es\/blog\/wp-content\/uploads\/sites\/3\/2023\/06\/fd3ac831-a6cf-4c5b-9b89-f807425e6d0a_16-9-aspect-ratio_default_0.jpg","inLanguage":"es"},{"@type":"WebPage","@id":"https:\/\/www.movistar.es\/blog\/movistar-plus\/temporada-7-outlander-movistar-plus\/","url":"https:\/\/www.movistar.es\/blog\/movistar-plus\/temporada-7-outlander-movistar-plus\/","name":"Outlander temporada 7 se estrena en Movistar Plus+","isPartOf":{"@id":"https:\/\/www.movistar.es\/blog\/#website"},"primaryImageOfPage":{"@id":"https:\/\/www.movistar.es\/blog\/movistar-plus\/temporada-7-outlander-movistar-plus\/#primaryimage"},"image":{"@id":"https:\/\/www.movistar.es\/blog\/movistar-plus\/temporada-7-outlander-movistar-plus\/#primaryimage"},"thumbnailUrl":"https:\/\/www.movistar.es\/blog\/wp-content\/uploads\/sites\/3\/2023\/06\/fd3ac831-a6cf-4c5b-9b89-f807425e6d0a_16-9-aspect-ratio_default_0.jpg","datePublished":"2023-06-15T07:28:25+00:00","dateModified":"2023-06-15T07:28:26+00:00","description":"Te contamos todo acerca del estreno de la temporada 7 de Outlander y c\u00f3mo puedes disfrutarla con Movistar Plus+.","breadcrumb":{"@id":"https:\/\/www.movistar.es\/blog\/movistar-plus\/temporada-7-outlander-movistar-plus\/#breadcrumb"},"inLanguage":"es","potentialAction":[{"@type":"ReadAction","target":["https:\/\/www.movistar.es\/blog\/movistar-plus\/temporada-7-outlander-movistar-plus\/"]}]},{"@type":"ImageObject","inLanguage":"es","@id":"https:\/\/www.movistar.es\/blog\/movistar-plus\/temporada-7-outlander-movistar-plus\/#primaryimage","url":"https:\/\/www.movistar.es\/blog\/wp-content\/uploads\/sites\/3\/2023\/06\/fd3ac831-a6cf-4c5b-9b89-f807425e6d0a_16-9-aspect-ratio_default_0.jpg","contentUrl":"https:\/\/www.movistar.es\/blog\/wp-content\/uploads\/sites\/3\/2023\/06\/fd3ac831-a6cf-4c5b-9b89-f807425e6d0a_16-9-aspect-ratio_default_0.jpg","width":880,"height":495,"caption":"outlander temporada 7"},{"@type":"BreadcrumbList","@id":"https:\/\/www.movistar.es\/blog\/movistar-plus\/temporada-7-outlander-movistar-plus\/#breadcrumb","itemListElement":[{"@type":"ListItem","position":1,"name":"Home","item":"https:\/\/www.movistar.es\/blog\/"},{"@type":"ListItem","position":2,"name":"La temporada 7 de &#8216;Outlander&#8217; se estrena en Movistar Plus+"}]},{"@type":"WebSite","@id":"https:\/\/www.movistar.es\/blog\/#website","url":"https:\/\/www.movistar.es\/blog\/","name":"Movistar blog","description":"Movistar Blog. Informaci\u00f3n y m\u00e1s sobre los productos y servicios de Movistar","publisher":{"@id":"https:\/\/www.movistar.es\/blog\/#organization"},"potentialAction":[{"@type":"SearchAction","target":{"@type":"EntryPoint","urlTemplate":"https:\/\/www.movistar.es\/blog\/?s={search_term_string}"},"query-input":{"@type":"PropertyValueSpecification","valueRequired":true,"valueName":"search_term_string"}}],"inLanguage":"es"},{"@type":"Organization","@id":"https:\/\/www.movistar.es\/blog\/#organization","name":"Movistar blog","url":"https:\/\/www.movistar.es\/blog\/","logo":{"@type":"ImageObject","inLanguage":"es","@id":"https:\/\/www.movistar.es\/blog\/#\/schema\/logo\/image\/","url":"https:\/\/www.movistar.es\/blog\/wp-content\/uploads\/sites\/3\/2022\/05\/logo_movistar-1.svg","contentUrl":"https:\/\/www.movistar.es\/blog\/wp-content\/uploads\/sites\/3\/2022\/05\/logo_movistar-1.svg","width":369,"height":272,"caption":"Movistar blog"},"image":{"@id":"https:\/\/www.movistar.es\/blog\/#\/schema\/logo\/image\/"}},{"@type":"Person","@id":"https:\/\/www.movistar.es\/blog\/#\/schema\/person\/6184006f5def4638e52e2d0ff98bd55a","name":"Equipo de Redacci\u00f3n","image":{"@type":"ImageObject","inLanguage":"es","@id":"https:\/\/www.movistar.es\/blog\/#\/schema\/person\/image\/8dbf7dc767c23aa5f974d575dda930c5","url":"https:\/\/secure.gravatar.com\/avatar\/ce5aadad84c2aeb36c9813c46e41a53b0c9cc1d57205e8cde4bdf0ed790b3c97","contentUrl":"https:\/\/secure.gravatar.com\/avatar\/ce5aadad84c2aeb36c9813c46e41a53b0c9cc1d57205e8cde4bdf0ed790b3c97","caption":"Equipo de Redacci\u00f3n"},"description":"Buscamos temas de tu inter\u00e9s. Te contamos c\u00f3mo pueden ayudarte en tu d\u00eda a d\u00eda los productos y servicios de Movistar. No queremos venderte nada. Queremos descubrirte cosas para hacerte la vida m\u00e1s f\u00e1cil.","sameAs":["https:\/\/www.movistar.es\/","movistar.es\/","https:\/\/www.instagram.com\/movistar_es\/?hl=es","https:\/\/x.com\/movistar_es"],"knowsAbout":["smartphones","conectividad","hogar digital","ciberseguridad"],"url":"https:\/\/www.movistar.es\/blog\/author\/contentmovistar\/"}]}},"jetpack_featured_media_url":"https:\/\/www.movistar.es\/blog\/wp-content\/uploads\/sites\/3\/2023\/06\/fd3ac831-a6cf-4c5b-9b89-f807425e6d0a_16-9-aspect-ratio_default_0.jpg","jetpack_sharing_enabled":true,"_links":{"self":[{"href":"https:\/\/www.movistar.es\/blog\/wp-json\/wp\/v2\/posts\/14163","targetHints":{"allow":["GET"]}}],"collection":[{"href":"https:\/\/www.movistar.es\/blog\/wp-json\/wp\/v2\/posts"}],"about":[{"href":"https:\/\/www.movistar.es\/blog\/wp-json\/wp\/v2\/types\/post"}],"author":[{"embeddable":true,"href":"https:\/\/www.movistar.es\/blog\/wp-json\/wp\/v2\/users\/93"}],"replies":[{"embeddable":true,"href":"https:\/\/www.movistar.es\/blog\/wp-json\/wp\/v2\/comments?post=14163"}],"version-history":[{"count":10,"href":"https:\/\/www.movistar.es\/blog\/wp-json\/wp\/v2\/posts\/14163\/revisions"}],"predecessor-version":[{"id":14194,"href":"https:\/\/www.movistar.es\/blog\/wp-json\/wp\/v2\/posts\/14163\/revisions\/14194"}],"wp:featuredmedia":[{"embeddable":true,"href":"https:\/\/www.movistar.es\/blog\/wp-json\/wp\/v2\/media\/14165"}],"wp:attachment":[{"href":"https:\/\/www.movistar.es\/blog\/wp-json\/wp\/v2\/media?parent=14163"}],"wp:term":[{"taxonomy":"category","embeddable":true,"href":"https:\/\/www.movistar.es\/blog\/wp-json\/wp\/v2\/categories?post=14163"},{"taxonomy":"post_tag","embeddable":true,"href":"https:\/\/www.movistar.es\/blog\/wp-json\/wp\/v2\/tags?post=14163"},{"taxonomy":"area","embeddable":true,"href":"https:\/\/www.movistar.es\/blog\/wp-json\/wp\/v2\/area?post=14163"},{"taxonomy":"cluster","embeddable":true,"href":"https:\/\/www.movistar.es\/blog\/wp-json\/wp\/v2\/cluster?post=14163"},{"taxonomy":"linea_editorial","embeddable":true,"href":"https:\/\/www.movistar.es\/blog\/wp-json\/wp\/v2\/linea_editorial?post=14163"},{"taxonomy":"author","embeddable":true,"href":"https:\/\/www.movistar.es\/blog\/wp-json\/wp\/v2\/coauthors?post=14163"}],"curies":[{"name":"wp","href":"https:\/\/api.w.org\/{rel}","templated":true}]}}