{"id":13916,"date":"2023-06-08T15:08:48","date_gmt":"2023-06-08T13:08:48","guid":{"rendered":"https:\/\/www.movistar.es\/blog\/?p=13916"},"modified":"2023-09-22T10:39:17","modified_gmt":"2023-09-22T08:39:17","slug":"demencia-vascular-smartwatch","status":"publish","type":"post","link":"https:\/\/www.movistar.es\/blog\/salud\/demencia-vascular-smartwatch\/","title":{"rendered":"Demencia vascular: C\u00f3mo usar un smartwatch para combatirla"},"content":{"rendered":"\n<p>La <a href=\"https:\/\/www.cdc.gov\/aging\/spanish\/features\/dementia.html#:~:text=%C2%BFQu%C3%A9%20es%20la%20demencia%3F,-English%20(US)&amp;text=La%20demencia%20no%20es%20una,actividades%20de%20la%20vida%20diaria.\" target=\"_blank\" rel=\"noreferrer noopener\"><strong>demencia<\/strong><\/a> es un t\u00e9rmino general utilizado para describir un conjunto de s\u00edntomas que afectan la memoria, el pensamiento y el comportamiento. Una forma com\u00fan de demencia es la <strong>demencia vascular<\/strong>, que se produce debido a problemas en el suministro de sangre al cerebro.&nbsp;<\/p>\n\n\n\n<p>En este art\u00edculo, exploraremos qu\u00e9 es la demencia vascular y analizaremos sus s\u00edntomas principales. Tambi\u00e9n te contaremos c\u00f3mo un smartwatch, como el <strong><a href=\"https:\/\/www.movistar.es\/blog\/salud\/nuevo-reloj-tecuida-reloj-para-personas-mayores\/\" target=\"_blank\" rel=\"noreferrer noopener\">Reloj TeCuida<\/a><\/strong> de <strong>Movistar<\/strong>, puede ayudarte a cambiarla. As\u00ed que, si no quieres perderte nada, te recomendamos que sigas leyendo.<\/p>\n\n\n\n<h2 class=\"wp-block-heading\" class=\"wp-block-heading\" id=\"que-es-la-demencia-vascular\">\u00bfQu\u00e9 es la demencia vascular?&nbsp;<\/h2>\n\n\n\n<p>La demencia vascular es un tipo de demencia causado por da\u00f1os en los <strong>vasos sangu\u00edneos<\/strong> del cerebro, lo que resulta en un flujo sangu\u00edneo reducido o bloqueado. Estos problemas de circulaci\u00f3n pueden deberse a la obstrucci\u00f3n de los vasos sangu\u00edneos por co\u00e1gulos o placas de <a href=\"https:\/\/medlineplus.gov\/spanish\/cholesterol.html#:~:text=%C2%BFQu%C3%A9%20es%20el%20colesterol%3F,todo%20el%20colesterol%20que%20necesita.\" target=\"_blank\" rel=\"noreferrer noopener\">colesterol<\/a>, o a la ruptura de los vasos sangu\u00edneos, lo que produce hemorragias cerebrales.<\/p>\n\n\n\n<p>A medida que el flujo sangu\u00edneo se ve comprometido, las c\u00e9lulas cerebrales no reciben suficiente <strong>ox\u00edgeno y nutrientes<\/strong>, lo que lleva a su deterioro y a la aparici\u00f3n de s\u00edntomas caracter\u00edsticos de esta enfermedad.<\/p>\n\n\n\n<h3 class=\"wp-block-heading\" class=\"wp-block-heading\" id=\"sintomas-principales-de-la-demencia-vascular\">S\u00edntomas principales de la demencia vascular<\/h3>\n\n\n\n<p>Como cualquier enfermedad de este tipo, la demencia vascular tiene una serie de s\u00edntomas principales. Algunos de los m\u00e1s significativos son los siguientes:<\/p>\n\n\n\n<ul class=\"wp-block-list\"><li><strong>Cambios en la capacidad cognitiva<\/strong>: Las personas con demencia vascular pueden experimentar dificultades en la concentraci\u00f3n, la planificaci\u00f3n, la toma de decisiones y el razonamiento. Tambi\u00e9n pueden tener problemas con la memoria a corto plazo.<\/li><li><strong>Cambios en la personalidad y el estado de \u00e1nimo<\/strong>: Los cambios en la personalidad son comunes en la demencia vascular. Las personas afectadas pueden volverse ap\u00e1ticas, irascibles o mostrar una falta de iniciativa. Adem\u00e1s, pueden experimentar cambios en el estado de \u00e1nimo, como <a href=\"https:\/\/www.who.int\/es\/news-room\/fact-sheets\/detail\/depression#:~:text=El%20trastorno%20depresivo%20(o%20depresi%C3%B3n,sobre%20el%20d%C3%ADa%20a%20d%C3%ADa.\" target=\"_blank\" rel=\"noreferrer noopener\">depresi\u00f3n<\/a>, ansiedad o irritabilidad.<\/li><li><strong>Problemas de habla y comunicaci\u00f3n<\/strong>: La demencia vascular puede afectar la capacidad de una persona para hablar y entender el lenguaje. Pueden tener dificultades para encontrar las palabras adecuadas, seguir una conversaci\u00f3n o expresar sus pensamientos.<\/li><li><strong>Trastornos del movimiento<\/strong>: Algunas personas con demencia vascular pueden experimentar problemas con la coordinaci\u00f3n y el equilibrio. Pueden tener dificultades para caminar, presentar temblores o experimentar rigidez muscular.<\/li><li><strong>Cambios en las habilidades visuales y espaciales<\/strong>: La demencia vascular puede afectar la capacidad de una persona para percibir y juzgar las distancias, reconocer objetos o interpretar informaci\u00f3n visual.<\/li><\/ul>\n\n\n\n<p>Adem\u00e1s de los s\u00edntomas mencionados, la demencia vascular tambi\u00e9n aumenta el riesgo de accidente cerebrovascular y otros problemas de salud relacionados con el sistema circulatorio.<\/p>\n\n\n\n<p>El tratamiento de la demencia vascular se enfoca en abordar los factores de riesgo subyacentes, como la presi\u00f3n arterial alta, la diabetes y el colesterol alto. Adoptar un estilo de vida <strong>saludable<\/strong>, que incluya una dieta equilibrada, ejercicio regular y control de enfermedades cr\u00f3nicas, puede ayudar a reducir el riesgo de desarrollar demencia vascular.<\/p>\n\n\n\n<figure class=\"wp-block-image size-large\"><img loading=\"lazy\" decoding=\"async\" height=\"684\" width=\"1024\" src=\"https:\/\/www.movistar.es\/blog\/wp-content\/uploads\/sites\/3\/2023\/06\/Depositphotos_232755322_L.jpg?w=1024\" alt=\"demencia vascular\" class=\"wp-image-13983\" srcset=\"https:\/\/www.movistar.es\/blog\/wp-content\/uploads\/sites\/3\/2023\/06\/Depositphotos_232755322_L.jpg 2000w, https:\/\/www.movistar.es\/blog\/wp-content\/uploads\/sites\/3\/2023\/06\/Depositphotos_232755322_L.jpg?resize=300,200 300w, https:\/\/www.movistar.es\/blog\/wp-content\/uploads\/sites\/3\/2023\/06\/Depositphotos_232755322_L.jpg?resize=768,513 768w, https:\/\/www.movistar.es\/blog\/wp-content\/uploads\/sites\/3\/2023\/06\/Depositphotos_232755322_L.jpg?resize=1024,684 1024w, https:\/\/www.movistar.es\/blog\/wp-content\/uploads\/sites\/3\/2023\/06\/Depositphotos_232755322_L.jpg?resize=1536,1025 1536w\" sizes=\"auto, (max-width: 1024px) 100vw, 1024px\" \/><\/figure>\n\n\n\n<h2 class=\"wp-block-heading\" id=\"h-protegete-con-el-reloj-tecuida-de-movistar\">Prot\u00e9gete con el Reloj TeCuida de Movistar<\/h2>\n\n\n\n<p>Los <strong>smartwatches<\/strong> han evolucionado para convertirse en dispositivos vers\u00e1tiles que ofrecen una amplia gama de caracter\u00edsticas y beneficios para los usuarios. Si bien no pueden curar la demencia vascular, pueden ser una herramienta \u00fatil para ayudar a combatir esta enfermedad y mejorar la calidad de vida de las personas afectadas.&nbsp;<\/p>\n\n\n\n<p>Este es el caso del <strong>Reloj TeCuida<\/strong>, el nuevo servicio que ofrece <strong>Movistar<\/strong>. Con \u00e9l, por ejemplo, podr\u00e1s configurar recordatorios y alarmas programadas. Estas funciones son especialmente \u00fatiles para ayudar a las personas con demencia vascular a seguir rutinas diarias, como tomar medicamentos, realizar ejercicios, asistir a citas m\u00e9dicas o recordar tareas b\u00e1sicas de la vida diaria.&nbsp;<\/p>\n\n\n\n<p>Por otro lado, el Reloj TeCuida est\u00e1 equipado con sensores y tecnolog\u00eda de <strong>monitoreo de la salud<\/strong>, como el seguimiento del ritmo card\u00edaco o la medici\u00f3n de la actividad f\u00edsica, entre otras cosas. Estas funciones pueden proporcionar informaci\u00f3n valiosa sobre el estado de salud general de una persona.&nbsp;<\/p>\n\n\n\n<p>Como ya hemos dicho, la demencia vascular puede afectar la capacidad de <a href=\"https:\/\/www.movistar.es\/blog\/salud\/sintomas-alzheimer-reloj-tecuida\/\" target=\"_blank\" rel=\"noreferrer noopener\">orientaci\u00f3n<\/a> y la memoria espacial de una persona. El Reloj TeCuida incorpora un <strong>GPS<\/strong> e indicaciones en tiempo real, por lo que los familiares del paciente y los servicios de emergencia podr\u00e1n tener localizado al paciente en todo momento.<\/p>\n\n\n\n<h3 class=\"wp-block-heading\" id=\"h-reloj-tecuida-detector-de-caidas-y-boton-de-emergencias\">Reloj TeCuida: detector de ca\u00eddas y bot\u00f3n de emergencias<\/h3>\n\n\n\n<p>Otras de las funciones claves del reloj es su<strong> detector de ca\u00eddas<\/strong>. En caso de producirse una, el reloj, de manera autom\u00e1tica, pondr\u00e1 en contacto al usuario con la central, servicio prestado por Movistar Prosegur Alarmas. Desde all\u00ed valorar\u00e1n la situaci\u00f3n y enviar\u00e1n asistencia inmediatamente.<\/p>\n\n\n\n<p>A\u00fan as\u00ed, quiz\u00e1s su funci\u00f3n m\u00e1s importante es el <strong><a href=\"https:\/\/www.movistar.es\/blog\/salud\/boton-rojo-teleasistencia\/\" target=\"_blank\" rel=\"noreferrer noopener\">bot\u00f3n de emergencia<\/a><\/strong>. Con tan solo pulsarlo, el usuario se pondr\u00e1 en contacto con la central receptora, servicio prestado con el soporte de <strong><a href=\"https:\/\/www.movistar.es\/blog\/alarmas\/funciones-de-la-app-de-movistar-prosegur-alarmas-notificaciones-y-configuracion\/\" target=\"_blank\" rel=\"noreferrer noopener\">Movistar Prosegur Alarmas<\/a><\/strong>, algo que ocurre con el detector de ca\u00eddas. Desde all\u00ed le atender\u00e1n de manera inmediata seg\u00fan sus necesidades. Este servicio, adem\u00e1s, est\u00e1 disponible las 24 horas del d\u00eda, los 7 d\u00edas de la semana.<\/p>\n\n\n\n<figure class=\"wp-block-embed is-type-video is-provider-youtube wp-block-embed-youtube wp-embed-aspect-16-9 wp-has-aspect-ratio\"><div class=\"wp-block-embed__wrapper\">\n<div class=\"wp-block-embed__wrapper\"><div class=\"ast-oembed-container \" style=\"height: 100%;\"><iframe loading=\"lazy\" title=\"MOVISTAR: Descubre el servicio Reloj TeCuida\" width=\"1040\" height=\"585\" src=\"https:\/\/www.youtube.com\/embed\/BE_L0OYe2Ag?feature=oembed\" frameborder=\"0\" allow=\"accelerometer; autoplay; clipboard-write; encrypted-media; gyroscope; picture-in-picture; web-share\" referrerpolicy=\"strict-origin-when-cross-origin\" allowfullscreen><\/iframe><\/div><\/div>\n<\/div><\/figure>\n\n\n\n<p>El <strong><a href=\"https:\/\/www.movistar.es\/particulares\/salud\/reloj-personas-mayores\" target=\"_blank\" rel=\"noreferrer noopener\">Reloj TeCuida<\/a><\/strong> no solo ayudar\u00e1 a las personas que sufren demencia vascular a sentirse m\u00e1s seguros y aut\u00f3nomos. Tambi\u00e9n brinda tranquilidad a los familiares, quienes sabr\u00e1n que su mayor se encuentra siempre en buenas manos. Y es que cuanto m\u00e1s conectados estemos, m\u00e1s tranquilos nos sentiremos. Seas o no cliente de Movistar, puedes hacerte con el\u00a0<strong><a href=\"https:\/\/www.movistar.es\/particulares\/salud\/reloj-personas-mayores\/?utm_campaign=RelojTeCuida_260723-ACC457403&amp;utm_source=col-mk-btl&amp;utm_medium=sms&amp;utm_content=seniors-0-0&amp;segmento=particulares\" target=\"_blank\" rel=\"noreferrer noopener\">Reloj TeCuida<\/a><\/strong>\u00a0en las m\u00e1s de 800 tiendas Movistar en toda Espa\u00f1a, en l\u00ednea en movistar.es y a trav\u00e9s del 1004.\u00a0<\/p>\n","protected":false},"excerpt":{"rendered":"<p>La demencia es un t\u00e9rmino general utilizado para describir un conjunto de s\u00edntomas que afectan la memoria, el pensamiento y el comportamiento. Una forma com\u00fan de demencia es la demencia vascular, que se produce debido [&hellip;]<\/p>\n","protected":false},"author":93,"featured_media":13917,"comment_status":"closed","ping_status":"closed","sticky":false,"template":"","format":"standard","meta":{"site-sidebar-layout":"default","site-content-layout":"","ast-site-content-layout":"","site-content-style":"default","site-sidebar-style":"default","ast-global-header-display":"","ast-banner-title-visibility":"","ast-main-header-display":"","ast-hfb-above-header-display":"","ast-hfb-below-header-display":"","ast-hfb-mobile-header-display":"","site-post-title":"","ast-breadcrumbs-content":"","ast-featured-img":"","footer-sml-layout":"","theme-transparent-header-meta":"","adv-header-id-meta":"","stick-header-meta":"","header-above-stick-meta":"","header-main-stick-meta":"","header-below-stick-meta":"","astra-migrate-meta-layouts":"default","ast-page-background-enabled":"default","ast-page-background-meta":{"desktop":{"background-color":"var(--ast-global-color-4)","background-image":"","background-repeat":"repeat","background-position":"center center","background-size":"auto","background-attachment":"scroll","background-type":"","background-media":"","overlay-type":"","overlay-color":"","overlay-opacity":"","overlay-gradient":""},"tablet":{"background-color":"","background-image":"","background-repeat":"repeat","background-position":"center center","background-size":"auto","background-attachment":"scroll","background-type":"","background-media":"","overlay-type":"","overlay-color":"","overlay-opacity":"","overlay-gradient":""},"mobile":{"background-color":"","background-image":"","background-repeat":"repeat","background-position":"center center","background-size":"auto","background-attachment":"scroll","background-type":"","background-media":"","overlay-type":"","overlay-color":"","overlay-opacity":"","overlay-gradient":""}},"ast-content-background-meta":{"desktop":{"background-color":"var(--ast-global-color-5)","background-image":"","background-repeat":"repeat","background-position":"center center","background-size":"auto","background-attachment":"scroll","background-type":"","background-media":"","overlay-type":"","overlay-color":"","overlay-opacity":"","overlay-gradient":""},"tablet":{"background-color":"var(--ast-global-color-5)","background-image":"","background-repeat":"repeat","background-position":"center center","background-size":"auto","background-attachment":"scroll","background-type":"","background-media":"","overlay-type":"","overlay-color":"","overlay-opacity":"","overlay-gradient":""},"mobile":{"background-color":"var(--ast-global-color-5)","background-image":"","background-repeat":"repeat","background-position":"center center","background-size":"auto","background-attachment":"scroll","background-type":"","background-media":"","overlay-type":"","overlay-color":"","overlay-opacity":"","overlay-gradient":""}},"_jetpack_memberships_contains_paid_content":false,"footnotes":""},"categories":[1],"tags":[],"area":[427],"cluster":[99],"linea_editorial":[],"coauthors":[467],"class_list":["post-13916","post","type-post","status-publish","format-standard","has-post-thumbnail","hentry","category-sin-categoria","area-gametv","cluster-salud"],"yoast_head":"<!-- This site is optimized with the Yoast SEO Premium plugin v25.5 (Yoast SEO v25.5) - https:\/\/yoast.com\/wordpress\/plugins\/seo\/ -->\n<title>Demencia vascular: C\u00f3mo usar un smartwatch para combatirla<\/title>\n<meta name=\"description\" content=\"Explicamos qu\u00e9 es la demencia vascular, cu\u00e1les son sus s\u00edntomas principales y c\u00f3mo puede ayudarte a combatirla el Reloj TeCuida.\" \/>\n<meta name=\"robots\" content=\"index, follow, max-snippet:-1, max-image-preview:large, max-video-preview:-1\" \/>\n<link rel=\"canonical\" href=\"https:\/\/www.movistar.es\/blog\/salud\/demencia-vascular-smartwatch\/\" \/>\n<meta property=\"og:locale\" content=\"es_ES\" \/>\n<meta property=\"og:type\" content=\"article\" \/>\n<meta property=\"og:title\" content=\"Demencia vascular: C\u00f3mo usar un smartwatch para combatirla\" \/>\n<meta property=\"og:description\" content=\"Explicamos qu\u00e9 es la demencia vascular, cu\u00e1les son sus s\u00edntomas principales y c\u00f3mo puede ayudarte a combatirla el Reloj TeCuida.\" \/>\n<meta property=\"og:url\" content=\"https:\/\/www.movistar.es\/blog\/salud\/demencia-vascular-smartwatch\/\" \/>\n<meta property=\"og:site_name\" content=\"Movistar blog\" \/>\n<meta property=\"article:author\" content=\"movistar.es\/\" \/>\n<meta property=\"article:published_time\" content=\"2023-06-08T13:08:48+00:00\" \/>\n<meta property=\"article:modified_time\" content=\"2023-09-22T08:39:17+00:00\" \/>\n<meta name=\"author\" content=\"Equipo de Redacci\u00f3n\" \/>\n<meta name=\"twitter:card\" content=\"summary_large_image\" \/>\n<meta name=\"twitter:image\" content=\"https:\/\/www.movistar.es\/blog\/wp-content\/uploads\/sites\/3\/2023\/06\/Depositphotos_381626486_L.jpg\" \/>\n<meta name=\"twitter:creator\" content=\"@movistar_es\" \/>\n<meta name=\"twitter:label1\" content=\"Written by\" \/>\n\t<meta name=\"twitter:data1\" content=\"Equipo de Redacci\u00f3n\" \/>\n\t<meta name=\"twitter:label2\" content=\"Est. reading time\" \/>\n\t<meta name=\"twitter:data2\" content=\"5 minutos\" \/>\n<script type=\"application\/ld+json\" class=\"yoast-schema-graph\">{\"@context\":\"https:\/\/schema.org\",\"@graph\":[{\"@type\":\"Article\",\"@id\":\"https:\/\/www.movistar.es\/blog\/salud\/demencia-vascular-smartwatch\/#article\",\"isPartOf\":{\"@id\":\"https:\/\/www.movistar.es\/blog\/salud\/demencia-vascular-smartwatch\/\"},\"author\":{\"name\":\"Equipo de Redacci\u00f3n\",\"@id\":\"https:\/\/www.movistar.es\/blog\/#\/schema\/person\/6184006f5def4638e52e2d0ff98bd55a\"},\"headline\":\"Demencia vascular: C\u00f3mo usar un smartwatch para combatirla\",\"datePublished\":\"2023-06-08T13:08:48+00:00\",\"dateModified\":\"2023-09-22T08:39:17+00:00\",\"mainEntityOfPage\":{\"@id\":\"https:\/\/www.movistar.es\/blog\/salud\/demencia-vascular-smartwatch\/\"},\"wordCount\":989,\"publisher\":{\"@id\":\"https:\/\/www.movistar.es\/blog\/#organization\"},\"image\":{\"@id\":\"https:\/\/www.movistar.es\/blog\/salud\/demencia-vascular-smartwatch\/#primaryimage\"},\"thumbnailUrl\":\"https:\/\/www.movistar.es\/blog\/wp-content\/uploads\/sites\/3\/2023\/06\/Depositphotos_381626486_L.jpg\",\"inLanguage\":\"es\"},{\"@type\":\"WebPage\",\"@id\":\"https:\/\/www.movistar.es\/blog\/salud\/demencia-vascular-smartwatch\/\",\"url\":\"https:\/\/www.movistar.es\/blog\/salud\/demencia-vascular-smartwatch\/\",\"name\":\"Demencia vascular: C\u00f3mo usar un smartwatch para combatirla\",\"isPartOf\":{\"@id\":\"https:\/\/www.movistar.es\/blog\/#website\"},\"primaryImageOfPage\":{\"@id\":\"https:\/\/www.movistar.es\/blog\/salud\/demencia-vascular-smartwatch\/#primaryimage\"},\"image\":{\"@id\":\"https:\/\/www.movistar.es\/blog\/salud\/demencia-vascular-smartwatch\/#primaryimage\"},\"thumbnailUrl\":\"https:\/\/www.movistar.es\/blog\/wp-content\/uploads\/sites\/3\/2023\/06\/Depositphotos_381626486_L.jpg\",\"datePublished\":\"2023-06-08T13:08:48+00:00\",\"dateModified\":\"2023-09-22T08:39:17+00:00\",\"description\":\"Explicamos qu\u00e9 es la demencia vascular, cu\u00e1les son sus s\u00edntomas principales y c\u00f3mo puede ayudarte a combatirla el Reloj TeCuida.\",\"breadcrumb\":{\"@id\":\"https:\/\/www.movistar.es\/blog\/salud\/demencia-vascular-smartwatch\/#breadcrumb\"},\"inLanguage\":\"es\",\"potentialAction\":[{\"@type\":\"ReadAction\",\"target\":[\"https:\/\/www.movistar.es\/blog\/salud\/demencia-vascular-smartwatch\/\"]}]},{\"@type\":\"ImageObject\",\"inLanguage\":\"es\",\"@id\":\"https:\/\/www.movistar.es\/blog\/salud\/demencia-vascular-smartwatch\/#primaryimage\",\"url\":\"https:\/\/www.movistar.es\/blog\/wp-content\/uploads\/sites\/3\/2023\/06\/Depositphotos_381626486_L.jpg\",\"contentUrl\":\"https:\/\/www.movistar.es\/blog\/wp-content\/uploads\/sites\/3\/2023\/06\/Depositphotos_381626486_L.jpg\",\"width\":2000,\"height\":1333,\"caption\":\"demencia vascular\"},{\"@type\":\"BreadcrumbList\",\"@id\":\"https:\/\/www.movistar.es\/blog\/salud\/demencia-vascular-smartwatch\/#breadcrumb\",\"itemListElement\":[{\"@type\":\"ListItem\",\"position\":1,\"name\":\"Home\",\"item\":\"https:\/\/www.movistar.es\/blog\/\"},{\"@type\":\"ListItem\",\"position\":2,\"name\":\"Demencia vascular: C\u00f3mo usar un smartwatch para combatirla\"}]},{\"@type\":\"WebSite\",\"@id\":\"https:\/\/www.movistar.es\/blog\/#website\",\"url\":\"https:\/\/www.movistar.es\/blog\/\",\"name\":\"Movistar blog\",\"description\":\"Movistar Blog. Informaci\u00f3n y m\u00e1s sobre los productos y servicios de Movistar\",\"publisher\":{\"@id\":\"https:\/\/www.movistar.es\/blog\/#organization\"},\"potentialAction\":[{\"@type\":\"SearchAction\",\"target\":{\"@type\":\"EntryPoint\",\"urlTemplate\":\"https:\/\/www.movistar.es\/blog\/?s={search_term_string}\"},\"query-input\":{\"@type\":\"PropertyValueSpecification\",\"valueRequired\":true,\"valueName\":\"search_term_string\"}}],\"inLanguage\":\"es\"},{\"@type\":\"Organization\",\"@id\":\"https:\/\/www.movistar.es\/blog\/#organization\",\"name\":\"Movistar blog\",\"url\":\"https:\/\/www.movistar.es\/blog\/\",\"logo\":{\"@type\":\"ImageObject\",\"inLanguage\":\"es\",\"@id\":\"https:\/\/www.movistar.es\/blog\/#\/schema\/logo\/image\/\",\"url\":\"https:\/\/www.movistar.es\/blog\/wp-content\/uploads\/sites\/3\/2022\/05\/logo_movistar-1.svg\",\"contentUrl\":\"https:\/\/www.movistar.es\/blog\/wp-content\/uploads\/sites\/3\/2022\/05\/logo_movistar-1.svg\",\"width\":369,\"height\":272,\"caption\":\"Movistar blog\"},\"image\":{\"@id\":\"https:\/\/www.movistar.es\/blog\/#\/schema\/logo\/image\/\"}},{\"@type\":\"Person\",\"@id\":\"https:\/\/www.movistar.es\/blog\/#\/schema\/person\/6184006f5def4638e52e2d0ff98bd55a\",\"name\":\"Equipo de Redacci\u00f3n\",\"image\":{\"@type\":\"ImageObject\",\"inLanguage\":\"es\",\"@id\":\"https:\/\/www.movistar.es\/blog\/#\/schema\/person\/image\/8dbf7dc767c23aa5f974d575dda930c5\",\"url\":\"https:\/\/secure.gravatar.com\/avatar\/ce5aadad84c2aeb36c9813c46e41a53b0c9cc1d57205e8cde4bdf0ed790b3c97\",\"contentUrl\":\"https:\/\/secure.gravatar.com\/avatar\/ce5aadad84c2aeb36c9813c46e41a53b0c9cc1d57205e8cde4bdf0ed790b3c97\",\"caption\":\"Equipo de Redacci\u00f3n\"},\"description\":\"Buscamos temas de tu inter\u00e9s. Te contamos c\u00f3mo pueden ayudarte en tu d\u00eda a d\u00eda los productos y servicios de Movistar. No queremos venderte nada. Queremos descubrirte cosas para hacerte la vida m\u00e1s f\u00e1cil.\",\"sameAs\":[\"https:\/\/www.movistar.es\/\",\"movistar.es\/\",\"https:\/\/www.instagram.com\/movistar_es\/?hl=es\",\"https:\/\/x.com\/movistar_es\"],\"knowsAbout\":[\"smartphones\",\"conectividad\",\"hogar digital\",\"ciberseguridad\"],\"url\":\"https:\/\/www.movistar.es\/blog\/author\/contentmovistar\/\"}]}<\/script>\n<!-- \/ Yoast SEO Premium plugin. -->","yoast_head_json":{"title":"Demencia vascular: C\u00f3mo usar un smartwatch para combatirla","description":"Explicamos qu\u00e9 es la demencia vascular, cu\u00e1les son sus s\u00edntomas principales y c\u00f3mo puede ayudarte a combatirla el Reloj TeCuida.","robots":{"index":"index","follow":"follow","max-snippet":"max-snippet:-1","max-image-preview":"max-image-preview:large","max-video-preview":"max-video-preview:-1"},"canonical":"https:\/\/www.movistar.es\/blog\/salud\/demencia-vascular-smartwatch\/","og_locale":"es_ES","og_type":"article","og_title":"Demencia vascular: C\u00f3mo usar un smartwatch para combatirla","og_description":"Explicamos qu\u00e9 es la demencia vascular, cu\u00e1les son sus s\u00edntomas principales y c\u00f3mo puede ayudarte a combatirla el Reloj TeCuida.","og_url":"https:\/\/www.movistar.es\/blog\/salud\/demencia-vascular-smartwatch\/","og_site_name":"Movistar blog","article_author":"movistar.es\/","article_published_time":"2023-06-08T13:08:48+00:00","article_modified_time":"2023-09-22T08:39:17+00:00","author":"Equipo de Redacci\u00f3n","twitter_card":"summary_large_image","twitter_image":"https:\/\/www.movistar.es\/blog\/wp-content\/uploads\/sites\/3\/2023\/06\/Depositphotos_381626486_L.jpg","twitter_creator":"@movistar_es","twitter_misc":{"Written by":"Equipo de Redacci\u00f3n","Est. reading time":"5 minutos"},"schema":{"@context":"https:\/\/schema.org","@graph":[{"@type":"Article","@id":"https:\/\/www.movistar.es\/blog\/salud\/demencia-vascular-smartwatch\/#article","isPartOf":{"@id":"https:\/\/www.movistar.es\/blog\/salud\/demencia-vascular-smartwatch\/"},"author":{"name":"Equipo de Redacci\u00f3n","@id":"https:\/\/www.movistar.es\/blog\/#\/schema\/person\/6184006f5def4638e52e2d0ff98bd55a"},"headline":"Demencia vascular: C\u00f3mo usar un smartwatch para combatirla","datePublished":"2023-06-08T13:08:48+00:00","dateModified":"2023-09-22T08:39:17+00:00","mainEntityOfPage":{"@id":"https:\/\/www.movistar.es\/blog\/salud\/demencia-vascular-smartwatch\/"},"wordCount":989,"publisher":{"@id":"https:\/\/www.movistar.es\/blog\/#organization"},"image":{"@id":"https:\/\/www.movistar.es\/blog\/salud\/demencia-vascular-smartwatch\/#primaryimage"},"thumbnailUrl":"https:\/\/www.movistar.es\/blog\/wp-content\/uploads\/sites\/3\/2023\/06\/Depositphotos_381626486_L.jpg","inLanguage":"es"},{"@type":"WebPage","@id":"https:\/\/www.movistar.es\/blog\/salud\/demencia-vascular-smartwatch\/","url":"https:\/\/www.movistar.es\/blog\/salud\/demencia-vascular-smartwatch\/","name":"Demencia vascular: C\u00f3mo usar un smartwatch para combatirla","isPartOf":{"@id":"https:\/\/www.movistar.es\/blog\/#website"},"primaryImageOfPage":{"@id":"https:\/\/www.movistar.es\/blog\/salud\/demencia-vascular-smartwatch\/#primaryimage"},"image":{"@id":"https:\/\/www.movistar.es\/blog\/salud\/demencia-vascular-smartwatch\/#primaryimage"},"thumbnailUrl":"https:\/\/www.movistar.es\/blog\/wp-content\/uploads\/sites\/3\/2023\/06\/Depositphotos_381626486_L.jpg","datePublished":"2023-06-08T13:08:48+00:00","dateModified":"2023-09-22T08:39:17+00:00","description":"Explicamos qu\u00e9 es la demencia vascular, cu\u00e1les son sus s\u00edntomas principales y c\u00f3mo puede ayudarte a combatirla el Reloj TeCuida.","breadcrumb":{"@id":"https:\/\/www.movistar.es\/blog\/salud\/demencia-vascular-smartwatch\/#breadcrumb"},"inLanguage":"es","potentialAction":[{"@type":"ReadAction","target":["https:\/\/www.movistar.es\/blog\/salud\/demencia-vascular-smartwatch\/"]}]},{"@type":"ImageObject","inLanguage":"es","@id":"https:\/\/www.movistar.es\/blog\/salud\/demencia-vascular-smartwatch\/#primaryimage","url":"https:\/\/www.movistar.es\/blog\/wp-content\/uploads\/sites\/3\/2023\/06\/Depositphotos_381626486_L.jpg","contentUrl":"https:\/\/www.movistar.es\/blog\/wp-content\/uploads\/sites\/3\/2023\/06\/Depositphotos_381626486_L.jpg","width":2000,"height":1333,"caption":"demencia vascular"},{"@type":"BreadcrumbList","@id":"https:\/\/www.movistar.es\/blog\/salud\/demencia-vascular-smartwatch\/#breadcrumb","itemListElement":[{"@type":"ListItem","position":1,"name":"Home","item":"https:\/\/www.movistar.es\/blog\/"},{"@type":"ListItem","position":2,"name":"Demencia vascular: C\u00f3mo usar un smartwatch para combatirla"}]},{"@type":"WebSite","@id":"https:\/\/www.movistar.es\/blog\/#website","url":"https:\/\/www.movistar.es\/blog\/","name":"Movistar blog","description":"Movistar Blog. Informaci\u00f3n y m\u00e1s sobre los productos y servicios de Movistar","publisher":{"@id":"https:\/\/www.movistar.es\/blog\/#organization"},"potentialAction":[{"@type":"SearchAction","target":{"@type":"EntryPoint","urlTemplate":"https:\/\/www.movistar.es\/blog\/?s={search_term_string}"},"query-input":{"@type":"PropertyValueSpecification","valueRequired":true,"valueName":"search_term_string"}}],"inLanguage":"es"},{"@type":"Organization","@id":"https:\/\/www.movistar.es\/blog\/#organization","name":"Movistar blog","url":"https:\/\/www.movistar.es\/blog\/","logo":{"@type":"ImageObject","inLanguage":"es","@id":"https:\/\/www.movistar.es\/blog\/#\/schema\/logo\/image\/","url":"https:\/\/www.movistar.es\/blog\/wp-content\/uploads\/sites\/3\/2022\/05\/logo_movistar-1.svg","contentUrl":"https:\/\/www.movistar.es\/blog\/wp-content\/uploads\/sites\/3\/2022\/05\/logo_movistar-1.svg","width":369,"height":272,"caption":"Movistar blog"},"image":{"@id":"https:\/\/www.movistar.es\/blog\/#\/schema\/logo\/image\/"}},{"@type":"Person","@id":"https:\/\/www.movistar.es\/blog\/#\/schema\/person\/6184006f5def4638e52e2d0ff98bd55a","name":"Equipo de Redacci\u00f3n","image":{"@type":"ImageObject","inLanguage":"es","@id":"https:\/\/www.movistar.es\/blog\/#\/schema\/person\/image\/8dbf7dc767c23aa5f974d575dda930c5","url":"https:\/\/secure.gravatar.com\/avatar\/ce5aadad84c2aeb36c9813c46e41a53b0c9cc1d57205e8cde4bdf0ed790b3c97","contentUrl":"https:\/\/secure.gravatar.com\/avatar\/ce5aadad84c2aeb36c9813c46e41a53b0c9cc1d57205e8cde4bdf0ed790b3c97","caption":"Equipo de Redacci\u00f3n"},"description":"Buscamos temas de tu inter\u00e9s. Te contamos c\u00f3mo pueden ayudarte en tu d\u00eda a d\u00eda los productos y servicios de Movistar. No queremos venderte nada. Queremos descubrirte cosas para hacerte la vida m\u00e1s f\u00e1cil.","sameAs":["https:\/\/www.movistar.es\/","movistar.es\/","https:\/\/www.instagram.com\/movistar_es\/?hl=es","https:\/\/x.com\/movistar_es"],"knowsAbout":["smartphones","conectividad","hogar digital","ciberseguridad"],"url":"https:\/\/www.movistar.es\/blog\/author\/contentmovistar\/"}]}},"jetpack_featured_media_url":"https:\/\/www.movistar.es\/blog\/wp-content\/uploads\/sites\/3\/2023\/06\/Depositphotos_381626486_L.jpg","jetpack_sharing_enabled":true,"_links":{"self":[{"href":"https:\/\/www.movistar.es\/blog\/wp-json\/wp\/v2\/posts\/13916","targetHints":{"allow":["GET"]}}],"collection":[{"href":"https:\/\/www.movistar.es\/blog\/wp-json\/wp\/v2\/posts"}],"about":[{"href":"https:\/\/www.movistar.es\/blog\/wp-json\/wp\/v2\/types\/post"}],"author":[{"embeddable":true,"href":"https:\/\/www.movistar.es\/blog\/wp-json\/wp\/v2\/users\/93"}],"replies":[{"embeddable":true,"href":"https:\/\/www.movistar.es\/blog\/wp-json\/wp\/v2\/comments?post=13916"}],"version-history":[{"count":7,"href":"https:\/\/www.movistar.es\/blog\/wp-json\/wp\/v2\/posts\/13916\/revisions"}],"predecessor-version":[{"id":17486,"href":"https:\/\/www.movistar.es\/blog\/wp-json\/wp\/v2\/posts\/13916\/revisions\/17486"}],"wp:featuredmedia":[{"embeddable":true,"href":"https:\/\/www.movistar.es\/blog\/wp-json\/wp\/v2\/media\/13917"}],"wp:attachment":[{"href":"https:\/\/www.movistar.es\/blog\/wp-json\/wp\/v2\/media?parent=13916"}],"wp:term":[{"taxonomy":"category","embeddable":true,"href":"https:\/\/www.movistar.es\/blog\/wp-json\/wp\/v2\/categories?post=13916"},{"taxonomy":"post_tag","embeddable":true,"href":"https:\/\/www.movistar.es\/blog\/wp-json\/wp\/v2\/tags?post=13916"},{"taxonomy":"area","embeddable":true,"href":"https:\/\/www.movistar.es\/blog\/wp-json\/wp\/v2\/area?post=13916"},{"taxonomy":"cluster","embeddable":true,"href":"https:\/\/www.movistar.es\/blog\/wp-json\/wp\/v2\/cluster?post=13916"},{"taxonomy":"linea_editorial","embeddable":true,"href":"https:\/\/www.movistar.es\/blog\/wp-json\/wp\/v2\/linea_editorial?post=13916"},{"taxonomy":"author","embeddable":true,"href":"https:\/\/www.movistar.es\/blog\/wp-json\/wp\/v2\/coauthors?post=13916"}],"curies":[{"name":"wp","href":"https:\/\/api.w.org\/{rel}","templated":true}]}}