{"id":13817,"date":"2023-06-09T16:49:44","date_gmt":"2023-06-09T14:49:44","guid":{"rendered":"https:\/\/www.movistar.es\/blog\/?p=13817"},"modified":"2023-06-09T16:49:45","modified_gmt":"2023-06-09T14:49:45","slug":"cuando-es-la-final-champions-movistar-plus","status":"publish","type":"post","link":"https:\/\/www.movistar.es\/blog\/movistar-plus\/cuando-es-la-final-champions-movistar-plus\/","title":{"rendered":"\u00bfCu\u00e1ndo es la final de la Champions? V\u00edvela en Movistar Plus+"},"content":{"rendered":"\n<p>La final de la <strong><a href=\"https:\/\/www.movistar.es\/blog\/movistar-plus\/partidos-de-champions-y-las-competiciones-europeas-movistar\/\" target=\"_blank\" rel=\"noreferrer noopener\">Champions League<\/a><\/strong> est\u00e1 a la vuelta la esquina, pero \u00bfcu\u00e1ndo exactamente? La gran fiesta del f\u00fatbol europeo, donde se enfrentar\u00e1n el <strong>Manchester City<\/strong> y el <strong>Inter de Mil\u00e1n<\/strong>, tendr\u00e1 lugar el pr\u00f3ximo s\u00e1bado <strong>10 de junio<\/strong>.<\/p>\n\n\n\n<p>A continuaci\u00f3n, hablaremos de c\u00f3mo llegan ambos equipos, qu\u00e9 podemos esperar de este \u00faltimo duelo y, tambi\u00e9n, sobre d\u00f3nde podr\u00e9is ver la final de la Champions. La respuesta, por supuesto, est\u00e1 en <strong>Movistar Plus+<\/strong>, la casa de los aficionados del <a href=\"https:\/\/www.movistar.es\/blog\/movistar-plus\/cuanto-cuesta-ver-el-futbol\/\" target=\"_blank\" rel=\"noreferrer noopener\">f\u00fatbol<\/a>.<\/p>\n\n\n\n<h2 class=\"wp-block-heading\" class=\"wp-block-heading\" id=\"cuando-es-la-final-de-la-champions-2023-el-recorrido-del-city-y-el-inter\">Cu\u00e1ndo es la final de la Champions 2023: el recorrido del City y el Inter<\/h2>\n\n\n\n<p>El camino para llegar a una final de la Champions League nunca es sencillo. Y es que sobra decir que esta competici\u00f3n re\u00fane a los mejores equipos del viejo continente, con todo lo que eso significa.<\/p>\n\n\n\n<h3 class=\"wp-block-heading\" id=\"h-el-camino-del-city-hasta-la-final-de-la-champions-2023\">El camino del City hasta la final de la Champions 2023<\/h3>\n\n\n\n<p>Para llegar a la final, el <strong><a href=\"https:\/\/es.mancity.com\/\" target=\"_blank\" rel=\"noreferrer noopener\">Manchester City<\/a><\/strong> de <strong>Guardiola<\/strong> primero tuvo que superar una fase de grupos en la que se enfrent\u00f3 al <strong><a href=\"https:\/\/www.movistar.es\/blog\/movistar-plus\/cuando-juega-el-sevilla-europa-league\/\" target=\"_blank\" rel=\"noreferrer noopener\">Sevilla<\/a><\/strong>, al <strong>Borussia Dortmund <\/strong>y al <strong>FC Copenhague<\/strong>. Como era de esperar, los ingleses no tuvieron dificultades en quedar primeros de su grupo.<\/p>\n\n\n\n<p>Esto les vali\u00f3 el pase a los octavos de final, donde se enfrentar\u00edan al <strong>RB Leipzig<\/strong>. En esta ronda, el conjunto liderado por <strong>Haaland<\/strong> aplastar\u00eda a sus rivales, firmando un abultado 8-1 en el marcador global.<\/p>\n\n\n\n<p>Ya en cuartos de final les esperar\u00eda un rival verdaderamente duro, el <strong>Bayern de Munich<\/strong>. Pero, a pesar de que los alemanes eran otros de los grandes favoritos para llegar a la final de la Champions, el City volver\u00eda a dominar la eliminatoria con un 4-1 a su favor.<\/p>\n\n\n\n<p>En semifinales se enfrentar\u00edan a la \u00faltima esperanza espa\u00f1ola de la competici\u00f3n, el <strong><a href=\"https:\/\/www.movistar.es\/blog\/movistar-plus\/real-madrid-vs-barcelona-hora-y-donde-verlo-con-movistar\/\" target=\"_blank\" rel=\"noreferrer noopener\">Real Madrid<\/a><\/strong>. Los de Ancelotti conseguir\u00edan firmar el empate en el partido de ida. No obstante, Guardiola y los suyos arrasar\u00edan en el partido de vuelta, consiguiendo un 4-0 que colocar\u00eda el marcador global en 5-1 a favor de los azules.<\/p>\n\n\n\n<p>Ahora tan solo tiene un rival enfrente para conquistar el tan ansiado trofeo: el Inter de Mil\u00e1n. Antes de ver cu\u00e1ndo es la final de la Champions 2023, analizaremos el recorrido de los italianos en la competici\u00f3n.<\/p>\n\n\n\n<figure class=\"wp-block-image size-large\"><img loading=\"lazy\" decoding=\"async\" height=\"683\" width=\"1024\" src=\"https:\/\/www.movistar.es\/blog\/wp-content\/uploads\/sites\/3\/2023\/06\/16859543571593.jpg?w=1024\" alt=\"cu\u00e1ndo es la final de la champions\" class=\"wp-image-13820\" srcset=\"https:\/\/www.movistar.es\/blog\/wp-content\/uploads\/sites\/3\/2023\/06\/16859543571593.jpg 1980w, https:\/\/www.movistar.es\/blog\/wp-content\/uploads\/sites\/3\/2023\/06\/16859543571593.jpg?resize=300,200 300w, https:\/\/www.movistar.es\/blog\/wp-content\/uploads\/sites\/3\/2023\/06\/16859543571593.jpg?resize=768,512 768w, https:\/\/www.movistar.es\/blog\/wp-content\/uploads\/sites\/3\/2023\/06\/16859543571593.jpg?resize=1024,683 1024w, https:\/\/www.movistar.es\/blog\/wp-content\/uploads\/sites\/3\/2023\/06\/16859543571593.jpg?resize=1536,1024 1536w\" sizes=\"auto, (max-width: 1024px) 100vw, 1024px\" \/><\/figure>\n\n\n\n<h3 class=\"wp-block-heading\" id=\"h-el-inter-de-milan-mantiene-vivo-el-sueno-italiano\">El Inter de Mil\u00e1n mantiene vivo el sue\u00f1o italiano<\/h3>\n\n\n\n<p>Por otro lado, el camino hacia la final de la Champions del <strong><a href=\"https:\/\/www.inter.it\/es\" target=\"_blank\" rel=\"noreferrer noopener\">Inter de Mil\u00e1n<\/a><\/strong> comenzar\u00eda con una fase de grupos en la que se enfrentaron al <strong>FC Barcelona, Bayern de Munich y Viktoria Plzen<\/strong>. A pesar de la dureza de este grupo, el Inter sali\u00f3 airoso, consiguiendo su pase a octavos.<\/p>\n\n\n\n<p>All\u00ed se medir\u00edan contra el <strong>Porto<\/strong>. Los italianos ganar\u00edan por la m\u00ednima en una eliminatoria m\u00e1s apretada de lo que, a priori, cualquiera habr\u00eda podido pensar. A\u00fan as\u00ed, el resultado fue suficiente para llegar a cuartos de final. En dicha ronda les esperar\u00eda otro equipo portugu\u00e9s, el <strong>Benfica<\/strong>. Una vez m\u00e1s, los italianos conseguir\u00edan imponerse, con un 5-3 a su favor.<\/p>\n\n\n\n<p>En semifinales, pudimos vivir el gran derbi italiano: <strong>Inter de Mil\u00e1n<\/strong> vs <strong>AC Mil\u00e1n<\/strong>. Los de Inzaghi resolver\u00edan con solvencia esta eliminatoria, colocando un c\u00f3modo 3 a 0 en el marcador global.<\/p>\n\n\n\n<p>As\u00ed, viendo el recorrido que ambos equipos, tenemos a\u00fan m\u00e1s ganas de saber cu\u00e1ndo es la final de la Champions 2023. Por suerte, la final tendr\u00e1 lugar el s\u00e1bado de 10 de junio, por lo que tan solo tenemos que esperar unos pocos d\u00edas m\u00e1s para vivir la gran fiesta del f\u00fatbol.<\/p>\n\n\n\n<h2 class=\"wp-block-heading\" class=\"wp-block-heading\" id=\"city-vs-inter-como-llegan-los-equipos-a-la-final\">City vs Inter: c\u00f3mo llegan los equipos a la final<\/h2>\n\n\n\n<p>Ya hemos respondido a la pregunta de cu\u00e1ndo es la final de la Champions. Ahora, toca responder a otra \u00bfd\u00f3nde se juega la final de la Champions 2023?&nbsp;<\/p>\n\n\n\n<p>El <strong><a href=\"https:\/\/www.sport.es\/es\/noticias\/champions\/estadio-jugara-final-champions-league-87445549\" target=\"_blank\" rel=\"noreferrer noopener\">Estadio Ol\u00edmpico Atat\u00fcrk<\/a> de Estambul<\/strong> ser\u00e1 la sede del esperado encuentro entre el <strong>Manchester City<\/strong> y el <strong>Inter de Mil\u00e1n<\/strong>, dos equipos que, como hemos podido ver antes, se han ganado a pulso su participaci\u00f3n en esta gran final.<\/p>\n\n\n\n<p>El conjunto liderado por Pep Guardiola busca en esta ocasi\u00f3n su particular <strong>triplete<\/strong>. Y es que los <em>citizens<\/em> han ganado este a\u00f1o la <strong>Premier League<\/strong> y la<strong> FA Cup<\/strong>, por lo que solo les faltar\u00eda ganar su primera Champions para cerrar un a\u00f1o completamente hist\u00f3rico.&nbsp;Adem\u00e1s, viendo que su camino hasta la final ha sido poco menos que un paseo y teniendo en cuenta sus resultados en el resto de competiciones, el <strong>City <\/strong>parte como el principal candidato para levantar la orejona.<\/p>\n\n\n\n<p>En su plantilla nos encontramos con nombres de la talla de <strong>Rodri, Grealish, Laporte o Foden<\/strong>. Pero, sin duda, el punto fuerte de los ingleses se encuentra en la dupla formada por <strong>Kevin De Bruyne<\/strong> y <strong><a href=\"https:\/\/resultados.as.com\/resultados\/ficha\/deportista\/erling_braut_haland\/46369\/\" target=\"_blank\" rel=\"noreferrer noopener\">Erling Haaland<\/a><\/strong>. En su primer a\u00f1o en Inglaterra, Haaland ha conseguido batir el r\u00e9cord de goles anotados -m\u00e1s de 35- en una temporada por un jugador en la Premier. Y es que el noruego es, a d\u00eda de hoy, el delantero m\u00e1s decisivo del planeta.<\/p>\n\n\n\n<figure class=\"wp-block-image size-large\"><img loading=\"lazy\" decoding=\"async\" height=\"542\" width=\"1024\" src=\"https:\/\/www.movistar.es\/blog\/wp-content\/uploads\/sites\/3\/2023\/06\/FINAL-CHAMPIONS-LEAGUE_Blog.jpg?w=1024\" alt=\"cu\u00e1ndo es la final de la champions\" class=\"wp-image-13993\" srcset=\"https:\/\/www.movistar.es\/blog\/wp-content\/uploads\/sites\/3\/2023\/06\/FINAL-CHAMPIONS-LEAGUE_Blog.jpg 1040w, https:\/\/www.movistar.es\/blog\/wp-content\/uploads\/sites\/3\/2023\/06\/FINAL-CHAMPIONS-LEAGUE_Blog.jpg?resize=300,159 300w, https:\/\/www.movistar.es\/blog\/wp-content\/uploads\/sites\/3\/2023\/06\/FINAL-CHAMPIONS-LEAGUE_Blog.jpg?resize=768,406 768w, https:\/\/www.movistar.es\/blog\/wp-content\/uploads\/sites\/3\/2023\/06\/FINAL-CHAMPIONS-LEAGUE_Blog.jpg?resize=1024,542 1024w\" sizes=\"auto, (max-width: 1024px) 100vw, 1024px\" \/><\/figure>\n\n\n\n<p>El <strong>Inter<\/strong>, por su parte, regresa a una final de Champions trece a\u00f1os despu\u00e9s de levantar su \u00faltima orejona. Los de Inzaghi han firmado una temporada espectacular. Si bien no han podido arrebatar el t\u00edtulo de la <strong>Serie A<\/strong> al N\u00e1poles, se proclamaron campeones de la <strong>Coppa Italia<\/strong>.<\/p>\n\n\n\n<p>A pesar de no tener una plantilla plagada de tantas estrellas reconocidas como el City, lo cierto es que los italianos funcionan como un bloque unido y s\u00f3lido. Entre sus grandes reclamos, encontramos a jugadores como <strong>Romelu Lukaku, Barella o Lautaro Mart\u00ednez<\/strong>.<\/p>\n\n\n\n<h2 class=\"wp-block-heading\" id=\"h-cuando-y-donde-ver-la-final-de-la-champions-2023-en-movistar-plus\">Cu\u00e1ndo y d\u00f3nde ver la final de la Champions 2023 en Movistar Plus+<\/h2>\n\n\n\n<p>No solo conocemos a los dos equipos que se ver\u00e1n las caras en la competici\u00f3n europea. Tambi\u00e9n sabemos cu\u00e1ndo y d\u00f3nde ser\u00e1 la final de la Champions League.<\/p>\n\n\n\n<p>Como hemos comentado anteriormente, ya sabemos cu\u00e1ndo ser\u00e1 la final de la Champions: el s\u00e1bado 10 de junio. Ambos equipos saltar\u00e1n al terreno del Estadio Ol\u00edmpico Atat\u00fcrk de Estambul a las <strong>21:00<\/strong> (hora peninsular espa\u00f1ola). Ser\u00e1 entonces cuando suene el pitido inicial y comiencen los 90 minutos que definir\u00e1n al ganador de esta edici\u00f3n de la Champions League.<\/p>\n\n\n\n<figure class=\"wp-block-embed is-type-video is-provider-youtube wp-block-embed-youtube wp-embed-aspect-16-9 wp-has-aspect-ratio\"><div class=\"wp-block-embed__wrapper\">\n<div class=\"wp-block-embed__wrapper\"><div class=\"ast-oembed-container \" style=\"height: 100%;\"><iframe loading=\"lazy\" title=\"Encuentra todos los partidos en Movistar Plus+\" width=\"1040\" height=\"585\" src=\"https:\/\/www.youtube.com\/embed\/5J71WvYlbRc?feature=oembed\" frameborder=\"0\" allow=\"accelerometer; autoplay; clipboard-write; encrypted-media; gyroscope; picture-in-picture; web-share\" referrerpolicy=\"strict-origin-when-cross-origin\" allowfullscreen><\/iframe><\/div><\/div>\n<\/div><\/figure>\n\n\n\n<p>Pero, \u00bfd\u00f3nde puedes ver la final de la Champions League 2023? La respuesta es, en<strong> <\/strong><a href=\"https:\/\/www.movistar.es\/particulares\/movistarplus\"><strong>Movistar Plus+<\/strong><\/a>, la casa del <a href=\"https:\/\/www.movistar.es\/blog\/movistar-plus\/deporte-en-movistar-plus\/\">deporte<\/a> y, por supuesto, de las mayores competiciones del <a href=\"https:\/\/www.movistar.es\/blog\/movistar-plus\/cuanto-cuesta-ver-el-futbol\/\">f\u00fatbol<\/a> europeo. Si quieres enterarte de c\u00f3mo puedes encontrar todos los partidos, puedes ver el v\u00eddeo que compartimos sobre estas mismas l\u00edneas.<\/p>\n\n\n\n<p>El<strong> <\/strong>\u00faltimo duelo estar\u00e1 disponible en Movistar Plus+ a trav\u00e9s del <strong>canal Liga de Campeones en el dial 56<\/strong>. Adem\u00e1s, se emitir\u00e1n los programas <strong>Tarde de Champions<\/strong> y<strong> Noche de Champions<\/strong> , los formatos m\u00e1s pegados a la jornada y que te mantendr\u00e1n informado de la \u00faltima hora de esta competici\u00f3n. Como siempre, Movistar Plus+ no solo ofrece todo el f\u00fatbol europeo, sino tambi\u00e9n la mejor programaci\u00f3n sobre el deporte rey.<\/p>\n","protected":false},"excerpt":{"rendered":"<p>La final de la Champions League est\u00e1 a la vuelta la esquina, pero \u00bfcu\u00e1ndo exactamente? La gran fiesta del f\u00fatbol europeo, donde se enfrentar\u00e1n el Manchester City y el Inter de Mil\u00e1n, tendr\u00e1 lugar el [&hellip;]<\/p>\n","protected":false},"author":93,"featured_media":13822,"comment_status":"closed","ping_status":"closed","sticky":false,"template":"","format":"standard","meta":{"site-sidebar-layout":"default","site-content-layout":"","ast-site-content-layout":"","site-content-style":"default","site-sidebar-style":"default","ast-global-header-display":"","ast-banner-title-visibility":"","ast-main-header-display":"","ast-hfb-above-header-display":"","ast-hfb-below-header-display":"","ast-hfb-mobile-header-display":"","site-post-title":"","ast-breadcrumbs-content":"","ast-featured-img":"","footer-sml-layout":"","theme-transparent-header-meta":"","adv-header-id-meta":"","stick-header-meta":"","header-above-stick-meta":"","header-main-stick-meta":"","header-below-stick-meta":"","astra-migrate-meta-layouts":"default","ast-page-background-enabled":"default","ast-page-background-meta":{"desktop":{"background-color":"var(--ast-global-color-4)","background-image":"","background-repeat":"repeat","background-position":"center center","background-size":"auto","background-attachment":"scroll","background-type":"","background-media":"","overlay-type":"","overlay-color":"","overlay-opacity":"","overlay-gradient":""},"tablet":{"background-color":"","background-image":"","background-repeat":"repeat","background-position":"center center","background-size":"auto","background-attachment":"scroll","background-type":"","background-media":"","overlay-type":"","overlay-color":"","overlay-opacity":"","overlay-gradient":""},"mobile":{"background-color":"","background-image":"","background-repeat":"repeat","background-position":"center center","background-size":"auto","background-attachment":"scroll","background-type":"","background-media":"","overlay-type":"","overlay-color":"","overlay-opacity":"","overlay-gradient":""}},"ast-content-background-meta":{"desktop":{"background-color":"var(--ast-global-color-5)","background-image":"","background-repeat":"repeat","background-position":"center center","background-size":"auto","background-attachment":"scroll","background-type":"","background-media":"","overlay-type":"","overlay-color":"","overlay-opacity":"","overlay-gradient":""},"tablet":{"background-color":"var(--ast-global-color-5)","background-image":"","background-repeat":"repeat","background-position":"center center","background-size":"auto","background-attachment":"scroll","background-type":"","background-media":"","overlay-type":"","overlay-color":"","overlay-opacity":"","overlay-gradient":""},"mobile":{"background-color":"var(--ast-global-color-5)","background-image":"","background-repeat":"repeat","background-position":"center center","background-size":"auto","background-attachment":"scroll","background-type":"","background-media":"","overlay-type":"","overlay-color":"","overlay-opacity":"","overlay-gradient":""}},"_jetpack_memberships_contains_paid_content":false,"footnotes":""},"categories":[1],"tags":[],"area":[427],"cluster":[45],"linea_editorial":[],"coauthors":[467],"class_list":["post-13817","post","type-post","status-publish","format-standard","has-post-thumbnail","hentry","category-sin-categoria","area-gametv","cluster-movistar-plus"],"yoast_head":"<!-- This site is optimized with the Yoast SEO Premium plugin v25.5 (Yoast SEO v25.5) - https:\/\/yoast.com\/wordpress\/plugins\/seo\/ -->\n<title>\u00bfCu\u00e1ndo es la final de la Champions? V\u00edvela en Movistar Plus+<\/title>\n<meta name=\"description\" content=\"Comentamos cu\u00e1ndo y d\u00f3nde es la final de la Champions League 2023 y c\u00f3mo puedes disfrutarla con Movistar Plus+.\" \/>\n<meta name=\"robots\" content=\"index, follow, max-snippet:-1, max-image-preview:large, max-video-preview:-1\" \/>\n<link rel=\"canonical\" href=\"https:\/\/www.movistar.es\/blog\/movistar-plus\/cuando-es-la-final-champions-movistar-plus\/\" \/>\n<meta property=\"og:locale\" content=\"es_ES\" \/>\n<meta property=\"og:type\" content=\"article\" \/>\n<meta property=\"og:title\" content=\"\u00bfCu\u00e1ndo es la final de la Champions? V\u00edvela en Movistar Plus+\" \/>\n<meta property=\"og:description\" content=\"Comentamos cu\u00e1ndo y d\u00f3nde es la final de la Champions League 2023 y c\u00f3mo puedes disfrutarla con Movistar Plus+.\" \/>\n<meta property=\"og:url\" content=\"https:\/\/www.movistar.es\/blog\/movistar-plus\/cuando-es-la-final-champions-movistar-plus\/\" \/>\n<meta property=\"og:site_name\" content=\"Movistar blog\" \/>\n<meta property=\"article:author\" content=\"movistar.es\/\" \/>\n<meta property=\"article:published_time\" content=\"2023-06-09T14:49:44+00:00\" \/>\n<meta property=\"article:modified_time\" content=\"2023-06-09T14:49:45+00:00\" \/>\n<meta property=\"og:image\" content=\"https:\/\/www.movistar.es\/blog\/wp-content\/uploads\/sites\/3\/2023\/06\/img1_20230307105534-e1686039545460.jpg\" \/>\n\t<meta property=\"og:image:width\" content=\"2042\" \/>\n\t<meta property=\"og:image:height\" content=\"880\" \/>\n\t<meta property=\"og:image:type\" content=\"image\/jpeg\" \/>\n<meta name=\"author\" content=\"Equipo de Redacci\u00f3n\" \/>\n<meta name=\"twitter:card\" content=\"summary_large_image\" \/>\n<meta name=\"twitter:creator\" content=\"@movistar_es\" \/>\n<meta name=\"twitter:label1\" content=\"Written by\" \/>\n\t<meta name=\"twitter:data1\" content=\"Equipo de Redacci\u00f3n\" \/>\n\t<meta name=\"twitter:label2\" content=\"Est. reading time\" \/>\n\t<meta name=\"twitter:data2\" content=\"6 minutos\" \/>\n<script type=\"application\/ld+json\" class=\"yoast-schema-graph\">{\"@context\":\"https:\/\/schema.org\",\"@graph\":[{\"@type\":\"Article\",\"@id\":\"https:\/\/www.movistar.es\/blog\/movistar-plus\/cuando-es-la-final-champions-movistar-plus\/#article\",\"isPartOf\":{\"@id\":\"https:\/\/www.movistar.es\/blog\/movistar-plus\/cuando-es-la-final-champions-movistar-plus\/\"},\"author\":{\"name\":\"Equipo de Redacci\u00f3n\",\"@id\":\"https:\/\/www.movistar.es\/blog\/#\/schema\/person\/6184006f5def4638e52e2d0ff98bd55a\"},\"headline\":\"\u00bfCu\u00e1ndo es la final de la Champions? V\u00edvela en Movistar Plus+\",\"datePublished\":\"2023-06-09T14:49:44+00:00\",\"dateModified\":\"2023-06-09T14:49:45+00:00\",\"mainEntityOfPage\":{\"@id\":\"https:\/\/www.movistar.es\/blog\/movistar-plus\/cuando-es-la-final-champions-movistar-plus\/\"},\"wordCount\":1242,\"publisher\":{\"@id\":\"https:\/\/www.movistar.es\/blog\/#organization\"},\"image\":{\"@id\":\"https:\/\/www.movistar.es\/blog\/movistar-plus\/cuando-es-la-final-champions-movistar-plus\/#primaryimage\"},\"thumbnailUrl\":\"https:\/\/www.movistar.es\/blog\/wp-content\/uploads\/sites\/3\/2023\/06\/img1_20230307105534-e1686039545460.jpg\",\"inLanguage\":\"es\"},{\"@type\":\"WebPage\",\"@id\":\"https:\/\/www.movistar.es\/blog\/movistar-plus\/cuando-es-la-final-champions-movistar-plus\/\",\"url\":\"https:\/\/www.movistar.es\/blog\/movistar-plus\/cuando-es-la-final-champions-movistar-plus\/\",\"name\":\"\u00bfCu\u00e1ndo es la final de la Champions? V\u00edvela en Movistar Plus+\",\"isPartOf\":{\"@id\":\"https:\/\/www.movistar.es\/blog\/#website\"},\"primaryImageOfPage\":{\"@id\":\"https:\/\/www.movistar.es\/blog\/movistar-plus\/cuando-es-la-final-champions-movistar-plus\/#primaryimage\"},\"image\":{\"@id\":\"https:\/\/www.movistar.es\/blog\/movistar-plus\/cuando-es-la-final-champions-movistar-plus\/#primaryimage\"},\"thumbnailUrl\":\"https:\/\/www.movistar.es\/blog\/wp-content\/uploads\/sites\/3\/2023\/06\/img1_20230307105534-e1686039545460.jpg\",\"datePublished\":\"2023-06-09T14:49:44+00:00\",\"dateModified\":\"2023-06-09T14:49:45+00:00\",\"description\":\"Comentamos cu\u00e1ndo y d\u00f3nde es la final de la Champions League 2023 y c\u00f3mo puedes disfrutarla con Movistar Plus+.\",\"breadcrumb\":{\"@id\":\"https:\/\/www.movistar.es\/blog\/movistar-plus\/cuando-es-la-final-champions-movistar-plus\/#breadcrumb\"},\"inLanguage\":\"es\",\"potentialAction\":[{\"@type\":\"ReadAction\",\"target\":[\"https:\/\/www.movistar.es\/blog\/movistar-plus\/cuando-es-la-final-champions-movistar-plus\/\"]}]},{\"@type\":\"ImageObject\",\"inLanguage\":\"es\",\"@id\":\"https:\/\/www.movistar.es\/blog\/movistar-plus\/cuando-es-la-final-champions-movistar-plus\/#primaryimage\",\"url\":\"https:\/\/www.movistar.es\/blog\/wp-content\/uploads\/sites\/3\/2023\/06\/img1_20230307105534-e1686039545460.jpg\",\"contentUrl\":\"https:\/\/www.movistar.es\/blog\/wp-content\/uploads\/sites\/3\/2023\/06\/img1_20230307105534-e1686039545460.jpg\",\"width\":2042,\"height\":880,\"caption\":\"cuando es la final de la champions\"},{\"@type\":\"BreadcrumbList\",\"@id\":\"https:\/\/www.movistar.es\/blog\/movistar-plus\/cuando-es-la-final-champions-movistar-plus\/#breadcrumb\",\"itemListElement\":[{\"@type\":\"ListItem\",\"position\":1,\"name\":\"Home\",\"item\":\"https:\/\/www.movistar.es\/blog\/\"},{\"@type\":\"ListItem\",\"position\":2,\"name\":\"\u00bfCu\u00e1ndo es la final de la Champions? V\u00edvela en Movistar Plus+\"}]},{\"@type\":\"WebSite\",\"@id\":\"https:\/\/www.movistar.es\/blog\/#website\",\"url\":\"https:\/\/www.movistar.es\/blog\/\",\"name\":\"Movistar blog\",\"description\":\"Movistar Blog. Informaci\u00f3n y m\u00e1s sobre los productos y servicios de Movistar\",\"publisher\":{\"@id\":\"https:\/\/www.movistar.es\/blog\/#organization\"},\"potentialAction\":[{\"@type\":\"SearchAction\",\"target\":{\"@type\":\"EntryPoint\",\"urlTemplate\":\"https:\/\/www.movistar.es\/blog\/?s={search_term_string}\"},\"query-input\":{\"@type\":\"PropertyValueSpecification\",\"valueRequired\":true,\"valueName\":\"search_term_string\"}}],\"inLanguage\":\"es\"},{\"@type\":\"Organization\",\"@id\":\"https:\/\/www.movistar.es\/blog\/#organization\",\"name\":\"Movistar blog\",\"url\":\"https:\/\/www.movistar.es\/blog\/\",\"logo\":{\"@type\":\"ImageObject\",\"inLanguage\":\"es\",\"@id\":\"https:\/\/www.movistar.es\/blog\/#\/schema\/logo\/image\/\",\"url\":\"https:\/\/www.movistar.es\/blog\/wp-content\/uploads\/sites\/3\/2022\/05\/logo_movistar-1.svg\",\"contentUrl\":\"https:\/\/www.movistar.es\/blog\/wp-content\/uploads\/sites\/3\/2022\/05\/logo_movistar-1.svg\",\"width\":369,\"height\":272,\"caption\":\"Movistar blog\"},\"image\":{\"@id\":\"https:\/\/www.movistar.es\/blog\/#\/schema\/logo\/image\/\"}},{\"@type\":\"Person\",\"@id\":\"https:\/\/www.movistar.es\/blog\/#\/schema\/person\/6184006f5def4638e52e2d0ff98bd55a\",\"name\":\"Equipo de Redacci\u00f3n\",\"image\":{\"@type\":\"ImageObject\",\"inLanguage\":\"es\",\"@id\":\"https:\/\/www.movistar.es\/blog\/#\/schema\/person\/image\/8dbf7dc767c23aa5f974d575dda930c5\",\"url\":\"https:\/\/secure.gravatar.com\/avatar\/ce5aadad84c2aeb36c9813c46e41a53b0c9cc1d57205e8cde4bdf0ed790b3c97\",\"contentUrl\":\"https:\/\/secure.gravatar.com\/avatar\/ce5aadad84c2aeb36c9813c46e41a53b0c9cc1d57205e8cde4bdf0ed790b3c97\",\"caption\":\"Equipo de Redacci\u00f3n\"},\"description\":\"Buscamos temas de tu inter\u00e9s. Te contamos c\u00f3mo pueden ayudarte en tu d\u00eda a d\u00eda los productos y servicios de Movistar. No queremos venderte nada. Queremos descubrirte cosas para hacerte la vida m\u00e1s f\u00e1cil.\",\"sameAs\":[\"https:\/\/www.movistar.es\/\",\"movistar.es\/\",\"https:\/\/www.instagram.com\/movistar_es\/?hl=es\",\"https:\/\/x.com\/movistar_es\"],\"knowsAbout\":[\"smartphones\",\"conectividad\",\"hogar digital\",\"ciberseguridad\"],\"url\":\"https:\/\/www.movistar.es\/blog\/author\/contentmovistar\/\"}]}<\/script>\n<!-- \/ Yoast SEO Premium plugin. -->","yoast_head_json":{"title":"\u00bfCu\u00e1ndo es la final de la Champions? V\u00edvela en Movistar Plus+","description":"Comentamos cu\u00e1ndo y d\u00f3nde es la final de la Champions League 2023 y c\u00f3mo puedes disfrutarla con Movistar Plus+.","robots":{"index":"index","follow":"follow","max-snippet":"max-snippet:-1","max-image-preview":"max-image-preview:large","max-video-preview":"max-video-preview:-1"},"canonical":"https:\/\/www.movistar.es\/blog\/movistar-plus\/cuando-es-la-final-champions-movistar-plus\/","og_locale":"es_ES","og_type":"article","og_title":"\u00bfCu\u00e1ndo es la final de la Champions? V\u00edvela en Movistar Plus+","og_description":"Comentamos cu\u00e1ndo y d\u00f3nde es la final de la Champions League 2023 y c\u00f3mo puedes disfrutarla con Movistar Plus+.","og_url":"https:\/\/www.movistar.es\/blog\/movistar-plus\/cuando-es-la-final-champions-movistar-plus\/","og_site_name":"Movistar blog","article_author":"movistar.es\/","article_published_time":"2023-06-09T14:49:44+00:00","article_modified_time":"2023-06-09T14:49:45+00:00","og_image":[{"width":2042,"height":880,"url":"https:\/\/www.movistar.es\/blog\/wp-content\/uploads\/sites\/3\/2023\/06\/img1_20230307105534-e1686039545460.jpg","type":"image\/jpeg"}],"author":"Equipo de Redacci\u00f3n","twitter_card":"summary_large_image","twitter_creator":"@movistar_es","twitter_misc":{"Written by":"Equipo de Redacci\u00f3n","Est. reading time":"6 minutos"},"schema":{"@context":"https:\/\/schema.org","@graph":[{"@type":"Article","@id":"https:\/\/www.movistar.es\/blog\/movistar-plus\/cuando-es-la-final-champions-movistar-plus\/#article","isPartOf":{"@id":"https:\/\/www.movistar.es\/blog\/movistar-plus\/cuando-es-la-final-champions-movistar-plus\/"},"author":{"name":"Equipo de Redacci\u00f3n","@id":"https:\/\/www.movistar.es\/blog\/#\/schema\/person\/6184006f5def4638e52e2d0ff98bd55a"},"headline":"\u00bfCu\u00e1ndo es la final de la Champions? V\u00edvela en Movistar Plus+","datePublished":"2023-06-09T14:49:44+00:00","dateModified":"2023-06-09T14:49:45+00:00","mainEntityOfPage":{"@id":"https:\/\/www.movistar.es\/blog\/movistar-plus\/cuando-es-la-final-champions-movistar-plus\/"},"wordCount":1242,"publisher":{"@id":"https:\/\/www.movistar.es\/blog\/#organization"},"image":{"@id":"https:\/\/www.movistar.es\/blog\/movistar-plus\/cuando-es-la-final-champions-movistar-plus\/#primaryimage"},"thumbnailUrl":"https:\/\/www.movistar.es\/blog\/wp-content\/uploads\/sites\/3\/2023\/06\/img1_20230307105534-e1686039545460.jpg","inLanguage":"es"},{"@type":"WebPage","@id":"https:\/\/www.movistar.es\/blog\/movistar-plus\/cuando-es-la-final-champions-movistar-plus\/","url":"https:\/\/www.movistar.es\/blog\/movistar-plus\/cuando-es-la-final-champions-movistar-plus\/","name":"\u00bfCu\u00e1ndo es la final de la Champions? V\u00edvela en Movistar Plus+","isPartOf":{"@id":"https:\/\/www.movistar.es\/blog\/#website"},"primaryImageOfPage":{"@id":"https:\/\/www.movistar.es\/blog\/movistar-plus\/cuando-es-la-final-champions-movistar-plus\/#primaryimage"},"image":{"@id":"https:\/\/www.movistar.es\/blog\/movistar-plus\/cuando-es-la-final-champions-movistar-plus\/#primaryimage"},"thumbnailUrl":"https:\/\/www.movistar.es\/blog\/wp-content\/uploads\/sites\/3\/2023\/06\/img1_20230307105534-e1686039545460.jpg","datePublished":"2023-06-09T14:49:44+00:00","dateModified":"2023-06-09T14:49:45+00:00","description":"Comentamos cu\u00e1ndo y d\u00f3nde es la final de la Champions League 2023 y c\u00f3mo puedes disfrutarla con Movistar Plus+.","breadcrumb":{"@id":"https:\/\/www.movistar.es\/blog\/movistar-plus\/cuando-es-la-final-champions-movistar-plus\/#breadcrumb"},"inLanguage":"es","potentialAction":[{"@type":"ReadAction","target":["https:\/\/www.movistar.es\/blog\/movistar-plus\/cuando-es-la-final-champions-movistar-plus\/"]}]},{"@type":"ImageObject","inLanguage":"es","@id":"https:\/\/www.movistar.es\/blog\/movistar-plus\/cuando-es-la-final-champions-movistar-plus\/#primaryimage","url":"https:\/\/www.movistar.es\/blog\/wp-content\/uploads\/sites\/3\/2023\/06\/img1_20230307105534-e1686039545460.jpg","contentUrl":"https:\/\/www.movistar.es\/blog\/wp-content\/uploads\/sites\/3\/2023\/06\/img1_20230307105534-e1686039545460.jpg","width":2042,"height":880,"caption":"cuando es la final de la champions"},{"@type":"BreadcrumbList","@id":"https:\/\/www.movistar.es\/blog\/movistar-plus\/cuando-es-la-final-champions-movistar-plus\/#breadcrumb","itemListElement":[{"@type":"ListItem","position":1,"name":"Home","item":"https:\/\/www.movistar.es\/blog\/"},{"@type":"ListItem","position":2,"name":"\u00bfCu\u00e1ndo es la final de la Champions? V\u00edvela en Movistar Plus+"}]},{"@type":"WebSite","@id":"https:\/\/www.movistar.es\/blog\/#website","url":"https:\/\/www.movistar.es\/blog\/","name":"Movistar blog","description":"Movistar Blog. Informaci\u00f3n y m\u00e1s sobre los productos y servicios de Movistar","publisher":{"@id":"https:\/\/www.movistar.es\/blog\/#organization"},"potentialAction":[{"@type":"SearchAction","target":{"@type":"EntryPoint","urlTemplate":"https:\/\/www.movistar.es\/blog\/?s={search_term_string}"},"query-input":{"@type":"PropertyValueSpecification","valueRequired":true,"valueName":"search_term_string"}}],"inLanguage":"es"},{"@type":"Organization","@id":"https:\/\/www.movistar.es\/blog\/#organization","name":"Movistar blog","url":"https:\/\/www.movistar.es\/blog\/","logo":{"@type":"ImageObject","inLanguage":"es","@id":"https:\/\/www.movistar.es\/blog\/#\/schema\/logo\/image\/","url":"https:\/\/www.movistar.es\/blog\/wp-content\/uploads\/sites\/3\/2022\/05\/logo_movistar-1.svg","contentUrl":"https:\/\/www.movistar.es\/blog\/wp-content\/uploads\/sites\/3\/2022\/05\/logo_movistar-1.svg","width":369,"height":272,"caption":"Movistar blog"},"image":{"@id":"https:\/\/www.movistar.es\/blog\/#\/schema\/logo\/image\/"}},{"@type":"Person","@id":"https:\/\/www.movistar.es\/blog\/#\/schema\/person\/6184006f5def4638e52e2d0ff98bd55a","name":"Equipo de Redacci\u00f3n","image":{"@type":"ImageObject","inLanguage":"es","@id":"https:\/\/www.movistar.es\/blog\/#\/schema\/person\/image\/8dbf7dc767c23aa5f974d575dda930c5","url":"https:\/\/secure.gravatar.com\/avatar\/ce5aadad84c2aeb36c9813c46e41a53b0c9cc1d57205e8cde4bdf0ed790b3c97","contentUrl":"https:\/\/secure.gravatar.com\/avatar\/ce5aadad84c2aeb36c9813c46e41a53b0c9cc1d57205e8cde4bdf0ed790b3c97","caption":"Equipo de Redacci\u00f3n"},"description":"Buscamos temas de tu inter\u00e9s. Te contamos c\u00f3mo pueden ayudarte en tu d\u00eda a d\u00eda los productos y servicios de Movistar. No queremos venderte nada. Queremos descubrirte cosas para hacerte la vida m\u00e1s f\u00e1cil.","sameAs":["https:\/\/www.movistar.es\/","movistar.es\/","https:\/\/www.instagram.com\/movistar_es\/?hl=es","https:\/\/x.com\/movistar_es"],"knowsAbout":["smartphones","conectividad","hogar digital","ciberseguridad"],"url":"https:\/\/www.movistar.es\/blog\/author\/contentmovistar\/"}]}},"jetpack_featured_media_url":"https:\/\/www.movistar.es\/blog\/wp-content\/uploads\/sites\/3\/2023\/06\/img1_20230307105534-e1686039545460.jpg","jetpack_sharing_enabled":true,"_links":{"self":[{"href":"https:\/\/www.movistar.es\/blog\/wp-json\/wp\/v2\/posts\/13817","targetHints":{"allow":["GET"]}}],"collection":[{"href":"https:\/\/www.movistar.es\/blog\/wp-json\/wp\/v2\/posts"}],"about":[{"href":"https:\/\/www.movistar.es\/blog\/wp-json\/wp\/v2\/types\/post"}],"author":[{"embeddable":true,"href":"https:\/\/www.movistar.es\/blog\/wp-json\/wp\/v2\/users\/93"}],"replies":[{"embeddable":true,"href":"https:\/\/www.movistar.es\/blog\/wp-json\/wp\/v2\/comments?post=13817"}],"version-history":[{"count":33,"href":"https:\/\/www.movistar.es\/blog\/wp-json\/wp\/v2\/posts\/13817\/revisions"}],"predecessor-version":[{"id":26215,"href":"https:\/\/www.movistar.es\/blog\/wp-json\/wp\/v2\/posts\/13817\/revisions\/26215"}],"wp:featuredmedia":[{"embeddable":true,"href":"https:\/\/www.movistar.es\/blog\/wp-json\/wp\/v2\/media\/13822"}],"wp:attachment":[{"href":"https:\/\/www.movistar.es\/blog\/wp-json\/wp\/v2\/media?parent=13817"}],"wp:term":[{"taxonomy":"category","embeddable":true,"href":"https:\/\/www.movistar.es\/blog\/wp-json\/wp\/v2\/categories?post=13817"},{"taxonomy":"post_tag","embeddable":true,"href":"https:\/\/www.movistar.es\/blog\/wp-json\/wp\/v2\/tags?post=13817"},{"taxonomy":"area","embeddable":true,"href":"https:\/\/www.movistar.es\/blog\/wp-json\/wp\/v2\/area?post=13817"},{"taxonomy":"cluster","embeddable":true,"href":"https:\/\/www.movistar.es\/blog\/wp-json\/wp\/v2\/cluster?post=13817"},{"taxonomy":"linea_editorial","embeddable":true,"href":"https:\/\/www.movistar.es\/blog\/wp-json\/wp\/v2\/linea_editorial?post=13817"},{"taxonomy":"author","embeddable":true,"href":"https:\/\/www.movistar.es\/blog\/wp-json\/wp\/v2\/coauthors?post=13817"}],"curies":[{"name":"wp","href":"https:\/\/api.w.org\/{rel}","templated":true}]}}