{"id":13765,"date":"2023-06-02T16:02:16","date_gmt":"2023-06-02T14:02:16","guid":{"rendered":"https:\/\/www.movistar.es\/blog\/?p=13765"},"modified":"2024-05-29T12:48:32","modified_gmt":"2024-05-29T10:48:32","slug":"proximos-estrenos-mas-esperados","status":"publish","type":"post","link":"https:\/\/www.movistar.es\/blog\/movistar-plus\/proximos-estrenos-mas-esperados\/","title":{"rendered":"Los pr\u00f3ximos estrenos m\u00e1s esperados de Movistar Plus+"},"content":{"rendered":"\n<p>Si recientemente nos encontramos con grandes estrenos en<a href=\"https:\/\/blogthinkbig.com\/guia-movistar-movistar-plus\"> <\/a>Movistar Plus+ como <em>The Whale<\/em>, <em>La Unidad Kabul<\/em> o <em>Supergarc\u00eda<\/em>, en septiembre, la plataforma de contenidos <strong>cuenta con unos claros favoritos<\/strong>: <em>Los Fabelman<\/em>,<em> Elvis<\/em> y <em>Momias<\/em>, entre otros. Movistar+ nos trae algunos de los pr\u00f3ximos <strong>estrenos m\u00e1s esperados por el p\u00fablico cin\u00e9filo y seri\u00e9filo<\/strong>.<\/p>\n\n\n\n<p>Si quieres saber m\u00e1s sobre la programaci\u00f3n y los \u00faltimos estrenos de Movistar Plus+ en <a href=\"https:\/\/www.movistar.es\/blog\/movistar-plus\/peliculas-movistar-verano\/\" target=\"_blank\" rel=\"noreferrer noopener\">pel\u00edculas<\/a>, series y documentales, \u00a1sigue leyendo!<\/p>\n\n\n\n<h2 class=\"wp-block-heading\" id=\"h-las-peliculas-mas-esperadas-proximos-estrenos-de-movistar-plus\"><strong>Las pel\u00edculas m\u00e1s esperadas: pr\u00f3ximos estrenos de Movistar Plus+<\/strong><\/h2>\n\n\n\n<h3 class=\"wp-block-heading\" id=\"h-los-fabelman-uno-de-los-proximos-estrenos-mas-esperados\"><strong>&#8216;Los Fabelman&#8217;, uno de los pr\u00f3ximos estrenos m\u00e1s esperados<\/strong><\/h3>\n\n\n\n<p>Nominada al premio <strong>Oscar a la Mejor Pel\u00edcula <\/strong>en 2023, esta conmovedora obra es un tributo emocional, inspirador y profundamente personal al mundo del cine.<strong> Steven Spielberg<\/strong> nos lleva en un viaje nost\u00e1lgico a su infancia y comparte con el mundo c\u00f3mo se convirti\u00f3 en el ic\u00f3nico cineasta que conocemos hoy en d\u00eda. <\/p>\n\n\n\n<p>A trav\u00e9s del personaje del joven Sammy Fabelman, Spielberg nos ofrece una narrativa semiautobiogr\u00e1fica que explora su entorno familiar y el nacimiento de su pasi\u00f3n por el s\u00e9ptimo arte. El cine se convirti\u00f3 en una herramienta fundamental para moldear su propia identidad, superar los obst\u00e1culos de la vida y comprender el mundo que lo rodeaba. Este estreno llegar\u00e1 a Movistar Plus+ el pr\u00f3ximo <strong>22 de septiembre<\/strong>.<\/p>\n\n\n\n<figure class=\"wp-block-embed is-type-video is-provider-youtube wp-block-embed-youtube wp-embed-aspect-16-9 wp-has-aspect-ratio\"><div class=\"wp-block-embed__wrapper\">\n<div class=\"wp-block-embed__wrapper\"><div class=\"ast-oembed-container \" style=\"height: 100%;\"><iframe loading=\"lazy\" title=\"LOS FABELMAN - Tr\u00e1iler Oficial (Universal Pictures) HD\" width=\"1040\" height=\"585\" src=\"https:\/\/www.youtube.com\/embed\/aPPS3gs_wHE?start=50&#038;feature=oembed\" frameborder=\"0\" allow=\"accelerometer; autoplay; clipboard-write; encrypted-media; gyroscope; picture-in-picture; web-share\" referrerpolicy=\"strict-origin-when-cross-origin\" allowfullscreen><\/iframe><\/div><\/div>\n<\/div><\/figure>\n\n\n\n<h3 class=\"wp-block-heading\" id=\"h-elvis\"><strong>&#8216;Elvis&#8217;<\/strong><\/h3>\n\n\n\n<p><strong>Baz Luhrmann<\/strong> se pone al mando de esta peculiar y entretenida pel\u00edcula biogr\u00e1fica, donde <strong>Austin Butler<\/strong> interpreta al ic\u00f3nico <strong>Elvis Presley <\/strong>y <strong>Tom Hanks<\/strong> asume el papel de su ambivalente representante,<strong> Tom Parker<\/strong>. Una vez m\u00e1s, el director desaf\u00eda las convenciones tradicionales de los g\u00e9neros cinematogr\u00e1ficos con esta obra. <\/p>\n\n\n\n<p>La cinta se adentra en la vida y la m\u00fasica de Elvis Presley, pero lo hace desde la perspectiva de la compleja relaci\u00f3n que mantuvo con su m\u00e1nager, una conexi\u00f3n que abarca m\u00e1s de dos d\u00e9cadas en la carrera del artista, desde sus inicios hasta sus momentos m\u00e1s bajos. Su estreno en Movistar Plus+ est\u00e1 previsto para el <strong>7 de septiembre<\/strong>.<\/p>\n\n\n\n<figure class=\"wp-block-embed is-type-video is-provider-youtube wp-block-embed-youtube wp-embed-aspect-16-9 wp-has-aspect-ratio\"><div class=\"wp-block-embed__wrapper\">\nhttps:\/\/www.youtube.com\/watch?v=HOAj7xO1zDI&#038;pp=ygUOZWx2aXMgIHRyYWlsZXI%3D\n<\/div><\/figure>\n\n\n\n<h3 class=\"wp-block-heading\" id=\"h-momias\"><strong>&#8216;Momias&#8217;<\/strong><\/h3>\n\n\n\n<p>Aventuras, risas y romance se entrelazan en esta exitosa pel\u00edcula de animaci\u00f3n espa\u00f1ola dirigida por Juan Jes\u00fas Garc\u00eda Galocha. <em><strong>Momias<\/strong><\/em> nos sumerge en una emocionante traves\u00eda donde el amor emerge como el protagonista indiscutible. La historia se desarrolla en un remoto pasado, en un momento en el que el valiente auriga Thut sucumbe a las artima\u00f1as de algunos de sus rivales.<\/p>\n\n\n\n<p> En la actualidad, su esp\u00edritu \u00abreside\u00bb en la enigm\u00e1tica ciudad de las momias, donde pasa sus d\u00edas firmando aut\u00f3grafos de 5 a 7. Sin embargo, su pac\u00edfica existencia se ve trastornada cuando el m\u00edtico ave f\u00e9nix lo designa como el futuro esposo de la princesa Nefer, quien muestra tan poco inter\u00e9s en el matrimonio como Thut mismo. Para complicar a\u00fan m\u00e1s las cosas, un ambicioso arque\u00f3logo est\u00e1 al borde de desvelar el secreto mundo subterr\u00e1neo de las momias. Se estren\u00f3 en Movistar Plus+ el pasado <strong>1 de septiembre<\/strong>.<\/p>\n\n\n\n<figure class=\"wp-block-embed is-type-video is-provider-youtube wp-block-embed-youtube wp-embed-aspect-16-9 wp-has-aspect-ratio\"><div class=\"wp-block-embed__wrapper\">\n<div class=\"wp-block-embed__wrapper\"><div class=\"ast-oembed-container \" style=\"height: 100%;\"><iframe loading=\"lazy\" title=\"MOMIAS - Tr\u00e1iler\" width=\"1040\" height=\"585\" src=\"https:\/\/www.youtube.com\/embed\/i7i_E35ca6E?feature=oembed\" frameborder=\"0\" allow=\"accelerometer; autoplay; clipboard-write; encrypted-media; gyroscope; picture-in-picture; web-share\" referrerpolicy=\"strict-origin-when-cross-origin\" allowfullscreen><\/iframe><\/div><\/div>\n<\/div><\/figure>\n\n\n\n<h3 class=\"wp-block-heading\" id=\"h-el-piloto\"><strong>&#8216;El piloto&#8217;<\/strong><\/h3>\n\n\n\n<p>Otro de los pr\u00f3ximos estrenos de Movistar Plus+ es <em><strong>El Piloto<\/strong><\/em>. En esta pel\u00edcula, <strong>Gerard Butler<\/strong> se mete en la piel de un piloto dispuesto a enfrentar cualquier peligro para rescatar a su equipo en este emocionante thriller de acci\u00f3n que est\u00e1 cargado de tensi\u00f3n, violencia y un ritmo vertiginoso. <\/p>\n\n\n\n<p>Cuando un avi\u00f3n es impactado por un rayo, Brodie Torrance, interpretado por Butler, se ver\u00e1 obligado a llevar a cabo un aterrizaje extremadamente arriesgado con el objetivo de salvar a los pasajeros y la tripulaci\u00f3n del vuelo. Despu\u00e9s de sobrevivir al aterrizaje en una isla devastada por la guerra, Brodie se da cuenta de que esa haza\u00f1a fue solo el principio de su lucha por la supervivencia. <em>El Piloto<\/em> llegar\u00e1 a Movistar Plus+ el <strong>29 de septiembre<\/strong>.<\/p>\n\n\n\n<figure class=\"wp-block-embed is-type-video is-provider-youtube wp-block-embed-youtube wp-embed-aspect-16-9 wp-has-aspect-ratio\"><div class=\"wp-block-embed__wrapper\">\n<div class=\"wp-block-embed__wrapper\"><div class=\"ast-oembed-container \" style=\"height: 100%;\"><iframe loading=\"lazy\" title=\"EL PILOTO Tr\u00e1iler Espa\u00f1ol (2023) Gerard Butler\" width=\"1040\" height=\"585\" src=\"https:\/\/www.youtube.com\/embed\/1Gp3YAqJt9k?feature=oembed\" frameborder=\"0\" allow=\"accelerometer; autoplay; clipboard-write; encrypted-media; gyroscope; picture-in-picture; web-share\" referrerpolicy=\"strict-origin-when-cross-origin\" allowfullscreen><\/iframe><\/div><\/div>\n<\/div><\/figure>\n\n\n\n<h3 class=\"wp-block-heading\" id=\"h-los-tres-mosqueteros\"><strong>&#8216;Los tres mosqueteros&#8217;<\/strong><\/h3>\n\n\n\n<p>La primera entrega de esta destacada superproducci\u00f3n europea lleva a la gran pantalla la novela de aventuras francesa m\u00e1s famosa de la historia.<strong> D&#8217;Artagnan<\/strong>, Athos, Aramis, Porthos, el cardenal Richelieu y la astuta esp\u00eda Milady de Winter se embarcan en emocionantes peripecias, amores y enga\u00f1os en esta apasionante trama de espadachines, con<strong> Vincent Cassel<\/strong>, Eva Green, Romain Duris, Pio Marma\u00ef y Fran\u00e7ois Civil como protagonistas. Uno de los pr\u00f3ximos estrenos de Movistar Plus+ que no te puedes perder. Aterrizar\u00e1 en la plataforma el viernes <strong>15 de septiembre<\/strong>.<\/p>\n\n\n\n<figure class=\"wp-block-embed is-type-video is-provider-youtube wp-block-embed-youtube wp-embed-aspect-16-9 wp-has-aspect-ratio\"><div class=\"wp-block-embed__wrapper\">\n<div class=\"wp-block-embed__wrapper\"><div class=\"ast-oembed-container \" style=\"height: 100%;\"><iframe loading=\"lazy\" title=\"Los tres mosqueteros: D&#039;Artagnan - Trailer espan\u0303ol\" width=\"1040\" height=\"585\" src=\"https:\/\/www.youtube.com\/embed\/GCRY547CHtE?feature=oembed\" frameborder=\"0\" allow=\"accelerometer; autoplay; clipboard-write; encrypted-media; gyroscope; picture-in-picture; web-share\" referrerpolicy=\"strict-origin-when-cross-origin\" allowfullscreen><\/iframe><\/div><\/div>\n<\/div><\/figure>\n\n\n\n<h3 class=\"wp-block-heading\" class=\"wp-block-heading\" id=\"otros-proximos-estrenos-de-peliculas-en-movistar-plus\"><strong>Otros pr\u00f3ximos estrenos de pel\u00edculas en Movistar Plus+<\/strong><\/h3>\n\n\n\n<p>Pero aqu\u00ed no acaba la cosa, ya que podremos disfrutar de muchos pr\u00f3ximos estrenos m\u00e1s en Movistar Plus+ durante el mes de septiembre. Esta es la programaci\u00f3n completa:<\/p>\n\n\n\n<ul class=\"wp-block-list\"><li><em>Sakra<\/em> (5 de septiembre)<\/li><li><em>Diciembre<\/em> (5 de septiembre)<\/li><li><em>Dialogando con la vida <\/em>(12 de septiembre)<\/li><li><em>La novia de Am\u00e9rica<\/em> (13 de septiembre)<\/li><li><em>Al servicio del Reich<\/em> (19 de septiembre)<\/li><li><em><a href=\"https:\/\/www.fotogramas.es\/peliculas-criticas\/a42683259\/tar-critica-pelicula\/\" target=\"_blank\" rel=\"noreferrer noopener\">T\u00e0r<\/a><\/em> (21 de septiembre)<\/li><li><em>Queso de cabra y t\u00e9 con sal <\/em>(26 de septiembre)<\/li><li><em>Me gustan las pelis<\/em> (26 de septiembre)<\/li><li><em>Los hijos de otros<\/em> (27 de septiembre)<\/li><li><em>The quiet girl<\/em> (28 de septiembre)<\/li><\/ul>\n\n\n\n<h2 class=\"wp-block-heading\" id=\"h-estrenos-pasados-de-movistar-plus\">Estrenos pasados de Movistar Plus+<\/h2>\n\n\n\n<h3 class=\"wp-block-heading\" class=\"wp-block-heading\" id=\"la-mujer-rey\"><strong>&#8216;La mujer rey&#8217;<\/strong><\/h3>\n\n\n\n<p>Inspirada en los hechos reales que sucedieron en el Reino de Dahomey, <strong><em>La mujer rey<\/em><\/strong> sigue la historia de<strong> Nanisca<\/strong>, general de una unidad militar exclusivamente formada por mujeres y de <strong>Nani<\/strong>, una ambiciosa recluta perteneciente a dicha unidad. Cansadas de soportar injusticias, ambas mujeres deciden luchar contra aquellos que mancharon su honor y esclavizaron a su gente.<\/p>\n\n\n\n<p>Como guinda del pastel, nos encontramos con la actuaci\u00f3n protagonista de <strong>Viola Davis<\/strong>, quien confirma ser una de las actrices m\u00e1s en forma de los \u00faltimos a\u00f1os. Su estreno en Movistar Plus+ se produjo el <strong>30 de junio<\/strong>.<\/p>\n\n\n\n<figure class=\"wp-block-embed is-type-video is-provider-youtube wp-block-embed-youtube wp-embed-aspect-16-9 wp-has-aspect-ratio\"><div class=\"wp-block-embed__wrapper\">\n<div class=\"wp-block-embed__wrapper\"><div class=\"ast-oembed-container \" style=\"height: 100%;\"><iframe loading=\"lazy\" title=\"LA MUJER REY. Tr\u00e1iler Oficial en espa\u00f1ol HD. Exclusivamente en cines.\" width=\"1040\" height=\"585\" src=\"https:\/\/www.youtube.com\/embed\/HhGa--oFFkQ?feature=oembed\" frameborder=\"0\" allow=\"accelerometer; autoplay; clipboard-write; encrypted-media; gyroscope; picture-in-picture; web-share\" referrerpolicy=\"strict-origin-when-cross-origin\" allowfullscreen><\/iframe><\/div><\/div>\n<\/div><\/figure>\n\n\n\n<h3 class=\"wp-block-heading\" class=\"wp-block-heading\" id=\"historias-para-no-contar\"><strong>&#8216;Historias para no contar&#8217;<\/strong><\/h3>\n\n\n\n<p>\u00bfQu\u00e9 mejor que una refrescante comedia para amenizar el comienzo del verano? Para eso, en Movistar Plus+ podremos disfrutar de<a href=\"https:\/\/www.filmaffinity.com\/es\/film113115.html\"> <\/a><a href=\"https:\/\/www.filmaffinity.com\/es\/film113115.html\"><strong>Historias para no contar<\/strong><\/a>, la nueva pel\u00edcula del siempre genial <strong>Cesc Gay<\/strong>. En ella veremos una serie de situaciones en las que, sin duda, cualquier espectador se podr\u00e1 reconocer. Pero, sobre todo, en las que nadie querr\u00e1 reconocerse. Y ah\u00ed est\u00e1, de hecho, la magia de est\u00e1 pel\u00edcula.<\/p>\n\n\n\n<p>Como brillante comedia coral que es, en H<em>istoria para no contar<\/em> nos encontramos con un elenco inmejorable. En \u00e9l, veremos a caras tan queridas de nuestro cine como las de Quim Guti\u00e9rrez, Maribel Verd\u00fa, Antonio de la Torre o Alexandra Jim\u00e9nez. Disponible en Movistar Plus+ desde el viernes <strong>2 de junio<\/strong>.<\/p>\n\n\n\n<figure class=\"wp-block-embed is-type-video is-provider-youtube wp-block-embed-youtube wp-embed-aspect-16-9 wp-has-aspect-ratio\"><div class=\"wp-block-embed__wrapper\">\n<div class=\"wp-block-embed__wrapper\"><div class=\"ast-oembed-container \" style=\"height: 100%;\"><iframe loading=\"lazy\" title=\"Historias Para No Contar (2022) Tr\u00e1iler Oficial Espa\u00f1ol\" width=\"1040\" height=\"585\" src=\"https:\/\/www.youtube.com\/embed\/_6v2ZpQQf1Y?feature=oembed\" frameborder=\"0\" allow=\"accelerometer; autoplay; clipboard-write; encrypted-media; gyroscope; picture-in-picture; web-share\" referrerpolicy=\"strict-origin-when-cross-origin\" allowfullscreen><\/iframe><\/div><\/div>\n<\/div><\/figure>\n\n\n\n<h3 class=\"wp-block-heading\" class=\"wp-block-heading\" id=\"animales-fantasticos-los-secretos-de-dumbledore\"><a><\/a><strong>&#8216;Animales fant\u00e1sticos: los secretos de Dumbledore&#8217;<\/strong><\/h3>\n\n\n\n<p>Otro de los pr\u00f3ximos estrenos de cine de Movistar Plus+ que, sin duda, har\u00e1 las delicias de los cin\u00e9filos es el de<a href=\"https:\/\/www.filmaffinity.com\/es\/film761907.html\"> <strong><em>Animales fant\u00e1sticos: los secretos de Dumbledore<\/em><\/strong><\/a>. La \u00faltima entrega de la saga basada en el universo de Harry Potter volveremos a vivir apasionantes y m\u00e1gicas aventuras de la mano de Albus Dumbledore y Newt Scamander, quienes tratar\u00e1n de frenar al mago oscuro Gellert Grindelwald. El film aterriz\u00f3 en Movistar Plus+ el <strong>16 de junio<\/strong>.<\/p>\n\n\n\n<figure class=\"wp-block-embed is-type-video is-provider-youtube wp-block-embed-youtube wp-embed-aspect-16-9 wp-has-aspect-ratio\"><div class=\"wp-block-embed__wrapper\">\n<div class=\"wp-block-embed__wrapper\"><div class=\"ast-oembed-container \" style=\"height: 100%;\"><iframe loading=\"lazy\" title=\"Animales Fant\u00e1sticos: Los Secretos de Dumbledore - Tr\u00e1iler Oficial 2\" width=\"1040\" height=\"585\" src=\"https:\/\/www.youtube.com\/embed\/oImEeiCiYTk?feature=oembed\" frameborder=\"0\" allow=\"accelerometer; autoplay; clipboard-write; encrypted-media; gyroscope; picture-in-picture; web-share\" referrerpolicy=\"strict-origin-when-cross-origin\" allowfullscreen><\/iframe><\/div><\/div>\n<\/div><\/figure>\n\n\n\n<h3 class=\"wp-block-heading\" class=\"wp-block-heading\" id=\"the-whale\"><a><\/a><strong>&#8216;The Whale&#8217;<\/strong><\/h3>\n\n\n\n<p>Sin lugar, a dudas, <em>The Whale<\/em> fue una de las pel\u00edculas que mas dieron de qu\u00e9 hablar durante el a\u00f1o pasado. Nos cuenta la historia de un profesor de ingl\u00e9s con obesidad severa que trata de salvar su relaci\u00f3n con su hija adolescente con el objetivo de alcanzar la redenci\u00f3n. Se trata de un filme desgarrador y que visibiliza con extrema sensibilidad un problema que, por norma general, no solemos ver en las salas de cine.<\/p>\n\n\n\n<p>Esta pel\u00edcula, adem\u00e1s, tambi\u00e9n ha sido el resurgir de Brendan Fraser, quien, por su maravillosa actuaci\u00f3n, termin\u00f3 llev\u00e1ndose el Oscar a mejor actor. Adem\u00e1s, <em>The Whale <\/em>tambi\u00e9n consigui\u00f3 hacerse con otra estatuilla en la categor\u00eda de mejor maquillaje y peluquer\u00eda. La pel\u00edcula est\u00e1 disponible en Movistar Plus+ desde el <strong>26 de mayo<\/strong>.<\/p>\n\n\n\n<p><em>The Whale<\/em>  forma parte de un ciclo especial de pelis de Oscar de Estudio A24. En dicho ciclo, tambi\u00e9n podremos disfrutar de <em>Todo a la vez en todas partes<\/em>, <em>La Inspecci\u00f3n<\/em>, <em>Criatura de Dios<\/em> o <em>Pasando p\u00e1gina<\/em>, entre muchas otras.<\/p>\n\n\n\n<figure class=\"wp-block-embed is-type-video is-provider-youtube wp-block-embed-youtube wp-embed-aspect-16-9 wp-has-aspect-ratio\"><div class=\"wp-block-embed__wrapper\">\n<div class=\"wp-block-embed__wrapper\"><div class=\"ast-oembed-container \" style=\"height: 100%;\"><iframe loading=\"lazy\" title=\"La ballena (The whale) - Trailer final espan\u0303ol\" width=\"1040\" height=\"585\" src=\"https:\/\/www.youtube.com\/embed\/IUezfSnXzEY?feature=oembed\" frameborder=\"0\" allow=\"accelerometer; autoplay; clipboard-write; encrypted-media; gyroscope; picture-in-picture; web-share\" referrerpolicy=\"strict-origin-when-cross-origin\" allowfullscreen><\/iframe><\/div><\/div>\n<\/div><\/figure>\n\n\n\n<h2 class=\"wp-block-heading\" class=\"wp-block-heading\" id=\"series-proximos-estrenos-en-movistar-plus\"><strong>Series: pr\u00f3ximos estrenos en Movistar Plus+<\/strong><\/h2>\n\n\n\n<p>Mientras que si est\u00e1s esperando los <strong>pr\u00f3ximos estrenos en series de Movistar Plus+<\/strong>, este mes te traemos tres ficciones muy esperadas por el p\u00fablico seri\u00e9filo:<\/p>\n\n\n\n<h3 class=\"wp-block-heading\" id=\"h-el-mundo-en-llamas-temporada-2\"><strong>&#8216;El mundo en llamas&#8217; (temporada 2)<\/strong><\/h3>\n\n\n\n<p><br>Los seis nuevos episodios de <em><strong>El mundo en llamas<\/strong><\/em> nos sumergen en el conflicto reci\u00e9n declarado, comenzando con el bombardeo rel\u00e1mpago que tuvo lugar entre 1940 y 1941, cuando los nazis atacaron tanto objetivos industriales como civiles en Londres. Este periodo marca la llegada de la faceta m\u00e1s despiadada de la guerra a las calles brit\u00e1nicas, afectando a toda la poblaci\u00f3n. La situaci\u00f3n cambia dr\u00e1sticamente cuando el norte de \u00c1frica se convierte en el otro gran frente de batalla para las tropas brit\u00e1nicas en octubre de 1940. La Segunda Guerra Mundial se hace palpable en Gran Breta\u00f1a. Los pilotos de la Real Fuerza A\u00e9rea brit\u00e1nica, incluyendo a Harry, son enviados a interceptar y destruir los bombarderos alemanes que sobrevuelan los cielos de Manchester, mientras en tierra se inician operaciones de rescate para ayudar a los civiles afectados por los ataques. Se trata de uno de los pr\u00f3ximos estrenos de series m\u00e1s esperados de <strong>Movistar Plus+<\/strong> y su desembarco en la plataforma se producir\u00e1 el <strong>18 de septiembre<\/strong>.<\/p>\n\n\n\n<figure class=\"wp-block-embed is-type-video is-provider-youtube wp-block-embed-youtube wp-embed-aspect-16-9 wp-has-aspect-ratio\"><div class=\"wp-block-embed__wrapper\">\n<div class=\"wp-block-embed__wrapper\"><div class=\"ast-oembed-container \" style=\"height: 100%;\"><iframe loading=\"lazy\" title=\"World on Fire: Season 2 Trailer\" width=\"1040\" height=\"585\" src=\"https:\/\/www.youtube.com\/embed\/MW6FXr5I8V4?feature=oembed\" frameborder=\"0\" allow=\"accelerometer; autoplay; clipboard-write; encrypted-media; gyroscope; picture-in-picture; web-share\" referrerpolicy=\"strict-origin-when-cross-origin\" allowfullscreen><\/iframe><\/div><\/div>\n<\/div><\/figure>\n\n\n\n<h3 class=\"wp-block-heading\" id=\"h-golpe-de-reves-otrro-de-los-proximos-estrenos-con-mas-hype\"><strong>&#8216;Golpe de rev\u00e9s&#8217;, otrro de los pr\u00f3ximos estrenos con m\u00e1s <em>hype<\/em><\/strong><\/h3>\n\n\n\n<p>Este drama, con un toque de suspense, gira en torno a <strong>Aidan Turner<\/strong>, quien interpreta a un entrenador de tenis acusado de abusos sexuales. La prometedora carrera de Justine Pearce, una talentosa tenista de \u00e9lite, se desmorona debido a una lesi\u00f3n, lo que tambi\u00e9n afecta a su estrecha relaci\u00f3n de confianza con su entrenador, Glenn Lapthorn, una relaci\u00f3n que ya ten\u00eda l\u00edmites ambiguos. Cinco a\u00f1os despu\u00e9s, Justine se encuentra fuera de las competencias y Glenn ha tomado bajo su ala a otra joven promesa. Cuando se vuelven a encontrar en un evento y motivada por diversas circunstancias, Justine decide denunciar a Glenn por abusos sexuales. Llegar\u00e1 a Movistar Plus+el <strong>24 de septiembre<\/strong>.<\/p>\n\n\n\n<figure class=\"wp-block-embed is-type-video is-provider-youtube wp-block-embed-youtube wp-embed-aspect-16-9 wp-has-aspect-ratio\"><div class=\"wp-block-embed__wrapper\">\n<div class=\"wp-block-embed__wrapper\"><div class=\"ast-oembed-container \" style=\"height: 100%;\"><iframe loading=\"lazy\" title=\"Fifteen-Love | Official Trailer | Prime Video\" width=\"1040\" height=\"585\" src=\"https:\/\/www.youtube.com\/embed\/MykuvVwtXtQ?start=23&#038;feature=oembed\" frameborder=\"0\" allow=\"accelerometer; autoplay; clipboard-write; encrypted-media; gyroscope; picture-in-picture; web-share\" referrerpolicy=\"strict-origin-when-cross-origin\" allowfullscreen><\/iframe><\/div><\/div>\n<\/div><\/figure>\n\n\n\n<h2 class=\"wp-block-heading\" id=\"h-estrenos-de-series-mas-relevantes-de-los-ultimos-meses\"><strong>Estrenos de series m\u00e1s relevantes de los \u00faltimos meses<\/strong><\/h2>\n\n\n\n<h3 class=\"wp-block-heading\" class=\"wp-block-heading\" id=\"rapa\"><strong>&#8216;Rapa&#8217;<\/strong><\/h3>\n\n\n\n<p>No cabe duda de que la primera temporada de<a href=\"https:\/\/rapa.movistarplus.es\/\"> <strong><em>Rapa<\/em><\/strong><\/a> nos dej\u00f3 a todos con un gran sabor de boca. Ahora llega el momento de recibir a su esperada segunda temporada, disponible en Movistar Plus+ desde el <strong>15 de junio<\/strong>. Una vez m\u00e1s, volveremos a ver Maite (M\u00f3nica L\u00f3pez) y a Tom\u00e1s (Javier C\u00e1mara), tratando de resolver dos casos que conseguir\u00e1n unirlos de nuevo. \u00c9l, tratar\u00e1 de resolver un asesinato que est\u00e1 a punto de prescribir despu\u00e9s de 20 a\u00f1os. Ella, por su parte, investigar\u00e1 la extra\u00f1a desaparici\u00f3n de un oficial de la Armada. <\/p>\n\n\n\n<p>En su estreno, los actores nos cuentan en primera persona qui\u00e9n es m\u00e1s probable que cometa algunas situaciones embarazosas del d\u00eda a d\u00eda con nuestro divertido cuestionario &#8216;<strong>\u00bfQui\u00e9n es m\u00e1s sospechoso de&#8230;?<\/strong>&#8216;. <\/p>\n\n\n\n<figure class=\"wp-block-video wp-block-embed is-type-video is-provider-videopress\"><div class=\"wp-block-embed__wrapper\" style=\"max-width:427px;margin:auto\">\n<div class=\"wp-block-embed__wrapper\"><div class=\"ast-oembed-container \" style=\"height: 100%;\"><iframe title=\"VideoPress Video Player\" aria-label='VideoPress Video Player' width='562' height='1000' src='https:\/\/videopress.com\/embed\/N057GkZv?cover=1&amp;preloadContent=metadata&amp;useAverageColor=1&amp;hd=0' frameborder='0' allowfullscreen data-resize-to-parent=\"true\" allow='clipboard-write'><\/iframe><script src='https:\/\/v0.wordpress.com\/js\/next\/videopress-iframe.js?m=1770107250'><\/script><\/div><\/div>\n<\/div><\/figure>\n\n\n\n<h3 class=\"wp-block-heading\" class=\"wp-block-heading\" id=\"outlander\"><a><\/a><strong>&#8216;Outlander&#8217;<\/strong><\/h3>\n\n\n\n<p>Cuando llega la temporada final de una de nuestras series favoritas, es normal sentir una mezcla de alegr\u00eda, por saber c\u00f3mo terminar, y de dolor, por tener que decirle adi\u00f3s. Eso es, precisamente, lo que nos ocurre con<a href=\"https:\/\/www.sensacine.com\/series\/serie-11266\/criticas\/\"> <strong><em>Outlander<\/em><\/strong><\/a>, la cual llega a su final despu\u00e9s del estreno de su s\u00e9ptima y <a href=\"https:\/\/www.movistar.es\/blog\/movistar-plus\/temporada-7-outlander-movistar-plus\/\" target=\"_blank\" rel=\"noreferrer noopener\">\u00faltima temporada<\/a>.<\/p>\n\n\n\n<p>La gran historia protagonizada por Claire y Jamie, basada en los libros de Diana Gabaldon, se despidi\u00f3 por todo lo alto a partir del <strong>17 de junio<\/strong>, fecha en la que se estren\u00f3 en Movistar Plus+.<\/p>\n\n\n\n<figure class=\"wp-block-embed is-type-video is-provider-youtube wp-block-embed-youtube wp-embed-aspect-16-9 wp-has-aspect-ratio\"><div class=\"wp-block-embed__wrapper\">\n<div class=\"wp-block-embed__wrapper\"><div class=\"ast-oembed-container \" style=\"height: 100%;\"><iframe loading=\"lazy\" title=\"Outlander | Season 7 Official Trailer | STARZ\" width=\"1040\" height=\"585\" src=\"https:\/\/www.youtube.com\/embed\/gxurD9SYbog?feature=oembed\" frameborder=\"0\" allow=\"accelerometer; autoplay; clipboard-write; encrypted-media; gyroscope; picture-in-picture; web-share\" referrerpolicy=\"strict-origin-when-cross-origin\" allowfullscreen><\/iframe><\/div><\/div>\n<\/div><\/figure>\n\n\n\n<h3 class=\"wp-block-heading\" class=\"wp-block-heading\" id=\"la-unidad-kabul-uno-de-los-estrenos-movistar-mas-destacados-de-los-ultimos-meses\"><strong>&#8216;La Unidad Kabul&#8217;: uno de los estrenos Movistar m\u00e1s destacados de los \u00faltimos meses<\/strong><\/h3>\n\n\n\n<p>Otra serie que estren\u00f3 nueva temporada en Movistar Plus+, concretamente la tercera, fue <strong><em>La Unidad<\/em><\/strong>. En una nueva misi\u00f3n, los miembros de La Unidad se encuentran en Afganist\u00e1n, concretamente en Kabul, unos d\u00edas antes de que la ciudad sea tomada por los talibanes. Su objetivo ser\u00e1 conseguir informaci\u00f3n acerca de un posible atentado en Europa, pero la situaci\u00f3n se complicar\u00e1 despu\u00e9s de verse envueltos en una serie de conflictos en la Afganist\u00e1n.<\/p>\n\n\n\n<p>Su estreno se produjo el pasado <strong>18 de mayo <\/strong>y, como siempre, est\u00e1 recibiendo aplausos por parte de la cr\u00edtica y del p\u00fablico. Sin duda, una de las series m\u00e1s esperadas de Movistar Plus+.<\/p>\n\n\n\n<figure class=\"wp-block-embed is-type-video is-provider-youtube wp-block-embed-youtube wp-embed-aspect-16-9 wp-has-aspect-ratio\"><div class=\"wp-block-embed__wrapper\">\n<div class=\"wp-block-embed__wrapper\"><div class=\"ast-oembed-container \" style=\"height: 100%;\"><iframe loading=\"lazy\" title=\"La Unidad Kabul: Tr\u00e1iler Oficial | Movistar Plus+\" width=\"1040\" height=\"585\" src=\"https:\/\/www.youtube.com\/embed\/T4FK4JdsHt0?feature=oembed\" frameborder=\"0\" allow=\"accelerometer; autoplay; clipboard-write; encrypted-media; gyroscope; picture-in-picture; web-share\" referrerpolicy=\"strict-origin-when-cross-origin\" allowfullscreen><\/iframe><\/div><\/div>\n<\/div><\/figure>\n\n\n\n<h2 class=\"wp-block-heading\" class=\"wp-block-heading\" id=\"proximos-estrenos-de-documentales-movistar-plus-en-septiembre\"><strong>Pr\u00f3ximos estrenos de documentales Movistar Plus+ en septiembre<\/strong><\/h2>\n\n\n\n<h3 class=\"wp-block-heading\" id=\"h-bose-renacido-uno-de-los-proximos-estrenos-que-no-te-puedes-perder\"><strong>&#8216;Bos\u00e9 renacido&#8217;, uno de los pr\u00f3ximos estrenos que no te puedes perder<\/strong><\/h3>\n\n\n\n<p class=\"wp-embed-aspect-16-9 wp-has-aspect-ratio\">Aunque todos creen conocer su historia, <strong>Miguel Bos\u00e9 <\/strong>nunca la hab\u00eda compartido antes. Desde su nacimiento, Miguel Bos\u00e9 vivi\u00f3 bajo los reflectores y rodeado de la fama, siendo objeto de deseo, amor, envidia y cr\u00edticas tanto de la prensa como del p\u00fablico. Desde el principio, estaba destinado a desafiar las convenciones, construyendo una carrera llena de triunfos. <\/p>\n\n\n\n<p class=\"wp-embed-aspect-16-9 wp-has-aspect-ratio\">Sin embargo, en <em>Bos\u00e9 Renacido<\/em>, finalmente se muestra en su totalidad como nunca antes lo hab\u00eda hecho. Da voz a los momentos m\u00e1s cruciales, as\u00ed como a los m\u00e1s desafiantes, de una historia verdaderamente extraordinaria. A lo largo de una vida fascinante llena de altibajos, Bos\u00e9 siempre encuentra la manera de renacer. Uno de los pr\u00f3ximos estrenos de documentales m\u00e1s intrigantes de Movistar Plus+, que llegar\u00e1 a la plataforma el <strong>5 de septiembre<\/strong>.<\/p>\n\n\n\n<figure class=\"wp-block-embed is-type-video is-provider-youtube wp-block-embed-youtube wp-embed-aspect-16-9 wp-has-aspect-ratio\"><div class=\"wp-block-embed__wrapper\">\n<div class=\"wp-block-embed__wrapper\"><div class=\"ast-oembed-container \" style=\"height: 100%;\"><iframe loading=\"lazy\" title=\"Bos\u00e9 Renacido: Tr\u00e1iler Oficial | Movistar Plus+\" width=\"1040\" height=\"585\" src=\"https:\/\/www.youtube.com\/embed\/pLvUvXsSE94?start=3&#038;feature=oembed\" frameborder=\"0\" allow=\"accelerometer; autoplay; clipboard-write; encrypted-media; gyroscope; picture-in-picture; web-share\" referrerpolicy=\"strict-origin-when-cross-origin\" allowfullscreen><\/iframe><\/div><\/div>\n<\/div><\/figure>\n\n\n\n<h3 class=\"wp-block-heading\" id=\"h-isabel-ii-una-vida-en-fotos\"><strong>&#8216;Isabel II: una vida en fotos&#8217;<\/strong><\/h3>\n\n\n\n<p>El de <em><strong>Isabel II: una vida en fotos<\/strong><\/em> es otro de los pr\u00f3ximos estrenos de Movistar Plus+ que m\u00e1s expectaci\u00f3n genera. Esta miniserie documental de dos cap\u00edtulos logra un acceso exclusivo a un archivo de fotograf\u00edas de la reina Isabel II, arrojando as\u00ed luz sobre su vida. Proporciona una perspectiva inigualable de los primeros a\u00f1os de la monarca, los cuales moldearon su personalidad y la llevaron a convertirse en la gran soberana que lleg\u00f3 a ser. Se estrenar\u00e1 en Movistar Plus+ el <strong>5 de septiembre<\/strong>.<\/p>\n\n\n\n<h3 class=\"wp-block-heading\" id=\"h-bbc-earth\"><strong>&#8216;BBC Earth&#8217;<\/strong><\/h3>\n\n\n\n<p><em><strong>BBC Earth<\/strong><\/em> es una cautivadora cr\u00f3nica de la historia de nuestro planeta, un recorrido a trav\u00e9s de los cuatro mil millones de a\u00f1os que han dado forma a nuestro hogar. Desde los primeros momentos en que las primeras gotas de lluvia transformaron a la Tierra en un mundo cubierto de agua, hasta la aparici\u00f3n de sus habitantes m\u00e1s extraordinarios: la humanidad. Su desembarco en Movistar Plus+ se producir\u00e1 el <strong>5 de septiembre<\/strong>.<\/p>\n\n\n\n<figure class=\"wp-block-embed is-type-video is-provider-youtube wp-block-embed-youtube wp-embed-aspect-16-9 wp-has-aspect-ratio\"><div class=\"wp-block-embed__wrapper\">\n<div class=\"wp-block-embed__wrapper\"><div class=\"ast-oembed-container \" style=\"height: 100%;\"><iframe loading=\"lazy\" title=\"Earth | Trailer - BBC\" width=\"1040\" height=\"585\" src=\"https:\/\/www.youtube.com\/embed\/3tDJGKBwp_4?feature=oembed\" frameborder=\"0\" allow=\"accelerometer; autoplay; clipboard-write; encrypted-media; gyroscope; picture-in-picture; web-share\" referrerpolicy=\"strict-origin-when-cross-origin\" allowfullscreen><\/iframe><\/div><\/div>\n<\/div><\/figure>\n\n\n\n<h3 class=\"wp-block-heading\" id=\"h-wagner-el-ascenso-de-los-mercenarios\"><strong>&#8216;Wagner: el ascenso de los mercenarios&#8217;<\/strong><\/h3>\n\n\n\n<p><strong><em>Wagner: el ascenso de los mercenarios<\/em><\/strong> es un emocionante thriller documental que sigue a un equipo de periodistas rusos, con la colaboraci\u00f3n de investigadores internacionales, en su b\u00fasqueda de la verdad detr\u00e1s de las muertes de civiles en Siria y Centro\u00e1frica. Durante esta peligrosa misi\u00f3n, se adentran en la sombr\u00eda milicia clandestina vinculada al Kremlin, conocida como el grupo Wagner, responsables de operaciones externas nefastas. La narraci\u00f3n sigue el rastro del ascenso de esta fuerza paramilitar y de su influyente l\u00edder, Yevgueni Prigozhin, quien falleci\u00f3 en agosto de 2023 en un misterioso accidente a\u00e9reo despu\u00e9s de liderar una rebeli\u00f3n contra el Kremlin algunos meses antes. Su llegada a Movistar Plus+ ser\u00e1 el <strong>12 de septiembre<\/strong>.<\/p>\n\n\n\n<h2 class=\"wp-block-heading\" class=\"wp-block-heading\" id=\"otros-proximos-estrenos-de-documentales-en-movistar-plus\"><strong>Otros pr\u00f3ximos estrenos de documentales en Movistar Plus+<\/strong><\/h2>\n\n\n\n<ul class=\"wp-block-list\"><li><em>Bonnie: la cazatalentos de Hollywood <\/em>(2 de septiembre)<\/li><li><em>11S: El d\u00eda que cambi\u00f3 el mundo <\/em>(10 de septiembre)<\/li><li><em>80 a\u00f1os de la Mostra de Venecia <\/em>(10 de septiembre)<\/li><li><em>BBC Earth:<\/em> <em>Planeta en peligro II <\/em>(17 de septiembre)<\/li><li><em>La vida secreta de las mascotas <\/em>(17 de septiembre)<\/li><li><em>La gran aventura de David Attenborough <\/em>(17 de septiembre)<\/li><li><em>Reinas del Antiguo Egipto <\/em>(20 de septiembre)<\/li><li><em>Vetusta Morla. Bailando hasta el apag\u00f3n<\/em> (22 de septiembre)<\/li><li><em>El poder del dinero con Brian Cox <\/em>(23 de septiembre)<\/li><li><em>Cleopatra: el misterio de la mano momificada<\/em> (27 de septiembre)<\/li><li><em>Kathryn Bigelow: Hollywood en acci\u00f3n<\/em> (28 de septiembre)<\/li><li><em>Pussy Riot: en lucha contra Putin <\/em>(28 de septiembre)<\/li><li><em>De 0 a infinito: la revoluci\u00f3n de las matem\u00e1ticas<\/em> (30 de septiembre)<\/li><li><em>40 a\u00f1os sin ABBA<\/em> (30 de septiembre)<\/li><li><em>Venus y Serena: revoluci\u00f3n en la pista<\/em> (pendiente de fecha)<\/li><\/ul>\n\n\n\n<h2 class=\"wp-block-heading\" id=\"h-estrenos-pasados-de-documentales-en-movistar-plus\"><strong>Estrenos pasados de documentales en Movistar Plus+<\/strong><\/h2>\n\n\n\n<h3 class=\"wp-block-heading\" class=\"wp-block-heading\" id=\"narcas\"><a><\/a><strong>&#8216;Narcas&#8217;<\/strong><\/h3>\n\n\n\n<p>Esta producci\u00f3n de tres episodios, nos adentrar\u00e1 en el mundo del narcotr\u00e1fico de nuestro pa\u00eds desde el punto de vista de diferentes mujeres. Un retrato crudo y muy duro de una realidad que, aunque muchas veces no la veamos, siempre est\u00e1 ah\u00ed. Puedes disfrutarlo en Movistar Plus+ desde el pasado d\u00eda <strong>19 de junio<\/strong>.<\/p>\n\n\n\n<figure class=\"wp-block-embed is-type-video is-provider-youtube wp-block-embed-youtube wp-embed-aspect-16-9 wp-has-aspect-ratio\"><div class=\"wp-block-embed__wrapper\">\n<div class=\"wp-block-embed__wrapper\"><div class=\"ast-oembed-container \" style=\"height: 100%;\"><iframe loading=\"lazy\" title=\"Narcas. Video promocional\" width=\"1040\" height=\"585\" src=\"https:\/\/www.youtube.com\/embed\/muAXFwA9-GM?feature=oembed\" frameborder=\"0\" allow=\"accelerometer; autoplay; clipboard-write; encrypted-media; gyroscope; picture-in-picture; web-share\" referrerpolicy=\"strict-origin-when-cross-origin\" allowfullscreen><\/iframe><\/div><\/div>\n<\/div><\/figure>\n\n\n\n<h3 class=\"wp-block-heading\" class=\"wp-block-heading\" id=\"zero-la-revista-que-saco-del-armario-a-un-pais\"><a><\/a><strong>&#8216;Zero, la revista que sac\u00f3 del armario a un pa\u00eds&#8217;<\/strong><\/h3>\n\n\n\n<p>25 a\u00f1os despu\u00e9s de su nacimiento, Movistar Plus+ estrena un documental de dos episodios centrado en la emblem\u00e1tica<a href=\"https:\/\/es.wikipedia.org\/wiki\/Zero_(revista)\"> revista Zero<\/a>. En \u00e9l, se repasa c\u00f3mo, a trav\u00e9s de sus p\u00e1ginas, se luch\u00f3 para conseguir m\u00e1s derechos fundamentales para el colectivo LGTBI+. Contar\u00e1, adem\u00e1s, con la voz de algunos de los protagonistas de sus portadas m\u00e1s famosas, como Jes\u00fas V\u00e1zquez, Boris Izaguirre o Anabel Alonso. Disponible desde el <strong>28 de junio<\/strong>.<\/p>\n\n\n\n<figure class=\"wp-block-embed is-type-video is-provider-youtube wp-block-embed-youtube wp-embed-aspect-16-9 wp-has-aspect-ratio\"><div class=\"wp-block-embed__wrapper\">\n<div class=\"wp-block-embed__wrapper\"><div class=\"ast-oembed-container \" style=\"height: 100%;\"><iframe loading=\"lazy\" title=\"Zero, la revista que sac\u00f3 del armario a un pa\u00eds. Tr\u00e1iler\" width=\"1040\" height=\"585\" src=\"https:\/\/www.youtube.com\/embed\/eyLq6lxudeY?feature=oembed\" frameborder=\"0\" allow=\"accelerometer; autoplay; clipboard-write; encrypted-media; gyroscope; picture-in-picture; web-share\" referrerpolicy=\"strict-origin-when-cross-origin\" allowfullscreen><\/iframe><\/div><\/div>\n<\/div><\/figure>\n\n\n\n<h3 class=\"wp-block-heading\" class=\"wp-block-heading\" id=\"supergarcia\"><a><\/a><strong>&#8216;Supergarc\u00eda&#8217;<\/strong><\/h3>\n\n\n\n<p>En lo que respecta a documentales,<strong> <em>Supergarc\u00eda <\/em><\/strong>fue uno de los estrenos m\u00e1s interesantes del pasado mes en Movistar Plus+. Esta serie documental de 3 episodios que lleg\u00f3 a la plataforma el <strong>29 de mayo<\/strong>, repasa la legendaria trayectoria de Jos\u00e9 Mar\u00eda Garc\u00eda, uno de nuestros periodistas m\u00e1s emblem\u00e1ticos. Y lo hace, c\u00f3mo no, a trav\u00e9s de la voz y la mirada de su protagonista. Absolutamente imperdible.<\/p>\n\n\n\n<figure class=\"wp-block-embed is-type-video is-provider-youtube wp-block-embed-youtube wp-embed-aspect-16-9 wp-has-aspect-ratio\"><div class=\"wp-block-embed__wrapper\">\n<div class=\"wp-block-embed__wrapper\"><div class=\"ast-oembed-container \" style=\"height: 100%;\"><iframe loading=\"lazy\" title=\"SUPERGARCIA | DOCUSERIE TRAILER ESPA\u00d1OL | 29 Mayo MOVISTAR PLUS+\" width=\"1040\" height=\"585\" src=\"https:\/\/www.youtube.com\/embed\/pxTJfHSJCBU?feature=oembed\" frameborder=\"0\" allow=\"accelerometer; autoplay; clipboard-write; encrypted-media; gyroscope; picture-in-picture; web-share\" referrerpolicy=\"strict-origin-when-cross-origin\" allowfullscreen><\/iframe><\/div><\/div>\n<\/div><\/figure>\n\n\n\n<h2 class=\"wp-block-heading\" class=\"wp-block-heading\" id=\"descubre-todo-el-contenido-de-movistar-plus-no-te-pierdas-los-proximos-estrenos\"><strong>Descubre todo el contenido de Movistar Plus+<\/strong>: <strong>no te pierdas los pr\u00f3ximos estrenos<\/strong><\/h2>\n\n\n\n<p>El cat\u00e1logo de cine de Movistar Plus+ es muy amplio. Para que te resulte m\u00e1s c\u00f3modo encontrar el t\u00edtulo que buscas hay varias categor\u00edas: Acci\u00f3n, Superpel\u00edculas, Estrenos, Reci\u00e9n salidas de las salas de cine, Recomendadas para ti (seg\u00fan tu hist\u00f3rico y preferencias), etc. Actualmente, las pel\u00edculas con 4K no est\u00e1n en una misma categor\u00eda en el men\u00fa de cine de Movistar Plus+, aunque <strong>si escribes la palabra \u201cUHD\u201d en el buscador te aparecer\u00e1n todas<\/strong>.<\/p>\n\n\n\n<p>As\u00ed, encontramos t\u00edtulos tan conocidos como la ganadora de la mejor interpretaci\u00f3n (Brendan Fraser) en los Premios Oscar, <strong><em>The Whale<\/em><\/strong> (2022), una de las grandes revelaciones de estos galardones, <strong><em>El tri\u00e1ngulo de la tristeza <\/em><\/strong>(2022), o la \u00faltima cinta de<a href=\"https:\/\/blogthinkbig.com\/tarantino-peliculas-movistar\"> <\/a><a href=\"https:\/\/www.movistar.es\/blog\/movistar-plus\/tarantino-peliculas-movistar\/r\" target=\"_blank\" rel=\"noreferrer noopener\">Tarantino<\/a>, hasta ahora, <strong><em>\u00c9rase una vez en Hollywood<\/em><\/strong> (2019). Una buena sesi\u00f3n de las m\u00e1s grandes y alabadas por la cr\u00edtica internacional.<\/p>\n\n\n\n<h2 class=\"wp-block-heading\" class=\"wp-block-heading\" id=\"consulta-la-programacion-de-los-proximos-estrenos-de-movistar-plus-a-traves-de-la-voz\"><strong>Consulta la programaci\u00f3n de los pr\u00f3ximos estrenos de Movistar Plus+ a trav\u00e9s de la voz<\/strong><\/h2>\n\n\n\n<p>\u00bfTienes en casa el<a href=\"https:\/\/blogthinkbig.com\/descubre-como-sacar-el-maximo-partido-de-movistar-con-el-nuevo-mando-vocal\"> Mando Vocal de Movistar Plus+<\/a> o el<a href=\"https:\/\/blogthinkbig.com\/app-movistar-plus-para-smart-tv\"> dispositivo<\/a><a href=\"https:\/\/blogthinkbig.com\/movistar-home\"> Movistar Home<\/a>? En ese caso, gracias a la integraci\u00f3n de<a href=\"https:\/\/www.movistar.es\/particulares\/Aura\/\"> Aura, el asistente virtual de Movistar<\/a>, puedes pedir con la voz recomendaciones sobre t\u00edtulos, directores, g\u00e9neros o actores.<\/p>\n\n\n\n<ul class=\"wp-block-list\"><li>Con Movistar Home: Tan solo tienes que decir el comando de voz \u201cOk Aura\u201d y lo que quieras saber. Por ejemplo: \u201c<strong><em>OK Aura, busca pel\u00edculas de Woody Allen<\/em><\/strong>\u201d, \u201c<strong><em>OK Aura, recomi\u00e9ndame algo<\/em><\/strong>\u201d o por ejemplo, \u201c<strong><em>OK Aura, b\u00fascame los \u00faltimos estrenos<\/em><\/strong>\u201d.<\/li><li>Con el Mando Vocal de Movistar Plus+: Pulsa el bot\u00f3n \u201cAura\u201d y di directamente lo que busques: \u201c<strong><em>Quiero ver la pel\u00edcula Mientras dure la guerra<\/em><\/strong>\u201d (si buscar por t\u00edtulo), \u201c<strong><em>Quiero ver los \u00faltimos estrenos de cine<\/em><\/strong>\u201d (si buscas por novedad), o \u201c<strong><em>Busca pel\u00edculas de drama de Alejandro Amen\u00e1bar<\/em><\/strong>\u201d (si quieres buscar por g\u00e9nero y director).<a href=\"https:\/\/blogthinkbig.com\/version-original-mando-vocal-movistar\"> En este enlace<\/a> puedes encontrar algunos consejos para sacarle el m\u00e1ximo partido a tu mando vocal.<\/li><\/ul>\n","protected":false},"excerpt":{"rendered":"<p>Si recientemente nos encontramos con grandes estrenos en Movistar Plus+ como The Whale, La Unidad Kabul o Supergarc\u00eda, en septiembre, la plataforma de contenidos cuenta con unos claros favoritos: Los Fabelman, Elvis y Momias, entre [&hellip;]<\/p>\n","protected":false},"author":93,"featured_media":16942,"comment_status":"closed","ping_status":"closed","sticky":false,"template":"","format":"standard","meta":{"site-sidebar-layout":"default","site-content-layout":"","ast-site-content-layout":"","site-content-style":"default","site-sidebar-style":"default","ast-global-header-display":"","ast-banner-title-visibility":"","ast-main-header-display":"","ast-hfb-above-header-display":"","ast-hfb-below-header-display":"","ast-hfb-mobile-header-display":"","site-post-title":"","ast-breadcrumbs-content":"","ast-featured-img":"","footer-sml-layout":"","theme-transparent-header-meta":"","adv-header-id-meta":"","stick-header-meta":"","header-above-stick-meta":"","header-main-stick-meta":"","header-below-stick-meta":"","astra-migrate-meta-layouts":"default","ast-page-background-enabled":"default","ast-page-background-meta":{"desktop":{"background-color":"var(--ast-global-color-4)","background-image":"","background-repeat":"repeat","background-position":"center center","background-size":"auto","background-attachment":"scroll","background-type":"","background-media":"","overlay-type":"","overlay-color":"","overlay-opacity":"","overlay-gradient":""},"tablet":{"background-color":"","background-image":"","background-repeat":"repeat","background-position":"center center","background-size":"auto","background-attachment":"scroll","background-type":"","background-media":"","overlay-type":"","overlay-color":"","overlay-opacity":"","overlay-gradient":""},"mobile":{"background-color":"","background-image":"","background-repeat":"repeat","background-position":"center center","background-size":"auto","background-attachment":"scroll","background-type":"","background-media":"","overlay-type":"","overlay-color":"","overlay-opacity":"","overlay-gradient":""}},"ast-content-background-meta":{"desktop":{"background-color":"var(--ast-global-color-5)","background-image":"","background-repeat":"repeat","background-position":"center center","background-size":"auto","background-attachment":"scroll","background-type":"","background-media":"","overlay-type":"","overlay-color":"","overlay-opacity":"","overlay-gradient":""},"tablet":{"background-color":"var(--ast-global-color-5)","background-image":"","background-repeat":"repeat","background-position":"center center","background-size":"auto","background-attachment":"scroll","background-type":"","background-media":"","overlay-type":"","overlay-color":"","overlay-opacity":"","overlay-gradient":""},"mobile":{"background-color":"var(--ast-global-color-5)","background-image":"","background-repeat":"repeat","background-position":"center center","background-size":"auto","background-attachment":"scroll","background-type":"","background-media":"","overlay-type":"","overlay-color":"","overlay-opacity":"","overlay-gradient":""}},"_jetpack_memberships_contains_paid_content":false,"footnotes":""},"categories":[1],"tags":[],"area":[427],"cluster":[45],"linea_editorial":[],"coauthors":[467],"class_list":["post-13765","post","type-post","status-publish","format-standard","has-post-thumbnail","hentry","category-sin-categoria","area-gametv","cluster-movistar-plus"],"yoast_head":"<!-- This site is optimized with the Yoast SEO Premium plugin v25.5 (Yoast SEO v25.5) - https:\/\/yoast.com\/wordpress\/plugins\/seo\/ -->\n<title>Los pr\u00f3ximos estrenos m\u00e1s esperados de Movistar Plus+<\/title>\n<meta name=\"description\" content=\"Te contamos cu\u00e1les son los pr\u00f3ximos estrenos m\u00e1s esperados de Movistar Plus+ que llegan a la plataforma en junio.\" \/>\n<meta name=\"robots\" content=\"index, follow, max-snippet:-1, max-image-preview:large, max-video-preview:-1\" \/>\n<link rel=\"canonical\" href=\"https:\/\/www.movistar.es\/blog\/movistar-plus\/proximos-estrenos-mas-esperados\/\" \/>\n<meta property=\"og:locale\" content=\"es_ES\" \/>\n<meta property=\"og:type\" content=\"article\" \/>\n<meta property=\"og:title\" content=\"Los pr\u00f3ximos estrenos m\u00e1s esperados de Movistar Plus+\" \/>\n<meta property=\"og:description\" content=\"Te contamos cu\u00e1les son los pr\u00f3ximos estrenos m\u00e1s esperados de Movistar Plus+ que llegan a la plataforma en junio.\" \/>\n<meta property=\"og:url\" content=\"https:\/\/www.movistar.es\/blog\/movistar-plus\/proximos-estrenos-mas-esperados\/\" \/>\n<meta property=\"og:site_name\" content=\"Movistar blog\" \/>\n<meta property=\"article:author\" content=\"movistar.es\/\" \/>\n<meta property=\"article:published_time\" content=\"2023-06-02T14:02:16+00:00\" \/>\n<meta property=\"article:modified_time\" content=\"2024-05-29T10:48:32+00:00\" \/>\n<meta property=\"og:image\" content=\"https:\/\/www.movistar.es\/blog\/wp-content\/uploads\/sites\/3\/2023\/06\/fabelmans-spielberg-1663063842.jpg\" \/>\n\t<meta property=\"og:image:width\" content=\"855\" \/>\n\t<meta property=\"og:image:height\" content=\"481\" \/>\n\t<meta property=\"og:image:type\" content=\"image\/jpeg\" \/>\n<meta name=\"author\" content=\"Equipo de Redacci\u00f3n\" \/>\n<meta name=\"twitter:card\" content=\"summary_large_image\" \/>\n<meta name=\"twitter:creator\" content=\"@movistar_es\" \/>\n<meta name=\"twitter:label1\" content=\"Written by\" \/>\n\t<meta name=\"twitter:data1\" content=\"Equipo de Redacci\u00f3n\" \/>\n\t<meta name=\"twitter:label2\" content=\"Est. reading time\" \/>\n\t<meta name=\"twitter:data2\" content=\"15 minutos\" \/>\n<script type=\"application\/ld+json\" class=\"yoast-schema-graph\">{\"@context\":\"https:\/\/schema.org\",\"@graph\":[{\"@type\":\"Article\",\"@id\":\"https:\/\/www.movistar.es\/blog\/movistar-plus\/proximos-estrenos-mas-esperados\/#article\",\"isPartOf\":{\"@id\":\"https:\/\/www.movistar.es\/blog\/movistar-plus\/proximos-estrenos-mas-esperados\/\"},\"author\":{\"name\":\"Equipo de Redacci\u00f3n\",\"@id\":\"https:\/\/www.movistar.es\/blog\/#\/schema\/person\/6184006f5def4638e52e2d0ff98bd55a\"},\"headline\":\"Los pr\u00f3ximos estrenos m\u00e1s esperados de Movistar Plus+\",\"datePublished\":\"2023-06-02T14:02:16+00:00\",\"dateModified\":\"2024-05-29T10:48:32+00:00\",\"mainEntityOfPage\":{\"@id\":\"https:\/\/www.movistar.es\/blog\/movistar-plus\/proximos-estrenos-mas-esperados\/\"},\"wordCount\":3538,\"publisher\":{\"@id\":\"https:\/\/www.movistar.es\/blog\/#organization\"},\"image\":{\"@id\":\"https:\/\/www.movistar.es\/blog\/movistar-plus\/proximos-estrenos-mas-esperados\/#primaryimage\"},\"thumbnailUrl\":\"https:\/\/www.movistar.es\/blog\/wp-content\/uploads\/sites\/3\/2023\/06\/fabelmans-spielberg-1663063842.jpg\",\"inLanguage\":\"es\"},{\"@type\":\"WebPage\",\"@id\":\"https:\/\/www.movistar.es\/blog\/movistar-plus\/proximos-estrenos-mas-esperados\/\",\"url\":\"https:\/\/www.movistar.es\/blog\/movistar-plus\/proximos-estrenos-mas-esperados\/\",\"name\":\"Los pr\u00f3ximos estrenos m\u00e1s esperados de Movistar Plus+\",\"isPartOf\":{\"@id\":\"https:\/\/www.movistar.es\/blog\/#website\"},\"primaryImageOfPage\":{\"@id\":\"https:\/\/www.movistar.es\/blog\/movistar-plus\/proximos-estrenos-mas-esperados\/#primaryimage\"},\"image\":{\"@id\":\"https:\/\/www.movistar.es\/blog\/movistar-plus\/proximos-estrenos-mas-esperados\/#primaryimage\"},\"thumbnailUrl\":\"https:\/\/www.movistar.es\/blog\/wp-content\/uploads\/sites\/3\/2023\/06\/fabelmans-spielberg-1663063842.jpg\",\"datePublished\":\"2023-06-02T14:02:16+00:00\",\"dateModified\":\"2024-05-29T10:48:32+00:00\",\"description\":\"Te contamos cu\u00e1les son los pr\u00f3ximos estrenos m\u00e1s esperados de Movistar Plus+ que llegan a la plataforma en junio.\",\"breadcrumb\":{\"@id\":\"https:\/\/www.movistar.es\/blog\/movistar-plus\/proximos-estrenos-mas-esperados\/#breadcrumb\"},\"inLanguage\":\"es\",\"potentialAction\":[{\"@type\":\"ReadAction\",\"target\":[\"https:\/\/www.movistar.es\/blog\/movistar-plus\/proximos-estrenos-mas-esperados\/\"]}]},{\"@type\":\"ImageObject\",\"inLanguage\":\"es\",\"@id\":\"https:\/\/www.movistar.es\/blog\/movistar-plus\/proximos-estrenos-mas-esperados\/#primaryimage\",\"url\":\"https:\/\/www.movistar.es\/blog\/wp-content\/uploads\/sites\/3\/2023\/06\/fabelmans-spielberg-1663063842.jpg\",\"contentUrl\":\"https:\/\/www.movistar.es\/blog\/wp-content\/uploads\/sites\/3\/2023\/06\/fabelmans-spielberg-1663063842.jpg\",\"width\":855,\"height\":481,\"caption\":\"pr\u00f3ximos estrenos\"},{\"@type\":\"BreadcrumbList\",\"@id\":\"https:\/\/www.movistar.es\/blog\/movistar-plus\/proximos-estrenos-mas-esperados\/#breadcrumb\",\"itemListElement\":[{\"@type\":\"ListItem\",\"position\":1,\"name\":\"Home\",\"item\":\"https:\/\/www.movistar.es\/blog\/\"},{\"@type\":\"ListItem\",\"position\":2,\"name\":\"Los pr\u00f3ximos estrenos m\u00e1s esperados de Movistar Plus+\"}]},{\"@type\":\"WebSite\",\"@id\":\"https:\/\/www.movistar.es\/blog\/#website\",\"url\":\"https:\/\/www.movistar.es\/blog\/\",\"name\":\"Movistar blog\",\"description\":\"Movistar Blog. Informaci\u00f3n y m\u00e1s sobre los productos y servicios de Movistar\",\"publisher\":{\"@id\":\"https:\/\/www.movistar.es\/blog\/#organization\"},\"potentialAction\":[{\"@type\":\"SearchAction\",\"target\":{\"@type\":\"EntryPoint\",\"urlTemplate\":\"https:\/\/www.movistar.es\/blog\/?s={search_term_string}\"},\"query-input\":{\"@type\":\"PropertyValueSpecification\",\"valueRequired\":true,\"valueName\":\"search_term_string\"}}],\"inLanguage\":\"es\"},{\"@type\":\"Organization\",\"@id\":\"https:\/\/www.movistar.es\/blog\/#organization\",\"name\":\"Movistar blog\",\"url\":\"https:\/\/www.movistar.es\/blog\/\",\"logo\":{\"@type\":\"ImageObject\",\"inLanguage\":\"es\",\"@id\":\"https:\/\/www.movistar.es\/blog\/#\/schema\/logo\/image\/\",\"url\":\"https:\/\/www.movistar.es\/blog\/wp-content\/uploads\/sites\/3\/2022\/05\/logo_movistar-1.svg\",\"contentUrl\":\"https:\/\/www.movistar.es\/blog\/wp-content\/uploads\/sites\/3\/2022\/05\/logo_movistar-1.svg\",\"width\":369,\"height\":272,\"caption\":\"Movistar blog\"},\"image\":{\"@id\":\"https:\/\/www.movistar.es\/blog\/#\/schema\/logo\/image\/\"}},{\"@type\":\"Person\",\"@id\":\"https:\/\/www.movistar.es\/blog\/#\/schema\/person\/6184006f5def4638e52e2d0ff98bd55a\",\"name\":\"Equipo de Redacci\u00f3n\",\"image\":{\"@type\":\"ImageObject\",\"inLanguage\":\"es\",\"@id\":\"https:\/\/www.movistar.es\/blog\/#\/schema\/person\/image\/8dbf7dc767c23aa5f974d575dda930c5\",\"url\":\"https:\/\/secure.gravatar.com\/avatar\/ce5aadad84c2aeb36c9813c46e41a53b0c9cc1d57205e8cde4bdf0ed790b3c97\",\"contentUrl\":\"https:\/\/secure.gravatar.com\/avatar\/ce5aadad84c2aeb36c9813c46e41a53b0c9cc1d57205e8cde4bdf0ed790b3c97\",\"caption\":\"Equipo de Redacci\u00f3n\"},\"description\":\"Buscamos temas de tu inter\u00e9s. Te contamos c\u00f3mo pueden ayudarte en tu d\u00eda a d\u00eda los productos y servicios de Movistar. No queremos venderte nada. Queremos descubrirte cosas para hacerte la vida m\u00e1s f\u00e1cil.\",\"sameAs\":[\"https:\/\/www.movistar.es\/\",\"movistar.es\/\",\"https:\/\/www.instagram.com\/movistar_es\/?hl=es\",\"https:\/\/x.com\/movistar_es\"],\"knowsAbout\":[\"smartphones\",\"conectividad\",\"hogar digital\",\"ciberseguridad\"],\"url\":\"https:\/\/www.movistar.es\/blog\/author\/contentmovistar\/\"}]}<\/script>\n<!-- \/ Yoast SEO Premium plugin. -->","yoast_head_json":{"title":"Los pr\u00f3ximos estrenos m\u00e1s esperados de Movistar Plus+","description":"Te contamos cu\u00e1les son los pr\u00f3ximos estrenos m\u00e1s esperados de Movistar Plus+ que llegan a la plataforma en junio.","robots":{"index":"index","follow":"follow","max-snippet":"max-snippet:-1","max-image-preview":"max-image-preview:large","max-video-preview":"max-video-preview:-1"},"canonical":"https:\/\/www.movistar.es\/blog\/movistar-plus\/proximos-estrenos-mas-esperados\/","og_locale":"es_ES","og_type":"article","og_title":"Los pr\u00f3ximos estrenos m\u00e1s esperados de Movistar Plus+","og_description":"Te contamos cu\u00e1les son los pr\u00f3ximos estrenos m\u00e1s esperados de Movistar Plus+ que llegan a la plataforma en junio.","og_url":"https:\/\/www.movistar.es\/blog\/movistar-plus\/proximos-estrenos-mas-esperados\/","og_site_name":"Movistar blog","article_author":"movistar.es\/","article_published_time":"2023-06-02T14:02:16+00:00","article_modified_time":"2024-05-29T10:48:32+00:00","og_image":[{"width":855,"height":481,"url":"https:\/\/www.movistar.es\/blog\/wp-content\/uploads\/sites\/3\/2023\/06\/fabelmans-spielberg-1663063842.jpg","type":"image\/jpeg"}],"author":"Equipo de Redacci\u00f3n","twitter_card":"summary_large_image","twitter_creator":"@movistar_es","twitter_misc":{"Written by":"Equipo de Redacci\u00f3n","Est. reading time":"15 minutos"},"schema":{"@context":"https:\/\/schema.org","@graph":[{"@type":"Article","@id":"https:\/\/www.movistar.es\/blog\/movistar-plus\/proximos-estrenos-mas-esperados\/#article","isPartOf":{"@id":"https:\/\/www.movistar.es\/blog\/movistar-plus\/proximos-estrenos-mas-esperados\/"},"author":{"name":"Equipo de Redacci\u00f3n","@id":"https:\/\/www.movistar.es\/blog\/#\/schema\/person\/6184006f5def4638e52e2d0ff98bd55a"},"headline":"Los pr\u00f3ximos estrenos m\u00e1s esperados de Movistar Plus+","datePublished":"2023-06-02T14:02:16+00:00","dateModified":"2024-05-29T10:48:32+00:00","mainEntityOfPage":{"@id":"https:\/\/www.movistar.es\/blog\/movistar-plus\/proximos-estrenos-mas-esperados\/"},"wordCount":3538,"publisher":{"@id":"https:\/\/www.movistar.es\/blog\/#organization"},"image":{"@id":"https:\/\/www.movistar.es\/blog\/movistar-plus\/proximos-estrenos-mas-esperados\/#primaryimage"},"thumbnailUrl":"https:\/\/www.movistar.es\/blog\/wp-content\/uploads\/sites\/3\/2023\/06\/fabelmans-spielberg-1663063842.jpg","inLanguage":"es"},{"@type":"WebPage","@id":"https:\/\/www.movistar.es\/blog\/movistar-plus\/proximos-estrenos-mas-esperados\/","url":"https:\/\/www.movistar.es\/blog\/movistar-plus\/proximos-estrenos-mas-esperados\/","name":"Los pr\u00f3ximos estrenos m\u00e1s esperados de Movistar Plus+","isPartOf":{"@id":"https:\/\/www.movistar.es\/blog\/#website"},"primaryImageOfPage":{"@id":"https:\/\/www.movistar.es\/blog\/movistar-plus\/proximos-estrenos-mas-esperados\/#primaryimage"},"image":{"@id":"https:\/\/www.movistar.es\/blog\/movistar-plus\/proximos-estrenos-mas-esperados\/#primaryimage"},"thumbnailUrl":"https:\/\/www.movistar.es\/blog\/wp-content\/uploads\/sites\/3\/2023\/06\/fabelmans-spielberg-1663063842.jpg","datePublished":"2023-06-02T14:02:16+00:00","dateModified":"2024-05-29T10:48:32+00:00","description":"Te contamos cu\u00e1les son los pr\u00f3ximos estrenos m\u00e1s esperados de Movistar Plus+ que llegan a la plataforma en junio.","breadcrumb":{"@id":"https:\/\/www.movistar.es\/blog\/movistar-plus\/proximos-estrenos-mas-esperados\/#breadcrumb"},"inLanguage":"es","potentialAction":[{"@type":"ReadAction","target":["https:\/\/www.movistar.es\/blog\/movistar-plus\/proximos-estrenos-mas-esperados\/"]}]},{"@type":"ImageObject","inLanguage":"es","@id":"https:\/\/www.movistar.es\/blog\/movistar-plus\/proximos-estrenos-mas-esperados\/#primaryimage","url":"https:\/\/www.movistar.es\/blog\/wp-content\/uploads\/sites\/3\/2023\/06\/fabelmans-spielberg-1663063842.jpg","contentUrl":"https:\/\/www.movistar.es\/blog\/wp-content\/uploads\/sites\/3\/2023\/06\/fabelmans-spielberg-1663063842.jpg","width":855,"height":481,"caption":"pr\u00f3ximos estrenos"},{"@type":"BreadcrumbList","@id":"https:\/\/www.movistar.es\/blog\/movistar-plus\/proximos-estrenos-mas-esperados\/#breadcrumb","itemListElement":[{"@type":"ListItem","position":1,"name":"Home","item":"https:\/\/www.movistar.es\/blog\/"},{"@type":"ListItem","position":2,"name":"Los pr\u00f3ximos estrenos m\u00e1s esperados de Movistar Plus+"}]},{"@type":"WebSite","@id":"https:\/\/www.movistar.es\/blog\/#website","url":"https:\/\/www.movistar.es\/blog\/","name":"Movistar blog","description":"Movistar Blog. Informaci\u00f3n y m\u00e1s sobre los productos y servicios de Movistar","publisher":{"@id":"https:\/\/www.movistar.es\/blog\/#organization"},"potentialAction":[{"@type":"SearchAction","target":{"@type":"EntryPoint","urlTemplate":"https:\/\/www.movistar.es\/blog\/?s={search_term_string}"},"query-input":{"@type":"PropertyValueSpecification","valueRequired":true,"valueName":"search_term_string"}}],"inLanguage":"es"},{"@type":"Organization","@id":"https:\/\/www.movistar.es\/blog\/#organization","name":"Movistar blog","url":"https:\/\/www.movistar.es\/blog\/","logo":{"@type":"ImageObject","inLanguage":"es","@id":"https:\/\/www.movistar.es\/blog\/#\/schema\/logo\/image\/","url":"https:\/\/www.movistar.es\/blog\/wp-content\/uploads\/sites\/3\/2022\/05\/logo_movistar-1.svg","contentUrl":"https:\/\/www.movistar.es\/blog\/wp-content\/uploads\/sites\/3\/2022\/05\/logo_movistar-1.svg","width":369,"height":272,"caption":"Movistar blog"},"image":{"@id":"https:\/\/www.movistar.es\/blog\/#\/schema\/logo\/image\/"}},{"@type":"Person","@id":"https:\/\/www.movistar.es\/blog\/#\/schema\/person\/6184006f5def4638e52e2d0ff98bd55a","name":"Equipo de Redacci\u00f3n","image":{"@type":"ImageObject","inLanguage":"es","@id":"https:\/\/www.movistar.es\/blog\/#\/schema\/person\/image\/8dbf7dc767c23aa5f974d575dda930c5","url":"https:\/\/secure.gravatar.com\/avatar\/ce5aadad84c2aeb36c9813c46e41a53b0c9cc1d57205e8cde4bdf0ed790b3c97","contentUrl":"https:\/\/secure.gravatar.com\/avatar\/ce5aadad84c2aeb36c9813c46e41a53b0c9cc1d57205e8cde4bdf0ed790b3c97","caption":"Equipo de Redacci\u00f3n"},"description":"Buscamos temas de tu inter\u00e9s. Te contamos c\u00f3mo pueden ayudarte en tu d\u00eda a d\u00eda los productos y servicios de Movistar. No queremos venderte nada. Queremos descubrirte cosas para hacerte la vida m\u00e1s f\u00e1cil.","sameAs":["https:\/\/www.movistar.es\/","movistar.es\/","https:\/\/www.instagram.com\/movistar_es\/?hl=es","https:\/\/x.com\/movistar_es"],"knowsAbout":["smartphones","conectividad","hogar digital","ciberseguridad"],"url":"https:\/\/www.movistar.es\/blog\/author\/contentmovistar\/"}]}},"jetpack_featured_media_url":"https:\/\/www.movistar.es\/blog\/wp-content\/uploads\/sites\/3\/2023\/06\/fabelmans-spielberg-1663063842.jpg","jetpack_sharing_enabled":true,"_links":{"self":[{"href":"https:\/\/www.movistar.es\/blog\/wp-json\/wp\/v2\/posts\/13765","targetHints":{"allow":["GET"]}}],"collection":[{"href":"https:\/\/www.movistar.es\/blog\/wp-json\/wp\/v2\/posts"}],"about":[{"href":"https:\/\/www.movistar.es\/blog\/wp-json\/wp\/v2\/types\/post"}],"author":[{"embeddable":true,"href":"https:\/\/www.movistar.es\/blog\/wp-json\/wp\/v2\/users\/93"}],"replies":[{"embeddable":true,"href":"https:\/\/www.movistar.es\/blog\/wp-json\/wp\/v2\/comments?post=13765"}],"version-history":[{"count":34,"href":"https:\/\/www.movistar.es\/blog\/wp-json\/wp\/v2\/posts\/13765\/revisions"}],"predecessor-version":[{"id":26304,"href":"https:\/\/www.movistar.es\/blog\/wp-json\/wp\/v2\/posts\/13765\/revisions\/26304"}],"wp:featuredmedia":[{"embeddable":true,"href":"https:\/\/www.movistar.es\/blog\/wp-json\/wp\/v2\/media\/16942"}],"wp:attachment":[{"href":"https:\/\/www.movistar.es\/blog\/wp-json\/wp\/v2\/media?parent=13765"}],"wp:term":[{"taxonomy":"category","embeddable":true,"href":"https:\/\/www.movistar.es\/blog\/wp-json\/wp\/v2\/categories?post=13765"},{"taxonomy":"post_tag","embeddable":true,"href":"https:\/\/www.movistar.es\/blog\/wp-json\/wp\/v2\/tags?post=13765"},{"taxonomy":"area","embeddable":true,"href":"https:\/\/www.movistar.es\/blog\/wp-json\/wp\/v2\/area?post=13765"},{"taxonomy":"cluster","embeddable":true,"href":"https:\/\/www.movistar.es\/blog\/wp-json\/wp\/v2\/cluster?post=13765"},{"taxonomy":"linea_editorial","embeddable":true,"href":"https:\/\/www.movistar.es\/blog\/wp-json\/wp\/v2\/linea_editorial?post=13765"},{"taxonomy":"author","embeddable":true,"href":"https:\/\/www.movistar.es\/blog\/wp-json\/wp\/v2\/coauthors?post=13765"}],"curies":[{"name":"wp","href":"https:\/\/api.w.org\/{rel}","templated":true}]}}