{"id":13637,"date":"2023-05-30T18:29:14","date_gmt":"2023-05-30T16:29:14","guid":{"rendered":"https:\/\/www.movistar.es\/blog\/?p=13637"},"modified":"2023-05-31T17:17:10","modified_gmt":"2023-05-31T15:17:10","slug":"tca-que-son-cuales-son-mas-comunes","status":"publish","type":"post","link":"https:\/\/www.movistar.es\/blog\/salud\/tca-que-son-cuales-son-mas-comunes\/","title":{"rendered":"TCA: qu\u00e9 son y cu\u00e1les son los m\u00e1s comunes"},"content":{"rendered":"\n<p>Hablamos de trastornos de conducta alimentaria (TCA) para referirnos a un conjunto de alteraciones graves relacionadas con la ingesta de alimentos. Los TCA son un problema de salud mental que, adem\u00e1s, puede provocar enfermedades f\u00edsicas importantes, llegando incluso a poner en peligro la vida de quien lo padece. La persona que lo sufre muestra una especial preocupaci\u00f3n u obsesi\u00f3n respecto al peso, la imagen corporal y la alimentaci\u00f3n, entre otros.<\/p>\n\n\n\n<p>Estas alteraciones en la alimentaci\u00f3n est\u00e1n asociadas a determinados rasgos psicol\u00f3gicos, como pueden ser: tener una baja autoestima, insatisfacci\u00f3n con la imagen corporal, impulsividad, alto nivel de perfeccionismo, sensaci\u00f3n de p\u00e9rdida de control, etc. Con lo cual, estos trastornos no se reducen exclusivamente a problemas con la comida. Pueden reflejar la manera en que algunas personas afrontan diferentes aspectos de su vida, siendo, por ejemplo, la ingesta de alimentos la \u00fanica manera en que pueden sentir que ejercen alg\u00fan control ante situaciones y emociones que no son capaces de dominar, y tambi\u00e9n la forma en que consiguen <a href=\"https:\/\/www.movistar.es\/blog\/salud\/como-combatir-la-ansiedad-y-el-estres\/\" target=\"_blank\" rel=\"noreferrer noopener\">calmar su ansiedad<\/a>.<\/p>\n\n\n\n<h2 class=\"wp-block-heading\" id=\"h-por-que-se-originan-los-trastornos-de-conducta-alimentaria\"><strong>\u00bfPor qu\u00e9 se originan los trastornos de conducta alimentaria?<\/strong><\/h2>\n\n\n\n<p>Son muchos los factores que intervienen en la aparici\u00f3n de los TCA, siendo resultado de la interacci\u00f3n de aspectos psicol\u00f3gicos, familiares, personales, biol\u00f3gicos y socioculturales. Es fundamental la prevenci\u00f3n, sobre todo en la poblaci\u00f3n m\u00e1s joven. Este problema de <a href=\"https:\/\/www.movistar.es\/blog\/salud\/salud-mental-hijos\/\" target=\"_blank\" rel=\"noreferrer noopener\">salud mental <\/a>aparece m\u00e1s frecuentemente en la adolescencia, etapa en la que somos m\u00e1s vulnerables, se est\u00e1 formando nuestra identidad y se producen cambios corporales importantes.<\/p>\n\n\n\n<p>Cada persona tiene una historia de vida \u00fanica durante la cual va adquiriendo una manera de enfrentarse a los problemas y de resolver los conflictos, a la vez que se va formando una opini\u00f3n sobre s\u00ed misma que, en ocasiones, puede no ser satisfactoria.<\/p>\n\n\n\n<p>Todo esto, sumado a la presi\u00f3n social existente por tener un cuerpo delgado, las redes sociales, la necesidad de ser aceptado y el asociar \u00e9xito, felicidad o amor con delgadez precipitan que aparezcan estos trastornos.<\/p>\n\n\n\n<h2 class=\"wp-block-heading\" class=\"wp-block-heading\" id=\"a-quienes-suele-afectar\"><strong>A qui\u00e9nes suele afectar<\/strong><\/h2>\n\n\n\n<p>En Espa\u00f1a existen unos 400.000 casos de personas que sufren TCA, y estas cifras van en aumento. En el \u00faltimo a\u00f1o los ingresos hospitalarios en unidades especializadas han crecido un 20%, adem\u00e1s de que la media de edad ha bajado a los 12 a\u00f1os y medio.<\/p>\n\n\n\n<p>Seg\u00fan la Asociaci\u00f3n Catalana contra la Anorexia y la Bulimia (ACAB), los TCA son uno de los problemas de salud mental que m\u00e1s han aumentado a ra\u00edz de la pandemia. Han pasado de tener unas 2.000 atenciones en los a\u00f1os anteriores a 2020, a 5.000 atenciones en 2020 y 2021. La mayor\u00eda de TCA los sufren mujeres, entre 12 y 21 a\u00f1os, pero este trastorno ya no entiende de g\u00e9nero ni edad ya que cada vez se registran m\u00e1s casos entre varones y personas mayores.<\/p>\n\n\n\n<p>No debemos olvidarnos aqu\u00ed del papel que juegan las redes sociales. Estamos siendo v\u00edctimas de un continuo bombardeo de im\u00e1genes con ideales est\u00e9ticos basados en una perfecci\u00f3n que mucho se aleja de un cuerpo real, lo cual es un factor m\u00e1s de riesgo en estos casos.<\/p>\n\n\n\n<h2 class=\"wp-block-heading\" class=\"wp-block-heading\" id=\"que-tipos-de-tca-son-los-mas-habituales\"><strong>\u00bfQu\u00e9 tipos de TCA son los m\u00e1s habituales?<\/strong><\/h2>\n\n\n\n<p>Entre los TCA que encontramos en el Manual Diagn\u00f3stico y Estad\u00edstico de las Enfermedades Mentales de la Asociaci\u00f3n Americana de Psiquiatr\u00eda (DSM-5), los que m\u00e1s prevalecen en la poblaci\u00f3n son:<\/p>\n\n\n\n<h3 class=\"wp-block-heading\" class=\"wp-block-heading\" id=\"anorexia-nerviosa\">Anorexia nerviosa<\/h3>\n\n\n\n<p>Se caracteriza principalmente por una reducci\u00f3n y restricci\u00f3n de la ingesta nutricional. Esto conduce&nbsp;a una p\u00e9rdida significativa de peso, negando el peligro que pueda conllevar, pudiendo presentar desnutrici\u00f3n y desequilibrios hormonales. La persona padece un&nbsp;miedo intenso a ganar peso o&nbsp;engordar, junto con una insatisfacci\u00f3n corporal, y una alteraci\u00f3n en la percepci\u00f3n del peso y la imagen corporal, en la mayor\u00eda de los casos.<\/p>\n\n\n\n<p>Quienes lo sufren presentan una marcada evitaci\u00f3n hacia la comida, y realizan acciones compensatorias para contrarrestar lo que ingieren como son la actividad f\u00edsica excesiva y las conductas de purga (v\u00f3mito autoprovocado, abuso de laxantes, diur\u00e9ticos y\/o enemas).<\/p>\n\n\n\n<p>La aparici\u00f3n de s\u00edntomas es progresiva y hay que estar alerta a los signos que nos puedan hacer sospechar la presencia de esta enfermedad.<\/p>\n\n\n\n<figure class=\"wp-block-image size-large is-resized\"><img loading=\"lazy\" decoding=\"async\" src=\"https:\/\/www.movistar.es\/blog\/wp-content\/uploads\/sites\/3\/2023\/05\/towfiqu-barbhuiya-blgvpvlTGIw-unsplash-1.jpg?w=1024\" alt=\"tca\" class=\"wp-image-13646\" width=\"1024\" height=\"683\" title=\"\" srcset=\"https:\/\/www.movistar.es\/blog\/wp-content\/uploads\/sites\/3\/2023\/05\/towfiqu-barbhuiya-blgvpvlTGIw-unsplash-1.jpg 4592w, https:\/\/www.movistar.es\/blog\/wp-content\/uploads\/sites\/3\/2023\/05\/towfiqu-barbhuiya-blgvpvlTGIw-unsplash-1.jpg?resize=300,200 300w, https:\/\/www.movistar.es\/blog\/wp-content\/uploads\/sites\/3\/2023\/05\/towfiqu-barbhuiya-blgvpvlTGIw-unsplash-1.jpg?resize=768,512 768w, https:\/\/www.movistar.es\/blog\/wp-content\/uploads\/sites\/3\/2023\/05\/towfiqu-barbhuiya-blgvpvlTGIw-unsplash-1.jpg?resize=1024,683 1024w, https:\/\/www.movistar.es\/blog\/wp-content\/uploads\/sites\/3\/2023\/05\/towfiqu-barbhuiya-blgvpvlTGIw-unsplash-1.jpg?resize=1536,1025 1536w, https:\/\/www.movistar.es\/blog\/wp-content\/uploads\/sites\/3\/2023\/05\/towfiqu-barbhuiya-blgvpvlTGIw-unsplash-1.jpg?resize=2048,1367 2048w\" sizes=\"auto, (max-width: 1024px) 100vw, 1024px\" \/><figcaption>Unsplash<\/figcaption><\/figure>\n\n\n\n<h3 class=\"wp-block-heading\" class=\"wp-block-heading\" id=\"bulimia-nerviosa\">Bulimia nerviosa<\/h3>\n\n\n\n<p>Se caracteriza por la presencia de&nbsp;atracones en los que se come de manera excesiva e incontrolada en un corto espacio de tiempo y generalmente en secreto. Adem\u00e1s, se realizan&nbsp;conductas compensatorias inadecuadas para intentar disminuir los efectos de estos atracones (v\u00f3mitos autoprovocados, aumento de la actividad f\u00edsica, ayuno, uso desmesurado de f\u00e1rmacos, laxantes y\/o diur\u00e9ticos).<\/p>\n\n\n\n<p>Existe una preocupaci\u00f3n por el peso y la imagen corporal, pero no necesariamente se produce una p\u00e9rdida de peso, ya que pueden presentar peso normal, peso bajo o sobrepeso. Es por ello que la bulimia nerviosa pasa m\u00e1s desapercibida que la anorexia nerviosa. La persona lo suele vivir con sentimientos de verg\u00fcenza y culpa, y tarda mucho en solicitar ayuda. &nbsp;<\/p>\n\n\n\n<h3 class=\"wp-block-heading\" class=\"wp-block-heading\" id=\"trastorno-por-atracon\">Trastorno por atrac\u00f3n<\/h3>\n\n\n\n<p>Como su nombre indica, aparecen ingestas compulsivas de forma recurrente, pero, a diferencia de la bulimia nerviosa, la persona no realiza conductas compensatorias, es decir, no se induce el v\u00f3mito o hace un uso abusivo de laxantes, f\u00e1rmacos, ejercicio f\u00edsico o ayuno, entre otros. Con lo cual, en la mayor\u00eda de los casos, se produce un gran aumento de peso, pudiendo llegar a la obesidad. Estos atracones se producen al menos una vez a la semana, y es habitual que la persona sienta un profundo malestar despu\u00e9s o s\u00edntomas depresivos.<\/p>\n\n\n\n<h2 class=\"wp-block-heading\" class=\"wp-block-heading\" id=\"que-podemos-hacer-ante-un-tca\"><strong>\u00bfQu\u00e9 podemos hacer ante un TCA?<\/strong><\/h2>\n\n\n\n<p>Es importante estar atentos ante los signos de alerta que puedan aparecer (cambios en los h\u00e1bitos relacionados con la comida, como no coincidir con la familia, aislarse, obsesi\u00f3n por la composici\u00f3n cal\u00f3rica de los alimentos, mover la comida en el plato y decir que no se tiene hambre, entre otros).<\/p>\n\n\n\n<p>Hay que tener en cuenta que las personas que lo sufren normalmente no son capaces de identificar que tienen un trastorno, sus consecuencias negativas, ni la necesidad de realizar un tratamiento. Aqu\u00ed es imprescindible el papel de las figuras de apoyo con las que cuenta la persona afectada.<\/p>\n\n\n\n<p>Acudir a un equipo multidisciplinar (m\u00e9dicos, psic\u00f3logos, enfermeros, nutricionistas) especializados en TCA es la clave para poder hacer frente a estos trastornos y superarlos.<\/p>\n\n\n\n<p>En este contexto, <a href=\"https:\/\/www.movistar.es\/particulares\/salud\/telemedicina-medico-online\/\" target=\"_blank\" rel=\"noreferrer noopener\"><strong>Movistar Salud<\/strong><\/a> puede desempe\u00f1ar un papel importante al proporcionar informaci\u00f3n y recursos sobre los trastornos de conducta, promoviendo la conciencia y la prevenci\u00f3n de estos trastornos, as\u00ed como brindando acceso a servicios de atenci\u00f3n m\u00e9dica y apoyo psicol\u00f3gico.<\/p>\n\n\n\n<p><strong><em>Foto de portada: Unsplash<\/em><\/strong><\/p>\n","protected":false},"excerpt":{"rendered":"<p>Hablamos de trastornos de conducta alimentaria (TCA) para referirnos a un conjunto de alteraciones graves relacionadas con la ingesta de alimentos. Los TCA son un problema de salud mental que, adem\u00e1s, puede provocar enfermedades f\u00edsicas [&hellip;]<\/p>\n","protected":false},"author":184,"featured_media":13647,"comment_status":"closed","ping_status":"closed","sticky":false,"template":"","format":"standard","meta":{"site-sidebar-layout":"default","site-content-layout":"","ast-site-content-layout":"","site-content-style":"default","site-sidebar-style":"default","ast-global-header-display":"","ast-banner-title-visibility":"","ast-main-header-display":"","ast-hfb-above-header-display":"","ast-hfb-below-header-display":"","ast-hfb-mobile-header-display":"","site-post-title":"","ast-breadcrumbs-content":"","ast-featured-img":"","footer-sml-layout":"","theme-transparent-header-meta":"","adv-header-id-meta":"","stick-header-meta":"","header-above-stick-meta":"","header-main-stick-meta":"","header-below-stick-meta":"","astra-migrate-meta-layouts":"default","ast-page-background-enabled":"default","ast-page-background-meta":{"desktop":{"background-color":"var(--ast-global-color-4)","background-image":"","background-repeat":"repeat","background-position":"center center","background-size":"auto","background-attachment":"scroll","background-type":"","background-media":"","overlay-type":"","overlay-color":"","overlay-opacity":"","overlay-gradient":""},"tablet":{"background-color":"","background-image":"","background-repeat":"repeat","background-position":"center center","background-size":"auto","background-attachment":"scroll","background-type":"","background-media":"","overlay-type":"","overlay-color":"","overlay-opacity":"","overlay-gradient":""},"mobile":{"background-color":"","background-image":"","background-repeat":"repeat","background-position":"center center","background-size":"auto","background-attachment":"scroll","background-type":"","background-media":"","overlay-type":"","overlay-color":"","overlay-opacity":"","overlay-gradient":""}},"ast-content-background-meta":{"desktop":{"background-color":"var(--ast-global-color-5)","background-image":"","background-repeat":"repeat","background-position":"center center","background-size":"auto","background-attachment":"scroll","background-type":"","background-media":"","overlay-type":"","overlay-color":"","overlay-opacity":"","overlay-gradient":""},"tablet":{"background-color":"var(--ast-global-color-5)","background-image":"","background-repeat":"repeat","background-position":"center center","background-size":"auto","background-attachment":"scroll","background-type":"","background-media":"","overlay-type":"","overlay-color":"","overlay-opacity":"","overlay-gradient":""},"mobile":{"background-color":"var(--ast-global-color-5)","background-image":"","background-repeat":"repeat","background-position":"center center","background-size":"auto","background-attachment":"scroll","background-type":"","background-media":"","overlay-type":"","overlay-color":"","overlay-opacity":"","overlay-gradient":""}},"_jetpack_memberships_contains_paid_content":false,"footnotes":""},"categories":[1],"tags":[],"area":[190],"cluster":[99],"linea_editorial":[],"coauthors":[567],"class_list":["post-13637","post","type-post","status-publish","format-standard","has-post-thumbnail","hentry","category-sin-categoria","area-content-movistar","cluster-salud"],"yoast_head":"<!-- This site is optimized with the Yoast SEO Premium plugin v25.5 (Yoast SEO v25.5) - https:\/\/yoast.com\/wordpress\/plugins\/seo\/ -->\n<title>TCA: qu\u00e9 son y cu\u00e1les son los m\u00e1s comunes<\/title>\n<meta name=\"description\" content=\"Conoce qu\u00e9 son los trastorno de conducta alimentaria (TCA), cu\u00e1les son los m\u00e1s comunes y c\u00f3mo podemos actuar ante ellos.\" \/>\n<meta name=\"robots\" content=\"index, follow, max-snippet:-1, max-image-preview:large, max-video-preview:-1\" \/>\n<link rel=\"canonical\" href=\"https:\/\/www.movistar.es\/blog\/salud\/tca-que-son-cuales-son-mas-comunes\/\" \/>\n<meta property=\"og:locale\" content=\"es_ES\" \/>\n<meta property=\"og:type\" content=\"article\" \/>\n<meta property=\"og:title\" content=\"TCA: qu\u00e9 son y cu\u00e1les son los m\u00e1s comunes\" \/>\n<meta property=\"og:description\" content=\"Conoce qu\u00e9 son los trastorno de conducta alimentaria (TCA), cu\u00e1les son los m\u00e1s comunes y c\u00f3mo podemos actuar ante ellos.\" \/>\n<meta property=\"og:url\" content=\"https:\/\/www.movistar.es\/blog\/salud\/tca-que-son-cuales-son-mas-comunes\/\" \/>\n<meta property=\"og:site_name\" content=\"Movistar blog\" \/>\n<meta property=\"article:published_time\" content=\"2023-05-30T16:29:14+00:00\" \/>\n<meta property=\"article:modified_time\" content=\"2023-05-31T15:17:10+00:00\" \/>\n<meta name=\"author\" content=\"Ana Gonz\u00e1lez\" \/>\n<meta name=\"twitter:card\" content=\"summary_large_image\" \/>\n<meta name=\"twitter:image\" content=\"https:\/\/www.movistar.es\/blog\/wp-content\/uploads\/sites\/3\/2023\/05\/MicrosoftTeams-image-15-1-1.png\" \/>\n<meta name=\"twitter:label1\" content=\"Written by\" \/>\n\t<meta name=\"twitter:data1\" content=\"Ana Gonz\u00e1lez\" \/>\n\t<meta name=\"twitter:label2\" content=\"Est. reading time\" \/>\n\t<meta name=\"twitter:data2\" content=\"6 minutos\" \/>\n<script type=\"application\/ld+json\" class=\"yoast-schema-graph\">{\"@context\":\"https:\/\/schema.org\",\"@graph\":[{\"@type\":\"Article\",\"@id\":\"https:\/\/www.movistar.es\/blog\/salud\/tca-que-son-cuales-son-mas-comunes\/#article\",\"isPartOf\":{\"@id\":\"https:\/\/www.movistar.es\/blog\/salud\/tca-que-son-cuales-son-mas-comunes\/\"},\"author\":{\"name\":\"Ana Gonz\u00e1lez\",\"@id\":\"https:\/\/www.movistar.es\/blog\/#\/schema\/person\/347f57820a3940cbde5e53f3ae4c5fae\"},\"headline\":\"TCA: qu\u00e9 son y cu\u00e1les son los m\u00e1s comunes\",\"datePublished\":\"2023-05-30T16:29:14+00:00\",\"dateModified\":\"2023-05-31T15:17:10+00:00\",\"mainEntityOfPage\":{\"@id\":\"https:\/\/www.movistar.es\/blog\/salud\/tca-que-son-cuales-son-mas-comunes\/\"},\"wordCount\":1158,\"publisher\":{\"@id\":\"https:\/\/www.movistar.es\/blog\/#organization\"},\"image\":{\"@id\":\"https:\/\/www.movistar.es\/blog\/salud\/tca-que-son-cuales-son-mas-comunes\/#primaryimage\"},\"thumbnailUrl\":\"https:\/\/www.movistar.es\/blog\/wp-content\/uploads\/sites\/3\/2023\/05\/MicrosoftTeams-image-15-1-1.png\",\"inLanguage\":\"es\"},{\"@type\":\"WebPage\",\"@id\":\"https:\/\/www.movistar.es\/blog\/salud\/tca-que-son-cuales-son-mas-comunes\/\",\"url\":\"https:\/\/www.movistar.es\/blog\/salud\/tca-que-son-cuales-son-mas-comunes\/\",\"name\":\"TCA: qu\u00e9 son y cu\u00e1les son los m\u00e1s comunes\",\"isPartOf\":{\"@id\":\"https:\/\/www.movistar.es\/blog\/#website\"},\"primaryImageOfPage\":{\"@id\":\"https:\/\/www.movistar.es\/blog\/salud\/tca-que-son-cuales-son-mas-comunes\/#primaryimage\"},\"image\":{\"@id\":\"https:\/\/www.movistar.es\/blog\/salud\/tca-que-son-cuales-son-mas-comunes\/#primaryimage\"},\"thumbnailUrl\":\"https:\/\/www.movistar.es\/blog\/wp-content\/uploads\/sites\/3\/2023\/05\/MicrosoftTeams-image-15-1-1.png\",\"datePublished\":\"2023-05-30T16:29:14+00:00\",\"dateModified\":\"2023-05-31T15:17:10+00:00\",\"description\":\"Conoce qu\u00e9 son los trastorno de conducta alimentaria (TCA), cu\u00e1les son los m\u00e1s comunes y c\u00f3mo podemos actuar ante ellos.\",\"breadcrumb\":{\"@id\":\"https:\/\/www.movistar.es\/blog\/salud\/tca-que-son-cuales-son-mas-comunes\/#breadcrumb\"},\"inLanguage\":\"es\",\"potentialAction\":[{\"@type\":\"ReadAction\",\"target\":[\"https:\/\/www.movistar.es\/blog\/salud\/tca-que-son-cuales-son-mas-comunes\/\"]}]},{\"@type\":\"ImageObject\",\"inLanguage\":\"es\",\"@id\":\"https:\/\/www.movistar.es\/blog\/salud\/tca-que-son-cuales-son-mas-comunes\/#primaryimage\",\"url\":\"https:\/\/www.movistar.es\/blog\/wp-content\/uploads\/sites\/3\/2023\/05\/MicrosoftTeams-image-15-1-1.png\",\"contentUrl\":\"https:\/\/www.movistar.es\/blog\/wp-content\/uploads\/sites\/3\/2023\/05\/MicrosoftTeams-image-15-1-1.png\",\"width\":5136,\"height\":3424,\"caption\":\"trastorno de conducta alimentaria tca\"},{\"@type\":\"BreadcrumbList\",\"@id\":\"https:\/\/www.movistar.es\/blog\/salud\/tca-que-son-cuales-son-mas-comunes\/#breadcrumb\",\"itemListElement\":[{\"@type\":\"ListItem\",\"position\":1,\"name\":\"Home\",\"item\":\"https:\/\/www.movistar.es\/blog\/\"},{\"@type\":\"ListItem\",\"position\":2,\"name\":\"TCA: qu\u00e9 son y cu\u00e1les son los m\u00e1s comunes\"}]},{\"@type\":\"WebSite\",\"@id\":\"https:\/\/www.movistar.es\/blog\/#website\",\"url\":\"https:\/\/www.movistar.es\/blog\/\",\"name\":\"Movistar blog\",\"description\":\"Movistar Blog. Informaci\u00f3n y m\u00e1s sobre los productos y servicios de Movistar\",\"publisher\":{\"@id\":\"https:\/\/www.movistar.es\/blog\/#organization\"},\"potentialAction\":[{\"@type\":\"SearchAction\",\"target\":{\"@type\":\"EntryPoint\",\"urlTemplate\":\"https:\/\/www.movistar.es\/blog\/?s={search_term_string}\"},\"query-input\":{\"@type\":\"PropertyValueSpecification\",\"valueRequired\":true,\"valueName\":\"search_term_string\"}}],\"inLanguage\":\"es\"},{\"@type\":\"Organization\",\"@id\":\"https:\/\/www.movistar.es\/blog\/#organization\",\"name\":\"Movistar blog\",\"url\":\"https:\/\/www.movistar.es\/blog\/\",\"logo\":{\"@type\":\"ImageObject\",\"inLanguage\":\"es\",\"@id\":\"https:\/\/www.movistar.es\/blog\/#\/schema\/logo\/image\/\",\"url\":\"https:\/\/www.movistar.es\/blog\/wp-content\/uploads\/sites\/3\/2022\/05\/logo_movistar-1.svg\",\"contentUrl\":\"https:\/\/www.movistar.es\/blog\/wp-content\/uploads\/sites\/3\/2022\/05\/logo_movistar-1.svg\",\"width\":369,\"height\":272,\"caption\":\"Movistar blog\"},\"image\":{\"@id\":\"https:\/\/www.movistar.es\/blog\/#\/schema\/logo\/image\/\"}},{\"@type\":\"Person\",\"@id\":\"https:\/\/www.movistar.es\/blog\/#\/schema\/person\/347f57820a3940cbde5e53f3ae4c5fae\",\"name\":\"Ana Gonz\u00e1lez\",\"image\":{\"@type\":\"ImageObject\",\"inLanguage\":\"es\",\"@id\":\"https:\/\/www.movistar.es\/blog\/#\/schema\/person\/image\/6d58d1e4cc1c255c60ead27173e0a3bc\",\"url\":\"https:\/\/secure.gravatar.com\/avatar\/afdd00db87996643303a506f38bd13809b5e64b7f1a03e101828396d06472b41\",\"contentUrl\":\"https:\/\/secure.gravatar.com\/avatar\/afdd00db87996643303a506f38bd13809b5e64b7f1a03e101828396d06472b41\",\"caption\":\"Ana Gonz\u00e1lez\"},\"description\":\"Licenciada en Psicolog\u00eda, cuenta con un M\u00e1ster en Neuropsicolog\u00eda, M\u00e1ster en Psicolog\u00eda Cl\u00ednica, Legal y Forense; y est\u00e1 especializada en Terapia Breve y Estrat\u00e9gica. Apasionada del comportamiento humano, acompa\u00f1a y ayuda a las personas en momentos dif\u00edciles, comprendiendo su mundo interior para hacer un abordaje completamente a medida. Entiende la psicoterapia como un camino que recorren juntos terapeuta y paciente, para aprender a darle un sentido a las situaciones que la vida nos plantea.\",\"url\":\"https:\/\/www.movistar.es\/blog\/author\/anagonzalez\/\"}]}<\/script>\n<!-- \/ Yoast SEO Premium plugin. -->","yoast_head_json":{"title":"TCA: qu\u00e9 son y cu\u00e1les son los m\u00e1s comunes","description":"Conoce qu\u00e9 son los trastorno de conducta alimentaria (TCA), cu\u00e1les son los m\u00e1s comunes y c\u00f3mo podemos actuar ante ellos.","robots":{"index":"index","follow":"follow","max-snippet":"max-snippet:-1","max-image-preview":"max-image-preview:large","max-video-preview":"max-video-preview:-1"},"canonical":"https:\/\/www.movistar.es\/blog\/salud\/tca-que-son-cuales-son-mas-comunes\/","og_locale":"es_ES","og_type":"article","og_title":"TCA: qu\u00e9 son y cu\u00e1les son los m\u00e1s comunes","og_description":"Conoce qu\u00e9 son los trastorno de conducta alimentaria (TCA), cu\u00e1les son los m\u00e1s comunes y c\u00f3mo podemos actuar ante ellos.","og_url":"https:\/\/www.movistar.es\/blog\/salud\/tca-que-son-cuales-son-mas-comunes\/","og_site_name":"Movistar blog","article_published_time":"2023-05-30T16:29:14+00:00","article_modified_time":"2023-05-31T15:17:10+00:00","author":"Ana Gonz\u00e1lez","twitter_card":"summary_large_image","twitter_image":"https:\/\/www.movistar.es\/blog\/wp-content\/uploads\/sites\/3\/2023\/05\/MicrosoftTeams-image-15-1-1.png","twitter_misc":{"Written by":"Ana Gonz\u00e1lez","Est. reading time":"6 minutos"},"schema":{"@context":"https:\/\/schema.org","@graph":[{"@type":"Article","@id":"https:\/\/www.movistar.es\/blog\/salud\/tca-que-son-cuales-son-mas-comunes\/#article","isPartOf":{"@id":"https:\/\/www.movistar.es\/blog\/salud\/tca-que-son-cuales-son-mas-comunes\/"},"author":{"name":"Ana Gonz\u00e1lez","@id":"https:\/\/www.movistar.es\/blog\/#\/schema\/person\/347f57820a3940cbde5e53f3ae4c5fae"},"headline":"TCA: qu\u00e9 son y cu\u00e1les son los m\u00e1s comunes","datePublished":"2023-05-30T16:29:14+00:00","dateModified":"2023-05-31T15:17:10+00:00","mainEntityOfPage":{"@id":"https:\/\/www.movistar.es\/blog\/salud\/tca-que-son-cuales-son-mas-comunes\/"},"wordCount":1158,"publisher":{"@id":"https:\/\/www.movistar.es\/blog\/#organization"},"image":{"@id":"https:\/\/www.movistar.es\/blog\/salud\/tca-que-son-cuales-son-mas-comunes\/#primaryimage"},"thumbnailUrl":"https:\/\/www.movistar.es\/blog\/wp-content\/uploads\/sites\/3\/2023\/05\/MicrosoftTeams-image-15-1-1.png","inLanguage":"es"},{"@type":"WebPage","@id":"https:\/\/www.movistar.es\/blog\/salud\/tca-que-son-cuales-son-mas-comunes\/","url":"https:\/\/www.movistar.es\/blog\/salud\/tca-que-son-cuales-son-mas-comunes\/","name":"TCA: qu\u00e9 son y cu\u00e1les son los m\u00e1s comunes","isPartOf":{"@id":"https:\/\/www.movistar.es\/blog\/#website"},"primaryImageOfPage":{"@id":"https:\/\/www.movistar.es\/blog\/salud\/tca-que-son-cuales-son-mas-comunes\/#primaryimage"},"image":{"@id":"https:\/\/www.movistar.es\/blog\/salud\/tca-que-son-cuales-son-mas-comunes\/#primaryimage"},"thumbnailUrl":"https:\/\/www.movistar.es\/blog\/wp-content\/uploads\/sites\/3\/2023\/05\/MicrosoftTeams-image-15-1-1.png","datePublished":"2023-05-30T16:29:14+00:00","dateModified":"2023-05-31T15:17:10+00:00","description":"Conoce qu\u00e9 son los trastorno de conducta alimentaria (TCA), cu\u00e1les son los m\u00e1s comunes y c\u00f3mo podemos actuar ante ellos.","breadcrumb":{"@id":"https:\/\/www.movistar.es\/blog\/salud\/tca-que-son-cuales-son-mas-comunes\/#breadcrumb"},"inLanguage":"es","potentialAction":[{"@type":"ReadAction","target":["https:\/\/www.movistar.es\/blog\/salud\/tca-que-son-cuales-son-mas-comunes\/"]}]},{"@type":"ImageObject","inLanguage":"es","@id":"https:\/\/www.movistar.es\/blog\/salud\/tca-que-son-cuales-son-mas-comunes\/#primaryimage","url":"https:\/\/www.movistar.es\/blog\/wp-content\/uploads\/sites\/3\/2023\/05\/MicrosoftTeams-image-15-1-1.png","contentUrl":"https:\/\/www.movistar.es\/blog\/wp-content\/uploads\/sites\/3\/2023\/05\/MicrosoftTeams-image-15-1-1.png","width":5136,"height":3424,"caption":"trastorno de conducta alimentaria tca"},{"@type":"BreadcrumbList","@id":"https:\/\/www.movistar.es\/blog\/salud\/tca-que-son-cuales-son-mas-comunes\/#breadcrumb","itemListElement":[{"@type":"ListItem","position":1,"name":"Home","item":"https:\/\/www.movistar.es\/blog\/"},{"@type":"ListItem","position":2,"name":"TCA: qu\u00e9 son y cu\u00e1les son los m\u00e1s comunes"}]},{"@type":"WebSite","@id":"https:\/\/www.movistar.es\/blog\/#website","url":"https:\/\/www.movistar.es\/blog\/","name":"Movistar blog","description":"Movistar Blog. Informaci\u00f3n y m\u00e1s sobre los productos y servicios de Movistar","publisher":{"@id":"https:\/\/www.movistar.es\/blog\/#organization"},"potentialAction":[{"@type":"SearchAction","target":{"@type":"EntryPoint","urlTemplate":"https:\/\/www.movistar.es\/blog\/?s={search_term_string}"},"query-input":{"@type":"PropertyValueSpecification","valueRequired":true,"valueName":"search_term_string"}}],"inLanguage":"es"},{"@type":"Organization","@id":"https:\/\/www.movistar.es\/blog\/#organization","name":"Movistar blog","url":"https:\/\/www.movistar.es\/blog\/","logo":{"@type":"ImageObject","inLanguage":"es","@id":"https:\/\/www.movistar.es\/blog\/#\/schema\/logo\/image\/","url":"https:\/\/www.movistar.es\/blog\/wp-content\/uploads\/sites\/3\/2022\/05\/logo_movistar-1.svg","contentUrl":"https:\/\/www.movistar.es\/blog\/wp-content\/uploads\/sites\/3\/2022\/05\/logo_movistar-1.svg","width":369,"height":272,"caption":"Movistar blog"},"image":{"@id":"https:\/\/www.movistar.es\/blog\/#\/schema\/logo\/image\/"}},{"@type":"Person","@id":"https:\/\/www.movistar.es\/blog\/#\/schema\/person\/347f57820a3940cbde5e53f3ae4c5fae","name":"Ana Gonz\u00e1lez","image":{"@type":"ImageObject","inLanguage":"es","@id":"https:\/\/www.movistar.es\/blog\/#\/schema\/person\/image\/6d58d1e4cc1c255c60ead27173e0a3bc","url":"https:\/\/secure.gravatar.com\/avatar\/afdd00db87996643303a506f38bd13809b5e64b7f1a03e101828396d06472b41","contentUrl":"https:\/\/secure.gravatar.com\/avatar\/afdd00db87996643303a506f38bd13809b5e64b7f1a03e101828396d06472b41","caption":"Ana Gonz\u00e1lez"},"description":"Licenciada en Psicolog\u00eda, cuenta con un M\u00e1ster en Neuropsicolog\u00eda, M\u00e1ster en Psicolog\u00eda Cl\u00ednica, Legal y Forense; y est\u00e1 especializada en Terapia Breve y Estrat\u00e9gica. Apasionada del comportamiento humano, acompa\u00f1a y ayuda a las personas en momentos dif\u00edciles, comprendiendo su mundo interior para hacer un abordaje completamente a medida. Entiende la psicoterapia como un camino que recorren juntos terapeuta y paciente, para aprender a darle un sentido a las situaciones que la vida nos plantea.","url":"https:\/\/www.movistar.es\/blog\/author\/anagonzalez\/"}]}},"jetpack_featured_media_url":"https:\/\/www.movistar.es\/blog\/wp-content\/uploads\/sites\/3\/2023\/05\/MicrosoftTeams-image-15-1-1.png","jetpack_sharing_enabled":true,"_links":{"self":[{"href":"https:\/\/www.movistar.es\/blog\/wp-json\/wp\/v2\/posts\/13637","targetHints":{"allow":["GET"]}}],"collection":[{"href":"https:\/\/www.movistar.es\/blog\/wp-json\/wp\/v2\/posts"}],"about":[{"href":"https:\/\/www.movistar.es\/blog\/wp-json\/wp\/v2\/types\/post"}],"author":[{"embeddable":true,"href":"https:\/\/www.movistar.es\/blog\/wp-json\/wp\/v2\/users\/184"}],"replies":[{"embeddable":true,"href":"https:\/\/www.movistar.es\/blog\/wp-json\/wp\/v2\/comments?post=13637"}],"version-history":[{"count":4,"href":"https:\/\/www.movistar.es\/blog\/wp-json\/wp\/v2\/posts\/13637\/revisions"}],"predecessor-version":[{"id":13700,"href":"https:\/\/www.movistar.es\/blog\/wp-json\/wp\/v2\/posts\/13637\/revisions\/13700"}],"wp:featuredmedia":[{"embeddable":true,"href":"https:\/\/www.movistar.es\/blog\/wp-json\/wp\/v2\/media\/13647"}],"wp:attachment":[{"href":"https:\/\/www.movistar.es\/blog\/wp-json\/wp\/v2\/media?parent=13637"}],"wp:term":[{"taxonomy":"category","embeddable":true,"href":"https:\/\/www.movistar.es\/blog\/wp-json\/wp\/v2\/categories?post=13637"},{"taxonomy":"post_tag","embeddable":true,"href":"https:\/\/www.movistar.es\/blog\/wp-json\/wp\/v2\/tags?post=13637"},{"taxonomy":"area","embeddable":true,"href":"https:\/\/www.movistar.es\/blog\/wp-json\/wp\/v2\/area?post=13637"},{"taxonomy":"cluster","embeddable":true,"href":"https:\/\/www.movistar.es\/blog\/wp-json\/wp\/v2\/cluster?post=13637"},{"taxonomy":"linea_editorial","embeddable":true,"href":"https:\/\/www.movistar.es\/blog\/wp-json\/wp\/v2\/linea_editorial?post=13637"},{"taxonomy":"author","embeddable":true,"href":"https:\/\/www.movistar.es\/blog\/wp-json\/wp\/v2\/coauthors?post=13637"}],"curies":[{"name":"wp","href":"https:\/\/api.w.org\/{rel}","templated":true}]}}