{"id":13421,"date":"2023-05-26T11:56:03","date_gmt":"2023-05-26T09:56:03","guid":{"rendered":"https:\/\/www.movistar.es\/blog\/?p=13421"},"modified":"2023-06-09T16:56:26","modified_gmt":"2023-06-09T14:56:26","slug":"roland-garros-alcaraz-movistar","status":"publish","type":"post","link":"https:\/\/www.movistar.es\/blog\/movistar-plus\/roland-garros-alcaraz-movistar\/","title":{"rendered":"Roland Garros en Movistar Plus+: Alcaraz y mucho m\u00e1s"},"content":{"rendered":"\n<p>Sin lugar a dudas, <strong>Roland Garros<\/strong> es una de las grandes citas anuales dentro del mundo del tenis y, este a\u00f1o, adem\u00e1s, nos ilusiona el doble con la presencia de <strong>Carlos Alcaraz<\/strong>, que ha brillado en su camino hasta las semifinales. Pero, m\u00e1s all\u00e1 de la participaci\u00f3n del espa\u00f1ol, encontramos muchos m\u00e1s ingredientes que hacen que las \u00faltimas rondas del torneo prometan ser espectaculares.<\/p>\n\n\n\n<p>A continuaci\u00f3n, si te preguntas d\u00f3nde puedes ver Roland Garros y su final, te contamos c\u00f3mo puedes hacerlo en <a href=\"https:\/\/www.movistar.es\/particulares\/movistarplus\/deportes\" target=\"_blank\" rel=\"noreferrer noopener\"><strong>Movistar Plus+<\/strong><\/a>. Y es que, como aqu\u00ed, el <a href=\"https:\/\/www.movistar.es\/blog\/movistar-plus\/la-programacion-de-todo-el-deporte-en-movistar-plus\/\" target=\"_blank\" rel=\"noreferrer noopener\">deporte<\/a> se vive como en ning\u00fan sitio.<\/p>\n\n\n\n<h2 class=\"wp-block-heading\" class=\"wp-block-heading\" id=\"alcaraz-gran-favorito-de-roland-garros-2023\">Alcaraz, gran favorito de Roland Garros 2023<\/h2>\n\n\n\n<p>Desde su primera edici\u00f3n en 1891, el torneo <strong>Roland Garros<\/strong> se ha convertido en unos de los grandes emblemas del mundo del tenis. A fin de cuentas, este torneo realizado sobre tierra batida tiene una larga y gloriosa historia.<\/p>\n\n\n\n<p>El tenista que m\u00e1s veces lo ha ganado ha sido<strong> <a href=\"https:\/\/www.movistar.es\/blog\/home\/rafa-nadal-descubre-una-nueva-forma-de-divertirse-con-movistar-home\/\" target=\"_blank\" rel=\"noreferrer noopener\">Rafa Nadal<\/a><\/strong>, con un total de <strong>14 victorias<\/strong>. Sin embargo, la de 2023 ser\u00e1 la primera edici\u00f3n desde 2005 en la que no podremos disfrutar de la presencia del mallorqu\u00edn, ya que se encuentra en un punto y aparte en su carrera.<\/p>\n\n\n\n<p>De esta manera, la gran esperanza espa\u00f1ola de este Roland Garros es, c\u00f3mo no, <strong><a href=\"https:\/\/www.atptour.com\/es\/players\/carlos-alcaraz\/a0e2\/overview\" target=\"_blank\" rel=\"noreferrer noopener\">Carlos Alcaraz<\/a><\/strong>. El murciano de 20 a\u00f1os es, actualmente, el n\u00famero 1 del ranking ATP y ganar aqu\u00ed ser\u00eda otro gran y contundente golpe sobre la mesa. Por el momento ha demostrado que est\u00e1 en un gran estado de forma y ha dejado aut\u00e9nticas exhibiciones, destacando su duelo en cuartos de final contra Tsitsipas.<\/p>\n\n\n\n<figure class=\"wp-block-image size-large\"><img loading=\"lazy\" decoding=\"async\" height=\"576\" width=\"1024\" src=\"https:\/\/www.movistar.es\/blog\/wp-content\/uploads\/sites\/3\/2023\/05\/3375969-68999648-2560-1440.jpg?w=1024\" alt=\"alcaraz roland garros\" class=\"wp-image-13425\" srcset=\"https:\/\/www.movistar.es\/blog\/wp-content\/uploads\/sites\/3\/2023\/05\/3375969-68999648-2560-1440.jpg 1200w, https:\/\/www.movistar.es\/blog\/wp-content\/uploads\/sites\/3\/2023\/05\/3375969-68999648-2560-1440.jpg?resize=300,169 300w, https:\/\/www.movistar.es\/blog\/wp-content\/uploads\/sites\/3\/2023\/05\/3375969-68999648-2560-1440.jpg?resize=768,432 768w, https:\/\/www.movistar.es\/blog\/wp-content\/uploads\/sites\/3\/2023\/05\/3375969-68999648-2560-1440.jpg?resize=1024,576 1024w\" sizes=\"auto, (max-width: 1024px) 100vw, 1024px\" \/><\/figure>\n\n\n\n<p>Desde luego, es uno de los grandes favoritos para llevarse el torneo. Sin embargo, tampoco podemos obviar la presencia de <strong><a href=\"https:\/\/www.atptour.com\/es\/players\/novak-djokovic\/d643\/overview\" target=\"_blank\" rel=\"noreferrer noopener\">Novak Djokovic<\/a><\/strong>, alguien siempre presente en las quinielas para ganar absolutamente todo. Ambos se enfrentar\u00e1n en una de las semifinales, aunque por el nivel de ambos es casi una final anticipada.<\/p>\n\n\n\n<p>Alcaraz ha llegado a las semifinales desplegando un tenis espectacular: solo ha perdido un set, ante el japon\u00e9s Tato Daniel, en lo que llevamos de torneo y destac\u00f3 su ronda de cuartos ante Tsitsipas, en la que pas\u00f3 por encima suyo en los dos primeros sets y cerr\u00f3 un tercero que se le complic\u00f3. Tambi\u00e9n se ha mostrado muy s\u00f3lido Djokovic, que en su camino ya venci\u00f3 al espa\u00f1ol Davidovich. Tambi\u00e9n ha cedido \u00fanicamente un set, en su caso en cuartos ante Khachanov.<\/p>\n\n\n\n<p>En la otra semifinal est\u00e1n Casper Ruud y Alexander Zverev. Forman parte tambi\u00e9n de la nueva generaci\u00f3n de tenistas que ha irrumpido fuerte durante el \u00faltimo a\u00f1o y, aunque todav\u00eda no se han enfrentado a ninguno de los grandes nombres en lo que llevamos de torneo y tampoco han brillado en la temporada de tierra batida, s\u00ed son grandes tenistas.<\/p>\n\n\n\n<p>Casper Ruud, de hecho, ya jug\u00f3 la final en la edici\u00f3n de 2022, donde fue derrotado por el absoluto rey del torneo: Rafa Nadal. Necesita pasar a la final para no perder un importante n\u00famero de puntos y para tratar de resarcirse. Zverev, por su parte, afronta su tercera semifinal consecutiva con la tranquilidad de saber que ya no est\u00e1n ninguno de sus dos verdugos en las ocasiones anteriores: Nadal y Tsitsipas.<\/p>\n\n\n\n<p>A\u00fan as\u00ed, todo puede ocurrir a lo largo de las dos jornadas de competici\u00f3n que nos restan por delante. Las semifinales de Roland Garros se jugar\u00e1n el <strong>8 de junio<\/strong> y el torneo terminar\u00e1 con su gran final el <strong>11 de junio<\/strong>, por lo que la emoci\u00f3n est\u00e1 servida.<\/p>\n\n\n\n<h3 class=\"wp-block-heading\" id=\"h-la-ausencia-de-rafa-nadal\">La ausencia de Rafa Nadal<\/h3>\n\n\n\n<p>Entre los favoritos hay una ausencia que resuena con fuerza: la de <strong>Rafa Nadal<\/strong>. El tenista balear, que gan\u00f3 la edici\u00f3n de 2022 de Roland Garros, lleva un tiempo arrastrando una <strong>lesi\u00f3n <\/strong>que se produjo en el <strong>Open de Australia<\/strong> en su enfrentamiento con Mackenzie McDonald y que en un principio le iba a mantener fuera hasta el comienzo de la temporada de tierra batida.<\/p>\n\n\n\n<p>No obstante, Nadal no pudo recuperarse a tiempo y tuvo que renunciar a los <strong>Masters 1000 <\/strong>de Montecarlo, Madrid y Roma y tambi\u00e9n al <strong>torneo Conde de God\u00f3<\/strong>, por lo que cuatro meses despu\u00e9s de su lesi\u00f3n, el 18 de mayo, anunci\u00f3 que no iba a poder jugar Roland Garros y anticip\u00f3 que <strong>planea retirarse<\/strong> el pr\u00f3ximo a\u00f1o.<\/p>\n\n\n\n<h2 class=\"wp-block-heading\" class=\"wp-block-heading\" id=\"cuando-tendra-lugar-el-torneo-horarios-y-fechas\">Cu\u00e1ndo tendr\u00e1 lugar el torneo: horarios y fechas<\/h2>\n\n\n\n<p>Como ya hemos mencionado, el Roland Garros 2023 dar\u00e1 comienzo el 28 de mayo. Durante este mismo d\u00eda y el siguiente, el 29, se disputar\u00e1 la <strong>primera ronda<\/strong> del torneo. La <strong>segunda ronda<\/strong> se realizar\u00e1 los d\u00edas <strong>30 y 31<\/strong>, y la tercera durante los d\u00edas <strong>1 y 2<\/strong> de junio.<\/p>\n\n\n\n<p>A partir de aqu\u00ed, disfrutaremos de los <strong>octavos de final<\/strong> el <strong>3 y el 4<\/strong> de junio, mientras que el <strong>5 y el 6<\/strong> tendr\u00e1n lugar los <strong>cuartos de final<\/strong>. Las semifinales del cuadro femenino ser\u00e1n el d\u00eda <strong>8<\/strong> y las del cuadro masculino el <strong>9<\/strong>. Por \u00faltimo, la final femenina de Roland Garros se disputar\u00e1 el<strong> 10 <\/strong>de junio y la masculina, en la que esperamos ver a Alcaraz, el d\u00eda<strong> 11<\/strong>.<\/p>\n\n\n\n<ul class=\"wp-block-list\"><li><strong>Primera ronda<\/strong>: 28 y 29 de mayo<\/li><li><strong>Segunda ronda<\/strong>: 30 y 31 de mayo<\/li><li><strong>Tercera ronda<\/strong>: 1 y 2 de junio<\/li><li><strong>Octavos de final<\/strong>: 3 y 4 de junio<\/li><li><strong>Cuartos de final<\/strong>: 5 y 6 de junio<\/li><li><strong>Semifinales femeninas<\/strong>: 8 de junio<\/li><li><strong>Semifinales masculinas<\/strong>: 9 de junio<\/li><li><strong>Finales<\/strong>: 10 y 11 de junio<\/li><\/ul>\n\n\n\n<figure class=\"wp-block-image size-large\"><img loading=\"lazy\" decoding=\"async\" height=\"541\" width=\"1024\" src=\"https:\/\/www.movistar.es\/blog\/wp-content\/uploads\/sites\/3\/2023\/05\/roland-garros-2015-final-stadium.jpg?w=1024\" alt=\"alcaraz roland garros\" class=\"wp-image-13424\" srcset=\"https:\/\/www.movistar.es\/blog\/wp-content\/uploads\/sites\/3\/2023\/05\/roland-garros-2015-final-stadium.jpg 1920w, https:\/\/www.movistar.es\/blog\/wp-content\/uploads\/sites\/3\/2023\/05\/roland-garros-2015-final-stadium.jpg?resize=300,159 300w, https:\/\/www.movistar.es\/blog\/wp-content\/uploads\/sites\/3\/2023\/05\/roland-garros-2015-final-stadium.jpg?resize=768,406 768w, https:\/\/www.movistar.es\/blog\/wp-content\/uploads\/sites\/3\/2023\/05\/roland-garros-2015-final-stadium.jpg?resize=1024,541 1024w, https:\/\/www.movistar.es\/blog\/wp-content\/uploads\/sites\/3\/2023\/05\/roland-garros-2015-final-stadium.jpg?resize=1536,812 1536w\" sizes=\"auto, (max-width: 1024px) 100vw, 1024px\" \/><\/figure>\n\n\n\n<h2 class=\"wp-block-heading\" id=\"h-donde-ver-la-final-roland-garros-disfruta-de-alcaraz-y-el-mejor-tenis-con-movistar\">D\u00f3nde ver la final Roland Garros: disfruta de Alcaraz y el mejor tenis con Movistar<\/h2>\n\n\n\n<p>En<a href=\"https:\/\/www.movistar.es\/particulares\/movistarplus\/deportes\"> <strong>Movistar Plus+<\/strong><\/a> siempre nos esforzamos para contar con las<a href=\"https:\/\/www.movistar.es\/blog\/movistar-plus\/la-programacion-de-todo-el-deporte-en-movistar-plus\/\"> competiciones deportivas<\/a> m\u00e1s importantes. Y, por supuesto, el Roland Garros, una de las grandes celebraciones anuales del tenis, y Carlos Alcaraz no pod\u00edan ser la excepci\u00f3n.<\/p>\n\n\n\n<p>Para que no te pierdas absolutamente nada, el torneo parisino se retransmite a trav\u00e9s de <strong>dos canales<\/strong>. As\u00ed pues, el cuadro masculino se puede disfrutar en <strong>Movistar Deportes <\/strong>y en <strong>#Vamos<\/strong>.&nbsp;<\/p>\n\n\n\n<p>Por supuesto, los espectadores estar\u00e1n acompa\u00f1ados en todo momento por los mejores especialistas en tenis de nuestro pa\u00eds. Adem\u00e1s, tambi\u00e9n podr\u00e1n disfrutar de entrevistas exclusivas, reportajes y an\u00e1lisis de cada uno de los encuentros. Porque un Roland Garros as\u00ed, en el que adem\u00e1s Carlos Alcaraz tiene posibilidades de salir victorioso, as\u00ed hay que vivirlo con la intensidad que se merece.<\/p>\n","protected":false},"excerpt":{"rendered":"<p>Sin lugar a dudas, Roland Garros es una de las grandes citas anuales dentro del mundo del tenis y, este a\u00f1o, adem\u00e1s, nos ilusiona el doble con la presencia de Carlos Alcaraz, que ha brillado [&hellip;]<\/p>\n","protected":false},"author":93,"featured_media":13423,"comment_status":"closed","ping_status":"closed","sticky":false,"template":"","format":"standard","meta":{"site-sidebar-layout":"default","site-content-layout":"","ast-site-content-layout":"","site-content-style":"default","site-sidebar-style":"default","ast-global-header-display":"","ast-banner-title-visibility":"","ast-main-header-display":"","ast-hfb-above-header-display":"","ast-hfb-below-header-display":"","ast-hfb-mobile-header-display":"","site-post-title":"","ast-breadcrumbs-content":"","ast-featured-img":"","footer-sml-layout":"","theme-transparent-header-meta":"","adv-header-id-meta":"","stick-header-meta":"","header-above-stick-meta":"","header-main-stick-meta":"","header-below-stick-meta":"","astra-migrate-meta-layouts":"default","ast-page-background-enabled":"default","ast-page-background-meta":{"desktop":{"background-color":"var(--ast-global-color-4)","background-image":"","background-repeat":"repeat","background-position":"center center","background-size":"auto","background-attachment":"scroll","background-type":"","background-media":"","overlay-type":"","overlay-color":"","overlay-opacity":"","overlay-gradient":""},"tablet":{"background-color":"","background-image":"","background-repeat":"repeat","background-position":"center center","background-size":"auto","background-attachment":"scroll","background-type":"","background-media":"","overlay-type":"","overlay-color":"","overlay-opacity":"","overlay-gradient":""},"mobile":{"background-color":"","background-image":"","background-repeat":"repeat","background-position":"center center","background-size":"auto","background-attachment":"scroll","background-type":"","background-media":"","overlay-type":"","overlay-color":"","overlay-opacity":"","overlay-gradient":""}},"ast-content-background-meta":{"desktop":{"background-color":"var(--ast-global-color-5)","background-image":"","background-repeat":"repeat","background-position":"center center","background-size":"auto","background-attachment":"scroll","background-type":"","background-media":"","overlay-type":"","overlay-color":"","overlay-opacity":"","overlay-gradient":""},"tablet":{"background-color":"var(--ast-global-color-5)","background-image":"","background-repeat":"repeat","background-position":"center center","background-size":"auto","background-attachment":"scroll","background-type":"","background-media":"","overlay-type":"","overlay-color":"","overlay-opacity":"","overlay-gradient":""},"mobile":{"background-color":"var(--ast-global-color-5)","background-image":"","background-repeat":"repeat","background-position":"center center","background-size":"auto","background-attachment":"scroll","background-type":"","background-media":"","overlay-type":"","overlay-color":"","overlay-opacity":"","overlay-gradient":""}},"_jetpack_memberships_contains_paid_content":false,"footnotes":""},"categories":[1],"tags":[],"area":[427],"cluster":[45],"linea_editorial":[],"coauthors":[467],"class_list":["post-13421","post","type-post","status-publish","format-standard","has-post-thumbnail","hentry","category-sin-categoria","area-gametv","cluster-movistar-plus"],"yoast_head":"<!-- This site is optimized with the Yoast SEO Premium plugin v25.5 (Yoast SEO v25.5) - https:\/\/yoast.com\/wordpress\/plugins\/seo\/ -->\n<title>Roland Garros en Movistar Plus+: Alcaraz y mucho m\u00e1s - Blog Movistar<\/title>\n<meta name=\"description\" content=\"Te contamos c\u00f3mo puedes disfrutar del Roland Garros 2023 y de Carlos Alcaraz de la mano de Movistar Plus+. \u00a1No te pierdas el mejor tenis!\" \/>\n<meta name=\"robots\" content=\"index, follow, max-snippet:-1, max-image-preview:large, max-video-preview:-1\" \/>\n<link rel=\"canonical\" href=\"https:\/\/www.movistar.es\/blog\/movistar-plus\/roland-garros-alcaraz-movistar\/\" \/>\n<meta property=\"og:locale\" content=\"es_ES\" \/>\n<meta property=\"og:type\" content=\"article\" \/>\n<meta property=\"og:title\" content=\"Roland Garros en Movistar Plus+: Alcaraz y mucho m\u00e1s\" \/>\n<meta property=\"og:description\" content=\"Te contamos c\u00f3mo puedes disfrutar del Roland Garros 2023 y de Carlos Alcaraz de la mano de Movistar Plus+. \u00a1No te pierdas el mejor tenis!\" \/>\n<meta property=\"og:url\" content=\"https:\/\/www.movistar.es\/blog\/movistar-plus\/roland-garros-alcaraz-movistar\/\" \/>\n<meta property=\"og:site_name\" content=\"Movistar blog\" \/>\n<meta property=\"article:author\" content=\"movistar.es\/\" \/>\n<meta property=\"article:published_time\" content=\"2023-05-26T09:56:03+00:00\" \/>\n<meta property=\"article:modified_time\" content=\"2023-06-09T14:56:26+00:00\" \/>\n<meta property=\"og:image\" content=\"https:\/\/www.movistar.es\/blog\/wp-content\/uploads\/sites\/3\/2023\/05\/16848341081128-e1685010458388.jpg\" \/>\n\t<meta property=\"og:image:width\" content=\"1500\" \/>\n\t<meta property=\"og:image:height\" content=\"1000\" \/>\n\t<meta property=\"og:image:type\" content=\"image\/jpeg\" \/>\n<meta name=\"author\" content=\"Equipo de Redacci\u00f3n\" \/>\n<meta name=\"twitter:card\" content=\"summary_large_image\" \/>\n<meta name=\"twitter:creator\" content=\"@movistar_es\" \/>\n<meta name=\"twitter:label1\" content=\"Written by\" \/>\n\t<meta name=\"twitter:data1\" content=\"Equipo de Redacci\u00f3n\" \/>\n\t<meta name=\"twitter:label2\" content=\"Est. reading time\" \/>\n\t<meta name=\"twitter:data2\" content=\"6 minutos\" \/>\n<script type=\"application\/ld+json\" class=\"yoast-schema-graph\">{\"@context\":\"https:\/\/schema.org\",\"@graph\":[{\"@type\":\"Article\",\"@id\":\"https:\/\/www.movistar.es\/blog\/movistar-plus\/roland-garros-alcaraz-movistar\/#article\",\"isPartOf\":{\"@id\":\"https:\/\/www.movistar.es\/blog\/movistar-plus\/roland-garros-alcaraz-movistar\/\"},\"author\":{\"name\":\"Equipo de Redacci\u00f3n\",\"@id\":\"https:\/\/www.movistar.es\/blog\/#\/schema\/person\/6184006f5def4638e52e2d0ff98bd55a\"},\"headline\":\"Roland Garros en Movistar Plus+: Alcaraz y mucho m\u00e1s\",\"datePublished\":\"2023-05-26T09:56:03+00:00\",\"dateModified\":\"2023-06-09T14:56:26+00:00\",\"mainEntityOfPage\":{\"@id\":\"https:\/\/www.movistar.es\/blog\/movistar-plus\/roland-garros-alcaraz-movistar\/\"},\"wordCount\":1069,\"publisher\":{\"@id\":\"https:\/\/www.movistar.es\/blog\/#organization\"},\"image\":{\"@id\":\"https:\/\/www.movistar.es\/blog\/movistar-plus\/roland-garros-alcaraz-movistar\/#primaryimage\"},\"thumbnailUrl\":\"https:\/\/www.movistar.es\/blog\/wp-content\/uploads\/sites\/3\/2023\/05\/16848341081128-e1685010458388.jpg\",\"inLanguage\":\"es\"},{\"@type\":\"WebPage\",\"@id\":\"https:\/\/www.movistar.es\/blog\/movistar-plus\/roland-garros-alcaraz-movistar\/\",\"url\":\"https:\/\/www.movistar.es\/blog\/movistar-plus\/roland-garros-alcaraz-movistar\/\",\"name\":\"Roland Garros en Movistar Plus+: Alcaraz y mucho m\u00e1s - Blog Movistar\",\"isPartOf\":{\"@id\":\"https:\/\/www.movistar.es\/blog\/#website\"},\"primaryImageOfPage\":{\"@id\":\"https:\/\/www.movistar.es\/blog\/movistar-plus\/roland-garros-alcaraz-movistar\/#primaryimage\"},\"image\":{\"@id\":\"https:\/\/www.movistar.es\/blog\/movistar-plus\/roland-garros-alcaraz-movistar\/#primaryimage\"},\"thumbnailUrl\":\"https:\/\/www.movistar.es\/blog\/wp-content\/uploads\/sites\/3\/2023\/05\/16848341081128-e1685010458388.jpg\",\"datePublished\":\"2023-05-26T09:56:03+00:00\",\"dateModified\":\"2023-06-09T14:56:26+00:00\",\"description\":\"Te contamos c\u00f3mo puedes disfrutar del Roland Garros 2023 y de Carlos Alcaraz de la mano de Movistar Plus+. \u00a1No te pierdas el mejor tenis!\",\"breadcrumb\":{\"@id\":\"https:\/\/www.movistar.es\/blog\/movistar-plus\/roland-garros-alcaraz-movistar\/#breadcrumb\"},\"inLanguage\":\"es\",\"potentialAction\":[{\"@type\":\"ReadAction\",\"target\":[\"https:\/\/www.movistar.es\/blog\/movistar-plus\/roland-garros-alcaraz-movistar\/\"]}]},{\"@type\":\"ImageObject\",\"inLanguage\":\"es\",\"@id\":\"https:\/\/www.movistar.es\/blog\/movistar-plus\/roland-garros-alcaraz-movistar\/#primaryimage\",\"url\":\"https:\/\/www.movistar.es\/blog\/wp-content\/uploads\/sites\/3\/2023\/05\/16848341081128-e1685010458388.jpg\",\"contentUrl\":\"https:\/\/www.movistar.es\/blog\/wp-content\/uploads\/sites\/3\/2023\/05\/16848341081128-e1685010458388.jpg\",\"width\":1500,\"height\":1000,\"caption\":\"alcaraz roland garros\"},{\"@type\":\"BreadcrumbList\",\"@id\":\"https:\/\/www.movistar.es\/blog\/movistar-plus\/roland-garros-alcaraz-movistar\/#breadcrumb\",\"itemListElement\":[{\"@type\":\"ListItem\",\"position\":1,\"name\":\"Home\",\"item\":\"https:\/\/www.movistar.es\/blog\/\"},{\"@type\":\"ListItem\",\"position\":2,\"name\":\"Roland Garros en Movistar Plus+: Alcaraz y mucho m\u00e1s\"}]},{\"@type\":\"WebSite\",\"@id\":\"https:\/\/www.movistar.es\/blog\/#website\",\"url\":\"https:\/\/www.movistar.es\/blog\/\",\"name\":\"Movistar blog\",\"description\":\"Movistar Blog. Informaci\u00f3n y m\u00e1s sobre los productos y servicios de Movistar\",\"publisher\":{\"@id\":\"https:\/\/www.movistar.es\/blog\/#organization\"},\"potentialAction\":[{\"@type\":\"SearchAction\",\"target\":{\"@type\":\"EntryPoint\",\"urlTemplate\":\"https:\/\/www.movistar.es\/blog\/?s={search_term_string}\"},\"query-input\":{\"@type\":\"PropertyValueSpecification\",\"valueRequired\":true,\"valueName\":\"search_term_string\"}}],\"inLanguage\":\"es\"},{\"@type\":\"Organization\",\"@id\":\"https:\/\/www.movistar.es\/blog\/#organization\",\"name\":\"Movistar blog\",\"url\":\"https:\/\/www.movistar.es\/blog\/\",\"logo\":{\"@type\":\"ImageObject\",\"inLanguage\":\"es\",\"@id\":\"https:\/\/www.movistar.es\/blog\/#\/schema\/logo\/image\/\",\"url\":\"https:\/\/www.movistar.es\/blog\/wp-content\/uploads\/sites\/3\/2022\/05\/logo_movistar-1.svg\",\"contentUrl\":\"https:\/\/www.movistar.es\/blog\/wp-content\/uploads\/sites\/3\/2022\/05\/logo_movistar-1.svg\",\"width\":369,\"height\":272,\"caption\":\"Movistar blog\"},\"image\":{\"@id\":\"https:\/\/www.movistar.es\/blog\/#\/schema\/logo\/image\/\"}},{\"@type\":\"Person\",\"@id\":\"https:\/\/www.movistar.es\/blog\/#\/schema\/person\/6184006f5def4638e52e2d0ff98bd55a\",\"name\":\"Equipo de Redacci\u00f3n\",\"image\":{\"@type\":\"ImageObject\",\"inLanguage\":\"es\",\"@id\":\"https:\/\/www.movistar.es\/blog\/#\/schema\/person\/image\/8dbf7dc767c23aa5f974d575dda930c5\",\"url\":\"https:\/\/secure.gravatar.com\/avatar\/ce5aadad84c2aeb36c9813c46e41a53b0c9cc1d57205e8cde4bdf0ed790b3c97\",\"contentUrl\":\"https:\/\/secure.gravatar.com\/avatar\/ce5aadad84c2aeb36c9813c46e41a53b0c9cc1d57205e8cde4bdf0ed790b3c97\",\"caption\":\"Equipo de Redacci\u00f3n\"},\"description\":\"Buscamos temas de tu inter\u00e9s. Te contamos c\u00f3mo pueden ayudarte en tu d\u00eda a d\u00eda los productos y servicios de Movistar. No queremos venderte nada. Queremos descubrirte cosas para hacerte la vida m\u00e1s f\u00e1cil.\",\"sameAs\":[\"https:\/\/www.movistar.es\/\",\"movistar.es\/\",\"https:\/\/www.instagram.com\/movistar_es\/?hl=es\",\"https:\/\/x.com\/movistar_es\"],\"knowsAbout\":[\"smartphones\",\"conectividad\",\"hogar digital\",\"ciberseguridad\"],\"url\":\"https:\/\/www.movistar.es\/blog\/author\/contentmovistar\/\"}]}<\/script>\n<!-- \/ Yoast SEO Premium plugin. -->","yoast_head_json":{"title":"Roland Garros en Movistar Plus+: Alcaraz y mucho m\u00e1s - Blog Movistar","description":"Te contamos c\u00f3mo puedes disfrutar del Roland Garros 2023 y de Carlos Alcaraz de la mano de Movistar Plus+. \u00a1No te pierdas el mejor tenis!","robots":{"index":"index","follow":"follow","max-snippet":"max-snippet:-1","max-image-preview":"max-image-preview:large","max-video-preview":"max-video-preview:-1"},"canonical":"https:\/\/www.movistar.es\/blog\/movistar-plus\/roland-garros-alcaraz-movistar\/","og_locale":"es_ES","og_type":"article","og_title":"Roland Garros en Movistar Plus+: Alcaraz y mucho m\u00e1s","og_description":"Te contamos c\u00f3mo puedes disfrutar del Roland Garros 2023 y de Carlos Alcaraz de la mano de Movistar Plus+. \u00a1No te pierdas el mejor tenis!","og_url":"https:\/\/www.movistar.es\/blog\/movistar-plus\/roland-garros-alcaraz-movistar\/","og_site_name":"Movistar blog","article_author":"movistar.es\/","article_published_time":"2023-05-26T09:56:03+00:00","article_modified_time":"2023-06-09T14:56:26+00:00","og_image":[{"width":1500,"height":1000,"url":"https:\/\/www.movistar.es\/blog\/wp-content\/uploads\/sites\/3\/2023\/05\/16848341081128-e1685010458388.jpg","type":"image\/jpeg"}],"author":"Equipo de Redacci\u00f3n","twitter_card":"summary_large_image","twitter_creator":"@movistar_es","twitter_misc":{"Written by":"Equipo de Redacci\u00f3n","Est. reading time":"6 minutos"},"schema":{"@context":"https:\/\/schema.org","@graph":[{"@type":"Article","@id":"https:\/\/www.movistar.es\/blog\/movistar-plus\/roland-garros-alcaraz-movistar\/#article","isPartOf":{"@id":"https:\/\/www.movistar.es\/blog\/movistar-plus\/roland-garros-alcaraz-movistar\/"},"author":{"name":"Equipo de Redacci\u00f3n","@id":"https:\/\/www.movistar.es\/blog\/#\/schema\/person\/6184006f5def4638e52e2d0ff98bd55a"},"headline":"Roland Garros en Movistar Plus+: Alcaraz y mucho m\u00e1s","datePublished":"2023-05-26T09:56:03+00:00","dateModified":"2023-06-09T14:56:26+00:00","mainEntityOfPage":{"@id":"https:\/\/www.movistar.es\/blog\/movistar-plus\/roland-garros-alcaraz-movistar\/"},"wordCount":1069,"publisher":{"@id":"https:\/\/www.movistar.es\/blog\/#organization"},"image":{"@id":"https:\/\/www.movistar.es\/blog\/movistar-plus\/roland-garros-alcaraz-movistar\/#primaryimage"},"thumbnailUrl":"https:\/\/www.movistar.es\/blog\/wp-content\/uploads\/sites\/3\/2023\/05\/16848341081128-e1685010458388.jpg","inLanguage":"es"},{"@type":"WebPage","@id":"https:\/\/www.movistar.es\/blog\/movistar-plus\/roland-garros-alcaraz-movistar\/","url":"https:\/\/www.movistar.es\/blog\/movistar-plus\/roland-garros-alcaraz-movistar\/","name":"Roland Garros en Movistar Plus+: Alcaraz y mucho m\u00e1s - Blog Movistar","isPartOf":{"@id":"https:\/\/www.movistar.es\/blog\/#website"},"primaryImageOfPage":{"@id":"https:\/\/www.movistar.es\/blog\/movistar-plus\/roland-garros-alcaraz-movistar\/#primaryimage"},"image":{"@id":"https:\/\/www.movistar.es\/blog\/movistar-plus\/roland-garros-alcaraz-movistar\/#primaryimage"},"thumbnailUrl":"https:\/\/www.movistar.es\/blog\/wp-content\/uploads\/sites\/3\/2023\/05\/16848341081128-e1685010458388.jpg","datePublished":"2023-05-26T09:56:03+00:00","dateModified":"2023-06-09T14:56:26+00:00","description":"Te contamos c\u00f3mo puedes disfrutar del Roland Garros 2023 y de Carlos Alcaraz de la mano de Movistar Plus+. \u00a1No te pierdas el mejor tenis!","breadcrumb":{"@id":"https:\/\/www.movistar.es\/blog\/movistar-plus\/roland-garros-alcaraz-movistar\/#breadcrumb"},"inLanguage":"es","potentialAction":[{"@type":"ReadAction","target":["https:\/\/www.movistar.es\/blog\/movistar-plus\/roland-garros-alcaraz-movistar\/"]}]},{"@type":"ImageObject","inLanguage":"es","@id":"https:\/\/www.movistar.es\/blog\/movistar-plus\/roland-garros-alcaraz-movistar\/#primaryimage","url":"https:\/\/www.movistar.es\/blog\/wp-content\/uploads\/sites\/3\/2023\/05\/16848341081128-e1685010458388.jpg","contentUrl":"https:\/\/www.movistar.es\/blog\/wp-content\/uploads\/sites\/3\/2023\/05\/16848341081128-e1685010458388.jpg","width":1500,"height":1000,"caption":"alcaraz roland garros"},{"@type":"BreadcrumbList","@id":"https:\/\/www.movistar.es\/blog\/movistar-plus\/roland-garros-alcaraz-movistar\/#breadcrumb","itemListElement":[{"@type":"ListItem","position":1,"name":"Home","item":"https:\/\/www.movistar.es\/blog\/"},{"@type":"ListItem","position":2,"name":"Roland Garros en Movistar Plus+: Alcaraz y mucho m\u00e1s"}]},{"@type":"WebSite","@id":"https:\/\/www.movistar.es\/blog\/#website","url":"https:\/\/www.movistar.es\/blog\/","name":"Movistar blog","description":"Movistar Blog. Informaci\u00f3n y m\u00e1s sobre los productos y servicios de Movistar","publisher":{"@id":"https:\/\/www.movistar.es\/blog\/#organization"},"potentialAction":[{"@type":"SearchAction","target":{"@type":"EntryPoint","urlTemplate":"https:\/\/www.movistar.es\/blog\/?s={search_term_string}"},"query-input":{"@type":"PropertyValueSpecification","valueRequired":true,"valueName":"search_term_string"}}],"inLanguage":"es"},{"@type":"Organization","@id":"https:\/\/www.movistar.es\/blog\/#organization","name":"Movistar blog","url":"https:\/\/www.movistar.es\/blog\/","logo":{"@type":"ImageObject","inLanguage":"es","@id":"https:\/\/www.movistar.es\/blog\/#\/schema\/logo\/image\/","url":"https:\/\/www.movistar.es\/blog\/wp-content\/uploads\/sites\/3\/2022\/05\/logo_movistar-1.svg","contentUrl":"https:\/\/www.movistar.es\/blog\/wp-content\/uploads\/sites\/3\/2022\/05\/logo_movistar-1.svg","width":369,"height":272,"caption":"Movistar blog"},"image":{"@id":"https:\/\/www.movistar.es\/blog\/#\/schema\/logo\/image\/"}},{"@type":"Person","@id":"https:\/\/www.movistar.es\/blog\/#\/schema\/person\/6184006f5def4638e52e2d0ff98bd55a","name":"Equipo de Redacci\u00f3n","image":{"@type":"ImageObject","inLanguage":"es","@id":"https:\/\/www.movistar.es\/blog\/#\/schema\/person\/image\/8dbf7dc767c23aa5f974d575dda930c5","url":"https:\/\/secure.gravatar.com\/avatar\/ce5aadad84c2aeb36c9813c46e41a53b0c9cc1d57205e8cde4bdf0ed790b3c97","contentUrl":"https:\/\/secure.gravatar.com\/avatar\/ce5aadad84c2aeb36c9813c46e41a53b0c9cc1d57205e8cde4bdf0ed790b3c97","caption":"Equipo de Redacci\u00f3n"},"description":"Buscamos temas de tu inter\u00e9s. Te contamos c\u00f3mo pueden ayudarte en tu d\u00eda a d\u00eda los productos y servicios de Movistar. No queremos venderte nada. Queremos descubrirte cosas para hacerte la vida m\u00e1s f\u00e1cil.","sameAs":["https:\/\/www.movistar.es\/","movistar.es\/","https:\/\/www.instagram.com\/movistar_es\/?hl=es","https:\/\/x.com\/movistar_es"],"knowsAbout":["smartphones","conectividad","hogar digital","ciberseguridad"],"url":"https:\/\/www.movistar.es\/blog\/author\/contentmovistar\/"}]}},"jetpack_featured_media_url":"https:\/\/www.movistar.es\/blog\/wp-content\/uploads\/sites\/3\/2023\/05\/16848341081128-e1685010458388.jpg","jetpack_sharing_enabled":true,"_links":{"self":[{"href":"https:\/\/www.movistar.es\/blog\/wp-json\/wp\/v2\/posts\/13421","targetHints":{"allow":["GET"]}}],"collection":[{"href":"https:\/\/www.movistar.es\/blog\/wp-json\/wp\/v2\/posts"}],"about":[{"href":"https:\/\/www.movistar.es\/blog\/wp-json\/wp\/v2\/types\/post"}],"author":[{"embeddable":true,"href":"https:\/\/www.movistar.es\/blog\/wp-json\/wp\/v2\/users\/93"}],"replies":[{"embeddable":true,"href":"https:\/\/www.movistar.es\/blog\/wp-json\/wp\/v2\/comments?post=13421"}],"version-history":[{"count":8,"href":"https:\/\/www.movistar.es\/blog\/wp-json\/wp\/v2\/posts\/13421\/revisions"}],"predecessor-version":[{"id":14028,"href":"https:\/\/www.movistar.es\/blog\/wp-json\/wp\/v2\/posts\/13421\/revisions\/14028"}],"wp:featuredmedia":[{"embeddable":true,"href":"https:\/\/www.movistar.es\/blog\/wp-json\/wp\/v2\/media\/13423"}],"wp:attachment":[{"href":"https:\/\/www.movistar.es\/blog\/wp-json\/wp\/v2\/media?parent=13421"}],"wp:term":[{"taxonomy":"category","embeddable":true,"href":"https:\/\/www.movistar.es\/blog\/wp-json\/wp\/v2\/categories?post=13421"},{"taxonomy":"post_tag","embeddable":true,"href":"https:\/\/www.movistar.es\/blog\/wp-json\/wp\/v2\/tags?post=13421"},{"taxonomy":"area","embeddable":true,"href":"https:\/\/www.movistar.es\/blog\/wp-json\/wp\/v2\/area?post=13421"},{"taxonomy":"cluster","embeddable":true,"href":"https:\/\/www.movistar.es\/blog\/wp-json\/wp\/v2\/cluster?post=13421"},{"taxonomy":"linea_editorial","embeddable":true,"href":"https:\/\/www.movistar.es\/blog\/wp-json\/wp\/v2\/linea_editorial?post=13421"},{"taxonomy":"author","embeddable":true,"href":"https:\/\/www.movistar.es\/blog\/wp-json\/wp\/v2\/coauthors?post=13421"}],"curies":[{"name":"wp","href":"https:\/\/api.w.org\/{rel}","templated":true}]}}