{"id":13302,"date":"2023-05-25T15:15:00","date_gmt":"2023-05-25T13:15:00","guid":{"rendered":"https:\/\/www.movistar.es\/blog\/?p=13302"},"modified":"2023-05-26T15:27:15","modified_gmt":"2023-05-26T13:27:15","slug":"economia-circular-consumidores","status":"publish","type":"post","link":"https:\/\/www.movistar.es\/blog\/sostenibilidad\/economia-circular-consumidores\/","title":{"rendered":"Econom\u00eda circular y el papel de los consumidores"},"content":{"rendered":"\n<p>Desde que en diciembre de 2015 se lanz\u00f3 el Plan de Acci\u00f3n de la Uni\u00f3n Europea para la econom\u00eda circular (EC), se ha venido tomando una serie de medidas a nivel empresarial, fundamentalmente, para cumplir con los requisitos marcados para el cumplimiento de objetivos circulares.<\/p>\n\n\n\n<p>La EC es lo contrario a la econom\u00eda lineal de la que los consumidores hemos formado parte generaci\u00f3n tras generaci\u00f3n, es decir, la de extraer recursos del medio, producir, consumir y desechar.<\/p>\n\n\n\n<blockquote class=\"wp-block-quote is-layout-flow wp-block-quote-is-layout-flow\"><p><strong>Esto ha derivado a que para el a\u00f1o 2050, si continuamos con el ritmo de consumo de la actual econom\u00eda lineal, el planeta \u201ccolapse\u201d en cuanto a la disposici\u00f3n de recursos naturales<\/strong><\/p><cite>Jos\u00e9 Vicente L\u00f3pez \u00c1lvarez<\/cite><\/blockquote>\n\n\n\n<p>Por tanto, la transici\u00f3n de una econom\u00eda lineal a una circular implica que el valor de los productos, los materiales y recursos se mantengan en el sistema el mayor tiempo posible y, por otro lado, se reduzca al m\u00ednimo la generaci\u00f3n de residuos y se maximice la utilizaci\u00f3n de energ\u00edas renovables.<\/p>\n\n\n\n<figure class=\"wp-block-image size-large\"><img loading=\"lazy\" decoding=\"async\" height=\"410\" width=\"1024\" src=\"https:\/\/www.movistar.es\/blog\/wp-content\/uploads\/sites\/3\/2023\/05\/placas-solares-1.jpg?w=1024\" alt=\"placas solares sostenibilidad\" class=\"wp-image-13348\" srcset=\"https:\/\/www.movistar.es\/blog\/wp-content\/uploads\/sites\/3\/2023\/05\/placas-solares-1.jpg 2400w, https:\/\/www.movistar.es\/blog\/wp-content\/uploads\/sites\/3\/2023\/05\/placas-solares-1.jpg?resize=300,120 300w, https:\/\/www.movistar.es\/blog\/wp-content\/uploads\/sites\/3\/2023\/05\/placas-solares-1.jpg?resize=768,307 768w, https:\/\/www.movistar.es\/blog\/wp-content\/uploads\/sites\/3\/2023\/05\/placas-solares-1.jpg?resize=1024,410 1024w, https:\/\/www.movistar.es\/blog\/wp-content\/uploads\/sites\/3\/2023\/05\/placas-solares-1.jpg?resize=1536,614 1536w, https:\/\/www.movistar.es\/blog\/wp-content\/uploads\/sites\/3\/2023\/05\/placas-solares-1.jpg?resize=2048,819 2048w\" sizes=\"auto, (max-width: 1024px) 100vw, 1024px\" \/><\/figure>\n\n\n\n<h2 class=\"wp-block-heading\" id=\"h-que-podemos-hacer-al-respecto\"><strong>\u00bfQu\u00e9 podemos hacer al respecto?<\/strong><\/h2>\n\n\n\n<p>Evidentemente caben dos posibilidades de actuaci\u00f3n, que a mi juicio deben ser simultaneadas para que esto tenga \u00e9xito:<\/p>\n\n\n\n<ol class=\"wp-block-list\" type=\"1\"><li>Por un lado, las empresas y administraciones deben promover sistemas de prevenci\u00f3n de residuos y alargamiento de la vida \u00fatil de los productos a trav\u00e9s del ecodise\u00f1o.<\/li><li>Por otro lado, los consumidores a trav\u00e9s de cambios en las pautas de consumo derivadas de la costumbre generacional de la econom\u00eda lineal de \u201cusar y tirar\u201d, es decir, ir hacia un consumo responsable y sostenible.<\/li><\/ol>\n\n\n\n<p>Pero \u00bfqu\u00e9 significa este concepto?<\/p>\n\n\n\n<p>Una actitud por parte de las personas consumidoras y usuarias que implica hacer un consumo consciente y cr\u00edtico, que se demuestra, tanto a la hora de comprar un producto o contratar un servicio, empleando eficientemente los recursos de los que se dispone.<\/p>\n\n\n\n<h2 class=\"wp-block-heading\" id=\"h-los-consumidores-deben-implicarse-con-un-consumo-responsable\">Los consumidores deben implicarse con un consumo responsable<\/h2>\n\n\n\n<p>El consumo responsable se basa en dos m\u00e1ximas que son: consumir menos y que lo que consumamos sea lo m\u00e1s sostenible y solidario posible, de acuerdo con los fundamentos jur\u00eddicos del consumo responsable y la producci\u00f3n sostenible que encontramos en los art\u00edculos 191 y 193 del Tratado de Funcionamiento de la Uni\u00f3n Europea.<\/p>\n\n\n\n<blockquote class=\"wp-block-quote is-layout-flow wp-block-quote-is-layout-flow\"><p><strong>&#8230;la circularidad no debe implicar el empobrecimiento de la poblaci\u00f3n ni una merma en el crecimiento econ\u00f3mico<\/strong>.<\/p><cite>Jos\u00e9 Vicente L\u00f3pez \u00c1lvarez<\/cite><\/blockquote>\n\n\n\n<p>La EC es en primer lugar \u201ceconom\u00eda \u201cy este concepto no debe olvidarse, por lo que la circularidad no debe implicar el empobrecimiento de la poblaci\u00f3n ni una merma en el crecimiento econ\u00f3mico. Es m\u00e1s sencillo. Comprar un bien o servicio implica satisfacer una necesidad o un deseo, pero tambi\u00e9n activar toda una serie de procesos econ\u00f3micos, sociales y medioambientales. Por ello, hacerlo de una manera responsable significa cuestionarse a la hora de comprar qu\u00e9 es prescindible y qu\u00e9 no; cu\u00e1les son nuestras disponibilidades econ\u00f3micas reales y, despu\u00e9s, elegir los productos, no s\u00f3lo por su precio o su calidad, sino tambi\u00e9n porque son respetuosos con el medio ambiente y porque las empresas que los elaboran cumplen con los derechos humanos y los principios de justicia social.<\/p>\n\n\n\n<p>Y es aqu\u00ed donde los consumidores deben implicarse. Aparentemente casi todas las personas est\u00e1n de acuerdo con los principios aqu\u00ed mencionados, incluso aceptar\u00edan pagar m\u00e1s por un producto denominado ecol\u00f3gico o sostenible, pero la realidad es otra, ya que el precio es lo que marca la diferencia y la econom\u00eda circular a\u00fan no ha resuelto este problema que, en un mercado libre, lo fija la oferta y la demanda.<\/p>\n\n\n\n<h2 class=\"wp-block-heading\" id=\"h-es-necesario-una-colaboracion-global-ante-el-reto-de-la-economia-circular\">Es necesario una colaboraci\u00f3n global ante el reto de la econom\u00eda circular<\/h2>\n\n\n\n<p>La ciudadan\u00eda debe responder a este reto y para ello las administraciones p\u00fablicas y empresas deben generar el escenario propicio para que haya una colaboraci\u00f3n global. Lejos de cualquier ideolog\u00eda pol\u00edtica y asumiendo un mercado libre occidentalizado y evitando la intervenci\u00f3n gubernamental, las pautas de consumo son racionales y se explican por s\u00ed mismas, ya que afectan a la econom\u00eda dom\u00e9stica o individual de manera directa. Por ejemplo:<\/p>\n\n\n\n<ul class=\"wp-block-list\"><li>comprar productos con un consumo eficiente de energ\u00eda nadie lo discute<\/li><li>rechazar marcas de productos que se correspondan a empresas no comprometidas con el medioambiente, sin ecoetiquetas<\/li><li>saber distinguir a aquellas entidades que practican el <em>greenwashing<\/em>, como elemento de presunto fraude al consumidor<\/li><li>alquilar o compartir en vez de adquirir la propiedad de un bien o servicio<\/li><li>buscar los productos o marcas que garanticen una mayor durabilidad, facilidad de reparabilidad o un valor final o venal que facilite su reutilizaci\u00f3n y puesta en venta en el mercado secundario<\/li><\/ul>\n\n\n\n<p>Hay muchas m\u00e1s estrategias, pero, en cualquier caso, tal y como se va intuyendo, la ciudadan\u00eda necesita de educaci\u00f3n y de informaci\u00f3n adecuada, asumiendo que las generaciones m\u00e1s mayores les costar\u00e1 m\u00e1s asumir estos conceptos.<\/p>\n\n\n\n<p>Nuestra sociedad va cambiando y eso se nota.<\/p>\n\n\n\n<figure class=\"wp-block-image size-large\"><img loading=\"lazy\" decoding=\"async\" height=\"560\" width=\"1024\" src=\"https:\/\/www.movistar.es\/blog\/wp-content\/uploads\/sites\/3\/2023\/05\/coche-electrico-1.jpg?w=1024\" alt=\"coche el\u00e9ctrico sostenibilidad\" class=\"wp-image-13350\" srcset=\"https:\/\/www.movistar.es\/blog\/wp-content\/uploads\/sites\/3\/2023\/05\/coche-electrico-1.jpg 2395w, https:\/\/www.movistar.es\/blog\/wp-content\/uploads\/sites\/3\/2023\/05\/coche-electrico-1.jpg?resize=300,164 300w, https:\/\/www.movistar.es\/blog\/wp-content\/uploads\/sites\/3\/2023\/05\/coche-electrico-1.jpg?resize=768,420 768w, https:\/\/www.movistar.es\/blog\/wp-content\/uploads\/sites\/3\/2023\/05\/coche-electrico-1.jpg?resize=1024,560 1024w, https:\/\/www.movistar.es\/blog\/wp-content\/uploads\/sites\/3\/2023\/05\/coche-electrico-1.jpg?resize=1536,840 1536w, https:\/\/www.movistar.es\/blog\/wp-content\/uploads\/sites\/3\/2023\/05\/coche-electrico-1.jpg?resize=2048,1119 2048w\" sizes=\"auto, (max-width: 1024px) 100vw, 1024px\" \/><\/figure>\n\n\n\n<p>Tan s\u00f3lo hace 10 a\u00f1os era impensable ver coches el\u00e9ctricos alquilables por nuestras calles; o la eliminaci\u00f3n de los pl\u00e1sticos de un solo uso, cambiando bolsas de pl\u00e1sticos en los comercios por bolsas reutilizables y muchos ejemplos m\u00e1s que no caben en estas l\u00edneas, pero que demuestra que la sociedad s\u00ed puede cambiar hacia una econom\u00eda circular, sin renunciar al nivel de bienestar general conseguido. El fondo sigue siendo el mismo, s\u00f3lo cambia la forma.<\/p>\n\n\n\n<p>Hag\u00e1moslo posible entre todos.<\/p>\n","protected":false},"excerpt":{"rendered":"<p>Desde que en diciembre de 2015 se lanz\u00f3 el Plan de Acci\u00f3n de la Uni\u00f3n Europea para la econom\u00eda circular (EC), se ha venido tomando una serie de medidas a nivel empresarial, fundamentalmente, para cumplir [&hellip;]<\/p>\n","protected":false},"author":179,"featured_media":13320,"comment_status":"closed","ping_status":"closed","sticky":false,"template":"","format":"standard","meta":{"site-sidebar-layout":"default","site-content-layout":"","ast-site-content-layout":"","site-content-style":"default","site-sidebar-style":"default","ast-global-header-display":"","ast-banner-title-visibility":"","ast-main-header-display":"","ast-hfb-above-header-display":"","ast-hfb-below-header-display":"","ast-hfb-mobile-header-display":"","site-post-title":"","ast-breadcrumbs-content":"","ast-featured-img":"","footer-sml-layout":"","theme-transparent-header-meta":"","adv-header-id-meta":"","stick-header-meta":"","header-above-stick-meta":"","header-main-stick-meta":"","header-below-stick-meta":"","astra-migrate-meta-layouts":"default","ast-page-background-enabled":"default","ast-page-background-meta":{"desktop":{"background-color":"var(--ast-global-color-4)","background-image":"","background-repeat":"repeat","background-position":"center center","background-size":"auto","background-attachment":"scroll","background-type":"","background-media":"","overlay-type":"","overlay-color":"","overlay-opacity":"","overlay-gradient":""},"tablet":{"background-color":"","background-image":"","background-repeat":"repeat","background-position":"center center","background-size":"auto","background-attachment":"scroll","background-type":"","background-media":"","overlay-type":"","overlay-color":"","overlay-opacity":"","overlay-gradient":""},"mobile":{"background-color":"","background-image":"","background-repeat":"repeat","background-position":"center center","background-size":"auto","background-attachment":"scroll","background-type":"","background-media":"","overlay-type":"","overlay-color":"","overlay-opacity":"","overlay-gradient":""}},"ast-content-background-meta":{"desktop":{"background-color":"var(--ast-global-color-5)","background-image":"","background-repeat":"repeat","background-position":"center center","background-size":"auto","background-attachment":"scroll","background-type":"","background-media":"","overlay-type":"","overlay-color":"","overlay-opacity":"","overlay-gradient":""},"tablet":{"background-color":"var(--ast-global-color-5)","background-image":"","background-repeat":"repeat","background-position":"center center","background-size":"auto","background-attachment":"scroll","background-type":"","background-media":"","overlay-type":"","overlay-color":"","overlay-opacity":"","overlay-gradient":""},"mobile":{"background-color":"var(--ast-global-color-5)","background-image":"","background-repeat":"repeat","background-position":"center center","background-size":"auto","background-attachment":"scroll","background-type":"","background-media":"","overlay-type":"","overlay-color":"","overlay-opacity":"","overlay-gradient":""}},"_jetpack_memberships_contains_paid_content":false,"footnotes":""},"categories":[1],"tags":[],"area":[],"cluster":[562],"linea_editorial":[],"coauthors":[561],"class_list":["post-13302","post","type-post","status-publish","format-standard","has-post-thumbnail","hentry","category-sin-categoria","cluster-sostenibilidad"],"yoast_head":"<!-- This site is optimized with the Yoast SEO Premium plugin v25.5 (Yoast SEO v25.5) - https:\/\/yoast.com\/wordpress\/plugins\/seo\/ -->\n<title>Econom\u00eda circular y el papel de los consumidores - Movistar blog<\/title>\n<meta name=\"description\" content=\"La econom\u00eda circular supone un reto para los consumidores al requerir cambios en sus h\u00e1bitos hacia un consumo responsable y sostenible\" \/>\n<meta name=\"robots\" content=\"index, follow, max-snippet:-1, max-image-preview:large, max-video-preview:-1\" \/>\n<link rel=\"canonical\" href=\"https:\/\/www.movistar.es\/blog\/sostenibilidad\/economia-circular-consumidores\/\" \/>\n<meta property=\"og:locale\" content=\"es_ES\" \/>\n<meta property=\"og:type\" content=\"article\" \/>\n<meta property=\"og:title\" content=\"Econom\u00eda circular y el papel de los consumidores\" \/>\n<meta property=\"og:description\" content=\"La econom\u00eda circular supone un reto para los consumidores al requerir cambios en sus h\u00e1bitos hacia un consumo responsable y sostenible\" \/>\n<meta property=\"og:url\" content=\"https:\/\/www.movistar.es\/blog\/sostenibilidad\/economia-circular-consumidores\/\" \/>\n<meta property=\"og:site_name\" content=\"Movistar blog\" \/>\n<meta property=\"article:published_time\" content=\"2023-05-25T13:15:00+00:00\" \/>\n<meta property=\"article:modified_time\" content=\"2023-05-26T13:27:15+00:00\" \/>\n<meta property=\"og:image\" content=\"https:\/\/www.movistar.es\/blog\/wp-content\/uploads\/sites\/3\/2000\/05\/selva.jpg\" \/>\n\t<meta property=\"og:image:width\" content=\"2400\" \/>\n\t<meta property=\"og:image:height\" content=\"1200\" \/>\n\t<meta property=\"og:image:type\" content=\"image\/jpeg\" \/>\n<meta name=\"author\" content=\"Jos\u00e9 Vicente L\u00f3pez \u00c1lvarez\" \/>\n<meta name=\"twitter:card\" content=\"summary_large_image\" \/>\n<meta name=\"twitter:label1\" content=\"Written by\" \/>\n\t<meta name=\"twitter:data1\" content=\"Jos\u00e9 Vicente L\u00f3pez \u00c1lvarez\" \/>\n\t<meta name=\"twitter:label2\" content=\"Est. reading time\" \/>\n\t<meta name=\"twitter:data2\" content=\"5 minutos\" \/>\n<script type=\"application\/ld+json\" class=\"yoast-schema-graph\">{\"@context\":\"https:\/\/schema.org\",\"@graph\":[{\"@type\":\"Article\",\"@id\":\"https:\/\/www.movistar.es\/blog\/sostenibilidad\/economia-circular-consumidores\/#article\",\"isPartOf\":{\"@id\":\"https:\/\/www.movistar.es\/blog\/sostenibilidad\/economia-circular-consumidores\/\"},\"author\":{\"name\":\"Jos\u00e9 Vicente L\u00f3pez \u00c1lvarez\",\"@id\":\"https:\/\/www.movistar.es\/blog\/#\/schema\/person\/3728485599f0d93953317cc6e8adee80\"},\"headline\":\"Econom\u00eda circular y el papel de los consumidores\",\"datePublished\":\"2023-05-25T13:15:00+00:00\",\"dateModified\":\"2023-05-26T13:27:15+00:00\",\"mainEntityOfPage\":{\"@id\":\"https:\/\/www.movistar.es\/blog\/sostenibilidad\/economia-circular-consumidores\/\"},\"wordCount\":946,\"publisher\":{\"@id\":\"https:\/\/www.movistar.es\/blog\/#organization\"},\"image\":{\"@id\":\"https:\/\/www.movistar.es\/blog\/sostenibilidad\/economia-circular-consumidores\/#primaryimage\"},\"thumbnailUrl\":\"https:\/\/www.movistar.es\/blog\/wp-content\/uploads\/sites\/3\/2000\/05\/selva.jpg\",\"inLanguage\":\"es\"},{\"@type\":\"WebPage\",\"@id\":\"https:\/\/www.movistar.es\/blog\/sostenibilidad\/economia-circular-consumidores\/\",\"url\":\"https:\/\/www.movistar.es\/blog\/sostenibilidad\/economia-circular-consumidores\/\",\"name\":\"Econom\u00eda circular y el papel de los consumidores - Movistar blog\",\"isPartOf\":{\"@id\":\"https:\/\/www.movistar.es\/blog\/#website\"},\"primaryImageOfPage\":{\"@id\":\"https:\/\/www.movistar.es\/blog\/sostenibilidad\/economia-circular-consumidores\/#primaryimage\"},\"image\":{\"@id\":\"https:\/\/www.movistar.es\/blog\/sostenibilidad\/economia-circular-consumidores\/#primaryimage\"},\"thumbnailUrl\":\"https:\/\/www.movistar.es\/blog\/wp-content\/uploads\/sites\/3\/2000\/05\/selva.jpg\",\"datePublished\":\"2023-05-25T13:15:00+00:00\",\"dateModified\":\"2023-05-26T13:27:15+00:00\",\"description\":\"La econom\u00eda circular supone un reto para los consumidores al requerir cambios en sus h\u00e1bitos hacia un consumo responsable y sostenible\",\"breadcrumb\":{\"@id\":\"https:\/\/www.movistar.es\/blog\/sostenibilidad\/economia-circular-consumidores\/#breadcrumb\"},\"inLanguage\":\"es\",\"potentialAction\":[{\"@type\":\"ReadAction\",\"target\":[\"https:\/\/www.movistar.es\/blog\/sostenibilidad\/economia-circular-consumidores\/\"]}]},{\"@type\":\"ImageObject\",\"inLanguage\":\"es\",\"@id\":\"https:\/\/www.movistar.es\/blog\/sostenibilidad\/economia-circular-consumidores\/#primaryimage\",\"url\":\"https:\/\/www.movistar.es\/blog\/wp-content\/uploads\/sites\/3\/2000\/05\/selva.jpg\",\"contentUrl\":\"https:\/\/www.movistar.es\/blog\/wp-content\/uploads\/sites\/3\/2000\/05\/selva.jpg\",\"width\":2400,\"height\":1200},{\"@type\":\"BreadcrumbList\",\"@id\":\"https:\/\/www.movistar.es\/blog\/sostenibilidad\/economia-circular-consumidores\/#breadcrumb\",\"itemListElement\":[{\"@type\":\"ListItem\",\"position\":1,\"name\":\"Home\",\"item\":\"https:\/\/www.movistar.es\/blog\/\"},{\"@type\":\"ListItem\",\"position\":2,\"name\":\"Econom\u00eda circular y el papel de los consumidores\"}]},{\"@type\":\"WebSite\",\"@id\":\"https:\/\/www.movistar.es\/blog\/#website\",\"url\":\"https:\/\/www.movistar.es\/blog\/\",\"name\":\"Movistar blog\",\"description\":\"Movistar Blog. Informaci\u00f3n y m\u00e1s sobre los productos y servicios de Movistar\",\"publisher\":{\"@id\":\"https:\/\/www.movistar.es\/blog\/#organization\"},\"potentialAction\":[{\"@type\":\"SearchAction\",\"target\":{\"@type\":\"EntryPoint\",\"urlTemplate\":\"https:\/\/www.movistar.es\/blog\/?s={search_term_string}\"},\"query-input\":{\"@type\":\"PropertyValueSpecification\",\"valueRequired\":true,\"valueName\":\"search_term_string\"}}],\"inLanguage\":\"es\"},{\"@type\":\"Organization\",\"@id\":\"https:\/\/www.movistar.es\/blog\/#organization\",\"name\":\"Movistar blog\",\"url\":\"https:\/\/www.movistar.es\/blog\/\",\"logo\":{\"@type\":\"ImageObject\",\"inLanguage\":\"es\",\"@id\":\"https:\/\/www.movistar.es\/blog\/#\/schema\/logo\/image\/\",\"url\":\"https:\/\/www.movistar.es\/blog\/wp-content\/uploads\/sites\/3\/2022\/05\/logo_movistar-1.svg\",\"contentUrl\":\"https:\/\/www.movistar.es\/blog\/wp-content\/uploads\/sites\/3\/2022\/05\/logo_movistar-1.svg\",\"width\":369,\"height\":272,\"caption\":\"Movistar blog\"},\"image\":{\"@id\":\"https:\/\/www.movistar.es\/blog\/#\/schema\/logo\/image\/\"}},{\"@type\":\"Person\",\"@id\":\"https:\/\/www.movistar.es\/blog\/#\/schema\/person\/3728485599f0d93953317cc6e8adee80\",\"name\":\"Jos\u00e9 Vicente L\u00f3pez \u00c1lvarez\",\"image\":{\"@type\":\"ImageObject\",\"inLanguage\":\"es\",\"@id\":\"https:\/\/www.movistar.es\/blog\/#\/schema\/person\/image\/2df27957754955f6d2dc7b319a8da0af\",\"url\":\"https:\/\/secure.gravatar.com\/avatar\/465a556415a14b0ff63ac92810132b1f0165141732455b4a769575972a09746a\",\"contentUrl\":\"https:\/\/secure.gravatar.com\/avatar\/465a556415a14b0ff63ac92810132b1f0165141732455b4a769575972a09746a\",\"caption\":\"Jos\u00e9 Vicente L\u00f3pez \u00c1lvarez\"},\"description\":\"Profesor de Econom\u00eda Circular y Gesti\u00f3n Sostenible de los Residuos en la ETSI de Montes, Forestal y del Medio Natural de la Universidad Polit\u00e9cnica de Madrid, L\u00edder nacional de Econom\u00eda Circular por la Advanced Leaderships Foundation de EEUU.\",\"url\":\"https:\/\/www.movistar.es\/blog\/author\/josevicentelopez\/\"}]}<\/script>\n<!-- \/ Yoast SEO Premium plugin. -->","yoast_head_json":{"title":"Econom\u00eda circular y el papel de los consumidores - Movistar blog","description":"La econom\u00eda circular supone un reto para los consumidores al requerir cambios en sus h\u00e1bitos hacia un consumo responsable y sostenible","robots":{"index":"index","follow":"follow","max-snippet":"max-snippet:-1","max-image-preview":"max-image-preview:large","max-video-preview":"max-video-preview:-1"},"canonical":"https:\/\/www.movistar.es\/blog\/sostenibilidad\/economia-circular-consumidores\/","og_locale":"es_ES","og_type":"article","og_title":"Econom\u00eda circular y el papel de los consumidores","og_description":"La econom\u00eda circular supone un reto para los consumidores al requerir cambios en sus h\u00e1bitos hacia un consumo responsable y sostenible","og_url":"https:\/\/www.movistar.es\/blog\/sostenibilidad\/economia-circular-consumidores\/","og_site_name":"Movistar blog","article_published_time":"2023-05-25T13:15:00+00:00","article_modified_time":"2023-05-26T13:27:15+00:00","og_image":[{"width":2400,"height":1200,"url":"https:\/\/www.movistar.es\/blog\/wp-content\/uploads\/sites\/3\/2000\/05\/selva.jpg","type":"image\/jpeg"}],"author":"Jos\u00e9 Vicente L\u00f3pez \u00c1lvarez","twitter_card":"summary_large_image","twitter_misc":{"Written by":"Jos\u00e9 Vicente L\u00f3pez \u00c1lvarez","Est. reading time":"5 minutos"},"schema":{"@context":"https:\/\/schema.org","@graph":[{"@type":"Article","@id":"https:\/\/www.movistar.es\/blog\/sostenibilidad\/economia-circular-consumidores\/#article","isPartOf":{"@id":"https:\/\/www.movistar.es\/blog\/sostenibilidad\/economia-circular-consumidores\/"},"author":{"name":"Jos\u00e9 Vicente L\u00f3pez \u00c1lvarez","@id":"https:\/\/www.movistar.es\/blog\/#\/schema\/person\/3728485599f0d93953317cc6e8adee80"},"headline":"Econom\u00eda circular y el papel de los consumidores","datePublished":"2023-05-25T13:15:00+00:00","dateModified":"2023-05-26T13:27:15+00:00","mainEntityOfPage":{"@id":"https:\/\/www.movistar.es\/blog\/sostenibilidad\/economia-circular-consumidores\/"},"wordCount":946,"publisher":{"@id":"https:\/\/www.movistar.es\/blog\/#organization"},"image":{"@id":"https:\/\/www.movistar.es\/blog\/sostenibilidad\/economia-circular-consumidores\/#primaryimage"},"thumbnailUrl":"https:\/\/www.movistar.es\/blog\/wp-content\/uploads\/sites\/3\/2000\/05\/selva.jpg","inLanguage":"es"},{"@type":"WebPage","@id":"https:\/\/www.movistar.es\/blog\/sostenibilidad\/economia-circular-consumidores\/","url":"https:\/\/www.movistar.es\/blog\/sostenibilidad\/economia-circular-consumidores\/","name":"Econom\u00eda circular y el papel de los consumidores - Movistar blog","isPartOf":{"@id":"https:\/\/www.movistar.es\/blog\/#website"},"primaryImageOfPage":{"@id":"https:\/\/www.movistar.es\/blog\/sostenibilidad\/economia-circular-consumidores\/#primaryimage"},"image":{"@id":"https:\/\/www.movistar.es\/blog\/sostenibilidad\/economia-circular-consumidores\/#primaryimage"},"thumbnailUrl":"https:\/\/www.movistar.es\/blog\/wp-content\/uploads\/sites\/3\/2000\/05\/selva.jpg","datePublished":"2023-05-25T13:15:00+00:00","dateModified":"2023-05-26T13:27:15+00:00","description":"La econom\u00eda circular supone un reto para los consumidores al requerir cambios en sus h\u00e1bitos hacia un consumo responsable y sostenible","breadcrumb":{"@id":"https:\/\/www.movistar.es\/blog\/sostenibilidad\/economia-circular-consumidores\/#breadcrumb"},"inLanguage":"es","potentialAction":[{"@type":"ReadAction","target":["https:\/\/www.movistar.es\/blog\/sostenibilidad\/economia-circular-consumidores\/"]}]},{"@type":"ImageObject","inLanguage":"es","@id":"https:\/\/www.movistar.es\/blog\/sostenibilidad\/economia-circular-consumidores\/#primaryimage","url":"https:\/\/www.movistar.es\/blog\/wp-content\/uploads\/sites\/3\/2000\/05\/selva.jpg","contentUrl":"https:\/\/www.movistar.es\/blog\/wp-content\/uploads\/sites\/3\/2000\/05\/selva.jpg","width":2400,"height":1200},{"@type":"BreadcrumbList","@id":"https:\/\/www.movistar.es\/blog\/sostenibilidad\/economia-circular-consumidores\/#breadcrumb","itemListElement":[{"@type":"ListItem","position":1,"name":"Home","item":"https:\/\/www.movistar.es\/blog\/"},{"@type":"ListItem","position":2,"name":"Econom\u00eda circular y el papel de los consumidores"}]},{"@type":"WebSite","@id":"https:\/\/www.movistar.es\/blog\/#website","url":"https:\/\/www.movistar.es\/blog\/","name":"Movistar blog","description":"Movistar Blog. Informaci\u00f3n y m\u00e1s sobre los productos y servicios de Movistar","publisher":{"@id":"https:\/\/www.movistar.es\/blog\/#organization"},"potentialAction":[{"@type":"SearchAction","target":{"@type":"EntryPoint","urlTemplate":"https:\/\/www.movistar.es\/blog\/?s={search_term_string}"},"query-input":{"@type":"PropertyValueSpecification","valueRequired":true,"valueName":"search_term_string"}}],"inLanguage":"es"},{"@type":"Organization","@id":"https:\/\/www.movistar.es\/blog\/#organization","name":"Movistar blog","url":"https:\/\/www.movistar.es\/blog\/","logo":{"@type":"ImageObject","inLanguage":"es","@id":"https:\/\/www.movistar.es\/blog\/#\/schema\/logo\/image\/","url":"https:\/\/www.movistar.es\/blog\/wp-content\/uploads\/sites\/3\/2022\/05\/logo_movistar-1.svg","contentUrl":"https:\/\/www.movistar.es\/blog\/wp-content\/uploads\/sites\/3\/2022\/05\/logo_movistar-1.svg","width":369,"height":272,"caption":"Movistar blog"},"image":{"@id":"https:\/\/www.movistar.es\/blog\/#\/schema\/logo\/image\/"}},{"@type":"Person","@id":"https:\/\/www.movistar.es\/blog\/#\/schema\/person\/3728485599f0d93953317cc6e8adee80","name":"Jos\u00e9 Vicente L\u00f3pez \u00c1lvarez","image":{"@type":"ImageObject","inLanguage":"es","@id":"https:\/\/www.movistar.es\/blog\/#\/schema\/person\/image\/2df27957754955f6d2dc7b319a8da0af","url":"https:\/\/secure.gravatar.com\/avatar\/465a556415a14b0ff63ac92810132b1f0165141732455b4a769575972a09746a","contentUrl":"https:\/\/secure.gravatar.com\/avatar\/465a556415a14b0ff63ac92810132b1f0165141732455b4a769575972a09746a","caption":"Jos\u00e9 Vicente L\u00f3pez \u00c1lvarez"},"description":"Profesor de Econom\u00eda Circular y Gesti\u00f3n Sostenible de los Residuos en la ETSI de Montes, Forestal y del Medio Natural de la Universidad Polit\u00e9cnica de Madrid, L\u00edder nacional de Econom\u00eda Circular por la Advanced Leaderships Foundation de EEUU.","url":"https:\/\/www.movistar.es\/blog\/author\/josevicentelopez\/"}]}},"jetpack_featured_media_url":"https:\/\/www.movistar.es\/blog\/wp-content\/uploads\/sites\/3\/2000\/05\/selva.jpg","jetpack_sharing_enabled":true,"_links":{"self":[{"href":"https:\/\/www.movistar.es\/blog\/wp-json\/wp\/v2\/posts\/13302","targetHints":{"allow":["GET"]}}],"collection":[{"href":"https:\/\/www.movistar.es\/blog\/wp-json\/wp\/v2\/posts"}],"about":[{"href":"https:\/\/www.movistar.es\/blog\/wp-json\/wp\/v2\/types\/post"}],"author":[{"embeddable":true,"href":"https:\/\/www.movistar.es\/blog\/wp-json\/wp\/v2\/users\/179"}],"replies":[{"embeddable":true,"href":"https:\/\/www.movistar.es\/blog\/wp-json\/wp\/v2\/comments?post=13302"}],"version-history":[{"count":19,"href":"https:\/\/www.movistar.es\/blog\/wp-json\/wp\/v2\/posts\/13302\/revisions"}],"predecessor-version":[{"id":13352,"href":"https:\/\/www.movistar.es\/blog\/wp-json\/wp\/v2\/posts\/13302\/revisions\/13352"}],"wp:featuredmedia":[{"embeddable":true,"href":"https:\/\/www.movistar.es\/blog\/wp-json\/wp\/v2\/media\/13320"}],"wp:attachment":[{"href":"https:\/\/www.movistar.es\/blog\/wp-json\/wp\/v2\/media?parent=13302"}],"wp:term":[{"taxonomy":"category","embeddable":true,"href":"https:\/\/www.movistar.es\/blog\/wp-json\/wp\/v2\/categories?post=13302"},{"taxonomy":"post_tag","embeddable":true,"href":"https:\/\/www.movistar.es\/blog\/wp-json\/wp\/v2\/tags?post=13302"},{"taxonomy":"area","embeddable":true,"href":"https:\/\/www.movistar.es\/blog\/wp-json\/wp\/v2\/area?post=13302"},{"taxonomy":"cluster","embeddable":true,"href":"https:\/\/www.movistar.es\/blog\/wp-json\/wp\/v2\/cluster?post=13302"},{"taxonomy":"linea_editorial","embeddable":true,"href":"https:\/\/www.movistar.es\/blog\/wp-json\/wp\/v2\/linea_editorial?post=13302"},{"taxonomy":"author","embeddable":true,"href":"https:\/\/www.movistar.es\/blog\/wp-json\/wp\/v2\/coauthors?post=13302"}],"curies":[{"name":"wp","href":"https:\/\/api.w.org\/{rel}","templated":true}]}}