{"id":13172,"date":"2023-05-17T12:15:01","date_gmt":"2023-05-17T10:15:01","guid":{"rendered":"https:\/\/www.movistar.es\/blog\/?p=13172"},"modified":"2023-09-13T13:54:25","modified_gmt":"2023-09-13T11:54:25","slug":"conjuntivitis-alergica","status":"publish","type":"post","link":"https:\/\/www.movistar.es\/blog\/salud\/conjuntivitis-alergica\/","title":{"rendered":"Conjuntivitis al\u00e9rgica: una conjuntivitis con nombre de estaci\u00f3n"},"content":{"rendered":"\n<p>Llega el buen tiempo y con ello la conjuntivitis al\u00e9rgica producida por el <a href=\"https:\/\/www.movistar.es\/blog\/salud\/buen-tiempo-alergias-al-polen\/\">polen<\/a>, o m\u00e1s conocida como conjuntivitis primaveral. Seg\u00fan la Sociedad Espa\u00f1ola de Superficie Ocular y C\u00f3rnea, la tasa de alergia ocular en nuestro pa\u00eds se ha incrementado un 10% en el \u00faltimo a\u00f1o, situ\u00e1ndose por encima del 30%. Este incremento se debe a tres factores: al aumento de la contaminaci\u00f3n ambiental, al cambio clim\u00e1tico y a que gen\u00e9ticamente somos m\u00e1s susceptibles.<\/p>\n\n\n\n<p>Existen varios tipos de conjuntivitis al\u00e9rgicas. Aqu\u00ed nos vamos a centrar en la que est\u00e1 causada por el polen, a la que tambi\u00e9n podemos referirnos como conjuntivitis por fiebre del heno.<\/p>\n\n\n\n<h2 class=\"wp-block-heading\" id=\"h-que-es-la-conjuntivitis-alergica-primaveral\">\u00bfQu\u00e9 es la conjuntivitis al\u00e9rgica primaveral?<\/h2>\n\n\n\n<p>Es una inflamaci\u00f3n de la conjuntiva, que es la membrana mucosa fina y transparente que cubre el globo ocular y la parte interior del p\u00e1rpado (\u201cparte blanca del ojo\u201d). Esto ocurre cuando la persona al\u00e9rgica entra en contacto con el polen, ante lo que \u201cnuestro sistema de defensas reacciona de manera inapropiada, como si fuese un invasor, y crea anticuerpos para protegerse de esta amenaza\u201d. Los anticuerpos liberan sustancias qu\u00edmicas (histamina) que causan la irritaci\u00f3n del ojo. La mayor\u00eda de estos p\u00f3lenes &nbsp;proceden de plantas que florecen en primavera (gram\u00edneas, olivo, platanero)\u2026 por eso la catalogamos como conjuntivitis estacional.<\/p>\n\n\n\n<h2 class=\"wp-block-heading\" class=\"wp-block-heading\" id=\"sintomas-alergia-primaveral\">S\u00edntomas alergia primaveral<\/h2>\n\n\n\n<p>Los s\u00edntomas suelen afectar a ambos ojos y son:<\/p>\n\n\n\n<ul class=\"wp-block-list\"><li>Enrojecimiento de la conjuntiva.<\/li><li>Picor\/ardor.<\/li><li>Lagrimeo (aunque puede ser secreci\u00f3n m\u00e1s espesa y formar lega\u00f1a).<\/li><li>Sensaci\u00f3n de cuerpo extra\u00f1o (\u201carenilla\u201d).<\/li><li>Cierto grado de sensibilidad a la luz.<\/li><li>Hinchaz\u00f3n p\u00e1rpados.<\/li><\/ul>\n\n\n\n<p>Otros s\u00edntomas no oculares que tambi\u00e9n pueden producirse son: goteo y picor nasal, estornudos, picor de garganta\/paladar, cansancio, irritabilidad, erupciones cut\u00e1neas, tos, pitos en el pecho\u2026<\/p>\n\n\n\n<h3 class=\"wp-block-heading\" class=\"wp-block-heading\" id=\"no-son-sintomas-de-la-conjuntivitis-alergica\">No son s\u00edntomas de la conjuntivitis al\u00e9rgica<\/h3>\n\n\n\n<ul class=\"wp-block-list\"><li>Secreci\u00f3n verdosa espesa.<\/li><li>Alteraci\u00f3n visual (s\u00ed puede haber visi\u00f3n borrosa debido al lagrimeo, pero se debe de corregir al limpiarnos el ojo).<\/li><li>Dolor ocular.<\/li><li>Fotofobia (sensibilidad extrema a la luz)<\/li><li>Contagiosidad.<\/li><\/ul>\n\n\n\n<figure class=\"wp-block-image size-large\"><img loading=\"lazy\" decoding=\"async\" height=\"683\" width=\"1024\" src=\"https:\/\/www.movistar.es\/blog\/wp-content\/uploads\/sites\/3\/2023\/05\/alex-jones-ZAoR6t7mvoM-unsplash.jpg?w=1024\" alt=\"\" class=\"wp-image-13183\" srcset=\"https:\/\/www.movistar.es\/blog\/wp-content\/uploads\/sites\/3\/2023\/05\/alex-jones-ZAoR6t7mvoM-unsplash.jpg 3264w, https:\/\/www.movistar.es\/blog\/wp-content\/uploads\/sites\/3\/2023\/05\/alex-jones-ZAoR6t7mvoM-unsplash.jpg?resize=300,200 300w, https:\/\/www.movistar.es\/blog\/wp-content\/uploads\/sites\/3\/2023\/05\/alex-jones-ZAoR6t7mvoM-unsplash.jpg?resize=768,512 768w, https:\/\/www.movistar.es\/blog\/wp-content\/uploads\/sites\/3\/2023\/05\/alex-jones-ZAoR6t7mvoM-unsplash.jpg?resize=1024,683 1024w, https:\/\/www.movistar.es\/blog\/wp-content\/uploads\/sites\/3\/2023\/05\/alex-jones-ZAoR6t7mvoM-unsplash.jpg?resize=1536,1024 1536w, https:\/\/www.movistar.es\/blog\/wp-content\/uploads\/sites\/3\/2023\/05\/alex-jones-ZAoR6t7mvoM-unsplash.jpg?resize=2048,1365 2048w\" sizes=\"auto, (max-width: 1024px) 100vw, 1024px\" \/><\/figure>\n\n\n\n<h2 class=\"wp-block-heading\" class=\"wp-block-heading\" id=\"como-se-diagnostica\">\u00bfC\u00f3mo se diagnostica?<\/h2>\n\n\n\n<p>El diagn\u00f3stico es cl\u00ednico, es decir, no se precisan pruebas para saber lo que nos pasa. De ah\u00ed que la telemedicina (chats, videollamadas..) puedan jugar un papel importante: el m\u00e9dico, mediante unas &nbsp;preguntas y con &nbsp;la ayuda de alguna fotograf\u00eda y\/o una videollamada para hacer un examen ocular, nos puede dar el diagn\u00f3stico y prescribirnos el tratamiento m\u00e1s adecuado (uso de receta online si el profesional lo cree conveniente) sin necesidad de acudir f\u00edsicamente a una consulta.<\/p>\n\n\n\n<h2 class=\"wp-block-heading\" class=\"wp-block-heading\" id=\"medidas-de-prevencion-para-la-conjuntivitis-alergica\">Medidas de prevenci\u00f3n para la conjuntivitis al\u00e9rgica <\/h2>\n\n\n\n<p>Algunas de las medidas que podemos llevar a cabo para evitar este tipo de conjuntivitis son:<\/p>\n\n\n\n<ul class=\"wp-block-list\"><li>Higiene del hogar: uso de aspiradora, evitar alfombras, cortinas, peluches, etc.<\/li><li>Evitar salir al aire libre cuando hay m\u00e1s presencia de polen (se pueden consultar los niveles de polen ambiental en la web de la Sociedad Espa\u00f1ola de Alergolog\u00eda e Inmunolog\u00eda Cl\u00ednica (https:\/www.polenes.com\/es\/home)<\/li><li>Uso de gafas de sol en el exterior.<\/li><li>Evitar las lentes de contacto. Si no podemos prescindir de ellas, mejor las desechables diarias y extremar su higiene.<\/li><li>Tender la ropa dentro de casa para evitar ac\u00famulo de polen en ella.<\/li><li>No exponernos a humos (tabaco).<\/li><li>Utilizar filtros antipolen en aires acondicionados.<\/li><\/ul>\n\n\n\n<h2 class=\"wp-block-heading\" class=\"wp-block-heading\" id=\"tratamiento-de-la-conjuntivitis\">Tratamiento de la conjuntivitis<\/h2>\n\n\n\n<p>A modo de primeros auxilios, lo primero que conviene hacer es un buen lavado de ambos ojos con suero fisiol\u00f3gico fr\u00edo (o, en su defecto, agua limpia y fr\u00eda) para arrastrar los p\u00f3lenes de la superficie ocular. No se recomienda agua de manzanilla ya que podr\u00eda tener alg\u00fan componente al que seamos al\u00e9rgicos. Hay que evitar frotarse repetidamente los ojos ya que empeorar\u00e1 la irritaci\u00f3n. El uso de pa\u00f1os humedecidos aplicados sobre los p\u00e1rpados tambi\u00e9n nos puede ayudar a disminuir la inflamaci\u00f3n.<\/p>\n\n\n\n<p>Si no son suficientes las medidas anteriores, el especialista nos puede prescribir un colirio (gotas que se aplican dentro del ojo). Estos pueden ser:<\/p>\n\n\n\n<ul class=\"wp-block-list\"><li>Antihistam\u00ednicos.<\/li><li>Antiinflamatorios.<\/li><li>Gotas que impiden que el mastocito (un tipo de c\u00e9lulas de la defensa) secrete histamina (sustancia que est\u00e1 detr\u00e1s de muchos de los procesos relacionados con las alergias estacionales).<\/li><li>Corticoides.<\/li><\/ul>\n\n\n\n<p>Otros tratamientos pueden ser: antihistam\u00ednicos orales, vacunas\u2026<\/p>\n\n\n\n<p>La duraci\u00f3n de este tipo de conjuntivitis ser\u00e1 fluctuante e intermitente, manifest\u00e1ndose de forma m\u00e1s intensa los meses de primavera-verano. Los colirios nos ayudar\u00e1n a aliviar los s\u00edntomas, pero probablemente cada a\u00f1o tendremos que convivir con esta afecci\u00f3n.<\/p>\n\n\n\n<p>Contar con servicios de salud accesibles como <a href=\"https:\/\/www.movistar.es\/particulares\/telemedicina-medico-online\/\" target=\"_blank\" rel=\"noreferrer noopener\">Movistar Salud<\/a> se vuelve a\u00fan m\u00e1s relevante. Mediante la telemedicina, se puede obtener un diagn\u00f3stico y tratamiento adecuado para esta afecci\u00f3n ocular, brindando una atenci\u00f3n m\u00e9dica oportuna. <\/p>\n","protected":false},"excerpt":{"rendered":"<p>Llega el buen tiempo y con ello la conjuntivitis al\u00e9rgica producida por el polen, o m\u00e1s conocida como conjuntivitis primaveral. Seg\u00fan la Sociedad Espa\u00f1ola de Superficie Ocular y C\u00f3rnea, la tasa de alergia ocular en [&hellip;]<\/p>\n","protected":false},"author":178,"featured_media":13182,"comment_status":"closed","ping_status":"closed","sticky":false,"template":"","format":"standard","meta":{"site-sidebar-layout":"default","site-content-layout":"","ast-site-content-layout":"","site-content-style":"default","site-sidebar-style":"default","ast-global-header-display":"","ast-banner-title-visibility":"","ast-main-header-display":"","ast-hfb-above-header-display":"","ast-hfb-below-header-display":"","ast-hfb-mobile-header-display":"","site-post-title":"","ast-breadcrumbs-content":"","ast-featured-img":"","footer-sml-layout":"","theme-transparent-header-meta":"","adv-header-id-meta":"","stick-header-meta":"","header-above-stick-meta":"","header-main-stick-meta":"","header-below-stick-meta":"","astra-migrate-meta-layouts":"default","ast-page-background-enabled":"default","ast-page-background-meta":{"desktop":{"background-color":"var(--ast-global-color-4)","background-image":"","background-repeat":"repeat","background-position":"center center","background-size":"auto","background-attachment":"scroll","background-type":"","background-media":"","overlay-type":"","overlay-color":"","overlay-opacity":"","overlay-gradient":""},"tablet":{"background-color":"","background-image":"","background-repeat":"repeat","background-position":"center center","background-size":"auto","background-attachment":"scroll","background-type":"","background-media":"","overlay-type":"","overlay-color":"","overlay-opacity":"","overlay-gradient":""},"mobile":{"background-color":"","background-image":"","background-repeat":"repeat","background-position":"center center","background-size":"auto","background-attachment":"scroll","background-type":"","background-media":"","overlay-type":"","overlay-color":"","overlay-opacity":"","overlay-gradient":""}},"ast-content-background-meta":{"desktop":{"background-color":"var(--ast-global-color-5)","background-image":"","background-repeat":"repeat","background-position":"center center","background-size":"auto","background-attachment":"scroll","background-type":"","background-media":"","overlay-type":"","overlay-color":"","overlay-opacity":"","overlay-gradient":""},"tablet":{"background-color":"var(--ast-global-color-5)","background-image":"","background-repeat":"repeat","background-position":"center center","background-size":"auto","background-attachment":"scroll","background-type":"","background-media":"","overlay-type":"","overlay-color":"","overlay-opacity":"","overlay-gradient":""},"mobile":{"background-color":"var(--ast-global-color-5)","background-image":"","background-repeat":"repeat","background-position":"center center","background-size":"auto","background-attachment":"scroll","background-type":"","background-media":"","overlay-type":"","overlay-color":"","overlay-opacity":"","overlay-gradient":""}},"_jetpack_memberships_contains_paid_content":false,"footnotes":""},"categories":[1],"tags":[],"area":[190],"cluster":[99],"linea_editorial":[],"coauthors":[560],"class_list":["post-13172","post","type-post","status-publish","format-standard","has-post-thumbnail","hentry","category-sin-categoria","area-content-movistar","cluster-salud"],"yoast_head":"<!-- This site is optimized with the Yoast SEO Premium plugin v25.5 (Yoast SEO v25.5) - https:\/\/yoast.com\/wordpress\/plugins\/seo\/ -->\n<title>Conjuntivitis al\u00e9rgica: una conjuntivitis con nombre de estaci\u00f3n<\/title>\n<meta name=\"description\" content=\"Descubre qu\u00e9 es la conjuntivitis al\u00e9rgica, cu\u00e1les son sus s\u00edntomas, c\u00f3mo prevenirla y el tratamiento para la conjuntivitis primaveral.\" \/>\n<meta name=\"robots\" content=\"index, follow, max-snippet:-1, max-image-preview:large, max-video-preview:-1\" \/>\n<link rel=\"canonical\" href=\"https:\/\/www.movistar.es\/blog\/salud\/conjuntivitis-alergica\/\" \/>\n<meta property=\"og:locale\" content=\"es_ES\" \/>\n<meta property=\"og:type\" content=\"article\" \/>\n<meta property=\"og:title\" content=\"Conjuntivitis al\u00e9rgica: una conjuntivitis con nombre de estaci\u00f3n\" \/>\n<meta property=\"og:description\" content=\"Descubre qu\u00e9 es la conjuntivitis al\u00e9rgica, cu\u00e1les son sus s\u00edntomas, c\u00f3mo prevenirla y el tratamiento para la conjuntivitis primaveral.\" \/>\n<meta property=\"og:url\" content=\"https:\/\/www.movistar.es\/blog\/salud\/conjuntivitis-alergica\/\" \/>\n<meta property=\"og:site_name\" content=\"Movistar blog\" \/>\n<meta property=\"article:published_time\" content=\"2023-05-17T10:15:01+00:00\" \/>\n<meta property=\"article:modified_time\" content=\"2023-09-13T11:54:25+00:00\" \/>\n<meta property=\"og:image\" content=\"https:\/\/www.movistar.es\/blog\/wp-content\/uploads\/sites\/3\/2023\/05\/alexandru-tudorache-JdjdIjzJl94-unsplash.jpg\" \/>\n\t<meta property=\"og:image:width\" content=\"5184\" \/>\n\t<meta property=\"og:image:height\" content=\"2912\" \/>\n\t<meta property=\"og:image:type\" content=\"image\/jpeg\" \/>\n<meta name=\"author\" content=\"Dra. Laura Arrey\" \/>\n<meta name=\"twitter:card\" content=\"summary_large_image\" \/>\n<meta name=\"twitter:label1\" content=\"Written by\" \/>\n\t<meta name=\"twitter:data1\" content=\"Dra. Laura Arrey\" \/>\n\t<meta name=\"twitter:label2\" content=\"Est. reading time\" \/>\n\t<meta name=\"twitter:data2\" content=\"4 minutos\" \/>\n<script type=\"application\/ld+json\" class=\"yoast-schema-graph\">{\"@context\":\"https:\/\/schema.org\",\"@graph\":[{\"@type\":\"Article\",\"@id\":\"https:\/\/www.movistar.es\/blog\/salud\/conjuntivitis-alergica\/#article\",\"isPartOf\":{\"@id\":\"https:\/\/www.movistar.es\/blog\/salud\/conjuntivitis-alergica\/\"},\"author\":{\"name\":\"Dra. Laura Arrey\",\"@id\":\"https:\/\/www.movistar.es\/blog\/#\/schema\/person\/382b2e7f4eb1ddf64771f9c89692efa8\"},\"headline\":\"Conjuntivitis al\u00e9rgica: una conjuntivitis con nombre de estaci\u00f3n\",\"datePublished\":\"2023-05-17T10:15:01+00:00\",\"dateModified\":\"2023-09-13T11:54:25+00:00\",\"mainEntityOfPage\":{\"@id\":\"https:\/\/www.movistar.es\/blog\/salud\/conjuntivitis-alergica\/\"},\"wordCount\":837,\"publisher\":{\"@id\":\"https:\/\/www.movistar.es\/blog\/#organization\"},\"image\":{\"@id\":\"https:\/\/www.movistar.es\/blog\/salud\/conjuntivitis-alergica\/#primaryimage\"},\"thumbnailUrl\":\"https:\/\/www.movistar.es\/blog\/wp-content\/uploads\/sites\/3\/2023\/05\/alexandru-tudorache-JdjdIjzJl94-unsplash.jpg\",\"inLanguage\":\"es\"},{\"@type\":\"WebPage\",\"@id\":\"https:\/\/www.movistar.es\/blog\/salud\/conjuntivitis-alergica\/\",\"url\":\"https:\/\/www.movistar.es\/blog\/salud\/conjuntivitis-alergica\/\",\"name\":\"Conjuntivitis al\u00e9rgica: una conjuntivitis con nombre de estaci\u00f3n\",\"isPartOf\":{\"@id\":\"https:\/\/www.movistar.es\/blog\/#website\"},\"primaryImageOfPage\":{\"@id\":\"https:\/\/www.movistar.es\/blog\/salud\/conjuntivitis-alergica\/#primaryimage\"},\"image\":{\"@id\":\"https:\/\/www.movistar.es\/blog\/salud\/conjuntivitis-alergica\/#primaryimage\"},\"thumbnailUrl\":\"https:\/\/www.movistar.es\/blog\/wp-content\/uploads\/sites\/3\/2023\/05\/alexandru-tudorache-JdjdIjzJl94-unsplash.jpg\",\"datePublished\":\"2023-05-17T10:15:01+00:00\",\"dateModified\":\"2023-09-13T11:54:25+00:00\",\"description\":\"Descubre qu\u00e9 es la conjuntivitis al\u00e9rgica, cu\u00e1les son sus s\u00edntomas, c\u00f3mo prevenirla y el tratamiento para la conjuntivitis primaveral.\",\"breadcrumb\":{\"@id\":\"https:\/\/www.movistar.es\/blog\/salud\/conjuntivitis-alergica\/#breadcrumb\"},\"inLanguage\":\"es\",\"potentialAction\":[{\"@type\":\"ReadAction\",\"target\":[\"https:\/\/www.movistar.es\/blog\/salud\/conjuntivitis-alergica\/\"]}]},{\"@type\":\"ImageObject\",\"inLanguage\":\"es\",\"@id\":\"https:\/\/www.movistar.es\/blog\/salud\/conjuntivitis-alergica\/#primaryimage\",\"url\":\"https:\/\/www.movistar.es\/blog\/wp-content\/uploads\/sites\/3\/2023\/05\/alexandru-tudorache-JdjdIjzJl94-unsplash.jpg\",\"contentUrl\":\"https:\/\/www.movistar.es\/blog\/wp-content\/uploads\/sites\/3\/2023\/05\/alexandru-tudorache-JdjdIjzJl94-unsplash.jpg\",\"width\":5184,\"height\":2912},{\"@type\":\"BreadcrumbList\",\"@id\":\"https:\/\/www.movistar.es\/blog\/salud\/conjuntivitis-alergica\/#breadcrumb\",\"itemListElement\":[{\"@type\":\"ListItem\",\"position\":1,\"name\":\"Home\",\"item\":\"https:\/\/www.movistar.es\/blog\/\"},{\"@type\":\"ListItem\",\"position\":2,\"name\":\"Conjuntivitis al\u00e9rgica: una conjuntivitis con nombre de estaci\u00f3n\"}]},{\"@type\":\"WebSite\",\"@id\":\"https:\/\/www.movistar.es\/blog\/#website\",\"url\":\"https:\/\/www.movistar.es\/blog\/\",\"name\":\"Movistar blog\",\"description\":\"Movistar Blog. Informaci\u00f3n y m\u00e1s sobre los productos y servicios de Movistar\",\"publisher\":{\"@id\":\"https:\/\/www.movistar.es\/blog\/#organization\"},\"potentialAction\":[{\"@type\":\"SearchAction\",\"target\":{\"@type\":\"EntryPoint\",\"urlTemplate\":\"https:\/\/www.movistar.es\/blog\/?s={search_term_string}\"},\"query-input\":{\"@type\":\"PropertyValueSpecification\",\"valueRequired\":true,\"valueName\":\"search_term_string\"}}],\"inLanguage\":\"es\"},{\"@type\":\"Organization\",\"@id\":\"https:\/\/www.movistar.es\/blog\/#organization\",\"name\":\"Movistar blog\",\"url\":\"https:\/\/www.movistar.es\/blog\/\",\"logo\":{\"@type\":\"ImageObject\",\"inLanguage\":\"es\",\"@id\":\"https:\/\/www.movistar.es\/blog\/#\/schema\/logo\/image\/\",\"url\":\"https:\/\/www.movistar.es\/blog\/wp-content\/uploads\/sites\/3\/2022\/05\/logo_movistar-1.svg\",\"contentUrl\":\"https:\/\/www.movistar.es\/blog\/wp-content\/uploads\/sites\/3\/2022\/05\/logo_movistar-1.svg\",\"width\":369,\"height\":272,\"caption\":\"Movistar blog\"},\"image\":{\"@id\":\"https:\/\/www.movistar.es\/blog\/#\/schema\/logo\/image\/\"}},{\"@type\":\"Person\",\"@id\":\"https:\/\/www.movistar.es\/blog\/#\/schema\/person\/382b2e7f4eb1ddf64771f9c89692efa8\",\"name\":\"Dra. Laura Arrey\",\"image\":{\"@type\":\"ImageObject\",\"inLanguage\":\"es\",\"@id\":\"https:\/\/www.movistar.es\/blog\/#\/schema\/person\/image\/e8a79b0a7b79c6a463e15b75e51a7e6f\",\"url\":\"https:\/\/secure.gravatar.com\/avatar\/bb2a07de0e73b431bf6b32aee7fa46e6c8cf71dd7cab62ea236bd1207bb68041\",\"contentUrl\":\"https:\/\/secure.gravatar.com\/avatar\/bb2a07de0e73b431bf6b32aee7fa46e6c8cf71dd7cab62ea236bd1207bb68041\",\"caption\":\"Dra. Laura Arrey\"},\"description\":\"Licenciada en Medicina y Cirug\u00eda por la UdL y especialista en Medicina familiar y Comunitaria. Ha trabajado como m\u00e9dico de familia en urgencias hospitalarias y en consultas de atenci\u00f3n primaria de varios centros de salud de Barcelona, formando parte tambi\u00e9n de programas de Salud Comunitaria. Durante la pandemia trabaj\u00f3 en la Federaci\u00f3n catalana de Futbol como m\u00e9dico referente en el \u00e1rea Covid. Desde hace seis a\u00f1os trabaja en el \u00e1rea de Telemedicina-urgencias de Teladoc Health, labor que compagina con las consultas asistenciales.\",\"url\":\"https:\/\/www.movistar.es\/blog\/author\/laurarrey\/\"}]}<\/script>\n<!-- \/ Yoast SEO Premium plugin. -->","yoast_head_json":{"title":"Conjuntivitis al\u00e9rgica: una conjuntivitis con nombre de estaci\u00f3n","description":"Descubre qu\u00e9 es la conjuntivitis al\u00e9rgica, cu\u00e1les son sus s\u00edntomas, c\u00f3mo prevenirla y el tratamiento para la conjuntivitis primaveral.","robots":{"index":"index","follow":"follow","max-snippet":"max-snippet:-1","max-image-preview":"max-image-preview:large","max-video-preview":"max-video-preview:-1"},"canonical":"https:\/\/www.movistar.es\/blog\/salud\/conjuntivitis-alergica\/","og_locale":"es_ES","og_type":"article","og_title":"Conjuntivitis al\u00e9rgica: una conjuntivitis con nombre de estaci\u00f3n","og_description":"Descubre qu\u00e9 es la conjuntivitis al\u00e9rgica, cu\u00e1les son sus s\u00edntomas, c\u00f3mo prevenirla y el tratamiento para la conjuntivitis primaveral.","og_url":"https:\/\/www.movistar.es\/blog\/salud\/conjuntivitis-alergica\/","og_site_name":"Movistar blog","article_published_time":"2023-05-17T10:15:01+00:00","article_modified_time":"2023-09-13T11:54:25+00:00","og_image":[{"width":5184,"height":2912,"url":"https:\/\/www.movistar.es\/blog\/wp-content\/uploads\/sites\/3\/2023\/05\/alexandru-tudorache-JdjdIjzJl94-unsplash.jpg","type":"image\/jpeg"}],"author":"Dra. Laura Arrey","twitter_card":"summary_large_image","twitter_misc":{"Written by":"Dra. Laura Arrey","Est. reading time":"4 minutos"},"schema":{"@context":"https:\/\/schema.org","@graph":[{"@type":"Article","@id":"https:\/\/www.movistar.es\/blog\/salud\/conjuntivitis-alergica\/#article","isPartOf":{"@id":"https:\/\/www.movistar.es\/blog\/salud\/conjuntivitis-alergica\/"},"author":{"name":"Dra. Laura Arrey","@id":"https:\/\/www.movistar.es\/blog\/#\/schema\/person\/382b2e7f4eb1ddf64771f9c89692efa8"},"headline":"Conjuntivitis al\u00e9rgica: una conjuntivitis con nombre de estaci\u00f3n","datePublished":"2023-05-17T10:15:01+00:00","dateModified":"2023-09-13T11:54:25+00:00","mainEntityOfPage":{"@id":"https:\/\/www.movistar.es\/blog\/salud\/conjuntivitis-alergica\/"},"wordCount":837,"publisher":{"@id":"https:\/\/www.movistar.es\/blog\/#organization"},"image":{"@id":"https:\/\/www.movistar.es\/blog\/salud\/conjuntivitis-alergica\/#primaryimage"},"thumbnailUrl":"https:\/\/www.movistar.es\/blog\/wp-content\/uploads\/sites\/3\/2023\/05\/alexandru-tudorache-JdjdIjzJl94-unsplash.jpg","inLanguage":"es"},{"@type":"WebPage","@id":"https:\/\/www.movistar.es\/blog\/salud\/conjuntivitis-alergica\/","url":"https:\/\/www.movistar.es\/blog\/salud\/conjuntivitis-alergica\/","name":"Conjuntivitis al\u00e9rgica: una conjuntivitis con nombre de estaci\u00f3n","isPartOf":{"@id":"https:\/\/www.movistar.es\/blog\/#website"},"primaryImageOfPage":{"@id":"https:\/\/www.movistar.es\/blog\/salud\/conjuntivitis-alergica\/#primaryimage"},"image":{"@id":"https:\/\/www.movistar.es\/blog\/salud\/conjuntivitis-alergica\/#primaryimage"},"thumbnailUrl":"https:\/\/www.movistar.es\/blog\/wp-content\/uploads\/sites\/3\/2023\/05\/alexandru-tudorache-JdjdIjzJl94-unsplash.jpg","datePublished":"2023-05-17T10:15:01+00:00","dateModified":"2023-09-13T11:54:25+00:00","description":"Descubre qu\u00e9 es la conjuntivitis al\u00e9rgica, cu\u00e1les son sus s\u00edntomas, c\u00f3mo prevenirla y el tratamiento para la conjuntivitis primaveral.","breadcrumb":{"@id":"https:\/\/www.movistar.es\/blog\/salud\/conjuntivitis-alergica\/#breadcrumb"},"inLanguage":"es","potentialAction":[{"@type":"ReadAction","target":["https:\/\/www.movistar.es\/blog\/salud\/conjuntivitis-alergica\/"]}]},{"@type":"ImageObject","inLanguage":"es","@id":"https:\/\/www.movistar.es\/blog\/salud\/conjuntivitis-alergica\/#primaryimage","url":"https:\/\/www.movistar.es\/blog\/wp-content\/uploads\/sites\/3\/2023\/05\/alexandru-tudorache-JdjdIjzJl94-unsplash.jpg","contentUrl":"https:\/\/www.movistar.es\/blog\/wp-content\/uploads\/sites\/3\/2023\/05\/alexandru-tudorache-JdjdIjzJl94-unsplash.jpg","width":5184,"height":2912},{"@type":"BreadcrumbList","@id":"https:\/\/www.movistar.es\/blog\/salud\/conjuntivitis-alergica\/#breadcrumb","itemListElement":[{"@type":"ListItem","position":1,"name":"Home","item":"https:\/\/www.movistar.es\/blog\/"},{"@type":"ListItem","position":2,"name":"Conjuntivitis al\u00e9rgica: una conjuntivitis con nombre de estaci\u00f3n"}]},{"@type":"WebSite","@id":"https:\/\/www.movistar.es\/blog\/#website","url":"https:\/\/www.movistar.es\/blog\/","name":"Movistar blog","description":"Movistar Blog. Informaci\u00f3n y m\u00e1s sobre los productos y servicios de Movistar","publisher":{"@id":"https:\/\/www.movistar.es\/blog\/#organization"},"potentialAction":[{"@type":"SearchAction","target":{"@type":"EntryPoint","urlTemplate":"https:\/\/www.movistar.es\/blog\/?s={search_term_string}"},"query-input":{"@type":"PropertyValueSpecification","valueRequired":true,"valueName":"search_term_string"}}],"inLanguage":"es"},{"@type":"Organization","@id":"https:\/\/www.movistar.es\/blog\/#organization","name":"Movistar blog","url":"https:\/\/www.movistar.es\/blog\/","logo":{"@type":"ImageObject","inLanguage":"es","@id":"https:\/\/www.movistar.es\/blog\/#\/schema\/logo\/image\/","url":"https:\/\/www.movistar.es\/blog\/wp-content\/uploads\/sites\/3\/2022\/05\/logo_movistar-1.svg","contentUrl":"https:\/\/www.movistar.es\/blog\/wp-content\/uploads\/sites\/3\/2022\/05\/logo_movistar-1.svg","width":369,"height":272,"caption":"Movistar blog"},"image":{"@id":"https:\/\/www.movistar.es\/blog\/#\/schema\/logo\/image\/"}},{"@type":"Person","@id":"https:\/\/www.movistar.es\/blog\/#\/schema\/person\/382b2e7f4eb1ddf64771f9c89692efa8","name":"Dra. Laura Arrey","image":{"@type":"ImageObject","inLanguage":"es","@id":"https:\/\/www.movistar.es\/blog\/#\/schema\/person\/image\/e8a79b0a7b79c6a463e15b75e51a7e6f","url":"https:\/\/secure.gravatar.com\/avatar\/bb2a07de0e73b431bf6b32aee7fa46e6c8cf71dd7cab62ea236bd1207bb68041","contentUrl":"https:\/\/secure.gravatar.com\/avatar\/bb2a07de0e73b431bf6b32aee7fa46e6c8cf71dd7cab62ea236bd1207bb68041","caption":"Dra. Laura Arrey"},"description":"Licenciada en Medicina y Cirug\u00eda por la UdL y especialista en Medicina familiar y Comunitaria. Ha trabajado como m\u00e9dico de familia en urgencias hospitalarias y en consultas de atenci\u00f3n primaria de varios centros de salud de Barcelona, formando parte tambi\u00e9n de programas de Salud Comunitaria. Durante la pandemia trabaj\u00f3 en la Federaci\u00f3n catalana de Futbol como m\u00e9dico referente en el \u00e1rea Covid. Desde hace seis a\u00f1os trabaja en el \u00e1rea de Telemedicina-urgencias de Teladoc Health, labor que compagina con las consultas asistenciales.","url":"https:\/\/www.movistar.es\/blog\/author\/laurarrey\/"}]}},"jetpack_featured_media_url":"https:\/\/www.movistar.es\/blog\/wp-content\/uploads\/sites\/3\/2023\/05\/alexandru-tudorache-JdjdIjzJl94-unsplash.jpg","jetpack_sharing_enabled":true,"_links":{"self":[{"href":"https:\/\/www.movistar.es\/blog\/wp-json\/wp\/v2\/posts\/13172","targetHints":{"allow":["GET"]}}],"collection":[{"href":"https:\/\/www.movistar.es\/blog\/wp-json\/wp\/v2\/posts"}],"about":[{"href":"https:\/\/www.movistar.es\/blog\/wp-json\/wp\/v2\/types\/post"}],"author":[{"embeddable":true,"href":"https:\/\/www.movistar.es\/blog\/wp-json\/wp\/v2\/users\/178"}],"replies":[{"embeddable":true,"href":"https:\/\/www.movistar.es\/blog\/wp-json\/wp\/v2\/comments?post=13172"}],"version-history":[{"count":6,"href":"https:\/\/www.movistar.es\/blog\/wp-json\/wp\/v2\/posts\/13172\/revisions"}],"predecessor-version":[{"id":17175,"href":"https:\/\/www.movistar.es\/blog\/wp-json\/wp\/v2\/posts\/13172\/revisions\/17175"}],"wp:featuredmedia":[{"embeddable":true,"href":"https:\/\/www.movistar.es\/blog\/wp-json\/wp\/v2\/media\/13182"}],"wp:attachment":[{"href":"https:\/\/www.movistar.es\/blog\/wp-json\/wp\/v2\/media?parent=13172"}],"wp:term":[{"taxonomy":"category","embeddable":true,"href":"https:\/\/www.movistar.es\/blog\/wp-json\/wp\/v2\/categories?post=13172"},{"taxonomy":"post_tag","embeddable":true,"href":"https:\/\/www.movistar.es\/blog\/wp-json\/wp\/v2\/tags?post=13172"},{"taxonomy":"area","embeddable":true,"href":"https:\/\/www.movistar.es\/blog\/wp-json\/wp\/v2\/area?post=13172"},{"taxonomy":"cluster","embeddable":true,"href":"https:\/\/www.movistar.es\/blog\/wp-json\/wp\/v2\/cluster?post=13172"},{"taxonomy":"linea_editorial","embeddable":true,"href":"https:\/\/www.movistar.es\/blog\/wp-json\/wp\/v2\/linea_editorial?post=13172"},{"taxonomy":"author","embeddable":true,"href":"https:\/\/www.movistar.es\/blog\/wp-json\/wp\/v2\/coauthors?post=13172"}],"curies":[{"name":"wp","href":"https:\/\/api.w.org\/{rel}","templated":true}]}}