{"id":12999,"date":"2023-05-10T18:16:51","date_gmt":"2023-05-10T16:16:51","guid":{"rendered":"https:\/\/www.movistar.es\/blog\/?p=12999"},"modified":"2023-05-10T18:16:52","modified_gmt":"2023-05-10T16:16:52","slug":"coronacion-carlos-iii-movistar-plus","status":"publish","type":"post","link":"https:\/\/www.movistar.es\/blog\/movistar-plus\/coronacion-carlos-iii-movistar-plus\/","title":{"rendered":"&#8216;Carlos III: El hombre detr\u00e1s de la corona&#8217; llega a Movistar Plus+ despu\u00e9s de su coronaci\u00f3n"},"content":{"rendered":"\n<p>El pasado s\u00e1bado 6 de mayo vivimos la coronaci\u00f3n de <strong>Carlos III<\/strong>. Un momento que, sin duda, pasar\u00e1 a los anales de la historia y permanecer\u00e1 en la memoria de todos los que hemos podido presenciarlo.<\/p>\n\n\n\n<p>Sin embargo, la figura de Carlos III, al igual que la de los reyes de Inglaterra que le han precedido, no est\u00e1 exenta de pol\u00e9micas, de luces y de sombras. Por suerte, el estreno del documental <em><strong>Carlos III: El hombre detr\u00e1s de la corona<\/strong><\/em> en <strong>Movistar Plus+<\/strong>, nos permitir\u00e1 conocer en profundidad la vida del actual monarca del Reino Unido.<\/p>\n\n\n\n<h2 class=\"wp-block-heading\" class=\"wp-block-heading\" id=\"la-figura-de-carlos-iii-mas-alla-de-su-coronacion\">La figura de Carlos III, m\u00e1s all\u00e1 de su coronaci\u00f3n<\/h2>\n\n\n\n<p>No cabe duda de que el fallecimiento de la reina<strong> <a href=\"https:\/\/historia.nationalgeographic.com.es\/a\/isabel-ii-reino-unido-gran-reina-europea-siglo-xx_18267\" target=\"_blank\" rel=\"noreferrer noopener\">Isabel II<\/a><\/strong>, ha supuesto un antes y un despu\u00e9s en la historia de<strong> Reino Unido<\/strong>. Y no solo por la p\u00e9rdida de una persona muy querida por los ciudadanos de los pa\u00edses en los que rein\u00f3. Tambi\u00e9n porque, tras su marcha, ha llegado el momento de que su hijo, Carlos III, se siente, al fin, en el trono.<\/p>\n\n\n\n<p>Ahora, <em>Carlos III: El hombre detr\u00e1s de la corona<\/em>, ya disponible en Movistar Plus+, nos acerca a su vida. Y lo hace desde una <strong>mirada \u00edntima<\/strong> y personal, contando con los testimonios de aquellos que mejor le conocen o le han conocido.<\/p>\n\n\n\n<p>En este documental, podemos disfrutar de entrevistas a un selecto grupo de personas<strong> muy cercanas al monarca<\/strong>. Nos encontramos con los testimonios de dos de sus ex novias, antiguos empleados, bi\u00f3grafos de la casa real, su ahijada o un antiguo compa\u00f1ero de internado, entre otros.<\/p>\n\n\n\n<figure class=\"wp-block-embed is-type-video is-provider-youtube wp-block-embed-youtube wp-embed-aspect-16-9 wp-has-aspect-ratio\"><div class=\"wp-block-embed__wrapper\">\nhttps:\/\/www.youtube.com\/watch?v=qX4BVOV-vJU&#038;ab_channel=FilmAffinity\n<\/div><\/figure>\n\n\n\n<p><em>Carlos III: El hombre detr\u00e1s de la corona<\/em>, tambi\u00e9n cuenta con toneladas de <strong>materiales in\u00e9ditos<\/strong> hasta ahora. Desde v\u00eddeos e im\u00e1genes exclusivas, hasta confesiones nunca antes mostradas ante la c\u00e1mara.&nbsp;<\/p>\n\n\n\n<p>As\u00ed pues, este documental es un acercamiento meticuloso a una figura fundamental de nuestro tiempo. Una revisi\u00f3n de la vida del hombre que ha estado 70 a\u00f1os prepar\u00e1ndose para ser rey y cuyo momento ha llegado. En \u00e9l, se repasa su trayectoria vital al completo: desde sus primeros a\u00f1os en palacio, a la situaci\u00f3n actual con el<strong> pr\u00edncipe Harry<\/strong> alejado de la familia real brit\u00e1nica.<\/p>\n\n\n\n<p>Como ya hemos mencionado, est\u00e1 disponible en <strong><a href=\"https:\/\/www.movistar.es\/particulares\/movistarplus\" target=\"_blank\" rel=\"noreferrer noopener\">Movistar Plus+<\/a><\/strong> desde el pasado 5 de mayo. Y, desde ya, se ha convertido en uno de los <a href=\"https:\/\/www.movistar.es\/blog\/movistar-plus\/series-documentales-peliculas-sobre-el-metaverso-en-movistar-plus\/\" target=\"_blank\" rel=\"noreferrer noopener\">documentales<\/a> m\u00e1s interesantes que podemos encontrar en la plataforma. Ideal si queremos profundizar en la figura de Carlos III despu\u00e9s de su coronaci\u00f3n.<\/p>\n\n\n\n<h2 class=\"wp-block-heading\" id=\"h-movistar-plus-y-su-extensa-variedad-de-documentales\">Movistar Plus+ y su extensa variedad de documentales<\/h2>\n\n\n\n<p>Los clientes de Movistar Plus+, sin duda, saben que la mayor baza de la plataforma azul es su variedad de contenidos. Podemos encontrar programas de todo tipo: las mejores <a href=\"https:\/\/www.movistar.es\/blog\/movistar-plus\/partidos-de-champions-y-las-competiciones-europeas-movistar\/\" target=\"_blank\" rel=\"noreferrer noopener\">competiciones<\/a> deportivas, <a href=\"https:\/\/www.movistar.es\/blog\/movistar-plus\/series-de-movistar-plus\/\" target=\"_blank\" rel=\"noreferrer noopener\">series<\/a>, pel\u00edculas y, por supuesto,<strong> documentales<\/strong>.<\/p>\n\n\n\n<p>La plataforma de streaming de Movistar ofrece de<strong> cualquier tem\u00e1tica<\/strong>. Desde documentales hist\u00f3ricos y biogr\u00e1ficos como es el caso de la coronaci\u00f3n de Carlos III, hasta otros centrados en naturaleza, ciencia o m\u00fasica. Y esto es tan solo por poner unos pocos ejemplos de los que podemos encontrarnos.<\/p>\n\n\n\n<p>Adem\u00e1s, si buscar saber m\u00e1s sobre los reyes de Inglaterra, m\u00e1s all\u00e1 de Carlos III, podr\u00e1s disfrutar de<em><strong> <a href=\"https:\/\/comunicacion.movistarplus.es\/email\/isabel-ii-dios-salve-a-la-reina-documental-de-estreno-en-movistar\/\" target=\"_blank\" rel=\"noreferrer noopener\">Isabel II: Dios salve a la reina<\/a><\/strong><\/em>. En \u00e9l, se repasa, de forma minuciosa, la figura de la monarca m\u00e1s influyente del pasado y del presente siglo. As\u00ed que, si buscas contenido relacionado con la realeza brit\u00e1nica despu\u00e9s de la coronaci\u00f3n de Carlos III, esta es una gran oportunidad.<\/p>\n\n\n\n<p>Pero esto no es todo. En Movistar Plus+ encontrar\u00e1s documentales tan celebrados por la cr\u00edtica y el p\u00fablico como <em><a href=\"https:\/\/www.filmaffinity.com\/es\/film522238.html\" target=\"_blank\" rel=\"noreferrer noopener\"><strong>Trump en tuits<\/strong><\/a><\/em>, <em><strong>El \u00faltimo a\u00f1o de Hitler<\/strong><\/em> o <strong><em><a href=\"https:\/\/www.filmaffinity.com\/es\/film160843.html\" target=\"_blank\" rel=\"noreferrer noopener\">C\u00f3mo sobrevivir a una pandemia<\/a><\/em><\/strong>, entre muchos otros.<\/p>\n\n\n\n<p>As\u00ed que si quieres disfrutar de todo este contenido y mucho m\u00e1s, no lo pienses m\u00e1s y \u00fanete ya a <a href=\"https:\/\/www.movistar.es\/particulares\/movistarplus\" target=\"_blank\" rel=\"noreferrer noopener\"><strong>Movistar Plus+<\/strong><\/a>. Todo lo que te puedas imaginar, est\u00e1 a tu alcance.<\/p>\n","protected":false},"excerpt":{"rendered":"<p>El pasado s\u00e1bado 6 de mayo vivimos la coronaci\u00f3n de Carlos III. Un momento que, sin duda, pasar\u00e1 a los anales de la historia y permanecer\u00e1 en la memoria de todos los que hemos podido [&hellip;]<\/p>\n","protected":false},"author":93,"featured_media":13000,"comment_status":"closed","ping_status":"closed","sticky":false,"template":"","format":"standard","meta":{"site-sidebar-layout":"default","site-content-layout":"","ast-site-content-layout":"","site-content-style":"default","site-sidebar-style":"default","ast-global-header-display":"","ast-banner-title-visibility":"","ast-main-header-display":"","ast-hfb-above-header-display":"","ast-hfb-below-header-display":"","ast-hfb-mobile-header-display":"","site-post-title":"","ast-breadcrumbs-content":"","ast-featured-img":"","footer-sml-layout":"","theme-transparent-header-meta":"","adv-header-id-meta":"","stick-header-meta":"","header-above-stick-meta":"","header-main-stick-meta":"","header-below-stick-meta":"","astra-migrate-meta-layouts":"default","ast-page-background-enabled":"default","ast-page-background-meta":{"desktop":{"background-color":"var(--ast-global-color-4)","background-image":"","background-repeat":"repeat","background-position":"center center","background-size":"auto","background-attachment":"scroll","background-type":"","background-media":"","overlay-type":"","overlay-color":"","overlay-opacity":"","overlay-gradient":""},"tablet":{"background-color":"","background-image":"","background-repeat":"repeat","background-position":"center center","background-size":"auto","background-attachment":"scroll","background-type":"","background-media":"","overlay-type":"","overlay-color":"","overlay-opacity":"","overlay-gradient":""},"mobile":{"background-color":"","background-image":"","background-repeat":"repeat","background-position":"center center","background-size":"auto","background-attachment":"scroll","background-type":"","background-media":"","overlay-type":"","overlay-color":"","overlay-opacity":"","overlay-gradient":""}},"ast-content-background-meta":{"desktop":{"background-color":"var(--ast-global-color-5)","background-image":"","background-repeat":"repeat","background-position":"center center","background-size":"auto","background-attachment":"scroll","background-type":"","background-media":"","overlay-type":"","overlay-color":"","overlay-opacity":"","overlay-gradient":""},"tablet":{"background-color":"var(--ast-global-color-5)","background-image":"","background-repeat":"repeat","background-position":"center center","background-size":"auto","background-attachment":"scroll","background-type":"","background-media":"","overlay-type":"","overlay-color":"","overlay-opacity":"","overlay-gradient":""},"mobile":{"background-color":"var(--ast-global-color-5)","background-image":"","background-repeat":"repeat","background-position":"center center","background-size":"auto","background-attachment":"scroll","background-type":"","background-media":"","overlay-type":"","overlay-color":"","overlay-opacity":"","overlay-gradient":""}},"_jetpack_memberships_contains_paid_content":false,"footnotes":""},"categories":[1],"tags":[],"area":[427],"cluster":[45],"linea_editorial":[],"coauthors":[467],"class_list":["post-12999","post","type-post","status-publish","format-standard","has-post-thumbnail","hentry","category-sin-categoria","area-gametv","cluster-movistar-plus"],"yoast_head":"<!-- This site is optimized with the Yoast SEO Premium plugin v25.5 (Yoast SEO v25.5) - https:\/\/yoast.com\/wordpress\/plugins\/seo\/ -->\n<title>Coronaci\u00f3n Carlos III: El hombre detr\u00e1s de la corona&#039; en Movistar Plus+<\/title>\n<meta name=\"description\" content=\"Lo que necesitas saber sobre el documental &#039;Carlos III: El hombre detr\u00e1s de la corona&#039; y su llegada Movistar Plus+ despu\u00e9s de su coronaci\u00f3n\" \/>\n<meta name=\"robots\" content=\"index, follow, max-snippet:-1, max-image-preview:large, max-video-preview:-1\" \/>\n<link rel=\"canonical\" href=\"https:\/\/www.movistar.es\/blog\/movistar-plus\/coronacion-carlos-iii-movistar-plus\/\" \/>\n<meta property=\"og:locale\" content=\"es_ES\" \/>\n<meta property=\"og:type\" content=\"article\" \/>\n<meta property=\"og:title\" content=\"&#039;Carlos III: El hombre detr\u00e1s de la corona&#039; llega a Movistar Plus+ despu\u00e9s de su coronaci\u00f3n\" \/>\n<meta property=\"og:description\" content=\"Lo que necesitas saber sobre el documental &#039;Carlos III: El hombre detr\u00e1s de la corona&#039; y su llegada Movistar Plus+ despu\u00e9s de su coronaci\u00f3n\" \/>\n<meta property=\"og:url\" content=\"https:\/\/www.movistar.es\/blog\/movistar-plus\/coronacion-carlos-iii-movistar-plus\/\" \/>\n<meta property=\"og:site_name\" content=\"Movistar blog\" \/>\n<meta property=\"article:author\" content=\"movistar.es\/\" \/>\n<meta property=\"article:published_time\" content=\"2023-05-10T16:16:51+00:00\" \/>\n<meta property=\"article:modified_time\" content=\"2023-05-10T16:16:52+00:00\" \/>\n<meta property=\"og:image\" content=\"https:\/\/www.movistar.es\/blog\/wp-content\/uploads\/sites\/3\/2023\/05\/carlos-iii-e1683629606373.jpg\" \/>\n\t<meta property=\"og:image:width\" content=\"1000\" \/>\n\t<meta property=\"og:image:height\" content=\"472\" \/>\n\t<meta property=\"og:image:type\" content=\"image\/jpeg\" \/>\n<meta name=\"author\" content=\"Equipo de Redacci\u00f3n\" \/>\n<meta name=\"twitter:card\" content=\"summary_large_image\" \/>\n<meta name=\"twitter:creator\" content=\"@movistar_es\" \/>\n<meta name=\"twitter:label1\" content=\"Written by\" \/>\n\t<meta name=\"twitter:data1\" content=\"Equipo de Redacci\u00f3n\" \/>\n\t<meta name=\"twitter:label2\" content=\"Est. reading time\" \/>\n\t<meta name=\"twitter:data2\" content=\"3 minutos\" \/>\n<script type=\"application\/ld+json\" class=\"yoast-schema-graph\">{\"@context\":\"https:\/\/schema.org\",\"@graph\":[{\"@type\":\"Article\",\"@id\":\"https:\/\/www.movistar.es\/blog\/movistar-plus\/coronacion-carlos-iii-movistar-plus\/#article\",\"isPartOf\":{\"@id\":\"https:\/\/www.movistar.es\/blog\/movistar-plus\/coronacion-carlos-iii-movistar-plus\/\"},\"author\":{\"name\":\"Equipo de Redacci\u00f3n\",\"@id\":\"https:\/\/www.movistar.es\/blog\/#\/schema\/person\/6184006f5def4638e52e2d0ff98bd55a\"},\"headline\":\"&#8216;Carlos III: El hombre detr\u00e1s de la corona&#8217; llega a Movistar Plus+ despu\u00e9s de su coronaci\u00f3n\",\"datePublished\":\"2023-05-10T16:16:51+00:00\",\"dateModified\":\"2023-05-10T16:16:52+00:00\",\"mainEntityOfPage\":{\"@id\":\"https:\/\/www.movistar.es\/blog\/movistar-plus\/coronacion-carlos-iii-movistar-plus\/\"},\"wordCount\":711,\"publisher\":{\"@id\":\"https:\/\/www.movistar.es\/blog\/#organization\"},\"image\":{\"@id\":\"https:\/\/www.movistar.es\/blog\/movistar-plus\/coronacion-carlos-iii-movistar-plus\/#primaryimage\"},\"thumbnailUrl\":\"https:\/\/www.movistar.es\/blog\/wp-content\/uploads\/sites\/3\/2023\/05\/carlos-iii-e1683629606373.jpg\",\"inLanguage\":\"es\"},{\"@type\":\"WebPage\",\"@id\":\"https:\/\/www.movistar.es\/blog\/movistar-plus\/coronacion-carlos-iii-movistar-plus\/\",\"url\":\"https:\/\/www.movistar.es\/blog\/movistar-plus\/coronacion-carlos-iii-movistar-plus\/\",\"name\":\"Coronaci\u00f3n Carlos III: El hombre detr\u00e1s de la corona' en Movistar Plus+\",\"isPartOf\":{\"@id\":\"https:\/\/www.movistar.es\/blog\/#website\"},\"primaryImageOfPage\":{\"@id\":\"https:\/\/www.movistar.es\/blog\/movistar-plus\/coronacion-carlos-iii-movistar-plus\/#primaryimage\"},\"image\":{\"@id\":\"https:\/\/www.movistar.es\/blog\/movistar-plus\/coronacion-carlos-iii-movistar-plus\/#primaryimage\"},\"thumbnailUrl\":\"https:\/\/www.movistar.es\/blog\/wp-content\/uploads\/sites\/3\/2023\/05\/carlos-iii-e1683629606373.jpg\",\"datePublished\":\"2023-05-10T16:16:51+00:00\",\"dateModified\":\"2023-05-10T16:16:52+00:00\",\"description\":\"Lo que necesitas saber sobre el documental 'Carlos III: El hombre detr\u00e1s de la corona' y su llegada Movistar Plus+ despu\u00e9s de su coronaci\u00f3n\",\"breadcrumb\":{\"@id\":\"https:\/\/www.movistar.es\/blog\/movistar-plus\/coronacion-carlos-iii-movistar-plus\/#breadcrumb\"},\"inLanguage\":\"es\",\"potentialAction\":[{\"@type\":\"ReadAction\",\"target\":[\"https:\/\/www.movistar.es\/blog\/movistar-plus\/coronacion-carlos-iii-movistar-plus\/\"]}]},{\"@type\":\"ImageObject\",\"inLanguage\":\"es\",\"@id\":\"https:\/\/www.movistar.es\/blog\/movistar-plus\/coronacion-carlos-iii-movistar-plus\/#primaryimage\",\"url\":\"https:\/\/www.movistar.es\/blog\/wp-content\/uploads\/sites\/3\/2023\/05\/carlos-iii-e1683629606373.jpg\",\"contentUrl\":\"https:\/\/www.movistar.es\/blog\/wp-content\/uploads\/sites\/3\/2023\/05\/carlos-iii-e1683629606373.jpg\",\"width\":1000,\"height\":472,\"caption\":\"carlos iii coronaci\u00f3n\"},{\"@type\":\"BreadcrumbList\",\"@id\":\"https:\/\/www.movistar.es\/blog\/movistar-plus\/coronacion-carlos-iii-movistar-plus\/#breadcrumb\",\"itemListElement\":[{\"@type\":\"ListItem\",\"position\":1,\"name\":\"Home\",\"item\":\"https:\/\/www.movistar.es\/blog\/\"},{\"@type\":\"ListItem\",\"position\":2,\"name\":\"&#8216;Carlos III: El hombre detr\u00e1s de la corona&#8217; llega a Movistar Plus+ despu\u00e9s de su coronaci\u00f3n\"}]},{\"@type\":\"WebSite\",\"@id\":\"https:\/\/www.movistar.es\/blog\/#website\",\"url\":\"https:\/\/www.movistar.es\/blog\/\",\"name\":\"Movistar blog\",\"description\":\"Movistar Blog. Informaci\u00f3n y m\u00e1s sobre los productos y servicios de Movistar\",\"publisher\":{\"@id\":\"https:\/\/www.movistar.es\/blog\/#organization\"},\"potentialAction\":[{\"@type\":\"SearchAction\",\"target\":{\"@type\":\"EntryPoint\",\"urlTemplate\":\"https:\/\/www.movistar.es\/blog\/?s={search_term_string}\"},\"query-input\":{\"@type\":\"PropertyValueSpecification\",\"valueRequired\":true,\"valueName\":\"search_term_string\"}}],\"inLanguage\":\"es\"},{\"@type\":\"Organization\",\"@id\":\"https:\/\/www.movistar.es\/blog\/#organization\",\"name\":\"Movistar blog\",\"url\":\"https:\/\/www.movistar.es\/blog\/\",\"logo\":{\"@type\":\"ImageObject\",\"inLanguage\":\"es\",\"@id\":\"https:\/\/www.movistar.es\/blog\/#\/schema\/logo\/image\/\",\"url\":\"https:\/\/www.movistar.es\/blog\/wp-content\/uploads\/sites\/3\/2022\/05\/logo_movistar-1.svg\",\"contentUrl\":\"https:\/\/www.movistar.es\/blog\/wp-content\/uploads\/sites\/3\/2022\/05\/logo_movistar-1.svg\",\"width\":369,\"height\":272,\"caption\":\"Movistar blog\"},\"image\":{\"@id\":\"https:\/\/www.movistar.es\/blog\/#\/schema\/logo\/image\/\"}},{\"@type\":\"Person\",\"@id\":\"https:\/\/www.movistar.es\/blog\/#\/schema\/person\/6184006f5def4638e52e2d0ff98bd55a\",\"name\":\"Equipo de Redacci\u00f3n\",\"image\":{\"@type\":\"ImageObject\",\"inLanguage\":\"es\",\"@id\":\"https:\/\/www.movistar.es\/blog\/#\/schema\/person\/image\/8dbf7dc767c23aa5f974d575dda930c5\",\"url\":\"https:\/\/secure.gravatar.com\/avatar\/ce5aadad84c2aeb36c9813c46e41a53b0c9cc1d57205e8cde4bdf0ed790b3c97\",\"contentUrl\":\"https:\/\/secure.gravatar.com\/avatar\/ce5aadad84c2aeb36c9813c46e41a53b0c9cc1d57205e8cde4bdf0ed790b3c97\",\"caption\":\"Equipo de Redacci\u00f3n\"},\"description\":\"Buscamos temas de tu inter\u00e9s. Te contamos c\u00f3mo pueden ayudarte en tu d\u00eda a d\u00eda los productos y servicios de Movistar. No queremos venderte nada. Queremos descubrirte cosas para hacerte la vida m\u00e1s f\u00e1cil.\",\"sameAs\":[\"https:\/\/www.movistar.es\/\",\"movistar.es\/\",\"https:\/\/www.instagram.com\/movistar_es\/?hl=es\",\"https:\/\/x.com\/movistar_es\"],\"knowsAbout\":[\"smartphones\",\"conectividad\",\"hogar digital\",\"ciberseguridad\"],\"url\":\"https:\/\/www.movistar.es\/blog\/author\/contentmovistar\/\"}]}<\/script>\n<!-- \/ Yoast SEO Premium plugin. -->","yoast_head_json":{"title":"Coronaci\u00f3n Carlos III: El hombre detr\u00e1s de la corona' en Movistar Plus+","description":"Lo que necesitas saber sobre el documental 'Carlos III: El hombre detr\u00e1s de la corona' y su llegada Movistar Plus+ despu\u00e9s de su coronaci\u00f3n","robots":{"index":"index","follow":"follow","max-snippet":"max-snippet:-1","max-image-preview":"max-image-preview:large","max-video-preview":"max-video-preview:-1"},"canonical":"https:\/\/www.movistar.es\/blog\/movistar-plus\/coronacion-carlos-iii-movistar-plus\/","og_locale":"es_ES","og_type":"article","og_title":"'Carlos III: El hombre detr\u00e1s de la corona' llega a Movistar Plus+ despu\u00e9s de su coronaci\u00f3n","og_description":"Lo que necesitas saber sobre el documental 'Carlos III: El hombre detr\u00e1s de la corona' y su llegada Movistar Plus+ despu\u00e9s de su coronaci\u00f3n","og_url":"https:\/\/www.movistar.es\/blog\/movistar-plus\/coronacion-carlos-iii-movistar-plus\/","og_site_name":"Movistar blog","article_author":"movistar.es\/","article_published_time":"2023-05-10T16:16:51+00:00","article_modified_time":"2023-05-10T16:16:52+00:00","og_image":[{"width":1000,"height":472,"url":"https:\/\/www.movistar.es\/blog\/wp-content\/uploads\/sites\/3\/2023\/05\/carlos-iii-e1683629606373.jpg","type":"image\/jpeg"}],"author":"Equipo de Redacci\u00f3n","twitter_card":"summary_large_image","twitter_creator":"@movistar_es","twitter_misc":{"Written by":"Equipo de Redacci\u00f3n","Est. reading time":"3 minutos"},"schema":{"@context":"https:\/\/schema.org","@graph":[{"@type":"Article","@id":"https:\/\/www.movistar.es\/blog\/movistar-plus\/coronacion-carlos-iii-movistar-plus\/#article","isPartOf":{"@id":"https:\/\/www.movistar.es\/blog\/movistar-plus\/coronacion-carlos-iii-movistar-plus\/"},"author":{"name":"Equipo de Redacci\u00f3n","@id":"https:\/\/www.movistar.es\/blog\/#\/schema\/person\/6184006f5def4638e52e2d0ff98bd55a"},"headline":"&#8216;Carlos III: El hombre detr\u00e1s de la corona&#8217; llega a Movistar Plus+ despu\u00e9s de su coronaci\u00f3n","datePublished":"2023-05-10T16:16:51+00:00","dateModified":"2023-05-10T16:16:52+00:00","mainEntityOfPage":{"@id":"https:\/\/www.movistar.es\/blog\/movistar-plus\/coronacion-carlos-iii-movistar-plus\/"},"wordCount":711,"publisher":{"@id":"https:\/\/www.movistar.es\/blog\/#organization"},"image":{"@id":"https:\/\/www.movistar.es\/blog\/movistar-plus\/coronacion-carlos-iii-movistar-plus\/#primaryimage"},"thumbnailUrl":"https:\/\/www.movistar.es\/blog\/wp-content\/uploads\/sites\/3\/2023\/05\/carlos-iii-e1683629606373.jpg","inLanguage":"es"},{"@type":"WebPage","@id":"https:\/\/www.movistar.es\/blog\/movistar-plus\/coronacion-carlos-iii-movistar-plus\/","url":"https:\/\/www.movistar.es\/blog\/movistar-plus\/coronacion-carlos-iii-movistar-plus\/","name":"Coronaci\u00f3n Carlos III: El hombre detr\u00e1s de la corona' en Movistar Plus+","isPartOf":{"@id":"https:\/\/www.movistar.es\/blog\/#website"},"primaryImageOfPage":{"@id":"https:\/\/www.movistar.es\/blog\/movistar-plus\/coronacion-carlos-iii-movistar-plus\/#primaryimage"},"image":{"@id":"https:\/\/www.movistar.es\/blog\/movistar-plus\/coronacion-carlos-iii-movistar-plus\/#primaryimage"},"thumbnailUrl":"https:\/\/www.movistar.es\/blog\/wp-content\/uploads\/sites\/3\/2023\/05\/carlos-iii-e1683629606373.jpg","datePublished":"2023-05-10T16:16:51+00:00","dateModified":"2023-05-10T16:16:52+00:00","description":"Lo que necesitas saber sobre el documental 'Carlos III: El hombre detr\u00e1s de la corona' y su llegada Movistar Plus+ despu\u00e9s de su coronaci\u00f3n","breadcrumb":{"@id":"https:\/\/www.movistar.es\/blog\/movistar-plus\/coronacion-carlos-iii-movistar-plus\/#breadcrumb"},"inLanguage":"es","potentialAction":[{"@type":"ReadAction","target":["https:\/\/www.movistar.es\/blog\/movistar-plus\/coronacion-carlos-iii-movistar-plus\/"]}]},{"@type":"ImageObject","inLanguage":"es","@id":"https:\/\/www.movistar.es\/blog\/movistar-plus\/coronacion-carlos-iii-movistar-plus\/#primaryimage","url":"https:\/\/www.movistar.es\/blog\/wp-content\/uploads\/sites\/3\/2023\/05\/carlos-iii-e1683629606373.jpg","contentUrl":"https:\/\/www.movistar.es\/blog\/wp-content\/uploads\/sites\/3\/2023\/05\/carlos-iii-e1683629606373.jpg","width":1000,"height":472,"caption":"carlos iii coronaci\u00f3n"},{"@type":"BreadcrumbList","@id":"https:\/\/www.movistar.es\/blog\/movistar-plus\/coronacion-carlos-iii-movistar-plus\/#breadcrumb","itemListElement":[{"@type":"ListItem","position":1,"name":"Home","item":"https:\/\/www.movistar.es\/blog\/"},{"@type":"ListItem","position":2,"name":"&#8216;Carlos III: El hombre detr\u00e1s de la corona&#8217; llega a Movistar Plus+ despu\u00e9s de su coronaci\u00f3n"}]},{"@type":"WebSite","@id":"https:\/\/www.movistar.es\/blog\/#website","url":"https:\/\/www.movistar.es\/blog\/","name":"Movistar blog","description":"Movistar Blog. Informaci\u00f3n y m\u00e1s sobre los productos y servicios de Movistar","publisher":{"@id":"https:\/\/www.movistar.es\/blog\/#organization"},"potentialAction":[{"@type":"SearchAction","target":{"@type":"EntryPoint","urlTemplate":"https:\/\/www.movistar.es\/blog\/?s={search_term_string}"},"query-input":{"@type":"PropertyValueSpecification","valueRequired":true,"valueName":"search_term_string"}}],"inLanguage":"es"},{"@type":"Organization","@id":"https:\/\/www.movistar.es\/blog\/#organization","name":"Movistar blog","url":"https:\/\/www.movistar.es\/blog\/","logo":{"@type":"ImageObject","inLanguage":"es","@id":"https:\/\/www.movistar.es\/blog\/#\/schema\/logo\/image\/","url":"https:\/\/www.movistar.es\/blog\/wp-content\/uploads\/sites\/3\/2022\/05\/logo_movistar-1.svg","contentUrl":"https:\/\/www.movistar.es\/blog\/wp-content\/uploads\/sites\/3\/2022\/05\/logo_movistar-1.svg","width":369,"height":272,"caption":"Movistar blog"},"image":{"@id":"https:\/\/www.movistar.es\/blog\/#\/schema\/logo\/image\/"}},{"@type":"Person","@id":"https:\/\/www.movistar.es\/blog\/#\/schema\/person\/6184006f5def4638e52e2d0ff98bd55a","name":"Equipo de Redacci\u00f3n","image":{"@type":"ImageObject","inLanguage":"es","@id":"https:\/\/www.movistar.es\/blog\/#\/schema\/person\/image\/8dbf7dc767c23aa5f974d575dda930c5","url":"https:\/\/secure.gravatar.com\/avatar\/ce5aadad84c2aeb36c9813c46e41a53b0c9cc1d57205e8cde4bdf0ed790b3c97","contentUrl":"https:\/\/secure.gravatar.com\/avatar\/ce5aadad84c2aeb36c9813c46e41a53b0c9cc1d57205e8cde4bdf0ed790b3c97","caption":"Equipo de Redacci\u00f3n"},"description":"Buscamos temas de tu inter\u00e9s. Te contamos c\u00f3mo pueden ayudarte en tu d\u00eda a d\u00eda los productos y servicios de Movistar. No queremos venderte nada. Queremos descubrirte cosas para hacerte la vida m\u00e1s f\u00e1cil.","sameAs":["https:\/\/www.movistar.es\/","movistar.es\/","https:\/\/www.instagram.com\/movistar_es\/?hl=es","https:\/\/x.com\/movistar_es"],"knowsAbout":["smartphones","conectividad","hogar digital","ciberseguridad"],"url":"https:\/\/www.movistar.es\/blog\/author\/contentmovistar\/"}]}},"jetpack_featured_media_url":"https:\/\/www.movistar.es\/blog\/wp-content\/uploads\/sites\/3\/2023\/05\/carlos-iii-e1683629606373.jpg","jetpack_sharing_enabled":true,"_links":{"self":[{"href":"https:\/\/www.movistar.es\/blog\/wp-json\/wp\/v2\/posts\/12999","targetHints":{"allow":["GET"]}}],"collection":[{"href":"https:\/\/www.movistar.es\/blog\/wp-json\/wp\/v2\/posts"}],"about":[{"href":"https:\/\/www.movistar.es\/blog\/wp-json\/wp\/v2\/types\/post"}],"author":[{"embeddable":true,"href":"https:\/\/www.movistar.es\/blog\/wp-json\/wp\/v2\/users\/93"}],"replies":[{"embeddable":true,"href":"https:\/\/www.movistar.es\/blog\/wp-json\/wp\/v2\/comments?post=12999"}],"version-history":[{"count":13,"href":"https:\/\/www.movistar.es\/blog\/wp-json\/wp\/v2\/posts\/12999\/revisions"}],"predecessor-version":[{"id":13067,"href":"https:\/\/www.movistar.es\/blog\/wp-json\/wp\/v2\/posts\/12999\/revisions\/13067"}],"wp:featuredmedia":[{"embeddable":true,"href":"https:\/\/www.movistar.es\/blog\/wp-json\/wp\/v2\/media\/13000"}],"wp:attachment":[{"href":"https:\/\/www.movistar.es\/blog\/wp-json\/wp\/v2\/media?parent=12999"}],"wp:term":[{"taxonomy":"category","embeddable":true,"href":"https:\/\/www.movistar.es\/blog\/wp-json\/wp\/v2\/categories?post=12999"},{"taxonomy":"post_tag","embeddable":true,"href":"https:\/\/www.movistar.es\/blog\/wp-json\/wp\/v2\/tags?post=12999"},{"taxonomy":"area","embeddable":true,"href":"https:\/\/www.movistar.es\/blog\/wp-json\/wp\/v2\/area?post=12999"},{"taxonomy":"cluster","embeddable":true,"href":"https:\/\/www.movistar.es\/blog\/wp-json\/wp\/v2\/cluster?post=12999"},{"taxonomy":"linea_editorial","embeddable":true,"href":"https:\/\/www.movistar.es\/blog\/wp-json\/wp\/v2\/linea_editorial?post=12999"},{"taxonomy":"author","embeddable":true,"href":"https:\/\/www.movistar.es\/blog\/wp-json\/wp\/v2\/coauthors?post=12999"}],"curies":[{"name":"wp","href":"https:\/\/api.w.org\/{rel}","templated":true}]}}