{"id":12644,"date":"2023-08-30T11:00:00","date_gmt":"2023-08-30T09:00:00","guid":{"rendered":"https:\/\/www.movistar.es\/blog\/?p=12644"},"modified":"2023-10-04T09:49:47","modified_gmt":"2023-10-04T07:49:47","slug":"proximos-estrenos-series-movistar-plus","status":"publish","type":"post","link":"https:\/\/www.movistar.es\/blog\/movistar-plus\/proximos-estrenos-series-movistar-plus\/","title":{"rendered":"Pr\u00f3ximos estrenos de series en Movistar Plus+: lo que no puedes perderte"},"content":{"rendered":"\n<p>A d\u00eda de hoy, <strong><a href=\"https:\/\/www.movistar.es\/particulares\/movistarplus\" target=\"_blank\" rel=\"noreferrer noopener\">Movistar Plus+<\/a><\/strong> ofrece una de las programaciones televisivas m\u00e1s completas. Y es que podemos encontrar literalmente de todo: desde el mejor deporte y programas de humor, hasta documentales y<strong> estrenos de series<\/strong> totalmente imperdibles.<\/p>\n\n\n\n<p>Hoy, precisamente, vamos a hablar de series. En concreto de algunas de<strong> las series m\u00e1s recomendadas<\/strong> que aterrizar\u00e1n en la televisi\u00f3n personalizada de Movistar a lo largo del mes de octubre. Adem\u00e1s, por si te los has perdido, tambi\u00e9n comentamos algunos de los estrenos m\u00e1s interesantes de agosto y septiembre. Si no quieres perderte ninguna de ellas y estar preparado para su d\u00eda de estreno, te recomendamos que sigas leyendo.<\/p>\n\n\n\n<h2 class=\"wp-block-heading\" class=\"wp-block-heading\" id=\"estrenos-de-series-imprescindibles-en-octubre\">Estrenos de series imprescindibles en octubre<\/h2>\n\n\n\n<h3 class=\"wp-block-heading\" class=\"wp-block-heading\" id=\"la-mesias-uno-de-los-estrenos-de-series-espanolas-mas-esperados\">&#8216;La Mes\u00edas&#8217;, uno de los estrenos de series espa\u00f1olas m\u00e1s esperados<\/h3>\n\n\n\n<p><strong>Javier Ambrossi y Javier Calvo<\/strong> regresan al mundo de las series, despu\u00e9s de \u00e9xitos como <strong>&#8216;Paquita Salas&#8217;<\/strong> o <strong>&#8216;Veneno&#8217;<\/strong>, con <strong><a href=\"https:\/\/www.movistar.es\/blog\/movistar-plus\/la-mesias-nueva-serie-movistar-plus\/\" target=\"_blank\" rel=\"noreferrer noopener\">&#8216;La Mes\u00edas&#8217;<\/a><\/strong>. La trama gira en torno a<strong> Enric<\/strong>, influenciado por su madre y su obsesi\u00f3n religiosa, desencadenando un drama lleno de secretos a ra\u00edz de un v\u00eddeo viral de un grupo de pop cristiano en Internet. <\/p>\n\n\n\n<p>La serie, dirigida, escrita y producida magistralmente por Los Javis, cuenta con un elenco estelar encabezado por <strong>Macarena Garc\u00eda, Roger Casamajor, Lola Due\u00f1as, Carmen Machi y Ana Rujas<\/strong>, a los que se suman otros talentos notables como <strong>Albert Pla, Amaia Romero, Biel Rossell Pelfort y Cecilia Roth<\/strong>, as\u00ed como un elenco joven que enfrenta su primer rodaje, incluyendo a<strong> Irene Balmes, Bruno N\u00fa\u00f1ez y Carla Moral<\/strong>, entre otros.<\/p>\n\n\n\n<p>Los dos primeros cap\u00edtulos de la esperada serie estar\u00e1n disponibles en Movistar Plus+ el <strong>11 de octubre<\/strong>. Despu\u00e9s, cada jueves, se lanzar\u00e1n el resto de cap\u00edtulos de forma semanal. Sin duda, una serie que dar\u00e1 mucho de qu\u00e9 hablar y que, antes de su estreno, ya se ha convertido  en una de las grandes series espa\u00f1olas de 2023.<\/p>\n\n\n\n<figure class=\"wp-block-embed is-type-video is-provider-youtube wp-block-embed-youtube wp-embed-aspect-16-9 wp-has-aspect-ratio\"><div class=\"wp-block-embed__wrapper\">\n<div class=\"wp-block-embed__wrapper\"><div class=\"ast-oembed-container \" style=\"height: 100%;\"><iframe loading=\"lazy\" title=\"La Mes\u00edas: Tr\u00e1iler Oficial | Movistar Plus+\" width=\"1040\" height=\"585\" src=\"https:\/\/www.youtube.com\/embed\/nQKEnY_KsrQ?feature=oembed\" frameborder=\"0\" allow=\"accelerometer; autoplay; clipboard-write; encrypted-media; gyroscope; picture-in-picture; web-share\" referrerpolicy=\"strict-origin-when-cross-origin\" allowfullscreen><\/iframe><\/div><\/div>\n<\/div><\/figure>\n\n\n\n<h3 class=\"wp-block-heading\" id=\"h-domina\">&#8216;Domina&#8217;<\/h3>\n\n\n\n<p>Intrigas, estrategias pol\u00edticas y luchas por el poder se despliegan a trav\u00e9s de la perspectiva de Livia Drusila, la mujer de mayor influencia en el Imperio Romano. <strong>&#8216;Domina&#8217;<\/strong> presenta un impactante cuadro hist\u00f3rico del ascenso de la que alguna vez fue la tercera esposa de Augusto C\u00e9sar, explorando la inmensa influencia pol\u00edtica que rode\u00f3 a esta poderosa pareja. <\/p>\n\n\n\n<p>Filmada en varios de los lugares m\u00e1s emblem\u00e1ticos de Roma, esta serie de ocho episodios har\u00e1 su debut el <strong>31 de octubre<\/strong> en <strong>Movistar Plus+ <\/strong>con un doble episodio inicial, seguido de un nuevo episodio cada martes hasta completar la temporada. Adem\u00e1s, se ha confirmado la producci\u00f3n de una segunda entrega.<\/p>\n\n\n\n<figure class=\"wp-block-image size-large\"><img loading=\"lazy\" decoding=\"async\" height=\"576\" width=\"1024\" src=\"https:\/\/www.movistar.es\/blog\/wp-content\/uploads\/sites\/3\/2023\/10\/CC_H_DOMINA-scaled-1.jpg?w=1024\" alt=\"\" class=\"wp-image-17861\" srcset=\"https:\/\/www.movistar.es\/blog\/wp-content\/uploads\/sites\/3\/2023\/10\/CC_H_DOMINA-scaled-1.jpg 2560w, https:\/\/www.movistar.es\/blog\/wp-content\/uploads\/sites\/3\/2023\/10\/CC_H_DOMINA-scaled-1.jpg?resize=300,169 300w, https:\/\/www.movistar.es\/blog\/wp-content\/uploads\/sites\/3\/2023\/10\/CC_H_DOMINA-scaled-1.jpg?resize=768,432 768w, https:\/\/www.movistar.es\/blog\/wp-content\/uploads\/sites\/3\/2023\/10\/CC_H_DOMINA-scaled-1.jpg?resize=1024,576 1024w, https:\/\/www.movistar.es\/blog\/wp-content\/uploads\/sites\/3\/2023\/10\/CC_H_DOMINA-scaled-1.jpg?resize=1536,864 1536w, https:\/\/www.movistar.es\/blog\/wp-content\/uploads\/sites\/3\/2023\/10\/CC_H_DOMINA-scaled-1.jpg?resize=2048,1152 2048w\" sizes=\"auto, (max-width: 1024px) 100vw, 1024px\" \/><\/figure>\n\n\n\n<h3 class=\"wp-block-heading\" id=\"h-billy-el-nino-t2\">&#8216;Billy el Ni\u00f1o&#8217; (T2)<\/h3>\n\n\n\n<p>La continuaci\u00f3n de la primera y aclamada temporada de<strong> &#8216;Billy el Ni\u00f1o&#8217;<\/strong>, compuesta por ocho episodios, contin\u00faa desvelando la historia ver\u00eddica de Billy el Ni\u00f1o antes de alcanzar la categor\u00eda de leyenda, marcando su enfrentamiento con Jesse Evans, quien sol\u00eda ser su mejor amigo.<\/p>\n\n\n\n<p>La serie ha sido creada y llevada a cabo por <strong>Michael Hirst<\/strong>, reconocido por su trabajo en &#8216;Los Tudor&#8217;, &#8216;Camelot&#8217;, &#8216;Vikingos&#8217; y &#8216;Vikingos: Valhalla&#8217;, con <strong>Tom Blyth<\/strong>, conocido por su participaci\u00f3n en &#8216;Los juegos del hambre: balada de p\u00e1jaros cantores y serpientes&#8217;, como actor protagonista.<\/p>\n\n\n\n<p>La segunda temporada de &#8216;Billy el Ni\u00f1o&#8217; ser\u00e1 lanzada en dos entregas. Los primeros cuatro episodios estar\u00e1n disponibles a partir del <strong>25 de octubre<\/strong> en <strong>Movistar Plus+<\/strong>. Adem\u00e1s, si no has visto la primera temporada, puedes disfrutarla tambi\u00e9n en Movistar Plus+.<\/p>\n\n\n\n<figure class=\"wp-block-video wp-block-embed is-type-video is-provider-videopress\"><div class=\"wp-block-embed__wrapper\">\n<div class=\"wp-block-embed__wrapper\"><div class=\"ast-oembed-container \" style=\"height: 100%;\"><iframe title=\"VideoPress Video Player\" aria-label='VideoPress Video Player' width='1040' height='585' src='https:\/\/videopress.com\/embed\/RoAXBRRm?cover=1&amp;preloadContent=metadata&amp;useAverageColor=1&amp;hd=0' frameborder='0' allowfullscreen data-resize-to-parent=\"true\" allow='clipboard-write'><\/iframe><script src='https:\/\/v0.wordpress.com\/js\/next\/videopress-iframe.js?m=1770107250'><\/script><\/div><\/div>\n<\/div><\/figure>\n\n\n\n<h2 class=\"wp-block-heading\" id=\"h-los-estrenos-de-series-que-no-te-puedes-perder-en-septiembre\">Los estrenos de series que no te puedes perder en septiembre<\/h2>\n\n\n\n<h3 class=\"wp-block-heading\" id=\"h-bose-renacido-una-serie-documental-imperdible\">&#8216;Bos\u00e9 Renacido&#8217;, una serie documental imperdible<\/h3>\n\n\n\n<p>El ic\u00f3nico artista <strong>Miguel Bos\u00e9<\/strong> se adentra en su vida privada como nunca antes en la serie <a href=\"https:\/\/www.movistar.es\/blog\/movistar-plus\/coronacion-carlos-iii-movistar-plus\/\" target=\"_blank\" rel=\"noreferrer noopener\">documental<\/a> original<strong> &#8216;Bos\u00e9 Renacido&#8217;<\/strong>, una producci\u00f3n conjunta de <strong>Movistar Plus+ y Shine Iberia<\/strong>.<\/p>\n\n\n\n<p>La esperada presentaci\u00f3n de este proyecto tuvo lugar el <strong>5 de septiembre<\/strong> en el <a href=\"https:\/\/www.festval.tv\/\" target=\"_blank\" rel=\"noreferrer noopener\">FesTVal<\/a> de Vitoria-Gasteiz. La serie, que se estren\u00f3 en la plataforma Movistar Plus+ el mismo d\u00eda, consta de <strong>cuatro episodios<\/strong>. En ellos, el artista comparte los hitos m\u00e1s trascendentales de su vida, desde su infancia hasta su anhelo cumplido de ser padre. Desde su deslumbrante debut en el Florida Park, donde dej\u00f3 huella en la industria y el pa\u00eds, hasta su vida actual en M\u00e9xico.<\/p>\n\n\n\n<p>Con casi cinco d\u00e9cadas de carrera internacional, Bos\u00e9 ha triunfado en la m\u00fasica con m\u00e1s de 30 millones de discos vendidos en todo el mundo, as\u00ed como en el cine y la televisi\u00f3n. Adem\u00e1s, su faceta como presentador y director de teatro tambi\u00e9n ha dejado una marca indeleble.<\/p>\n\n\n\n<p>Hijo de<strong> Luis Miguel Domingu\u00edn<\/strong> y <strong>Luc\u00eda Bos\u00e9<\/strong>, creci\u00f3 rodeado de figuras destacadas como Pablo Picasso y Luchino Visconti. En &#8216;Bos\u00e9 Renacido&#8217;, el artista abre las puertas de cuatro casas que han sido testigos de su vida: Villa Paz en Saelices (Cuenca), la casa familiar de Somosaguas (Madrid), su propia creaci\u00f3n en Somosaguas y su residencia actual en M\u00e9xico. A trav\u00e9s de estos espacios cargados de recuerdos, fotos familiares y testimonios cercanos, el p\u00fablico descubrir\u00e1 la faceta m\u00e1s \u00edntima de Miguel Bos\u00e9.<\/p>\n\n\n\n<figure class=\"wp-block-embed is-type-video is-provider-youtube wp-block-embed-youtube wp-embed-aspect-16-9 wp-has-aspect-ratio\"><div class=\"wp-block-embed__wrapper\">\n<div class=\"wp-block-embed__wrapper\"><div class=\"ast-oembed-container \" style=\"height: 100%;\"><iframe loading=\"lazy\" title=\"Bos\u00e9 Renacido: Tr\u00e1iler Oficial | Movistar Plus+\" width=\"1040\" height=\"585\" src=\"https:\/\/www.youtube.com\/embed\/pLvUvXsSE94?feature=oembed\" frameborder=\"0\" allow=\"accelerometer; autoplay; clipboard-write; encrypted-media; gyroscope; picture-in-picture; web-share\" referrerpolicy=\"strict-origin-when-cross-origin\" allowfullscreen><\/iframe><\/div><\/div>\n<\/div><\/figure>\n\n\n\n<h3 class=\"wp-block-heading\" id=\"h-prime-time\">&#8216;Prime Time&#8217;<\/h3>\n\n\n\n<p>Uno de los estrenos de series documentales m\u00e1s esperados en septiembre fue el de <strong>&#8216;Prime Time&#8217;<\/strong>. Desde la existencia de un solo canal hasta la era de las cadenas privadas y la llegada de la TDT, pasando por la explosi\u00f3n del<em> streaming<\/em>, &#8216;Prime Time&#8217; narra la historia del entretenimiento televisivo en tres episodios a trav\u00e9s de entrevistas con los protagonistas, material audiovisual de un buen pu\u00f1ado de programas inolvidables y an\u00e1lisis de expertos televisivos<\/p>\n\n\n\n<p>Desde cl\u00e1sicos como <strong>&#8216;\u00bfQu\u00e9 apostamos?&#8217;<\/strong> y <strong>&#8216;Grand Prix&#8217;<\/strong> hasta los m\u00e1s recientes <strong>&#8216;El Hormiguero&#8217;, &#8216;Tu cara me suena&#8217;, &#8216;VIP Noche&#8217;, &#8216;OT&#8217;, &#8216;Gran Hermano&#8217; o &#8216;First Dates<\/strong>&#8216;, &#8216;Prime Time&#8217; abarca la gama completa de formatos televisivos que han cautivado a la audiencia a lo largo de las d\u00e9cadas.<\/p>\n\n\n\n<p>Adem\u00e1s, muchos de los rostros ic\u00f3nicos detr\u00e1s de estos programas legendarios se unen en &#8216;Prime Time&#8217;. As\u00ed pues, nos encontramos con figuras tan relevantes como <strong>Arturo Valls, Ram\u00f3n Garc\u00eda, Andreu Buenafuente, Isabel Gemio, Macarena Rey, Carlos Sobera, David Broncano, Anne Igartiburu, Mercedes Mil\u00e1, Jes\u00fas V\u00e1zquez, Chenoa, Florentino Fern\u00e1ndez y Dani Mart\u00ednez<\/strong>, entre otros.<\/p>\n\n\n\n<p>Esta propuesta original de <strong><a href=\"https:\/\/www.movistar.es\/particulares\/movistarplus\" target=\"_blank\" rel=\"noreferrer noopener\">Movistar Plus+<\/a><\/strong> hizo su debut en la plataforma el viernes <strong>15 de septiembre<\/strong>. Sin lugar a dudas, estamos ante uno de los estrenos de series m\u00e1s destacados del pasado mes.<\/p>\n\n\n\n<figure class=\"wp-block-embed is-type-video is-provider-youtube wp-block-embed-youtube wp-embed-aspect-16-9 wp-has-aspect-ratio\"><div class=\"wp-block-embed__wrapper\">\n<div class=\"wp-block-embed__wrapper\"><div class=\"ast-oembed-container \" style=\"height: 100%;\"><iframe loading=\"lazy\" title=\"PRIME TIME - TEASER OFICIAL (HD)\" width=\"1040\" height=\"585\" src=\"https:\/\/www.youtube.com\/embed\/GRJoYgtLpik?feature=oembed\" frameborder=\"0\" allow=\"accelerometer; autoplay; clipboard-write; encrypted-media; gyroscope; picture-in-picture; web-share\" referrerpolicy=\"strict-origin-when-cross-origin\" allowfullscreen><\/iframe><\/div><\/div>\n<\/div><\/figure>\n\n\n\n<h3 class=\"wp-block-heading\" id=\"h-el-mundo-en-llamas-estrena-su-segunda-temporada\">&#8216;El mundo en llamas&#8217; estrena su segunda temporada<\/h3>\n\n\n\n<p>La primera temporada de <strong>&#8216;<a href=\"https:\/\/www.magazinema.es\/el-mundo-en-llamas-critica\/\" target=\"_blank\" rel=\"noreferrer noopener\">El mundo en llamas<\/a>&#8216;<\/strong> fue un \u00e9xito arrollador, tanto entre la cr\u00edtica como entre el p\u00fablico. As\u00ed que ya ten\u00edamos ganas de una segunda temporada. Por suerte, la espera culmin\u00f3 el pr\u00f3ximo <strong>18 de septiembre<\/strong>. A partir de ese d\u00eda, cada lunes los espectadores han podido disfrutar un episodio in\u00e9dito, en exclusiva en Movistar Plus+. <\/p>\n\n\n\n<p>Esta nueva entrega compuesta de <strong>6 cap\u00edtulos<\/strong>, se adentra en las entra\u00f1as de la <strong>Segunda Guerra Mundial<\/strong>. La crueldad de la guerra alcanza las calles brit\u00e1nicas y cambia el escenario por completo. Adem\u00e1s, el norte de \u00c1frica se erige como campo de batalla clave para las tropas brit\u00e1nicas. <\/p>\n\n\n\n<p>Con esta premisa, la superproducci\u00f3n con el sello de la <strong>BBC<\/strong> presenta la temporada 2, protagonizada por <strong>Jonah Hauer-King<\/strong>. Desde luego, estamos ante uno de los estrenos de series que m\u00e1s dieron de qu\u00e9 hablar durante el mes de septiembre.<\/p>\n\n\n\n<figure class=\"wp-block-embed is-type-video is-provider-youtube wp-block-embed-youtube wp-embed-aspect-16-9 wp-has-aspect-ratio\"><div class=\"wp-block-embed__wrapper\">\n<div class=\"wp-block-embed__wrapper\"><div class=\"ast-oembed-container \" style=\"height: 100%;\"><iframe loading=\"lazy\" title=\"World on Fire: Season 2 Preview\" width=\"1040\" height=\"585\" src=\"https:\/\/www.youtube.com\/embed\/8_SF2PBPxKU?feature=oembed\" frameborder=\"0\" allow=\"accelerometer; autoplay; clipboard-write; encrypted-media; gyroscope; picture-in-picture; web-share\" referrerpolicy=\"strict-origin-when-cross-origin\" allowfullscreen><\/iframe><\/div><\/div>\n<\/div><\/figure>\n\n\n\n<h3 class=\"wp-block-heading\" id=\"h-golpe-de-reves\">&#8216;Golpe de rev\u00e9s&#8217;<\/h3>\n\n\n\n<p>El impactante y esperado drama brit\u00e1nico<strong> &#8216;Golpe de rev\u00e9s&#8217; <\/strong>(&#8216;Fifteen-Love&#8217;), de los creadores de &#8216;Line of Duty&#8217;, llega a<strong> Movistar Plus+<\/strong> el<strong> 24 de septiembre<\/strong>. La serie, compuesta por<strong> seis episodios<\/strong>, teje una narrativa de suspense en el competitivo mundo del tenis de \u00e9lite, explorando temas de abuso de poder, obsesi\u00f3n y confianza.<\/p>\n\n\n\n<p>Protagonizada por <strong><a href=\"https:\/\/www.sensacine.com\/actores\/actor-145608\/\" target=\"_blank\" rel=\"noreferrer noopener\">Aidan Turner<\/a><\/strong> (&#8216;Poldark&#8217;) y <strong>Ella Lily Hyland<\/strong> (&#8216;Intruder&#8217;), la historia sigue a Justine Pearce, una joven promesa del tenis que, con el apoyo del exigente entrenador Glenn Lapthorn, alcanza las semifinales de Roland Garros. Sin embargo, una lesi\u00f3n desbarata su futuro y fractura la estrecha relaci\u00f3n de confianza entre ellos. Cinco a\u00f1os despu\u00e9s, Justine, ahora terapeuta, acusa a su antiguo entrenador de abuso sexual. El estreno en Movistar Plus+ cont\u00f3 con un doble episodio el domingo 24, seguido de dos nuevos episodios cada domingo hasta completar los seis.<\/p>\n\n\n\n<figure class=\"wp-block-embed is-type-video is-provider-youtube wp-block-embed-youtube wp-embed-aspect-16-9 wp-has-aspect-ratio\"><div class=\"wp-block-embed__wrapper\">\n<div class=\"wp-block-embed__wrapper\"><div class=\"ast-oembed-container \" style=\"height: 100%;\"><iframe loading=\"lazy\" title=\"Fifteen-Love | Official Trailer | Prime Video\" width=\"1040\" height=\"585\" src=\"https:\/\/www.youtube.com\/embed\/MykuvVwtXtQ?feature=oembed\" frameborder=\"0\" allow=\"accelerometer; autoplay; clipboard-write; encrypted-media; gyroscope; picture-in-picture; web-share\" referrerpolicy=\"strict-origin-when-cross-origin\" allowfullscreen><\/iframe><\/div><\/div>\n<\/div><\/figure>\n\n\n\n<h2 class=\"wp-block-heading\" id=\"h-estrenos-destacados-del-mes-de-agosto\">Estrenos destacados del mes de agosto<\/h2>\n\n\n\n<h3 class=\"wp-block-heading\" class=\"wp-block-heading\" id=\"volver-a-caer-uno-de-los-estrenos-de-series-mas-esperados\">\u2018Volver a caer\u2019, uno de los estrenos de series m\u00e1s esperados<\/h3>\n\n\n\n<p>Entre los estrenos de series del pasado mes de agosto, en Movistar Plus+ brilla con luz propia &#8216;<strong><a href=\"https:\/\/www.filmaffinity.com\/es\/film521625.html\" target=\"_blank\" rel=\"noreferrer noopener\">Volver a caer<\/a><\/strong>&#8216;. Se trata de una adaptaci\u00f3n a la \u00e9poca actual de &#8216;<strong>Anna Karenina&#8217;<\/strong>, el cl\u00e1sico literario de Le\u00f3n Tolst\u00f3i. Esta reimaginaci\u00f3n de la obra del ruso se estren\u00f3 en Movistar Plus+ el 6 de agosto y ya cuenta con dos episodios lanzados.<\/p>\n\n\n\n<p>Cada domingo puedes disfrutar de un nuevo episodio de esta espectacular serie. En ella conocemos a Anna Montes de Oca, un clavadista mexicana interpretada por <strong>Kate del Castillo<\/strong>. En apariencia felizmente casada, su relaci\u00f3n con su marido se va enfriando y es en ese momento cuando aparece Vico, un joven m\u00fasico encarnado por <strong>Maxi Iglesias<\/strong>.<\/p>\n\n\n\n<p>La serie cuenta, por tanto, con un elenco de actores espectacular que nos har\u00e1 vivir momentos de tensi\u00f3n en cada uno de los episodios. En total tendremos <strong>seis cap\u00edtulos<\/strong> que cada domingo nos har\u00e1n estar pegados a la pantalla para conocer la historia de Anna y Vico.<\/p>\n\n\n\n<figure class=\"wp-block-embed is-type-video is-provider-youtube wp-block-embed-youtube wp-embed-aspect-16-9 wp-has-aspect-ratio\"><div class=\"wp-block-embed__wrapper\">\n<div class=\"wp-block-embed__wrapper\"><div class=\"ast-oembed-container \" style=\"height: 100%;\"><iframe loading=\"lazy\" title=\"Volver a caer: Tr\u00e1iler Oficial | Movistar Plus+\" width=\"1040\" height=\"585\" src=\"https:\/\/www.youtube.com\/embed\/_RQgwbjY3yE?feature=oembed\" frameborder=\"0\" allow=\"accelerometer; autoplay; clipboard-write; encrypted-media; gyroscope; picture-in-picture; web-share\" referrerpolicy=\"strict-origin-when-cross-origin\" allowfullscreen><\/iframe><\/div><\/div>\n<\/div><\/figure>\n\n\n\n<h3 class=\"wp-block-heading\" class=\"wp-block-heading\" id=\"billions\">\u2018Billions\u2019<\/h3>\n\n\n\n<p>Una nueva temporada siempre un motivo de alegr\u00eda para sus seguidores, y m\u00e1s cuando estamos hablando de la \u00faltima de la serie. Es el caso de &#8216;<strong>Billions<\/strong>&#8216;, que llega a Movistar Plus+ con su s\u00e9ptima y \u00faltima temporada.<\/p>\n\n\n\n<p>La serie sigue los pasos de <strong>Chuck Rhoades<\/strong>, fiscal general de Nueva York, en su lucha contra <strong>Bobby Axelrod<\/strong>. Precisamente este \u00faltimo es uno de los grandes alicientes de esta temporada, ya que regresa tras su ausencia en la anterior. Una historia repleta de alianzas, antiguas heridas, traiciones y mucho m\u00e1s llega a su fin este verano.<\/p>\n\n\n\n<p>El primer episodio de la \u00faltima temporada de la serie se estren\u00f3 el 12 de agosto y <strong>cada s\u00e1bado<\/strong> tendremos una nueva entrega. Esta vez el n\u00famero de cap\u00edtulos es algo inferior a lo habitual, para hacer un total de ocho que se estrenar\u00e1n hasta finales del mes de septiembre.<\/p>\n\n\n\n<figure class=\"wp-block-embed is-type-video is-provider-youtube wp-block-embed-youtube wp-embed-aspect-16-9 wp-has-aspect-ratio\"><div class=\"wp-block-embed__wrapper\">\nhttps:\/\/www.youtube.com\/watch?v=hm4tSDlBqyU\n<\/div><\/figure>\n\n\n\n<h3 class=\"wp-block-heading\" class=\"wp-block-heading\" id=\"men-in-kilts-nueva-zelanda-con-sam-y-graham\">\u2018Men in Kilts: Nueva Zelanda con Sam y Graham\u2019<\/h3>\n\n\n\n<p>Los fans de una serie no solo pueden estar contentos con el estreno una nueva temporada, sino que tambi\u00e9n tienen motivos para estarlo con los <em>spin-offs<\/em>. Va a ser el caso de los seguidores de &#8216;<strong><a href=\"https:\/\/www.movistar.es\/blog\/movistar-plus\/temporada-7-outlander-movistar-plus\/\">Outlander<\/a><\/strong>&#8216;, que el pasado 12 de agosto lleg\u00f3 a su <em>mid-season finale<\/em>. Pero, para abrir boca mientras esperan a la segunda parte de la temporada, pueden disfrutar de otra serie relacionada.<\/p>\n\n\n\n<p>Se trata de &#8216;<strong>Men in Kilts: Nueva Zelanda con Sam y Graham<\/strong>&#8216;, un ejemplo perfecto, adem\u00e1s, de que los estrenos de series tambi\u00e9n pueden ser de no ficci\u00f3n. En ella <strong>Sam Heughan<\/strong> y <strong>Graham McTavish<\/strong>, dos de los actores m\u00e1s queridos de &#8216;Outlander&#8217;, nos llevan de viaje por la remota Nueva Zelanda para mostrarnos su relaci\u00f3n con Escocia.<\/p>\n\n\n\n<p>El primer cap\u00edtulo de esta <a href=\"https:\/\/www.movistar.es\/blog\/movistar-plus\/mejores-documentales-movistar-plus\/\">serie documental<\/a> de viajes se estren\u00f3 el 14 de agosto y <strong>cada lunes<\/strong> habr\u00e1 una nueva entrega. Es una serie bastante m\u00e1s corta que las anteriores, ya que consta de \u00fanicamente cuatro cap\u00edtulos, por lo que su conclusi\u00f3n est\u00e1 prevista para el 4 de septiembre.<\/p>\n\n\n\n<figure class=\"wp-block-embed is-type-video is-provider-youtube wp-block-embed-youtube wp-embed-aspect-16-9 wp-has-aspect-ratio\"><div class=\"wp-block-embed__wrapper\">\nhttps:\/\/www.youtube.com\/watch?v=OZLamM20Gig\n<\/div><\/figure>\n\n\n\n<h2 class=\"wp-block-heading\" id=\"h-movistar-plus-mucho-mas-que-estrenos-de-series\">Movistar Plus+, mucho m\u00e1s que estrenos de series<\/h2>\n\n\n\n<p>No solo podr\u00e1s encontrar algunas de las mejores series en <strong><a href=\"https:\/\/www.movistar.es\/particulares\/movistarplus\" target=\"_blank\" rel=\"noreferrer noopener\">Movistar Plus+<\/a><\/strong>. Disfrutar\u00e1s de m\u00e1s de 80 canales en los que cabe de todo: programas de humor, de cocina, documentales, pel\u00edculas premiadas y mucho, mucho m\u00e1s.<\/p>\n\n\n\n<p>Y es que con lo que Movistar Plus+ <a href=\"https:\/\/www.movistar.es\/blog\/movistar-plus\/transformacion-movistar-plus\/\">te ofrece<\/a>, no te perder\u00e1s absolutamente nada y tendr\u00e1s a tu alcance en todo momento el contenido que m\u00e1s te gusta a ti y a los tuyos. No te conformes con imaginarlo, disfr\u00fatalo.<\/p>\n","protected":false},"excerpt":{"rendered":"<p>A d\u00eda de hoy, Movistar Plus+ ofrece una de las programaciones televisivas m\u00e1s completas. Y es que podemos encontrar literalmente de todo: desde el mejor deporte y programas de humor, hasta documentales y estrenos de [&hellip;]<\/p>\n","protected":false},"author":93,"featured_media":17862,"comment_status":"closed","ping_status":"closed","sticky":false,"template":"","format":"standard","meta":{"site-sidebar-layout":"default","site-content-layout":"","ast-site-content-layout":"","site-content-style":"default","site-sidebar-style":"default","ast-global-header-display":"","ast-banner-title-visibility":"","ast-main-header-display":"","ast-hfb-above-header-display":"","ast-hfb-below-header-display":"","ast-hfb-mobile-header-display":"","site-post-title":"","ast-breadcrumbs-content":"","ast-featured-img":"","footer-sml-layout":"","theme-transparent-header-meta":"","adv-header-id-meta":"","stick-header-meta":"","header-above-stick-meta":"","header-main-stick-meta":"","header-below-stick-meta":"","astra-migrate-meta-layouts":"default","ast-page-background-enabled":"default","ast-page-background-meta":{"desktop":{"background-color":"var(--ast-global-color-4)","background-image":"","background-repeat":"repeat","background-position":"center center","background-size":"auto","background-attachment":"scroll","background-type":"","background-media":"","overlay-type":"","overlay-color":"","overlay-opacity":"","overlay-gradient":""},"tablet":{"background-color":"","background-image":"","background-repeat":"repeat","background-position":"center center","background-size":"auto","background-attachment":"scroll","background-type":"","background-media":"","overlay-type":"","overlay-color":"","overlay-opacity":"","overlay-gradient":""},"mobile":{"background-color":"","background-image":"","background-repeat":"repeat","background-position":"center center","background-size":"auto","background-attachment":"scroll","background-type":"","background-media":"","overlay-type":"","overlay-color":"","overlay-opacity":"","overlay-gradient":""}},"ast-content-background-meta":{"desktop":{"background-color":"var(--ast-global-color-5)","background-image":"","background-repeat":"repeat","background-position":"center center","background-size":"auto","background-attachment":"scroll","background-type":"","background-media":"","overlay-type":"","overlay-color":"","overlay-opacity":"","overlay-gradient":""},"tablet":{"background-color":"var(--ast-global-color-5)","background-image":"","background-repeat":"repeat","background-position":"center center","background-size":"auto","background-attachment":"scroll","background-type":"","background-media":"","overlay-type":"","overlay-color":"","overlay-opacity":"","overlay-gradient":""},"mobile":{"background-color":"var(--ast-global-color-5)","background-image":"","background-repeat":"repeat","background-position":"center center","background-size":"auto","background-attachment":"scroll","background-type":"","background-media":"","overlay-type":"","overlay-color":"","overlay-opacity":"","overlay-gradient":""}},"_jetpack_memberships_contains_paid_content":false,"footnotes":""},"categories":[1],"tags":[],"area":[427],"cluster":[45],"linea_editorial":[],"coauthors":[467],"class_list":["post-12644","post","type-post","status-publish","format-standard","has-post-thumbnail","hentry","category-sin-categoria","area-gametv","cluster-movistar-plus"],"yoast_head":"<!-- This site is optimized with the Yoast SEO Premium plugin v25.5 (Yoast SEO v25.5) - https:\/\/yoast.com\/wordpress\/plugins\/seo\/ -->\n<title>Estrenos series: No te pierdas las pr\u00f3ximas novedades en Movistar Plus+<\/title>\n<meta name=\"description\" content=\"Repasamos los pr\u00f3ximos estrenos de series en Movistar Plus+ y hablamos acerca de algunas de las que no te puedes perder.\" \/>\n<meta name=\"robots\" content=\"index, follow, max-snippet:-1, max-image-preview:large, max-video-preview:-1\" \/>\n<link rel=\"canonical\" href=\"https:\/\/www.movistar.es\/blog\/movistar-plus\/proximos-estrenos-series-movistar-plus\/\" \/>\n<meta property=\"og:locale\" content=\"es_ES\" \/>\n<meta property=\"og:type\" content=\"article\" \/>\n<meta property=\"og:title\" content=\"Pr\u00f3ximos estrenos de series en Movistar Plus+: lo que no puedes perderte\" \/>\n<meta property=\"og:description\" content=\"Repasamos los pr\u00f3ximos estrenos de series en Movistar Plus+ y hablamos acerca de algunas de las que no te puedes perder.\" \/>\n<meta property=\"og:url\" content=\"https:\/\/www.movistar.es\/blog\/movistar-plus\/proximos-estrenos-series-movistar-plus\/\" \/>\n<meta property=\"og:site_name\" content=\"Movistar blog\" \/>\n<meta property=\"article:author\" content=\"movistar.es\/\" \/>\n<meta property=\"article:published_time\" content=\"2023-08-30T09:00:00+00:00\" \/>\n<meta property=\"article:modified_time\" content=\"2023-10-04T07:49:47+00:00\" \/>\n<meta property=\"og:image\" content=\"https:\/\/www.movistar.es\/blog\/wp-content\/uploads\/sites\/3\/2023\/08\/la-mesias-los-javis-estreno.jpg\" \/>\n\t<meta property=\"og:image:width\" content=\"1024\" \/>\n\t<meta property=\"og:image:height\" content=\"575\" \/>\n\t<meta property=\"og:image:type\" content=\"image\/jpeg\" \/>\n<meta name=\"author\" content=\"Equipo de Redacci\u00f3n\" \/>\n<meta name=\"twitter:card\" content=\"summary_large_image\" \/>\n<meta name=\"twitter:creator\" content=\"@movistar_es\" \/>\n<meta name=\"twitter:label1\" content=\"Written by\" \/>\n\t<meta name=\"twitter:data1\" content=\"Equipo de Redacci\u00f3n\" \/>\n\t<meta name=\"twitter:label2\" content=\"Est. reading time\" \/>\n\t<meta name=\"twitter:data2\" content=\"10 minutos\" \/>\n<script type=\"application\/ld+json\" class=\"yoast-schema-graph\">{\"@context\":\"https:\/\/schema.org\",\"@graph\":[{\"@type\":\"Article\",\"@id\":\"https:\/\/www.movistar.es\/blog\/movistar-plus\/proximos-estrenos-series-movistar-plus\/#article\",\"isPartOf\":{\"@id\":\"https:\/\/www.movistar.es\/blog\/movistar-plus\/proximos-estrenos-series-movistar-plus\/\"},\"author\":{\"name\":\"Equipo de Redacci\u00f3n\",\"@id\":\"https:\/\/www.movistar.es\/blog\/#\/schema\/person\/6184006f5def4638e52e2d0ff98bd55a\"},\"headline\":\"Pr\u00f3ximos estrenos de series en Movistar Plus+: lo que no puedes perderte\",\"datePublished\":\"2023-08-30T09:00:00+00:00\",\"dateModified\":\"2023-10-04T07:49:47+00:00\",\"mainEntityOfPage\":{\"@id\":\"https:\/\/www.movistar.es\/blog\/movistar-plus\/proximos-estrenos-series-movistar-plus\/\"},\"wordCount\":2154,\"publisher\":{\"@id\":\"https:\/\/www.movistar.es\/blog\/#organization\"},\"image\":{\"@id\":\"https:\/\/www.movistar.es\/blog\/movistar-plus\/proximos-estrenos-series-movistar-plus\/#primaryimage\"},\"thumbnailUrl\":\"https:\/\/www.movistar.es\/blog\/wp-content\/uploads\/sites\/3\/2023\/08\/la-mesias-los-javis-estreno.jpg\",\"inLanguage\":\"es\"},{\"@type\":\"WebPage\",\"@id\":\"https:\/\/www.movistar.es\/blog\/movistar-plus\/proximos-estrenos-series-movistar-plus\/\",\"url\":\"https:\/\/www.movistar.es\/blog\/movistar-plus\/proximos-estrenos-series-movistar-plus\/\",\"name\":\"Estrenos series: No te pierdas las pr\u00f3ximas novedades en Movistar Plus+\",\"isPartOf\":{\"@id\":\"https:\/\/www.movistar.es\/blog\/#website\"},\"primaryImageOfPage\":{\"@id\":\"https:\/\/www.movistar.es\/blog\/movistar-plus\/proximos-estrenos-series-movistar-plus\/#primaryimage\"},\"image\":{\"@id\":\"https:\/\/www.movistar.es\/blog\/movistar-plus\/proximos-estrenos-series-movistar-plus\/#primaryimage\"},\"thumbnailUrl\":\"https:\/\/www.movistar.es\/blog\/wp-content\/uploads\/sites\/3\/2023\/08\/la-mesias-los-javis-estreno.jpg\",\"datePublished\":\"2023-08-30T09:00:00+00:00\",\"dateModified\":\"2023-10-04T07:49:47+00:00\",\"description\":\"Repasamos los pr\u00f3ximos estrenos de series en Movistar Plus+ y hablamos acerca de algunas de las que no te puedes perder.\",\"breadcrumb\":{\"@id\":\"https:\/\/www.movistar.es\/blog\/movistar-plus\/proximos-estrenos-series-movistar-plus\/#breadcrumb\"},\"inLanguage\":\"es\",\"potentialAction\":[{\"@type\":\"ReadAction\",\"target\":[\"https:\/\/www.movistar.es\/blog\/movistar-plus\/proximos-estrenos-series-movistar-plus\/\"]}]},{\"@type\":\"ImageObject\",\"inLanguage\":\"es\",\"@id\":\"https:\/\/www.movistar.es\/blog\/movistar-plus\/proximos-estrenos-series-movistar-plus\/#primaryimage\",\"url\":\"https:\/\/www.movistar.es\/blog\/wp-content\/uploads\/sites\/3\/2023\/08\/la-mesias-los-javis-estreno.jpg\",\"contentUrl\":\"https:\/\/www.movistar.es\/blog\/wp-content\/uploads\/sites\/3\/2023\/08\/la-mesias-los-javis-estreno.jpg\",\"width\":1024,\"height\":575,\"caption\":\"estrenos series\"},{\"@type\":\"BreadcrumbList\",\"@id\":\"https:\/\/www.movistar.es\/blog\/movistar-plus\/proximos-estrenos-series-movistar-plus\/#breadcrumb\",\"itemListElement\":[{\"@type\":\"ListItem\",\"position\":1,\"name\":\"Home\",\"item\":\"https:\/\/www.movistar.es\/blog\/\"},{\"@type\":\"ListItem\",\"position\":2,\"name\":\"Pr\u00f3ximos estrenos de series en Movistar Plus+: lo que no puedes perderte\"}]},{\"@type\":\"WebSite\",\"@id\":\"https:\/\/www.movistar.es\/blog\/#website\",\"url\":\"https:\/\/www.movistar.es\/blog\/\",\"name\":\"Movistar blog\",\"description\":\"Movistar Blog. Informaci\u00f3n y m\u00e1s sobre los productos y servicios de Movistar\",\"publisher\":{\"@id\":\"https:\/\/www.movistar.es\/blog\/#organization\"},\"potentialAction\":[{\"@type\":\"SearchAction\",\"target\":{\"@type\":\"EntryPoint\",\"urlTemplate\":\"https:\/\/www.movistar.es\/blog\/?s={search_term_string}\"},\"query-input\":{\"@type\":\"PropertyValueSpecification\",\"valueRequired\":true,\"valueName\":\"search_term_string\"}}],\"inLanguage\":\"es\"},{\"@type\":\"Organization\",\"@id\":\"https:\/\/www.movistar.es\/blog\/#organization\",\"name\":\"Movistar blog\",\"url\":\"https:\/\/www.movistar.es\/blog\/\",\"logo\":{\"@type\":\"ImageObject\",\"inLanguage\":\"es\",\"@id\":\"https:\/\/www.movistar.es\/blog\/#\/schema\/logo\/image\/\",\"url\":\"https:\/\/www.movistar.es\/blog\/wp-content\/uploads\/sites\/3\/2022\/05\/logo_movistar-1.svg\",\"contentUrl\":\"https:\/\/www.movistar.es\/blog\/wp-content\/uploads\/sites\/3\/2022\/05\/logo_movistar-1.svg\",\"width\":369,\"height\":272,\"caption\":\"Movistar blog\"},\"image\":{\"@id\":\"https:\/\/www.movistar.es\/blog\/#\/schema\/logo\/image\/\"}},{\"@type\":\"Person\",\"@id\":\"https:\/\/www.movistar.es\/blog\/#\/schema\/person\/6184006f5def4638e52e2d0ff98bd55a\",\"name\":\"Equipo de Redacci\u00f3n\",\"image\":{\"@type\":\"ImageObject\",\"inLanguage\":\"es\",\"@id\":\"https:\/\/www.movistar.es\/blog\/#\/schema\/person\/image\/8dbf7dc767c23aa5f974d575dda930c5\",\"url\":\"https:\/\/secure.gravatar.com\/avatar\/ce5aadad84c2aeb36c9813c46e41a53b0c9cc1d57205e8cde4bdf0ed790b3c97\",\"contentUrl\":\"https:\/\/secure.gravatar.com\/avatar\/ce5aadad84c2aeb36c9813c46e41a53b0c9cc1d57205e8cde4bdf0ed790b3c97\",\"caption\":\"Equipo de Redacci\u00f3n\"},\"description\":\"Buscamos temas de tu inter\u00e9s. Te contamos c\u00f3mo pueden ayudarte en tu d\u00eda a d\u00eda los productos y servicios de Movistar. No queremos venderte nada. Queremos descubrirte cosas para hacerte la vida m\u00e1s f\u00e1cil.\",\"sameAs\":[\"https:\/\/www.movistar.es\/\",\"movistar.es\/\",\"https:\/\/www.instagram.com\/movistar_es\/?hl=es\",\"https:\/\/x.com\/movistar_es\"],\"knowsAbout\":[\"smartphones\",\"conectividad\",\"hogar digital\",\"ciberseguridad\"],\"url\":\"https:\/\/www.movistar.es\/blog\/author\/contentmovistar\/\"}]}<\/script>\n<!-- \/ Yoast SEO Premium plugin. -->","yoast_head_json":{"title":"Estrenos series: No te pierdas las pr\u00f3ximas novedades en Movistar Plus+","description":"Repasamos los pr\u00f3ximos estrenos de series en Movistar Plus+ y hablamos acerca de algunas de las que no te puedes perder.","robots":{"index":"index","follow":"follow","max-snippet":"max-snippet:-1","max-image-preview":"max-image-preview:large","max-video-preview":"max-video-preview:-1"},"canonical":"https:\/\/www.movistar.es\/blog\/movistar-plus\/proximos-estrenos-series-movistar-plus\/","og_locale":"es_ES","og_type":"article","og_title":"Pr\u00f3ximos estrenos de series en Movistar Plus+: lo que no puedes perderte","og_description":"Repasamos los pr\u00f3ximos estrenos de series en Movistar Plus+ y hablamos acerca de algunas de las que no te puedes perder.","og_url":"https:\/\/www.movistar.es\/blog\/movistar-plus\/proximos-estrenos-series-movistar-plus\/","og_site_name":"Movistar blog","article_author":"movistar.es\/","article_published_time":"2023-08-30T09:00:00+00:00","article_modified_time":"2023-10-04T07:49:47+00:00","og_image":[{"width":1024,"height":575,"url":"https:\/\/www.movistar.es\/blog\/wp-content\/uploads\/sites\/3\/2023\/08\/la-mesias-los-javis-estreno.jpg","type":"image\/jpeg"}],"author":"Equipo de Redacci\u00f3n","twitter_card":"summary_large_image","twitter_creator":"@movistar_es","twitter_misc":{"Written by":"Equipo de Redacci\u00f3n","Est. reading time":"10 minutos"},"schema":{"@context":"https:\/\/schema.org","@graph":[{"@type":"Article","@id":"https:\/\/www.movistar.es\/blog\/movistar-plus\/proximos-estrenos-series-movistar-plus\/#article","isPartOf":{"@id":"https:\/\/www.movistar.es\/blog\/movistar-plus\/proximos-estrenos-series-movistar-plus\/"},"author":{"name":"Equipo de Redacci\u00f3n","@id":"https:\/\/www.movistar.es\/blog\/#\/schema\/person\/6184006f5def4638e52e2d0ff98bd55a"},"headline":"Pr\u00f3ximos estrenos de series en Movistar Plus+: lo que no puedes perderte","datePublished":"2023-08-30T09:00:00+00:00","dateModified":"2023-10-04T07:49:47+00:00","mainEntityOfPage":{"@id":"https:\/\/www.movistar.es\/blog\/movistar-plus\/proximos-estrenos-series-movistar-plus\/"},"wordCount":2154,"publisher":{"@id":"https:\/\/www.movistar.es\/blog\/#organization"},"image":{"@id":"https:\/\/www.movistar.es\/blog\/movistar-plus\/proximos-estrenos-series-movistar-plus\/#primaryimage"},"thumbnailUrl":"https:\/\/www.movistar.es\/blog\/wp-content\/uploads\/sites\/3\/2023\/08\/la-mesias-los-javis-estreno.jpg","inLanguage":"es"},{"@type":"WebPage","@id":"https:\/\/www.movistar.es\/blog\/movistar-plus\/proximos-estrenos-series-movistar-plus\/","url":"https:\/\/www.movistar.es\/blog\/movistar-plus\/proximos-estrenos-series-movistar-plus\/","name":"Estrenos series: No te pierdas las pr\u00f3ximas novedades en Movistar Plus+","isPartOf":{"@id":"https:\/\/www.movistar.es\/blog\/#website"},"primaryImageOfPage":{"@id":"https:\/\/www.movistar.es\/blog\/movistar-plus\/proximos-estrenos-series-movistar-plus\/#primaryimage"},"image":{"@id":"https:\/\/www.movistar.es\/blog\/movistar-plus\/proximos-estrenos-series-movistar-plus\/#primaryimage"},"thumbnailUrl":"https:\/\/www.movistar.es\/blog\/wp-content\/uploads\/sites\/3\/2023\/08\/la-mesias-los-javis-estreno.jpg","datePublished":"2023-08-30T09:00:00+00:00","dateModified":"2023-10-04T07:49:47+00:00","description":"Repasamos los pr\u00f3ximos estrenos de series en Movistar Plus+ y hablamos acerca de algunas de las que no te puedes perder.","breadcrumb":{"@id":"https:\/\/www.movistar.es\/blog\/movistar-plus\/proximos-estrenos-series-movistar-plus\/#breadcrumb"},"inLanguage":"es","potentialAction":[{"@type":"ReadAction","target":["https:\/\/www.movistar.es\/blog\/movistar-plus\/proximos-estrenos-series-movistar-plus\/"]}]},{"@type":"ImageObject","inLanguage":"es","@id":"https:\/\/www.movistar.es\/blog\/movistar-plus\/proximos-estrenos-series-movistar-plus\/#primaryimage","url":"https:\/\/www.movistar.es\/blog\/wp-content\/uploads\/sites\/3\/2023\/08\/la-mesias-los-javis-estreno.jpg","contentUrl":"https:\/\/www.movistar.es\/blog\/wp-content\/uploads\/sites\/3\/2023\/08\/la-mesias-los-javis-estreno.jpg","width":1024,"height":575,"caption":"estrenos series"},{"@type":"BreadcrumbList","@id":"https:\/\/www.movistar.es\/blog\/movistar-plus\/proximos-estrenos-series-movistar-plus\/#breadcrumb","itemListElement":[{"@type":"ListItem","position":1,"name":"Home","item":"https:\/\/www.movistar.es\/blog\/"},{"@type":"ListItem","position":2,"name":"Pr\u00f3ximos estrenos de series en Movistar Plus+: lo que no puedes perderte"}]},{"@type":"WebSite","@id":"https:\/\/www.movistar.es\/blog\/#website","url":"https:\/\/www.movistar.es\/blog\/","name":"Movistar blog","description":"Movistar Blog. Informaci\u00f3n y m\u00e1s sobre los productos y servicios de Movistar","publisher":{"@id":"https:\/\/www.movistar.es\/blog\/#organization"},"potentialAction":[{"@type":"SearchAction","target":{"@type":"EntryPoint","urlTemplate":"https:\/\/www.movistar.es\/blog\/?s={search_term_string}"},"query-input":{"@type":"PropertyValueSpecification","valueRequired":true,"valueName":"search_term_string"}}],"inLanguage":"es"},{"@type":"Organization","@id":"https:\/\/www.movistar.es\/blog\/#organization","name":"Movistar blog","url":"https:\/\/www.movistar.es\/blog\/","logo":{"@type":"ImageObject","inLanguage":"es","@id":"https:\/\/www.movistar.es\/blog\/#\/schema\/logo\/image\/","url":"https:\/\/www.movistar.es\/blog\/wp-content\/uploads\/sites\/3\/2022\/05\/logo_movistar-1.svg","contentUrl":"https:\/\/www.movistar.es\/blog\/wp-content\/uploads\/sites\/3\/2022\/05\/logo_movistar-1.svg","width":369,"height":272,"caption":"Movistar blog"},"image":{"@id":"https:\/\/www.movistar.es\/blog\/#\/schema\/logo\/image\/"}},{"@type":"Person","@id":"https:\/\/www.movistar.es\/blog\/#\/schema\/person\/6184006f5def4638e52e2d0ff98bd55a","name":"Equipo de Redacci\u00f3n","image":{"@type":"ImageObject","inLanguage":"es","@id":"https:\/\/www.movistar.es\/blog\/#\/schema\/person\/image\/8dbf7dc767c23aa5f974d575dda930c5","url":"https:\/\/secure.gravatar.com\/avatar\/ce5aadad84c2aeb36c9813c46e41a53b0c9cc1d57205e8cde4bdf0ed790b3c97","contentUrl":"https:\/\/secure.gravatar.com\/avatar\/ce5aadad84c2aeb36c9813c46e41a53b0c9cc1d57205e8cde4bdf0ed790b3c97","caption":"Equipo de Redacci\u00f3n"},"description":"Buscamos temas de tu inter\u00e9s. Te contamos c\u00f3mo pueden ayudarte en tu d\u00eda a d\u00eda los productos y servicios de Movistar. No queremos venderte nada. Queremos descubrirte cosas para hacerte la vida m\u00e1s f\u00e1cil.","sameAs":["https:\/\/www.movistar.es\/","movistar.es\/","https:\/\/www.instagram.com\/movistar_es\/?hl=es","https:\/\/x.com\/movistar_es"],"knowsAbout":["smartphones","conectividad","hogar digital","ciberseguridad"],"url":"https:\/\/www.movistar.es\/blog\/author\/contentmovistar\/"}]}},"jetpack_featured_media_url":"https:\/\/www.movistar.es\/blog\/wp-content\/uploads\/sites\/3\/2023\/08\/la-mesias-los-javis-estreno.jpg","jetpack_sharing_enabled":true,"_links":{"self":[{"href":"https:\/\/www.movistar.es\/blog\/wp-json\/wp\/v2\/posts\/12644","targetHints":{"allow":["GET"]}}],"collection":[{"href":"https:\/\/www.movistar.es\/blog\/wp-json\/wp\/v2\/posts"}],"about":[{"href":"https:\/\/www.movistar.es\/blog\/wp-json\/wp\/v2\/types\/post"}],"author":[{"embeddable":true,"href":"https:\/\/www.movistar.es\/blog\/wp-json\/wp\/v2\/users\/93"}],"replies":[{"embeddable":true,"href":"https:\/\/www.movistar.es\/blog\/wp-json\/wp\/v2\/comments?post=12644"}],"version-history":[{"count":25,"href":"https:\/\/www.movistar.es\/blog\/wp-json\/wp\/v2\/posts\/12644\/revisions"}],"predecessor-version":[{"id":17864,"href":"https:\/\/www.movistar.es\/blog\/wp-json\/wp\/v2\/posts\/12644\/revisions\/17864"}],"wp:featuredmedia":[{"embeddable":true,"href":"https:\/\/www.movistar.es\/blog\/wp-json\/wp\/v2\/media\/17862"}],"wp:attachment":[{"href":"https:\/\/www.movistar.es\/blog\/wp-json\/wp\/v2\/media?parent=12644"}],"wp:term":[{"taxonomy":"category","embeddable":true,"href":"https:\/\/www.movistar.es\/blog\/wp-json\/wp\/v2\/categories?post=12644"},{"taxonomy":"post_tag","embeddable":true,"href":"https:\/\/www.movistar.es\/blog\/wp-json\/wp\/v2\/tags?post=12644"},{"taxonomy":"area","embeddable":true,"href":"https:\/\/www.movistar.es\/blog\/wp-json\/wp\/v2\/area?post=12644"},{"taxonomy":"cluster","embeddable":true,"href":"https:\/\/www.movistar.es\/blog\/wp-json\/wp\/v2\/cluster?post=12644"},{"taxonomy":"linea_editorial","embeddable":true,"href":"https:\/\/www.movistar.es\/blog\/wp-json\/wp\/v2\/linea_editorial?post=12644"},{"taxonomy":"author","embeddable":true,"href":"https:\/\/www.movistar.es\/blog\/wp-json\/wp\/v2\/coauthors?post=12644"}],"curies":[{"name":"wp","href":"https:\/\/api.w.org\/{rel}","templated":true}]}}