{"id":12487,"date":"2023-04-05T18:05:28","date_gmt":"2023-04-05T16:05:28","guid":{"rendered":"https:\/\/www.movistar.es\/blog\/?p=12487"},"modified":"2023-04-10T11:20:16","modified_gmt":"2023-04-10T09:20:16","slug":"5g-arte-digital","status":"publish","type":"post","link":"https:\/\/www.movistar.es\/blog\/5g\/5g-arte-digital\/","title":{"rendered":"El 5G y sus posibilidades para el arte digital"},"content":{"rendered":"\n<p>El <strong><a href=\"https:\/\/www.movistar.es\/blog\/5g\/\" target=\"_blank\" rel=\"noreferrer noopener\">5G<\/a> <\/strong>es una tecnolog\u00eda cada vez m\u00e1s presente en nuestro d\u00eda a d\u00eda en Espa\u00f1a. El despliegue de estas redes est\u00e1 cada vez m\u00e1s extendido y, aunque habitualmente el gran p\u00fablico lo vincula con los m\u00f3viles 5G, tiene muchas posibilidades m\u00e1s all\u00e1, como por ejemplo en el <strong>arte digital.<\/strong><\/p>\n\n\n\n<p>Con las <a href=\"https:\/\/www.movistar.es\/blog\/5g\/conectividad-5g-ocio-sanidad-movilidad\/\" target=\"_blank\" rel=\"noreferrer noopener\">redes 5G<\/a> se abren un <strong>sinf\u00edn de posibilidades<\/strong> para creadores, p\u00fablico y expositores que har\u00e1n que esta tecnolog\u00eda juegue un papel fundamental en el futuro a corto, medio y largo plazo del arte. Y no solo puede beneficiarse en su vertiente digital, sino tambi\u00e9n desde la perspectiva m\u00e1s tradicional.<\/p>\n\n\n\n<p>Hay mucho por explorar y en los pr\u00f3ximos a\u00f1os habr\u00e1 todo tipo de iniciativas en este sentido. Pero desde hace un lustro ya hemos podido ver algunos <strong>casos de uso<\/strong> interesantes a lo largo del mundo que incluyen todo tipo de arte, muchas veces incluso de forma combinada.<\/p>\n\n\n\n<h2 class=\"wp-block-heading\" id=\"h-arte-digital-y-urbano-con-el-5g\">Arte digital y urbano con el 5G<\/h2>\n\n\n\n<p>En Nueva Zelanda tuvimos una vuelta de tuerca al concepto tradicional del museo, ya que se lanz\u00f3 el <strong>museo interactivo <a href=\"https:\/\/www.spark.co.nz\/5g\/home\/street-museum\/\" target=\"_blank\" rel=\"noreferrer noopener\">5G Street<\/a><\/strong>. Se trata de una serie de experiencias de <strong>realidad aumentada<\/strong> (AR) que, ayudadas por el <strong>5G<\/strong>, llevaron el arte digital a las calles del pa\u00eds oce\u00e1nico.<\/p>\n\n\n\n<figure class=\"wp-block-image size-large\"><img loading=\"lazy\" decoding=\"async\" height=\"576\" width=\"1024\" src=\"https:\/\/www.movistar.es\/blog\/wp-content\/uploads\/sites\/3\/2023\/04\/Parris_5G20Street20Museum_RET_16x9.jpg?w=1024\" alt=\"5G Street Museum\" class=\"wp-image-12503\" srcset=\"https:\/\/www.movistar.es\/blog\/wp-content\/uploads\/sites\/3\/2023\/04\/Parris_5G20Street20Museum_RET_16x9.jpg 2000w, https:\/\/www.movistar.es\/blog\/wp-content\/uploads\/sites\/3\/2023\/04\/Parris_5G20Street20Museum_RET_16x9.jpg?resize=300,169 300w, https:\/\/www.movistar.es\/blog\/wp-content\/uploads\/sites\/3\/2023\/04\/Parris_5G20Street20Museum_RET_16x9.jpg?resize=768,432 768w, https:\/\/www.movistar.es\/blog\/wp-content\/uploads\/sites\/3\/2023\/04\/Parris_5G20Street20Museum_RET_16x9.jpg?resize=1024,576 1024w, https:\/\/www.movistar.es\/blog\/wp-content\/uploads\/sites\/3\/2023\/04\/Parris_5G20Street20Museum_RET_16x9.jpg?resize=1536,864 1536w\" sizes=\"auto, (max-width: 1024px) 100vw, 1024px\" \/><figcaption>5G Street Museum<\/figcaption><\/figure>\n\n\n\n<p>En Auckland, Hamilton, Wellington, Christchurch y Dunedin permitieron a los visitantes disfrutar de todo tipo de actividades. Entre estas se encontraban la danza, un mundo construido en AR, experiencias hist\u00f3ricas y tambi\u00e9n m\u00fasica, distintos tipos de arte que no acostumbran a converger en un museo tradicional. Una expresi\u00f3n perfecta del arte contempor\u00e1neo.<\/p>\n\n\n\n<h2 class=\"wp-block-heading\" class=\"wp-block-heading\" id=\"hologramas-esculturas-digitales-gracias-al-5g\">Hologramas: esculturas digitales gracias al 5G<\/h2>\n\n\n\n<p>La edici\u00f3n de 2023 del <strong>Mobile World Congress de Barcelona<\/strong> se celebr\u00f3 el pasado mes de febrero y en ella estuvo <strong>Telef\u00f3nica<\/strong>. En su <em>stand <\/em>ofreci\u00f3 cinco <a href=\"https:\/\/comunidad.movistar.es\/t5\/Blog-Movisfera\/Telef%C3%B3nica-en-el-MWC-2023-el-poder-de-las-telecomunicaciones\/ba-p\/4915276?pid=blogmovistar_5G_12487\" target=\"_blank\" rel=\"noreferrer noopener\">demostraciones <\/a>del poder transformador de las telecomunicaciones y la conectividad.<\/p>\n\n\n\n<p>Una de ellas era &#8216;<strong>Making Holographic Telepressence happen<\/strong>&#8216;. Se trata de un sistema de telepresencia hologr\u00e1fica en 3D, que permite combinar el 5G con el <em>edge computing <\/em>y la fibra para hacer una <strong>recreaci\u00f3n pr\u00e1cticamente instant\u00e1nea<\/strong> del usuario en forma de avatar 3D, apareciendo as\u00ed representado en el metaverso.<\/p>\n\n\n\n<figure class=\"wp-block-image size-full\"><img loading=\"lazy\" decoding=\"async\" width=\"998\" height=\"524\" src=\"https:\/\/www.movistar.es\/blog\/wp-content\/uploads\/sites\/3\/2023\/04\/Making-Holographic-Telepresence-happen.png\" alt=\"El arte digital tiene su extensi\u00f3n en la recreaci\u00f3n de personas de forma inmediata gracias al 5G\" class=\"wp-image-12488\" srcset=\"https:\/\/www.movistar.es\/blog\/wp-content\/uploads\/sites\/3\/2023\/04\/Making-Holographic-Telepresence-happen.png 998w, https:\/\/www.movistar.es\/blog\/wp-content\/uploads\/sites\/3\/2023\/04\/Making-Holographic-Telepresence-happen.png?resize=300,158 300w, https:\/\/www.movistar.es\/blog\/wp-content\/uploads\/sites\/3\/2023\/04\/Making-Holographic-Telepresence-happen.png?resize=768,403 768w\" sizes=\"auto, (max-width: 998px) 100vw, 998px\" \/><\/figure>\n\n\n\n<p>No solo se trata de una posibilidad interesante de cara a conectar personas y a llevar las reuniones un paso m\u00e1s all\u00e1. Tambi\u00e9n tiene su impacto en el mundo del arte digital. Con esta combinaci\u00f3n de tecnolog\u00edas ser\u00e1 una cuesti\u00f3n de segundos recrear una especie de escultura de cualquier elemento que se capture con las c\u00e1maras.<\/p>\n\n\n\n<h2 class=\"wp-block-heading\" class=\"wp-block-heading\" id=\"los-conciertos-colaborativos-en-tiempo-real-otro-tipo-de-arte-digital\">Los conciertos colaborativos en tiempo real, otro tipo de arte digital<\/h2>\n\n\n\n<p>Las redes 5G permiten transmitir enormes cantidades de informaci\u00f3n de manera casi instant\u00e1nea. As\u00ed, evitamos las limitaciones geogr\u00e1ficas tanto del artista como del espectador, algo clave en un mundo globalmente conectado en el que la distinta importa cada vez menos.<\/p>\n\n\n\n<p>Aunque ya hace a\u00f1os que las videoconferencias son pr\u00e1cticamente en tiempo real, el 5G permite reducir l<strong>a latencia al m\u00ednimo<\/strong> y, con ello, aventurarse a experiencias m\u00e1s arriesgadas. As\u00ed, han sido posibles conciertos en los que los m\u00fasicos pueden tocar desde distintos lugares y mantenerse sincronizados siguiendo el ritmo, dando una nueva perspectiva al arte digital.<\/p>\n\n\n\n<h2 class=\"wp-block-heading\" class=\"wp-block-heading\" id=\"telefonica-impulsando-la-conectividad-5g\">Telef\u00f3nica, impulsando la conectividad 5G<\/h2>\n\n\n\n<p>Telef\u00f3nica lanz\u00f3 en 2018 el proyecto <strong>Ciudades Tecnol\u00f3gicas 5G<\/strong>, una iniciativa pionera en Espa\u00f1a con la que busca impulsar la implementaci\u00f3n de esta tecnolog\u00eda. Desde entonces, ha puesto en marcha numerosos proyectos para desarrollar sus posibilidades t\u00e9cnicas.<\/p>\n\n\n\n<p>El resultado de dicha iniciativa han sido <strong>numerosos pilotos<\/strong> en diversos \u00e1mbitos de actividad. Algunos son la industria 4.0, <em>ehealt<\/em>h, coche conectado, infraestructura y transporte, turismo o medios de comunicaci\u00f3n. Puedes consultar todos estos casos de uso pinchando en este <a href=\"https:\/\/www.telefonica.es\/es\/servicios\/casos-de-uso-5g\/?pid=blogmovistar_5G_12487\" target=\"_blank\" rel=\"noreferrer noopener\">enlace<\/a>.<\/p>\n\n\n\n<p>Si quieres disfrutar del mejor 5G, <a href=\"https:\/\/www.movistar.es\/particulares\/coberturas\/movil\/5G\/?pid=blogmovistar_5G_12487\" target=\"_blank\" rel=\"noreferrer noopener\">contr\u00e1talo<\/a> con Movistar. Dispone de una oferta l\u00edder de hiperconectividad en Europa combinando el 5G y la mayor red de fibra \u00f3ptica de Espa\u00f1a. \u00bfA qu\u00e9 esperas?<\/p>\n","protected":false},"excerpt":{"rendered":"<p>El 5G es una tecnolog\u00eda cada vez m\u00e1s presente en nuestro d\u00eda a d\u00eda en Espa\u00f1a. El despliegue de estas redes est\u00e1 cada vez m\u00e1s extendido y, aunque habitualmente el gran p\u00fablico lo vincula con [&hellip;]<\/p>\n","protected":false},"author":93,"featured_media":12512,"comment_status":"closed","ping_status":"closed","sticky":false,"template":"","format":"standard","meta":{"site-sidebar-layout":"default","site-content-layout":"","ast-site-content-layout":"","site-content-style":"default","site-sidebar-style":"default","ast-global-header-display":"","ast-banner-title-visibility":"","ast-main-header-display":"","ast-hfb-above-header-display":"","ast-hfb-below-header-display":"","ast-hfb-mobile-header-display":"","site-post-title":"","ast-breadcrumbs-content":"","ast-featured-img":"","footer-sml-layout":"","theme-transparent-header-meta":"","adv-header-id-meta":"","stick-header-meta":"","header-above-stick-meta":"","header-main-stick-meta":"","header-below-stick-meta":"","astra-migrate-meta-layouts":"default","ast-page-background-enabled":"default","ast-page-background-meta":{"desktop":{"background-color":"var(--ast-global-color-4)","background-image":"","background-repeat":"repeat","background-position":"center center","background-size":"auto","background-attachment":"scroll","background-type":"","background-media":"","overlay-type":"","overlay-color":"","overlay-opacity":"","overlay-gradient":""},"tablet":{"background-color":"","background-image":"","background-repeat":"repeat","background-position":"center center","background-size":"auto","background-attachment":"scroll","background-type":"","background-media":"","overlay-type":"","overlay-color":"","overlay-opacity":"","overlay-gradient":""},"mobile":{"background-color":"","background-image":"","background-repeat":"repeat","background-position":"center center","background-size":"auto","background-attachment":"scroll","background-type":"","background-media":"","overlay-type":"","overlay-color":"","overlay-opacity":"","overlay-gradient":""}},"ast-content-background-meta":{"desktop":{"background-color":"var(--ast-global-color-5)","background-image":"","background-repeat":"repeat","background-position":"center center","background-size":"auto","background-attachment":"scroll","background-type":"","background-media":"","overlay-type":"","overlay-color":"","overlay-opacity":"","overlay-gradient":""},"tablet":{"background-color":"var(--ast-global-color-5)","background-image":"","background-repeat":"repeat","background-position":"center center","background-size":"auto","background-attachment":"scroll","background-type":"","background-media":"","overlay-type":"","overlay-color":"","overlay-opacity":"","overlay-gradient":""},"mobile":{"background-color":"var(--ast-global-color-5)","background-image":"","background-repeat":"repeat","background-position":"center center","background-size":"auto","background-attachment":"scroll","background-type":"","background-media":"","overlay-type":"","overlay-color":"","overlay-opacity":"","overlay-gradient":""}},"_jetpack_memberships_contains_paid_content":false,"footnotes":""},"categories":[1],"tags":[],"area":[427],"cluster":[60],"linea_editorial":[],"coauthors":[467],"class_list":["post-12487","post","type-post","status-publish","format-standard","has-post-thumbnail","hentry","category-sin-categoria","area-gametv","cluster-5g"],"yoast_head":"<!-- This site is optimized with the Yoast SEO Premium plugin v25.5 (Yoast SEO v25.5) - https:\/\/yoast.com\/wordpress\/plugins\/seo\/ -->\n<title>El arte digital con las posibilidades del 5G<\/title>\n<meta name=\"description\" content=\"El arte digital es uno de los grandes beneficiados de la llegada del 5G y los primeros casos de uso en todo el mundo ya lo demuestran.\" \/>\n<meta name=\"robots\" content=\"index, follow, max-snippet:-1, max-image-preview:large, max-video-preview:-1\" \/>\n<link rel=\"canonical\" href=\"https:\/\/www.movistar.es\/blog\/5g\/5g-arte-digital\/\" \/>\n<meta property=\"og:locale\" content=\"es_ES\" \/>\n<meta property=\"og:type\" content=\"article\" \/>\n<meta property=\"og:title\" content=\"El 5G y sus posibilidades para el arte digital\" \/>\n<meta property=\"og:description\" content=\"El arte digital es uno de los grandes beneficiados de la llegada del 5G y los primeros casos de uso en todo el mundo ya lo demuestran.\" \/>\n<meta property=\"og:url\" content=\"https:\/\/www.movistar.es\/blog\/5g\/5g-arte-digital\/\" \/>\n<meta property=\"og:site_name\" content=\"Movistar blog\" \/>\n<meta property=\"article:author\" content=\"movistar.es\/\" \/>\n<meta property=\"article:published_time\" content=\"2023-04-05T16:05:28+00:00\" \/>\n<meta property=\"article:modified_time\" content=\"2023-04-10T09:20:16+00:00\" \/>\n<meta name=\"author\" content=\"Equipo de Redacci\u00f3n\" \/>\n<meta name=\"twitter:card\" content=\"summary_large_image\" \/>\n<meta name=\"twitter:image\" content=\"https:\/\/www.movistar.es\/blog\/wp-content\/uploads\/sites\/3\/2023\/04\/Depositphotos_359137442_L.jpg\" \/>\n<meta name=\"twitter:creator\" content=\"@movistar_es\" \/>\n<meta name=\"twitter:label1\" content=\"Written by\" \/>\n\t<meta name=\"twitter:data1\" content=\"Equipo de Redacci\u00f3n\" \/>\n\t<meta name=\"twitter:label2\" content=\"Est. reading time\" \/>\n\t<meta name=\"twitter:data2\" content=\"4 minutos\" \/>\n<script type=\"application\/ld+json\" class=\"yoast-schema-graph\">{\"@context\":\"https:\/\/schema.org\",\"@graph\":[{\"@type\":\"Article\",\"@id\":\"https:\/\/www.movistar.es\/blog\/5g\/5g-arte-digital\/#article\",\"isPartOf\":{\"@id\":\"https:\/\/www.movistar.es\/blog\/5g\/5g-arte-digital\/\"},\"author\":{\"name\":\"Equipo de Redacci\u00f3n\",\"@id\":\"https:\/\/www.movistar.es\/blog\/#\/schema\/person\/6184006f5def4638e52e2d0ff98bd55a\"},\"headline\":\"El 5G y sus posibilidades para el arte digital\",\"datePublished\":\"2023-04-05T16:05:28+00:00\",\"dateModified\":\"2023-04-10T09:20:16+00:00\",\"mainEntityOfPage\":{\"@id\":\"https:\/\/www.movistar.es\/blog\/5g\/5g-arte-digital\/\"},\"wordCount\":691,\"publisher\":{\"@id\":\"https:\/\/www.movistar.es\/blog\/#organization\"},\"image\":{\"@id\":\"https:\/\/www.movistar.es\/blog\/5g\/5g-arte-digital\/#primaryimage\"},\"thumbnailUrl\":\"https:\/\/www.movistar.es\/blog\/wp-content\/uploads\/sites\/3\/2023\/04\/Depositphotos_359137442_L.jpg\",\"inLanguage\":\"es\"},{\"@type\":\"WebPage\",\"@id\":\"https:\/\/www.movistar.es\/blog\/5g\/5g-arte-digital\/\",\"url\":\"https:\/\/www.movistar.es\/blog\/5g\/5g-arte-digital\/\",\"name\":\"El arte digital con las posibilidades del 5G\",\"isPartOf\":{\"@id\":\"https:\/\/www.movistar.es\/blog\/#website\"},\"primaryImageOfPage\":{\"@id\":\"https:\/\/www.movistar.es\/blog\/5g\/5g-arte-digital\/#primaryimage\"},\"image\":{\"@id\":\"https:\/\/www.movistar.es\/blog\/5g\/5g-arte-digital\/#primaryimage\"},\"thumbnailUrl\":\"https:\/\/www.movistar.es\/blog\/wp-content\/uploads\/sites\/3\/2023\/04\/Depositphotos_359137442_L.jpg\",\"datePublished\":\"2023-04-05T16:05:28+00:00\",\"dateModified\":\"2023-04-10T09:20:16+00:00\",\"description\":\"El arte digital es uno de los grandes beneficiados de la llegada del 5G y los primeros casos de uso en todo el mundo ya lo demuestran.\",\"breadcrumb\":{\"@id\":\"https:\/\/www.movistar.es\/blog\/5g\/5g-arte-digital\/#breadcrumb\"},\"inLanguage\":\"es\",\"potentialAction\":[{\"@type\":\"ReadAction\",\"target\":[\"https:\/\/www.movistar.es\/blog\/5g\/5g-arte-digital\/\"]}]},{\"@type\":\"ImageObject\",\"inLanguage\":\"es\",\"@id\":\"https:\/\/www.movistar.es\/blog\/5g\/5g-arte-digital\/#primaryimage\",\"url\":\"https:\/\/www.movistar.es\/blog\/wp-content\/uploads\/sites\/3\/2023\/04\/Depositphotos_359137442_L.jpg\",\"contentUrl\":\"https:\/\/www.movistar.es\/blog\/wp-content\/uploads\/sites\/3\/2023\/04\/Depositphotos_359137442_L.jpg\",\"width\":2000,\"height\":1335},{\"@type\":\"BreadcrumbList\",\"@id\":\"https:\/\/www.movistar.es\/blog\/5g\/5g-arte-digital\/#breadcrumb\",\"itemListElement\":[{\"@type\":\"ListItem\",\"position\":1,\"name\":\"Home\",\"item\":\"https:\/\/www.movistar.es\/blog\/\"},{\"@type\":\"ListItem\",\"position\":2,\"name\":\"El 5G y sus posibilidades para el arte digital\"}]},{\"@type\":\"WebSite\",\"@id\":\"https:\/\/www.movistar.es\/blog\/#website\",\"url\":\"https:\/\/www.movistar.es\/blog\/\",\"name\":\"Movistar blog\",\"description\":\"Movistar Blog. Informaci\u00f3n y m\u00e1s sobre los productos y servicios de Movistar\",\"publisher\":{\"@id\":\"https:\/\/www.movistar.es\/blog\/#organization\"},\"potentialAction\":[{\"@type\":\"SearchAction\",\"target\":{\"@type\":\"EntryPoint\",\"urlTemplate\":\"https:\/\/www.movistar.es\/blog\/?s={search_term_string}\"},\"query-input\":{\"@type\":\"PropertyValueSpecification\",\"valueRequired\":true,\"valueName\":\"search_term_string\"}}],\"inLanguage\":\"es\"},{\"@type\":\"Organization\",\"@id\":\"https:\/\/www.movistar.es\/blog\/#organization\",\"name\":\"Movistar blog\",\"url\":\"https:\/\/www.movistar.es\/blog\/\",\"logo\":{\"@type\":\"ImageObject\",\"inLanguage\":\"es\",\"@id\":\"https:\/\/www.movistar.es\/blog\/#\/schema\/logo\/image\/\",\"url\":\"https:\/\/www.movistar.es\/blog\/wp-content\/uploads\/sites\/3\/2022\/05\/logo_movistar-1.svg\",\"contentUrl\":\"https:\/\/www.movistar.es\/blog\/wp-content\/uploads\/sites\/3\/2022\/05\/logo_movistar-1.svg\",\"width\":369,\"height\":272,\"caption\":\"Movistar blog\"},\"image\":{\"@id\":\"https:\/\/www.movistar.es\/blog\/#\/schema\/logo\/image\/\"}},{\"@type\":\"Person\",\"@id\":\"https:\/\/www.movistar.es\/blog\/#\/schema\/person\/6184006f5def4638e52e2d0ff98bd55a\",\"name\":\"Equipo de Redacci\u00f3n\",\"image\":{\"@type\":\"ImageObject\",\"inLanguage\":\"es\",\"@id\":\"https:\/\/www.movistar.es\/blog\/#\/schema\/person\/image\/8dbf7dc767c23aa5f974d575dda930c5\",\"url\":\"https:\/\/secure.gravatar.com\/avatar\/ce5aadad84c2aeb36c9813c46e41a53b0c9cc1d57205e8cde4bdf0ed790b3c97\",\"contentUrl\":\"https:\/\/secure.gravatar.com\/avatar\/ce5aadad84c2aeb36c9813c46e41a53b0c9cc1d57205e8cde4bdf0ed790b3c97\",\"caption\":\"Equipo de Redacci\u00f3n\"},\"description\":\"Buscamos temas de tu inter\u00e9s. Te contamos c\u00f3mo pueden ayudarte en tu d\u00eda a d\u00eda los productos y servicios de Movistar. No queremos venderte nada. Queremos descubrirte cosas para hacerte la vida m\u00e1s f\u00e1cil.\",\"sameAs\":[\"https:\/\/www.movistar.es\/\",\"movistar.es\/\",\"https:\/\/www.instagram.com\/movistar_es\/?hl=es\",\"https:\/\/x.com\/movistar_es\"],\"knowsAbout\":[\"smartphones\",\"conectividad\",\"hogar digital\",\"ciberseguridad\"],\"url\":\"https:\/\/www.movistar.es\/blog\/author\/contentmovistar\/\"}]}<\/script>\n<!-- \/ Yoast SEO Premium plugin. -->","yoast_head_json":{"title":"El arte digital con las posibilidades del 5G","description":"El arte digital es uno de los grandes beneficiados de la llegada del 5G y los primeros casos de uso en todo el mundo ya lo demuestran.","robots":{"index":"index","follow":"follow","max-snippet":"max-snippet:-1","max-image-preview":"max-image-preview:large","max-video-preview":"max-video-preview:-1"},"canonical":"https:\/\/www.movistar.es\/blog\/5g\/5g-arte-digital\/","og_locale":"es_ES","og_type":"article","og_title":"El 5G y sus posibilidades para el arte digital","og_description":"El arte digital es uno de los grandes beneficiados de la llegada del 5G y los primeros casos de uso en todo el mundo ya lo demuestran.","og_url":"https:\/\/www.movistar.es\/blog\/5g\/5g-arte-digital\/","og_site_name":"Movistar blog","article_author":"movistar.es\/","article_published_time":"2023-04-05T16:05:28+00:00","article_modified_time":"2023-04-10T09:20:16+00:00","author":"Equipo de Redacci\u00f3n","twitter_card":"summary_large_image","twitter_image":"https:\/\/www.movistar.es\/blog\/wp-content\/uploads\/sites\/3\/2023\/04\/Depositphotos_359137442_L.jpg","twitter_creator":"@movistar_es","twitter_misc":{"Written by":"Equipo de Redacci\u00f3n","Est. reading time":"4 minutos"},"schema":{"@context":"https:\/\/schema.org","@graph":[{"@type":"Article","@id":"https:\/\/www.movistar.es\/blog\/5g\/5g-arte-digital\/#article","isPartOf":{"@id":"https:\/\/www.movistar.es\/blog\/5g\/5g-arte-digital\/"},"author":{"name":"Equipo de Redacci\u00f3n","@id":"https:\/\/www.movistar.es\/blog\/#\/schema\/person\/6184006f5def4638e52e2d0ff98bd55a"},"headline":"El 5G y sus posibilidades para el arte digital","datePublished":"2023-04-05T16:05:28+00:00","dateModified":"2023-04-10T09:20:16+00:00","mainEntityOfPage":{"@id":"https:\/\/www.movistar.es\/blog\/5g\/5g-arte-digital\/"},"wordCount":691,"publisher":{"@id":"https:\/\/www.movistar.es\/blog\/#organization"},"image":{"@id":"https:\/\/www.movistar.es\/blog\/5g\/5g-arte-digital\/#primaryimage"},"thumbnailUrl":"https:\/\/www.movistar.es\/blog\/wp-content\/uploads\/sites\/3\/2023\/04\/Depositphotos_359137442_L.jpg","inLanguage":"es"},{"@type":"WebPage","@id":"https:\/\/www.movistar.es\/blog\/5g\/5g-arte-digital\/","url":"https:\/\/www.movistar.es\/blog\/5g\/5g-arte-digital\/","name":"El arte digital con las posibilidades del 5G","isPartOf":{"@id":"https:\/\/www.movistar.es\/blog\/#website"},"primaryImageOfPage":{"@id":"https:\/\/www.movistar.es\/blog\/5g\/5g-arte-digital\/#primaryimage"},"image":{"@id":"https:\/\/www.movistar.es\/blog\/5g\/5g-arte-digital\/#primaryimage"},"thumbnailUrl":"https:\/\/www.movistar.es\/blog\/wp-content\/uploads\/sites\/3\/2023\/04\/Depositphotos_359137442_L.jpg","datePublished":"2023-04-05T16:05:28+00:00","dateModified":"2023-04-10T09:20:16+00:00","description":"El arte digital es uno de los grandes beneficiados de la llegada del 5G y los primeros casos de uso en todo el mundo ya lo demuestran.","breadcrumb":{"@id":"https:\/\/www.movistar.es\/blog\/5g\/5g-arte-digital\/#breadcrumb"},"inLanguage":"es","potentialAction":[{"@type":"ReadAction","target":["https:\/\/www.movistar.es\/blog\/5g\/5g-arte-digital\/"]}]},{"@type":"ImageObject","inLanguage":"es","@id":"https:\/\/www.movistar.es\/blog\/5g\/5g-arte-digital\/#primaryimage","url":"https:\/\/www.movistar.es\/blog\/wp-content\/uploads\/sites\/3\/2023\/04\/Depositphotos_359137442_L.jpg","contentUrl":"https:\/\/www.movistar.es\/blog\/wp-content\/uploads\/sites\/3\/2023\/04\/Depositphotos_359137442_L.jpg","width":2000,"height":1335},{"@type":"BreadcrumbList","@id":"https:\/\/www.movistar.es\/blog\/5g\/5g-arte-digital\/#breadcrumb","itemListElement":[{"@type":"ListItem","position":1,"name":"Home","item":"https:\/\/www.movistar.es\/blog\/"},{"@type":"ListItem","position":2,"name":"El 5G y sus posibilidades para el arte digital"}]},{"@type":"WebSite","@id":"https:\/\/www.movistar.es\/blog\/#website","url":"https:\/\/www.movistar.es\/blog\/","name":"Movistar blog","description":"Movistar Blog. Informaci\u00f3n y m\u00e1s sobre los productos y servicios de Movistar","publisher":{"@id":"https:\/\/www.movistar.es\/blog\/#organization"},"potentialAction":[{"@type":"SearchAction","target":{"@type":"EntryPoint","urlTemplate":"https:\/\/www.movistar.es\/blog\/?s={search_term_string}"},"query-input":{"@type":"PropertyValueSpecification","valueRequired":true,"valueName":"search_term_string"}}],"inLanguage":"es"},{"@type":"Organization","@id":"https:\/\/www.movistar.es\/blog\/#organization","name":"Movistar blog","url":"https:\/\/www.movistar.es\/blog\/","logo":{"@type":"ImageObject","inLanguage":"es","@id":"https:\/\/www.movistar.es\/blog\/#\/schema\/logo\/image\/","url":"https:\/\/www.movistar.es\/blog\/wp-content\/uploads\/sites\/3\/2022\/05\/logo_movistar-1.svg","contentUrl":"https:\/\/www.movistar.es\/blog\/wp-content\/uploads\/sites\/3\/2022\/05\/logo_movistar-1.svg","width":369,"height":272,"caption":"Movistar blog"},"image":{"@id":"https:\/\/www.movistar.es\/blog\/#\/schema\/logo\/image\/"}},{"@type":"Person","@id":"https:\/\/www.movistar.es\/blog\/#\/schema\/person\/6184006f5def4638e52e2d0ff98bd55a","name":"Equipo de Redacci\u00f3n","image":{"@type":"ImageObject","inLanguage":"es","@id":"https:\/\/www.movistar.es\/blog\/#\/schema\/person\/image\/8dbf7dc767c23aa5f974d575dda930c5","url":"https:\/\/secure.gravatar.com\/avatar\/ce5aadad84c2aeb36c9813c46e41a53b0c9cc1d57205e8cde4bdf0ed790b3c97","contentUrl":"https:\/\/secure.gravatar.com\/avatar\/ce5aadad84c2aeb36c9813c46e41a53b0c9cc1d57205e8cde4bdf0ed790b3c97","caption":"Equipo de Redacci\u00f3n"},"description":"Buscamos temas de tu inter\u00e9s. Te contamos c\u00f3mo pueden ayudarte en tu d\u00eda a d\u00eda los productos y servicios de Movistar. No queremos venderte nada. Queremos descubrirte cosas para hacerte la vida m\u00e1s f\u00e1cil.","sameAs":["https:\/\/www.movistar.es\/","movistar.es\/","https:\/\/www.instagram.com\/movistar_es\/?hl=es","https:\/\/x.com\/movistar_es"],"knowsAbout":["smartphones","conectividad","hogar digital","ciberseguridad"],"url":"https:\/\/www.movistar.es\/blog\/author\/contentmovistar\/"}]}},"jetpack_featured_media_url":"https:\/\/www.movistar.es\/blog\/wp-content\/uploads\/sites\/3\/2023\/04\/Depositphotos_359137442_L.jpg","jetpack_sharing_enabled":true,"_links":{"self":[{"href":"https:\/\/www.movistar.es\/blog\/wp-json\/wp\/v2\/posts\/12487","targetHints":{"allow":["GET"]}}],"collection":[{"href":"https:\/\/www.movistar.es\/blog\/wp-json\/wp\/v2\/posts"}],"about":[{"href":"https:\/\/www.movistar.es\/blog\/wp-json\/wp\/v2\/types\/post"}],"author":[{"embeddable":true,"href":"https:\/\/www.movistar.es\/blog\/wp-json\/wp\/v2\/users\/93"}],"replies":[{"embeddable":true,"href":"https:\/\/www.movistar.es\/blog\/wp-json\/wp\/v2\/comments?post=12487"}],"version-history":[{"count":9,"href":"https:\/\/www.movistar.es\/blog\/wp-json\/wp\/v2\/posts\/12487\/revisions"}],"predecessor-version":[{"id":12506,"href":"https:\/\/www.movistar.es\/blog\/wp-json\/wp\/v2\/posts\/12487\/revisions\/12506"}],"wp:featuredmedia":[{"embeddable":true,"href":"https:\/\/www.movistar.es\/blog\/wp-json\/wp\/v2\/media\/12512"}],"wp:attachment":[{"href":"https:\/\/www.movistar.es\/blog\/wp-json\/wp\/v2\/media?parent=12487"}],"wp:term":[{"taxonomy":"category","embeddable":true,"href":"https:\/\/www.movistar.es\/blog\/wp-json\/wp\/v2\/categories?post=12487"},{"taxonomy":"post_tag","embeddable":true,"href":"https:\/\/www.movistar.es\/blog\/wp-json\/wp\/v2\/tags?post=12487"},{"taxonomy":"area","embeddable":true,"href":"https:\/\/www.movistar.es\/blog\/wp-json\/wp\/v2\/area?post=12487"},{"taxonomy":"cluster","embeddable":true,"href":"https:\/\/www.movistar.es\/blog\/wp-json\/wp\/v2\/cluster?post=12487"},{"taxonomy":"linea_editorial","embeddable":true,"href":"https:\/\/www.movistar.es\/blog\/wp-json\/wp\/v2\/linea_editorial?post=12487"},{"taxonomy":"author","embeddable":true,"href":"https:\/\/www.movistar.es\/blog\/wp-json\/wp\/v2\/coauthors?post=12487"}],"curies":[{"name":"wp","href":"https:\/\/api.w.org\/{rel}","templated":true}]}}