{"id":11813,"date":"2023-03-13T09:36:00","date_gmt":"2023-03-13T08:36:00","guid":{"rendered":"https:\/\/www.movistar.es\/blog\/?p=11813"},"modified":"2023-03-13T09:37:01","modified_gmt":"2023-03-13T08:37:01","slug":"que-es-sistema-alarma-sostenible","status":"publish","type":"post","link":"https:\/\/www.movistar.es\/blog\/alarmas\/que-es-sistema-alarma-sostenible\/","title":{"rendered":"\u00bfQu\u00e9 es un sistema de alarma sostenible?"},"content":{"rendered":"\n<p>Por fortuna, cada vez somos m\u00e1s conscientes de que todos debemos colaborar para mantener el medioambiente. Esto es tangible en casi todas las esferas de nuestra sociedad, incluyendo el mercado de las alarmas sostenibles.<\/p>\n\n\n\n<p>Precisamente, de eso vamos hablar hoy: de sistemas de alarmas sostenibles. A continuaci\u00f3n, explicaremos qu\u00e9 son, de la gesti\u00f3n de sus residuos y de c\u00f3mo Movistar Prosegur Alarmas apuesta por la <a href=\"https:\/\/www.movistar.es\/blog\/mi-movistar\/sostenibilidad-movistar\/\" target=\"_blank\" rel=\"noreferrer noopener\">sostenibilidad <\/a>en este campo.<\/p>\n\n\n\n<h2 class=\"wp-block-heading\" class=\"wp-block-heading\" id=\"cual-es-el-concepto-de-alarma-sostenible\">\u00bfCu\u00e1l es el concepto de \u2018alarma sostenible\u2019?<\/h2>\n\n\n\n<p>Antes de nada, debemos de atender al concepto de \u2018sostenibilidad\u2019. As\u00ed pues, la sostenibilidad es \u201csatisfacer las necesidades de la generaci\u00f3n presente sin comprometer la capacidad de las generaciones futuras para satisfacer sus propias necesidades\u201d.<\/p>\n\n\n\n<p>Teniendo esto en cuenta, una alarma sostenible es aquella que, adem\u00e1s de dar el servicio esperado cuando se instala una<a href=\"https:\/\/www.movistar.es\/blog\/alarmas\/sensores-de-movimiento-con-la-alarma-de-movistar-prosegur-alarmas-tecnologia-y-seguridad-para-tu-tranquilidad\/\" target=\"_blank\" rel=\"noreferrer noopener\"> alarma<\/a>, lleva a cabo un plan de tratamiento y reducci\u00f3n de los posibles residuos o emisiones que puedan darse durante dicho servicio.<\/p>\n\n\n\n<p>Adem\u00e1s de eso, una alarma que pretende ser sostenible ha de cumplir con alg\u00fan est\u00e1ndar ambiental como puede ser la <a href=\"https:\/\/www.fao.org\/3\/ad818s\/ad818s08.htm#:~:text=La%20norma%20ISO%2014001%20exige,cualquier%20cambio%20y%20avance%20realizado.\" target=\"_blank\" rel=\"noreferrer noopener\">Norma ISO 14001<\/a>. Se trata de una normativa que, a nivel internacional, gu\u00eda de forma pr\u00e1ctica a las organizaciones y negocios para identificar y evaluar los riesgos ambientales de las mismas, para poder reducir su impacto ambiental a medio y largo plazo.<\/p>\n\n\n\n<p>La certificaci\u00f3n ISO 14001 demuestra que la organizaci\u00f3n certificada (como es el caso de Movistar Prosegur Alarmas) ha seguido la normativa mencionada. Tambi\u00e9n demuestra que se&nbsp; cumplen los compromisos asumidos para la protecci\u00f3n ambiental a trav\u00e9s de la gesti\u00f3n de riesgos asociados a las actividades que desarrollamos, garantizando a nuestros clientes que cumplimos con la legislaci\u00f3n ambiental aplicable y minimizando nuestro impacto.<\/p>\n\n\n\n<h2 class=\"wp-block-heading\" class=\"wp-block-heading\" id=\"como-es-la-economia-circular-en-el-negocio-de-las-alarmas-sostenibles\">\u00bfC\u00f3mo es la econom\u00eda circular en el negocio de las alarmas sostenibles?<\/h2>\n\n\n\n<p>La econom\u00eda circular se define como \u201cun modelo de producci\u00f3n y consumo que implica compartir, arrendar, reutilizar, reparar, renovar y reciclar los materiales y productos existentes durante el mayor tiempo posible\u201d.<\/p>\n\n\n\n<p>El negocio de las alarmas, <em>a priori<\/em>, no supone un gran impacto ambiental puesto que se trata de una prestaci\u00f3n de servicio. Sin embargo, Movistar Prosegur Alarmas se hace cargo de la correcta gesti\u00f3n de los residuos que se generan como consecuencia de la prestaci\u00f3n de sus servicios como pueden ser pilas, bater\u00edas, y <a href=\"https:\/\/ecolec.es\/informacion-y-recursos\/sobre-los-raee\/\" target=\"_blank\" rel=\"noreferrer noopener\">RAEEs<\/a> (residuos de aparatos electr\u00f3nicos y el\u00e9ctricos).&nbsp;<\/p>\n\n\n\n<figure class=\"wp-block-image size-large\"><img loading=\"lazy\" decoding=\"async\" height=\"819\" width=\"1024\" src=\"https:\/\/www.movistar.es\/blog\/wp-content\/uploads\/sites\/3\/2023\/03\/Depositphotos_132297054_XL.jpg?w=1024\" alt=\"alarma sostenible\" class=\"wp-image-11815\" srcset=\"https:\/\/www.movistar.es\/blog\/wp-content\/uploads\/sites\/3\/2023\/03\/Depositphotos_132297054_XL.jpg 5251w, https:\/\/www.movistar.es\/blog\/wp-content\/uploads\/sites\/3\/2023\/03\/Depositphotos_132297054_XL.jpg?resize=300,240 300w, https:\/\/www.movistar.es\/blog\/wp-content\/uploads\/sites\/3\/2023\/03\/Depositphotos_132297054_XL.jpg?resize=768,614 768w, https:\/\/www.movistar.es\/blog\/wp-content\/uploads\/sites\/3\/2023\/03\/Depositphotos_132297054_XL.jpg?resize=1024,819 1024w, https:\/\/www.movistar.es\/blog\/wp-content\/uploads\/sites\/3\/2023\/03\/Depositphotos_132297054_XL.jpg?resize=1536,1229 1536w, https:\/\/www.movistar.es\/blog\/wp-content\/uploads\/sites\/3\/2023\/03\/Depositphotos_132297054_XL.jpg?resize=2048,1638 2048w\" sizes=\"auto, (max-width: 1024px) 100vw, 1024px\" \/><figcaption><em>Foto de <a href=\"https:\/\/sp.depositphotos.com\/portfolio-1004764.html\" target=\"_blank\" rel=\"noreferrer noopener\">Bruesw<\/a><\/em><\/figcaption><\/figure>\n\n\n\n<p>Nuestro mayor punto de reciclaje es la Unidad de Recuperaci\u00f3n de Material (URM), en la que recuperamos los equipos usados, los evaluamos y ponemos a punto para darles una segunda vida \u00fatil.&nbsp;&nbsp;<\/p>\n\n\n\n<p>Para gestionar los residuos mencionados, Movistar Prosegur Alarmas tiene acuerdos de adhesi\u00f3n con las Fundaciones Medioambientales como <a href=\"https:\/\/www.ecopilas.es\/\" target=\"_blank\" rel=\"noreferrer noopener\">Ecopilas<\/a> y <a href=\"https:\/\/raee-asimelec.es\/\" target=\"_blank\" rel=\"noreferrer noopener\">Ecoasimilec<\/a>. Estas fundaciones se encargan de recoger las pilas y bater\u00edas de las delegaciones de Movistar Prosegur Alarmas y recuperar de ellas metales como hierro, zinc y plomo. Por poner un ejemplo, en el 2022 se gestionaron casi 100 toneladas de estos residuos, a trav\u00e9s de esta fundaci\u00f3n.&nbsp;<\/p>\n\n\n\n<h3 class=\"wp-block-heading\" class=\"wp-block-heading\" id=\"movistar-prosegur-alarmas-y-su-flota-de-vehiculos-electricos\">Movistar Prosegur Alarmas y su flota de veh\u00edculos el\u00e9ctricos<\/h3>\n\n\n\n<p>Merece la pena comentar que Movistar Prosegur Alarmas cuenta con su propia flota de veh\u00edculos el\u00e9ctricos. En ella, se seleccionan los veh\u00edculos teniendo en cuenta el cumplimiento de la \u00faltima normativa Euro VI, el menor consumo de combustible y la menor emisi\u00f3n directa de CO<sub>2<\/sub>.&nbsp;<\/p>\n\n\n\n<p>En 2022, 328 veh\u00edculos de nuestra flota est\u00e1n categorizados como ECO. Adicionalmente se est\u00e1n implementando pilotos con flota el\u00e9ctrica. En el \u00faltimo ejercicio, las emisiones directas de CO<sub>2<\/sub> han sido 4.886 toneladas.<\/p>\n\n\n\n<h2 class=\"wp-block-heading\" id=\"h-protegete-con-movistar-prosegur-alarmas\">Prot\u00e9gete con Movistar Prosegur Alarmas<\/h2>\n\n\n\n<p>Como has podido comprobar, Movistar Prosegur Alarmas no solo se preocupa por la seguridad de sus clientes, sino tambi\u00e9n por la del medioambiente.<\/p>\n\n\n\n<p><a href=\"https:\/\/www.movistar.es\/particulares\/movistar-prosegur-alarmas\/?pid=blogmovistar_alarmas_11813\" target=\"_blank\" rel=\"noreferrer noopener\">Pero, en lo que respecta a tu hogar, te ofrecemos un sistema de seguridad adaptado a tus necesidades espec\u00edficas, con un equipo de profesionales y servicios de primer nivel. Una alarma 360\u00ba en la que depositar tu tranquilidad y la de los tuyos.\u00a0<\/a><\/p>\n\n\n\n<p><em>Foto destacada por <a href=\"https:\/\/sp.depositphotos.com\/portfolio-1008648.html\" target=\"_blank\" rel=\"noreferrer noopener\">Sdecoret<\/a><\/em><\/p>\n","protected":false},"excerpt":{"rendered":"<p>Por fortuna, cada vez somos m\u00e1s conscientes de que todos debemos colaborar para mantener el medioambiente. Esto es tangible en casi todas las esferas de nuestra sociedad, incluyendo el mercado de las alarmas sostenibles. Precisamente, [&hellip;]<\/p>\n","protected":false},"author":129,"featured_media":11814,"comment_status":"closed","ping_status":"closed","sticky":false,"template":"","format":"standard","meta":{"site-sidebar-layout":"default","site-content-layout":"","ast-site-content-layout":"","site-content-style":"default","site-sidebar-style":"default","ast-global-header-display":"","ast-banner-title-visibility":"","ast-main-header-display":"","ast-hfb-above-header-display":"","ast-hfb-below-header-display":"","ast-hfb-mobile-header-display":"","site-post-title":"","ast-breadcrumbs-content":"","ast-featured-img":"","footer-sml-layout":"","theme-transparent-header-meta":"","adv-header-id-meta":"","stick-header-meta":"","header-above-stick-meta":"","header-main-stick-meta":"","header-below-stick-meta":"","astra-migrate-meta-layouts":"default","ast-page-background-enabled":"default","ast-page-background-meta":{"desktop":{"background-color":"var(--ast-global-color-4)","background-image":"","background-repeat":"repeat","background-position":"center center","background-size":"auto","background-attachment":"scroll","background-type":"","background-media":"","overlay-type":"","overlay-color":"","overlay-opacity":"","overlay-gradient":""},"tablet":{"background-color":"","background-image":"","background-repeat":"repeat","background-position":"center center","background-size":"auto","background-attachment":"scroll","background-type":"","background-media":"","overlay-type":"","overlay-color":"","overlay-opacity":"","overlay-gradient":""},"mobile":{"background-color":"","background-image":"","background-repeat":"repeat","background-position":"center center","background-size":"auto","background-attachment":"scroll","background-type":"","background-media":"","overlay-type":"","overlay-color":"","overlay-opacity":"","overlay-gradient":""}},"ast-content-background-meta":{"desktop":{"background-color":"var(--ast-global-color-5)","background-image":"","background-repeat":"repeat","background-position":"center center","background-size":"auto","background-attachment":"scroll","background-type":"","background-media":"","overlay-type":"","overlay-color":"","overlay-opacity":"","overlay-gradient":""},"tablet":{"background-color":"var(--ast-global-color-5)","background-image":"","background-repeat":"repeat","background-position":"center center","background-size":"auto","background-attachment":"scroll","background-type":"","background-media":"","overlay-type":"","overlay-color":"","overlay-opacity":"","overlay-gradient":""},"mobile":{"background-color":"var(--ast-global-color-5)","background-image":"","background-repeat":"repeat","background-position":"center center","background-size":"auto","background-attachment":"scroll","background-type":"","background-media":"","overlay-type":"","overlay-color":"","overlay-opacity":"","overlay-gradient":""}},"_jetpack_memberships_contains_paid_content":false,"footnotes":""},"categories":[1],"tags":[],"area":[427],"cluster":[341],"linea_editorial":[],"coauthors":[533],"class_list":["post-11813","post","type-post","status-publish","format-standard","has-post-thumbnail","hentry","category-sin-categoria","area-gametv","cluster-alarmas"],"yoast_head":"<!-- This site is optimized with the Yoast SEO Premium plugin v25.5 (Yoast SEO v25.5) - https:\/\/yoast.com\/wordpress\/plugins\/seo\/ -->\n<title>\u00bfQu\u00e9 es un sistema de alarma sostenible?<\/title>\n<meta name=\"description\" content=\"Explicamos en qu\u00e9 consiste un sistema de alarma sostenible y c\u00f3mo Movistar Prosegur Alarmas apuesta por la sostenibilidad en este sentido.\" \/>\n<meta name=\"robots\" content=\"index, follow, max-snippet:-1, max-image-preview:large, max-video-preview:-1\" \/>\n<link rel=\"canonical\" href=\"https:\/\/www.movistar.es\/blog\/alarmas\/que-es-sistema-alarma-sostenible\/\" \/>\n<meta property=\"og:locale\" content=\"es_ES\" \/>\n<meta property=\"og:type\" content=\"article\" \/>\n<meta property=\"og:title\" content=\"\u00bfQu\u00e9 es un sistema de alarma sostenible?\" \/>\n<meta property=\"og:description\" content=\"Explicamos en qu\u00e9 consiste un sistema de alarma sostenible y c\u00f3mo Movistar Prosegur Alarmas apuesta por la sostenibilidad en este sentido.\" \/>\n<meta property=\"og:url\" content=\"https:\/\/www.movistar.es\/blog\/alarmas\/que-es-sistema-alarma-sostenible\/\" \/>\n<meta property=\"og:site_name\" content=\"Movistar blog\" \/>\n<meta property=\"article:published_time\" content=\"2023-03-13T08:36:00+00:00\" \/>\n<meta property=\"article:modified_time\" content=\"2023-03-13T08:37:01+00:00\" \/>\n<meta name=\"author\" content=\"Movistar Prosegur Alarmas\" \/>\n<meta name=\"twitter:card\" content=\"summary_large_image\" \/>\n<meta name=\"twitter:image\" content=\"https:\/\/www.movistar.es\/blog\/wp-content\/uploads\/sites\/3\/2023\/03\/Depositphotos_188097152_L.jpg\" \/>\n<meta name=\"twitter:label1\" content=\"Written by\" \/>\n\t<meta name=\"twitter:data1\" content=\"Movistar Prosegur Alarmas\" \/>\n\t<meta name=\"twitter:label2\" content=\"Est. reading time\" \/>\n\t<meta name=\"twitter:data2\" content=\"4 minutos\" \/>\n<script type=\"application\/ld+json\" class=\"yoast-schema-graph\">{\"@context\":\"https:\/\/schema.org\",\"@graph\":[{\"@type\":\"Article\",\"@id\":\"https:\/\/www.movistar.es\/blog\/alarmas\/que-es-sistema-alarma-sostenible\/#article\",\"isPartOf\":{\"@id\":\"https:\/\/www.movistar.es\/blog\/alarmas\/que-es-sistema-alarma-sostenible\/\"},\"author\":{\"name\":\"Movistar Prosegur Alarmas\",\"@id\":\"https:\/\/www.movistar.es\/blog\/#\/schema\/person\/57036b7115b3023ef3bb4f167214fc9e\"},\"headline\":\"\u00bfQu\u00e9 es un sistema de alarma sostenible?\",\"datePublished\":\"2023-03-13T08:36:00+00:00\",\"dateModified\":\"2023-03-13T08:37:01+00:00\",\"mainEntityOfPage\":{\"@id\":\"https:\/\/www.movistar.es\/blog\/alarmas\/que-es-sistema-alarma-sostenible\/\"},\"wordCount\":697,\"publisher\":{\"@id\":\"https:\/\/www.movistar.es\/blog\/#organization\"},\"image\":{\"@id\":\"https:\/\/www.movistar.es\/blog\/alarmas\/que-es-sistema-alarma-sostenible\/#primaryimage\"},\"thumbnailUrl\":\"https:\/\/www.movistar.es\/blog\/wp-content\/uploads\/sites\/3\/2023\/03\/Depositphotos_188097152_L.jpg\",\"inLanguage\":\"es\"},{\"@type\":\"WebPage\",\"@id\":\"https:\/\/www.movistar.es\/blog\/alarmas\/que-es-sistema-alarma-sostenible\/\",\"url\":\"https:\/\/www.movistar.es\/blog\/alarmas\/que-es-sistema-alarma-sostenible\/\",\"name\":\"\u00bfQu\u00e9 es un sistema de alarma sostenible?\",\"isPartOf\":{\"@id\":\"https:\/\/www.movistar.es\/blog\/#website\"},\"primaryImageOfPage\":{\"@id\":\"https:\/\/www.movistar.es\/blog\/alarmas\/que-es-sistema-alarma-sostenible\/#primaryimage\"},\"image\":{\"@id\":\"https:\/\/www.movistar.es\/blog\/alarmas\/que-es-sistema-alarma-sostenible\/#primaryimage\"},\"thumbnailUrl\":\"https:\/\/www.movistar.es\/blog\/wp-content\/uploads\/sites\/3\/2023\/03\/Depositphotos_188097152_L.jpg\",\"datePublished\":\"2023-03-13T08:36:00+00:00\",\"dateModified\":\"2023-03-13T08:37:01+00:00\",\"description\":\"Explicamos en qu\u00e9 consiste un sistema de alarma sostenible y c\u00f3mo Movistar Prosegur Alarmas apuesta por la sostenibilidad en este sentido.\",\"breadcrumb\":{\"@id\":\"https:\/\/www.movistar.es\/blog\/alarmas\/que-es-sistema-alarma-sostenible\/#breadcrumb\"},\"inLanguage\":\"es\",\"potentialAction\":[{\"@type\":\"ReadAction\",\"target\":[\"https:\/\/www.movistar.es\/blog\/alarmas\/que-es-sistema-alarma-sostenible\/\"]}]},{\"@type\":\"ImageObject\",\"inLanguage\":\"es\",\"@id\":\"https:\/\/www.movistar.es\/blog\/alarmas\/que-es-sistema-alarma-sostenible\/#primaryimage\",\"url\":\"https:\/\/www.movistar.es\/blog\/wp-content\/uploads\/sites\/3\/2023\/03\/Depositphotos_188097152_L.jpg\",\"contentUrl\":\"https:\/\/www.movistar.es\/blog\/wp-content\/uploads\/sites\/3\/2023\/03\/Depositphotos_188097152_L.jpg\",\"width\":2000,\"height\":1087,\"caption\":\"Businessman on blurred background hloding renewable energy sketch\"},{\"@type\":\"BreadcrumbList\",\"@id\":\"https:\/\/www.movistar.es\/blog\/alarmas\/que-es-sistema-alarma-sostenible\/#breadcrumb\",\"itemListElement\":[{\"@type\":\"ListItem\",\"position\":1,\"name\":\"Home\",\"item\":\"https:\/\/www.movistar.es\/blog\/\"},{\"@type\":\"ListItem\",\"position\":2,\"name\":\"\u00bfQu\u00e9 es un sistema de alarma sostenible?\"}]},{\"@type\":\"WebSite\",\"@id\":\"https:\/\/www.movistar.es\/blog\/#website\",\"url\":\"https:\/\/www.movistar.es\/blog\/\",\"name\":\"Movistar blog\",\"description\":\"Movistar Blog. Informaci\u00f3n y m\u00e1s sobre los productos y servicios de Movistar\",\"publisher\":{\"@id\":\"https:\/\/www.movistar.es\/blog\/#organization\"},\"potentialAction\":[{\"@type\":\"SearchAction\",\"target\":{\"@type\":\"EntryPoint\",\"urlTemplate\":\"https:\/\/www.movistar.es\/blog\/?s={search_term_string}\"},\"query-input\":{\"@type\":\"PropertyValueSpecification\",\"valueRequired\":true,\"valueName\":\"search_term_string\"}}],\"inLanguage\":\"es\"},{\"@type\":\"Organization\",\"@id\":\"https:\/\/www.movistar.es\/blog\/#organization\",\"name\":\"Movistar blog\",\"url\":\"https:\/\/www.movistar.es\/blog\/\",\"logo\":{\"@type\":\"ImageObject\",\"inLanguage\":\"es\",\"@id\":\"https:\/\/www.movistar.es\/blog\/#\/schema\/logo\/image\/\",\"url\":\"https:\/\/www.movistar.es\/blog\/wp-content\/uploads\/sites\/3\/2022\/05\/logo_movistar-1.svg\",\"contentUrl\":\"https:\/\/www.movistar.es\/blog\/wp-content\/uploads\/sites\/3\/2022\/05\/logo_movistar-1.svg\",\"width\":369,\"height\":272,\"caption\":\"Movistar blog\"},\"image\":{\"@id\":\"https:\/\/www.movistar.es\/blog\/#\/schema\/logo\/image\/\"}},{\"@type\":\"Person\",\"@id\":\"https:\/\/www.movistar.es\/blog\/#\/schema\/person\/57036b7115b3023ef3bb4f167214fc9e\",\"name\":\"Movistar Prosegur Alarmas\",\"image\":{\"@type\":\"ImageObject\",\"inLanguage\":\"es\",\"@id\":\"https:\/\/www.movistar.es\/blog\/#\/schema\/person\/image\/ad2fff36a92aabc3347be3d16290d75e\",\"url\":\"https:\/\/secure.gravatar.com\/avatar\/dc14a59d298c95e1dca1571e7afcebf919611f342803427225d4fba9a2119a82\",\"contentUrl\":\"https:\/\/secure.gravatar.com\/avatar\/dc14a59d298c95e1dca1571e7afcebf919611f342803427225d4fba9a2119a82\",\"caption\":\"Movistar Prosegur Alarmas\"},\"description\":\"Unimos la tecnolog\u00eda y la innovaci\u00f3n a la experiencia en los servicios de alarma y seguridad. Te ofrecemos contenidos sobre todo ello, porque trabajamos d\u00eda a d\u00eda para garantizar tu tranquilidad. Dentro y fuera de casa.\",\"sameAs\":[\"https:\/\/web.movistar.es\/particulares\/promociones\/movistar-prosegur-alarmas_d\/\",\"https:\/\/www.linkedin.com\/company\/movistar-prosegur-alarmas\"],\"knowsAbout\":[\"alarmas\",\"seguridad\"],\"url\":\"https:\/\/www.movistar.es\/blog\/author\/movistarproseguralarmas\/\"}]}<\/script>\n<!-- \/ Yoast SEO Premium plugin. -->","yoast_head_json":{"title":"\u00bfQu\u00e9 es un sistema de alarma sostenible?","description":"Explicamos en qu\u00e9 consiste un sistema de alarma sostenible y c\u00f3mo Movistar Prosegur Alarmas apuesta por la sostenibilidad en este sentido.","robots":{"index":"index","follow":"follow","max-snippet":"max-snippet:-1","max-image-preview":"max-image-preview:large","max-video-preview":"max-video-preview:-1"},"canonical":"https:\/\/www.movistar.es\/blog\/alarmas\/que-es-sistema-alarma-sostenible\/","og_locale":"es_ES","og_type":"article","og_title":"\u00bfQu\u00e9 es un sistema de alarma sostenible?","og_description":"Explicamos en qu\u00e9 consiste un sistema de alarma sostenible y c\u00f3mo Movistar Prosegur Alarmas apuesta por la sostenibilidad en este sentido.","og_url":"https:\/\/www.movistar.es\/blog\/alarmas\/que-es-sistema-alarma-sostenible\/","og_site_name":"Movistar blog","article_published_time":"2023-03-13T08:36:00+00:00","article_modified_time":"2023-03-13T08:37:01+00:00","author":"Movistar Prosegur Alarmas","twitter_card":"summary_large_image","twitter_image":"https:\/\/www.movistar.es\/blog\/wp-content\/uploads\/sites\/3\/2023\/03\/Depositphotos_188097152_L.jpg","twitter_misc":{"Written by":"Movistar Prosegur Alarmas","Est. reading time":"4 minutos"},"schema":{"@context":"https:\/\/schema.org","@graph":[{"@type":"Article","@id":"https:\/\/www.movistar.es\/blog\/alarmas\/que-es-sistema-alarma-sostenible\/#article","isPartOf":{"@id":"https:\/\/www.movistar.es\/blog\/alarmas\/que-es-sistema-alarma-sostenible\/"},"author":{"name":"Movistar Prosegur Alarmas","@id":"https:\/\/www.movistar.es\/blog\/#\/schema\/person\/57036b7115b3023ef3bb4f167214fc9e"},"headline":"\u00bfQu\u00e9 es un sistema de alarma sostenible?","datePublished":"2023-03-13T08:36:00+00:00","dateModified":"2023-03-13T08:37:01+00:00","mainEntityOfPage":{"@id":"https:\/\/www.movistar.es\/blog\/alarmas\/que-es-sistema-alarma-sostenible\/"},"wordCount":697,"publisher":{"@id":"https:\/\/www.movistar.es\/blog\/#organization"},"image":{"@id":"https:\/\/www.movistar.es\/blog\/alarmas\/que-es-sistema-alarma-sostenible\/#primaryimage"},"thumbnailUrl":"https:\/\/www.movistar.es\/blog\/wp-content\/uploads\/sites\/3\/2023\/03\/Depositphotos_188097152_L.jpg","inLanguage":"es"},{"@type":"WebPage","@id":"https:\/\/www.movistar.es\/blog\/alarmas\/que-es-sistema-alarma-sostenible\/","url":"https:\/\/www.movistar.es\/blog\/alarmas\/que-es-sistema-alarma-sostenible\/","name":"\u00bfQu\u00e9 es un sistema de alarma sostenible?","isPartOf":{"@id":"https:\/\/www.movistar.es\/blog\/#website"},"primaryImageOfPage":{"@id":"https:\/\/www.movistar.es\/blog\/alarmas\/que-es-sistema-alarma-sostenible\/#primaryimage"},"image":{"@id":"https:\/\/www.movistar.es\/blog\/alarmas\/que-es-sistema-alarma-sostenible\/#primaryimage"},"thumbnailUrl":"https:\/\/www.movistar.es\/blog\/wp-content\/uploads\/sites\/3\/2023\/03\/Depositphotos_188097152_L.jpg","datePublished":"2023-03-13T08:36:00+00:00","dateModified":"2023-03-13T08:37:01+00:00","description":"Explicamos en qu\u00e9 consiste un sistema de alarma sostenible y c\u00f3mo Movistar Prosegur Alarmas apuesta por la sostenibilidad en este sentido.","breadcrumb":{"@id":"https:\/\/www.movistar.es\/blog\/alarmas\/que-es-sistema-alarma-sostenible\/#breadcrumb"},"inLanguage":"es","potentialAction":[{"@type":"ReadAction","target":["https:\/\/www.movistar.es\/blog\/alarmas\/que-es-sistema-alarma-sostenible\/"]}]},{"@type":"ImageObject","inLanguage":"es","@id":"https:\/\/www.movistar.es\/blog\/alarmas\/que-es-sistema-alarma-sostenible\/#primaryimage","url":"https:\/\/www.movistar.es\/blog\/wp-content\/uploads\/sites\/3\/2023\/03\/Depositphotos_188097152_L.jpg","contentUrl":"https:\/\/www.movistar.es\/blog\/wp-content\/uploads\/sites\/3\/2023\/03\/Depositphotos_188097152_L.jpg","width":2000,"height":1087,"caption":"Businessman on blurred background hloding renewable energy sketch"},{"@type":"BreadcrumbList","@id":"https:\/\/www.movistar.es\/blog\/alarmas\/que-es-sistema-alarma-sostenible\/#breadcrumb","itemListElement":[{"@type":"ListItem","position":1,"name":"Home","item":"https:\/\/www.movistar.es\/blog\/"},{"@type":"ListItem","position":2,"name":"\u00bfQu\u00e9 es un sistema de alarma sostenible?"}]},{"@type":"WebSite","@id":"https:\/\/www.movistar.es\/blog\/#website","url":"https:\/\/www.movistar.es\/blog\/","name":"Movistar blog","description":"Movistar Blog. Informaci\u00f3n y m\u00e1s sobre los productos y servicios de Movistar","publisher":{"@id":"https:\/\/www.movistar.es\/blog\/#organization"},"potentialAction":[{"@type":"SearchAction","target":{"@type":"EntryPoint","urlTemplate":"https:\/\/www.movistar.es\/blog\/?s={search_term_string}"},"query-input":{"@type":"PropertyValueSpecification","valueRequired":true,"valueName":"search_term_string"}}],"inLanguage":"es"},{"@type":"Organization","@id":"https:\/\/www.movistar.es\/blog\/#organization","name":"Movistar blog","url":"https:\/\/www.movistar.es\/blog\/","logo":{"@type":"ImageObject","inLanguage":"es","@id":"https:\/\/www.movistar.es\/blog\/#\/schema\/logo\/image\/","url":"https:\/\/www.movistar.es\/blog\/wp-content\/uploads\/sites\/3\/2022\/05\/logo_movistar-1.svg","contentUrl":"https:\/\/www.movistar.es\/blog\/wp-content\/uploads\/sites\/3\/2022\/05\/logo_movistar-1.svg","width":369,"height":272,"caption":"Movistar blog"},"image":{"@id":"https:\/\/www.movistar.es\/blog\/#\/schema\/logo\/image\/"}},{"@type":"Person","@id":"https:\/\/www.movistar.es\/blog\/#\/schema\/person\/57036b7115b3023ef3bb4f167214fc9e","name":"Movistar Prosegur Alarmas","image":{"@type":"ImageObject","inLanguage":"es","@id":"https:\/\/www.movistar.es\/blog\/#\/schema\/person\/image\/ad2fff36a92aabc3347be3d16290d75e","url":"https:\/\/secure.gravatar.com\/avatar\/dc14a59d298c95e1dca1571e7afcebf919611f342803427225d4fba9a2119a82","contentUrl":"https:\/\/secure.gravatar.com\/avatar\/dc14a59d298c95e1dca1571e7afcebf919611f342803427225d4fba9a2119a82","caption":"Movistar Prosegur Alarmas"},"description":"Unimos la tecnolog\u00eda y la innovaci\u00f3n a la experiencia en los servicios de alarma y seguridad. Te ofrecemos contenidos sobre todo ello, porque trabajamos d\u00eda a d\u00eda para garantizar tu tranquilidad. Dentro y fuera de casa.","sameAs":["https:\/\/web.movistar.es\/particulares\/promociones\/movistar-prosegur-alarmas_d\/","https:\/\/www.linkedin.com\/company\/movistar-prosegur-alarmas"],"knowsAbout":["alarmas","seguridad"],"url":"https:\/\/www.movistar.es\/blog\/author\/movistarproseguralarmas\/"}]}},"jetpack_featured_media_url":"https:\/\/www.movistar.es\/blog\/wp-content\/uploads\/sites\/3\/2023\/03\/Depositphotos_188097152_L.jpg","jetpack_sharing_enabled":true,"_links":{"self":[{"href":"https:\/\/www.movistar.es\/blog\/wp-json\/wp\/v2\/posts\/11813","targetHints":{"allow":["GET"]}}],"collection":[{"href":"https:\/\/www.movistar.es\/blog\/wp-json\/wp\/v2\/posts"}],"about":[{"href":"https:\/\/www.movistar.es\/blog\/wp-json\/wp\/v2\/types\/post"}],"author":[{"embeddable":true,"href":"https:\/\/www.movistar.es\/blog\/wp-json\/wp\/v2\/users\/129"}],"replies":[{"embeddable":true,"href":"https:\/\/www.movistar.es\/blog\/wp-json\/wp\/v2\/comments?post=11813"}],"version-history":[{"count":4,"href":"https:\/\/www.movistar.es\/blog\/wp-json\/wp\/v2\/posts\/11813\/revisions"}],"predecessor-version":[{"id":11862,"href":"https:\/\/www.movistar.es\/blog\/wp-json\/wp\/v2\/posts\/11813\/revisions\/11862"}],"wp:featuredmedia":[{"embeddable":true,"href":"https:\/\/www.movistar.es\/blog\/wp-json\/wp\/v2\/media\/11814"}],"wp:attachment":[{"href":"https:\/\/www.movistar.es\/blog\/wp-json\/wp\/v2\/media?parent=11813"}],"wp:term":[{"taxonomy":"category","embeddable":true,"href":"https:\/\/www.movistar.es\/blog\/wp-json\/wp\/v2\/categories?post=11813"},{"taxonomy":"post_tag","embeddable":true,"href":"https:\/\/www.movistar.es\/blog\/wp-json\/wp\/v2\/tags?post=11813"},{"taxonomy":"area","embeddable":true,"href":"https:\/\/www.movistar.es\/blog\/wp-json\/wp\/v2\/area?post=11813"},{"taxonomy":"cluster","embeddable":true,"href":"https:\/\/www.movistar.es\/blog\/wp-json\/wp\/v2\/cluster?post=11813"},{"taxonomy":"linea_editorial","embeddable":true,"href":"https:\/\/www.movistar.es\/blog\/wp-json\/wp\/v2\/linea_editorial?post=11813"},{"taxonomy":"author","embeddable":true,"href":"https:\/\/www.movistar.es\/blog\/wp-json\/wp\/v2\/coauthors?post=11813"}],"curies":[{"name":"wp","href":"https:\/\/api.w.org\/{rel}","templated":true}]}}